{"id":81,"date":"2022-09-22T10:22:14","date_gmt":"2022-09-22T10:22:14","guid":{"rendered":"https:\/\/cms.icacordoba.23sd.es\/index.php\/81\/"},"modified":"2025-07-25T08:09:48","modified_gmt":"2025-07-25T08:09:48","slug":"escuela-de-practica-juridica","status":"publish","type":"post","link":"https:\/\/cms.icacordoba.23sd.es\/index.php\/81\/","title":{"rendered":"ESCUELA DE PR\u00c1CTICA JUR\u00cdDICA"},"content":{"rendered":"\t\t<div data-elementor-type=\"wp-post\" data-elementor-id=\"81\" class=\"elementor elementor-81\" data-elementor-post-type=\"post\">\n\t\t\t\t\t\t<section class=\"elementor-section elementor-top-section elementor-element elementor-element-69f30d42 elementor-section-full_width elementor-section-height-default elementor-section-height-default\" data-id=\"69f30d42\" data-element_type=\"section\" data-e-type=\"section\">\n\t\t\t\t\t\t<div class=\"elementor-container elementor-column-gap-wider\">\n\t\t\t\t\t<div class=\"elementor-column elementor-col-50 elementor-top-column elementor-element elementor-element-16fd5865\" data-id=\"16fd5865\" data-element_type=\"column\" data-e-type=\"column\">\n\t\t\t<div class=\"elementor-widget-wrap elementor-element-populated\">\n\t\t\t\t\t\t<div class=\"elementor-element elementor-element-b830221 elementor-widget elementor-widget-heading\" data-id=\"b830221\" data-element_type=\"widget\" data-e-type=\"widget\" data-widget_type=\"heading.default\">\n\t\t\t\t<div class=\"elementor-widget-container\">\n\t\t\t\t\t<h3 class=\"elementor-heading-title elementor-size-default\">Escuela de Pr\u00e1ctica Jur\u00eddica \"Rafael Yllescas Melendo\"<\/h3>\t\t\t\t<\/div>\n\t\t\t\t<\/div>\n\t\t\t\t\t<\/div>\n\t\t<\/div>\n\t\t\t\t<div class=\"elementor-column elementor-col-50 elementor-top-column elementor-element elementor-element-604c11a6\" data-id=\"604c11a6\" data-element_type=\"column\" data-e-type=\"column\">\n\t\t\t<div class=\"elementor-widget-wrap elementor-element-populated\">\n\t\t\t\t\t\t<div class=\"elementor-element elementor-element-6c4d6d3b elementor-widget elementor-widget-spacer\" data-id=\"6c4d6d3b\" data-element_type=\"widget\" data-e-type=\"widget\" data-widget_type=\"spacer.default\">\n\t\t\t\t<div class=\"elementor-widget-container\">\n\t\t\t\t\t\t\t<div class=\"elementor-spacer\">\n\t\t\t<div class=\"elementor-spacer-inner\"><\/div>\n\t\t<\/div>\n\t\t\t\t\t\t<\/div>\n\t\t\t\t<\/div>\n\t\t\t\t\t<\/div>\n\t\t<\/div>\n\t\t\t\t\t<\/div>\n\t\t<\/section>\n\t\t\t\t<section class=\"elementor-section elementor-top-section elementor-element elementor-element-b3e1660 elementor-section-full_width elementor-section-height-default elementor-section-height-default\" data-id=\"b3e1660\" data-element_type=\"section\" data-e-type=\"section\">\n\t\t\t\t\t\t<div class=\"elementor-container elementor-column-gap-wider\">\n\t\t\t\t\t<div class=\"elementor-column elementor-col-50 elementor-top-column elementor-element elementor-element-1545770\" data-id=\"1545770\" data-element_type=\"column\" data-e-type=\"column\">\n\t\t\t<div class=\"elementor-widget-wrap elementor-element-populated\">\n\t\t\t\t\t\t<div class=\"elementor-element elementor-element-97fb2e2 elementor-widget elementor-widget-text-editor\" data-id=\"97fb2e2\" data-element_type=\"widget\" data-e-type=\"widget\" data-widget_type=\"text-editor.default\">\n\t\t\t\t<div class=\"elementor-widget-container\">\n\t\t\t\t\t\t\t\t\t<p>Las Escuelas de Pr\u00e1ctica Jur\u00eddica, como \u00f3rgano de formaci\u00f3n profesional de Abogados fueron creadas por Decreto de 2 de abril de 1955, actualiz\u00e1ndose su regulaci\u00f3n por Decreto 3311\/1970 de 12 de noviembre. El Colegio de Abogados de C\u00f3rdoba promovi\u00f3 la creaci\u00f3n de la de esta provincia, que se consigui\u00f3 mediante Decreto 843\/1981 de 27 de marzo \u201ccomo organismo incorporado a la Universidad de C\u00f3rdoba\u201d.<\/p>\n<p>En 1987, mediante Convenio con dicha Universidad, se le otorg\u00f3 la categor\u00eda de Centro Adscrito a la Universidad como Escuela de Especializaci\u00f3n Profesional jur\u00eddica, aprobando el programa de su Curso General de Formaci\u00f3n de Abogados y Procuradores.<\/p>\t\t\t\t\t\t\t\t<\/div>\n\t\t\t\t<\/div>\n\t\t\t\t\t<\/div>\n\t\t<\/div>\n\t\t\t\t<div class=\"elementor-column elementor-col-50 elementor-top-column elementor-element elementor-element-0e7a43f\" data-id=\"0e7a43f\" data-element_type=\"column\" data-e-type=\"column\">\n\t\t\t<div class=\"elementor-widget-wrap elementor-element-populated\">\n\t\t\t\t\t\t<div class=\"elementor-element elementor-element-d5bcb07 elementor-widget elementor-widget-text-editor\" data-id=\"d5bcb07\" data-element_type=\"widget\" data-e-type=\"widget\" data-widget_type=\"text-editor.default\">\n\t\t\t\t<div class=\"elementor-widget-container\">\n\t\t\t\t\t\t\t\t\t<p>Como hitos m\u00e1s recientes en su historia, su plan de estudios fue homologado por el Consejo General de la Abogac\u00eda Espa\u00f1ola; y en virtud de lo dispuesto en la Ley 34\/2006 de 30 de octubre de acceso a la profesi\u00f3n de abogado, y Real Decreto 775\/2011 de 3 de junio que la desarrolla, (especialmente su art\u00edculo 4-1-c), se celebr\u00f3 Convenio de colaboraci\u00f3n con la Universidad de C\u00f3rdoba de fecha 17 de febrero de 2012 para la impartici\u00f3n del Master Universitario en Abogac\u00eda; que fue aprobado por el Consejo de Universidades el 9 de enero de 2013.<\/p>\t\t\t\t\t\t\t\t<\/div>\n\t\t\t\t<\/div>\n\t\t\t\t\t<\/div>\n\t\t<\/div>\n\t\t\t\t\t<\/div>\n\t\t<\/section>\n\t\t\t\t<section class=\"elementor-section elementor-top-section elementor-element elementor-element-772dba6 elementor-section-boxed elementor-section-height-default elementor-section-height-default\" data-id=\"772dba6\" data-element_type=\"section\" data-e-type=\"section\">\n\t\t\t\t\t\t<div class=\"elementor-container elementor-column-gap-wider\">\n\t\t\t\t\t<div class=\"elementor-column elementor-col-50 elementor-top-column elementor-element elementor-element-359a9091\" data-id=\"359a9091\" data-element_type=\"column\" data-e-type=\"column\">\n\t\t\t<div class=\"elementor-widget-wrap elementor-element-populated\">\n\t\t\t\t\t\t<section class=\"elementor-section elementor-inner-section elementor-element elementor-element-23acf9e5 elementor-section-boxed elementor-section-height-default elementor-section-height-default\" data-id=\"23acf9e5\" data-element_type=\"section\" data-e-type=\"section\">\n\t\t\t\t\t\t<div class=\"elementor-container elementor-column-gap-default\">\n\t\t\t\t\t<div class=\"elementor-column elementor-col-100 elementor-inner-column elementor-element elementor-element-709d41b2\" data-id=\"709d41b2\" data-element_type=\"column\" data-e-type=\"column\">\n\t\t\t<div class=\"elementor-widget-wrap elementor-element-populated\">\n\t\t\t\t\t\t<div class=\"elementor-element elementor-element-4fdc30fa elementor-widget elementor-widget-heading\" data-id=\"4fdc30fa\" data-element_type=\"widget\" data-e-type=\"widget\" data-widget_type=\"heading.default\">\n\t\t\t\t<div class=\"elementor-widget-container\">\n\t\t\t\t\t<h5 class=\"elementor-heading-title elementor-size-default\"><a href=\"https:\/\/www.icacordoba.com\/Secciones\/master-universitario-en-abogacia-y-procura\" target=\"_blank\">Master Universitario en Abogac\u00eda<\/a><\/h5>\t\t\t\t<\/div>\n\t\t\t\t<\/div>\n\t\t\t\t<div class=\"elementor-element elementor-element-13580bf2 elementor-widget elementor-widget-text-editor\" data-id=\"13580bf2\" data-element_type=\"widget\" data-e-type=\"widget\" data-widget_type=\"text-editor.default\">\n\t\t\t\t<div class=\"elementor-widget-container\">\n\t\t\t\t\t\t\t\t\t<p>El Colegio de la Abogac\u00eda de C\u00f3rdoba y la Universidad de C\u00f3rdoba suscribieron el 17 de febrero de 2012, el convenio de colaboraci\u00f3n con el que se da cumplimiento a lo establecido en la Ley 34\/2006, de 30 de octubre, y su Reglamento de desarrollo, referente al acceso a las profesiones de Abogado y Procurador de los Tribunales, que exige la superaci\u00f3n de una formaci\u00f3n espec\u00edfica y una posterior evaluaci\u00f3n para la obtenci\u00f3n del t\u00edtulo profesional de abogado que capacite para el ejercicio de la profesi\u00f3n.<\/p><p><a href=\"https:\/\/www.icacordoba.com\/Secciones\/master-universitario-en-abogacia-y-procura\" target=\"_blank\" rel=\"noopener\">M\u00e1s informaci\u00f3n<\/a><\/p>\t\t\t\t\t\t\t\t<\/div>\n\t\t\t\t<\/div>\n\t\t\t\t\t<\/div>\n\t\t<\/div>\n\t\t\t\t\t<\/div>\n\t\t<\/section>\n\t\t\t\t\t<\/div>\n\t\t<\/div>\n\t\t\t\t<div class=\"elementor-column elementor-col-50 elementor-top-column elementor-element elementor-element-17af937b\" data-id=\"17af937b\" data-element_type=\"column\" data-e-type=\"column\">\n\t\t\t<div class=\"elementor-widget-wrap\">\n\t\t\t\t\t\t\t<\/div>\n\t\t<\/div>\n\t\t\t\t\t<\/div>\n\t\t<\/section>\n\t\t\t\t<\/div>\n\t\t","protected":false},"excerpt":{"rendered":"<p>Escuela de Pr\u00e1ctica Jur\u00eddica \u00abRafael Yllescas Melendo\u00bb Las Escuelas de Pr\u00e1ctica Jur\u00eddica, como \u00f3rgano de formaci\u00f3n profesional de Abogados fueron creadas por Decreto de 2 de abril de 1955, actualiz\u00e1ndose su regulaci\u00f3n por Decreto 3311\/1970 de 12 de noviembre. El Colegio de Abogados de C\u00f3rdoba promovi\u00f3 la creaci\u00f3n de la de esta provincia, que se [&hellip;]<\/p>\n","protected":false},"author":1,"featured_media":0,"comment_status":"open","ping_status":"open","sticky":false,"template":"","format":"standard","meta":{"footnotes":""},"categories":[1],"tags":[],"class_list":["post-81","post","type-post","status-publish","format-standard","hentry","category-uncategorized"],"_links":{"self":[{"href":"https:\/\/cms.icacordoba.23sd.es\/index.php\/wp-json\/wp\/v2\/posts\/81","targetHints":{"allow":["GET"]}}],"collection":[{"href":"https:\/\/cms.icacordoba.23sd.es\/index.php\/wp-json\/wp\/v2\/posts"}],"about":[{"href":"https:\/\/cms.icacordoba.23sd.es\/index.php\/wp-json\/wp\/v2\/types\/post"}],"author":[{"embeddable":true,"href":"https:\/\/cms.icacordoba.23sd.es\/index.php\/wp-json\/wp\/v2\/users\/1"}],"replies":[{"embeddable":true,"href":"https:\/\/cms.icacordoba.23sd.es\/index.php\/wp-json\/wp\/v2\/comments?post=81"}],"version-history":[{"count":54,"href":"https:\/\/cms.icacordoba.23sd.es\/index.php\/wp-json\/wp\/v2\/posts\/81\/revisions"}],"predecessor-version":[{"id":16544,"href":"https:\/\/cms.icacordoba.23sd.es\/index.php\/wp-json\/wp\/v2\/posts\/81\/revisions\/16544"}],"wp:attachment":[{"href":"https:\/\/cms.icacordoba.23sd.es\/index.php\/wp-json\/wp\/v2\/media?parent=81"}],"wp:term":[{"taxonomy":"category","embeddable":true,"href":"https:\/\/cms.icacordoba.23sd.es\/index.php\/wp-json\/wp\/v2\/categories?post=81"},{"taxonomy":"post_tag","embeddable":true,"href":"https:\/\/cms.icacordoba.23sd.es\/index.php\/wp-json\/wp\/v2\/tags?post=81"}],"curies":[{"name":"wp","href":"https:\/\/api.w.org\/{rel}","templated":true}]}}