{"id":79,"date":"2022-09-22T10:22:12","date_gmt":"2022-09-22T10:22:12","guid":{"rendered":"https:\/\/cms.icacordoba.23sd.es\/index.php\/79\/"},"modified":"2025-04-10T16:29:42","modified_gmt":"2025-04-10T16:29:42","slug":"agrupacion-jovenes-abogados","status":"publish","type":"post","link":"https:\/\/cms.icacordoba.23sd.es\/index.php\/79\/","title":{"rendered":"AGRUPACI\u00d3N J\u00d3VENES ABOGADOS"},"content":{"rendered":"\t\t<div data-elementor-type=\"wp-post\" data-elementor-id=\"79\" class=\"elementor elementor-79\" data-elementor-post-type=\"post\">\n\t\t\t\t\t\t<section class=\"elementor-section elementor-top-section elementor-element elementor-element-650920c elementor-section-full_width elementor-section-height-default elementor-section-height-default\" data-id=\"650920c\" data-element_type=\"section\" data-e-type=\"section\">\n\t\t\t\t\t\t<div class=\"elementor-container elementor-column-gap-wide\">\n\t\t\t\t\t<div class=\"elementor-column elementor-col-50 elementor-top-column elementor-element elementor-element-6380f62\" data-id=\"6380f62\" data-element_type=\"column\" data-e-type=\"column\">\n\t\t\t<div class=\"elementor-widget-wrap elementor-element-populated\">\n\t\t\t\t\t\t<div class=\"elementor-element elementor-element-9ae90b7 elementor-widget elementor-widget-heading\" data-id=\"9ae90b7\" data-element_type=\"widget\" data-e-type=\"widget\" data-widget_type=\"heading.default\">\n\t\t\t\t<div class=\"elementor-widget-container\">\n\t\t\t\t\t<h2 class=\"elementor-heading-title elementor-size-default\">Agrupaci\u00f3n J\u00f3venes Abogados<\/h2>\t\t\t\t<\/div>\n\t\t\t\t<\/div>\n\t\t\t\t\t<\/div>\n\t\t<\/div>\n\t\t\t\t<div class=\"elementor-column elementor-col-50 elementor-top-column elementor-element elementor-element-861b89c elementor-hidden-tablet elementor-hidden-mobile\" data-id=\"861b89c\" data-element_type=\"column\" data-e-type=\"column\">\n\t\t\t<div class=\"elementor-widget-wrap\">\n\t\t\t\t\t\t\t<\/div>\n\t\t<\/div>\n\t\t\t\t\t<\/div>\n\t\t<\/section>\n\t\t\t\t<section class=\"elementor-section elementor-top-section elementor-element elementor-element-2db211e elementor-section-full_width elementor-section-height-default elementor-section-height-default\" data-id=\"2db211e\" data-element_type=\"section\" data-e-type=\"section\">\n\t\t\t\t\t\t<div class=\"elementor-container elementor-column-gap-wide\">\n\t\t\t\t\t<div class=\"elementor-column elementor-col-50 elementor-top-column elementor-element elementor-element-82b266c\" data-id=\"82b266c\" data-element_type=\"column\" data-e-type=\"column\">\n\t\t\t<div class=\"elementor-widget-wrap elementor-element-populated\">\n\t\t\t\t\t\t<div class=\"elementor-element elementor-element-8a52e2f elementor-widget elementor-widget-text-editor\" data-id=\"8a52e2f\" data-element_type=\"widget\" data-e-type=\"widget\" data-widget_type=\"text-editor.default\">\n\t\t\t\t<div class=\"elementor-widget-container\">\n\t\t\t\t\t\t\t\t\t<p><span style=\"vertical-align: inherit;\"><span style=\"vertical-align: inherit;\">La Agrupaci\u00f3n de Abogados J\u00f3venes de C\u00f3rdoba, creada dentro del marco de la Constituci\u00f3n Espa\u00f1ola y al amparo del Art\u00edculo 54 del Estatuto General de la Abogac\u00eda Espa\u00f1ola y el 20. A. 15\u00ba de los Estatutos del Ilustre Colegio de Abogados de C\u00f3rdoba, es una agrupaci\u00f3n de Letrados integrada en el seno del Ilustre Colegio de Abogados de C\u00f3rdoba.<\/span><\/span><\/p>\t\t\t\t\t\t\t\t<\/div>\n\t\t\t\t<\/div>\n\t\t\t\t\t<\/div>\n\t\t<\/div>\n\t\t\t\t<div class=\"elementor-column elementor-col-50 elementor-top-column elementor-element elementor-element-09b243e elementor-hidden-tablet elementor-hidden-mobile\" data-id=\"09b243e\" data-element_type=\"column\" data-e-type=\"column\">\n\t\t\t<div class=\"elementor-widget-wrap elementor-element-populated\">\n\t\t\t\t\t\t<div class=\"elementor-element elementor-element-3364d83 e-transform elementor-invisible elementor-widget elementor-widget-image\" data-id=\"3364d83\" data-element_type=\"widget\" data-e-type=\"widget\" data-settings=\"{&quot;_animation&quot;:&quot;pulse&quot;,&quot;_transform_scale_effect&quot;:{&quot;unit&quot;:&quot;px&quot;,&quot;size&quot;:&quot;&quot;,&quot;sizes&quot;:[]},&quot;_transform_scale_effect_tablet&quot;:{&quot;unit&quot;:&quot;px&quot;,&quot;size&quot;:&quot;&quot;,&quot;sizes&quot;:[]},&quot;_transform_scale_effect_mobile&quot;:{&quot;unit&quot;:&quot;px&quot;,&quot;size&quot;:&quot;&quot;,&quot;sizes&quot;:[]}}\" data-widget_type=\"image.default\">\n\t\t\t\t<div class=\"elementor-widget-container\">\n\t\t\t\t\t\t\t\t\t\t\t\t\t\t\t<img decoding=\"async\" width=\"300\" height=\"152\" src=\"https:\/\/cms.icacordoba.23sd.es\/wp-content\/uploads\/2022\/09\/AJA-Cordoba-2024_ok-300x152.png\" class=\"attachment-medium size-medium wp-image-11037\" alt=\"\" srcset=\"https:\/\/cms.icacordoba.23sd.es\/wp-content\/uploads\/2022\/09\/AJA-Cordoba-2024_ok-300x152.png 300w, https:\/\/cms.icacordoba.23sd.es\/wp-content\/uploads\/2022\/09\/AJA-Cordoba-2024_ok-1024x518.png 1024w, https:\/\/cms.icacordoba.23sd.es\/wp-content\/uploads\/2022\/09\/AJA-Cordoba-2024_ok-768x389.png 768w, https:\/\/cms.icacordoba.23sd.es\/wp-content\/uploads\/2022\/09\/AJA-Cordoba-2024_ok.png 1535w\" sizes=\"(max-width: 300px) 100vw, 300px\" \/>\t\t\t\t\t\t\t\t\t\t\t\t\t\t\t<\/div>\n\t\t\t\t<\/div>\n\t\t\t\t\t<\/div>\n\t\t<\/div>\n\t\t\t\t\t<\/div>\n\t\t<\/section>\n\t\t\t\t<section class=\"elementor-section elementor-top-section elementor-element elementor-element-5e88288c elementor-section-boxed elementor-section-height-default elementor-section-height-default\" data-id=\"5e88288c\" data-element_type=\"section\" data-e-type=\"section\">\n\t\t\t\t\t\t<div class=\"elementor-container elementor-column-gap-wide\">\n\t\t\t\t\t<div class=\"elementor-column elementor-col-50 elementor-top-column elementor-element elementor-element-3b7a8582\" data-id=\"3b7a8582\" data-element_type=\"column\" data-e-type=\"column\">\n\t\t\t<div class=\"elementor-widget-wrap elementor-element-populated\">\n\t\t\t\t\t\t<div class=\"elementor-element elementor-element-0c507eb elementor-widget elementor-widget-heading\" data-id=\"0c507eb\" data-element_type=\"widget\" data-e-type=\"widget\" data-widget_type=\"heading.default\">\n\t\t\t\t<div class=\"elementor-widget-container\">\n\t\t\t\t\t<h4 class=\"elementor-heading-title elementor-size-default\">Junta Directiva<\/h4>\t\t\t\t<\/div>\n\t\t\t\t<\/div>\n\t\t\t\t<div class=\"elementor-element elementor-element-512a698 elementor-widget elementor-widget-text-editor\" data-id=\"512a698\" data-element_type=\"widget\" data-e-type=\"widget\" data-widget_type=\"text-editor.default\">\n\t\t\t\t<div class=\"elementor-widget-container\">\n\t\t\t\t\t\t\t\t\t<p><span style=\"vertical-align: inherit;\"><span style=\"vertical-align: inherit;\"><span style=\"vertical-align: inherit;\"><span style=\"vertical-align: inherit;\"><span style=\"vertical-align: inherit;\"><span style=\"vertical-align: inherit;\">Conoce a los miembros de la Junta Directiva de la Agrupaci\u00f3n de J\u00f3venes Abogados de C\u00f3rdoba <\/span><\/span><\/span><\/span><\/span><\/span><a href=\"https:\/\/www.icacordoba.com\/Secciones\/junta-directiva\" target=\"_blank\" rel=\"noopener\"><span style=\"vertical-align: inherit;\"><span style=\"vertical-align: inherit;\"><span style=\"vertical-align: inherit;\"><span style=\"vertical-align: inherit;\"><span style=\"vertical-align: inherit;\"><span style=\"vertical-align: inherit;\">+<\/span><\/span><\/span><\/span><\/span><\/span><\/a><\/p>\t\t\t\t\t\t\t\t<\/div>\n\t\t\t\t<\/div>\n\t\t\t\t<div class=\"elementor-element elementor-element-6570fa1 elementor-position-left elementor-vertical-align-top elementor-widget elementor-widget-image-box\" data-id=\"6570fa1\" data-element_type=\"widget\" data-e-type=\"widget\" data-widget_type=\"image-box.default\">\n\t\t\t\t<div class=\"elementor-widget-container\">\n\t\t\t\t\t<div class=\"elementor-image-box-wrapper\"><figure class=\"elementor-image-box-img\"><a href=\"https:\/\/www.icacordoba.com\/Secciones\/junta-directiva\" target=\"_blank\" tabindex=\"-1\"><img fetchpriority=\"high\" decoding=\"async\" width=\"1920\" height=\"1080\" src=\"https:\/\/cms.icacordoba.23sd.es\/wp-content\/uploads\/2022\/09\/Agrupacion-2025.jpg\" class=\"attachment-full size-full wp-image-15435\" alt=\"\" srcset=\"https:\/\/cms.icacordoba.23sd.es\/wp-content\/uploads\/2022\/09\/Agrupacion-2025.jpg 1920w, https:\/\/cms.icacordoba.23sd.es\/wp-content\/uploads\/2022\/09\/Agrupacion-2025-300x169.jpg 300w, https:\/\/cms.icacordoba.23sd.es\/wp-content\/uploads\/2022\/09\/Agrupacion-2025-1024x576.jpg 1024w, https:\/\/cms.icacordoba.23sd.es\/wp-content\/uploads\/2022\/09\/Agrupacion-2025-768x432.jpg 768w, https:\/\/cms.icacordoba.23sd.es\/wp-content\/uploads\/2022\/09\/Agrupacion-2025-1536x864.jpg 1536w\" sizes=\"(max-width: 1920px) 100vw, 1920px\" \/><\/a><\/figure><div class=\"elementor-image-box-content\"><p class=\"elementor-image-box-description\">  Presidente:  Alvaro Mart\u00edn Cordob\u00e9s<br>Vicepresidente: Pablo Montero Yllescas<br>Secretaria: Isabel Mar\u00eda Aperador Sep\u00falveda<br>Tesorero: Eduardo Capdevila Gonz\u00e1lez<br>Vocal 1\u00aa: Juan Pe\u00f1afiel Benavides<br>Vocal 2\u00ba: Miriam Carrillo Ortiz<br>Vocal 3\u00ba: Yolanda Cano Priego<\/p><\/div><\/div>\t\t\t\t<\/div>\n\t\t\t\t<\/div>\n\t\t\t\t\t<\/div>\n\t\t<\/div>\n\t\t\t\t<div class=\"elementor-column elementor-col-50 elementor-top-column elementor-element elementor-element-6e629bc\" data-id=\"6e629bc\" data-element_type=\"column\" data-e-type=\"column\">\n\t\t\t<div class=\"elementor-widget-wrap elementor-element-populated\">\n\t\t\t\t\t\t<div class=\"elementor-element elementor-element-5cb72a2 elementor-widget elementor-widget-heading\" data-id=\"5cb72a2\" data-element_type=\"widget\" data-e-type=\"widget\" data-widget_type=\"heading.default\">\n\t\t\t\t<div class=\"elementor-widget-container\">\n\t\t\t\t\t<h4 class=\"elementor-heading-title elementor-size-default\">Estatutos AJA<\/h4>\t\t\t\t<\/div>\n\t\t\t\t<\/div>\n\t\t\t\t<div class=\"elementor-element elementor-element-91122ef elementor-widget elementor-widget-text-editor\" data-id=\"91122ef\" data-element_type=\"widget\" data-e-type=\"widget\" data-widget_type=\"text-editor.default\">\n\t\t\t\t<div class=\"elementor-widget-container\">\n\t\t\t\t\t\t\t\t\t<p>Estatutos de la Agrupaci\u00f3n de J\u00f3venes Abogados de C\u00f3rdoba.\u00a0<span style=\"font-family: var( --e-global-typography-accent-font-family ); font-weight: var( --e-global-typography-accent-font-weight ); font-size: 1rem;\">Aprobados en Junta General, reunida en sesi\u00f3n extraordinaria, celebrada el 29 de enero de 2024.\u00a0<\/span><\/p><p><a href=\"https:\/\/cms.icacordoba.23sd.es\/wp-content\/uploads\/2022\/09\/Estatutos-AJA-modificados.pdf\">Estatutos AJA_2024<\/a><\/p>\t\t\t\t\t\t\t\t<\/div>\n\t\t\t\t<\/div>\n\t\t\t\t<div class=\"elementor-element elementor-element-0f5f757 elementor-widget-divider--view-line elementor-widget elementor-widget-divider\" data-id=\"0f5f757\" data-element_type=\"widget\" data-e-type=\"widget\" data-widget_type=\"divider.default\">\n\t\t\t\t<div class=\"elementor-widget-container\">\n\t\t\t\t\t\t\t<div class=\"elementor-divider\">\n\t\t\t<span class=\"elementor-divider-separator\">\n\t\t\t\t\t\t<\/span>\n\t\t<\/div>\n\t\t\t\t\t\t<\/div>\n\t\t\t\t<\/div>\n\t\t\t\t<div class=\"elementor-element elementor-element-6b76e59 elementor-widget elementor-widget-heading\" data-id=\"6b76e59\" data-element_type=\"widget\" data-e-type=\"widget\" data-widget_type=\"heading.default\">\n\t\t\t\t<div class=\"elementor-widget-container\">\n\t\t\t\t\t<h4 class=\"elementor-heading-title elementor-size-default\">Informaci\u00f3n de Inter\u00e9s<\/h4>\t\t\t\t<\/div>\n\t\t\t\t<\/div>\n\t\t\t\t<div class=\"elementor-element elementor-element-8cc3344 elementor-widget elementor-widget-text-editor\" data-id=\"8cc3344\" data-element_type=\"widget\" data-e-type=\"widget\" data-widget_type=\"text-editor.default\">\n\t\t\t\t<div class=\"elementor-widget-container\">\n\t\t\t\t\t\t\t\t\t<p><span style=\"vertical-align: inherit;\"><span style=\"vertical-align: inherit;\">Si est\u00e1s iniciando tu ejercicio profesional en la Abogac\u00eda, puedes contar con nosotros.<\/span><\/span><\/p><p><a href=\"https:\/\/www.icacordoba.com\/Secciones\/aja-informacion-de-interes\" target=\"_blank\" rel=\"noopener\"><span style=\"font-family: var( --e-global-typography-accent-font-family ); font-size: 1rem; font-weight: var( --e-global-typography-accent-font-weight );\">AJA C\u00f3rdoba web\u00a0<\/span><\/a><\/p>\t\t\t\t\t\t\t\t<\/div>\n\t\t\t\t<\/div>\n\t\t\t\t\t<\/div>\n\t\t<\/div>\n\t\t\t\t\t<\/div>\n\t\t<\/section>\n\t\t\t\t<section class=\"elementor-section elementor-top-section elementor-element elementor-element-7e01dbd elementor-section-boxed elementor-section-height-default elementor-section-height-default\" data-id=\"7e01dbd\" data-element_type=\"section\" data-e-type=\"section\">\n\t\t\t\t\t\t<div class=\"elementor-container elementor-column-gap-wide\">\n\t\t\t\t\t<div class=\"elementor-column elementor-col-100 elementor-top-column elementor-element elementor-element-775242e\" data-id=\"775242e\" data-element_type=\"column\" data-e-type=\"column\">\n\t\t\t<div class=\"elementor-widget-wrap\">\n\t\t\t\t\t\t\t<\/div>\n\t\t<\/div>\n\t\t\t\t\t<\/div>\n\t\t<\/section>\n\t\t\t\t<section class=\"elementor-section elementor-top-section elementor-element elementor-element-5178e26 elementor-section-full_width elementor-section-height-default elementor-section-height-default\" data-id=\"5178e26\" data-element_type=\"section\" data-e-type=\"section\">\n\t\t\t\t\t\t<div class=\"elementor-container elementor-column-gap-wider\">\n\t\t\t\t\t<div class=\"elementor-column elementor-col-50 elementor-top-column elementor-element elementor-element-b474456\" data-id=\"b474456\" data-element_type=\"column\" data-e-type=\"column\">\n\t\t\t<div class=\"elementor-widget-wrap\">\n\t\t\t\t\t\t\t<\/div>\n\t\t<\/div>\n\t\t\t\t<div class=\"elementor-column elementor-col-50 elementor-top-column elementor-element elementor-element-5786c50\" data-id=\"5786c50\" data-element_type=\"column\" data-e-type=\"column\">\n\t\t\t<div class=\"elementor-widget-wrap\">\n\t\t\t\t\t\t\t<\/div>\n\t\t<\/div>\n\t\t\t\t\t<\/div>\n\t\t<\/section>\n\t\t\t\t<\/div>\n\t\t","protected":false},"excerpt":{"rendered":"<p>Agrupaci\u00f3n J\u00f3venes Abogados La Agrupaci\u00f3n de Abogados J\u00f3venes de C\u00f3rdoba, creada dentro del marco de la Constituci\u00f3n Espa\u00f1ola y al amparo del Art\u00edculo 54 del Estatuto General de la Abogac\u00eda Espa\u00f1ola y el 20. A. 15\u00ba de los Estatutos del Ilustre Colegio de Abogados de C\u00f3rdoba, es una agrupaci\u00f3n de Letrados integrada en el seno [&hellip;]<\/p>\n","protected":false},"author":1,"featured_media":0,"comment_status":"open","ping_status":"open","sticky":false,"template":"","format":"standard","meta":{"footnotes":""},"categories":[1],"tags":[],"class_list":["post-79","post","type-post","status-publish","format-standard","hentry","category-uncategorized"],"_links":{"self":[{"href":"https:\/\/cms.icacordoba.23sd.es\/index.php\/wp-json\/wp\/v2\/posts\/79","targetHints":{"allow":["GET"]}}],"collection":[{"href":"https:\/\/cms.icacordoba.23sd.es\/index.php\/wp-json\/wp\/v2\/posts"}],"about":[{"href":"https:\/\/cms.icacordoba.23sd.es\/index.php\/wp-json\/wp\/v2\/types\/post"}],"author":[{"embeddable":true,"href":"https:\/\/cms.icacordoba.23sd.es\/index.php\/wp-json\/wp\/v2\/users\/1"}],"replies":[{"embeddable":true,"href":"https:\/\/cms.icacordoba.23sd.es\/index.php\/wp-json\/wp\/v2\/comments?post=79"}],"version-history":[{"count":180,"href":"https:\/\/cms.icacordoba.23sd.es\/index.php\/wp-json\/wp\/v2\/posts\/79\/revisions"}],"predecessor-version":[{"id":15478,"href":"https:\/\/cms.icacordoba.23sd.es\/index.php\/wp-json\/wp\/v2\/posts\/79\/revisions\/15478"}],"wp:attachment":[{"href":"https:\/\/cms.icacordoba.23sd.es\/index.php\/wp-json\/wp\/v2\/media?parent=79"}],"wp:term":[{"taxonomy":"category","embeddable":true,"href":"https:\/\/cms.icacordoba.23sd.es\/index.php\/wp-json\/wp\/v2\/categories?post=79"},{"taxonomy":"post_tag","embeddable":true,"href":"https:\/\/cms.icacordoba.23sd.es\/index.php\/wp-json\/wp\/v2\/tags?post=79"}],"curies":[{"name":"wp","href":"https:\/\/api.w.org\/{rel}","templated":true}]}}