{"id":3153,"date":"2022-10-23T09:20:49","date_gmt":"2022-10-23T09:20:49","guid":{"rendered":"https:\/\/cms.icacordoba.23sd.es\/index.php\/3153\/"},"modified":"2023-03-15T22:55:00","modified_gmt":"2023-03-15T22:55:00","slug":"actividad-cultural","status":"publish","type":"post","link":"https:\/\/cms.icacordoba.23sd.es\/index.php\/3153\/","title":{"rendered":"ACTIVIDAD CULTURAL"},"content":{"rendered":"\t\t<div data-elementor-type=\"wp-post\" data-elementor-id=\"3153\" class=\"elementor elementor-3153\" data-elementor-post-type=\"post\">\n\t\t\t\t\t\t<section class=\"elementor-section elementor-top-section elementor-element elementor-element-33819da3 elementor-section-full_width elementor-section-height-default elementor-section-height-default\" data-id=\"33819da3\" data-element_type=\"section\" data-e-type=\"section\">\n\t\t\t\t\t\t<div class=\"elementor-container elementor-column-gap-default\">\n\t\t\t\t\t<div class=\"elementor-column elementor-col-33 elementor-top-column elementor-element elementor-element-6339f1bd\" data-id=\"6339f1bd\" data-element_type=\"column\" data-e-type=\"column\">\n\t\t\t<div class=\"elementor-widget-wrap elementor-element-populated\">\n\t\t\t\t\t\t<div class=\"elementor-element elementor-element-3e9a4e75 elementor-widget elementor-widget-heading\" data-id=\"3e9a4e75\" data-element_type=\"widget\" data-e-type=\"widget\" data-widget_type=\"heading.default\">\n\t\t\t\t<div class=\"elementor-widget-container\">\n\t\t\t\t\t<h2 class=\"elementor-heading-title elementor-size-default\">La Abogac\u00eda de C\u00f3rdoba es CULTURA<\/h2>\t\t\t\t<\/div>\n\t\t\t\t<\/div>\n\t\t\t\t<div class=\"elementor-element elementor-element-3483ec7a elementor-widget elementor-widget-text-editor\" data-id=\"3483ec7a\" data-element_type=\"widget\" data-e-type=\"widget\" data-widget_type=\"text-editor.default\">\n\t\t\t\t<div class=\"elementor-widget-container\">\n\t\t\t\t\t\t\t\t\t<p><span style=\"color: #7a7a7a;\"><span style=\"vertical-align: inherit;\"><span style=\"vertical-align: inherit;\">A trav\u00e9s de este apartado, puedes realizar de forma r\u00e1pida y segura, cualquier tr\u00e1mite administrativo con el Colegio de la Abogac\u00eda de C\u00f3rdoba. Modificaci\u00f3n de datos profesionales en SIGA y de situaci\u00f3n colegial. Facturaci\u00f3n, cuotas colegiales. Consultas.<\/span><\/span><\/span><\/p>\t\t\t\t\t\t\t\t<\/div>\n\t\t\t\t<\/div>\n\t\t\t\t\t<\/div>\n\t\t<\/div>\n\t\t\t\t<div class=\"elementor-column elementor-col-66 elementor-top-column elementor-element elementor-element-76392b30\" data-id=\"76392b30\" data-element_type=\"column\" data-e-type=\"column\">\n\t\t\t<div class=\"elementor-widget-wrap elementor-element-populated\">\n\t\t\t\t\t\t<div class=\"elementor-element elementor-element-4e47cc4d elementor-widget elementor-widget-spacer\" data-id=\"4e47cc4d\" data-element_type=\"widget\" data-e-type=\"widget\" data-widget_type=\"spacer.default\">\n\t\t\t\t<div class=\"elementor-widget-container\">\n\t\t\t\t\t\t\t<div class=\"elementor-spacer\">\n\t\t\t<div class=\"elementor-spacer-inner\"><\/div>\n\t\t<\/div>\n\t\t\t\t\t\t<\/div>\n\t\t\t\t<\/div>\n\t\t\t\t\t<\/div>\n\t\t<\/div>\n\t\t\t\t\t<\/div>\n\t\t<\/section>\n\t\t\t\t<section class=\"elementor-section elementor-top-section elementor-element elementor-element-ca218bd elementor-section-full_width elementor-section-height-default elementor-section-height-default\" data-id=\"ca218bd\" data-element_type=\"section\" data-e-type=\"section\">\n\t\t\t\t\t\t<div class=\"elementor-container elementor-column-gap-custom\">\n\t\t\t\t\t<div class=\"elementor-column elementor-col-33 elementor-top-column elementor-element elementor-element-2b16103\" data-id=\"2b16103\" data-element_type=\"column\" data-e-type=\"column\">\n\t\t\t<div class=\"elementor-widget-wrap elementor-element-populated\">\n\t\t\t\t\t\t<div class=\"elementor-element elementor-element-6ee772e elementor-widget elementor-widget-image\" data-id=\"6ee772e\" data-element_type=\"widget\" data-e-type=\"widget\" data-widget_type=\"image.default\">\n\t\t\t\t<div class=\"elementor-widget-container\">\n\t\t\t\t\t\t\t\t\t\t\t\t\t\t\t<img fetchpriority=\"high\" decoding=\"async\" width=\"800\" height=\"534\" src=\"https:\/\/cms.icacordoba.23sd.es\/wp-content\/uploads\/2022\/10\/Expo-Arcadia-de-Amalia-Parra_marzo-2022-48-de-50-1024x683.jpg\" class=\"attachment-large size-large wp-image-5821\" alt=\"\" srcset=\"https:\/\/cms.icacordoba.23sd.es\/wp-content\/uploads\/2022\/10\/Expo-Arcadia-de-Amalia-Parra_marzo-2022-48-de-50-1024x683.jpg 1024w, https:\/\/cms.icacordoba.23sd.es\/wp-content\/uploads\/2022\/10\/Expo-Arcadia-de-Amalia-Parra_marzo-2022-48-de-50-300x200.jpg 300w, https:\/\/cms.icacordoba.23sd.es\/wp-content\/uploads\/2022\/10\/Expo-Arcadia-de-Amalia-Parra_marzo-2022-48-de-50-768x512.jpg 768w, https:\/\/cms.icacordoba.23sd.es\/wp-content\/uploads\/2022\/10\/Expo-Arcadia-de-Amalia-Parra_marzo-2022-48-de-50-1536x1024.jpg 1536w, https:\/\/cms.icacordoba.23sd.es\/wp-content\/uploads\/2022\/10\/Expo-Arcadia-de-Amalia-Parra_marzo-2022-48-de-50-2048x1365.jpg 2048w\" sizes=\"(max-width: 800px) 100vw, 800px\" \/>\t\t\t\t\t\t\t\t\t\t\t\t\t\t\t<\/div>\n\t\t\t\t<\/div>\n\t\t\t\t<div class=\"elementor-element elementor-element-e9b42d4 elementor-widget elementor-widget-heading\" data-id=\"e9b42d4\" data-element_type=\"widget\" data-e-type=\"widget\" data-widget_type=\"heading.default\">\n\t\t\t\t<div class=\"elementor-widget-container\">\n\t\t\t\t\t<h3 class=\"elementor-heading-title elementor-size-default\">Sala de Exposiciones<\/h3>\t\t\t\t<\/div>\n\t\t\t\t<\/div>\n\t\t\t\t<div class=\"elementor-element elementor-element-7c732b9 elementor-widget elementor-widget-text-editor\" data-id=\"7c732b9\" data-element_type=\"widget\" data-e-type=\"widget\" data-widget_type=\"text-editor.default\">\n\t\t\t\t<div class=\"elementor-widget-container\">\n\t\t\t\t\t\t\t\t\t<p>Lorem ipsum dolor sit amet, consectetur adipiscing elit. Ut elit tellus, luctus nec ullamcorper mattis, pulvinar dapibus leo.<\/p>\t\t\t\t\t\t\t\t<\/div>\n\t\t\t\t<\/div>\n\t\t\t\t<div class=\"elementor-element elementor-element-dc5364f elementor-position-top elementor-widget elementor-widget-image-box\" data-id=\"dc5364f\" data-element_type=\"widget\" data-e-type=\"widget\" data-widget_type=\"image-box.default\">\n\t\t\t\t<div class=\"elementor-widget-container\">\n\t\t\t\t\t<div class=\"elementor-image-box-wrapper\"><figure class=\"elementor-image-box-img\"><img decoding=\"async\" width=\"2560\" height=\"1707\" src=\"https:\/\/cms.icacordoba.23sd.es\/wp-content\/uploads\/2022\/10\/Expo-Arcadia-de-Amalia-Parra_marzo-2022-30-de-50-scaled.jpg\" class=\"attachment-full size-full wp-image-5820\" alt=\"\" srcset=\"https:\/\/cms.icacordoba.23sd.es\/wp-content\/uploads\/2022\/10\/Expo-Arcadia-de-Amalia-Parra_marzo-2022-30-de-50-scaled.jpg 2560w, https:\/\/cms.icacordoba.23sd.es\/wp-content\/uploads\/2022\/10\/Expo-Arcadia-de-Amalia-Parra_marzo-2022-30-de-50-300x200.jpg 300w, https:\/\/cms.icacordoba.23sd.es\/wp-content\/uploads\/2022\/10\/Expo-Arcadia-de-Amalia-Parra_marzo-2022-30-de-50-1024x683.jpg 1024w, https:\/\/cms.icacordoba.23sd.es\/wp-content\/uploads\/2022\/10\/Expo-Arcadia-de-Amalia-Parra_marzo-2022-30-de-50-768x512.jpg 768w, https:\/\/cms.icacordoba.23sd.es\/wp-content\/uploads\/2022\/10\/Expo-Arcadia-de-Amalia-Parra_marzo-2022-30-de-50-1536x1024.jpg 1536w, https:\/\/cms.icacordoba.23sd.es\/wp-content\/uploads\/2022\/10\/Expo-Arcadia-de-Amalia-Parra_marzo-2022-30-de-50-2048x1365.jpg 2048w\" sizes=\"(max-width: 2560px) 100vw, 2560px\" \/><\/figure><div class=\"elementor-image-box-content\"><h3 class=\"elementor-image-box-title\">Sala de Exposiciones<\/h3><p class=\"elementor-image-box-description\">Lorem fistrum por la gloria de mi madre esse jarl aliqua llevame al sircoo. De la pradera ullamco qu\u00e9 dise usteer est\u00e1 la cosa muy malar.<\/p><\/div><\/div>\t\t\t\t<\/div>\n\t\t\t\t<\/div>\n\t\t\t\t\t<\/div>\n\t\t<\/div>\n\t\t\t\t<div class=\"elementor-column elementor-col-33 elementor-top-column elementor-element elementor-element-d07c506\" data-id=\"d07c506\" data-element_type=\"column\" data-e-type=\"column\">\n\t\t\t<div class=\"elementor-widget-wrap elementor-element-populated\">\n\t\t\t\t\t\t<div class=\"elementor-element elementor-element-efae315 elementor-position-top elementor-widget elementor-widget-image-box\" data-id=\"efae315\" data-element_type=\"widget\" data-e-type=\"widget\" data-widget_type=\"image-box.default\">\n\t\t\t\t<div class=\"elementor-widget-container\">\n\t\t\t\t\t<div class=\"elementor-image-box-wrapper\"><figure class=\"elementor-image-box-img\"><img decoding=\"async\" src=\"https:\/\/cms.icacordoba.23sd.es\/wp-content\/uploads\/2022\/10\/voces-de-ley.jpg\" title=\"\" alt=\"\" loading=\"lazy\" \/><\/figure><div class=\"elementor-image-box-content\"><h3 class=\"elementor-image-box-title\">Coro Voces de Ley<\/h3><p class=\"elementor-image-box-description\">Lorem fistrum por la gloria de mi madre esse jarl aliqua llevame al sircoo. De la pradera ullamco qu\u00e9 dise usteer est\u00e1 la cosa muy malar.<\/p><\/div><\/div>\t\t\t\t<\/div>\n\t\t\t\t<\/div>\n\t\t\t\t\t<\/div>\n\t\t<\/div>\n\t\t\t\t<div class=\"elementor-column elementor-col-33 elementor-top-column elementor-element elementor-element-491b857\" data-id=\"491b857\" data-element_type=\"column\" data-e-type=\"column\">\n\t\t\t<div class=\"elementor-widget-wrap elementor-element-populated\">\n\t\t\t\t\t\t<div class=\"elementor-element elementor-element-24a030b elementor-position-top elementor-widget elementor-widget-image-box\" data-id=\"24a030b\" data-element_type=\"widget\" data-e-type=\"widget\" data-widget_type=\"image-box.default\">\n\t\t\t\t<div class=\"elementor-widget-container\">\n\t\t\t\t\t<div class=\"elementor-image-box-wrapper\"><figure class=\"elementor-image-box-img\"><img decoding=\"async\" width=\"2560\" height=\"1203\" src=\"https:\/\/cms.icacordoba.23sd.es\/wp-content\/uploads\/2022\/10\/Teatro46-scaled.jpg\" class=\"attachment-full size-full wp-image-3650\" alt=\"\" srcset=\"https:\/\/cms.icacordoba.23sd.es\/wp-content\/uploads\/2022\/10\/Teatro46-scaled.jpg 2560w, https:\/\/cms.icacordoba.23sd.es\/wp-content\/uploads\/2022\/10\/Teatro46-300x141.jpg 300w, https:\/\/cms.icacordoba.23sd.es\/wp-content\/uploads\/2022\/10\/Teatro46-1024x481.jpg 1024w, https:\/\/cms.icacordoba.23sd.es\/wp-content\/uploads\/2022\/10\/Teatro46-768x361.jpg 768w, https:\/\/cms.icacordoba.23sd.es\/wp-content\/uploads\/2022\/10\/Teatro46-1536x722.jpg 1536w, https:\/\/cms.icacordoba.23sd.es\/wp-content\/uploads\/2022\/10\/Teatro46-2048x963.jpg 2048w\" sizes=\"(max-width: 2560px) 100vw, 2560px\" \/><\/figure><div class=\"elementor-image-box-content\"><h3 class=\"elementor-image-box-title\">La Toga Teatro<\/h3><p class=\"elementor-image-box-description\">Lorem fistrum por la gloria de mi madre esse jarl aliqua llevame al sircoo. De la pradera ullamco qu\u00e9 dise usteer est\u00e1 la cosa muy malar.<\/p><\/div><\/div>\t\t\t\t<\/div>\n\t\t\t\t<\/div>\n\t\t\t\t\t<\/div>\n\t\t<\/div>\n\t\t\t\t\t<\/div>\n\t\t<\/section>\n\t\t\t\t<section class=\"elementor-section elementor-top-section elementor-element elementor-element-5aec2e5a elementor-section-full_width elementor-section-height-default elementor-section-height-default\" data-id=\"5aec2e5a\" data-element_type=\"section\" data-e-type=\"section\">\n\t\t\t\t\t\t<div class=\"elementor-container elementor-column-gap-default\">\n\t\t\t\t\t<div class=\"elementor-column elementor-col-100 elementor-top-column elementor-element elementor-element-853ff8d\" data-id=\"853ff8d\" data-element_type=\"column\" data-e-type=\"column\">\n\t\t\t<div class=\"elementor-widget-wrap elementor-element-populated\">\n\t\t\t\t\t\t<div class=\"elementor-element elementor-element-45c6542d elementor-widget elementor-widget-spacer\" data-id=\"45c6542d\" data-element_type=\"widget\" data-e-type=\"widget\" data-widget_type=\"spacer.default\">\n\t\t\t\t<div class=\"elementor-widget-container\">\n\t\t\t\t\t\t\t<div class=\"elementor-spacer\">\n\t\t\t<div class=\"elementor-spacer-inner\"><\/div>\n\t\t<\/div>\n\t\t\t\t\t\t<\/div>\n\t\t\t\t<\/div>\n\t\t\t\t\t<\/div>\n\t\t<\/div>\n\t\t\t\t\t<\/div>\n\t\t<\/section>\n\t\t\t\t<\/div>\n\t\t","protected":false},"excerpt":{"rendered":"<p>La Abogac\u00eda de C\u00f3rdoba es CULTURA A trav\u00e9s de este apartado, puedes realizar de forma r\u00e1pida y segura, cualquier tr\u00e1mite administrativo con el Colegio de la Abogac\u00eda de C\u00f3rdoba. Modificaci\u00f3n de datos profesionales en SIGA y de situaci\u00f3n colegial. Facturaci\u00f3n, cuotas colegiales. Consultas. Sala de Exposiciones Lorem fistrum por la gloria de mi madre esse [&hellip;]<\/p>\n","protected":false},"author":1,"featured_media":0,"comment_status":"open","ping_status":"open","sticky":false,"template":"","format":"standard","meta":{"footnotes":""},"categories":[1],"tags":[],"class_list":["post-3153","post","type-post","status-publish","format-standard","hentry","category-uncategorized"],"_links":{"self":[{"href":"https:\/\/cms.icacordoba.23sd.es\/index.php\/wp-json\/wp\/v2\/posts\/3153","targetHints":{"allow":["GET"]}}],"collection":[{"href":"https:\/\/cms.icacordoba.23sd.es\/index.php\/wp-json\/wp\/v2\/posts"}],"about":[{"href":"https:\/\/cms.icacordoba.23sd.es\/index.php\/wp-json\/wp\/v2\/types\/post"}],"author":[{"embeddable":true,"href":"https:\/\/cms.icacordoba.23sd.es\/index.php\/wp-json\/wp\/v2\/users\/1"}],"replies":[{"embeddable":true,"href":"https:\/\/cms.icacordoba.23sd.es\/index.php\/wp-json\/wp\/v2\/comments?post=3153"}],"version-history":[{"count":21,"href":"https:\/\/cms.icacordoba.23sd.es\/index.php\/wp-json\/wp\/v2\/posts\/3153\/revisions"}],"predecessor-version":[{"id":5839,"href":"https:\/\/cms.icacordoba.23sd.es\/index.php\/wp-json\/wp\/v2\/posts\/3153\/revisions\/5839"}],"wp:attachment":[{"href":"https:\/\/cms.icacordoba.23sd.es\/index.php\/wp-json\/wp\/v2\/media?parent=3153"}],"wp:term":[{"taxonomy":"category","embeddable":true,"href":"https:\/\/cms.icacordoba.23sd.es\/index.php\/wp-json\/wp\/v2\/categories?post=3153"},{"taxonomy":"post_tag","embeddable":true,"href":"https:\/\/cms.icacordoba.23sd.es\/index.php\/wp-json\/wp\/v2\/tags?post=3153"}],"curies":[{"name":"wp","href":"https:\/\/api.w.org\/{rel}","templated":true}]}}