{"id":2826,"date":"2022-10-22T17:55:27","date_gmt":"2022-10-22T17:55:27","guid":{"rendered":"https:\/\/cms.icacordoba.23sd.es\/index.php\/2826\/"},"modified":"2024-01-09T16:54:57","modified_gmt":"2024-01-09T16:54:57","slug":"gestiones-con-el-servicio-de-turno-de-oficio","status":"publish","type":"post","link":"https:\/\/cms.icacordoba.23sd.es\/index.php\/2826\/","title":{"rendered":"GESTIONES CON EL SERVICIO DE TURNO DE OFICIO"},"content":{"rendered":"\t\t<div data-elementor-type=\"wp-post\" data-elementor-id=\"2826\" class=\"elementor elementor-2826\" data-elementor-post-type=\"post\">\n\t\t\t\t\t\t<section class=\"elementor-section elementor-top-section elementor-element elementor-element-34b82612 elementor-section-full_width elementor-reverse-tablet elementor-reverse-mobile elementor-section-height-default elementor-section-height-default\" data-id=\"34b82612\" data-element_type=\"section\" data-e-type=\"section\">\n\t\t\t\t\t\t<div class=\"elementor-container elementor-column-gap-default\">\n\t\t\t\t\t<div class=\"elementor-column elementor-col-33 elementor-top-column elementor-element elementor-element-1e25ef4b\" data-id=\"1e25ef4b\" data-element_type=\"column\" data-e-type=\"column\">\n\t\t\t<div class=\"elementor-widget-wrap elementor-element-populated\">\n\t\t\t\t\t\t<div class=\"elementor-element elementor-element-f16d110 elementor-widget elementor-widget-heading\" data-id=\"f16d110\" data-element_type=\"widget\" data-e-type=\"widget\" data-widget_type=\"heading.default\">\n\t\t\t\t<div class=\"elementor-widget-container\">\n\t\t\t\t\t<h2 class=\"elementor-heading-title elementor-size-default\">Gestiones con el Servicio de Turno de Oficio<\/h2>\t\t\t\t<\/div>\n\t\t\t\t<\/div>\n\t\t\t\t<div class=\"elementor-element elementor-element-203353f2 elementor-widget elementor-widget-text-editor\" data-id=\"203353f2\" data-element_type=\"widget\" data-e-type=\"widget\" data-widget_type=\"text-editor.default\">\n\t\t\t\t<div class=\"elementor-widget-container\">\n\t\t\t\t\t\t\t\t\t<p>Las Normas Reguladoras del Turno de Oficio y Asistencia Jur\u00eddica Gratuita del Colegio de la Abogac\u00eda de C\u00f3rdoba fueron aprobadas por Junta General Ordinaria de 29 de febrero de 1998.\u00a0<\/p><p><a href=\"https:\/\/cms.icacordoba.23sd.es\/wp-content\/uploads\/2024\/01\/Normas_TO_Asist_Det-1.pdf\" target=\"_blank\" rel=\"noopener\">Puedes consultarlas aqu\u00ed<\/a><\/p>\t\t\t\t\t\t\t\t<\/div>\n\t\t\t\t<\/div>\n\t\t\t\t\t<\/div>\n\t\t<\/div>\n\t\t\t\t<div class=\"elementor-column elementor-col-33 elementor-top-column elementor-element elementor-element-72892202\" data-id=\"72892202\" data-element_type=\"column\" data-e-type=\"column\">\n\t\t\t<div class=\"elementor-widget-wrap elementor-element-populated\">\n\t\t\t\t\t\t<div class=\"elementor-element elementor-element-d2d5d49 elementor-widget__width-initial elementor-widget elementor-widget-video\" data-id=\"d2d5d49\" data-element_type=\"widget\" data-e-type=\"widget\" data-settings=\"{&quot;video_type&quot;:&quot;hosted&quot;,&quot;autoplay&quot;:&quot;yes&quot;,&quot;play_on_mobile&quot;:&quot;yes&quot;,&quot;mute&quot;:&quot;yes&quot;,&quot;loop&quot;:&quot;yes&quot;}\" data-widget_type=\"video.default\">\n\t\t\t\t<div class=\"elementor-widget-container\">\n\t\t\t\t\t\t\t<div class=\"e-hosted-video elementor-wrapper elementor-open-inline\">\n\t\t\t\t\t<video class=\"elementor-video\" src=\"https:\/\/cms.icacordoba.23sd.es\/wp-content\/uploads\/2022\/10\/TRAMITES-JG.mp4\" autoplay=\"\" loop=\"\" muted=\"muted\" playsinline=\"\" controlsList=\"nodownload\"><\/video>\n\t\t\t\t<\/div>\n\t\t\t\t\t\t<\/div>\n\t\t\t\t<\/div>\n\t\t\t\t\t<\/div>\n\t\t<\/div>\n\t\t\t\t<div class=\"elementor-column elementor-col-33 elementor-top-column elementor-element elementor-element-99fe22b elementor-hidden-tablet elementor-hidden-mobile\" data-id=\"99fe22b\" data-element_type=\"column\" data-e-type=\"column\">\n\t\t\t<div class=\"elementor-widget-wrap\">\n\t\t\t\t\t\t\t<\/div>\n\t\t<\/div>\n\t\t\t\t\t<\/div>\n\t\t<\/section>\n\t\t\t\t<section class=\"elementor-section elementor-top-section elementor-element elementor-element-1d5199eb elementor-section-full_width elementor-section-height-default elementor-section-height-default\" data-id=\"1d5199eb\" data-element_type=\"section\" data-e-type=\"section\">\n\t\t\t\t\t\t<div class=\"elementor-container elementor-column-gap-custom\">\n\t\t\t\t\t<div class=\"elementor-column elementor-col-100 elementor-top-column elementor-element elementor-element-38255c54\" data-id=\"38255c54\" data-element_type=\"column\" data-e-type=\"column\">\n\t\t\t<div class=\"elementor-widget-wrap elementor-element-populated\">\n\t\t\t\t\t\t<section class=\"elementor-section elementor-inner-section elementor-element elementor-element-5fa63d4f elementor-section-full_width elementor-section-height-default elementor-section-height-default\" data-id=\"5fa63d4f\" data-element_type=\"section\" data-e-type=\"section\">\n\t\t\t\t\t\t<div class=\"elementor-container elementor-column-gap-custom\">\n\t\t\t\t\t<div class=\"elementor-column elementor-col-50 elementor-inner-column elementor-element elementor-element-66b0e4f1\" data-id=\"66b0e4f1\" data-element_type=\"column\" data-e-type=\"column\">\n\t\t\t<div class=\"elementor-widget-wrap elementor-element-populated\">\n\t\t\t\t\t\t<div class=\"elementor-element elementor-element-2a6dc1ce elementor-widget elementor-widget-toggle\" data-id=\"2a6dc1ce\" data-element_type=\"widget\" data-e-type=\"widget\" data-widget_type=\"toggle.default\">\n\t\t\t\t<div class=\"elementor-widget-container\">\n\t\t\t\t\t\t\t<div class=\"elementor-toggle\">\n\t\t\t\t\t\t\t<div class=\"elementor-toggle-item\">\n\t\t\t\t\t<h4 id=\"elementor-tab-title-7111\" class=\"elementor-tab-title\" data-tab=\"1\" role=\"button\" aria-controls=\"elementor-tab-content-7111\" aria-expanded=\"false\">\n\t\t\t\t\t\t\t\t\t\t\t\t<span class=\"elementor-toggle-icon elementor-toggle-icon-right\" aria-hidden=\"true\">\n\t\t\t\t\t\t\t\t\t\t\t\t\t\t\t<span class=\"elementor-toggle-icon-closed\"><i class=\"fas fa-caret-right\"><\/i><\/span>\n\t\t\t\t\t\t\t\t<span class=\"elementor-toggle-icon-opened\"><i class=\"elementor-toggle-icon-opened fas fa-caret-up\"><\/i><\/span>\n\t\t\t\t\t\t\t\t\t\t\t\t\t<\/span>\n\t\t\t\t\t\t\t\t\t\t\t\t<a class=\"elementor-toggle-title\" tabindex=\"0\">Condiciones Acceso y Permanencia<\/a>\n\t\t\t\t\t<\/h4>\n\n\t\t\t\t\t<div id=\"elementor-tab-content-7111\" class=\"elementor-tab-content elementor-clearfix\" data-tab=\"1\" role=\"region\" aria-labelledby=\"elementor-tab-title-7111\"><p>Condiciones generales de acceso de los profesionales de la Abogac\u00eda colegiados en el ICA-C\u00f3rdoba para prestar dichos servicios, sin perjuicio de las especialidades previstas para alguna de las materias:<\/p>\n<ul>\n<li>Estar incorporado como abogado en ejercicio al Ilustre Colegio de Abogados de C\u00f3rdoba.<\/li>\n<li>Tener residencia habitual y despacho abierto en el partido judicial en el que haya de prestarse el servicio.<\/li>\n<li>Leevar m\u00e1s de tres a\u00f1os en el ejercicio de la profesi\u00f3n.<\/li>\n<li>Estar en posesi\u00f3n del Diploma del Curso de la Escuela de Pr\u00e1ctica Jur\u00eddica o de cursos equivalentes homologados por el Colegio, o haber superado los cursos o pruebas establecidas por el Colegio.<\/li>\n<li>El acceso a los Turnos de Oficio Especiales requiere acreditar la asistencia al curso de especializaci\u00f3n.<\/li>\n<\/ul><\/div>\n\t\t\t\t<\/div>\n\t\t\t\t\t\t\t<div class=\"elementor-toggle-item\">\n\t\t\t\t\t<h4 id=\"elementor-tab-title-7112\" class=\"elementor-tab-title\" data-tab=\"2\" role=\"button\" aria-controls=\"elementor-tab-content-7112\" aria-expanded=\"false\">\n\t\t\t\t\t\t\t\t\t\t\t\t<span class=\"elementor-toggle-icon elementor-toggle-icon-right\" aria-hidden=\"true\">\n\t\t\t\t\t\t\t\t\t\t\t\t\t\t\t<span class=\"elementor-toggle-icon-closed\"><i class=\"fas fa-caret-right\"><\/i><\/span>\n\t\t\t\t\t\t\t\t<span class=\"elementor-toggle-icon-opened\"><i class=\"elementor-toggle-icon-opened fas fa-caret-up\"><\/i><\/span>\n\t\t\t\t\t\t\t\t\t\t\t\t\t<\/span>\n\t\t\t\t\t\t\t\t\t\t\t\t<a class=\"elementor-toggle-title\" tabindex=\"0\">Materias y Zonas del Turno Oficio<\/a>\n\t\t\t\t\t<\/h4>\n\n\t\t\t\t\t<div id=\"elementor-tab-content-7112\" class=\"elementor-tab-content elementor-clearfix\" data-tab=\"2\" role=\"region\" aria-labelledby=\"elementor-tab-title-7112\"><p>Los asuntos a turnar se agrupan seg\u00fan el contenido de la pretensi\u00f3n principal o de la cualidad del solicitante, dentro de alguno de los ordinales de la siguiente relaci\u00f3n de Partidos Judiciales y materias:<\/p>\n<p><strong>Materias:<\/strong><\/p>\n<ul>\n<li>SERVICIO DE ORIENTACI\u00d3N JUR\u00cdDICA PENITENCIARIA<\/li>\n<li>PROCEDIMIENTO PENAL GENERAL<\/li>\n<li>PROCEDIMIENTO ABREVIADO<\/li>\n<li>MENORES<\/li>\n<li>CAUSAS GRAVES<\/li>\n<li>JUICIOS DE FALTAS<\/li>\n<li>EXPEDIENTES DE VIGILANCIA PENITENCIARIA<\/li>\n<li>CIVIL GENERAL Y MERCANTIL<\/li>\n<li>DERECHO DE FAMILIA<\/li>\n<li>DERECHO LABORAL<\/li>\n<li>ADMINISTRATIVO Y CONTENCIOSO-ADMINISTRATIVO<\/li>\n<li>SOLVENTES<\/li>\n<\/ul>\n<p><strong><br><\/strong><\/p><p><strong>Partidos Judiciales<\/strong><\/p>\n<p>El profesional de la Abogac\u00eda que desee inscribirse en Turno de Oficio podr\u00e1 hacerlo en las materias indicadas en el anterior art\u00edculo, en las especialidades y Partidos Judiciales que solicite. El profesional tendr\u00e1 la obligaci\u00f3n de recibir al justiciable en la localidad donde reside el mismo o en la sede del \u00f3rgano judicial correspondiente.&nbsp;<\/p><\/div>\n\t\t\t\t<\/div>\n\t\t\t\t\t\t\t<div class=\"elementor-toggle-item\">\n\t\t\t\t\t<h4 id=\"elementor-tab-title-7113\" class=\"elementor-tab-title\" data-tab=\"3\" role=\"button\" aria-controls=\"elementor-tab-content-7113\" aria-expanded=\"false\">\n\t\t\t\t\t\t\t\t\t\t\t\t<span class=\"elementor-toggle-icon elementor-toggle-icon-right\" aria-hidden=\"true\">\n\t\t\t\t\t\t\t\t\t\t\t\t\t\t\t<span class=\"elementor-toggle-icon-closed\"><i class=\"fas fa-caret-right\"><\/i><\/span>\n\t\t\t\t\t\t\t\t<span class=\"elementor-toggle-icon-opened\"><i class=\"elementor-toggle-icon-opened fas fa-caret-up\"><\/i><\/span>\n\t\t\t\t\t\t\t\t\t\t\t\t\t<\/span>\n\t\t\t\t\t\t\t\t\t\t\t\t<a class=\"elementor-toggle-title\" tabindex=\"0\">Designaciones<\/a>\n\t\t\t\t\t<\/h4>\n\n\t\t\t\t\t<div id=\"elementor-tab-content-7113\" class=\"elementor-tab-content elementor-clearfix\" data-tab=\"3\" role=\"region\" aria-labelledby=\"elementor-tab-title-7113\"><p><a href=\"https:\/\/abogacia-my.sharepoint.com\/:b:\/g\/personal\/gestionweb_icacordoba_es\/EYSTgKNyO3tPpTRkcq-gAuwBQZwOc-oIdZ-QJvE_a0p62A?e=jLgHLn\" target=\"_blank\" rel=\"noopener\">T\u00edtulo III De las Designaciones. Arts. 3, 4 y 5 de las Normas Reguladoras del Turno de Oficio y Asistencia Jur\u00eddica Gratuita<\/a><\/p><\/div>\n\t\t\t\t<\/div>\n\t\t\t\t\t\t\t<div class=\"elementor-toggle-item\">\n\t\t\t\t\t<h4 id=\"elementor-tab-title-7114\" class=\"elementor-tab-title\" data-tab=\"4\" role=\"button\" aria-controls=\"elementor-tab-content-7114\" aria-expanded=\"false\">\n\t\t\t\t\t\t\t\t\t\t\t\t<span class=\"elementor-toggle-icon elementor-toggle-icon-right\" aria-hidden=\"true\">\n\t\t\t\t\t\t\t\t\t\t\t\t\t\t\t<span class=\"elementor-toggle-icon-closed\"><i class=\"fas fa-caret-right\"><\/i><\/span>\n\t\t\t\t\t\t\t\t<span class=\"elementor-toggle-icon-opened\"><i class=\"elementor-toggle-icon-opened fas fa-caret-up\"><\/i><\/span>\n\t\t\t\t\t\t\t\t\t\t\t\t\t<\/span>\n\t\t\t\t\t\t\t\t\t\t\t\t<a class=\"elementor-toggle-title\" tabindex=\"0\">Sustituciones, Renuncia<\/a>\n\t\t\t\t\t<\/h4>\n\n\t\t\t\t\t<div id=\"elementor-tab-content-7114\" class=\"elementor-tab-content elementor-clearfix\" data-tab=\"4\" role=\"region\" aria-labelledby=\"elementor-tab-title-7114\"><p>El Letrado de Turno de Oficio est\u00e1 obligado a asumir personalmente el encargo profesional. En ning\u00fan caso podr\u00e1 delegar dicho encargo en otro compa\u00f1ero. La sustituci\u00f3n de un Abogado de Oficio por otro s\u00f3lo podr\u00e1 realizarse para actuaci\u00f3n profesional concreta cuya pr\u00e1ctica no resulte posible al primero. El sustituto deber\u00e1 pertenecer al Turno de Oficio y tener antig\u00fcedad como ejerciente no inferior a la exigida al sustituido para hacerse cargo del asunto, as\u00ed como pertenecer al mismo Turno y Partido Judicial. (art. 21 Normas Reguladoras)<\/p><p>El Letrado a quien corresponda una designaci\u00f3n no podr\u00e1 excusarse del cumplimiento del objeto de la misma sin un<br \/>motivo personal y justo; deber\u00e1 justificar la excusa ante la Comisi\u00f3n de Turno de Oficio, y admitida \u00e9sta, lo pondr\u00e1 en conocimiento del \u00d3rgano Jurisdiccional que corresponda.(16)<\/p><p>En el supuesto de desavenencias graves con el justiciable, se deber\u00e1n cumplir los siguientes tr\u00e1mites. (art. 22. Normas Reguladoras)<\/p><\/div>\n\t\t\t\t<\/div>\n\t\t\t\t\t\t\t<div class=\"elementor-toggle-item\">\n\t\t\t\t\t<h4 id=\"elementor-tab-title-7115\" class=\"elementor-tab-title\" data-tab=\"5\" role=\"button\" aria-controls=\"elementor-tab-content-7115\" aria-expanded=\"false\">\n\t\t\t\t\t\t\t\t\t\t\t\t<span class=\"elementor-toggle-icon elementor-toggle-icon-right\" aria-hidden=\"true\">\n\t\t\t\t\t\t\t\t\t\t\t\t\t\t\t<span class=\"elementor-toggle-icon-closed\"><i class=\"fas fa-caret-right\"><\/i><\/span>\n\t\t\t\t\t\t\t\t<span class=\"elementor-toggle-icon-opened\"><i class=\"elementor-toggle-icon-opened fas fa-caret-up\"><\/i><\/span>\n\t\t\t\t\t\t\t\t\t\t\t\t\t<\/span>\n\t\t\t\t\t\t\t\t\t\t\t\t<a class=\"elementor-toggle-title\" tabindex=\"0\">Insostenibilidades<\/a>\n\t\t\t\t\t<\/h4>\n\n\t\t\t\t\t<div id=\"elementor-tab-content-7115\" class=\"elementor-tab-content elementor-clearfix\" data-tab=\"5\" role=\"region\" aria-labelledby=\"elementor-tab-title-7115\"><p>Cuando el profesional de la Abogac\u00eda estime que es insostenible la\u00a0pretensi\u00f3n que quiere hacer valer el justiciable y no venga obligado por imperativo legal a sostenerla, lo comunicar\u00e1 al \u00d3rgano Jurisdiccional en tiempo y forma legal vigente. En todo caso, remitir\u00e1, a la Comisi\u00f3n Provincial de Asistencia Jur\u00eddica Gratuita, escrito exponiendo las razones jur\u00eddicas que a su juicio hacen inviable la pretensi\u00f3n, acompa\u00f1ando la documentaci\u00f3n y<br \/>antecedentes que se hayan podido obtener.<\/p><p>En el orden jurisdiccional penal y en v\u00eda de recurso, respecto de los condenados no cabr\u00e1 formular insostenibilidad de la pretensi\u00f3n. (17) (art. 23. Normas Reguladoras)<\/p><\/div>\n\t\t\t\t<\/div>\n\t\t\t\t\t\t\t\t<\/div>\n\t\t\t\t\t\t<\/div>\n\t\t\t\t<\/div>\n\t\t\t\t\t<\/div>\n\t\t<\/div>\n\t\t\t\t<div class=\"elementor-column elementor-col-50 elementor-inner-column elementor-element elementor-element-5c0daceb\" data-id=\"5c0daceb\" data-element_type=\"column\" data-e-type=\"column\">\n\t\t\t<div class=\"elementor-widget-wrap elementor-element-populated\">\n\t\t\t\t\t\t<div class=\"elementor-element elementor-element-2ee216b8 elementor-widget elementor-widget-toggle\" data-id=\"2ee216b8\" data-element_type=\"widget\" data-e-type=\"widget\" data-widget_type=\"toggle.default\">\n\t\t\t\t<div class=\"elementor-widget-container\">\n\t\t\t\t\t\t\t<div class=\"elementor-toggle\">\n\t\t\t\t\t\t\t<div class=\"elementor-toggle-item\">\n\t\t\t\t\t<h4 id=\"elementor-tab-title-7861\" class=\"elementor-tab-title\" data-tab=\"1\" role=\"button\" aria-controls=\"elementor-tab-content-7861\" aria-expanded=\"false\">\n\t\t\t\t\t\t\t\t\t\t\t\t<span class=\"elementor-toggle-icon elementor-toggle-icon-right\" aria-hidden=\"true\">\n\t\t\t\t\t\t\t\t\t\t\t\t\t\t\t<span class=\"elementor-toggle-icon-closed\"><i class=\"fas fa-caret-right\"><\/i><\/span>\n\t\t\t\t\t\t\t\t<span class=\"elementor-toggle-icon-opened\"><i class=\"elementor-toggle-icon-opened fas fa-caret-up\"><\/i><\/span>\n\t\t\t\t\t\t\t\t\t\t\t\t\t<\/span>\n\t\t\t\t\t\t\t\t\t\t\t\t<a class=\"elementor-toggle-title\" tabindex=\"0\">Tramita tu Alta en el Servicio<\/a>\n\t\t\t\t\t<\/h4>\n\n\t\t\t\t\t<div id=\"elementor-tab-content-7861\" class=\"elementor-tab-content elementor-clearfix\" data-tab=\"1\" role=\"region\" aria-labelledby=\"elementor-tab-title-7861\"><p>Puedes solicitar tu Alta en el Servicio de Turno de Oficio y Asistencia Jur\u00eddica Gratuita a trav\u00e9s del <b>\u00ab\u00c1rea Privada\u00bb. <\/b>Accede a <b>\u00abTr\u00e1mites\u00bb <\/b>y sigue las instrucciones.\u00a0<\/p><p>Aqu\u00ed puedes descargar la solicitud:<\/p><p><a href=\"https:\/\/cms.icacordoba.23sd.es\/wp-content\/uploads\/2024\/01\/ICA-Cordoba_Alta-Turno-Oficio-2023-1.pdf\" target=\"_blank\" rel=\"noopener\">Solicitud Inclusi\u00f3n en las Listas del Turno de Oficio y Asistencia a Detenidos<\/a><\/p><\/div>\n\t\t\t\t<\/div>\n\t\t\t\t\t\t\t<div class=\"elementor-toggle-item\">\n\t\t\t\t\t<h4 id=\"elementor-tab-title-7862\" class=\"elementor-tab-title\" data-tab=\"2\" role=\"button\" aria-controls=\"elementor-tab-content-7862\" aria-expanded=\"false\">\n\t\t\t\t\t\t\t\t\t\t\t\t<span class=\"elementor-toggle-icon elementor-toggle-icon-right\" aria-hidden=\"true\">\n\t\t\t\t\t\t\t\t\t\t\t\t\t\t\t<span class=\"elementor-toggle-icon-closed\"><i class=\"fas fa-caret-right\"><\/i><\/span>\n\t\t\t\t\t\t\t\t<span class=\"elementor-toggle-icon-opened\"><i class=\"elementor-toggle-icon-opened fas fa-caret-up\"><\/i><\/span>\n\t\t\t\t\t\t\t\t\t\t\t\t\t<\/span>\n\t\t\t\t\t\t\t\t\t\t\t\t<a class=\"elementor-toggle-title\" tabindex=\"0\">Acceso a Turnos Especiales<\/a>\n\t\t\t\t\t<\/h4>\n\n\t\t\t\t\t<div id=\"elementor-tab-content-7862\" class=\"elementor-tab-content elementor-clearfix\" data-tab=\"2\" role=\"region\" aria-labelledby=\"elementor-tab-title-7862\"><p>El acceso a los Turnos de Oficio Especiales requiere acreditar la asistencia a los distintos Cursos de Especializaci\u00f3n, ya sea en su modalidad de Nueva Adscripci\u00f3n o Reciclaje.\u00a0<\/p><p>De forma anual, las Comisiones de Violencia de G\u00e9nero, Extranjer\u00eda, Derecho Penitenciario y Menores organizan sus respectivos cursos de formaci\u00f3n de nuevo acceso y de reciclaje.<\/p><p>Cada a\u00f1o, durante el mes de noviembre, la Comisi\u00f3n de Turno de Oficio abre un plazo para solicitar la inclusi\u00f3n en las listas de los turnos especiales para el pr\u00f3ximo ejercicio.\u00a0<\/p><\/div>\n\t\t\t\t<\/div>\n\t\t\t\t\t\t\t\t<\/div>\n\t\t\t\t\t\t<\/div>\n\t\t\t\t<\/div>\n\t\t\t\t\t<\/div>\n\t\t<\/div>\n\t\t\t\t\t<\/div>\n\t\t<\/section>\n\t\t\t\t\t<\/div>\n\t\t<\/div>\n\t\t\t\t\t<\/div>\n\t\t<\/section>\n\t\t\t\t<section class=\"elementor-section elementor-top-section elementor-element elementor-element-3f92843 elementor-section-full_width elementor-section-height-default elementor-section-height-default\" data-id=\"3f92843\" data-element_type=\"section\" data-e-type=\"section\">\n\t\t\t\t\t\t<div class=\"elementor-container elementor-column-gap-default\">\n\t\t\t\t\t<div class=\"elementor-column elementor-col-100 elementor-top-column elementor-element elementor-element-9f61d41\" data-id=\"9f61d41\" data-element_type=\"column\" data-e-type=\"column\">\n\t\t\t<div class=\"elementor-widget-wrap elementor-element-populated\">\n\t\t\t\t\t\t<div class=\"elementor-element elementor-element-0e93d3e elementor-widget-divider--view-line elementor-widget elementor-widget-divider\" data-id=\"0e93d3e\" data-element_type=\"widget\" data-e-type=\"widget\" data-widget_type=\"divider.default\">\n\t\t\t\t<div class=\"elementor-widget-container\">\n\t\t\t\t\t\t\t<div class=\"elementor-divider\">\n\t\t\t<span class=\"elementor-divider-separator\">\n\t\t\t\t\t\t<\/span>\n\t\t<\/div>\n\t\t\t\t\t\t<\/div>\n\t\t\t\t<\/div>\n\t\t\t\t\t<\/div>\n\t\t<\/div>\n\t\t\t\t\t<\/div>\n\t\t<\/section>\n\t\t\t\t<\/div>\n\t\t","protected":false},"excerpt":{"rendered":"<p>Gestiones con el Servicio de Turno de Oficio Las Normas Reguladoras del Turno de Oficio y Asistencia Jur\u00eddica Gratuita del Colegio de la Abogac\u00eda de C\u00f3rdoba fueron aprobadas por Junta General Ordinaria de 29 de febrero de 1998.\u00a0 Puedes consultarlas aqu\u00ed https:\/\/cms.icacordoba.23sd.es\/wp-content\/uploads\/2022\/10\/TRAMITES-JG.mp4 Condiciones Acceso y Permanencia Condiciones generales de acceso de los profesionales de la [&hellip;]<\/p>\n","protected":false},"author":1,"featured_media":0,"comment_status":"open","ping_status":"open","sticky":false,"template":"","format":"standard","meta":{"footnotes":""},"categories":[1],"tags":[],"class_list":["post-2826","post","type-post","status-publish","format-standard","hentry","category-uncategorized"],"_links":{"self":[{"href":"https:\/\/cms.icacordoba.23sd.es\/index.php\/wp-json\/wp\/v2\/posts\/2826","targetHints":{"allow":["GET"]}}],"collection":[{"href":"https:\/\/cms.icacordoba.23sd.es\/index.php\/wp-json\/wp\/v2\/posts"}],"about":[{"href":"https:\/\/cms.icacordoba.23sd.es\/index.php\/wp-json\/wp\/v2\/types\/post"}],"author":[{"embeddable":true,"href":"https:\/\/cms.icacordoba.23sd.es\/index.php\/wp-json\/wp\/v2\/users\/1"}],"replies":[{"embeddable":true,"href":"https:\/\/cms.icacordoba.23sd.es\/index.php\/wp-json\/wp\/v2\/comments?post=2826"}],"version-history":[{"count":99,"href":"https:\/\/cms.icacordoba.23sd.es\/index.php\/wp-json\/wp\/v2\/posts\/2826\/revisions"}],"predecessor-version":[{"id":10236,"href":"https:\/\/cms.icacordoba.23sd.es\/index.php\/wp-json\/wp\/v2\/posts\/2826\/revisions\/10236"}],"wp:attachment":[{"href":"https:\/\/cms.icacordoba.23sd.es\/index.php\/wp-json\/wp\/v2\/media?parent=2826"}],"wp:term":[{"taxonomy":"category","embeddable":true,"href":"https:\/\/cms.icacordoba.23sd.es\/index.php\/wp-json\/wp\/v2\/categories?post=2826"},{"taxonomy":"post_tag","embeddable":true,"href":"https:\/\/cms.icacordoba.23sd.es\/index.php\/wp-json\/wp\/v2\/tags?post=2826"}],"curies":[{"name":"wp","href":"https:\/\/api.w.org\/{rel}","templated":true}]}}