{"id":20226,"date":"2026-04-24T10:55:05","date_gmt":"2026-04-24T10:55:05","guid":{"rendered":"https:\/\/cms.icacordoba.23sd.es\/index.php\/20226\/"},"modified":"2026-04-24T13:29:31","modified_gmt":"2026-04-24T13:29:31","slug":"legislacion-semanal-del-20-al-24-de-abril-de-2026","status":"publish","type":"post","link":"https:\/\/cms.icacordoba.23sd.es\/index.php\/20226\/","title":{"rendered":"Legislaci\u00f3n Semanal del 20 al 24 de abril de 2026"},"content":{"rendered":"\t\t<div data-elementor-type=\"wp-post\" data-elementor-id=\"20226\" class=\"elementor elementor-20226\" data-elementor-post-type=\"post\">\n\t\t\t\t\t\t<section class=\"elementor-section elementor-top-section elementor-element elementor-element-42e5bf96 elementor-section-boxed elementor-section-height-default elementor-section-height-default\" data-id=\"42e5bf96\" data-element_type=\"section\" data-e-type=\"section\">\n\t\t\t\t\t\t<div class=\"elementor-container elementor-column-gap-default\">\n\t\t\t\t\t<div class=\"elementor-column elementor-col-100 elementor-top-column elementor-element elementor-element-6aeddfcb\" data-id=\"6aeddfcb\" data-element_type=\"column\" data-e-type=\"column\">\n\t\t\t<div class=\"elementor-widget-wrap elementor-element-populated\">\n\t\t\t\t\t\t<div class=\"elementor-element elementor-element-5738426b elementor-widget elementor-widget-heading\" data-id=\"5738426b\" data-element_type=\"widget\" data-e-type=\"widget\" data-widget_type=\"heading.default\">\n\t\t\t\t<div class=\"elementor-widget-container\">\n\t\t\t\t\t<h5 class=\"elementor-heading-title elementor-size-default\">Legislaci\u00f3n Semanal - Del 20 al 24 de abril de 2026<\/h5>\t\t\t\t<\/div>\n\t\t\t\t<\/div>\n\t\t\t\t\t<\/div>\n\t\t<\/div>\n\t\t\t\t\t<\/div>\n\t\t<\/section>\n\t\t\t\t<section class=\"elementor-section elementor-top-section elementor-element elementor-element-38befad0 elementor-section-boxed elementor-section-height-default elementor-section-height-default\" data-id=\"38befad0\" data-element_type=\"section\" data-e-type=\"section\">\n\t\t\t\t\t\t<div class=\"elementor-container elementor-column-gap-default\">\n\t\t\t\t\t<div class=\"elementor-column elementor-col-100 elementor-top-column elementor-element elementor-element-533c27d5\" data-id=\"533c27d5\" data-element_type=\"column\" data-e-type=\"column\">\n\t\t\t<div class=\"elementor-widget-wrap elementor-element-populated\">\n\t\t\t\t\t\t<div class=\"elementor-element elementor-element-3044ac52 elementor-widget elementor-widget-heading\" data-id=\"3044ac52\" data-element_type=\"widget\" data-e-type=\"widget\" data-widget_type=\"heading.default\">\n\t\t\t\t<div class=\"elementor-widget-container\">\n\t\t\t\t\t<h5 class=\"elementor-heading-title elementor-size-default\">BOLET\u00cdN OFICIAL DEL ESTADO<\/h5>\t\t\t\t<\/div>\n\t\t\t\t<\/div>\n\t\t\t\t<div class=\"elementor-element elementor-element-6b78a52b elementor-widget elementor-widget-text-editor\" data-id=\"6b78a52b\" data-element_type=\"widget\" data-e-type=\"widget\" data-widget_type=\"text-editor.default\">\n\t\t\t\t<div class=\"elementor-widget-container\">\n\t\t\t\t\t\t\t\t\t<strong>Disposiciones generales \/ Ministerio de Vivienda y Agenda Urbana<\/strong>\n<ul>\n \t<li><span data-olk-copy-source=\"MessageBody\">Real Decreto 326\/2026, de 22 de abril, por el que\u00a0<\/span><a class=\"x_link-build-content\" title=\"https:\/\/go.abogacia.es\/lnk\/AW8AAJhuBcYAAc4eHUwAABYpKFAAAAAA0zoAAKFjABi_EgBp6eR98KCXGHUBT8qr91HbA3RBWgAYIRA\/2\/IvHHWpt1Fw31gcruvktvzQ\/aHR0cHM6Ly93d3cuYm9lLmVzL2JvZS9kaWFzLzIwMjYvMDQvMjMvcGRmcy9CT0UtQS0yMDI2LTg4NzIucGRmP3V0bV9jYW1wYWlnbj1MZWdpc2xhY2klQzMlQjNuJTIwRGlhcmlhJTIwMjMlMjBkZSUyMGFicmlsJTIwZGUlMjAyMDI2JnV0bV9tZWRpdW09ZW1haWwmdXRtX3NvdXJjZT1NYWlsamV0\" href=\"https:\/\/go.abogacia.es\/lnk\/AW8AAJhuBcYAAc4eHUwAABYpKFAAAAAA0zoAAKFjABi_EgBp6eR98KCXGHUBT8qr91HbA3RBWgAYIRA\/2\/IvHHWpt1Fw31gcruvktvzQ\/aHR0cHM6Ly93d3cuYm9lLmVzL2JvZS9kaWFzLzIwMjYvMDQvMjMvcGRmcy9CT0UtQS0yMDI2LTg4NzIucGRmP3V0bV9jYW1wYWlnbj1MZWdpc2xhY2klQzMlQjNuJTIwRGlhcmlhJTIwMjMlMjBkZSUyMGFicmlsJTIwZGUlMjAyMDI2JnV0bV9tZWRpdW09ZW1haWwmdXRtX3NvdXJjZT1NYWlsamV0\" target=\"_blank\" rel=\"noopener\" data-auth=\"NotApplicable\" data-linkindex=\"3\"><u>se regula el Plan Estatal de Vivienda 2026-2030<\/u><\/a>.<\/li>\n<\/ul>\t\t\t\t\t\t\t\t<\/div>\n\t\t\t\t<\/div>\n\t\t\t\t<div class=\"elementor-element elementor-element-da76eb2 elementor-widget elementor-widget-heading\" data-id=\"da76eb2\" data-element_type=\"widget\" data-e-type=\"widget\" data-widget_type=\"heading.default\">\n\t\t\t\t<div class=\"elementor-widget-container\">\n\t\t\t\t\t<h5 class=\"elementor-heading-title elementor-size-default\">DIARIO OFICIAL DE LA UNI\u00d3N EUROPEA<\/h5>\t\t\t\t<\/div>\n\t\t\t\t<\/div>\n\t\t\t\t<div class=\"elementor-element elementor-element-4e8222d5 elementor-widget elementor-widget-text-editor\" data-id=\"4e8222d5\" data-element_type=\"widget\" data-e-type=\"widget\" data-widget_type=\"text-editor.default\">\n\t\t\t\t<div class=\"elementor-widget-container\">\n\t\t\t\t\t\t\t\t\t<strong>Comunicaciones e informaciones<\/strong>\n<ul>\n \t<li><a class=\"x_link-build-content\" title=\"https:\/\/go.abogacia.es\/lnk\/AWEAAJXH88YAAc4eG44AABYpKFAAAAAA0zoAAKFjABi_EgBp6Jp31QqaQr4ITiSe1ESslBeZtQAYIRA\/2\/m8_iDZVXtLEKtbH-P-OZpA\/aHR0cHM6Ly9ldXItbGV4LmV1cm9wYS5ldS9sZWdhbC1jb250ZW50L0VTL1RYVC9QREYvP3VyaT1PSjpDXzIwMjYwMTY2NCZ1dG1fY2FtcGFpZ249TGVnaXNsYWNpJUMzJUIzbiUyMERpYXJpYSUyMDIyJTIwZGUlMjBhYnJpbCUyMGRlJTIwMjAyNiZ1dG1fbWVkaXVtPWVtYWlsJnV0bV9zb3VyY2U9TWFpbGpldA\" href=\"https:\/\/go.abogacia.es\/lnk\/AWEAAJXH88YAAc4eG44AABYpKFAAAAAA0zoAAKFjABi_EgBp6Jp31QqaQr4ITiSe1ESslBeZtQAYIRA\/2\/m8_iDZVXtLEKtbH-P-OZpA\/aHR0cHM6Ly9ldXItbGV4LmV1cm9wYS5ldS9sZWdhbC1jb250ZW50L0VTL1RYVC9QREYvP3VyaT1PSjpDXzIwMjYwMTY2NCZ1dG1fY2FtcGFpZ249TGVnaXNsYWNpJUMzJUIzbiUyMERpYXJpYSUyMDIyJTIwZGUlMjBhYnJpbCUyMGRlJTIwMjAyNiZ1dG1fbWVkaXVtPWVtYWlsJnV0bV9zb3VyY2U9TWFpbGpldA\" target=\"_blank\" rel=\"noopener\" data-auth=\"NotApplicable\" data-linkindex=\"4\"><u data-olk-copy-source=\"MessageBody\">Lucha contra la represi\u00f3n transnacional de los defensores de los derechos humanos<\/u><\/a>\u00a0\u2014 Resoluci\u00f3n del Parlamento Europeo, de 13 de noviembre de 2025, sobre la lucha contra la represi\u00f3n transnacional de los defensores de los derechos humanos (2025\/2048(INI)).<\/li>\n \t<li><a class=\"x_link-build-content\" title=\"https:\/\/go.abogacia.es\/lnk\/AWEAAJXH88YAAc4eG44AABYpKFAAAAAA0zoAAKFjABi_EgBp6Jp31QqaQr4ITiSe1ESslBeZtQAYIRA\/3\/xW-jvw9BQYWYsQtUjmD4qA\/aHR0cHM6Ly9ldXItbGV4LmV1cm9wYS5ldS9sZWdhbC1jb250ZW50L0VTL1RYVC9QREYvP3VyaT1PSjpDXzIwMjYwMTY2NSZ1dG1fY2FtcGFpZ249TGVnaXNsYWNpJUMzJUIzbiUyMERpYXJpYSUyMDIyJTIwZGUlMjBhYnJpbCUyMGRlJTIwMjAyNiZ1dG1fbWVkaXVtPWVtYWlsJnV0bV9zb3VyY2U9TWFpbGpldA\" href=\"https:\/\/go.abogacia.es\/lnk\/AWEAAJXH88YAAc4eG44AABYpKFAAAAAA0zoAAKFjABi_EgBp6Jp31QqaQr4ITiSe1ESslBeZtQAYIRA\/3\/xW-jvw9BQYWYsQtUjmD4qA\/aHR0cHM6Ly9ldXItbGV4LmV1cm9wYS5ldS9sZWdhbC1jb250ZW50L0VTL1RYVC9QREYvP3VyaT1PSjpDXzIwMjYwMTY2NSZ1dG1fY2FtcGFpZ249TGVnaXNsYWNpJUMzJUIzbiUyMERpYXJpYSUyMDIyJTIwZGUlMjBhYnJpbCUyMGRlJTIwMjAyNiZ1dG1fbWVkaXVtPWVtYWlsJnV0bV9zb3VyY2U9TWFpbGpldA\" target=\"_blank\" rel=\"noopener\" data-auth=\"NotApplicable\" data-linkindex=\"5\"><u>Estrategia para la Igualdad de G\u00e9nero 2025<\/u><\/a>\u00a0\u2014 Resoluci\u00f3n del Parlamento Europeo, de 13 de noviembre de 2025, sobre la Estrategia para la Igualdad de G\u00e9nero 2025 (2024\/2125(INI)).<\/li>\n \t<li><a class=\"x_link-build-content\" title=\"https:\/\/go.abogacia.es\/lnk\/AWQAAJkbRq8AAc4eHpQAABAXVFoAAAAA0zoAAKFsABi_EgBp60LvvajyywM6TwGVscOvxuQ0igAYIRA\/2\/QcgkptWEvr8CpyEKNpxHRQ\/aHR0cHM6Ly9ldXItbGV4LmV1cm9wYS5ldS9sZWdhbC1jb250ZW50L0VTL1RYVC9QREYvP3VyaT1PSjpDXzIwMjYwMTcwMSZ1dG1fY2FtcGFpZ249TGVnaXNsYWNpJUMzJUIzbiUyMFNlbWFuYWwlMjAyMCUyMGElMjAyNCUyMGRlJTIwQWJyaWwlMjAyMDI2JnV0bV9tZWRpdW09ZW1haWwmdXRtX3NvdXJjZT1NYWlsamV0\" href=\"https:\/\/go.abogacia.es\/lnk\/AWQAAJkbRq8AAc4eHpQAABAXVFoAAAAA0zoAAKFsABi_EgBp60LvvajyywM6TwGVscOvxuQ0igAYIRA\/2\/QcgkptWEvr8CpyEKNpxHRQ\/aHR0cHM6Ly9ldXItbGV4LmV1cm9wYS5ldS9sZWdhbC1jb250ZW50L0VTL1RYVC9QREYvP3VyaT1PSjpDXzIwMjYwMTcwMSZ1dG1fY2FtcGFpZ249TGVnaXNsYWNpJUMzJUIzbiUyMFNlbWFuYWwlMjAyMCUyMGElMjAyNCUyMGRlJTIwQWJyaWwlMjAyMDI2JnV0bV9tZWRpdW09ZW1haWwmdXRtX3NvdXJjZT1NYWlsamV0\" target=\"_blank\" rel=\"noopener\" data-auth=\"NotApplicable\" data-linkindex=\"6\"><u>Impacto de la inteligencia artificial en el sector financiero<\/u><\/a>\u00a0\u2014 Resoluci\u00f3n del Parlamento Europeo, de 25 de noviembre de 2025, sobre el impacto de la inteligencia artificial en el sector financiero (2025\/2056(INI)).<\/li>\n \t<li><a class=\"x_link-build-content\" title=\"https:\/\/go.abogacia.es\/lnk\/AWQAAJkbRq8AAc4eHpQAABAXVFoAAAAA0zoAAKFsABi_EgBp60LvvajyywM6TwGVscOvxuQ0igAYIRA\/3\/Ymbe5BNVywnqAfxTojx_GA\/aHR0cHM6Ly9ldXItbGV4LmV1cm9wYS5ldS9sZWdhbC1jb250ZW50L0VTL1RYVC9QREYvP3VyaT1PSjpDXzIwMjYwMTcwOCZ1dG1fY2FtcGFpZ249TGVnaXNsYWNpJUMzJUIzbiUyMFNlbWFuYWwlMjAyMCUyMGElMjAyNCUyMGRlJTIwQWJyaWwlMjAyMDI2JnV0bV9tZWRpdW09ZW1haWwmdXRtX3NvdXJjZT1NYWlsamV0\" href=\"https:\/\/go.abogacia.es\/lnk\/AWQAAJkbRq8AAc4eHpQAABAXVFoAAAAA0zoAAKFsABi_EgBp60LvvajyywM6TwGVscOvxuQ0igAYIRA\/3\/Ymbe5BNVywnqAfxTojx_GA\/aHR0cHM6Ly9ldXItbGV4LmV1cm9wYS5ldS9sZWdhbC1jb250ZW50L0VTL1RYVC9QREYvP3VyaT1PSjpDXzIwMjYwMTcwOCZ1dG1fY2FtcGFpZ249TGVnaXNsYWNpJUMzJUIzbiUyMFNlbWFuYWwlMjAyMCUyMGElMjAyNCUyMGRlJTIwQWJyaWwlMjAyMDI2JnV0bV9tZWRpdW09ZW1haWwmdXRtX3NvdXJjZT1NYWlsamV0\" target=\"_blank\" rel=\"noopener\" data-auth=\"NotApplicable\" data-linkindex=\"7\"><u>Protecci\u00f3n de los menores en l\u00ednea<\/u><\/a>\u00a0\u2014 Resoluci\u00f3n del Parlamento Europeo, de 26 de noviembre de 2025, sobre la protecci\u00f3n de los menores en l\u00ednea (2025\/2060(INI)).<\/li>\n \t<li><a class=\"x_link-build-content\" title=\"https:\/\/go.abogacia.es\/lnk\/AWQAAJkbRq8AAc4eHpQAABAXVFoAAAAA0zoAAKFsABi_EgBp60LvvajyywM6TwGVscOvxuQ0igAYIRA\/4\/Fon1PF99o9hpcVhzNd0ZpA\/aHR0cHM6Ly9ldXItbGV4LmV1cm9wYS5ldS9sZWdhbC1jb250ZW50L0VTL1RYVC9QREYvP3VyaT1PSjpDXzIwMjYwMTcxMCZ1dG1fY2FtcGFpZ249TGVnaXNsYWNpJUMzJUIzbiUyMFNlbWFuYWwlMjAyMCUyMGElMjAyNCUyMGRlJTIwQWJyaWwlMjAyMDI2JnV0bV9tZWRpdW09ZW1haWwmdXRtX3NvdXJjZT1NYWlsamV0\" href=\"https:\/\/go.abogacia.es\/lnk\/AWQAAJkbRq8AAc4eHpQAABAXVFoAAAAA0zoAAKFsABi_EgBp60LvvajyywM6TwGVscOvxuQ0igAYIRA\/4\/Fon1PF99o9hpcVhzNd0ZpA\/aHR0cHM6Ly9ldXItbGV4LmV1cm9wYS5ldS9sZWdhbC1jb250ZW50L0VTL1RYVC9QREYvP3VyaT1PSjpDXzIwMjYwMTcxMCZ1dG1fY2FtcGFpZ249TGVnaXNsYWNpJUMzJUIzbiUyMFNlbWFuYWwlMjAyMCUyMGElMjAyNCUyMGRlJTIwQWJyaWwlMjAyMDI2JnV0bV9tZWRpdW09ZW1haWwmdXRtX3NvdXJjZT1NYWlsamV0\" target=\"_blank\" rel=\"noopener\" data-auth=\"NotApplicable\" data-linkindex=\"8\"><u>Protecci\u00f3n de los consumidores de la Uni\u00f3n frente a las pr\u00e1cticas de determinadas plataformas de comercio electr\u00f3nico: el caso de las mu\u00f1ecas sexuales con apariencia infantil, las armas y otros productos y materiales il\u00edcitos<\/u><\/a>\u00a0\u2014 Resoluci\u00f3n del Parlamento Europeo, de 26 de noviembre de 2025, sobre la protecci\u00f3n de los consumidores de la Uni\u00f3n frente a las pr\u00e1cticas de determinadas plataformas de comercio electr\u00f3nico: el caso de las mu\u00f1ecas sexuales con apariencia infantil, las armas y otros productos y materiales il\u00edcitos (2025\/2971(RSP)).<\/li>\n \t<li><a class=\"x_link-build-content\" title=\"https:\/\/go.abogacia.es\/lnk\/AWQAAJkbRq8AAc4eHpQAABAXVFoAAAAA0zoAAKFsABi_EgBp60LvvajyywM6TwGVscOvxuQ0igAYIRA\/5\/37Ut1d4PK0IOHv3c89DdIQ\/aHR0cHM6Ly9ldXItbGV4LmV1cm9wYS5ldS9sZWdhbC1jb250ZW50L0VTL1RYVC9QREYvP3VyaT1PSjpDXzIwMjYwMTcxNSZ1dG1fY2FtcGFpZ249TGVnaXNsYWNpJUMzJUIzbiUyMFNlbWFuYWwlMjAyMCUyMGElMjAyNCUyMGRlJTIwQWJyaWwlMjAyMDI2JnV0bV9tZWRpdW09ZW1haWwmdXRtX3NvdXJjZT1NYWlsamV0\" href=\"https:\/\/go.abogacia.es\/lnk\/AWQAAJkbRq8AAc4eHpQAABAXVFoAAAAA0zoAAKFsABi_EgBp60LvvajyywM6TwGVscOvxuQ0igAYIRA\/5\/37Ut1d4PK0IOHv3c89DdIQ\/aHR0cHM6Ly9ldXItbGV4LmV1cm9wYS5ldS9sZWdhbC1jb250ZW50L0VTL1RYVC9QREYvP3VyaT1PSjpDXzIwMjYwMTcxNSZ1dG1fY2FtcGFpZ249TGVnaXNsYWNpJUMzJUIzbiUyMFNlbWFuYWwlMjAyMCUyMGElMjAyNCUyMGRlJTIwQWJyaWwlMjAyMDI2JnV0bV9tZWRpdW09ZW1haWwmdXRtX3NvdXJjZT1NYWlsamV0\" target=\"_blank\" rel=\"noopener\" data-auth=\"NotApplicable\" data-linkindex=\"9\"><u>Estrategia de la UE sobre los derechos de las personas con discapacidad despu\u00e9s de 2024<\/u><\/a>\u00a0\u2014 Resoluci\u00f3n del Parlamento Europeo, de 27 de noviembre de 2025, sobre la estrategia de la UE sobre los derechos de las personas con discapacidad despu\u00e9s de 2024 (2025\/2057(INI)).<\/li>\n<\/ul>\t\t\t\t\t\t\t\t<\/div>\n\t\t\t\t<\/div>\n\t\t\t\t<div class=\"elementor-element elementor-element-1df06b5 elementor-widget elementor-widget-heading\" data-id=\"1df06b5\" data-element_type=\"widget\" data-e-type=\"widget\" data-widget_type=\"heading.default\">\n\t\t\t\t<div class=\"elementor-widget-container\">\n\t\t\t\t\t<h5 class=\"elementor-heading-title elementor-size-default\">CONGRESO DE LOS DIPUTADOS<\/h5>\t\t\t\t<\/div>\n\t\t\t\t<\/div>\n\t\t\t\t<div class=\"elementor-element elementor-element-7f22821a elementor-widget elementor-widget-heading\" data-id=\"7f22821a\" data-element_type=\"widget\" data-e-type=\"widget\" data-widget_type=\"heading.default\">\n\t\t\t\t<div class=\"elementor-widget-container\">\n\t\t\t\t\t<h6 class=\"elementor-heading-title elementor-size-default\">Proyectos de Ley<\/h6>\t\t\t\t<\/div>\n\t\t\t\t<\/div>\n\t\t\t\t<div class=\"elementor-element elementor-element-51fab054 elementor-widget elementor-widget-text-editor\" data-id=\"51fab054\" data-element_type=\"widget\" data-e-type=\"widget\" data-widget_type=\"text-editor.default\">\n\t\t\t\t<div class=\"elementor-widget-container\">\n\t\t\t\t\t\t\t\t\t<ul>\n \t<li><span data-olk-copy-source=\"MessageBody\">Proyecto de\u00a0<\/span><a class=\"x_link-build-content\" title=\"https:\/\/go.abogacia.es\/lnk\/AW8AAJhuBcYAAc4eHUwAABYpKFAAAAAA0zoAAKFjABi_EgBp6eR98KCXGHUBT8qr91HbA3RBWgAYIRA\/3\/ehX8H9RYiIFAIuhSWFVpnA\/aHR0cHM6Ly93d3cuY29uZ3Jlc28uZXMvcHVibGljX29maWNpYWxlcy9MMTUvQ09ORy9CT0NHL0EvQk9DRy0xNS1BLTkyLTIuUERGP3V0bV9jYW1wYWlnbj1MZWdpc2xhY2klQzMlQjNuJTIwRGlhcmlhJTIwMjMlMjBkZSUyMGFicmlsJTIwZGUlMjAyMDI2JnV0bV9tZWRpdW09ZW1haWwmdXRtX3NvdXJjZT1NYWlsamV0\" href=\"https:\/\/go.abogacia.es\/lnk\/AW8AAJhuBcYAAc4eHUwAABYpKFAAAAAA0zoAAKFjABi_EgBp6eR98KCXGHUBT8qr91HbA3RBWgAYIRA\/3\/ehX8H9RYiIFAIuhSWFVpnA\/aHR0cHM6Ly93d3cuY29uZ3Jlc28uZXMvcHVibGljX29maWNpYWxlcy9MMTUvQ09ORy9CT0NHL0EvQk9DRy0xNS1BLTkyLTIuUERGP3V0bV9jYW1wYWlnbj1MZWdpc2xhY2klQzMlQjNuJTIwRGlhcmlhJTIwMjMlMjBkZSUyMGFicmlsJTIwZGUlMjAyMDI2JnV0bV9tZWRpdW09ZW1haWwmdXRtX3NvdXJjZT1NYWlsamV0\" target=\"_blank\" rel=\"noopener\" data-auth=\"NotApplicable\" data-linkindex=\"10\"><u>reforma del art\u00edculo 43 de la Constituci\u00f3n Espa\u00f1ola<\/u><\/a>.\u00a0<i>Enmiendas a la totalidad.<\/i><\/li>\n<\/ul>\t\t\t\t\t\t\t\t<\/div>\n\t\t\t\t<\/div>\n\t\t\t\t<div class=\"elementor-element elementor-element-34361ea5 elementor-widget elementor-widget-heading\" data-id=\"34361ea5\" data-element_type=\"widget\" data-e-type=\"widget\" data-widget_type=\"heading.default\">\n\t\t\t\t<div class=\"elementor-widget-container\">\n\t\t\t\t\t<h6 class=\"elementor-heading-title elementor-size-default\">Proposiciones de Ley<\/h6>\t\t\t\t<\/div>\n\t\t\t\t<\/div>\n\t\t\t\t<div class=\"elementor-element elementor-element-cc3c9bf elementor-widget elementor-widget-text-editor\" data-id=\"cc3c9bf\" data-element_type=\"widget\" data-e-type=\"widget\" data-widget_type=\"text-editor.default\">\n\t\t\t\t<div class=\"elementor-widget-container\">\n\t\t\t\t\t\t\t\t\t<ul>\n \t<li><span data-olk-copy-source=\"MessageBody\">Proposici\u00f3n de Ley de\u00a0<\/span><a class=\"x_link-build-content\" title=\"https:\/\/go.abogacia.es\/lnk\/AWQAAJkbRq8AAc4eHpQAABAXVFoAAAAA0zoAAKFsABi_EgBp60LvvajyywM6TwGVscOvxuQ0igAYIRA\/6\/kp1Qq6yvqg4I5cz-3JI5Lw\/aHR0cHM6Ly93d3cuY29uZ3Jlc28uZXMvcHVibGljX29maWNpYWxlcy9MMTUvQ09ORy9CT0NHL0IvQk9DRy0xNS1CLTMyMy0xLlBERj91dG1fY2FtcGFpZ249TGVnaXNsYWNpJUMzJUIzbiUyMFNlbWFuYWwlMjAyMCUyMGElMjAyNCUyMGRlJTIwQWJyaWwlMjAyMDI2JnV0bV9tZWRpdW09ZW1haWwmdXRtX3NvdXJjZT1NYWlsamV0\" href=\"https:\/\/go.abogacia.es\/lnk\/AWQAAJkbRq8AAc4eHpQAABAXVFoAAAAA0zoAAKFsABi_EgBp60LvvajyywM6TwGVscOvxuQ0igAYIRA\/6\/kp1Qq6yvqg4I5cz-3JI5Lw\/aHR0cHM6Ly93d3cuY29uZ3Jlc28uZXMvcHVibGljX29maWNpYWxlcy9MMTUvQ09ORy9CT0NHL0IvQk9DRy0xNS1CLTMyMy0xLlBERj91dG1fY2FtcGFpZ249TGVnaXNsYWNpJUMzJUIzbiUyMFNlbWFuYWwlMjAyMCUyMGElMjAyNCUyMGRlJTIwQWJyaWwlMjAyMDI2JnV0bV9tZWRpdW09ZW1haWwmdXRtX3NvdXJjZT1NYWlsamV0\" target=\"_blank\" rel=\"noopener\" data-auth=\"NotApplicable\" data-linkindex=\"11\"><u>reforma integral del trabajo aut\u00f3nomo.<\/u><\/a>\u00a0<i>Presentada por el Grupo Parlamentario Junts per Catalunya.<\/i><\/li>\n \t<li>Proposici\u00f3n de Ley para la\u00a0<a class=\"x_link-build-content\" title=\"https:\/\/go.abogacia.es\/lnk\/AWQAAJkbRq8AAc4eHpQAABAXVFoAAAAA0zoAAKFsABi_EgBp60LvvajyywM6TwGVscOvxuQ0igAYIRA\/7\/ePMCoOwowIBTSslpHlAsxg\/aHR0cHM6Ly93d3cuY29uZ3Jlc28uZXMvcHVibGljX29maWNpYWxlcy9MMTUvQ09ORy9CT0NHL0IvQk9DRy0xNS1CLTMyNC0xLlBERj91dG1fY2FtcGFpZ249TGVnaXNsYWNpJUMzJUIzbiUyMFNlbWFuYWwlMjAyMCUyMGElMjAyNCUyMGRlJTIwQWJyaWwlMjAyMDI2JnV0bV9tZWRpdW09ZW1haWwmdXRtX3NvdXJjZT1NYWlsamV0\" href=\"https:\/\/go.abogacia.es\/lnk\/AWQAAJkbRq8AAc4eHpQAABAXVFoAAAAA0zoAAKFsABi_EgBp60LvvajyywM6TwGVscOvxuQ0igAYIRA\/7\/ePMCoOwowIBTSslpHlAsxg\/aHR0cHM6Ly93d3cuY29uZ3Jlc28uZXMvcHVibGljX29maWNpYWxlcy9MMTUvQ09ORy9CT0NHL0IvQk9DRy0xNS1CLTMyNC0xLlBERj91dG1fY2FtcGFpZ249TGVnaXNsYWNpJUMzJUIzbiUyMFNlbWFuYWwlMjAyMCUyMGElMjAyNCUyMGRlJTIwQWJyaWwlMjAyMDI2JnV0bV9tZWRpdW09ZW1haWwmdXRtX3NvdXJjZT1NYWlsamV0\" target=\"_blank\" rel=\"noopener\" data-auth=\"NotApplicable\" data-linkindex=\"12\"><u>promoci\u00f3n del consumo de alimentos y bebidas saludables.<\/u><\/a>\u00a0<i>Presentada por el Grupo Parlamentario Plurinacional SUMAR.<\/i><\/li>\n<\/ul>\t\t\t\t\t\t\t\t<\/div>\n\t\t\t\t<\/div>\n\t\t\t\t<div class=\"elementor-element elementor-element-672c7821 elementor-widget elementor-widget-heading\" data-id=\"672c7821\" data-element_type=\"widget\" data-e-type=\"widget\" data-widget_type=\"heading.default\">\n\t\t\t\t<div class=\"elementor-widget-container\">\n\t\t\t\t\t<h5 class=\"elementor-heading-title elementor-size-default\">CONSEJO DE MINISTROS<\/h5>\t\t\t\t<\/div>\n\t\t\t\t<\/div>\n\t\t\t\t<div class=\"elementor-element elementor-element-305ddf91 elementor-widget elementor-widget-text-editor\" data-id=\"305ddf91\" data-element_type=\"widget\" data-e-type=\"widget\" data-widget_type=\"text-editor.default\">\n\t\t\t\t<div class=\"elementor-widget-container\">\n\t\t\t\t\t\t\t\t\t<strong>Presidencia, Justicia y Relaciones con las Cortes<\/strong>\n<ul>\n \t<li><span data-olk-copy-source=\"MessageBody\">Acuerdo por el que\u00a0<\/span><a class=\"x_link-build-content\" title=\"https:\/\/go.abogacia.es\/lnk\/AWEAAJXH88YAAc4eG44AABYpKFAAAAAA0zoAAKFjABi_EgBp6Jp31QqaQr4ITiSe1ESslBeZtQAYIRA\/4\/YxdUPgxV62cWbDmBNuxH6A\/aHR0cHM6Ly93d3cubGFtb25jbG9hLmdvYi5lcy9jb25zZWpvZGVtaW5pc3Ryb3MvcmVmZXJlbmNpYXMvUGFnaW5hcy8yMDI2LzIwMjYwNDIxLXJlZmVyZW5jaWEtcnVlZGEtZGUtcHJlbnNhLW1pbmlzdHJvcy5hc3B4P3V0bV9jYW1wYWlnbj1MZWdpc2xhY2klQzMlQjNuJTIwRGlhcmlhJTIwMjIlMjBkZSUyMGFicmlsJTIwZGUlMjAyMDI2JnV0bV9tZWRpdW09ZW1haWwmdXRtX3NvdXJjZT1NYWlsamV0I2RlY2xhcmFjaW9u#declaracion\" href=\"https:\/\/go.abogacia.es\/lnk\/AWEAAJXH88YAAc4eG44AABYpKFAAAAAA0zoAAKFjABi_EgBp6Jp31QqaQr4ITiSe1ESslBeZtQAYIRA\/4\/YxdUPgxV62cWbDmBNuxH6A\/aHR0cHM6Ly93d3cubGFtb25jbG9hLmdvYi5lcy9jb25zZWpvZGVtaW5pc3Ryb3MvcmVmZXJlbmNpYXMvUGFnaW5hcy8yMDI2LzIwMjYwNDIxLXJlZmVyZW5jaWEtcnVlZGEtZGUtcHJlbnNhLW1pbmlzdHJvcy5hc3B4P3V0bV9jYW1wYWlnbj1MZWdpc2xhY2klQzMlQjNuJTIwRGlhcmlhJTIwMjIlMjBkZSUyMGFicmlsJTIwZGUlMjAyMDI2JnV0bV9tZWRpdW09ZW1haWwmdXRtX3NvdXJjZT1NYWlsamV0I2RlY2xhcmFjaW9u#declaracion\" data-auth=\"NotApplicable\" data-linkindex=\"13\"><u>se aprueba la declaraci\u00f3n institucional en defensa y promoci\u00f3n de los derechos de propiedad intelectual e industrial con motivo de la celebraci\u00f3n del D\u00eda Mundial de la Propiedad Intelectual e Industrial de 2026<\/u><\/a>.<\/li>\n<\/ul>\n<strong>Educaci\u00f3n, Formaci\u00f3n Profesional y Deportes<\/strong>\n<ul>\n \t<li><span data-olk-copy-source=\"MessageBody\">Anteproyecto de Ley por la que\u00a0<\/span><a class=\"x_link-build-content\" title=\"https:\/\/go.abogacia.es\/lnk\/AWEAAJXH88YAAc4eG44AABYpKFAAAAAA0zoAAKFjABi_EgBp6Jp31QqaQr4ITiSe1ESslBeZtQAYIRA\/5\/PBeGSE3PDvW8WRYLCfePRA\/aHR0cHM6Ly93d3cubGFtb25jbG9hLmdvYi5lcy9jb25zZWpvZGVtaW5pc3Ryb3MvcmVmZXJlbmNpYXMvUGFnaW5hcy8yMDI2LzIwMjYwNDIxLXJlZmVyZW5jaWEtcnVlZGEtZGUtcHJlbnNhLW1pbmlzdHJvcy5hc3B4P3V0bV9jYW1wYWlnbj1MZWdpc2xhY2klQzMlQjNuJTIwRGlhcmlhJTIwMjIlMjBkZSUyMGFicmlsJTIwZGUlMjAyMDI2JnV0bV9tZWRpdW09ZW1haWwmdXRtX3NvdXJjZT1NYWlsamV0I3VuaXZlcnNpdGFyaW8#universitario\" href=\"https:\/\/go.abogacia.es\/lnk\/AWEAAJXH88YAAc4eG44AABYpKFAAAAAA0zoAAKFjABi_EgBp6Jp31QqaQr4ITiSe1ESslBeZtQAYIRA\/5\/PBeGSE3PDvW8WRYLCfePRA\/aHR0cHM6Ly93d3cubGFtb25jbG9hLmdvYi5lcy9jb25zZWpvZGVtaW5pc3Ryb3MvcmVmZXJlbmNpYXMvUGFnaW5hcy8yMDI2LzIwMjYwNDIxLXJlZmVyZW5jaWEtcnVlZGEtZGUtcHJlbnNhLW1pbmlzdHJvcy5hc3B4P3V0bV9jYW1wYWlnbj1MZWdpc2xhY2klQzMlQjNuJTIwRGlhcmlhJTIwMjIlMjBkZSUyMGFicmlsJTIwZGUlMjAyMDI2JnV0bV9tZWRpdW09ZW1haWwmdXRtX3NvdXJjZT1NYWlsamV0I3VuaXZlcnNpdGFyaW8#universitario\" target=\"_blank\" rel=\"noopener\" data-auth=\"NotApplicable\" data-linkindex=\"14\"><u>se modifican la Ley Org\u00e1nica 2\/2006, de 3 de mayo, de Educaci\u00f3n, y la Ley 4\/2019, de 7 de marzo, de mejora de las condiciones para el desempe\u00f1o de la docencia y la ense\u00f1anza en el \u00e1mbito de la educaci\u00f3n no universitaria, y se adoptan otras medidas para la mejora del sistema educativo<\/u><\/a>.<\/li>\n<\/ul>\n<p class=\"x_text-build-content\"><b>Igualdad<\/b><\/p>\n\n<ul>\n \t<li>Acuerdo por el que\u00a0<a class=\"x_link-build-content\" title=\"https:\/\/go.abogacia.es\/lnk\/AWEAAJXH88YAAc4eG44AABYpKFAAAAAA0zoAAKFjABi_EgBp6Jp31QqaQr4ITiSe1ESslBeZtQAYIRA\/6\/kJ5SR7rKSt4GVMl-_0ThpQ\/aHR0cHM6Ly93d3cubGFtb25jbG9hLmdvYi5lcy9jb25zZWpvZGVtaW5pc3Ryb3MvcmVmZXJlbmNpYXMvUGFnaW5hcy8yMDI2LzIwMjYwNDIxLXJlZmVyZW5jaWEtcnVlZGEtZGUtcHJlbnNhLW1pbmlzdHJvcy5hc3B4P3V0bV9jYW1wYWlnbj1MZWdpc2xhY2klQzMlQjNuJTIwRGlhcmlhJTIwMjIlMjBkZSUyMGFicmlsJTIwZGUlMjAyMDI2JnV0bV9tZWRpdW09ZW1haWwmdXRtX3NvdXJjZT1NYWlsamV0I211amVy#mujer\" href=\"https:\/\/go.abogacia.es\/lnk\/AWEAAJXH88YAAc4eG44AABYpKFAAAAAA0zoAAKFjABi_EgBp6Jp31QqaQr4ITiSe1ESslBeZtQAYIRA\/6\/kJ5SR7rKSt4GVMl-_0ThpQ\/aHR0cHM6Ly93d3cubGFtb25jbG9hLmdvYi5lcy9jb25zZWpvZGVtaW5pc3Ryb3MvcmVmZXJlbmNpYXMvUGFnaW5hcy8yMDI2LzIwMjYwNDIxLXJlZmVyZW5jaWEtcnVlZGEtZGUtcHJlbnNhLW1pbmlzdHJvcy5hc3B4P3V0bV9jYW1wYWlnbj1MZWdpc2xhY2klQzMlQjNuJTIwRGlhcmlhJTIwMjIlMjBkZSUyMGFicmlsJTIwZGUlMjAyMDI2JnV0bV9tZWRpdW09ZW1haWwmdXRtX3NvdXJjZT1NYWlsamV0I211amVy#mujer\" target=\"_blank\" rel=\"noopener\" data-auth=\"NotApplicable\" data-linkindex=\"15\"><u>se toma conocimiento del XVIII Informe Anual del Observatorio Estatal de Violencia sobre la Mujer y se dispone su remisi\u00f3n a las Cortes Generales<\/u><\/a>.<\/li>\n<\/ul>\t\t\t\t\t\t\t\t<\/div>\n\t\t\t\t<\/div>\n\t\t\t\t<div class=\"elementor-element elementor-element-73fe1243 elementor-widget elementor-widget-heading\" data-id=\"73fe1243\" data-element_type=\"widget\" data-e-type=\"widget\" data-widget_type=\"heading.default\">\n\t\t\t\t<div class=\"elementor-widget-container\">\n\t\t\t\t\t<h5 class=\"elementor-heading-title elementor-size-default\">CONSULTA P\u00daBLICA PREVIA<\/h5>\t\t\t\t<\/div>\n\t\t\t\t<\/div>\n\t\t\t\t<div class=\"elementor-element elementor-element-45ac8e07 elementor-widget elementor-widget-heading\" data-id=\"45ac8e07\" data-element_type=\"widget\" data-e-type=\"widget\" data-widget_type=\"heading.default\">\n\t\t\t\t<div class=\"elementor-widget-container\">\n\t\t\t\t\t<h6 class=\"elementor-heading-title elementor-size-default\">Ministerio de la Presidencia, Justicia y Relaciones con las Cortes<\/h6>\t\t\t\t<\/div>\n\t\t\t\t<\/div>\n\t\t\t\t<div class=\"elementor-element elementor-element-243fe599 elementor-widget elementor-widget-text-editor\" data-id=\"243fe599\" data-element_type=\"widget\" data-e-type=\"widget\" data-widget_type=\"text-editor.default\">\n\t\t\t\t<div class=\"elementor-widget-container\">\n\t\t\t\t\t\t\t\t\t<ul>\n \t<li><span data-olk-copy-source=\"MessageBody\">Proyecto de Real Decreto por el que\u00a0<\/span><a class=\"x_link-build-content\" title=\"https:\/\/go.abogacia.es\/lnk\/AW8AAJhuBcYAAc4eHUwAABYpKFAAAAAA0zoAAKFjABi_EgBp6eR98KCXGHUBT8qr91HbA3RBWgAYIRA\/5\/aAV8ldRHxcpb1e2YjkqTkw\/aHR0cHM6Ly93d3cubWp1c3RpY2lhLmdvYi5lcy9lcy9jaXVkYWRhbmlhL25vcm1hcy10cmFtaXRhY2lvbj91dG1fY2FtcGFpZ249TGVnaXNsYWNpJUMzJUIzbiUyMERpYXJpYSUyMDIzJTIwZGUlMjBhYnJpbCUyMGRlJTIwMjAyNiZ1dG1fbWVkaXVtPWVtYWlsJnV0bV9zb3VyY2U9TWFpbGpldA\" href=\"https:\/\/go.abogacia.es\/lnk\/AW8AAJhuBcYAAc4eHUwAABYpKFAAAAAA0zoAAKFjABi_EgBp6eR98KCXGHUBT8qr91HbA3RBWgAYIRA\/5\/aAV8ldRHxcpb1e2YjkqTkw\/aHR0cHM6Ly93d3cubWp1c3RpY2lhLmdvYi5lcy9lcy9jaXVkYWRhbmlhL25vcm1hcy10cmFtaXRhY2lvbj91dG1fY2FtcGFpZ249TGVnaXNsYWNpJUMzJUIzbiUyMERpYXJpYSUyMDIzJTIwZGUlMjBhYnJpbCUyMGRlJTIwMjAyNiZ1dG1fbWVkaXVtPWVtYWlsJnV0bV9zb3VyY2U9TWFpbGpldA\" target=\"_blank\" rel=\"noopener\" data-auth=\"NotApplicable\" data-linkindex=\"16\"><u>se establece el r\u00e9gimen de colaboraci\u00f3n entre la Administraci\u00f3n de Justicia y las entidades del Tercer Sector de acci\u00f3n social<\/u><\/a>.<\/li>\n<\/ul>\t\t\t\t\t\t\t\t<\/div>\n\t\t\t\t<\/div>\n\t\t\t\t<div class=\"elementor-element elementor-element-268d0b8 elementor-widget elementor-widget-heading\" data-id=\"268d0b8\" data-element_type=\"widget\" data-e-type=\"widget\" data-widget_type=\"heading.default\">\n\t\t\t\t<div class=\"elementor-widget-container\">\n\t\t\t\t\t<h5 class=\"elementor-heading-title elementor-size-default\">AUDIENCIA E INFORMACI\u00d3N P\u00daBLICA<\/h5>\t\t\t\t<\/div>\n\t\t\t\t<\/div>\n\t\t\t\t<div class=\"elementor-element elementor-element-2b4170c1 elementor-widget elementor-widget-text-editor\" data-id=\"2b4170c1\" data-element_type=\"widget\" data-e-type=\"widget\" data-widget_type=\"text-editor.default\">\n\t\t\t\t<div class=\"elementor-widget-container\">\n\t\t\t\t\t\t\t\t\t<strong>Ministerio de Hacienda<\/strong>\n<ul>\n \t<li><span data-olk-copy-source=\"MessageBody\">Proyecto de Real Decreto por el que se aprueba el Reglamento de represi\u00f3n del contrabando y por el que se modifica el Real Decreto 95\/2009, de 6 de febrero, por el que\u00a0<\/span><a class=\"x_link-build-content\" title=\"https:\/\/go.abogacia.es\/lnk\/AUYAAJaXPssAAc4eGpoAABYpKFAAAAAA0zoAAKFjABi_EgBp5zoMbh8p08OXSPqCpS4BbDaBGAAYIRA\/2\/6k_aE4Y5n69tNUxL7Z492Q\/aHR0cHM6Ly93d3cuaGFjaWVuZGEuZ29iLmVzL2VzLWVzL25vcm1hdGl2YSUyMHklMjBkb2N0cmluYS9ub3JtYXNlbnRyYW1pdGFjaW9uL3BhZ2luYXMvYXVkaWVuY2lhYWJpZXJ0YXMuYXNweD91dG1fY2FtcGFpZ249TGVnaXNsYWNpJUMzJUIzbiUyMERpYXJpYSUyMDIxJTIwZGUlMjBhYnJpbCUyMGRlJTIwMjAyNiZ1dG1fbWVkaXVtPWVtYWlsJnV0bV9zb3VyY2U9TWFpbGpldA\" href=\"https:\/\/go.abogacia.es\/lnk\/AUYAAJaXPssAAc4eGpoAABYpKFAAAAAA0zoAAKFjABi_EgBp5zoMbh8p08OXSPqCpS4BbDaBGAAYIRA\/2\/6k_aE4Y5n69tNUxL7Z492Q\/aHR0cHM6Ly93d3cuaGFjaWVuZGEuZ29iLmVzL2VzLWVzL25vcm1hdGl2YSUyMHklMjBkb2N0cmluYS9ub3JtYXNlbnRyYW1pdGFjaW9uL3BhZ2luYXMvYXVkaWVuY2lhYWJpZXJ0YXMuYXNweD91dG1fY2FtcGFpZ249TGVnaXNsYWNpJUMzJUIzbiUyMERpYXJpYSUyMDIxJTIwZGUlMjBhYnJpbCUyMGRlJTIwMjAyNiZ1dG1fbWVkaXVtPWVtYWlsJnV0bV9zb3VyY2U9TWFpbGpldA\" target=\"_blank\" rel=\"noopener\" data-auth=\"NotApplicable\" data-linkindex=\"17\"><u>se regula el Sistema de registros administrativos de apoyo a la Administraci\u00f3n de Justicia<\/u><\/a>.<\/li>\n \t<li>Proyecto de Orden por la que se modifica la Orden HAP\/2662\/2012, de 13 de diciembre, por la que\u00a0<a class=\"x_link-build-content\" title=\"https:\/\/go.abogacia.es\/lnk\/AWQAAJkbRq8AAc4eHpQAABAXVFoAAAAA0zoAAKFsABi_EgBp60LvvajyywM6TwGVscOvxuQ0igAYIRA\/8\/DzMy4yfR5RJ3-UIVEPy_Cg\/aHR0cHM6Ly93d3cuaGFjaWVuZGEuZ29iLmVzL2VzLWVzL25vcm1hdGl2YSUyMHklMjBkb2N0cmluYS9ub3JtYXNlbnRyYW1pdGFjaW9uL3BhZ2luYXMvYXVkaWVuY2lhYWJpZXJ0YXMuYXNweD91dG1fY2FtcGFpZ249TGVnaXNsYWNpJUMzJUIzbiUyMFNlbWFuYWwlMjAyMCUyMGElMjAyNCUyMGRlJTIwQWJyaWwlMjAyMDI2JnV0bV9tZWRpdW09ZW1haWwmdXRtX3NvdXJjZT1NYWlsamV0\" href=\"https:\/\/go.abogacia.es\/lnk\/AWQAAJkbRq8AAc4eHpQAABAXVFoAAAAA0zoAAKFsABi_EgBp60LvvajyywM6TwGVscOvxuQ0igAYIRA\/8\/DzMy4yfR5RJ3-UIVEPy_Cg\/aHR0cHM6Ly93d3cuaGFjaWVuZGEuZ29iLmVzL2VzLWVzL25vcm1hdGl2YSUyMHklMjBkb2N0cmluYS9ub3JtYXNlbnRyYW1pdGFjaW9uL3BhZ2luYXMvYXVkaWVuY2lhYWJpZXJ0YXMuYXNweD91dG1fY2FtcGFpZ249TGVnaXNsYWNpJUMzJUIzbiUyMFNlbWFuYWwlMjAyMCUyMGElMjAyNCUyMGRlJTIwQWJyaWwlMjAyMDI2JnV0bV9tZWRpdW09ZW1haWwmdXRtX3NvdXJjZT1NYWlsamV0\" target=\"_blank\" rel=\"noopener\" data-auth=\"NotApplicable\" data-linkindex=\"18\"><u>se aprueba el modelo 696 de autoliquidaci\u00f3n, y el modelo 695 de solicitud de devoluci\u00f3n, de la tasa por ejercicio de la potestad jurisdiccional en los \u00f3rdenes civil, contencioso-administrativo y social y se determinan el lugar, forma, plazos y los procedimientos de presentaci\u00f3n.<\/u><\/a><\/li>\n<\/ul>\n<p class=\"x_text-build-content\"><b>Ministerio para la Transformaci\u00f3n digital y de la Funci\u00f3n P\u00fablica<\/b><\/p>\n\n<ul>\n \t<li>Audiencia p\u00fablica sobre el Proyecto de Real Decreto por el que\u00a0<a class=\"x_link-build-content\" title=\"https:\/\/go.abogacia.es\/lnk\/AW8AAJhuBcYAAc4eHUwAABYpKFAAAAAA0zoAAKFjABi_EgBp6eR98KCXGHUBT8qr91HbA3RBWgAYIRA\/4\/a0smxabFqNASU8qy8oC4Mg\/aHR0cHM6Ly9kaWdpdGFsLmdvYi5lcy9taW5pc3RlcmlvL3BhcnRpY2lwYWNpb24tcHJveWVjdG9zLW5vcm1hdGl2b3MvaW5mb3JtYWNpb24tcHVibGljYS8yMDI2LTA0LTIyP3V0bV9jYW1wYWlnbj1MZWdpc2xhY2klQzMlQjNuJTIwRGlhcmlhJTIwMjMlMjBkZSUyMGFicmlsJTIwZGUlMjAyMDI2JnV0bV9tZWRpdW09ZW1haWwmdXRtX3NvdXJjZT1NYWlsamV0\" href=\"https:\/\/go.abogacia.es\/lnk\/AW8AAJhuBcYAAc4eHUwAABYpKFAAAAAA0zoAAKFjABi_EgBp6eR98KCXGHUBT8qr91HbA3RBWgAYIRA\/4\/a0smxabFqNASU8qy8oC4Mg\/aHR0cHM6Ly9kaWdpdGFsLmdvYi5lcy9taW5pc3RlcmlvL3BhcnRpY2lwYWNpb24tcHJveWVjdG9zLW5vcm1hdGl2b3MvaW5mb3JtYWNpb24tcHVibGljYS8yMDI2LTA0LTIyP3V0bV9jYW1wYWlnbj1MZWdpc2xhY2klQzMlQjNuJTIwRGlhcmlhJTIwMjMlMjBkZSUyMGFicmlsJTIwZGUlMjAyMDI2JnV0bV9tZWRpdW09ZW1haWwmdXRtX3NvdXJjZT1NYWlsamV0\" target=\"_blank\" rel=\"noopener\" data-auth=\"NotApplicable\" data-linkindex=\"19\"><u>se aprueba el Reglamento relativo al servicio universal de telecomunicaciones<\/u><\/a>.<\/li>\n<\/ul>\t\t\t\t\t\t\t\t<\/div>\n\t\t\t\t<\/div>\n\t\t\t\t<div class=\"elementor-element elementor-element-6149f92 elementor-widget elementor-widget-heading\" data-id=\"6149f92\" data-element_type=\"widget\" data-e-type=\"widget\" data-widget_type=\"heading.default\">\n\t\t\t\t<div class=\"elementor-widget-container\">\n\t\t\t\t\t<h5 class=\"elementor-heading-title elementor-size-default\">BOLET\u00cdN OFICIAL DE LA JUNTA DE ANDALUC\u00cdA<\/h5>\t\t\t\t<\/div>\n\t\t\t\t<\/div>\n\t\t\t\t<div class=\"elementor-element elementor-element-baad912 elementor-widget elementor-widget-text-editor\" data-id=\"baad912\" data-element_type=\"widget\" data-e-type=\"widget\" data-widget_type=\"text-editor.default\">\n\t\t\t\t<div class=\"elementor-widget-container\">\n\t\t\t\t\t\t\t\t\t<strong>Disposiciones generales \/ Consejer\u00eda de\u00a0 Justicia, Administraci\u00f3n Local y Funci\u00f3n P\u00fablica<\/strong>\n<ul>\n \t<li><span data-olk-copy-source=\"MessageBody\">Orden de 15 de abril de 2026, por la que se modifica la Orden de 3 de noviembre de 2023, por la que\u00a0<\/span><a class=\"x_link-build-content\" title=\"https:\/\/go.abogacia.es\/lnk\/AW8AAJhuBcYAAc4eHUwAABYpKFAAAAAA0zoAAKFjABi_EgBp6eR98KCXGHUBT8qr91HbA3RBWgAYIRA\/6\/No04btPqdlQmrqJYGBhEdQ\/aHR0cHM6Ly93d3cuanVudGFkZWFuZGFsdWNpYS5lcy9lYm9qYS8yMDI2Lzc3L0JPSkEyNi0wNzctMDAwMDYtNTI2OC0wMV8wMDMzNjUwNS5wZGY_dXRtX2NhbXBhaWduPUxlZ2lzbGFjaSVDMyVCM24lMjBEaWFyaWElMjAyMyUyMGRlJTIwYWJyaWwlMjBkZSUyMDIwMjYmdXRtX21lZGl1bT1lbWFpbCZ1dG1fc291cmNlPU1haWxqZXQ\" href=\"https:\/\/go.abogacia.es\/lnk\/AW8AAJhuBcYAAc4eHUwAABYpKFAAAAAA0zoAAKFjABi_EgBp6eR98KCXGHUBT8qr91HbA3RBWgAYIRA\/6\/No04btPqdlQmrqJYGBhEdQ\/aHR0cHM6Ly93d3cuanVudGFkZWFuZGFsdWNpYS5lcy9lYm9qYS8yMDI2Lzc3L0JPSkEyNi0wNzctMDAwMDYtNTI2OC0wMV8wMDMzNjUwNS5wZGY_dXRtX2NhbXBhaWduPUxlZ2lzbGFjaSVDMyVCM24lMjBEaWFyaWElMjAyMyUyMGRlJTIwYWJyaWwlMjBkZSUyMDIwMjYmdXRtX21lZGl1bT1lbWFpbCZ1dG1fc291cmNlPU1haWxqZXQ\" target=\"_blank\" rel=\"noopener\" data-auth=\"NotApplicable\" data-linkindex=\"20\"><u>se aprueban los m\u00f3dulos y bases de compensaci\u00f3n econ\u00f3mica de los servicios de asistencia jur\u00eddica gratuita prestados en el turno de oficio por los profesionales de la abogac\u00eda y de la procuradur\u00eda<\/u><\/a>.<\/li>\n<\/ul>\n<p class=\"x_text-build-content\"><b>Disposiciones generales \/ Consejer\u00eda de Inclusi\u00f3n Social, Juventud, Familias e Igualdad<\/b><\/p>\n\n<ul>\n \t<li>Decreto 78\/2026, de 15 de abril, por el que\u00a0<a class=\"x_link-build-content\" title=\"https:\/\/go.abogacia.es\/lnk\/AUYAAJaXPssAAc4eGpoAABYpKFAAAAAA0zoAAKFjABi_EgBp5zoMbh8p08OXSPqCpS4BbDaBGAAYIRA\/3\/wIZ8cOqTOXcdWKxtnXZ2yA\/aHR0cHM6Ly93d3cuanVudGFkZWFuZGFsdWNpYS5lcy9lYm9qYS8yMDI2Lzc1L0JPSkEyNi0wNzUtMDAwMjItNTIxNy0wMV8wMDMzNjQ1My5wZGY_dXRtX2NhbXBhaWduPUxlZ2lzbGFjaSVDMyVCM24lMjBEaWFyaWElMjAyMSUyMGRlJTIwYWJyaWwlMjBkZSUyMDIwMjYmdXRtX21lZGl1bT1lbWFpbCZ1dG1fc291cmNlPU1haWxqZXQ\" href=\"https:\/\/go.abogacia.es\/lnk\/AUYAAJaXPssAAc4eGpoAABYpKFAAAAAA0zoAAKFjABi_EgBp5zoMbh8p08OXSPqCpS4BbDaBGAAYIRA\/3\/wIZ8cOqTOXcdWKxtnXZ2yA\/aHR0cHM6Ly93d3cuanVudGFkZWFuZGFsdWNpYS5lcy9lYm9qYS8yMDI2Lzc1L0JPSkEyNi0wNzUtMDAwMjItNTIxNy0wMV8wMDMzNjQ1My5wZGY_dXRtX2NhbXBhaWduPUxlZ2lzbGFjaSVDMyVCM24lMjBEaWFyaWElMjAyMSUyMGRlJTIwYWJyaWwlMjBkZSUyMDIwMjYmdXRtX21lZGl1bT1lbWFpbCZ1dG1fc291cmNlPU1haWxqZXQ\" target=\"_blank\" rel=\"noopener\" data-auth=\"NotApplicable\" data-linkindex=\"21\"><u>se regula el reconocimiento de la condici\u00f3n de familia monoparental en la Comunidad Aut\u00f3noma de Andaluc\u00eda<\/u><\/a>.<\/li>\n<\/ul>\n<p class=\"x_text-build-content\"><b>Otras disposiciones \/ Consejer\u00eda de Justicia, Administraci\u00f3n Local y Funci\u00f3n P\u00fablica<\/b><\/p>\n\n<ul>\n \t<li>Resoluci\u00f3n de 16 de abril de 2026, de la Direcci\u00f3n General de Justicia Juvenil y Cooperaci\u00f3n, por la que\u00a0<a class=\"x_link-build-content\" title=\"https:\/\/go.abogacia.es\/lnk\/AW8AAJhuBcYAAc4eHUwAABYpKFAAAAAA0zoAAKFjABi_EgBp6eR98KCXGHUBT8qr91HbA3RBWgAYIRA\/7\/jY9eXgOykPptiMWKSzLYtw\/aHR0cHM6Ly93d3cuanVudGFkZWFuZGFsdWNpYS5lcy9lYm9qYS8yMDI2Lzc3L0JPSkEyNi0wNzctMDAwMDMtNTI2NC0wMV8wMDMzNjUwMS5wZGY_dXRtX2NhbXBhaWduPUxlZ2lzbGFjaSVDMyVCM24lMjBEaWFyaWElMjAyMyUyMGRlJTIwYWJyaWwlMjBkZSUyMDIwMjYmdXRtX21lZGl1bT1lbWFpbCZ1dG1fc291cmNlPU1haWxqZXQ\" href=\"https:\/\/go.abogacia.es\/lnk\/AW8AAJhuBcYAAc4eHUwAABYpKFAAAAAA0zoAAKFjABi_EgBp6eR98KCXGHUBT8qr91HbA3RBWgAYIRA\/7\/jY9eXgOykPptiMWKSzLYtw\/aHR0cHM6Ly93d3cuanVudGFkZWFuZGFsdWNpYS5lcy9lYm9qYS8yMDI2Lzc3L0JPSkEyNi0wNzctMDAwMDMtNTI2NC0wMV8wMDMzNjUwMS5wZGY_dXRtX2NhbXBhaWduPUxlZ2lzbGFjaSVDMyVCM24lMjBEaWFyaWElMjAyMyUyMGRlJTIwYWJyaWwlMjBkZSUyMDIwMjYmdXRtX21lZGl1bT1lbWFpbCZ1dG1fc291cmNlPU1haWxqZXQ\" target=\"_blank\" rel=\"noopener\" data-auth=\"NotApplicable\" data-linkindex=\"22\"><u>se aprueba la modificaci\u00f3n de los Estatutos del Consejo Andaluz de Colegios de Procuradores de los Tribunales y se dispone su inscripci\u00f3n el Registro de Colegios Profesionales de Andaluc\u00eda y de Consejos Andaluces de Colegios Profesionales<\/u><\/a>.<\/li>\n<\/ul>\t\t\t\t\t\t\t\t<\/div>\n\t\t\t\t<\/div>\n\t\t\t\t\t<\/div>\n\t\t<\/div>\n\t\t\t\t\t<\/div>\n\t\t<\/section>\n\t\t\t\t<\/div>\n\t\t","protected":false},"excerpt":{"rendered":"<p>Legislaci\u00f3n Semanal &#8211; Del 20 al 24 de abril de 2026 BOLET\u00cdN OFICIAL DEL ESTADO Disposiciones generales \/ Ministerio de Vivienda y Agenda Urbana Real Decreto 326\/2026, de 22 de abril, por el que\u00a0se regula el Plan Estatal de Vivienda 2026-2030. DIARIO OFICIAL DE LA UNI\u00d3N EUROPEA Comunicaciones e informaciones Lucha contra la represi\u00f3n transnacional [&hellip;]<\/p>\n","protected":false},"author":1,"featured_media":0,"comment_status":"open","ping_status":"open","sticky":false,"template":"","format":"standard","meta":{"footnotes":""},"categories":[1],"tags":[],"class_list":["post-20226","post","type-post","status-publish","format-standard","hentry","category-uncategorized"],"_links":{"self":[{"href":"https:\/\/cms.icacordoba.23sd.es\/index.php\/wp-json\/wp\/v2\/posts\/20226","targetHints":{"allow":["GET"]}}],"collection":[{"href":"https:\/\/cms.icacordoba.23sd.es\/index.php\/wp-json\/wp\/v2\/posts"}],"about":[{"href":"https:\/\/cms.icacordoba.23sd.es\/index.php\/wp-json\/wp\/v2\/types\/post"}],"author":[{"embeddable":true,"href":"https:\/\/cms.icacordoba.23sd.es\/index.php\/wp-json\/wp\/v2\/users\/1"}],"replies":[{"embeddable":true,"href":"https:\/\/cms.icacordoba.23sd.es\/index.php\/wp-json\/wp\/v2\/comments?post=20226"}],"version-history":[{"count":9,"href":"https:\/\/cms.icacordoba.23sd.es\/index.php\/wp-json\/wp\/v2\/posts\/20226\/revisions"}],"predecessor-version":[{"id":20247,"href":"https:\/\/cms.icacordoba.23sd.es\/index.php\/wp-json\/wp\/v2\/posts\/20226\/revisions\/20247"}],"wp:attachment":[{"href":"https:\/\/cms.icacordoba.23sd.es\/index.php\/wp-json\/wp\/v2\/media?parent=20226"}],"wp:term":[{"taxonomy":"category","embeddable":true,"href":"https:\/\/cms.icacordoba.23sd.es\/index.php\/wp-json\/wp\/v2\/categories?post=20226"},{"taxonomy":"post_tag","embeddable":true,"href":"https:\/\/cms.icacordoba.23sd.es\/index.php\/wp-json\/wp\/v2\/tags?post=20226"}],"curies":[{"name":"wp","href":"https:\/\/api.w.org\/{rel}","templated":true}]}}