{"id":19811,"date":"2026-03-10T09:09:00","date_gmt":"2026-03-10T09:09:00","guid":{"rendered":"https:\/\/cms.icacordoba.23sd.es\/index.php\/19811\/"},"modified":"2026-03-25T11:18:58","modified_gmt":"2026-03-25T11:18:58","slug":"noticia-la-abogacia-de-cordoba-culmina-la-campana-del-8m-con-el-derribo-del-muro-de-la-desigualdad","status":"publish","type":"post","link":"https:\/\/cms.icacordoba.23sd.es\/index.php\/19811\/","title":{"rendered":"NOTICIA \u00bb La Abogac\u00eda de C\u00f3rdoba culmina la campa\u00f1a del 8M con el derribo del Muro de la Desigualdad"},"content":{"rendered":"\t\t<div data-elementor-type=\"wp-post\" data-elementor-id=\"19811\" class=\"elementor elementor-19811\" data-elementor-post-type=\"post\">\n\t\t\t\t\t\t<section class=\"elementor-section elementor-top-section elementor-element elementor-element-a2f7734 elementor-section-boxed elementor-section-height-default elementor-section-height-default\" data-id=\"a2f7734\" data-element_type=\"section\" data-e-type=\"section\">\n\t\t\t\t\t\t<div class=\"elementor-container elementor-column-gap-default\">\n\t\t\t\t\t<div class=\"elementor-column elementor-col-100 elementor-top-column elementor-element elementor-element-06a9120\" data-id=\"06a9120\" data-element_type=\"column\" data-e-type=\"column\">\n\t\t\t<div class=\"elementor-widget-wrap elementor-element-populated\">\n\t\t\t\t\t\t<div class=\"elementor-element elementor-element-c9c956b elementor-widget elementor-widget-text-editor\" data-id=\"c9c956b\" data-element_type=\"widget\" data-e-type=\"widget\" data-widget_type=\"text-editor.default\">\n\t\t\t\t<div class=\"elementor-widget-container\">\n\t\t\t\t\t\t\t\t\t<p data-start=\"1079\" data-end=\"1465\">El Colegio de la Abogac\u00eda de C\u00f3rdoba ha culminado la campa\u00f1a <strong data-start=\"1140\" data-end=\"1171\">\u201cEl Muro de la Desigualdad\u201d<\/strong>, desarrollada con motivo del D\u00eda Internacional de la Mujer, con un acto simb\u00f3lico celebrado en su sede colegial en el que se ha escenificado el derribo del muro que durante toda la semana ha recogido mensajes y reflexiones sobre las desigualdades que todav\u00eda persisten entre mujeres y hombres.<\/p><p data-start=\"1467\" data-end=\"1870\">Durante los \u00faltimos d\u00edas, profesionales de la abogac\u00eda y ciudadan\u00eda han participado en esta iniciativa escribiendo en el muro distintas reflexiones que han permitido visibilizar situaciones de desigualdad presentes en \u00e1mbitos como la violencia de g\u00e9nero, la conciliaci\u00f3n en el entorno familiar, el \u00e1mbito laboral o las barreras que afectan a las mujeres en diferentes contextos sociales y profesionales.<\/p>\t\t\t\t\t\t\t\t<\/div>\n\t\t\t\t<\/div>\n\t\t\t\t\t<\/div>\n\t\t<\/div>\n\t\t\t\t\t<\/div>\n\t\t<\/section>\n\t\t\t\t<section class=\"elementor-section elementor-top-section elementor-element elementor-element-3fede39 elementor-section-boxed elementor-section-height-default elementor-section-height-default\" data-id=\"3fede39\" data-element_type=\"section\" data-e-type=\"section\">\n\t\t\t\t\t\t<div class=\"elementor-container elementor-column-gap-default\">\n\t\t\t\t\t<div class=\"elementor-column elementor-col-50 elementor-top-column elementor-element elementor-element-4e60cbb\" data-id=\"4e60cbb\" data-element_type=\"column\" data-e-type=\"column\">\n\t\t\t<div class=\"elementor-widget-wrap elementor-element-populated\">\n\t\t\t\t\t\t<div class=\"elementor-element elementor-element-616e95f elementor-widget elementor-widget-image\" data-id=\"616e95f\" data-element_type=\"widget\" data-e-type=\"widget\" data-widget_type=\"image.default\">\n\t\t\t\t<div class=\"elementor-widget-container\">\n\t\t\t\t\t\t\t\t\t\t\t\t\t\t\t<img fetchpriority=\"high\" decoding=\"async\" width=\"800\" height=\"534\" src=\"https:\/\/cms.icacordoba.23sd.es\/wp-content\/uploads\/2026\/03\/Diseno-sin-titulo-1024x683.png\" class=\"attachment-large size-large wp-image-19828\" alt=\"\" srcset=\"https:\/\/cms.icacordoba.23sd.es\/wp-content\/uploads\/2026\/03\/Diseno-sin-titulo-1024x683.png 1024w, https:\/\/cms.icacordoba.23sd.es\/wp-content\/uploads\/2026\/03\/Diseno-sin-titulo-300x200.png 300w, https:\/\/cms.icacordoba.23sd.es\/wp-content\/uploads\/2026\/03\/Diseno-sin-titulo-768x512.png 768w, https:\/\/cms.icacordoba.23sd.es\/wp-content\/uploads\/2026\/03\/Diseno-sin-titulo-1536x1024.png 1536w, https:\/\/cms.icacordoba.23sd.es\/wp-content\/uploads\/2026\/03\/Diseno-sin-titulo.png 1800w\" sizes=\"(max-width: 800px) 100vw, 800px\" \/>\t\t\t\t\t\t\t\t\t\t\t\t\t\t\t<\/div>\n\t\t\t\t<\/div>\n\t\t\t\t<div class=\"elementor-element elementor-element-661758e elementor-widget elementor-widget-text-editor\" data-id=\"661758e\" data-element_type=\"widget\" data-e-type=\"widget\" data-widget_type=\"text-editor.default\">\n\t\t\t\t<div class=\"elementor-widget-container\">\n\t\t\t\t\t\t\t\t\tMensajes escritos por profesionales de la abogac\u00eda y ciudadan\u00eda durante la campa\u00f1a \u201cEl Muro de la Desigualdad\u201d.\t\t\t\t\t\t\t\t<\/div>\n\t\t\t\t<\/div>\n\t\t\t\t\t<\/div>\n\t\t<\/div>\n\t\t\t\t<div class=\"elementor-column elementor-col-50 elementor-top-column elementor-element elementor-element-f3a797d\" data-id=\"f3a797d\" data-element_type=\"column\" data-e-type=\"column\">\n\t\t\t<div class=\"elementor-widget-wrap elementor-element-populated\">\n\t\t\t\t\t\t<div class=\"elementor-element elementor-element-e0bd9fb elementor-widget elementor-widget-heading\" data-id=\"e0bd9fb\" data-element_type=\"widget\" data-e-type=\"widget\" data-widget_type=\"heading.default\">\n\t\t\t\t<div class=\"elementor-widget-container\">\n\t\t\t\t\t<h5 class=\"elementor-heading-title elementor-size-default\">Voces contra la desigualdad<\/h5>\t\t\t\t<\/div>\n\t\t\t\t<\/div>\n\t\t\t\t<div class=\"elementor-element elementor-element-ced25f2 elementor-widget elementor-widget-text-editor\" data-id=\"ced25f2\" data-element_type=\"widget\" data-e-type=\"widget\" data-widget_type=\"text-editor.default\">\n\t\t\t\t<div class=\"elementor-widget-container\">\n\t\t\t\t\t\t\t\t\t<h6 data-start=\"2086\" data-end=\"2216\">Durante toda la semana, el muro se ha ido llenando de mensajes que reflejan el compromiso colectivo con la defensa de la igualdad.<\/h6>\n<h6 data-start=\"2218\" data-end=\"2320\">Entre las reflexiones escritas por quienes han participado en la iniciativa pueden leerse frases como:<\/h6>\n<ul data-start=\"2322\" data-end=\"2490\">\n \t<li data-section-id=\"e1lhsg\" data-start=\"2322\" data-end=\"2375\">\n<h6 data-start=\"2324\" data-end=\"2375\"><strong data-start=\"2324\" data-end=\"2373\">\u201cLa igualdad no es un regalo, es un derecho.\u201d<\/strong><\/h6>\n<\/li>\n \t<li data-section-id=\"1eo3tma\" data-start=\"2376\" data-end=\"2428\">\n<h6 data-start=\"2378\" data-end=\"2428\"><strong data-start=\"2378\" data-end=\"2426\">\u201cConciliar vida y toga tambi\u00e9n es igualdad.\u201d<\/strong><\/h6>\n<\/li>\n \t<li data-section-id=\"14fa1z3\" data-start=\"2429\" data-end=\"2461\">\n<h6 data-start=\"2431\" data-end=\"2461\"><strong data-start=\"2431\" data-end=\"2459\">\u201cM\u00e1s ni menos: iguales.\u201d<\/strong><\/h6>\n<\/li>\n \t<li data-section-id=\"kmebiv\" data-start=\"2462\" data-end=\"2490\">\n<h6 data-start=\"2464\" data-end=\"2490\"><strong data-start=\"2464\" data-end=\"2490\">\u201cIgualdad = justicia.\u201d<\/strong><\/h6>\n<\/li>\n<\/ul>\n<h6 data-start=\"2492\" data-end=\"2635\">Mensajes que reflejan c\u00f3mo la igualdad sigue siendo un reto presente tanto en la sociedad como en el ejercicio de la propia profesi\u00f3n jur\u00eddica.<\/h6>\t\t\t\t\t\t\t\t<\/div>\n\t\t\t\t<\/div>\n\t\t\t\t\t<\/div>\n\t\t<\/div>\n\t\t\t\t\t<\/div>\n\t\t<\/section>\n\t\t\t\t<section class=\"elementor-section elementor-top-section elementor-element elementor-element-3e1121a elementor-section-boxed elementor-section-height-default elementor-section-height-default\" data-id=\"3e1121a\" data-element_type=\"section\" data-e-type=\"section\">\n\t\t\t\t\t\t<div class=\"elementor-container elementor-column-gap-default\">\n\t\t\t\t\t<div class=\"elementor-column elementor-col-100 elementor-top-column elementor-element elementor-element-2a0d784\" data-id=\"2a0d784\" data-element_type=\"column\" data-e-type=\"column\">\n\t\t\t<div class=\"elementor-widget-wrap elementor-element-populated\">\n\t\t\t\t\t\t<div class=\"elementor-element elementor-element-4dceede elementor-widget elementor-widget-image\" data-id=\"4dceede\" data-element_type=\"widget\" data-e-type=\"widget\" data-widget_type=\"image.default\">\n\t\t\t\t<div class=\"elementor-widget-container\">\n\t\t\t\t\t\t\t\t\t\t\t\t\t\t\t<img decoding=\"async\" src=\"https:\/\/cms.icacordoba.23sd.es\/wp-content\/uploads\/2026\/03\/IMG_4183-scaled.jpg\" title=\"IMG_4183\" alt=\"IMG_4183\" loading=\"lazy\" \/>\t\t\t\t\t\t\t\t\t\t\t\t\t\t\t<\/div>\n\t\t\t\t<\/div>\n\t\t\t\t<div class=\"elementor-element elementor-element-e21f7e5 elementor-widget elementor-widget-text-editor\" data-id=\"e21f7e5\" data-element_type=\"widget\" data-e-type=\"widget\" data-widget_type=\"text-editor.default\">\n\t\t\t\t<div class=\"elementor-widget-container\">\n\t\t\t\t\t\t\t\t\t<p>Acto simb\u00f3lico celebrado en el Colegio de la Abogac\u00eda de C\u00f3rdoba para culminar la campa\u00f1a \u201cEl Muro de la Desigualdad\u201d.<\/p>\t\t\t\t\t\t\t\t<\/div>\n\t\t\t\t<\/div>\n\t\t\t\t\t<\/div>\n\t\t<\/div>\n\t\t\t\t\t<\/div>\n\t\t<\/section>\n\t\t\t\t<section class=\"elementor-section elementor-top-section elementor-element elementor-element-9d20eb2 elementor-section-boxed elementor-section-height-default elementor-section-height-default\" data-id=\"9d20eb2\" data-element_type=\"section\" data-e-type=\"section\">\n\t\t\t\t\t\t<div class=\"elementor-container elementor-column-gap-default\">\n\t\t\t\t\t<div class=\"elementor-column elementor-col-100 elementor-top-column elementor-element elementor-element-42e2b45\" data-id=\"42e2b45\" data-element_type=\"column\" data-e-type=\"column\">\n\t\t\t<div class=\"elementor-widget-wrap elementor-element-populated\">\n\t\t\t\t\t\t<div class=\"elementor-element elementor-element-dd45d4e elementor-widget elementor-widget-heading\" data-id=\"dd45d4e\" data-element_type=\"widget\" data-e-type=\"widget\" data-widget_type=\"heading.default\">\n\t\t\t\t<div class=\"elementor-widget-container\">\n\t\t\t\t\t<h5 class=\"elementor-heading-title elementor-size-default\">Un acto simb\u00f3lico para reivindicar la igualdad<\/h5>\t\t\t\t<\/div>\n\t\t\t\t<\/div>\n\t\t\t\t<div class=\"elementor-element elementor-element-ef8e660 elementor-widget elementor-widget-text-editor\" data-id=\"ef8e660\" data-element_type=\"widget\" data-e-type=\"widget\" data-widget_type=\"text-editor.default\">\n\t\t\t\t<div class=\"elementor-widget-container\">\n\t\t\t\t\t\t\t\t\t<p data-start=\"2837\" data-end=\"3207\">Durante el acto celebrado en la sede colegial, el secretario de la Junta de Gobierno, Luis Candel, record\u00f3 que la igualdad constituye <strong data-start=\"2967\" data-end=\"3079\">\u201cun derecho fundamental reconocido en nuestra Constituci\u00f3n y un principio estructural del Estado de Derecho\u201d<\/strong>, subrayando que la defensa de la igualdad forma parte del compromiso esencial de la abogac\u00eda con los derechos y las libertades.<\/p>\n<p data-start=\"3209\" data-end=\"3477\">Asimismo, record\u00f3 que la igualdad constituye uno de los ejes que vertebran la tarea de los profesionales del Derecho y exige una actitud activa frente a cualquier forma de desigualdad.<\/p>\n<p data-start=\"3479\" data-end=\"3725\">Posteriormente, la responsable de la Comisi\u00f3n de Igualdad del Colegio, Carmen Calvo, agradeci\u00f3 la participaci\u00f3n de todas las personas que han contribuido a la iniciativa, tanto escribiendo en el muro como difundiendo la campa\u00f1a en redes sociales.<\/p>\n<p data-start=\"3727\" data-end=\"3984\">Seg\u00fan se\u00f1al\u00f3, el objetivo de la acci\u00f3n ha sido <strong data-start=\"3774\" data-end=\"3896\">\u201chacer visibles aquellas barreras que todav\u00eda impiden que la igualdad entre mujeres y hombres sea plenamente efectiva\u201d<\/strong>, recordando que identificar esas desigualdades es el primer paso para poder superarlas.<\/p>\t\t\t\t\t\t\t\t<\/div>\n\t\t\t\t<\/div>\n\t\t\t\t\t<\/div>\n\t\t<\/div>\n\t\t\t\t\t<\/div>\n\t\t<\/section>\n\t\t\t\t<section class=\"elementor-section elementor-top-section elementor-element elementor-element-454366b elementor-section-boxed elementor-section-height-default elementor-section-height-default\" data-id=\"454366b\" data-element_type=\"section\" data-e-type=\"section\">\n\t\t\t\t\t\t<div class=\"elementor-container elementor-column-gap-default\">\n\t\t\t\t\t<div class=\"elementor-column elementor-col-50 elementor-top-column elementor-element elementor-element-ace288d\" data-id=\"ace288d\" data-element_type=\"column\" data-e-type=\"column\">\n\t\t\t<div class=\"elementor-widget-wrap elementor-element-populated\">\n\t\t\t\t\t\t<div class=\"elementor-element elementor-element-0084052 elementor-widget elementor-widget-image\" data-id=\"0084052\" data-element_type=\"widget\" data-e-type=\"widget\" data-widget_type=\"image.default\">\n\t\t\t\t<div class=\"elementor-widget-container\">\n\t\t\t\t\t\t\t\t\t\t\t\t\t\t\t<img decoding=\"async\" width=\"800\" height=\"409\" src=\"https:\/\/cms.icacordoba.23sd.es\/wp-content\/uploads\/2026\/03\/derribo-muro-1024x523.png\" class=\"attachment-large size-large wp-image-19835\" alt=\"\" srcset=\"https:\/\/cms.icacordoba.23sd.es\/wp-content\/uploads\/2026\/03\/derribo-muro-1024x523.png 1024w, https:\/\/cms.icacordoba.23sd.es\/wp-content\/uploads\/2026\/03\/derribo-muro-300x153.png 300w, https:\/\/cms.icacordoba.23sd.es\/wp-content\/uploads\/2026\/03\/derribo-muro-768x392.png 768w, https:\/\/cms.icacordoba.23sd.es\/wp-content\/uploads\/2026\/03\/derribo-muro.png 1400w\" sizes=\"(max-width: 800px) 100vw, 800px\" \/>\t\t\t\t\t\t\t\t\t\t\t\t\t\t\t<\/div>\n\t\t\t\t<\/div>\n\t\t\t\t\t<\/div>\n\t\t<\/div>\n\t\t\t\t<div class=\"elementor-column elementor-col-50 elementor-top-column elementor-element elementor-element-07eb60f\" data-id=\"07eb60f\" data-element_type=\"column\" data-e-type=\"column\">\n\t\t\t<div class=\"elementor-widget-wrap elementor-element-populated\">\n\t\t\t\t\t\t<div class=\"elementor-element elementor-element-23151dc elementor-widget elementor-widget-image\" data-id=\"23151dc\" data-element_type=\"widget\" data-e-type=\"widget\" data-widget_type=\"image.default\">\n\t\t\t\t<div class=\"elementor-widget-container\">\n\t\t\t\t\t\t\t\t\t\t\t\t\t\t\t<img decoding=\"async\" width=\"800\" height=\"409\" src=\"https:\/\/cms.icacordoba.23sd.es\/wp-content\/uploads\/2026\/03\/Muro-derribado-8M-1024x523.png\" class=\"attachment-large size-large wp-image-19833\" alt=\"\" srcset=\"https:\/\/cms.icacordoba.23sd.es\/wp-content\/uploads\/2026\/03\/Muro-derribado-8M-1024x523.png 1024w, https:\/\/cms.icacordoba.23sd.es\/wp-content\/uploads\/2026\/03\/Muro-derribado-8M-300x153.png 300w, https:\/\/cms.icacordoba.23sd.es\/wp-content\/uploads\/2026\/03\/Muro-derribado-8M-768x392.png 768w, https:\/\/cms.icacordoba.23sd.es\/wp-content\/uploads\/2026\/03\/Muro-derribado-8M.png 1400w\" sizes=\"(max-width: 800px) 100vw, 800px\" \/>\t\t\t\t\t\t\t\t\t\t\t\t\t\t\t<\/div>\n\t\t\t\t<\/div>\n\t\t\t\t\t<\/div>\n\t\t<\/div>\n\t\t\t\t\t<\/div>\n\t\t<\/section>\n\t\t\t\t<section class=\"elementor-section elementor-top-section elementor-element elementor-element-a32e0c6 elementor-section-boxed elementor-section-height-default elementor-section-height-default\" data-id=\"a32e0c6\" data-element_type=\"section\" data-e-type=\"section\">\n\t\t\t\t\t\t<div class=\"elementor-container elementor-column-gap-default\">\n\t\t\t\t\t<div class=\"elementor-column elementor-col-100 elementor-top-column elementor-element elementor-element-47a277a\" data-id=\"47a277a\" data-element_type=\"column\" data-e-type=\"column\">\n\t\t\t<div class=\"elementor-widget-wrap elementor-element-populated\">\n\t\t\t\t\t\t<div class=\"elementor-element elementor-element-787555b elementor-widget elementor-widget-text-editor\" data-id=\"787555b\" data-element_type=\"widget\" data-e-type=\"widget\" data-widget_type=\"text-editor.default\">\n\t\t\t\t<div class=\"elementor-widget-container\">\n\t\t\t\t\t\t\t\t\t<p>Acto simb\u00f3lico celebrado en el Colegio de la Abogac\u00eda de C\u00f3rdoba para culminar la campa\u00f1a \u201cEl Muro de la Desigualdad\u201d.<\/p>\t\t\t\t\t\t\t\t<\/div>\n\t\t\t\t<\/div>\n\t\t\t\t\t<\/div>\n\t\t<\/div>\n\t\t\t\t\t<\/div>\n\t\t<\/section>\n\t\t\t\t<section class=\"elementor-section elementor-top-section elementor-element elementor-element-ab0514f elementor-section-boxed elementor-section-height-default elementor-section-height-default\" data-id=\"ab0514f\" data-element_type=\"section\" data-e-type=\"section\">\n\t\t\t\t\t\t<div class=\"elementor-container elementor-column-gap-default\">\n\t\t\t\t\t<div class=\"elementor-column elementor-col-100 elementor-top-column elementor-element elementor-element-7cd670c\" data-id=\"7cd670c\" data-element_type=\"column\" data-e-type=\"column\">\n\t\t\t<div class=\"elementor-widget-wrap elementor-element-populated\">\n\t\t\t\t\t\t<div class=\"elementor-element elementor-element-9093d67 elementor-widget elementor-widget-heading\" data-id=\"9093d67\" data-element_type=\"widget\" data-e-type=\"widget\" data-widget_type=\"heading.default\">\n\t\t\t\t<div class=\"elementor-widget-container\">\n\t\t\t\t\t<h5 class=\"elementor-heading-title elementor-size-default\">Derribar las barreras de la desigualdad<\/h5>\t\t\t\t<\/div>\n\t\t\t\t<\/div>\n\t\t\t\t<div class=\"elementor-element elementor-element-efc1e43 elementor-widget elementor-widget-text-editor\" data-id=\"efc1e43\" data-element_type=\"widget\" data-e-type=\"widget\" data-widget_type=\"text-editor.default\">\n\t\t\t\t<div class=\"elementor-widget-container\">\n\t\t\t\t\t\t\t\t\t<p data-start=\"4218\" data-end=\"4510\">El acto concluy\u00f3 con el derribo simb\u00f3lico del muro, un gesto con el que el Colegio quiso expresar que las barreras que todav\u00eda impiden la igualdad deben ser identificadas y superadas desde el compromiso colectivo de las instituciones, de la profesi\u00f3n jur\u00eddica y de la sociedad en su conjunto.<\/p><p data-start=\"4512\" data-end=\"4728\">Con esta iniciativa, el Colegio de la Abogac\u00eda de C\u00f3rdoba reafirma su compromiso con la defensa de los derechos fundamentales y con la promoci\u00f3n de una igualdad real y efectiva, tambi\u00e9n dentro de la propia profesi\u00f3n.<\/p>\t\t\t\t\t\t\t\t<\/div>\n\t\t\t\t<\/div>\n\t\t\t\t<div class=\"elementor-element elementor-element-1b50dfa elementor-widget elementor-widget-text-editor\" data-id=\"1b50dfa\" data-element_type=\"widget\" data-e-type=\"widget\" data-widget_type=\"text-editor.default\">\n\t\t\t\t<div class=\"elementor-widget-container\">\n\t\t\t\t\t\t\t\t\t<p>Campa\u00f1a 8M \u00b7 Comisi\u00f3n de Igualdad \u00b7 Colegio de la Abogac\u00eda de C\u00f3rdoba<\/p>\t\t\t\t\t\t\t\t<\/div>\n\t\t\t\t<\/div>\n\t\t\t\t\t<\/div>\n\t\t<\/div>\n\t\t\t\t\t<\/div>\n\t\t<\/section>\n\t\t\t\t<\/div>\n\t\t","protected":false},"excerpt":{"rendered":"<p>El Colegio de la Abogac\u00eda de C\u00f3rdoba ha culminado la campa\u00f1a \u201cEl Muro de la Desigualdad\u201d, desarrollada con motivo del D\u00eda Internacional de la Mujer, con un acto simb\u00f3lico celebrado en su sede colegial en el que se ha escenificado el derribo del muro que durante toda la semana ha recogido mensajes y reflexiones sobre [&hellip;]<\/p>\n","protected":false},"author":1,"featured_media":0,"comment_status":"open","ping_status":"open","sticky":false,"template":"","format":"standard","meta":{"footnotes":""},"categories":[1],"tags":[],"class_list":["post-19811","post","type-post","status-publish","format-standard","hentry","category-uncategorized"],"_links":{"self":[{"href":"https:\/\/cms.icacordoba.23sd.es\/index.php\/wp-json\/wp\/v2\/posts\/19811","targetHints":{"allow":["GET"]}}],"collection":[{"href":"https:\/\/cms.icacordoba.23sd.es\/index.php\/wp-json\/wp\/v2\/posts"}],"about":[{"href":"https:\/\/cms.icacordoba.23sd.es\/index.php\/wp-json\/wp\/v2\/types\/post"}],"author":[{"embeddable":true,"href":"https:\/\/cms.icacordoba.23sd.es\/index.php\/wp-json\/wp\/v2\/users\/1"}],"replies":[{"embeddable":true,"href":"https:\/\/cms.icacordoba.23sd.es\/index.php\/wp-json\/wp\/v2\/comments?post=19811"}],"version-history":[{"count":24,"href":"https:\/\/cms.icacordoba.23sd.es\/index.php\/wp-json\/wp\/v2\/posts\/19811\/revisions"}],"predecessor-version":[{"id":19969,"href":"https:\/\/cms.icacordoba.23sd.es\/index.php\/wp-json\/wp\/v2\/posts\/19811\/revisions\/19969"}],"wp:attachment":[{"href":"https:\/\/cms.icacordoba.23sd.es\/index.php\/wp-json\/wp\/v2\/media?parent=19811"}],"wp:term":[{"taxonomy":"category","embeddable":true,"href":"https:\/\/cms.icacordoba.23sd.es\/index.php\/wp-json\/wp\/v2\/categories?post=19811"},{"taxonomy":"post_tag","embeddable":true,"href":"https:\/\/cms.icacordoba.23sd.es\/index.php\/wp-json\/wp\/v2\/tags?post=19811"}],"curies":[{"name":"wp","href":"https:\/\/api.w.org\/{rel}","templated":true}]}}