{"id":19254,"date":"2026-02-27T12:07:53","date_gmt":"2026-02-27T12:07:53","guid":{"rendered":"https:\/\/cms.icacordoba.23sd.es\/index.php\/19254\/"},"modified":"2026-02-27T12:18:52","modified_gmt":"2026-02-27T12:18:52","slug":"legislacion-semanal-del-23-al-27-de-febrero-de-2026","status":"publish","type":"post","link":"https:\/\/cms.icacordoba.23sd.es\/index.php\/19254\/","title":{"rendered":"Legislaci\u00f3n Semanal del 23 al 27 de febrero de 2026"},"content":{"rendered":"\t\t<div data-elementor-type=\"wp-post\" data-elementor-id=\"19254\" class=\"elementor elementor-19254\" data-elementor-post-type=\"post\">\n\t\t\t\t\t\t<section class=\"elementor-section elementor-top-section elementor-element elementor-element-bd79683 elementor-section-boxed elementor-section-height-default elementor-section-height-default\" data-id=\"bd79683\" data-element_type=\"section\" data-e-type=\"section\">\n\t\t\t\t\t\t<div class=\"elementor-container elementor-column-gap-default\">\n\t\t\t\t\t<div class=\"elementor-column elementor-col-100 elementor-top-column elementor-element elementor-element-e430cec\" data-id=\"e430cec\" data-element_type=\"column\" data-e-type=\"column\">\n\t\t\t<div class=\"elementor-widget-wrap elementor-element-populated\">\n\t\t\t\t\t\t<div class=\"elementor-element elementor-element-65802f8 elementor-widget elementor-widget-heading\" data-id=\"65802f8\" data-element_type=\"widget\" data-e-type=\"widget\" data-widget_type=\"heading.default\">\n\t\t\t\t<div class=\"elementor-widget-container\">\n\t\t\t\t\t<h5 class=\"elementor-heading-title elementor-size-default\">Legislaci\u00f3n Semanal - Del 23 al 27 de Febrero de 2026<\/h5>\t\t\t\t<\/div>\n\t\t\t\t<\/div>\n\t\t\t\t\t<\/div>\n\t\t<\/div>\n\t\t\t\t\t<\/div>\n\t\t<\/section>\n\t\t\t\t<section class=\"elementor-section elementor-top-section elementor-element elementor-element-42f3c1c elementor-section-boxed elementor-section-height-default elementor-section-height-default\" data-id=\"42f3c1c\" data-element_type=\"section\" data-e-type=\"section\">\n\t\t\t\t\t\t<div class=\"elementor-container elementor-column-gap-default\">\n\t\t\t\t\t<div class=\"elementor-column elementor-col-100 elementor-top-column elementor-element elementor-element-00843c8\" data-id=\"00843c8\" data-element_type=\"column\" data-e-type=\"column\">\n\t\t\t<div class=\"elementor-widget-wrap elementor-element-populated\">\n\t\t\t\t\t\t<div class=\"elementor-element elementor-element-52deb6d elementor-widget elementor-widget-heading\" data-id=\"52deb6d\" data-element_type=\"widget\" data-e-type=\"widget\" data-widget_type=\"heading.default\">\n\t\t\t\t<div class=\"elementor-widget-container\">\n\t\t\t\t\t<h5 class=\"elementor-heading-title elementor-size-default\">BOLET\u00cdN OFICIAL DEL ESTADO<\/h5>\t\t\t\t<\/div>\n\t\t\t\t<\/div>\n\t\t\t\t<div class=\"elementor-element elementor-element-f6179f6 elementor-widget elementor-widget-text-editor\" data-id=\"f6179f6\" data-element_type=\"widget\" data-e-type=\"widget\" data-widget_type=\"text-editor.default\">\n\t\t\t\t<div class=\"elementor-widget-container\">\n\t\t\t\t\t\t\t\t\t<h6 class=\"x_text-build-content\" style=\"margin: 10px 0px; color: #000000; font-family: Arial, sans-serif, serif, EmojiFont; font-size: 13px; line-height: 22px;\"><span style=\"border: 0px; font-style: inherit; font-variant: inherit; font-weight: inherit; font-stretch: inherit; font-size: 14px; line-height: inherit; font-family: Arial, serif, EmojiFont; font-optical-sizing: inherit; font-size-adjust: inherit; font-kerning: inherit; font-feature-settings: inherit; font-variation-settings: inherit; font-language-override: inherit; margin: 0px; padding: 0px; vertical-align: baseline; color: #505050;\"><b data-olk-copy-source=\"MessageBody\">Disposiciones generales \/ Ministerio de la Presidencia, Justicia y Relaciones con las Cortes<\/b><\/span><\/h6><ul style=\"color: #000000; font-family: Arial, sans-serif, serif, EmojiFont; font-size: 13px; background-color: #ffffff;\"><li style=\"line-height: 22px;\"><span style=\"border: 0px; font-style: inherit; font-variant: inherit; font-weight: inherit; font-stretch: inherit; font-size: 14px; line-height: inherit; font-family: Arial, serif, EmojiFont; font-optical-sizing: inherit; font-size-adjust: inherit; font-kerning: inherit; font-feature-settings: inherit; font-variation-settings: inherit; font-language-override: inherit; margin: 0px; padding: 0px; vertical-align: baseline; color: #505050;\">Real Decreto 125\/2026, de 18 de febrero, por el que\u00a0<\/span><a class=\"x_link-build-content\" style=\"border-width: 0px; border-style: initial; border-top-color: initial; border-right-color: initial; border-left-color: initial; border-image: initial; font: inherit; margin: 0px; padding: 0px; vertical-align: baseline; color: inherit;\" title=\"https:\/\/go.abogacia.es\/lnk\/AVYAAI_QeFEAAc4dzpgAABYpKFAAAAAA0zoAAKFjABi_EgBpntL7wV3htAlHSTGCKkFEOgVZRQAYIRA\/2\/ky8E9mZZT8crcBx1eo5MAg\/aHR0cHM6Ly93d3cuYm9lLmVzL2JvZS9kaWFzLzIwMjYvMDIvMjUvcGRmcy9CT0UtQS0yMDI2LTQyNzkucGRmP3V0bV9jYW1wYWlnbj1MZWdpc2xhY2klQzMlQjNuJTIwRGlhcmlhJTIwMjUlMjBkZSUyMEZlYnJlcm8lMjBkZSUyMDIwMjYmdXRtX21lZGl1bT1lbWFpbCZ1dG1fc291cmNlPU1haWxqZXQ\" href=\"https:\/\/go.abogacia.es\/lnk\/AVYAAI_QeFEAAc4dzpgAABYpKFAAAAAA0zoAAKFjABi_EgBpntL7wV3htAlHSTGCKkFEOgVZRQAYIRA\/2\/ky8E9mZZT8crcBx1eo5MAg\/aHR0cHM6Ly93d3cuYm9lLmVzL2JvZS9kaWFzLzIwMjYvMDIvMjUvcGRmcy9CT0UtQS0yMDI2LTQyNzkucGRmP3V0bV9jYW1wYWlnbj1MZWdpc2xhY2klQzMlQjNuJTIwRGlhcmlhJTIwMjUlMjBkZSUyMEZlYnJlcm8lMjBkZSUyMDIwMjYmdXRtX21lZGl1bT1lbWFpbCZ1dG1fc291cmNlPU1haWxqZXQ\" target=\"_blank\" rel=\"noopener\" data-auth=\"NotApplicable\" data-linkindex=\"2\"><span style=\"border: 0px; font-style: inherit; font-variant: inherit; font-weight: inherit; font-stretch: inherit; font-size: 14px; line-height: inherit; font-family: Arial, serif, EmojiFont; font-optical-sizing: inherit; font-size-adjust: inherit; font-kerning: inherit; font-feature-settings: inherit; font-variation-settings: inherit; font-language-override: inherit; margin: 0px; padding: 0px; vertical-align: baseline; color: #505050;\"><u>se modifica el Reglamento de fundaciones de competencia estatal,<\/u><\/span><\/a><span style=\"border: 0px; font-style: inherit; font-variant: inherit; font-weight: inherit; font-stretch: inherit; font-size: 14px; line-height: inherit; font-family: Arial, serif, EmojiFont; font-optical-sizing: inherit; font-size-adjust: inherit; font-kerning: inherit; font-feature-settings: inherit; font-variation-settings: inherit; font-language-override: inherit; margin: 0px; padding: 0px; vertical-align: baseline; color: #505050;\">\u00a0aprobado por el Real Decreto 1337\/2005, de 11 de noviembre, en relaci\u00f3n con el Consejo Superior de Fundaciones.<\/span><\/li><\/ul><p class=\"x_text-build-content\" style=\"margin: 10px 0px; color: #000000; font-family: Arial, sans-serif, serif, EmojiFont; font-size: 13px; line-height: 22px;\"><span style=\"border: 0px; font-style: inherit; font-variant: inherit; font-weight: inherit; font-stretch: inherit; font-size: 14px; line-height: inherit; font-family: Arial, serif, EmojiFont; font-optical-sizing: inherit; font-size-adjust: inherit; font-kerning: inherit; font-feature-settings: inherit; font-variation-settings: inherit; font-language-override: inherit; margin: 0px; padding: 0px; vertical-align: baseline; color: #505050;\"><b>Disposiciones generales \/ Comunidad Foral de Navarra<\/b><\/span><\/p><ul style=\"color: #000000; font-family: Arial, sans-serif, serif, EmojiFont; font-size: 13px; background-color: #ffffff;\"><li style=\"line-height: 22px;\"><span style=\"border: 0px; font-style: inherit; font-variant: inherit; font-weight: inherit; font-stretch: inherit; font-size: 14px; line-height: inherit; font-family: Arial, serif, EmojiFont; font-optical-sizing: inherit; font-size-adjust: inherit; font-kerning: inherit; font-feature-settings: inherit; font-variation-settings: inherit; font-language-override: inherit; margin: 0px; padding: 0px; vertical-align: baseline; color: #505050;\">Ley Foral 1\/2026, de 13 de febrero, de modificaci\u00f3n de la Ley Foral 2\/1995, de 10 de marzo, de<\/span><a class=\"x_link-build-content\" style=\"border-width: 0px; border-style: initial; border-top-color: initial; border-right-color: initial; border-left-color: initial; border-image: initial; font: inherit; margin: 0px; padding: 0px; vertical-align: baseline; color: inherit;\" title=\"https:\/\/go.abogacia.es\/lnk\/AWkAAJJMumwAAc4d2EYAABAXVFoAAAAA0zoAAKFsABi_EgBpoYinT7W7lRk5QV6INx5zMPdm2wAYIRA\/2\/A2A7TfDVG1CLEUUi_xUJHw\/aHR0cHM6Ly93d3cuYm9lLmVzL2JvZS9kaWFzLzIwMjYvMDIvMjcvcGRmcy9CT0UtQS0yMDI2LTQ1MjQucGRmP3V0bV9jYW1wYWlnbj1MZWdpc2xhY2klQzMlQjNuJTIwU2VtYW5hbCUyMDIzJTIwYSUyMDI3JTIwZGUlMjBGZWJyZXJvJTIwMjAyNiZ1dG1fbWVkaXVtPWVtYWlsJnV0bV9zb3VyY2U9TWFpbGpldA\" href=\"https:\/\/go.abogacia.es\/lnk\/AWkAAJJMumwAAc4d2EYAABAXVFoAAAAA0zoAAKFsABi_EgBpoYinT7W7lRk5QV6INx5zMPdm2wAYIRA\/2\/A2A7TfDVG1CLEUUi_xUJHw\/aHR0cHM6Ly93d3cuYm9lLmVzL2JvZS9kaWFzLzIwMjYvMDIvMjcvcGRmcy9CT0UtQS0yMDI2LTQ1MjQucGRmP3V0bV9jYW1wYWlnbj1MZWdpc2xhY2klQzMlQjNuJTIwU2VtYW5hbCUyMDIzJTIwYSUyMDI3JTIwZGUlMjBGZWJyZXJvJTIwMjAyNiZ1dG1fbWVkaXVtPWVtYWlsJnV0bV9zb3VyY2U9TWFpbGpldA\" target=\"_blank\" rel=\"noopener\" data-auth=\"NotApplicable\" data-linkindex=\"3\"><span style=\"border: 0px; font-style: inherit; font-variant: inherit; font-weight: inherit; font-stretch: inherit; font-size: 14px; line-height: inherit; font-family: Arial, serif, EmojiFont; font-optical-sizing: inherit; font-size-adjust: inherit; font-kerning: inherit; font-feature-settings: inherit; font-variation-settings: inherit; font-language-override: inherit; margin: 0px; padding: 0px; vertical-align: baseline; color: #505050;\"><u>\u00a0Haciendas Locales de Navarra.<\/u><\/span><\/a><\/li><\/ul><p class=\"x_text-build-content\" style=\"margin: 10px 0px; color: #000000; font-family: Arial, sans-serif, serif, EmojiFont; font-size: 13px; line-height: 22px;\"><span style=\"border: 0px; font-style: inherit; font-variant: inherit; font-weight: inherit; font-stretch: inherit; font-size: 14px; line-height: inherit; font-family: Arial, serif, EmojiFont; font-optical-sizing: inherit; font-size-adjust: inherit; font-kerning: inherit; font-feature-settings: inherit; font-variation-settings: inherit; font-language-override: inherit; margin: 0px; padding: 0px; vertical-align: baseline; color: #505050;\"><b>Otras disposiciones \/ Ministerio de la Presidencia, Justicia y Relaciones con las Cortes<\/b><\/span><\/p><ul style=\"color: #000000; font-family: Arial, sans-serif, serif, EmojiFont; font-size: 13px; background-color: #ffffff;\"><li style=\"line-height: 22px;\"><span style=\"border: 0px; font-style: inherit; font-variant: inherit; font-weight: inherit; font-stretch: inherit; font-size: 14px; line-height: inherit; font-family: Arial, serif, EmojiFont; font-optical-sizing: inherit; font-size-adjust: inherit; font-kerning: inherit; font-feature-settings: inherit; font-variation-settings: inherit; font-language-override: inherit; margin: 0px; padding: 0px; vertical-align: baseline; color: #505050;\">Orden PJC\/125\/2026, de 24 de febrero, por la que se publica el Acuerdo del Consejo de Ministros de 24 de febrero de 2026, por el que\u00a0<\/span><a class=\"x_link-build-content\" style=\"border-width: 0px; border-style: initial; border-top-color: initial; border-right-color: initial; border-left-color: initial; border-image: initial; font: inherit; margin: 0px; padding: 0px; vertical-align: baseline; color: inherit;\" title=\"https:\/\/go.abogacia.es\/lnk\/AVYAAI_QeFEAAc4dzpgAABYpKFAAAAAA0zoAAKFjABi_EgBpntL7wV3htAlHSTGCKkFEOgVZRQAYIRA\/3\/KpfUUzYvaEl2eHke2yqaHw\/aHR0cHM6Ly93d3cuYm9lLmVzL2JvZS9kaWFzLzIwMjYvMDIvMjUvcGRmcy9CT0UtQS0yMDI2LTQzNTEucGRmP3V0bV9jYW1wYWlnbj1MZWdpc2xhY2klQzMlQjNuJTIwRGlhcmlhJTIwMjUlMjBkZSUyMEZlYnJlcm8lMjBkZSUyMDIwMjYmdXRtX21lZGl1bT1lbWFpbCZ1dG1fc291cmNlPU1haWxqZXQ\" href=\"https:\/\/go.abogacia.es\/lnk\/AVYAAI_QeFEAAc4dzpgAABYpKFAAAAAA0zoAAKFjABi_EgBpntL7wV3htAlHSTGCKkFEOgVZRQAYIRA\/3\/KpfUUzYvaEl2eHke2yqaHw\/aHR0cHM6Ly93d3cuYm9lLmVzL2JvZS9kaWFzLzIwMjYvMDIvMjUvcGRmcy9CT0UtQS0yMDI2LTQzNTEucGRmP3V0bV9jYW1wYWlnbj1MZWdpc2xhY2klQzMlQjNuJTIwRGlhcmlhJTIwMjUlMjBkZSUyMEZlYnJlcm8lMjBkZSUyMDIwMjYmdXRtX21lZGl1bT1lbWFpbCZ1dG1fc291cmNlPU1haWxqZXQ\" target=\"_blank\" rel=\"noopener\" data-auth=\"NotApplicable\" data-linkindex=\"4\"><span style=\"border: 0px; font-style: inherit; font-variant: inherit; font-weight: inherit; font-stretch: inherit; font-size: 14px; line-height: inherit; font-family: Arial, serif, EmojiFont; font-optical-sizing: inherit; font-size-adjust: inherit; font-kerning: inherit; font-feature-settings: inherit; font-variation-settings: inherit; font-language-override: inherit; margin: 0px; padding: 0px; vertical-align: baseline; color: #505050;\"><u>se desclasifica documentaci\u00f3n relativa al intento de golpe de Estado de 23 de febrero de 1981<\/u><\/span><\/a><span style=\"border: 0px; font-style: inherit; font-variant: inherit; font-weight: inherit; font-stretch: inherit; font-size: 14px; line-height: inherit; font-family: Arial, serif, EmojiFont; font-optical-sizing: inherit; font-size-adjust: inherit; font-kerning: inherit; font-feature-settings: inherit; font-variation-settings: inherit; font-language-override: inherit; margin: 0px; padding: 0px; vertical-align: baseline; color: #505050;\">.<\/span><\/li><\/ul><p class=\"x_text-build-content\" style=\"margin: 10px 0px; color: #000000; font-family: Arial, sans-serif, serif, EmojiFont; font-size: 13px; line-height: 22px;\"><span style=\"border: 0px; font-style: inherit; font-variant: inherit; font-weight: inherit; font-stretch: inherit; font-size: 14px; line-height: inherit; font-family: Arial, serif, EmojiFont; font-optical-sizing: inherit; font-size-adjust: inherit; font-kerning: inherit; font-feature-settings: inherit; font-variation-settings: inherit; font-language-override: inherit; margin: 0px; padding: 0px; vertical-align: baseline; color: #505050;\"><b>Otras disposiciones \/ Ministerio de Hacienda<\/b><\/span><\/p><ul><li style=\"list-style-type: none;\"><ul style=\"color: #000000; font-family: Arial, sans-serif, serif, EmojiFont; font-size: 13px; background-color: #ffffff;\"><li style=\"line-height: 22px;\"><span style=\"border: 0px; font-style: inherit; font-variant: inherit; font-weight: inherit; font-stretch: inherit; font-size: 14px; line-height: inherit; font-family: Arial, serif, EmojiFont; font-optical-sizing: inherit; font-size-adjust: inherit; font-kerning: inherit; font-feature-settings: inherit; font-variation-settings: inherit; font-language-override: inherit; margin: 0px; padding: 0px; vertical-align: baseline; color: #505050;\">Resoluci\u00f3n de 13 de febrero de 2026, de la Direcci\u00f3n General del Catastro, por la que\u00a0<\/span><a class=\"x_link-build-content\" style=\"border-width: 0px; border-style: initial; border-top-color: initial; border-right-color: initial; border-left-color: initial; border-image: initial; font: inherit; margin: 0px; padding: 0px; vertical-align: baseline; color: inherit;\" title=\"https:\/\/go.abogacia.es\/lnk\/AVwAAJASKJwAAc4dyoAAABYpKFAAAAAA0zoAAKFjABi_EgBpnCj9k9j7AHAQToKHBc3NaXyL6AAYIRA\/2\/BB5v25_oRmOgEBVHCmTqsA\/aHR0cHM6Ly93d3cuYm9lLmVzL2JvZS9kaWFzLzIwMjYvMDIvMjMvcGRmcy9CT0UtQS0yMDI2LTQyMDkucGRmP3V0bV9jYW1wYWlnbj1MZWdpc2xhY2klQzMlQjNuJTIwRGlhcmlhJTIwMjMlMjBkZSUyMEZlYnJlcm8lMjBkZSUyMDIwMjYmdXRtX21lZGl1bT1lbWFpbCZ1dG1fc291cmNlPU1haWxqZXQ\" href=\"https:\/\/go.abogacia.es\/lnk\/AVwAAJASKJwAAc4dyoAAABYpKFAAAAAA0zoAAKFjABi_EgBpnCj9k9j7AHAQToKHBc3NaXyL6AAYIRA\/2\/BB5v25_oRmOgEBVHCmTqsA\/aHR0cHM6Ly93d3cuYm9lLmVzL2JvZS9kaWFzLzIwMjYvMDIvMjMvcGRmcy9CT0UtQS0yMDI2LTQyMDkucGRmP3V0bV9jYW1wYWlnbj1MZWdpc2xhY2klQzMlQjNuJTIwRGlhcmlhJTIwMjMlMjBkZSUyMEZlYnJlcm8lMjBkZSUyMDIwMjYmdXRtX21lZGl1bT1lbWFpbCZ1dG1fc291cmNlPU1haWxqZXQ\" target=\"_blank\" rel=\"noopener\" data-auth=\"NotApplicable\" data-linkindex=\"5\"><span style=\"border: 0px; font-style: inherit; font-variant: inherit; font-weight: inherit; font-stretch: inherit; font-size: 14px; line-height: inherit; font-family: Arial, serif, EmojiFont; font-optical-sizing: inherit; font-size-adjust: inherit; font-kerning: inherit; font-feature-settings: inherit; font-variation-settings: inherit; font-language-override: inherit; margin: 0px; padding: 0px; vertical-align: baseline; color: #505050;\"><u>se publica el Convenio con el Colegio de Abogados de Girona<\/u><\/span><\/a><span style=\"border: 0px; font-style: inherit; font-variant: inherit; font-weight: inherit; font-stretch: inherit; font-size: 14px; line-height: inherit; font-family: Arial, serif, EmojiFont; font-optical-sizing: inherit; font-size-adjust: inherit; font-kerning: inherit; font-feature-settings: inherit; font-variation-settings: inherit; font-language-override: inherit; margin: 0px; padding: 0px; vertical-align: baseline; color: #505050;\">.<\/span><\/li><\/ul><\/li><\/ul>\t\t\t\t\t\t\t\t<\/div>\n\t\t\t\t<\/div>\n\t\t\t\t<div class=\"elementor-element elementor-element-52f68b1 elementor-widget elementor-widget-heading\" data-id=\"52f68b1\" data-element_type=\"widget\" data-e-type=\"widget\" data-widget_type=\"heading.default\">\n\t\t\t\t<div class=\"elementor-widget-container\">\n\t\t\t\t\t<h5 class=\"elementor-heading-title elementor-size-default\">DIARIO DE LA UNI\u00d3N EUROPEA<\/h5>\t\t\t\t<\/div>\n\t\t\t\t<\/div>\n\t\t\t\t<div class=\"elementor-element elementor-element-5b3627c elementor-widget elementor-widget-heading\" data-id=\"5b3627c\" data-element_type=\"widget\" data-e-type=\"widget\" data-widget_type=\"heading.default\">\n\t\t\t\t<div class=\"elementor-widget-container\">\n\t\t\t\t\t<h6 class=\"elementor-heading-title elementor-size-default\">Comunicaciones e Informaciones<\/h6>\t\t\t\t<\/div>\n\t\t\t\t<\/div>\n\t\t\t\t<div class=\"elementor-element elementor-element-5bbff0a elementor-widget elementor-widget-text-editor\" data-id=\"5bbff0a\" data-element_type=\"widget\" data-e-type=\"widget\" data-widget_type=\"text-editor.default\">\n\t\t\t\t<div class=\"elementor-widget-container\">\n\t\t\t\t\t\t\t\t\t<ul><li><a class=\"x_link-build-content\" title=\"https:\/\/go.abogacia.es\/lnk\/AVMAAI_hreEAAc4dy8QAABYpKFAAAAAA0zoAAKFjABi_EgBpnWPxiTUujba2Rq-kevwOzcVUIQAYIRA\/2\/vsu6Ev5Q9xCM5CKuZvA5Sg\/aHR0cHM6Ly9ldXItbGV4LmV1cm9wYS5ldS9sZWdhbC1jb250ZW50L0VTL1RYVC9QREYvP3VyaT1PSjpDXzIwMjYwMDU3MyZ1dG1fY2FtcGFpZ249TGVnaXNsYWNpJUMzJUIzbiUyMERpYXJpYSUyMDI0JTIwZGUlMjBGZWJyZXJvJTIwZGUlMjAyMDI2JnV0bV9tZWRpdW09ZW1haWwmdXRtX3NvdXJjZT1NYWlsamV0\" href=\"https:\/\/go.abogacia.es\/lnk\/AVMAAI_hreEAAc4dy8QAABYpKFAAAAAA0zoAAKFjABi_EgBpnWPxiTUujba2Rq-kevwOzcVUIQAYIRA\/2\/vsu6Ev5Q9xCM5CKuZvA5Sg\/aHR0cHM6Ly9ldXItbGV4LmV1cm9wYS5ldS9sZWdhbC1jb250ZW50L0VTL1RYVC9QREYvP3VyaT1PSjpDXzIwMjYwMDU3MyZ1dG1fY2FtcGFpZ249TGVnaXNsYWNpJUMzJUIzbiUyMERpYXJpYSUyMDI0JTIwZGUlMjBGZWJyZXJvJTIwZGUlMjAyMDI2JnV0bV9tZWRpdW09ZW1haWwmdXRtX3NvdXJjZT1NYWlsamV0\" target=\"_blank\" rel=\"noopener\" data-auth=\"NotApplicable\" data-linkindex=\"6\"><u data-olk-copy-source=\"MessageBody\">Protecci\u00f3n de los intereses financieros de la Uni\u00f3n Europea \u2013 Lucha contra el fraude: informe anual 2023<\/u><\/a>\u00a0\u2014 Resoluci\u00f3n del Parlamento Europeo, de 6 de mayo de 2025, sobre la protecci\u00f3n de los intereses financieros de la Uni\u00f3n Europea \u2013 Lucha contra el fraude: informe anual 2023.<\/li><li><a class=\"x_link-build-content\" title=\"https:\/\/go.abogacia.es\/lnk\/AVMAAI_hreEAAc4dy8QAABYpKFAAAAAA0zoAAKFjABi_EgBpnWPxiTUujba2Rq-kevwOzcVUIQAYIRA\/3\/jRowp1UqMcppoWrgGMzlNQ\/aHR0cHM6Ly9ldXItbGV4LmV1cm9wYS5ldS9sZWdhbC1jb250ZW50L0VTL1RYVC9QREYvP3VyaT1PSjpDXzIwMjYwMDU4MyZ1dG1fY2FtcGFpZ249TGVnaXNsYWNpJUMzJUIzbiUyMERpYXJpYSUyMDI0JTIwZGUlMjBGZWJyZXJvJTIwZGUlMjAyMDI2JnV0bV9tZWRpdW09ZW1haWwmdXRtX3NvdXJjZT1NYWlsamV0\" href=\"https:\/\/go.abogacia.es\/lnk\/AVMAAI_hreEAAc4dy8QAABYpKFAAAAAA0zoAAKFjABi_EgBpnWPxiTUujba2Rq-kevwOzcVUIQAYIRA\/3\/jRowp1UqMcppoWrgGMzlNQ\/aHR0cHM6Ly9ldXItbGV4LmV1cm9wYS5ldS9sZWdhbC1jb250ZW50L0VTL1RYVC9QREYvP3VyaT1PSjpDXzIwMjYwMDU4MyZ1dG1fY2FtcGFpZ249TGVnaXNsYWNpJUMzJUIzbiUyMERpYXJpYSUyMDI0JTIwZGUlMjBGZWJyZXJvJTIwZGUlMjAyMDI2JnV0bV9tZWRpdW09ZW1haWwmdXRtX3NvdXJjZT1NYWlsamV0\" target=\"_blank\" rel=\"noopener\" data-auth=\"NotApplicable\" data-linkindex=\"7\"><u>Noveno informe sobre la cohesi\u00f3n econ\u00f3mica y social<\/u><\/a>\u00a0\u2014 Resoluci\u00f3n del Parlamento Europeo, de 8 de mayo de 2025, sobre el noveno informe sobre la cohesi\u00f3n econ\u00f3mica y social.<\/li><li><a class=\"x_link-build-content\" title=\"https:\/\/go.abogacia.es\/lnk\/AVMAAI_hreEAAc4dy8QAABYpKFAAAAAA0zoAAKFjABi_EgBpnWPxiTUujba2Rq-kevwOzcVUIQAYIRA\/4\/Ze6-SYyT_K32vHRDacYJ_Q\/aHR0cHM6Ly9ldXItbGV4LmV1cm9wYS5ldS9sZWdhbC1jb250ZW50L0VTL1RYVC9QREYvP3VyaT1PSjpDXzIwMjYwMDU4NCZ1dG1fY2FtcGFpZ249TGVnaXNsYWNpJUMzJUIzbiUyMERpYXJpYSUyMDI0JTIwZGUlMjBGZWJyZXJvJTIwZGUlMjAyMDI2JnV0bV9tZWRpdW09ZW1haWwmdXRtX3NvdXJjZT1NYWlsamV0\" href=\"https:\/\/go.abogacia.es\/lnk\/AVMAAI_hreEAAc4dy8QAABYpKFAAAAAA0zoAAKFjABi_EgBpnWPxiTUujba2Rq-kevwOzcVUIQAYIRA\/4\/Ze6-SYyT_K32vHRDacYJ_Q\/aHR0cHM6Ly9ldXItbGV4LmV1cm9wYS5ldS9sZWdhbC1jb250ZW50L0VTL1RYVC9QREYvP3VyaT1PSjpDXzIwMjYwMDU4NCZ1dG1fY2FtcGFpZ249TGVnaXNsYWNpJUMzJUIzbiUyMERpYXJpYSUyMDI0JTIwZGUlMjBGZWJyZXJvJTIwZGUlMjAyMDI2JnV0bV9tZWRpdW09ZW1haWwmdXRtX3NvdXJjZT1NYWlsamV0\" target=\"_blank\" rel=\"noopener\" data-auth=\"NotApplicable\" data-linkindex=\"8\"><u>Pol\u00edtica de competencia: informe anual 2024<\/u><\/a>\u00a0\u2014 Resoluci\u00f3n del Parlamento Europeo, de 8 de mayo de 2025, sobre la pol\u00edtica de competencia: informe anual 2024.<\/li><li>Dictamen del Comit\u00e9 Europeo de las Regiones:\u00a0<a class=\"x_link-build-content\" title=\"https:\/\/go.abogacia.es\/lnk\/AVMAAI_hreEAAc4dy8QAABYpKFAAAAAA0zoAAKFjABi_EgBpnWPxiTUujba2Rq-kevwOzcVUIQAYIRA\/5\/MKYtJ48W7k4NaU8YqN1KMQ\/aHR0cHM6Ly9ldXItbGV4LmV1cm9wYS5ldS9sZWdhbC1jb250ZW50L0VTL1RYVC9QREYvP3VyaT1PSjpDXzIwMjYwMDc1OCZ1dG1fY2FtcGFpZ249TGVnaXNsYWNpJUMzJUIzbiUyMERpYXJpYSUyMDI0JTIwZGUlMjBGZWJyZXJvJTIwZGUlMjAyMDI2JnV0bV9tZWRpdW09ZW1haWwmdXRtX3NvdXJjZT1NYWlsamV0\" href=\"https:\/\/go.abogacia.es\/lnk\/AVMAAI_hreEAAc4dy8QAABYpKFAAAAAA0zoAAKFjABi_EgBpnWPxiTUujba2Rq-kevwOzcVUIQAYIRA\/5\/MKYtJ48W7k4NaU8YqN1KMQ\/aHR0cHM6Ly9ldXItbGV4LmV1cm9wYS5ldS9sZWdhbC1jb250ZW50L0VTL1RYVC9QREYvP3VyaT1PSjpDXzIwMjYwMDc1OCZ1dG1fY2FtcGFpZ249TGVnaXNsYWNpJUMzJUIzbiUyMERpYXJpYSUyMDI0JTIwZGUlMjBGZWJyZXJvJTIwZGUlMjAyMDI2JnV0bV9tZWRpdW09ZW1haWwmdXRtX3NvdXJjZT1NYWlsamV0\" target=\"_blank\" rel=\"noopener\" data-auth=\"NotApplicable\" data-linkindex=\"9\"><u>Plan de Acci\u00f3n Continente de IA<\/u><\/a>.<\/li><li>Dictamen del Comit\u00e9 Europeo de las Regiones:\u00a0<a class=\"x_link-build-content\" title=\"https:\/\/go.abogacia.es\/lnk\/AVMAAI_hreEAAc4dy8QAABYpKFAAAAAA0zoAAKFjABi_EgBpnWPxiTUujba2Rq-kevwOzcVUIQAYIRA\/6\/rMANMdYX0NnyZXA91lP9dA\/aHR0cHM6Ly9ldXItbGV4LmV1cm9wYS5ldS9sZWdhbC1jb250ZW50L0VTL1RYVC9QREYvP3VyaT1PSjpDXzIwMjYwMDc2NCZ1dG1fY2FtcGFpZ249TGVnaXNsYWNpJUMzJUIzbiUyMERpYXJpYSUyMDI0JTIwZGUlMjBGZWJyZXJvJTIwZGUlMjAyMDI2JnV0bV9tZWRpdW09ZW1haWwmdXRtX3NvdXJjZT1NYWlsamV0\" href=\"https:\/\/go.abogacia.es\/lnk\/AVMAAI_hreEAAc4dy8QAABYpKFAAAAAA0zoAAKFjABi_EgBpnWPxiTUujba2Rq-kevwOzcVUIQAYIRA\/6\/rMANMdYX0NnyZXA91lP9dA\/aHR0cHM6Ly9ldXItbGV4LmV1cm9wYS5ldS9sZWdhbC1jb250ZW50L0VTL1RYVC9QREYvP3VyaT1PSjpDXzIwMjYwMDc2NCZ1dG1fY2FtcGFpZ249TGVnaXNsYWNpJUMzJUIzbiUyMERpYXJpYSUyMDI0JTIwZGUlMjBGZWJyZXJvJTIwZGUlMjAyMDI2JnV0bV9tZWRpdW09ZW1haWwmdXRtX3NvdXJjZT1NYWlsamV0\" target=\"_blank\" rel=\"noopener\" data-auth=\"NotApplicable\" data-linkindex=\"10\"><u>Adaptaci\u00f3n al cambio clim\u00e1tico en las ciudades y regiones: elaborar un plan europeo de adaptaci\u00f3n al cambio clim\u00e1tico<\/u><\/a>.<\/li><li>Dictamen del Comit\u00e9 Econ\u00f3mico y Social Europeo \u2014\u00a0<a class=\"x_link-build-content\" title=\"https:\/\/go.abogacia.es\/lnk\/AWkAAJJMumwAAc4d2EYAABAXVFoAAAAA0zoAAKFsABi_EgBpoYinT7W7lRk5QV6INx5zMPdm2wAYIRA\/3\/C8buW2kS0ASLS7Z4Ng_Mnw\/aHR0cHM6Ly9ldXItbGV4LmV1cm9wYS5ldS9sZWdhbC1jb250ZW50L0VTL1RYVC9QREYvP3VyaT1PSjpDXzIwMjYwMDg2NyZ1dG1fY2FtcGFpZ249TGVnaXNsYWNpJUMzJUIzbiUyMFNlbWFuYWwlMjAyMyUyMGElMjAyNyUyMGRlJTIwRmVicmVybyUyMDIwMjYmdXRtX21lZGl1bT1lbWFpbCZ1dG1fc291cmNlPU1haWxqZXQ\" href=\"https:\/\/go.abogacia.es\/lnk\/AWkAAJJMumwAAc4d2EYAABAXVFoAAAAA0zoAAKFsABi_EgBpoYinT7W7lRk5QV6INx5zMPdm2wAYIRA\/3\/C8buW2kS0ASLS7Z4Ng_Mnw\/aHR0cHM6Ly9ldXItbGV4LmV1cm9wYS5ldS9sZWdhbC1jb250ZW50L0VTL1RYVC9QREYvP3VyaT1PSjpDXzIwMjYwMDg2NyZ1dG1fY2FtcGFpZ249TGVnaXNsYWNpJUMzJUIzbiUyMFNlbWFuYWwlMjAyMyUyMGElMjAyNyUyMGRlJTIwRmVicmVybyUyMDIwMjYmdXRtX21lZGl1bT1lbWFpbCZ1dG1fc291cmNlPU1haWxqZXQ\" target=\"_blank\" rel=\"noopener\" data-auth=\"NotApplicable\" data-linkindex=\"11\"><u>Los derechos laborales de periodistas y profesionales de los medios de comunicaci\u00f3n como garant\u00eda de independencia e informaci\u00f3n veraz\u00a0<\/u><\/a>(Dictamen de iniciativa).<\/li><li>Dictamen del Comit\u00e9 Econ\u00f3mico y Social Europeo \u2014\u00a0<a class=\"x_link-build-content\" title=\"https:\/\/go.abogacia.es\/lnk\/AWkAAJJMumwAAc4d2EYAABAXVFoAAAAA0zoAAKFsABi_EgBpoYinT7W7lRk5QV6INx5zMPdm2wAYIRA\/4\/TwMo32ocHnzNWtoDHtnv_Q\/aHR0cHM6Ly9ldXItbGV4LmV1cm9wYS5ldS9sZWdhbC1jb250ZW50L0VTL1RYVC9QREYvP3VyaT1PSjpDXzIwMjYwMDg3MCZ1dG1fY2FtcGFpZ249TGVnaXNsYWNpJUMzJUIzbiUyMFNlbWFuYWwlMjAyMyUyMGElMjAyNyUyMGRlJTIwRmVicmVybyUyMDIwMjYmdXRtX21lZGl1bT1lbWFpbCZ1dG1fc291cmNlPU1haWxqZXQ\" href=\"https:\/\/go.abogacia.es\/lnk\/AWkAAJJMumwAAc4d2EYAABAXVFoAAAAA0zoAAKFsABi_EgBpoYinT7W7lRk5QV6INx5zMPdm2wAYIRA\/4\/TwMo32ocHnzNWtoDHtnv_Q\/aHR0cHM6Ly9ldXItbGV4LmV1cm9wYS5ldS9sZWdhbC1jb250ZW50L0VTL1RYVC9QREYvP3VyaT1PSjpDXzIwMjYwMDg3MCZ1dG1fY2FtcGFpZ249TGVnaXNsYWNpJUMzJUIzbiUyMFNlbWFuYWwlMjAyMyUyMGElMjAyNyUyMGRlJTIwRmVicmVybyUyMDIwMjYmdXRtX21lZGl1bT1lbWFpbCZ1dG1fc291cmNlPU1haWxqZXQ\" target=\"_blank\" rel=\"noopener\" data-auth=\"NotApplicable\" data-linkindex=\"12\"><u>Revisi\u00f3n del marco jur\u00eddico europeo en materia de contrataci\u00f3n p\u00fablica\u00a0<\/u><\/a>\u2014 Dictamen exploratorio.<\/li><\/ul>\t\t\t\t\t\t\t\t<\/div>\n\t\t\t\t<\/div>\n\t\t\t\t<div class=\"elementor-element elementor-element-deb3f7c elementor-widget elementor-widget-heading\" data-id=\"deb3f7c\" data-element_type=\"widget\" data-e-type=\"widget\" data-widget_type=\"heading.default\">\n\t\t\t\t<div class=\"elementor-widget-container\">\n\t\t\t\t\t<h5 class=\"elementor-heading-title elementor-size-default\">CONGRESO DE LOS DIPUTADOS<\/h5>\t\t\t\t<\/div>\n\t\t\t\t<\/div>\n\t\t\t\t<div class=\"elementor-element elementor-element-76ea481 elementor-widget elementor-widget-heading\" data-id=\"76ea481\" data-element_type=\"widget\" data-e-type=\"widget\" data-widget_type=\"heading.default\">\n\t\t\t\t<div class=\"elementor-widget-container\">\n\t\t\t\t\t<h6 class=\"elementor-heading-title elementor-size-default\">Proyectos de Ley<\/h6>\t\t\t\t<\/div>\n\t\t\t\t<\/div>\n\t\t\t\t<div class=\"elementor-element elementor-element-e18a3f8 elementor-widget elementor-widget-text-editor\" data-id=\"e18a3f8\" data-element_type=\"widget\" data-e-type=\"widget\" data-widget_type=\"text-editor.default\">\n\t\t\t\t<div class=\"elementor-widget-container\">\n\t\t\t\t\t\t\t\t\t<ul><li><span data-olk-copy-source=\"MessageBody\">Proposici\u00f3n de Ley para el\u00a0<\/span><a class=\"x_link-build-content\" title=\"https:\/\/go.abogacia.es\/lnk\/AWkAAJJMumwAAc4d2EYAABAXVFoAAAAA0zoAAKFsABi_EgBpoYinT7W7lRk5QV6INx5zMPdm2wAYIRA\/5\/N_bh5TBg2l4yxmVN-UgJoA\/aHR0cHM6Ly93d3cuY29uZ3Jlc28uZXMvcHVibGljX29maWNpYWxlcy9MMTUvQ09ORy9CT0NHL0IvQk9DRy0xNS1CLTI1Ny00LlBERj91dG1fY2FtcGFpZ249TGVnaXNsYWNpJUMzJUIzbiUyMFNlbWFuYWwlMjAyMyUyMGElMjAyNyUyMGRlJTIwRmVicmVybyUyMDIwMjYmdXRtX21lZGl1bT1lbWFpbCZ1dG1fc291cmNlPU1haWxqZXQ\" href=\"https:\/\/go.abogacia.es\/lnk\/AWkAAJJMumwAAc4d2EYAABAXVFoAAAAA0zoAAKFsABi_EgBpoYinT7W7lRk5QV6INx5zMPdm2wAYIRA\/5\/N_bh5TBg2l4yxmVN-UgJoA\/aHR0cHM6Ly93d3cuY29uZ3Jlc28uZXMvcHVibGljX29maWNpYWxlcy9MMTUvQ09ORy9CT0NHL0IvQk9DRy0xNS1CLTI1Ny00LlBERj91dG1fY2FtcGFpZ249TGVnaXNsYWNpJUMzJUIzbiUyMFNlbWFuYWwlMjAyMyUyMGElMjAyNyUyMGRlJTIwRmVicmVybyUyMDIwMjYmdXRtX21lZGl1bT1lbWFpbCZ1dG1fc291cmNlPU1haWxqZXQ\" target=\"_blank\" rel=\"noopener\" data-auth=\"NotApplicable\" data-linkindex=\"13\"><u>impulso de la inclusi\u00f3n laboral de las personas con discapacidad a trav\u00e9s de la cuota de reserva de empleo en las empresas<\/u><\/a>.\u00a0<i>Enmiendas e \u00edndice de enmiendas al articulado.<\/i><\/li><li>Proposici\u00f3n de Ley Org\u00e1nica por la que se modifica la Ley Org\u00e1nica 2\/2023, de 22 de marzo, del\u00a0<a class=\"x_link-build-content\" title=\"https:\/\/go.abogacia.es\/lnk\/AWkAAJJMumwAAc4d2EYAABAXVFoAAAAA0zoAAKFsABi_EgBpoYinT7W7lRk5QV6INx5zMPdm2wAYIRA\/6\/oXgoyt0jr_wcLmxYXVN0OA\/aHR0cHM6Ly93d3cuY29uZ3Jlc28uZXMvcHVibGljX29maWNpYWxlcy9MMTUvQ09ORy9CT0NHL0IvQk9DRy0xNS1CLTIxOS01LlBERj91dG1fY2FtcGFpZ249TGVnaXNsYWNpJUMzJUIzbiUyMFNlbWFuYWwlMjAyMyUyMGElMjAyNyUyMGRlJTIwRmVicmVybyUyMDIwMjYmdXRtX21lZGl1bT1lbWFpbCZ1dG1fc291cmNlPU1haWxqZXQ\" href=\"https:\/\/go.abogacia.es\/lnk\/AWkAAJJMumwAAc4d2EYAABAXVFoAAAAA0zoAAKFsABi_EgBpoYinT7W7lRk5QV6INx5zMPdm2wAYIRA\/6\/oXgoyt0jr_wcLmxYXVN0OA\/aHR0cHM6Ly93d3cuY29uZ3Jlc28uZXMvcHVibGljX29maWNpYWxlcy9MMTUvQ09ORy9CT0NHL0IvQk9DRy0xNS1CLTIxOS01LlBERj91dG1fY2FtcGFpZ249TGVnaXNsYWNpJUMzJUIzbiUyMFNlbWFuYWwlMjAyMyUyMGElMjAyNyUyMGRlJTIwRmVicmVybyUyMDIwMjYmdXRtX21lZGl1bT1lbWFpbCZ1dG1fc291cmNlPU1haWxqZXQ\" target=\"_blank\" rel=\"noopener\" data-auth=\"NotApplicable\" data-linkindex=\"14\"><u>Sistema Universitario<\/u><\/a>.\u00a0<i>Enmiendas e \u00edndice de enmiendas al articulado.<\/i><\/li><li>Proposici\u00f3n de Ley Org\u00e1nica\u00a0<a class=\"x_link-build-content\" title=\"https:\/\/go.abogacia.es\/lnk\/AWkAAJJMumwAAc4d2EYAABAXVFoAAAAA0zoAAKFsABi_EgBpoYinT7W7lRk5QV6INx5zMPdm2wAYIRA\/7\/WWcpPv67-hiiZw5XKINi1g\/aHR0cHM6Ly93d3cuY29uZ3Jlc28uZXMvcHVibGljX29maWNpYWxlcy9MMTUvQ09ORy9CT0NHL0IvQk9DRy0xNS1CLTMwNi0xLlBERj91dG1fY2FtcGFpZ249TGVnaXNsYWNpJUMzJUIzbiUyMFNlbWFuYWwlMjAyMyUyMGElMjAyNyUyMGRlJTIwRmVicmVybyUyMDIwMjYmdXRtX21lZGl1bT1lbWFpbCZ1dG1fc291cmNlPU1haWxqZXQ\" href=\"https:\/\/go.abogacia.es\/lnk\/AWkAAJJMumwAAc4d2EYAABAXVFoAAAAA0zoAAKFsABi_EgBpoYinT7W7lRk5QV6INx5zMPdm2wAYIRA\/7\/WWcpPv67-hiiZw5XKINi1g\/aHR0cHM6Ly93d3cuY29uZ3Jlc28uZXMvcHVibGljX29maWNpYWxlcy9MMTUvQ09ORy9CT0NHL0IvQk9DRy0xNS1CLTMwNi0xLlBERj91dG1fY2FtcGFpZ249TGVnaXNsYWNpJUMzJUIzbiUyMFNlbWFuYWwlMjAyMyUyMGElMjAyNyUyMGRlJTIwRmVicmVybyUyMDIwMjYmdXRtX21lZGl1bT1lbWFpbCZ1dG1fc291cmNlPU1haWxqZXQ\" target=\"_blank\" rel=\"noopener\" data-auth=\"NotApplicable\" data-linkindex=\"15\"><u>sobre la regulaci\u00f3n del uso de velos integrales y la delegaci\u00f3n en la Comunidad Aut\u00f3noma de Catalu\u00f1a de competencias estatales en materia de seguridad e identificaci\u00f3n de personas<\/u><\/a>.<i>\u00a0Presentada por el Grupo Parlamentario Junts per Catalunya.<\/i><\/li><li>Proposici\u00f3n de Ley Org\u00e1nica de modificaci\u00f3n del art\u00edculo 379.1 del C\u00f3digo Penal,\u00a0<a class=\"x_link-build-content\" title=\"https:\/\/go.abogacia.es\/lnk\/AWkAAJJMumwAAc4d2EYAABAXVFoAAAAA0zoAAKFsABi_EgBpoYinT7W7lRk5QV6INx5zMPdm2wAYIRA\/8\/7eKoBqcBlUJt-o3o6k3Mhw\/aHR0cHM6Ly93d3cuY29uZ3Jlc28uZXMvcHVibGljX29maWNpYWxlcy9MMTUvQ09ORy9CT0NHL0IvQk9DRy0xNS1CLTMwNy0xLlBERj91dG1fY2FtcGFpZ249TGVnaXNsYWNpJUMzJUIzbiUyMFNlbWFuYWwlMjAyMyUyMGElMjAyNyUyMGRlJTIwRmVicmVybyUyMDIwMjYmdXRtX21lZGl1bT1lbWFpbCZ1dG1fc291cmNlPU1haWxqZXQ\" href=\"https:\/\/go.abogacia.es\/lnk\/AWkAAJJMumwAAc4d2EYAABAXVFoAAAAA0zoAAKFsABi_EgBpoYinT7W7lRk5QV6INx5zMPdm2wAYIRA\/8\/7eKoBqcBlUJt-o3o6k3Mhw\/aHR0cHM6Ly93d3cuY29uZ3Jlc28uZXMvcHVibGljX29maWNpYWxlcy9MMTUvQ09ORy9CT0NHL0IvQk9DRy0xNS1CLTMwNy0xLlBERj91dG1fY2FtcGFpZ249TGVnaXNsYWNpJUMzJUIzbiUyMFNlbWFuYWwlMjAyMyUyMGElMjAyNyUyMGRlJTIwRmVicmVybyUyMDIwMjYmdXRtX21lZGl1bT1lbWFpbCZ1dG1fc291cmNlPU1haWxqZXQ\" target=\"_blank\" rel=\"noopener\" data-auth=\"NotApplicable\" data-linkindex=\"16\"><u>sobre conducci\u00f3n a velocidad superior a la permitida reglamentariamente<\/u><\/a>.\u00a0<i>Presentada por el Grupo Parlamentario Socialista.<\/i><\/li><li>Proposici\u00f3n de Ley de\u00a0<a class=\"x_link-build-content\" title=\"https:\/\/go.abogacia.es\/lnk\/AWkAAJJMumwAAc4d2EYAABAXVFoAAAAA0zoAAKFsABi_EgBpoYinT7W7lRk5QV6INx5zMPdm2wAYIRA\/9\/KL3lorEnC9C66GFMPtcIVw\/aHR0cHM6Ly93d3cuY29uZ3Jlc28uZXMvcHVibGljX29maWNpYWxlcy9MMTUvQ09ORy9CT0NHL0IvQk9DRy0xNS1CLTMwOC0xLlBERj91dG1fY2FtcGFpZ249TGVnaXNsYWNpJUMzJUIzbiUyMFNlbWFuYWwlMjAyMyUyMGElMjAyNyUyMGRlJTIwRmVicmVybyUyMDIwMjYmdXRtX21lZGl1bT1lbWFpbCZ1dG1fc291cmNlPU1haWxqZXQ\" href=\"https:\/\/go.abogacia.es\/lnk\/AWkAAJJMumwAAc4d2EYAABAXVFoAAAAA0zoAAKFsABi_EgBpoYinT7W7lRk5QV6INx5zMPdm2wAYIRA\/9\/KL3lorEnC9C66GFMPtcIVw\/aHR0cHM6Ly93d3cuY29uZ3Jlc28uZXMvcHVibGljX29maWNpYWxlcy9MMTUvQ09ORy9CT0NHL0IvQk9DRy0xNS1CLTMwOC0xLlBERj91dG1fY2FtcGFpZ249TGVnaXNsYWNpJUMzJUIzbiUyMFNlbWFuYWwlMjAyMyUyMGElMjAyNyUyMGRlJTIwRmVicmVybyUyMDIwMjYmdXRtX21lZGl1bT1lbWFpbCZ1dG1fc291cmNlPU1haWxqZXQ\" target=\"_blank\" rel=\"noopener\" data-auth=\"NotApplicable\" data-linkindex=\"17\"><u>nacionalizaci\u00f3n de Repsol y de su reconversi\u00f3n en una empresa p\u00fablica al servicio de una transici\u00f3n energ\u00e9tica verde y justa<\/u><\/a>.\u00a0<i>Presentada por el Grupo Parlamentario Mixto.<\/i><\/li><li>Proposici\u00f3n de Ley Org\u00e1nica\u00a0<a class=\"x_link-build-content\" title=\"https:\/\/go.abogacia.es\/lnk\/AWkAAJJMumwAAc4d2EYAABAXVFoAAAAA0zoAAKFsABi_EgBpoYinT7W7lRk5QV6INx5zMPdm2wAYIRA\/10\/Z4hLk_BAvmVj4pi9RV-r8g\/aHR0cHM6Ly93d3cuY29uZ3Jlc28uZXMvcHVibGljX29maWNpYWxlcy9MMTUvQ09ORy9CT0NHL0IvQk9DRy0xNS1CLTMwOS0xLlBERj91dG1fY2FtcGFpZ249TGVnaXNsYWNpJUMzJUIzbiUyMFNlbWFuYWwlMjAyMyUyMGElMjAyNyUyMGRlJTIwRmVicmVybyUyMDIwMjYmdXRtX21lZGl1bT1lbWFpbCZ1dG1fc291cmNlPU1haWxqZXQ\" href=\"https:\/\/go.abogacia.es\/lnk\/AWkAAJJMumwAAc4d2EYAABAXVFoAAAAA0zoAAKFsABi_EgBpoYinT7W7lRk5QV6INx5zMPdm2wAYIRA\/10\/Z4hLk_BAvmVj4pi9RV-r8g\/aHR0cHM6Ly93d3cuY29uZ3Jlc28uZXMvcHVibGljX29maWNpYWxlcy9MMTUvQ09ORy9CT0NHL0IvQk9DRy0xNS1CLTMwOS0xLlBERj91dG1fY2FtcGFpZ249TGVnaXNsYWNpJUMzJUIzbiUyMFNlbWFuYWwlMjAyMyUyMGElMjAyNyUyMGRlJTIwRmVicmVybyUyMDIwMjYmdXRtX21lZGl1bT1lbWFpbCZ1dG1fc291cmNlPU1haWxqZXQ\" target=\"_blank\" rel=\"noopener\" data-auth=\"NotApplicable\" data-linkindex=\"18\"><u>reguladora del uso de prendas y elementos que oculten el rostro en espacios p\u00fablicos.<\/u><\/a>\u00a0<i>Presentada por el Grupo Parlamentario Popular en el Congreso.<\/i><\/li><\/ul>\t\t\t\t\t\t\t\t<\/div>\n\t\t\t\t<\/div>\n\t\t\t\t<div class=\"elementor-element elementor-element-949d3a3 elementor-widget elementor-widget-heading\" data-id=\"949d3a3\" data-element_type=\"widget\" data-e-type=\"widget\" data-widget_type=\"heading.default\">\n\t\t\t\t<div class=\"elementor-widget-container\">\n\t\t\t\t\t<h5 class=\"elementor-heading-title elementor-size-default\">SENADO<\/h5>\t\t\t\t<\/div>\n\t\t\t\t<\/div>\n\t\t\t\t<div class=\"elementor-element elementor-element-bf8fcfb elementor-widget elementor-widget-heading\" data-id=\"bf8fcfb\" data-element_type=\"widget\" data-e-type=\"widget\" data-widget_type=\"heading.default\">\n\t\t\t\t<div class=\"elementor-widget-container\">\n\t\t\t\t\t<h6 class=\"elementor-heading-title elementor-size-default\">Iniciativas Legislativas<\/h6>\t\t\t\t<\/div>\n\t\t\t\t<\/div>\n\t\t\t\t<div class=\"elementor-element elementor-element-437815f elementor-widget elementor-widget-text-editor\" data-id=\"437815f\" data-element_type=\"widget\" data-e-type=\"widget\" data-widget_type=\"text-editor.default\">\n\t\t\t\t<div class=\"elementor-widget-container\">\n\t\t\t\t\t\t\t\t\t<ul><li><span data-olk-copy-source=\"MessageBody\">Proposici\u00f3n de Ley de modificaci\u00f3n de la Ley 29\/2011, de 22 de septiembre, de\u00a0<\/span><a class=\"x_link-build-content\" title=\"https:\/\/go.abogacia.es\/lnk\/AVYAAI_QeFEAAc4dzpgAABYpKFAAAAAA0zoAAKFjABi_EgBpntL7wV3htAlHSTGCKkFEOgVZRQAYIRA\/4\/Jkhu10T8Ju7Hhq2foM69FQ\/aHR0cDovL3d3dy5zZW5hZG8uZXMvbGVnaXMxNS9wdWJsaWNhY2lvbmVzL3BkZi9zZW5hZG8vYm9jZy9CT0NHX0RfMTVfMzc0XzMyMzIuUERGP3V0bV9jYW1wYWlnbj1MZWdpc2xhY2klQzMlQjNuJTIwRGlhcmlhJTIwMjUlMjBkZSUyMEZlYnJlcm8lMjBkZSUyMDIwMjYmdXRtX21lZGl1bT1lbWFpbCZ1dG1fc291cmNlPU1haWxqZXQ\" href=\"https:\/\/go.abogacia.es\/lnk\/AVYAAI_QeFEAAc4dzpgAABYpKFAAAAAA0zoAAKFjABi_EgBpntL7wV3htAlHSTGCKkFEOgVZRQAYIRA\/4\/Jkhu10T8Ju7Hhq2foM69FQ\/aHR0cDovL3d3dy5zZW5hZG8uZXMvbGVnaXMxNS9wdWJsaWNhY2lvbmVzL3BkZi9zZW5hZG8vYm9jZy9CT0NHX0RfMTVfMzc0XzMyMzIuUERGP3V0bV9jYW1wYWlnbj1MZWdpc2xhY2klQzMlQjNuJTIwRGlhcmlhJTIwMjUlMjBkZSUyMEZlYnJlcm8lMjBkZSUyMDIwMjYmdXRtX21lZGl1bT1lbWFpbCZ1dG1fc291cmNlPU1haWxqZXQ\" target=\"_blank\" rel=\"noopener\" data-auth=\"NotApplicable\" data-linkindex=\"19\"><u>Reconocimiento y Protecci\u00f3n Integral a las V\u00edctimas del Terrorismo<\/u><\/a>. (N\u00fam. exp. S. 622\/000100).\u00a0<i>Proposiciones de Ley alternativas.<\/i><\/li><\/ul>\t\t\t\t\t\t\t\t<\/div>\n\t\t\t\t<\/div>\n\t\t\t\t<div class=\"elementor-element elementor-element-db8a965 elementor-widget elementor-widget-heading\" data-id=\"db8a965\" data-element_type=\"widget\" data-e-type=\"widget\" data-widget_type=\"heading.default\">\n\t\t\t\t<div class=\"elementor-widget-container\">\n\t\t\t\t\t<h5 class=\"elementor-heading-title elementor-size-default\">CONSEJO DE MINISTROS<\/h5>\t\t\t\t<\/div>\n\t\t\t\t<\/div>\n\t\t\t\t<div class=\"elementor-element elementor-element-7aa8214 elementor-widget elementor-widget-heading\" data-id=\"7aa8214\" data-element_type=\"widget\" data-e-type=\"widget\" data-widget_type=\"heading.default\">\n\t\t\t\t<div class=\"elementor-widget-container\">\n\t\t\t\t\t<h6 class=\"elementor-heading-title elementor-size-default\"><!--StartFragment--><span data-olk-copy-source=\"MessageBody\">Presidencia, Justicia y Relaciones con las Cortes<\/span><!--EndFragment--><\/h6>\t\t\t\t<\/div>\n\t\t\t\t<\/div>\n\t\t\t\t<div class=\"elementor-element elementor-element-7af55dc elementor-widget elementor-widget-text-editor\" data-id=\"7af55dc\" data-element_type=\"widget\" data-e-type=\"widget\" data-widget_type=\"text-editor.default\">\n\t\t\t\t<div class=\"elementor-widget-container\">\n\t\t\t\t\t\t\t\t\t<ul><li><span data-olk-copy-source=\"MessageBody\">Anteproyecto de Ley de\u00a0<\/span><a class=\"x_link-build-content\" title=\"https:\/\/go.abogacia.es\/lnk\/AVYAAI_QeFEAAc4dzpgAABYpKFAAAAAA0zoAAKFjABi_EgBpntL7wV3htAlHSTGCKkFEOgVZRQAYIRA\/5\/tK6E8KxTOEmh-KAiDSFfWA\/aHR0cHM6Ly93d3cubGFtb25jbG9hLmdvYi5lcy9jb25zZWpvZGVtaW5pc3Ryb3MvcmVmZXJlbmNpYXMvUGFnaW5hcy8yMDI2LzIwMjYwMjI0LXJlZmVyZW5jaWEtcnVlZGEtZGUtcHJlbnNhLW1pbmlzdHJvcy5hc3B4P3V0bV9jYW1wYWlnbj1MZWdpc2xhY2klQzMlQjNuJTIwRGlhcmlhJTIwMjUlMjBkZSUyMEZlYnJlcm8lMjBkZSUyMDIwMjYmdXRtX21lZGl1bT1lbWFpbCZ1dG1fc291cmNlPU1haWxqZXQjcHVibGljaWRhZA#publicidad\" href=\"https:\/\/go.abogacia.es\/lnk\/AVYAAI_QeFEAAc4dzpgAABYpKFAAAAAA0zoAAKFjABi_EgBpntL7wV3htAlHSTGCKkFEOgVZRQAYIRA\/5\/tK6E8KxTOEmh-KAiDSFfWA\/aHR0cHM6Ly93d3cubGFtb25jbG9hLmdvYi5lcy9jb25zZWpvZGVtaW5pc3Ryb3MvcmVmZXJlbmNpYXMvUGFnaW5hcy8yMDI2LzIwMjYwMjI0LXJlZmVyZW5jaWEtcnVlZGEtZGUtcHJlbnNhLW1pbmlzdHJvcy5hc3B4P3V0bV9jYW1wYWlnbj1MZWdpc2xhY2klQzMlQjNuJTIwRGlhcmlhJTIwMjUlMjBkZSUyMEZlYnJlcm8lMjBkZSUyMDIwMjYmdXRtX21lZGl1bT1lbWFpbCZ1dG1fc291cmNlPU1haWxqZXQjcHVibGljaWRhZA#publicidad\" target=\"_blank\" rel=\"noopener\" data-auth=\"NotApplicable\" data-linkindex=\"20\"><u>publicidad del sector p\u00fablico, a los efectos previstos en el art\u00edculo 26.4 de la Ley 50\/1997, de 27 de noviembre, del Gobierno<\/u><\/a>.<\/li><li>Real Decreto por el que\u00a0<a class=\"x_link-build-content\" title=\"https:\/\/go.abogacia.es\/lnk\/AVYAAI_QeFEAAc4dzpgAABYpKFAAAAAA0zoAAKFjABi_EgBpntL7wV3htAlHSTGCKkFEOgVZRQAYIRA\/6\/2stcHcDaeDAMuHUImwDzYw\/aHR0cHM6Ly93d3cubGFtb25jbG9hLmdvYi5lcy9jb25zZWpvZGVtaW5pc3Ryb3MvcmVmZXJlbmNpYXMvUGFnaW5hcy8yMDI2LzIwMjYwMjI0LXJlZmVyZW5jaWEtcnVlZGEtZGUtcHJlbnNhLW1pbmlzdHJvcy5hc3B4P3V0bV9jYW1wYWlnbj1MZWdpc2xhY2klQzMlQjNuJTIwRGlhcmlhJTIwMjUlMjBkZSUyMEZlYnJlcm8lMjBkZSUyMDIwMjYmdXRtX21lZGl1bT1lbWFpbCZ1dG1fc291cmNlPU1haWxqZXQjY2FsaWRhZA#calidad\" href=\"https:\/\/go.abogacia.es\/lnk\/AVYAAI_QeFEAAc4dzpgAABYpKFAAAAAA0zoAAKFjABi_EgBpntL7wV3htAlHSTGCKkFEOgVZRQAYIRA\/6\/2stcHcDaeDAMuHUImwDzYw\/aHR0cHM6Ly93d3cubGFtb25jbG9hLmdvYi5lcy9jb25zZWpvZGVtaW5pc3Ryb3MvcmVmZXJlbmNpYXMvUGFnaW5hcy8yMDI2LzIwMjYwMjI0LXJlZmVyZW5jaWEtcnVlZGEtZGUtcHJlbnNhLW1pbmlzdHJvcy5hc3B4P3V0bV9jYW1wYWlnbj1MZWdpc2xhY2klQzMlQjNuJTIwRGlhcmlhJTIwMjUlMjBkZSUyMEZlYnJlcm8lMjBkZSUyMDIwMjYmdXRtX21lZGl1bT1lbWFpbCZ1dG1fc291cmNlPU1haWxqZXQjY2FsaWRhZA#calidad\" target=\"_blank\" rel=\"noopener\" data-auth=\"NotApplicable\" data-linkindex=\"21\"><u>se modifican y derogan determinadas disposiciones en materia alimentaria<\/u><\/a>.<\/li><li>Real Decreto por el que\u00a0<a class=\"x_link-build-content\" title=\"https:\/\/go.abogacia.es\/lnk\/AVYAAI_QeFEAAc4dzpgAABYpKFAAAAAA0zoAAKFjABi_EgBpntL7wV3htAlHSTGCKkFEOgVZRQAYIRA\/7\/9F6eZuKLDZUEAPkkQV8TdA\/aHR0cHM6Ly93d3cubGFtb25jbG9hLmdvYi5lcy9jb25zZWpvZGVtaW5pc3Ryb3MvcmVmZXJlbmNpYXMvUGFnaW5hcy8yMDI2LzIwMjYwMjI0LXJlZmVyZW5jaWEtcnVlZGEtZGUtcHJlbnNhLW1pbmlzdHJvcy5hc3B4P3V0bV9jYW1wYWlnbj1MZWdpc2xhY2klQzMlQjNuJTIwRGlhcmlhJTIwMjUlMjBkZSUyMEZlYnJlcm8lMjBkZSUyMDIwMjYmdXRtX21lZGl1bT1lbWFpbCZ1dG1fc291cmNlPU1haWxqZXQjbWF0ZXJpYQ#materia\" href=\"https:\/\/go.abogacia.es\/lnk\/AVYAAI_QeFEAAc4dzpgAABYpKFAAAAAA0zoAAKFjABi_EgBpntL7wV3htAlHSTGCKkFEOgVZRQAYIRA\/7\/9F6eZuKLDZUEAPkkQV8TdA\/aHR0cHM6Ly93d3cubGFtb25jbG9hLmdvYi5lcy9jb25zZWpvZGVtaW5pc3Ryb3MvcmVmZXJlbmNpYXMvUGFnaW5hcy8yMDI2LzIwMjYwMjI0LXJlZmVyZW5jaWEtcnVlZGEtZGUtcHJlbnNhLW1pbmlzdHJvcy5hc3B4P3V0bV9jYW1wYWlnbj1MZWdpc2xhY2klQzMlQjNuJTIwRGlhcmlhJTIwMjUlMjBkZSUyMEZlYnJlcm8lMjBkZSUyMDIwMjYmdXRtX21lZGl1bT1lbWFpbCZ1dG1fc291cmNlPU1haWxqZXQjbWF0ZXJpYQ#materia\" target=\"_blank\" rel=\"noopener\" data-auth=\"NotApplicable\" data-linkindex=\"22\"><u>se crea y regula la Unidad t\u00e9cnica de apoyo y coordinaci\u00f3n de las autoridades de vigilancia en materia de requisitos de accesibilidad<\/u><\/a>.<\/li><\/ul>\t\t\t\t\t\t\t\t<\/div>\n\t\t\t\t<\/div>\n\t\t\t\t<div class=\"elementor-element elementor-element-ff674be elementor-widget elementor-widget-heading\" data-id=\"ff674be\" data-element_type=\"widget\" data-e-type=\"widget\" data-widget_type=\"heading.default\">\n\t\t\t\t<div class=\"elementor-widget-container\">\n\t\t\t\t\t<h5 class=\"elementor-heading-title elementor-size-default\">AUDIENCIA E INFORMACI\u00d3N P\u00daBLICA<\/h5>\t\t\t\t<\/div>\n\t\t\t\t<\/div>\n\t\t\t\t<div class=\"elementor-element elementor-element-84e839e elementor-widget elementor-widget-text-editor\" data-id=\"84e839e\" data-element_type=\"widget\" data-e-type=\"widget\" data-widget_type=\"text-editor.default\">\n\t\t\t\t<div class=\"elementor-widget-container\">\n\t\t\t\t\t\t\t\t\t<p class=\"x_text-build-content\"><b data-olk-copy-source=\"MessageBody\">Ministerio de Hacienda<\/b><\/p><ul><li>Proyecto de Orden por la que\u00a0<a class=\"x_link-build-content\" title=\"https:\/\/go.abogacia.es\/lnk\/AVMAAI_hreEAAc4dy8QAABYpKFAAAAAA0zoAAKFjABi_EgBpnWPxiTUujba2Rq-kevwOzcVUIQAYIRA\/7\/Yf-LYRT1MVrl45wBzPcijA\/aHR0cHM6Ly93d3cuaGFjaWVuZGEuZ29iLmVzL2VzLWVzL25vcm1hdGl2YSUyMHklMjBkb2N0cmluYS9ub3JtYXNlbnRyYW1pdGFjaW9uL3BhZ2luYXMvYXVkaWVuY2lhYWJpZXJ0YXMuYXNweD91dG1fY2FtcGFpZ249TGVnaXNsYWNpJUMzJUIzbiUyMERpYXJpYSUyMDI0JTIwZGUlMjBGZWJyZXJvJTIwZGUlMjAyMDI2JnV0bV9tZWRpdW09ZW1haWwmdXRtX3NvdXJjZT1NYWlsamV0\" href=\"https:\/\/go.abogacia.es\/lnk\/AVMAAI_hreEAAc4dy8QAABYpKFAAAAAA0zoAAKFjABi_EgBpnWPxiTUujba2Rq-kevwOzcVUIQAYIRA\/7\/Yf-LYRT1MVrl45wBzPcijA\/aHR0cHM6Ly93d3cuaGFjaWVuZGEuZ29iLmVzL2VzLWVzL25vcm1hdGl2YSUyMHklMjBkb2N0cmluYS9ub3JtYXNlbnRyYW1pdGFjaW9uL3BhZ2luYXMvYXVkaWVuY2lhYWJpZXJ0YXMuYXNweD91dG1fY2FtcGFpZ249TGVnaXNsYWNpJUMzJUIzbiUyMERpYXJpYSUyMDI0JTIwZGUlMjBGZWJyZXJvJTIwZGUlMjAyMDI2JnV0bV9tZWRpdW09ZW1haWwmdXRtX3NvdXJjZT1NYWlsamV0\" target=\"_blank\" rel=\"noopener\" data-auth=\"NotApplicable\" data-linkindex=\"23\"><u>se aprueban los modelos de declaraci\u00f3n del Impuesto sobre Sociedades y del Impuesto sobre la Renta de no Residentes correspondiente a establecimientos permanentes y a entidades en r\u00e9gimen de atribuci\u00f3n de rentas constituidas en el extranjero con presencia en territorio espa\u00f1ol<\/u><\/a>, para los per\u00edodos impositivos iniciados entre el 1 de enero y el 31 de diciembre de 2025, se dictan instrucciones relativas al procedimiento de declaraci\u00f3n e ingreso y se establecen las condiciones generales y el procedimiento para su presentaci\u00f3n electr\u00f3nica.<\/li><\/ul><p>\u00a0<\/p><p class=\"x_text-build-content\"><b>Ministerio de la Presidencia, Justicia y relaciones con las Cortes<\/b><\/p><ul><li>Proyecto de Real Decreto por el que se modifica el Real Decreto 2033\/2009, de 30 de diciembre, por el que\u00a0<a class=\"x_link-build-content\" title=\"https:\/\/go.abogacia.es\/lnk\/AVMAAI_hreEAAc4dy8QAABYpKFAAAAAA0zoAAKFjABi_EgBpnWPxiTUujba2Rq-kevwOzcVUIQAYIRA\/8\/ytOOj7h1y2teJ5KuXegR7g\/aHR0cHM6Ly93d3cubWp1c3RpY2lhLmdvYi5lcy9lcy9jaXVkYWRhbmlhL25vcm1hcy10cmFtaXRhY2lvbj91dG1fY2FtcGFpZ249TGVnaXNsYWNpJUMzJUIzbiUyMERpYXJpYSUyMDI0JTIwZGUlMjBGZWJyZXJvJTIwZGUlMjAyMDI2JnV0bV9tZWRpdW09ZW1haWwmdXRtX3NvdXJjZT1NYWlsamV0\" href=\"https:\/\/go.abogacia.es\/lnk\/AVMAAI_hreEAAc4dy8QAABYpKFAAAAAA0zoAAKFjABi_EgBpnWPxiTUujba2Rq-kevwOzcVUIQAYIRA\/8\/ytOOj7h1y2teJ5KuXegR7g\/aHR0cHM6Ly93d3cubWp1c3RpY2lhLmdvYi5lcy9lcy9jaXVkYWRhbmlhL25vcm1hcy10cmFtaXRhY2lvbj91dG1fY2FtcGFpZ249TGVnaXNsYWNpJUMzJUIzbiUyMERpYXJpYSUyMDI0JTIwZGUlMjBGZWJyZXJvJTIwZGUlMjAyMDI2JnV0bV9tZWRpdW09ZW1haWwmdXRtX3NvdXJjZT1NYWlsamV0\" target=\"_blank\" rel=\"noopener\" data-auth=\"NotApplicable\" data-linkindex=\"24\"><u>se determinan los puestos tipo adscritos al Cuerpo de Secretarios Judiciales a efectos del complemento general de puesto, la asignaci\u00f3n inicial del complemento espec\u00edfico y las retribuciones por sustituciones que impliquen el desempe\u00f1o conjunto de otra funci\u00f3n<\/u><\/a>.<\/li><li><a class=\"x_link-build-content\" title=\"https:\/\/go.abogacia.es\/lnk\/AWkAAJJMumwAAc4d2EYAABAXVFoAAAAA0zoAAKFsABi_EgBpoYinT7W7lRk5QV6INx5zMPdm2wAYIRA\/11\/MyHR4kwte7Czj44dhk66JQ\/aHR0cHM6Ly93d3cubXByLmdvYi5lcy9zZXJ2aWNpb3MvcGFydGljaXBhY2lvbi9hdWRpZW5jaWFwdWJsaWNhL1BhZ2luYXMvMjAyNi8yMDI1LTE3ODclMjBBUEwlMjBwdWJsaWNpZGFkL2FudGVwcm95ZWN0by1kZS1sZXktZGUtcHVibGljaWRhZC1kZWwtc2VjdG9yLXAtYmxpLmFzcHg_dXRtX2NhbXBhaWduPUxlZ2lzbGFjaSVDMyVCM24lMjBTZW1hbmFsJTIwMjMlMjBhJTIwMjclMjBkZSUyMEZlYnJlcm8lMjAyMDI2JnV0bV9tZWRpdW09ZW1haWwmdXRtX3NvdXJjZT1NYWlsamV0\" href=\"https:\/\/go.abogacia.es\/lnk\/AWkAAJJMumwAAc4d2EYAABAXVFoAAAAA0zoAAKFsABi_EgBpoYinT7W7lRk5QV6INx5zMPdm2wAYIRA\/11\/MyHR4kwte7Czj44dhk66JQ\/aHR0cHM6Ly93d3cubXByLmdvYi5lcy9zZXJ2aWNpb3MvcGFydGljaXBhY2lvbi9hdWRpZW5jaWFwdWJsaWNhL1BhZ2luYXMvMjAyNi8yMDI1LTE3ODclMjBBUEwlMjBwdWJsaWNpZGFkL2FudGVwcm95ZWN0by1kZS1sZXktZGUtcHVibGljaWRhZC1kZWwtc2VjdG9yLXAtYmxpLmFzcHg_dXRtX2NhbXBhaWduPUxlZ2lzbGFjaSVDMyVCM24lMjBTZW1hbmFsJTIwMjMlMjBhJTIwMjclMjBkZSUyMEZlYnJlcm8lMjAyMDI2JnV0bV9tZWRpdW09ZW1haWwmdXRtX3NvdXJjZT1NYWlsamV0\" data-auth=\"NotApplicable\" data-linkindex=\"25\"><u>Anteproyecto de Ley de publicidad del sector p\u00fablico.<\/u><\/a><\/li><\/ul><p>\u00a0<\/p><p class=\"x_text-build-content\"><b>Ministerio de Trabajo y Econom\u00eda Social<\/b><\/p><ul><li>Real Decreto por el que se transpone la directiva (UE) 2022\/2041 del Parlamento Europeo y del Consejo de 19 de octubre de 2022 sobre unos\u00a0<a class=\"x_link-build-content\" title=\"https:\/\/go.abogacia.es\/lnk\/AWkAAJJMumwAAc4d2EYAABAXVFoAAAAA0zoAAKFsABi_EgBpoYinT7W7lRk5QV6INx5zMPdm2wAYIRA\/12\/XrBpN7AUnpj_w5XvRIkQsg\/aHR0cHM6Ly9leHBpbnRlcndlYi5taXRlcy5nb2IuZXMvcGFydGljaXBhL2xpc3RhZG8_dHJhbWl0ZT0xJmVzdGFkbz0xJnV0bV9jYW1wYWlnbj1MZWdpc2xhY2klQzMlQjNuJTIwU2VtYW5hbCUyMDIzJTIwYSUyMDI3JTIwZGUlMjBGZWJyZXJvJTIwMjAyNiZ1dG1fbWVkaXVtPWVtYWlsJnV0bV9zb3VyY2U9TWFpbGpldA\" href=\"https:\/\/go.abogacia.es\/lnk\/AWkAAJJMumwAAc4d2EYAABAXVFoAAAAA0zoAAKFsABi_EgBpoYinT7W7lRk5QV6INx5zMPdm2wAYIRA\/12\/XrBpN7AUnpj_w5XvRIkQsg\/aHR0cHM6Ly9leHBpbnRlcndlYi5taXRlcy5nb2IuZXMvcGFydGljaXBhL2xpc3RhZG8_dHJhbWl0ZT0xJmVzdGFkbz0xJnV0bV9jYW1wYWlnbj1MZWdpc2xhY2klQzMlQjNuJTIwU2VtYW5hbCUyMDIzJTIwYSUyMDI3JTIwZGUlMjBGZWJyZXJvJTIwMjAyNiZ1dG1fbWVkaXVtPWVtYWlsJnV0bV9zb3VyY2U9TWFpbGpldA\" target=\"_blank\" rel=\"noopener\" data-auth=\"NotApplicable\" data-linkindex=\"26\"><u>salarios m\u00ednimos adecuados en la Uni\u00f3n Europea, y se desarrollan aspectos relacionados con las reglas de aplicaci\u00f3n del salario m\u00ednimo interprofesional.<\/u><\/a><\/li><\/ul>\t\t\t\t\t\t\t\t<\/div>\n\t\t\t\t<\/div>\n\t\t\t\t\t<\/div>\n\t\t<\/div>\n\t\t\t\t\t<\/div>\n\t\t<\/section>\n\t\t\t\t<\/div>\n\t\t","protected":false},"excerpt":{"rendered":"<p>Legislaci\u00f3n Semanal &#8211; Del 23 al 27 de Febrero de 2026 BOLET\u00cdN OFICIAL DEL ESTADO Disposiciones generales \/ Ministerio de la Presidencia, Justicia y Relaciones con las Cortes Real Decreto 125\/2026, de 18 de febrero, por el que\u00a0se modifica el Reglamento de fundaciones de competencia estatal,\u00a0aprobado por el Real Decreto 1337\/2005, de 11 de noviembre, [&hellip;]<\/p>\n","protected":false},"author":1,"featured_media":0,"comment_status":"open","ping_status":"open","sticky":false,"template":"","format":"standard","meta":{"footnotes":""},"categories":[1],"tags":[],"class_list":["post-19254","post","type-post","status-publish","format-standard","hentry","category-uncategorized"],"_links":{"self":[{"href":"https:\/\/cms.icacordoba.23sd.es\/index.php\/wp-json\/wp\/v2\/posts\/19254","targetHints":{"allow":["GET"]}}],"collection":[{"href":"https:\/\/cms.icacordoba.23sd.es\/index.php\/wp-json\/wp\/v2\/posts"}],"about":[{"href":"https:\/\/cms.icacordoba.23sd.es\/index.php\/wp-json\/wp\/v2\/types\/post"}],"author":[{"embeddable":true,"href":"https:\/\/cms.icacordoba.23sd.es\/index.php\/wp-json\/wp\/v2\/users\/1"}],"replies":[{"embeddable":true,"href":"https:\/\/cms.icacordoba.23sd.es\/index.php\/wp-json\/wp\/v2\/comments?post=19254"}],"version-history":[{"count":9,"href":"https:\/\/cms.icacordoba.23sd.es\/index.php\/wp-json\/wp\/v2\/posts\/19254\/revisions"}],"predecessor-version":[{"id":19265,"href":"https:\/\/cms.icacordoba.23sd.es\/index.php\/wp-json\/wp\/v2\/posts\/19254\/revisions\/19265"}],"wp:attachment":[{"href":"https:\/\/cms.icacordoba.23sd.es\/index.php\/wp-json\/wp\/v2\/media?parent=19254"}],"wp:term":[{"taxonomy":"category","embeddable":true,"href":"https:\/\/cms.icacordoba.23sd.es\/index.php\/wp-json\/wp\/v2\/categories?post=19254"},{"taxonomy":"post_tag","embeddable":true,"href":"https:\/\/cms.icacordoba.23sd.es\/index.php\/wp-json\/wp\/v2\/tags?post=19254"}],"curies":[{"name":"wp","href":"https:\/\/api.w.org\/{rel}","templated":true}]}}