{"id":18873,"date":"2026-01-30T11:17:39","date_gmt":"2026-01-30T11:17:39","guid":{"rendered":"https:\/\/cms.icacordoba.23sd.es\/index.php\/18873\/"},"modified":"2026-01-30T11:27:50","modified_gmt":"2026-01-30T11:27:50","slug":"legislacion-semanal-del-26-al-30-de-enero-de-2026","status":"publish","type":"post","link":"https:\/\/cms.icacordoba.23sd.es\/index.php\/18873\/","title":{"rendered":"Legislaci\u00f3n Semanal del 26 al 30 de enero de 2026"},"content":{"rendered":"\t\t<div data-elementor-type=\"wp-post\" data-elementor-id=\"18873\" class=\"elementor elementor-18873\" data-elementor-post-type=\"post\">\n\t\t\t\t\t\t<section class=\"elementor-section elementor-top-section elementor-element elementor-element-fcf3692 elementor-section-boxed elementor-section-height-default elementor-section-height-default\" data-id=\"fcf3692\" data-element_type=\"section\" data-e-type=\"section\">\n\t\t\t\t\t\t<div class=\"elementor-container elementor-column-gap-default\">\n\t\t\t\t\t<div class=\"elementor-column elementor-col-100 elementor-top-column elementor-element elementor-element-4fd51a4\" data-id=\"4fd51a4\" data-element_type=\"column\" data-e-type=\"column\">\n\t\t\t<div class=\"elementor-widget-wrap elementor-element-populated\">\n\t\t\t\t\t\t<div class=\"elementor-element elementor-element-8bc9934 elementor-widget elementor-widget-heading\" data-id=\"8bc9934\" data-element_type=\"widget\" data-e-type=\"widget\" data-widget_type=\"heading.default\">\n\t\t\t\t<div class=\"elementor-widget-container\">\n\t\t\t\t\t<h5 class=\"elementor-heading-title elementor-size-default\">Legislaci\u00f3n Semanal - Del 26 al 30 de Enero de 2026<\/h5>\t\t\t\t<\/div>\n\t\t\t\t<\/div>\n\t\t\t\t\t<\/div>\n\t\t<\/div>\n\t\t\t\t\t<\/div>\n\t\t<\/section>\n\t\t\t\t<section class=\"elementor-section elementor-top-section elementor-element elementor-element-7bbbdab elementor-section-boxed elementor-section-height-default elementor-section-height-default\" data-id=\"7bbbdab\" data-element_type=\"section\" data-e-type=\"section\">\n\t\t\t\t\t\t<div class=\"elementor-container elementor-column-gap-default\">\n\t\t\t\t\t<div class=\"elementor-column elementor-col-100 elementor-top-column elementor-element elementor-element-1d45fd8\" data-id=\"1d45fd8\" data-element_type=\"column\" data-e-type=\"column\">\n\t\t\t<div class=\"elementor-widget-wrap elementor-element-populated\">\n\t\t\t\t\t\t<div class=\"elementor-element elementor-element-c5e8d92 elementor-widget elementor-widget-heading\" data-id=\"c5e8d92\" data-element_type=\"widget\" data-e-type=\"widget\" data-widget_type=\"heading.default\">\n\t\t\t\t<div class=\"elementor-widget-container\">\n\t\t\t\t\t<h5 class=\"elementor-heading-title elementor-size-default\">BOLET\u00cdN OFICIAL DEL ESTADO<\/h5>\t\t\t\t<\/div>\n\t\t\t\t<\/div>\n\t\t\t\t<div class=\"elementor-element elementor-element-7c55872 elementor-widget elementor-widget-heading\" data-id=\"7c55872\" data-element_type=\"widget\" data-e-type=\"widget\" data-widget_type=\"heading.default\">\n\t\t\t\t<div class=\"elementor-widget-container\">\n\t\t\t\t\t<h6 class=\"elementor-heading-title elementor-size-default\"><!--StartFragment--><span data-olk-copy-source=\"MessageBody\">Disposiciones generales \/ Jefatura del Estado<\/span><!--EndFragment--><\/h6>\t\t\t\t<\/div>\n\t\t\t\t<\/div>\n\t\t\t\t<div class=\"elementor-element elementor-element-64a25aa elementor-widget elementor-widget-text-editor\" data-id=\"64a25aa\" data-element_type=\"widget\" data-e-type=\"widget\" data-widget_type=\"text-editor.default\">\n\t\t\t\t<div class=\"elementor-widget-container\">\n\t\t\t\t\t\t\t\t\t<ul><li><span data-olk-copy-source=\"MessageBody\">Real Decreto-ley 1\/2026, de 27 de enero, de\u00a0<\/span><a class=\"x_link-build-content\" title=\"https:\/\/go.abogacia.es\/lnk\/AVEAAIzTIjEAAc4dmRAAABAXVFoAAAAA0zoAAKFsABi_EgBpfH9_NHaJbr78TwaqF61MKgyOwgAYIRA\/2\/onDSzN1jjByioZ2RCgdtHw\/aHR0cHM6Ly93d3cuYm9lLmVzL2JvZS9kaWFzLzIwMjYvMDEvMjgvcGRmcy9CT0UtQS0yMDI2LTIwMjMucGRmP3V0bV9jYW1wYWlnbj1MZWdpc2xhY2klQzMlQjNuJTIwU2VtYW5hbCUyMDI2JTIwYSUyMDMwJTIwZGUlMjBFbmVybyUyMDIwMjYmdXRtX21lZGl1bT1lbWFpbCZ1dG1fc291cmNlPU1haWxqZXQ\" href=\"https:\/\/go.abogacia.es\/lnk\/AVEAAIzTIjEAAc4dmRAAABAXVFoAAAAA0zoAAKFsABi_EgBpfH9_NHaJbr78TwaqF61MKgyOwgAYIRA\/2\/onDSzN1jjByioZ2RCgdtHw\/aHR0cHM6Ly93d3cuYm9lLmVzL2JvZS9kaWFzLzIwMjYvMDEvMjgvcGRmcy9CT0UtQS0yMDI2LTIwMjMucGRmP3V0bV9jYW1wYWlnbj1MZWdpc2xhY2klQzMlQjNuJTIwU2VtYW5hbCUyMDI2JTIwYSUyMDMwJTIwZGUlMjBFbmVybyUyMDIwMjYmdXRtX21lZGl1bT1lbWFpbCZ1dG1fc291cmNlPU1haWxqZXQ\" target=\"_blank\" rel=\"noopener\" data-auth=\"NotApplicable\" data-linkindex=\"2\"><u>ayudas a las v\u00edctimas de los accidentes ferroviarios de Adamuz (C\u00f3rdoba) y G\u00e9lida (Barcelona)<\/u><\/a>.<\/li><li>Resoluci\u00f3n de 27 de enero de 2026, del Congreso de los Diputados, por la que se ordena la publicaci\u00f3n del Acuerdo de derogaci\u00f3n del Real Decreto-ley 16\/2025, de 23 de diciembre, por el que\u00a0<a class=\"x_link-build-content\" title=\"https:\/\/go.abogacia.es\/lnk\/AVEAAIzTIjEAAc4dmRAAABAXVFoAAAAA0zoAAKFsABi_EgBpfH9_NHaJbr78TwaqF61MKgyOwgAYIRA\/3\/sHsJSqx5hfieZ8l33YZmaA\/aHR0cHM6Ly93d3cuYm9lLmVzL2JvZS9kaWFzLzIwMjYvMDEvMjgvcGRmcy9CT0UtQS0yMDI2LTIwMjQucGRmP3V0bV9jYW1wYWlnbj1MZWdpc2xhY2klQzMlQjNuJTIwU2VtYW5hbCUyMDI2JTIwYSUyMDMwJTIwZGUlMjBFbmVybyUyMDIwMjYmdXRtX21lZGl1bT1lbWFpbCZ1dG1fc291cmNlPU1haWxqZXQ\" href=\"https:\/\/go.abogacia.es\/lnk\/AVEAAIzTIjEAAc4dmRAAABAXVFoAAAAA0zoAAKFsABi_EgBpfH9_NHaJbr78TwaqF61MKgyOwgAYIRA\/3\/sHsJSqx5hfieZ8l33YZmaA\/aHR0cHM6Ly93d3cuYm9lLmVzL2JvZS9kaWFzLzIwMjYvMDEvMjgvcGRmcy9CT0UtQS0yMDI2LTIwMjQucGRmP3V0bV9jYW1wYWlnbj1MZWdpc2xhY2klQzMlQjNuJTIwU2VtYW5hbCUyMDI2JTIwYSUyMDMwJTIwZGUlMjBFbmVybyUyMDIwMjYmdXRtX21lZGl1bT1lbWFpbCZ1dG1fc291cmNlPU1haWxqZXQ\" target=\"_blank\" rel=\"noopener\" data-auth=\"NotApplicable\" data-linkindex=\"3\"><u>se prorrogan determinadas medidas para hacer frente a situaciones de vulnerabilidad social, y se adoptan medidas urgentes en materia tributaria y de Seguridad Social<\/u><\/a>.<\/li><\/ul>\t\t\t\t\t\t\t\t<\/div>\n\t\t\t\t<\/div>\n\t\t\t\t<div class=\"elementor-element elementor-element-92e9491 elementor-widget elementor-widget-heading\" data-id=\"92e9491\" data-element_type=\"widget\" data-e-type=\"widget\" data-widget_type=\"heading.default\">\n\t\t\t\t<div class=\"elementor-widget-container\">\n\t\t\t\t\t<h6 class=\"elementor-heading-title elementor-size-default\"><!--StartFragment--><span data-olk-copy-source=\"MessageBody\">Disposiciones generales \/ Ministerio de Hacienda<\/span><!--EndFragment--><\/h6>\t\t\t\t<\/div>\n\t\t\t\t<\/div>\n\t\t\t\t<div class=\"elementor-element elementor-element-9872ced elementor-widget elementor-widget-text-editor\" data-id=\"9872ced\" data-element_type=\"widget\" data-e-type=\"widget\" data-widget_type=\"text-editor.default\">\n\t\t\t\t<div class=\"elementor-widget-container\">\n\t\t\t\t\t\t\t\t\t<ul><li><span data-olk-copy-source=\"MessageBody\">Orden HAC\/27\/2026, de 22 de enero, por la que se modifican la Orden EHA\/3434\/2007, de 23 de noviembre, por la que se aprueban los modelos 322 de Autoliquidaci\u00f3n mensual, modelo individual, y 353 de Autoliquidaci\u00f3n mensual, modelo agregado; la Orden EHA\/3786\/2008, de 29 de diciembre, por la que se aprueba el modelo 303 Impuesto sobre el Valor A\u00f1adido, autoliquidaci\u00f3n; la Orden EHA\/3111\/2009, de 5 de noviembre, por la que se aprueba el modelo 390 de Declaraci\u00f3n-resumen anual del Impuesto sobre el Valor A\u00f1adido; y la Orden HFP\/417\/2017, de 12 de mayo, por la que\u00a0<\/span><a class=\"x_link-build-content\" title=\"https:\/\/go.abogacia.es\/lnk\/AVEAAIzTIjEAAc4dmRAAABAXVFoAAAAA0zoAAKFsABi_EgBpfH9_NHaJbr78TwaqF61MKgyOwgAYIRA\/4\/BmXuJW4pUw_9FzUvm5wWkg\/aHR0cHM6Ly93d3cuYm9lLmVzL2JvZS9kaWFzLzIwMjYvMDEvMjYvcGRmcy9CT0UtQS0yMDI2LTE3NjEucGRmP3V0bV9jYW1wYWlnbj1MZWdpc2xhY2klQzMlQjNuJTIwU2VtYW5hbCUyMDI2JTIwYSUyMDMwJTIwZGUlMjBFbmVybyUyMDIwMjYmdXRtX21lZGl1bT1lbWFpbCZ1dG1fc291cmNlPU1haWxqZXQ\" href=\"https:\/\/go.abogacia.es\/lnk\/AVEAAIzTIjEAAc4dmRAAABAXVFoAAAAA0zoAAKFsABi_EgBpfH9_NHaJbr78TwaqF61MKgyOwgAYIRA\/4\/BmXuJW4pUw_9FzUvm5wWkg\/aHR0cHM6Ly93d3cuYm9lLmVzL2JvZS9kaWFzLzIwMjYvMDEvMjYvcGRmcy9CT0UtQS0yMDI2LTE3NjEucGRmP3V0bV9jYW1wYWlnbj1MZWdpc2xhY2klQzMlQjNuJTIwU2VtYW5hbCUyMDI2JTIwYSUyMDMwJTIwZGUlMjBFbmVybyUyMDIwMjYmdXRtX21lZGl1bT1lbWFpbCZ1dG1fc291cmNlPU1haWxqZXQ\" target=\"_blank\" rel=\"noopener\" data-auth=\"NotApplicable\" data-linkindex=\"4\"><u>se regulan las especificaciones normativas y t\u00e9cnicas que desarrollan la llevanza de los libros registro del Impuesto sobre el Valor A\u00f1adido a trav\u00e9s de la Sede electr\u00f3nica de la Agencia Estatal de Administraci\u00f3n Tributaria<\/u><\/a>\u00a0establecida en el art\u00edculo 62.6 del Reglamento del Impuesto sobre el Valor A\u00f1adido, aprobado por el Real Decreto 1624\/1992, de 29 de diciembre.<\/li><\/ul>\t\t\t\t\t\t\t\t<\/div>\n\t\t\t\t<\/div>\n\t\t\t\t<div class=\"elementor-element elementor-element-83c683b elementor-widget elementor-widget-heading\" data-id=\"83c683b\" data-element_type=\"widget\" data-e-type=\"widget\" data-widget_type=\"heading.default\">\n\t\t\t\t<div class=\"elementor-widget-container\">\n\t\t\t\t\t<h6 class=\"elementor-heading-title elementor-size-default\"><!--StartFragment--><span data-olk-copy-source=\"MessageBody\">Disposiciones generales \/ Ministerio de Asuntos Exteriores, Uni\u00f3n Europea y Cooperaci\u00f3n<\/span><!--EndFragment--><\/h6>\t\t\t\t<\/div>\n\t\t\t\t<\/div>\n\t\t\t\t<div class=\"elementor-element elementor-element-210b215 elementor-widget elementor-widget-text-editor\" data-id=\"210b215\" data-element_type=\"widget\" data-e-type=\"widget\" data-widget_type=\"text-editor.default\">\n\t\t\t\t<div class=\"elementor-widget-container\">\n\t\t\t\t\t\t\t\t\t<ul><li><a class=\"x_link-build-content\" title=\"https:\/\/go.abogacia.es\/lnk\/AVEAAIzTIjEAAc4dmRAAABAXVFoAAAAA0zoAAKFsABi_EgBpfH9_NHaJbr78TwaqF61MKgyOwgAYIRA\/5\/Vs3KT5MqqjDYdzhz-KEdbg\/aHR0cHM6Ly93d3cuYm9lLmVzL2JvZS9kaWFzLzIwMjYvMDEvMjcvcGRmcy9CT0UtQS0yMDI2LTE5MTkucGRmP3V0bV9jYW1wYWlnbj1MZWdpc2xhY2klQzMlQjNuJTIwU2VtYW5hbCUyMDI2JTIwYSUyMDMwJTIwZGUlMjBFbmVybyUyMDIwMjYmdXRtX21lZGl1bT1lbWFpbCZ1dG1fc291cmNlPU1haWxqZXQ\" href=\"https:\/\/go.abogacia.es\/lnk\/AVEAAIzTIjEAAc4dmRAAABAXVFoAAAAA0zoAAKFsABi_EgBpfH9_NHaJbr78TwaqF61MKgyOwgAYIRA\/5\/Vs3KT5MqqjDYdzhz-KEdbg\/aHR0cHM6Ly93d3cuYm9lLmVzL2JvZS9kaWFzLzIwMjYvMDEvMjcvcGRmcy9CT0UtQS0yMDI2LTE5MTkucGRmP3V0bV9jYW1wYWlnbj1MZWdpc2xhY2klQzMlQjNuJTIwU2VtYW5hbCUyMDI2JTIwYSUyMDMwJTIwZGUlMjBFbmVybyUyMDIwMjYmdXRtX21lZGl1bT1lbWFpbCZ1dG1fc291cmNlPU1haWxqZXQ\" target=\"_blank\" rel=\"noopener\" data-auth=\"NotApplicable\" data-linkindex=\"5\"><u data-olk-copy-source=\"MessageBody\">Acuerdo internacional administrativo (AIA) en aplicaci\u00f3n del instrumento de ratificaci\u00f3n del Convenio de la Organizaci\u00f3n para la Cooperaci\u00f3n y Desarrollo Econ\u00f3mico<\/u><\/a>, firmado en Par\u00eds el 14 de diciembre de 1960 entre la Agencia Espa\u00f1ola de Cooperaci\u00f3n Internacional para el Desarrollo del Ministerio de Asuntos Exteriores, Uni\u00f3n Europea y Cooperaci\u00f3n del Reino de Espa\u00f1a y la Organizaci\u00f3n para la Cooperaci\u00f3n y Desarrollo Econ\u00f3mico, hecho en Madrid y Par\u00eds el 9 y 22 de diciembre de 2025.<\/li><\/ul>\t\t\t\t\t\t\t\t<\/div>\n\t\t\t\t<\/div>\n\t\t\t\t<div class=\"elementor-element elementor-element-6005465 elementor-widget elementor-widget-heading\" data-id=\"6005465\" data-element_type=\"widget\" data-e-type=\"widget\" data-widget_type=\"heading.default\">\n\t\t\t\t<div class=\"elementor-widget-container\">\n\t\t\t\t\t<h6 class=\"elementor-heading-title elementor-size-default\"><!--StartFragment--><span data-olk-copy-source=\"MessageBody\">Otras disposiciones \/ Consejo General del Poder Judicial<\/span><!--EndFragment--><\/h6>\t\t\t\t<\/div>\n\t\t\t\t<\/div>\n\t\t\t\t<div class=\"elementor-element elementor-element-0908124 elementor-widget elementor-widget-text-editor\" data-id=\"0908124\" data-element_type=\"widget\" data-e-type=\"widget\" data-widget_type=\"text-editor.default\">\n\t\t\t\t<div class=\"elementor-widget-container\">\n\t\t\t\t\t\t\t\t\t<ul><li><span data-olk-copy-source=\"MessageBody\">Instrucci\u00f3n n.\u00ba 1\/2026, de 28 de enero, del Pleno del Consejo General del Poder Judicial, sobre la adaptaci\u00f3n de la funci\u00f3n de inspecci\u00f3n de tribunales al modelo organizativo de la Ley Org\u00e1nica 1\/2025, de 2 de enero, de\u00a0<\/span><a class=\"x_link-build-content\" title=\"https:\/\/go.abogacia.es\/lnk\/AVEAAIzTIjEAAc4dmRAAABAXVFoAAAAA0zoAAKFsABi_EgBpfH9_NHaJbr78TwaqF61MKgyOwgAYIRA\/8\/Djy5pMKWeib4YKuR7OGkRg\/aHR0cHM6Ly93d3cuYm9lLmVzL2JvZS9kaWFzLzIwMjYvMDEvMzAvcGRmcy9CT0UtQS0yMDI2LTIyMDQucGRmP3V0bV9jYW1wYWlnbj1MZWdpc2xhY2klQzMlQjNuJTIwU2VtYW5hbCUyMDI2JTIwYSUyMDMwJTIwZGUlMjBFbmVybyUyMDIwMjYmdXRtX21lZGl1bT1lbWFpbCZ1dG1fc291cmNlPU1haWxqZXQ\" href=\"https:\/\/go.abogacia.es\/lnk\/AVEAAIzTIjEAAc4dmRAAABAXVFoAAAAA0zoAAKFsABi_EgBpfH9_NHaJbr78TwaqF61MKgyOwgAYIRA\/8\/Djy5pMKWeib4YKuR7OGkRg\/aHR0cHM6Ly93d3cuYm9lLmVzL2JvZS9kaWFzLzIwMjYvMDEvMzAvcGRmcy9CT0UtQS0yMDI2LTIyMDQucGRmP3V0bV9jYW1wYWlnbj1MZWdpc2xhY2klQzMlQjNuJTIwU2VtYW5hbCUyMDI2JTIwYSUyMDMwJTIwZGUlMjBFbmVybyUyMDIwMjYmdXRtX21lZGl1bT1lbWFpbCZ1dG1fc291cmNlPU1haWxqZXQ\" target=\"_blank\" rel=\"noopener\" data-auth=\"NotApplicable\" data-linkindex=\"8\"><u>medidas en materia de eficiencia del Servicio P\u00fablico de Justicia.<\/u><\/a><\/li><li>Acuerdo de 28 de enero de 2026, del Pleno del Consejo General del Poder Judicial, por el que se aprueba la Instrucci\u00f3n 2\/2026,\u00a0<a class=\"x_link-build-content\" title=\"https:\/\/go.abogacia.es\/lnk\/AVEAAIzTIjEAAc4dmRAAABAXVFoAAAAA0zoAAKFsABi_EgBpfH9_NHaJbr78TwaqF61MKgyOwgAYIRA\/9\/cxM03E_p_T6arWJTgQ2n6A\/aHR0cHM6Ly93d3cuYm9lLmVzL2JvZS9kaWFzLzIwMjYvMDEvMzAvcGRmcy9CT0UtQS0yMDI2LTIyMDUucGRmP3V0bV9jYW1wYWlnbj1MZWdpc2xhY2klQzMlQjNuJTIwU2VtYW5hbCUyMDI2JTIwYSUyMDMwJTIwZGUlMjBFbmVybyUyMDIwMjYmdXRtX21lZGl1bT1lbWFpbCZ1dG1fc291cmNlPU1haWxqZXQ\" href=\"https:\/\/go.abogacia.es\/lnk\/AVEAAIzTIjEAAc4dmRAAABAXVFoAAAAA0zoAAKFsABi_EgBpfH9_NHaJbr78TwaqF61MKgyOwgAYIRA\/9\/cxM03E_p_T6arWJTgQ2n6A\/aHR0cHM6Ly93d3cuYm9lLmVzL2JvZS9kaWFzLzIwMjYvMDEvMzAvcGRmcy9CT0UtQS0yMDI2LTIyMDUucGRmP3V0bV9jYW1wYWlnbj1MZWdpc2xhY2klQzMlQjNuJTIwU2VtYW5hbCUyMDI2JTIwYSUyMDMwJTIwZGUlMjBFbmVybyUyMDIwMjYmdXRtX21lZGl1bT1lbWFpbCZ1dG1fc291cmNlPU1haWxqZXQ\" target=\"_blank\" rel=\"noopener\" data-auth=\"NotApplicable\" data-linkindex=\"9\"><u>sobre la utilizaci\u00f3n de sistemas de inteligencia artificial en el ejercicio de la actividad jurisdiccional.<\/u><\/a><\/li><\/ul>\t\t\t\t\t\t\t\t<\/div>\n\t\t\t\t<\/div>\n\t\t\t\t<div class=\"elementor-element elementor-element-9b7d838 elementor-widget elementor-widget-heading\" data-id=\"9b7d838\" data-element_type=\"widget\" data-e-type=\"widget\" data-widget_type=\"heading.default\">\n\t\t\t\t<div class=\"elementor-widget-container\">\n\t\t\t\t\t<h6 class=\"elementor-heading-title elementor-size-default\">Otras disposiciones \/ Ministerio de la Presidencia, Justicia y Relaciones con las Cortes<\/h6>\t\t\t\t<\/div>\n\t\t\t\t<\/div>\n\t\t\t\t<div class=\"elementor-element elementor-element-7a6aabd elementor-widget elementor-widget-text-editor\" data-id=\"7a6aabd\" data-element_type=\"widget\" data-e-type=\"widget\" data-widget_type=\"text-editor.default\">\n\t\t\t\t<div class=\"elementor-widget-container\">\n\t\t\t\t\t\t\t\t\t<ul><li><span data-olk-copy-source=\"MessageBody\">Instrucci\u00f3n 1\/2026, de 28 de enero, de la Secretar\u00eda General de la Administraci\u00f3n de Justicia, relativa a la\u00a0<\/span><a class=\"x_link-build-content\" title=\"https:\/\/go.abogacia.es\/lnk\/AVEAAIzTIjEAAc4dmRAAABAXVFoAAAAA0zoAAKFsABi_EgBpfH9_NHaJbr78TwaqF61MKgyOwgAYIRA\/10\/Kv5VmYcAY09j-0WSAKB4xQ\/aHR0cHM6Ly93d3cuYm9lLmVzL2JvZS9kaWFzLzIwMjYvMDEvMzAvcGRmcy9CT0UtQS0yMDI2LTIyMTEucGRmP3V0bV9jYW1wYWlnbj1MZWdpc2xhY2klQzMlQjNuJTIwU2VtYW5hbCUyMDI2JTIwYSUyMDMwJTIwZGUlMjBFbmVybyUyMDIwMjYmdXRtX21lZGl1bT1lbWFpbCZ1dG1fc291cmNlPU1haWxqZXQ\" href=\"https:\/\/go.abogacia.es\/lnk\/AVEAAIzTIjEAAc4dmRAAABAXVFoAAAAA0zoAAKFsABi_EgBpfH9_NHaJbr78TwaqF61MKgyOwgAYIRA\/10\/Kv5VmYcAY09j-0WSAKB4xQ\/aHR0cHM6Ly93d3cuYm9lLmVzL2JvZS9kaWFzLzIwMjYvMDEvMzAvcGRmcy9CT0UtQS0yMDI2LTIyMTEucGRmP3V0bV9jYW1wYWlnbj1MZWdpc2xhY2klQzMlQjNuJTIwU2VtYW5hbCUyMDI2JTIwYSUyMDMwJTIwZGUlMjBFbmVybyUyMDIwMjYmdXRtX21lZGl1bT1lbWFpbCZ1dG1fc291cmNlPU1haWxqZXQ\" target=\"_blank\" rel=\"noopener\" data-auth=\"NotApplicable\" data-linkindex=\"10\"><u>colaboraci\u00f3n de los letrados y letradas de la Administraci\u00f3n de Justicia y del personal al servicio de la Administraci\u00f3n de Justicia en la inspecci\u00f3n de tribunales.<\/u><\/a><\/li><\/ul>\t\t\t\t\t\t\t\t<\/div>\n\t\t\t\t<\/div>\n\t\t\t\t<div class=\"elementor-element elementor-element-fe5bf3a elementor-widget elementor-widget-heading\" data-id=\"fe5bf3a\" data-element_type=\"widget\" data-e-type=\"widget\" data-widget_type=\"heading.default\">\n\t\t\t\t<div class=\"elementor-widget-container\">\n\t\t\t\t\t<h5 class=\"elementor-heading-title elementor-size-default\">DIARIO OFICIAL DE LA UNI\u00d3N EUROPEA<\/h5>\t\t\t\t<\/div>\n\t\t\t\t<\/div>\n\t\t\t\t<div class=\"elementor-element elementor-element-6ad825f elementor-widget elementor-widget-heading\" data-id=\"6ad825f\" data-element_type=\"widget\" data-e-type=\"widget\" data-widget_type=\"heading.default\">\n\t\t\t\t<div class=\"elementor-widget-container\">\n\t\t\t\t\t<h6 class=\"elementor-heading-title elementor-size-default\"><!--StartFragment--><span data-olk-copy-source=\"MessageBody\">Legislaci\u00f3n<\/span><!--EndFragment--><\/h6>\t\t\t\t<\/div>\n\t\t\t\t<\/div>\n\t\t\t\t<div class=\"elementor-element elementor-element-c4d1d8a elementor-widget elementor-widget-text-editor\" data-id=\"c4d1d8a\" data-element_type=\"widget\" data-e-type=\"widget\" data-widget_type=\"text-editor.default\">\n\t\t\t\t<div class=\"elementor-widget-container\">\n\t\t\t\t\t\t\t\t\t<ul><li><span data-olk-copy-source=\"MessageBody\">Decisi\u00f3n 01\/2026 del Supervisor Europeo de Protecci\u00f3n de Datos, de 16 de enero de 2026, por la que\u00a0<\/span><a class=\"x_link-build-content\" title=\"https:\/\/go.abogacia.es\/lnk\/AVEAAIzTIjEAAc4dmRAAABAXVFoAAAAA0zoAAKFsABi_EgBpfH9_NHaJbr78TwaqF61MKgyOwgAYIRA\/11\/5c7S7Vo7kG1qqVgokOkzMQ\/aHR0cHM6Ly9ldXItbGV4LmV1cm9wYS5ldS9sZWdhbC1jb250ZW50L0VTL1RYVC9QREYvP3VyaT1PSjpMXzIwMjYwMDE5OSZ1dG1fY2FtcGFpZ249TGVnaXNsYWNpJUMzJUIzbiUyMFNlbWFuYWwlMjAyNiUyMGElMjAzMCUyMGRlJTIwRW5lcm8lMjAyMDI2JnV0bV9tZWRpdW09ZW1haWwmdXRtX3NvdXJjZT1NYWlsamV0\" href=\"https:\/\/go.abogacia.es\/lnk\/AVEAAIzTIjEAAc4dmRAAABAXVFoAAAAA0zoAAKFsABi_EgBpfH9_NHaJbr78TwaqF61MKgyOwgAYIRA\/11\/5c7S7Vo7kG1qqVgokOkzMQ\/aHR0cHM6Ly9ldXItbGV4LmV1cm9wYS5ldS9sZWdhbC1jb250ZW50L0VTL1RYVC9QREYvP3VyaT1PSjpMXzIwMjYwMDE5OSZ1dG1fY2FtcGFpZ249TGVnaXNsYWNpJUMzJUIzbiUyMFNlbWFuYWwlMjAyNiUyMGElMjAzMCUyMGRlJTIwRW5lcm8lMjAyMDI2JnV0bV9tZWRpdW09ZW1haWwmdXRtX3NvdXJjZT1NYWlsamV0\" target=\"_blank\" rel=\"noopener\" data-auth=\"NotApplicable\" data-linkindex=\"11\"><u>se adoptan las Normas sobre la aplicaci\u00f3n del requisito de consentimiento previo del SEPD para la destituci\u00f3n de los responsables de la protecci\u00f3n de datos<\/u><\/a>\u00a0[2026\/199].<\/li><\/ul>\t\t\t\t\t\t\t\t<\/div>\n\t\t\t\t<\/div>\n\t\t\t\t<div class=\"elementor-element elementor-element-88b4139 elementor-widget elementor-widget-heading\" data-id=\"88b4139\" data-element_type=\"widget\" data-e-type=\"widget\" data-widget_type=\"heading.default\">\n\t\t\t\t<div class=\"elementor-widget-container\">\n\t\t\t\t\t<h5 class=\"elementor-heading-title elementor-size-default\">CONGRESO DE LOS DIPUTADOS<\/h5>\t\t\t\t<\/div>\n\t\t\t\t<\/div>\n\t\t\t\t<div class=\"elementor-element elementor-element-d5e64b3 elementor-widget elementor-widget-heading\" data-id=\"d5e64b3\" data-element_type=\"widget\" data-e-type=\"widget\" data-widget_type=\"heading.default\">\n\t\t\t\t<div class=\"elementor-widget-container\">\n\t\t\t\t\t<h6 class=\"elementor-heading-title elementor-size-default\">Proyectos de Ley<\/h6>\t\t\t\t<\/div>\n\t\t\t\t<\/div>\n\t\t\t\t<div class=\"elementor-element elementor-element-85e2ec8 elementor-widget elementor-widget-text-editor\" data-id=\"85e2ec8\" data-element_type=\"widget\" data-e-type=\"widget\" data-widget_type=\"text-editor.default\">\n\t\t\t\t<div class=\"elementor-widget-container\">\n\t\t\t\t\t\t\t\t\t<ul><li><a class=\"x_link-build-content\" title=\"https:\/\/go.abogacia.es\/lnk\/AVEAAIzTIjEAAc4dmRAAABAXVFoAAAAA0zoAAKFsABi_EgBpfH9_NHaJbr78TwaqF61MKgyOwgAYIRA\/12\/HAdSZZg8cK2ymLqhJftyYg\/aHR0cHM6Ly93d3cuY29uZ3Jlc28uZXMvcHVibGljX29maWNpYWxlcy9MMTUvQ09ORy9CT0NHL0EvQk9DRy0xNS1BLTgzLTEuUERGP3V0bV9jYW1wYWlnbj1MZWdpc2xhY2klQzMlQjNuJTIwU2VtYW5hbCUyMDI2JTIwYSUyMDMwJTIwZGUlMjBFbmVybyUyMDIwMjYmdXRtX21lZGl1bT1lbWFpbCZ1dG1fc291cmNlPU1haWxqZXQ\" href=\"https:\/\/go.abogacia.es\/lnk\/AVEAAIzTIjEAAc4dmRAAABAXVFoAAAAA0zoAAKFsABi_EgBpfH9_NHaJbr78TwaqF61MKgyOwgAYIRA\/12\/HAdSZZg8cK2ymLqhJftyYg\/aHR0cHM6Ly93d3cuY29uZ3Jlc28uZXMvcHVibGljX29maWNpYWxlcy9MMTUvQ09ORy9CT0NHL0EvQk9DRy0xNS1BLTgzLTEuUERGP3V0bV9jYW1wYWlnbj1MZWdpc2xhY2klQzMlQjNuJTIwU2VtYW5hbCUyMDI2JTIwYSUyMDMwJTIwZGUlMjBFbmVybyUyMDIwMjYmdXRtX21lZGl1bT1lbWFpbCZ1dG1fc291cmNlPU1haWxqZXQ\" target=\"_blank\" rel=\"noopener\" data-auth=\"NotApplicable\" data-linkindex=\"12\"><u data-olk-copy-source=\"MessageBody\">Proyecto de Ley Org\u00e1nica reguladora del derecho de rectificaci\u00f3n<\/u><\/a>.<\/li><\/ul>\t\t\t\t\t\t\t\t<\/div>\n\t\t\t\t<\/div>\n\t\t\t\t<div class=\"elementor-element elementor-element-060bcc9 elementor-widget elementor-widget-heading\" data-id=\"060bcc9\" data-element_type=\"widget\" data-e-type=\"widget\" data-widget_type=\"heading.default\">\n\t\t\t\t<div class=\"elementor-widget-container\">\n\t\t\t\t\t<h6 class=\"elementor-heading-title elementor-size-default\">Proposiciones de Ley<\/h6>\t\t\t\t<\/div>\n\t\t\t\t<\/div>\n\t\t\t\t<div class=\"elementor-element elementor-element-8067f1f elementor-widget elementor-widget-text-editor\" data-id=\"8067f1f\" data-element_type=\"widget\" data-e-type=\"widget\" data-widget_type=\"text-editor.default\">\n\t\t\t\t<div class=\"elementor-widget-container\">\n\t\t\t\t\t\t\t\t\t<ul><li><span data-olk-copy-source=\"MessageBody\">Proposici\u00f3n de Ley para la modificaci\u00f3n de la Ley 12\/2023, de 24 de mayo,\u00a0<\/span><a class=\"x_link-build-content\" title=\"https:\/\/go.abogacia.es\/lnk\/AVEAAIzTIjEAAc4dmRAAABAXVFoAAAAA0zoAAKFsABi_EgBpfH9_NHaJbr78TwaqF61MKgyOwgAYIRA\/13\/-7XJ7O36w8ZGxbUE-roA0A\/aHR0cHM6Ly93d3cuY29uZ3Jlc28uZXMvcHVibGljX29maWNpYWxlcy9MMTUvQ09ORy9CT0NHL0IvQk9DRy0xNS1CLTMwMC0xLlBERj91dG1fY2FtcGFpZ249TGVnaXNsYWNpJUMzJUIzbiUyMFNlbWFuYWwlMjAyNiUyMGElMjAzMCUyMGRlJTIwRW5lcm8lMjAyMDI2JnV0bV9tZWRpdW09ZW1haWwmdXRtX3NvdXJjZT1NYWlsamV0\" href=\"https:\/\/go.abogacia.es\/lnk\/AVEAAIzTIjEAAc4dmRAAABAXVFoAAAAA0zoAAKFsABi_EgBpfH9_NHaJbr78TwaqF61MKgyOwgAYIRA\/13\/-7XJ7O36w8ZGxbUE-roA0A\/aHR0cHM6Ly93d3cuY29uZ3Jlc28uZXMvcHVibGljX29maWNpYWxlcy9MMTUvQ09ORy9CT0NHL0IvQk9DRy0xNS1CLTMwMC0xLlBERj91dG1fY2FtcGFpZ249TGVnaXNsYWNpJUMzJUIzbiUyMFNlbWFuYWwlMjAyNiUyMGElMjAzMCUyMGRlJTIwRW5lcm8lMjAyMDI2JnV0bV9tZWRpdW09ZW1haWwmdXRtX3NvdXJjZT1NYWlsamV0\" target=\"_blank\" rel=\"noopener\" data-auth=\"NotApplicable\" data-linkindex=\"13\"><u>por el derecho a la vivienda.<\/u><\/a>\u00a0<i>Presentada por el Grupo Parlamentario Plurinacional SUMAR.<\/i><\/li><\/ul>\t\t\t\t\t\t\t\t<\/div>\n\t\t\t\t<\/div>\n\t\t\t\t<div class=\"elementor-element elementor-element-f3eda96 elementor-widget elementor-widget-heading\" data-id=\"f3eda96\" data-element_type=\"widget\" data-e-type=\"widget\" data-widget_type=\"heading.default\">\n\t\t\t\t<div class=\"elementor-widget-container\">\n\t\t\t\t\t<h5 class=\"elementor-heading-title elementor-size-default\">CONSEJO DE MINISTROS<\/h5>\t\t\t\t<\/div>\n\t\t\t\t<\/div>\n\t\t\t\t<div class=\"elementor-element elementor-element-072e3cb elementor-widget elementor-widget-heading\" data-id=\"072e3cb\" data-element_type=\"widget\" data-e-type=\"widget\" data-widget_type=\"heading.default\">\n\t\t\t\t<div class=\"elementor-widget-container\">\n\t\t\t\t\t<h6 class=\"elementor-heading-title elementor-size-default\">Presidencia, Justicia y Relaciones con las Cortes<\/h6>\t\t\t\t<\/div>\n\t\t\t\t<\/div>\n\t\t\t\t<div class=\"elementor-element elementor-element-cc2afb6 elementor-widget elementor-widget-text-editor\" data-id=\"cc2afb6\" data-element_type=\"widget\" data-e-type=\"widget\" data-widget_type=\"text-editor.default\">\n\t\t\t\t<div class=\"elementor-widget-container\">\n\t\t\t\t\t\t\t\t\t<ul><li><span data-olk-copy-source=\"MessageBody\">Real Decreto por el que se\u00a0<\/span><a class=\"x_link-build-content\" title=\"https:\/\/go.abogacia.es\/lnk\/AVEAAIzTIjEAAc4dmRAAABAXVFoAAAAA0zoAAKFsABi_EgBpfH9_NHaJbr78TwaqF61MKgyOwgAYIRA\/14\/5yaJPu2MyX9qY6Waj4POBg\/aHR0cHM6Ly93d3cubGFtb25jbG9hLmdvYi5lcy9jb25zZWpvZGVtaW5pc3Ryb3MvcmVmZXJlbmNpYXMvUGFnaW5hcy8yMDI2LzIwMjYwMTI3LXJlZmVyZW5jaWEtcnVlZGEtZGUtcHJlbnNhLW1pbmlzdHJvcy5hc3B4P3V0bV9jYW1wYWlnbj1MZWdpc2xhY2klQzMlQjNuJTIwU2VtYW5hbCUyMDI2JTIwYSUyMDMwJTIwZGUlMjBFbmVybyUyMDIwMjYmdXRtX21lZGl1bT1lbWFpbCZ1dG1fc291cmNlPU1haWxqZXQjdmVoaWN1bG8#vehiculo\" href=\"https:\/\/go.abogacia.es\/lnk\/AVEAAIzTIjEAAc4dmRAAABAXVFoAAAAA0zoAAKFsABi_EgBpfH9_NHaJbr78TwaqF61MKgyOwgAYIRA\/14\/5yaJPu2MyX9qY6Waj4POBg\/aHR0cHM6Ly93d3cubGFtb25jbG9hLmdvYi5lcy9jb25zZWpvZGVtaW5pc3Ryb3MvcmVmZXJlbmNpYXMvUGFnaW5hcy8yMDI2LzIwMjYwMTI3LXJlZmVyZW5jaWEtcnVlZGEtZGUtcHJlbnNhLW1pbmlzdHJvcy5hc3B4P3V0bV9jYW1wYWlnbj1MZWdpc2xhY2klQzMlQjNuJTIwU2VtYW5hbCUyMDI2JTIwYSUyMDMwJTIwZGUlMjBFbmVybyUyMDIwMjYmdXRtX21lZGl1bT1lbWFpbCZ1dG1fc291cmNlPU1haWxqZXQjdmVoaWN1bG8#vehiculo\" target=\"_blank\" rel=\"noopener\" data-auth=\"NotApplicable\" data-linkindex=\"14\"><u>modifica el Reglamento General de Veh\u00edculos y el Real Decreto 2822\/1998, de 23 de diciembre, que lo aprueba, para regular el Registro de Veh\u00edculos Personales Ligeros<\/u><\/a>.<\/li><\/ul>\t\t\t\t\t\t\t\t<\/div>\n\t\t\t\t<\/div>\n\t\t\t\t<div class=\"elementor-element elementor-element-c44ccbb elementor-widget elementor-widget-heading\" data-id=\"c44ccbb\" data-element_type=\"widget\" data-e-type=\"widget\" data-widget_type=\"heading.default\">\n\t\t\t\t<div class=\"elementor-widget-container\">\n\t\t\t\t\t<h6 class=\"elementor-heading-title elementor-size-default\">Interior<\/h6>\t\t\t\t<\/div>\n\t\t\t\t<\/div>\n\t\t\t\t<div class=\"elementor-element elementor-element-bc169c5 elementor-widget elementor-widget-text-editor\" data-id=\"bc169c5\" data-element_type=\"widget\" data-e-type=\"widget\" data-widget_type=\"text-editor.default\">\n\t\t\t\t<div class=\"elementor-widget-container\">\n\t\t\t\t\t\t\t\t\t<ul><li><span data-olk-copy-source=\"MessageBody\">Acuerdo por el que se autoriza la concesi\u00f3n de subvenciones estatales anuales, en cumplimiento de lo dispuesto en el art\u00edculo 3.seis de la Ley Org\u00e1nica 8\/2007, de 4 de julio,\u00a0<\/span><a class=\"x_link-build-content\" title=\"https:\/\/go.abogacia.es\/lnk\/AVEAAIzTIjEAAc4dmRAAABAXVFoAAAAA0zoAAKFsABi_EgBpfH9_NHaJbr78TwaqF61MKgyOwgAYIRA\/15\/CXj0lphLr1IjOPSrrIBW8g\/aHR0cHM6Ly93d3cubGFtb25jbG9hLmdvYi5lcy9jb25zZWpvZGVtaW5pc3Ryb3MvcmVmZXJlbmNpYXMvUGFnaW5hcy8yMDI2LzIwMjYwMTI3LXJlZmVyZW5jaWEtcnVlZGEtZGUtcHJlbnNhLW1pbmlzdHJvcy5hc3B4P3V0bV9jYW1wYWlnbj1MZWdpc2xhY2klQzMlQjNuJTIwU2VtYW5hbCUyMDI2JTIwYSUyMDMwJTIwZGUlMjBFbmVybyUyMDIwMjYmdXRtX21lZGl1bT1lbWFpbCZ1dG1fc291cmNlPU1haWxqZXQjcGFydGlkbw#partido\" href=\"https:\/\/go.abogacia.es\/lnk\/AVEAAIzTIjEAAc4dmRAAABAXVFoAAAAA0zoAAKFsABi_EgBpfH9_NHaJbr78TwaqF61MKgyOwgAYIRA\/15\/CXj0lphLr1IjOPSrrIBW8g\/aHR0cHM6Ly93d3cubGFtb25jbG9hLmdvYi5lcy9jb25zZWpvZGVtaW5pc3Ryb3MvcmVmZXJlbmNpYXMvUGFnaW5hcy8yMDI2LzIwMjYwMTI3LXJlZmVyZW5jaWEtcnVlZGEtZGUtcHJlbnNhLW1pbmlzdHJvcy5hc3B4P3V0bV9jYW1wYWlnbj1MZWdpc2xhY2klQzMlQjNuJTIwU2VtYW5hbCUyMDI2JTIwYSUyMDMwJTIwZGUlMjBFbmVybyUyMDIwMjYmdXRtX21lZGl1bT1lbWFpbCZ1dG1fc291cmNlPU1haWxqZXQjcGFydGlkbw#partido\" target=\"_blank\" rel=\"noopener\" data-auth=\"NotApplicable\" data-linkindex=\"15\"><u>sobre financiaci\u00f3n de los partidos pol\u00edticos<\/u><\/a>.<\/li><\/ul>\t\t\t\t\t\t\t\t<\/div>\n\t\t\t\t<\/div>\n\t\t\t\t<div class=\"elementor-element elementor-element-3f877e0 elementor-widget elementor-widget-heading\" data-id=\"3f877e0\" data-element_type=\"widget\" data-e-type=\"widget\" data-widget_type=\"heading.default\">\n\t\t\t\t<div class=\"elementor-widget-container\">\n\t\t\t\t\t<h6 class=\"elementor-heading-title elementor-size-default\">Pol\u00edtica Territorial y Memoria Democr\u00e1tica<\/h6>\t\t\t\t<\/div>\n\t\t\t\t<\/div>\n\t\t\t\t<div class=\"elementor-element elementor-element-c349345 elementor-widget elementor-widget-text-editor\" data-id=\"c349345\" data-element_type=\"widget\" data-e-type=\"widget\" data-widget_type=\"text-editor.default\">\n\t\t\t\t<div class=\"elementor-widget-container\">\n\t\t\t\t\t\t\t\t\t<ul><li><span data-olk-copy-source=\"MessageBody\">Acuerdo por el que se autoriza la tramitaci\u00f3n administrativa urgente prevista en el art\u00edculo 27.1.b) de la Ley 50\/1997, de 27 de noviembre, del Gobierno, del proyecto de Real Decreto por el que\u00a0<\/span><a class=\"x_link-build-content\" title=\"https:\/\/go.abogacia.es\/lnk\/AVEAAIzTIjEAAc4dmRAAABAXVFoAAAAA0zoAAKFsABi_EgBpfH9_NHaJbr78TwaqF61MKgyOwgAYIRA\/16\/zAqDZqxSyxVtQMyTd2MALw\/aHR0cHM6Ly93d3cubGFtb25jbG9hLmdvYi5lcy9jb25zZWpvZGVtaW5pc3Ryb3MvcmVmZXJlbmNpYXMvUGFnaW5hcy8yMDI2LzIwMjYwMTI3LXJlZmVyZW5jaWEtcnVlZGEtZGUtcHJlbnNhLW1pbmlzdHJvcy5hc3B4P3V0bV9jYW1wYWlnbj1MZWdpc2xhY2klQzMlQjNuJTIwU2VtYW5hbCUyMDI2JTIwYSUyMDMwJTIwZGUlMjBFbmVybyUyMDIwMjYmdXRtX21lZGl1bT1lbWFpbCZ1dG1fc291cmNlPU1haWxqZXQjbWVtb3JpYQ#memoria\" href=\"https:\/\/go.abogacia.es\/lnk\/AVEAAIzTIjEAAc4dmRAAABAXVFoAAAAA0zoAAKFsABi_EgBpfH9_NHaJbr78TwaqF61MKgyOwgAYIRA\/16\/zAqDZqxSyxVtQMyTd2MALw\/aHR0cHM6Ly93d3cubGFtb25jbG9hLmdvYi5lcy9jb25zZWpvZGVtaW5pc3Ryb3MvcmVmZXJlbmNpYXMvUGFnaW5hcy8yMDI2LzIwMjYwMTI3LXJlZmVyZW5jaWEtcnVlZGEtZGUtcHJlbnNhLW1pbmlzdHJvcy5hc3B4P3V0bV9jYW1wYWlnbj1MZWdpc2xhY2klQzMlQjNuJTIwU2VtYW5hbCUyMDI2JTIwYSUyMDMwJTIwZGUlMjBFbmVybyUyMDIwMjYmdXRtX21lZGl1bT1lbWFpbCZ1dG1fc291cmNlPU1haWxqZXQjbWVtb3JpYQ#memoria\" target=\"_blank\" rel=\"noopener\" data-auth=\"NotApplicable\" data-linkindex=\"16\"><u>se regula la concesi\u00f3n directa de subvenciones a favor de determinadas entidades, asociaciones y fundaciones para actividades relacionadas con la promoci\u00f3n, fomento y divulgaci\u00f3n de la Memoria Democr\u00e1tica y el reconocimiento moral de las v\u00edctimas de la Guerra de Espa\u00f1a y la dictadura<\/u><\/a>.<\/li><\/ul>\t\t\t\t\t\t\t\t<\/div>\n\t\t\t\t<\/div>\n\t\t\t\t<div class=\"elementor-element elementor-element-f710a16 elementor-widget elementor-widget-heading\" data-id=\"f710a16\" data-element_type=\"widget\" data-e-type=\"widget\" data-widget_type=\"heading.default\">\n\t\t\t\t<div class=\"elementor-widget-container\">\n\t\t\t\t\t<h5 class=\"elementor-heading-title elementor-size-default\">CONSULTA P\u00daBLICA <\/h5>\t\t\t\t<\/div>\n\t\t\t\t<\/div>\n\t\t\t\t<div class=\"elementor-element elementor-element-40c1652 elementor-widget elementor-widget-heading\" data-id=\"40c1652\" data-element_type=\"widget\" data-e-type=\"widget\" data-widget_type=\"heading.default\">\n\t\t\t\t<div class=\"elementor-widget-container\">\n\t\t\t\t\t<h6 class=\"elementor-heading-title elementor-size-default\">Ministerio de Trabajo y Econom\u00eda Social<\/h6>\t\t\t\t<\/div>\n\t\t\t\t<\/div>\n\t\t\t\t<div class=\"elementor-element elementor-element-62107e8 elementor-widget elementor-widget-text-editor\" data-id=\"62107e8\" data-element_type=\"widget\" data-e-type=\"widget\" data-widget_type=\"text-editor.default\">\n\t\t\t\t<div class=\"elementor-widget-container\">\n\t\t\t\t\t\t\t\t\t<ul><li><span data-olk-copy-source=\"MessageBody\">Consulta p\u00fablica previa sobre el proyecto de Real Decreto por el que\u00a0<\/span><a class=\"x_link-build-content\" title=\"https:\/\/go.abogacia.es\/lnk\/AVEAAIzTIjEAAc4dmRAAABAXVFoAAAAA0zoAAKFsABi_EgBpfH9_NHaJbr78TwaqF61MKgyOwgAYIRA\/17\/fkgMPl8K-9J7wVaOLsoYUA\/aHR0cHM6Ly9leHBpbnRlcndlYi5taXRlcy5nb2IuZXMvcGFydGljaXBhL2xpc3RhZG8_dHJhbWl0ZT0yJmVzdGFkbz0xJnV0bV9jYW1wYWlnbj1MZWdpc2xhY2klQzMlQjNuJTIwU2VtYW5hbCUyMDI2JTIwYSUyMDMwJTIwZGUlMjBFbmVybyUyMDIwMjYmdXRtX21lZGl1bT1lbWFpbCZ1dG1fc291cmNlPU1haWxqZXQ\" href=\"https:\/\/go.abogacia.es\/lnk\/AVEAAIzTIjEAAc4dmRAAABAXVFoAAAAA0zoAAKFsABi_EgBpfH9_NHaJbr78TwaqF61MKgyOwgAYIRA\/17\/fkgMPl8K-9J7wVaOLsoYUA\/aHR0cHM6Ly9leHBpbnRlcndlYi5taXRlcy5nb2IuZXMvcGFydGljaXBhL2xpc3RhZG8_dHJhbWl0ZT0yJmVzdGFkbz0xJnV0bV9jYW1wYWlnbj1MZWdpc2xhY2klQzMlQjNuJTIwU2VtYW5hbCUyMDI2JTIwYSUyMDMwJTIwZGUlMjBFbmVybyUyMDIwMjYmdXRtX21lZGl1bT1lbWFpbCZ1dG1fc291cmNlPU1haWxqZXQ\" target=\"_blank\" rel=\"noopener\" data-auth=\"NotApplicable\" data-linkindex=\"17\"><u>se regula la concesi\u00f3n directa por el servicio p\u00fablico de empleo estatal de subvenciones en el \u00e1mbito del empleo y de la formaci\u00f3n en el trabajo, para el ejercicio presupuestario 2026<\/u><\/a>.<\/li><\/ul>\t\t\t\t\t\t\t\t<\/div>\n\t\t\t\t<\/div>\n\t\t\t\t<div class=\"elementor-element elementor-element-4236684 elementor-widget elementor-widget-heading\" data-id=\"4236684\" data-element_type=\"widget\" data-e-type=\"widget\" data-widget_type=\"heading.default\">\n\t\t\t\t<div class=\"elementor-widget-container\">\n\t\t\t\t\t<h5 class=\"elementor-heading-title elementor-size-default\">AUDIENCIA E INFORMACI\u00d3N P\u00daBLICA<\/h5>\t\t\t\t<\/div>\n\t\t\t\t<\/div>\n\t\t\t\t<div class=\"elementor-element elementor-element-e285400 elementor-widget elementor-widget-heading\" data-id=\"e285400\" data-element_type=\"widget\" data-e-type=\"widget\" data-widget_type=\"heading.default\">\n\t\t\t\t<div class=\"elementor-widget-container\">\n\t\t\t\t\t<h6 class=\"elementor-heading-title elementor-size-default\">Ministerio de Hacienda<\/h6>\t\t\t\t<\/div>\n\t\t\t\t<\/div>\n\t\t\t\t<div class=\"elementor-element elementor-element-3e4fd93 elementor-widget elementor-widget-text-editor\" data-id=\"3e4fd93\" data-element_type=\"widget\" data-e-type=\"widget\" data-widget_type=\"text-editor.default\">\n\t\t\t\t<div class=\"elementor-widget-container\">\n\t\t\t\t\t\t\t\t\t<ul><li><span data-olk-copy-source=\"MessageBody\">Proyecto de Orden por la que\u00a0<\/span><a class=\"x_link-build-content\" title=\"https:\/\/go.abogacia.es\/lnk\/AVEAAIzTIjEAAc4dmRAAABAXVFoAAAAA0zoAAKFsABi_EgBpfH9_NHaJbr78TwaqF61MKgyOwgAYIRA\/18\/XcoSVYEFs8YQZtEj3YU2Vg\/aHR0cHM6Ly93d3cuaGFjaWVuZGEuZ29iLmVzL2VzLWVzL25vcm1hdGl2YSUyMHklMjBkb2N0cmluYS9ub3JtYXNlbnRyYW1pdGFjaW9uL3BhZ2luYXMvYXVkaWVuY2lhYWJpZXJ0YXMuYXNweD91dG1fY2FtcGFpZ249TGVnaXNsYWNpJUMzJUIzbiUyMFNlbWFuYWwlMjAyNiUyMGElMjAzMCUyMGRlJTIwRW5lcm8lMjAyMDI2JnV0bV9tZWRpdW09ZW1haWwmdXRtX3NvdXJjZT1NYWlsamV0\" href=\"https:\/\/go.abogacia.es\/lnk\/AVEAAIzTIjEAAc4dmRAAABAXVFoAAAAA0zoAAKFsABi_EgBpfH9_NHaJbr78TwaqF61MKgyOwgAYIRA\/18\/XcoSVYEFs8YQZtEj3YU2Vg\/aHR0cHM6Ly93d3cuaGFjaWVuZGEuZ29iLmVzL2VzLWVzL25vcm1hdGl2YSUyMHklMjBkb2N0cmluYS9ub3JtYXNlbnRyYW1pdGFjaW9uL3BhZ2luYXMvYXVkaWVuY2lhYWJpZXJ0YXMuYXNweD91dG1fY2FtcGFpZ249TGVnaXNsYWNpJUMzJUIzbiUyMFNlbWFuYWwlMjAyNiUyMGElMjAzMCUyMGRlJTIwRW5lcm8lMjAyMDI2JnV0bV9tZWRpdW09ZW1haWwmdXRtX3NvdXJjZT1NYWlsamV0\" target=\"_blank\" rel=\"noopener\" data-auth=\"NotApplicable\" data-linkindex=\"18\"><u>se aprueban los modelos de declaraci\u00f3n del Impuesto sobre la Renta de las Personas F\u00edsicas y del Impuesto sobre el Patrimonio, ejercicio 2025<\/u><\/a>, se determinan el lugar, forma y plazos de presentaci\u00f3n de los mismos, se establecen los procedimientos de obtenci\u00f3n, modificaci\u00f3n, confirmaci\u00f3n y presentaci\u00f3n del borrador de declaraci\u00f3n del Impuesto sobre la Renta de las Personas F\u00edsicas y se determinan las condiciones generales y el procedimiento para la presentaci\u00f3n de ambos por medios electr\u00f3nicos.<\/li><\/ul>\t\t\t\t\t\t\t\t<\/div>\n\t\t\t\t<\/div>\n\t\t\t\t<div class=\"elementor-element elementor-element-e75714d elementor-widget elementor-widget-heading\" data-id=\"e75714d\" data-element_type=\"widget\" data-e-type=\"widget\" data-widget_type=\"heading.default\">\n\t\t\t\t<div class=\"elementor-widget-container\">\n\t\t\t\t\t<h6 class=\"elementor-heading-title elementor-size-default\">Ministerio del Interior<\/h6>\t\t\t\t<\/div>\n\t\t\t\t<\/div>\n\t\t\t\t<div class=\"elementor-element elementor-element-83726c1 elementor-widget elementor-widget-text-editor\" data-id=\"83726c1\" data-element_type=\"widget\" data-e-type=\"widget\" data-widget_type=\"text-editor.default\">\n\t\t\t\t<div class=\"elementor-widget-container\">\n\t\t\t\t\t\t\t\t\t<ul><li><span data-olk-copy-source=\"MessageBody\">Audiencia e informaci\u00f3n p\u00fablica del proyecto de Orden Ministerial por la que<\/span><a class=\"x_link-build-content\" title=\"https:\/\/go.abogacia.es\/lnk\/AVEAAIzTIjEAAc4dmRAAABAXVFoAAAAA0zoAAKFsABi_EgBpfH9_NHaJbr78TwaqF61MKgyOwgAYIRA\/19\/zKv-JyTpbuHATIbk6n7Kag\/aHR0cHM6Ly93d3cuaW50ZXJpb3IuZ29iLmVzL29wZW5jbXMvZXMvc2VydmljaW9zLWFsLWNpdWRhZGFuby9wYXJ0aWNpcGFjaW9uLWNpdWRhZGFuYS9wYXJ0aWNpcGFjaW9uLXB1YmxpY2EtZW4tcHJveWVjdG9zLW5vcm1hdGl2b3MvYXVkaWVuY2lhLWUtaW5mb3JtYWNpb24tcHVibGljYS8_dXRtX2NhbXBhaWduPUxlZ2lzbGFjaSVDMyVCM24lMjBTZW1hbmFsJTIwMjYlMjBhJTIwMzAlMjBkZSUyMEVuZXJvJTIwMjAyNiZ1dG1fbWVkaXVtPWVtYWlsJnV0bV9zb3VyY2U9TWFpbGpldA\" href=\"https:\/\/go.abogacia.es\/lnk\/AVEAAIzTIjEAAc4dmRAAABAXVFoAAAAA0zoAAKFsABi_EgBpfH9_NHaJbr78TwaqF61MKgyOwgAYIRA\/19\/zKv-JyTpbuHATIbk6n7Kag\/aHR0cHM6Ly93d3cuaW50ZXJpb3IuZ29iLmVzL29wZW5jbXMvZXMvc2VydmljaW9zLWFsLWNpdWRhZGFuby9wYXJ0aWNpcGFjaW9uLWNpdWRhZGFuYS9wYXJ0aWNpcGFjaW9uLXB1YmxpY2EtZW4tcHJveWVjdG9zLW5vcm1hdGl2b3MvYXVkaWVuY2lhLWUtaW5mb3JtYWNpb24tcHVibGljYS8_dXRtX2NhbXBhaWduPUxlZ2lzbGFjaSVDMyVCM24lMjBTZW1hbmFsJTIwMjYlMjBhJTIwMzAlMjBkZSUyMEVuZXJvJTIwMjAyNiZ1dG1fbWVkaXVtPWVtYWlsJnV0bV9zb3VyY2U9TWFpbGpldA\" target=\"_blank\" rel=\"noopener\" data-auth=\"NotApplicable\" data-linkindex=\"19\"><u>\u00a0se establecen las condiciones de colaboraci\u00f3n para la prestaci\u00f3n de servicios comunes por los Cuerpos de Polic\u00eda Local dependientes de municipios lim\u00edtrofes pertenecientes a la misma Comunidad Aut\u00f3noma<\/u><\/a>.<\/li><\/ul>\t\t\t\t\t\t\t\t<\/div>\n\t\t\t\t<\/div>\n\t\t\t\t<div class=\"elementor-element elementor-element-4c6f875 elementor-widget elementor-widget-heading\" data-id=\"4c6f875\" data-element_type=\"widget\" data-e-type=\"widget\" data-widget_type=\"heading.default\">\n\t\t\t\t<div class=\"elementor-widget-container\">\n\t\t\t\t\t<h6 class=\"elementor-heading-title elementor-size-default\"><!--StartFragment--><span data-olk-copy-source=\"MessageBody\">Ministerio de Inclusi\u00f3n, Seguridad Social y Migraciones<\/span><!--EndFragment--><\/h6>\t\t\t\t<\/div>\n\t\t\t\t<\/div>\n\t\t\t\t<div class=\"elementor-element elementor-element-68db001 elementor-widget elementor-widget-text-editor\" data-id=\"68db001\" data-element_type=\"widget\" data-e-type=\"widget\" data-widget_type=\"text-editor.default\">\n\t\t\t\t<div class=\"elementor-widget-container\">\n\t\t\t\t\t\t\t\t\t<ul><li><span data-olk-copy-source=\"MessageBody\">Proyecto de Real Decreto por el que se modifica Real Decreto 1155\/2024, de 19 de noviembre, por el que se aprueba el Reglamento de la Ley Org\u00e1nica 4\/2000, de 11 de enero, sobre\u00a0<\/span><a class=\"x_link-build-content\" title=\"https:\/\/go.abogacia.es\/lnk\/AVEAAIzTIjEAAc4dmRAAABAXVFoAAAAA0zoAAKFsABi_EgBpfH9_NHaJbr78TwaqF61MKgyOwgAYIRA\/20\/8gGa3r6jwlX7LN65G4_F9w\/aHR0cHM6Ly9leHBpbnRlcndlYi5pbmNsdXNpb24uZ29iLmVzL3BhcnRpY2lwYWNpb24vcGFydGljaXBhP3RyYW1pdGU9MSZ1dG1fY2FtcGFpZ249TGVnaXNsYWNpJUMzJUIzbiUyMFNlbWFuYWwlMjAyNiUyMGElMjAzMCUyMGRlJTIwRW5lcm8lMjAyMDI2JnV0bV9tZWRpdW09ZW1haWwmdXRtX3NvdXJjZT1NYWlsamV0\" href=\"https:\/\/go.abogacia.es\/lnk\/AVEAAIzTIjEAAc4dmRAAABAXVFoAAAAA0zoAAKFsABi_EgBpfH9_NHaJbr78TwaqF61MKgyOwgAYIRA\/20\/8gGa3r6jwlX7LN65G4_F9w\/aHR0cHM6Ly9leHBpbnRlcndlYi5pbmNsdXNpb24uZ29iLmVzL3BhcnRpY2lwYWNpb24vcGFydGljaXBhP3RyYW1pdGU9MSZ1dG1fY2FtcGFpZ249TGVnaXNsYWNpJUMzJUIzbiUyMFNlbWFuYWwlMjAyNiUyMGElMjAzMCUyMGRlJTIwRW5lcm8lMjAyMDI2JnV0bV9tZWRpdW09ZW1haWwmdXRtX3NvdXJjZT1NYWlsamV0\" target=\"_blank\" rel=\"noopener\" data-auth=\"NotApplicable\" data-linkindex=\"20\"><u>derechos y libertades de los extranjeros en Espa\u00f1a y su integraci\u00f3n social<\/u><\/a>.<\/li><li>Proyecto de Orden Ministerial ISM\/XXX\/2026, de XXX, por la que\u00a0<a class=\"x_link-build-content\" title=\"https:\/\/go.abogacia.es\/lnk\/AVEAAIzTIjEAAc4dmRAAABAXVFoAAAAA0zoAAKFsABi_EgBpfH9_NHaJbr78TwaqF61MKgyOwgAYIRA\/21\/ZM5b1XA5V6VzAzyD67_GIA\/aHR0cHM6Ly9leHBpbnRlcndlYi5pbmNsdXNpb24uZ29iLmVzL3BhcnRpY2lwYWNpb24vcGFydGljaXBhP3RyYW1pdGU9MSZ1dG1fY2FtcGFpZ249TGVnaXNsYWNpJUMzJUIzbiUyMFNlbWFuYWwlMjAyNiUyMGElMjAzMCUyMGRlJTIwRW5lcm8lMjAyMDI2JnV0bV9tZWRpdW09ZW1haWwmdXRtX3NvdXJjZT1NYWlsamV0\" href=\"https:\/\/go.abogacia.es\/lnk\/AVEAAIzTIjEAAc4dmRAAABAXVFoAAAAA0zoAAKFsABi_EgBpfH9_NHaJbr78TwaqF61MKgyOwgAYIRA\/21\/ZM5b1XA5V6VzAzyD67_GIA\/aHR0cHM6Ly9leHBpbnRlcndlYi5pbmNsdXNpb24uZ29iLmVzL3BhcnRpY2lwYWNpb24vcGFydGljaXBhP3RyYW1pdGU9MSZ1dG1fY2FtcGFpZ249TGVnaXNsYWNpJUMzJUIzbiUyMFNlbWFuYWwlMjAyNiUyMGElMjAzMCUyMGRlJTIwRW5lcm8lMjAyMDI2JnV0bV9tZWRpdW09ZW1haWwmdXRtX3NvdXJjZT1NYWlsamV0\" target=\"_blank\" rel=\"noopener\" data-auth=\"NotApplicable\" data-linkindex=\"21\"><u>se crea y se regula el Registro Electr\u00f3nico de Colaboradores de Extranjer\u00eda y de la memoria del an\u00e1lisis de impacto normativo<\/u><\/a>, con el fin de dar cumplimiento al tr\u00e1mite de audiencia e informaci\u00f3n p\u00fablica establecido en el art\u00edculo 26.2 de la Ley 50\/1997, de 27 de noviembre, del Gobierno.<\/li><\/ul>\t\t\t\t\t\t\t\t<\/div>\n\t\t\t\t<\/div>\n\t\t\t\t<div class=\"elementor-element elementor-element-a302aec elementor-widget elementor-widget-heading\" data-id=\"a302aec\" data-element_type=\"widget\" data-e-type=\"widget\" data-widget_type=\"heading.default\">\n\t\t\t\t<div class=\"elementor-widget-container\">\n\t\t\t\t\t<h6 class=\"elementor-heading-title elementor-size-default\">Ministerio de Cultura<\/h6>\t\t\t\t<\/div>\n\t\t\t\t<\/div>\n\t\t\t\t<div class=\"elementor-element elementor-element-5de2c04 elementor-widget elementor-widget-text-editor\" data-id=\"5de2c04\" data-element_type=\"widget\" data-e-type=\"widget\" data-widget_type=\"text-editor.default\">\n\t\t\t\t<div class=\"elementor-widget-container\">\n\t\t\t\t\t\t\t\t\t<ul><li><a class=\"x_link-build-content\" title=\"https:\/\/go.abogacia.es\/lnk\/AVEAAIzTIjEAAc4dmRAAABAXVFoAAAAA0zoAAKFsABi_EgBpfH9_NHaJbr78TwaqF61MKgyOwgAYIRA\/22\/arPGKO1LkEFKT4AgZIVghQ\/aHR0cHM6Ly93d3cuY3VsdHVyYS5nb2IuZXMvc2VydmljaW9zLWEtbGEtY2l1ZGFkYW5pYS9pbmZvcm1hY2lvbi1wdWJsaWNhL2F1ZGllbmNpYS1pbmZvcm1hY2lvbi1wdWJsaWNhL2FiaWVydG9zLzIwMjYvYm9uby1jdWx0dXJhbC1qb3Zlbi5odG1sP3V0bV9jYW1wYWlnbj1MZWdpc2xhY2klQzMlQjNuJTIwU2VtYW5hbCUyMDI2JTIwYSUyMDMwJTIwZGUlMjBFbmVybyUyMDIwMjYmdXRtX21lZGl1bT1lbWFpbCZ1dG1fc291cmNlPU1haWxqZXQ\" href=\"https:\/\/go.abogacia.es\/lnk\/AVEAAIzTIjEAAc4dmRAAABAXVFoAAAAA0zoAAKFsABi_EgBpfH9_NHaJbr78TwaqF61MKgyOwgAYIRA\/22\/arPGKO1LkEFKT4AgZIVghQ\/aHR0cHM6Ly93d3cuY3VsdHVyYS5nb2IuZXMvc2VydmljaW9zLWEtbGEtY2l1ZGFkYW5pYS9pbmZvcm1hY2lvbi1wdWJsaWNhL2F1ZGllbmNpYS1pbmZvcm1hY2lvbi1wdWJsaWNhL2FiaWVydG9zLzIwMjYvYm9uby1jdWx0dXJhbC1qb3Zlbi5odG1sP3V0bV9jYW1wYWlnbj1MZWdpc2xhY2klQzMlQjNuJTIwU2VtYW5hbCUyMDI2JTIwYSUyMDMwJTIwZGUlMjBFbmVybyUyMDIwMjYmdXRtX21lZGl1bT1lbWFpbCZ1dG1fc291cmNlPU1haWxqZXQ\" target=\"_blank\" rel=\"noopener\" data-auth=\"NotApplicable\" data-linkindex=\"22\"><u data-olk-copy-source=\"MessageBody\">Proyecto de Real Decreto regulador del Bono Cultural Joven<\/u><\/a>.<\/li><\/ul>\t\t\t\t\t\t\t\t<\/div>\n\t\t\t\t<\/div>\n\t\t\t\t<div class=\"elementor-element elementor-element-9702990 elementor-widget elementor-widget-heading\" data-id=\"9702990\" data-element_type=\"widget\" data-e-type=\"widget\" data-widget_type=\"heading.default\">\n\t\t\t\t<div class=\"elementor-widget-container\">\n\t\t\t\t\t<h6 class=\"elementor-heading-title elementor-size-default\">Ministerio de Econom\u00eda, Comercio y Empresa<\/h6>\t\t\t\t<\/div>\n\t\t\t\t<\/div>\n\t\t\t\t<div class=\"elementor-element elementor-element-8d7ba62 elementor-widget elementor-widget-text-editor\" data-id=\"8d7ba62\" data-element_type=\"widget\" data-e-type=\"widget\" data-widget_type=\"text-editor.default\">\n\t\t\t\t<div class=\"elementor-widget-container\">\n\t\t\t\t\t\t\t\t\t<ul><li><span data-olk-copy-source=\"MessageBody\">Anteproyecto de Ley de\u00a0<\/span><a class=\"x_link-build-content\" title=\"https:\/\/go.abogacia.es\/lnk\/AVEAAIzTIjEAAc4dmRAAABAXVFoAAAAA0zoAAKFsABi_EgBpfH9_NHaJbr78TwaqF61MKgyOwgAYIRA\/23\/sftrWISA6e7kAP2DYdzcww\/aHR0cHM6Ly9wb3J0YWwubWluZWNvLmdvYi5lcy9lcy1lcy9taW5pc3RlcmlvL3BhcnRpY2lwYWNpb25wdWJsaWNhL2F1ZGllbmNpYXB1YmxpY2EvUGFnaW5hcy9BbnRlcHJveWVjdG8tTGV5LXJlY3VwZXJhY2lvbi1yZXNvbHVjaW9uLWVudGlkYWRlcy1hc2VndXJhZG9yYXMtcmVhc2VndXJhZG9yYXMuYXNweD91dG1fY2FtcGFpZ249TGVnaXNsYWNpJUMzJUIzbiUyMFNlbWFuYWwlMjAyNiUyMGElMjAzMCUyMGRlJTIwRW5lcm8lMjAyMDI2JnV0bV9tZWRpdW09ZW1haWwmdXRtX3NvdXJjZT1NYWlsamV0\" href=\"https:\/\/go.abogacia.es\/lnk\/AVEAAIzTIjEAAc4dmRAAABAXVFoAAAAA0zoAAKFsABi_EgBpfH9_NHaJbr78TwaqF61MKgyOwgAYIRA\/23\/sftrWISA6e7kAP2DYdzcww\/aHR0cHM6Ly9wb3J0YWwubWluZWNvLmdvYi5lcy9lcy1lcy9taW5pc3RlcmlvL3BhcnRpY2lwYWNpb25wdWJsaWNhL2F1ZGllbmNpYXB1YmxpY2EvUGFnaW5hcy9BbnRlcHJveWVjdG8tTGV5LXJlY3VwZXJhY2lvbi1yZXNvbHVjaW9uLWVudGlkYWRlcy1hc2VndXJhZG9yYXMtcmVhc2VndXJhZG9yYXMuYXNweD91dG1fY2FtcGFpZ249TGVnaXNsYWNpJUMzJUIzbiUyMFNlbWFuYWwlMjAyNiUyMGElMjAzMCUyMGRlJTIwRW5lcm8lMjAyMDI2JnV0bV9tZWRpdW09ZW1haWwmdXRtX3NvdXJjZT1NYWlsamV0\" target=\"_blank\" rel=\"noopener\" data-auth=\"NotApplicable\" data-linkindex=\"23\"><u>recuperaci\u00f3n y resoluci\u00f3n de entidades aseguradoras y reaseguradoras.<\/u><\/a><\/li><\/ul>\t\t\t\t\t\t\t\t<\/div>\n\t\t\t\t<\/div>\n\t\t\t\t\t<\/div>\n\t\t<\/div>\n\t\t\t\t\t<\/div>\n\t\t<\/section>\n\t\t\t\t<\/div>\n\t\t","protected":false},"excerpt":{"rendered":"<p>Legislaci\u00f3n Semanal &#8211; Del 26 al 30 de Enero de 2026 BOLET\u00cdN OFICIAL DEL ESTADO Disposiciones generales \/ Jefatura del Estado Real Decreto-ley 1\/2026, de 27 de enero, de\u00a0ayudas a las v\u00edctimas de los accidentes ferroviarios de Adamuz (C\u00f3rdoba) y G\u00e9lida (Barcelona). Resoluci\u00f3n de 27 de enero de 2026, del Congreso de los Diputados, por [&hellip;]<\/p>\n","protected":false},"author":1,"featured_media":0,"comment_status":"open","ping_status":"open","sticky":false,"template":"","format":"standard","meta":{"footnotes":""},"categories":[1],"tags":[],"class_list":["post-18873","post","type-post","status-publish","format-standard","hentry","category-uncategorized"],"_links":{"self":[{"href":"https:\/\/cms.icacordoba.23sd.es\/index.php\/wp-json\/wp\/v2\/posts\/18873","targetHints":{"allow":["GET"]}}],"collection":[{"href":"https:\/\/cms.icacordoba.23sd.es\/index.php\/wp-json\/wp\/v2\/posts"}],"about":[{"href":"https:\/\/cms.icacordoba.23sd.es\/index.php\/wp-json\/wp\/v2\/types\/post"}],"author":[{"embeddable":true,"href":"https:\/\/cms.icacordoba.23sd.es\/index.php\/wp-json\/wp\/v2\/users\/1"}],"replies":[{"embeddable":true,"href":"https:\/\/cms.icacordoba.23sd.es\/index.php\/wp-json\/wp\/v2\/comments?post=18873"}],"version-history":[{"count":3,"href":"https:\/\/cms.icacordoba.23sd.es\/index.php\/wp-json\/wp\/v2\/posts\/18873\/revisions"}],"predecessor-version":[{"id":18876,"href":"https:\/\/cms.icacordoba.23sd.es\/index.php\/wp-json\/wp\/v2\/posts\/18873\/revisions\/18876"}],"wp:attachment":[{"href":"https:\/\/cms.icacordoba.23sd.es\/index.php\/wp-json\/wp\/v2\/media?parent=18873"}],"wp:term":[{"taxonomy":"category","embeddable":true,"href":"https:\/\/cms.icacordoba.23sd.es\/index.php\/wp-json\/wp\/v2\/categories?post=18873"},{"taxonomy":"post_tag","embeddable":true,"href":"https:\/\/cms.icacordoba.23sd.es\/index.php\/wp-json\/wp\/v2\/tags?post=18873"}],"curies":[{"name":"wp","href":"https:\/\/api.w.org\/{rel}","templated":true}]}}