{"id":18652,"date":"2026-01-20T12:48:36","date_gmt":"2026-01-20T12:48:36","guid":{"rendered":"https:\/\/cms.icacordoba.23sd.es\/index.php\/18652\/"},"modified":"2026-03-24T17:07:32","modified_gmt":"2026-03-24T17:07:32","slug":"registro-de-conciliadores-profesionales-centro-conciliacion-icacordoba","status":"publish","type":"post","link":"https:\/\/cms.icacordoba.23sd.es\/index.php\/18652\/","title":{"rendered":"Registro de Conciliadores Profesionales Centro Conciliacion ICACordoba"},"content":{"rendered":"\t\t<div data-elementor-type=\"wp-post\" data-elementor-id=\"18652\" class=\"elementor elementor-18652\" data-elementor-post-type=\"post\">\n\t\t\t\t\t\t<section class=\"elementor-section elementor-top-section elementor-element elementor-element-074910c elementor-section-full_width elementor-section-height-default elementor-section-height-default\" data-id=\"074910c\" data-element_type=\"section\" data-e-type=\"section\">\n\t\t\t\t\t\t<div class=\"elementor-container elementor-column-gap-default\">\n\t\t\t\t\t<div class=\"elementor-column elementor-col-100 elementor-top-column elementor-element elementor-element-a95059d\" data-id=\"a95059d\" data-element_type=\"column\" data-e-type=\"column\">\n\t\t\t<div class=\"elementor-widget-wrap elementor-element-populated\">\n\t\t\t\t\t\t<div class=\"elementor-element elementor-element-688a07a elementor-widget elementor-widget-heading\" data-id=\"688a07a\" data-element_type=\"widget\" data-e-type=\"widget\" data-widget_type=\"heading.default\">\n\t\t\t\t<div class=\"elementor-widget-container\">\n\t\t\t\t\t<h2 class=\"elementor-heading-title elementor-size-default\">Registro de Conciliadores Profesionales<\/h2>\t\t\t\t<\/div>\n\t\t\t\t<\/div>\n\t\t\t\t<div class=\"elementor-element elementor-element-8b3f8ff elementor-widget elementor-widget-heading\" data-id=\"8b3f8ff\" data-element_type=\"widget\" data-e-type=\"widget\" data-widget_type=\"heading.default\">\n\t\t\t\t<div class=\"elementor-widget-container\">\n\t\t\t\t\t<h3 class=\"elementor-heading-title elementor-size-default\">Centro de Conciliaci\u00f3n del Colegio de la Abogac\u00eda de C\u00f3rdoba<\/h3>\t\t\t\t<\/div>\n\t\t\t\t<\/div>\n\t\t\t\t<div class=\"elementor-element elementor-element-e822120 elementor-widget elementor-widget-text-editor\" data-id=\"e822120\" data-element_type=\"widget\" data-e-type=\"widget\" data-widget_type=\"text-editor.default\">\n\t\t\t\t<div class=\"elementor-widget-container\">\n\t\t\t\t\t\t\t\t\t<p>El Centro de Conciliaci\u00f3n Privada del Ilustre Colegio de la Abogac\u00eda de C\u00f3rdoba dispone de un Registro de Personas Conciliadoras, de car\u00e1cter p\u00fablico, gestionado por el propio Centro conforme a lo dispuesto en su Reglamento regulador.<\/p>\n<p>Este Registro tiene como finalidad facilitar a la ciudadan\u00eda el acceso a profesionales de la Abogac\u00eda debidamente colegiados, con formaci\u00f3n espec\u00edfica en conciliaci\u00f3n privada, garantizando un marco de actuaci\u00f3n riguroso, transparente y de calidad.<\/p>\n<p>Las personas conciliadoras inscritas desarrollan su actividad conforme a los principios de <b>voluntariedad, buena fe, confidencialidad, imparcialidad, neutralidad y flexibilidad,<\/b> contribuyendo a la resoluci\u00f3n dialogada de conflictos, especialmente en el \u00e1mbito civil y mercantil.<\/p>\n<p>El Registro de Personas Conciliadoras del Centro de Conciliaci\u00f3n del ICAC\u00f3rdoba se publica en la p\u00e1gina web del Colegio, de conformidad con lo establecido en el Reglamento del Servicio de Conciliaci\u00f3n Privada.<\/p>\n<p>La informaci\u00f3n que se muestra incluye exclusivamente <b>datos profesionales necesarios para la identificaci\u00f3n de las personas conciliadoras inscritas, <\/b>con una finalidad meramente informativa y de transparencia institucional, y de acuerdo con la normativa vigente en materia de protecci\u00f3n de datos personales.<\/p>\t\t\t\t\t\t\t\t<\/div>\n\t\t\t\t<\/div>\n\t\t\t\t\t<\/div>\n\t\t<\/div>\n\t\t\t\t\t<\/div>\n\t\t<\/section>\n\t\t\t\t<section class=\"elementor-section elementor-top-section elementor-element elementor-element-258cee9 elementor-section-full_width elementor-section-height-default elementor-section-height-default\" data-id=\"258cee9\" data-element_type=\"section\" data-e-type=\"section\">\n\t\t\t\t\t\t<div class=\"elementor-container elementor-column-gap-default\">\n\t\t\t\t\t<div class=\"elementor-column elementor-col-100 elementor-top-column elementor-element elementor-element-b64853d\" data-id=\"b64853d\" data-element_type=\"column\" data-e-type=\"column\">\n\t\t\t<div class=\"elementor-widget-wrap elementor-element-populated\">\n\t\t\t\t\t\t<div class=\"elementor-element elementor-element-14bd89e elementor-widget elementor-widget-heading\" data-id=\"14bd89e\" data-element_type=\"widget\" data-e-type=\"widget\" data-widget_type=\"heading.default\">\n\t\t\t\t<div class=\"elementor-widget-container\">\n\t\t\t\t\t<h4 class=\"elementor-heading-title elementor-size-default\">Registro de Conciliadores<\/h4>\t\t\t\t<\/div>\n\t\t\t\t<\/div>\n\t\t\t\t<div class=\"elementor-element elementor-element-8e81c3e elementor-widget elementor-widget-html\" data-id=\"8e81c3e\" data-element_type=\"widget\" data-e-type=\"widget\" data-widget_type=\"html.default\">\n\t\t\t\t<div class=\"elementor-widget-container\">\n\t\t\t\t\t<div class=\"registro-conciliadores\">\r\n<table>\r\n<thead>\r\n<tr>\r\n<th>Nombre y apellidos<\/th>\r\n<th>N\u00ba colegiado<\/th>\r\n<th>Direcci\u00f3n profesional<\/th>\r\n<th>Tel\u00e9fono<\/th>\r\n<th>Correo electr\u00f3nico<\/th>\r\n<\/tr>\r\n<\/thead>\r\n<tbody>\r\n<tr>\r\n<td data-label=\"Nombre y apellidos\">M\u00aa TERESA ARJONA CAMPOS<\/td>\r\n<td data-label=\"N\u00ba colegiado\">4459<\/td>\r\n<td data-label=\"Direcci\u00f3n profesional\">DOCE DE OCTUBRE, 8, PL.1\u00aa, 14001 C\u00f3rdoba<\/td>\r\n<td data-label=\"Tel\u00e9fono\">670527431<\/td>\r\n<td data-label=\"Correo electr\u00f3nico\"><a href=\"mailto:arjonacampos@icacordoba.es\">arjonacampos@icacordoba.es<\/a><\/td>\r\n<\/tr>\r\n<tr>\r\n<td data-label=\"Nombre y apellidos\">M\u00aa MANUELA BIEDMA ROJANO<\/td>\r\n<td data-label=\"N\u00ba colegiado\">4556<\/td>\r\n<td data-label=\"Direcci\u00f3n profesional\">C\/ CRUZ CONDE, 10 - 2\u00ba IZQDA., 14003 C\u00f3rdoba<\/td>\r\n<td data-label=\"Tel\u00e9fono\">670693838<\/td>\r\n<td data-label=\"Correo electr\u00f3nico\"><a href=\"mailto:manuelabiedma@icacordoba.es\">manuelabiedma@icacordoba.es<\/a><\/td>\r\n<\/tr>\r\n<tr>\r\n<td data-label=\"Nombre y apellidos\">MAR\u00cdA CABEZAS VELASCO<\/td>\r\n<td data-label=\"N\u00ba colegiado\">4803<\/td>\r\n<td data-label=\"Direcci\u00f3n profesional\">C\/ BLAS INFANTE, 1- 1\u00ba F, 14550 Montilla<\/td>\r\n<td data-label=\"Tel\u00e9fono\">652650036<\/td>\r\n<td data-label=\"Correo electr\u00f3nico\"><a href=\"mailto:mariacabezasvelasco@icacordoba.es\">mariacabezasvelasco@icacordoba.es<\/a><\/td>\r\n<\/tr>\r\n<tr>\r\n<td data-label=\"Nombre y apellidos\">M\u00aa DEL CARMEN CABRERA TORDERA<\/td>\r\n<td data-label=\"N\u00ba colegiado\">2464<\/td>\r\n<td data-label=\"Direcci\u00f3n profesional\">C\/ MANUEL DE SANDOVAL, 10- 3\u00ba IZQDA., 14008 C\u00f3rdoba<\/td>\r\n<td data-label=\"Tel\u00e9fono\">661210521<\/td>\r\n<td data-label=\"Correo electr\u00f3nico\"><a href=\"mailto:info@zafracabreraabogados.com\">info@zafracabreraabogados.com<\/a><\/td>\r\n<\/tr>\r\n<tr>\r\n<td data-label=\"Nombre y apellidos\">MAGDALENA CALDER\u00d3N MU\u00d1OZ<\/td>\r\n<td data-label=\"N\u00ba colegiado\">2780<\/td>\r\n<td data-label=\"Direcci\u00f3n profesional\">AVDA. MANOLETE, BLOQUE 11-2, PLANTA SEGUNDA, PUERTA 2, 14005 C\u00f3rdoba<\/td>\r\n<td data-label=\"Tel\u00e9fono\">675914450<\/td>\r\n<td data-label=\"Correo electr\u00f3nico\"><a href=\"mailto:magdalenacalderon@icacordoba.es\">magdalenacalderon@icacordoba.es<\/a><\/td>\r\n<\/tr>\r\n<tr>\r\n<td data-label=\"Nombre y apellidos\">CARMEN CALVO DI\u00c9GUEZ<\/td>\r\n<td data-label=\"N\u00ba colegiado\">2919<\/td>\r\n<td data-label=\"Direcci\u00f3n profesional\">CALLEJA QUINTEROS, 2- 5\u00ba B (ESQUINA GONDOMAR), 14003 C\u00f3rdoba<\/td>\r\n<td data-label=\"Tel\u00e9fono\">957050651<\/td>\r\n<td data-label=\"Correo electr\u00f3nico\"><a href=\"mailto:carmencalvo@icacordoba.es\">carmencalvo@icacordoba.es<\/a><\/td>\r\n<\/tr>\r\n<tr>\r\n<td data-label=\"Nombre y apellidos\">M\u00aa LOURDES CANO GARC\u00cdA<\/td>\r\n<td data-label=\"N\u00ba colegiado\">2616<\/td>\r\n<td data-label=\"Direcci\u00f3n profesional\">C\/ SAN ALVARO,8 - 6\u00ba 3, 14003 C\u00f3rdoba<\/td>\r\n<td data-label=\"Tel\u00e9fono\">630274644<\/td>\r\n<td data-label=\"Correo electr\u00f3nico\"><a href=\"mailto:lucanoabogado@icacordoba.es\">lucanoabogado@icacordoba.es<\/a><\/td>\r\n<\/tr>\r\n<tr>\r\n<td data-label=\"Nombre y apellidos\">BEATRIZ ALBA CASTRO LE\u00d3N<\/td>\r\n<td data-label=\"N\u00ba colegiado\">3897<\/td>\r\n<td data-label=\"Direcci\u00f3n profesional\">DUQUE DE HORNACHUELOS, 16, 4\u00ba, DCHA, 14002 C\u00f3rdoba<\/td>\r\n<td data-label=\"Tel\u00e9fono\">653222687<\/td>\r\n<td data-label=\"Correo electr\u00f3nico\"><a href=\"mailto:alba@icacordoba.es\">alba@icacordoba.es<\/a><\/td>\r\n<\/tr>\r\n<tr>\r\n<td data-label=\"Nombre y apellidos\">PASTOR ANTONIO CA\u00d1AS P\u00c9REZ<\/td>\r\n<td data-label=\"N\u00ba colegiado\">5041<\/td>\r\n<td data-label=\"Direcci\u00f3n profesional\">C\/ ALHAKEN II, 14- BAJO 4\u00aa, 14008 C\u00f3rdoba<\/td>\r\n<td data-label=\"Tel\u00e9fono\">66047386<\/td>\r\n<td data-label=\"Correo electr\u00f3nico\"><a href=\"mailto:pastorantoniocp@icacordoba.es\">pastorantoniocp@icacordoba.es<\/a><\/td>\r\n<\/tr>\r\n<tr>\r\n<td data-label=\"Nombre y apellidos\">DIEGO GUILLERMO CENTENO BLANCO<\/td>\r\n<td data-label=\"N\u00ba colegiado\">3749<\/td>\r\n<td data-label=\"Direcci\u00f3n profesional\">PASEO DE LA VICTORIA, 25, LOCAL., 14004 C\u00f3rdoba<\/td>\r\n<td data-label=\"Tel\u00e9fono\">957491153<\/td>\r\n<td data-label=\"Correo electr\u00f3nico\"><a href=\"mailto:dgcenteno@gmail.com\">dgcenteno@gmail.com<\/a><\/td>\r\n<\/tr>\r\n<tr>\r\n<td data-label=\"Nombre y apellidos\">I\u00d1IGO JAVIER CRESPO QUESADA<\/td>\r\n<td data-label=\"N\u00ba colegiado\">2838<\/td>\r\n<td data-label=\"Direcci\u00f3n profesional\">AVDA. GRAN CAPITAN, 2, 3\u00ba, F., 14008 C\u00f3rdoba<\/td>\r\n<td data-label=\"Tel\u00e9fono\">659390259<\/td>\r\n<td data-label=\"Correo electr\u00f3nico\"><a href=\"mailto:icrespo@icacordoba.es\">icrespo@icacordoba.es<\/a><\/td>\r\n<\/tr>\r\n<tr>\r\n<td data-label=\"Nombre y apellidos\">ANA M\u00aa  DELGADO BELLIDO<\/td>\r\n<td data-label=\"N\u00ba colegiado\">2084<\/td>\r\n<td data-label=\"Direcci\u00f3n profesional\">AVDA. REPUBLICA ARGENTINA, 16, 4\u00ba, 1, 14004 C\u00f3rdoba<\/td>\r\n<td data-label=\"Tel\u00e9fono\">957472859<\/td>\r\n<td data-label=\"Correo electr\u00f3nico\"><a href=\"mailto:delgadobellido@icacordoba.es\">delgadobellido@icacordoba.es<\/a><\/td>\r\n<\/tr>\r\n<tr>\r\n<td data-label=\"Nombre y apellidos\">ALFONSO DI\u00c9GUEZ LUQUE<\/td>\r\n<td data-label=\"N\u00ba colegiado\">4842<\/td>\r\n<td data-label=\"Direcci\u00f3n profesional\">PLAZA MARMOL DE BA\u00d1UELOS, 2 - 1A, 14002 C\u00f3rdoba<\/td>\r\n<td data-label=\"Tel\u00e9fono\">672289105<\/td>\r\n<td data-label=\"Correo electr\u00f3nico\"><a href=\"mailto:dieguezluque@gmail.com\">dieguezluque@gmail.com<\/a><\/td>\r\n<\/tr>\r\n<tr>\r\n<td data-label=\"Nombre y apellidos\">ELENA D\u00cdAZ ADORNA<\/td>\r\n<td data-label=\"N\u00ba colegiado\">4483<\/td>\r\n<td data-label=\"Direcci\u00f3n profesional\">PLAZA \u00c1NGEL DE TORRES, 3. PORTAL C - 1\u00ba A, 14003 C\u00f3rdoba<\/td>\r\n<td data-label=\"Tel\u00e9fono\">677322461<\/td>\r\n<td data-label=\"Correo electr\u00f3nico\"><a href=\"mailto:ediazadorna@hotmail.com\">ediazadorna@hotmail.com<\/a><\/td>\r\n<\/tr>\r\n<tr>\r\n<td data-label=\"Nombre y apellidos\">CARLOS ESPINO BERMELL<\/td>\r\n<td data-label=\"N\u00ba colegiado\">2473<\/td>\r\n<td data-label=\"Direcci\u00f3n profesional\">PLAZA  CHIRINOS, BLOQUE 6 B, 2\u00aa. PUERTA 4, 14001 C\u00f3rdoba<\/td>\r\n<td data-label=\"Tel\u00e9fono\">615045767<\/td>\r\n<td data-label=\"Correo electr\u00f3nico\"><a href=\"mailto:cespinoabogados@gmail.com\">cespinoabogados@gmail.com<\/a><\/td>\r\n<\/tr>\r\n<tr>\r\n<td data-label=\"Nombre y apellidos\">JUANA M\u00aa DEL CARMEN GAITAN LORA<\/td>\r\n<td data-label=\"N\u00ba colegiado\">3058<\/td>\r\n<td data-label=\"Direcci\u00f3n profesional\">DON JUAN DE AUSTRIA,16, 14630 Pedro Abad<\/td>\r\n<td data-label=\"Tel\u00e9fono\">957187105<\/td>\r\n<td data-label=\"Correo electr\u00f3nico\"><a href=\"mailto:jmariacgl@gmail.com\">jmariacgl@gmail.com<\/a><\/td>\r\n<\/tr>\r\n<tr>\r\n<td data-label=\"Nombre y apellidos\">M\u00aa VICTORIA GARC\u00cdA DE LA CRUZ Y PINEDA DE LAS INFANTAS<\/td>\r\n<td data-label=\"N\u00ba colegiado\">1601<\/td>\r\n<td data-label=\"Direcci\u00f3n profesional\">BURELL, 8., 14001 C\u00f3rdoba<\/td>\r\n<td data-label=\"Tel\u00e9fono\">957473618<\/td>\r\n<td data-label=\"Correo electr\u00f3nico\"><a href=\"mailto:mvgdelacruz@gmail.com\">mvgdelacruz@gmail.com<\/a><\/td>\r\n<\/tr>\r\n<tr>\r\n<td data-label=\"Nombre y apellidos\">ANTONIO GARC\u00cdA LUCENA<\/td>\r\n<td data-label=\"N\u00ba colegiado\">5127<\/td>\r\n<td data-label=\"Direcci\u00f3n profesional\">MOTRIL, 18- 1\u00ba 3 CP 14013 - C\u00f3rdoba (C\u00d3RDOBA)<\/td>\r\n<td data-label=\"Tel\u00e9fono\">957941091<\/td>\r\n<td data-label=\"Correo electr\u00f3nico\"><a href=\"mailto:antoniogarciaabogado@iuristantum.es\">antoniogarciaabogado@iuristantum.es<\/a><\/td>\r\n<\/tr>\r\n<tr>\r\n<td data-label=\"Nombre y apellidos\">JUAN FRANCISCO JAVIER GRANDE MU\u00d1OZ<\/td>\r\n<td data-label=\"N\u00ba colegiado\">2999<\/td>\r\n<td data-label=\"Direcci\u00f3n profesional\">CALLE PESCADER\u00cdA, 48 (LOCAL) ESQUINA CON C\/ SAN ROQUE\r\nCP 14640 - Villa del R\u00edo (C\u00d3RDOBA)<\/td>\r\n<td data-label=\"Tel\u00e9fono\">957176222<\/td>\r\n<td data-label=\"Correo electr\u00f3nico\"><a href=\"mailto:juangrande@icacordoba.es\">juangrande@icacordoba.es<\/a><\/td>\r\n<\/tr>\r\n<tr>\r\n<td data-label=\"Nombre y apellidos\">M\u00aa DEL MAR G\u00d3MEZ FUENTES<\/td>\r\n<td data-label=\"N\u00ba colegiado\">4060<\/td>\r\n<td data-label=\"Direcci\u00f3n profesional\">POETA BLANCO CRIADO, LOCAL 5, 14007 C\u00f3rdoba<\/td>\r\n<td data-label=\"Tel\u00e9fono\">957262238<\/td>\r\n<td data-label=\"Correo electr\u00f3nico\"><a href=\"mailto:direccion@gyfasesores.com\">direccion@gyfasesores.com<\/a><\/td>\r\n<\/tr>\r\n<tr>\r\n<td data-label=\"Nombre y apellidos\">JOS\u00c9 MANUEL JIM\u00c9NEZ MONTILLA <\/td>\r\n<td data-label=\"N\u00ba colegiado\">4890<\/td>\r\n<td data-label=\"Direcci\u00f3n profesional\">DOCE DE OCTUBRE, 8- 1\u00ba, 14001 C\u00f3rdoba<\/td>\r\n<td data-label=\"Tel\u00e9fono\">665693674<\/td>\r\n<td data-label=\"Correo electr\u00f3nico\"><a href=\"mailto:jimenezmontilla@icacordoba.es\">jimenezmontilla@icacordoba.es<\/a><\/td>\r\n<\/tr>\r\n<tr>\r\n<td data-label=\"Nombre y apellidos\">M\u00aa ELENA JIM\u00c9NEZ SILES<\/td>\r\n<td data-label=\"N\u00ba colegiado\">2529<\/td>\r\n<td data-label=\"Direcci\u00f3n profesional\">AVDA. GRAN CAPITAN, 2, 3\u00ba, H., 14008 C\u00f3rdoba<\/td>\r\n<td data-label=\"Tel\u00e9fono\">619449746<\/td>\r\n<td data-label=\"Correo electr\u00f3nico\"><a href=\"mailto:jimenezsiles@icacordoba.es\">jimenezsiles@icacordoba.es<\/a><\/td>\r\n<\/tr>\r\n<tr>\r\n<td data-label=\"Nombre y apellidos\">MARGARITA JURADO GOSENDE<\/td>\r\n<td data-label=\"N\u00ba colegiado\">4749<\/td>\r\n<td data-label=\"Direcci\u00f3n profesional\">DOLORES IBARRURI, 23, LOCAL 1., 14011 C\u00f3rdoba<\/td>\r\n<td data-label=\"Tel\u00e9fono\">699774245<\/td>\r\n<td data-label=\"Correo electr\u00f3nico\"><a href=\"mailto:mjg.abogados.cordoba@gmail.com\">mjg.abogados.cordoba@gmail.com<\/a><\/td>\r\n<\/tr>\r\n<tr>\r\n<td data-label=\"Nombre y apellidos\">M\u00aa DEL MAR LE\u00d3N SERRANO<\/td>\r\n<td data-label=\"N\u00ba colegiado\">2861<\/td>\r\n<td data-label=\"Direcci\u00f3n profesional\">EDUARDO DATO, 10, 1\u00ba. DCH\u00aa., 14003 C\u00f3rdoba<\/td>\r\n<td data-label=\"Tel\u00e9fono\">957292218<\/td>\r\n<td data-label=\"Correo electr\u00f3nico\"><a href=\"mailto:mmarleon@icacordoba.es\">mmarleon@icacordoba.es<\/a><\/td>\r\n<\/tr>\r\n<tr>\r\n<td data-label=\"Nombre y apellidos\">ROC\u00cdO LUCENA GALEOTE<\/td>\r\n<td data-label=\"N\u00ba colegiado\">4929<\/td>\r\n<td data-label=\"Direcci\u00f3n profesional\">C\/ EDUARDO DATO, 8- 2\u00baA, 14003 C\u00f3rdoba<\/td>\r\n<td data-label=\"Tel\u00e9fono\">686607506<\/td>\r\n<td data-label=\"Correo electr\u00f3nico\"><a href=\"mailto:rociolucena@icacordoba.es\">rociolucena@icacordoba.es<\/a><\/td>\r\n<\/tr>\r\n<tr>\r\n<td data-label=\"Nombre y apellidos\">SANDRA LUQUE GUERRERO<\/td>\r\n<td data-label=\"N\u00ba colegiado\">4318<\/td>\r\n<td data-label=\"Direcci\u00f3n profesional\">JESUS Y MARIA, 9, 4\u00ba, D., 14003 C\u00f3rdoba<\/td>\r\n<td data-label=\"Tel\u00e9fono\">676899346<\/td>\r\n<td data-label=\"Correo electr\u00f3nico\"><a href=\"mailto:sandraluqueg@icacordoba.es\">sandraluqueg@icacordoba.es<\/a><\/td>\r\n<\/tr>\r\n<tr>\r\n<td data-label=\"Nombre y apellidos\">ISABEL MEDINA FONTA<\/td>\r\n<td data-label=\"N\u00ba colegiado\">4535<\/td>\r\n<td data-label=\"Direcci\u00f3n profesional\">C\/ INGENIERO JUAN DE LA CIERVA, 36, 2\u00aa PLANTA, OFICINA 10, 14013 C\u00f3rdoba<\/td>\r\n<td data-label=\"Tel\u00e9fono\">689771022<\/td>\r\n<td data-label=\"Correo electr\u00f3nico\"><a href=\"mailto:isabelmedina@icacordoba.es\">isabelmedina@icacordoba.es<\/a><\/td>\r\n<\/tr>\r\n<tr>\r\n<td data-label=\"Nombre y apellidos\">VER\u00d3NICA MENGUIANO PUERTAS<\/td>\r\n<td data-label=\"N\u00ba colegiado\">3829<\/td>\r\n<td data-label=\"Direcci\u00f3n profesional\">AVDA. GRAN CAPIT\u00c1N, 2- 3\u00ba C\r\nCP 14008 - C\u00f3rdoba (C\u00d3RDOBA)<\/td>\r\n<td data-label=\"Tel\u00e9fono\">957290143 \u00b7 646084718<\/td>\r\n<td data-label=\"Correo electr\u00f3nico\"><a href=\"mailto:menguianopuertas.abogada@gmail.com\">menguianopuertas.abogada@gmail.com<\/a><\/td>\r\n<\/tr>\r\n<tr>\r\n<td data-label=\"Nombre y apellidos\">MIRIAM ISABEL MESONES ALARC\u00d3N<\/td>\r\n<td data-label=\"N\u00ba colegiado\">4073<\/td>\r\n<td data-label=\"Direcci\u00f3n profesional\">PLAZA DE LAS TENDILLAS, 2, 2\u00ba, 14002 C\u00f3rdoba<\/td>\r\n<td data-label=\"Tel\u00e9fono\">957491878<\/td>\r\n<td data-label=\"Correo electr\u00f3nico\"><a href=\"mailto:miriammesones@icacordoba.es\">miriammesones@icacordoba.es<\/a><\/td>\r\n<\/tr>\r\n<tr>\r\n<td data-label=\"Nombre y apellidos\">ISABEL MONTES MU\u00d1OZ DE VERGER<\/td>\r\n<td data-label=\"N\u00ba colegiado\">2660<\/td>\r\n<td data-label=\"Direcci\u00f3n profesional\">RONDA DE LOS TEJARES, 19. PORTAL 3 - 3\u00ba 2, 14008 C\u00f3rdoba<\/td>\r\n<td data-label=\"Tel\u00e9fono\">957478960<\/td>\r\n<td data-label=\"Correo electr\u00f3nico\"><a href=\"mailto:isabelmontes@icacordoba.es\">isabelmontes@icacordoba.es<\/a><\/td>\r\n<\/tr>\r\n<tr>\r\n<td data-label=\"Nombre y apellidos\">RAQUEL DEL MORAL CEJAS<\/td>\r\n<td data-label=\"N\u00ba colegiado\">2658<\/td>\r\n<td data-label=\"Direcci\u00f3n profesional\">SEVILLA, 4, 2\u00ba, IZQDA., 14003 C\u00f3rdoba<\/td>\r\n<td data-label=\"Tel\u00e9fono\">686937414<\/td>\r\n<td data-label=\"Correo electr\u00f3nico\"><a href=\"mailto:raqueldelmoralabogada@gmail.com\">raqueldelmoralabogada@gmail.com<\/a><\/td>\r\n<\/tr>\r\n<tr>\r\n<td data-label=\"Nombre y apellidos\">ALFONSO MORENO L\u00d3PEZ<\/td>\r\n<td data-label=\"N\u00ba colegiado\">3696<\/td>\r\n<td data-label=\"Direcci\u00f3n profesional\">REYES CATOLICOS, 2, 2\u00ba, IZQDA., 14001 C\u00f3rdoba<\/td>\r\n<td data-label=\"Tel\u00e9fono\">957102930<\/td>\r\n<td data-label=\"Correo electr\u00f3nico\"><a href=\"mailto:alfonsomoreno@icacordoba.es\">alfonsomoreno@icacordoba.es<\/a><\/td>\r\n<\/tr>\r\n<tr>\r\n<td data-label=\"Nombre y apellidos\">MARTA MU\u00d1OZ DI\u00c9GUEZ<\/td>\r\n<td data-label=\"N\u00ba colegiado\">4889<\/td>\r\n<td data-label=\"Direcci\u00f3n profesional\">CALLEJA QUINTEROS, 2- 5\u00ba B (ESQUINA GONDOMAR), 14003 C\u00f3rdoba<\/td>\r\n<td data-label=\"Tel\u00e9fono\">600260098<\/td>\r\n<td data-label=\"Correo electr\u00f3nico\"><a href=\"mailto:martamdieguez@icacordoba.es\">martamdieguez@icacordoba.es<\/a><\/td>\r\n<\/tr>\r\n<tr>\r\n<td data-label=\"Nombre y apellidos\">ADELA ORTIZ VALERA<\/td>\r\n<td data-label=\"N\u00ba colegiado\">5009<\/td>\r\n<td data-label=\"Direcci\u00f3n profesional\">VEINTIOCHO DE FEBRERO, 12 A, 14880 Luque<\/td>\r\n<td data-label=\"Tel\u00e9fono\">666332031<\/td>\r\n<td data-label=\"Correo electr\u00f3nico\"><a href=\"mailto:aov@rsasesores.es\">aov@rsasesores.es<\/a><\/td>\r\n<\/tr>\r\n<tr>\r\n<td data-label=\"Nombre y apellidos\">AURELIA M\u00aa PALACIOS MOLINA<\/td>\r\n<td data-label=\"N\u00ba colegiado\">3034<\/td>\r\n<td data-label=\"Direcci\u00f3n profesional\">PLAZA TENOR PEDRO LA VIRGEN, 2, 14650 Bujalance<\/td>\r\n<td data-label=\"Tel\u00e9fono\">677421885<\/td>\r\n<td data-label=\"Correo electr\u00f3nico\"><a href=\"mailto:aurepalaciosm@icacordoba.es\">aurepalaciosm@icacordoba.es<\/a><\/td>\r\n<\/tr>\r\n<tr>\r\n<td data-label=\"Nombre y apellidos\">VALENT\u00cdN LUIS POLO CALVILLO<\/td>\r\n<td data-label=\"N\u00ba colegiado\">4017<\/td>\r\n<td data-label=\"Direcci\u00f3n profesional\">C\/ Doctor Barraquer, 8. 1\u00ba B, 14004 C\u00f3rdoba<\/td>\r\n<td data-label=\"Tel\u00e9fono\">671492072<\/td>\r\n<td data-label=\"Correo electr\u00f3nico\"><a href=\"mailto:vlpc@icacordoba.es\">vlpc@icacordoba.es<\/a><\/td>\r\n<\/tr>\r\n<tr>\r\n<td data-label=\"Nombre y apellidos\">ISABEL POZO HIGUERA<\/td>\r\n<td data-label=\"N\u00ba colegiado\">3555<\/td>\r\n<td data-label=\"Direcci\u00f3n profesional\">CONDE DE GONDOMAR, 11, PASAJE, LOCAL CP 14008 - C\u00f3rdoba (C\u00d3RDOBA)<\/td>\r\n<td data-label=\"Tel\u00e9fono\">957498725 \u00b7 600099319<\/td>\r\n<td data-label=\"Correo electr\u00f3nico\"><a href=\"mailto:isabelpozo4@gmail.com\">isabelpozo4@gmail.com<\/a><\/td>\r\n<\/tr>\r\n<tr>\r\n<td data-label=\"Nombre y apellidos\">M\u00aa DEL CARMEN PULGARIN CUADRADO<\/td>\r\n<td data-label=\"N\u00ba colegiado\">2040<\/td>\r\n<td data-label=\"Direcci\u00f3n profesional\">AVDA. GRAN CAPITAN, 9. ESC. A- 5\u00ba D, 14008 C\u00f3rdoba<\/td>\r\n<td data-label=\"Tel\u00e9fono\">627357091<\/td>\r\n<td data-label=\"Correo electr\u00f3nico\"><a href=\"mailto:cpulgarin@icacordoba.es\">cpulgarin@icacordoba.es<\/a><\/td>\r\n<\/tr>\r\n<tr>\r\n<td data-label=\"Nombre y apellidos\">ELVIRA P\u00c9REZ TORRES<\/td>\r\n<td data-label=\"N\u00ba colegiado\">3140<\/td>\r\n<td data-label=\"Direcci\u00f3n profesional\">JESUS Y MARIA, 6, 2\u00ba., 14008 C\u00f3rdoba<\/td>\r\n<td data-label=\"Tel\u00e9fono\">607660656<\/td>\r\n<td data-label=\"Correo electr\u00f3nico\"><a href=\"mailto:elvipereztorres@hotmail.com\">elvipereztorres@hotmail.com<\/a><\/td>\r\n<\/tr>\r\n<tr>\r\n<td data-label=\"Nombre y apellidos\">M\u00aa DEL CARMEN RAM\u00cdREZ FERN\u00c1NDEZ<\/td>\r\n<td data-label=\"N\u00ba colegiado\">2512<\/td>\r\n<td data-label=\"Direcci\u00f3n profesional\">AVDA. 28 de FEBRERO, 38-40, 14007 C\u00f3rdoba<\/td>\r\n<td data-label=\"Tel\u00e9fono\">610715098<\/td>\r\n<td data-label=\"Correo electr\u00f3nico\"><a href=\"mailto:cramirezf@icacordoba.es\">cramirezf@icacordoba.es<\/a><\/td>\r\n<\/tr>\r\n<tr>\r\n<td data-label=\"Nombre y apellidos\">RAFAEL \u00c1NGEL REYES SANTOS<\/td>\r\n<td data-label=\"N\u00ba colegiado\">4817<\/td>\r\n<td data-label=\"Direcci\u00f3n profesional\">CALLE MORER\u00cdA, 6, 3\u00b0 A, 14008 C\u00f3rdoba<\/td>\r\n<td data-label=\"Tel\u00e9fono\">696569536<\/td>\r\n<td data-label=\"Correo electr\u00f3nico\"><a href=\"mailto:rafaelreyes@icacordoba.es\">rafaelreyes@icacordoba.es<\/a><\/td>\r\n<\/tr>\r\n<tr>\r\n<td data-label=\"Nombre y apellidos\">FRANCISCO DE ASIS ROLD\u00c1N GARRIDO<\/td>\r\n<td data-label=\"N\u00ba colegiado\">2961<\/td>\r\n<td data-label=\"Direcci\u00f3n profesional\">AVENIDA AL NASIR, 3, 3\u00ba, 2., 14006 C\u00f3rdoba<\/td>\r\n<td data-label=\"Tel\u00e9fono\">957483922<\/td>\r\n<td data-label=\"Correo electr\u00f3nico\"><a href=\"mailto:letrados@qurtubaabogados.com\">letrados@qurtubaabogados.com<\/a><\/td>\r\n<\/tr>\r\n<tr>\r\n<td data-label=\"Nombre y apellidos\">IGNACIO RUIZ COSANO<\/td>\r\n<td data-label=\"N\u00ba colegiado\">3714<\/td>\r\n<td data-label=\"Direcci\u00f3n profesional\">AVDA. GRAN CAPITAN, 11, 5\u00ba, A2.\r\nCP 14008 - C\u00f3rdoba (C\u00d3RDOBA)<\/td>\r\n<td data-label=\"Tel\u00e9fono\">957489142<\/td>\r\n<td data-label=\"Correo electr\u00f3nico\"><a href=\"mailto:bgtracia@yahoo.es\">bgtracia@yahoo.es<\/a><\/td>\r\n<\/tr>\r\n<tr>\r\n<td data-label=\"Nombre y apellidos\">EUGENIA RUIZ CUENCA<\/td>\r\n<td data-label=\"N\u00ba colegiado\">3732<\/td>\r\n<td data-label=\"Direcci\u00f3n profesional\">AVDA.RONDA DE LOS TEJARES, 2, 2\u00ba, D., 14001 C\u00f3rdoba<\/td>\r\n<td data-label=\"Tel\u00e9fono\">957480181<\/td>\r\n<td data-label=\"Correo electr\u00f3nico\"><a href=\"mailto:eujurista@hotmail.com\">eujurista@hotmail.com<\/a><\/td>\r\n<\/tr>\r\n<tr>\r\n<td data-label=\"Nombre y apellidos\">MAR\u00cdA VALLEJO MOYANO<\/td>\r\n<td data-label=\"N\u00ba colegiado\">4618<\/td>\r\n<td data-label=\"Direcci\u00f3n profesional\">C\/ Paula Montal, 74, 14012 C\u00f3rdoba<\/td>\r\n<td data-label=\"Tel\u00e9fono\">657348090<\/td>\r\n<td data-label=\"Correo electr\u00f3nico\"><a href=\"mailto:mariavallejo4618@outlook.es\">mariavallejo4618@outlook.es<\/a><\/td>\r\n<\/tr>\r\n<tr>\r\n<td data-label=\"Nombre y apellidos\">ROSA MAR\u00cdA VIDAL CONDE<\/td>\r\n<td data-label=\"N\u00ba colegiado\">3671<\/td>\r\n<td data-label=\"Direcci\u00f3n profesional\">SEVILLA, 4, 2\u00ba, IZQDA. CP 14003 - C\u00f3rdoba (C\u00d3RDOBA)<\/td>\r\n<td data-label=\"Tel\u00e9fono\">957473996<\/td>\r\n<td data-label=\"Correo electr\u00f3nico\"><a href=\"mailto:rosamariavidal@icacordoba.es\">rosamariavidal@icacordoba.es<\/a><\/td>\r\n<\/tr>\r\n<tr>\r\n<td data-label=\"Nombre y apellidos\">DAVID VILLALBA SALMER\u00d3N<\/td>\r\n<td data-label=\"N\u00ba colegiado\">3815<\/td>\r\n<td data-label=\"Direcci\u00f3n profesional\">SEVILLA, 4, 2\u00ba, IZQDA., 14003 C\u00f3rdoba<\/td>\r\n<td data-label=\"Tel\u00e9fono\">652822793<\/td>\r\n<td data-label=\"Correo electr\u00f3nico\"><a href=\"mailto:davidvillalba@icacordoba.es\">davidvillalba@icacordoba.es<\/a><\/td>\r\n<\/tr>\r\n<tr>\r\n<td data-label=\"Nombre y apellidos\">ANA M\u00aa  ZAFRA LOZANO<\/td>\r\n<td data-label=\"N\u00ba colegiado\">2743<\/td>\r\n<td data-label=\"Direcci\u00f3n profesional\">C\/ DOCTOR BARRAQUER, 4- 5\u00ba, 14004 C\u00f3rdoba<\/td>\r\n<td data-label=\"Tel\u00e9fono\">666539460<\/td>\r\n<td data-label=\"Correo electr\u00f3nico\"><a href=\"mailto:anazafralozano@gmail.com\">anazafralozano@gmail.com<\/a><\/td>\r\n<\/tr>\r\n<tr>\r\n<td data-label=\"Nombre y apellidos\">ANTONIA ZAFRA VIVAS<\/td>\r\n<td data-label=\"N\u00ba colegiado\">3336<\/td>\r\n<td data-label=\"Direcci\u00f3n profesional\">MORERIA, 5 (Colegio de la Abogac\u00eda), 14008 C\u00f3rdoba<\/td>\r\n<td data-label=\"Tel\u00e9fono\">957498103<\/td>\r\n<td data-label=\"Correo electr\u00f3nico\"><a href=\"mailto:azafra@icacordoba.com\">azafra@icacordoba.com<\/a><\/td>\r\n<\/tr>\r\n<tr>\r\n<td data-label=\"Nombre y apellidos\">ADOLFO ZEA MOLINA<\/td>\r\n<td data-label=\"N\u00ba colegiado\">4144<\/td>\r\n<td data-label=\"Direcci\u00f3n profesional\">MARIA CRISTINA, 13, 1\u00ba, 3., 14002 C\u00f3rdoba<\/td>\r\n<td data-label=\"Tel\u00e9fono\">957488358<\/td>\r\n<td data-label=\"Correo electr\u00f3nico\"><a href=\"mailto:adolfozeamolina@gmail.com\">adolfozeamolina@gmail.com<\/a><\/td>\r\n<\/tr>\r\n<\/tbody>\r\n<\/table>\r\n<\/div>\r\n\t\t\t\t<\/div>\n\t\t\t\t<\/div>\n\t\t\t\t\t<\/div>\n\t\t<\/div>\n\t\t\t\t\t<\/div>\n\t\t<\/section>\n\t\t\t\t<\/div>\n\t\t","protected":false},"excerpt":{"rendered":"<p>Registro de Conciliadores Profesionales Centro de Conciliaci\u00f3n del Colegio de la Abogac\u00eda de C\u00f3rdoba El Centro de Conciliaci\u00f3n Privada del Ilustre Colegio de la Abogac\u00eda de C\u00f3rdoba dispone de un Registro de Personas Conciliadoras, de car\u00e1cter p\u00fablico, gestionado por el propio Centro conforme a lo dispuesto en su Reglamento regulador. Este Registro tiene como finalidad [&hellip;]<\/p>\n","protected":false},"author":1,"featured_media":0,"comment_status":"open","ping_status":"open","sticky":false,"template":"","format":"standard","meta":{"footnotes":""},"categories":[1],"tags":[],"class_list":["post-18652","post","type-post","status-publish","format-standard","hentry","category-uncategorized"],"_links":{"self":[{"href":"https:\/\/cms.icacordoba.23sd.es\/index.php\/wp-json\/wp\/v2\/posts\/18652","targetHints":{"allow":["GET"]}}],"collection":[{"href":"https:\/\/cms.icacordoba.23sd.es\/index.php\/wp-json\/wp\/v2\/posts"}],"about":[{"href":"https:\/\/cms.icacordoba.23sd.es\/index.php\/wp-json\/wp\/v2\/types\/post"}],"author":[{"embeddable":true,"href":"https:\/\/cms.icacordoba.23sd.es\/index.php\/wp-json\/wp\/v2\/users\/1"}],"replies":[{"embeddable":true,"href":"https:\/\/cms.icacordoba.23sd.es\/index.php\/wp-json\/wp\/v2\/comments?post=18652"}],"version-history":[{"count":84,"href":"https:\/\/cms.icacordoba.23sd.es\/index.php\/wp-json\/wp\/v2\/posts\/18652\/revisions"}],"predecessor-version":[{"id":19939,"href":"https:\/\/cms.icacordoba.23sd.es\/index.php\/wp-json\/wp\/v2\/posts\/18652\/revisions\/19939"}],"wp:attachment":[{"href":"https:\/\/cms.icacordoba.23sd.es\/index.php\/wp-json\/wp\/v2\/media?parent=18652"}],"wp:term":[{"taxonomy":"category","embeddable":true,"href":"https:\/\/cms.icacordoba.23sd.es\/index.php\/wp-json\/wp\/v2\/categories?post=18652"},{"taxonomy":"post_tag","embeddable":true,"href":"https:\/\/cms.icacordoba.23sd.es\/index.php\/wp-json\/wp\/v2\/tags?post=18652"}],"curies":[{"name":"wp","href":"https:\/\/api.w.org\/{rel}","templated":true}]}}