{"id":18602,"date":"2026-01-19T11:47:58","date_gmt":"2026-01-19T11:47:58","guid":{"rendered":"https:\/\/cms.icacordoba.23sd.es\/index.php\/18602\/"},"modified":"2026-01-19T16:42:27","modified_gmt":"2026-01-19T16:42:27","slug":"noticia-comunicado-institucional-por-el-accidente-ferroviario-de-adamuz-suspension-de-actos-colegiales","status":"publish","type":"post","link":"https:\/\/cms.icacordoba.23sd.es\/index.php\/18602\/","title":{"rendered":"NOTICIA \u00bb Comunicado institucional por el accidente ferroviario de Adamuz. Suspensi\u00f3n de actos colegiales"},"content":{"rendered":"\t\t<div data-elementor-type=\"wp-post\" data-elementor-id=\"18602\" class=\"elementor elementor-18602\" data-elementor-post-type=\"post\">\n\t\t\t\t\t\t<section class=\"elementor-section elementor-top-section elementor-element elementor-element-3fd8fc1 elementor-section-boxed elementor-section-height-default elementor-section-height-default\" data-id=\"3fd8fc1\" data-element_type=\"section\" data-e-type=\"section\">\n\t\t\t\t\t\t<div class=\"elementor-container elementor-column-gap-default\">\n\t\t\t\t\t<div class=\"elementor-column elementor-col-100 elementor-top-column elementor-element elementor-element-692781b\" data-id=\"692781b\" data-element_type=\"column\" data-e-type=\"column\">\n\t\t\t<div class=\"elementor-widget-wrap elementor-element-populated\">\n\t\t\t\t\t\t<div class=\"elementor-element elementor-element-09fef99 elementor-widget elementor-widget-text-editor\" data-id=\"09fef99\" data-element_type=\"widget\" data-e-type=\"widget\" data-widget_type=\"text-editor.default\">\n\t\t\t\t<div class=\"elementor-widget-container\">\n\t\t\t\t\t\t\t\t\t<p>El Colegio de la Abogac\u00eda de C\u00f3rdoba quiere trasladar su\u00a0<b>m\u00e1s sentido p\u00e9same y solidaridad<\/b>\u00a0a los familiares y allegados de las v\u00edctimas del grave accidente ferroviario ocurrido ayer\u00a0<b>18 de enero de 2026 en Adamuz (C\u00f3rdoba)<\/b>, causando\u00a0<b>al menos 39 fallecidos y decenas de heridos<\/b>\u00a0todav\u00eda en atenci\u00f3n sanitaria y con cifras que podr\u00edan variar conforme avance la identificaci\u00f3n y asistencia a los afectados.<\/p><div class=\"x_elementToProof\">Ante la magnitud de esta tragedia y en coherencia con las medidas adoptadas por las instituciones p\u00fablicas implicadas, la Junta de Gobierno del Colegio ha aprobado en\u00a0<b>sesi\u00f3n extraordinaria celebrada esta ma\u00f1ana<\/b>\u00a0los siguientes acuerdos:<\/div><div>\u00a0<\/div><ol start=\"1\" data-end=\"1828\" data-start=\"1130\"><li><div class=\"x_elementToProof\" role=\"presentation\"><b>Suspender todos los actos colegiales programados para esta semana<\/b>, incluyendo actividades de formaci\u00f3n, el cine f\u00f3rum previsto y la presentaci\u00f3n del Centro de Conciliaci\u00f3n, como muestra de respeto institucional y solidaridad con las v\u00edctimas y sus familias.<\/div><\/li><li><div class=\"x_elementToProof\" role=\"presentation\"><b>Emitir el presente comunicado<\/b>\u00a0para informar a colegiados y medios de comunicaci\u00f3n de la suspensi\u00f3n de actividades y de la posici\u00f3n institucional de condolencia y apoyo ante el suceso.<\/div><\/li><li><div class=\"x_elementToProof\" role=\"presentation\"><b>Poner a disposici\u00f3n de las autoridades competentes y de las personas afectadas todos los recursos del Colegio que puedan ser necesarios<\/b>, tanto en materia de apoyo jur\u00eddico como de colaboraci\u00f3n log\u00edstica o social, seg\u00fan se requiera.<\/div><\/li><\/ol><div>\u00a0<\/div><div class=\"x_elementToProof\">Desde el Colegio de la Abogac\u00eda de C\u00f3rdoba hacemos un\u00a0<b>llamamiento a la serenidad, a la empat\u00eda y al compromiso institucional<\/b>, reafirmando nuestro compromiso con quienes atraviesan este momento de dolor y con el respeto debido a todos los afectados por el accidente ferroviario de Adamuz.<\/div><div>\u00a0<\/div><div class=\"x_elementToProof\"><b>Colegio de la Abogac\u00eda de C\u00f3rdoba<\/b>\u00a0<\/div>\t\t\t\t\t\t\t\t<\/div>\n\t\t\t\t<\/div>\n\t\t\t\t\t<\/div>\n\t\t<\/div>\n\t\t\t\t\t<\/div>\n\t\t<\/section>\n\t\t\t\t<\/div>\n\t\t","protected":false},"excerpt":{"rendered":"<p>El Colegio de la Abogac\u00eda de C\u00f3rdoba quiere trasladar su\u00a0m\u00e1s sentido p\u00e9same y solidaridad\u00a0a los familiares y allegados de las v\u00edctimas del grave accidente ferroviario ocurrido ayer\u00a018 de enero de 2026 en Adamuz (C\u00f3rdoba), causando\u00a0al menos 39 fallecidos y decenas de heridos\u00a0todav\u00eda en atenci\u00f3n sanitaria y con cifras que podr\u00edan variar conforme avance la identificaci\u00f3n [&hellip;]<\/p>\n","protected":false},"author":1,"featured_media":0,"comment_status":"open","ping_status":"open","sticky":false,"template":"","format":"standard","meta":{"footnotes":""},"categories":[1],"tags":[],"class_list":["post-18602","post","type-post","status-publish","format-standard","hentry","category-uncategorized"],"_links":{"self":[{"href":"https:\/\/cms.icacordoba.23sd.es\/index.php\/wp-json\/wp\/v2\/posts\/18602","targetHints":{"allow":["GET"]}}],"collection":[{"href":"https:\/\/cms.icacordoba.23sd.es\/index.php\/wp-json\/wp\/v2\/posts"}],"about":[{"href":"https:\/\/cms.icacordoba.23sd.es\/index.php\/wp-json\/wp\/v2\/types\/post"}],"author":[{"embeddable":true,"href":"https:\/\/cms.icacordoba.23sd.es\/index.php\/wp-json\/wp\/v2\/users\/1"}],"replies":[{"embeddable":true,"href":"https:\/\/cms.icacordoba.23sd.es\/index.php\/wp-json\/wp\/v2\/comments?post=18602"}],"version-history":[{"count":9,"href":"https:\/\/cms.icacordoba.23sd.es\/index.php\/wp-json\/wp\/v2\/posts\/18602\/revisions"}],"predecessor-version":[{"id":18611,"href":"https:\/\/cms.icacordoba.23sd.es\/index.php\/wp-json\/wp\/v2\/posts\/18602\/revisions\/18611"}],"wp:attachment":[{"href":"https:\/\/cms.icacordoba.23sd.es\/index.php\/wp-json\/wp\/v2\/media?parent=18602"}],"wp:term":[{"taxonomy":"category","embeddable":true,"href":"https:\/\/cms.icacordoba.23sd.es\/index.php\/wp-json\/wp\/v2\/categories?post=18602"},{"taxonomy":"post_tag","embeddable":true,"href":"https:\/\/cms.icacordoba.23sd.es\/index.php\/wp-json\/wp\/v2\/tags?post=18602"}],"curies":[{"name":"wp","href":"https:\/\/api.w.org\/{rel}","templated":true}]}}