{"id":18505,"date":"2026-01-18T17:06:00","date_gmt":"2026-01-18T17:06:00","guid":{"rendered":"https:\/\/cms.icacordoba.23sd.es\/index.php\/18505\/"},"modified":"2026-04-16T10:14:33","modified_gmt":"2026-04-16T10:14:33","slug":"registro-conciliadores-profesionales","status":"publish","type":"post","link":"https:\/\/cms.icacordoba.23sd.es\/index.php\/18505\/","title":{"rendered":"Registro Conciliadores Profesionales"},"content":{"rendered":"\t\t<div data-elementor-type=\"wp-post\" data-elementor-id=\"18505\" class=\"elementor elementor-18505\" data-elementor-post-type=\"post\">\n\t\t\t\t\t\t<section class=\"elementor-section elementor-top-section elementor-element elementor-element-d9c7a2c elementor-section-full_width elementor-section-height-default elementor-section-height-default\" data-id=\"d9c7a2c\" data-element_type=\"section\" data-e-type=\"section\">\n\t\t\t\t\t\t<div class=\"elementor-container elementor-column-gap-default\">\n\t\t\t\t\t<div class=\"elementor-column elementor-col-100 elementor-top-column elementor-element elementor-element-935e97e\" data-id=\"935e97e\" data-element_type=\"column\" data-e-type=\"column\">\n\t\t\t<div class=\"elementor-widget-wrap elementor-element-populated\">\n\t\t\t\t\t\t<div class=\"elementor-element elementor-element-5ad64d4 elementor-widget elementor-widget-heading\" data-id=\"5ad64d4\" data-element_type=\"widget\" data-e-type=\"widget\" data-widget_type=\"heading.default\">\n\t\t\t\t<div class=\"elementor-widget-container\">\n\t\t\t\t\t<h2 class=\"elementor-heading-title elementor-size-default\">Registro de Conciliadores Profesionales<\/h2>\t\t\t\t<\/div>\n\t\t\t\t<\/div>\n\t\t\t\t<div class=\"elementor-element elementor-element-c0dfc58 elementor-widget elementor-widget-text-editor\" data-id=\"c0dfc58\" data-element_type=\"widget\" data-e-type=\"widget\" data-widget_type=\"text-editor.default\">\n\t\t\t\t<div class=\"elementor-widget-container\">\n\t\t\t\t\t\t\t\t\t<p data-start=\"4020\" data-end=\"4335\">El Registro de Profesionales de la Conciliaci\u00f3n del Ilustre Colegio de la Abogac\u00eda de C\u00f3rdoba re\u00fane a las personas colegiadas ejercientes que, con la debida formaci\u00f3n, imparcialidad y compromiso \u00e9tico, intervienen en los procedimientos de conciliaci\u00f3n privada gestionados por el Centro de Conciliaci\u00f3n ICAC\u00f3rdoba.<\/p><p data-start=\"4348\" data-end=\"4480\">Su finalidad es garantizar la calidad t\u00e9cnica y deontol\u00f3gica del servicio, en beneficio de la ciudadan\u00eda y de la seguridad jur\u00eddica.<\/p>\t\t\t\t\t\t\t\t<\/div>\n\t\t\t\t<\/div>\n\t\t\t\t\t<\/div>\n\t\t<\/div>\n\t\t\t\t\t<\/div>\n\t\t<\/section>\n\t\t\t\t<section class=\"elementor-section elementor-top-section elementor-element elementor-element-94bdd1e elementor-section-full_width elementor-section-height-default elementor-section-height-default\" data-id=\"94bdd1e\" data-element_type=\"section\" data-e-type=\"section\">\n\t\t\t\t\t\t<div class=\"elementor-container elementor-column-gap-default\">\n\t\t\t\t\t<div class=\"elementor-column elementor-col-100 elementor-top-column elementor-element elementor-element-9706534\" data-id=\"9706534\" data-element_type=\"column\" data-e-type=\"column\">\n\t\t\t<div class=\"elementor-widget-wrap elementor-element-populated\">\n\t\t\t\t\t\t<div class=\"elementor-element elementor-element-03694ed elementor-widget elementor-widget-heading\" data-id=\"03694ed\" data-element_type=\"widget\" data-e-type=\"widget\" data-widget_type=\"heading.default\">\n\t\t\t\t<div class=\"elementor-widget-container\">\n\t\t\t\t\t<h3 class=\"elementor-heading-title elementor-size-default\">Reglamento y documentos de referencia<\/h3>\t\t\t\t<\/div>\n\t\t\t\t<\/div>\n\t\t\t\t<div class=\"elementor-element elementor-element-2fd130a elementor-align-center elementor-icon-list--layout-traditional elementor-list-item-link-full_width elementor-widget elementor-widget-icon-list\" data-id=\"2fd130a\" data-element_type=\"widget\" data-e-type=\"widget\" data-widget_type=\"icon-list.default\">\n\t\t\t\t<div class=\"elementor-widget-container\">\n\t\t\t\t\t\t\t<ul class=\"elementor-icon-list-items\">\n\t\t\t\t\t\t\t<li class=\"elementor-icon-list-item\">\n\t\t\t\t\t\t\t\t\t\t\t<a href=\"https:\/\/cms.icacordoba.23sd.es\/wp-content\/uploads\/2026\/01\/Centro-Conciliacion_Reglamento.pdf\" target=\"_blank\">\n\n\t\t\t\t\t\t\t\t\t\t\t\t<span class=\"elementor-icon-list-icon\">\n\t\t\t\t\t\t\t<i aria-hidden=\"true\" class=\"far fa-file-alt\"><\/i>\t\t\t\t\t\t<\/span>\n\t\t\t\t\t\t\t\t\t\t<span class=\"elementor-icon-list-text\">Reglamento del Servicio de Conciliaci\u00f3n Privada<\/span>\n\t\t\t\t\t\t\t\t\t\t\t<\/a>\n\t\t\t\t\t\t\t\t\t<\/li>\n\t\t\t\t\t\t\t\t<li class=\"elementor-icon-list-item\">\n\t\t\t\t\t\t\t\t\t\t\t<a href=\"https:\/\/cms.icacordoba.23sd.es\/wp-content\/uploads\/2026\/01\/Anexo-II_Codigo-Deontologico-Centro-Conciliacion-ICACORDOBA.pdf\" target=\"_blank\">\n\n\t\t\t\t\t\t\t\t\t\t\t\t<span class=\"elementor-icon-list-icon\">\n\t\t\t\t\t\t\t<i aria-hidden=\"true\" class=\"far fa-file-alt\"><\/i>\t\t\t\t\t\t<\/span>\n\t\t\t\t\t\t\t\t\t\t<span class=\"elementor-icon-list-text\">C\u00f3digo Deontol\u00f3gico del Servicio de Conciliaci\u00f3n (Anexo II)<\/span>\n\t\t\t\t\t\t\t\t\t\t\t<\/a>\n\t\t\t\t\t\t\t\t\t<\/li>\n\t\t\t\t\t\t<\/ul>\n\t\t\t\t\t\t<\/div>\n\t\t\t\t<\/div>\n\t\t\t\t\t<\/div>\n\t\t<\/div>\n\t\t\t\t\t<\/div>\n\t\t<\/section>\n\t\t\t\t<section class=\"elementor-section elementor-top-section elementor-element elementor-element-d095c74 elementor-section-full_width elementor-section-height-default elementor-section-height-default\" data-id=\"d095c74\" data-element_type=\"section\" data-e-type=\"section\" data-settings=\"{&quot;background_background&quot;:&quot;classic&quot;}\">\n\t\t\t\t\t\t<div class=\"elementor-container elementor-column-gap-narrow\">\n\t\t\t\t\t<div class=\"elementor-column elementor-col-66 elementor-top-column elementor-element elementor-element-3ea6089\" data-id=\"3ea6089\" data-element_type=\"column\" data-e-type=\"column\">\n\t\t\t<div class=\"elementor-widget-wrap elementor-element-populated\">\n\t\t\t\t\t\t<div class=\"elementor-element elementor-element-cedc340 elementor-widget elementor-widget-heading\" data-id=\"cedc340\" data-element_type=\"widget\" data-e-type=\"widget\" data-widget_type=\"heading.default\">\n\t\t\t\t<div class=\"elementor-widget-container\">\n\t\t\t\t\t<h3 class=\"elementor-heading-title elementor-size-default\">Requisitos de acceso<\/h3>\t\t\t\t<\/div>\n\t\t\t\t<\/div>\n\t\t\t\t<div class=\"elementor-element elementor-element-2c47f28 elementor-widget elementor-widget-html\" data-id=\"2c47f28\" data-element_type=\"widget\" data-e-type=\"widget\" data-widget_type=\"html.default\">\n\t\t\t\t<div class=\"elementor-widget-container\">\n\t\t\t\t\t<ul style=\"list-style:none; padding:0; margin:0; text-align:left; max-width:800px;\">\r\n  <li style=\"display:flex; align-items:flex-start; margin-bottom:12px;\">\r\n    <span style=\"color:#004a99; font-weight:bold; font-size:18px; margin-right:10px;\">\u2714<\/span>\r\n    <span>Ser persona colegiada ejerciente en el <strong>Ilustre Colegio de la Abogac\u00eda de C\u00f3rdoba<\/strong>.<\/span>\r\n  <\/li>\r\n\r\n  <li style=\"display:flex; align-items:flex-start; margin-bottom:12px;\">\r\n    <span style=\"color:#004a99; font-weight:bold; font-size:18px; margin-right:10px;\">\u2714<\/span>\r\n    <span>Acreditar <strong>formaci\u00f3n espec\u00edfica inicial y continua<\/strong> en materia de conciliaci\u00f3n.<\/span>\r\n  <\/li>\r\n\r\n  <li style=\"display:flex; align-items:flex-start; margin-bottom:12px;\">\r\n    <span style=\"color:#004a99; font-weight:bold; font-size:18px; margin-right:10px;\">\u2714<\/span>\r\n    <span>Contar con <strong>seguro de responsabilidad civil<\/strong> que cubra la actividad de conciliaci\u00f3n.<\/span>\r\n  <\/li>\r\n\r\n  <li style=\"display:flex; align-items:flex-start; margin-bottom:12px;\">\r\n    <span style=\"color:#004a99; font-weight:bold; font-size:18px; margin-right:10px;\">\u2714<\/span>\r\n    <span>Firmar la <strong>declaraci\u00f3n de sometimiento<\/strong> al Reglamento y al C\u00f3digo Deontol\u00f3gico del Centro de Conciliaci\u00f3n.<\/span>\r\n  <\/li>\r\n\r\n  <li style=\"display:flex; align-items:flex-start; margin-bottom:12px;\">\r\n    <span style=\"color:#004a99; font-weight:bold; font-size:18px; margin-right:10px;\">\u2714<\/span>\r\n    <span>No haber sido <strong>sancionado disciplinariamente<\/strong> ni estar inhabilitado profesionalmente.<\/span>\r\n  <\/li>\r\n\r\n  <li style=\"display:flex; align-items:flex-start; margin-bottom:12px;\">\r\n    <span style=\"color:#004a99; font-weight:bold; font-size:18px; margin-right:10px;\">\u2714<\/span>\r\n    <span>Presentar la <strong>solicitud formal de inscripci\u00f3n<\/strong> en el Registro de Personas Conciliadoras.<\/span>\r\n  <\/li>\r\n<\/ul>\r\n\t\t\t\t<\/div>\n\t\t\t\t<\/div>\n\t\t\t\t\t<\/div>\n\t\t<\/div>\n\t\t\t\t<div class=\"elementor-column elementor-col-33 elementor-top-column elementor-element elementor-element-6d6d37c\" data-id=\"6d6d37c\" data-element_type=\"column\" data-e-type=\"column\">\n\t\t\t<div class=\"elementor-widget-wrap elementor-element-populated\">\n\t\t\t\t\t\t<div class=\"elementor-element elementor-element-4a6779b elementor-widget elementor-widget-image\" data-id=\"4a6779b\" data-element_type=\"widget\" data-e-type=\"widget\" data-widget_type=\"image.default\">\n\t\t\t\t<div class=\"elementor-widget-container\">\n\t\t\t\t\t\t\t\t\t\t\t\t\t\t\t<img fetchpriority=\"high\" decoding=\"async\" width=\"300\" height=\"300\" src=\"https:\/\/cms.icacordoba.23sd.es\/wp-content\/uploads\/2026\/01\/CONCILIACION_t-300x300.png\" class=\"attachment-medium size-medium wp-image-18244\" alt=\"\" srcset=\"https:\/\/cms.icacordoba.23sd.es\/wp-content\/uploads\/2026\/01\/CONCILIACION_t-300x300.png 300w, https:\/\/cms.icacordoba.23sd.es\/wp-content\/uploads\/2026\/01\/CONCILIACION_t-150x150.png 150w, https:\/\/cms.icacordoba.23sd.es\/wp-content\/uploads\/2026\/01\/CONCILIACION_t.png 500w\" sizes=\"(max-width: 300px) 100vw, 300px\" \/>\t\t\t\t\t\t\t\t\t\t\t\t\t\t\t<\/div>\n\t\t\t\t<\/div>\n\t\t\t\t\t<\/div>\n\t\t<\/div>\n\t\t\t\t\t<\/div>\n\t\t<\/section>\n\t\t\t\t<section class=\"elementor-section elementor-top-section elementor-element elementor-element-52cf8d1 elementor-section-full_width elementor-section-height-default elementor-section-height-default\" data-id=\"52cf8d1\" data-element_type=\"section\" data-e-type=\"section\">\n\t\t\t\t\t\t<div class=\"elementor-container elementor-column-gap-default\">\n\t\t\t\t\t<div class=\"elementor-column elementor-col-100 elementor-top-column elementor-element elementor-element-04f7027\" data-id=\"04f7027\" data-element_type=\"column\" data-e-type=\"column\">\n\t\t\t<div class=\"elementor-widget-wrap elementor-element-populated\">\n\t\t\t\t\t\t<div class=\"elementor-element elementor-element-6a42586 elementor-widget elementor-widget-heading\" data-id=\"6a42586\" data-element_type=\"widget\" data-e-type=\"widget\" data-widget_type=\"heading.default\">\n\t\t\t\t<div class=\"elementor-widget-container\">\n\t\t\t\t\t<h3 class=\"elementor-heading-title elementor-size-default\">Proceso de acceso y tr\u00e1mite de solicitud<\/h3>\t\t\t\t<\/div>\n\t\t\t\t<\/div>\n\t\t\t\t<div class=\"elementor-element elementor-element-d109cf2 elementor-widget elementor-widget-html\" data-id=\"d109cf2\" data-element_type=\"widget\" data-e-type=\"widget\" data-widget_type=\"html.default\">\n\t\t\t\t<div class=\"elementor-widget-container\">\n\t\t\t\t\t<div style=\"max-width:900px; margin:0 auto; text-align:left;\">\r\n  <ol style=\"list-style:none; counter-reset:item; padding:0; margin:0;\">\r\n    \r\n    <li style=\"counter-increment:item; display:flex; align-items:flex-start; margin-bottom:20px;\">\r\n      <span style=\"background-color:#004a99; color:#fff; font-weight:bold; \r\n        border-radius:50%; width:32px; height:32px; display:inline-flex; \r\n        align-items:center; justify-content:center; margin-right:12px; \r\n        font-size:16px;\">\r\n        1\r\n      <\/span>\r\n      <span style=\"line-height:1.6;\">\r\n        <strong>Presentaci\u00f3n de la solicitud<\/strong> con la documentaci\u00f3n acreditativa requerida por el Reglamento.\r\n      <\/span>\r\n    <\/li>\r\n\r\n    <li style=\"counter-increment:item; display:flex; align-items:flex-start; margin-bottom:20px;\">\r\n      <span style=\"background-color:#004a99; color:#fff; font-weight:bold; \r\n        border-radius:50%; width:32px; height:32px; display:inline-flex; \r\n        align-items:center; justify-content:center; margin-right:12px; \r\n        font-size:16px;\">\r\n        2\r\n      <\/span>\r\n      <span style=\"line-height:1.6;\">\r\n        <strong>Revisi\u00f3n de la documentaci\u00f3n<\/strong> por la Junta de Gobierno o la Comisi\u00f3n de MASC del Colegio.\r\n      <\/span>\r\n    <\/li>\r\n\r\n    <li style=\"counter-increment:item; display:flex; align-items:flex-start; margin-bottom:20px;\">\r\n      <span style=\"background-color:#004a99; color:#fff; font-weight:bold; \r\n        border-radius:50%; width:32px; height:32px; display:inline-flex; \r\n        align-items:center; justify-content:center; margin-right:12px; \r\n        font-size:16px;\">\r\n        3\r\n      <\/span>\r\n      <span style=\"line-height:1.6;\">\r\n        <strong>Resoluci\u00f3n y alta en el Registro<\/strong> de Personas Conciliadoras del ICAC\u00f3rdoba.\r\n      <\/span>\r\n    <\/li>\r\n\r\n    <li style=\"counter-increment:item; display:flex; align-items:flex-start; margin-bottom:20px;\">\r\n      <span style=\"background-color:#004a99; color:#fff; font-weight:bold; \r\n        border-radius:50%; width:32px; height:32px; display:inline-flex; \r\n        align-items:center; justify-content:center; margin-right:12px; \r\n        font-size:16px;\">\r\n        4\r\n      <\/span>\r\n      <span style=\"line-height:1.6;\">\r\n        <strong>Publicaci\u00f3n de los datos profesionales<\/strong> en la web colegial y comunicaci\u00f3n de la incorporaci\u00f3n al Registro.\r\n      <\/span>\r\n    <\/li>\r\n  <\/ol>\r\n<\/div>\r\n\t\t\t\t<\/div>\n\t\t\t\t<\/div>\n\t\t\t\t\t<\/div>\n\t\t<\/div>\n\t\t\t\t\t<\/div>\n\t\t<\/section>\n\t\t\t\t<section class=\"elementor-section elementor-top-section elementor-element elementor-element-b962fc8 elementor-section-full_width elementor-section-height-default elementor-section-height-default\" data-id=\"b962fc8\" data-element_type=\"section\" data-e-type=\"section\" data-settings=\"{&quot;background_background&quot;:&quot;classic&quot;}\">\n\t\t\t\t\t\t<div class=\"elementor-container elementor-column-gap-default\">\n\t\t\t\t\t<div class=\"elementor-column elementor-col-100 elementor-top-column elementor-element elementor-element-ff0467c\" data-id=\"ff0467c\" data-element_type=\"column\" data-e-type=\"column\">\n\t\t\t<div class=\"elementor-widget-wrap elementor-element-populated\">\n\t\t\t\t\t\t<div class=\"elementor-element elementor-element-ccb484c elementor-widget elementor-widget-heading\" data-id=\"ccb484c\" data-element_type=\"widget\" data-e-type=\"widget\" data-widget_type=\"heading.default\">\n\t\t\t\t<div class=\"elementor-widget-container\">\n\t\t\t\t\t<h4 class=\"elementor-heading-title elementor-size-default\">Documentaci\u00f3n importante<\/h4>\t\t\t\t<\/div>\n\t\t\t\t<\/div>\n\t\t\t\t<div class=\"elementor-element elementor-element-c7caf3a elementor-widget elementor-widget-accordion\" data-id=\"c7caf3a\" data-element_type=\"widget\" data-e-type=\"widget\" data-widget_type=\"accordion.default\">\n\t\t\t\t<div class=\"elementor-widget-container\">\n\t\t\t\t\t\t\t<div class=\"elementor-accordion\">\n\t\t\t\t\t\t\t<div class=\"elementor-accordion-item\">\n\t\t\t\t\t<h6 id=\"elementor-tab-title-2091\" class=\"elementor-tab-title\" data-tab=\"1\" role=\"button\" aria-controls=\"elementor-tab-content-2091\" aria-expanded=\"false\">\n\t\t\t\t\t\t\t\t\t\t\t\t\t<span class=\"elementor-accordion-icon elementor-accordion-icon-left\" aria-hidden=\"true\">\n\t\t\t\t\t\t\t\t\t\t\t\t\t\t\t<span class=\"elementor-accordion-icon-closed\"><i class=\"fas fa-plus\"><\/i><\/span>\n\t\t\t\t\t\t\t\t<span class=\"elementor-accordion-icon-opened\"><i class=\"fas fa-minus\"><\/i><\/span>\n\t\t\t\t\t\t\t\t\t\t\t\t\t\t<\/span>\n\t\t\t\t\t\t\t\t\t\t\t\t<a class=\"elementor-accordion-title\" tabindex=\"0\">Formulario de solicitud de Alta en el Registro<\/a>\n\t\t\t\t\t<\/h6>\n\t\t\t\t\t<div id=\"elementor-tab-content-2091\" class=\"elementor-tab-content elementor-clearfix\" data-tab=\"1\" role=\"region\" aria-labelledby=\"elementor-tab-title-2091\"><p><a href=\"https:\/\/cms.icacordoba.23sd.es\/wp-content\/uploads\/2026\/01\/Solicitud-Alta-Registro-Conciliadores_CENTRO-CONCILIACION_Formulario.pdf\" target=\"_blank\" rel=\"noopener\">Solicitud Alta Registro Conciliadores_CENTRO CONCILIACI\u00d3N_Formulario<\/a><\/p><\/div>\n\t\t\t\t<\/div>\n\t\t\t\t\t\t\t<div class=\"elementor-accordion-item\">\n\t\t\t\t\t<h6 id=\"elementor-tab-title-2092\" class=\"elementor-tab-title\" data-tab=\"2\" role=\"button\" aria-controls=\"elementor-tab-content-2092\" aria-expanded=\"false\">\n\t\t\t\t\t\t\t\t\t\t\t\t\t<span class=\"elementor-accordion-icon elementor-accordion-icon-left\" aria-hidden=\"true\">\n\t\t\t\t\t\t\t\t\t\t\t\t\t\t\t<span class=\"elementor-accordion-icon-closed\"><i class=\"fas fa-plus\"><\/i><\/span>\n\t\t\t\t\t\t\t\t<span class=\"elementor-accordion-icon-opened\"><i class=\"fas fa-minus\"><\/i><\/span>\n\t\t\t\t\t\t\t\t\t\t\t\t\t\t<\/span>\n\t\t\t\t\t\t\t\t\t\t\t\t<a class=\"elementor-accordion-title\" tabindex=\"0\">Formulario de solicitud de Baja en el Registro <\/a>\n\t\t\t\t\t<\/h6>\n\t\t\t\t\t<div id=\"elementor-tab-content-2092\" class=\"elementor-tab-content elementor-clearfix\" data-tab=\"2\" role=\"region\" aria-labelledby=\"elementor-tab-title-2092\"><p><a href=\"https:\/\/cms.icacordoba.23sd.es\/wp-content\/uploads\/2026\/04\/Solicitud-Baja_Registro-Conciliadores_CENTRO-CONCILIACION_Formulario.pdf\" target=\"_blank\" rel=\"noopener\">Solicitud Baja_Registro Conciliadores_CENTRO CONCILIACION_Formulario<\/a><\/p><\/div>\n\t\t\t\t<\/div>\n\t\t\t\t\t\t\t\t<\/div>\n\t\t\t\t\t\t<\/div>\n\t\t\t\t<\/div>\n\t\t\t\t\t<\/div>\n\t\t<\/div>\n\t\t\t\t\t<\/div>\n\t\t<\/section>\n\t\t\t\t<section class=\"elementor-section elementor-top-section elementor-element elementor-element-7dee329 elementor-section-full_width elementor-section-height-default elementor-section-height-default\" data-id=\"7dee329\" data-element_type=\"section\" data-e-type=\"section\">\n\t\t\t\t\t\t<div class=\"elementor-container elementor-column-gap-default\">\n\t\t\t\t\t<div class=\"elementor-column elementor-col-100 elementor-top-column elementor-element elementor-element-df8d1bc\" data-id=\"df8d1bc\" data-element_type=\"column\" data-e-type=\"column\">\n\t\t\t<div class=\"elementor-widget-wrap elementor-element-populated\">\n\t\t\t\t\t\t<div class=\"elementor-element elementor-element-b5a59d0 elementor-widget elementor-widget-heading\" data-id=\"b5a59d0\" data-element_type=\"widget\" data-e-type=\"widget\" data-widget_type=\"heading.default\">\n\t\t\t\t<div class=\"elementor-widget-container\">\n\t\t\t\t\t<h4 class=\"elementor-heading-title elementor-size-default\">Consulta el Registro de Conciliadores Profesionales<\/h4>\t\t\t\t<\/div>\n\t\t\t\t<\/div>\n\t\t\t\t<div class=\"elementor-element elementor-element-f64eb48 elementor-widget elementor-widget-text-editor\" data-id=\"f64eb48\" data-element_type=\"widget\" data-e-type=\"widget\" data-widget_type=\"text-editor.default\">\n\t\t\t\t<div class=\"elementor-widget-container\">\n\t\t\t\t\t\t\t\t\t<p>El listado de profesionales inscritos en el Registro de Conciliadores del ICAC\u00f3rdoba est\u00e1 disponible para su consulta p\u00fablica.<br data-start=\"5780\" data-end=\"5783\" \/>Contiene los datos b\u00e1sicos de contacto, n\u00famero de colegiaci\u00f3n y especialidades.<\/p>\t\t\t\t\t\t\t\t<\/div>\n\t\t\t\t<\/div>\n\t\t\t\t<div class=\"elementor-element elementor-element-3141626 elementor-align-center elementor-widget elementor-widget-button\" data-id=\"3141626\" data-element_type=\"widget\" data-e-type=\"widget\" data-widget_type=\"button.default\">\n\t\t\t\t<div class=\"elementor-widget-container\">\n\t\t\t\t\t\t\t\t\t<div class=\"elementor-button-wrapper\">\n\t\t\t\t\t<a class=\"elementor-button elementor-button-link elementor-size-sm\" href=\"https:\/\/www.icacordoba.com\/Secciones\/registro-de-conciliadores-profesionales-ica-cordoba\" target=\"_blank\">\n\t\t\t\t\t\t<span class=\"elementor-button-content-wrapper\">\n\t\t\t\t\t\t\t\t\t<span class=\"elementor-button-text\">Consulta el Registro de Conciliadores Profesionales<\/span>\n\t\t\t\t\t<\/span>\n\t\t\t\t\t<\/a>\n\t\t\t\t<\/div>\n\t\t\t\t\t\t\t\t<\/div>\n\t\t\t\t<\/div>\n\t\t\t\t\t<\/div>\n\t\t<\/div>\n\t\t\t\t\t<\/div>\n\t\t<\/section>\n\t\t\t\t<section class=\"elementor-section elementor-top-section elementor-element elementor-element-a6a58ac elementor-section-full_width elementor-section-height-default elementor-section-height-default\" data-id=\"a6a58ac\" data-element_type=\"section\" data-e-type=\"section\" data-settings=\"{&quot;background_background&quot;:&quot;classic&quot;}\">\n\t\t\t\t\t\t<div class=\"elementor-container elementor-column-gap-default\">\n\t\t\t\t\t<div class=\"elementor-column elementor-col-100 elementor-top-column elementor-element elementor-element-e463073\" data-id=\"e463073\" data-element_type=\"column\" data-e-type=\"column\">\n\t\t\t<div class=\"elementor-widget-wrap elementor-element-populated\">\n\t\t\t\t\t\t<div class=\"elementor-element elementor-element-4ca9dfc elementor-widget elementor-widget-heading\" data-id=\"4ca9dfc\" data-element_type=\"widget\" data-e-type=\"widget\" data-widget_type=\"heading.default\">\n\t\t\t\t<div class=\"elementor-widget-container\">\n\t\t\t\t\t<h4 class=\"elementor-heading-title elementor-size-default\">Coste del proceso de conciliaci\u00f3n<\/h4>\t\t\t\t<\/div>\n\t\t\t\t<\/div>\n\t\t\t\t<div class=\"elementor-element elementor-element-8dc6201 elementor-widget elementor-widget-text-editor\" data-id=\"8dc6201\" data-element_type=\"widget\" data-e-type=\"widget\" data-widget_type=\"text-editor.default\">\n\t\t\t\t<div class=\"elementor-widget-container\">\n\t\t\t\t\t\t\t\t\t<div style=\"max-width:900px; margin:0 auto; text-align:justify; line-height:1.6; font-size:15px; color:#2f2f2f; font-family:'Lato','Open Sans',Arial,sans-serif;\">\n\n  <p style=\"margin-bottom:10px;\">\n    Conforme a los <strong>art\u00edculos 21 a 24<\/strong> del \n    <strong>Reglamento del Servicio de Conciliaci\u00f3n Privada<\/strong> del \n    <strong>Ilustre Colegio de la Abogac\u00eda de C\u00f3rdoba<\/strong>, las personas solicitantes deber\u00e1n abonar los derechos \n    correspondientes a la <strong>administraci\u00f3n y gesti\u00f3n<\/strong> del servicio y los derivados de la \n    <strong>prestaci\u00f3n de los servicios de conciliaci\u00f3n<\/strong> a cargo de la persona conciliadora designada.\n  <\/p>\n\n  <p style=\"margin-bottom:10px;\">\n    Las cuant\u00edas fijadas en el <strong>Anexo I del Reglamento<\/strong> podr\u00e1n actualizarse por acuerdo de la \n    <strong>Junta de Gobierno<\/strong>. Los importes indicados <strong>no incluyen los impuestos aplicables (IVA)<\/strong>.\n  <\/p>\n\n  <p style=\"margin-bottom:10px;\">\n    Los derechos de <strong>administraci\u00f3n y gesti\u00f3n<\/strong> corresponden \u00edntegramente al Colegio, \n    mientras que los derechos por la <strong>prestaci\u00f3n del servicio<\/strong> se distribuyen entre la persona conciliadora \n    y el Colegio en la siguiente proporci\u00f3n:\n  <\/p>\n\n  <ul style=\"list-style:none; padding-left:0; margin:10px 0;\">\n    <li style=\"margin-bottom:4px;\">\n      <span style=\"color:#004a99; font-weight:bold;\">\u2022<\/span> \n      <strong>80 %<\/strong> para la persona conciliadora.\n    <\/li>\n    <li>\n      <span style=\"color:#004a99; font-weight:bold;\">\u2022<\/span> \n      <strong>20 %<\/strong> para el Colegio de la Abogac\u00eda de C\u00f3rdoba, en concepto de gesti\u00f3n y administraci\u00f3n.\n    <\/li>\n  <\/ul>\n\n  <p style=\"margin-bottom:10px;\">\n    La persona conciliadora emitir\u00e1 la factura correspondiente, aplicando el descuento del <strong>20 %<\/strong> a favor del Colegio. \n    Si intervienen varias personas conciliadoras, su parte se repartir\u00e1 por igual salvo acuerdo distinto autorizado por el Centro.\n  <\/p>\n\n  <p style=\"margin-bottom:10px;\">\n    No proceder\u00e1 la devoluci\u00f3n de los derechos abonados por administraci\u00f3n ni de los honorarios de servicios efectivamente prestados, \n    incluso si no se alcanza acuerdo.\n  <\/p>\n\n  <p style=\"margin-top:15px; font-size:14px; color:#666; text-align:center; font-style:italic;\">\n    Fuente: Reglamento del Servicio de Conciliaci\u00f3n Privada del Ilustre Colegio de la Abogac\u00eda de C\u00f3rdoba, \n    art\u00edculos 21 a 24 y Anexo I (Diciembre 2025).\n  <\/p>\n<\/div>\n\t\t\t\t\t\t\t\t<\/div>\n\t\t\t\t<\/div>\n\t\t\t\t<div class=\"elementor-element elementor-element-82cf6fd elementor-widget elementor-widget-accordion\" data-id=\"82cf6fd\" data-element_type=\"widget\" data-e-type=\"widget\" data-widget_type=\"accordion.default\">\n\t\t\t\t<div class=\"elementor-widget-container\">\n\t\t\t\t\t\t\t<div class=\"elementor-accordion\">\n\t\t\t\t\t\t\t<div class=\"elementor-accordion-item\">\n\t\t\t\t\t<div id=\"elementor-tab-title-1371\" class=\"elementor-tab-title\" data-tab=\"1\" role=\"button\" aria-controls=\"elementor-tab-content-1371\" aria-expanded=\"false\">\n\t\t\t\t\t\t\t\t\t\t\t\t\t<span class=\"elementor-accordion-icon elementor-accordion-icon-left\" aria-hidden=\"true\">\n\t\t\t\t\t\t\t\t\t\t\t\t\t\t\t<span class=\"elementor-accordion-icon-closed\"><i class=\"fas fa-plus\"><\/i><\/span>\n\t\t\t\t\t\t\t\t<span class=\"elementor-accordion-icon-opened\"><i class=\"fas fa-minus\"><\/i><\/span>\n\t\t\t\t\t\t\t\t\t\t\t\t\t\t<\/span>\n\t\t\t\t\t\t\t\t\t\t\t\t<a class=\"elementor-accordion-title\" tabindex=\"0\">Derechos de administraci\u00f3n y gesti\u00f3n<\/a>\n\t\t\t\t\t<\/div>\n\t\t\t\t\t<div id=\"elementor-tab-content-1371\" class=\"elementor-tab-content elementor-clearfix\" data-tab=\"1\" role=\"region\" aria-labelledby=\"elementor-tab-title-1371\"><table style=\"width: 100%; border-collapse: collapse; text-align: center; font-family: 'Lato','Open Sans',Arial,sans-serif; font-size: 15px;\"><thead style=\"background-color: #004a99; color: #fff;\"><tr><th style=\"padding: 12px;\" colspan=\"3\">DERECHOS DE ADMINISTRACI\u00d3N Y GESTI\u00d3N<\/th><\/tr><\/thead><tbody><tr style=\"background-color: #e8eef6;\"><td style=\"padding: 10px;\" colspan=\"3\"><strong>100 % COLEGIO<\/strong> \u2014 Incluyen el uso de la sala colegial.<br \/>El coste de salas externas ser\u00e1 asumido por las partes.<\/td><\/tr><tr style=\"background-color: #f9f9f9;\"><th>CONCEPTO<\/th><th>SUPUESTO<\/th><th>PRECIO<\/th><\/tr><tr><td>Solicitud de conciliaci\u00f3n<\/td><td>Unilateral<\/td><td>60 \u20ac + IVA<\/td><\/tr><tr><td>Solicitud de conciliaci\u00f3n<\/td><td>De mutuo acuerdo<\/td><td>60 \u20ac + IVA<\/td><\/tr><tr><td>Certificaciones<\/td><td>De cualquier tipo<\/td><td>10 \u20ac + IVA<\/td><\/tr><\/tbody><\/table><\/div>\n\t\t\t\t<\/div>\n\t\t\t\t\t\t\t<div class=\"elementor-accordion-item\">\n\t\t\t\t\t<div id=\"elementor-tab-title-1372\" class=\"elementor-tab-title\" data-tab=\"2\" role=\"button\" aria-controls=\"elementor-tab-content-1372\" aria-expanded=\"false\">\n\t\t\t\t\t\t\t\t\t\t\t\t\t<span class=\"elementor-accordion-icon elementor-accordion-icon-left\" aria-hidden=\"true\">\n\t\t\t\t\t\t\t\t\t\t\t\t\t\t\t<span class=\"elementor-accordion-icon-closed\"><i class=\"fas fa-plus\"><\/i><\/span>\n\t\t\t\t\t\t\t\t<span class=\"elementor-accordion-icon-opened\"><i class=\"fas fa-minus\"><\/i><\/span>\n\t\t\t\t\t\t\t\t\t\t\t\t\t\t<\/span>\n\t\t\t\t\t\t\t\t\t\t\t\t<a class=\"elementor-accordion-title\" tabindex=\"0\">Derechos por la prestaci\u00f3n del servicio<\/a>\n\t\t\t\t\t<\/div>\n\t\t\t\t\t<div id=\"elementor-tab-content-1372\" class=\"elementor-tab-content elementor-clearfix\" data-tab=\"2\" role=\"region\" aria-labelledby=\"elementor-tab-title-1372\"><table style=\"width:100%; border-collapse:collapse; text-align:center; font-family:'Lato','Open Sans',Arial,sans-serif; font-size:15px;\">\n  <thead style=\"background-color:#004a99; color:#fff;\">\n    <tr>\n      <th colspan=\"3\" style=\"padding:12px;\">DERECHOS POR LA PRESTACI\u00d3N DEL SERVICIO DE CONCILIACI\u00d3N PRIVADA<\/th>\n    <\/tr>\n  <\/thead>\n  <tbody>\n    <tr style=\"background-color:#e8eef6;\">\n      <td colspan=\"3\" style=\"padding:10px;\">\n        <strong>80 % CONCILIADOR\/A \u2014 20 % COLEGIO<\/strong><br>Por gastos de gesti\u00f3n y administraci\u00f3n.\n      <\/td>\n    <\/tr>\n    <tr style=\"background-color:#f9f9f9;\">\n      <th>CONCEPTO<\/th>\n      <th>DETALLE<\/th>\n      <th>PRECIO (por parte)<\/th>\n    <\/tr>\n    <tr>\n      <td>Sesi\u00f3n inicial<\/td>\n      <td>Por cada parte<\/td>\n      <td>60 \u20ac + IVA<\/td>\n    <\/tr>\n    <tr>\n      <td rowspan=\"4\">Resto de sesiones<\/td>\n      <td>2 partes<\/td>\n      <td>120 \u20ac + IVA<\/td>\n    <\/tr>\n    <tr>\n      <td>3 partes<\/td>\n      <td>100 \u20ac + IVA<\/td>\n    <\/tr>\n    <tr>\n      <td>4 partes<\/td>\n      <td>90 \u20ac + IVA<\/td>\n    <\/tr>\n    <tr>\n      <td>5 partes<\/td>\n      <td>80 \u20ac + IVA<\/td>\n    <\/tr>\n    <tr>\n      <td>Acta sin acuerdo<\/td>\n      <td>Por cada parte<\/td>\n      <td>50 \u20ac + IVA<\/td>\n    <\/tr>\n    <tr>\n      <td>Acta con acuerdo total o parcial<\/td>\n      <td>Por cada parte<\/td>\n      <td>150 \u20ac + IVA<\/td>\n    <\/tr>\n  <\/tbody>\n<\/table>\n<\/div>\n\t\t\t\t<\/div>\n\t\t\t\t\t\t\t<div class=\"elementor-accordion-item\">\n\t\t\t\t\t<div id=\"elementor-tab-title-1373\" class=\"elementor-tab-title\" data-tab=\"3\" role=\"button\" aria-controls=\"elementor-tab-content-1373\" aria-expanded=\"false\">\n\t\t\t\t\t\t\t\t\t\t\t\t\t<span class=\"elementor-accordion-icon elementor-accordion-icon-left\" aria-hidden=\"true\">\n\t\t\t\t\t\t\t\t\t\t\t\t\t\t\t<span class=\"elementor-accordion-icon-closed\"><i class=\"fas fa-plus\"><\/i><\/span>\n\t\t\t\t\t\t\t\t<span class=\"elementor-accordion-icon-opened\"><i class=\"fas fa-minus\"><\/i><\/span>\n\t\t\t\t\t\t\t\t\t\t\t\t\t\t<\/span>\n\t\t\t\t\t\t\t\t\t\t\t\t<a class=\"elementor-accordion-title\" tabindex=\"0\">Supuestos de especial complejidad o cuant\u00eda elevada<\/a>\n\t\t\t\t\t<\/div>\n\t\t\t\t\t<div id=\"elementor-tab-content-1373\" class=\"elementor-tab-content elementor-clearfix\" data-tab=\"3\" role=\"region\" aria-labelledby=\"elementor-tab-title-1373\"><table style=\"width:100%; border-collapse:collapse; text-align:center; font-family:'Lato','Open Sans',Arial,sans-serif; font-size:15px;\">\n  <thead style=\"background-color:#004a99; color:#fff;\">\n    <tr>\n      <th colspan=\"4\" style=\"padding:12px;\">SUPUESTOS DE ESPECIAL COMPLEJIDAD O CUANT\u00cdA ELEVADA<\/th>\n    <\/tr>\n  <\/thead>\n  <tbody>\n    <tr style=\"background-color:#e8eef6;\">\n      <td colspan=\"4\" style=\"padding:10px;\">\n        Aplicable exclusivamente cuando se alcance acuerdo total o parcial que supere los <strong>50.000 \u20ac<\/strong>.\n      <\/td>\n    <\/tr>\n    <tr style=\"background-color:#f9f9f9;\">\n      <th>BASE<\/th>\n      <th>EUROS FIJOS<\/th>\n      <th>RESTO DE BASE<\/th>\n      <th>PORCENTAJE<\/th>\n    <\/tr>\n    <tr>\n      <td>50.000 \u20ac<\/td>\n      <td>500 \u20ac<\/td>\n      <td>Hasta 100.000 \u20ac<\/td>\n      <td>1,00 %<\/td>\n    <\/tr>\n    <tr>\n      <td>100.000 \u20ac<\/td>\n      <td>1.000 \u20ac<\/td>\n      <td>Hasta 300.000 \u20ac<\/td>\n      <td>0,50 %<\/td>\n    <\/tr>\n    <tr>\n      <td>300.000 \u20ac<\/td>\n      <td>2.200 \u20ac<\/td>\n      <td>Hasta 600.000 \u20ac<\/td>\n      <td>0,25 %<\/td>\n    <\/tr>\n    <tr>\n      <td>600.000 \u20ac<\/td>\n      <td>4.000 \u20ac<\/td>\n      <td>En adelante<\/td>\n      <td>0,10 %<\/td>\n    <\/tr>\n  <\/tbody>\n<\/table>\n<\/div>\n\t\t\t\t<\/div>\n\t\t\t\t\t\t\t\t<\/div>\n\t\t\t\t\t\t<\/div>\n\t\t\t\t<\/div>\n\t\t\t\t\t<\/div>\n\t\t<\/div>\n\t\t\t\t\t<\/div>\n\t\t<\/section>\n\t\t\t\t<section class=\"elementor-section elementor-top-section elementor-element elementor-element-5ac1a67 elementor-section-full_width elementor-section-height-default elementor-section-height-default\" data-id=\"5ac1a67\" data-element_type=\"section\" data-e-type=\"section\">\n\t\t\t\t\t\t<div class=\"elementor-container elementor-column-gap-default\">\n\t\t\t\t\t<div class=\"elementor-column elementor-col-100 elementor-top-column elementor-element elementor-element-d876f34\" data-id=\"d876f34\" data-element_type=\"column\" data-e-type=\"column\">\n\t\t\t<div class=\"elementor-widget-wrap elementor-element-populated\">\n\t\t\t\t\t\t<div class=\"elementor-element elementor-element-4225f63 elementor-widget elementor-widget-heading\" data-id=\"4225f63\" data-element_type=\"widget\" data-e-type=\"widget\" data-widget_type=\"heading.default\">\n\t\t\t\t<div class=\"elementor-widget-container\">\n\t\t\t\t\t<h4 class=\"elementor-heading-title elementor-size-default\">Como solicitar una conciliaci\u00f3n<\/h4>\t\t\t\t<\/div>\n\t\t\t\t<\/div>\n\t\t\t\t<div class=\"elementor-element elementor-element-9834554 elementor-widget elementor-widget-text-editor\" data-id=\"9834554\" data-element_type=\"widget\" data-e-type=\"widget\" data-widget_type=\"text-editor.default\">\n\t\t\t\t<div class=\"elementor-widget-container\">\n\t\t\t\t\t\t\t\t\t<div style=\"max-width: 900px; margin: 0 auto; text-align: justify; line-height: 1.7; font-size: 15px; color: #2f2f2f; font-family: 'Lato','Open Sans',Arial,sans-serif;\"><p style=\"margin-bottom: 20px;\">Los formularios de solicitud de conciliaci\u00f3n est\u00e1n disponibles para su descarga y presentaci\u00f3n por v\u00eda electr\u00f3nica, conforme al <strong>Reglamento del Servicio de Conciliaci\u00f3n Privada<\/strong> del <strong>Ilustre Colegio de la Abogac\u00eda de C\u00f3rdoba<\/strong>.<\/p><p style=\"margin-bottom: 20px;\">Las partes interesadas podr\u00e1n presentar el formulario cumplimentado y la documentaci\u00f3n correspondiente a trav\u00e9s de la <strong>Sede Electr\u00f3nica<\/strong> del Colegio.<\/p><p style=\"margin-bottom: 30px; text-align: center;\"><a style=\"color: #004a99; text-decoration: none; font-weight: 600;\" href=\"https:\/\/sede-icacordoba.abogacia.es\/sea-web\/#\/home\" target=\"_blank\" rel=\"noopener\">Sede Electr\u00f3nica del Ilustre Colegio de la Abogac\u00eda de C\u00f3rdoba<\/a><\/p><\/div>\t\t\t\t\t\t\t\t<\/div>\n\t\t\t\t<\/div>\n\t\t\t\t\t<\/div>\n\t\t<\/div>\n\t\t\t\t\t<\/div>\n\t\t<\/section>\n\t\t\t\t<section class=\"elementor-section elementor-top-section elementor-element elementor-element-8d78d04 elementor-section-full_width elementor-section-height-default elementor-section-height-default\" data-id=\"8d78d04\" data-element_type=\"section\" data-e-type=\"section\">\n\t\t\t\t\t\t<div class=\"elementor-container elementor-column-gap-default\">\n\t\t\t\t\t<div class=\"elementor-column elementor-col-100 elementor-top-column elementor-element elementor-element-c516287\" data-id=\"c516287\" data-element_type=\"column\" data-e-type=\"column\">\n\t\t\t<div class=\"elementor-widget-wrap elementor-element-populated\">\n\t\t\t\t\t\t<div class=\"elementor-element elementor-element-db478c6 elementor-align-center elementor-widget elementor-widget-button\" data-id=\"db478c6\" data-element_type=\"widget\" data-e-type=\"widget\" data-widget_type=\"button.default\">\n\t\t\t\t<div class=\"elementor-widget-container\">\n\t\t\t\t\t\t\t\t\t<div class=\"elementor-button-wrapper\">\n\t\t\t\t\t<a class=\"elementor-button elementor-button-link elementor-size-sm\" href=\"https:\/\/cms.icacordoba.23sd.es\/wp-content\/uploads\/2026\/01\/SOLICITUD-UNILATERAL-CONCILIACION_Formulario.pdf\" target=\"_blank\">\n\t\t\t\t\t\t<span class=\"elementor-button-content-wrapper\">\n\t\t\t\t\t\t\t\t\t<span class=\"elementor-button-text\">Formulario de solicitud unilateral<\/span>\n\t\t\t\t\t<\/span>\n\t\t\t\t\t<\/a>\n\t\t\t\t<\/div>\n\t\t\t\t\t\t\t\t<\/div>\n\t\t\t\t<\/div>\n\t\t\t\t<div class=\"elementor-element elementor-element-51d5c52 elementor-widget elementor-widget-spacer\" data-id=\"51d5c52\" data-element_type=\"widget\" data-e-type=\"widget\" data-widget_type=\"spacer.default\">\n\t\t\t\t<div class=\"elementor-widget-container\">\n\t\t\t\t\t\t\t<div class=\"elementor-spacer\">\n\t\t\t<div class=\"elementor-spacer-inner\"><\/div>\n\t\t<\/div>\n\t\t\t\t\t\t<\/div>\n\t\t\t\t<\/div>\n\t\t\t\t<div class=\"elementor-element elementor-element-7d9d44c elementor-align-center elementor-widget elementor-widget-button\" data-id=\"7d9d44c\" data-element_type=\"widget\" data-e-type=\"widget\" data-widget_type=\"button.default\">\n\t\t\t\t<div class=\"elementor-widget-container\">\n\t\t\t\t\t\t\t\t\t<div class=\"elementor-button-wrapper\">\n\t\t\t\t\t<a class=\"elementor-button elementor-button-link elementor-size-sm\" href=\"https:\/\/cms.icacordoba.23sd.es\/wp-content\/uploads\/2026\/01\/SOLICITUD-CONCILIACION-MUTUO-ACUERDO_Enero_2026_FORMULARIO_OK.pdf\" target=\"_blank\">\n\t\t\t\t\t\t<span class=\"elementor-button-content-wrapper\">\n\t\t\t\t\t\t\t\t\t<span class=\"elementor-button-text\">Formulario de solicitud de mutuo acuerdo<\/span>\n\t\t\t\t\t<\/span>\n\t\t\t\t\t<\/a>\n\t\t\t\t<\/div>\n\t\t\t\t\t\t\t\t<\/div>\n\t\t\t\t<\/div>\n\t\t\t\t\t<\/div>\n\t\t<\/div>\n\t\t\t\t\t<\/div>\n\t\t<\/section>\n\t\t\t\t<\/div>\n\t\t","protected":false},"excerpt":{"rendered":"<p>Registro de Conciliadores Profesionales El Registro de Profesionales de la Conciliaci\u00f3n del Ilustre Colegio de la Abogac\u00eda de C\u00f3rdoba re\u00fane a las personas colegiadas ejercientes que, con la debida formaci\u00f3n, imparcialidad y compromiso \u00e9tico, intervienen en los procedimientos de conciliaci\u00f3n privada gestionados por el Centro de Conciliaci\u00f3n ICAC\u00f3rdoba. Su finalidad es garantizar la calidad t\u00e9cnica [&hellip;]<\/p>\n","protected":false},"author":1,"featured_media":0,"comment_status":"open","ping_status":"open","sticky":false,"template":"","format":"standard","meta":{"footnotes":""},"categories":[1],"tags":[],"class_list":["post-18505","post","type-post","status-publish","format-standard","hentry","category-uncategorized"],"_links":{"self":[{"href":"https:\/\/cms.icacordoba.23sd.es\/index.php\/wp-json\/wp\/v2\/posts\/18505","targetHints":{"allow":["GET"]}}],"collection":[{"href":"https:\/\/cms.icacordoba.23sd.es\/index.php\/wp-json\/wp\/v2\/posts"}],"about":[{"href":"https:\/\/cms.icacordoba.23sd.es\/index.php\/wp-json\/wp\/v2\/types\/post"}],"author":[{"embeddable":true,"href":"https:\/\/cms.icacordoba.23sd.es\/index.php\/wp-json\/wp\/v2\/users\/1"}],"replies":[{"embeddable":true,"href":"https:\/\/cms.icacordoba.23sd.es\/index.php\/wp-json\/wp\/v2\/comments?post=18505"}],"version-history":[{"count":129,"href":"https:\/\/cms.icacordoba.23sd.es\/index.php\/wp-json\/wp\/v2\/posts\/18505\/revisions"}],"predecessor-version":[{"id":20193,"href":"https:\/\/cms.icacordoba.23sd.es\/index.php\/wp-json\/wp\/v2\/posts\/18505\/revisions\/20193"}],"wp:attachment":[{"href":"https:\/\/cms.icacordoba.23sd.es\/index.php\/wp-json\/wp\/v2\/media?parent=18505"}],"wp:term":[{"taxonomy":"category","embeddable":true,"href":"https:\/\/cms.icacordoba.23sd.es\/index.php\/wp-json\/wp\/v2\/categories?post=18505"},{"taxonomy":"post_tag","embeddable":true,"href":"https:\/\/cms.icacordoba.23sd.es\/index.php\/wp-json\/wp\/v2\/tags?post=18505"}],"curies":[{"name":"wp","href":"https:\/\/api.w.org\/{rel}","templated":true}]}}