{"id":18472,"date":"2026-01-16T17:13:39","date_gmt":"2026-01-16T17:13:39","guid":{"rendered":"https:\/\/cms.icacordoba.23sd.es\/index.php\/18472\/"},"modified":"2026-01-16T17:18:45","modified_gmt":"2026-01-16T17:18:45","slug":"noticia-fallece-jose-maria-muriel-de-andres-decano-emerito-del-colegio-de-la-abogacia-de-cordoba","status":"publish","type":"post","link":"https:\/\/cms.icacordoba.23sd.es\/index.php\/18472\/","title":{"rendered":"NOTICIA \u00bb Fallece Jos\u00e9 Mar\u00eda Muriel de Andr\u00e9s, decano em\u00e9rito del Colegio de la Abogac\u00eda de C\u00f3rdoba"},"content":{"rendered":"\t\t<div data-elementor-type=\"wp-post\" data-elementor-id=\"18472\" class=\"elementor elementor-18472\" data-elementor-post-type=\"post\">\n\t\t\t\t\t\t<section class=\"elementor-section elementor-top-section elementor-element elementor-element-f614028 elementor-section-full_width elementor-section-height-default elementor-section-height-default\" data-id=\"f614028\" data-element_type=\"section\" data-e-type=\"section\">\n\t\t\t\t\t\t<div class=\"elementor-container elementor-column-gap-default\">\n\t\t\t\t\t<div class=\"elementor-column elementor-col-100 elementor-top-column elementor-element elementor-element-601a43d\" data-id=\"601a43d\" data-element_type=\"column\" data-e-type=\"column\">\n\t\t\t<div class=\"elementor-widget-wrap elementor-element-populated\">\n\t\t\t\t\t\t<div class=\"elementor-element elementor-element-4566e0a elementor-widget elementor-widget-text-editor\" data-id=\"4566e0a\" data-element_type=\"widget\" data-e-type=\"widget\" data-widget_type=\"text-editor.default\">\n\t\t\t\t<div class=\"elementor-widget-container\">\n\t\t\t\t\t\t\t\t\t<p>Desde el Colegio de la Abogac\u00eda de C\u00f3rdoba expresamos nuestro m\u00e1s profundo pesar por el fallecimiento hoy, d\u00eda 16 de enero, de Jos\u00e9 Mar\u00eda Muriel de Andr\u00e9s, quien fuera Decano de esta Corporaci\u00f3n entre los a\u00f1os 1992 y 2002, con excepcional dedicaci\u00f3n y empe\u00f1o en sus obligaciones y en la defensa de los intereses de los profesionales de la Abogac\u00eda y sus instituciones.<\/p>\n<p>La Abogac\u00eda de C\u00f3rdoba lamenta profundamente la p\u00e9rdida de tan excepcional compa\u00f1ero y querido Decano, ejemplo de compromiso y referente de la Abogac\u00eda institucional. Este Colegio de la Abogac\u00eda solo puede sentirse agradecido de haber contado con su profesionalidad.<\/p>\t\t\t\t\t\t\t\t<\/div>\n\t\t\t\t<\/div>\n\t\t\t\t\t<\/div>\n\t\t<\/div>\n\t\t\t\t\t<\/div>\n\t\t<\/section>\n\t\t\t\t<section class=\"elementor-section elementor-top-section elementor-element elementor-element-d5ecdd6 elementor-section-full_width elementor-section-height-default elementor-section-height-default\" data-id=\"d5ecdd6\" data-element_type=\"section\" data-e-type=\"section\">\n\t\t\t\t\t\t<div class=\"elementor-container elementor-column-gap-default\">\n\t\t\t\t\t<div class=\"elementor-column elementor-col-66 elementor-top-column elementor-element elementor-element-9c4b64d\" data-id=\"9c4b64d\" data-element_type=\"column\" data-e-type=\"column\">\n\t\t\t<div class=\"elementor-widget-wrap elementor-element-populated\">\n\t\t\t\t\t\t<div class=\"elementor-element elementor-element-7772ac7 elementor-widget elementor-widget-text-editor\" data-id=\"7772ac7\" data-element_type=\"widget\" data-e-type=\"widget\" data-widget_type=\"text-editor.default\">\n\t\t\t\t<div class=\"elementor-widget-container\">\n\t\t\t\t\t\t\t\t\t<p>Desde el Colegio de la Abogac\u00eda de C\u00f3rdoba expresamos nuestro m\u00e1s profundo pesar por el fallecimiento hoy, d\u00eda 16 de enero, de Jos\u00e9 Mar\u00eda Muriel de Andr\u00e9s, quien fuera Decano de esta Corporaci\u00f3n entre los a\u00f1os 1992 y 2002, con excepcional dedicaci\u00f3n y empe\u00f1o en sus obligaciones y en la defensa de los intereses de los profesionales de la Abogac\u00eda y sus instituciones.<\/p><p>La Abogac\u00eda de C\u00f3rdoba lamenta profundamente la p\u00e9rdida de tan excepcional compa\u00f1ero y querido Decano, ejemplo de compromiso y referente de la Abogac\u00eda institucional. Este Colegio de la Abogac\u00eda solo puede sentirse agradecido de haber contado con su profesionalidad.<\/p><p>Su llegada al Decanato supuso un antes y un despu\u00e9s para la Abogac\u00eda de C\u00f3rdoba, pues fue Jos\u00e9 Mar\u00eda Muriel quien tuvo la visi\u00f3n de futuro para impulsar la construcci\u00f3n de la actual sede del Colegio en calle Morer\u00eda, de cuya inauguraci\u00f3n oficial se han cumplido 25 a\u00f1os el pasado mes de octubre de 2025.<\/p>\t\t\t\t\t\t\t\t<\/div>\n\t\t\t\t<\/div>\n\t\t\t\t\t<\/div>\n\t\t<\/div>\n\t\t\t\t<div class=\"elementor-column elementor-col-33 elementor-top-column elementor-element elementor-element-39cd8ba\" data-id=\"39cd8ba\" data-element_type=\"column\" data-e-type=\"column\">\n\t\t\t<div class=\"elementor-widget-wrap elementor-element-populated\">\n\t\t\t\t\t\t<div class=\"elementor-element elementor-element-a8d24ac elementor-widget elementor-widget-image\" data-id=\"a8d24ac\" data-element_type=\"widget\" data-e-type=\"widget\" data-widget_type=\"image.default\">\n\t\t\t\t<div class=\"elementor-widget-container\">\n\t\t\t\t\t\t\t\t\t\t\t\t\t\t\t<img decoding=\"async\" src=\"https:\/\/cms.icacordoba.23sd.es\/wp-content\/uploads\/elementor\/thumbs\/Jose-Maria-Muriel-de-Andres_3-scaled-rhr09st5ite0wqad28fy4d9oba3m618bqh8hfyg002.jpg\" title=\"Jos\u00e9 Maria Muriel de Andr\u00e9s_3\" alt=\"Jos\u00e9 Maria Muriel de Andr\u00e9s_3\" loading=\"lazy\" \/>\t\t\t\t\t\t\t\t\t\t\t\t\t\t\t<\/div>\n\t\t\t\t<\/div>\n\t\t\t\t\t<\/div>\n\t\t<\/div>\n\t\t\t\t\t<\/div>\n\t\t<\/section>\n\t\t\t\t<section class=\"elementor-section elementor-top-section elementor-element elementor-element-622a9a0 elementor-section-full_width elementor-section-height-default elementor-section-height-default\" data-id=\"622a9a0\" data-element_type=\"section\" data-e-type=\"section\">\n\t\t\t\t\t\t<div class=\"elementor-container elementor-column-gap-default\">\n\t\t\t\t\t<div class=\"elementor-column elementor-col-100 elementor-top-column elementor-element elementor-element-ce012be\" data-id=\"ce012be\" data-element_type=\"column\" data-e-type=\"column\">\n\t\t\t<div class=\"elementor-widget-wrap elementor-element-populated\">\n\t\t\t\t\t\t<div class=\"elementor-element elementor-element-1744fd7 elementor-widget elementor-widget-text-editor\" data-id=\"1744fd7\" data-element_type=\"widget\" data-e-type=\"widget\" data-widget_type=\"text-editor.default\">\n\t\t\t\t<div class=\"elementor-widget-container\">\n\t\t\t\t\t\t\t\t\t<p><span style=\"font-size: 1rem;\">Su empe\u00f1o por conseguir que la Corporaci\u00f3n tuviera una sede propia y alcanzara la independencia funcional de los tribunales, cambi\u00f3 el funcionamiento de la instituci\u00f3n y marc\u00f3 el futuro de la Abogac\u00eda de C\u00f3rdoba. Muriel de Andr\u00e9s, como \u00e9l mismo afirmaba, entendi\u00f3 que el hecho de que el Colegio contara con una sede propia supon\u00eda reafirmar la condici\u00f3n de la Abogac\u00eda como profesionales libres e independientes, tal y como reconoce la Ley Org\u00e1nica del Poder Judicial y el propio Estatuto General de la Abogac\u00eda Espa\u00f1ola.<\/span><\/p><p>Jos\u00e9 Mar\u00eda Muriel de Andr\u00e9s ha sido un destacado miembro de la Abogac\u00eda desde su colegiaci\u00f3n. Su incorporaci\u00f3n al Colegio de C\u00f3rdoba, como abogado ejerciente, siendo el colegiado n\u00famero 969, se produjo en octubre de 1962, situaci\u00f3n en la que ha continuado hasta el mismo d\u00eda de su fallecimiento.<\/p><p>A lo largo de sus a\u00f1os de ejercicio, antes de ser elegido Decano, fue designado comisionado para la Junta de Evaluaci\u00f3n del ejercicio 1964; en julio de 1976 fue nombrado Vocal 3\u00ba del Comit\u00e9 de Cultura de este Colegio de la Abogac\u00eda y, m\u00e1s tarde, en enero de 1981, fue elegido Diputado 4\u00ba de la Junta de Gobierno, cargo en el que permaneci\u00f3 hasta diciembre de 1986. Ese mismo mes, fue elegido Diputado 2\u00ba, cargo del que dimiti\u00f3 en noviembre de 1991 para presentarse a la elecci\u00f3n de Decano.<\/p><p>Tras las elecciones celebradas el 19 de diciembre de 1991, Jos\u00e9 Mar\u00eda Muriel fue proclamado Decano electo, tomando posesi\u00f3n el 17 de enero de 1992. Tras presentarse a una reelecci\u00f3n, contin\u00fao como Decano hasta el 31 de enero de 2002.<\/p><p>Muriel de Andr\u00e9s fue consejero del Consejo Andaluz de Colegios de Abogados durante una d\u00e9cada y, desde 1995, consejero del Consejo General de la Abogac\u00eda Espa\u00f1ola. Fue adem\u00e1s el primer presidente de la Uni\u00f3n Profesional de C\u00f3rdoba, estando en posesi\u00f3n de la Medalla al M\u00e9rito Profesional de la Uni\u00f3n Profesional en su categor\u00eda de Oro.<\/p><p>A Jos\u00e9 Mar\u00eda Muriel de Andr\u00e9s le fue concedida tambi\u00e9n la Cruz de Honor de San Raimundo de Pe\u00f1afort y la Distinci\u00f3n al M\u00e9rito en el Servicio de la Abogac\u00eda del Consejo General de la Abogac\u00eda Espa\u00f1ola, esta \u00faltima en el a\u00f1o 2008. Adem\u00e1s, recibi\u00f3 la Insignia de Oro de la Junta de Andaluc\u00eda por su labor en el Turno de Oficio.<\/p><p>Dentro de su actividad acad\u00e9mica destac\u00f3 como Profesor de la Escuela de Pr\u00e1ctica Jur\u00eddica del Colegio de la Abogac\u00eda de C\u00f3rdoba en el \u00e1rea de Pr\u00e1ctica Procesal y como Profesor Asociado de Derecho Civil en la Facultad de Derecho de la Universidad de C\u00f3rdoba.<\/p>\t\t\t\t\t\t\t\t<\/div>\n\t\t\t\t<\/div>\n\t\t\t\t\t<\/div>\n\t\t<\/div>\n\t\t\t\t\t<\/div>\n\t\t<\/section>\n\t\t\t\t<\/div>\n\t\t","protected":false},"excerpt":{"rendered":"<p>Desde el Colegio de la Abogac\u00eda de C\u00f3rdoba expresamos nuestro m\u00e1s profundo pesar por el fallecimiento hoy, d\u00eda 16 de enero, de Jos\u00e9 Mar\u00eda Muriel de Andr\u00e9s, quien fuera Decano de esta Corporaci\u00f3n entre los a\u00f1os 1992 y 2002, con excepcional dedicaci\u00f3n y empe\u00f1o en sus obligaciones y en la defensa de los intereses de [&hellip;]<\/p>\n","protected":false},"author":1,"featured_media":0,"comment_status":"open","ping_status":"open","sticky":false,"template":"","format":"standard","meta":{"footnotes":""},"categories":[1],"tags":[],"class_list":["post-18472","post","type-post","status-publish","format-standard","hentry","category-uncategorized"],"_links":{"self":[{"href":"https:\/\/cms.icacordoba.23sd.es\/index.php\/wp-json\/wp\/v2\/posts\/18472","targetHints":{"allow":["GET"]}}],"collection":[{"href":"https:\/\/cms.icacordoba.23sd.es\/index.php\/wp-json\/wp\/v2\/posts"}],"about":[{"href":"https:\/\/cms.icacordoba.23sd.es\/index.php\/wp-json\/wp\/v2\/types\/post"}],"author":[{"embeddable":true,"href":"https:\/\/cms.icacordoba.23sd.es\/index.php\/wp-json\/wp\/v2\/users\/1"}],"replies":[{"embeddable":true,"href":"https:\/\/cms.icacordoba.23sd.es\/index.php\/wp-json\/wp\/v2\/comments?post=18472"}],"version-history":[{"count":15,"href":"https:\/\/cms.icacordoba.23sd.es\/index.php\/wp-json\/wp\/v2\/posts\/18472\/revisions"}],"predecessor-version":[{"id":18488,"href":"https:\/\/cms.icacordoba.23sd.es\/index.php\/wp-json\/wp\/v2\/posts\/18472\/revisions\/18488"}],"wp:attachment":[{"href":"https:\/\/cms.icacordoba.23sd.es\/index.php\/wp-json\/wp\/v2\/media?parent=18472"}],"wp:term":[{"taxonomy":"category","embeddable":true,"href":"https:\/\/cms.icacordoba.23sd.es\/index.php\/wp-json\/wp\/v2\/categories?post=18472"},{"taxonomy":"post_tag","embeddable":true,"href":"https:\/\/cms.icacordoba.23sd.es\/index.php\/wp-json\/wp\/v2\/tags?post=18472"}],"curies":[{"name":"wp","href":"https:\/\/api.w.org\/{rel}","templated":true}]}}