{"id":18448,"date":"2026-01-16T12:10:47","date_gmt":"2026-01-16T12:10:47","guid":{"rendered":"https:\/\/cms.icacordoba.23sd.es\/index.php\/18448\/"},"modified":"2026-01-16T12:20:19","modified_gmt":"2026-01-16T12:20:19","slug":"legislacion-semanal-del-12-al-16-de-enero-de-2026","status":"publish","type":"post","link":"https:\/\/cms.icacordoba.23sd.es\/index.php\/18448\/","title":{"rendered":"Legislacion Semanal del 12 al 16 de enero de 2026"},"content":{"rendered":"\t\t<div data-elementor-type=\"wp-post\" data-elementor-id=\"18448\" class=\"elementor elementor-18448\" data-elementor-post-type=\"post\">\n\t\t\t\t\t\t<section class=\"elementor-section elementor-top-section elementor-element elementor-element-cf19b00 elementor-section-boxed elementor-section-height-default elementor-section-height-default\" data-id=\"cf19b00\" data-element_type=\"section\" data-e-type=\"section\">\n\t\t\t\t\t\t<div class=\"elementor-container elementor-column-gap-default\">\n\t\t\t\t\t<div class=\"elementor-column elementor-col-100 elementor-top-column elementor-element elementor-element-f1cf3f7\" data-id=\"f1cf3f7\" data-element_type=\"column\" data-e-type=\"column\">\n\t\t\t<div class=\"elementor-widget-wrap elementor-element-populated\">\n\t\t\t\t\t\t<div class=\"elementor-element elementor-element-9845a14 elementor-widget elementor-widget-heading\" data-id=\"9845a14\" data-element_type=\"widget\" data-e-type=\"widget\" data-widget_type=\"heading.default\">\n\t\t\t\t<div class=\"elementor-widget-container\">\n\t\t\t\t\t<h5 class=\"elementor-heading-title elementor-size-default\">Legislaci\u00f3n Semanal - Del 12 al 16 de Enero de 2026<\/h5>\t\t\t\t<\/div>\n\t\t\t\t<\/div>\n\t\t\t\t\t<\/div>\n\t\t<\/div>\n\t\t\t\t\t<\/div>\n\t\t<\/section>\n\t\t\t\t<section class=\"elementor-section elementor-top-section elementor-element elementor-element-a5ffdd2 elementor-section-boxed elementor-section-height-default elementor-section-height-default\" data-id=\"a5ffdd2\" data-element_type=\"section\" data-e-type=\"section\">\n\t\t\t\t\t\t<div class=\"elementor-container elementor-column-gap-default\">\n\t\t\t\t\t<div class=\"elementor-column elementor-col-100 elementor-top-column elementor-element elementor-element-2274d5c\" data-id=\"2274d5c\" data-element_type=\"column\" data-e-type=\"column\">\n\t\t\t<div class=\"elementor-widget-wrap elementor-element-populated\">\n\t\t\t\t\t\t<div class=\"elementor-element elementor-element-22d2554 elementor-widget elementor-widget-heading\" data-id=\"22d2554\" data-element_type=\"widget\" data-e-type=\"widget\" data-widget_type=\"heading.default\">\n\t\t\t\t<div class=\"elementor-widget-container\">\n\t\t\t\t\t<h5 class=\"elementor-heading-title elementor-size-default\">BOLET\u00cdN OFICIAL DEL ESTADO<\/h5>\t\t\t\t<\/div>\n\t\t\t\t<\/div>\n\t\t\t\t<div class=\"elementor-element elementor-element-9347e72 elementor-widget elementor-widget-heading\" data-id=\"9347e72\" data-element_type=\"widget\" data-e-type=\"widget\" data-widget_type=\"heading.default\">\n\t\t\t\t<div class=\"elementor-widget-container\">\n\t\t\t\t\t<h6 class=\"elementor-heading-title elementor-size-default\">Disposiciones generales \/ Comunidad Aut\u00f3noma de Andaluc\u00eda<\/h6>\t\t\t\t<\/div>\n\t\t\t\t<\/div>\n\t\t\t\t<div class=\"elementor-element elementor-element-21310f2 elementor-widget elementor-widget-text-editor\" data-id=\"21310f2\" data-element_type=\"widget\" data-e-type=\"widget\" data-widget_type=\"text-editor.default\">\n\t\t\t\t<div class=\"elementor-widget-container\">\n\t\t\t\t\t\t\t\t\t<ul><li><span data-olk-copy-source=\"MessageBody\">Ley 6\/2025, de 22 de diciembre, del\u00a0<\/span><a class=\"x_link-build-content\" title=\"https:\/\/go.abogacia.es\/lnk\/AXAAAIxN5iIAAc4delwAABAXVFoAAAAA0zoAAKFsABi_EgBpahXQAjKks4smTVW6kClXEOGtYgAYIRA\/2\/xEoLuoPmkWdSUbE2jBq14g\/aHR0cHM6Ly93d3cuYm9lLmVzL2JvZS9kaWFzLzIwMjYvMDEvMTYvcGRmcy9CT0UtQS0yMDI2LTk0My5wZGY_dXRtX2NhbXBhaWduPUxlZ2lzbGFjaSVDMyVCM24lMjBTZW1hbmFsJTIwMTIlMjBhJTIwMTYlMjBkZSUyMEVuZXJvJTIwZGUlMjAyMDI2JnV0bV9tZWRpdW09ZW1haWwmdXRtX3NvdXJjZT1NYWlsamV0\" href=\"https:\/\/go.abogacia.es\/lnk\/AXAAAIxN5iIAAc4delwAABAXVFoAAAAA0zoAAKFsABi_EgBpahXQAjKks4smTVW6kClXEOGtYgAYIRA\/2\/xEoLuoPmkWdSUbE2jBq14g\/aHR0cHM6Ly93d3cuYm9lLmVzL2JvZS9kaWFzLzIwMjYvMDEvMTYvcGRmcy9CT0UtQS0yMDI2LTk0My5wZGY_dXRtX2NhbXBhaWduPUxlZ2lzbGFjaSVDMyVCM24lMjBTZW1hbmFsJTIwMTIlMjBhJTIwMTYlMjBkZSUyMEVuZXJvJTIwZGUlMjAyMDI2JnV0bV9tZWRpdW09ZW1haWwmdXRtX3NvdXJjZT1NYWlsamV0\" target=\"_blank\" rel=\"noopener\" data-auth=\"NotApplicable\" data-linkindex=\"2\"><u>Tercer Sector de Acci\u00f3n Social de Andaluc\u00eda<\/u><\/a>.<\/li><li>Ley 7\/2025, de 22 de diciembre, del\u00a0<a class=\"x_link-build-content\" title=\"https:\/\/go.abogacia.es\/lnk\/AXAAAIxN5iIAAc4delwAABAXVFoAAAAA0zoAAKFsABi_EgBpahXQAjKks4smTVW6kClXEOGtYgAYIRA\/3\/HpXMFtcqW7uK6Zv76YcwAQ\/aHR0cHM6Ly93d3cuYm9lLmVzL2JvZS9kaWFzLzIwMjYvMDEvMTYvcGRmcy9CT0UtQS0yMDI2LTk0NC5wZGY_dXRtX2NhbXBhaWduPUxlZ2lzbGFjaSVDMyVCM24lMjBTZW1hbmFsJTIwMTIlMjBhJTIwMTYlMjBkZSUyMEVuZXJvJTIwZGUlMjAyMDI2JnV0bV9tZWRpdW09ZW1haWwmdXRtX3NvdXJjZT1NYWlsamV0\" href=\"https:\/\/go.abogacia.es\/lnk\/AXAAAIxN5iIAAc4delwAABAXVFoAAAAA0zoAAKFsABi_EgBpahXQAjKks4smTVW6kClXEOGtYgAYIRA\/3\/HpXMFtcqW7uK6Zv76YcwAQ\/aHR0cHM6Ly93d3cuYm9lLmVzL2JvZS9kaWFzLzIwMjYvMDEvMTYvcGRmcy9CT0UtQS0yMDI2LTk0NC5wZGY_dXRtX2NhbXBhaWduPUxlZ2lzbGFjaSVDMyVCM24lMjBTZW1hbmFsJTIwMTIlMjBhJTIwMTYlMjBkZSUyMEVuZXJvJTIwZGUlMjAyMDI2JnV0bV9tZWRpdW09ZW1haWwmdXRtX3NvdXJjZT1NYWlsamV0\" target=\"_blank\" rel=\"noopener\" data-auth=\"NotApplicable\" data-linkindex=\"3\"><u>Patrimonio de la Comunidad Aut\u00f3noma de Andaluc\u00eda.<\/u><\/a><\/li><li>Ley 8\/2025, de 22 de diciembre, del\u00a0<a class=\"x_link-build-content\" title=\"https:\/\/go.abogacia.es\/lnk\/AXAAAIxN5iIAAc4delwAABAXVFoAAAAA0zoAAKFsABi_EgBpahXQAjKks4smTVW6kClXEOGtYgAYIRA\/4\/sweNtCHdW6kdBqvkvB3GgA\/aHR0cHM6Ly93d3cuYm9lLmVzL2JvZS9kaWFzLzIwMjYvMDEvMTYvcGRmcy9CT0UtQS0yMDI2LTk0NS5wZGY_dXRtX2NhbXBhaWduPUxlZ2lzbGFjaSVDMyVCM24lMjBTZW1hbmFsJTIwMTIlMjBhJTIwMTYlMjBkZSUyMEVuZXJvJTIwZGUlMjAyMDI2JnV0bV9tZWRpdW09ZW1haWwmdXRtX3NvdXJjZT1NYWlsamV0\" href=\"https:\/\/go.abogacia.es\/lnk\/AXAAAIxN5iIAAc4delwAABAXVFoAAAAA0zoAAKFsABi_EgBpahXQAjKks4smTVW6kClXEOGtYgAYIRA\/4\/sweNtCHdW6kdBqvkvB3GgA\/aHR0cHM6Ly93d3cuYm9lLmVzL2JvZS9kaWFzLzIwMjYvMDEvMTYvcGRmcy9CT0UtQS0yMDI2LTk0NS5wZGY_dXRtX2NhbXBhaWduPUxlZ2lzbGFjaSVDMyVCM24lMjBTZW1hbmFsJTIwMTIlMjBhJTIwMTYlMjBkZSUyMEVuZXJvJTIwZGUlMjAyMDI2JnV0bV9tZWRpdW09ZW1haWwmdXRtX3NvdXJjZT1NYWlsamV0\" target=\"_blank\" rel=\"noopener\" data-auth=\"NotApplicable\" data-linkindex=\"4\"><u>Presupuesto de la Comunidad Aut\u00f3noma de Andaluc\u00eda para el a\u00f1o 2026.<\/u><\/a><\/li><\/ul>\t\t\t\t\t\t\t\t<\/div>\n\t\t\t\t<\/div>\n\t\t\t\t<div class=\"elementor-element elementor-element-a1f1256 elementor-widget elementor-widget-heading\" data-id=\"a1f1256\" data-element_type=\"widget\" data-e-type=\"widget\" data-widget_type=\"heading.default\">\n\t\t\t\t<div class=\"elementor-widget-container\">\n\t\t\t\t\t<h5 class=\"elementor-heading-title elementor-size-default\">DIARIO OFICIAL DE LA UNI\u00d3N EUROPEA<\/h5>\t\t\t\t<\/div>\n\t\t\t\t<\/div>\n\t\t\t\t<div class=\"elementor-element elementor-element-3726c38 elementor-widget elementor-widget-heading\" data-id=\"3726c38\" data-element_type=\"widget\" data-e-type=\"widget\" data-widget_type=\"heading.default\">\n\t\t\t\t<div class=\"elementor-widget-container\">\n\t\t\t\t\t<h6 class=\"elementor-heading-title elementor-size-default\">Comunicaciones e informaciones<\/h6>\t\t\t\t<\/div>\n\t\t\t\t<\/div>\n\t\t\t\t<div class=\"elementor-element elementor-element-fbeb6ad elementor-widget elementor-widget-text-editor\" data-id=\"fbeb6ad\" data-element_type=\"widget\" data-e-type=\"widget\" data-widget_type=\"text-editor.default\">\n\t\t\t\t<div class=\"elementor-widget-container\">\n\t\t\t\t\t\t\t\t\t<ul><li><span data-olk-copy-source=\"MessageBody\">Resoluci\u00f3n del Comit\u00e9 Econ\u00f3mico y Social Europeo \u2014\u00a0<\/span><a class=\"x_link-build-content\" title=\"https:\/\/go.abogacia.es\/lnk\/AXAAAIxN5iIAAc4delwAABAXVFoAAAAA0zoAAKFsABi_EgBpahXQAjKks4smTVW6kClXEOGtYgAYIRA\/5\/ezy3O04II-mY4YwuUAJPEw\/aHR0cHM6Ly9ldXItbGV4LmV1cm9wYS5ldS9sZWdhbC1jb250ZW50L0VTL1RYVC9QREYvP3VyaT1PSjpDXzIwMjYwMDAwMiZ1dG1fY2FtcGFpZ249TGVnaXNsYWNpJUMzJUIzbiUyMFNlbWFuYWwlMjAxMiUyMGElMjAxNiUyMGRlJTIwRW5lcm8lMjBkZSUyMDIwMjYmdXRtX21lZGl1bT1lbWFpbCZ1dG1fc291cmNlPU1haWxqZXQ\" href=\"https:\/\/go.abogacia.es\/lnk\/AXAAAIxN5iIAAc4delwAABAXVFoAAAAA0zoAAKFsABi_EgBpahXQAjKks4smTVW6kClXEOGtYgAYIRA\/5\/ezy3O04II-mY4YwuUAJPEw\/aHR0cHM6Ly9ldXItbGV4LmV1cm9wYS5ldS9sZWdhbC1jb250ZW50L0VTL1RYVC9QREYvP3VyaT1PSjpDXzIwMjYwMDAwMiZ1dG1fY2FtcGFpZ249TGVnaXNsYWNpJUMzJUIzbiUyMFNlbWFuYWwlMjAxMiUyMGElMjAxNiUyMGRlJTIwRW5lcm8lMjBkZSUyMDIwMjYmdXRtX21lZGl1bT1lbWFpbCZ1dG1fc291cmNlPU1haWxqZXQ\" target=\"_blank\" rel=\"noopener\" data-auth=\"NotApplicable\" data-linkindex=\"5\"><u>Defender los valores de la UE y reforzar su futuro en el nuevo orden geopol\u00edtico.<\/u><\/a><\/li><li>Dictamen del Comit\u00e9 Econ\u00f3mico y Social Europeo \u2014\u00a0<a class=\"x_link-build-content\" title=\"https:\/\/go.abogacia.es\/lnk\/AXAAAIxN5iIAAc4delwAABAXVFoAAAAA0zoAAKFsABi_EgBpahXQAjKks4smTVW6kClXEOGtYgAYIRA\/6\/Fmj0xFVi4-mQK2veohP7ag\/aHR0cHM6Ly9ldXItbGV4LmV1cm9wYS5ldS9sZWdhbC1jb250ZW50L0VTL1RYVC9QREYvP3VyaT1PSjpDXzIwMjYwMDAwNSZ1dG1fY2FtcGFpZ249TGVnaXNsYWNpJUMzJUIzbiUyMFNlbWFuYWwlMjAxMiUyMGElMjAxNiUyMGRlJTIwRW5lcm8lMjBkZSUyMDIwMjYmdXRtX21lZGl1bT1lbWFpbCZ1dG1fc291cmNlPU1haWxqZXQ\" href=\"https:\/\/go.abogacia.es\/lnk\/AXAAAIxN5iIAAc4delwAABAXVFoAAAAA0zoAAKFsABi_EgBpahXQAjKks4smTVW6kClXEOGtYgAYIRA\/6\/Fmj0xFVi4-mQK2veohP7ag\/aHR0cHM6Ly9ldXItbGV4LmV1cm9wYS5ldS9sZWdhbC1jb250ZW50L0VTL1RYVC9QREYvP3VyaT1PSjpDXzIwMjYwMDAwNSZ1dG1fY2FtcGFpZ249TGVnaXNsYWNpJUMzJUIzbiUyMFNlbWFuYWwlMjAxMiUyMGElMjAxNiUyMGRlJTIwRW5lcm8lMjBkZSUyMDIwMjYmdXRtX21lZGl1bT1lbWFpbCZ1dG1fc291cmNlPU1haWxqZXQ\" target=\"_blank\" rel=\"noopener\" data-auth=\"NotApplicable\" data-linkindex=\"6\"><u>Interdependencias entre las aplicaciones de IA y los servicios de las profesiones liberales: responder a las necesidades sociales urgentes\u00a0<\/u><\/a>(Dictamen de iniciativa).<\/li><li>Dictamen del Comit\u00e9 Econ\u00f3mico y Social Europeo \u2014\u00a0<a class=\"x_link-build-content\" title=\"https:\/\/go.abogacia.es\/lnk\/AXAAAIxN5iIAAc4delwAABAXVFoAAAAA0zoAAKFsABi_EgBpahXQAjKks4smTVW6kClXEOGtYgAYIRA\/7\/4lfx73Ju6QAfygS-AVoqXw\/aHR0cHM6Ly9ldXItbGV4LmV1cm9wYS5ldS9sZWdhbC1jb250ZW50L0VTL1RYVC9QREYvP3VyaT1PSjpDXzIwMjYwMDAwNiZ1dG1fY2FtcGFpZ249TGVnaXNsYWNpJUMzJUIzbiUyMFNlbWFuYWwlMjAxMiUyMGElMjAxNiUyMGRlJTIwRW5lcm8lMjBkZSUyMDIwMjYmdXRtX21lZGl1bT1lbWFpbCZ1dG1fc291cmNlPU1haWxqZXQ\" href=\"https:\/\/go.abogacia.es\/lnk\/AXAAAIxN5iIAAc4delwAABAXVFoAAAAA0zoAAKFsABi_EgBpahXQAjKks4smTVW6kClXEOGtYgAYIRA\/7\/4lfx73Ju6QAfygS-AVoqXw\/aHR0cHM6Ly9ldXItbGV4LmV1cm9wYS5ldS9sZWdhbC1jb250ZW50L0VTL1RYVC9QREYvP3VyaT1PSjpDXzIwMjYwMDAwNiZ1dG1fY2FtcGFpZ249TGVnaXNsYWNpJUMzJUIzbiUyMFNlbWFuYWwlMjAxMiUyMGElMjAxNiUyMGRlJTIwRW5lcm8lMjBkZSUyMDIwMjYmdXRtX21lZGl1bT1lbWFpbCZ1dG1fc291cmNlPU1haWxqZXQ\" target=\"_blank\" rel=\"noopener\" data-auth=\"NotApplicable\" data-linkindex=\"7\"><u>Llamamiento a favor de una competencia leal en lo que respecta a las plataformas de terceros pa\u00edses<\/u><\/a>\u00a0(Dictamen de iniciativa).<\/li><li>Dictamen del Comit\u00e9 Econ\u00f3mico y Social Europeo \u2014\u00a0<a class=\"x_link-build-content\" title=\"https:\/\/go.abogacia.es\/lnk\/AXAAAIxN5iIAAc4delwAABAXVFoAAAAA0zoAAKFsABi_EgBpahXQAjKks4smTVW6kClXEOGtYgAYIRA\/8\/QRzeA0Dr3sSX3hqnrOihtA\/aHR0cHM6Ly9ldXItbGV4LmV1cm9wYS5ldS9sZWdhbC1jb250ZW50L0VTL1RYVC9QREYvP3VyaT1PSjpDXzIwMjYwMDAwNyZ1dG1fY2FtcGFpZ249TGVnaXNsYWNpJUMzJUIzbiUyMFNlbWFuYWwlMjAxMiUyMGElMjAxNiUyMGRlJTIwRW5lcm8lMjBkZSUyMDIwMjYmdXRtX21lZGl1bT1lbWFpbCZ1dG1fc291cmNlPU1haWxqZXQ\" href=\"https:\/\/go.abogacia.es\/lnk\/AXAAAIxN5iIAAc4delwAABAXVFoAAAAA0zoAAKFsABi_EgBpahXQAjKks4smTVW6kClXEOGtYgAYIRA\/8\/QRzeA0Dr3sSX3hqnrOihtA\/aHR0cHM6Ly9ldXItbGV4LmV1cm9wYS5ldS9sZWdhbC1jb250ZW50L0VTL1RYVC9QREYvP3VyaT1PSjpDXzIwMjYwMDAwNyZ1dG1fY2FtcGFpZ249TGVnaXNsYWNpJUMzJUIzbiUyMFNlbWFuYWwlMjAxMiUyMGElMjAxNiUyMGRlJTIwRW5lcm8lMjBkZSUyMDIwMjYmdXRtX21lZGl1bT1lbWFpbCZ1dG1fc291cmNlPU1haWxqZXQ\" target=\"_blank\" rel=\"noopener\" data-auth=\"NotApplicable\" data-linkindex=\"8\"><u>Refuerzo del control del cumplimiento de las normas del mercado \u00fanico: revisi\u00f3n de los instrumentos y el marco actuales<\/u><\/a>\u00a0(Dictamen de iniciativa).<\/li><li>Dictamen del Comit\u00e9 Econ\u00f3mico y Social Europeo \u2014\u00a0<a class=\"x_link-build-content\" title=\"https:\/\/go.abogacia.es\/lnk\/AXAAAIxN5iIAAc4delwAABAXVFoAAAAA0zoAAKFsABi_EgBpahXQAjKks4smTVW6kClXEOGtYgAYIRA\/9\/319AeMGHK7YJ-uWGu-q2kw\/aHR0cHM6Ly9ldXItbGV4LmV1cm9wYS5ldS9sZWdhbC1jb250ZW50L0VTL1RYVC9QREYvP3VyaT1PSjpDXzIwMjYwMDAyMSZ1dG1fY2FtcGFpZ249TGVnaXNsYWNpJUMzJUIzbiUyMFNlbWFuYWwlMjAxMiUyMGElMjAxNiUyMGRlJTIwRW5lcm8lMjBkZSUyMDIwMjYmdXRtX21lZGl1bT1lbWFpbCZ1dG1fc291cmNlPU1haWxqZXQ\" href=\"https:\/\/go.abogacia.es\/lnk\/AXAAAIxN5iIAAc4delwAABAXVFoAAAAA0zoAAKFsABi_EgBpahXQAjKks4smTVW6kClXEOGtYgAYIRA\/9\/319AeMGHK7YJ-uWGu-q2kw\/aHR0cHM6Ly9ldXItbGV4LmV1cm9wYS5ldS9sZWdhbC1jb250ZW50L0VTL1RYVC9QREYvP3VyaT1PSjpDXzIwMjYwMDAyMSZ1dG1fY2FtcGFpZ249TGVnaXNsYWNpJUMzJUIzbiUyMFNlbWFuYWwlMjAxMiUyMGElMjAxNiUyMGRlJTIwRW5lcm8lMjBkZSUyMDIwMjYmdXRtX21lZGl1bT1lbWFpbCZ1dG1fc291cmNlPU1haWxqZXQ\" target=\"_blank\" rel=\"noopener\" data-auth=\"NotApplicable\" data-linkindex=\"9\"><u>Un nuevo impulso al marco de financiaci\u00f3n sostenible de la UE<\/u><\/a>\u00a0(Dictamen exploratorio solicitado por la Presidencia danesa).<\/li><li>Dictamen del Comit\u00e9 Econ\u00f3mico y Social Europeo \u2014\u00a0<a class=\"x_link-build-content\" title=\"https:\/\/go.abogacia.es\/lnk\/AXAAAIxN5iIAAc4delwAABAXVFoAAAAA0zoAAKFsABi_EgBpahXQAjKks4smTVW6kClXEOGtYgAYIRA\/10\/M1-pvZA7hylrrJ5gxhozSg\/aHR0cHM6Ly9ldXItbGV4LmV1cm9wYS5ldS9sZWdhbC1jb250ZW50L0VTL1RYVC9QREYvP3VyaT1PSjpDXzIwMjYwMDAyNCZ1dG1fY2FtcGFpZ249TGVnaXNsYWNpJUMzJUIzbiUyMFNlbWFuYWwlMjAxMiUyMGElMjAxNiUyMGRlJTIwRW5lcm8lMjBkZSUyMDIwMjYmdXRtX21lZGl1bT1lbWFpbCZ1dG1fc291cmNlPU1haWxqZXQ\" href=\"https:\/\/go.abogacia.es\/lnk\/AXAAAIxN5iIAAc4delwAABAXVFoAAAAA0zoAAKFsABi_EgBpahXQAjKks4smTVW6kClXEOGtYgAYIRA\/10\/M1-pvZA7hylrrJ5gxhozSg\/aHR0cHM6Ly9ldXItbGV4LmV1cm9wYS5ldS9sZWdhbC1jb250ZW50L0VTL1RYVC9QREYvP3VyaT1PSjpDXzIwMjYwMDAyNCZ1dG1fY2FtcGFpZ249TGVnaXNsYWNpJUMzJUIzbiUyMFNlbWFuYWwlMjAxMiUyMGElMjAxNiUyMGRlJTIwRW5lcm8lMjBkZSUyMDIwMjYmdXRtX21lZGl1bT1lbWFpbCZ1dG1fc291cmNlPU1haWxqZXQ\" target=\"_blank\" rel=\"noopener\" data-auth=\"NotApplicable\" data-linkindex=\"10\"><u>Inteligencia artificial, macrodatos y enfermedades raras<\/u><\/a>\u00a0(Dictamen exploratorio solicitado por la Presidencia danesa del Consejo de la UE).<\/li><li>Dictamen del Comit\u00e9 Econ\u00f3mico y Social Europeo \u2014\u00a0<a class=\"x_link-build-content\" title=\"https:\/\/go.abogacia.es\/lnk\/AXAAAIxN5iIAAc4delwAABAXVFoAAAAA0zoAAKFsABi_EgBpahXQAjKks4smTVW6kClXEOGtYgAYIRA\/11\/SiXdGyjj-QLv3io3aBtb7w\/aHR0cHM6Ly9ldXItbGV4LmV1cm9wYS5ldS9sZWdhbC1jb250ZW50L0VTL1RYVC9QREYvP3VyaT1PSjpDXzIwMjYwMDAyNSZ1dG1fY2FtcGFpZ249TGVnaXNsYWNpJUMzJUIzbiUyMFNlbWFuYWwlMjAxMiUyMGElMjAxNiUyMGRlJTIwRW5lcm8lMjBkZSUyMDIwMjYmdXRtX21lZGl1bT1lbWFpbCZ1dG1fc291cmNlPU1haWxqZXQ\" href=\"https:\/\/go.abogacia.es\/lnk\/AXAAAIxN5iIAAc4delwAABAXVFoAAAAA0zoAAKFsABi_EgBpahXQAjKks4smTVW6kClXEOGtYgAYIRA\/11\/SiXdGyjj-QLv3io3aBtb7w\/aHR0cHM6Ly9ldXItbGV4LmV1cm9wYS5ldS9sZWdhbC1jb250ZW50L0VTL1RYVC9QREYvP3VyaT1PSjpDXzIwMjYwMDAyNSZ1dG1fY2FtcGFpZ249TGVnaXNsYWNpJUMzJUIzbiUyMFNlbWFuYWwlMjAxMiUyMGElMjAxNiUyMGRlJTIwRW5lcm8lMjBkZSUyMDIwMjYmdXRtX21lZGl1bT1lbWFpbCZ1dG1fc291cmNlPU1haWxqZXQ\" target=\"_blank\" rel=\"noopener\" data-auth=\"NotApplicable\" data-linkindex=\"11\"><u>Escudo Europeo de la Democracia<\/u><\/a>\u00a0(Dictamen exploratorio solicitado por la Presidencia danesa del Consejo de la UE) \u2014 Comunicaci\u00f3n de la Comisi\u00f3n al Parlamento Europeo, al Consejo, al Comit\u00e9 Econ\u00f3mico y Social Europeo y al Comit\u00e9 de las Regiones sobre el Escudo Europeo de la Democracia [tal como se anunci\u00f3 en la Comunicaci\u00f3n de la Comisi\u00f3n al Parlamento Europeo, al Consejo, al Comit\u00e9 Econ\u00f3mico y Social Europeo y al Comit\u00e9 de las Regiones \u2014 Programa de trabajo de la Comisi\u00f3n para 2025) [COM(2025) 45 final]].<\/li><li>Dictamen del Comit\u00e9 Econ\u00f3mico y Social Europeo \u2014\u00a0<a class=\"x_link-build-content\" title=\"https:\/\/go.abogacia.es\/lnk\/AXAAAIxN5iIAAc4delwAABAXVFoAAAAA0zoAAKFsABi_EgBpahXQAjKks4smTVW6kClXEOGtYgAYIRA\/12\/J-NrjScNt6tTS2LlisSYqQ\/aHR0cHM6Ly9ldXItbGV4LmV1cm9wYS5ldS9sZWdhbC1jb250ZW50L0VTL1RYVC9QREYvP3VyaT1PSjpDXzIwMjYwMDAyNiZ1dG1fY2FtcGFpZ249TGVnaXNsYWNpJUMzJUIzbiUyMFNlbWFuYWwlMjAxMiUyMGElMjAxNiUyMGRlJTIwRW5lcm8lMjBkZSUyMDIwMjYmdXRtX21lZGl1bT1lbWFpbCZ1dG1fc291cmNlPU1haWxqZXQ\" href=\"https:\/\/go.abogacia.es\/lnk\/AXAAAIxN5iIAAc4delwAABAXVFoAAAAA0zoAAKFsABi_EgBpahXQAjKks4smTVW6kClXEOGtYgAYIRA\/12\/J-NrjScNt6tTS2LlisSYqQ\/aHR0cHM6Ly9ldXItbGV4LmV1cm9wYS5ldS9sZWdhbC1jb250ZW50L0VTL1RYVC9QREYvP3VyaT1PSjpDXzIwMjYwMDAyNiZ1dG1fY2FtcGFpZ249TGVnaXNsYWNpJUMzJUIzbiUyMFNlbWFuYWwlMjAxMiUyMGElMjAxNiUyMGRlJTIwRW5lcm8lMjBkZSUyMDIwMjYmdXRtX21lZGl1bT1lbWFpbCZ1dG1fc291cmNlPU1haWxqZXQ\" target=\"_blank\" rel=\"noopener\" data-auth=\"NotApplicable\" data-linkindex=\"12\"><u>Por un plan europeo de vivienda asequible: la contribuci\u00f3n de la sociedad civil\u00a0<\/u><\/a>(Dictamen exploratorio solicitado por la Presidencia danesa del Consejo de la UE).<\/li><li>Dictamen del Comit\u00e9 Econ\u00f3mico y Social Europeo \u2014\u00a0<a class=\"x_link-build-content\" title=\"https:\/\/go.abogacia.es\/lnk\/AXAAAIxN5iIAAc4delwAABAXVFoAAAAA0zoAAKFsABi_EgBpahXQAjKks4smTVW6kClXEOGtYgAYIRA\/13\/8F-WqEFxWB1FA1eHdundEQ\/aHR0cHM6Ly9ldXItbGV4LmV1cm9wYS5ldS9sZWdhbC1jb250ZW50L0VTL1RYVC9QREYvP3VyaT1PSjpDXzIwMjYwMDAyNyZ1dG1fY2FtcGFpZ249TGVnaXNsYWNpJUMzJUIzbiUyMFNlbWFuYWwlMjAxMiUyMGElMjAxNiUyMGRlJTIwRW5lcm8lMjBkZSUyMDIwMjYmdXRtX21lZGl1bT1lbWFpbCZ1dG1fc291cmNlPU1haWxqZXQ\" href=\"https:\/\/go.abogacia.es\/lnk\/AXAAAIxN5iIAAc4delwAABAXVFoAAAAA0zoAAKFsABi_EgBpahXQAjKks4smTVW6kClXEOGtYgAYIRA\/13\/8F-WqEFxWB1FA1eHdundEQ\/aHR0cHM6Ly9ldXItbGV4LmV1cm9wYS5ldS9sZWdhbC1jb250ZW50L0VTL1RYVC9QREYvP3VyaT1PSjpDXzIwMjYwMDAyNyZ1dG1fY2FtcGFpZ249TGVnaXNsYWNpJUMzJUIzbiUyMFNlbWFuYWwlMjAxMiUyMGElMjAxNiUyMGRlJTIwRW5lcm8lMjBkZSUyMDIwMjYmdXRtX21lZGl1bT1lbWFpbCZ1dG1fc291cmNlPU1haWxqZXQ\" target=\"_blank\" rel=\"noopener\" data-auth=\"NotApplicable\" data-linkindex=\"13\"><u>Paquete de energ\u00eda para la ciudadan\u00eda: participaci\u00f3n ciudadana, comunidades de energ\u00eda y prosumerismo<\/u><\/a>\u00a0(Dictamen exploratorio solicitado por la Comisi\u00f3n Europea).<\/li><\/ul>\t\t\t\t\t\t\t\t<\/div>\n\t\t\t\t<\/div>\n\t\t\t\t<div class=\"elementor-element elementor-element-85683e9 elementor-widget elementor-widget-heading\" data-id=\"85683e9\" data-element_type=\"widget\" data-e-type=\"widget\" data-widget_type=\"heading.default\">\n\t\t\t\t<div class=\"elementor-widget-container\">\n\t\t\t\t\t<h5 class=\"elementor-heading-title elementor-size-default\">CONSEJO DE MINISTROS<\/h5>\t\t\t\t<\/div>\n\t\t\t\t<\/div>\n\t\t\t\t<div class=\"elementor-element elementor-element-58b8904 elementor-widget elementor-widget-heading\" data-id=\"58b8904\" data-element_type=\"widget\" data-e-type=\"widget\" data-widget_type=\"heading.default\">\n\t\t\t\t<div class=\"elementor-widget-container\">\n\t\t\t\t\t<h6 class=\"elementor-heading-title elementor-size-default\">Presidencia, Justicia y Relaciones con las Cortes<\/h6>\t\t\t\t<\/div>\n\t\t\t\t<\/div>\n\t\t\t\t<div class=\"elementor-element elementor-element-9d71108 elementor-widget elementor-widget-text-editor\" data-id=\"9d71108\" data-element_type=\"widget\" data-e-type=\"widget\" data-widget_type=\"text-editor.default\">\n\t\t\t\t<div class=\"elementor-widget-container\">\n\t\t\t\t\t\t\t\t\t<ul><li><a class=\"x_link-build-content\" title=\"https:\/\/go.abogacia.es\/lnk\/AXAAAIxN5iIAAc4delwAABAXVFoAAAAA0zoAAKFsABi_EgBpahXQAjKks4smTVW6kClXEOGtYgAYIRA\/14\/hTbAEnvEXK877oXq7FylhQ\/aHR0cHM6Ly93d3cubGFtb25jbG9hLmdvYi5lcy9jb25zZWpvZGVtaW5pc3Ryb3MvcmVmZXJlbmNpYXMvUGFnaW5hcy8yMDI2LzIwMjYwMTEzLXJlZmVyZW5jaWEtcnVlZGEtZGUtcHJlbnNhLW1pbmlzdHJvcy5hc3B4P3V0bV9jYW1wYWlnbj1MZWdpc2xhY2klQzMlQjNuJTIwU2VtYW5hbCUyMDEyJTIwYSUyMDE2JTIwZGUlMjBFbmVybyUyMGRlJTIwMjAyNiZ1dG1fbWVkaXVtPWVtYWlsJnV0bV9zb3VyY2U9TWFpbGpldCNyZWN0aWZpY2FjaW9u#rectificacion\" href=\"https:\/\/go.abogacia.es\/lnk\/AXAAAIxN5iIAAc4delwAABAXVFoAAAAA0zoAAKFsABi_EgBpahXQAjKks4smTVW6kClXEOGtYgAYIRA\/14\/hTbAEnvEXK877oXq7FylhQ\/aHR0cHM6Ly93d3cubGFtb25jbG9hLmdvYi5lcy9jb25zZWpvZGVtaW5pc3Ryb3MvcmVmZXJlbmNpYXMvUGFnaW5hcy8yMDI2LzIwMjYwMTEzLXJlZmVyZW5jaWEtcnVlZGEtZGUtcHJlbnNhLW1pbmlzdHJvcy5hc3B4P3V0bV9jYW1wYWlnbj1MZWdpc2xhY2klQzMlQjNuJTIwU2VtYW5hbCUyMDEyJTIwYSUyMDE2JTIwZGUlMjBFbmVybyUyMGRlJTIwMjAyNiZ1dG1fbWVkaXVtPWVtYWlsJnV0bV9zb3VyY2U9TWFpbGpldCNyZWN0aWZpY2FjaW9u#rectificacion\" target=\"_blank\" rel=\"noopener\" data-auth=\"NotApplicable\" data-linkindex=\"14\"><u data-olk-copy-source=\"MessageBody\">Proyecto de Ley Org\u00e1nica reguladora del derecho de rectificaci\u00f3n.<\/u><\/a><\/li><li>Anteproyecto de Ley Org\u00e1nica de\u00a0<a class=\"x_link-build-content\" title=\"https:\/\/go.abogacia.es\/lnk\/AXAAAIxN5iIAAc4delwAABAXVFoAAAAA0zoAAKFsABi_EgBpahXQAjKks4smTVW6kClXEOGtYgAYIRA\/15\/g_4O55AB5bOeov1Y31vBcw\/aHR0cHM6Ly93d3cubGFtb25jbG9hLmdvYi5lcy9jb25zZWpvZGVtaW5pc3Ryb3MvcmVmZXJlbmNpYXMvUGFnaW5hcy8yMDI2LzIwMjYwMTEzLXJlZmVyZW5jaWEtcnVlZGEtZGUtcHJlbnNhLW1pbmlzdHJvcy5hc3B4P3V0bV9jYW1wYWlnbj1MZWdpc2xhY2klQzMlQjNuJTIwU2VtYW5hbCUyMDEyJTIwYSUyMDE2JTIwZGUlMjBFbmVybyUyMGRlJTIwMjAyNiZ1dG1fbWVkaXVtPWVtYWlsJnV0bV9zb3VyY2U9TWFpbGpldCNob25vcg#honor\" href=\"https:\/\/go.abogacia.es\/lnk\/AXAAAIxN5iIAAc4delwAABAXVFoAAAAA0zoAAKFsABi_EgBpahXQAjKks4smTVW6kClXEOGtYgAYIRA\/15\/g_4O55AB5bOeov1Y31vBcw\/aHR0cHM6Ly93d3cubGFtb25jbG9hLmdvYi5lcy9jb25zZWpvZGVtaW5pc3Ryb3MvcmVmZXJlbmNpYXMvUGFnaW5hcy8yMDI2LzIwMjYwMTEzLXJlZmVyZW5jaWEtcnVlZGEtZGUtcHJlbnNhLW1pbmlzdHJvcy5hc3B4P3V0bV9jYW1wYWlnbj1MZWdpc2xhY2klQzMlQjNuJTIwU2VtYW5hbCUyMDEyJTIwYSUyMDE2JTIwZGUlMjBFbmVybyUyMGRlJTIwMjAyNiZ1dG1fbWVkaXVtPWVtYWlsJnV0bV9zb3VyY2U9TWFpbGpldCNob25vcg#honor\" target=\"_blank\" rel=\"noopener\" data-auth=\"NotApplicable\" data-linkindex=\"15\"><u>protecci\u00f3n civil del derecho al honor, a la intimidad personal y familiar y a la propia imagen<\/u><\/a>, a los efectos previstos en el art\u00edculo 26.4 de la Ley 50\/1997, de 27 de noviembre, del Gobierno.<\/li><\/ul>\t\t\t\t\t\t\t\t<\/div>\n\t\t\t\t<\/div>\n\t\t\t\t<div class=\"elementor-element elementor-element-42281ad elementor-widget elementor-widget-heading\" data-id=\"42281ad\" data-element_type=\"widget\" data-e-type=\"widget\" data-widget_type=\"heading.default\">\n\t\t\t\t<div class=\"elementor-widget-container\">\n\t\t\t\t\t<h6 class=\"elementor-heading-title elementor-size-default\">Econom\u00eda, Comercio y Empresa<\/h6>\t\t\t\t<\/div>\n\t\t\t\t<\/div>\n\t\t\t\t<div class=\"elementor-element elementor-element-eba72fa elementor-widget elementor-widget-text-editor\" data-id=\"eba72fa\" data-element_type=\"widget\" data-e-type=\"widget\" data-widget_type=\"text-editor.default\">\n\t\t\t\t<div class=\"elementor-widget-container\">\n\t\t\t\t\t\t\t\t\t<ul><li><a class=\"x_link-build-content\" title=\"https:\/\/go.abogacia.es\/lnk\/AXAAAIxN5iIAAc4delwAABAXVFoAAAAA0zoAAKFsABi_EgBpahXQAjKks4smTVW6kClXEOGtYgAYIRA\/16\/qu5fdCyxptFExpT6lHN36g\/aHR0cHM6Ly93d3cubGFtb25jbG9hLmdvYi5lcy9jb25zZWpvZGVtaW5pc3Ryb3MvcmVmZXJlbmNpYXMvUGFnaW5hcy8yMDI2LzIwMjYwMTEzLXJlZmVyZW5jaWEtcnVlZGEtZGUtcHJlbnNhLW1pbmlzdHJvcy5hc3B4P3V0bV9jYW1wYWlnbj1MZWdpc2xhY2klQzMlQjNuJTIwU2VtYW5hbCUyMDEyJTIwYSUyMDE2JTIwZGUlMjBFbmVybyUyMGRlJTIwMjAyNiZ1dG1fbWVkaXVtPWVtYWlsJnV0bV9zb3VyY2U9TWFpbGpldCNhc2VndXJhZG9yYXM#aseguradoras\" href=\"https:\/\/go.abogacia.es\/lnk\/AXAAAIxN5iIAAc4delwAABAXVFoAAAAA0zoAAKFsABi_EgBpahXQAjKks4smTVW6kClXEOGtYgAYIRA\/16\/qu5fdCyxptFExpT6lHN36g\/aHR0cHM6Ly93d3cubGFtb25jbG9hLmdvYi5lcy9jb25zZWpvZGVtaW5pc3Ryb3MvcmVmZXJlbmNpYXMvUGFnaW5hcy8yMDI2LzIwMjYwMTEzLXJlZmVyZW5jaWEtcnVlZGEtZGUtcHJlbnNhLW1pbmlzdHJvcy5hc3B4P3V0bV9jYW1wYWlnbj1MZWdpc2xhY2klQzMlQjNuJTIwU2VtYW5hbCUyMDEyJTIwYSUyMDE2JTIwZGUlMjBFbmVybyUyMGRlJTIwMjAyNiZ1dG1fbWVkaXVtPWVtYWlsJnV0bV9zb3VyY2U9TWFpbGpldCNhc2VndXJhZG9yYXM#aseguradoras\" target=\"_blank\" rel=\"noopener\" data-auth=\"NotApplicable\" data-linkindex=\"16\"><u data-olk-copy-source=\"MessageBody\">Anteproyecto de Ley de Recuperaci\u00f3n y Resoluci\u00f3n de Entidades Aseguradoras y Reaseguradoras,\u00a0<\/u><\/a>a los efectos previstos en el art\u00edculo 26.4 de la Ley 50\/1997, de 27 de noviembre, del Gobierno.<\/li><\/ul>\t\t\t\t\t\t\t\t<\/div>\n\t\t\t\t<\/div>\n\t\t\t\t<div class=\"elementor-element elementor-element-fb7e287 elementor-widget elementor-widget-heading\" data-id=\"fb7e287\" data-element_type=\"widget\" data-e-type=\"widget\" data-widget_type=\"heading.default\">\n\t\t\t\t<div class=\"elementor-widget-container\">\n\t\t\t\t\t<h5 class=\"elementor-heading-title elementor-size-default\">AUDIENCIA E INFORMACI\u00d3N P\u00daBLICA<\/h5>\t\t\t\t<\/div>\n\t\t\t\t<\/div>\n\t\t\t\t<div class=\"elementor-element elementor-element-c44ae54 elementor-widget elementor-widget-heading\" data-id=\"c44ae54\" data-element_type=\"widget\" data-e-type=\"widget\" data-widget_type=\"heading.default\">\n\t\t\t\t<div class=\"elementor-widget-container\">\n\t\t\t\t\t<h6 class=\"elementor-heading-title elementor-size-default\">Ministerio de la Presidencia, Justicia y relaciones con las Cortes<\/h6>\t\t\t\t<\/div>\n\t\t\t\t<\/div>\n\t\t\t\t<div class=\"elementor-element elementor-element-08c10e6 elementor-widget elementor-widget-text-editor\" data-id=\"08c10e6\" data-element_type=\"widget\" data-e-type=\"widget\" data-widget_type=\"text-editor.default\">\n\t\t\t\t<div class=\"elementor-widget-container\">\n\t\t\t\t\t\t\t\t\t<ul><li><span data-olk-copy-source=\"MessageBody\">Anteproyecto de Ley Org\u00e1nica de\u00a0<\/span><a class=\"x_link-build-content\" title=\"https:\/\/go.abogacia.es\/lnk\/AXAAAIxN5iIAAc4delwAABAXVFoAAAAA0zoAAKFsABi_EgBpahXQAjKks4smTVW6kClXEOGtYgAYIRA\/17\/DKz7_oDLYKCluIHR4b-zBg\/aHR0cHM6Ly93d3cubXByLmdvYi5lcy9zZXJ2aWNpb3MvcGFydGljaXBhY2lvbi9hdWRpZW5jaWFwdWJsaWNhL1BhZ2luYXMvMjAyNi8yMDI1LTEyMDYlMjBBUExPJTIwSG9ub3IvYW50ZXByb3llY3RvLWRlLWxleS1vcmctbmljYS1kZS1wcm90ZWNjaS1uLWNpdmlsLWQuYXNweD91dG1fY2FtcGFpZ249TGVnaXNsYWNpJUMzJUIzbiUyMFNlbWFuYWwlMjAxMiUyMGElMjAxNiUyMGRlJTIwRW5lcm8lMjBkZSUyMDIwMjYmdXRtX21lZGl1bT1lbWFpbCZ1dG1fc291cmNlPU1haWxqZXQ\" href=\"https:\/\/go.abogacia.es\/lnk\/AXAAAIxN5iIAAc4delwAABAXVFoAAAAA0zoAAKFsABi_EgBpahXQAjKks4smTVW6kClXEOGtYgAYIRA\/17\/DKz7_oDLYKCluIHR4b-zBg\/aHR0cHM6Ly93d3cubXByLmdvYi5lcy9zZXJ2aWNpb3MvcGFydGljaXBhY2lvbi9hdWRpZW5jaWFwdWJsaWNhL1BhZ2luYXMvMjAyNi8yMDI1LTEyMDYlMjBBUExPJTIwSG9ub3IvYW50ZXByb3llY3RvLWRlLWxleS1vcmctbmljYS1kZS1wcm90ZWNjaS1uLWNpdmlsLWQuYXNweD91dG1fY2FtcGFpZ249TGVnaXNsYWNpJUMzJUIzbiUyMFNlbWFuYWwlMjAxMiUyMGElMjAxNiUyMGRlJTIwRW5lcm8lMjBkZSUyMDIwMjYmdXRtX21lZGl1bT1lbWFpbCZ1dG1fc291cmNlPU1haWxqZXQ\" target=\"_blank\" rel=\"noopener\" data-auth=\"NotApplicable\" data-linkindex=\"17\"><u>protecci\u00f3n civil del derecho al honor, a la intimidad personal y familiar y a la propia imagen<\/u><\/a>.<\/li><\/ul>\t\t\t\t\t\t\t\t<\/div>\n\t\t\t\t<\/div>\n\t\t\t\t<div class=\"elementor-element elementor-element-de08d77 elementor-widget elementor-widget-heading\" data-id=\"de08d77\" data-element_type=\"widget\" data-e-type=\"widget\" data-widget_type=\"heading.default\">\n\t\t\t\t<div class=\"elementor-widget-container\">\n\t\t\t\t\t<h6 class=\"elementor-heading-title elementor-size-default\">Ministerio de Igualdad<\/h6>\t\t\t\t<\/div>\n\t\t\t\t<\/div>\n\t\t\t\t<div class=\"elementor-element elementor-element-52ecb9c elementor-widget elementor-widget-text-editor\" data-id=\"52ecb9c\" data-element_type=\"widget\" data-e-type=\"widget\" data-widget_type=\"text-editor.default\">\n\t\t\t\t<div class=\"elementor-widget-container\">\n\t\t\t\t\t\t\t\t\t<ul><li><span data-olk-copy-source=\"MessageBody\">Audiencia e informaci\u00f3n p\u00fablica de la Orden por la que se modifica la Orden IGD\/239\/2022, de 25 de marzo, por la que se aprueban las bases reguladoras para la\u00a0<\/span><a class=\"x_link-build-content\" title=\"https:\/\/go.abogacia.es\/lnk\/AXAAAIxN5iIAAc4delwAABAXVFoAAAAA0zoAAKFsABi_EgBpahXQAjKks4smTVW6kClXEOGtYgAYIRA\/18\/EHhw47CFJrBgurRyI5JLGw\/aHR0cHM6Ly93d3cuaWd1YWxkYWQuZ29iLmVzL3NlcnZpY2lvcy9wYXJ0aWNpcGFjaW9uL2F1ZGllbmNpYXB1YmxpY2EvYXVkaWVuY2lhLWUtaW5mb3JtYWNpb24tcHVibGljYS1kZS1sYS1vcmRlbi1wb3ItbGEtcXVlLXNlLW1vZGlmaWNhLWxhLW9yZGVuLWlnZC0yMzktMjAyMi1kZS0yNS1kZS1tYXJ6by1wb3ItbGEtcXVlLXNlLWFwcnVlYmFuLWxhcy1iYXNlcy1yZWd1bGFkb3Jhcy1wYXJhLWxhLWNvbmNlc2lvbi1kZS1zdWJ2ZW5jaW9uZXMtcHVibGljYXMtZW4tcmUvP3V0bV9jYW1wYWlnbj1MZWdpc2xhY2klQzMlQjNuJTIwU2VtYW5hbCUyMDEyJTIwYSUyMDE2JTIwZGUlMjBFbmVybyUyMGRlJTIwMjAyNiZ1dG1fbWVkaXVtPWVtYWlsJnV0bV9zb3VyY2U9TWFpbGpldA\" href=\"https:\/\/go.abogacia.es\/lnk\/AXAAAIxN5iIAAc4delwAABAXVFoAAAAA0zoAAKFsABi_EgBpahXQAjKks4smTVW6kClXEOGtYgAYIRA\/18\/EHhw47CFJrBgurRyI5JLGw\/aHR0cHM6Ly93d3cuaWd1YWxkYWQuZ29iLmVzL3NlcnZpY2lvcy9wYXJ0aWNpcGFjaW9uL2F1ZGllbmNpYXB1YmxpY2EvYXVkaWVuY2lhLWUtaW5mb3JtYWNpb24tcHVibGljYS1kZS1sYS1vcmRlbi1wb3ItbGEtcXVlLXNlLW1vZGlmaWNhLWxhLW9yZGVuLWlnZC0yMzktMjAyMi1kZS0yNS1kZS1tYXJ6by1wb3ItbGEtcXVlLXNlLWFwcnVlYmFuLWxhcy1iYXNlcy1yZWd1bGFkb3Jhcy1wYXJhLWxhLWNvbmNlc2lvbi1kZS1zdWJ2ZW5jaW9uZXMtcHVibGljYXMtZW4tcmUvP3V0bV9jYW1wYWlnbj1MZWdpc2xhY2klQzMlQjNuJTIwU2VtYW5hbCUyMDEyJTIwYSUyMDE2JTIwZGUlMjBFbmVybyUyMGRlJTIwMjAyNiZ1dG1fbWVkaXVtPWVtYWlsJnV0bV9zb3VyY2U9TWFpbGpldA\" target=\"_blank\" rel=\"noopener\" data-auth=\"NotApplicable\" data-linkindex=\"18\"><u>concesi\u00f3n de subvenciones p\u00fablicas, en r\u00e9gimen de concurrencia competitiva, destinadas a programas y proyectos de concienciaci\u00f3n, prevenci\u00f3n e investigaci\u00f3n de las distintas formas de violencia contra las mujeres.<\/u><\/a><\/li><li>Audiencia e informaci\u00f3n p\u00fablica de la Orden por la que se modifica la Orden IGD\/183\/2024, de 28 de febrero, por la que se aprueban las bases reguladoras para la\u00a0<a class=\"x_link-build-content\" title=\"https:\/\/go.abogacia.es\/lnk\/AXAAAIxN5iIAAc4delwAABAXVFoAAAAA0zoAAKFsABi_EgBpahXQAjKks4smTVW6kClXEOGtYgAYIRA\/19\/AE4FtfXcByikmlMuVfcSRA\/aHR0cHM6Ly93d3cuaWd1YWxkYWQuZ29iLmVzL3NlcnZpY2lvcy9wYXJ0aWNpcGFjaW9uL2F1ZGllbmNpYXB1YmxpY2EvYXVkaWVuY2lhLWUtaW5mb3JtYWNpb24tcHVibGljYS1kZS1sYS1vcmRlbi1wb3ItbGEtcXVlLXNlLW1vZGlmaWNhLWxhLW9yZGVuLWlnZC0xODMtMjAyNC1kZS0yOC1kZS1mZWJyZXJvLXBvci1sYS1xdWUtc2UtYXBydWViYW4tbGFzLWJhc2VzLXJlZ3VsYWRvcmFzLXBhcmEtbGEtY29uY2VzaW9uLWRlLXN1YnZlbmNpb25lcy1wdWJsaWNhcy1lbi8_dXRtX2NhbXBhaWduPUxlZ2lzbGFjaSVDMyVCM24lMjBTZW1hbmFsJTIwMTIlMjBhJTIwMTYlMjBkZSUyMEVuZXJvJTIwZGUlMjAyMDI2JnV0bV9tZWRpdW09ZW1haWwmdXRtX3NvdXJjZT1NYWlsamV0\" href=\"https:\/\/go.abogacia.es\/lnk\/AXAAAIxN5iIAAc4delwAABAXVFoAAAAA0zoAAKFsABi_EgBpahXQAjKks4smTVW6kClXEOGtYgAYIRA\/19\/AE4FtfXcByikmlMuVfcSRA\/aHR0cHM6Ly93d3cuaWd1YWxkYWQuZ29iLmVzL3NlcnZpY2lvcy9wYXJ0aWNpcGFjaW9uL2F1ZGllbmNpYXB1YmxpY2EvYXVkaWVuY2lhLWUtaW5mb3JtYWNpb24tcHVibGljYS1kZS1sYS1vcmRlbi1wb3ItbGEtcXVlLXNlLW1vZGlmaWNhLWxhLW9yZGVuLWlnZC0xODMtMjAyNC1kZS0yOC1kZS1mZWJyZXJvLXBvci1sYS1xdWUtc2UtYXBydWViYW4tbGFzLWJhc2VzLXJlZ3VsYWRvcmFzLXBhcmEtbGEtY29uY2VzaW9uLWRlLXN1YnZlbmNpb25lcy1wdWJsaWNhcy1lbi8_dXRtX2NhbXBhaWduPUxlZ2lzbGFjaSVDMyVCM24lMjBTZW1hbmFsJTIwMTIlMjBhJTIwMTYlMjBkZSUyMEVuZXJvJTIwZGUlMjAyMDI2JnV0bV9tZWRpdW09ZW1haWwmdXRtX3NvdXJjZT1NYWlsamV0\" target=\"_blank\" rel=\"noopener\" data-auth=\"NotApplicable\" data-linkindex=\"19\"><u>concesi\u00f3n de subvenciones p\u00fablicas, en r\u00e9gimen de concurrencia competitiva, destinadas a proyectos de apoyo a mujeres y ni\u00f1as v\u00edctimas de trata de seres humanos con fines de explotaci\u00f3n sexual y sus hijos e hijas menores de edad o con discapacidad.<\/u><\/a><\/li><\/ul>\t\t\t\t\t\t\t\t<\/div>\n\t\t\t\t<\/div>\n\t\t\t\t\t<\/div>\n\t\t<\/div>\n\t\t\t\t\t<\/div>\n\t\t<\/section>\n\t\t\t\t<\/div>\n\t\t","protected":false},"excerpt":{"rendered":"<p>Legislaci\u00f3n Semanal &#8211; Del 12 al 16 de Enero de 2026 BOLET\u00cdN OFICIAL DEL ESTADO Disposiciones generales \/ Comunidad Aut\u00f3noma de Andaluc\u00eda Ley 6\/2025, de 22 de diciembre, del\u00a0Tercer Sector de Acci\u00f3n Social de Andaluc\u00eda. Ley 7\/2025, de 22 de diciembre, del\u00a0Patrimonio de la Comunidad Aut\u00f3noma de Andaluc\u00eda. Ley 8\/2025, de 22 de diciembre, del\u00a0Presupuesto [&hellip;]<\/p>\n","protected":false},"author":1,"featured_media":0,"comment_status":"open","ping_status":"open","sticky":false,"template":"","format":"standard","meta":{"footnotes":""},"categories":[1],"tags":[],"class_list":["post-18448","post","type-post","status-publish","format-standard","hentry","category-uncategorized"],"_links":{"self":[{"href":"https:\/\/cms.icacordoba.23sd.es\/index.php\/wp-json\/wp\/v2\/posts\/18448","targetHints":{"allow":["GET"]}}],"collection":[{"href":"https:\/\/cms.icacordoba.23sd.es\/index.php\/wp-json\/wp\/v2\/posts"}],"about":[{"href":"https:\/\/cms.icacordoba.23sd.es\/index.php\/wp-json\/wp\/v2\/types\/post"}],"author":[{"embeddable":true,"href":"https:\/\/cms.icacordoba.23sd.es\/index.php\/wp-json\/wp\/v2\/users\/1"}],"replies":[{"embeddable":true,"href":"https:\/\/cms.icacordoba.23sd.es\/index.php\/wp-json\/wp\/v2\/comments?post=18448"}],"version-history":[{"count":6,"href":"https:\/\/cms.icacordoba.23sd.es\/index.php\/wp-json\/wp\/v2\/posts\/18448\/revisions"}],"predecessor-version":[{"id":18458,"href":"https:\/\/cms.icacordoba.23sd.es\/index.php\/wp-json\/wp\/v2\/posts\/18448\/revisions\/18458"}],"wp:attachment":[{"href":"https:\/\/cms.icacordoba.23sd.es\/index.php\/wp-json\/wp\/v2\/media?parent=18448"}],"wp:term":[{"taxonomy":"category","embeddable":true,"href":"https:\/\/cms.icacordoba.23sd.es\/index.php\/wp-json\/wp\/v2\/categories?post=18448"},{"taxonomy":"post_tag","embeddable":true,"href":"https:\/\/cms.icacordoba.23sd.es\/index.php\/wp-json\/wp\/v2\/tags?post=18448"}],"curies":[{"name":"wp","href":"https:\/\/api.w.org\/{rel}","templated":true}]}}