{"id":18414,"date":"2026-01-16T09:34:03","date_gmt":"2026-01-16T09:34:03","guid":{"rendered":"https:\/\/cms.icacordoba.23sd.es\/index.php\/18414\/"},"modified":"2026-01-16T11:53:59","modified_gmt":"2026-01-16T11:53:59","slug":"noticia-cineforum-con-motivo-del-dia-europeo-de-la-mediacion","status":"publish","type":"post","link":"https:\/\/cms.icacordoba.23sd.es\/index.php\/18414\/","title":{"rendered":"NOTICIA \u00bb Cinef\u00f3rum con motivo del D\u00eda Europeo de la Mediaci\u00f3n"},"content":{"rendered":"\t\t<div data-elementor-type=\"wp-post\" data-elementor-id=\"18414\" class=\"elementor elementor-18414\" data-elementor-post-type=\"post\">\n\t\t\t\t\t\t<section class=\"elementor-section elementor-top-section elementor-element elementor-element-45931c5 elementor-section-full_width elementor-section-height-default elementor-section-height-default\" data-id=\"45931c5\" data-element_type=\"section\" data-e-type=\"section\">\n\t\t\t\t\t\t<div class=\"elementor-container elementor-column-gap-default\">\n\t\t\t\t\t<div class=\"elementor-column elementor-col-100 elementor-top-column elementor-element elementor-element-1e059b9\" data-id=\"1e059b9\" data-element_type=\"column\" data-e-type=\"column\">\n\t\t\t<div class=\"elementor-widget-wrap elementor-element-populated\">\n\t\t\t\t\t\t<div class=\"elementor-element elementor-element-af44f67 elementor-widget elementor-widget-text-editor\" data-id=\"af44f67\" data-element_type=\"widget\" data-e-type=\"widget\" data-widget_type=\"text-editor.default\">\n\t\t\t\t<div class=\"elementor-widget-container\">\n\t\t\t\t\t\t\t\t\t<p>Con motivo de la celebraci\u00f3n del D\u00eda Europeo de la Mediaci\u00f3n, el pr\u00f3ximo mi\u00e9rcoles, d\u00eda 21 de enero, la Comisi\u00f3n de Mediaci\u00f3n, Arbitraje y Conciliaci\u00f3n organiza un Cinef\u00f3rum que tendr\u00e1 lugar en el sal\u00f3n de actos del colegio\u00a0en horario de 19 h a 21 h.<\/p>\t\t\t\t\t\t\t\t<\/div>\n\t\t\t\t<\/div>\n\t\t\t\t\t<\/div>\n\t\t<\/div>\n\t\t\t\t\t<\/div>\n\t\t<\/section>\n\t\t\t\t<section class=\"elementor-section elementor-top-section elementor-element elementor-element-c15c00a elementor-section-full_width elementor-section-height-default elementor-section-height-default\" data-id=\"c15c00a\" data-element_type=\"section\" data-e-type=\"section\">\n\t\t\t\t\t\t<div class=\"elementor-container elementor-column-gap-default\">\n\t\t\t\t\t<div class=\"elementor-column elementor-col-66 elementor-top-column elementor-element elementor-element-902b2d5\" data-id=\"902b2d5\" data-element_type=\"column\" data-e-type=\"column\">\n\t\t\t<div class=\"elementor-widget-wrap elementor-element-populated\">\n\t\t\t\t\t\t<div class=\"elementor-element elementor-element-926abe4 elementor-widget elementor-widget-text-editor\" data-id=\"926abe4\" data-element_type=\"widget\" data-e-type=\"widget\" data-widget_type=\"text-editor.default\">\n\t\t\t\t<div class=\"elementor-widget-container\">\n\t\t\t\t\t\t\t\t\t<p><span style=\"font-size: 1rem;\">La trama de la proyecci\u00f3n audiovisual est\u00e1 centrada en un conflicto familiar, siendo \u00e9ste uno de los m\u00e1s propicios para acudir a la mediaci\u00f3n como medio de resoluci\u00f3n del conflicto por la continuidad en el futuro de la relaci\u00f3n entre sus miembros.<\/span><\/p><p>Tras el visionado de la proyecci\u00f3n audiovisual los asistentes podr\u00e1n participar en un an\u00e1lisis y un mapeo del conflicto familiar que centra la trama.<\/p><p>La actividad est\u00e1 dirigida a profesionales de la Abogac\u00eda, sean mediadores o no.<\/p><p>Para los profesionales de la mediaci\u00f3n asistentes, se acreditar\u00e1 la asistencia a efectos de formaci\u00f3n de reciclaje.<\/p><p>La asistencia es libre y gratuita. Es necesario realizar inscripci\u00f3n previa, a efectos de control de aforo.<\/p>\t\t\t\t\t\t\t\t<\/div>\n\t\t\t\t<\/div>\n\t\t\t\t<div class=\"elementor-element elementor-element-78d9fb0 elementor-align-center elementor-widget elementor-widget-button\" data-id=\"78d9fb0\" data-element_type=\"widget\" data-e-type=\"widget\" data-widget_type=\"button.default\">\n\t\t\t\t<div class=\"elementor-widget-container\">\n\t\t\t\t\t\t\t\t\t<div class=\"elementor-button-wrapper\">\n\t\t\t\t\t<a class=\"elementor-button elementor-button-link elementor-size-sm\" href=\"https:\/\/forms.office.com\/Pages\/ResponsePage.aspx?id=647sES9R4UaAEiDxbSCKg6xWNULfQzlNt68VNMSx6m9UMzZaWlM3TEtOV1I1OFRLM0xBOVdKUEU3Ny4u\" target=\"_blank\">\n\t\t\t\t\t\t<span class=\"elementor-button-content-wrapper\">\n\t\t\t\t\t\t\t\t\t<span class=\"elementor-button-text\">REALIZA TU INSCRIPCION AQU\u00cd<\/span>\n\t\t\t\t\t<\/span>\n\t\t\t\t\t<\/a>\n\t\t\t\t<\/div>\n\t\t\t\t\t\t\t\t<\/div>\n\t\t\t\t<\/div>\n\t\t\t\t\t<\/div>\n\t\t<\/div>\n\t\t\t\t<div class=\"elementor-column elementor-col-33 elementor-top-column elementor-element elementor-element-dbcc4eb\" data-id=\"dbcc4eb\" data-element_type=\"column\" data-e-type=\"column\">\n\t\t\t<div class=\"elementor-widget-wrap elementor-element-populated\">\n\t\t\t\t\t\t<div class=\"elementor-element elementor-element-02eba72 elementor-widget elementor-widget-image\" data-id=\"02eba72\" data-element_type=\"widget\" data-e-type=\"widget\" data-widget_type=\"image.default\">\n\t\t\t\t<div class=\"elementor-widget-container\">\n\t\t\t\t\t\t\t\t\t\t\t\t\t\t\t<img decoding=\"async\" src=\"https:\/\/cms.icacordoba.23sd.es\/wp-content\/uploads\/elementor\/thumbs\/CINEFORUM-DIA-EUROPEO-DE-LA-MEDIACION-1200-x-1200-px-rhqj7tmbdmz9l6twxpm4lc3lgukfowo3z02vj3feyw.png\" title=\"CINEFORUM D\u00cdA EUROPEO DE LA MEDIACI\u00d3N (1200 x 1200 px)\" alt=\"CINEFORUM D\u00cdA EUROPEO DE LA MEDIACI\u00d3N (1200 x 1200 px)\" loading=\"lazy\" \/>\t\t\t\t\t\t\t\t\t\t\t\t\t\t\t<\/div>\n\t\t\t\t<\/div>\n\t\t\t\t\t<\/div>\n\t\t<\/div>\n\t\t\t\t\t<\/div>\n\t\t<\/section>\n\t\t\t\t<\/div>\n\t\t","protected":false},"excerpt":{"rendered":"<p>Con motivo de la celebraci\u00f3n del D\u00eda Europeo de la Mediaci\u00f3n, el pr\u00f3ximo mi\u00e9rcoles, d\u00eda 21 de enero, la Comisi\u00f3n de Mediaci\u00f3n, Arbitraje y Conciliaci\u00f3n organiza un Cinef\u00f3rum que tendr\u00e1 lugar en el sal\u00f3n de actos del colegio\u00a0en horario de 19 h a 21 h. La trama de la proyecci\u00f3n audiovisual est\u00e1 centrada en un [&hellip;]<\/p>\n","protected":false},"author":1,"featured_media":0,"comment_status":"open","ping_status":"open","sticky":false,"template":"","format":"standard","meta":{"footnotes":""},"categories":[1],"tags":[],"class_list":["post-18414","post","type-post","status-publish","format-standard","hentry","category-uncategorized"],"_links":{"self":[{"href":"https:\/\/cms.icacordoba.23sd.es\/index.php\/wp-json\/wp\/v2\/posts\/18414","targetHints":{"allow":["GET"]}}],"collection":[{"href":"https:\/\/cms.icacordoba.23sd.es\/index.php\/wp-json\/wp\/v2\/posts"}],"about":[{"href":"https:\/\/cms.icacordoba.23sd.es\/index.php\/wp-json\/wp\/v2\/types\/post"}],"author":[{"embeddable":true,"href":"https:\/\/cms.icacordoba.23sd.es\/index.php\/wp-json\/wp\/v2\/users\/1"}],"replies":[{"embeddable":true,"href":"https:\/\/cms.icacordoba.23sd.es\/index.php\/wp-json\/wp\/v2\/comments?post=18414"}],"version-history":[{"count":30,"href":"https:\/\/cms.icacordoba.23sd.es\/index.php\/wp-json\/wp\/v2\/posts\/18414\/revisions"}],"predecessor-version":[{"id":18447,"href":"https:\/\/cms.icacordoba.23sd.es\/index.php\/wp-json\/wp\/v2\/posts\/18414\/revisions\/18447"}],"wp:attachment":[{"href":"https:\/\/cms.icacordoba.23sd.es\/index.php\/wp-json\/wp\/v2\/media?parent=18414"}],"wp:term":[{"taxonomy":"category","embeddable":true,"href":"https:\/\/cms.icacordoba.23sd.es\/index.php\/wp-json\/wp\/v2\/categories?post=18414"},{"taxonomy":"post_tag","embeddable":true,"href":"https:\/\/cms.icacordoba.23sd.es\/index.php\/wp-json\/wp\/v2\/tags?post=18414"}],"curies":[{"name":"wp","href":"https:\/\/api.w.org\/{rel}","templated":true}]}}