{"id":18242,"date":"2026-01-14T10:27:49","date_gmt":"2026-01-14T10:27:49","guid":{"rendered":"https:\/\/cms.icacordoba.23sd.es\/index.php\/18242\/"},"modified":"2026-03-17T18:13:13","modified_gmt":"2026-03-17T18:13:13","slug":"centro-de-conciliacion-profesional","status":"publish","type":"post","link":"https:\/\/cms.icacordoba.23sd.es\/index.php\/18242\/","title":{"rendered":"Centro de Conciliaci\u00f3n Profesional"},"content":{"rendered":"\t\t<div data-elementor-type=\"wp-post\" data-elementor-id=\"18242\" class=\"elementor elementor-18242\" data-elementor-post-type=\"post\">\n\t\t\t\t\t\t<section class=\"elementor-section elementor-top-section elementor-element elementor-element-28c7dbb elementor-section-full_width elementor-section-height-default elementor-section-height-default\" data-id=\"28c7dbb\" data-element_type=\"section\" data-e-type=\"section\">\n\t\t\t\t\t\t<div class=\"elementor-container elementor-column-gap-default\">\n\t\t\t\t\t<div class=\"elementor-column elementor-col-100 elementor-top-column elementor-element elementor-element-45c5f4e\" data-id=\"45c5f4e\" data-element_type=\"column\" data-e-type=\"column\">\n\t\t\t<div class=\"elementor-widget-wrap elementor-element-populated\">\n\t\t\t\t\t\t<div class=\"elementor-element elementor-element-ea9dc02 elementor-widget elementor-widget-image\" data-id=\"ea9dc02\" data-element_type=\"widget\" data-e-type=\"widget\" data-widget_type=\"image.default\">\n\t\t\t\t<div class=\"elementor-widget-container\">\n\t\t\t\t\t\t\t\t\t\t\t\t\t\t\t<img decoding=\"async\" width=\"150\" height=\"150\" src=\"https:\/\/cms.icacordoba.23sd.es\/wp-content\/uploads\/2026\/01\/CONCILIACION_t-150x150.png\" class=\"attachment-thumbnail size-thumbnail wp-image-18244\" alt=\"\" srcset=\"https:\/\/cms.icacordoba.23sd.es\/wp-content\/uploads\/2026\/01\/CONCILIACION_t-150x150.png 150w, https:\/\/cms.icacordoba.23sd.es\/wp-content\/uploads\/2026\/01\/CONCILIACION_t-300x300.png 300w, https:\/\/cms.icacordoba.23sd.es\/wp-content\/uploads\/2026\/01\/CONCILIACION_t.png 500w\" sizes=\"(max-width: 150px) 100vw, 150px\" \/>\t\t\t\t\t\t\t\t\t\t\t\t\t\t\t<\/div>\n\t\t\t\t<\/div>\n\t\t\t\t<div class=\"elementor-element elementor-element-26040d8 elementor-widget elementor-widget-heading\" data-id=\"26040d8\" data-element_type=\"widget\" data-e-type=\"widget\" data-widget_type=\"heading.default\">\n\t\t\t\t<div class=\"elementor-widget-container\">\n\t\t\t\t\t<h2 class=\"elementor-heading-title elementor-size-default\">Centro de Conciliaci\u00f3n Privada<\/h2>\t\t\t\t<\/div>\n\t\t\t\t<\/div>\n\t\t\t\t<div class=\"elementor-element elementor-element-33e7d3d elementor-widget elementor-widget-heading\" data-id=\"33e7d3d\" data-element_type=\"widget\" data-e-type=\"widget\" data-widget_type=\"heading.default\">\n\t\t\t\t<div class=\"elementor-widget-container\">\n\t\t\t\t\t<h3 class=\"elementor-heading-title elementor-size-default\">Colegio de la Abogac\u00eda de C\u00f3rdoba<\/h3>\t\t\t\t<\/div>\n\t\t\t\t<\/div>\n\t\t\t\t<div class=\"elementor-element elementor-element-479776a elementor-widget elementor-widget-text-editor\" data-id=\"479776a\" data-element_type=\"widget\" data-e-type=\"widget\" data-widget_type=\"text-editor.default\">\n\t\t\t\t<div class=\"elementor-widget-container\">\n\t\t\t\t\t\t\t\t\t<p>La Ley Org\u00e1nica 1\/2025, de 2 de enero, de medidas en materia de eficiencia del Servicio P\u00fablico de Justicia ha introducido un cambio fundamental en la Administraci\u00f3n de Justicia, promoviendo los Medios Adecuados de Soluci\u00f3n de Controversias (MASC) como una v\u00eda preferente para la gesti\u00f3n de conflictos en el \u00e1mbito civil y mercantil. La ley no solo fomenta estos mecanismos, sino que establece, con car\u00e1cter general, la necesidad de acreditar el intento de una actividad negociadora como requisito de procedibilidad para la interposici\u00f3n de la demanda.<\/p><p><span style=\"font-size: 1rem;\">Dentro de este nuevo marco, la conciliaci\u00f3n privada, regulada en el Art\u00edculo 15 de la Ley Org\u00e1nica 1\/2025, emerge como una herramienta esencial, en la que un tercero neutral, con conocimientos t\u00e9cnicos o jur\u00eddicos, asiste a las partes para alcanzar una soluci\u00f3n consensuada.<\/span><\/p><p><span style=\"font-size: 1rem;\">El Ilustre Colegio de la Abogac\u00eda de C\u00f3rdoba, en cumplimiento de sus funciones estatutarias de prestar un adecuado servicio a la sociedad y a sus colegiados,\u00a0 en consonancia con el papel central que la LOMESPJ otorga a la abogac\u00eda en la cultura del acuerdo, considera indispensable la creaci\u00f3n de un servicio que facilite y estructure la pr\u00e1ctica de la conciliaci\u00f3n privada.<\/span><\/p>\t\t\t\t\t\t\t\t<\/div>\n\t\t\t\t<\/div>\n\t\t\t\t\t<\/div>\n\t\t<\/div>\n\t\t\t\t\t<\/div>\n\t\t<\/section>\n\t\t\t\t<section class=\"elementor-section elementor-top-section elementor-element elementor-element-95259c5 elementor-section-content-middle elementor-section-full_width elementor-section-height-default elementor-section-height-default\" data-id=\"95259c5\" data-element_type=\"section\" data-e-type=\"section\" data-settings=\"{&quot;background_background&quot;:&quot;classic&quot;}\">\n\t\t\t\t\t\t<div class=\"elementor-container elementor-column-gap-default\">\n\t\t\t\t\t<div class=\"elementor-column elementor-col-100 elementor-top-column elementor-element elementor-element-ff25ab2\" data-id=\"ff25ab2\" data-element_type=\"column\" data-e-type=\"column\" data-settings=\"{&quot;background_background&quot;:&quot;classic&quot;}\">\n\t\t\t<div class=\"elementor-widget-wrap elementor-element-populated\">\n\t\t\t\t\t\t<div class=\"elementor-element elementor-element-668e641 elementor-widget elementor-widget-heading\" data-id=\"668e641\" data-element_type=\"widget\" data-e-type=\"widget\" data-widget_type=\"heading.default\">\n\t\t\t\t<div class=\"elementor-widget-container\">\n\t\t\t\t\t<h3 class=\"elementor-heading-title elementor-size-default\">\u00bfQu\u00e9 es la conciliaci\u00f3n privada?<\/h3>\t\t\t\t<\/div>\n\t\t\t\t<\/div>\n\t\t\t\t<div class=\"elementor-element elementor-element-068ce62 elementor-widget elementor-widget-heading\" data-id=\"068ce62\" data-element_type=\"widget\" data-e-type=\"widget\" data-widget_type=\"heading.default\">\n\t\t\t\t<div class=\"elementor-widget-container\">\n\t\t\t\t\t<h4 class=\"elementor-heading-title elementor-size-default\">Un medio adecuado de soluci\u00f3n de conflictos<\/h4>\t\t\t\t<\/div>\n\t\t\t\t<\/div>\n\t\t\t\t<div class=\"elementor-element elementor-element-f05fe40 elementor-widget elementor-widget-text-editor\" data-id=\"f05fe40\" data-element_type=\"widget\" data-e-type=\"widget\" data-widget_type=\"text-editor.default\">\n\t\t\t\t<div class=\"elementor-widget-container\">\n\t\t\t\t\t\t\t\t\t<p>La conciliaci\u00f3n privada es un medio alternativo de resoluci\u00f3n de conflictos (MASC) en el que un tercero neutral, con conocimientos jur\u00eddicos, ayuda a las partes a alcanzar un acuerdo consensuado.<br data-start=\"2788\" data-end=\"2791\" \/>Se rige por los principios de <strong data-start=\"2828\" data-end=\"2845\">voluntariedad<\/strong>, <strong data-start=\"2847\" data-end=\"2859\">buena fe<\/strong>, <strong data-start=\"2861\" data-end=\"2881\">confidencialidad<\/strong>, <strong data-start=\"2883\" data-end=\"2900\">imparcialidad<\/strong>, <strong data-start=\"2902\" data-end=\"2917\">neutralidad<\/strong> y <strong data-start=\"2920\" data-end=\"2936\">flexibilidad<\/strong>.<\/p>\t\t\t\t\t\t\t\t<\/div>\n\t\t\t\t<\/div>\n\t\t\t\t\t<\/div>\n\t\t<\/div>\n\t\t\t\t\t<\/div>\n\t\t<\/section>\n\t\t\t\t<section class=\"elementor-section elementor-top-section elementor-element elementor-element-e252bd4 elementor-section-content-middle elementor-section-full_width elementor-section-height-default elementor-section-height-default\" data-id=\"e252bd4\" data-element_type=\"section\" data-e-type=\"section\">\n\t\t\t\t\t\t<div class=\"elementor-container elementor-column-gap-default\">\n\t\t\t\t\t<div class=\"elementor-column elementor-col-66 elementor-top-column elementor-element elementor-element-4e49035\" data-id=\"4e49035\" data-element_type=\"column\" data-e-type=\"column\">\n\t\t\t<div class=\"elementor-widget-wrap elementor-element-populated\">\n\t\t\t\t\t\t<div class=\"elementor-element elementor-element-6c199da elementor-widget elementor-widget-heading\" data-id=\"6c199da\" data-element_type=\"widget\" data-e-type=\"widget\" data-widget_type=\"heading.default\">\n\t\t\t\t<div class=\"elementor-widget-container\">\n\t\t\t\t\t<h3 class=\"elementor-heading-title elementor-size-default\">\u00bfC\u00f3mo se desarrolla el proceso de conciliaci\u00f3n?<\/h3>\t\t\t\t<\/div>\n\t\t\t\t<\/div>\n\t\t\t\t<div class=\"elementor-element elementor-element-c63752b elementor-widget elementor-widget-heading\" data-id=\"c63752b\" data-element_type=\"widget\" data-e-type=\"widget\" data-widget_type=\"heading.default\">\n\t\t\t\t<div class=\"elementor-widget-container\">\n\t\t\t\t\t<h4 class=\"elementor-heading-title elementor-size-default\">Un procedimiento sencillo y garantista<\/h4>\t\t\t\t<\/div>\n\t\t\t\t<\/div>\n\t\t\t\t<div class=\"elementor-element elementor-element-11f98eb elementor-widget elementor-widget-text-editor\" data-id=\"11f98eb\" data-element_type=\"widget\" data-e-type=\"widget\" data-widget_type=\"text-editor.default\">\n\t\t\t\t<div class=\"elementor-widget-container\">\n\t\t\t\t\t\t\t\t\t<p>\ud83d\udcc4 <strong>Solicitud de inicio:<\/strong> presentada de forma conjunta o por una de las partes.<\/p><p>\u2696\ufe0f<strong> Designaci\u00f3n del conciliador\/a:<\/strong> profesional inscrito en el Registro de Conciliadores del ICAC\u00f3rdoba.<\/p><p>\ud83d\uddd3\ufe0f <strong>Sesi\u00f3n inicial:<\/strong> se informa a las partes sobre el procedimiento, costes y efectos del acuerdo.<\/p><p>\ud83e\udd1d <strong>Sesiones de conciliaci\u00f3n:<\/strong> presenciales o telem\u00e1ticas, dirigidas con neutralidad y respeto.<\/p><p>\ud83d\udcdd <strong>Acuerdo final:<\/strong> puede ser elevado a escritura p\u00fablica o homologado judicialmente.<\/p>\t\t\t\t\t\t\t\t<\/div>\n\t\t\t\t<\/div>\n\t\t\t\t\t<\/div>\n\t\t<\/div>\n\t\t\t\t<div class=\"elementor-column elementor-col-33 elementor-top-column elementor-element elementor-element-f139440\" data-id=\"f139440\" data-element_type=\"column\" data-e-type=\"column\">\n\t\t\t<div class=\"elementor-widget-wrap elementor-element-populated\">\n\t\t\t\t\t\t<div class=\"elementor-element elementor-element-b2db030 elementor-widget__width-inherit elementor-widget elementor-widget-image\" data-id=\"b2db030\" data-element_type=\"widget\" data-e-type=\"widget\" data-widget_type=\"image.default\">\n\t\t\t\t<div class=\"elementor-widget-container\">\n\t\t\t\t\t\t\t\t\t\t\t\t\t\t\t<img fetchpriority=\"high\" decoding=\"async\" width=\"1024\" height=\"1024\" src=\"https:\/\/cms.icacordoba.23sd.es\/wp-content\/uploads\/2026\/01\/Proceso-mediacion_ok.png\" class=\"attachment-full size-full wp-image-18278\" alt=\"\" srcset=\"https:\/\/cms.icacordoba.23sd.es\/wp-content\/uploads\/2026\/01\/Proceso-mediacion_ok.png 1024w, https:\/\/cms.icacordoba.23sd.es\/wp-content\/uploads\/2026\/01\/Proceso-mediacion_ok-300x300.png 300w, https:\/\/cms.icacordoba.23sd.es\/wp-content\/uploads\/2026\/01\/Proceso-mediacion_ok-150x150.png 150w, https:\/\/cms.icacordoba.23sd.es\/wp-content\/uploads\/2026\/01\/Proceso-mediacion_ok-768x768.png 768w\" sizes=\"(max-width: 1024px) 100vw, 1024px\" \/>\t\t\t\t\t\t\t\t\t\t\t\t\t\t\t<\/div>\n\t\t\t\t<\/div>\n\t\t\t\t\t<\/div>\n\t\t<\/div>\n\t\t\t\t\t<\/div>\n\t\t<\/section>\n\t\t\t\t<section class=\"elementor-section elementor-top-section elementor-element elementor-element-9adcb1a elementor-section-content-middle elementor-reverse-tablet elementor-reverse-mobile elementor-section-full_width elementor-section-height-default elementor-section-height-default\" data-id=\"9adcb1a\" data-element_type=\"section\" data-e-type=\"section\">\n\t\t\t\t\t\t<div class=\"elementor-container elementor-column-gap-default\">\n\t\t\t\t\t<div class=\"elementor-column elementor-col-33 elementor-top-column elementor-element elementor-element-a96a935\" data-id=\"a96a935\" data-element_type=\"column\" data-e-type=\"column\">\n\t\t\t<div class=\"elementor-widget-wrap elementor-element-populated\">\n\t\t\t\t\t\t<div class=\"elementor-element elementor-element-8952dab elementor-widget__width-inherit elementor-widget elementor-widget-image\" data-id=\"8952dab\" data-element_type=\"widget\" data-e-type=\"widget\" data-widget_type=\"image.default\">\n\t\t\t\t<div class=\"elementor-widget-container\">\n\t\t\t\t\t\t\t\t\t\t\t\t\t\t\t<img decoding=\"async\" width=\"1024\" height=\"1024\" src=\"https:\/\/cms.icacordoba.23sd.es\/wp-content\/uploads\/2026\/01\/Conciliadores_imagen-centro-conciliacion-1.png\" class=\"attachment-full size-full wp-image-18314\" alt=\"\" srcset=\"https:\/\/cms.icacordoba.23sd.es\/wp-content\/uploads\/2026\/01\/Conciliadores_imagen-centro-conciliacion-1.png 1024w, https:\/\/cms.icacordoba.23sd.es\/wp-content\/uploads\/2026\/01\/Conciliadores_imagen-centro-conciliacion-1-300x300.png 300w, https:\/\/cms.icacordoba.23sd.es\/wp-content\/uploads\/2026\/01\/Conciliadores_imagen-centro-conciliacion-1-150x150.png 150w, https:\/\/cms.icacordoba.23sd.es\/wp-content\/uploads\/2026\/01\/Conciliadores_imagen-centro-conciliacion-1-768x768.png 768w\" sizes=\"(max-width: 1024px) 100vw, 1024px\" \/>\t\t\t\t\t\t\t\t\t\t\t\t\t\t\t<\/div>\n\t\t\t\t<\/div>\n\t\t\t\t\t<\/div>\n\t\t<\/div>\n\t\t\t\t<div class=\"elementor-column elementor-col-66 elementor-top-column elementor-element elementor-element-b845312\" data-id=\"b845312\" data-element_type=\"column\" data-e-type=\"column\">\n\t\t\t<div class=\"elementor-widget-wrap elementor-element-populated\">\n\t\t\t\t\t\t<div class=\"elementor-element elementor-element-817a1b4 elementor-widget elementor-widget-heading\" data-id=\"817a1b4\" data-element_type=\"widget\" data-e-type=\"widget\" data-widget_type=\"heading.default\">\n\t\t\t\t<div class=\"elementor-widget-container\">\n\t\t\t\t\t<h3 class=\"elementor-heading-title elementor-size-default\">\u00bfQui\u00e9nes son los conciliadores?<\/h3>\t\t\t\t<\/div>\n\t\t\t\t<\/div>\n\t\t\t\t<div class=\"elementor-element elementor-element-7e8be50 elementor-widget elementor-widget-text-editor\" data-id=\"7e8be50\" data-element_type=\"widget\" data-e-type=\"widget\" data-widget_type=\"text-editor.default\">\n\t\t\t\t<div class=\"elementor-widget-container\">\n\t\t\t\t\t\t\t\t\t<p>Los conciliadores del Servicio de Conciliaci\u00f3n Privada del Colegio de la Abogac\u00eda de C\u00f3rdoba son profesionales de la Abogac\u00eda colegiados, con formaci\u00f3n espec\u00edfica en conciliaci\u00f3n privada.<\/p><p>Su actuaci\u00f3n est\u00e1 sujeta al C\u00f3digo Deontol\u00f3gico del Centro de Conciliaci\u00f3n ICAC\u00f3rdoba, garantizando independencia, confidencialidad y equidad.<\/p>\t\t\t\t\t\t\t\t<\/div>\n\t\t\t\t<\/div>\n\t\t\t\t<div class=\"elementor-element elementor-element-b963921 elementor-button-info elementor-align-center elementor-widget elementor-widget-button\" data-id=\"b963921\" data-element_type=\"widget\" data-e-type=\"widget\" data-widget_type=\"button.default\">\n\t\t\t\t<div class=\"elementor-widget-container\">\n\t\t\t\t\t\t\t\t\t<div class=\"elementor-button-wrapper\">\n\t\t\t\t\t<a class=\"elementor-button elementor-button-link elementor-size-sm\" href=\"https:\/\/www.icacordoba.com\/Secciones\/registro-de-conciliadores-profesionales-ica-cordoba\" target=\"_blank\" id=\"Solicitar conciliacion\">\n\t\t\t\t\t\t<span class=\"elementor-button-content-wrapper\">\n\t\t\t\t\t\t\t\t\t<span class=\"elementor-button-text\">Consulta el Registro de Conciliadores ICAC\u00f3rdoba<\/span>\n\t\t\t\t\t<\/span>\n\t\t\t\t\t<\/a>\n\t\t\t\t<\/div>\n\t\t\t\t\t\t\t\t<\/div>\n\t\t\t\t<\/div>\n\t\t\t\t\t<\/div>\n\t\t<\/div>\n\t\t\t\t\t<\/div>\n\t\t<\/section>\n\t\t\t\t<section class=\"elementor-section elementor-top-section elementor-element elementor-element-5c16c50 elementor-section-content-middle elementor-section-full_width elementor-section-height-default elementor-section-height-default\" data-id=\"5c16c50\" data-element_type=\"section\" data-e-type=\"section\" id=\"Seccion 6 - Ventajas\">\n\t\t\t\t\t\t<div class=\"elementor-container elementor-column-gap-default\">\n\t\t\t\t\t<div class=\"elementor-column elementor-col-100 elementor-top-column elementor-element elementor-element-08a06a4\" data-id=\"08a06a4\" data-element_type=\"column\" data-e-type=\"column\" data-settings=\"{&quot;background_background&quot;:&quot;classic&quot;}\">\n\t\t\t<div class=\"elementor-widget-wrap elementor-element-populated\">\n\t\t\t\t\t\t<div class=\"elementor-element elementor-element-ade55bc elementor-widget elementor-widget-heading\" data-id=\"ade55bc\" data-element_type=\"widget\" data-e-type=\"widget\" data-widget_type=\"heading.default\">\n\t\t\t\t<div class=\"elementor-widget-container\">\n\t\t\t\t\t<h3 class=\"elementor-heading-title elementor-size-default\">Ventajas del servicio de conciliaci\u00f3n privada<\/h3>\t\t\t\t<\/div>\n\t\t\t\t<\/div>\n\t\t\t\t<div class=\"elementor-element elementor-element-5b54c15 elementor-widget elementor-widget-heading\" data-id=\"5b54c15\" data-element_type=\"widget\" data-e-type=\"widget\" data-widget_type=\"heading.default\">\n\t\t\t\t<div class=\"elementor-widget-container\">\n\t\t\t\t\t<h4 class=\"elementor-heading-title elementor-size-default\">Por qu\u00e9 acudir al Centro de Conciliaci\u00f3n<\/h4>\t\t\t\t<\/div>\n\t\t\t\t<\/div>\n\t\t\t\t<div class=\"elementor-element elementor-element-a8caf4a elementor-widget elementor-widget-text-editor\" data-id=\"a8caf4a\" data-element_type=\"widget\" data-e-type=\"widget\" data-widget_type=\"text-editor.default\">\n\t\t\t\t<div class=\"elementor-widget-container\">\n\t\t\t\t\t\t\t\t\t<p>\u23f1\ufe0f Rapidez en la resoluci\u00f3n de conflictos<\/p><p>\ud83d\udcb0 Menor coste que un proceso judicial<\/p><p>\u2696\ufe0f Intervenci\u00f3n de profesionales especializados<\/p><p>\ud83d\udd12 Confidencialidad garantizada<\/p><p>\ud83d\udd4a\ufe0f Promueve el di\u00e1logo y la cooperaci\u00f3n<\/p>\t\t\t\t\t\t\t\t<\/div>\n\t\t\t\t<\/div>\n\t\t\t\t\t<\/div>\n\t\t<\/div>\n\t\t\t\t\t<\/div>\n\t\t<\/section>\n\t\t\t\t<section class=\"elementor-section elementor-top-section elementor-element elementor-element-36d7a0a elementor-section-full_width elementor-section-height-default elementor-section-height-default\" data-id=\"36d7a0a\" data-element_type=\"section\" data-e-type=\"section\">\n\t\t\t\t\t\t<div class=\"elementor-container elementor-column-gap-default\">\n\t\t\t\t\t<div class=\"elementor-column elementor-col-100 elementor-top-column elementor-element elementor-element-f4848c9\" data-id=\"f4848c9\" data-element_type=\"column\" data-e-type=\"column\">\n\t\t\t<div class=\"elementor-widget-wrap elementor-element-populated\">\n\t\t\t\t\t\t<div class=\"elementor-element elementor-element-1d1e3f5 elementor-widget elementor-widget-heading\" data-id=\"1d1e3f5\" data-element_type=\"widget\" data-e-type=\"widget\" data-widget_type=\"heading.default\">\n\t\t\t\t<div class=\"elementor-widget-container\">\n\t\t\t\t\t<h3 class=\"elementor-heading-title elementor-size-default\">C\u00f3mo solicitar una conciliaci\u00f3n<\/h3>\t\t\t\t<\/div>\n\t\t\t\t<\/div>\n\t\t\t\t<div class=\"elementor-element elementor-element-80c1082 elementor-widget elementor-widget-text-editor\" data-id=\"80c1082\" data-element_type=\"widget\" data-e-type=\"widget\" data-widget_type=\"text-editor.default\">\n\t\t\t\t<div class=\"elementor-widget-container\">\n\t\t\t\t\t\t\t\t\t<div style=\"max-width: 900px; margin: 0 auto; text-align: justify; line-height: 1.7; font-size: 15px; color: #2f2f2f; font-family: 'Lato','Open Sans',Arial,sans-serif;\"><p style=\"margin-bottom: 12px;\">Cualquier persona puede solicitar la intervenci\u00f3n del <strong>Centro de Conciliaci\u00f3n Privada del Ilustre Colegio de la Abogac\u00eda de C\u00f3rdoba<\/strong>, conforme a lo previsto en los <strong>art\u00edculos 10 a 13 del Reglamento del Servicio<\/strong>.<br \/>La solicitud puede realizarse de forma <strong>unilateral<\/strong> o de <strong>mutuo acuerdo<\/strong> entre las partes.<\/p><p style=\"margin-bottom: 12px;\">Para iniciar el procedimiento, deber\u00e1 cumplimentarse el formulario correspondiente y remitirlo por medios electr\u00f3nicos al correo:<br \/><a href=\"mailto:centroconciliacion@icacordoba.com\" target=\"_blank\" rel=\"noopener\">centroconciliacion@icacordoba.com<\/a><a style=\"color: #004a99; text-decoration: none; font-weight: 600;\" href=\"mailto:centroconciliacion@icacordoba.com\"><br \/><br \/><\/a>Tambi\u00e9n puede presentarse a trav\u00e9s de la <a href=\"https:\/\/sede-icacordoba.abogacia.es\/sea-web\" target=\"_blank\" rel=\"noopener\">Sede Electr\u00f3nica del Ilustre Colegio de la Abogac\u00eda de C\u00f3rdoba<\/a><br \/>.<\/p><\/div>\t\t\t\t\t\t\t\t<\/div>\n\t\t\t\t<\/div>\n\t\t\t\t<div class=\"elementor-element elementor-element-6ae2128 elementor-button-info elementor-align-center elementor-widget elementor-widget-button\" data-id=\"6ae2128\" data-element_type=\"widget\" data-e-type=\"widget\" data-widget_type=\"button.default\">\n\t\t\t\t<div class=\"elementor-widget-container\">\n\t\t\t\t\t\t\t\t\t<div class=\"elementor-button-wrapper\">\n\t\t\t\t\t<a class=\"elementor-button elementor-button-link elementor-size-sm\" href=\"https:\/\/cms.icacordoba.23sd.es\/wp-content\/uploads\/2026\/01\/SOLICITUD-UNILATERAL-CONCILIACION_Formulario.pdf\" target=\"_blank\" id=\"Solicitar conciliacion\">\n\t\t\t\t\t\t<span class=\"elementor-button-content-wrapper\">\n\t\t\t\t\t\t\t\t\t<span class=\"elementor-button-text\">Formulario de solicitud unilateral<\/span>\n\t\t\t\t\t<\/span>\n\t\t\t\t\t<\/a>\n\t\t\t\t<\/div>\n\t\t\t\t\t\t\t\t<\/div>\n\t\t\t\t<\/div>\n\t\t\t\t<div class=\"elementor-element elementor-element-7cb03e8 elementor-button-info elementor-align-center elementor-widget elementor-widget-button\" data-id=\"7cb03e8\" data-element_type=\"widget\" data-e-type=\"widget\" data-widget_type=\"button.default\">\n\t\t\t\t<div class=\"elementor-widget-container\">\n\t\t\t\t\t\t\t\t\t<div class=\"elementor-button-wrapper\">\n\t\t\t\t\t<a class=\"elementor-button elementor-button-link elementor-size-sm\" href=\"https:\/\/cms.icacordoba.23sd.es\/wp-content\/uploads\/2026\/01\/SOLICITUD-CONCILIACION-MUTUO-ACUERDO_Enero_2026_FORMULARIO_OK.pdf\" target=\"_blank\" id=\"Solicitar conciliacion mutuo acuerdo\">\n\t\t\t\t\t\t<span class=\"elementor-button-content-wrapper\">\n\t\t\t\t\t\t\t\t\t<span class=\"elementor-button-text\">Formulario de solicitud de mutuo acuerdo<\/span>\n\t\t\t\t\t<\/span>\n\t\t\t\t\t<\/a>\n\t\t\t\t<\/div>\n\t\t\t\t\t\t\t\t<\/div>\n\t\t\t\t<\/div>\n\t\t\t\t<div class=\"elementor-element elementor-element-6893a0f elementor-widget elementor-widget-text-editor\" data-id=\"6893a0f\" data-element_type=\"widget\" data-e-type=\"widget\" data-widget_type=\"text-editor.default\">\n\t\t\t\t<div class=\"elementor-widget-container\">\n\t\t\t\t\t\t\t\t\t<p style=\"font-size: 14px; color: #666; text-align: center; font-style: italic; margin-top: 25px;\">El Centro de Conciliaci\u00f3n Privada del ICAC\u00f3rdoba est\u00e1 a disposici\u00f3n de la ciudadan\u00eda para facilitar soluciones dialogadas y profesionales a sus conflictos.<\/p>\t\t\t\t\t\t\t\t<\/div>\n\t\t\t\t<\/div>\n\t\t\t\t\t<\/div>\n\t\t<\/div>\n\t\t\t\t\t<\/div>\n\t\t<\/section>\n\t\t\t\t<section class=\"elementor-section elementor-top-section elementor-element elementor-element-09fe295 elementor-section-content-middle elementor-section-full_width elementor-section-height-default elementor-section-height-default\" data-id=\"09fe295\" data-element_type=\"section\" data-e-type=\"section\">\n\t\t\t\t\t\t<div class=\"elementor-container elementor-column-gap-default\">\n\t\t\t\t\t<div class=\"elementor-column elementor-col-100 elementor-top-column elementor-element elementor-element-4fb2032\" data-id=\"4fb2032\" data-element_type=\"column\" data-e-type=\"column\" data-settings=\"{&quot;background_background&quot;:&quot;classic&quot;}\">\n\t\t\t<div class=\"elementor-widget-wrap elementor-element-populated\">\n\t\t\t\t\t\t<div class=\"elementor-element elementor-element-9b3f601 elementor-widget elementor-widget-heading\" data-id=\"9b3f601\" data-element_type=\"widget\" data-e-type=\"widget\" data-widget_type=\"heading.default\">\n\t\t\t\t<div class=\"elementor-widget-container\">\n\t\t\t\t\t<h3 class=\"elementor-heading-title elementor-size-default\">Coste del servicio de conciliaci\u00f3n privada<\/h3>\t\t\t\t<\/div>\n\t\t\t\t<\/div>\n\t\t\t\t<div class=\"elementor-element elementor-element-7043f3d elementor-widget elementor-widget-heading\" data-id=\"7043f3d\" data-element_type=\"widget\" data-e-type=\"widget\" data-widget_type=\"heading.default\">\n\t\t\t\t<div class=\"elementor-widget-container\">\n\t\t\t\t\t<h4 class=\"elementor-heading-title elementor-size-default\">Derechos de administraci\u00f3n, gesti\u00f3n y prestaci\u00f3n del servicio<\/h4>\t\t\t\t<\/div>\n\t\t\t\t<\/div>\n\t\t\t\t<div class=\"elementor-element elementor-element-1e591bd elementor-widget elementor-widget-html\" data-id=\"1e591bd\" data-element_type=\"widget\" data-e-type=\"widget\" data-widget_type=\"html.default\">\n\t\t\t\t<div class=\"elementor-widget-container\">\n\t\t\t\t\t<table style=\"width:100%; border-collapse:collapse; margin-top:30px; text-align:center;\">\r\n\r\n  <!-- Fila superior integrada -->\r\n  <thead>\r\n    <tr>\r\n      <th colspan=\"2\" style=\"background-color:#004a99; color:#fff; padding:12px; font-size:1.1em;\">\r\n        Derechos de administraci\u00f3n y gesti\u00f3n\r\n      <\/th>\r\n    <\/tr>\r\n\r\n    <!-- Cabecera de columnas -->\r\n    <tr style=\"background-color:#e8eef6; color:#000;\">\r\n      <th style=\"padding:10px; border:1px solid #ccc;\">CONCEPTO<\/th>\r\n      <th style=\"padding:10px; border:1px solid #ccc;\">PRECIO<\/th>\r\n    <\/tr>\r\n  <\/thead>\r\n\r\n  <tbody>\r\n    <tr>\r\n      <td style=\"border:1px solid #ccc; padding:10px;\">\r\n        <strong>Solicitud de conciliaci\u00f3n<\/strong><br>\r\n        Unilateral<br><em>Los abona la parte solicitante.<\/em>\r\n      <\/td>\r\n      <td style=\"border:1px solid #ccc; padding:10px;\">60 \u20ac + IVA<\/td>\r\n    <\/tr>\r\n\r\n    <tr>\r\n      <td style=\"border:1px solid #ccc; padding:10px;\">\r\n        <strong>Solicitud de conciliaci\u00f3n<\/strong><br>\r\n        De mutuo acuerdo<br><em>Se abonan por partes iguales, salvo acuerdo en contrario.<\/em>\r\n      <\/td>\r\n      <td style=\"border:1px solid #ccc; padding:10px;\">60 \u20ac + IVA<\/td>\r\n    <\/tr>\r\n\r\n    <tr>\r\n      <td style=\"border:1px solid #ccc; padding:10px;\">\r\n        <strong>Certificaciones<\/strong><br><em>De cualquier tipo<\/em>\r\n      <\/td>\r\n      <td style=\"border:1px solid #ccc; padding:10px;\">10 \u20ac + IVA<\/td>\r\n    <\/tr>\r\n  <\/tbody>\r\n<\/table>\r\n\t\t\t\t<\/div>\n\t\t\t\t<\/div>\n\t\t\t\t<div class=\"elementor-element elementor-element-c73f5dd elementor-widget elementor-widget-html\" data-id=\"c73f5dd\" data-element_type=\"widget\" data-e-type=\"widget\" data-widget_type=\"html.default\">\n\t\t\t\t<div class=\"elementor-widget-container\">\n\t\t\t\t\t<table style=\"width:100%; border-collapse:collapse; margin-top:40px; text-align:center;\">\r\n\r\n  <!-- Fila superior integrada -->\r\n  <thead>\r\n    <tr>\r\n      <th colspan=\"2\" style=\"background-color:#004a99; color:#fff; padding:12px; font-size:1.1em;\">\r\n        Derechos por la prestaci\u00f3n del servicio de conciliaci\u00f3n privada\r\n      <\/th>\r\n    <\/tr>\r\n\r\n    <!-- Cabecera de columnas -->\r\n    <tr style=\"background-color:#e8eef6; color:#000;\">\r\n      <th style=\"padding:10px; border:1px solid #ccc;\">CONCEPTO<\/th>\r\n      <th style=\"padding:10px; border:1px solid #ccc;\">PRECIO<\/th>\r\n    <\/tr>\r\n  <\/thead>\r\n\r\n  <tbody>\r\n    <!-- SESI\u00d3N INICIAL -->\r\n    <tr>\r\n      <td style=\"border:1px solid #ccc; padding:10px;\">\r\n        <strong>Sesi\u00f3n inicial<\/strong><br><em>Cada parte<\/em>\r\n      <\/td>\r\n      <td style=\"border:1px solid #ccc; padding:10px;\">60 \u20ac + IVA<\/td>\r\n    <\/tr>\r\n\r\n    <!-- RESTO SESIONES -->\r\n    <tr style=\"background-color:#f0f4f8;\">\r\n      <td colspan=\"2\" style=\"border:1px solid #ccc; padding:10px; text-align:center;\">\r\n        <strong>Resto sesiones<\/strong><br><em>Cada sesi\u00f3n, seg\u00fan n\u00famero de partes<\/em>\r\n      <\/td>\r\n    <\/tr>\r\n    <tr>\r\n      <td style=\"border:1px solid #ccc; padding:10px;\">2 partes<\/td>\r\n      <td style=\"border:1px solid #ccc; padding:10px;\">120 \u20ac + IVA, cada parte<\/td>\r\n    <\/tr>\r\n    <tr>\r\n      <td style=\"border:1px solid #ccc; padding:10px;\">3 partes<\/td>\r\n      <td style=\"border:1px solid #ccc; padding:10px;\">100 \u20ac + IVA, cada parte<\/td>\r\n    <\/tr>\r\n    <tr>\r\n      <td style=\"border:1px solid #ccc; padding:10px;\">4 partes<\/td>\r\n      <td style=\"border:1px solid #ccc; padding:10px;\">90 \u20ac + IVA, cada parte<\/td>\r\n    <\/tr>\r\n    <tr>\r\n      <td style=\"border:1px solid #ccc; padding:10px;\">5 partes<\/td>\r\n      <td style=\"border:1px solid #ccc; padding:10px;\">80 \u20ac + IVA, cada parte<\/td>\r\n    <\/tr>\r\n\r\n    <!-- ACTAS -->\r\n    <tr style=\"background-color:#f0f4f8;\">\r\n      <td colspan=\"2\" style=\"border:1px solid #ccc; padding:10px; text-align:center;\">\r\n        <strong>Actas<\/strong>\r\n      <\/td>\r\n    <\/tr>\r\n    <tr>\r\n      <td style=\"border:1px solid #ccc; padding:10px;\">Sin acuerdo<\/td>\r\n      <td style=\"border:1px solid #ccc; padding:10px;\">50 \u20ac + IVA, cada parte<\/td>\r\n    <\/tr>\r\n    <tr>\r\n      <td style=\"border:1px solid #ccc; padding:10px;\">Con acuerdo total o parcial<\/td>\r\n      <td style=\"border:1px solid #ccc; padding:10px;\">150 \u20ac + IVA, cada parte<\/td>\r\n    <\/tr>\r\n  <\/tbody>\r\n<\/table>\r\n\t\t\t\t<\/div>\n\t\t\t\t<\/div>\n\t\t\t\t<div class=\"elementor-element elementor-element-53600d2 elementor-widget elementor-widget-heading\" data-id=\"53600d2\" data-element_type=\"widget\" data-e-type=\"widget\" data-widget_type=\"heading.default\">\n\t\t\t\t<div class=\"elementor-widget-container\">\n\t\t\t\t\t<h4 class=\"elementor-heading-title elementor-size-default\">Supuestos de especial complejidad o cuant\u00eda elevada (a partir de 50.000 \u20ac)<\/h4>\t\t\t\t<\/div>\n\t\t\t\t<\/div>\n\t\t\t\t<div class=\"elementor-element elementor-element-6fe93cc elementor-widget elementor-widget-text-editor\" data-id=\"6fe93cc\" data-element_type=\"widget\" data-e-type=\"widget\" data-widget_type=\"text-editor.default\">\n\t\t\t\t<div class=\"elementor-widget-container\">\n\t\t\t\t\t\t\t\t\t<p>En estos supuestos, tras la celebraci\u00f3n de la sesi\u00f3n inicial y previo informe suficientemente razonado de la persona conciliadora, la responsable de la comisi\u00f3n de MASC, por delegaci\u00f3n de la junta de gobierno, podr\u00e1 elevar y fijar discrecionalmente los derechos por la prestaci\u00f3n del servicio de conciliaci\u00f3n si el asunto es de especial complejidad.<\/p>\n<p>Si la cuant\u00eda del asunto objeto de discusi\u00f3n fuera superior a 50.000,00 \u20ac, adem\u00e1s de la cantidad que resulte de lo anterior, se aplicar\u00e1 la siguiente TABLA:<\/p>\t\t\t\t\t\t\t\t<\/div>\n\t\t\t\t<\/div>\n\t\t\t\t<div class=\"elementor-element elementor-element-8e19290 elementor-widget elementor-widget-html\" data-id=\"8e19290\" data-element_type=\"widget\" data-e-type=\"widget\" data-widget_type=\"html.default\">\n\t\t\t\t<div class=\"elementor-widget-container\">\n\t\t\t\t\t<table style=\"width:100%; border-collapse:collapse; margin-top:30px; text-align:center;\">\r\n  <thead>\r\n    <tr style=\"background-color:#004a99; color:#fff;\">\r\n      <th style=\"padding:10px; border:1px solid #ccc;\">BASE<\/th>\r\n      <th style=\"padding:10px; border:1px solid #ccc;\">EUROS FIJOS<\/th>\r\n      <th style=\"padding:10px; border:1px solid #ccc;\">RESTO DE BASE<\/th>\r\n      <th style=\"padding:10px; border:1px solid #ccc;\">PORCENTAJE<\/th>\r\n    <\/tr>\r\n  <\/thead>\r\n  <tbody>\r\n    <tr>\r\n      <td style=\"border:1px solid #ccc; padding:10px;\">50.000 \u20ac<\/td>\r\n      <td style=\"border:1px solid #ccc; padding:10px;\">500 \u20ac<\/td>\r\n      <td style=\"border:1px solid #ccc; padding:10px;\">Hasta 100.000 \u20ac<\/td>\r\n      <td style=\"border:1px solid #ccc; padding:10px;\">1,00 %<\/td>\r\n    <\/tr>\r\n    <tr>\r\n      <td style=\"border:1px solid #ccc; padding:10px;\">100.000 \u20ac<\/td>\r\n      <td style=\"border:1px solid #ccc; padding:10px;\">1.000 \u20ac<\/td>\r\n      <td style=\"border:1px solid #ccc; padding:10px;\">Hasta 300.000 \u20ac<\/td>\r\n      <td style=\"border:1px solid #ccc; padding:10px;\">0,50 %<\/td>\r\n    <\/tr>\r\n    <tr>\r\n      <td style=\"border:1px solid #ccc; padding:10px;\">300.000 \u20ac<\/td>\r\n      <td style=\"border:1px solid #ccc; padding:10px;\">2.200 \u20ac<\/td>\r\n      <td style=\"border:1px solid #ccc; padding:10px;\">Hasta 600.000 \u20ac<\/td>\r\n      <td style=\"border:1px solid #ccc; padding:10px;\">0,25 %<\/td>\r\n    <\/tr>\r\n    <tr>\r\n      <td style=\"border:1px solid #ccc; padding:10px;\">600.000 \u20ac<\/td>\r\n      <td style=\"border:1px solid #ccc; padding:10px;\">4.000 \u20ac<\/td>\r\n      <td style=\"border:1px solid #ccc; padding:10px;\">En adelante<\/td>\r\n      <td style=\"border:1px solid #ccc; padding:10px;\">0,10 %<\/td>\r\n    <\/tr>\r\n  <\/tbody>\r\n<\/table>\r\n\t\t\t\t<\/div>\n\t\t\t\t<\/div>\n\t\t\t\t\t<\/div>\n\t\t<\/div>\n\t\t\t\t\t<\/div>\n\t\t<\/section>\n\t\t\t\t<section class=\"elementor-section elementor-top-section elementor-element elementor-element-bcabf3c elementor-section-full_width elementor-section-height-default elementor-section-height-default\" data-id=\"bcabf3c\" data-element_type=\"section\" data-e-type=\"section\">\n\t\t\t\t\t\t<div class=\"elementor-container elementor-column-gap-default\">\n\t\t\t\t\t<div class=\"elementor-column elementor-col-100 elementor-top-column elementor-element elementor-element-7225704\" data-id=\"7225704\" data-element_type=\"column\" data-e-type=\"column\">\n\t\t\t<div class=\"elementor-widget-wrap elementor-element-populated\">\n\t\t\t\t\t\t<div class=\"elementor-element elementor-element-ecc58e8 elementor-widget elementor-widget-heading\" data-id=\"ecc58e8\" data-element_type=\"widget\" data-e-type=\"widget\" data-widget_type=\"heading.default\">\n\t\t\t\t<div class=\"elementor-widget-container\">\n\t\t\t\t\t<h3 class=\"elementor-heading-title elementor-size-default\">Contacto<\/h3>\t\t\t\t<\/div>\n\t\t\t\t<\/div>\n\t\t\t\t<div class=\"elementor-element elementor-element-8940f21 elementor-widget elementor-widget-heading\" data-id=\"8940f21\" data-element_type=\"widget\" data-e-type=\"widget\" data-widget_type=\"heading.default\">\n\t\t\t\t<div class=\"elementor-widget-container\">\n\t\t\t\t\t<h4 class=\"elementor-heading-title elementor-size-default\">Centro de Conciliaci\u00f3n Privada del ICA C\u00f3rdoba<\/h4>\t\t\t\t<\/div>\n\t\t\t\t<\/div>\n\t\t\t\t<div class=\"elementor-element elementor-element-d0a61bb elementor-widget elementor-widget-text-editor\" data-id=\"d0a61bb\" data-element_type=\"widget\" data-e-type=\"widget\" data-widget_type=\"text-editor.default\">\n\t\t\t\t<div class=\"elementor-widget-container\">\n\t\t\t\t\t\t\t\t\t<p style=\"text-align: center;\">Para solicitar una conciliaci\u00f3n o recibir informaci\u00f3n adicional, puede escribir a:\u00a0<br data-start=\"6201\" data-end=\"6204\" \/><a class=\"decorated-link cursor-pointer\" href=\"mailto:centroconciliacion@icacordoba.com\" target=\"_blank\" rel=\"noopener\" data-start=\"6211\" data-end=\"6288\">centroconciliacion@icacordoba.com<\/a><\/p>\t\t\t\t\t\t\t\t<\/div>\n\t\t\t\t<\/div>\n\t\t\t\t\t<\/div>\n\t\t<\/div>\n\t\t\t\t\t<\/div>\n\t\t<\/section>\n\t\t\t\t<\/div>\n\t\t","protected":false},"excerpt":{"rendered":"<p>Centro de Conciliaci\u00f3n Privada Colegio de la Abogac\u00eda de C\u00f3rdoba La Ley Org\u00e1nica 1\/2025, de 2 de enero, de medidas en materia de eficiencia del Servicio P\u00fablico de Justicia ha introducido un cambio fundamental en la Administraci\u00f3n de Justicia, promoviendo los Medios Adecuados de Soluci\u00f3n de Controversias (MASC) como una v\u00eda preferente para la gesti\u00f3n [&hellip;]<\/p>\n","protected":false},"author":1,"featured_media":0,"comment_status":"open","ping_status":"open","sticky":false,"template":"","format":"standard","meta":{"footnotes":""},"categories":[1],"tags":[],"class_list":["post-18242","post","type-post","status-publish","format-standard","hentry","category-uncategorized"],"_links":{"self":[{"href":"https:\/\/cms.icacordoba.23sd.es\/index.php\/wp-json\/wp\/v2\/posts\/18242","targetHints":{"allow":["GET"]}}],"collection":[{"href":"https:\/\/cms.icacordoba.23sd.es\/index.php\/wp-json\/wp\/v2\/posts"}],"about":[{"href":"https:\/\/cms.icacordoba.23sd.es\/index.php\/wp-json\/wp\/v2\/types\/post"}],"author":[{"embeddable":true,"href":"https:\/\/cms.icacordoba.23sd.es\/index.php\/wp-json\/wp\/v2\/users\/1"}],"replies":[{"embeddable":true,"href":"https:\/\/cms.icacordoba.23sd.es\/index.php\/wp-json\/wp\/v2\/comments?post=18242"}],"version-history":[{"count":147,"href":"https:\/\/cms.icacordoba.23sd.es\/index.php\/wp-json\/wp\/v2\/posts\/18242\/revisions"}],"predecessor-version":[{"id":19898,"href":"https:\/\/cms.icacordoba.23sd.es\/index.php\/wp-json\/wp\/v2\/posts\/18242\/revisions\/19898"}],"wp:attachment":[{"href":"https:\/\/cms.icacordoba.23sd.es\/index.php\/wp-json\/wp\/v2\/media?parent=18242"}],"wp:term":[{"taxonomy":"category","embeddable":true,"href":"https:\/\/cms.icacordoba.23sd.es\/index.php\/wp-json\/wp\/v2\/categories?post=18242"},{"taxonomy":"post_tag","embeddable":true,"href":"https:\/\/cms.icacordoba.23sd.es\/index.php\/wp-json\/wp\/v2\/tags?post=18242"}],"curies":[{"name":"wp","href":"https:\/\/api.w.org\/{rel}","templated":true}]}}