{"id":18192,"date":"2026-01-09T12:31:50","date_gmt":"2026-01-09T12:31:50","guid":{"rendered":"https:\/\/cms.icacordoba.23sd.es\/index.php\/18192\/"},"modified":"2026-01-09T12:38:40","modified_gmt":"2026-01-09T12:38:40","slug":"legislacion-semanal-del-5-al-9-de-enero-de-2026","status":"publish","type":"post","link":"https:\/\/cms.icacordoba.23sd.es\/index.php\/18192\/","title":{"rendered":"Legislaci\u00f3n Semanal del 5 al 9 de enero de 2026"},"content":{"rendered":"\t\t<div data-elementor-type=\"wp-post\" data-elementor-id=\"18192\" class=\"elementor elementor-18192\" data-elementor-post-type=\"post\">\n\t\t\t\t\t\t<section class=\"elementor-section elementor-top-section elementor-element elementor-element-805b231 elementor-section-boxed elementor-section-height-default elementor-section-height-default\" data-id=\"805b231\" data-element_type=\"section\" data-e-type=\"section\">\n\t\t\t\t\t\t<div class=\"elementor-container elementor-column-gap-default\">\n\t\t\t\t\t<div class=\"elementor-column elementor-col-100 elementor-top-column elementor-element elementor-element-5d96351\" data-id=\"5d96351\" data-element_type=\"column\" data-e-type=\"column\">\n\t\t\t<div class=\"elementor-widget-wrap elementor-element-populated\">\n\t\t\t\t\t\t<div class=\"elementor-element elementor-element-6925ad6 elementor-widget elementor-widget-heading\" data-id=\"6925ad6\" data-element_type=\"widget\" data-e-type=\"widget\" data-widget_type=\"heading.default\">\n\t\t\t\t<div class=\"elementor-widget-container\">\n\t\t\t\t\t<h5 class=\"elementor-heading-title elementor-size-default\">Legislaci\u00f3n Semanal - Del 5 al 9 de Enero de 2026<\/h5>\t\t\t\t<\/div>\n\t\t\t\t<\/div>\n\t\t\t\t\t<\/div>\n\t\t<\/div>\n\t\t\t\t\t<\/div>\n\t\t<\/section>\n\t\t\t\t<section class=\"elementor-section elementor-top-section elementor-element elementor-element-3be176f elementor-section-boxed elementor-section-height-default elementor-section-height-default\" data-id=\"3be176f\" data-element_type=\"section\" data-e-type=\"section\">\n\t\t\t\t\t\t<div class=\"elementor-container elementor-column-gap-default\">\n\t\t\t\t\t<div class=\"elementor-column elementor-col-100 elementor-top-column elementor-element elementor-element-e50ec5e\" data-id=\"e50ec5e\" data-element_type=\"column\" data-e-type=\"column\">\n\t\t\t<div class=\"elementor-widget-wrap elementor-element-populated\">\n\t\t\t\t\t\t<div class=\"elementor-element elementor-element-8337d0b elementor-widget elementor-widget-heading\" data-id=\"8337d0b\" data-element_type=\"widget\" data-e-type=\"widget\" data-widget_type=\"heading.default\">\n\t\t\t\t<div class=\"elementor-widget-container\">\n\t\t\t\t\t<h5 class=\"elementor-heading-title elementor-size-default\">BOLET\u00cdN OFICIAL DEL ESTADO<\/h5>\t\t\t\t<\/div>\n\t\t\t\t<\/div>\n\t\t\t\t<div class=\"elementor-element elementor-element-07b11ac elementor-widget elementor-widget-heading\" data-id=\"07b11ac\" data-element_type=\"widget\" data-e-type=\"widget\" data-widget_type=\"heading.default\">\n\t\t\t\t<div class=\"elementor-widget-container\">\n\t\t\t\t\t<h6 class=\"elementor-heading-title elementor-size-default\">Disposiciones generales \/ Ministerio de Vivienda y Agenda Urbana<\/h6>\t\t\t\t<\/div>\n\t\t\t\t<\/div>\n\t\t\t\t<div class=\"elementor-element elementor-element-50dd15a elementor-widget elementor-widget-text-editor\" data-id=\"50dd15a\" data-element_type=\"widget\" data-e-type=\"widget\" data-widget_type=\"text-editor.default\">\n\t\t\t\t<div class=\"elementor-widget-container\">\n\t\t\t\t\t\t\t\t\t<ul><li><span data-olk-copy-source=\"MessageBody\">Orden VAU\/1560\/2025, de 22 de diciembre, por la que se aprueba el modelo informativo para cada categor\u00eda y tipo de arrendamientos sujetos al art\u00edculo 10.4 del Real Decreto 1312\/2024, de 23 de diciembre, por el que se regula el\u00a0<\/span><a class=\"x_link-build-content\" title=\"https:\/\/go.abogacia.es\/lnk\/AUwAAIpmracAAc4dcDoAABAXVFoAAAAA0zoAAKFsABi_EgBpYLx3n2tqqp3gQx2gdpFO3JgZqAAYIRA\/2\/n-neqZjSe7CWi-ObLRHAWw\/aHR0cHM6Ly93d3cuYm9lLmVzL2JvZS9kaWFzLzIwMjUvMTIvMzEvcGRmcy9CT0UtQS0yMDI1LTI3MTE2LnBkZj91dG1fY2FtcGFpZ249TGVnaXNsYWNpJUMzJUIzbiUyMFNlbWFuYWwlMjAwNSUyMGElMjAwOSUyMGRlJTIwRW5lcm8lMjBkZSUyMDIwMjYmdXRtX21lZGl1bT1lbWFpbCZ1dG1fc291cmNlPU1haWxqZXQ\" href=\"https:\/\/go.abogacia.es\/lnk\/AUwAAIpmracAAc4dcDoAABAXVFoAAAAA0zoAAKFsABi_EgBpYLx3n2tqqp3gQx2gdpFO3JgZqAAYIRA\/2\/n-neqZjSe7CWi-ObLRHAWw\/aHR0cHM6Ly93d3cuYm9lLmVzL2JvZS9kaWFzLzIwMjUvMTIvMzEvcGRmcy9CT0UtQS0yMDI1LTI3MTE2LnBkZj91dG1fY2FtcGFpZ249TGVnaXNsYWNpJUMzJUIzbiUyMFNlbWFuYWwlMjAwNSUyMGElMjAwOSUyMGRlJTIwRW5lcm8lMjBkZSUyMDIwMjYmdXRtX21lZGl1bT1lbWFpbCZ1dG1fc291cmNlPU1haWxqZXQ\" target=\"_blank\" rel=\"noopener\" data-auth=\"NotApplicable\" data-linkindex=\"2\"><u>procedimiento de Registro \u00danico de Arrendamientos y se crea la Ventanilla \u00danica Digital de Arrendamientos para la recogida y el intercambio de datos relativos a los servicios de alquiler de alojamientos de corta duraci\u00f3n<\/u><\/a>.<\/li><\/ul>\t\t\t\t\t\t\t\t<\/div>\n\t\t\t\t<\/div>\n\t\t\t\t<div class=\"elementor-element elementor-element-ce0a152 elementor-widget elementor-widget-heading\" data-id=\"ce0a152\" data-element_type=\"widget\" data-e-type=\"widget\" data-widget_type=\"heading.default\">\n\t\t\t\t<div class=\"elementor-widget-container\">\n\t\t\t\t\t<h6 class=\"elementor-heading-title elementor-size-default\">Disposiciones generales \/ Comunidad Aut\u00f3noma de Andaluc\u00eda<\/h6>\t\t\t\t<\/div>\n\t\t\t\t<\/div>\n\t\t\t\t<div class=\"elementor-element elementor-element-34f6ae0 elementor-widget elementor-widget-text-editor\" data-id=\"34f6ae0\" data-element_type=\"widget\" data-e-type=\"widget\" data-widget_type=\"text-editor.default\">\n\t\t\t\t<div class=\"elementor-widget-container\">\n\t\t\t\t\t\t\t\t\t<ul><li><span data-olk-copy-source=\"MessageBody\">Ley 4\/2025, de 15 de diciembre, de\u00a0<\/span><a class=\"x_link-build-content\" title=\"https:\/\/go.abogacia.es\/lnk\/AUwAAIpmracAAc4dcDoAABAXVFoAAAAA0zoAAKFsABi_EgBpYLx3n2tqqp3gQx2gdpFO3JgZqAAYIRA\/4\/4QeRDHwz_BtrFBPolptBGA\/aHR0cHM6Ly93d3cuYm9lLmVzL2JvZS9kaWFzLzIwMjYvMDEvMDgvcGRmcy9CT0UtQS0yMDI2LTQyMi5wZGY_dXRtX2NhbXBhaWduPUxlZ2lzbGFjaSVDMyVCM24lMjBTZW1hbmFsJTIwMDUlMjBhJTIwMDklMjBkZSUyMEVuZXJvJTIwZGUlMjAyMDI2JnV0bV9tZWRpdW09ZW1haWwmdXRtX3NvdXJjZT1NYWlsamV0\" href=\"https:\/\/go.abogacia.es\/lnk\/AUwAAIpmracAAc4dcDoAABAXVFoAAAAA0zoAAKFsABi_EgBpYLx3n2tqqp3gQx2gdpFO3JgZqAAYIRA\/4\/4QeRDHwz_BtrFBPolptBGA\/aHR0cHM6Ly93d3cuYm9lLmVzL2JvZS9kaWFzLzIwMjYvMDEvMDgvcGRmcy9CT0UtQS0yMDI2LTQyMi5wZGY_dXRtX2NhbXBhaWduPUxlZ2lzbGFjaSVDMyVCM24lMjBTZW1hbmFsJTIwMDUlMjBhJTIwMDklMjBkZSUyMEVuZXJvJTIwZGUlMjAyMDI2JnV0bV9tZWRpdW09ZW1haWwmdXRtX3NvdXJjZT1NYWlsamV0\" target=\"_blank\" rel=\"noopener\" data-auth=\"NotApplicable\" data-linkindex=\"4\"><u>espacios productivos para el fomento de la industria en Andaluc\u00eda<\/u><\/a>.<\/li><li>Ley 5\/2025, de 16 de diciembre, de\u00a0<a class=\"x_link-build-content\" title=\"https:\/\/go.abogacia.es\/lnk\/AUwAAIpmracAAc4dcDoAABAXVFoAAAAA0zoAAKFsABi_EgBpYLx3n2tqqp3gQx2gdpFO3JgZqAAYIRA\/5\/58BsayZJTuGR5YGUsc1XeQ\/aHR0cHM6Ly93d3cuYm9lLmVzL2JvZS9kaWFzLzIwMjYvMDEvMDgvcGRmcy9CT0UtQS0yMDI2LTQyMy5wZGY_dXRtX2NhbXBhaWduPUxlZ2lzbGFjaSVDMyVCM24lMjBTZW1hbmFsJTIwMDUlMjBhJTIwMDklMjBkZSUyMEVuZXJvJTIwZGUlMjAyMDI2JnV0bV9tZWRpdW09ZW1haWwmdXRtX3NvdXJjZT1NYWlsamV0\" href=\"https:\/\/go.abogacia.es\/lnk\/AUwAAIpmracAAc4dcDoAABAXVFoAAAAA0zoAAKFsABi_EgBpYLx3n2tqqp3gQx2gdpFO3JgZqAAYIRA\/5\/58BsayZJTuGR5YGUsc1XeQ\/aHR0cHM6Ly93d3cuYm9lLmVzL2JvZS9kaWFzLzIwMjYvMDEvMDgvcGRmcy9CT0UtQS0yMDI2LTQyMy5wZGY_dXRtX2NhbXBhaWduPUxlZ2lzbGFjaSVDMyVCM24lMjBTZW1hbmFsJTIwMDUlMjBhJTIwMDklMjBkZSUyMEVuZXJvJTIwZGUlMjAyMDI2JnV0bV9tZWRpdW09ZW1haWwmdXRtX3NvdXJjZT1NYWlsamV0\" target=\"_blank\" rel=\"noopener\" data-auth=\"NotApplicable\" data-linkindex=\"5\"><u>Vivienda de Andaluc\u00eda<\/u><\/a>.<\/li><\/ul>\t\t\t\t\t\t\t\t<\/div>\n\t\t\t\t<\/div>\n\t\t\t\t<div class=\"elementor-element elementor-element-19413aa elementor-widget elementor-widget-heading\" data-id=\"19413aa\" data-element_type=\"widget\" data-e-type=\"widget\" data-widget_type=\"heading.default\">\n\t\t\t\t<div class=\"elementor-widget-container\">\n\t\t\t\t\t<h6 class=\"elementor-heading-title elementor-size-default\">Otras disposiciones \/ Ministerio de la Presidencia, Justicia y Relaciones con las Cortes<\/h6>\t\t\t\t<\/div>\n\t\t\t\t<\/div>\n\t\t\t\t<div class=\"elementor-element elementor-element-4b127ab elementor-widget elementor-widget-text-editor\" data-id=\"4b127ab\" data-element_type=\"widget\" data-e-type=\"widget\" data-widget_type=\"text-editor.default\">\n\t\t\t\t<div class=\"elementor-widget-container\">\n\t\t\t\t\t\t\t\t\t<ul><li><span data-olk-copy-source=\"MessageBody\">Real Decreto 12\/2026, de 7 de enero, por el que\u00a0<\/span><a class=\"x_link-build-content\" title=\"https:\/\/go.abogacia.es\/lnk\/AUwAAIpmracAAc4dcDoAABAXVFoAAAAA0zoAAKFsABi_EgBpYLx3n2tqqp3gQx2gdpFO3JgZqAAYIRA\/7\/tkix19uSW5KPZzyUisBqnA\/aHR0cHM6Ly93d3cuYm9lLmVzL2JvZS9kaWFzLzIwMjYvMDEvMDgvcGRmcy9CT0UtQS0yMDI2LTQ1NS5wZGY_dXRtX2NhbXBhaWduPUxlZ2lzbGFjaSVDMyVCM24lMjBTZW1hbmFsJTIwMDUlMjBhJTIwMDklMjBkZSUyMEVuZXJvJTIwZGUlMjAyMDI2JnV0bV9tZWRpdW09ZW1haWwmdXRtX3NvdXJjZT1NYWlsamV0\" href=\"https:\/\/go.abogacia.es\/lnk\/AUwAAIpmracAAc4dcDoAABAXVFoAAAAA0zoAAKFsABi_EgBpYLx3n2tqqp3gQx2gdpFO3JgZqAAYIRA\/7\/tkix19uSW5KPZzyUisBqnA\/aHR0cHM6Ly93d3cuYm9lLmVzL2JvZS9kaWFzLzIwMjYvMDEvMDgvcGRmcy9CT0UtQS0yMDI2LTQ1NS5wZGY_dXRtX2NhbXBhaWduPUxlZ2lzbGFjaSVDMyVCM24lMjBTZW1hbmFsJTIwMDUlMjBhJTIwMDklMjBkZSUyMEVuZXJvJTIwZGUlMjAyMDI2JnV0bV9tZWRpdW09ZW1haWwmdXRtX3NvdXJjZT1NYWlsamV0\" target=\"_blank\" rel=\"noopener\" data-auth=\"NotApplicable\" data-linkindex=\"7\"><u>se concede la Gran Cruz de la Orden de San Raimundo de Pe\u00f1afort a do\u00f1a Francisca Sauquillo P\u00e9rez del Arco<\/u><\/a>.<\/li><\/ul>\t\t\t\t\t\t\t\t<\/div>\n\t\t\t\t<\/div>\n\t\t\t\t<div class=\"elementor-element elementor-element-79bdf2c elementor-widget elementor-widget-heading\" data-id=\"79bdf2c\" data-element_type=\"widget\" data-e-type=\"widget\" data-widget_type=\"heading.default\">\n\t\t\t\t<div class=\"elementor-widget-container\">\n\t\t\t\t\t<h5 class=\"elementor-heading-title elementor-size-default\">CONSEJO DE MINISTROS<\/h5>\t\t\t\t<\/div>\n\t\t\t\t<\/div>\n\t\t\t\t<div class=\"elementor-element elementor-element-04e1f72 elementor-widget elementor-widget-heading\" data-id=\"04e1f72\" data-element_type=\"widget\" data-e-type=\"widget\" data-widget_type=\"heading.default\">\n\t\t\t\t<div class=\"elementor-widget-container\">\n\t\t\t\t\t<h6 class=\"elementor-heading-title elementor-size-default\">Presidencia, Justicia y Relaciones con las Cortes<\/h6>\t\t\t\t<\/div>\n\t\t\t\t<\/div>\n\t\t\t\t<div class=\"elementor-element elementor-element-f102726 elementor-widget elementor-widget-text-editor\" data-id=\"f102726\" data-element_type=\"widget\" data-e-type=\"widget\" data-widget_type=\"text-editor.default\">\n\t\t\t\t<div class=\"elementor-widget-container\">\n\t\t\t\t\t\t\t\t\t<ul><li><span data-olk-copy-source=\"MessageBody\">Anteproyecto de Ley de\u00a0<\/span><a class=\"x_link-build-content\" title=\"https:\/\/go.abogacia.es\/lnk\/AUwAAIpmracAAc4dcDoAABAXVFoAAAAA0zoAAKFsABi_EgBpYLx3n2tqqp3gQx2gdpFO3JgZqAAYIRA\/8\/fz0A17Lu6s31gd5er18_Kw\/aHR0cHM6Ly93d3cubGFtb25jbG9hLmdvYi5lcy9jb25zZWpvZGVtaW5pc3Ryb3MvcmVmZXJlbmNpYXMvUGFnaW5hcy8yMDI2LzIwMjYwMTA3LXJlZmVyZW5jaWEtcnVlZGEtZGUtcHJlbnNhLW1pbmlzdHJvcy5hc3B4P3V0bV9jYW1wYWlnbj1MZWdpc2xhY2klQzMlQjNuJTIwU2VtYW5hbCUyMDA1JTIwYSUyMDA5JTIwZGUlMjBFbmVybyUyMGRlJTIwMjAyNiZ1dG1fbWVkaXVtPWVtYWlsJnV0bV9zb3VyY2U9TWFpbGpldCNjb25zdW1v#consumo\" href=\"https:\/\/go.abogacia.es\/lnk\/AUwAAIpmracAAc4dcDoAABAXVFoAAAAA0zoAAKFsABi_EgBpYLx3n2tqqp3gQx2gdpFO3JgZqAAYIRA\/8\/fz0A17Lu6s31gd5er18_Kw\/aHR0cHM6Ly93d3cubGFtb25jbG9hLmdvYi5lcy9jb25zZWpvZGVtaW5pc3Ryb3MvcmVmZXJlbmNpYXMvUGFnaW5hcy8yMDI2LzIwMjYwMTA3LXJlZmVyZW5jaWEtcnVlZGEtZGUtcHJlbnNhLW1pbmlzdHJvcy5hc3B4P3V0bV9jYW1wYWlnbj1MZWdpc2xhY2klQzMlQjNuJTIwU2VtYW5hbCUyMDA1JTIwYSUyMDA5JTIwZGUlMjBFbmVybyUyMGRlJTIwMjAyNiZ1dG1fbWVkaXVtPWVtYWlsJnV0bV9zb3VyY2U9TWFpbGpldCNjb25zdW1v#consumo\" target=\"_blank\" rel=\"noopener\" data-auth=\"NotApplicable\" data-linkindex=\"8\"><u>contratos de cr\u00e9dito al consumo<\/u><\/a>, a los efectos previstos en el art\u00edculo 26.4 de la Ley 50\/1997, de 27 de noviembre, del Gobierno.<\/li><\/ul>\t\t\t\t\t\t\t\t<\/div>\n\t\t\t\t<\/div>\n\t\t\t\t<div class=\"elementor-element elementor-element-e89a77f elementor-widget elementor-widget-heading\" data-id=\"e89a77f\" data-element_type=\"widget\" data-e-type=\"widget\" data-widget_type=\"heading.default\">\n\t\t\t\t<div class=\"elementor-widget-container\">\n\t\t\t\t\t<h5 class=\"elementor-heading-title elementor-size-default\">AUDIENCIA E INFORMACI\u00d3N P\u00daBLICA<\/h5>\t\t\t\t<\/div>\n\t\t\t\t<\/div>\n\t\t\t\t<div class=\"elementor-element elementor-element-3106dbe elementor-widget elementor-widget-heading\" data-id=\"3106dbe\" data-element_type=\"widget\" data-e-type=\"widget\" data-widget_type=\"heading.default\">\n\t\t\t\t<div class=\"elementor-widget-container\">\n\t\t\t\t\t<h6 class=\"elementor-heading-title elementor-size-default\">Ministerio de Econom\u00eda, Comerio y Empresa<\/h6>\t\t\t\t<\/div>\n\t\t\t\t<\/div>\n\t\t\t\t<div class=\"elementor-element elementor-element-be154ec elementor-widget elementor-widget-text-editor\" data-id=\"be154ec\" data-element_type=\"widget\" data-e-type=\"widget\" data-widget_type=\"text-editor.default\">\n\t\t\t\t<div class=\"elementor-widget-container\">\n\t\t\t\t\t\t\t\t\t<ul><li><span data-olk-copy-source=\"MessageBody\">Anteproyecto de Ley de<\/span><a class=\"x_link-build-content\" title=\"https:\/\/go.abogacia.es\/lnk\/AUwAAIpmracAAc4dcDoAABAXVFoAAAAA0zoAAKFsABi_EgBpYLx3n2tqqp3gQx2gdpFO3JgZqAAYIRA\/9\/N57wSV1svoYFXQ-MjptK_g\/aHR0cHM6Ly9wb3J0YWwubWluZWNvLmdvYi5lcy9lcy1lcy9taW5pc3RlcmlvL3BhcnRpY2lwYWNpb25wdWJsaWNhL2F1ZGllbmNpYXB1YmxpY2EvUGFnaW5hcy9hbnRlcHJveWVjdG8tbGV5LWNvbnRyYXRvcy1jcmVkaXRvLWNvbnN1bW8uYXNweD91dG1fY2FtcGFpZ249TGVnaXNsYWNpJUMzJUIzbiUyMFNlbWFuYWwlMjAwNSUyMGElMjAwOSUyMGRlJTIwRW5lcm8lMjBkZSUyMDIwMjYmdXRtX21lZGl1bT1lbWFpbCZ1dG1fc291cmNlPU1haWxqZXQ\" href=\"https:\/\/go.abogacia.es\/lnk\/AUwAAIpmracAAc4dcDoAABAXVFoAAAAA0zoAAKFsABi_EgBpYLx3n2tqqp3gQx2gdpFO3JgZqAAYIRA\/9\/N57wSV1svoYFXQ-MjptK_g\/aHR0cHM6Ly9wb3J0YWwubWluZWNvLmdvYi5lcy9lcy1lcy9taW5pc3RlcmlvL3BhcnRpY2lwYWNpb25wdWJsaWNhL2F1ZGllbmNpYXB1YmxpY2EvUGFnaW5hcy9hbnRlcHJveWVjdG8tbGV5LWNvbnRyYXRvcy1jcmVkaXRvLWNvbnN1bW8uYXNweD91dG1fY2FtcGFpZ249TGVnaXNsYWNpJUMzJUIzbiUyMFNlbWFuYWwlMjAwNSUyMGElMjAwOSUyMGRlJTIwRW5lcm8lMjBkZSUyMDIwMjYmdXRtX21lZGl1bT1lbWFpbCZ1dG1fc291cmNlPU1haWxqZXQ\" target=\"_blank\" rel=\"noopener\" data-auth=\"NotApplicable\" data-linkindex=\"9\"><u>\u00a0contratos de cr\u00e9dito al consumo<\/u><\/a>.<\/li><li>Proyecto de Real Decreto por el que\u00a0<a class=\"x_link-build-content\" title=\"https:\/\/go.abogacia.es\/lnk\/AUwAAIpmracAAc4dcDoAABAXVFoAAAAA0zoAAKFsABi_EgBpYLx3n2tqqp3gQx2gdpFO3JgZqAAYIRA\/10\/_Z8IHxHg-q1a4NTVovhkbA\/aHR0cHM6Ly9wb3J0YWwubWluZWNvLmdvYi5lcy9lcy1lcy9taW5pc3RlcmlvL3BhcnRpY2lwYWNpb25wdWJsaWNhL2F1ZGllbmNpYXB1YmxpY2EvUGFnaW5hcy9QUkQtZGVzYXJyb2xsYS1MZXktY29udHJhdG9zLWNyZWRpdG8tY29uc3Vtby1tb2RpZmljYS1SRC1zb2JyZS1yZWdpbWVuLWp1cmlkaWNvLWVzdGFibGVjaW1pZW50b3MtZmluYW5jaWVyb3MtY3JlZGl0by5hc3B4P3V0bV9jYW1wYWlnbj1MZWdpc2xhY2klQzMlQjNuJTIwU2VtYW5hbCUyMDA1JTIwYSUyMDA5JTIwZGUlMjBFbmVybyUyMGRlJTIwMjAyNiZ1dG1fbWVkaXVtPWVtYWlsJnV0bV9zb3VyY2U9TWFpbGpldA\" href=\"https:\/\/go.abogacia.es\/lnk\/AUwAAIpmracAAc4dcDoAABAXVFoAAAAA0zoAAKFsABi_EgBpYLx3n2tqqp3gQx2gdpFO3JgZqAAYIRA\/10\/_Z8IHxHg-q1a4NTVovhkbA\/aHR0cHM6Ly9wb3J0YWwubWluZWNvLmdvYi5lcy9lcy1lcy9taW5pc3RlcmlvL3BhcnRpY2lwYWNpb25wdWJsaWNhL2F1ZGllbmNpYXB1YmxpY2EvUGFnaW5hcy9QUkQtZGVzYXJyb2xsYS1MZXktY29udHJhdG9zLWNyZWRpdG8tY29uc3Vtby1tb2RpZmljYS1SRC1zb2JyZS1yZWdpbWVuLWp1cmlkaWNvLWVzdGFibGVjaW1pZW50b3MtZmluYW5jaWVyb3MtY3JlZGl0by5hc3B4P3V0bV9jYW1wYWlnbj1MZWdpc2xhY2klQzMlQjNuJTIwU2VtYW5hbCUyMDA1JTIwYSUyMDA5JTIwZGUlMjBFbmVybyUyMGRlJTIwMjAyNiZ1dG1fbWVkaXVtPWVtYWlsJnV0bV9zb3VyY2U9TWFpbGpldA\" target=\"_blank\" rel=\"noopener\" data-auth=\"NotApplicable\" data-linkindex=\"10\"><u>se desarrolla la Ley de contratos de cr\u00e9dito al consumo y se modifica el Real Decreto sobre el r\u00e9gimen jur\u00eddico de los establecimientos financieros de cr\u00e9dito.<\/u><\/a><\/li><\/ul>\t\t\t\t\t\t\t\t<\/div>\n\t\t\t\t<\/div>\n\t\t\t\t<div class=\"elementor-element elementor-element-d618991 elementor-widget elementor-widget-heading\" data-id=\"d618991\" data-element_type=\"widget\" data-e-type=\"widget\" data-widget_type=\"heading.default\">\n\t\t\t\t<div class=\"elementor-widget-container\">\n\t\t\t\t\t<h5 class=\"elementor-heading-title elementor-size-default\">CONSULTA P\u00daBLICA<\/h5>\t\t\t\t<\/div>\n\t\t\t\t<\/div>\n\t\t\t\t<div class=\"elementor-element elementor-element-d2b2c4c elementor-widget elementor-widget-heading\" data-id=\"d2b2c4c\" data-element_type=\"widget\" data-e-type=\"widget\" data-widget_type=\"heading.default\">\n\t\t\t\t<div class=\"elementor-widget-container\">\n\t\t\t\t\t<h6 class=\"elementor-heading-title elementor-size-default\">Ministerio de Trabajo y Econom\u00eda Social<\/h6>\t\t\t\t<\/div>\n\t\t\t\t<\/div>\n\t\t\t\t<div class=\"elementor-element elementor-element-4f49489 elementor-widget elementor-widget-text-editor\" data-id=\"4f49489\" data-element_type=\"widget\" data-e-type=\"widget\" data-widget_type=\"text-editor.default\">\n\t\t\t\t<div class=\"elementor-widget-container\">\n\t\t\t\t\t\t\t\t\t<ul><li><span data-olk-copy-source=\"MessageBody\">Consulta p\u00fablica previa a la elaboraci\u00f3n de un anteproyecto de ley de modificaci\u00f3n de la ley 31\/1995, de 8 de noviembre, de<\/span><a class=\"x_link-build-content\" title=\"https:\/\/go.abogacia.es\/lnk\/AUwAAIpmracAAc4dcDoAABAXVFoAAAAA0zoAAKFsABi_EgBpYLx3n2tqqp3gQx2gdpFO3JgZqAAYIRA\/11\/z6LG7npiMR9daSp0K1iuBA\/aHR0cHM6Ly9leHBpbnRlcndlYi5taXRlcy5nb2IuZXMvcGFydGljaXBhL2xpc3RhZG8_dHJhbWl0ZT0yJmVzdGFkbz0xJnV0bV9jYW1wYWlnbj1MZWdpc2xhY2klQzMlQjNuJTIwU2VtYW5hbCUyMDA1JTIwYSUyMDA5JTIwZGUlMjBFbmVybyUyMGRlJTIwMjAyNiZ1dG1fbWVkaXVtPWVtYWlsJnV0bV9zb3VyY2U9TWFpbGpldA\" href=\"https:\/\/go.abogacia.es\/lnk\/AUwAAIpmracAAc4dcDoAABAXVFoAAAAA0zoAAKFsABi_EgBpYLx3n2tqqp3gQx2gdpFO3JgZqAAYIRA\/11\/z6LG7npiMR9daSp0K1iuBA\/aHR0cHM6Ly9leHBpbnRlcndlYi5taXRlcy5nb2IuZXMvcGFydGljaXBhL2xpc3RhZG8_dHJhbWl0ZT0yJmVzdGFkbz0xJnV0bV9jYW1wYWlnbj1MZWdpc2xhY2klQzMlQjNuJTIwU2VtYW5hbCUyMDA1JTIwYSUyMDA5JTIwZGUlMjBFbmVybyUyMGRlJTIwMjAyNiZ1dG1fbWVkaXVtPWVtYWlsJnV0bV9zb3VyY2U9TWFpbGpldA\" target=\"_blank\" rel=\"noopener\" data-auth=\"NotApplicable\" data-linkindex=\"11\"><u>\u00a0prevenci\u00f3n de riesgos laborales y del reglamento de los servicios de prevenci\u00f3n,<\/u><\/a>\u00a0aprobado por el real decreto 39\/1997, de 17 de enero.<\/li><\/ul>\t\t\t\t\t\t\t\t<\/div>\n\t\t\t\t<\/div>\n\t\t\t\t<div class=\"elementor-element elementor-element-5898118 elementor-widget elementor-widget-heading\" data-id=\"5898118\" data-element_type=\"widget\" data-e-type=\"widget\" data-widget_type=\"heading.default\">\n\t\t\t\t<div class=\"elementor-widget-container\">\n\t\t\t\t\t<h5 class=\"elementor-heading-title elementor-size-default\">BOLET\u00cdN OFICIAL DE LA JUNTA DE ANDALUC\u00cdA<\/h5>\t\t\t\t<\/div>\n\t\t\t\t<\/div>\n\t\t\t\t<div class=\"elementor-element elementor-element-00ed6c2 elementor-widget elementor-widget-heading\" data-id=\"00ed6c2\" data-element_type=\"widget\" data-e-type=\"widget\" data-widget_type=\"heading.default\">\n\t\t\t\t<div class=\"elementor-widget-container\">\n\t\t\t\t\t<h6 class=\"elementor-heading-title elementor-size-default\">Disposiciones generales \/ Presidencia<\/h6>\t\t\t\t<\/div>\n\t\t\t\t<\/div>\n\t\t\t\t<div class=\"elementor-element elementor-element-6940b66 elementor-widget elementor-widget-text-editor\" data-id=\"6940b66\" data-element_type=\"widget\" data-e-type=\"widget\" data-widget_type=\"text-editor.default\">\n\t\t\t\t<div class=\"elementor-widget-container\">\n\t\t\t\t\t\t\t\t\t<ul><li><span data-olk-copy-source=\"MessageBody\">Ley 7\/2025, de 22 de diciembre, del\u00a0<\/span><a class=\"x_link-build-content\" title=\"https:\/\/go.abogacia.es\/lnk\/AUwAAIpmracAAc4dcDoAABAXVFoAAAAA0zoAAKFsABi_EgBpYLx3n2tqqp3gQx2gdpFO3JgZqAAYIRA\/12\/_CRNQxAnN_glXf5g-KScMw\/aHR0cHM6Ly93d3cuanVudGFkZWFuZGFsdWNpYS5lcy9lYm9qYS8yMDI1LzI1MS9CT0pBMjUtMjUxLTAwMTA3LTE3NDQwLTAxXzAwMzMxMDM3LnBkZj91dG1fY2FtcGFpZ249TGVnaXNsYWNpJUMzJUIzbiUyMFNlbWFuYWwlMjAwNSUyMGElMjAwOSUyMGRlJTIwRW5lcm8lMjBkZSUyMDIwMjYmdXRtX21lZGl1bT1lbWFpbCZ1dG1fc291cmNlPU1haWxqZXQ\" href=\"https:\/\/go.abogacia.es\/lnk\/AUwAAIpmracAAc4dcDoAABAXVFoAAAAA0zoAAKFsABi_EgBpYLx3n2tqqp3gQx2gdpFO3JgZqAAYIRA\/12\/_CRNQxAnN_glXf5g-KScMw\/aHR0cHM6Ly93d3cuanVudGFkZWFuZGFsdWNpYS5lcy9lYm9qYS8yMDI1LzI1MS9CT0pBMjUtMjUxLTAwMTA3LTE3NDQwLTAxXzAwMzMxMDM3LnBkZj91dG1fY2FtcGFpZ249TGVnaXNsYWNpJUMzJUIzbiUyMFNlbWFuYWwlMjAwNSUyMGElMjAwOSUyMGRlJTIwRW5lcm8lMjBkZSUyMDIwMjYmdXRtX21lZGl1bT1lbWFpbCZ1dG1fc291cmNlPU1haWxqZXQ\" target=\"_blank\" rel=\"noopener\" data-auth=\"NotApplicable\" data-linkindex=\"12\"><u>Patrimonio de la Comunidad Aut\u00f3noma de Andaluc\u00eda<\/u><\/a>.<\/li><\/ul>\t\t\t\t\t\t\t\t<\/div>\n\t\t\t\t<\/div>\n\t\t\t\t\t<\/div>\n\t\t<\/div>\n\t\t\t\t\t<\/div>\n\t\t<\/section>\n\t\t\t\t<\/div>\n\t\t","protected":false},"excerpt":{"rendered":"<p>Legislaci\u00f3n Semanal &#8211; Del 5 al 9 de Enero de 2026 BOLET\u00cdN OFICIAL DEL ESTADO Disposiciones generales \/ Ministerio de Vivienda y Agenda Urbana Orden VAU\/1560\/2025, de 22 de diciembre, por la que se aprueba el modelo informativo para cada categor\u00eda y tipo de arrendamientos sujetos al art\u00edculo 10.4 del Real Decreto 1312\/2024, de 23 [&hellip;]<\/p>\n","protected":false},"author":1,"featured_media":0,"comment_status":"open","ping_status":"open","sticky":false,"template":"","format":"standard","meta":{"footnotes":""},"categories":[1],"tags":[],"class_list":["post-18192","post","type-post","status-publish","format-standard","hentry","category-uncategorized"],"_links":{"self":[{"href":"https:\/\/cms.icacordoba.23sd.es\/index.php\/wp-json\/wp\/v2\/posts\/18192","targetHints":{"allow":["GET"]}}],"collection":[{"href":"https:\/\/cms.icacordoba.23sd.es\/index.php\/wp-json\/wp\/v2\/posts"}],"about":[{"href":"https:\/\/cms.icacordoba.23sd.es\/index.php\/wp-json\/wp\/v2\/types\/post"}],"author":[{"embeddable":true,"href":"https:\/\/cms.icacordoba.23sd.es\/index.php\/wp-json\/wp\/v2\/users\/1"}],"replies":[{"embeddable":true,"href":"https:\/\/cms.icacordoba.23sd.es\/index.php\/wp-json\/wp\/v2\/comments?post=18192"}],"version-history":[{"count":3,"href":"https:\/\/cms.icacordoba.23sd.es\/index.php\/wp-json\/wp\/v2\/posts\/18192\/revisions"}],"predecessor-version":[{"id":18195,"href":"https:\/\/cms.icacordoba.23sd.es\/index.php\/wp-json\/wp\/v2\/posts\/18192\/revisions\/18195"}],"wp:attachment":[{"href":"https:\/\/cms.icacordoba.23sd.es\/index.php\/wp-json\/wp\/v2\/media?parent=18192"}],"wp:term":[{"taxonomy":"category","embeddable":true,"href":"https:\/\/cms.icacordoba.23sd.es\/index.php\/wp-json\/wp\/v2\/categories?post=18192"},{"taxonomy":"post_tag","embeddable":true,"href":"https:\/\/cms.icacordoba.23sd.es\/index.php\/wp-json\/wp\/v2\/tags?post=18192"}],"curies":[{"name":"wp","href":"https:\/\/api.w.org\/{rel}","templated":true}]}}