{"id":18147,"date":"2026-01-07T11:50:35","date_gmt":"2026-01-07T11:50:35","guid":{"rendered":"https:\/\/cms.icacordoba.23sd.es\/index.php\/18147\/"},"modified":"2026-01-08T08:40:21","modified_gmt":"2026-01-08T08:40:21","slug":"noticia-xi-foro-concursal-societario-ciudad-de-cordoba","status":"publish","type":"post","link":"https:\/\/cms.icacordoba.23sd.es\/index.php\/18147\/","title":{"rendered":"NOTICIA \u00bb XI Foro Concursal Societario Ciudad de C\u00f3rdoba"},"content":{"rendered":"\t\t<div data-elementor-type=\"wp-post\" data-elementor-id=\"18147\" class=\"elementor elementor-18147\" data-elementor-post-type=\"post\">\n\t\t\t\t\t\t<section class=\"elementor-section elementor-top-section elementor-element elementor-element-a53f340 elementor-section-full_width elementor-section-height-default elementor-section-height-default\" data-id=\"a53f340\" data-element_type=\"section\" data-e-type=\"section\">\n\t\t\t\t\t\t<div class=\"elementor-container elementor-column-gap-default\">\n\t\t\t\t\t<div class=\"elementor-column elementor-col-66 elementor-top-column elementor-element elementor-element-1508b7c\" data-id=\"1508b7c\" data-element_type=\"column\" data-e-type=\"column\">\n\t\t\t<div class=\"elementor-widget-wrap elementor-element-populated\">\n\t\t\t\t\t\t<div class=\"elementor-element elementor-element-c5e2277 elementor-widget elementor-widget-text-editor\" data-id=\"c5e2277\" data-element_type=\"widget\" data-e-type=\"widget\" data-widget_type=\"text-editor.default\">\n\t\t\t\t<div class=\"elementor-widget-container\">\n\t\t\t\t\t\t\t\t\t<p>El Foro Concursal Societario Ciudad de C\u00f3rdoba, organizado conjuntamente por el Colegio de Economistas de C\u00f3rdoba y el Colegio de la Abogac\u00eda de C\u00f3rdoba, celebra su und\u00e9cima edici\u00f3n, consolid\u00e1ndose como una iniciativa de referencia que proyecta la tradicional vocaci\u00f3n formativa de ambas corporaciones.<\/p><p>A lo largo de su trayectoria, el Foro se ha convertido en uno de los encuentros de car\u00e1cter permanente y celebraci\u00f3n anual m\u00e1s veteranos del panorama nacional en materia concursal y\u00a0societaria. Este reconocimiento ha sido posible gracias al compromiso sostenido de los colegios\u00a0organizadores y, de forma muy especial, al apoyo y participaci\u00f3n de los profesionales, ponentes\u00a0y asistentes, cuyo inter\u00e9s ha contribuido decisivamente a su consolidaci\u00f3n y prestigio.<\/p><p>Las sesiones podr\u00e1n seguirse tanto en modalidad presencial como online, manteni\u00e9ndose el formato abierto, din\u00e1mico y eminentemente pr\u00e1ctico que caracteriza al Foro. Dicho formato se articula en torno al comentario y an\u00e1lisis de resoluciones judiciales y de los criterios aplicados por magistrados de distintas plazas, favoreciendo el debate directo entre ponentes y asistentes y el tratamiento de cuestiones de m\u00e1xima actualidad en el \u00e1mbito mercantil y concursal.<\/p><p><strong>Los profesionales de la Abogac\u00eda colegiados que deseen inscribirse en el Listado de Administradores Concursales para el pr\u00f3ximo a\u00f1o 2027, ser\u00e1 de obligada asistencia las jornadas previstas para los d\u00edas 12 de febrero y 19 de marzo de 2026.<\/strong><\/p><p>Como sab\u00e9is<u>,<\/u>\u00a0<u>para estar incluido en dicha lista se exigir\u00e1 un total de 20 horas de formaci\u00f3n en cursos durante el a\u00f1o 2026, de las que evidentemente se descontar\u00e1n las efectuadas en este curso. A lo largo del a\u00f1o, en la medida de lo posible, intentaremos llevar a cabo diversos cursos de formaci\u00f3n para completar hasta las indicadas 20 horas.<\/u><\/p><p data-testid=\"3UK9FvO5V3jV\"><u>Se exime de la asistencia obligatoria a aquellos letrados que acrediten formaci\u00f3n complementaria de 20 horas en materia concursal durante el a\u00f1o 2026.<\/u><\/p>\t\t\t\t\t\t\t\t<\/div>\n\t\t\t\t<\/div>\n\t\t\t\t<div class=\"elementor-element elementor-element-3c4b9e4 elementor-button-info elementor-widget elementor-widget-button\" data-id=\"3c4b9e4\" data-element_type=\"widget\" data-e-type=\"widget\" data-widget_type=\"button.default\">\n\t\t\t\t<div class=\"elementor-widget-container\">\n\t\t\t\t\t\t\t\t\t<div class=\"elementor-button-wrapper\">\n\t\t\t\t\t<a class=\"elementor-button elementor-button-link elementor-size-sm\" href=\"https:\/\/cms.icacordoba.23sd.es\/wp-content\/uploads\/2026\/01\/XI-FORO-CONCURSAL-SOCIETARIO-CIUDAD-DE-CORDOBA_ICACORDOBA_OK.pdf\" target=\"_blank\">\n\t\t\t\t\t\t<span class=\"elementor-button-content-wrapper\">\n\t\t\t\t\t\t\t\t\t<span class=\"elementor-button-text\">DECARGA EL PROGRAMA<\/span>\n\t\t\t\t\t<\/span>\n\t\t\t\t\t<\/a>\n\t\t\t\t<\/div>\n\t\t\t\t\t\t\t\t<\/div>\n\t\t\t\t<\/div>\n\t\t\t\t\t<\/div>\n\t\t<\/div>\n\t\t\t\t<div class=\"elementor-column elementor-col-33 elementor-top-column elementor-element elementor-element-036d4a6\" data-id=\"036d4a6\" data-element_type=\"column\" data-e-type=\"column\">\n\t\t\t<div class=\"elementor-widget-wrap elementor-element-populated\">\n\t\t\t\t\t\t<div class=\"elementor-element elementor-element-2336e09 elementor-widget elementor-widget-image\" data-id=\"2336e09\" data-element_type=\"widget\" data-e-type=\"widget\" data-widget_type=\"image.default\">\n\t\t\t\t<div class=\"elementor-widget-container\">\n\t\t\t\t\t\t\t\t\t\t\t\t\t\t\t\t<a href=\"https:\/\/cms.icacordoba.23sd.es\/wp-content\/uploads\/2026\/01\/XI-FORO-CONCURSAL-SOCIETARIO-CIUDAD-DE-CORDOBA_ICACORDOBA_OK.pdf\" target=\"_blank\">\n\t\t\t\t\t\t\t<img fetchpriority=\"high\" decoding=\"async\" width=\"1080\" height=\"1350\" src=\"https:\/\/cms.icacordoba.23sd.es\/wp-content\/uploads\/2026\/01\/X-foro-concursal-societario-ciudad-de-cordoba.png\" class=\"attachment-full size-full wp-image-18163\" alt=\"\" srcset=\"https:\/\/cms.icacordoba.23sd.es\/wp-content\/uploads\/2026\/01\/X-foro-concursal-societario-ciudad-de-cordoba.png 1080w, https:\/\/cms.icacordoba.23sd.es\/wp-content\/uploads\/2026\/01\/X-foro-concursal-societario-ciudad-de-cordoba-240x300.png 240w, https:\/\/cms.icacordoba.23sd.es\/wp-content\/uploads\/2026\/01\/X-foro-concursal-societario-ciudad-de-cordoba-819x1024.png 819w, https:\/\/cms.icacordoba.23sd.es\/wp-content\/uploads\/2026\/01\/X-foro-concursal-societario-ciudad-de-cordoba-768x960.png 768w\" sizes=\"(max-width: 1080px) 100vw, 1080px\" \/>\t\t\t\t\t\t\t\t<\/a>\n\t\t\t\t\t\t\t\t\t\t\t\t\t\t\t<\/div>\n\t\t\t\t<\/div>\n\t\t\t\t\t<\/div>\n\t\t<\/div>\n\t\t\t\t\t<\/div>\n\t\t<\/section>\n\t\t\t\t<section class=\"elementor-section elementor-top-section elementor-element elementor-element-d0ea8fb elementor-section-full_width elementor-section-height-default elementor-section-height-default\" data-id=\"d0ea8fb\" data-element_type=\"section\" data-e-type=\"section\">\n\t\t\t\t\t\t<div class=\"elementor-container elementor-column-gap-default\">\n\t\t\t\t\t<div class=\"elementor-column elementor-col-100 elementor-top-column elementor-element elementor-element-7d64e14\" data-id=\"7d64e14\" data-element_type=\"column\" data-e-type=\"column\">\n\t\t\t<div class=\"elementor-widget-wrap elementor-element-populated\">\n\t\t\t\t\t\t<div class=\"elementor-element elementor-element-c0b3f41 elementor-widget-divider--view-line elementor-widget elementor-widget-divider\" data-id=\"c0b3f41\" data-element_type=\"widget\" data-e-type=\"widget\" data-widget_type=\"divider.default\">\n\t\t\t\t<div class=\"elementor-widget-container\">\n\t\t\t\t\t\t\t<div class=\"elementor-divider\">\n\t\t\t<span class=\"elementor-divider-separator\">\n\t\t\t\t\t\t<\/span>\n\t\t<\/div>\n\t\t\t\t\t\t<\/div>\n\t\t\t\t<\/div>\n\t\t\t\t<div class=\"elementor-element elementor-element-a8c8481 elementor-widget elementor-widget-heading\" data-id=\"a8c8481\" data-element_type=\"widget\" data-e-type=\"widget\" data-widget_type=\"heading.default\">\n\t\t\t\t<div class=\"elementor-widget-container\">\n\t\t\t\t\t<h5 class=\"elementor-heading-title elementor-size-default\">PROCEDIMIENTO DE INSCRIPCI\u00d3N<\/h5>\t\t\t\t<\/div>\n\t\t\t\t<\/div>\n\t\t\t\t<div class=\"elementor-element elementor-element-1625b95 elementor-widget elementor-widget-text-editor\" data-id=\"1625b95\" data-element_type=\"widget\" data-e-type=\"widget\" data-widget_type=\"text-editor.default\">\n\t\t\t\t<div class=\"elementor-widget-container\">\n\t\t\t\t\t\t\t\t\t<p>Para realizar su inscripci\u00f3n deber\u00e1 cumplimentar el siguiente formulario online, antes del 11 de febrero de 2026.<\/p><p>Una vez cumplimentado el formulario, realice transferencia bancaria del coste de su matr\u00edcula, indicando en el concepto nombre y apellidos de la persona asistentes, en \u00a0IBAN ES06 0030 4001 990003627271.<\/p><p>Remita justificante de ingreso a <a href=\"mailto:contabilidad@icacordoba.com\" target=\"_blank\" rel=\"noopener\">contabilidad@icacordoba.com<\/a><\/p><p>Si una vez finalizado el plazo de inscripci\u00f3n, desea asistir a alguna sesi\u00f3n en concreto, contacte con\u00a0<a style=\"background-color: #ffffff; font-size: 1rem;\" href=\"mailto:comunicacion@icacordoba.com\" target=\"_blank\" rel=\"noopener\">comunicacion@icacordoba.com<\/a><\/p>\t\t\t\t\t\t\t\t<\/div>\n\t\t\t\t<\/div>\n\t\t\t\t<div class=\"elementor-element elementor-element-7216cc0 elementor-button-info elementor-widget elementor-widget-button\" data-id=\"7216cc0\" data-element_type=\"widget\" data-e-type=\"widget\" data-widget_type=\"button.default\">\n\t\t\t\t<div class=\"elementor-widget-container\">\n\t\t\t\t\t\t\t\t\t<div class=\"elementor-button-wrapper\">\n\t\t\t\t\t<a class=\"elementor-button elementor-button-link elementor-size-sm\" href=\"https:\/\/forms.office.com\/e\/8KgJCBcdAz\" target=\"_blank\">\n\t\t\t\t\t\t<span class=\"elementor-button-content-wrapper\">\n\t\t\t\t\t\t\t\t\t<span class=\"elementor-button-text\">ACCEDA AL FORMULARIO ONLINE<\/span>\n\t\t\t\t\t<\/span>\n\t\t\t\t\t<\/a>\n\t\t\t\t<\/div>\n\t\t\t\t\t\t\t\t<\/div>\n\t\t\t\t<\/div>\n\t\t\t\t\t<\/div>\n\t\t<\/div>\n\t\t\t\t\t<\/div>\n\t\t<\/section>\n\t\t\t\t<\/div>\n\t\t","protected":false},"excerpt":{"rendered":"<p>El Foro Concursal Societario Ciudad de C\u00f3rdoba, organizado conjuntamente por el Colegio de Economistas de C\u00f3rdoba y el Colegio de la Abogac\u00eda de C\u00f3rdoba, celebra su und\u00e9cima edici\u00f3n, consolid\u00e1ndose como una iniciativa de referencia que proyecta la tradicional vocaci\u00f3n formativa de ambas corporaciones. A lo largo de su trayectoria, el Foro se ha convertido en [&hellip;]<\/p>\n","protected":false},"author":1,"featured_media":0,"comment_status":"open","ping_status":"open","sticky":false,"template":"","format":"standard","meta":{"footnotes":""},"categories":[1],"tags":[],"class_list":["post-18147","post","type-post","status-publish","format-standard","hentry","category-uncategorized"],"_links":{"self":[{"href":"https:\/\/cms.icacordoba.23sd.es\/index.php\/wp-json\/wp\/v2\/posts\/18147","targetHints":{"allow":["GET"]}}],"collection":[{"href":"https:\/\/cms.icacordoba.23sd.es\/index.php\/wp-json\/wp\/v2\/posts"}],"about":[{"href":"https:\/\/cms.icacordoba.23sd.es\/index.php\/wp-json\/wp\/v2\/types\/post"}],"author":[{"embeddable":true,"href":"https:\/\/cms.icacordoba.23sd.es\/index.php\/wp-json\/wp\/v2\/users\/1"}],"replies":[{"embeddable":true,"href":"https:\/\/cms.icacordoba.23sd.es\/index.php\/wp-json\/wp\/v2\/comments?post=18147"}],"version-history":[{"count":18,"href":"https:\/\/cms.icacordoba.23sd.es\/index.php\/wp-json\/wp\/v2\/posts\/18147\/revisions"}],"predecessor-version":[{"id":18169,"href":"https:\/\/cms.icacordoba.23sd.es\/index.php\/wp-json\/wp\/v2\/posts\/18147\/revisions\/18169"}],"wp:attachment":[{"href":"https:\/\/cms.icacordoba.23sd.es\/index.php\/wp-json\/wp\/v2\/media?parent=18147"}],"wp:term":[{"taxonomy":"category","embeddable":true,"href":"https:\/\/cms.icacordoba.23sd.es\/index.php\/wp-json\/wp\/v2\/categories?post=18147"},{"taxonomy":"post_tag","embeddable":true,"href":"https:\/\/cms.icacordoba.23sd.es\/index.php\/wp-json\/wp\/v2\/tags?post=18147"}],"curies":[{"name":"wp","href":"https:\/\/api.w.org\/{rel}","templated":true}]}}