{"id":18058,"date":"2025-12-22T17:39:31","date_gmt":"2025-12-22T17:39:31","guid":{"rendered":"https:\/\/cms.icacordoba.23sd.es\/index.php\/18058\/"},"modified":"2025-12-22T17:49:44","modified_gmt":"2025-12-22T17:49:44","slug":"noticia-los-reyes-magos-de-orienta-visitan-la-sede-colegial","status":"publish","type":"post","link":"https:\/\/cms.icacordoba.23sd.es\/index.php\/18058\/","title":{"rendered":"NOTICIA \u00bb Los Reyes Magos de Orienta visitan la sede colegial"},"content":{"rendered":"\t\t<div data-elementor-type=\"wp-post\" data-elementor-id=\"18058\" class=\"elementor elementor-18058\" data-elementor-post-type=\"post\">\n\t\t\t\t\t\t<section class=\"elementor-section elementor-top-section elementor-element elementor-element-0d54bf4 elementor-section-full_width elementor-section-height-default elementor-section-height-default\" data-id=\"0d54bf4\" data-element_type=\"section\" data-e-type=\"section\">\n\t\t\t\t\t\t<div class=\"elementor-container elementor-column-gap-extended\">\n\t\t\t\t\t<div class=\"elementor-column elementor-col-50 elementor-top-column elementor-element elementor-element-93bab28\" data-id=\"93bab28\" data-element_type=\"column\" data-e-type=\"column\">\n\t\t\t<div class=\"elementor-widget-wrap elementor-element-populated\">\n\t\t\t\t\t\t<div class=\"elementor-element elementor-element-08fc16b elementor-widget elementor-widget-text-editor\" data-id=\"08fc16b\" data-element_type=\"widget\" data-e-type=\"widget\" data-widget_type=\"text-editor.default\">\n\t\t\t\t<div class=\"elementor-widget-container\">\n\t\t\t\t\t\t\t\t\t<p class=\"x_text-build-content\"><span data-olk-copy-source=\"MessageBody\">Sus <b>Majestades los\u00a0<span class=\"markow05fp2ez\" data-markjs=\"true\" data-ogac=\"\" data-ogab=\"\" data-ogsc=\"\" data-ogsb=\"\">Reyes<\/span>\u00a0<span class=\"mark02us3gpli\" data-markjs=\"true\" data-ogac=\"\" data-ogab=\"\" data-ogsc=\"\" data-ogsb=\"\">Magos<\/span>\u00a0de Oriente\u00a0<span class=\"mark6bx5lhnfk\" data-markjs=\"true\" data-ogac=\"\" data-ogab=\"\" data-ogsc=\"\" data-ogsb=\"\">visita<\/span>r\u00e1n nuestro Colegio el pr\u00f3ximo , 5 de enero, <\/b>para recoger las cartas de nuestros hijos y descendientes m\u00e1s peque\u00f1os (hasta 8 a\u00f1os) y entregarles un obsequio. Como ya es tradici\u00f3n, para hacer a\u00fan m\u00e1s dulce la tarde, compartiremos el tradicional Rosc\u00f3n de\u00a0<span class=\"markow05fp2ez\" data-markjs=\"true\" data-ogac=\"\" data-ogab=\"\" data-ogsc=\"\" data-ogsb=\"\">Reyes<\/span>.<\/span><\/p><p class=\"x_text-build-content\"><b>Las puertas de la sede colegial se abrir\u00e1n a las 17 horas y se cerrar\u00e1n sobre las 18:30 h, o cuando se agoten las existencias.<\/b><\/p><p class=\"x_text-build-content\">En relaci\u00f3n con la organizaci\u00f3n y desarrollo del acto, os recordamos que se trata de un acto reservado a colegiados y colegiadas.\u00a0<\/p>\t\t\t\t\t\t\t\t<\/div>\n\t\t\t\t<\/div>\n\t\t\t\t\t<\/div>\n\t\t<\/div>\n\t\t\t\t<div class=\"elementor-column elementor-col-50 elementor-top-column elementor-element elementor-element-fba2c6d\" data-id=\"fba2c6d\" data-element_type=\"column\" data-e-type=\"column\">\n\t\t\t<div class=\"elementor-widget-wrap elementor-element-populated\">\n\t\t\t\t\t\t<div class=\"elementor-element elementor-element-45ba880 elementor-widget elementor-widget-image\" data-id=\"45ba880\" data-element_type=\"widget\" data-e-type=\"widget\" data-widget_type=\"image.default\">\n\t\t\t\t<div class=\"elementor-widget-container\">\n\t\t\t\t\t\t\t\t\t\t\t\t\t\t\t<img fetchpriority=\"high\" decoding=\"async\" width=\"1920\" height=\"1080\" src=\"https:\/\/cms.icacordoba.23sd.es\/wp-content\/uploads\/2025\/12\/Colegio-de-la-Abogacia-de-Cordoba_Felicitacion-Navidad-2023-Thumbnail.jpg\" class=\"attachment-full size-full wp-image-18060\" alt=\"\" srcset=\"https:\/\/cms.icacordoba.23sd.es\/wp-content\/uploads\/2025\/12\/Colegio-de-la-Abogacia-de-Cordoba_Felicitacion-Navidad-2023-Thumbnail.jpg 1920w, https:\/\/cms.icacordoba.23sd.es\/wp-content\/uploads\/2025\/12\/Colegio-de-la-Abogacia-de-Cordoba_Felicitacion-Navidad-2023-Thumbnail-300x169.jpg 300w, https:\/\/cms.icacordoba.23sd.es\/wp-content\/uploads\/2025\/12\/Colegio-de-la-Abogacia-de-Cordoba_Felicitacion-Navidad-2023-Thumbnail-1024x576.jpg 1024w, https:\/\/cms.icacordoba.23sd.es\/wp-content\/uploads\/2025\/12\/Colegio-de-la-Abogacia-de-Cordoba_Felicitacion-Navidad-2023-Thumbnail-768x432.jpg 768w, https:\/\/cms.icacordoba.23sd.es\/wp-content\/uploads\/2025\/12\/Colegio-de-la-Abogacia-de-Cordoba_Felicitacion-Navidad-2023-Thumbnail-1536x864.jpg 1536w\" sizes=\"(max-width: 1920px) 100vw, 1920px\" \/>\t\t\t\t\t\t\t\t\t\t\t\t\t\t\t<\/div>\n\t\t\t\t<\/div>\n\t\t\t\t\t<\/div>\n\t\t<\/div>\n\t\t\t\t\t<\/div>\n\t\t<\/section>\n\t\t\t\t<\/div>\n\t\t","protected":false},"excerpt":{"rendered":"<p>Sus Majestades los\u00a0Reyes\u00a0Magos\u00a0de Oriente\u00a0visitar\u00e1n nuestro Colegio el pr\u00f3ximo , 5 de enero, para recoger las cartas de nuestros hijos y descendientes m\u00e1s peque\u00f1os (hasta 8 a\u00f1os) y entregarles un obsequio. Como ya es tradici\u00f3n, para hacer a\u00fan m\u00e1s dulce la tarde, compartiremos el tradicional Rosc\u00f3n de\u00a0Reyes. Las puertas de la sede colegial se abrir\u00e1n a [&hellip;]<\/p>\n","protected":false},"author":1,"featured_media":0,"comment_status":"open","ping_status":"open","sticky":false,"template":"","format":"standard","meta":{"footnotes":""},"categories":[1],"tags":[],"class_list":["post-18058","post","type-post","status-publish","format-standard","hentry","category-uncategorized"],"_links":{"self":[{"href":"https:\/\/cms.icacordoba.23sd.es\/index.php\/wp-json\/wp\/v2\/posts\/18058","targetHints":{"allow":["GET"]}}],"collection":[{"href":"https:\/\/cms.icacordoba.23sd.es\/index.php\/wp-json\/wp\/v2\/posts"}],"about":[{"href":"https:\/\/cms.icacordoba.23sd.es\/index.php\/wp-json\/wp\/v2\/types\/post"}],"author":[{"embeddable":true,"href":"https:\/\/cms.icacordoba.23sd.es\/index.php\/wp-json\/wp\/v2\/users\/1"}],"replies":[{"embeddable":true,"href":"https:\/\/cms.icacordoba.23sd.es\/index.php\/wp-json\/wp\/v2\/comments?post=18058"}],"version-history":[{"count":6,"href":"https:\/\/cms.icacordoba.23sd.es\/index.php\/wp-json\/wp\/v2\/posts\/18058\/revisions"}],"predecessor-version":[{"id":18066,"href":"https:\/\/cms.icacordoba.23sd.es\/index.php\/wp-json\/wp\/v2\/posts\/18058\/revisions\/18066"}],"wp:attachment":[{"href":"https:\/\/cms.icacordoba.23sd.es\/index.php\/wp-json\/wp\/v2\/media?parent=18058"}],"wp:term":[{"taxonomy":"category","embeddable":true,"href":"https:\/\/cms.icacordoba.23sd.es\/index.php\/wp-json\/wp\/v2\/categories?post=18058"},{"taxonomy":"post_tag","embeddable":true,"href":"https:\/\/cms.icacordoba.23sd.es\/index.php\/wp-json\/wp\/v2\/tags?post=18058"}],"curies":[{"name":"wp","href":"https:\/\/api.w.org\/{rel}","templated":true}]}}