{"id":17996,"date":"2025-12-12T09:32:37","date_gmt":"2025-12-12T09:32:37","guid":{"rendered":"https:\/\/cms.icacordoba.23sd.es\/index.php\/17996\/"},"modified":"2025-12-12T10:02:11","modified_gmt":"2025-12-12T10:02:11","slug":"legislacion-semanal-del-9-al-12-de-diciembre-de-2025","status":"publish","type":"post","link":"https:\/\/cms.icacordoba.23sd.es\/index.php\/17996\/","title":{"rendered":"Legislaci\u00f3n Semanal del 9 al 12 de Diciembre de 2025"},"content":{"rendered":"\t\t<div data-elementor-type=\"wp-post\" data-elementor-id=\"17996\" class=\"elementor elementor-17996\" data-elementor-post-type=\"post\">\n\t\t\t\t\t\t<section class=\"elementor-section elementor-top-section elementor-element elementor-element-a102ab7 elementor-section-boxed elementor-section-height-default elementor-section-height-default\" data-id=\"a102ab7\" data-element_type=\"section\" data-e-type=\"section\">\n\t\t\t\t\t\t<div class=\"elementor-container elementor-column-gap-default\">\n\t\t\t\t\t<div class=\"elementor-column elementor-col-100 elementor-top-column elementor-element elementor-element-0cacc02\" data-id=\"0cacc02\" data-element_type=\"column\" data-e-type=\"column\">\n\t\t\t<div class=\"elementor-widget-wrap elementor-element-populated\">\n\t\t\t\t\t\t<div class=\"elementor-element elementor-element-c18540d elementor-widget elementor-widget-heading\" data-id=\"c18540d\" data-element_type=\"widget\" data-e-type=\"widget\" data-widget_type=\"heading.default\">\n\t\t\t\t<div class=\"elementor-widget-container\">\n\t\t\t\t\t<h5 class=\"elementor-heading-title elementor-size-default\">Legislaci\u00f3n Semanal - Del 9 al 12 de Diciembre de 2025<\/h5>\t\t\t\t<\/div>\n\t\t\t\t<\/div>\n\t\t\t\t\t<\/div>\n\t\t<\/div>\n\t\t\t\t\t<\/div>\n\t\t<\/section>\n\t\t\t\t<section class=\"elementor-section elementor-top-section elementor-element elementor-element-1b5545c elementor-section-boxed elementor-section-height-default elementor-section-height-default\" data-id=\"1b5545c\" data-element_type=\"section\" data-e-type=\"section\">\n\t\t\t\t\t\t<div class=\"elementor-container elementor-column-gap-default\">\n\t\t\t\t\t<div class=\"elementor-column elementor-col-100 elementor-top-column elementor-element elementor-element-3701296\" data-id=\"3701296\" data-element_type=\"column\" data-e-type=\"column\">\n\t\t\t<div class=\"elementor-widget-wrap elementor-element-populated\">\n\t\t\t\t\t\t<div class=\"elementor-element elementor-element-704c2eb elementor-widget elementor-widget-heading\" data-id=\"704c2eb\" data-element_type=\"widget\" data-e-type=\"widget\" data-widget_type=\"heading.default\">\n\t\t\t\t<div class=\"elementor-widget-container\">\n\t\t\t\t\t<h5 class=\"elementor-heading-title elementor-size-default\">BOLET\u00cdN OFICIAL DEL ESTADO<\/h5>\t\t\t\t<\/div>\n\t\t\t\t<\/div>\n\t\t\t\t<div class=\"elementor-element elementor-element-52fb5a2 elementor-widget elementor-widget-heading\" data-id=\"52fb5a2\" data-element_type=\"widget\" data-e-type=\"widget\" data-widget_type=\"heading.default\">\n\t\t\t\t<div class=\"elementor-widget-container\">\n\t\t\t\t\t<h6 class=\"elementor-heading-title elementor-size-default\"><!--StartFragment--><span data-olk-copy-source=\"MessageBody\">Disposiciones generales \/ Ministerio de Hacienda<\/span><!--EndFragment--><\/h6>\t\t\t\t<\/div>\n\t\t\t\t<\/div>\n\t\t\t\t<div class=\"elementor-element elementor-element-de9d53f elementor-widget elementor-widget-text-editor\" data-id=\"de9d53f\" data-element_type=\"widget\" data-e-type=\"widget\" data-widget_type=\"text-editor.default\">\n\t\t\t\t<div class=\"elementor-widget-container\">\n\t\t\t\t\t\t\t\t\t<ul><li><span data-olk-copy-source=\"MessageBody\">Orden HAC\/1425\/2025, de 9 de diciembre, por la que\u00a0<\/span><a class=\"x_link-build-content\" title=\"https:\/\/go.abogacia.es\/lnk\/AWIAAIXTWvQAAc4dVooAABYpKFAAAAAA0zoAAKFjABi_EgBpOp9ARv5v76weTTyxbPf27AfWbQAYIRA\/2\/ud6C2Hm1nCjNdpwnLtUD0A\/aHR0cHM6Ly93d3cuYm9lLmVzL2JvZS9kaWFzLzIwMjUvMTIvMTEvcGRmcy9CT0UtQS0yMDI1LTI1MjcyLnBkZj91dG1fY2FtcGFpZ249TGVnaXNsYWNpJUMzJUIzbiUyMERpYXJpYSUyMDExJTIwZGUlMjBEaWNpZW1icmUlMjBkZSUyMDIwMjUmdXRtX21lZGl1bT1lbWFpbCZ1dG1fc291cmNlPU1haWxqZXQ\" href=\"https:\/\/go.abogacia.es\/lnk\/AWIAAIXTWvQAAc4dVooAABYpKFAAAAAA0zoAAKFjABi_EgBpOp9ARv5v76weTTyxbPf27AfWbQAYIRA\/2\/ud6C2Hm1nCjNdpwnLtUD0A\/aHR0cHM6Ly93d3cuYm9lLmVzL2JvZS9kaWFzLzIwMjUvMTIvMTEvcGRmcy9CT0UtQS0yMDI1LTI1MjcyLnBkZj91dG1fY2FtcGFpZ249TGVnaXNsYWNpJUMzJUIzbiUyMERpYXJpYSUyMDExJTIwZGUlMjBEaWNpZW1icmUlMjBkZSUyMDIwMjUmdXRtX21lZGl1bT1lbWFpbCZ1dG1fc291cmNlPU1haWxqZXQ\" target=\"_blank\" rel=\"noopener\" data-auth=\"NotApplicable\" data-linkindex=\"2\"><u>se desarrollan para el a\u00f1o 2026 el m\u00e9todo de estimaci\u00f3n objetiva del Impuesto sobre la Renta de las Personas F\u00edsicas y el r\u00e9gimen especial simplificado del Impuesto sobre el Valor A\u00f1adido<\/u><\/a>.<\/li><\/ul>\t\t\t\t\t\t\t\t<\/div>\n\t\t\t\t<\/div>\n\t\t\t\t<div class=\"elementor-element elementor-element-98b1582 elementor-widget elementor-widget-heading\" data-id=\"98b1582\" data-element_type=\"widget\" data-e-type=\"widget\" data-widget_type=\"heading.default\">\n\t\t\t\t<div class=\"elementor-widget-container\">\n\t\t\t\t\t<h6 class=\"elementor-heading-title elementor-size-default\">Autoridades y Personal \/ Presidencia del Gobierno<\/h6>\t\t\t\t<\/div>\n\t\t\t\t<\/div>\n\t\t\t\t<div class=\"elementor-element elementor-element-61125a4 elementor-widget elementor-widget-text-editor\" data-id=\"61125a4\" data-element_type=\"widget\" data-e-type=\"widget\" data-widget_type=\"text-editor.default\">\n\t\t\t\t<div class=\"elementor-widget-container\">\n\t\t\t\t\t\t\t\t\t<ul><li><span data-olk-copy-source=\"MessageBody\">Real Decreto 1138\/2025, de 9 de diciembre, por el que se dispone el\u00a0<\/span><a class=\"x_link-build-content\" title=\"https:\/\/go.abogacia.es\/lnk\/AWIAAIXTWvQAAc4dVooAABYpKFAAAAAA0zoAAKFjABi_EgBpOp9ARv5v76weTTyxbPf27AfWbQAYIRA\/3\/Cjpa9xJmjKUlDQrpsGBV1g\/aHR0cHM6Ly93d3cuYm9lLmVzL2JvZS9kaWFzLzIwMjUvMTIvMTAvcGRmcy9CT0UtQS0yMDI1LTI1MTQyLnBkZj91dG1fY2FtcGFpZ249TGVnaXNsYWNpJUMzJUIzbiUyMERpYXJpYSUyMDExJTIwZGUlMjBEaWNpZW1icmUlMjBkZSUyMDIwMjUmdXRtX21lZGl1bT1lbWFpbCZ1dG1fc291cmNlPU1haWxqZXQ\" href=\"https:\/\/go.abogacia.es\/lnk\/AWIAAIXTWvQAAc4dVooAABYpKFAAAAAA0zoAAKFjABi_EgBpOp9ARv5v76weTTyxbPf27AfWbQAYIRA\/3\/Cjpa9xJmjKUlDQrpsGBV1g\/aHR0cHM6Ly93d3cuYm9lLmVzL2JvZS9kaWFzLzIwMjUvMTIvMTAvcGRmcy9CT0UtQS0yMDI1LTI1MTQyLnBkZj91dG1fY2FtcGFpZ249TGVnaXNsYWNpJUMzJUIzbiUyMERpYXJpYSUyMDExJTIwZGUlMjBEaWNpZW1icmUlMjBkZSUyMDIwMjUmdXRtX21lZGl1bT1lbWFpbCZ1dG1fc291cmNlPU1haWxqZXQ\" target=\"_blank\" rel=\"noopener\" data-auth=\"NotApplicable\" data-linkindex=\"3\"><u>cese de don \u00c1lvaro Garc\u00eda Ortiz como Fiscal General del Estado<\/u><\/a>.<\/li><li>Real Decreto 1140\/2025, de 9 de diciembre, por el que\u00a0<a class=\"x_link-build-content\" title=\"https:\/\/go.abogacia.es\/lnk\/AWIAAIXTWvQAAc4dVooAABYpKFAAAAAA0zoAAKFjABi_EgBpOp9ARv5v76weTTyxbPf27AfWbQAYIRA\/4\/CHW1DJXsyzk7aKKd-NrWzw\/aHR0cHM6Ly93d3cuYm9lLmVzL2JvZS9kaWFzLzIwMjUvMTIvMTAvcGRmcy9CT0UtQS0yMDI1LTI1MTQ0LnBkZj91dG1fY2FtcGFpZ249TGVnaXNsYWNpJUMzJUIzbiUyMERpYXJpYSUyMDExJTIwZGUlMjBEaWNpZW1icmUlMjBkZSUyMDIwMjUmdXRtX21lZGl1bT1lbWFpbCZ1dG1fc291cmNlPU1haWxqZXQ\" href=\"https:\/\/go.abogacia.es\/lnk\/AWIAAIXTWvQAAc4dVooAABYpKFAAAAAA0zoAAKFjABi_EgBpOp9ARv5v76weTTyxbPf27AfWbQAYIRA\/4\/CHW1DJXsyzk7aKKd-NrWzw\/aHR0cHM6Ly93d3cuYm9lLmVzL2JvZS9kaWFzLzIwMjUvMTIvMTAvcGRmcy9CT0UtQS0yMDI1LTI1MTQ0LnBkZj91dG1fY2FtcGFpZ249TGVnaXNsYWNpJUMzJUIzbiUyMERpYXJpYSUyMDExJTIwZGUlMjBEaWNpZW1icmUlMjBkZSUyMDIwMjUmdXRtX21lZGl1bT1lbWFpbCZ1dG1fc291cmNlPU1haWxqZXQ\" target=\"_blank\" rel=\"noopener\" data-auth=\"NotApplicable\" data-linkindex=\"4\"><u>se nombra Fiscal General del Estado a do\u00f1a Teresa Peramato Mart\u00edn<\/u><\/a>.<\/li><\/ul>\t\t\t\t\t\t\t\t<\/div>\n\t\t\t\t<\/div>\n\t\t\t\t<div class=\"elementor-element elementor-element-876d818 elementor-widget elementor-widget-heading\" data-id=\"876d818\" data-element_type=\"widget\" data-e-type=\"widget\" data-widget_type=\"heading.default\">\n\t\t\t\t<div class=\"elementor-widget-container\">\n\t\t\t\t\t<h5 class=\"elementor-heading-title elementor-size-default\">CONGRESO DE LOS DIPUTADOS<\/h5>\t\t\t\t<\/div>\n\t\t\t\t<\/div>\n\t\t\t\t<div class=\"elementor-element elementor-element-da1b883 elementor-widget elementor-widget-heading\" data-id=\"da1b883\" data-element_type=\"widget\" data-e-type=\"widget\" data-widget_type=\"heading.default\">\n\t\t\t\t<div class=\"elementor-widget-container\">\n\t\t\t\t\t<h6 class=\"elementor-heading-title elementor-size-default\">Proyectos de ley<\/h6>\t\t\t\t<\/div>\n\t\t\t\t<\/div>\n\t\t\t\t<div class=\"elementor-element elementor-element-c254e73 elementor-widget elementor-widget-text-editor\" data-id=\"c254e73\" data-element_type=\"widget\" data-e-type=\"widget\" data-widget_type=\"text-editor.default\">\n\t\t\t\t<div class=\"elementor-widget-container\">\n\t\t\t\t\t\t\t\t\t<ul><li><span data-olk-copy-source=\"MessageBody\">Proyecto de Ley por la que se regulan los servicios de atenci\u00f3n al cliente (antes denominado Proyecto de Ley por la que se regulan los servicios de atenci\u00f3n a la clientela).\u00a0<\/span><a class=\"x_link-build-content\" title=\"https:\/\/go.abogacia.es\/lnk\/AWIAAIXTWvQAAc4dVooAABYpKFAAAAAA0zoAAKFjABi_EgBpOp9ARv5v76weTTyxbPf27AfWbQAYIRA\/5\/Lb5iVkdBs9AME12jPxABww\/aHR0cHM6Ly93d3cuY29uZ3Jlc28uZXMvcHVibGljX29maWNpYWxlcy9MMTUvQ09ORy9CT0NHL0EvQk9DRy0xNS1BLTEyLTcuUERGP3V0bV9jYW1wYWlnbj1MZWdpc2xhY2klQzMlQjNuJTIwRGlhcmlhJTIwMTElMjBkZSUyMERpY2llbWJyZSUyMGRlJTIwMjAyNSZ1dG1fbWVkaXVtPWVtYWlsJnV0bV9zb3VyY2U9TWFpbGpldA\" href=\"https:\/\/go.abogacia.es\/lnk\/AWIAAIXTWvQAAc4dVooAABYpKFAAAAAA0zoAAKFjABi_EgBpOp9ARv5v76weTTyxbPf27AfWbQAYIRA\/5\/Lb5iVkdBs9AME12jPxABww\/aHR0cHM6Ly93d3cuY29uZ3Jlc28uZXMvcHVibGljX29maWNpYWxlcy9MMTUvQ09ORy9CT0NHL0EvQk9DRy0xNS1BLTEyLTcuUERGP3V0bV9jYW1wYWlnbj1MZWdpc2xhY2klQzMlQjNuJTIwRGlhcmlhJTIwMTElMjBkZSUyMERpY2llbWJyZSUyMGRlJTIwMjAyNSZ1dG1fbWVkaXVtPWVtYWlsJnV0bV9zb3VyY2U9TWFpbGpldA\" target=\"_blank\" rel=\"noopener\" data-auth=\"NotApplicable\" data-linkindex=\"5\"><u>Disconformidad del Gobierno con la tramitaci\u00f3n de determinadas enmiendas<\/u><\/a>\u00a0|\u00a0<a class=\"x_link-build-content\" title=\"https:\/\/go.abogacia.es\/lnk\/AWIAAIXTWvQAAc4dVooAABYpKFAAAAAA0zoAAKFjABi_EgBpOp9ARv5v76weTTyxbPf27AfWbQAYIRA\/6\/jNt7zfcwnbs_uK_hT-8cMQ\/aHR0cHM6Ly93d3cuY29uZ3Jlc28uZXMvcHVibGljX29maWNpYWxlcy9MMTUvQ09ORy9CT0NHL0EvQk9DRy0xNS1BLTEyLTguUERGP3V0bV9jYW1wYWlnbj1MZWdpc2xhY2klQzMlQjNuJTIwRGlhcmlhJTIwMTElMjBkZSUyMERpY2llbWJyZSUyMGRlJTIwMjAyNSZ1dG1fbWVkaXVtPWVtYWlsJnV0bV9zb3VyY2U9TWFpbGpldA\" href=\"https:\/\/go.abogacia.es\/lnk\/AWIAAIXTWvQAAc4dVooAABYpKFAAAAAA0zoAAKFjABi_EgBpOp9ARv5v76weTTyxbPf27AfWbQAYIRA\/6\/jNt7zfcwnbs_uK_hT-8cMQ\/aHR0cHM6Ly93d3cuY29uZ3Jlc28uZXMvcHVibGljX29maWNpYWxlcy9MMTUvQ09ORy9CT0NHL0EvQk9DRy0xNS1BLTEyLTguUERGP3V0bV9jYW1wYWlnbj1MZWdpc2xhY2klQzMlQjNuJTIwRGlhcmlhJTIwMTElMjBkZSUyMERpY2llbWJyZSUyMGRlJTIwMjAyNSZ1dG1fbWVkaXVtPWVtYWlsJnV0bV9zb3VyY2U9TWFpbGpldA\" target=\"_blank\" rel=\"noopener\" data-auth=\"NotApplicable\" data-linkindex=\"6\"><u>Enmiendas del Senado mediante mensaje motivado<\/u><\/a><\/li><li>Proyecto de Ley Org\u00e1nica para la\u00a0<a class=\"x_link-build-content\" title=\"https:\/\/go.abogacia.es\/lnk\/AVMAAIbevQEAAc4dV9IAABAXVFoAAAAA0zoAAKFsABi_EgBpO9yVQSW4ZXioSwCwE07LdFfUAAAYIRA\/2\/urIvBGgYaGe_LRw5Q5EqIA\/aHR0cHM6Ly93d3cuY29uZ3Jlc28uZXMvcHVibGljX29maWNpYWxlcy9MMTUvQ09ORy9CT0NHL0EvQk9DRy0xNS1BLTUyLTQuUERGP3V0bV9jYW1wYWlnbj1MZWdpc2xhY2klQzMlQjNuJTIwU2VtYW5hbCUyMDA5JTIwYSUyMDEyJTIwZGUlMjBEaWNpZW1icmUlMjAyMDI1JnV0bV9tZWRpdW09ZW1haWwmdXRtX3NvdXJjZT1NYWlsamV0\" href=\"https:\/\/go.abogacia.es\/lnk\/AVMAAIbevQEAAc4dV9IAABAXVFoAAAAA0zoAAKFsABi_EgBpO9yVQSW4ZXioSwCwE07LdFfUAAAYIRA\/2\/urIvBGgYaGe_LRw5Q5EqIA\/aHR0cHM6Ly93d3cuY29uZ3Jlc28uZXMvcHVibGljX29maWNpYWxlcy9MMTUvQ09ORy9CT0NHL0EvQk9DRy0xNS1BLTUyLTQuUERGP3V0bV9jYW1wYWlnbj1MZWdpc2xhY2klQzMlQjNuJTIwU2VtYW5hbCUyMDA5JTIwYSUyMDEyJTIwZGUlMjBEaWNpZW1icmUlMjAyMDI1JnV0bV9tZWRpdW09ZW1haWwmdXRtX3NvdXJjZT1NYWlsamV0\" target=\"_blank\" rel=\"noopener\" data-auth=\"NotApplicable\" data-linkindex=\"7\"><u>protecci\u00f3n de las personas menores de edad en los entornos digitales<\/u><\/a>.\u00a0<i>Enmiendas e \u00edndice de enmiendas al articulado.<\/i><\/li><li>Proyecto de Ley para el\u00a0<a class=\"x_link-build-content\" title=\"https:\/\/go.abogacia.es\/lnk\/AVMAAIbevQEAAc4dV9IAABAXVFoAAAAA0zoAAKFsABi_EgBpO9yVQSW4ZXioSwCwE07LdFfUAAAYIRA\/3\/N5lPNCQuCdBW6IvhsBnXzQ\/aHR0cHM6Ly93d3cuY29uZ3Jlc28uZXMvcHVibGljX29maWNpYWxlcy9MMTUvQ09ORy9CT0NHL0EvQk9DRy0xNS1BLTc3LTEuUERGP3V0bV9jYW1wYWlnbj1MZWdpc2xhY2klQzMlQjNuJTIwU2VtYW5hbCUyMDA5JTIwYSUyMDEyJTIwZGUlMjBEaWNpZW1icmUlMjAyMDI1JnV0bV9tZWRpdW09ZW1haWwmdXRtX3NvdXJjZT1NYWlsamV0\" href=\"https:\/\/go.abogacia.es\/lnk\/AVMAAIbevQEAAc4dV9IAABAXVFoAAAAA0zoAAKFsABi_EgBpO9yVQSW4ZXioSwCwE07LdFfUAAAYIRA\/3\/N5lPNCQuCdBW6IvhsBnXzQ\/aHR0cHM6Ly93d3cuY29uZ3Jlc28uZXMvcHVibGljX29maWNpYWxlcy9MMTUvQ09ORy9CT0NHL0EvQk9DRy0xNS1BLTc3LTEuUERGP3V0bV9jYW1wYWlnbj1MZWdpc2xhY2klQzMlQjNuJTIwU2VtYW5hbCUyMDA5JTIwYSUyMDEyJTIwZGUlMjBEaWNpZW1icmUlMjAyMDI1JnV0bV9tZWRpdW09ZW1haWwmdXRtX3NvdXJjZT1NYWlsamV0\" target=\"_blank\" rel=\"noopener\" data-auth=\"NotApplicable\" data-linkindex=\"8\"><u>intercambio de informaci\u00f3n entre los servicios de seguridad y aduanas de los Estados miembros de la Uni\u00f3n Europea.<\/u><\/a><\/li><\/ul>\t\t\t\t\t\t\t\t<\/div>\n\t\t\t\t<\/div>\n\t\t\t\t<div class=\"elementor-element elementor-element-dfbed88 elementor-widget elementor-widget-heading\" data-id=\"dfbed88\" data-element_type=\"widget\" data-e-type=\"widget\" data-widget_type=\"heading.default\">\n\t\t\t\t<div class=\"elementor-widget-container\">\n\t\t\t\t\t<h6 class=\"elementor-heading-title elementor-size-default\">Proposiciones de Ley<\/h6>\t\t\t\t<\/div>\n\t\t\t\t<\/div>\n\t\t\t\t<div class=\"elementor-element elementor-element-3c31e3a elementor-widget elementor-widget-text-editor\" data-id=\"3c31e3a\" data-element_type=\"widget\" data-e-type=\"widget\" data-widget_type=\"text-editor.default\">\n\t\t\t\t<div class=\"elementor-widget-container\">\n\t\t\t\t\t\t\t\t\t<ul><li><span data-olk-copy-source=\"MessageBody\">Proposici\u00f3n de Ley sobre el\u00a0<\/span><a class=\"x_link-build-content\" title=\"https:\/\/go.abogacia.es\/lnk\/AVMAAIbevQEAAc4dV9IAABAXVFoAAAAA0zoAAKFsABi_EgBpO9yVQSW4ZXioSwCwE07LdFfUAAAYIRA\/4\/ywt1_MzUhlJ81XXDJApM6Q\/aHR0cHM6Ly93d3cuY29uZ3Jlc28uZXMvcHVibGljX29maWNpYWxlcy9MMTUvQ09ORy9CT0NHL0IvQk9DRy0xNS1CLTI5MS0xLlBERj91dG1fY2FtcGFpZ249TGVnaXNsYWNpJUMzJUIzbiUyMFNlbWFuYWwlMjAwOSUyMGElMjAxMiUyMGRlJTIwRGljaWVtYnJlJTIwMjAyNSZ1dG1fbWVkaXVtPWVtYWlsJnV0bV9zb3VyY2U9TWFpbGpldA\" href=\"https:\/\/go.abogacia.es\/lnk\/AVMAAIbevQEAAc4dV9IAABAXVFoAAAAA0zoAAKFsABi_EgBpO9yVQSW4ZXioSwCwE07LdFfUAAAYIRA\/4\/ywt1_MzUhlJ81XXDJApM6Q\/aHR0cHM6Ly93d3cuY29uZ3Jlc28uZXMvcHVibGljX29maWNpYWxlcy9MMTUvQ09ORy9CT0NHL0IvQk9DRy0xNS1CLTI5MS0xLlBERj91dG1fY2FtcGFpZ249TGVnaXNsYWNpJUMzJUIzbiUyMFNlbWFuYWwlMjAwOSUyMGElMjAxMiUyMGRlJTIwRGljaWVtYnJlJTIwMjAyNSZ1dG1fbWVkaXVtPWVtYWlsJnV0bV9zb3VyY2U9TWFpbGpldA\" target=\"_blank\" rel=\"noopener\" data-auth=\"NotApplicable\" data-linkindex=\"9\"><u>reconocimiento como v\u00edctimas de la dictadura franquista a las mujeres internadas en el \u00abPatronato de Protecci\u00f3n a la Mujer\u00bb<\/u><\/a>.\u00a0<i>Presentada por el Grupo Parlamentario Republicano.<\/i><\/li><li>Proposici\u00f3n de Ley Org\u00e1nica de\u00a0<a class=\"x_link-build-content\" title=\"https:\/\/go.abogacia.es\/lnk\/AVMAAIbevQEAAc4dV9IAABAXVFoAAAAA0zoAAKFsABi_EgBpO9yVQSW4ZXioSwCwE07LdFfUAAAYIRA\/5\/te8sEl1gXBo5xBJWEmxixg\/aHR0cHM6Ly93d3cuY29uZ3Jlc28uZXMvcHVibGljX29maWNpYWxlcy9MMTUvQ09ORy9CT0NHL0IvQk9DRy0xNS1CLTI5Mi0xLlBERj91dG1fY2FtcGFpZ249TGVnaXNsYWNpJUMzJUIzbiUyMFNlbWFuYWwlMjAwOSUyMGElMjAxMiUyMGRlJTIwRGljaWVtYnJlJTIwMjAyNSZ1dG1fbWVkaXVtPWVtYWlsJnV0bV9zb3VyY2U9TWFpbGpldA\" href=\"https:\/\/go.abogacia.es\/lnk\/AVMAAIbevQEAAc4dV9IAABAXVFoAAAAA0zoAAKFsABi_EgBpO9yVQSW4ZXioSwCwE07LdFfUAAAYIRA\/5\/te8sEl1gXBo5xBJWEmxixg\/aHR0cHM6Ly93d3cuY29uZ3Jlc28uZXMvcHVibGljX29maWNpYWxlcy9MMTUvQ09ORy9CT0NHL0IvQk9DRy0xNS1CLTI5Mi0xLlBERj91dG1fY2FtcGFpZ249TGVnaXNsYWNpJUMzJUIzbiUyMFNlbWFuYWwlMjAwOSUyMGElMjAxMiUyMGRlJTIwRGljaWVtYnJlJTIwMjAyNSZ1dG1fbWVkaXVtPWVtYWlsJnV0bV9zb3VyY2U9TWFpbGpldA\" target=\"_blank\" rel=\"noopener\" data-auth=\"NotApplicable\" data-linkindex=\"10\"><u>mejora de las ratios y la situaci\u00f3n del alumnado en la Educaci\u00f3n P\u00fablica<\/u><\/a>.\u00a0<i>Presentada por el Grupo Parlamentario Plurinacional SUMAR.<\/i><\/li><li>Proposici\u00f3n de Ley Org\u00e1nica de modificaci\u00f3n de la Ley Org\u00e1nica 1\/1979, de 26 de septiembre, General Penitenciaria, en relaci\u00f3n con los\u00a0<a class=\"x_link-build-content\" title=\"https:\/\/go.abogacia.es\/lnk\/AVMAAIbevQEAAc4dV9IAABAXVFoAAAAA0zoAAKFsABi_EgBpO9yVQSW4ZXioSwCwE07LdFfUAAAYIRA\/6\/0b5pAKyM5TxsVP_RgLkhYg\/aHR0cHM6Ly93d3cuY29uZ3Jlc28uZXMvcHVibGljX29maWNpYWxlcy9MMTUvQ09ORy9CT0NHL0IvQk9DRy0xNS1CLTI5My0xLlBERj91dG1fY2FtcGFpZ249TGVnaXNsYWNpJUMzJUIzbiUyMFNlbWFuYWwlMjAwOSUyMGElMjAxMiUyMGRlJTIwRGljaWVtYnJlJTIwMjAyNSZ1dG1fbWVkaXVtPWVtYWlsJnV0bV9zb3VyY2U9TWFpbGpldA\" href=\"https:\/\/go.abogacia.es\/lnk\/AVMAAIbevQEAAc4dV9IAABAXVFoAAAAA0zoAAKFsABi_EgBpO9yVQSW4ZXioSwCwE07LdFfUAAAYIRA\/6\/0b5pAKyM5TxsVP_RgLkhYg\/aHR0cHM6Ly93d3cuY29uZ3Jlc28uZXMvcHVibGljX29maWNpYWxlcy9MMTUvQ09ORy9CT0NHL0IvQk9DRy0xNS1CLTI5My0xLlBERj91dG1fY2FtcGFpZ249TGVnaXNsYWNpJUMzJUIzbiUyMFNlbWFuYWwlMjAwOSUyMGElMjAxMiUyMGRlJTIwRGljaWVtYnJlJTIwMjAyNSZ1dG1fbWVkaXVtPWVtYWlsJnV0bV9zb3VyY2U9TWFpbGpldA\" target=\"_blank\" rel=\"noopener\" data-auth=\"NotApplicable\" data-linkindex=\"11\"><u>requisitos para la clasificaci\u00f3n o progresi\u00f3n de grado para las personas condenadas por delitos de terrorismo.<\/u><\/a>\u00a0<i>Remitida por el Senado.<\/i><\/li><li>Proposici\u00f3n de Ley para la modificaci\u00f3n del Real Decreto Legislativo 5\/2015, de 30 de octubre, por el que\u00a0<a class=\"x_link-build-content\" title=\"https:\/\/go.abogacia.es\/lnk\/AVMAAIbevQEAAc4dV9IAABAXVFoAAAAA0zoAAKFsABi_EgBpO9yVQSW4ZXioSwCwE07LdFfUAAAYIRA\/7\/5EfkDcYRYhtNT6kErkl7vA\/aHR0cHM6Ly93d3cuY29uZ3Jlc28uZXMvcHVibGljX29maWNpYWxlcy9MMTUvQ09ORy9CT0NHL0IvQk9DRy0xNS1CLTI5NC0xLlBERj91dG1fY2FtcGFpZ249TGVnaXNsYWNpJUMzJUIzbiUyMFNlbWFuYWwlMjAwOSUyMGElMjAxMiUyMGRlJTIwRGljaWVtYnJlJTIwMjAyNSZ1dG1fbWVkaXVtPWVtYWlsJnV0bV9zb3VyY2U9TWFpbGpldA\" href=\"https:\/\/go.abogacia.es\/lnk\/AVMAAIbevQEAAc4dV9IAABAXVFoAAAAA0zoAAKFsABi_EgBpO9yVQSW4ZXioSwCwE07LdFfUAAAYIRA\/7\/5EfkDcYRYhtNT6kErkl7vA\/aHR0cHM6Ly93d3cuY29uZ3Jlc28uZXMvcHVibGljX29maWNpYWxlcy9MMTUvQ09ORy9CT0NHL0IvQk9DRy0xNS1CLTI5NC0xLlBERj91dG1fY2FtcGFpZ249TGVnaXNsYWNpJUMzJUIzbiUyMFNlbWFuYWwlMjAwOSUyMGElMjAxMiUyMGRlJTIwRGljaWVtYnJlJTIwMjAyNSZ1dG1fbWVkaXVtPWVtYWlsJnV0bV9zb3VyY2U9TWFpbGpldA\" target=\"_blank\" rel=\"noopener\" data-auth=\"NotApplicable\" data-linkindex=\"12\"><u>se aprueba el texto refundido de la Ley del Estatuto B\u00e1sico del Empleado P\u00fablico y de la Ley 38\/2003, de 17 de noviembre, General de Subvenciones<\/u><\/a>.\u00a0<i>Presentada por el Grupo Parlamentario Mixto.<\/i><\/li><li>Proposici\u00f3n de Ley sobre la modificaci\u00f3n urgente de la Ley Org\u00e1nica 2\/2012 de\u00a0<a class=\"x_link-build-content\" title=\"https:\/\/go.abogacia.es\/lnk\/AVMAAIbevQEAAc4dV9IAABAXVFoAAAAA0zoAAKFsABi_EgBpO9yVQSW4ZXioSwCwE07LdFfUAAAYIRA\/8\/yeKwPqChm7dfkxNCfRMK8w\/aHR0cHM6Ly93d3cuY29uZ3Jlc28uZXMvcHVibGljX29maWNpYWxlcy9MMTUvQ09ORy9CT0NHL0IvQk9DRy0xNS1CLTI5NS0xLlBERj91dG1fY2FtcGFpZ249TGVnaXNsYWNpJUMzJUIzbiUyMFNlbWFuYWwlMjAwOSUyMGElMjAxMiUyMGRlJTIwRGljaWVtYnJlJTIwMjAyNSZ1dG1fbWVkaXVtPWVtYWlsJnV0bV9zb3VyY2U9TWFpbGpldA\" href=\"https:\/\/go.abogacia.es\/lnk\/AVMAAIbevQEAAc4dV9IAABAXVFoAAAAA0zoAAKFsABi_EgBpO9yVQSW4ZXioSwCwE07LdFfUAAAYIRA\/8\/yeKwPqChm7dfkxNCfRMK8w\/aHR0cHM6Ly93d3cuY29uZ3Jlc28uZXMvcHVibGljX29maWNpYWxlcy9MMTUvQ09ORy9CT0NHL0IvQk9DRy0xNS1CLTI5NS0xLlBERj91dG1fY2FtcGFpZ249TGVnaXNsYWNpJUMzJUIzbiUyMFNlbWFuYWwlMjAwOSUyMGElMjAxMiUyMGRlJTIwRGljaWVtYnJlJTIwMjAyNSZ1dG1fbWVkaXVtPWVtYWlsJnV0bV9zb3VyY2U9TWFpbGpldA\" target=\"_blank\" rel=\"noopener\" data-auth=\"NotApplicable\" data-linkindex=\"13\"><u>Estabilidad Presupuestaria y Sostenibilidad Financiera<\/u><\/a>.\u00a0<i>Presentada por el Grupo Parlamentario Republicano.<\/i><\/li><\/ul>\t\t\t\t\t\t\t\t<\/div>\n\t\t\t\t<\/div>\n\t\t\t\t<div class=\"elementor-element elementor-element-d4830b7 elementor-widget elementor-widget-heading\" data-id=\"d4830b7\" data-element_type=\"widget\" data-e-type=\"widget\" data-widget_type=\"heading.default\">\n\t\t\t\t<div class=\"elementor-widget-container\">\n\t\t\t\t\t<h5 class=\"elementor-heading-title elementor-size-default\">CONSEJO DE MINISTROS<\/h5>\t\t\t\t<\/div>\n\t\t\t\t<\/div>\n\t\t\t\t<div class=\"elementor-element elementor-element-615d5da elementor-widget elementor-widget-heading\" data-id=\"615d5da\" data-element_type=\"widget\" data-e-type=\"widget\" data-widget_type=\"heading.default\">\n\t\t\t\t<div class=\"elementor-widget-container\">\n\t\t\t\t\t<h6 class=\"elementor-heading-title elementor-size-default\">Presidencia, Justicia y Relaciones con las Cortes<\/h6>\t\t\t\t<\/div>\n\t\t\t\t<\/div>\n\t\t\t\t<div class=\"elementor-element elementor-element-852af46 elementor-widget elementor-widget-text-editor\" data-id=\"852af46\" data-element_type=\"widget\" data-e-type=\"widget\" data-widget_type=\"text-editor.default\">\n\t\t\t\t<div class=\"elementor-widget-container\">\n\t\t\t\t\t\t\t\t\t<ul><li><span data-olk-copy-source=\"MessageBody\">Acuerdo por el que\u00a0<\/span><a class=\"x_link-build-content\" title=\"https:\/\/go.abogacia.es\/lnk\/AWIAAIXTWvQAAc4dVooAABYpKFAAAAAA0zoAAKFjABi_EgBpOp9ARv5v76weTTyxbPf27AfWbQAYIRA\/7\/zOT63_fRyoKNZVp3eyZT6A\/aHR0cHM6Ly93d3cubGFtb25jbG9hLmdvYi5lcy9jb25zZWpvZGVtaW5pc3Ryb3MvcmVmZXJlbmNpYXMvUGFnaW5hcy8yMDI1LzIwMjUxMjA5LXJlZmVyZW5jaWEtcnVlZGEtZGUtcHJlbnNhLW1pbmlzdHJvcy5hc3B4P3V0bV9jYW1wYWlnbj1MZWdpc2xhY2klQzMlQjNuJTIwRGlhcmlhJTIwMTElMjBkZSUyMERpY2llbWJyZSUyMGRlJTIwMjAyNSZ1dG1fbWVkaXVtPWVtYWlsJnV0bV9zb3VyY2U9TWFpbGpldCNzZWd1cmlkYWQ#seguridad\" href=\"https:\/\/go.abogacia.es\/lnk\/AWIAAIXTWvQAAc4dVooAABYpKFAAAAAA0zoAAKFjABi_EgBpOp9ARv5v76weTTyxbPf27AfWbQAYIRA\/7\/zOT63_fRyoKNZVp3eyZT6A\/aHR0cHM6Ly93d3cubGFtb25jbG9hLmdvYi5lcy9jb25zZWpvZGVtaW5pc3Ryb3MvcmVmZXJlbmNpYXMvUGFnaW5hcy8yMDI1LzIwMjUxMjA5LXJlZmVyZW5jaWEtcnVlZGEtZGUtcHJlbnNhLW1pbmlzdHJvcy5hc3B4P3V0bV9jYW1wYWlnbj1MZWdpc2xhY2klQzMlQjNuJTIwRGlhcmlhJTIwMTElMjBkZSUyMERpY2llbWJyZSUyMGRlJTIwMjAyNSZ1dG1fbWVkaXVtPWVtYWlsJnV0bV9zb3VyY2U9TWFpbGpldCNzZWd1cmlkYWQ#seguridad\" target=\"_blank\" rel=\"noopener\" data-auth=\"NotApplicable\" data-linkindex=\"14\"><u>se aprueba el III Plan Nacional de Acci\u00f3n de Mujeres, Paz y Seguridad<\/u><\/a>.<\/li><\/ul>\t\t\t\t\t\t\t\t<\/div>\n\t\t\t\t<\/div>\n\t\t\t\t<div class=\"elementor-element elementor-element-42342b5 elementor-widget elementor-widget-heading\" data-id=\"42342b5\" data-element_type=\"widget\" data-e-type=\"widget\" data-widget_type=\"heading.default\">\n\t\t\t\t<div class=\"elementor-widget-container\">\n\t\t\t\t\t<h6 class=\"elementor-heading-title elementor-size-default\">Sanidad<\/h6>\t\t\t\t<\/div>\n\t\t\t\t<\/div>\n\t\t\t\t<div class=\"elementor-element elementor-element-a797c6a elementor-widget elementor-widget-text-editor\" data-id=\"a797c6a\" data-element_type=\"widget\" data-e-type=\"widget\" data-widget_type=\"text-editor.default\">\n\t\t\t\t<div class=\"elementor-widget-container\">\n\t\t\t\t\t\t\t\t\t<ul><li><a class=\"x_link-build-content\" title=\"https:\/\/go.abogacia.es\/lnk\/AWIAAIXTWvQAAc4dVooAABYpKFAAAAAA0zoAAKFjABi_EgBpOp9ARv5v76weTTyxbPf27AfWbQAYIRA\/8\/zViolvmBTbOXSn6hNTqlbQ\/aHR0cHM6Ly93d3cubGFtb25jbG9hLmdvYi5lcy9jb25zZWpvZGVtaW5pc3Ryb3MvcmVmZXJlbmNpYXMvUGFnaW5hcy8yMDI1LzIwMjUxMjA5LXJlZmVyZW5jaWEtcnVlZGEtZGUtcHJlbnNhLW1pbmlzdHJvcy5hc3B4P3V0bV9jYW1wYWlnbj1MZWdpc2xhY2klQzMlQjNuJTIwRGlhcmlhJTIwMTElMjBkZSUyMERpY2llbWJyZSUyMGRlJTIwMjAyNSZ1dG1fbWVkaXVtPWVtYWlsJnV0bV9zb3VyY2U9TWFpbGpldCNzYWx1ZA#salud\" href=\"https:\/\/go.abogacia.es\/lnk\/AWIAAIXTWvQAAc4dVooAABYpKFAAAAAA0zoAAKFjABi_EgBpOp9ARv5v76weTTyxbPf27AfWbQAYIRA\/8\/zViolvmBTbOXSn6hNTqlbQ\/aHR0cHM6Ly93d3cubGFtb25jbG9hLmdvYi5lcy9jb25zZWpvZGVtaW5pc3Ryb3MvcmVmZXJlbmNpYXMvUGFnaW5hcy8yMDI1LzIwMjUxMjA5LXJlZmVyZW5jaWEtcnVlZGEtZGUtcHJlbnNhLW1pbmlzdHJvcy5hc3B4P3V0bV9jYW1wYWlnbj1MZWdpc2xhY2klQzMlQjNuJTIwRGlhcmlhJTIwMTElMjBkZSUyMERpY2llbWJyZSUyMGRlJTIwMjAyNSZ1dG1fbWVkaXVtPWVtYWlsJnV0bV9zb3VyY2U9TWFpbGpldCNzYWx1ZA#salud\" target=\"_blank\" rel=\"noopener\" data-auth=\"NotApplicable\" data-linkindex=\"15\"><u data-olk-copy-source=\"MessageBody\">Evaluaci\u00f3n de la sanidad privada en el Sistema Nacional de Salud<\/u><\/a>.<\/li><\/ul>\t\t\t\t\t\t\t\t<\/div>\n\t\t\t\t<\/div>\n\t\t\t\t<div class=\"elementor-element elementor-element-e72dbd8 elementor-widget elementor-widget-heading\" data-id=\"e72dbd8\" data-element_type=\"widget\" data-e-type=\"widget\" data-widget_type=\"heading.default\">\n\t\t\t\t<div class=\"elementor-widget-container\">\n\t\t\t\t\t<h5 class=\"elementor-heading-title elementor-size-default\">CONSULTA P\u00daBLICA PREVIA<\/h5>\t\t\t\t<\/div>\n\t\t\t\t<\/div>\n\t\t\t\t<div class=\"elementor-element elementor-element-24bc981 elementor-widget elementor-widget-heading\" data-id=\"24bc981\" data-element_type=\"widget\" data-e-type=\"widget\" data-widget_type=\"heading.default\">\n\t\t\t\t<div class=\"elementor-widget-container\">\n\t\t\t\t\t<h6 class=\"elementor-heading-title elementor-size-default\">Ministerio de Econom\u00eda, Comercio y Empresa<\/h6>\t\t\t\t<\/div>\n\t\t\t\t<\/div>\n\t\t\t\t<div class=\"elementor-element elementor-element-1b6b1ae elementor-widget elementor-widget-text-editor\" data-id=\"1b6b1ae\" data-element_type=\"widget\" data-e-type=\"widget\" data-widget_type=\"text-editor.default\">\n\t\t\t\t<div class=\"elementor-widget-container\">\n\t\t\t\t\t\t\t\t\t<ul><li><span data-olk-copy-source=\"MessageBody\">Proyecto del Real Decreto por el que\u00a0<\/span><a class=\"x_link-build-content\" title=\"https:\/\/go.abogacia.es\/lnk\/AWIAAIXTWvQAAc4dVooAABYpKFAAAAAA0zoAAKFjABi_EgBpOp9ARv5v76weTTyxbPf27AfWbQAYIRA\/9\/FyABLObIWEU2muQxw60ehw\/aHR0cHM6Ly9wb3J0YWwubWluZWNvLmdvYi5lcy9lcy1lcy9taW5pc3RlcmlvL3BhcnRpY2lwYWNpb25wdWJsaWNhL2NvbnN1bHRhcHVibGljYS9QYWdpbmFzL1AtUkQtYXBydWViYS1yZWdsYW1lbnRvLWRlc2Fycm9sbG8tTGV5LUZ1bmNpb24tRXN0YWRpc3RpY2EtUHVibGljYS5hc3B4P3V0bV9jYW1wYWlnbj1MZWdpc2xhY2klQzMlQjNuJTIwRGlhcmlhJTIwMTElMjBkZSUyMERpY2llbWJyZSUyMGRlJTIwMjAyNSZ1dG1fbWVkaXVtPWVtYWlsJnV0bV9zb3VyY2U9TWFpbGpldA\" href=\"https:\/\/go.abogacia.es\/lnk\/AWIAAIXTWvQAAc4dVooAABYpKFAAAAAA0zoAAKFjABi_EgBpOp9ARv5v76weTTyxbPf27AfWbQAYIRA\/9\/FyABLObIWEU2muQxw60ehw\/aHR0cHM6Ly9wb3J0YWwubWluZWNvLmdvYi5lcy9lcy1lcy9taW5pc3RlcmlvL3BhcnRpY2lwYWNpb25wdWJsaWNhL2NvbnN1bHRhcHVibGljYS9QYWdpbmFzL1AtUkQtYXBydWViYS1yZWdsYW1lbnRvLWRlc2Fycm9sbG8tTGV5LUZ1bmNpb24tRXN0YWRpc3RpY2EtUHVibGljYS5hc3B4P3V0bV9jYW1wYWlnbj1MZWdpc2xhY2klQzMlQjNuJTIwRGlhcmlhJTIwMTElMjBkZSUyMERpY2llbWJyZSUyMGRlJTIwMjAyNSZ1dG1fbWVkaXVtPWVtYWlsJnV0bV9zb3VyY2U9TWFpbGpldA\" target=\"_blank\" rel=\"noopener\" data-auth=\"NotApplicable\" data-linkindex=\"16\"><u>se aprueba el reglamento de desarrollo de la Ley de la Funci\u00f3n Estad\u00edstica P\u00fablica<\/u><\/a>.<\/li><\/ul>\t\t\t\t\t\t\t\t<\/div>\n\t\t\t\t<\/div>\n\t\t\t\t\t<\/div>\n\t\t<\/div>\n\t\t\t\t\t<\/div>\n\t\t<\/section>\n\t\t\t\t<\/div>\n\t\t","protected":false},"excerpt":{"rendered":"<p>Legislaci\u00f3n Semanal &#8211; Del 9 al 12 de Diciembre de 2025 BOLET\u00cdN OFICIAL DEL ESTADO Disposiciones generales \/ Ministerio de Hacienda Orden HAC\/1425\/2025, de 9 de diciembre, por la que\u00a0se desarrollan para el a\u00f1o 2026 el m\u00e9todo de estimaci\u00f3n objetiva del Impuesto sobre la Renta de las Personas F\u00edsicas y el r\u00e9gimen especial simplificado del [&hellip;]<\/p>\n","protected":false},"author":1,"featured_media":0,"comment_status":"open","ping_status":"open","sticky":false,"template":"","format":"standard","meta":{"footnotes":""},"categories":[1],"tags":[],"class_list":["post-17996","post","type-post","status-publish","format-standard","hentry","category-uncategorized"],"_links":{"self":[{"href":"https:\/\/cms.icacordoba.23sd.es\/index.php\/wp-json\/wp\/v2\/posts\/17996","targetHints":{"allow":["GET"]}}],"collection":[{"href":"https:\/\/cms.icacordoba.23sd.es\/index.php\/wp-json\/wp\/v2\/posts"}],"about":[{"href":"https:\/\/cms.icacordoba.23sd.es\/index.php\/wp-json\/wp\/v2\/types\/post"}],"author":[{"embeddable":true,"href":"https:\/\/cms.icacordoba.23sd.es\/index.php\/wp-json\/wp\/v2\/users\/1"}],"replies":[{"embeddable":true,"href":"https:\/\/cms.icacordoba.23sd.es\/index.php\/wp-json\/wp\/v2\/comments?post=17996"}],"version-history":[{"count":6,"href":"https:\/\/cms.icacordoba.23sd.es\/index.php\/wp-json\/wp\/v2\/posts\/17996\/revisions"}],"predecessor-version":[{"id":18003,"href":"https:\/\/cms.icacordoba.23sd.es\/index.php\/wp-json\/wp\/v2\/posts\/17996\/revisions\/18003"}],"wp:attachment":[{"href":"https:\/\/cms.icacordoba.23sd.es\/index.php\/wp-json\/wp\/v2\/media?parent=17996"}],"wp:term":[{"taxonomy":"category","embeddable":true,"href":"https:\/\/cms.icacordoba.23sd.es\/index.php\/wp-json\/wp\/v2\/categories?post=17996"},{"taxonomy":"post_tag","embeddable":true,"href":"https:\/\/cms.icacordoba.23sd.es\/index.php\/wp-json\/wp\/v2\/tags?post=17996"}],"curies":[{"name":"wp","href":"https:\/\/api.w.org\/{rel}","templated":true}]}}