{"id":17934,"date":"2025-12-05T11:02:16","date_gmt":"2025-12-05T11:02:16","guid":{"rendered":"https:\/\/cms.icacordoba.23sd.es\/index.php\/17934\/"},"modified":"2025-12-05T11:47:29","modified_gmt":"2025-12-05T11:47:29","slug":"legislacion-semanal-del-1-al-5-de-diciembre-de-2025","status":"publish","type":"post","link":"https:\/\/cms.icacordoba.23sd.es\/index.php\/17934\/","title":{"rendered":"Legislaci\u00f3n Semanal del 1 al 5 de diciembre de 2025"},"content":{"rendered":"\t\t<div data-elementor-type=\"wp-post\" data-elementor-id=\"17934\" class=\"elementor elementor-17934\" data-elementor-post-type=\"post\">\n\t\t\t\t\t\t<section class=\"elementor-section elementor-top-section elementor-element elementor-element-a7513ad elementor-section-boxed elementor-section-height-default elementor-section-height-default\" data-id=\"a7513ad\" data-element_type=\"section\" data-e-type=\"section\">\n\t\t\t\t\t\t<div class=\"elementor-container elementor-column-gap-default\">\n\t\t\t\t\t<div class=\"elementor-column elementor-col-100 elementor-top-column elementor-element elementor-element-0c3d276\" data-id=\"0c3d276\" data-element_type=\"column\" data-e-type=\"column\">\n\t\t\t<div class=\"elementor-widget-wrap elementor-element-populated\">\n\t\t\t\t\t\t<div class=\"elementor-element elementor-element-3957772 elementor-widget elementor-widget-heading\" data-id=\"3957772\" data-element_type=\"widget\" data-e-type=\"widget\" data-widget_type=\"heading.default\">\n\t\t\t\t<div class=\"elementor-widget-container\">\n\t\t\t\t\t<h5 class=\"elementor-heading-title elementor-size-default\">Legislaci\u00f3n Semanal - Del 1 al 5 de Diciembre de 2025<\/h5>\t\t\t\t<\/div>\n\t\t\t\t<\/div>\n\t\t\t\t\t<\/div>\n\t\t<\/div>\n\t\t\t\t\t<\/div>\n\t\t<\/section>\n\t\t\t\t<section class=\"elementor-section elementor-top-section elementor-element elementor-element-15a1480 elementor-section-boxed elementor-section-height-default elementor-section-height-default\" data-id=\"15a1480\" data-element_type=\"section\" data-e-type=\"section\">\n\t\t\t\t\t\t<div class=\"elementor-container elementor-column-gap-default\">\n\t\t\t\t\t<div class=\"elementor-column elementor-col-100 elementor-top-column elementor-element elementor-element-8d4d536\" data-id=\"8d4d536\" data-element_type=\"column\" data-e-type=\"column\">\n\t\t\t<div class=\"elementor-widget-wrap elementor-element-populated\">\n\t\t\t\t\t\t<div class=\"elementor-element elementor-element-8409403 elementor-widget elementor-widget-heading\" data-id=\"8409403\" data-element_type=\"widget\" data-e-type=\"widget\" data-widget_type=\"heading.default\">\n\t\t\t\t<div class=\"elementor-widget-container\">\n\t\t\t\t\t<h5 class=\"elementor-heading-title elementor-size-default\">BOLET\u00cdN OFICIAL DEL ESTADO<\/h5>\t\t\t\t<\/div>\n\t\t\t\t<\/div>\n\t\t\t\t<div class=\"elementor-element elementor-element-c5f4579 elementor-widget elementor-widget-heading\" data-id=\"c5f4579\" data-element_type=\"widget\" data-e-type=\"widget\" data-widget_type=\"heading.default\">\n\t\t\t\t<div class=\"elementor-widget-container\">\n\t\t\t\t\t<h6 class=\"elementor-heading-title elementor-size-default\">Disposiciones generales \/ Jefatura del Estado<\/h6>\t\t\t\t<\/div>\n\t\t\t\t<\/div>\n\t\t\t\t<div class=\"elementor-element elementor-element-c010310 elementor-widget elementor-widget-text-editor\" data-id=\"c010310\" data-element_type=\"widget\" data-e-type=\"widget\" data-widget_type=\"text-editor.default\">\n\t\t\t\t<div class=\"elementor-widget-container\">\n\t\t\t\t\t\t\t\t\t<ul><li><span data-olk-copy-source=\"MessageBody\">Real Decreto-ley 14\/2025, de 2 de diciembre, por el que\u00a0<\/span><a class=\"x_link-build-content\" title=\"https:\/\/go.abogacia.es\/lnk\/AVMAAIWSbnsAAc4dTKYAABYpKFAAAAAA0zoAAKFjABi_EgBpMBMegWTNZ_AQROyE60mkMMq_gAAYIRA\/2\/7AfLqw-Shbl0OG0qoKNWHA\/aHR0cHM6Ly93d3cuYm9lLmVzL2JvZS9kaWFzLzIwMjUvMTIvMDMvcGRmcy9CT0UtQS0yMDI1LTI0NDQ1LnBkZj91dG1fY2FtcGFpZ249TGVnaXNsYWNpJUMzJUIzbiUyMERpYXJpYSUyMDAzJTIwZGUlMjBEaWNpZW1icmUlMjBkZSUyMDIwMjUmdXRtX21lZGl1bT1lbWFpbCZ1dG1fc291cmNlPU1haWxqZXQ\" href=\"https:\/\/go.abogacia.es\/lnk\/AVMAAIWSbnsAAc4dTKYAABYpKFAAAAAA0zoAAKFjABi_EgBpMBMegWTNZ_AQROyE60mkMMq_gAAYIRA\/2\/7AfLqw-Shbl0OG0qoKNWHA\/aHR0cHM6Ly93d3cuYm9lLmVzL2JvZS9kaWFzLzIwMjUvMTIvMDMvcGRmcy9CT0UtQS0yMDI1LTI0NDQ1LnBkZj91dG1fY2FtcGFpZ249TGVnaXNsYWNpJUMzJUIzbiUyMERpYXJpYSUyMDAzJTIwZGUlMjBEaWNpZW1icmUlMjBkZSUyMDIwMjUmdXRtX21lZGl1bT1lbWFpbCZ1dG1fc291cmNlPU1haWxqZXQ\" target=\"_blank\" rel=\"noopener\" data-auth=\"NotApplicable\" data-linkindex=\"2\"><u>se aprueban medidas urgentes en materia de retribuciones en el \u00e1mbito del sector p\u00fablico<\/u><\/a>.<\/li><li>Ley 9\/2025, de 3 de diciembre, de\u00a0<a class=\"x_link-build-content\" title=\"https:\/\/go.abogacia.es\/lnk\/AVMAAIXmKIsAAc4dTyIAABAXVFoAAAAA0zoAAKFsABi_EgBpMrZZLLhFOEVRSdCTmFTg1XzYYAAYIRA\/2\/fG8a2s0HmV5_Zz_LsnQqdg\/aHR0cHM6Ly93d3cuYm9lLmVzL2JvZS9kaWFzLzIwMjUvMTIvMDQvcGRmcy9CT0UtQS0yMDI1LTI0NTQ1LnBkZj91dG1fY2FtcGFpZ249TGVnaXNsYWNpJUMzJUIzbiUyMFNlbWFuYWwlMjAwMSUyMGElMjAwNSUyMGRlJTIwRGljaWVtYnJlJTIwZGUlMjAyMDI1JnV0bV9tZWRpdW09ZW1haWwmdXRtX3NvdXJjZT1NYWlsamV0\" href=\"https:\/\/go.abogacia.es\/lnk\/AVMAAIXmKIsAAc4dTyIAABAXVFoAAAAA0zoAAKFsABi_EgBpMrZZLLhFOEVRSdCTmFTg1XzYYAAYIRA\/2\/fG8a2s0HmV5_Zz_LsnQqdg\/aHR0cHM6Ly93d3cuYm9lLmVzL2JvZS9kaWFzLzIwMjUvMTIvMDQvcGRmcy9CT0UtQS0yMDI1LTI0NTQ1LnBkZj91dG1fY2FtcGFpZ249TGVnaXNsYWNpJUMzJUIzbiUyMFNlbWFuYWwlMjAwMSUyMGElMjAwNSUyMGRlJTIwRGljaWVtYnJlJTIwZGUlMjAyMDI1JnV0bV9tZWRpdW09ZW1haWwmdXRtX3NvdXJjZT1NYWlsamV0\" target=\"_blank\" rel=\"noopener\" data-auth=\"NotApplicable\" data-linkindex=\"3\"><u>Movilidad Sostenible.<\/u><\/a><\/li><\/ul>\t\t\t\t\t\t\t\t<\/div>\n\t\t\t\t<\/div>\n\t\t\t\t<div class=\"elementor-element elementor-element-3a5ef27 elementor-widget elementor-widget-heading\" data-id=\"3a5ef27\" data-element_type=\"widget\" data-e-type=\"widget\" data-widget_type=\"heading.default\">\n\t\t\t\t<div class=\"elementor-widget-container\">\n\t\t\t\t\t<h6 class=\"elementor-heading-title elementor-size-default\">Disposiciones generales \/ Ministerio de Hacienda<\/h6>\t\t\t\t<\/div>\n\t\t\t\t<\/div>\n\t\t\t\t<div class=\"elementor-element elementor-element-7e4b250 elementor-widget elementor-widget-text-editor\" data-id=\"7e4b250\" data-element_type=\"widget\" data-e-type=\"widget\" data-widget_type=\"text-editor.default\">\n\t\t\t\t<div class=\"elementor-widget-container\">\n\t\t\t\t\t\t\t\t\t<ul><li><span data-olk-copy-source=\"MessageBody\">Orden HAC\/1361\/2025, de 20 de noviembre, por la que\u00a0<\/span><a class=\"x_link-build-content\" title=\"https:\/\/go.abogacia.es\/lnk\/AWQAAIeGFEQAAc4dS4gAABYpKFAAAAAA0zoAAKFjABi_EgBpLqfKo7hzuax0Spec0l6j5X-RBgAYIRA\/2\/lapmRihsDBPKQ-zhyZFb-A\/aHR0cHM6Ly93d3cuYm9lLmVzL2JvZS9kaWFzLzIwMjUvMTIvMDIvcGRmcy9CT0UtQS0yMDI1LTI0MzY5LnBkZj91dG1fY2FtcGFpZ249TGVnaXNsYWNpJUMzJUIzbiUyMERpYXJpYSUyMDAyJTIwZGUlMjBEaWNpZW1icmUlMjBkZSUyMDIwMjUmdXRtX21lZGl1bT1lbWFpbCZ1dG1fc291cmNlPU1haWxqZXQ\" href=\"https:\/\/go.abogacia.es\/lnk\/AWQAAIeGFEQAAc4dS4gAABYpKFAAAAAA0zoAAKFjABi_EgBpLqfKo7hzuax0Spec0l6j5X-RBgAYIRA\/2\/lapmRihsDBPKQ-zhyZFb-A\/aHR0cHM6Ly93d3cuYm9lLmVzL2JvZS9kaWFzLzIwMjUvMTIvMDIvcGRmcy9CT0UtQS0yMDI1LTI0MzY5LnBkZj91dG1fY2FtcGFpZ249TGVnaXNsYWNpJUMzJUIzbiUyMERpYXJpYSUyMDAyJTIwZGUlMjBEaWNpZW1icmUlMjBkZSUyMDIwMjUmdXRtX21lZGl1bT1lbWFpbCZ1dG1fc291cmNlPU1haWxqZXQ\" target=\"_blank\" rel=\"noopener\" data-auth=\"NotApplicable\" data-linkindex=\"4\"><u>se regula la utilizaci\u00f3n de medios electr\u00f3nicos, inform\u00e1ticos y telem\u00e1ticos para la interposici\u00f3n, tramitaci\u00f3n y resoluci\u00f3n de las reclamaciones y recursos en v\u00eda econ\u00f3mico-administrativa por los obligados tributarios, y se aprueban diversos formularios<\/u><\/a>.<\/li><\/ul>\t\t\t\t\t\t\t\t<\/div>\n\t\t\t\t<\/div>\n\t\t\t\t<div class=\"elementor-element elementor-element-5a18843 elementor-widget elementor-widget-heading\" data-id=\"5a18843\" data-element_type=\"widget\" data-e-type=\"widget\" data-widget_type=\"heading.default\">\n\t\t\t\t<div class=\"elementor-widget-container\">\n\t\t\t\t\t<h6 class=\"elementor-heading-title elementor-size-default\">Disposiciones generales \/ Comunidad Aut\u00f3noma de Las Illes Balears<\/h6>\t\t\t\t<\/div>\n\t\t\t\t<\/div>\n\t\t\t\t<div class=\"elementor-element elementor-element-8a4b0b5 elementor-widget elementor-widget-text-editor\" data-id=\"8a4b0b5\" data-element_type=\"widget\" data-e-type=\"widget\" data-widget_type=\"text-editor.default\">\n\t\t\t\t<div class=\"elementor-widget-container\">\n\t\t\t\t\t\t\t\t\t<ul><li><span data-olk-copy-source=\"MessageBody\">Decreto-ley 7\/2025, de 24 de octubre, de\u00a0<\/span><a class=\"x_link-build-content\" title=\"https:\/\/go.abogacia.es\/lnk\/AVMAAIXmKIsAAc4dTyIAABAXVFoAAAAA0zoAAKFsABi_EgBpMrZZLLhFOEVRSdCTmFTg1XzYYAAYIRA\/3\/2-d9BjejOftxQTUrTCpRCw\/aHR0cHM6Ly93d3cuYm9lLmVzL2JvZS9kaWFzLzIwMjUvMTEvMjkvcGRmcy9CT0UtQS0yMDI1LTI0MTYxLnBkZj91dG1fY2FtcGFpZ249TGVnaXNsYWNpJUMzJUIzbiUyMERpYXJpYSUyMDAxJTIwZGUlMjBEaWNpZW1icmUlMjBkZSUyMDIwMjUmdXRtX21lZGl1bT1lbWFpbCZ1dG1fc291cmNlPU1haWxqZXQmdXRtX2NhbXBhaWduPUxlZ2lzbGFjaSVDMyVCM24lMjBTZW1hbmFsJTIwMDElMjBhJTIwMDUlMjBkZSUyMERpY2llbWJyZSUyMGRlJTIwMjAyNSZ1dG1fbWVkaXVtPWVtYWlsJnV0bV9zb3VyY2U9TWFpbGpldA\" href=\"https:\/\/go.abogacia.es\/lnk\/AVMAAIXmKIsAAc4dTyIAABAXVFoAAAAA0zoAAKFsABi_EgBpMrZZLLhFOEVRSdCTmFTg1XzYYAAYIRA\/3\/2-d9BjejOftxQTUrTCpRCw\/aHR0cHM6Ly93d3cuYm9lLmVzL2JvZS9kaWFzLzIwMjUvMTEvMjkvcGRmcy9CT0UtQS0yMDI1LTI0MTYxLnBkZj91dG1fY2FtcGFpZ249TGVnaXNsYWNpJUMzJUIzbiUyMERpYXJpYSUyMDAxJTIwZGUlMjBEaWNpZW1icmUlMjBkZSUyMDIwMjUmdXRtX21lZGl1bT1lbWFpbCZ1dG1fc291cmNlPU1haWxqZXQmdXRtX2NhbXBhaWduPUxlZ2lzbGFjaSVDMyVCM24lMjBTZW1hbmFsJTIwMDElMjBhJTIwMDUlMjBkZSUyMERpY2llbWJyZSUyMGRlJTIwMjAyNSZ1dG1fbWVkaXVtPWVtYWlsJnV0bV9zb3VyY2U9TWFpbGpldA\" target=\"_blank\" rel=\"noopener\" data-auth=\"NotApplicable\" data-linkindex=\"5\"><u>medidas urgentes en materia de servicios sociales<\/u><\/a>.<\/li><\/ul>\t\t\t\t\t\t\t\t<\/div>\n\t\t\t\t<\/div>\n\t\t\t\t<div class=\"elementor-element elementor-element-df727d2 elementor-widget elementor-widget-heading\" data-id=\"df727d2\" data-element_type=\"widget\" data-e-type=\"widget\" data-widget_type=\"heading.default\">\n\t\t\t\t<div class=\"elementor-widget-container\">\n\t\t\t\t\t<h5 class=\"elementor-heading-title elementor-size-default\">DIARIO OFICIAL DE LA UNI\u00d3N EUROPEA<\/h5>\t\t\t\t<\/div>\n\t\t\t\t<\/div>\n\t\t\t\t<div class=\"elementor-element elementor-element-10502bf elementor-widget elementor-widget-heading\" data-id=\"10502bf\" data-element_type=\"widget\" data-e-type=\"widget\" data-widget_type=\"heading.default\">\n\t\t\t\t<div class=\"elementor-widget-container\">\n\t\t\t\t\t<h6 class=\"elementor-heading-title elementor-size-default\">Legislaci\u00f3n<\/h6>\t\t\t\t<\/div>\n\t\t\t\t<\/div>\n\t\t\t\t<div class=\"elementor-element elementor-element-01d09fe elementor-widget elementor-widget-text-editor\" data-id=\"01d09fe\" data-element_type=\"widget\" data-e-type=\"widget\" data-widget_type=\"text-editor.default\">\n\t\t\t\t<div class=\"elementor-widget-container\">\n\t\t\t\t\t\t\t\t\t<ul><li><span data-olk-copy-source=\"MessageBody\">Decisi\u00f3n de Ejecuci\u00f3n (UE) 2025\/2460 de la Comisi\u00f3n, de 25 de noviembre de 2025, sobre la solicitud de registro, con arreglo al Reglamento (UE) 2019\/788 del Parlamento Europeo y del Consejo, de la iniciativa ciudadana europea titulada Demand the full suspension of the EU-Israel Association Agreement in view of Israel\u2019s violations of human rights (<\/span><a class=\"x_link-build-content\" title=\"https:\/\/go.abogacia.es\/lnk\/AVMAAIWSbnsAAc4dTKYAABYpKFAAAAAA0zoAAKFjABi_EgBpMBMegWTNZ_AQROyE60mkMMq_gAAYIRA\/3\/9vmDpHFtWHYbuIXCKTzlWA\/aHR0cHM6Ly9ldXItbGV4LmV1cm9wYS5ldS9sZWdhbC1jb250ZW50L0VTL1RYVC9QREYvP3VyaT1PSjpMXzIwMjUwMjQ2MCZ1dG1fY2FtcGFpZ249TGVnaXNsYWNpJUMzJUIzbiUyMERpYXJpYSUyMDAzJTIwZGUlMjBEaWNpZW1icmUlMjBkZSUyMDIwMjUmdXRtX21lZGl1bT1lbWFpbCZ1dG1fc291cmNlPU1haWxqZXQ\" href=\"https:\/\/go.abogacia.es\/lnk\/AVMAAIWSbnsAAc4dTKYAABYpKFAAAAAA0zoAAKFjABi_EgBpMBMegWTNZ_AQROyE60mkMMq_gAAYIRA\/3\/9vmDpHFtWHYbuIXCKTzlWA\/aHR0cHM6Ly9ldXItbGV4LmV1cm9wYS5ldS9sZWdhbC1jb250ZW50L0VTL1RYVC9QREYvP3VyaT1PSjpMXzIwMjUwMjQ2MCZ1dG1fY2FtcGFpZ249TGVnaXNsYWNpJUMzJUIzbiUyMERpYXJpYSUyMDAzJTIwZGUlMjBEaWNpZW1icmUlMjBkZSUyMDIwMjUmdXRtX21lZGl1bT1lbWFpbCZ1dG1fc291cmNlPU1haWxqZXQ\" target=\"_blank\" rel=\"noopener\" data-auth=\"NotApplicable\" data-linkindex=\"6\"><u>Exigir la suspensi\u00f3n total del Acuerdo de Asociaci\u00f3n UE-Israel en vista de las violaciones de los derechos humanos cometidas por Israel<\/u><\/a>) [notificada con el n\u00famero C(2025) 8013].<\/li><li>Reglamento de Ejecuci\u00f3n (UE) 2025\/2471 del Consejo, de 4 de diciembre de 2025, por el que se aplica el Reglamento (UE) 2020\/1998 relativo a\u00a0<a class=\"x_link-build-content\" title=\"https:\/\/go.abogacia.es\/lnk\/AVMAAIXmKIsAAc4dTyIAABAXVFoAAAAA0zoAAKFsABi_EgBpMrZZLLhFOEVRSdCTmFTg1XzYYAAYIRA\/4\/Xk-fq4t1mYoOGLbi0-LEzQ\/aHR0cHM6Ly9ldXItbGV4LmV1cm9wYS5ldS9sZWdhbC1jb250ZW50L0VTL1RYVC9QREYvP3VyaT1PSjpMXzIwMjUwMjQ3MSZ1dG1fY2FtcGFpZ249TGVnaXNsYWNpJUMzJUIzbiUyMFNlbWFuYWwlMjAwMSUyMGElMjAwNSUyMGRlJTIwRGljaWVtYnJlJTIwZGUlMjAyMDI1JnV0bV9tZWRpdW09ZW1haWwmdXRtX3NvdXJjZT1NYWlsamV0\" href=\"https:\/\/go.abogacia.es\/lnk\/AVMAAIXmKIsAAc4dTyIAABAXVFoAAAAA0zoAAKFsABi_EgBpMrZZLLhFOEVRSdCTmFTg1XzYYAAYIRA\/4\/Xk-fq4t1mYoOGLbi0-LEzQ\/aHR0cHM6Ly9ldXItbGV4LmV1cm9wYS5ldS9sZWdhbC1jb250ZW50L0VTL1RYVC9QREYvP3VyaT1PSjpMXzIwMjUwMjQ3MSZ1dG1fY2FtcGFpZ249TGVnaXNsYWNpJUMzJUIzbiUyMFNlbWFuYWwlMjAwMSUyMGElMjAwNSUyMGRlJTIwRGljaWVtYnJlJTIwZGUlMjAyMDI1JnV0bV9tZWRpdW09ZW1haWwmdXRtX3NvdXJjZT1NYWlsamV0\" target=\"_blank\" rel=\"noopener\" data-auth=\"NotApplicable\" data-linkindex=\"7\"><u>medidas restrictivas contra violaciones y abusos graves de los derechos humanos.<\/u><\/a><\/li><li>Decisi\u00f3n (PESC) 2025\/2469 del Consejo, de 4 de diciembre de 2025, por la que se modifica la Decisi\u00f3n (PESC) 2020\/1999 relativa a\u00a0<a class=\"x_link-build-content\" title=\"https:\/\/go.abogacia.es\/lnk\/AVMAAIXmKIsAAc4dTyIAABAXVFoAAAAA0zoAAKFsABi_EgBpMrZZLLhFOEVRSdCTmFTg1XzYYAAYIRA\/5\/rlwbVkcA75Qk7R3kZPe-VA\/aHR0cHM6Ly9ldXItbGV4LmV1cm9wYS5ldS9sZWdhbC1jb250ZW50L0VTL1RYVC9QREYvP3VyaT1PSjpMXzIwMjUwMjQ2OSZ1dG1fY2FtcGFpZ249TGVnaXNsYWNpJUMzJUIzbiUyMFNlbWFuYWwlMjAwMSUyMGElMjAwNSUyMGRlJTIwRGljaWVtYnJlJTIwZGUlMjAyMDI1JnV0bV9tZWRpdW09ZW1haWwmdXRtX3NvdXJjZT1NYWlsamV0\" href=\"https:\/\/go.abogacia.es\/lnk\/AVMAAIXmKIsAAc4dTyIAABAXVFoAAAAA0zoAAKFsABi_EgBpMrZZLLhFOEVRSdCTmFTg1XzYYAAYIRA\/5\/rlwbVkcA75Qk7R3kZPe-VA\/aHR0cHM6Ly9ldXItbGV4LmV1cm9wYS5ldS9sZWdhbC1jb250ZW50L0VTL1RYVC9QREYvP3VyaT1PSjpMXzIwMjUwMjQ2OSZ1dG1fY2FtcGFpZ249TGVnaXNsYWNpJUMzJUIzbiUyMFNlbWFuYWwlMjAwMSUyMGElMjAwNSUyMGRlJTIwRGljaWVtYnJlJTIwZGUlMjAyMDI1JnV0bV9tZWRpdW09ZW1haWwmdXRtX3NvdXJjZT1NYWlsamV0\" target=\"_blank\" rel=\"noopener\" data-auth=\"NotApplicable\" data-linkindex=\"8\"><u>medidas restrictivas contra violaciones y abusos graves de los derechos humanos.<\/u><\/a><\/li><\/ul>\t\t\t\t\t\t\t\t<\/div>\n\t\t\t\t<\/div>\n\t\t\t\t<div class=\"elementor-element elementor-element-b0acd86 elementor-widget elementor-widget-heading\" data-id=\"b0acd86\" data-element_type=\"widget\" data-e-type=\"widget\" data-widget_type=\"heading.default\">\n\t\t\t\t<div class=\"elementor-widget-container\">\n\t\t\t\t\t<h6 class=\"elementor-heading-title elementor-size-default\"><!--StartFragment--><span data-olk-copy-source=\"MessageBody\">Comunicaciones e informaciones<\/span><!--EndFragment--><\/h6>\t\t\t\t<\/div>\n\t\t\t\t<\/div>\n\t\t\t\t<div class=\"elementor-element elementor-element-ca7f2be elementor-widget elementor-widget-text-editor\" data-id=\"ca7f2be\" data-element_type=\"widget\" data-e-type=\"widget\" data-widget_type=\"text-editor.default\">\n\t\t\t\t<div class=\"elementor-widget-container\">\n\t\t\t\t\t\t\t\t\t<ul><li><span data-olk-copy-source=\"MessageBody\">Dictamen del Comit\u00e9 Europeo de las Regiones \u2014\u00a0<\/span><a class=\"x_link-build-content\" title=\"https:\/\/go.abogacia.es\/lnk\/AVMAAIWSbnsAAc4dTKYAABYpKFAAAAAA0zoAAKFjABi_EgBpMBMegWTNZ_AQROyE60mkMMq_gAAYIRA\/4\/klFCoyCPqYsZTeu2LAGHEA\/aHR0cHM6Ly9ldXItbGV4LmV1cm9wYS5ldS9sZWdhbC1jb250ZW50L0VTL1RYVC9QREYvP3VyaT1PSjpDXzIwMjUwNjMxOSZ1dG1fY2FtcGFpZ249TGVnaXNsYWNpJUMzJUIzbiUyMERpYXJpYSUyMDAzJTIwZGUlMjBEaWNpZW1icmUlMjBkZSUyMDIwMjUmdXRtX21lZGl1bT1lbWFpbCZ1dG1fc291cmNlPU1haWxqZXQ\" href=\"https:\/\/go.abogacia.es\/lnk\/AVMAAIWSbnsAAc4dTKYAABYpKFAAAAAA0zoAAKFjABi_EgBpMBMegWTNZ_AQROyE60mkMMq_gAAYIRA\/4\/klFCoyCPqYsZTeu2LAGHEA\/aHR0cHM6Ly9ldXItbGV4LmV1cm9wYS5ldS9sZWdhbC1jb250ZW50L0VTL1RYVC9QREYvP3VyaT1PSjpDXzIwMjUwNjMxOSZ1dG1fY2FtcGFpZ249TGVnaXNsYWNpJUMzJUIzbiUyMERpYXJpYSUyMDAzJTIwZGUlMjBEaWNpZW1icmUlMjBkZSUyMDIwMjUmdXRtX21lZGl1bT1lbWFpbCZ1dG1fc291cmNlPU1haWxqZXQ\" target=\"_blank\" rel=\"noopener\" data-auth=\"NotApplicable\" data-linkindex=\"9\"><u>La perspectiva local y regional en el refuerzo de los derechos de las mujeres y de la igualdad de g\u00e9nero en la UE<\/u><\/a>.<\/li><li>Dictamen del Comit\u00e9 Europeo de las Regiones \u2014\u00a0<a class=\"x_link-build-content\" title=\"https:\/\/go.abogacia.es\/lnk\/AVMAAIWSbnsAAc4dTKYAABYpKFAAAAAA0zoAAKFjABi_EgBpMBMegWTNZ_AQROyE60mkMMq_gAAYIRA\/5\/utxGGsYaJSwDnTy40TuutQ\/aHR0cHM6Ly9ldXItbGV4LmV1cm9wYS5ldS9sZWdhbC1jb250ZW50L0VTL1RYVC9QREYvP3VyaT1PSjpDXzIwMjUwNjMyMiZ1dG1fY2FtcGFpZ249TGVnaXNsYWNpJUMzJUIzbiUyMERpYXJpYSUyMDAzJTIwZGUlMjBEaWNpZW1icmUlMjBkZSUyMDIwMjUmdXRtX21lZGl1bT1lbWFpbCZ1dG1fc291cmNlPU1haWxqZXQ\" href=\"https:\/\/go.abogacia.es\/lnk\/AVMAAIWSbnsAAc4dTKYAABYpKFAAAAAA0zoAAKFjABi_EgBpMBMegWTNZ_AQROyE60mkMMq_gAAYIRA\/5\/utxGGsYaJSwDnTy40TuutQ\/aHR0cHM6Ly9ldXItbGV4LmV1cm9wYS5ldS9sZWdhbC1jb250ZW50L0VTL1RYVC9QREYvP3VyaT1PSjpDXzIwMjUwNjMyMiZ1dG1fY2FtcGFpZ249TGVnaXNsYWNpJUMzJUIzbiUyMERpYXJpYSUyMDAzJTIwZGUlMjBEaWNpZW1icmUlMjBkZSUyMDIwMjUmdXRtX21lZGl1bT1lbWFpbCZ1dG1fc291cmNlPU1haWxqZXQ\" target=\"_blank\" rel=\"noopener\" data-auth=\"NotApplicable\" data-linkindex=\"10\"><u>Estrategia de la UE de lucha contra la pobreza<\/u><\/a>.<\/li><li>Dictamen del Comit\u00e9 Europeo de las Regiones \u2014\u00a0<a class=\"x_link-build-content\" title=\"https:\/\/go.abogacia.es\/lnk\/AVMAAIWSbnsAAc4dTKYAABYpKFAAAAAA0zoAAKFjABi_EgBpMBMegWTNZ_AQROyE60mkMMq_gAAYIRA\/6\/ASt6HawtqARZg_t0d9dK3g\/aHR0cHM6Ly9ldXItbGV4LmV1cm9wYS5ldS9sZWdhbC1jb250ZW50L0VTL1RYVC9QREYvP3VyaT1PSjpDXzIwMjUwNjMyMyZ1dG1fY2FtcGFpZ249TGVnaXNsYWNpJUMzJUIzbiUyMERpYXJpYSUyMDAzJTIwZGUlMjBEaWNpZW1icmUlMjBkZSUyMDIwMjUmdXRtX21lZGl1bT1lbWFpbCZ1dG1fc291cmNlPU1haWxqZXQ\" href=\"https:\/\/go.abogacia.es\/lnk\/AVMAAIWSbnsAAc4dTKYAABYpKFAAAAAA0zoAAKFjABi_EgBpMBMegWTNZ_AQROyE60mkMMq_gAAYIRA\/6\/ASt6HawtqARZg_t0d9dK3g\/aHR0cHM6Ly9ldXItbGV4LmV1cm9wYS5ldS9sZWdhbC1jb250ZW50L0VTL1RYVC9QREYvP3VyaT1PSjpDXzIwMjUwNjMyMyZ1dG1fY2FtcGFpZ249TGVnaXNsYWNpJUMzJUIzbiUyMERpYXJpYSUyMDAzJTIwZGUlMjBEaWNpZW1icmUlMjBkZSUyMDIwMjUmdXRtX21lZGl1bT1lbWFpbCZ1dG1fc291cmNlPU1haWxqZXQ\" target=\"_blank\" rel=\"noopener\" data-auth=\"NotApplicable\" data-linkindex=\"11\"><u>Estrategia de la Uni\u00f3n de las Competencias<\/u><\/a>.<\/li><\/ul>\t\t\t\t\t\t\t\t<\/div>\n\t\t\t\t<\/div>\n\t\t\t\t<div class=\"elementor-element elementor-element-fffd11c elementor-widget elementor-widget-heading\" data-id=\"fffd11c\" data-element_type=\"widget\" data-e-type=\"widget\" data-widget_type=\"heading.default\">\n\t\t\t\t<div class=\"elementor-widget-container\">\n\t\t\t\t\t<h5 class=\"elementor-heading-title elementor-size-default\">CONGRESO DE LOS DIPUTADOS<\/h5>\t\t\t\t<\/div>\n\t\t\t\t<\/div>\n\t\t\t\t<div class=\"elementor-element elementor-element-7108013 elementor-widget elementor-widget-heading\" data-id=\"7108013\" data-element_type=\"widget\" data-e-type=\"widget\" data-widget_type=\"heading.default\">\n\t\t\t\t<div class=\"elementor-widget-container\">\n\t\t\t\t\t<h6 class=\"elementor-heading-title elementor-size-default\">Proyectos de ley<\/h6>\t\t\t\t<\/div>\n\t\t\t\t<\/div>\n\t\t\t\t<div class=\"elementor-element elementor-element-d89baee elementor-widget elementor-widget-text-editor\" data-id=\"d89baee\" data-element_type=\"widget\" data-e-type=\"widget\" data-widget_type=\"text-editor.default\">\n\t\t\t\t<div class=\"elementor-widget-container\">\n\t\t\t\t\t\t\t\t\t<ul><li><span data-olk-copy-source=\"MessageBody\">Proposici\u00f3n de Ley para la\u00a0<\/span><a class=\"x_link-build-content\" title=\"https:\/\/go.abogacia.es\/lnk\/AVMAAIXmKIsAAc4dTyIAABAXVFoAAAAA0zoAAKFsABi_EgBpMrZZLLhFOEVRSdCTmFTg1XzYYAAYIRA\/6\/x1eH0fxOtq12WDDfJn-znA\/aHR0cHM6Ly93d3cuY29uZ3Jlc28uZXMvcHVibGljX29maWNpYWxlcy9MMTUvQ09ORy9CT0NHL0IvQk9DRy0xNS1CLTE1NC02LlBERj91dG1fY2FtcGFpZ249TGVnaXNsYWNpJUMzJUIzbiUyMFNlbWFuYWwlMjAwMSUyMGElMjAwNSUyMGRlJTIwRGljaWVtYnJlJTIwZGUlMjAyMDI1JnV0bV9tZWRpdW09ZW1haWwmdXRtX3NvdXJjZT1NYWlsamV0\" href=\"https:\/\/go.abogacia.es\/lnk\/AVMAAIXmKIsAAc4dTyIAABAXVFoAAAAA0zoAAKFsABi_EgBpMrZZLLhFOEVRSdCTmFTg1XzYYAAYIRA\/6\/x1eH0fxOtq12WDDfJn-znA\/aHR0cHM6Ly93d3cuY29uZ3Jlc28uZXMvcHVibGljX29maWNpYWxlcy9MMTUvQ09ORy9CT0NHL0IvQk9DRy0xNS1CLTE1NC02LlBERj91dG1fY2FtcGFpZ249TGVnaXNsYWNpJUMzJUIzbiUyMFNlbWFuYWwlMjAwMSUyMGElMjAwNSUyMGRlJTIwRGljaWVtYnJlJTIwZGUlMjAyMDI1JnV0bV9tZWRpdW09ZW1haWwmdXRtX3NvdXJjZT1NYWlsamV0\" target=\"_blank\" rel=\"noopener\" data-auth=\"NotApplicable\" data-linkindex=\"12\"><u>regulaci\u00f3n de los contratos de alquiler temporales y alquiler de habitaciones<\/u><\/a>. Informe de la Ponencia.<\/li><li>Proyecto de Ley por la que se modifican el Texto Refundido de la Ley General de derechos de las personas con discapacidad y de su inclusi\u00f3n social, aprobado por el Real Decreto Legislativo 1\/2013, de 29 de noviembre, y la Ley 39\/2006, de 14 de diciembre, de\u00a0<a class=\"x_link-build-content\" title=\"https:\/\/go.abogacia.es\/lnk\/AVMAAIXmKIsAAc4dTyIAABAXVFoAAAAA0zoAAKFsABi_EgBpMrZZLLhFOEVRSdCTmFTg1XzYYAAYIRA\/7\/dDKisE7-IlN8VU3MBEh4IQ\/aHR0cHM6Ly93d3cuY29uZ3Jlc28uZXMvcHVibGljX29maWNpYWxlcy9MMTUvQ09ORy9CT0NHL0EvQk9DRy0xNS1BLTY0LTMuUERGP3V0bV9jYW1wYWlnbj1MZWdpc2xhY2klQzMlQjNuJTIwU2VtYW5hbCUyMDAxJTIwYSUyMDA1JTIwZGUlMjBEaWNpZW1icmUlMjBkZSUyMDIwMjUmdXRtX21lZGl1bT1lbWFpbCZ1dG1fc291cmNlPU1haWxqZXQ\" href=\"https:\/\/go.abogacia.es\/lnk\/AVMAAIXmKIsAAc4dTyIAABAXVFoAAAAA0zoAAKFsABi_EgBpMrZZLLhFOEVRSdCTmFTg1XzYYAAYIRA\/7\/dDKisE7-IlN8VU3MBEh4IQ\/aHR0cHM6Ly93d3cuY29uZ3Jlc28uZXMvcHVibGljX29maWNpYWxlcy9MMTUvQ09ORy9CT0NHL0EvQk9DRy0xNS1BLTY0LTMuUERGP3V0bV9jYW1wYWlnbj1MZWdpc2xhY2klQzMlQjNuJTIwU2VtYW5hbCUyMDAxJTIwYSUyMDA1JTIwZGUlMjBEaWNpZW1icmUlMjBkZSUyMDIwMjUmdXRtX21lZGl1bT1lbWFpbCZ1dG1fc291cmNlPU1haWxqZXQ\" target=\"_blank\" rel=\"noopener\" data-auth=\"NotApplicable\" data-linkindex=\"13\"><u>Promoci\u00f3n de la Autonom\u00eda Personal y Atenci\u00f3n a las personas en situaci\u00f3n de dependencia, para la extensi\u00f3n y refuerzo de los derechos de las personas con discapacidad a la inclusi\u00f3n, la autonom\u00eda y la accesibilidad universal\u00a0<\/u><\/a>conforme al art\u00edculo 49 de la Constituci\u00f3n Espa\u00f1ola.\u00a0<i>Enmiendas a la totalidad.<\/i><\/li><\/ul>\t\t\t\t\t\t\t\t<\/div>\n\t\t\t\t<\/div>\n\t\t\t\t<div class=\"elementor-element elementor-element-02dd142 elementor-widget elementor-widget-heading\" data-id=\"02dd142\" data-element_type=\"widget\" data-e-type=\"widget\" data-widget_type=\"heading.default\">\n\t\t\t\t<div class=\"elementor-widget-container\">\n\t\t\t\t\t<h5 class=\"elementor-heading-title elementor-size-default\">SENADO<\/h5>\t\t\t\t<\/div>\n\t\t\t\t<\/div>\n\t\t\t\t<div class=\"elementor-element elementor-element-eaab622 elementor-widget elementor-widget-heading\" data-id=\"eaab622\" data-element_type=\"widget\" data-e-type=\"widget\" data-widget_type=\"heading.default\">\n\t\t\t\t<div class=\"elementor-widget-container\">\n\t\t\t\t\t<h6 class=\"elementor-heading-title elementor-size-default\">Iniciativas Legislativas<\/h6>\t\t\t\t<\/div>\n\t\t\t\t<\/div>\n\t\t\t\t<div class=\"elementor-element elementor-element-acfc668 elementor-widget elementor-widget-text-editor\" data-id=\"acfc668\" data-element_type=\"widget\" data-e-type=\"widget\" data-widget_type=\"text-editor.default\">\n\t\t\t\t<div class=\"elementor-widget-container\">\n\t\t\t\t\t\t\t\t\t<ul><li><span data-olk-copy-source=\"MessageBody\">Proyecto de Ley por la que se regulan los servicios de atenci\u00f3n al cliente (antes denominado Proyecto de Ley por la que se regulan los servicios de atenci\u00f3n a la clientela).<b>\u00a0<\/b><\/span><a class=\"x_link-build-content\" title=\"https:\/\/go.abogacia.es\/lnk\/AV4AAIQ65AAAAc4dSngAABYpKFAAAAAA0zoAAKFjABi_EgBpLWMTSS6ptOeXTKu44HUn3wOl4AAYIRA\/3\/VOsuqpXHaLKFiDnoU1jM8A\/aHR0cDovL3d3dy5zZW5hZG8uZXMvbGVnaXMxNS9wdWJsaWNhY2lvbmVzL3BkZi9zZW5hZG8vYm9jZy9CT0NHX0RfMTVfMzQ0XzMwMjMuUERGP3V0bV9jYW1wYWlnbj1MZWdpc2xhY2klQzMlQjNuJTIwRGlhcmlhJTIwMDElMjBkZSUyMERpY2llbWJyZSUyMGRlJTIwMjAyNSZ1dG1fbWVkaXVtPWVtYWlsJnV0bV9zb3VyY2U9TWFpbGpldA\" href=\"https:\/\/go.abogacia.es\/lnk\/AV4AAIQ65AAAAc4dSngAABYpKFAAAAAA0zoAAKFjABi_EgBpLWMTSS6ptOeXTKu44HUn3wOl4AAYIRA\/3\/VOsuqpXHaLKFiDnoU1jM8A\/aHR0cDovL3d3dy5zZW5hZG8uZXMvbGVnaXMxNS9wdWJsaWNhY2lvbmVzL3BkZi9zZW5hZG8vYm9jZy9CT0NHX0RfMTVfMzQ0XzMwMjMuUERGP3V0bV9jYW1wYWlnbj1MZWdpc2xhY2klQzMlQjNuJTIwRGlhcmlhJTIwMDElMjBkZSUyMERpY2llbWJyZSUyMGRlJTIwMjAyNSZ1dG1fbWVkaXVtPWVtYWlsJnV0bV9zb3VyY2U9TWFpbGpldA\" target=\"_blank\" rel=\"noopener\" data-auth=\"NotApplicable\" data-linkindex=\"14\"><u>\u00cdndice de enmiendas<\/u><\/a>\u00a0|\u00a0<a class=\"x_link-build-content\" title=\"https:\/\/go.abogacia.es\/lnk\/AV4AAIQ65AAAAc4dSngAABYpKFAAAAAA0zoAAKFjABi_EgBpLWMTSS6ptOeXTKu44HUn3wOl4AAYIRA\/4\/thPuhg-gPidtlgeI9UK-Xw\/aHR0cDovL3d3dy5zZW5hZG8uZXMvbGVnaXMxNS9wdWJsaWNhY2lvbmVzL3BkZi9zZW5hZG8vYm9jZy9CT0NHX0RfMTVfMzQ0XzMwMjUuUERGP3V0bV9jYW1wYWlnbj1MZWdpc2xhY2klQzMlQjNuJTIwRGlhcmlhJTIwMDElMjBkZSUyMERpY2llbWJyZSUyMGRlJTIwMjAyNSZ1dG1fbWVkaXVtPWVtYWlsJnV0bV9zb3VyY2U9TWFpbGpldA\" href=\"https:\/\/go.abogacia.es\/lnk\/AV4AAIQ65AAAAc4dSngAABYpKFAAAAAA0zoAAKFjABi_EgBpLWMTSS6ptOeXTKu44HUn3wOl4AAYIRA\/4\/thPuhg-gPidtlgeI9UK-Xw\/aHR0cDovL3d3dy5zZW5hZG8uZXMvbGVnaXMxNS9wdWJsaWNhY2lvbmVzL3BkZi9zZW5hZG8vYm9jZy9CT0NHX0RfMTVfMzQ0XzMwMjUuUERGP3V0bV9jYW1wYWlnbj1MZWdpc2xhY2klQzMlQjNuJTIwRGlhcmlhJTIwMDElMjBkZSUyMERpY2llbWJyZSUyMGRlJTIwMjAyNSZ1dG1fbWVkaXVtPWVtYWlsJnV0bV9zb3VyY2U9TWFpbGpldA\" target=\"_blank\" rel=\"noopener\" data-auth=\"NotApplicable\" data-linkindex=\"15\"><u>Enmiendas no admitidas a tr\u00e1mite<\/u><\/a><\/li><li>Proyecto de Ley por la que se regulan los servicios de atenci\u00f3n al cliente (antes denominado Proyecto de Ley por la que se regulan los servicios de atenci\u00f3n a la clientela).\u00a0<a class=\"x_link-build-content\" title=\"https:\/\/go.abogacia.es\/lnk\/AVMAAIXmKIsAAc4dTyIAABAXVFoAAAAA0zoAAKFsABi_EgBpMrZZLLhFOEVRSdCTmFTg1XzYYAAYIRA\/8\/qoeNqsZpJuGSNvq5-Hv_qQ\/aHR0cDovL3d3dy5zZW5hZG8uZXMvbGVnaXMxNS9wdWJsaWNhY2lvbmVzL3BkZi9zZW5hZG8vYm9jZy9CT0NHX0RfMTVfMzQ3XzMwNTguUERGP3V0bV9jYW1wYWlnbj1MZWdpc2xhY2klQzMlQjNuJTIwU2VtYW5hbCUyMDAxJTIwYSUyMDA1JTIwZGUlMjBEaWNpZW1icmUlMjBkZSUyMDIwMjUmdXRtX21lZGl1bT1lbWFpbCZ1dG1fc291cmNlPU1haWxqZXQ\" href=\"https:\/\/go.abogacia.es\/lnk\/AVMAAIXmKIsAAc4dTyIAABAXVFoAAAAA0zoAAKFsABi_EgBpMrZZLLhFOEVRSdCTmFTg1XzYYAAYIRA\/8\/qoeNqsZpJuGSNvq5-Hv_qQ\/aHR0cDovL3d3dy5zZW5hZG8uZXMvbGVnaXMxNS9wdWJsaWNhY2lvbmVzL3BkZi9zZW5hZG8vYm9jZy9CT0NHX0RfMTVfMzQ3XzMwNTguUERGP3V0bV9jYW1wYWlnbj1MZWdpc2xhY2klQzMlQjNuJTIwU2VtYW5hbCUyMDAxJTIwYSUyMDA1JTIwZGUlMjBEaWNpZW1icmUlMjBkZSUyMDIwMjUmdXRtX21lZGl1bT1lbWFpbCZ1dG1fc291cmNlPU1haWxqZXQ\" target=\"_blank\" rel=\"noopener\" data-auth=\"NotApplicable\" data-linkindex=\"16\"><u>Disconformidad del Gobierno con la tramitaci\u00f3n de enmiendas<\/u><\/a>\u00a0|\u00a0<a class=\"x_link-build-content\" title=\"https:\/\/go.abogacia.es\/lnk\/AVMAAIXmKIsAAc4dTyIAABAXVFoAAAAA0zoAAKFsABi_EgBpMrZZLLhFOEVRSdCTmFTg1XzYYAAYIRA\/9\/65iV3bmB7za0yvZ8gcaPBA\/aHR0cDovL3d3dy5zZW5hZG8uZXMvbGVnaXMxNS9wdWJsaWNhY2lvbmVzL3BkZi9zZW5hZG8vYm9jZy9CT0NHX0RfMTVfMzQ3XzMwNzAuUERGP3V0bV9jYW1wYWlnbj1MZWdpc2xhY2klQzMlQjNuJTIwU2VtYW5hbCUyMDAxJTIwYSUyMDA1JTIwZGUlMjBEaWNpZW1icmUlMjBkZSUyMDIwMjUmdXRtX21lZGl1bT1lbWFpbCZ1dG1fc291cmNlPU1haWxqZXQ\" href=\"https:\/\/go.abogacia.es\/lnk\/AVMAAIXmKIsAAc4dTyIAABAXVFoAAAAA0zoAAKFsABi_EgBpMrZZLLhFOEVRSdCTmFTg1XzYYAAYIRA\/9\/65iV3bmB7za0yvZ8gcaPBA\/aHR0cDovL3d3dy5zZW5hZG8uZXMvbGVnaXMxNS9wdWJsaWNhY2lvbmVzL3BkZi9zZW5hZG8vYm9jZy9CT0NHX0RfMTVfMzQ3XzMwNzAuUERGP3V0bV9jYW1wYWlnbj1MZWdpc2xhY2klQzMlQjNuJTIwU2VtYW5hbCUyMDAxJTIwYSUyMDA1JTIwZGUlMjBEaWNpZW1icmUlMjBkZSUyMDIwMjUmdXRtX21lZGl1bT1lbWFpbCZ1dG1fc291cmNlPU1haWxqZXQ\" target=\"_blank\" rel=\"noopener\" data-auth=\"NotApplicable\" data-linkindex=\"17\"><u>Informe de la Ponencia<\/u><\/a>\u00a0|\u00a0<a class=\"x_link-build-content\" title=\"https:\/\/go.abogacia.es\/lnk\/AVMAAIXmKIsAAc4dTyIAABAXVFoAAAAA0zoAAKFsABi_EgBpMrZZLLhFOEVRSdCTmFTg1XzYYAAYIRA\/10\/Otndw8jyYB_YrZokHg4LdA\/aHR0cDovL3d3dy5zZW5hZG8uZXMvbGVnaXMxNS9wdWJsaWNhY2lvbmVzL3BkZi9zZW5hZG8vYm9jZy9CT0NHX0RfMTVfMzQ3XzMwNzIuUERGP3V0bV9jYW1wYWlnbj1MZWdpc2xhY2klQzMlQjNuJTIwU2VtYW5hbCUyMDAxJTIwYSUyMDA1JTIwZGUlMjBEaWNpZW1icmUlMjBkZSUyMDIwMjUmdXRtX21lZGl1bT1lbWFpbCZ1dG1fc291cmNlPU1haWxqZXQ\" href=\"https:\/\/go.abogacia.es\/lnk\/AVMAAIXmKIsAAc4dTyIAABAXVFoAAAAA0zoAAKFsABi_EgBpMrZZLLhFOEVRSdCTmFTg1XzYYAAYIRA\/10\/Otndw8jyYB_YrZokHg4LdA\/aHR0cDovL3d3dy5zZW5hZG8uZXMvbGVnaXMxNS9wdWJsaWNhY2lvbmVzL3BkZi9zZW5hZG8vYm9jZy9CT0NHX0RfMTVfMzQ3XzMwNzIuUERGP3V0bV9jYW1wYWlnbj1MZWdpc2xhY2klQzMlQjNuJTIwU2VtYW5hbCUyMDAxJTIwYSUyMDA1JTIwZGUlMjBEaWNpZW1icmUlMjBkZSUyMDIwMjUmdXRtX21lZGl1bT1lbWFpbCZ1dG1fc291cmNlPU1haWxqZXQ\" target=\"_blank\" rel=\"noopener\" data-auth=\"NotApplicable\" data-linkindex=\"18\"><u>Dictamen de la Comisi\u00f3n\u00a0<\/u><\/a>|\u00a0<a class=\"x_link-build-content\" title=\"https:\/\/go.abogacia.es\/lnk\/AVMAAIXmKIsAAc4dTyIAABAXVFoAAAAA0zoAAKFsABi_EgBpMrZZLLhFOEVRSdCTmFTg1XzYYAAYIRA\/11\/vebzMaXWyJvksoiykbT5uw\/aHR0cDovL3d3dy5zZW5hZG8uZXMvbGVnaXMxNS9wdWJsaWNhY2lvbmVzL3BkZi9zZW5hZG8vYm9jZy9CT0NHX0RfMTVfMzQ3XzMwMjYuUERGP3V0bV9jYW1wYWlnbj1MZWdpc2xhY2klQzMlQjNuJTIwU2VtYW5hbCUyMDAxJTIwYSUyMDA1JTIwZGUlMjBEaWNpZW1icmUlMjBkZSUyMDIwMjUmdXRtX21lZGl1bT1lbWFpbCZ1dG1fc291cmNlPU1haWxqZXQ\" href=\"https:\/\/go.abogacia.es\/lnk\/AVMAAIXmKIsAAc4dTyIAABAXVFoAAAAA0zoAAKFsABi_EgBpMrZZLLhFOEVRSdCTmFTg1XzYYAAYIRA\/11\/vebzMaXWyJvksoiykbT5uw\/aHR0cDovL3d3dy5zZW5hZG8uZXMvbGVnaXMxNS9wdWJsaWNhY2lvbmVzL3BkZi9zZW5hZG8vYm9jZy9CT0NHX0RfMTVfMzQ3XzMwMjYuUERGP3V0bV9jYW1wYWlnbj1MZWdpc2xhY2klQzMlQjNuJTIwU2VtYW5hbCUyMDAxJTIwYSUyMDA1JTIwZGUlMjBEaWNpZW1icmUlMjBkZSUyMDIwMjUmdXRtX21lZGl1bT1lbWFpbCZ1dG1fc291cmNlPU1haWxqZXQ\" target=\"_blank\" rel=\"noopener\" data-auth=\"NotApplicable\" data-linkindex=\"19\"><u>Votos particulares<\/u><\/a><\/li><\/ul>\t\t\t\t\t\t\t\t<\/div>\n\t\t\t\t<\/div>\n\t\t\t\t<div class=\"elementor-element elementor-element-eb488f5 elementor-widget elementor-widget-heading\" data-id=\"eb488f5\" data-element_type=\"widget\" data-e-type=\"widget\" data-widget_type=\"heading.default\">\n\t\t\t\t<div class=\"elementor-widget-container\">\n\t\t\t\t\t<h5 class=\"elementor-heading-title elementor-size-default\">CONSEJO DE MINISTROS<\/h5>\t\t\t\t<\/div>\n\t\t\t\t<\/div>\n\t\t\t\t<div class=\"elementor-element elementor-element-e5cddb4 elementor-widget elementor-widget-heading\" data-id=\"e5cddb4\" data-element_type=\"widget\" data-e-type=\"widget\" data-widget_type=\"heading.default\">\n\t\t\t\t<div class=\"elementor-widget-container\">\n\t\t\t\t\t<h6 class=\"elementor-heading-title elementor-size-default\">Presidencia, Justicia y Relaciones con las Cortes<\/h6>\t\t\t\t<\/div>\n\t\t\t\t<\/div>\n\t\t\t\t<div class=\"elementor-element elementor-element-6a1748c elementor-widget elementor-widget-text-editor\" data-id=\"6a1748c\" data-element_type=\"widget\" data-e-type=\"widget\" data-widget_type=\"text-editor.default\">\n\t\t\t\t<div class=\"elementor-widget-container\">\n\t\t\t\t\t\t\t\t\t<ul><li><span data-olk-copy-source=\"MessageBody\">Acuerdo por el que\u00a0<\/span><a class=\"x_link-build-content\" title=\"https:\/\/go.abogacia.es\/lnk\/AVMAAIWSbnsAAc4dTKYAABYpKFAAAAAA0zoAAKFjABi_EgBpMBMegWTNZ_AQROyE60mkMMq_gAAYIRA\/7\/x2FpCYehhXnjxlGYG_V1dA\/aHR0cHM6Ly93d3cubGFtb25jbG9hLmdvYi5lcy9jb25zZWpvZGVtaW5pc3Ryb3MvcmVmZXJlbmNpYXMvUGFnaW5hcy8yMDI1LzIwMjUxMjAyLXJlZmVyZW5jaWEtcnVlZGEtZGUtcHJlbnNhLW1pbmlzdHJvcy5hc3B4P3V0bV9jYW1wYWlnbj1MZWdpc2xhY2klQzMlQjNuJTIwRGlhcmlhJTIwMDMlMjBkZSUyMERpY2llbWJyZSUyMGRlJTIwMjAyNSZ1dG1fbWVkaXVtPWVtYWlsJnV0bV9zb3VyY2U9TWFpbGpldCNkZWNsYXJhY2lvbg#declaracion\" href=\"https:\/\/go.abogacia.es\/lnk\/AVMAAIWSbnsAAc4dTKYAABYpKFAAAAAA0zoAAKFjABi_EgBpMBMegWTNZ_AQROyE60mkMMq_gAAYIRA\/7\/x2FpCYehhXnjxlGYG_V1dA\/aHR0cHM6Ly93d3cubGFtb25jbG9hLmdvYi5lcy9jb25zZWpvZGVtaW5pc3Ryb3MvcmVmZXJlbmNpYXMvUGFnaW5hcy8yMDI1LzIwMjUxMjAyLXJlZmVyZW5jaWEtcnVlZGEtZGUtcHJlbnNhLW1pbmlzdHJvcy5hc3B4P3V0bV9jYW1wYWlnbj1MZWdpc2xhY2klQzMlQjNuJTIwRGlhcmlhJTIwMDMlMjBkZSUyMERpY2llbWJyZSUyMGRlJTIwMjAyNSZ1dG1fbWVkaXVtPWVtYWlsJnV0bV9zb3VyY2U9TWFpbGpldCNkZWNsYXJhY2lvbg#declaracion\" target=\"_blank\" rel=\"noopener\" data-auth=\"NotApplicable\" data-linkindex=\"20\"><u>se aprueba la declaraci\u00f3n institucional por el D\u00eda Internacional y Europeo de las Personas con Discapacidad<\/u><\/a>: desplegar los mandatos del art\u00edculo 49 de la Constituci\u00f3n Espa\u00f1ola en las leyes ordinarias de Espa\u00f1a.<\/li><\/ul>\t\t\t\t\t\t\t\t<\/div>\n\t\t\t\t<\/div>\n\t\t\t\t<div class=\"elementor-element elementor-element-30f3528 elementor-widget elementor-widget-heading\" data-id=\"30f3528\" data-element_type=\"widget\" data-e-type=\"widget\" data-widget_type=\"heading.default\">\n\t\t\t\t<div class=\"elementor-widget-container\">\n\t\t\t\t\t<h5 class=\"elementor-heading-title elementor-size-default\">CONSULTA P\u00daBLICA <\/h5>\t\t\t\t<\/div>\n\t\t\t\t<\/div>\n\t\t\t\t<div class=\"elementor-element elementor-element-5bc5bff elementor-widget elementor-widget-heading\" data-id=\"5bc5bff\" data-element_type=\"widget\" data-e-type=\"widget\" data-widget_type=\"heading.default\">\n\t\t\t\t<div class=\"elementor-widget-container\">\n\t\t\t\t\t<h6 class=\"elementor-heading-title elementor-size-default\">Ministerio de Trabajo y Econom\u00eda Social<\/h6>\t\t\t\t<\/div>\n\t\t\t\t<\/div>\n\t\t\t\t<div class=\"elementor-element elementor-element-327d68b elementor-widget elementor-widget-text-editor\" data-id=\"327d68b\" data-element_type=\"widget\" data-e-type=\"widget\" data-widget_type=\"text-editor.default\">\n\t\t\t\t<div class=\"elementor-widget-container\">\n\t\t\t\t\t\t\t\t\t<ul><li><span data-olk-copy-source=\"MessageBody\">Consulta p\u00fablica previa relativa al proyecto de Orden por la que se modifica la Orden TES\/889\/2024, de 19 de agosto, que\u00a0<\/span><a class=\"x_link-build-content\" title=\"https:\/\/go.abogacia.es\/lnk\/AVMAAIXmKIsAAc4dTyIAABAXVFoAAAAA0zoAAKFsABi_EgBpMrZZLLhFOEVRSdCTmFTg1XzYYAAYIRA\/18\/8aIHf0h2ZtSmvLSOAMEZ4w\/aHR0cHM6Ly9leHBpbnRlcndlYi5taXRlcy5nb2IuZXMvcGFydGljaXBhL2xpc3RhZG8_dHJhbWl0ZT0yJmVzdGFkbz0xJnV0bV9jYW1wYWlnbj1MZWdpc2xhY2klQzMlQjNuJTIwU2VtYW5hbCUyMDAxJTIwYSUyMDA1JTIwZGUlMjBEaWNpZW1icmUlMjBkZSUyMDIwMjUmdXRtX21lZGl1bT1lbWFpbCZ1dG1fc291cmNlPU1haWxqZXQ\" href=\"https:\/\/go.abogacia.es\/lnk\/AVMAAIXmKIsAAc4dTyIAABAXVFoAAAAA0zoAAKFsABi_EgBpMrZZLLhFOEVRSdCTmFTg1XzYYAAYIRA\/18\/8aIHf0h2ZtSmvLSOAMEZ4w\/aHR0cHM6Ly9leHBpbnRlcndlYi5taXRlcy5nb2IuZXMvcGFydGljaXBhL2xpc3RhZG8_dHJhbWl0ZT0yJmVzdGFkbz0xJnV0bV9jYW1wYWlnbj1MZWdpc2xhY2klQzMlQjNuJTIwU2VtYW5hbCUyMDAxJTIwYSUyMDA1JTIwZGUlMjBEaWNpZW1icmUlMjBkZSUyMDIwMjUmdXRtX21lZGl1bT1lbWFpbCZ1dG1fc291cmNlPU1haWxqZXQ\" target=\"_blank\" rel=\"noopener\" data-auth=\"NotApplicable\" data-linkindex=\"29\"><u>establece las bases reguladoras de la concesi\u00f3n de subvenciones destinadas a las actividades de promoci\u00f3n de la econom\u00eda social, de la responsabilidad social de las empresas<\/u><\/a>, as\u00ed como a sufragar los gastos de funcionamiento de las entidades representativas de la econom\u00eda social de \u00e1mbito estatal.<\/li><li>Consulta p\u00fablica previa a la tramitaci\u00f3n del proyecto de Real Decreto por el que\u00a0<a class=\"x_link-build-content\" title=\"https:\/\/go.abogacia.es\/lnk\/AVMAAIXmKIsAAc4dTyIAABAXVFoAAAAA0zoAAKFsABi_EgBpMrZZLLhFOEVRSdCTmFTg1XzYYAAYIRA\/19\/OgM5UiNkg1ttAqN0FCR8bA\/aHR0cHM6Ly9leHBpbnRlcndlYi5taXRlcy5nb2IuZXMvcGFydGljaXBhL2xpc3RhZG8_dHJhbWl0ZT0yJmVzdGFkbz0xJnV0bV9jYW1wYWlnbj1MZWdpc2xhY2klQzMlQjNuJTIwU2VtYW5hbCUyMDAxJTIwYSUyMDA1JTIwZGUlMjBEaWNpZW1icmUlMjBkZSUyMDIwMjUmdXRtX21lZGl1bT1lbWFpbCZ1dG1fc291cmNlPU1haWxqZXQ\" href=\"https:\/\/go.abogacia.es\/lnk\/AVMAAIXmKIsAAc4dTyIAABAXVFoAAAAA0zoAAKFsABi_EgBpMrZZLLhFOEVRSdCTmFTg1XzYYAAYIRA\/19\/OgM5UiNkg1ttAqN0FCR8bA\/aHR0cHM6Ly9leHBpbnRlcndlYi5taXRlcy5nb2IuZXMvcGFydGljaXBhL2xpc3RhZG8_dHJhbWl0ZT0yJmVzdGFkbz0xJnV0bV9jYW1wYWlnbj1MZWdpc2xhY2klQzMlQjNuJTIwU2VtYW5hbCUyMDAxJTIwYSUyMDA1JTIwZGUlMjBEaWNpZW1icmUlMjBkZSUyMDIwMjUmdXRtX21lZGl1bT1lbWFpbCZ1dG1fc291cmNlPU1haWxqZXQ\" target=\"_blank\" rel=\"noopener\" data-auth=\"NotApplicable\" data-linkindex=\"30\"><u>se transpone la directiva (UE) 2022\/2041 sobre unos salarios m\u00ednimos adecuados en la Uni\u00f3n Europea.<\/u><\/a><\/li><\/ul>\t\t\t\t\t\t\t\t<\/div>\n\t\t\t\t<\/div>\n\t\t\t\t<div class=\"elementor-element elementor-element-c70b8f5 elementor-widget elementor-widget-heading\" data-id=\"c70b8f5\" data-element_type=\"widget\" data-e-type=\"widget\" data-widget_type=\"heading.default\">\n\t\t\t\t<div class=\"elementor-widget-container\">\n\t\t\t\t\t<h5 class=\"elementor-heading-title elementor-size-default\">AUDIENCIA E INFORMACI\u00d3N P\u00daBLICA<\/h5>\t\t\t\t<\/div>\n\t\t\t\t<\/div>\n\t\t\t\t<div class=\"elementor-element elementor-element-5bd2e95 elementor-widget elementor-widget-heading\" data-id=\"5bd2e95\" data-element_type=\"widget\" data-e-type=\"widget\" data-widget_type=\"heading.default\">\n\t\t\t\t<div class=\"elementor-widget-container\">\n\t\t\t\t\t<h6 class=\"elementor-heading-title elementor-size-default\">Ministerio de Hacienda<\/h6>\t\t\t\t<\/div>\n\t\t\t\t<\/div>\n\t\t\t\t<div class=\"elementor-element elementor-element-0719f33 elementor-widget elementor-widget-text-editor\" data-id=\"0719f33\" data-element_type=\"widget\" data-e-type=\"widget\" data-widget_type=\"text-editor.default\">\n\t\t\t\t<div class=\"elementor-widget-container\">\n\t\t\t\t\t\t\t\t\t<ul><li><span data-olk-copy-source=\"MessageBody\">Anteproyecto de Ley por la que se modifica la Ley 37\/1992, de 28 de diciembre, del Impuesto sobre el Valor A\u00f1adido, para la transposici\u00f3n parcial de la Directiva (UE) 2025\/516 del Consejo, de 11 de marzo de 2025 por la que se modifica la Directiva 2006\/112\/CE en lo que respecta a las\u00a0<\/span><a class=\"x_link-build-content\" title=\"https:\/\/go.abogacia.es\/lnk\/AVMAAIXmKIsAAc4dTyIAABAXVFoAAAAA0zoAAKFsABi_EgBpMrZZLLhFOEVRSdCTmFTg1XzYYAAYIRA\/12\/-ixk4oDWIgyqiMrbwLyy8w\/aHR0cHM6Ly93d3cuaGFjaWVuZGEuZ29iLmVzL2VzLWVzL25vcm1hdGl2YSUyMHklMjBkb2N0cmluYS9ub3JtYXNlbnRyYW1pdGFjaW9uL3BhZ2luYXMvYXVkaWVuY2lhYWJpZXJ0YXMuYXNweD91dG1fY2FtcGFpZ249TGVnaXNsYWNpJUMzJUIzbiUyMFNlbWFuYWwlMjAwMSUyMGElMjAwNSUyMGRlJTIwRGljaWVtYnJlJTIwZGUlMjAyMDI1JnV0bV9tZWRpdW09ZW1haWwmdXRtX3NvdXJjZT1NYWlsamV0\" href=\"https:\/\/go.abogacia.es\/lnk\/AVMAAIXmKIsAAc4dTyIAABAXVFoAAAAA0zoAAKFsABi_EgBpMrZZLLhFOEVRSdCTmFTg1XzYYAAYIRA\/12\/-ixk4oDWIgyqiMrbwLyy8w\/aHR0cHM6Ly93d3cuaGFjaWVuZGEuZ29iLmVzL2VzLWVzL25vcm1hdGl2YSUyMHklMjBkb2N0cmluYS9ub3JtYXNlbnRyYW1pdGFjaW9uL3BhZ2luYXMvYXVkaWVuY2lhYWJpZXJ0YXMuYXNweD91dG1fY2FtcGFpZ249TGVnaXNsYWNpJUMzJUIzbiUyMFNlbWFuYWwlMjAwMSUyMGElMjAwNSUyMGRlJTIwRGljaWVtYnJlJTIwZGUlMjAyMDI1JnV0bV9tZWRpdW09ZW1haWwmdXRtX3NvdXJjZT1NYWlsamV0\" target=\"_blank\" rel=\"noopener\" data-auth=\"NotApplicable\" data-linkindex=\"21\"><u>normas del IVA en la era digital<\/u><\/a>.<\/li><li>Proyecto de Orden por la que se modifican la Orden EHA\/3434\/2007, de 23 de noviembre, por la que se aprueban los modelos 322 de autoliquidaci\u00f3n mensual, modelo individual, y 353 de autoliquidaci\u00f3n mensual, modelo agregado, la Orden EHA\/3786\/2008, de 29 de diciembre, por la que se aprueban el modelo 303 Impuesto sobre el Valor A\u00f1adido, autoliquidaci\u00f3n, la Orden EHA\/3111\/2009, de 5 de noviembre, por la que se aprueba el modelo 390 de declaraci\u00f3n-resumen anual del Impuesto sobre el Valor A\u00f1adido, y la orden HFP\/417\/2017, de 12 de mayo, por la que\u00a0<a class=\"x_link-build-content\" title=\"https:\/\/go.abogacia.es\/lnk\/AVMAAIXmKIsAAc4dTyIAABAXVFoAAAAA0zoAAKFsABi_EgBpMrZZLLhFOEVRSdCTmFTg1XzYYAAYIRA\/13\/0s9305yru80qAO-vacac6g\/aHR0cHM6Ly93d3cuaGFjaWVuZGEuZ29iLmVzL2VzLWVzL25vcm1hdGl2YSUyMHklMjBkb2N0cmluYS9ub3JtYXNlbnRyYW1pdGFjaW9uL3BhZ2luYXMvYXVkaWVuY2lhYWJpZXJ0YXMuYXNweD91dG1fY2FtcGFpZ249TGVnaXNsYWNpJUMzJUIzbiUyMFNlbWFuYWwlMjAwMSUyMGElMjAwNSUyMGRlJTIwRGljaWVtYnJlJTIwZGUlMjAyMDI1JnV0bV9tZWRpdW09ZW1haWwmdXRtX3NvdXJjZT1NYWlsamV0\" href=\"https:\/\/go.abogacia.es\/lnk\/AVMAAIXmKIsAAc4dTyIAABAXVFoAAAAA0zoAAKFsABi_EgBpMrZZLLhFOEVRSdCTmFTg1XzYYAAYIRA\/13\/0s9305yru80qAO-vacac6g\/aHR0cHM6Ly93d3cuaGFjaWVuZGEuZ29iLmVzL2VzLWVzL25vcm1hdGl2YSUyMHklMjBkb2N0cmluYS9ub3JtYXNlbnRyYW1pdGFjaW9uL3BhZ2luYXMvYXVkaWVuY2lhYWJpZXJ0YXMuYXNweD91dG1fY2FtcGFpZ249TGVnaXNsYWNpJUMzJUIzbiUyMFNlbWFuYWwlMjAwMSUyMGElMjAwNSUyMGRlJTIwRGljaWVtYnJlJTIwZGUlMjAyMDI1JnV0bV9tZWRpdW09ZW1haWwmdXRtX3NvdXJjZT1NYWlsamV0\" target=\"_blank\" rel=\"noopener\" data-auth=\"NotApplicable\" data-linkindex=\"22\"><u>se regulan las especificaciones normativas y t\u00e9cnicas que desarrollan la llevanza de los libros registro del Impuesto sobre el Valor A\u00f1adido a trav\u00e9s de la Sede electr\u00f3nica de la Agencia Estatal de Administraci\u00f3n Tributaria establecida en el art\u00edculo 62.6 del Reglamento del Impuesto sobre el Valor A\u00f1adido,\u00a0<\/u><\/a>aprobado por el Real Decreto 1624\/1992, de 29 de diciembre.<\/li><\/ul>\t\t\t\t\t\t\t\t<\/div>\n\t\t\t\t<\/div>\n\t\t\t\t<div class=\"elementor-element elementor-element-0345b2e elementor-widget elementor-widget-heading\" data-id=\"0345b2e\" data-element_type=\"widget\" data-e-type=\"widget\" data-widget_type=\"heading.default\">\n\t\t\t\t<div class=\"elementor-widget-container\">\n\t\t\t\t\t<h6 class=\"elementor-heading-title elementor-size-default\">Ministerio del Interior<\/h6>\t\t\t\t<\/div>\n\t\t\t\t<\/div>\n\t\t\t\t<div class=\"elementor-element elementor-element-67edd8d elementor-widget elementor-widget-text-editor\" data-id=\"67edd8d\" data-element_type=\"widget\" data-e-type=\"widget\" data-widget_type=\"text-editor.default\">\n\t\t\t\t<div class=\"elementor-widget-container\">\n\t\t\t\t\t\t\t\t\t<ul><li><span data-olk-copy-source=\"MessageBody\">Audiencia e informaci\u00f3n p\u00fablica del proyecto de Real Decreto por el que se modifica el Reglamento General de Veh\u00edculos, aprobado por Real Decreto 2822\/1998, de 23 de diciembre, por el que<\/span><a class=\"x_link-build-content\" title=\"https:\/\/go.abogacia.es\/lnk\/AVMAAIXmKIsAAc4dTyIAABAXVFoAAAAA0zoAAKFsABi_EgBpMrZZLLhFOEVRSdCTmFTg1XzYYAAYIRA\/14\/jh1D2tucYBGctDkNZxjOBg\/aHR0cHM6Ly93d3cuaW50ZXJpb3IuZ29iLmVzL29wZW5jbXMvZXMvc2VydmljaW9zLWFsLWNpdWRhZGFuby9wYXJ0aWNpcGFjaW9uLWNpdWRhZGFuYS9wYXJ0aWNpcGFjaW9uLXB1YmxpY2EtZW4tcHJveWVjdG9zLW5vcm1hdGl2b3MvYXVkaWVuY2lhLWUtaW5mb3JtYWNpb24tcHVibGljYS8_dXRtX2NhbXBhaWduPUxlZ2lzbGFjaSVDMyVCM24lMjBTZW1hbmFsJTIwMDElMjBhJTIwMDUlMjBkZSUyMERpY2llbWJyZSUyMGRlJTIwMjAyNSZ1dG1fbWVkaXVtPWVtYWlsJnV0bV9zb3VyY2U9TWFpbGpldA\" href=\"https:\/\/go.abogacia.es\/lnk\/AVMAAIXmKIsAAc4dTyIAABAXVFoAAAAA0zoAAKFsABi_EgBpMrZZLLhFOEVRSdCTmFTg1XzYYAAYIRA\/14\/jh1D2tucYBGctDkNZxjOBg\/aHR0cHM6Ly93d3cuaW50ZXJpb3IuZ29iLmVzL29wZW5jbXMvZXMvc2VydmljaW9zLWFsLWNpdWRhZGFuby9wYXJ0aWNpcGFjaW9uLWNpdWRhZGFuYS9wYXJ0aWNpcGFjaW9uLXB1YmxpY2EtZW4tcHJveWVjdG9zLW5vcm1hdGl2b3MvYXVkaWVuY2lhLWUtaW5mb3JtYWNpb24tcHVibGljYS8_dXRtX2NhbXBhaWduPUxlZ2lzbGFjaSVDMyVCM24lMjBTZW1hbmFsJTIwMDElMjBhJTIwMDUlMjBkZSUyMERpY2llbWJyZSUyMGRlJTIwMjAyNSZ1dG1fbWVkaXVtPWVtYWlsJnV0bV9zb3VyY2U9TWFpbGpldA\" target=\"_blank\" rel=\"noopener\" data-auth=\"NotApplicable\" data-linkindex=\"23\"><u>\u00a0se crea el Registro de veh\u00edculos personales ligeros.<\/u><\/a><\/li><\/ul>\t\t\t\t\t\t\t\t<\/div>\n\t\t\t\t<\/div>\n\t\t\t\t<div class=\"elementor-element elementor-element-6389c13 elementor-widget elementor-widget-heading\" data-id=\"6389c13\" data-element_type=\"widget\" data-e-type=\"widget\" data-widget_type=\"heading.default\">\n\t\t\t\t<div class=\"elementor-widget-container\">\n\t\t\t\t\t<h6 class=\"elementor-heading-title elementor-size-default\">Ministerio de Econom\u00eda, Comercio y Empresa<\/h6>\t\t\t\t<\/div>\n\t\t\t\t<\/div>\n\t\t\t\t<div class=\"elementor-element elementor-element-2954c59 elementor-widget elementor-widget-text-editor\" data-id=\"2954c59\" data-element_type=\"widget\" data-e-type=\"widget\" data-widget_type=\"text-editor.default\">\n\t\t\t\t<div class=\"elementor-widget-container\">\n\t\t\t\t\t\t\t\t\t<ul><li><span data-olk-copy-source=\"MessageBody\">Real Decreto por el que\u00a0<\/span><a class=\"x_link-build-content\" title=\"https:\/\/go.abogacia.es\/lnk\/AVMAAIXmKIsAAc4dTyIAABAXVFoAAAAA0zoAAKFsABi_EgBpMrZZLLhFOEVRSdCTmFTg1XzYYAAYIRA\/15\/_qyxxoIF6XwYU7WQ-TbhHQ\/aHR0cHM6Ly9wb3J0YWwubWluZWNvLmdvYi5lcy9lcy1lcy9taW5pc3RlcmlvL3BhcnRpY2lwYWNpb25wdWJsaWNhL2F1ZGllbmNpYXB1YmxpY2EvUGFnaW5hcy9SRC1hcHJ1ZWJhLVJlZ2xhbWVudG8tc2VndXJvLW9ibGlnYXRvcmlvLXJlc3BvbnNhYmlsaWRhZC1jaXZpbC1WUEwuYXNweD91dG1fY2FtcGFpZ249TGVnaXNsYWNpJUMzJUIzbiUyMFNlbWFuYWwlMjAwMSUyMGElMjAwNSUyMGRlJTIwRGljaWVtYnJlJTIwZGUlMjAyMDI1JnV0bV9tZWRpdW09ZW1haWwmdXRtX3NvdXJjZT1NYWlsamV0\" href=\"https:\/\/go.abogacia.es\/lnk\/AVMAAIXmKIsAAc4dTyIAABAXVFoAAAAA0zoAAKFsABi_EgBpMrZZLLhFOEVRSdCTmFTg1XzYYAAYIRA\/15\/_qyxxoIF6XwYU7WQ-TbhHQ\/aHR0cHM6Ly9wb3J0YWwubWluZWNvLmdvYi5lcy9lcy1lcy9taW5pc3RlcmlvL3BhcnRpY2lwYWNpb25wdWJsaWNhL2F1ZGllbmNpYXB1YmxpY2EvUGFnaW5hcy9SRC1hcHJ1ZWJhLVJlZ2xhbWVudG8tc2VndXJvLW9ibGlnYXRvcmlvLXJlc3BvbnNhYmlsaWRhZC1jaXZpbC1WUEwuYXNweD91dG1fY2FtcGFpZ249TGVnaXNsYWNpJUMzJUIzbiUyMFNlbWFuYWwlMjAwMSUyMGElMjAwNSUyMGRlJTIwRGljaWVtYnJlJTIwZGUlMjAyMDI1JnV0bV9tZWRpdW09ZW1haWwmdXRtX3NvdXJjZT1NYWlsamV0\" target=\"_blank\" rel=\"noopener\" data-auth=\"NotApplicable\" data-linkindex=\"24\"><u>se aprueba el Reglamento del seguro obligatorio de responsabilidad civil de los veh\u00edculos personales ligeros (VPL)<\/u><\/a>.<\/li><li><a class=\"x_link-build-content\" title=\"https:\/\/go.abogacia.es\/lnk\/AVMAAIXmKIsAAc4dTyIAABAXVFoAAAAA0zoAAKFsABi_EgBpMrZZLLhFOEVRSdCTmFTg1XzYYAAYIRA\/16\/Mo_jjU1Z4nCL7Vs78dsLcA\/aHR0cHM6Ly9wb3J0YWwubWluZWNvLmdvYi5lcy9lcy1lcy9taW5pc3RlcmlvL3BhcnRpY2lwYWNpb25wdWJsaWNhL2F1ZGllbmNpYXB1YmxpY2EvUGFnaW5hcy8yMDI1MTIwNV9FQ09fU0VHX0FQX0xPU1NFQVIuYXNweD91dG1fY2FtcGFpZ249TGVnaXNsYWNpJUMzJUIzbiUyMFNlbWFuYWwlMjAwMSUyMGElMjAwNSUyMGRlJTIwRGljaWVtYnJlJTIwZGUlMjAyMDI1JnV0bV9tZWRpdW09ZW1haWwmdXRtX3NvdXJjZT1NYWlsamV0\" href=\"https:\/\/go.abogacia.es\/lnk\/AVMAAIXmKIsAAc4dTyIAABAXVFoAAAAA0zoAAKFsABi_EgBpMrZZLLhFOEVRSdCTmFTg1XzYYAAYIRA\/16\/Mo_jjU1Z4nCL7Vs78dsLcA\/aHR0cHM6Ly9wb3J0YWwubWluZWNvLmdvYi5lcy9lcy1lcy9taW5pc3RlcmlvL3BhcnRpY2lwYWNpb25wdWJsaWNhL2F1ZGllbmNpYXB1YmxpY2EvUGFnaW5hcy8yMDI1MTIwNV9FQ09fU0VHX0FQX0xPU1NFQVIuYXNweD91dG1fY2FtcGFpZ249TGVnaXNsYWNpJUMzJUIzbiUyMFNlbWFuYWwlMjAwMSUyMGElMjAwNSUyMGRlJTIwRGljaWVtYnJlJTIwZGUlMjAyMDI1JnV0bV9tZWRpdW09ZW1haWwmdXRtX3NvdXJjZT1NYWlsamV0\" target=\"_blank\" rel=\"noopener\" data-auth=\"NotApplicable\" data-linkindex=\"25\"><u>Anteproyecto de Ley por la que se modifican la Ley 20\/2015, de 14 de julio, de ordenaci\u00f3n, supervisi\u00f3n y solvencia de las entidades aseguradoras y reaseguradoras<\/u><\/a>, y el RD-Ley 3\/2020, de 4 de febrero, de medidas urgentes por el que se incorporan al ordenamiento jur\u00eddico espa\u00f1ol diversas directivas de la UE en el \u00e1mbito de la contrataci\u00f3n p\u00fablica en determinados sectores; de seguros privados; de planes y fondos de pensiones; del \u00e1mbito tributario y de litigios fiscales.<\/li><li>Proyecto de Real Decreto por el que se modifica el Real Decreto 1060\/2015, de 20 de noviembre, de\u00a0<a class=\"x_link-build-content\" title=\"https:\/\/go.abogacia.es\/lnk\/AVMAAIXmKIsAAc4dTyIAABAXVFoAAAAA0zoAAKFsABi_EgBpMrZZLLhFOEVRSdCTmFTg1XzYYAAYIRA\/17\/7gaY9LM_SVHoHQAns2QEFA\/aHR0cHM6Ly9wb3J0YWwubWluZWNvLmdvYi5lcy9lcy1lcy9taW5pc3RlcmlvL3BhcnRpY2lwYWNpb25wdWJsaWNhL2F1ZGllbmNpYXB1YmxpY2EvUGFnaW5hcy9QLVJELW1vZGlmaWNhLVJELTEwNjBfMjAxNS0yMC1ub3ZpZW1icmUtb3JkZW5hY2lvbi1zdXBlcnZpc2lvbi1zb2x2ZW5jaWEuYXNweD91dG1fY2FtcGFpZ249TGVnaXNsYWNpJUMzJUIzbiUyMFNlbWFuYWwlMjAwMSUyMGElMjAwNSUyMGRlJTIwRGljaWVtYnJlJTIwZGUlMjAyMDI1JnV0bV9tZWRpdW09ZW1haWwmdXRtX3NvdXJjZT1NYWlsamV0\" href=\"https:\/\/go.abogacia.es\/lnk\/AVMAAIXmKIsAAc4dTyIAABAXVFoAAAAA0zoAAKFsABi_EgBpMrZZLLhFOEVRSdCTmFTg1XzYYAAYIRA\/17\/7gaY9LM_SVHoHQAns2QEFA\/aHR0cHM6Ly9wb3J0YWwubWluZWNvLmdvYi5lcy9lcy1lcy9taW5pc3RlcmlvL3BhcnRpY2lwYWNpb25wdWJsaWNhL2F1ZGllbmNpYXB1YmxpY2EvUGFnaW5hcy9QLVJELW1vZGlmaWNhLVJELTEwNjBfMjAxNS0yMC1ub3ZpZW1icmUtb3JkZW5hY2lvbi1zdXBlcnZpc2lvbi1zb2x2ZW5jaWEuYXNweD91dG1fY2FtcGFpZ249TGVnaXNsYWNpJUMzJUIzbiUyMFNlbWFuYWwlMjAwMSUyMGElMjAwNSUyMGRlJTIwRGljaWVtYnJlJTIwZGUlMjAyMDI1JnV0bV9tZWRpdW09ZW1haWwmdXRtX3NvdXJjZT1NYWlsamV0\" target=\"_blank\" rel=\"noopener\" data-auth=\"NotApplicable\" data-linkindex=\"26\"><u>ordenaci\u00f3n, supervisi\u00f3n y solvencia de las entidades aseguradoras y reaseguradoras.<\/u><\/a><\/li><\/ul>\t\t\t\t\t\t\t\t<\/div>\n\t\t\t\t<\/div>\n\t\t\t\t<div class=\"elementor-element elementor-element-53a522c elementor-widget elementor-widget-heading\" data-id=\"53a522c\" data-element_type=\"widget\" data-e-type=\"widget\" data-widget_type=\"heading.default\">\n\t\t\t\t<div class=\"elementor-widget-container\">\n\t\t\t\t\t<h6 class=\"elementor-heading-title elementor-size-default\">Ministerio de Trabajo y Econom\u00eda Social<\/h6>\t\t\t\t<\/div>\n\t\t\t\t<\/div>\n\t\t\t\t<div class=\"elementor-element elementor-element-a0a78d5 elementor-widget elementor-widget-text-editor\" data-id=\"a0a78d5\" data-element_type=\"widget\" data-e-type=\"widget\" data-widget_type=\"text-editor.default\">\n\t\t\t\t<div class=\"elementor-widget-container\">\n\t\t\t\t\t\t\t\t\t<ul><li><span data-olk-copy-source=\"MessageBody\">Anteproyecto de ley por la que se modifican el texto refundido de la ley del Estatuto de los Trabajadores, aprobado por real decreto legislativo 2\/2015, de 23 de octubre y la ley 36\/2011 de 10 de octubre, reguladora de la jurisdicci\u00f3n social,\u00a0<\/span><a class=\"x_link-build-content\" title=\"https:\/\/go.abogacia.es\/lnk\/AVMAAIWSbnsAAc4dTKYAABYpKFAAAAAA0zoAAKFjABi_EgBpMBMegWTNZ_AQROyE60mkMMq_gAAYIRA\/8\/Sme9ybLAdyFB8vnZ67IYbA\/aHR0cHM6Ly9leHBpbnRlcndlYi5taXRlcy5nb2IuZXMvcGFydGljaXBhL2xpc3RhZG8_dHJhbWl0ZT0xJmVzdGFkbz0xJnV0bV9jYW1wYWlnbj1MZWdpc2xhY2klQzMlQjNuJTIwRGlhcmlhJTIwMDMlMjBkZSUyMERpY2llbWJyZSUyMGRlJTIwMjAyNSZ1dG1fbWVkaXVtPWVtYWlsJnV0bV9zb3VyY2U9TWFpbGpldA\" href=\"https:\/\/go.abogacia.es\/lnk\/AVMAAIWSbnsAAc4dTKYAABYpKFAAAAAA0zoAAKFjABi_EgBpMBMegWTNZ_AQROyE60mkMMq_gAAYIRA\/8\/Sme9ybLAdyFB8vnZ67IYbA\/aHR0cHM6Ly9leHBpbnRlcndlYi5taXRlcy5nb2IuZXMvcGFydGljaXBhL2xpc3RhZG8_dHJhbWl0ZT0xJmVzdGFkbz0xJnV0bV9jYW1wYWlnbj1MZWdpc2xhY2klQzMlQjNuJTIwRGlhcmlhJTIwMDMlMjBkZSUyMERpY2llbWJyZSUyMGRlJTIwMjAyNSZ1dG1fbWVkaXVtPWVtYWlsJnV0bV9zb3VyY2U9TWFpbGpldA\" target=\"_blank\" rel=\"noopener\" data-auth=\"NotApplicable\" data-linkindex=\"27\"><u>en materia de protecci\u00f3n de las personas trabajadoras que informen sobre infracciones normativas y de lucha contra la corrupci\u00f3n<\/u><\/a>.<\/li><\/ul>\t\t\t\t\t\t\t\t<\/div>\n\t\t\t\t<\/div>\n\t\t\t\t<div class=\"elementor-element elementor-element-08add0c elementor-widget elementor-widget-heading\" data-id=\"08add0c\" data-element_type=\"widget\" data-e-type=\"widget\" data-widget_type=\"heading.default\">\n\t\t\t\t<div class=\"elementor-widget-container\">\n\t\t\t\t\t<h6 class=\"elementor-heading-title elementor-size-default\">Ministerio de Inclusi\u00f3n, Seguridad Social y Migraciones<\/h6>\t\t\t\t<\/div>\n\t\t\t\t<\/div>\n\t\t\t\t<div class=\"elementor-element elementor-element-fa3be8b elementor-widget elementor-widget-text-editor\" data-id=\"fa3be8b\" data-element_type=\"widget\" data-e-type=\"widget\" data-widget_type=\"text-editor.default\">\n\t\t\t\t<div class=\"elementor-widget-container\">\n\t\t\t\t\t\t\t\t\t<ul><li><span data-olk-copy-source=\"MessageBody\">Proyecto de Orden por la que\u00a0<\/span><a class=\"x_link-build-content\" title=\"https:\/\/go.abogacia.es\/lnk\/AVMAAIWSbnsAAc4dTKYAABYpKFAAAAAA0zoAAKFjABi_EgBpMBMegWTNZ_AQROyE60mkMMq_gAAYIRA\/9\/vl2QfpTiC6cRJKAN8LkGEQ\/aHR0cHM6Ly9leHBpbnRlcndlYi5pbmNsdXNpb24uZ29iLmVzL3BhcnRpY2lwYWNpb24vcGFydGljaXBhP3RyYW1pdGU9MSZ1dG1fY2FtcGFpZ249TGVnaXNsYWNpJUMzJUIzbiUyMERpYXJpYSUyMDAzJTIwZGUlMjBEaWNpZW1icmUlMjBkZSUyMDIwMjUmdXRtX21lZGl1bT1lbWFpbCZ1dG1fc291cmNlPU1haWxqZXQ\" href=\"https:\/\/go.abogacia.es\/lnk\/AVMAAIWSbnsAAc4dTKYAABYpKFAAAAAA0zoAAKFjABi_EgBpMBMegWTNZ_AQROyE60mkMMq_gAAYIRA\/9\/vl2QfpTiC6cRJKAN8LkGEQ\/aHR0cHM6Ly9leHBpbnRlcndlYi5pbmNsdXNpb24uZ29iLmVzL3BhcnRpY2lwYWNpb24vcGFydGljaXBhP3RyYW1pdGU9MSZ1dG1fY2FtcGFpZ249TGVnaXNsYWNpJUMzJUIzbiUyMERpYXJpYSUyMDAzJTIwZGUlMjBEaWNpZW1icmUlMjBkZSUyMDIwMjUmdXRtX21lZGl1bT1lbWFpbCZ1dG1fc291cmNlPU1haWxqZXQ\" target=\"_blank\" rel=\"noopener\" data-auth=\"NotApplicable\" data-linkindex=\"28\"><u>se desarrollan las normas legales de cotizaci\u00f3n a la Seguridad Social, desempleo, protecci\u00f3n por cese de actividad, Fondo de Garant\u00eda Salarial y formaci\u00f3n profesional para el ejercicio 2026<\/u><\/a>.<\/li><\/ul>\t\t\t\t\t\t\t\t<\/div>\n\t\t\t\t<\/div>\n\t\t\t\t\t<\/div>\n\t\t<\/div>\n\t\t\t\t\t<\/div>\n\t\t<\/section>\n\t\t\t\t<\/div>\n\t\t","protected":false},"excerpt":{"rendered":"<p>Legislaci\u00f3n Semanal &#8211; Del 1 al 5 de Diciembre de 2025 BOLET\u00cdN OFICIAL DEL ESTADO Disposiciones generales \/ Jefatura del Estado Real Decreto-ley 14\/2025, de 2 de diciembre, por el que\u00a0se aprueban medidas urgentes en materia de retribuciones en el \u00e1mbito del sector p\u00fablico. Ley 9\/2025, de 3 de diciembre, de\u00a0Movilidad Sostenible. Disposiciones generales \/ [&hellip;]<\/p>\n","protected":false},"author":1,"featured_media":0,"comment_status":"open","ping_status":"open","sticky":false,"template":"","format":"standard","meta":{"footnotes":""},"categories":[1],"tags":[],"class_list":["post-17934","post","type-post","status-publish","format-standard","hentry","category-uncategorized"],"_links":{"self":[{"href":"https:\/\/cms.icacordoba.23sd.es\/index.php\/wp-json\/wp\/v2\/posts\/17934","targetHints":{"allow":["GET"]}}],"collection":[{"href":"https:\/\/cms.icacordoba.23sd.es\/index.php\/wp-json\/wp\/v2\/posts"}],"about":[{"href":"https:\/\/cms.icacordoba.23sd.es\/index.php\/wp-json\/wp\/v2\/types\/post"}],"author":[{"embeddable":true,"href":"https:\/\/cms.icacordoba.23sd.es\/index.php\/wp-json\/wp\/v2\/users\/1"}],"replies":[{"embeddable":true,"href":"https:\/\/cms.icacordoba.23sd.es\/index.php\/wp-json\/wp\/v2\/comments?post=17934"}],"version-history":[{"count":3,"href":"https:\/\/cms.icacordoba.23sd.es\/index.php\/wp-json\/wp\/v2\/posts\/17934\/revisions"}],"predecessor-version":[{"id":17938,"href":"https:\/\/cms.icacordoba.23sd.es\/index.php\/wp-json\/wp\/v2\/posts\/17934\/revisions\/17938"}],"wp:attachment":[{"href":"https:\/\/cms.icacordoba.23sd.es\/index.php\/wp-json\/wp\/v2\/media?parent=17934"}],"wp:term":[{"taxonomy":"category","embeddable":true,"href":"https:\/\/cms.icacordoba.23sd.es\/index.php\/wp-json\/wp\/v2\/categories?post=17934"},{"taxonomy":"post_tag","embeddable":true,"href":"https:\/\/cms.icacordoba.23sd.es\/index.php\/wp-json\/wp\/v2\/tags?post=17934"}],"curies":[{"name":"wp","href":"https:\/\/api.w.org\/{rel}","templated":true}]}}