{"id":17910,"date":"2025-12-02T09:40:01","date_gmt":"2025-12-02T09:40:01","guid":{"rendered":"https:\/\/cms.icacordoba.23sd.es\/index.php\/17910\/"},"modified":"2025-12-02T09:43:06","modified_gmt":"2025-12-02T09:43:06","slug":"noticia-fiesta-de-la-pandereta-agrupacion-jovenes-abogados","status":"publish","type":"post","link":"https:\/\/cms.icacordoba.23sd.es\/index.php\/17910\/","title":{"rendered":"NOTICIA \u00bb Fiesta de la Pandereta Agrupaci\u00f3n J\u00f3venes Abogados"},"content":{"rendered":"\t\t<div data-elementor-type=\"wp-post\" data-elementor-id=\"17910\" class=\"elementor elementor-17910\" data-elementor-post-type=\"post\">\n\t\t\t\t\t\t<section class=\"elementor-section elementor-top-section elementor-element elementor-element-0c63c8d elementor-section-boxed elementor-section-height-default elementor-section-height-default\" data-id=\"0c63c8d\" data-element_type=\"section\" data-e-type=\"section\">\n\t\t\t\t\t\t<div class=\"elementor-container elementor-column-gap-default\">\n\t\t\t\t\t<div class=\"elementor-column elementor-col-100 elementor-top-column elementor-element elementor-element-d55d358\" data-id=\"d55d358\" data-element_type=\"column\" data-e-type=\"column\">\n\t\t\t<div class=\"elementor-widget-wrap elementor-element-populated\">\n\t\t\t\t\t\t<div class=\"elementor-element elementor-element-4eed263 elementor-widget elementor-widget-text-editor\" data-id=\"4eed263\" data-element_type=\"widget\" data-e-type=\"widget\" data-widget_type=\"text-editor.default\">\n\t\t\t\t<div class=\"elementor-widget-container\">\n\t\t\t\t\t\t\t\t\t<p class=\"text-build-content\">Se acerca la Navidad y llega el momento de anunciar que el pr\u00f3ximo <strong>d\u00eda 18 de diciembre, <\/strong>la Agrupaci\u00f3n de J\u00f3venes Abogados os invita a disfrutar de nuestra tradicional <strong><u>Fiesta de la Pandereta<\/u><\/strong> que este a\u00f1o se celebrar\u00e1 en el espectacular entorno de la <strong>Hacienda de Santa Mar\u00eda (Ctra. de las Ermitas, 101), <\/strong>a partir de las <strong>14:00 horas.<\/strong><\/p>\n<p class=\"text-build-content\">Ser\u00e1 una ocasi\u00f3n perfecta para compartir un d\u00eda de encuentro, celebraci\u00f3n navide\u00f1a y compa\u00f1erismo con todos los profesionales de la Abogac\u00eda. \u00a1No te lo puedes perder!<\/p>\n<p class=\"text-build-content\">Los precios de las tarjetas de asistencia se fijan en:<\/p>\n<ul>\n<li><strong>35 \u20ac<\/strong> Abogac\u00eda Joven<\/li>\n<li><strong>50 \u20ac<\/strong> Resto Colegiados\/as del ICA C\u00f3rdoba y alumnos\/as del M\u00e1ster en Abogac\u00eda.<\/li>\n<li><strong>70 \u20ac<\/strong> Acompa\u00f1antes y no colegiados en ICA-C\u00d3RDOBA.<\/li>\n<\/ul>\n<p class=\"text-build-content\"><strong>Venta de entradas. <\/strong>Os informaremos de la puesta a la venta de las entradas en los pr\u00f3ximos d\u00edas. Podr\u00e1n ser retiradas en la Secretar\u00eda del Colegio, o bien en la Sala de Togas de la Ciudad de la Justicia. &nbsp;<\/p>\n<p class=\"text-build-content\">\u00a1Ven a celebrar con nosotros y haz que esta Navidad sea inolvidable!<\/p><p class=\"text-build-content\"><b>AJA-C\u00f3rdoba<\/b><\/p>\t\t\t\t\t\t\t\t<\/div>\n\t\t\t\t<\/div>\n\t\t\t\t\t<\/div>\n\t\t<\/div>\n\t\t\t\t\t<\/div>\n\t\t<\/section>\n\t\t\t\t<\/div>\n\t\t","protected":false},"excerpt":{"rendered":"<p>Se acerca la Navidad y llega el momento de anunciar que el pr\u00f3ximo d\u00eda 18 de diciembre, la Agrupaci\u00f3n de J\u00f3venes Abogados os invita a disfrutar de nuestra tradicional Fiesta de la Pandereta que este a\u00f1o se celebrar\u00e1 en el espectacular entorno de la Hacienda de Santa Mar\u00eda (Ctra. de las Ermitas, 101), a partir [&hellip;]<\/p>\n","protected":false},"author":1,"featured_media":0,"comment_status":"open","ping_status":"open","sticky":false,"template":"","format":"standard","meta":{"footnotes":""},"categories":[1],"tags":[],"class_list":["post-17910","post","type-post","status-publish","format-standard","hentry","category-uncategorized"],"_links":{"self":[{"href":"https:\/\/cms.icacordoba.23sd.es\/index.php\/wp-json\/wp\/v2\/posts\/17910","targetHints":{"allow":["GET"]}}],"collection":[{"href":"https:\/\/cms.icacordoba.23sd.es\/index.php\/wp-json\/wp\/v2\/posts"}],"about":[{"href":"https:\/\/cms.icacordoba.23sd.es\/index.php\/wp-json\/wp\/v2\/types\/post"}],"author":[{"embeddable":true,"href":"https:\/\/cms.icacordoba.23sd.es\/index.php\/wp-json\/wp\/v2\/users\/1"}],"replies":[{"embeddable":true,"href":"https:\/\/cms.icacordoba.23sd.es\/index.php\/wp-json\/wp\/v2\/comments?post=17910"}],"version-history":[{"count":3,"href":"https:\/\/cms.icacordoba.23sd.es\/index.php\/wp-json\/wp\/v2\/posts\/17910\/revisions"}],"predecessor-version":[{"id":17913,"href":"https:\/\/cms.icacordoba.23sd.es\/index.php\/wp-json\/wp\/v2\/posts\/17910\/revisions\/17913"}],"wp:attachment":[{"href":"https:\/\/cms.icacordoba.23sd.es\/index.php\/wp-json\/wp\/v2\/media?parent=17910"}],"wp:term":[{"taxonomy":"category","embeddable":true,"href":"https:\/\/cms.icacordoba.23sd.es\/index.php\/wp-json\/wp\/v2\/categories?post=17910"},{"taxonomy":"post_tag","embeddable":true,"href":"https:\/\/cms.icacordoba.23sd.es\/index.php\/wp-json\/wp\/v2\/tags?post=17910"}],"curies":[{"name":"wp","href":"https:\/\/api.w.org\/{rel}","templated":true}]}}