{"id":17881,"date":"2025-12-01T17:34:11","date_gmt":"2025-12-01T17:34:11","guid":{"rendered":"https:\/\/cms.icacordoba.23sd.es\/index.php\/17881\/"},"modified":"2025-12-01T17:50:10","modified_gmt":"2025-12-01T17:50:10","slug":"noticia-el-colegio-rinde-homenaje-a-sus-colegiados-mas-veteranos-en-un-acto-cargado-de-emocion-y-compromiso","status":"publish","type":"post","link":"https:\/\/cms.icacordoba.23sd.es\/index.php\/17881\/","title":{"rendered":"NOTICIA \u00bb El Colegio rinde homenaje a sus colegiados m\u00e1s veteranos en un acto cargado de emoci\u00f3n y compromiso"},"content":{"rendered":"\t\t<div data-elementor-type=\"wp-post\" data-elementor-id=\"17881\" class=\"elementor elementor-17881\" data-elementor-post-type=\"post\">\n\t\t\t\t\t\t<section class=\"elementor-section elementor-top-section elementor-element elementor-element-4d0c1f3 elementor-section-boxed elementor-section-height-default elementor-section-height-default\" data-id=\"4d0c1f3\" data-element_type=\"section\" data-e-type=\"section\">\n\t\t\t\t\t\t<div class=\"elementor-container elementor-column-gap-default\">\n\t\t\t\t\t<div class=\"elementor-column elementor-col-100 elementor-top-column elementor-element elementor-element-0fdf25f\" data-id=\"0fdf25f\" data-element_type=\"column\" data-e-type=\"column\">\n\t\t\t<div class=\"elementor-widget-wrap elementor-element-populated\">\n\t\t\t\t\t\t<div class=\"elementor-element elementor-element-7a770f9 elementor-widget elementor-widget-text-editor\" data-id=\"7a770f9\" data-element_type=\"widget\" data-e-type=\"widget\" data-widget_type=\"text-editor.default\">\n\t\t\t\t<div class=\"elementor-widget-container\">\n\t\t\t\t\t\t\t\t\t<p>El Colegio de la Abogac\u00eda de C\u00f3rdoba ha celebrado hoy, en el Patio del Real C\u00edrculo de la Amistad, el tradicional acto de <strong>entrega de diplomas a los colegiados que cumplen 25 y 50 a\u00f1os de ejercicio profesional o colegiaci\u00f3n ininterrumpida<\/strong>, en el marco de los actos organizados en honor a los Patronos del Colegio, San Rafael Arc\u00e1ngel y la Inmaculada Concepci\u00f3n.<\/p>\t\t\t\t\t\t\t\t<\/div>\n\t\t\t\t<\/div>\n\t\t\t\t\t<\/div>\n\t\t<\/div>\n\t\t\t\t\t<\/div>\n\t\t<\/section>\n\t\t\t\t<section class=\"elementor-section elementor-top-section elementor-element elementor-element-58822bd elementor-section-boxed elementor-section-height-default elementor-section-height-default\" data-id=\"58822bd\" data-element_type=\"section\" data-e-type=\"section\">\n\t\t\t\t\t\t<div class=\"elementor-container elementor-column-gap-default\">\n\t\t\t\t\t<div class=\"elementor-column elementor-col-33 elementor-top-column elementor-element elementor-element-dedd5e7\" data-id=\"dedd5e7\" data-element_type=\"column\" data-e-type=\"column\">\n\t\t\t<div class=\"elementor-widget-wrap elementor-element-populated\">\n\t\t\t\t\t\t<div class=\"elementor-element elementor-element-b343ac0 elementor-widget elementor-widget-image\" data-id=\"b343ac0\" data-element_type=\"widget\" data-e-type=\"widget\" data-widget_type=\"image.default\">\n\t\t\t\t<div class=\"elementor-widget-container\">\n\t\t\t\t\t\t\t\t\t\t\t\t\t\t\t\t<a href=\"https:\/\/cms.icacordoba.23sd.es\/wp-content\/uploads\/2025\/12\/WhatsApp-Image-2025-11-29-at-13.55.14.jpeg\" data-elementor-open-lightbox=\"yes\" data-elementor-lightbox-title=\"Entrega Diplomas_Foto grupo\" data-e-action-hash=\"#elementor-action%3Aaction%3Dlightbox%26settings%3DeyJpZCI6MTc4ODMsInVybCI6Imh0dHBzOlwvXC9jbXMuaWNhY29yZG9iYS4yM3NkLmVzXC93cC1jb250ZW50XC91cGxvYWRzXC8yMDI1XC8xMlwvV2hhdHNBcHAtSW1hZ2UtMjAyNS0xMS0yOS1hdC0xMy41NS4xNC5qcGVnIn0%3D\">\n\t\t\t\t\t\t\t<img fetchpriority=\"high\" decoding=\"async\" width=\"2048\" height=\"1366\" src=\"https:\/\/cms.icacordoba.23sd.es\/wp-content\/uploads\/2025\/12\/WhatsApp-Image-2025-11-29-at-13.55.14.jpeg\" class=\"attachment-full size-full wp-image-17883\" alt=\"\" srcset=\"https:\/\/cms.icacordoba.23sd.es\/wp-content\/uploads\/2025\/12\/WhatsApp-Image-2025-11-29-at-13.55.14.jpeg 2048w, https:\/\/cms.icacordoba.23sd.es\/wp-content\/uploads\/2025\/12\/WhatsApp-Image-2025-11-29-at-13.55.14-300x200.jpeg 300w, https:\/\/cms.icacordoba.23sd.es\/wp-content\/uploads\/2025\/12\/WhatsApp-Image-2025-11-29-at-13.55.14-1024x683.jpeg 1024w, https:\/\/cms.icacordoba.23sd.es\/wp-content\/uploads\/2025\/12\/WhatsApp-Image-2025-11-29-at-13.55.14-768x512.jpeg 768w, https:\/\/cms.icacordoba.23sd.es\/wp-content\/uploads\/2025\/12\/WhatsApp-Image-2025-11-29-at-13.55.14-1536x1025.jpeg 1536w\" sizes=\"(max-width: 2048px) 100vw, 2048px\" \/>\t\t\t\t\t\t\t\t<\/a>\n\t\t\t\t\t\t\t\t\t\t\t\t\t\t\t<\/div>\n\t\t\t\t<\/div>\n\t\t\t\t\t<\/div>\n\t\t<\/div>\n\t\t\t\t<div class=\"elementor-column elementor-col-66 elementor-top-column elementor-element elementor-element-fa018aa\" data-id=\"fa018aa\" data-element_type=\"column\" data-e-type=\"column\">\n\t\t\t<div class=\"elementor-widget-wrap elementor-element-populated\">\n\t\t\t\t\t\t<div class=\"elementor-element elementor-element-39ca3f2 elementor-widget elementor-widget-text-editor\" data-id=\"39ca3f2\" data-element_type=\"widget\" data-e-type=\"widget\" data-widget_type=\"text-editor.default\">\n\t\t\t\t<div class=\"elementor-widget-container\">\n\t\t\t\t\t\t\t\t\t<p>El acto comenz\u00f3 con la entrega de diplomas a los colegiados homenajeados, destacando la trayectoria de <strong>Don Miguel Puig Velasco<\/strong>, que cumple 50 a\u00f1os de colegiaci\u00f3n, y de los profesionales que celebran 25 a\u00f1os de ejercicio ininterrumpido. Tras la entrega, tom\u00f3 la palabra el Decano del Colegio, <strong>Carlos Arias<\/strong>, quien pronunci\u00f3 un discurso cargado de reconocimiento y cercan\u00eda.<\/p><p>En su intervenci\u00f3n, el Decano reconoci\u00f3 el trabajo de los profesionales de la Abogac\u00eda homenajeados. \u201cCelebramos vuestra dedicaci\u00f3n a la defensa de la Justicia, a la protecci\u00f3n de derechos y libertades, a la construcci\u00f3n de una sociedad m\u00e1s justa. Vuestra trayectoria honra a nuestra profesi\u00f3n y nos inspira a todos\u201d, afirm\u00f3.<\/p>\t\t\t\t\t\t\t\t<\/div>\n\t\t\t\t<\/div>\n\t\t\t\t\t<\/div>\n\t\t<\/div>\n\t\t\t\t\t<\/div>\n\t\t<\/section>\n\t\t\t\t<section class=\"elementor-section elementor-top-section elementor-element elementor-element-d01655a elementor-section-boxed elementor-section-height-default elementor-section-height-default\" data-id=\"d01655a\" data-element_type=\"section\" data-e-type=\"section\">\n\t\t\t\t\t\t<div class=\"elementor-container elementor-column-gap-default\">\n\t\t\t\t\t<div class=\"elementor-column elementor-col-100 elementor-top-column elementor-element elementor-element-822b319\" data-id=\"822b319\" data-element_type=\"column\" data-e-type=\"column\">\n\t\t\t<div class=\"elementor-widget-wrap elementor-element-populated\">\n\t\t\t\t\t\t<div class=\"elementor-element elementor-element-9491ccd elementor-widget elementor-widget-text-editor\" data-id=\"9491ccd\" data-element_type=\"widget\" data-e-type=\"widget\" data-widget_type=\"text-editor.default\">\n\t\t\t\t<div class=\"elementor-widget-container\">\n\t\t\t\t\t\t\t\t\t<p>El decano hizo referencia a los retos que afronta la profesi\u00f3n. \u201cNos enfrentamos a desaf\u00edos importantes: garantizar pensiones dignas, mejorar las condiciones del turno de oficio, adaptarnos a la digitalizaci\u00f3n y a la inteligencia artificial, y atraer talento joven. La respuesta solo puede ser unidad y compromiso. Contad con el Colegio. Confiad en \u00e9l y en los servicios que ponemos a vuestra disposici\u00f3n. Estamos aqu\u00ed para vosotros\u201d. Adem\u00e1s, apel\u00f3 a las instituciones vinculadas a la Administraci\u00f3n de Justicia \u201cpara profundizar en la colaborando mutua y avanzar hacia una Justicia m\u00e1s eficaz y cercana al ciudadano.<\/p><p>Por \u00faltimo, Carlos Arias subray\u00f3 el valor de la profesi\u00f3n y la dedicaci\u00f3n de los abogados a sus clientes afirmando que \u201cser abogado significa mucho m\u00e1s que conocer leyes. Significa implicaci\u00f3n y dedicaci\u00f3n absoluta a nuestros clientes, acompa\u00f1arlos en momentos decisivos y defender sus derechos con firmeza y humanidad\u201d.<\/p><p>Este homenaje, uno de los momentos m\u00e1s significativos del calendario colegial, ha reunido a los profesionales distinguidos, sus familiares y profesionales de la Abogac\u00eda de C\u00f3rdoba, as\u00ed como a destacadas autoridades del \u00e1mbito judicial, acad\u00e9mico y social. Entre ellas, han asistido: Jos\u00e9 Antonio Nieto, Consejero de Turismo, Regeneraci\u00f3n, Justicia y Administraci\u00f3n Local de la Junta de Andaluc\u00eda, Juan Ram\u00f3n Berdugo, Magistrado del Tribunal Supremo, Miguel \u00c1ngel Pareja, Presidente de la Audiencia Provincial de C\u00f3rdoba, Eva \u00c1lvarez, Jueza Decana, Jes\u00fas Aparicio, en representaci\u00f3n de la Fiscal\u00eda Provincial, Mar\u00eda Jos\u00e9 Carralero, Decana del Colegio de Procuradores de C\u00f3rdoba, Jos\u00e9 J. Albert, decano de la Facultad de Derecho, Jos\u00e9 S\u00e1ez Rodr\u00edguez (Instituto de Medicina Legal), y representantes de Guardia Civil y Polic\u00eda Nacional.<\/p>\t\t\t\t\t\t\t\t<\/div>\n\t\t\t\t<\/div>\n\t\t\t\t\t<\/div>\n\t\t<\/div>\n\t\t\t\t\t<\/div>\n\t\t<\/section>\n\t\t\t\t<section class=\"elementor-section elementor-top-section elementor-element elementor-element-036c5c0 elementor-section-boxed elementor-section-height-default elementor-section-height-default\" data-id=\"036c5c0\" data-element_type=\"section\" data-e-type=\"section\">\n\t\t\t\t\t\t<div class=\"elementor-container elementor-column-gap-default\">\n\t\t\t\t\t<div class=\"elementor-column elementor-col-100 elementor-top-column elementor-element elementor-element-5879695\" data-id=\"5879695\" data-element_type=\"column\" data-e-type=\"column\">\n\t\t\t<div class=\"elementor-widget-wrap elementor-element-populated\">\n\t\t\t\t\t\t<div class=\"elementor-element elementor-element-9d9fd52 gallery-spacing-custom elementor-widget elementor-widget-image-gallery\" data-id=\"9d9fd52\" data-element_type=\"widget\" data-e-type=\"widget\" data-widget_type=\"image-gallery.default\">\n\t\t\t\t<div class=\"elementor-widget-container\">\n\t\t\t\t\t\t\t<div class=\"elementor-image-gallery\">\n\t\t\t<div id='gallery-1' class='gallery galleryid-17881 gallery-columns-5 gallery-size-full'><figure class='gallery-item'>\n\t\t\t<div class='gallery-icon landscape'>\n\t\t\t\t<a data-elementor-open-lightbox=\"yes\" data-elementor-lightbox-slideshow=\"9d9fd52\" data-elementor-lightbox-title=\"Entrega Diploma_1\" data-e-action-hash=\"#elementor-action%3Aaction%3Dlightbox%26settings%3DeyJpZCI6MTc4OTksInVybCI6Imh0dHBzOlwvXC9jbXMuaWNhY29yZG9iYS4yM3NkLmVzXC93cC1jb250ZW50XC91cGxvYWRzXC8yMDI1XC8xMlwvV2hhdHNBcHAtSW1hZ2UtMjAyNS0xMS0yOS1hdC0xMy41NS4xNi5qcGVnIiwic2xpZGVzaG93IjoiOWQ5ZmQ1MiJ9\" href='https:\/\/cms.icacordoba.23sd.es\/wp-content\/uploads\/2025\/12\/WhatsApp-Image-2025-11-29-at-13.55.16.jpeg'><img decoding=\"async\" width=\"2048\" height=\"1366\" src=\"https:\/\/cms.icacordoba.23sd.es\/wp-content\/uploads\/2025\/12\/WhatsApp-Image-2025-11-29-at-13.55.16.jpeg\" class=\"attachment-full size-full\" alt=\"\" srcset=\"https:\/\/cms.icacordoba.23sd.es\/wp-content\/uploads\/2025\/12\/WhatsApp-Image-2025-11-29-at-13.55.16.jpeg 2048w, https:\/\/cms.icacordoba.23sd.es\/wp-content\/uploads\/2025\/12\/WhatsApp-Image-2025-11-29-at-13.55.16-300x200.jpeg 300w, https:\/\/cms.icacordoba.23sd.es\/wp-content\/uploads\/2025\/12\/WhatsApp-Image-2025-11-29-at-13.55.16-1024x683.jpeg 1024w, https:\/\/cms.icacordoba.23sd.es\/wp-content\/uploads\/2025\/12\/WhatsApp-Image-2025-11-29-at-13.55.16-768x512.jpeg 768w, https:\/\/cms.icacordoba.23sd.es\/wp-content\/uploads\/2025\/12\/WhatsApp-Image-2025-11-29-at-13.55.16-1536x1025.jpeg 1536w\" sizes=\"(max-width: 2048px) 100vw, 2048px\" \/><\/a>\n\t\t\t<\/div><\/figure><figure class='gallery-item'>\n\t\t\t<div class='gallery-icon landscape'>\n\t\t\t\t<a data-elementor-open-lightbox=\"yes\" data-elementor-lightbox-slideshow=\"9d9fd52\" data-elementor-lightbox-title=\"Entrega Diplomas_2\" data-e-action-hash=\"#elementor-action%3Aaction%3Dlightbox%26settings%3DeyJpZCI6MTc5MDAsInVybCI6Imh0dHBzOlwvXC9jbXMuaWNhY29yZG9iYS4yM3NkLmVzXC93cC1jb250ZW50XC91cGxvYWRzXC8yMDI1XC8xMlwvV2hhdHNBcHAtSW1hZ2UtMjAyNS0xMS0yOS1hdC0xMy41NS4xNS0yLmpwZWciLCJzbGlkZXNob3ciOiI5ZDlmZDUyIn0%3D\" href='https:\/\/cms.icacordoba.23sd.es\/wp-content\/uploads\/2025\/12\/WhatsApp-Image-2025-11-29-at-13.55.15-2.jpeg'><img decoding=\"async\" width=\"2048\" height=\"1366\" src=\"https:\/\/cms.icacordoba.23sd.es\/wp-content\/uploads\/2025\/12\/WhatsApp-Image-2025-11-29-at-13.55.15-2.jpeg\" class=\"attachment-full size-full\" alt=\"\" srcset=\"https:\/\/cms.icacordoba.23sd.es\/wp-content\/uploads\/2025\/12\/WhatsApp-Image-2025-11-29-at-13.55.15-2.jpeg 2048w, https:\/\/cms.icacordoba.23sd.es\/wp-content\/uploads\/2025\/12\/WhatsApp-Image-2025-11-29-at-13.55.15-2-300x200.jpeg 300w, https:\/\/cms.icacordoba.23sd.es\/wp-content\/uploads\/2025\/12\/WhatsApp-Image-2025-11-29-at-13.55.15-2-1024x683.jpeg 1024w, https:\/\/cms.icacordoba.23sd.es\/wp-content\/uploads\/2025\/12\/WhatsApp-Image-2025-11-29-at-13.55.15-2-768x512.jpeg 768w, https:\/\/cms.icacordoba.23sd.es\/wp-content\/uploads\/2025\/12\/WhatsApp-Image-2025-11-29-at-13.55.15-2-1536x1025.jpeg 1536w\" sizes=\"(max-width: 2048px) 100vw, 2048px\" \/><\/a>\n\t\t\t<\/div><\/figure><figure class='gallery-item'>\n\t\t\t<div class='gallery-icon landscape'>\n\t\t\t\t<a data-elementor-open-lightbox=\"yes\" data-elementor-lightbox-slideshow=\"9d9fd52\" data-elementor-lightbox-title=\"Entrega Diplomas_6\" data-e-action-hash=\"#elementor-action%3Aaction%3Dlightbox%26settings%3DeyJpZCI6MTc4OTgsInVybCI6Imh0dHBzOlwvXC9jbXMuaWNhY29yZG9iYS4yM3NkLmVzXC93cC1jb250ZW50XC91cGxvYWRzXC8yMDI1XC8xMlwvV2hhdHNBcHAtSW1hZ2UtMjAyNS0xMS0yOS1hdC0xMy41NS4xNi02LmpwZWciLCJzbGlkZXNob3ciOiI5ZDlmZDUyIn0%3D\" href='https:\/\/cms.icacordoba.23sd.es\/wp-content\/uploads\/2025\/12\/WhatsApp-Image-2025-11-29-at-13.55.16-6.jpeg'><img loading=\"lazy\" decoding=\"async\" width=\"2048\" height=\"1366\" src=\"https:\/\/cms.icacordoba.23sd.es\/wp-content\/uploads\/2025\/12\/WhatsApp-Image-2025-11-29-at-13.55.16-6.jpeg\" class=\"attachment-full size-full\" alt=\"\" srcset=\"https:\/\/cms.icacordoba.23sd.es\/wp-content\/uploads\/2025\/12\/WhatsApp-Image-2025-11-29-at-13.55.16-6.jpeg 2048w, https:\/\/cms.icacordoba.23sd.es\/wp-content\/uploads\/2025\/12\/WhatsApp-Image-2025-11-29-at-13.55.16-6-300x200.jpeg 300w, https:\/\/cms.icacordoba.23sd.es\/wp-content\/uploads\/2025\/12\/WhatsApp-Image-2025-11-29-at-13.55.16-6-1024x683.jpeg 1024w, https:\/\/cms.icacordoba.23sd.es\/wp-content\/uploads\/2025\/12\/WhatsApp-Image-2025-11-29-at-13.55.16-6-768x512.jpeg 768w, https:\/\/cms.icacordoba.23sd.es\/wp-content\/uploads\/2025\/12\/WhatsApp-Image-2025-11-29-at-13.55.16-6-1536x1025.jpeg 1536w\" sizes=\"(max-width: 2048px) 100vw, 2048px\" \/><\/a>\n\t\t\t<\/div><\/figure><figure class='gallery-item'>\n\t\t\t<div class='gallery-icon landscape'>\n\t\t\t\t<a data-elementor-open-lightbox=\"yes\" data-elementor-lightbox-slideshow=\"9d9fd52\" data-elementor-lightbox-title=\"Entrega Diplomas_11\" data-e-action-hash=\"#elementor-action%3Aaction%3Dlightbox%26settings%3DeyJpZCI6MTc4OTMsInVybCI6Imh0dHBzOlwvXC9jbXMuaWNhY29yZG9iYS4yM3NkLmVzXC93cC1jb250ZW50XC91cGxvYWRzXC8yMDI1XC8xMlwvV2hhdHNBcHAtSW1hZ2UtMjAyNS0xMS0yOS1hdC0xMy41NS4xNi0xLmpwZWciLCJzbGlkZXNob3ciOiI5ZDlmZDUyIn0%3D\" href='https:\/\/cms.icacordoba.23sd.es\/wp-content\/uploads\/2025\/12\/WhatsApp-Image-2025-11-29-at-13.55.16-1.jpeg'><img loading=\"lazy\" decoding=\"async\" width=\"2048\" height=\"1366\" src=\"https:\/\/cms.icacordoba.23sd.es\/wp-content\/uploads\/2025\/12\/WhatsApp-Image-2025-11-29-at-13.55.16-1.jpeg\" class=\"attachment-full size-full\" alt=\"\" srcset=\"https:\/\/cms.icacordoba.23sd.es\/wp-content\/uploads\/2025\/12\/WhatsApp-Image-2025-11-29-at-13.55.16-1.jpeg 2048w, https:\/\/cms.icacordoba.23sd.es\/wp-content\/uploads\/2025\/12\/WhatsApp-Image-2025-11-29-at-13.55.16-1-300x200.jpeg 300w, https:\/\/cms.icacordoba.23sd.es\/wp-content\/uploads\/2025\/12\/WhatsApp-Image-2025-11-29-at-13.55.16-1-1024x683.jpeg 1024w, https:\/\/cms.icacordoba.23sd.es\/wp-content\/uploads\/2025\/12\/WhatsApp-Image-2025-11-29-at-13.55.16-1-768x512.jpeg 768w, https:\/\/cms.icacordoba.23sd.es\/wp-content\/uploads\/2025\/12\/WhatsApp-Image-2025-11-29-at-13.55.16-1-1536x1025.jpeg 1536w\" sizes=\"(max-width: 2048px) 100vw, 2048px\" \/><\/a>\n\t\t\t<\/div><\/figure><figure class='gallery-item'>\n\t\t\t<div class='gallery-icon landscape'>\n\t\t\t\t<a data-elementor-open-lightbox=\"yes\" data-elementor-lightbox-slideshow=\"9d9fd52\" data-elementor-lightbox-title=\"Entrega Diplomas_Autoridades\" data-e-action-hash=\"#elementor-action%3Aaction%3Dlightbox%26settings%3DeyJpZCI6MTc4OTAsInVybCI6Imh0dHBzOlwvXC9jbXMuaWNhY29yZG9iYS4yM3NkLmVzXC93cC1jb250ZW50XC91cGxvYWRzXC8yMDI1XC8xMlwvV2hhdHNBcHAtSW1hZ2UtMjAyNS0xMS0yOS1hdC0xMy41NS4xNS5qcGVnIiwic2xpZGVzaG93IjoiOWQ5ZmQ1MiJ9\" href='https:\/\/cms.icacordoba.23sd.es\/wp-content\/uploads\/2025\/12\/WhatsApp-Image-2025-11-29-at-13.55.15.jpeg'><img loading=\"lazy\" decoding=\"async\" width=\"2048\" height=\"1366\" src=\"https:\/\/cms.icacordoba.23sd.es\/wp-content\/uploads\/2025\/12\/WhatsApp-Image-2025-11-29-at-13.55.15.jpeg\" class=\"attachment-full size-full\" alt=\"\" srcset=\"https:\/\/cms.icacordoba.23sd.es\/wp-content\/uploads\/2025\/12\/WhatsApp-Image-2025-11-29-at-13.55.15.jpeg 2048w, https:\/\/cms.icacordoba.23sd.es\/wp-content\/uploads\/2025\/12\/WhatsApp-Image-2025-11-29-at-13.55.15-300x200.jpeg 300w, https:\/\/cms.icacordoba.23sd.es\/wp-content\/uploads\/2025\/12\/WhatsApp-Image-2025-11-29-at-13.55.15-1024x683.jpeg 1024w, https:\/\/cms.icacordoba.23sd.es\/wp-content\/uploads\/2025\/12\/WhatsApp-Image-2025-11-29-at-13.55.15-768x512.jpeg 768w, https:\/\/cms.icacordoba.23sd.es\/wp-content\/uploads\/2025\/12\/WhatsApp-Image-2025-11-29-at-13.55.15-1536x1025.jpeg 1536w\" sizes=\"(max-width: 2048px) 100vw, 2048px\" \/><\/a>\n\t\t\t<\/div><\/figure><figure class='gallery-item'>\n\t\t\t<div class='gallery-icon landscape'>\n\t\t\t\t<a data-elementor-open-lightbox=\"yes\" data-elementor-lightbox-slideshow=\"9d9fd52\" data-elementor-lightbox-title=\"Entrega Diplomas_8\" data-e-action-hash=\"#elementor-action%3Aaction%3Dlightbox%26settings%3DeyJpZCI6MTc4OTYsInVybCI6Imh0dHBzOlwvXC9jbXMuaWNhY29yZG9iYS4yM3NkLmVzXC93cC1jb250ZW50XC91cGxvYWRzXC8yMDI1XC8xMlwvV2hhdHNBcHAtSW1hZ2UtMjAyNS0xMS0yOS1hdC0xMy41NS4xNi00LmpwZWciLCJzbGlkZXNob3ciOiI5ZDlmZDUyIn0%3D\" href='https:\/\/cms.icacordoba.23sd.es\/wp-content\/uploads\/2025\/12\/WhatsApp-Image-2025-11-29-at-13.55.16-4.jpeg'><img loading=\"lazy\" decoding=\"async\" width=\"2048\" height=\"1366\" src=\"https:\/\/cms.icacordoba.23sd.es\/wp-content\/uploads\/2025\/12\/WhatsApp-Image-2025-11-29-at-13.55.16-4.jpeg\" class=\"attachment-full size-full\" alt=\"\" srcset=\"https:\/\/cms.icacordoba.23sd.es\/wp-content\/uploads\/2025\/12\/WhatsApp-Image-2025-11-29-at-13.55.16-4.jpeg 2048w, https:\/\/cms.icacordoba.23sd.es\/wp-content\/uploads\/2025\/12\/WhatsApp-Image-2025-11-29-at-13.55.16-4-300x200.jpeg 300w, https:\/\/cms.icacordoba.23sd.es\/wp-content\/uploads\/2025\/12\/WhatsApp-Image-2025-11-29-at-13.55.16-4-1024x683.jpeg 1024w, https:\/\/cms.icacordoba.23sd.es\/wp-content\/uploads\/2025\/12\/WhatsApp-Image-2025-11-29-at-13.55.16-4-768x512.jpeg 768w, https:\/\/cms.icacordoba.23sd.es\/wp-content\/uploads\/2025\/12\/WhatsApp-Image-2025-11-29-at-13.55.16-4-1536x1025.jpeg 1536w\" sizes=\"(max-width: 2048px) 100vw, 2048px\" \/><\/a>\n\t\t\t<\/div><\/figure><figure class='gallery-item'>\n\t\t\t<div class='gallery-icon landscape'>\n\t\t\t\t<a data-elementor-open-lightbox=\"yes\" data-elementor-lightbox-slideshow=\"9d9fd52\" data-elementor-lightbox-title=\"Entrega Diplomas_9\" data-e-action-hash=\"#elementor-action%3Aaction%3Dlightbox%26settings%3DeyJpZCI6MTc4OTUsInVybCI6Imh0dHBzOlwvXC9jbXMuaWNhY29yZG9iYS4yM3NkLmVzXC93cC1jb250ZW50XC91cGxvYWRzXC8yMDI1XC8xMlwvV2hhdHNBcHAtSW1hZ2UtMjAyNS0xMS0yOS1hdC0xMy41NS4xNi0zLmpwZWciLCJzbGlkZXNob3ciOiI5ZDlmZDUyIn0%3D\" href='https:\/\/cms.icacordoba.23sd.es\/wp-content\/uploads\/2025\/12\/WhatsApp-Image-2025-11-29-at-13.55.16-3.jpeg'><img loading=\"lazy\" decoding=\"async\" width=\"2048\" height=\"1366\" src=\"https:\/\/cms.icacordoba.23sd.es\/wp-content\/uploads\/2025\/12\/WhatsApp-Image-2025-11-29-at-13.55.16-3.jpeg\" class=\"attachment-full size-full\" alt=\"\" srcset=\"https:\/\/cms.icacordoba.23sd.es\/wp-content\/uploads\/2025\/12\/WhatsApp-Image-2025-11-29-at-13.55.16-3.jpeg 2048w, https:\/\/cms.icacordoba.23sd.es\/wp-content\/uploads\/2025\/12\/WhatsApp-Image-2025-11-29-at-13.55.16-3-300x200.jpeg 300w, https:\/\/cms.icacordoba.23sd.es\/wp-content\/uploads\/2025\/12\/WhatsApp-Image-2025-11-29-at-13.55.16-3-1024x683.jpeg 1024w, https:\/\/cms.icacordoba.23sd.es\/wp-content\/uploads\/2025\/12\/WhatsApp-Image-2025-11-29-at-13.55.16-3-768x512.jpeg 768w, https:\/\/cms.icacordoba.23sd.es\/wp-content\/uploads\/2025\/12\/WhatsApp-Image-2025-11-29-at-13.55.16-3-1536x1025.jpeg 1536w\" sizes=\"(max-width: 2048px) 100vw, 2048px\" \/><\/a>\n\t\t\t<\/div><\/figure><figure class='gallery-item'>\n\t\t\t<div class='gallery-icon landscape'>\n\t\t\t\t<a data-elementor-open-lightbox=\"yes\" data-elementor-lightbox-slideshow=\"9d9fd52\" data-elementor-lightbox-title=\"Entrega Diplomas_10\" data-e-action-hash=\"#elementor-action%3Aaction%3Dlightbox%26settings%3DeyJpZCI6MTc4OTQsInVybCI6Imh0dHBzOlwvXC9jbXMuaWNhY29yZG9iYS4yM3NkLmVzXC93cC1jb250ZW50XC91cGxvYWRzXC8yMDI1XC8xMlwvV2hhdHNBcHAtSW1hZ2UtMjAyNS0xMS0yOS1hdC0xMy41NS4xNi0yLmpwZWciLCJzbGlkZXNob3ciOiI5ZDlmZDUyIn0%3D\" href='https:\/\/cms.icacordoba.23sd.es\/wp-content\/uploads\/2025\/12\/WhatsApp-Image-2025-11-29-at-13.55.16-2.jpeg'><img loading=\"lazy\" decoding=\"async\" width=\"2048\" height=\"1366\" src=\"https:\/\/cms.icacordoba.23sd.es\/wp-content\/uploads\/2025\/12\/WhatsApp-Image-2025-11-29-at-13.55.16-2.jpeg\" class=\"attachment-full size-full\" alt=\"\" srcset=\"https:\/\/cms.icacordoba.23sd.es\/wp-content\/uploads\/2025\/12\/WhatsApp-Image-2025-11-29-at-13.55.16-2.jpeg 2048w, https:\/\/cms.icacordoba.23sd.es\/wp-content\/uploads\/2025\/12\/WhatsApp-Image-2025-11-29-at-13.55.16-2-300x200.jpeg 300w, https:\/\/cms.icacordoba.23sd.es\/wp-content\/uploads\/2025\/12\/WhatsApp-Image-2025-11-29-at-13.55.16-2-1024x683.jpeg 1024w, https:\/\/cms.icacordoba.23sd.es\/wp-content\/uploads\/2025\/12\/WhatsApp-Image-2025-11-29-at-13.55.16-2-768x512.jpeg 768w, https:\/\/cms.icacordoba.23sd.es\/wp-content\/uploads\/2025\/12\/WhatsApp-Image-2025-11-29-at-13.55.16-2-1536x1025.jpeg 1536w\" sizes=\"(max-width: 2048px) 100vw, 2048px\" \/><\/a>\n\t\t\t<\/div><\/figure><figure class='gallery-item'>\n\t\t\t<div class='gallery-icon landscape'>\n\t\t\t\t<a data-elementor-open-lightbox=\"yes\" data-elementor-lightbox-slideshow=\"9d9fd52\" data-elementor-lightbox-title=\"Entrega Diplomas_12\" data-e-action-hash=\"#elementor-action%3Aaction%3Dlightbox%26settings%3DeyJpZCI6MTc4OTIsInVybCI6Imh0dHBzOlwvXC9jbXMuaWNhY29yZG9iYS4yM3NkLmVzXC93cC1jb250ZW50XC91cGxvYWRzXC8yMDI1XC8xMlwvV2hhdHNBcHAtSW1hZ2UtMjAyNS0xMS0yOS1hdC0xMy41NS4xNS00LmpwZWciLCJzbGlkZXNob3ciOiI5ZDlmZDUyIn0%3D\" href='https:\/\/cms.icacordoba.23sd.es\/wp-content\/uploads\/2025\/12\/WhatsApp-Image-2025-11-29-at-13.55.15-4.jpeg'><img loading=\"lazy\" decoding=\"async\" width=\"2048\" height=\"1366\" src=\"https:\/\/cms.icacordoba.23sd.es\/wp-content\/uploads\/2025\/12\/WhatsApp-Image-2025-11-29-at-13.55.15-4.jpeg\" class=\"attachment-full size-full\" alt=\"\" srcset=\"https:\/\/cms.icacordoba.23sd.es\/wp-content\/uploads\/2025\/12\/WhatsApp-Image-2025-11-29-at-13.55.15-4.jpeg 2048w, https:\/\/cms.icacordoba.23sd.es\/wp-content\/uploads\/2025\/12\/WhatsApp-Image-2025-11-29-at-13.55.15-4-300x200.jpeg 300w, https:\/\/cms.icacordoba.23sd.es\/wp-content\/uploads\/2025\/12\/WhatsApp-Image-2025-11-29-at-13.55.15-4-1024x683.jpeg 1024w, https:\/\/cms.icacordoba.23sd.es\/wp-content\/uploads\/2025\/12\/WhatsApp-Image-2025-11-29-at-13.55.15-4-768x512.jpeg 768w, https:\/\/cms.icacordoba.23sd.es\/wp-content\/uploads\/2025\/12\/WhatsApp-Image-2025-11-29-at-13.55.15-4-1536x1025.jpeg 1536w\" sizes=\"(max-width: 2048px) 100vw, 2048px\" \/><\/a>\n\t\t\t<\/div><\/figure><figure class='gallery-item'>\n\t\t\t<div class='gallery-icon landscape'>\n\t\t\t\t<a data-elementor-open-lightbox=\"yes\" data-elementor-lightbox-slideshow=\"9d9fd52\" data-elementor-lightbox-title=\"Entrega Diplomas_Foto grupo\" data-e-action-hash=\"#elementor-action%3Aaction%3Dlightbox%26settings%3DeyJpZCI6MTc4ODMsInVybCI6Imh0dHBzOlwvXC9jbXMuaWNhY29yZG9iYS4yM3NkLmVzXC93cC1jb250ZW50XC91cGxvYWRzXC8yMDI1XC8xMlwvV2hhdHNBcHAtSW1hZ2UtMjAyNS0xMS0yOS1hdC0xMy41NS4xNC5qcGVnIiwic2xpZGVzaG93IjoiOWQ5ZmQ1MiJ9\" href='https:\/\/cms.icacordoba.23sd.es\/wp-content\/uploads\/2025\/12\/WhatsApp-Image-2025-11-29-at-13.55.14.jpeg'><img loading=\"lazy\" decoding=\"async\" width=\"2048\" height=\"1366\" src=\"https:\/\/cms.icacordoba.23sd.es\/wp-content\/uploads\/2025\/12\/WhatsApp-Image-2025-11-29-at-13.55.14.jpeg\" class=\"attachment-full size-full\" alt=\"\" srcset=\"https:\/\/cms.icacordoba.23sd.es\/wp-content\/uploads\/2025\/12\/WhatsApp-Image-2025-11-29-at-13.55.14.jpeg 2048w, https:\/\/cms.icacordoba.23sd.es\/wp-content\/uploads\/2025\/12\/WhatsApp-Image-2025-11-29-at-13.55.14-300x200.jpeg 300w, https:\/\/cms.icacordoba.23sd.es\/wp-content\/uploads\/2025\/12\/WhatsApp-Image-2025-11-29-at-13.55.14-1024x683.jpeg 1024w, https:\/\/cms.icacordoba.23sd.es\/wp-content\/uploads\/2025\/12\/WhatsApp-Image-2025-11-29-at-13.55.14-768x512.jpeg 768w, https:\/\/cms.icacordoba.23sd.es\/wp-content\/uploads\/2025\/12\/WhatsApp-Image-2025-11-29-at-13.55.14-1536x1025.jpeg 1536w\" sizes=\"(max-width: 2048px) 100vw, 2048px\" \/><\/a>\n\t\t\t<\/div><\/figure>\n\t\t<\/div>\n\t\t<\/div>\n\t\t\t\t\t\t<\/div>\n\t\t\t\t<\/div>\n\t\t\t\t\t<\/div>\n\t\t<\/div>\n\t\t\t\t\t<\/div>\n\t\t<\/section>\n\t\t\t\t<\/div>\n\t\t","protected":false},"excerpt":{"rendered":"<p>El Colegio de la Abogac\u00eda de C\u00f3rdoba ha celebrado hoy, en el Patio del Real C\u00edrculo de la Amistad, el tradicional acto de entrega de diplomas a los colegiados que cumplen 25 y 50 a\u00f1os de ejercicio profesional o colegiaci\u00f3n ininterrumpida, en el marco de los actos organizados en honor a los Patronos del Colegio, [&hellip;]<\/p>\n","protected":false},"author":1,"featured_media":0,"comment_status":"open","ping_status":"open","sticky":false,"template":"","format":"standard","meta":{"footnotes":""},"categories":[1],"tags":[],"class_list":["post-17881","post","type-post","status-publish","format-standard","hentry","category-uncategorized"],"_links":{"self":[{"href":"https:\/\/cms.icacordoba.23sd.es\/index.php\/wp-json\/wp\/v2\/posts\/17881","targetHints":{"allow":["GET"]}}],"collection":[{"href":"https:\/\/cms.icacordoba.23sd.es\/index.php\/wp-json\/wp\/v2\/posts"}],"about":[{"href":"https:\/\/cms.icacordoba.23sd.es\/index.php\/wp-json\/wp\/v2\/types\/post"}],"author":[{"embeddable":true,"href":"https:\/\/cms.icacordoba.23sd.es\/index.php\/wp-json\/wp\/v2\/users\/1"}],"replies":[{"embeddable":true,"href":"https:\/\/cms.icacordoba.23sd.es\/index.php\/wp-json\/wp\/v2\/comments?post=17881"}],"version-history":[{"count":15,"href":"https:\/\/cms.icacordoba.23sd.es\/index.php\/wp-json\/wp\/v2\/posts\/17881\/revisions"}],"predecessor-version":[{"id":17909,"href":"https:\/\/cms.icacordoba.23sd.es\/index.php\/wp-json\/wp\/v2\/posts\/17881\/revisions\/17909"}],"wp:attachment":[{"href":"https:\/\/cms.icacordoba.23sd.es\/index.php\/wp-json\/wp\/v2\/media?parent=17881"}],"wp:term":[{"taxonomy":"category","embeddable":true,"href":"https:\/\/cms.icacordoba.23sd.es\/index.php\/wp-json\/wp\/v2\/categories?post=17881"},{"taxonomy":"post_tag","embeddable":true,"href":"https:\/\/cms.icacordoba.23sd.es\/index.php\/wp-json\/wp\/v2\/tags?post=17881"}],"curies":[{"name":"wp","href":"https:\/\/api.w.org\/{rel}","templated":true}]}}