{"id":17873,"date":"2025-12-01T12:17:27","date_gmt":"2025-12-01T12:17:27","guid":{"rendered":"https:\/\/cms.icacordoba.23sd.es\/index.php\/17873\/"},"modified":"2025-12-01T12:49:41","modified_gmt":"2025-12-01T12:49:41","slug":"noticia-la-abogacia-reitera-en-cordoba-su-compromiso-con-la-defensa-de-los-inmigrantes","status":"publish","type":"post","link":"https:\/\/cms.icacordoba.23sd.es\/index.php\/17873\/","title":{"rendered":"NOTICIA \u00bb La Abogac\u00eda reitera en C\u00f3rdoba su compromiso con la defensa de los inmigrantes"},"content":{"rendered":"\t\t<div data-elementor-type=\"wp-post\" data-elementor-id=\"17873\" class=\"elementor elementor-17873\" data-elementor-post-type=\"post\">\n\t\t\t\t\t\t<section class=\"elementor-section elementor-top-section elementor-element elementor-element-6690151 elementor-section-boxed elementor-section-height-default elementor-section-height-default\" data-id=\"6690151\" data-element_type=\"section\" data-e-type=\"section\">\n\t\t\t\t\t\t<div class=\"elementor-container elementor-column-gap-default\">\n\t\t\t\t\t<div class=\"elementor-column elementor-col-100 elementor-top-column elementor-element elementor-element-54b1ddc\" data-id=\"54b1ddc\" data-element_type=\"column\" data-e-type=\"column\">\n\t\t\t<div class=\"elementor-widget-wrap elementor-element-populated\">\n\t\t\t\t\t\t<div class=\"elementor-element elementor-element-00cbcba elementor-widget elementor-widget-text-editor\" data-id=\"00cbcba\" data-element_type=\"widget\" data-e-type=\"widget\" data-widget_type=\"text-editor.default\">\n\t\t\t\t<div class=\"elementor-widget-container\">\n\t\t\t\t\t\t\t\t\t<p>El Consejo General de la Abogac\u00eda Espa\u00f1ola reclam\u00f3 hoy, en las XXXIII Jornadas de Extranjer\u00eda en C\u00f3rdoba, que los temas de migraci\u00f3n y asilo se aborden desde \u201cun enfoque solidario y humano, basado en la corresponsabilidad entre los Estados miembros y en la primac\u00eda de los derechos fundamentales\u201d.<\/p>\t\t\t\t\t\t\t\t<\/div>\n\t\t\t\t<\/div>\n\t\t\t\t\t<\/div>\n\t\t<\/div>\n\t\t\t\t\t<\/div>\n\t\t<\/section>\n\t\t\t\t<section class=\"elementor-section elementor-top-section elementor-element elementor-element-2268d7a elementor-section-boxed elementor-section-height-default elementor-section-height-default\" data-id=\"2268d7a\" data-element_type=\"section\" data-e-type=\"section\">\n\t\t\t\t\t\t<div class=\"elementor-container elementor-column-gap-default\">\n\t\t\t\t\t<div class=\"elementor-column elementor-col-33 elementor-top-column elementor-element elementor-element-8cf9c15\" data-id=\"8cf9c15\" data-element_type=\"column\" data-e-type=\"column\">\n\t\t\t<div class=\"elementor-widget-wrap elementor-element-populated\">\n\t\t\t\t\t\t<div class=\"elementor-element elementor-element-2cdf730 elementor-widget elementor-widget-image\" data-id=\"2cdf730\" data-element_type=\"widget\" data-e-type=\"widget\" data-widget_type=\"image.default\">\n\t\t\t\t<div class=\"elementor-widget-container\">\n\t\t\t\t\t\t\t\t\t\t\t\t<figure class=\"wp-caption\">\n\t\t\t\t\t\t\t\t\t\t<img fetchpriority=\"high\" decoding=\"async\" width=\"768\" height=\"512\" src=\"https:\/\/cms.icacordoba.23sd.es\/wp-content\/uploads\/2025\/12\/image00050-768x512.jpeg\" class=\"attachment-medium_large size-medium_large wp-image-17874\" alt=\"\" srcset=\"https:\/\/cms.icacordoba.23sd.es\/wp-content\/uploads\/2025\/12\/image00050-768x512.jpeg 768w, https:\/\/cms.icacordoba.23sd.es\/wp-content\/uploads\/2025\/12\/image00050-300x200.jpeg 300w, https:\/\/cms.icacordoba.23sd.es\/wp-content\/uploads\/2025\/12\/image00050-1024x683.jpeg 1024w, https:\/\/cms.icacordoba.23sd.es\/wp-content\/uploads\/2025\/12\/image00050-1536x1024.jpeg 1536w, https:\/\/cms.icacordoba.23sd.es\/wp-content\/uploads\/2025\/12\/image00050-2048x1365.jpeg 2048w\" sizes=\"(max-width: 768px) 100vw, 768px\" \/>\t\t\t\t\t\t\t\t\t\t\t<figcaption class=\"widget-image-caption wp-caption-text\">Jos\u00e9 Carlos Arias, decano del Colegio de la Abogac\u00eda de C\u00f3rdoba; Encarna Orduna, secretaria general de la Abogac\u00eda; Jos\u00e9 Antonio Nieto, consejero de Justicia de la Junta de Andaluc\u00eda y Blas Imbroda, presidente de la Subcomisi\u00f3n de Extranjer\u00eda y Protecci\u00f3n Internacional de la Abogac\u00eda<\/figcaption>\n\t\t\t\t\t\t\t\t\t\t<\/figure>\n\t\t\t\t\t\t\t\t\t<\/div>\n\t\t\t\t<\/div>\n\t\t\t\t\t<\/div>\n\t\t<\/div>\n\t\t\t\t<div class=\"elementor-column elementor-col-66 elementor-top-column elementor-element elementor-element-d2cf4d9\" data-id=\"d2cf4d9\" data-element_type=\"column\" data-e-type=\"column\">\n\t\t\t<div class=\"elementor-widget-wrap elementor-element-populated\">\n\t\t\t\t\t\t<div class=\"elementor-element elementor-element-aebe391 elementor-widget elementor-widget-text-editor\" data-id=\"aebe391\" data-element_type=\"widget\" data-e-type=\"widget\" data-widget_type=\"text-editor.default\">\n\t\t\t\t<div class=\"elementor-widget-container\">\n\t\t\t\t\t\t\t\t\t<p>As\u00ed lo expres\u00f3 la secretaria general de la Abogac\u00eda, Encarna Orduna, en la inauguraci\u00f3n de estas Jornadas, organizadas por la Abogac\u00eda, que durante dos d\u00edas re\u00fanen a m\u00e1s de 500 abogados y abogadas especializados para debatir c\u00f3mo mejorar la protecci\u00f3n y defensa de los migrantes.<\/p><p>\u201cDefender a una persona extranjera es defender la justicia universal, la igualdad ante la ley y el principio de humanidad\u201d, asegur\u00f3 Orduna, que reiter\u00f3 el compromiso de la Abogac\u00eda: \u201cSeguir\u00e1 trabajando, con independencia y compromiso, para que nadie quede sin defensa, para que cada persona tenga acceso efectivo a la justicia y para que la integraci\u00f3n sea una realidad posible y tangible, no un ideal dudoso o lejano\u201d.<\/p><p>En la inauguraci\u00f3n participaron tambi\u00e9n Jos\u00e9 Carlos Arias L\u00f3pez, decano del Colegio de la Abogac\u00eda de C\u00f3rdoba, Jos\u00e9 Antonio Nieto, consejero de Justicia, Administraci\u00f3n Local y Funci\u00f3n P\u00fablica de la Junta de Andaluc\u00eda, y Blas Jes\u00fas Imbroda, presidente de la Subcomisi\u00f3n de Extranjer\u00eda y Protecci\u00f3n Internacional de la Abogac\u00eda.<\/p><p>\u201cLa migraci\u00f3n y la protecci\u00f3n internacional son uno de los grandes retos de nuestro tiempo. Hace falta una abogac\u00eda preparada para garantizar el derecho de defensa\u201d, afirm\u00f3 el decano de C\u00f3rdoba, Jos\u00e9 Carlos Arias, quien tambi\u00e9n denunci\u00f3 \u201cla imposibilidad de acceder al sistema de citas para pedir protecci\u00f3n internacional. Esto supone una vulneraci\u00f3n del derecho a solicitar asilo; instamos a las autoridades a ofrecer soluciones. Un sistema colapsado se ha convertido en un muro digital\u201d.<\/p>\t\t\t\t\t\t\t\t<\/div>\n\t\t\t\t<\/div>\n\t\t\t\t\t<\/div>\n\t\t<\/div>\n\t\t\t\t\t<\/div>\n\t\t<\/section>\n\t\t\t\t<section class=\"elementor-section elementor-top-section elementor-element elementor-element-9ab6beb elementor-section-boxed elementor-section-height-default elementor-section-height-default\" data-id=\"9ab6beb\" data-element_type=\"section\" data-e-type=\"section\">\n\t\t\t\t\t\t<div class=\"elementor-container elementor-column-gap-default\">\n\t\t\t\t\t<div class=\"elementor-column elementor-col-100 elementor-top-column elementor-element elementor-element-10deb5c\" data-id=\"10deb5c\" data-element_type=\"column\" data-e-type=\"column\">\n\t\t\t<div class=\"elementor-widget-wrap elementor-element-populated\">\n\t\t\t\t\t\t<div class=\"elementor-element elementor-element-1cf25d2 elementor-widget elementor-widget-text-editor\" data-id=\"1cf25d2\" data-element_type=\"widget\" data-e-type=\"widget\" data-widget_type=\"text-editor.default\">\n\t\t\t\t<div class=\"elementor-widget-container\">\n\t\t\t\t\t\t\t\t\t<p>El consejero de Justicia Jose Antonio Nieto, por su parte, destac\u00f3 que \u201cla voz de la abogac\u00eda es muy importante porque ayuda a que la sociedad entienda cu\u00e1les son los derechos que no se pueden manipular ni usar como herramienta pol\u00edtica. No se puede jugar con vidas humanas, tiene que haber seguridad jur\u00eddica en el acogimiento e integraci\u00f3n\u201d.<\/p><p>En Espa\u00f1a hay actualmente 27.000 abogados y abogados de extranjer\u00eda, como explic\u00f3 el presidente de la subcomisi\u00f3n de Extranjer\u00eda, Blas Imbroda, quien elogi\u00f3 su labor: \u201cHac\u00e9is un trabajo inmenso en la defensa de los derechos de los migrantes. Los grandes avances normativos en favor de los migrantes en este pa\u00eds son obra vuestra, porque hab\u00e9is conseguido derechos que no exist\u00edan\u201d.<\/p><p>El lema de esta edici\u00f3n, \u201cMigraci\u00f3n y derechos humanos: por la tolerancia y la paz\u201d, cobra especial relevancia en un contexto internacional marcado por guerras, conflictos y vulneraciones de derechos humanos.<\/p><p>Durante dos d\u00edas se abordar\u00e1n las pol\u00edticas migratorias de la Uni\u00f3n Europea, o las consecuencias de la entrada en vigor del nuevo Reglamento de Extranjer\u00eda: \u201cla saturaci\u00f3n de las oficinas de extranjer\u00eda, la falta de uniformidad de criterios o la complejidad t\u00e9cnica de algunos procedimientos\u201d, se\u00f1al\u00f3 Orduna.<\/p><p>Ainara Dorremochea Fern\u00e1ndez, subdirectora general de R\u00e9gimen Jur\u00eddico de la Secretar\u00eda de Estado de Migraciones, explic\u00f3 las principales novedades que ha introducido este nuevo Reglamento, como las modificaciones en los visados de estudiantes, la concesi\u00f3n del NIE con los visados de m\u00e1s de 90 d\u00edas, o la vigencia de los visados y autorizaciones. \u201cLa tendencia es dar autorizaciones con mayor vigencia\u201d, asegur\u00f3, antes de responder a las numerosas preguntas de los asistentes.<\/p><p>La abogada especializada en derechos humanos Patricia Fern\u00e1ndez Vicens denunci\u00f3, por su parte, las \u00absombras\u00bb de este reglamento. \u00abSe ha hecho de espaldas a la realidad migratoria\u00bb. \u00abSi hoy la escritora judia Hannah Arendt pidiera asilo en Espa\u00f1a se lo denegar\u00edamos\u00bb, denunci\u00f3.<\/p><p>Gema Campillos Gonz\u00e1lez, subdirectora General Adjunta S. G. de Relaciones Institucionales e Informaci\u00f3n de Protecci\u00f3n Internacional de la Direcci\u00f3n General de Protecci\u00f3n Internacional, explic\u00f3 en detalle las soluciones que introduce el Pacto de Asilo y Migraci\u00f3n de la UE, que entrar\u00e1 en vigor en 2026.<\/p><p>Adem\u00e1s, se analizaron los diferentes tipos de arraigo, la situaci\u00f3n de los familiares de espa\u00f1oles o de los menores o de las v\u00edctimas de trata y violencia de g\u00e9nero.<\/p>\t\t\t\t\t\t\t\t<\/div>\n\t\t\t\t<\/div>\n\t\t\t\t<div class=\"elementor-element elementor-element-0f8c1ce elementor-widget elementor-widget-heading\" data-id=\"0f8c1ce\" data-element_type=\"widget\" data-e-type=\"widget\" data-widget_type=\"heading.default\">\n\t\t\t\t<div class=\"elementor-widget-container\">\n\t\t\t\t\t<h5 class=\"elementor-heading-title elementor-size-default\">DECLARACI\u00d3N XXXIII JORNADAS DE EXTRANJER\u00cdA Y PROTECCI\u00d3N INTERNACIONAL<\/h5>\t\t\t\t<\/div>\n\t\t\t\t<\/div>\n\t\t\t\t<div class=\"elementor-element elementor-element-ecfb3f2 elementor-widget elementor-widget-text-editor\" data-id=\"ecfb3f2\" data-element_type=\"widget\" data-e-type=\"widget\" data-widget_type=\"text-editor.default\">\n\t\t\t\t<div class=\"elementor-widget-container\">\n\t\t\t\t\t\t\t\t\t<p>La Abogac\u00eda Espa\u00f1ola, al cierre de sus XXXIII Jornadas de Extranjer\u00eda y Protecci\u00f3n Internacional, alza su voz e insta a autoridades y partidos pol\u00edticos a colocar en primer lugar el escrupuloso respeto a los derechos humanos y a los principios de solidaridad y humanidad a la hora de legislar y dictar pol\u00edticas en materia de migraci\u00f3n.<\/p><p>Los migrantes no son cifras ni estad\u00edsticas sino seres humanos que necesitan apoyo, protecci\u00f3n y solidaridad. Cualquier norma o aplicaci\u00f3n legal de estas debe regirse por estos principios.<\/p><p>Los abogados y abogadas de Espa\u00f1a reafirmamos nuestro firme compromiso con la defensa de todos los derechos fundamentales de estas personas, que se encuentran adem\u00e1s en una situaci\u00f3n de especial vulnerabilidad. La abogac\u00eda siempre estar\u00e1 a su lado, ampar\u00e1ndolas y haciendo valer sus derechos.<\/p><p>Y un a\u00f1o m\u00e1s reclamamos que se incluya el derecho humano a la paz en la Declaraci\u00f3n Universal de los Derechos Humanos y se convierta en una realidad en todos los rincones del mundo.<\/p>\t\t\t\t\t\t\t\t<\/div>\n\t\t\t\t<\/div>\n\t\t\t\t\t<\/div>\n\t\t<\/div>\n\t\t\t\t\t<\/div>\n\t\t<\/section>\n\t\t\t\t<\/div>\n\t\t","protected":false},"excerpt":{"rendered":"<p>El Consejo General de la Abogac\u00eda Espa\u00f1ola reclam\u00f3 hoy, en las XXXIII Jornadas de Extranjer\u00eda en C\u00f3rdoba, que los temas de migraci\u00f3n y asilo se aborden desde \u201cun enfoque solidario y humano, basado en la corresponsabilidad entre los Estados miembros y en la primac\u00eda de los derechos fundamentales\u201d. Jos\u00e9 Carlos Arias, decano del Colegio de [&hellip;]<\/p>\n","protected":false},"author":1,"featured_media":0,"comment_status":"open","ping_status":"open","sticky":false,"template":"","format":"standard","meta":{"footnotes":""},"categories":[1],"tags":[],"class_list":["post-17873","post","type-post","status-publish","format-standard","hentry","category-uncategorized"],"_links":{"self":[{"href":"https:\/\/cms.icacordoba.23sd.es\/index.php\/wp-json\/wp\/v2\/posts\/17873","targetHints":{"allow":["GET"]}}],"collection":[{"href":"https:\/\/cms.icacordoba.23sd.es\/index.php\/wp-json\/wp\/v2\/posts"}],"about":[{"href":"https:\/\/cms.icacordoba.23sd.es\/index.php\/wp-json\/wp\/v2\/types\/post"}],"author":[{"embeddable":true,"href":"https:\/\/cms.icacordoba.23sd.es\/index.php\/wp-json\/wp\/v2\/users\/1"}],"replies":[{"embeddable":true,"href":"https:\/\/cms.icacordoba.23sd.es\/index.php\/wp-json\/wp\/v2\/comments?post=17873"}],"version-history":[{"count":6,"href":"https:\/\/cms.icacordoba.23sd.es\/index.php\/wp-json\/wp\/v2\/posts\/17873\/revisions"}],"predecessor-version":[{"id":17880,"href":"https:\/\/cms.icacordoba.23sd.es\/index.php\/wp-json\/wp\/v2\/posts\/17873\/revisions\/17880"}],"wp:attachment":[{"href":"https:\/\/cms.icacordoba.23sd.es\/index.php\/wp-json\/wp\/v2\/media?parent=17873"}],"wp:term":[{"taxonomy":"category","embeddable":true,"href":"https:\/\/cms.icacordoba.23sd.es\/index.php\/wp-json\/wp\/v2\/categories?post=17873"},{"taxonomy":"post_tag","embeddable":true,"href":"https:\/\/cms.icacordoba.23sd.es\/index.php\/wp-json\/wp\/v2\/tags?post=17873"}],"curies":[{"name":"wp","href":"https:\/\/api.w.org\/{rel}","templated":true}]}}