{"id":17863,"date":"2025-12-01T09:19:52","date_gmt":"2025-12-01T09:19:52","guid":{"rendered":"https:\/\/cms.icacordoba.23sd.es\/index.php\/17863\/"},"modified":"2025-12-01T09:48:26","modified_gmt":"2025-12-01T09:48:26","slug":"legislacion-semanal-del-24-al-28-de-noviembre-de-2025","status":"publish","type":"post","link":"https:\/\/cms.icacordoba.23sd.es\/index.php\/17863\/","title":{"rendered":"Legislaci\u00f3n Semanal del 24 al 28 de noviembre de 2025"},"content":{"rendered":"\t\t<div data-elementor-type=\"wp-post\" data-elementor-id=\"17863\" class=\"elementor elementor-17863\" data-elementor-post-type=\"post\">\n\t\t\t\t\t\t<section class=\"elementor-section elementor-top-section elementor-element elementor-element-1e7f9ef elementor-section-boxed elementor-section-height-default elementor-section-height-default\" data-id=\"1e7f9ef\" data-element_type=\"section\" data-e-type=\"section\">\n\t\t\t\t\t\t<div class=\"elementor-container elementor-column-gap-default\">\n\t\t\t\t\t<div class=\"elementor-column elementor-col-100 elementor-top-column elementor-element elementor-element-8e4b950\" data-id=\"8e4b950\" data-element_type=\"column\" data-e-type=\"column\">\n\t\t\t<div class=\"elementor-widget-wrap elementor-element-populated\">\n\t\t\t\t\t\t<div class=\"elementor-element elementor-element-b86bdc5 elementor-widget elementor-widget-heading\" data-id=\"b86bdc5\" data-element_type=\"widget\" data-e-type=\"widget\" data-widget_type=\"heading.default\">\n\t\t\t\t<div class=\"elementor-widget-container\">\n\t\t\t\t\t<h5 class=\"elementor-heading-title elementor-size-default\">Legislaci\u00f3n Semanal - Del 24 al 28 de Noviembre de 2025<\/h5>\t\t\t\t<\/div>\n\t\t\t\t<\/div>\n\t\t\t\t\t<\/div>\n\t\t<\/div>\n\t\t\t\t\t<\/div>\n\t\t<\/section>\n\t\t\t\t<section class=\"elementor-section elementor-top-section elementor-element elementor-element-f75b115 elementor-section-boxed elementor-section-height-default elementor-section-height-default\" data-id=\"f75b115\" data-element_type=\"section\" data-e-type=\"section\">\n\t\t\t\t\t\t<div class=\"elementor-container elementor-column-gap-default\">\n\t\t\t\t\t<div class=\"elementor-column elementor-col-100 elementor-top-column elementor-element elementor-element-49db32b\" data-id=\"49db32b\" data-element_type=\"column\" data-e-type=\"column\">\n\t\t\t<div class=\"elementor-widget-wrap elementor-element-populated\">\n\t\t\t\t\t\t<div class=\"elementor-element elementor-element-545a7fd elementor-widget elementor-widget-heading\" data-id=\"545a7fd\" data-element_type=\"widget\" data-e-type=\"widget\" data-widget_type=\"heading.default\">\n\t\t\t\t<div class=\"elementor-widget-container\">\n\t\t\t\t\t<h5 class=\"elementor-heading-title elementor-size-default\">BOLET\u00cdN OFICIAL DEL ESTADO<\/h5>\t\t\t\t<\/div>\n\t\t\t\t<\/div>\n\t\t\t\t<div class=\"elementor-element elementor-element-c3ca3fb elementor-widget elementor-widget-heading\" data-id=\"c3ca3fb\" data-element_type=\"widget\" data-e-type=\"widget\" data-widget_type=\"heading.default\">\n\t\t\t\t<div class=\"elementor-widget-container\">\n\t\t\t\t\t<h6 class=\"elementor-heading-title elementor-size-default\">Disposiciones generales \/ Jefatura del Estado<\/h6>\t\t\t\t<\/div>\n\t\t\t\t<\/div>\n\t\t\t\t<div class=\"elementor-element elementor-element-2830d77 elementor-widget elementor-widget-text-editor\" data-id=\"2830d77\" data-element_type=\"widget\" data-e-type=\"widget\" data-widget_type=\"text-editor.default\">\n\t\t\t\t<div class=\"elementor-widget-container\">\n\t\t\t\t\t\t\t\t\t<ul><li><span data-olk-copy-source=\"MessageBody\">Real Decreto-ley 13\/2025, de 25 de noviembre, por el que se adoptan\u00a0<\/span><a class=\"x_link-build-content\" title=\"https:\/\/go.abogacia.es\/lnk\/AUoAAIVQTcAAAc4dSQwAABAXVFoAAAAA0zoAAKFsABi_EgBpKYSrukGn9eZsT2KxbNTiQ-NWKwAYIRA\/2\/UAjrOk4ZiTiomjxEzCnzFA\/aHR0cHM6Ly93d3cuYm9lLmVzL2JvZS9kaWFzLzIwMjUvMTEvMjYvcGRmcy9CT0UtQS0yMDI1LTIzOTExLnBkZj91dG1fY2FtcGFpZ249TGVnaXNsYWNpJUMzJUIzbiUyMERpYXJpYSUyMDI2JTIwZGUlMjBOb3ZpZW1icmUlMjBkZSUyMDIwMjUmdXRtX21lZGl1bT1lbWFpbCZ1dG1fc291cmNlPU1haWxqZXQmdXRtX2NhbXBhaWduPUxlZ2lzbGFjaSVDMyVCM24lMjBTZW1hbmFsJTIwMjQlMjBhJTIwMjglMjBkZSUyME5vdmllbWJyZSUyMGRlJTIwMjAyNSZ1dG1fbWVkaXVtPWVtYWlsJnV0bV9zb3VyY2U9TWFpbGpldA\" href=\"https:\/\/go.abogacia.es\/lnk\/AUoAAIVQTcAAAc4dSQwAABAXVFoAAAAA0zoAAKFsABi_EgBpKYSrukGn9eZsT2KxbNTiQ-NWKwAYIRA\/2\/UAjrOk4ZiTiomjxEzCnzFA\/aHR0cHM6Ly93d3cuYm9lLmVzL2JvZS9kaWFzLzIwMjUvMTEvMjYvcGRmcy9CT0UtQS0yMDI1LTIzOTExLnBkZj91dG1fY2FtcGFpZ249TGVnaXNsYWNpJUMzJUIzbiUyMERpYXJpYSUyMDI2JTIwZGUlMjBOb3ZpZW1icmUlMjBkZSUyMDIwMjUmdXRtX21lZGl1bT1lbWFpbCZ1dG1fc291cmNlPU1haWxqZXQmdXRtX2NhbXBhaWduPUxlZ2lzbGFjaSVDMyVCM24lMjBTZW1hbmFsJTIwMjQlMjBhJTIwMjglMjBkZSUyME5vdmllbWJyZSUyMGRlJTIwMjAyNSZ1dG1fbWVkaXVtPWVtYWlsJnV0bV9zb3VyY2U9TWFpbGpldA\" target=\"_blank\" rel=\"noopener\" data-auth=\"NotApplicable\" data-linkindex=\"2\"><u>medidas complementarias urgentes para la recuperaci\u00f3n econ\u00f3mica y social de la isla de La Palma tras los da\u00f1os ocasionados por las erupciones volc\u00e1nicas<\/u><\/a>.<\/li><\/ul>\t\t\t\t\t\t\t\t<\/div>\n\t\t\t\t<\/div>\n\t\t\t\t<div class=\"elementor-element elementor-element-3e1a1ce elementor-widget elementor-widget-heading\" data-id=\"3e1a1ce\" data-element_type=\"widget\" data-e-type=\"widget\" data-widget_type=\"heading.default\">\n\t\t\t\t<div class=\"elementor-widget-container\">\n\t\t\t\t\t<h6 class=\"elementor-heading-title elementor-size-default\">Disposiciones generales \/ Ministerio de Trabajo y Econom\u00eda Social<\/h6>\t\t\t\t<\/div>\n\t\t\t\t<\/div>\n\t\t\t\t<div class=\"elementor-element elementor-element-89f98f6 elementor-widget elementor-widget-text-editor\" data-id=\"89f98f6\" data-element_type=\"widget\" data-e-type=\"widget\" data-widget_type=\"text-editor.default\">\n\t\t\t\t<div class=\"elementor-widget-container\">\n\t\t\t\t\t\t\t\t\t<ul><li><span data-olk-copy-source=\"MessageBody\">Real Decreto 1065\/2025, de 26 de noviembre, por el que<\/span><a class=\"x_link-build-content\" title=\"https:\/\/go.abogacia.es\/lnk\/AUoAAIVQTcAAAc4dSQwAABAXVFoAAAAA0zoAAKFsABi_EgBpKYSrukGn9eZsT2KxbNTiQ-NWKwAYIRA\/3\/mSgPdCbIDOTH7rrLgJxClA\/aHR0cHM6Ly93d3cuYm9lLmVzL2JvZS9kaWFzLzIwMjUvMTEvMjcvcGRmcy9CT0UtQS0yMDI1LTI0MDExLnBkZj91dG1fY2FtcGFpZ249TGVnaXNsYWNpJUMzJUIzbiUyMFNlbWFuYWwlMjAyNCUyMGElMjAyOCUyMGRlJTIwTm92aWVtYnJlJTIwZGUlMjAyMDI1JnV0bV9tZWRpdW09ZW1haWwmdXRtX3NvdXJjZT1NYWlsamV0\" href=\"https:\/\/go.abogacia.es\/lnk\/AUoAAIVQTcAAAc4dSQwAABAXVFoAAAAA0zoAAKFsABi_EgBpKYSrukGn9eZsT2KxbNTiQ-NWKwAYIRA\/3\/mSgPdCbIDOTH7rrLgJxClA\/aHR0cHM6Ly93d3cuYm9lLmVzL2JvZS9kaWFzLzIwMjUvMTEvMjcvcGRmcy9CT0UtQS0yMDI1LTI0MDExLnBkZj91dG1fY2FtcGFpZ249TGVnaXNsYWNpJUMzJUIzbiUyMFNlbWFuYWwlMjAyNCUyMGElMjAyOCUyMGRlJTIwTm92aWVtYnJlJTIwZGUlMjAyMDI1JnV0bV9tZWRpdW09ZW1haWwmdXRtX3NvdXJjZT1NYWlsamV0\" target=\"_blank\" rel=\"noopener\" data-auth=\"NotApplicable\" data-linkindex=\"3\"><u>\u00a0se desarrolla el r\u00e9gimen del contrato formativo<\/u><\/a>, previsto en el art\u00edculo 11 del texto refundido de la Ley del Estatuto de los Trabajadores, aprobado por el Real Decreto Legislativo 2\/2015, de 23 de octubre.<\/li><\/ul>\t\t\t\t\t\t\t\t<\/div>\n\t\t\t\t<\/div>\n\t\t\t\t<div class=\"elementor-element elementor-element-6b450ac elementor-widget elementor-widget-heading\" data-id=\"6b450ac\" data-element_type=\"widget\" data-e-type=\"widget\" data-widget_type=\"heading.default\">\n\t\t\t\t<div class=\"elementor-widget-container\">\n\t\t\t\t\t<h6 class=\"elementor-heading-title elementor-size-default\">Disposiciones generales \/ Comunidad Aut\u00f3noma de Catalu\u00f1a<\/h6>\t\t\t\t<\/div>\n\t\t\t\t<\/div>\n\t\t\t\t<div class=\"elementor-element elementor-element-14b9ab4 elementor-widget elementor-widget-text-editor\" data-id=\"14b9ab4\" data-element_type=\"widget\" data-e-type=\"widget\" data-widget_type=\"text-editor.default\">\n\t\t\t\t<div class=\"elementor-widget-container\">\n\t\t\t\t\t\t\t\t\t<ul><li><span data-olk-copy-source=\"MessageBody\">Decreto-ley 20\/2025, de 30 de septiembre,\u00a0<\/span><a class=\"x_link-build-content\" title=\"https:\/\/go.abogacia.es\/lnk\/AUoAAIVQTcAAAc4dSQwAABAXVFoAAAAA0zoAAKFsABi_EgBpKYSrukGn9eZsT2KxbNTiQ-NWKwAYIRA\/4\/2RNS5eL6eRZfz6__-Uco2g\/aHR0cHM6Ly93d3cuYm9lLmVzL2JvZS9kaWFzLzIwMjUvMTEvMjgvcGRmcy9CT0UtQS0yMDI1LTI0MTE0LnBkZj91dG1fY2FtcGFpZ249TGVnaXNsYWNpJUMzJUIzbiUyMFNlbWFuYWwlMjAyNCUyMGElMjAyOCUyMGRlJTIwTm92aWVtYnJlJTIwZGUlMjAyMDI1JnV0bV9tZWRpdW09ZW1haWwmdXRtX3NvdXJjZT1NYWlsamV0\" href=\"https:\/\/go.abogacia.es\/lnk\/AUoAAIVQTcAAAc4dSQwAABAXVFoAAAAA0zoAAKFsABi_EgBpKYSrukGn9eZsT2KxbNTiQ-NWKwAYIRA\/4\/2RNS5eL6eRZfz6__-Uco2g\/aHR0cHM6Ly93d3cuYm9lLmVzL2JvZS9kaWFzLzIwMjUvMTEvMjgvcGRmcy9CT0UtQS0yMDI1LTI0MTE0LnBkZj91dG1fY2FtcGFpZ249TGVnaXNsYWNpJUMzJUIzbiUyMFNlbWFuYWwlMjAyNCUyMGElMjAyOCUyMGRlJTIwTm92aWVtYnJlJTIwZGUlMjAyMDI1JnV0bV9tZWRpdW09ZW1haWwmdXRtX3NvdXJjZT1NYWlsamV0\" target=\"_blank\" rel=\"noopener\" data-auth=\"NotApplicable\" data-linkindex=\"4\"><u>sobre el r\u00e9gimen excepcional de los cr\u00e9ditos de la hacienda p\u00fablica de la Generalitat de Catalunya derivados de la gesti\u00f3n de prestaciones sociales de car\u00e1cter econ\u00f3mico en el \u00e1mbito de la infancia y la adolescencia.<\/u><\/a><\/li><\/ul>\t\t\t\t\t\t\t\t<\/div>\n\t\t\t\t<\/div>\n\t\t\t\t<div class=\"elementor-element elementor-element-95f756c elementor-widget elementor-widget-heading\" data-id=\"95f756c\" data-element_type=\"widget\" data-e-type=\"widget\" data-widget_type=\"heading.default\">\n\t\t\t\t<div class=\"elementor-widget-container\">\n\t\t\t\t\t<h6 class=\"elementor-heading-title elementor-size-default\">Otras disposiciones \/ Ministerio de la Presidencia, Justicia y Relaciones con las Cortes<\/h6>\t\t\t\t<\/div>\n\t\t\t\t<\/div>\n\t\t\t\t<div class=\"elementor-element elementor-element-4fd7775 elementor-widget elementor-widget-text-editor\" data-id=\"4fd7775\" data-element_type=\"widget\" data-e-type=\"widget\" data-widget_type=\"text-editor.default\">\n\t\t\t\t<div class=\"elementor-widget-container\">\n\t\t\t\t\t\t\t\t\t<ul><li><span data-olk-copy-source=\"MessageBody\">Resoluci\u00f3n de 19 de noviembre de 2025, de la Secretar\u00eda de Estado de Justicia, por la que se modifica la de 31 de enero de 2025, por la que\u00a0<\/span><a class=\"x_link-build-content\" title=\"https:\/\/go.abogacia.es\/lnk\/AXIAAIX0dvsAAc4dQeYAABYpKFAAAAAA0zoAAKFjABi_EgBpJB_hwcP-yJmgRteF9h1pjFEOKQAYIRA\/2\/fBaU4cuuJdNN0p8o8c9xkQ\/aHR0cHM6Ly93d3cuYm9lLmVzL2JvZS9kaWFzLzIwMjUvMTEvMjIvcGRmcy9CT0UtQS0yMDI1LTIzNjczLnBkZj91dG1fY2FtcGFpZ249TGVnaXNsY2klQzMlQjNuJTIwRGlhcmlhJTIwMjQlMjBkZSUyME5vdmllbWJyZSUyMGRlJTIwMjAyNSZ1dG1fbWVkaXVtPWVtYWlsJnV0bV9zb3VyY2U9TWFpbGpldA\" href=\"https:\/\/go.abogacia.es\/lnk\/AXIAAIX0dvsAAc4dQeYAABYpKFAAAAAA0zoAAKFjABi_EgBpJB_hwcP-yJmgRteF9h1pjFEOKQAYIRA\/2\/fBaU4cuuJdNN0p8o8c9xkQ\/aHR0cHM6Ly93d3cuYm9lLmVzL2JvZS9kaWFzLzIwMjUvMTEvMjIvcGRmcy9CT0UtQS0yMDI1LTIzNjczLnBkZj91dG1fY2FtcGFpZ249TGVnaXNsY2klQzMlQjNuJTIwRGlhcmlhJTIwMjQlMjBkZSUyME5vdmllbWJyZSUyMGRlJTIwMjAyNSZ1dG1fbWVkaXVtPWVtYWlsJnV0bV9zb3VyY2U9TWFpbGpldA\" target=\"_blank\" rel=\"noopener\" data-auth=\"NotApplicable\" data-linkindex=\"5\"><u>se concede una subvenci\u00f3n directa a favor del Consejo General de la Abogac\u00eda Espa\u00f1ola<\/u><\/a>.<\/li><\/ul>\t\t\t\t\t\t\t\t<\/div>\n\t\t\t\t<\/div>\n\t\t\t\t<div class=\"elementor-element elementor-element-1da61a4 elementor-widget elementor-widget-heading\" data-id=\"1da61a4\" data-element_type=\"widget\" data-e-type=\"widget\" data-widget_type=\"heading.default\">\n\t\t\t\t<div class=\"elementor-widget-container\">\n\t\t\t\t\t<h6 class=\"elementor-heading-title elementor-size-default\">Otras Disposiciones \/ Ministerio de Igualdad<\/h6>\t\t\t\t<\/div>\n\t\t\t\t<\/div>\n\t\t\t\t<div class=\"elementor-element elementor-element-55973a4 elementor-widget elementor-widget-text-editor\" data-id=\"55973a4\" data-element_type=\"widget\" data-e-type=\"widget\" data-widget_type=\"text-editor.default\">\n\t\t\t\t<div class=\"elementor-widget-container\">\n\t\t\t\t\t\t\t\t\t<ul><li><span data-olk-copy-source=\"MessageBody\">Resoluci\u00f3n de 11 de noviembre de 2025, de la Delegaci\u00f3n del Gobierno contra la Violencia de G\u00e9nero, por la que\u00a0<\/span><a class=\"x_link-build-content\" title=\"https:\/\/go.abogacia.es\/lnk\/AUoAAIVQTcAAAc4dSQwAABAXVFoAAAAA0zoAAKFsABi_EgBpKYSrukGn9eZsT2KxbNTiQ-NWKwAYIRA\/5\/aAd_QEU2w7jZ3KEsakFfiw\/aHR0cHM6Ly93d3cuYm9lLmVzL2JvZS9kaWFzLzIwMjUvMTEvMjgvcGRmcy9CT0UtQS0yMDI1LTI0MTUyLnBkZj91dG1fY2FtcGFpZ249TGVnaXNsYWNpJUMzJUIzbiUyMFNlbWFuYWwlMjAyNCUyMGElMjAyOCUyMGRlJTIwTm92aWVtYnJlJTIwZGUlMjAyMDI1JnV0bV9tZWRpdW09ZW1haWwmdXRtX3NvdXJjZT1NYWlsamV0\" href=\"https:\/\/go.abogacia.es\/lnk\/AUoAAIVQTcAAAc4dSQwAABAXVFoAAAAA0zoAAKFsABi_EgBpKYSrukGn9eZsT2KxbNTiQ-NWKwAYIRA\/5\/aAd_QEU2w7jZ3KEsakFfiw\/aHR0cHM6Ly93d3cuYm9lLmVzL2JvZS9kaWFzLzIwMjUvMTEvMjgvcGRmcy9CT0UtQS0yMDI1LTI0MTUyLnBkZj91dG1fY2FtcGFpZ249TGVnaXNsYWNpJUMzJUIzbiUyMFNlbWFuYWwlMjAyNCUyMGElMjAyOCUyMGRlJTIwTm92aWVtYnJlJTIwZGUlMjAyMDI1JnV0bV9tZWRpdW09ZW1haWwmdXRtX3NvdXJjZT1NYWlsamV0\" target=\"_blank\" rel=\"noopener\" data-auth=\"NotApplicable\" data-linkindex=\"6\"><u>se publica el Convenio con la Uni\u00f3n Profesional, en materia de formaci\u00f3n en prevenci\u00f3n y erradicaci\u00f3n de las violencias contra las mujeres.<\/u><\/a><\/li><\/ul>\t\t\t\t\t\t\t\t<\/div>\n\t\t\t\t<\/div>\n\t\t\t\t<div class=\"elementor-element elementor-element-056dfb2 elementor-widget elementor-widget-heading\" data-id=\"056dfb2\" data-element_type=\"widget\" data-e-type=\"widget\" data-widget_type=\"heading.default\">\n\t\t\t\t<div class=\"elementor-widget-container\">\n\t\t\t\t\t<h5 class=\"elementor-heading-title elementor-size-default\">CONGRESO DE LOS DIPUTADOS<\/h5>\t\t\t\t<\/div>\n\t\t\t\t<\/div>\n\t\t\t\t<div class=\"elementor-element elementor-element-689da4c elementor-widget elementor-widget-heading\" data-id=\"689da4c\" data-element_type=\"widget\" data-e-type=\"widget\" data-widget_type=\"heading.default\">\n\t\t\t\t<div class=\"elementor-widget-container\">\n\t\t\t\t\t<h6 class=\"elementor-heading-title elementor-size-default\">Proyectos de ley<\/h6>\t\t\t\t<\/div>\n\t\t\t\t<\/div>\n\t\t\t\t<div class=\"elementor-element elementor-element-ac10038 elementor-widget elementor-widget-text-editor\" data-id=\"ac10038\" data-element_type=\"widget\" data-e-type=\"widget\" data-widget_type=\"text-editor.default\">\n\t\t\t\t<div class=\"elementor-widget-container\">\n\t\t\t\t\t\t\t\t\t<ul><li><span data-olk-copy-source=\"MessageBody\">Proyecto de Ley de\u00a0<\/span><a class=\"x_link-build-content\" title=\"https:\/\/go.abogacia.es\/lnk\/AUoAAIVQTcAAAc4dSQwAABAXVFoAAAAA0zoAAKFsABi_EgBpKYSrukGn9eZsT2KxbNTiQ-NWKwAYIRA\/6\/9f-vzB2gU4Kr7FmMaesq0A\/aHR0cHM6Ly93d3cuY29uZ3Jlc28uZXMvcHVibGljX29maWNpYWxlcy9MMTUvQ09ORy9CT0NHL0EvQk9DRy0xNS1BLTktMTEuUERGP3V0bV9jYW1wYWlnbj1MZWdpc2xhY2klQzMlQjNuJTIwU2VtYW5hbCUyMDI0JTIwYSUyMDI4JTIwZGUlMjBOb3ZpZW1icmUlMjBkZSUyMDIwMjUmdXRtX21lZGl1bT1lbWFpbCZ1dG1fc291cmNlPU1haWxqZXQ\" href=\"https:\/\/go.abogacia.es\/lnk\/AUoAAIVQTcAAAc4dSQwAABAXVFoAAAAA0zoAAKFsABi_EgBpKYSrukGn9eZsT2KxbNTiQ-NWKwAYIRA\/6\/9f-vzB2gU4Kr7FmMaesq0A\/aHR0cHM6Ly93d3cuY29uZ3Jlc28uZXMvcHVibGljX29maWNpYWxlcy9MMTUvQ09ORy9CT0NHL0EvQk9DRy0xNS1BLTktMTEuUERGP3V0bV9jYW1wYWlnbj1MZWdpc2xhY2klQzMlQjNuJTIwU2VtYW5hbCUyMDI0JTIwYSUyMDI4JTIwZGUlMjBOb3ZpZW1icmUlMjBkZSUyMDIwMjUmdXRtX21lZGl1bT1lbWFpbCZ1dG1fc291cmNlPU1haWxqZXQ\" target=\"_blank\" rel=\"noopener\" data-auth=\"NotApplicable\" data-linkindex=\"7\"><u>Movilidad Sostenible<\/u><\/a>.\u00a0<i>Aprobaci\u00f3n definitiva.<\/i><\/li><li>Proyecto de Ley por la que\u00a0<a class=\"x_link-build-content\" title=\"https:\/\/go.abogacia.es\/lnk\/AUoAAIVQTcAAAc4dSQwAABAXVFoAAAAA0zoAAKFsABi_EgBpKYSrukGn9eZsT2KxbNTiQ-NWKwAYIRA\/7\/3V-lGyzHz3JLzJ2oNUgYjQ\/aHR0cHM6Ly93d3cuY29uZ3Jlc28uZXMvcHVibGljX29maWNpYWxlcy9MMTUvQ09ORy9CT0NHL0EvQk9DRy0xNS1BLTc2LTEuUERGP3V0bV9jYW1wYWlnbj1MZWdpc2xhY2klQzMlQjNuJTIwU2VtYW5hbCUyMDI0JTIwYSUyMDI4JTIwZGUlMjBOb3ZpZW1icmUlMjBkZSUyMDIwMjUmdXRtX21lZGl1bT1lbWFpbCZ1dG1fc291cmNlPU1haWxqZXQ\" href=\"https:\/\/go.abogacia.es\/lnk\/AUoAAIVQTcAAAc4dSQwAABAXVFoAAAAA0zoAAKFsABi_EgBpKYSrukGn9eZsT2KxbNTiQ-NWKwAYIRA\/7\/3V-lGyzHz3JLzJ2oNUgYjQ\/aHR0cHM6Ly93d3cuY29uZ3Jlc28uZXMvcHVibGljX29maWNpYWxlcy9MMTUvQ09ORy9CT0NHL0EvQk9DRy0xNS1BLTc2LTEuUERGP3V0bV9jYW1wYWlnbj1MZWdpc2xhY2klQzMlQjNuJTIwU2VtYW5hbCUyMDI0JTIwYSUyMDI4JTIwZGUlMjBOb3ZpZW1icmUlMjBkZSUyMDIwMjUmdXRtX21lZGl1bT1lbWFpbCZ1dG1fc291cmNlPU1haWxqZXQ\" target=\"_blank\" rel=\"noopener\" data-auth=\"NotApplicable\" data-linkindex=\"8\"><u>se establecen medidas para el fortalecimiento del Sistema para la Autonom\u00eda y Atenci\u00f3n a la Dependencia y cumplir con las obligaciones establecidas en la Ley 3\/2024, de 30 de octubre, para mejorar la calidad de vida de las personas con Esclerosis Lateral Amiotr\u00f3fica y otras enfermedades o procesos de alta complejidad y curso irreversible<\/u><\/a>\u00a0(procedente del Real Decreto-ley 11\/2025, de 21 de octubre).<\/li><\/ul>\t\t\t\t\t\t\t\t<\/div>\n\t\t\t\t<\/div>\n\t\t\t\t<div class=\"elementor-element elementor-element-4b05831 elementor-widget elementor-widget-heading\" data-id=\"4b05831\" data-element_type=\"widget\" data-e-type=\"widget\" data-widget_type=\"heading.default\">\n\t\t\t\t<div class=\"elementor-widget-container\">\n\t\t\t\t\t<h6 class=\"elementor-heading-title elementor-size-default\">Proposiciones de ley<\/h6>\t\t\t\t<\/div>\n\t\t\t\t<\/div>\n\t\t\t\t<div class=\"elementor-element elementor-element-94e7aee elementor-widget elementor-widget-text-editor\" data-id=\"94e7aee\" data-element_type=\"widget\" data-e-type=\"widget\" data-widget_type=\"text-editor.default\">\n\t\t\t\t<div class=\"elementor-widget-container\">\n\t\t\t\t\t\t\t\t\t<ul><li><span data-olk-copy-source=\"MessageBody\">Proposici\u00f3n de Ley Org\u00e1nica de\u00a0<\/span><a class=\"x_link-build-content\" title=\"https:\/\/go.abogacia.es\/lnk\/AUoAAIVQTcAAAc4dSQwAABAXVFoAAAAA0zoAAKFsABi_EgBpKYSrukGn9eZsT2KxbNTiQ-NWKwAYIRA\/8\/FCozg5pUTzc9pfjI9JxEeg\/aHR0cHM6Ly93d3cuY29uZ3Jlc28uZXMvcHVibGljX29maWNpYWxlcy9MMTUvQ09ORy9CT0NHL0IvQk9DRy0xNS1CLTI4Ny0xLlBERj91dG1fY2FtcGFpZ249TGVnaXNsYWNpJUMzJUIzbiUyMFNlbWFuYWwlMjAyNCUyMGElMjAyOCUyMGRlJTIwTm92aWVtYnJlJTIwZGUlMjAyMDI1JnV0bV9tZWRpdW09ZW1haWwmdXRtX3NvdXJjZT1NYWlsamV0\" href=\"https:\/\/go.abogacia.es\/lnk\/AUoAAIVQTcAAAc4dSQwAABAXVFoAAAAA0zoAAKFsABi_EgBpKYSrukGn9eZsT2KxbNTiQ-NWKwAYIRA\/8\/FCozg5pUTzc9pfjI9JxEeg\/aHR0cHM6Ly93d3cuY29uZ3Jlc28uZXMvcHVibGljX29maWNpYWxlcy9MMTUvQ09ORy9CT0NHL0IvQk9DRy0xNS1CLTI4Ny0xLlBERj91dG1fY2FtcGFpZ249TGVnaXNsYWNpJUMzJUIzbiUyMFNlbWFuYWwlMjAyNCUyMGElMjAyOCUyMGRlJTIwTm92aWVtYnJlJTIwZGUlMjAyMDI1JnV0bV9tZWRpdW09ZW1haWwmdXRtX3NvdXJjZT1NYWlsamV0\" target=\"_blank\" rel=\"noopener\" data-auth=\"NotApplicable\" data-linkindex=\"9\"><u>garant\u00eda del pluriling\u00fcismo y de los derechos ling\u00fc\u00edsticos de la ciudadan\u00eda ante las instituciones del Estado<\/u><\/a>.\u00a0<i>Presentada por Gabriel Rufi\u00e1n Romero y 23 Diputados m\u00e1s.<\/i><\/li><li>Proposici\u00f3n de Ley por la que\u00a0<a class=\"x_link-build-content\" title=\"https:\/\/go.abogacia.es\/lnk\/AUoAAIVQTcAAAc4dSQwAABAXVFoAAAAA0zoAAKFsABi_EgBpKYSrukGn9eZsT2KxbNTiQ-NWKwAYIRA\/9\/A28hF16v2Egfp9jWRubwPg\/aHR0cHM6Ly93d3cuY29uZ3Jlc28uZXMvcHVibGljX29maWNpYWxlcy9MMTUvQ09ORy9CT0NHL0IvQk9DRy0xNS1CLTI4OC0xLlBERj91dG1fY2FtcGFpZ249TGVnaXNsYWNpJUMzJUIzbiUyMFNlbWFuYWwlMjAyNCUyMGElMjAyOCUyMGRlJTIwTm92aWVtYnJlJTIwZGUlMjAyMDI1JnV0bV9tZWRpdW09ZW1haWwmdXRtX3NvdXJjZT1NYWlsamV0\" href=\"https:\/\/go.abogacia.es\/lnk\/AUoAAIVQTcAAAc4dSQwAABAXVFoAAAAA0zoAAKFsABi_EgBpKYSrukGn9eZsT2KxbNTiQ-NWKwAYIRA\/9\/A28hF16v2Egfp9jWRubwPg\/aHR0cHM6Ly93d3cuY29uZ3Jlc28uZXMvcHVibGljX29maWNpYWxlcy9MMTUvQ09ORy9CT0NHL0IvQk9DRy0xNS1CLTI4OC0xLlBERj91dG1fY2FtcGFpZ249TGVnaXNsYWNpJUMzJUIzbiUyMFNlbWFuYWwlMjAyNCUyMGElMjAyOCUyMGRlJTIwTm92aWVtYnJlJTIwZGUlMjAyMDI1JnV0bV9tZWRpdW09ZW1haWwmdXRtX3NvdXJjZT1NYWlsamV0\" target=\"_blank\" rel=\"noopener\" data-auth=\"NotApplicable\" data-linkindex=\"10\"><u>se regula el ejercicio profesional de la criminolog\u00eda<\/u><\/a>.\u00a0<i>Presentada por el Grupo Parlamentario Plurinacional SUMAR.<\/i><\/li><li>Proposici\u00f3n de Ley Org\u00e1nica de modificaci\u00f3n de la Ley Org\u00e1nica 4\/2000, de 11 de enero,\u00a0<a class=\"x_link-build-content\" title=\"https:\/\/go.abogacia.es\/lnk\/AUoAAIVQTcAAAc4dSQwAABAXVFoAAAAA0zoAAKFsABi_EgBpKYSrukGn9eZsT2KxbNTiQ-NWKwAYIRA\/10\/HMnNBP2U4i5daai4_w08Sg\/aHR0cHM6Ly93d3cuY29uZ3Jlc28uZXMvcHVibGljX29maWNpYWxlcy9MMTUvQ09ORy9CT0NHL0IvQk9DRy0xNS1CLTI4OS0xLlBERj91dG1fY2FtcGFpZ249TGVnaXNsYWNpJUMzJUIzbiUyMFNlbWFuYWwlMjAyNCUyMGElMjAyOCUyMGRlJTIwTm92aWVtYnJlJTIwZGUlMjAyMDI1JnV0bV9tZWRpdW09ZW1haWwmdXRtX3NvdXJjZT1NYWlsamV0\" href=\"https:\/\/go.abogacia.es\/lnk\/AUoAAIVQTcAAAc4dSQwAABAXVFoAAAAA0zoAAKFsABi_EgBpKYSrukGn9eZsT2KxbNTiQ-NWKwAYIRA\/10\/HMnNBP2U4i5daai4_w08Sg\/aHR0cHM6Ly93d3cuY29uZ3Jlc28uZXMvcHVibGljX29maWNpYWxlcy9MMTUvQ09ORy9CT0NHL0IvQk9DRy0xNS1CLTI4OS0xLlBERj91dG1fY2FtcGFpZ249TGVnaXNsYWNpJUMzJUIzbiUyMFNlbWFuYWwlMjAyNCUyMGElMjAyOCUyMGRlJTIwTm92aWVtYnJlJTIwZGUlMjAyMDI1JnV0bV9tZWRpdW09ZW1haWwmdXRtX3NvdXJjZT1NYWlsamV0\" target=\"_blank\" rel=\"noopener\" data-auth=\"NotApplicable\" data-linkindex=\"11\"><u>sobre derechos y libertades de los extranjeros en Espa\u00f1a y su integraci\u00f3n social, para restringir la regularizaci\u00f3n de inmigrantes ilegales a trav\u00e9s del arraigo.<\/u><\/a>\u00a0<i>Remitida por el Senado.<\/i><\/li><li>Proposici\u00f3n de Ley Org\u00e1nica de modificaci\u00f3n de la Ley Org\u00e1nica 10\/1995, de 23 de noviembre, del\u00a0<a class=\"x_link-build-content\" title=\"https:\/\/go.abogacia.es\/lnk\/AUoAAIVQTcAAAc4dSQwAABAXVFoAAAAA0zoAAKFsABi_EgBpKYSrukGn9eZsT2KxbNTiQ-NWKwAYIRA\/11\/FzoGMbVJMav-xNmMptykuA\/aHR0cHM6Ly93d3cuY29uZ3Jlc28uZXMvcHVibGljX29maWNpYWxlcy9MMTUvQ09ORy9CT0NHL0IvQk9DRy0xNS1CLTI5MC0xLlBERj91dG1fY2FtcGFpZ249TGVnaXNsYWNpJUMzJUIzbiUyMFNlbWFuYWwlMjAyNCUyMGElMjAyOCUyMGRlJTIwTm92aWVtYnJlJTIwZGUlMjAyMDI1JnV0bV9tZWRpdW09ZW1haWwmdXRtX3NvdXJjZT1NYWlsamV0\" href=\"https:\/\/go.abogacia.es\/lnk\/AUoAAIVQTcAAAc4dSQwAABAXVFoAAAAA0zoAAKFsABi_EgBpKYSrukGn9eZsT2KxbNTiQ-NWKwAYIRA\/11\/FzoGMbVJMav-xNmMptykuA\/aHR0cHM6Ly93d3cuY29uZ3Jlc28uZXMvcHVibGljX29maWNpYWxlcy9MMTUvQ09ORy9CT0NHL0IvQk9DRy0xNS1CLTI5MC0xLlBERj91dG1fY2FtcGFpZ249TGVnaXNsYWNpJUMzJUIzbiUyMFNlbWFuYWwlMjAyNCUyMGElMjAyOCUyMGRlJTIwTm92aWVtYnJlJTIwZGUlMjAyMDI1JnV0bV9tZWRpdW09ZW1haWwmdXRtX3NvdXJjZT1NYWlsamV0\" target=\"_blank\" rel=\"noopener\" data-auth=\"NotApplicable\" data-linkindex=\"12\"><u>C\u00f3digo Penal<\/u><\/a>.\u00a0<i>Remitida por el Senado.<\/i><\/li><\/ul>\t\t\t\t\t\t\t\t<\/div>\n\t\t\t\t<\/div>\n\t\t\t\t<div class=\"elementor-element elementor-element-579aa71 elementor-widget elementor-widget-heading\" data-id=\"579aa71\" data-element_type=\"widget\" data-e-type=\"widget\" data-widget_type=\"heading.default\">\n\t\t\t\t<div class=\"elementor-widget-container\">\n\t\t\t\t\t<h5 class=\"elementor-heading-title elementor-size-default\">SENADO<\/h5>\t\t\t\t<\/div>\n\t\t\t\t<\/div>\n\t\t\t\t<div class=\"elementor-element elementor-element-7b27d37 elementor-widget elementor-widget-heading\" data-id=\"7b27d37\" data-element_type=\"widget\" data-e-type=\"widget\" data-widget_type=\"heading.default\">\n\t\t\t\t<div class=\"elementor-widget-container\">\n\t\t\t\t\t<h6 class=\"elementor-heading-title elementor-size-default\">Iniciativas Legislativas<\/h6>\t\t\t\t<\/div>\n\t\t\t\t<\/div>\n\t\t\t\t<div class=\"elementor-element elementor-element-0454ce5 elementor-widget elementor-widget-text-editor\" data-id=\"0454ce5\" data-element_type=\"widget\" data-e-type=\"widget\" data-widget_type=\"text-editor.default\">\n\t\t\t\t<div class=\"elementor-widget-container\">\n\t\t\t\t\t\t\t\t\t<ul><li><span data-olk-copy-source=\"MessageBody\">Proposici\u00f3n de Ley Org\u00e1nica sobre la modificaci\u00f3n urgente de la Ley Org\u00e1nica 2\/2012, de 27 de abril, de\u00a0<\/span><a class=\"x_link-build-content\" title=\"https:\/\/go.abogacia.es\/lnk\/AUoAAIVQTcAAAc4dSQwAABAXVFoAAAAA0zoAAKFsABi_EgBpKYSrukGn9eZsT2KxbNTiQ-NWKwAYIRA\/12\/phZCI7LYPShF9k9nDlR-3g\/aHR0cDovL3d3dy5zZW5hZG8uZXMvbGVnaXMxNS9wdWJsaWNhY2lvbmVzL3BkZi9zZW5hZG8vYm9jZy9CT0NHX0RfMTVfMzQyXzI5OTYuUERGP3V0bV9jYW1wYWlnbj1MZWdpc2xhY2klQzMlQjNuJTIwU2VtYW5hbCUyMDI0JTIwYSUyMDI4JTIwZGUlMjBOb3ZpZW1icmUlMjBkZSUyMDIwMjUmdXRtX21lZGl1bT1lbWFpbCZ1dG1fc291cmNlPU1haWxqZXQ\" href=\"https:\/\/go.abogacia.es\/lnk\/AUoAAIVQTcAAAc4dSQwAABAXVFoAAAAA0zoAAKFsABi_EgBpKYSrukGn9eZsT2KxbNTiQ-NWKwAYIRA\/12\/phZCI7LYPShF9k9nDlR-3g\/aHR0cDovL3d3dy5zZW5hZG8uZXMvbGVnaXMxNS9wdWJsaWNhY2lvbmVzL3BkZi9zZW5hZG8vYm9jZy9CT0NHX0RfMTVfMzQyXzI5OTYuUERGP3V0bV9jYW1wYWlnbj1MZWdpc2xhY2klQzMlQjNuJTIwU2VtYW5hbCUyMDI0JTIwYSUyMDI4JTIwZGUlMjBOb3ZpZW1icmUlMjBkZSUyMDIwMjUmdXRtX21lZGl1bT1lbWFpbCZ1dG1fc291cmNlPU1haWxqZXQ\" target=\"_blank\" rel=\"noopener\" data-auth=\"NotApplicable\" data-linkindex=\"13\"><u>Estabilidad Presupuestaria y Sostenibilidad Financiera<\/u><\/a>.\u00a0<i>Proposiciones de Ley alternativas.<\/i><\/li><li>Proyecto de Ley por la que se regulan los servicios de atenci\u00f3n a la clientela.\u00a0<a class=\"x_link-build-content\" title=\"https:\/\/go.abogacia.es\/lnk\/AUoAAIVQTcAAAc4dSQwAABAXVFoAAAAA0zoAAKFsABi_EgBpKYSrukGn9eZsT2KxbNTiQ-NWKwAYIRA\/13\/T7JYy2k3y9Hk-6XNZFQ9-w\/aHR0cDovL3d3dy5zZW5hZG8uZXMvbGVnaXMxNS9wdWJsaWNhY2lvbmVzL3BkZi9zZW5hZG8vYm9jZy9CT0NHX0RfMTVfMzQzXzMwMTcuUERGP3V0bV9jYW1wYWlnbj1MZWdpc2xhY2klQzMlQjNuJTIwU2VtYW5hbCUyMDI0JTIwYSUyMDI4JTIwZGUlMjBOb3ZpZW1icmUlMjBkZSUyMDIwMjUmdXRtX21lZGl1bT1lbWFpbCZ1dG1fc291cmNlPU1haWxqZXQ\" href=\"https:\/\/go.abogacia.es\/lnk\/AUoAAIVQTcAAAc4dSQwAABAXVFoAAAAA0zoAAKFsABi_EgBpKYSrukGn9eZsT2KxbNTiQ-NWKwAYIRA\/13\/T7JYy2k3y9Hk-6XNZFQ9-w\/aHR0cDovL3d3dy5zZW5hZG8uZXMvbGVnaXMxNS9wdWJsaWNhY2lvbmVzL3BkZi9zZW5hZG8vYm9jZy9CT0NHX0RfMTVfMzQzXzMwMTcuUERGP3V0bV9jYW1wYWlnbj1MZWdpc2xhY2klQzMlQjNuJTIwU2VtYW5hbCUyMDI0JTIwYSUyMDI4JTIwZGUlMjBOb3ZpZW1icmUlMjBkZSUyMDIwMjUmdXRtX21lZGl1bT1lbWFpbCZ1dG1fc291cmNlPU1haWxqZXQ\" target=\"_blank\" rel=\"noopener\" data-auth=\"NotApplicable\" data-linkindex=\"14\"><u>Propuestas de veto<\/u><\/a>\u00a0|\u00a0<a class=\"x_link-build-content\" title=\"https:\/\/go.abogacia.es\/lnk\/AUoAAIVQTcAAAc4dSQwAABAXVFoAAAAA0zoAAKFsABi_EgBpKYSrukGn9eZsT2KxbNTiQ-NWKwAYIRA\/14\/k2nnrZqT_TVzXD4VYnqHOw\/aHR0cDovL3d3dy5zZW5hZG8uZXMvbGVnaXMxNS9wdWJsaWNhY2lvbmVzL3BkZi9zZW5hZG8vYm9jZy9CT0NHX0RfMTVfMzQzXzMwMDQuUERGP3V0bV9jYW1wYWlnbj1MZWdpc2xhY2klQzMlQjNuJTIwU2VtYW5hbCUyMDI0JTIwYSUyMDI4JTIwZGUlMjBOb3ZpZW1icmUlMjBkZSUyMDIwMjUmdXRtX21lZGl1bT1lbWFpbCZ1dG1fc291cmNlPU1haWxqZXQ\" href=\"https:\/\/go.abogacia.es\/lnk\/AUoAAIVQTcAAAc4dSQwAABAXVFoAAAAA0zoAAKFsABi_EgBpKYSrukGn9eZsT2KxbNTiQ-NWKwAYIRA\/14\/k2nnrZqT_TVzXD4VYnqHOw\/aHR0cDovL3d3dy5zZW5hZG8uZXMvbGVnaXMxNS9wdWJsaWNhY2lvbmVzL3BkZi9zZW5hZG8vYm9jZy9CT0NHX0RfMTVfMzQzXzMwMDQuUERGP3V0bV9jYW1wYWlnbj1MZWdpc2xhY2klQzMlQjNuJTIwU2VtYW5hbCUyMDI0JTIwYSUyMDI4JTIwZGUlMjBOb3ZpZW1icmUlMjBkZSUyMDIwMjUmdXRtX21lZGl1bT1lbWFpbCZ1dG1fc291cmNlPU1haWxqZXQ\" target=\"_blank\" rel=\"noopener\" data-auth=\"NotApplicable\" data-linkindex=\"15\"><u>Enmiendas<\/u><\/a><\/li><\/ul>\t\t\t\t\t\t\t\t<\/div>\n\t\t\t\t<\/div>\n\t\t\t\t<div class=\"elementor-element elementor-element-445bca7 elementor-widget elementor-widget-heading\" data-id=\"445bca7\" data-element_type=\"widget\" data-e-type=\"widget\" data-widget_type=\"heading.default\">\n\t\t\t\t<div class=\"elementor-widget-container\">\n\t\t\t\t\t<h5 class=\"elementor-heading-title elementor-size-default\">CONSEJO DE MINISTROS<\/h5>\t\t\t\t<\/div>\n\t\t\t\t<\/div>\n\t\t\t\t<div class=\"elementor-element elementor-element-900b15a elementor-widget elementor-widget-heading\" data-id=\"900b15a\" data-element_type=\"widget\" data-e-type=\"widget\" data-widget_type=\"heading.default\">\n\t\t\t\t<div class=\"elementor-widget-container\">\n\t\t\t\t\t<h6 class=\"elementor-heading-title elementor-size-default\">Presidencia, Justicia y Relaciones con las Cortes<\/h6>\t\t\t\t<\/div>\n\t\t\t\t<\/div>\n\t\t\t\t<div class=\"elementor-element elementor-element-9c3d789 elementor-widget elementor-widget-text-editor\" data-id=\"9c3d789\" data-element_type=\"widget\" data-e-type=\"widget\" data-widget_type=\"text-editor.default\">\n\t\t\t\t<div class=\"elementor-widget-container\">\n\t\t\t\t\t\t\t\t\t<ul><li><span data-olk-copy-source=\"MessageBody\">Proyecto de Ley\u00a0<\/span><a class=\"x_link-build-content\" title=\"https:\/\/go.abogacia.es\/lnk\/AUoAAIVQTcAAAc4dSQwAABAXVFoAAAAA0zoAAKFsABi_EgBpKYSrukGn9eZsT2KxbNTiQ-NWKwAYIRA\/15\/4hSRliSXQROn1KUgOZimSg\/aHR0cHM6Ly93d3cubGFtb25jbG9hLmdvYi5lcy9jb25zZWpvZGVtaW5pc3Ryb3MvcmVmZXJlbmNpYXMvUGFnaW5hcy8yMDI1LzIwMjUxMTI1LXJlZmVyZW5jaWEtcnVlZGEtZGUtcHJlbnNhLW1pbmlzdHJvcy5hc3B4P3V0bV9jYW1wYWlnbj1MZWdpc2xhY2klQzMlQjNuJTIwU2VtYW5hbCUyMDI0JTIwYSUyMDI4JTIwZGUlMjBOb3ZpZW1icmUlMjBkZSUyMDIwMjUmdXRtX21lZGl1bT1lbWFpbCZ1dG1fc291cmNlPU1haWxqZXQjYWR1YW5hcw#aduanas\" href=\"https:\/\/go.abogacia.es\/lnk\/AUoAAIVQTcAAAc4dSQwAABAXVFoAAAAA0zoAAKFsABi_EgBpKYSrukGn9eZsT2KxbNTiQ-NWKwAYIRA\/15\/4hSRliSXQROn1KUgOZimSg\/aHR0cHM6Ly93d3cubGFtb25jbG9hLmdvYi5lcy9jb25zZWpvZGVtaW5pc3Ryb3MvcmVmZXJlbmNpYXMvUGFnaW5hcy8yMDI1LzIwMjUxMTI1LXJlZmVyZW5jaWEtcnVlZGEtZGUtcHJlbnNhLW1pbmlzdHJvcy5hc3B4P3V0bV9jYW1wYWlnbj1MZWdpc2xhY2klQzMlQjNuJTIwU2VtYW5hbCUyMDI0JTIwYSUyMDI4JTIwZGUlMjBOb3ZpZW1icmUlMjBkZSUyMDIwMjUmdXRtX21lZGl1bT1lbWFpbCZ1dG1fc291cmNlPU1haWxqZXQjYWR1YW5hcw#aduanas\" target=\"_blank\" rel=\"noopener\" data-auth=\"NotApplicable\" data-linkindex=\"16\"><u>para el intercambio de informaci\u00f3n entre los servicios de seguridad y aduanas de los Estados miembros de la Uni\u00f3n Europea<\/u><\/a>.<\/li><li>Acuerdo por el que\u00a0<a class=\"x_link-build-content\" title=\"https:\/\/go.abogacia.es\/lnk\/AUoAAIVQTcAAAc4dSQwAABAXVFoAAAAA0zoAAKFsABi_EgBpKYSrukGn9eZsT2KxbNTiQ-NWKwAYIRA\/16\/X68mEPrl9WKcv8a5qNiSnw\/aHR0cHM6Ly93d3cubGFtb25jbG9hLmdvYi5lcy9jb25zZWpvZGVtaW5pc3Ryb3MvcmVmZXJlbmNpYXMvUGFnaW5hcy8yMDI1LzIwMjUxMTI1LXJlZmVyZW5jaWEtcnVlZGEtZGUtcHJlbnNhLW1pbmlzdHJvcy5hc3B4P3V0bV9jYW1wYWlnbj1MZWdpc2xhY2klQzMlQjNuJTIwU2VtYW5hbCUyMDI0JTIwYSUyMDI4JTIwZGUlMjBOb3ZpZW1icmUlMjBkZSUyMDIwMjUmdXRtX21lZGl1bT1lbWFpbCZ1dG1fc291cmNlPU1haWxqZXQjbXVqZXJlcw#mujeres\" href=\"https:\/\/go.abogacia.es\/lnk\/AUoAAIVQTcAAAc4dSQwAABAXVFoAAAAA0zoAAKFsABi_EgBpKYSrukGn9eZsT2KxbNTiQ-NWKwAYIRA\/16\/X68mEPrl9WKcv8a5qNiSnw\/aHR0cHM6Ly93d3cubGFtb25jbG9hLmdvYi5lcy9jb25zZWpvZGVtaW5pc3Ryb3MvcmVmZXJlbmNpYXMvUGFnaW5hcy8yMDI1LzIwMjUxMTI1LXJlZmVyZW5jaWEtcnVlZGEtZGUtcHJlbnNhLW1pbmlzdHJvcy5hc3B4P3V0bV9jYW1wYWlnbj1MZWdpc2xhY2klQzMlQjNuJTIwU2VtYW5hbCUyMDI0JTIwYSUyMDI4JTIwZGUlMjBOb3ZpZW1icmUlMjBkZSUyMDIwMjUmdXRtX21lZGl1bT1lbWFpbCZ1dG1fc291cmNlPU1haWxqZXQjbXVqZXJlcw#mujeres\" target=\"_blank\" rel=\"noopener\" data-auth=\"NotApplicable\" data-linkindex=\"17\"><u>se aprueba la declaraci\u00f3n institucional con motivo del D\u00eda Internacional de la eliminaci\u00f3n de la violencia contra las mujeres<\/u><\/a>.<\/li><\/ul>\t\t\t\t\t\t\t\t<\/div>\n\t\t\t\t<\/div>\n\t\t\t\t<div class=\"elementor-element elementor-element-f3817bf elementor-widget elementor-widget-heading\" data-id=\"f3817bf\" data-element_type=\"widget\" data-e-type=\"widget\" data-widget_type=\"heading.default\">\n\t\t\t\t<div class=\"elementor-widget-container\">\n\t\t\t\t\t<h6 class=\"elementor-heading-title elementor-size-default\">Hacienda<\/h6>\t\t\t\t<\/div>\n\t\t\t\t<\/div>\n\t\t\t\t<div class=\"elementor-element elementor-element-e3b7e51 elementor-widget elementor-widget-text-editor\" data-id=\"e3b7e51\" data-element_type=\"widget\" data-e-type=\"widget\" data-widget_type=\"text-editor.default\">\n\t\t\t\t<div class=\"elementor-widget-container\">\n\t\t\t\t\t\t\t\t\t<ul><li><span data-olk-copy-source=\"MessageBody\">Anteproyecto de Ley por la que\u00a0<\/span><a class=\"x_link-build-content\" title=\"https:\/\/go.abogacia.es\/lnk\/AUoAAIVQTcAAAc4dSQwAABAXVFoAAAAA0zoAAKFsABi_EgBpKYSrukGn9eZsT2KxbNTiQ-NWKwAYIRA\/17\/7WSK7iDpPWdH72JnXF5jpg\/aHR0cHM6Ly93d3cubGFtb25jbG9hLmdvYi5lcy9jb25zZWpvZGVtaW5pc3Ryb3MvcmVmZXJlbmNpYXMvUGFnaW5hcy8yMDI1LzIwMjUxMTI1LXJlZmVyZW5jaWEtcnVlZGEtZGUtcHJlbnNhLW1pbmlzdHJvcy5hc3B4P3V0bV9jYW1wYWlnbj1MZWdpc2xhY2klQzMlQjNuJTIwRGlhcmlhJTIwMjYlMjBkZSUyME5vdmllbWJyZSUyMGRlJTIwMjAyNSZ1dG1fbWVkaXVtPWVtYWlsJnV0bV9zb3VyY2U9TWFpbGpldCZ1dG1fY2FtcGFpZ249TGVnaXNsYWNpJUMzJUIzbiUyMFNlbWFuYWwlMjAyNCUyMGElMjAyOCUyMGRlJTIwTm92aWVtYnJlJTIwZGUlMjAyMDI1JnV0bV9tZWRpdW09ZW1haWwmdXRtX3NvdXJjZT1NYWlsamV0I2RpZ2l0YWw#digital\" href=\"https:\/\/go.abogacia.es\/lnk\/AUoAAIVQTcAAAc4dSQwAABAXVFoAAAAA0zoAAKFsABi_EgBpKYSrukGn9eZsT2KxbNTiQ-NWKwAYIRA\/17\/7WSK7iDpPWdH72JnXF5jpg\/aHR0cHM6Ly93d3cubGFtb25jbG9hLmdvYi5lcy9jb25zZWpvZGVtaW5pc3Ryb3MvcmVmZXJlbmNpYXMvUGFnaW5hcy8yMDI1LzIwMjUxMTI1LXJlZmVyZW5jaWEtcnVlZGEtZGUtcHJlbnNhLW1pbmlzdHJvcy5hc3B4P3V0bV9jYW1wYWlnbj1MZWdpc2xhY2klQzMlQjNuJTIwRGlhcmlhJTIwMjYlMjBkZSUyME5vdmllbWJyZSUyMGRlJTIwMjAyNSZ1dG1fbWVkaXVtPWVtYWlsJnV0bV9zb3VyY2U9TWFpbGpldCZ1dG1fY2FtcGFpZ249TGVnaXNsYWNpJUMzJUIzbiUyMFNlbWFuYWwlMjAyNCUyMGElMjAyOCUyMGRlJTIwTm92aWVtYnJlJTIwZGUlMjAyMDI1JnV0bV9tZWRpdW09ZW1haWwmdXRtX3NvdXJjZT1NYWlsamV0I2RpZ2l0YWw#digital\" target=\"_blank\" rel=\"noopener\" data-auth=\"NotApplicable\" data-linkindex=\"18\"><u>se modifica la Ley 37\/1992, de 28 de diciembre, del Impuesto sobre el Valor A\u00f1adido<\/u><\/a>, para la transposici\u00f3n parcial de la Directiva (UE) 2025\/516 del Consejo, de 11 de marzo de 2025 por la que se modifica la Directiva 2006\/112\/CE en lo que respecta a las normas del IVA en la era digital, a los efectos previstos en el art\u00edculo 26.4 de la Ley 50\/1997, de 27 de noviembre, del Gobierno<\/li><\/ul>\t\t\t\t\t\t\t\t<\/div>\n\t\t\t\t<\/div>\n\t\t\t\t<div class=\"elementor-element elementor-element-0b54da3 elementor-widget elementor-widget-heading\" data-id=\"0b54da3\" data-element_type=\"widget\" data-e-type=\"widget\" data-widget_type=\"heading.default\">\n\t\t\t\t<div class=\"elementor-widget-container\">\n\t\t\t\t\t<h6 class=\"elementor-heading-title elementor-size-default\">Trabajo y Econom\u00eda Social<\/h6>\t\t\t\t<\/div>\n\t\t\t\t<\/div>\n\t\t\t\t<div class=\"elementor-element elementor-element-e28b5a1 elementor-widget elementor-widget-text-editor\" data-id=\"e28b5a1\" data-element_type=\"widget\" data-e-type=\"widget\" data-widget_type=\"text-editor.default\">\n\t\t\t\t<div class=\"elementor-widget-container\">\n\t\t\t\t\t\t\t\t\t<ul><li><span data-olk-copy-source=\"MessageBody\">Real Decreto por el que\u00a0<\/span><a class=\"x_link-build-content\" title=\"https:\/\/go.abogacia.es\/lnk\/AVkAAIQ4OVcAAc4dRWQAABYpKFAAAAAA0zoAAKFjABi_EgBpJtIKflP8Jy_ZT06GAZe8G4f3wgAYIRA\/4\/-qx65KRTYnKgBjoOK5qLlw\/aHR0cHM6Ly93d3cubGFtb25jbG9hLmdvYi5lcy9jb25zZWpvZGVtaW5pc3Ryb3MvcmVmZXJlbmNpYXMvUGFnaW5hcy8yMDI1LzIwMjUxMTI1LXJlZmVyZW5jaWEtcnVlZGEtZGUtcHJlbnNhLW1pbmlzdHJvcy5hc3B4P3V0bV9jYW1wYWlnbj1MZWdpc2xhY2klQzMlQjNuJTIwRGlhcmlhJTIwMjYlMjBkZSUyME5vdmllbWJyZSUyMGRlJTIwMjAyNSZ1dG1fbWVkaXVtPWVtYWlsJnV0bV9zb3VyY2U9TWFpbGpldCNjb250cmF0bw#contrato\" href=\"https:\/\/go.abogacia.es\/lnk\/AVkAAIQ4OVcAAc4dRWQAABYpKFAAAAAA0zoAAKFjABi_EgBpJtIKflP8Jy_ZT06GAZe8G4f3wgAYIRA\/4\/-qx65KRTYnKgBjoOK5qLlw\/aHR0cHM6Ly93d3cubGFtb25jbG9hLmdvYi5lcy9jb25zZWpvZGVtaW5pc3Ryb3MvcmVmZXJlbmNpYXMvUGFnaW5hcy8yMDI1LzIwMjUxMTI1LXJlZmVyZW5jaWEtcnVlZGEtZGUtcHJlbnNhLW1pbmlzdHJvcy5hc3B4P3V0bV9jYW1wYWlnbj1MZWdpc2xhY2klQzMlQjNuJTIwRGlhcmlhJTIwMjYlMjBkZSUyME5vdmllbWJyZSUyMGRlJTIwMjAyNSZ1dG1fbWVkaXVtPWVtYWlsJnV0bV9zb3VyY2U9TWFpbGpldCNjb250cmF0bw#contrato\" target=\"_blank\" rel=\"noopener\" data-auth=\"NotApplicable\" data-linkindex=\"19\"><u>se desarrolla el r\u00e9gimen del contrato formativo<\/u><\/a>, previsto en el art\u00edculo 11 del texto refundido de la Ley del Estatuto de los Trabajadores, aprobado por el Real Decreto Legislativo 2\/2015, de 23 de octubre.<\/li><\/ul>\t\t\t\t\t\t\t\t<\/div>\n\t\t\t\t<\/div>\n\t\t\t\t<div class=\"elementor-element elementor-element-9bc45d7 elementor-widget elementor-widget-heading\" data-id=\"9bc45d7\" data-element_type=\"widget\" data-e-type=\"widget\" data-widget_type=\"heading.default\">\n\t\t\t\t<div class=\"elementor-widget-container\">\n\t\t\t\t\t<h5 class=\"elementor-heading-title elementor-size-default\">CONSULTA P\u00daBLICA PREVIA<\/h5>\t\t\t\t<\/div>\n\t\t\t\t<\/div>\n\t\t\t\t<div class=\"elementor-element elementor-element-8fc73ee elementor-widget elementor-widget-heading\" data-id=\"8fc73ee\" data-element_type=\"widget\" data-e-type=\"widget\" data-widget_type=\"heading.default\">\n\t\t\t\t<div class=\"elementor-widget-container\">\n\t\t\t\t\t<h6 class=\"elementor-heading-title elementor-size-default\">Ministerio de Trabajo y Econom\u00eda Social<\/h6>\t\t\t\t<\/div>\n\t\t\t\t<\/div>\n\t\t\t\t<div class=\"elementor-element elementor-element-af26cd7 elementor-widget elementor-widget-text-editor\" data-id=\"af26cd7\" data-element_type=\"widget\" data-e-type=\"widget\" data-widget_type=\"text-editor.default\">\n\t\t\t\t<div class=\"elementor-widget-container\">\n\t\t\t\t\t\t\t\t\t<ul><li><span data-olk-copy-source=\"MessageBody\">Consulta p\u00fablica previa a la elaboraci\u00f3n del real decreto por el que se modifica el real decreto 39\/1997, de 17 de enero, por el que\u00a0<\/span><a class=\"x_link-build-content\" title=\"https:\/\/go.abogacia.es\/lnk\/AXIAAIX0dvsAAc4dQeYAABYpKFAAAAAA0zoAAKFjABi_EgBpJB_hwcP-yJmgRteF9h1pjFEOKQAYIRA\/3\/98LcfcT9EgRI4QEFFpcmyw\/aHR0cHM6Ly9leHBpbnRlcndlYi5taXRlcy5nb2IuZXMvcGFydGljaXBhL2xpc3RhZG8_dHJhbWl0ZT0yJmVzdGFkbz0xJnV0bV9jYW1wYWlnbj1MZWdpc2xjaSVDMyVCM24lMjBEaWFyaWElMjAyNCUyMGRlJTIwTm92aWVtYnJlJTIwZGUlMjAyMDI1JnV0bV9tZWRpdW09ZW1haWwmdXRtX3NvdXJjZT1NYWlsamV0\" href=\"https:\/\/go.abogacia.es\/lnk\/AXIAAIX0dvsAAc4dQeYAABYpKFAAAAAA0zoAAKFjABi_EgBpJB_hwcP-yJmgRteF9h1pjFEOKQAYIRA\/3\/98LcfcT9EgRI4QEFFpcmyw\/aHR0cHM6Ly9leHBpbnRlcndlYi5taXRlcy5nb2IuZXMvcGFydGljaXBhL2xpc3RhZG8_dHJhbWl0ZT0yJmVzdGFkbz0xJnV0bV9jYW1wYWlnbj1MZWdpc2xjaSVDMyVCM24lMjBEaWFyaWElMjAyNCUyMGRlJTIwTm92aWVtYnJlJTIwZGUlMjAyMDI1JnV0bV9tZWRpdW09ZW1haWwmdXRtX3NvdXJjZT1NYWlsamV0\" target=\"_blank\" rel=\"noopener\" data-auth=\"NotApplicable\" data-linkindex=\"20\"><u>se aprueba el reglamento de los servicios de prevenci\u00f3n, para desarrollar medidas en materia de seguridad y salud en los servicios de ayuda a domicilio<\/u><\/a>.<\/li><\/ul>\t\t\t\t\t\t\t\t<\/div>\n\t\t\t\t<\/div>\n\t\t\t\t<div class=\"elementor-element elementor-element-16ea75e elementor-widget elementor-widget-heading\" data-id=\"16ea75e\" data-element_type=\"widget\" data-e-type=\"widget\" data-widget_type=\"heading.default\">\n\t\t\t\t<div class=\"elementor-widget-container\">\n\t\t\t\t\t<h5 class=\"elementor-heading-title elementor-size-default\">AUDIENCIA E INFORMACI\u00d3N P\u00daBLICA<\/h5>\t\t\t\t<\/div>\n\t\t\t\t<\/div>\n\t\t\t\t<div class=\"elementor-element elementor-element-25a905c elementor-widget elementor-widget-heading\" data-id=\"25a905c\" data-element_type=\"widget\" data-e-type=\"widget\" data-widget_type=\"heading.default\">\n\t\t\t\t<div class=\"elementor-widget-container\">\n\t\t\t\t\t<h6 class=\"elementor-heading-title elementor-size-default\">Ministerio del Interior<\/h6>\t\t\t\t<\/div>\n\t\t\t\t<\/div>\n\t\t\t\t<div class=\"elementor-element elementor-element-8f4a637 elementor-widget elementor-widget-text-editor\" data-id=\"8f4a637\" data-element_type=\"widget\" data-e-type=\"widget\" data-widget_type=\"text-editor.default\">\n\t\t\t\t<div class=\"elementor-widget-container\">\n\t\t\t\t\t\t\t\t\t<ul><li><span data-olk-copy-source=\"MessageBody\">Consulta p\u00fablica sobre la Propuesta de Reglamento del Parlamento Europeo y del Consejo relativo al\u00a0<\/span><a class=\"x_link-build-content\" title=\"https:\/\/go.abogacia.es\/lnk\/AUoAAIVQTcAAAc4dSQwAABAXVFoAAAAA0zoAAKFsABi_EgBpKYSrukGn9eZsT2KxbNTiQ-NWKwAYIRA\/18\/9do9sB5EyZp0GJ2r5XD-og\/aHR0cHM6Ly93d3cuaW50ZXJpb3IuZ29iLmVzL29wZW5jbXMvZXMvc2VydmljaW9zLWFsLWNpdWRhZGFuby9wYXJ0aWNpcGFjaW9uLWNpdWRhZGFuYS9wYXJ0aWNpcGFjaW9uLXB1YmxpY2EtZW4tcHJveWVjdG9zLW5vcm1hdGl2b3MvYXVkaWVuY2lhLWUtaW5mb3JtYWNpb24tcHVibGljYS8_dXRtX2NhbXBhaWduPUxlZ2lzbGFjaSVDMyVCM24lMjBTZW1hbmFsJTIwMjQlMjBhJTIwMjglMjBkZSUyME5vdmllbWJyZSUyMGRlJTIwMjAyNSZ1dG1fbWVkaXVtPWVtYWlsJnV0bV9zb3VyY2U9TWFpbGpldA\" href=\"https:\/\/go.abogacia.es\/lnk\/AUoAAIVQTcAAAc4dSQwAABAXVFoAAAAA0zoAAKFsABi_EgBpKYSrukGn9eZsT2KxbNTiQ-NWKwAYIRA\/18\/9do9sB5EyZp0GJ2r5XD-og\/aHR0cHM6Ly93d3cuaW50ZXJpb3IuZ29iLmVzL29wZW5jbXMvZXMvc2VydmljaW9zLWFsLWNpdWRhZGFuby9wYXJ0aWNpcGFjaW9uLWNpdWRhZGFuYS9wYXJ0aWNpcGFjaW9uLXB1YmxpY2EtZW4tcHJveWVjdG9zLW5vcm1hdGl2b3MvYXVkaWVuY2lhLWUtaW5mb3JtYWNpb24tcHVibGljYS8_dXRtX2NhbXBhaWduPUxlZ2lzbGFjaSVDMyVCM24lMjBTZW1hbmFsJTIwMjQlMjBhJTIwMjglMjBkZSUyME5vdmllbWJyZSUyMGRlJTIwMjAyNSZ1dG1fbWVkaXVtPWVtYWlsJnV0bV9zb3VyY2U9TWFpbGpldA\" target=\"_blank\" rel=\"noopener\" data-auth=\"NotApplicable\" data-linkindex=\"21\"><u>Mecanismo de Protecci\u00f3n Civil de la Uni\u00f3n y al apoyo de la Uni\u00f3n a la preparaci\u00f3n y respuesta ante emergencias sanitarias<\/u><\/a>, y por el que se deroga la Decisi\u00f3n n.\u00ba 1313\/2013\/UE (Mecanismo de Protecci\u00f3n Civil de la Uni\u00f3n). Esta propuesta ha sido presentada por la Comisi\u00f3n Europea (preparada por su Direcci\u00f3n General de Protecci\u00f3n Civil Europea y Operaciones de Ayuda Humanitaria).<\/li><\/ul>\t\t\t\t\t\t\t\t<\/div>\n\t\t\t\t<\/div>\n\t\t\t\t<div class=\"elementor-element elementor-element-a3a418d elementor-widget elementor-widget-heading\" data-id=\"a3a418d\" data-element_type=\"widget\" data-e-type=\"widget\" data-widget_type=\"heading.default\">\n\t\t\t\t<div class=\"elementor-widget-container\">\n\t\t\t\t\t<h5 class=\"elementor-heading-title elementor-size-default\">BOLET\u00cdN OFICIAL DE LA JUNTA DE ANDALUC\u00cdA<\/h5>\t\t\t\t<\/div>\n\t\t\t\t<\/div>\n\t\t\t\t<div class=\"elementor-element elementor-element-820915d elementor-widget elementor-widget-heading\" data-id=\"820915d\" data-element_type=\"widget\" data-e-type=\"widget\" data-widget_type=\"heading.default\">\n\t\t\t\t<div class=\"elementor-widget-container\">\n\t\t\t\t\t<h6 class=\"elementor-heading-title elementor-size-default\">Otras disposiciones \/ Consejer\u00eda de Justicia, Administraci\u00f3n Local y Funci\u00f3n P\u00fablica<\/h6>\t\t\t\t<\/div>\n\t\t\t\t<\/div>\n\t\t\t\t<div class=\"elementor-element elementor-element-95300f6 elementor-widget elementor-widget-text-editor\" data-id=\"95300f6\" data-element_type=\"widget\" data-e-type=\"widget\" data-widget_type=\"text-editor.default\">\n\t\t\t\t<div class=\"elementor-widget-container\">\n\t\t\t\t\t\t\t\t\t<ul><li><span data-olk-copy-source=\"MessageBody\">Resoluci\u00f3n de 17 de noviembre de 2025, de la Secretar\u00eda General de Servicios Judiciales, por la que\u00a0<\/span><a class=\"x_link-build-content\" title=\"https:\/\/go.abogacia.es\/lnk\/AUoAAIVQTcAAAc4dSQwAABAXVFoAAAAA0zoAAKFsABi_EgBpKYSrukGn9eZsT2KxbNTiQ-NWKwAYIRA\/19\/WU2_wX0e7Ke3w2U6oCYcAw\/aHR0cHM6Ly93d3cuanVudGFkZWFuZGFsdWNpYS5lcy9lYm9qYS8yMDI1LzIyNi9CT0pBMjUtMjI2LTAwMDAyLTE1Njc0LTAxXzAwMzI5MjcxLnBkZj91dG1fY2FtcGFpZ249TGVnaXNsYWNpJUMzJUIzbiUyMFNlbWFuYWwlMjAyNCUyMGElMjAyOCUyMGRlJTIwTm92aWVtYnJlJTIwZGUlMjAyMDI1JnV0bV9tZWRpdW09ZW1haWwmdXRtX3NvdXJjZT1NYWlsamV0\" href=\"https:\/\/go.abogacia.es\/lnk\/AUoAAIVQTcAAAc4dSQwAABAXVFoAAAAA0zoAAKFsABi_EgBpKYSrukGn9eZsT2KxbNTiQ-NWKwAYIRA\/19\/WU2_wX0e7Ke3w2U6oCYcAw\/aHR0cHM6Ly93d3cuanVudGFkZWFuZGFsdWNpYS5lcy9lYm9qYS8yMDI1LzIyNi9CT0pBMjUtMjI2LTAwMDAyLTE1Njc0LTAxXzAwMzI5MjcxLnBkZj91dG1fY2FtcGFpZ249TGVnaXNsYWNpJUMzJUIzbiUyMFNlbWFuYWwlMjAyNCUyMGElMjAyOCUyMGRlJTIwTm92aWVtYnJlJTIwZGUlMjAyMDI1JnV0bV9tZWRpdW09ZW1haWwmdXRtX3NvdXJjZT1NYWlsamV0\" target=\"_blank\" rel=\"noopener\" data-auth=\"NotApplicable\" data-linkindex=\"22\"><u>se publica fallo del jurado de la II Edici\u00f3n de los Premios \u00abJusticia Andaluc\u00eda\u00bb<\/u><\/a>.<\/li><\/ul>\t\t\t\t\t\t\t\t<\/div>\n\t\t\t\t<\/div>\n\t\t\t\t\t<\/div>\n\t\t<\/div>\n\t\t\t\t\t<\/div>\n\t\t<\/section>\n\t\t\t\t<\/div>\n\t\t","protected":false},"excerpt":{"rendered":"<p>Legislaci\u00f3n Semanal &#8211; Del 24 al 28 de Noviembre de 2025 BOLET\u00cdN OFICIAL DEL ESTADO Disposiciones generales \/ Jefatura del Estado Real Decreto-ley 13\/2025, de 25 de noviembre, por el que se adoptan\u00a0medidas complementarias urgentes para la recuperaci\u00f3n econ\u00f3mica y social de la isla de La Palma tras los da\u00f1os ocasionados por las erupciones volc\u00e1nicas. [&hellip;]<\/p>\n","protected":false},"author":1,"featured_media":0,"comment_status":"open","ping_status":"open","sticky":false,"template":"","format":"standard","meta":{"footnotes":""},"categories":[1],"tags":[],"class_list":["post-17863","post","type-post","status-publish","format-standard","hentry","category-uncategorized"],"_links":{"self":[{"href":"https:\/\/cms.icacordoba.23sd.es\/index.php\/wp-json\/wp\/v2\/posts\/17863","targetHints":{"allow":["GET"]}}],"collection":[{"href":"https:\/\/cms.icacordoba.23sd.es\/index.php\/wp-json\/wp\/v2\/posts"}],"about":[{"href":"https:\/\/cms.icacordoba.23sd.es\/index.php\/wp-json\/wp\/v2\/types\/post"}],"author":[{"embeddable":true,"href":"https:\/\/cms.icacordoba.23sd.es\/index.php\/wp-json\/wp\/v2\/users\/1"}],"replies":[{"embeddable":true,"href":"https:\/\/cms.icacordoba.23sd.es\/index.php\/wp-json\/wp\/v2\/comments?post=17863"}],"version-history":[{"count":3,"href":"https:\/\/cms.icacordoba.23sd.es\/index.php\/wp-json\/wp\/v2\/posts\/17863\/revisions"}],"predecessor-version":[{"id":17867,"href":"https:\/\/cms.icacordoba.23sd.es\/index.php\/wp-json\/wp\/v2\/posts\/17863\/revisions\/17867"}],"wp:attachment":[{"href":"https:\/\/cms.icacordoba.23sd.es\/index.php\/wp-json\/wp\/v2\/media?parent=17863"}],"wp:term":[{"taxonomy":"category","embeddable":true,"href":"https:\/\/cms.icacordoba.23sd.es\/index.php\/wp-json\/wp\/v2\/categories?post=17863"},{"taxonomy":"post_tag","embeddable":true,"href":"https:\/\/cms.icacordoba.23sd.es\/index.php\/wp-json\/wp\/v2\/tags?post=17863"}],"curies":[{"name":"wp","href":"https:\/\/api.w.org\/{rel}","templated":true}]}}