{"id":17821,"date":"2025-11-25T10:59:46","date_gmt":"2025-11-25T10:59:46","guid":{"rendered":"https:\/\/cms.icacordoba.23sd.es\/index.php\/17821\/"},"modified":"2025-12-18T08:49:09","modified_gmt":"2025-12-18T08:49:09","slug":"noticia-curso-de-nueva-adscripcion-al-turno-de-menores-para-2026","status":"publish","type":"post","link":"https:\/\/cms.icacordoba.23sd.es\/index.php\/17821\/","title":{"rendered":"NOTICIA \u00bb Curso de Nueva Adscripcion al Turno de Menores para 2026"},"content":{"rendered":"\t\t<div data-elementor-type=\"wp-post\" data-elementor-id=\"17821\" class=\"elementor elementor-17821\" data-elementor-post-type=\"post\">\n\t\t\t\t\t\t<section class=\"elementor-section elementor-top-section elementor-element elementor-element-f8bda34 elementor-section-boxed elementor-section-height-default elementor-section-height-default\" data-id=\"f8bda34\" data-element_type=\"section\" data-e-type=\"section\">\n\t\t\t\t\t\t<div class=\"elementor-container elementor-column-gap-extended\">\n\t\t\t\t\t<div class=\"elementor-column elementor-col-50 elementor-top-column elementor-element elementor-element-aa8acd3\" data-id=\"aa8acd3\" data-element_type=\"column\" data-e-type=\"column\">\n\t\t\t<div class=\"elementor-widget-wrap elementor-element-populated\">\n\t\t\t\t\t\t<div class=\"elementor-element elementor-element-510a9a0 elementor-widget elementor-widget-text-editor\" data-id=\"510a9a0\" data-element_type=\"widget\" data-e-type=\"widget\" data-widget_type=\"text-editor.default\">\n\t\t\t\t<div class=\"elementor-widget-container\">\n\t\t\t\t\t\t\t\t\t<p>El pr\u00f3ximo <b>19 de diciembre\u00a0<\/b>se celebra en el sal\u00f3n de actos de la sede colegial el <strong>CURSO DE NUEVA ADSRIPCI\u00d3N TURNO DE MENORES <\/strong>para el pr\u00f3ximo a\u00f1o 2026.<\/p><p>La formaci\u00f3n dar\u00e1 comienzo a las 10:00 h.<\/p><p><strong><u>NUEVA ADSCRIPCI\u00d3N:<\/u><\/strong> La asistencia es obligatoria exclusivamente para los compa\u00f1eros de NUEVA ADSCRIPCI\u00d3N al Turno de Menores.\u00a0<\/p><div><span style=\"font-size: 1rem;\">Aquellos residentes fuera de la capital, que no puedan asistir de forma presencial por motivos profesionales, podr\u00e1n solicitar, previa justificaci\u00f3n, la realizaci\u00f3n de esta formaci\u00f3n en modalidad online, remitiendo un correo electr\u00f3nico a\u00a0<\/span><a style=\"background-color: #ffffff; font-size: 1rem;\" href=\"mailto:icacordoba@icacordoba.com\" target=\"_blank\" rel=\"noopener\">icacordoba@icacordoba.com<\/a><\/div><p>\u00a0<\/p><p>Para el resto de compa\u00f1eros la asistencia es voluntaria, si bien, a efectos de control de aforo, os solicitamos que realic\u00e9is inscripci\u00f3n previa.\u00a0<\/p>\t\t\t\t\t\t\t\t<\/div>\n\t\t\t\t<\/div>\n\t\t\t\t\t<\/div>\n\t\t<\/div>\n\t\t\t\t<div class=\"elementor-column elementor-col-50 elementor-top-column elementor-element elementor-element-72c27bc\" data-id=\"72c27bc\" data-element_type=\"column\" data-e-type=\"column\" data-settings=\"{&quot;background_background&quot;:&quot;classic&quot;}\">\n\t\t\t<div class=\"elementor-widget-wrap elementor-element-populated\">\n\t\t\t\t\t\t<div class=\"elementor-element elementor-element-c549808 elementor-widget elementor-widget-heading\" data-id=\"c549808\" data-element_type=\"widget\" data-e-type=\"widget\" data-widget_type=\"heading.default\">\n\t\t\t\t<div class=\"elementor-widget-container\">\n\t\t\t\t\t<h4 class=\"elementor-heading-title elementor-size-default\">PROGRAMA<\/h4>\t\t\t\t<\/div>\n\t\t\t\t<\/div>\n\t\t\t\t<div class=\"elementor-element elementor-element-cc1712f elementor-widget elementor-widget-heading\" data-id=\"cc1712f\" data-element_type=\"widget\" data-e-type=\"widget\" data-widget_type=\"heading.default\">\n\t\t\t\t<div class=\"elementor-widget-container\">\n\t\t\t\t\t<h6 class=\"elementor-heading-title elementor-size-default\">SESI\u00d3N DE MA\u00d1ANA - NUEVA ADSCRIPCI\u00d3N <\/h6>\t\t\t\t<\/div>\n\t\t\t\t<\/div>\n\t\t\t\t<div class=\"elementor-element elementor-element-cd66058 elementor-widget elementor-widget-text-editor\" data-id=\"cd66058\" data-element_type=\"widget\" data-e-type=\"widget\" data-widget_type=\"text-editor.default\">\n\t\t\t\t<div class=\"elementor-widget-container\">\n\t\t\t\t\t\t\t\t\t<ul><li><strong>10 h &#8211;\u00a0<\/strong>Mi primera Guardia en Menores.<\/li><li style=\"font-size: 16px;\"><ul style=\"font-size: 16px;\"><li style=\"font-size: 16px;\"><span style=\"font-weight: bolder;\">Jos\u00e9 Ignacio Ord\u00f3\u00f1ez<\/span>, abogado y miembro de la Comisi\u00f3n de Menores.<\/li><li style=\"font-size: 16px;\"><span style=\"font-weight: bolder;\">Rafael \u00c1ngel Ord\u00f3\u00f1ez,<\/span>\u00a0abogado.<\/li><\/ul><\/li><\/ul>\t\t\t\t\t\t\t\t<\/div>\n\t\t\t\t<\/div>\n\t\t\t\t<div class=\"elementor-element elementor-element-d58dc45 elementor-widget-divider--view-line elementor-widget elementor-widget-divider\" data-id=\"d58dc45\" data-element_type=\"widget\" data-e-type=\"widget\" data-widget_type=\"divider.default\">\n\t\t\t\t<div class=\"elementor-widget-container\">\n\t\t\t\t\t\t\t<div class=\"elementor-divider\">\n\t\t\t<span class=\"elementor-divider-separator\">\n\t\t\t\t\t\t<\/span>\n\t\t<\/div>\n\t\t\t\t\t\t<\/div>\n\t\t\t\t<\/div>\n\t\t\t\t<div class=\"elementor-element elementor-element-b8e65c7 elementor-widget elementor-widget-heading\" data-id=\"b8e65c7\" data-element_type=\"widget\" data-e-type=\"widget\" data-widget_type=\"heading.default\">\n\t\t\t\t<div class=\"elementor-widget-container\">\n\t\t\t\t\t<h6 class=\"elementor-heading-title elementor-size-default\">PROCEDIMIENTO DE INSCRIPCI\u00d3N<\/h6>\t\t\t\t<\/div>\n\t\t\t\t<\/div>\n\t\t\t\t<div class=\"elementor-element elementor-element-6282641 elementor-widget elementor-widget-text-editor\" data-id=\"6282641\" data-element_type=\"widget\" data-e-type=\"widget\" data-widget_type=\"text-editor.default\">\n\t\t\t\t<div class=\"elementor-widget-container\">\n\t\t\t\t\t\t\t\t\t<p>El plazo de inscripci\u00f3n est\u00e1 abierto hasta el 17 de diciembre a las 14 h.<\/p>\t\t\t\t\t\t\t\t<\/div>\n\t\t\t\t<\/div>\n\t\t\t\t<div class=\"elementor-element elementor-element-f464405 elementor-button-info elementor-align-center elementor-widget elementor-widget-button\" data-id=\"f464405\" data-element_type=\"widget\" data-e-type=\"widget\" data-widget_type=\"button.default\">\n\t\t\t\t<div class=\"elementor-widget-container\">\n\t\t\t\t\t\t\t\t\t<div class=\"elementor-button-wrapper\">\n\t\t\t\t\t<a class=\"elementor-button elementor-button-link elementor-size-md\" href=\"https:\/\/forms.office.com\/e\/z73LLeegt6\" target=\"_blank\">\n\t\t\t\t\t\t<span class=\"elementor-button-content-wrapper\">\n\t\t\t\t\t\t\t\t\t<span class=\"elementor-button-text\">INSCRIPCI\u00d3N AQU\u00cd<\/span>\n\t\t\t\t\t<\/span>\n\t\t\t\t\t<\/a>\n\t\t\t\t<\/div>\n\t\t\t\t\t\t\t\t<\/div>\n\t\t\t\t<\/div>\n\t\t\t\t\t<\/div>\n\t\t<\/div>\n\t\t\t\t\t<\/div>\n\t\t<\/section>\n\t\t\t\t<section class=\"elementor-section elementor-top-section elementor-element elementor-element-a70f5fd elementor-section-boxed elementor-section-height-default elementor-section-height-default\" data-id=\"a70f5fd\" data-element_type=\"section\" data-e-type=\"section\">\n\t\t\t\t\t\t<div class=\"elementor-container elementor-column-gap-extended\">\n\t\t\t\t\t<div class=\"elementor-column elementor-col-100 elementor-top-column elementor-element elementor-element-0b73190\" data-id=\"0b73190\" data-element_type=\"column\" data-e-type=\"column\">\n\t\t\t<div class=\"elementor-widget-wrap elementor-element-populated\">\n\t\t\t\t\t\t<div class=\"elementor-element elementor-element-563ed9f elementor-widget elementor-widget-image\" data-id=\"563ed9f\" data-element_type=\"widget\" data-e-type=\"widget\" data-widget_type=\"image.default\">\n\t\t\t\t<div class=\"elementor-widget-container\">\n\t\t\t\t\t\t\t\t\t\t\t\t\t\t\t<img fetchpriority=\"high\" decoding=\"async\" width=\"1920\" height=\"310\" src=\"https:\/\/cms.icacordoba.23sd.es\/wp-content\/uploads\/2025\/11\/curso-menores-2026-1920-x-310-px.png\" class=\"attachment-full size-full wp-image-17822\" alt=\"\" srcset=\"https:\/\/cms.icacordoba.23sd.es\/wp-content\/uploads\/2025\/11\/curso-menores-2026-1920-x-310-px.png 1920w, https:\/\/cms.icacordoba.23sd.es\/wp-content\/uploads\/2025\/11\/curso-menores-2026-1920-x-310-px-300x48.png 300w, https:\/\/cms.icacordoba.23sd.es\/wp-content\/uploads\/2025\/11\/curso-menores-2026-1920-x-310-px-1024x165.png 1024w, https:\/\/cms.icacordoba.23sd.es\/wp-content\/uploads\/2025\/11\/curso-menores-2026-1920-x-310-px-768x124.png 768w, https:\/\/cms.icacordoba.23sd.es\/wp-content\/uploads\/2025\/11\/curso-menores-2026-1920-x-310-px-1536x248.png 1536w\" sizes=\"(max-width: 1920px) 100vw, 1920px\" \/>\t\t\t\t\t\t\t\t\t\t\t\t\t\t\t<\/div>\n\t\t\t\t<\/div>\n\t\t\t\t\t<\/div>\n\t\t<\/div>\n\t\t\t\t\t<\/div>\n\t\t<\/section>\n\t\t\t\t<\/div>\n\t\t","protected":false},"excerpt":{"rendered":"<p>El pr\u00f3ximo 19 de diciembre\u00a0se celebra en el sal\u00f3n de actos de la sede colegial el CURSO DE NUEVA ADSRIPCI\u00d3N TURNO DE MENORES para el pr\u00f3ximo a\u00f1o 2026. La formaci\u00f3n dar\u00e1 comienzo a las 10:00 h. NUEVA ADSCRIPCI\u00d3N: La asistencia es obligatoria exclusivamente para los compa\u00f1eros de NUEVA ADSCRIPCI\u00d3N al Turno de Menores.\u00a0 Aquellos residentes [&hellip;]<\/p>\n","protected":false},"author":1,"featured_media":0,"comment_status":"open","ping_status":"open","sticky":false,"template":"","format":"standard","meta":{"footnotes":""},"categories":[1],"tags":[],"class_list":["post-17821","post","type-post","status-publish","format-standard","hentry","category-uncategorized"],"_links":{"self":[{"href":"https:\/\/cms.icacordoba.23sd.es\/index.php\/wp-json\/wp\/v2\/posts\/17821","targetHints":{"allow":["GET"]}}],"collection":[{"href":"https:\/\/cms.icacordoba.23sd.es\/index.php\/wp-json\/wp\/v2\/posts"}],"about":[{"href":"https:\/\/cms.icacordoba.23sd.es\/index.php\/wp-json\/wp\/v2\/types\/post"}],"author":[{"embeddable":true,"href":"https:\/\/cms.icacordoba.23sd.es\/index.php\/wp-json\/wp\/v2\/users\/1"}],"replies":[{"embeddable":true,"href":"https:\/\/cms.icacordoba.23sd.es\/index.php\/wp-json\/wp\/v2\/comments?post=17821"}],"version-history":[{"count":12,"href":"https:\/\/cms.icacordoba.23sd.es\/index.php\/wp-json\/wp\/v2\/posts\/17821\/revisions"}],"predecessor-version":[{"id":18017,"href":"https:\/\/cms.icacordoba.23sd.es\/index.php\/wp-json\/wp\/v2\/posts\/17821\/revisions\/18017"}],"wp:attachment":[{"href":"https:\/\/cms.icacordoba.23sd.es\/index.php\/wp-json\/wp\/v2\/media?parent=17821"}],"wp:term":[{"taxonomy":"category","embeddable":true,"href":"https:\/\/cms.icacordoba.23sd.es\/index.php\/wp-json\/wp\/v2\/categories?post=17821"},{"taxonomy":"post_tag","embeddable":true,"href":"https:\/\/cms.icacordoba.23sd.es\/index.php\/wp-json\/wp\/v2\/tags?post=17821"}],"curies":[{"name":"wp","href":"https:\/\/api.w.org\/{rel}","templated":true}]}}