{"id":17801,"date":"2025-11-24T09:18:29","date_gmt":"2025-11-24T09:18:29","guid":{"rendered":"https:\/\/cms.icacordoba.23sd.es\/index.php\/17801\/"},"modified":"2025-11-25T17:39:28","modified_gmt":"2025-11-25T17:39:28","slug":"noticia-dia-internacional-de-la-eliminacion-de-la-violencia-contra-las-mujeres","status":"publish","type":"post","link":"https:\/\/cms.icacordoba.23sd.es\/index.php\/17801\/","title":{"rendered":"NOTICIA \u00bb D\u00eda Internacional de la Eliminaci\u00f3n de la Violencia contra las mujeres"},"content":{"rendered":"\t\t<div data-elementor-type=\"wp-post\" data-elementor-id=\"17801\" class=\"elementor elementor-17801\" data-elementor-post-type=\"post\">\n\t\t\t\t\t\t<section class=\"elementor-section elementor-top-section elementor-element elementor-element-10cb639 elementor-section-boxed elementor-section-height-default elementor-section-height-default\" data-id=\"10cb639\" data-element_type=\"section\" data-e-type=\"section\">\n\t\t\t\t\t\t<div class=\"elementor-container elementor-column-gap-default\">\n\t\t\t\t\t<div class=\"elementor-column elementor-col-50 elementor-top-column elementor-element elementor-element-2230e31\" data-id=\"2230e31\" data-element_type=\"column\" data-e-type=\"column\">\n\t\t\t<div class=\"elementor-widget-wrap elementor-element-populated\">\n\t\t\t\t\t\t<div class=\"elementor-element elementor-element-93ed296 elementor-widget elementor-widget-text-editor\" data-id=\"93ed296\" data-element_type=\"widget\" data-e-type=\"widget\" data-widget_type=\"text-editor.default\">\n\t\t\t\t<div class=\"elementor-widget-container\">\n\t\t\t\t\t\t\t\t\t<p>En el marco del D\u00eda Internacional de la Eliminaci\u00f3n de la Violencia contra las Mujeres, el Colegio de la Abogac\u00eda de C\u00f3rdoba hace suyo el manifiesto del Consejo General de la Abogac\u00eda Espa\u00f1ola para reafirmar el compromiso de los profesionales de la Abogac\u00eda y sus instituciones con la erradicaci\u00f3n de todas las formas de violencia que sufren las mujeres y ni\u00f1os y ni\u00f1as.<\/p><p>Hoy 25 de noviembre de 2025, la Abogac\u00eda de C\u00f3rdoba denuncia el inasumible balance de v\u00edctimas mortales recordando a las 38 mujeres asesinadas en Espa\u00f1a a lo largo de 2025, una cifra que incrementa el total de 1.333 feminicidios computados desde el a\u00f1o 2003.<\/p><p>Asimismo, queremos destacar la preocupaci\u00f3n ante la expansi\u00f3n de la violencia de g\u00e9nero en\u00a0entornos digitales, que exige una respuesta jur\u00eddica y social adaptada a las nuevas tipolog\u00edas delictivas.<\/p><p><b>La Abogac\u00eda, como garante del Derecho de Defensa, desempe\u00f1a un rol esencial en la protecci\u00f3n de las v\u00edctimas.<\/b> Y es por ello que r<b>enovamos nuestro compromiso de asegurar el asesoramiento jur\u00eddico especializado, contribuyendo a fortalecer la confianza en el sistema judicial y a prevenir la victimizaci\u00f3n secundaria.<\/b><\/p>\t\t\t\t\t\t\t\t<\/div>\n\t\t\t\t<\/div>\n\t\t\t\t\t<\/div>\n\t\t<\/div>\n\t\t\t\t<div class=\"elementor-column elementor-col-50 elementor-top-column elementor-element elementor-element-7ec3b96\" data-id=\"7ec3b96\" data-element_type=\"column\" data-e-type=\"column\">\n\t\t\t<div class=\"elementor-widget-wrap elementor-element-populated\">\n\t\t\t\t\t\t<div class=\"elementor-element elementor-element-8b32e8d elementor-widget elementor-widget-image\" data-id=\"8b32e8d\" data-element_type=\"widget\" data-e-type=\"widget\" data-widget_type=\"image.default\">\n\t\t\t\t<div class=\"elementor-widget-container\">\n\t\t\t\t\t\t\t\t\t\t\t\t\t\t\t<img decoding=\"async\" src=\"https:\/\/cms.icacordoba.23sd.es\/wp-content\/uploads\/elementor\/thumbs\/IMG_3116-scaled-rf8iiswogda7p6kp18qkmtca2xclvaqp1c4tsz6kfk.jpg\" title=\"IMG_3116\" alt=\"IMG_3116\" loading=\"lazy\" \/>\t\t\t\t\t\t\t\t\t\t\t\t\t\t\t<\/div>\n\t\t\t\t<\/div>\n\t\t\t\t<div class=\"elementor-element elementor-element-61b5856 elementor-widget elementor-widget-image\" data-id=\"61b5856\" data-element_type=\"widget\" data-e-type=\"widget\" data-widget_type=\"image.default\">\n\t\t\t\t<div class=\"elementor-widget-container\">\n\t\t\t\t\t\t\t\t\t\t\t\t\t\t\t<img decoding=\"async\" src=\"https:\/\/cms.icacordoba.23sd.es\/wp-content\/uploads\/elementor\/thumbs\/IMG_3122-scaled-rf8ir1xog0ktlyl8ut4oiqdxsoolfnhvi6a9gey5tc.jpg\" title=\"IMG_3122\" alt=\"IMG_3122\" loading=\"lazy\" \/>\t\t\t\t\t\t\t\t\t\t\t\t\t\t\t<\/div>\n\t\t\t\t<\/div>\n\t\t\t\t\t<\/div>\n\t\t<\/div>\n\t\t\t\t\t<\/div>\n\t\t<\/section>\n\t\t\t\t<section class=\"elementor-section elementor-top-section elementor-element elementor-element-5c1da69 elementor-section-boxed elementor-section-height-default elementor-section-height-default\" data-id=\"5c1da69\" data-element_type=\"section\" data-e-type=\"section\">\n\t\t\t\t\t\t<div class=\"elementor-container elementor-column-gap-default\">\n\t\t\t\t\t<div class=\"elementor-column elementor-col-100 elementor-top-column elementor-element elementor-element-c4414c6\" data-id=\"c4414c6\" data-element_type=\"column\" data-e-type=\"column\">\n\t\t\t<div class=\"elementor-widget-wrap elementor-element-populated\">\n\t\t\t\t\t\t<div class=\"elementor-element elementor-element-0d5f5d2 elementor-widget elementor-widget-text-editor\" data-id=\"0d5f5d2\" data-element_type=\"widget\" data-e-type=\"widget\" data-widget_type=\"text-editor.default\">\n\t\t\t\t<div class=\"elementor-widget-container\">\n\t\t\t\t\t\t\t\t\t<p><b>Instamos a los poderes p\u00fablicos y a la Administraci\u00f3n de Justicia a la adopci\u00f3n de las siguientes medidas estructurales:<\/b><\/p><p><strong>1. Fortalecimiento del Sistema de Justicia<\/strong><\/p><p><strong>Asistencia Letrada Preceptiva:<\/strong> Reivindicamos que la asistencia letrada sea preceptiva para todas las v\u00edctimas con car\u00e1cter previo a la denuncia, y se mantenga a lo largo de todo el proceso judicial, garantizando la defensa t\u00e9cnica desde el primer instante.<\/p><p><strong>Reforma de la Ley de Asistencia Jur\u00eddica Gratuita:<\/strong> Es imprescindible que\u00a0la nueva Ley de Asistencia Jur\u00eddica Gratuita prevea e incluya la totalidad de las v\u00edctimas de violencias reconocidas (sexual, econ\u00f3mica, vicaria, digital, etc.) consolidando los turnos especializados y la actualizando de los baremos en el Reglamento de Asistencia Jur\u00eddica Gratuita, con inclusi\u00f3n de los gastos de desplazamiento, adecu\u00e1ndolos a la complejidad de la materia.<\/p><p><strong>Dotaci\u00f3n de Recursos:<\/strong> Es fundamental incrementar los medios personales especializados y materiales en la Administraci\u00f3n de Justicia, particularmente en el \u00e1mbito de la violencia de g\u00e9nero, para evitar la sobrecarga y asegurar una protecci\u00f3n judicial efectiva y diligente.<\/p><p><strong>2. Proximidad Judicial y Territorialidad<\/strong><\/p><p>En relaci\u00f3n al nuevo dise\u00f1o de la planta judicial, defendemos que debe asegurar una Justicia pr\u00f3xima a las v\u00edctimas, y adaptada a las necesidades de cada territorio. El modelo no debe ni puede penalizar a los partidos judiciales con menor poblaci\u00f3n o dispersi\u00f3n geogr\u00e1fica, evitando as\u00ed la desprotecci\u00f3n de las v\u00edctimas en dichos \u00e1mbitos.<\/p><p><strong>3. Abordaje Integral de las Violencias<\/strong><\/p><p>Es necesario reconocer, identificar y abordar todas las manifestaciones de violencia machista, integrando una perspectiva interseccional que abarque a mujeres, ni\u00f1as y ni\u00f1os, y considere la interacci\u00f3n de diferentes factores de vulnerabilidad.<\/p><p><strong>4. Ley de Trata<\/strong><\/p><p>La Abogac\u00eda reitera la urgente necesidad de aprobaci\u00f3n de una Ley de Trata y Explotaci\u00f3n de Seres Humanos con un alcance integral que d\u00e9 respuesta a la realidad actual de esta grave violaci\u00f3n de los derechos humanos.<\/p><p>La protecci\u00f3n de todas las mujeres y ni\u00f1os y ni\u00f1as v\u00edctimas de violencia se configura como un deber inexcusable que incumbe a toda la sociedad, las administraciones p\u00fablicas y los profesionales desde una perspectiva interinstitucional y colaborativa que garantice una respuesta coherente y global.\u00a0<\/p><p>Desde el Colegio de la Abogac\u00eda de C\u00f3rdoba, en representaci\u00f3n de las profesionales y los profesionales que trabajan diariamente en la defensa de las v\u00edctimas en nuestra provincia, y sum\u00e1ndonos a las manifestaciones del Consejo General de la Abogac\u00eda Espa\u00f1ola, reiteramos nuestro compromiso con la igualdad efectiva entre mujeres y hombres y con la erradicaci\u00f3n de esta violencia estructural, a trav\u00e9s de nuestro trabajo diario en el asesoramiento jur\u00eddico, la atenci\u00f3n a las v\u00edctimas y la lucha por la implementaci\u00f3n y fortalecimiento de normas y pol\u00edticas p\u00fablicas efectivas.<\/p><p>25 de Noviembre de 2025<\/p>\t\t\t\t\t\t\t\t<\/div>\n\t\t\t\t<\/div>\n\t\t\t\t\t<\/div>\n\t\t<\/div>\n\t\t\t\t\t<\/div>\n\t\t<\/section>\n\t\t\t\t<\/div>\n\t\t","protected":false},"excerpt":{"rendered":"<p>En el marco del D\u00eda Internacional de la Eliminaci\u00f3n de la Violencia contra las Mujeres, el Colegio de la Abogac\u00eda de C\u00f3rdoba hace suyo el manifiesto del Consejo General de la Abogac\u00eda Espa\u00f1ola para reafirmar el compromiso de los profesionales de la Abogac\u00eda y sus instituciones con la erradicaci\u00f3n de todas las formas de violencia [&hellip;]<\/p>\n","protected":false},"author":1,"featured_media":0,"comment_status":"open","ping_status":"open","sticky":false,"template":"","format":"standard","meta":{"footnotes":""},"categories":[1],"tags":[],"class_list":["post-17801","post","type-post","status-publish","format-standard","hentry","category-uncategorized"],"_links":{"self":[{"href":"https:\/\/cms.icacordoba.23sd.es\/index.php\/wp-json\/wp\/v2\/posts\/17801","targetHints":{"allow":["GET"]}}],"collection":[{"href":"https:\/\/cms.icacordoba.23sd.es\/index.php\/wp-json\/wp\/v2\/posts"}],"about":[{"href":"https:\/\/cms.icacordoba.23sd.es\/index.php\/wp-json\/wp\/v2\/types\/post"}],"author":[{"embeddable":true,"href":"https:\/\/cms.icacordoba.23sd.es\/index.php\/wp-json\/wp\/v2\/users\/1"}],"replies":[{"embeddable":true,"href":"https:\/\/cms.icacordoba.23sd.es\/index.php\/wp-json\/wp\/v2\/comments?post=17801"}],"version-history":[{"count":21,"href":"https:\/\/cms.icacordoba.23sd.es\/index.php\/wp-json\/wp\/v2\/posts\/17801\/revisions"}],"predecessor-version":[{"id":17851,"href":"https:\/\/cms.icacordoba.23sd.es\/index.php\/wp-json\/wp\/v2\/posts\/17801\/revisions\/17851"}],"wp:attachment":[{"href":"https:\/\/cms.icacordoba.23sd.es\/index.php\/wp-json\/wp\/v2\/media?parent=17801"}],"wp:term":[{"taxonomy":"category","embeddable":true,"href":"https:\/\/cms.icacordoba.23sd.es\/index.php\/wp-json\/wp\/v2\/categories?post=17801"},{"taxonomy":"post_tag","embeddable":true,"href":"https:\/\/cms.icacordoba.23sd.es\/index.php\/wp-json\/wp\/v2\/tags?post=17801"}],"curies":[{"name":"wp","href":"https:\/\/api.w.org\/{rel}","templated":true}]}}