{"id":17780,"date":"2025-11-24T08:15:58","date_gmt":"2025-11-24T08:15:58","guid":{"rendered":"https:\/\/cms.icacordoba.23sd.es\/index.php\/17780\/"},"modified":"2025-11-24T08:30:57","modified_gmt":"2025-11-24T08:30:57","slug":"legislacion-semanal-del-17-al-21-de-noviembre-de-2025","status":"publish","type":"post","link":"https:\/\/cms.icacordoba.23sd.es\/index.php\/17780\/","title":{"rendered":"Legislaci\u00f3n Semanal Del 17 al 21 de Noviembre de 2025"},"content":{"rendered":"\t\t<div data-elementor-type=\"wp-post\" data-elementor-id=\"17780\" class=\"elementor elementor-17780\" data-elementor-post-type=\"post\">\n\t\t\t\t\t\t<section class=\"elementor-section elementor-top-section elementor-element elementor-element-f9e516b elementor-section-boxed elementor-section-height-default elementor-section-height-default\" data-id=\"f9e516b\" data-element_type=\"section\" data-e-type=\"section\">\n\t\t\t\t\t\t<div class=\"elementor-container elementor-column-gap-default\">\n\t\t\t\t\t<div class=\"elementor-column elementor-col-100 elementor-top-column elementor-element elementor-element-64adc98\" data-id=\"64adc98\" data-element_type=\"column\" data-e-type=\"column\">\n\t\t\t<div class=\"elementor-widget-wrap elementor-element-populated\">\n\t\t\t\t\t\t<div class=\"elementor-element elementor-element-f79f22d elementor-widget elementor-widget-heading\" data-id=\"f79f22d\" data-element_type=\"widget\" data-e-type=\"widget\" data-widget_type=\"heading.default\">\n\t\t\t\t<div class=\"elementor-widget-container\">\n\t\t\t\t\t<h5 class=\"elementor-heading-title elementor-size-default\">Legislaci\u00f3n Semanal - Del 17 al 21 de Noviembre de 2025<\/h5>\t\t\t\t<\/div>\n\t\t\t\t<\/div>\n\t\t\t\t\t<\/div>\n\t\t<\/div>\n\t\t\t\t\t<\/div>\n\t\t<\/section>\n\t\t\t\t<section class=\"elementor-section elementor-top-section elementor-element elementor-element-75c5493 elementor-section-boxed elementor-section-height-default elementor-section-height-default\" data-id=\"75c5493\" data-element_type=\"section\" data-e-type=\"section\">\n\t\t\t\t\t\t<div class=\"elementor-container elementor-column-gap-default\">\n\t\t\t\t\t<div class=\"elementor-column elementor-col-100 elementor-top-column elementor-element elementor-element-0c6dced\" data-id=\"0c6dced\" data-element_type=\"column\" data-e-type=\"column\">\n\t\t\t<div class=\"elementor-widget-wrap elementor-element-populated\">\n\t\t\t\t\t\t<div class=\"elementor-element elementor-element-1de732c elementor-widget elementor-widget-heading\" data-id=\"1de732c\" data-element_type=\"widget\" data-e-type=\"widget\" data-widget_type=\"heading.default\">\n\t\t\t\t<div class=\"elementor-widget-container\">\n\t\t\t\t\t<h5 class=\"elementor-heading-title elementor-size-default\">BOLET\u00cdN OFICIAL DEL ESTADO<\/h5>\t\t\t\t<\/div>\n\t\t\t\t<\/div>\n\t\t\t\t<div class=\"elementor-element elementor-element-765218c elementor-widget elementor-widget-heading\" data-id=\"765218c\" data-element_type=\"widget\" data-e-type=\"widget\" data-widget_type=\"heading.default\">\n\t\t\t\t<div class=\"elementor-widget-container\">\n\t\t\t\t\t<h6 class=\"elementor-heading-title elementor-size-default\">Disposiciones generales \/ Comunidad Aut\u00f3noma de Arag\u00f3n<\/h6>\t\t\t\t<\/div>\n\t\t\t\t<\/div>\n\t\t\t\t<div class=\"elementor-element elementor-element-f353093 elementor-widget elementor-widget-text-editor\" data-id=\"f353093\" data-element_type=\"widget\" data-e-type=\"widget\" data-widget_type=\"text-editor.default\">\n\t\t\t\t<div class=\"elementor-widget-container\">\n\t\t\t\t\t\t\t\t\t<ul><li><span data-olk-copy-source=\"MessageBody\">Ley 4\/2025, de 16 de octubre, por la que se modifica la Ley 4\/1985, de 27 de junio, reguladora del Justicia de Arag\u00f3n, a fin de\u00a0<\/span><a class=\"x_link-build-content\" title=\"https:\/\/go.abogacia.es\/lnk\/AUkAAIPbrN8AAc4dP3wAABYpKFAAAAAA0zoAAKFjABi_EgBpHum2mhaNAu9FRReSH7jrcTpwfAAYIRA\/2\/DWFVnfTqbeuFtuVovLHVog\/aHR0cHM6Ly93d3cuYm9lLmVzL2JvZS9kaWFzLzIwMjUvMTEvMjAvcGRmcy9CT0UtQS0yMDI1LTIzNDI0LnBkZj91dG1fY2FtcGFpZ249TGVnaXNsY2klQzMlQjNuJTIwRGlhcmlhJTIwMjAlMjBkZSUyME5vdmllbWJyZSUyMGRlJTIwMjAyNSZ1dG1fbWVkaXVtPWVtYWlsJnV0bV9zb3VyY2U9TWFpbGpldA\" href=\"https:\/\/go.abogacia.es\/lnk\/AUkAAIPbrN8AAc4dP3wAABYpKFAAAAAA0zoAAKFjABi_EgBpHum2mhaNAu9FRReSH7jrcTpwfAAYIRA\/2\/DWFVnfTqbeuFtuVovLHVog\/aHR0cHM6Ly93d3cuYm9lLmVzL2JvZS9kaWFzLzIwMjUvMTEvMjAvcGRmcy9CT0UtQS0yMDI1LTIzNDI0LnBkZj91dG1fY2FtcGFpZ249TGVnaXNsY2klQzMlQjNuJTIwRGlhcmlhJTIwMjAlMjBkZSUyME5vdmllbWJyZSUyMGRlJTIwMjAyNSZ1dG1fbWVkaXVtPWVtYWlsJnV0bV9zb3VyY2U9TWFpbGpldA\" target=\"_blank\" rel=\"noopener\" data-auth=\"NotApplicable\" data-linkindex=\"2\"><u>declarar oficialmente el 20 de diciembre \u00abD\u00eda del Justicia de Arag\u00f3n\u00bb<\/u><\/a>.<\/li><\/ul>\t\t\t\t\t\t\t\t<\/div>\n\t\t\t\t<\/div>\n\t\t\t\t<div class=\"elementor-element elementor-element-16e8168 elementor-widget elementor-widget-heading\" data-id=\"16e8168\" data-element_type=\"widget\" data-e-type=\"widget\" data-widget_type=\"heading.default\">\n\t\t\t\t<div class=\"elementor-widget-container\">\n\t\t\t\t\t<h5 class=\"elementor-heading-title elementor-size-default\">DIARIO OFICIAL DE LA UNI\u00d3N EUROPEA<\/h5>\t\t\t\t<\/div>\n\t\t\t\t<\/div>\n\t\t\t\t<div class=\"elementor-element elementor-element-216478e elementor-widget elementor-widget-heading\" data-id=\"216478e\" data-element_type=\"widget\" data-e-type=\"widget\" data-widget_type=\"heading.default\">\n\t\t\t\t<div class=\"elementor-widget-container\">\n\t\t\t\t\t<h6 class=\"elementor-heading-title elementor-size-default\">Legislaci\u00f3n<\/h6>\t\t\t\t<\/div>\n\t\t\t\t<\/div>\n\t\t\t\t<div class=\"elementor-element elementor-element-c81893f elementor-widget elementor-widget-text-editor\" data-id=\"c81893f\" data-element_type=\"widget\" data-e-type=\"widget\" data-widget_type=\"text-editor.default\">\n\t\t\t\t<div class=\"elementor-widget-container\">\n\t\t\t\t\t\t\t\t\t<ul><li><span data-olk-copy-source=\"MessageBody\">Decisi\u00f3n (UE) 2025\/2350 del Consejo, de 13 de noviembre de 2025, relativa a la posici\u00f3n que debe adoptarse, en nombre de la Uni\u00f3n Europea, en el Comit\u00e9 de Ministros del Consejo de Europa con respecto al\u00a0<\/span><a class=\"x_link-build-content\" title=\"https:\/\/go.abogacia.es\/lnk\/AW4AAIT8I9sAAc4dQJoAABAXVFoAAAAA0zoAAKFsABi_EgBpIEC7kNhDWce6QXiOK4eQPbJe9QAYIRA\/2\/x3s8BlK8Q5TFXU6-YlOpIQ\/aHR0cHM6Ly9ldXItbGV4LmV1cm9wYS5ldS9sZWdhbC1jb250ZW50L0VTL1RYVC9QREYvP3VyaT1PSjpMXzIwMjUwMjM1MCZ1dG1fY2FtcGFpZ249TGVnaXNsY2klQzMlQjNuJTIwRGlhcmlhJTIwMTclMjBkZSUyME5vdmllbWJyZSUyMGRlJTIwMjAyNSZ1dG1fbWVkaXVtPWVtYWlsJnV0bV9zb3VyY2U9TWFpbGpldCZ1dG1fY2FtcGFpZ249TGVnaXNsYWNpJUMzJUIzbiUyMFNlbWFuYWwlMjAxNyUyMGElMjAyMSUyMGRlJTIwTm92aWVtYnJlJTIwZGUlMjAyMDI1JnV0bV9tZWRpdW09ZW1haWwmdXRtX3NvdXJjZT1NYWlsamV0\" href=\"https:\/\/go.abogacia.es\/lnk\/AW4AAIT8I9sAAc4dQJoAABAXVFoAAAAA0zoAAKFsABi_EgBpIEC7kNhDWce6QXiOK4eQPbJe9QAYIRA\/2\/x3s8BlK8Q5TFXU6-YlOpIQ\/aHR0cHM6Ly9ldXItbGV4LmV1cm9wYS5ldS9sZWdhbC1jb250ZW50L0VTL1RYVC9QREYvP3VyaT1PSjpMXzIwMjUwMjM1MCZ1dG1fY2FtcGFpZ249TGVnaXNsY2klQzMlQjNuJTIwRGlhcmlhJTIwMTclMjBkZSUyME5vdmllbWJyZSUyMGRlJTIwMjAyNSZ1dG1fbWVkaXVtPWVtYWlsJnV0bV9zb3VyY2U9TWFpbGpldCZ1dG1fY2FtcGFpZ249TGVnaXNsYWNpJUMzJUIzbiUyMFNlbWFuYWwlMjAxNyUyMGElMjAyMSUyMGRlJTIwTm92aWVtYnJlJTIwZGUlMjAyMDI1JnV0bV9tZWRpdW09ZW1haWwmdXRtX3NvdXJjZT1NYWlsamV0\" target=\"_blank\" rel=\"noopener\" data-auth=\"NotApplicable\" data-linkindex=\"3\"><u>proyecto de Recomendaci\u00f3n sobre la igualdad y la inteligencia artificial<\/u><\/a>.<\/li><\/ul>\t\t\t\t\t\t\t\t<\/div>\n\t\t\t\t<\/div>\n\t\t\t\t<div class=\"elementor-element elementor-element-0709ddd elementor-widget elementor-widget-heading\" data-id=\"0709ddd\" data-element_type=\"widget\" data-e-type=\"widget\" data-widget_type=\"heading.default\">\n\t\t\t\t<div class=\"elementor-widget-container\">\n\t\t\t\t\t<h5 class=\"elementor-heading-title elementor-size-default\">CONGRESO DE LOS DIPUTADOS<\/h5>\t\t\t\t<\/div>\n\t\t\t\t<\/div>\n\t\t\t\t<div class=\"elementor-element elementor-element-996f5ca elementor-widget elementor-widget-heading\" data-id=\"996f5ca\" data-element_type=\"widget\" data-e-type=\"widget\" data-widget_type=\"heading.default\">\n\t\t\t\t<div class=\"elementor-widget-container\">\n\t\t\t\t\t<h6 class=\"elementor-heading-title elementor-size-default\">Proyectos de ley<\/h6>\t\t\t\t<\/div>\n\t\t\t\t<\/div>\n\t\t\t\t<div class=\"elementor-element elementor-element-60c0cbf elementor-widget elementor-widget-text-editor\" data-id=\"60c0cbf\" data-element_type=\"widget\" data-e-type=\"widget\" data-widget_type=\"text-editor.default\">\n\t\t\t\t<div class=\"elementor-widget-container\">\n\t\t\t\t\t\t\t\t\t<ul><li><span data-olk-copy-source=\"MessageBody\">Proyecto de Ley por la que\u00a0<\/span><a class=\"x_link-build-content\" title=\"https:\/\/go.abogacia.es\/lnk\/AUkAAIPbrN8AAc4dP3wAABYpKFAAAAAA0zoAAKFjABi_EgBpHum2mhaNAu9FRReSH7jrcTpwfAAYIRA\/3\/unPcCa1QFNhv5g-VG-4bWg\/aHR0cHM6Ly93d3cuY29uZ3Jlc28uZXMvcHVibGljX29maWNpYWxlcy9MMTUvQ09ORy9CT0NHL0EvQk9DRy0xNS1BLTEyLTYuUERGP3V0bV9jYW1wYWlnbj1MZWdpc2xjaSVDMyVCM24lMjBEaWFyaWElMjAyMCUyMGRlJTIwTm92aWVtYnJlJTIwZGUlMjAyMDI1JnV0bV9tZWRpdW09ZW1haWwmdXRtX3NvdXJjZT1NYWlsamV0\" href=\"https:\/\/go.abogacia.es\/lnk\/AUkAAIPbrN8AAc4dP3wAABYpKFAAAAAA0zoAAKFjABi_EgBpHum2mhaNAu9FRReSH7jrcTpwfAAYIRA\/3\/unPcCa1QFNhv5g-VG-4bWg\/aHR0cHM6Ly93d3cuY29uZ3Jlc28uZXMvcHVibGljX29maWNpYWxlcy9MMTUvQ09ORy9CT0NHL0EvQk9DRy0xNS1BLTEyLTYuUERGP3V0bV9jYW1wYWlnbj1MZWdpc2xjaSVDMyVCM24lMjBEaWFyaWElMjAyMCUyMGRlJTIwTm92aWVtYnJlJTIwZGUlMjAyMDI1JnV0bV9tZWRpdW09ZW1haWwmdXRtX3NvdXJjZT1NYWlsamV0\" target=\"_blank\" rel=\"noopener\" data-auth=\"NotApplicable\" data-linkindex=\"4\"><u>se regulan los servicios de atenci\u00f3n a la clientela<\/u><\/a>.\u00a0<i>Aprobaci\u00f3n por el Pleno.<\/i><\/li><li>Proyecto de Ley por la que\u00a0<a class=\"x_link-build-content\" title=\"https:\/\/go.abogacia.es\/lnk\/AW4AAIT8I9sAAc4dQJoAABAXVFoAAAAA0zoAAKFsABi_EgBpIEC7kNhDWce6QXiOK4eQPbJe9QAYIRA\/3\/-jaGe7DNzZZ487j-mvO27w\/aHR0cHM6Ly93d3cuY29uZ3Jlc28uZXMvcHVibGljX29maWNpYWxlcy9MMTUvQ09ORy9CT0NHL0EvQk9DRy0xNS1BLTc1LTEuUERGP3V0bV9jYW1wYWlnbj1MZWdpc2xhY2klQzMlQjNuJTIwU2VtYW5hbCUyMDE3JTIwYSUyMDIxJTIwZGUlMjBOb3ZpZW1icmUlMjBkZSUyMDIwMjUmdXRtX21lZGl1bT1lbWFpbCZ1dG1fc291cmNlPU1haWxqZXQ\" href=\"https:\/\/go.abogacia.es\/lnk\/AW4AAIT8I9sAAc4dQJoAABAXVFoAAAAA0zoAAKFsABi_EgBpIEC7kNhDWce6QXiOK4eQPbJe9QAYIRA\/3\/-jaGe7DNzZZ487j-mvO27w\/aHR0cHM6Ly93d3cuY29uZ3Jlc28uZXMvcHVibGljX29maWNpYWxlcy9MMTUvQ09ORy9CT0NHL0EvQk9DRy0xNS1BLTc1LTEuUERGP3V0bV9jYW1wYWlnbj1MZWdpc2xhY2klQzMlQjNuJTIwU2VtYW5hbCUyMDE3JTIwYSUyMDIxJTIwZGUlMjBOb3ZpZW1icmUlMjBkZSUyMDIwMjUmdXRtX21lZGl1bT1lbWFpbCZ1dG1fc291cmNlPU1haWxqZXQ\" target=\"_blank\" rel=\"noopener\" data-auth=\"NotApplicable\" data-linkindex=\"5\"><u>se modifican los criterios de tama\u00f1o de las empresas a efectos de informaci\u00f3n financiera.<\/u><\/a><\/li><\/ul>\t\t\t\t\t\t\t\t<\/div>\n\t\t\t\t<\/div>\n\t\t\t\t<div class=\"elementor-element elementor-element-08e5e5e elementor-widget elementor-widget-heading\" data-id=\"08e5e5e\" data-element_type=\"widget\" data-e-type=\"widget\" data-widget_type=\"heading.default\">\n\t\t\t\t<div class=\"elementor-widget-container\">\n\t\t\t\t\t<h6 class=\"elementor-heading-title elementor-size-default\">Proposiciones de ley<\/h6>\t\t\t\t<\/div>\n\t\t\t\t<\/div>\n\t\t\t\t<div class=\"elementor-element elementor-element-2e74ae8 elementor-widget elementor-widget-text-editor\" data-id=\"2e74ae8\" data-element_type=\"widget\" data-e-type=\"widget\" data-widget_type=\"text-editor.default\">\n\t\t\t\t<div class=\"elementor-widget-container\">\n\t\t\t\t\t\t\t\t\t<ul><li><span data-olk-copy-source=\"MessageBody\">Proposici\u00f3n de Ley Org\u00e1nica por la que se modifica la Ley Org\u00e1nica 10\/1995, de 23 de noviembre, del C\u00f3digo Penal,\u00a0<\/span><a class=\"x_link-build-content\" title=\"https:\/\/go.abogacia.es\/lnk\/AWcAAIVuyOcAAc4c49YAABYpKFAAAAAA0zoAAKFjABi_EgBpHZt7DY8TGDz9RB-tGvq35NRMUAAYIRA\/2\/YSjJoYxwl0DNAzBerQPMNA\/aHR0cHM6Ly93d3cuY29uZ3Jlc28uZXMvcHVibGljX29maWNpYWxlcy9MMTUvQ09ORy9CT0NHL0IvQk9DRy0xNS1CLTI0MC00LlBERj91dG1fY2FtcGFpZ249TGVnaXNsY2klQzMlQjNuJTIwRGlhcmlhJTIwMTklMjBkZSUyME5vdmllbWJyZSUyMGRlJTIwMjAyNSZ1dG1fbWVkaXVtPWVtYWlsJnV0bV9zb3VyY2U9TWFpbGpldA\" href=\"https:\/\/go.abogacia.es\/lnk\/AWcAAIVuyOcAAc4c49YAABYpKFAAAAAA0zoAAKFjABi_EgBpHZt7DY8TGDz9RB-tGvq35NRMUAAYIRA\/2\/YSjJoYxwl0DNAzBerQPMNA\/aHR0cHM6Ly93d3cuY29uZ3Jlc28uZXMvcHVibGljX29maWNpYWxlcy9MMTUvQ09ORy9CT0NHL0IvQk9DRy0xNS1CLTI0MC00LlBERj91dG1fY2FtcGFpZ249TGVnaXNsY2klQzMlQjNuJTIwRGlhcmlhJTIwMTklMjBkZSUyME5vdmllbWJyZSUyMGRlJTIwMjAyNSZ1dG1fbWVkaXVtPWVtYWlsJnV0bV9zb3VyY2U9TWFpbGpldA\" target=\"_blank\" rel=\"noopener\" data-auth=\"NotApplicable\" data-linkindex=\"6\"><u>para penalizar las terapias de conversi\u00f3n dirigidas a eliminar o negar la orientaci\u00f3n sexual, identidad sexual o expresi\u00f3n de g\u00e9nero<\/u><\/a>.\u00a0<i>Enmiendas e \u00edndice de enmiendas al articulado.<\/i><\/li><li>Proposici\u00f3n de Ley Org\u00e1nica de modificaci\u00f3n de la Ley Org\u00e1nica 10\/1995, de 23 de noviembre, del\u00a0<a class=\"x_link-build-content\" title=\"https:\/\/go.abogacia.es\/lnk\/AW4AAIT8I9sAAc4dQJoAABAXVFoAAAAA0zoAAKFsABi_EgBpIEC7kNhDWce6QXiOK4eQPbJe9QAYIRA\/4\/Nbu_WfH20VXW4oXjWEsf1w\/aHR0cHM6Ly93d3cuY29uZ3Jlc28uZXMvcHVibGljX29maWNpYWxlcy9MMTUvQ09ORy9CT0NHL0IvQk9DRy0xNS1CLTI4MC0xLlBERj91dG1fY2FtcGFpZ249TGVnaXNsYWNpJUMzJUIzbiUyMFNlbWFuYWwlMjAxNyUyMGElMjAyMSUyMGRlJTIwTm92aWVtYnJlJTIwZGUlMjAyMDI1JnV0bV9tZWRpdW09ZW1haWwmdXRtX3NvdXJjZT1NYWlsamV0\" href=\"https:\/\/go.abogacia.es\/lnk\/AW4AAIT8I9sAAc4dQJoAABAXVFoAAAAA0zoAAKFsABi_EgBpIEC7kNhDWce6QXiOK4eQPbJe9QAYIRA\/4\/Nbu_WfH20VXW4oXjWEsf1w\/aHR0cHM6Ly93d3cuY29uZ3Jlc28uZXMvcHVibGljX29maWNpYWxlcy9MMTUvQ09ORy9CT0NHL0IvQk9DRy0xNS1CLTI4MC0xLlBERj91dG1fY2FtcGFpZ249TGVnaXNsYWNpJUMzJUIzbiUyMFNlbWFuYWwlMjAxNyUyMGElMjAyMSUyMGRlJTIwTm92aWVtYnJlJTIwZGUlMjAyMDI1JnV0bV9tZWRpdW09ZW1haWwmdXRtX3NvdXJjZT1NYWlsamV0\" target=\"_blank\" rel=\"noopener\" data-auth=\"NotApplicable\" data-linkindex=\"7\"><u>C\u00f3digo Penal, en materia de multirreincidencia en los delitos de hurto y estafa.<\/u><\/a>\u00a0<i>Remitida por el Senado.<\/i><\/li><li>Proposici\u00f3n de Ley Org\u00e1nica para la\u00a0<a class=\"x_link-build-content\" title=\"https:\/\/go.abogacia.es\/lnk\/AW4AAIT8I9sAAc4dQJoAABAXVFoAAAAA0zoAAKFsABi_EgBpIEC7kNhDWce6QXiOK4eQPbJe9QAYIRA\/5\/xfurwQBGeOsdpBPX6WArOQ\/aHR0cHM6Ly93d3cuY29uZ3Jlc28uZXMvcHVibGljX29maWNpYWxlcy9MMTUvQ09ORy9CT0NHL0IvQk9DRy0xNS1CLTI4Mi0xLlBERj91dG1fY2FtcGFpZ249TGVnaXNsYWNpJUMzJUIzbiUyMFNlbWFuYWwlMjAxNyUyMGElMjAyMSUyMGRlJTIwTm92aWVtYnJlJTIwZGUlMjAyMDI1JnV0bV9tZWRpdW09ZW1haWwmdXRtX3NvdXJjZT1NYWlsamV0\" href=\"https:\/\/go.abogacia.es\/lnk\/AW4AAIT8I9sAAc4dQJoAABAXVFoAAAAA0zoAAKFsABi_EgBpIEC7kNhDWce6QXiOK4eQPbJe9QAYIRA\/5\/xfurwQBGeOsdpBPX6WArOQ\/aHR0cHM6Ly93d3cuY29uZ3Jlc28uZXMvcHVibGljX29maWNpYWxlcy9MMTUvQ09ORy9CT0NHL0IvQk9DRy0xNS1CLTI4Mi0xLlBERj91dG1fY2FtcGFpZ249TGVnaXNsYWNpJUMzJUIzbiUyMFNlbWFuYWwlMjAxNyUyMGElMjAyMSUyMGRlJTIwTm92aWVtYnJlJTIwZGUlMjAyMDI1JnV0bV9tZWRpdW09ZW1haWwmdXRtX3NvdXJjZT1NYWlsamV0\" target=\"_blank\" rel=\"noopener\" data-auth=\"NotApplicable\" data-linkindex=\"8\"><u>protecci\u00f3n de la dignidad de las mujeres y la seguridad ciudadana en el espacio p\u00fablico<\/u><\/a>.\u00a0<i>Presentada por el Grupo Parlamentario VOX.<\/i><\/li><li>Proposici\u00f3n de Ley sobre el<a class=\"x_link-build-content\" title=\"https:\/\/go.abogacia.es\/lnk\/AW4AAIT8I9sAAc4dQJoAABAXVFoAAAAA0zoAAKFsABi_EgBpIEC7kNhDWce6QXiOK4eQPbJe9QAYIRA\/6\/AuEvefNWUFZXWTcKxvK2Hg\/aHR0cHM6Ly93d3cuY29uZ3Jlc28uZXMvcHVibGljX29maWNpYWxlcy9MMTUvQ09ORy9CT0NHL0IvQk9DRy0xNS1CLTI4NC0xLlBERj91dG1fY2FtcGFpZ249TGVnaXNsYWNpJUMzJUIzbiUyMFNlbWFuYWwlMjAxNyUyMGElMjAyMSUyMGRlJTIwTm92aWVtYnJlJTIwZGUlMjAyMDI1JnV0bV9tZWRpdW09ZW1haWwmdXRtX3NvdXJjZT1NYWlsamV0\" href=\"https:\/\/go.abogacia.es\/lnk\/AW4AAIT8I9sAAc4dQJoAABAXVFoAAAAA0zoAAKFsABi_EgBpIEC7kNhDWce6QXiOK4eQPbJe9QAYIRA\/6\/AuEvefNWUFZXWTcKxvK2Hg\/aHR0cHM6Ly93d3cuY29uZ3Jlc28uZXMvcHVibGljX29maWNpYWxlcy9MMTUvQ09ORy9CT0NHL0IvQk9DRy0xNS1CLTI4NC0xLlBERj91dG1fY2FtcGFpZ249TGVnaXNsYWNpJUMzJUIzbiUyMFNlbWFuYWwlMjAxNyUyMGElMjAyMSUyMGRlJTIwTm92aWVtYnJlJTIwZGUlMjAyMDI1JnV0bV9tZWRpdW09ZW1haWwmdXRtX3NvdXJjZT1NYWlsamV0\" target=\"_blank\" rel=\"noopener\" data-auth=\"NotApplicable\" data-linkindex=\"9\"><u>\u00a0car\u00e1cter vinculante de las decisiones del Comit\u00e9 Europeo de Derechos Sociales y su obligada ejecuci\u00f3n por parte del Estado espa\u00f1ol.<\/u><\/a>\u00a0<i>Presentada por el Grupo Parlamentario Mixto.<\/i><\/li><li>Proposici\u00f3n de Ley de modificaci\u00f3n de la Ley 49\/1960, de 21 de julio, sobre\u00a0<a class=\"x_link-build-content\" title=\"https:\/\/go.abogacia.es\/lnk\/AW4AAIT8I9sAAc4dQJoAABAXVFoAAAAA0zoAAKFsABi_EgBpIEC7kNhDWce6QXiOK4eQPbJe9QAYIRA\/7\/4bTJmUtAJoS9RBt4tPKyew\/aHR0cHM6Ly93d3cuY29uZ3Jlc28uZXMvcHVibGljX29maWNpYWxlcy9MMTUvQ09ORy9CT0NHL0IvQk9DRy0xNS1CLTI4NS0xLlBERj91dG1fY2FtcGFpZ249TGVnaXNsYWNpJUMzJUIzbiUyMFNlbWFuYWwlMjAxNyUyMGElMjAyMSUyMGRlJTIwTm92aWVtYnJlJTIwZGUlMjAyMDI1JnV0bV9tZWRpdW09ZW1haWwmdXRtX3NvdXJjZT1NYWlsamV0\" href=\"https:\/\/go.abogacia.es\/lnk\/AW4AAIT8I9sAAc4dQJoAABAXVFoAAAAA0zoAAKFsABi_EgBpIEC7kNhDWce6QXiOK4eQPbJe9QAYIRA\/7\/4bTJmUtAJoS9RBt4tPKyew\/aHR0cHM6Ly93d3cuY29uZ3Jlc28uZXMvcHVibGljX29maWNpYWxlcy9MMTUvQ09ORy9CT0NHL0IvQk9DRy0xNS1CLTI4NS0xLlBERj91dG1fY2FtcGFpZ249TGVnaXNsYWNpJUMzJUIzbiUyMFNlbWFuYWwlMjAxNyUyMGElMjAyMSUyMGRlJTIwTm92aWVtYnJlJTIwZGUlMjAyMDI1JnV0bV9tZWRpdW09ZW1haWwmdXRtX3NvdXJjZT1NYWlsamV0\" target=\"_blank\" rel=\"noopener\" data-auth=\"NotApplicable\" data-linkindex=\"10\"><u>propiedad horizontal<\/u><\/a>.\u00a0<i>Presentada por el Grupo Parlamentario Popular en el Congreso.<\/i><\/li><li>Proposici\u00f3n de Ley para garantizar el cumplimiento de la Ley 47\/2003, de 26 de noviembre,\u00a0<a class=\"x_link-build-content\" title=\"https:\/\/go.abogacia.es\/lnk\/AW4AAIT8I9sAAc4dQJoAABAXVFoAAAAA0zoAAKFsABi_EgBpIEC7kNhDWce6QXiOK4eQPbJe9QAYIRA\/8\/XKZax79k2O3bsvIpxj1vOg\/aHR0cHM6Ly93d3cuY29uZ3Jlc28uZXMvcHVibGljX29maWNpYWxlcy9MMTUvQ09ORy9CT0NHL0IvQk9DRy0xNS1CLTI4Ni0xLlBERj91dG1fY2FtcGFpZ249TGVnaXNsYWNpJUMzJUIzbiUyMFNlbWFuYWwlMjAxNyUyMGElMjAyMSUyMGRlJTIwTm92aWVtYnJlJTIwZGUlMjAyMDI1JnV0bV9tZWRpdW09ZW1haWwmdXRtX3NvdXJjZT1NYWlsamV0\" href=\"https:\/\/go.abogacia.es\/lnk\/AW4AAIT8I9sAAc4dQJoAABAXVFoAAAAA0zoAAKFsABi_EgBpIEC7kNhDWce6QXiOK4eQPbJe9QAYIRA\/8\/XKZax79k2O3bsvIpxj1vOg\/aHR0cHM6Ly93d3cuY29uZ3Jlc28uZXMvcHVibGljX29maWNpYWxlcy9MMTUvQ09ORy9CT0NHL0IvQk9DRy0xNS1CLTI4Ni0xLlBERj91dG1fY2FtcGFpZ249TGVnaXNsYWNpJUMzJUIzbiUyMFNlbWFuYWwlMjAxNyUyMGElMjAyMSUyMGRlJTIwTm92aWVtYnJlJTIwZGUlMjAyMDI1JnV0bV9tZWRpdW09ZW1haWwmdXRtX3NvdXJjZT1NYWlsamV0\" target=\"_blank\" rel=\"noopener\" data-auth=\"NotApplicable\" data-linkindex=\"11\"><u>General Presupuestaria<\/u><\/a>.\u00a0<i>Presentada por el Grupo Parlamentario Popular en el Congreso.<\/i><\/li><\/ul>\t\t\t\t\t\t\t\t<\/div>\n\t\t\t\t<\/div>\n\t\t\t\t<div class=\"elementor-element elementor-element-07867c4 elementor-widget elementor-widget-heading\" data-id=\"07867c4\" data-element_type=\"widget\" data-e-type=\"widget\" data-widget_type=\"heading.default\">\n\t\t\t\t<div class=\"elementor-widget-container\">\n\t\t\t\t\t<h5 class=\"elementor-heading-title elementor-size-default\">SENADO<\/h5>\t\t\t\t<\/div>\n\t\t\t\t<\/div>\n\t\t\t\t<div class=\"elementor-element elementor-element-4150d4d elementor-widget elementor-widget-heading\" data-id=\"4150d4d\" data-element_type=\"widget\" data-e-type=\"widget\" data-widget_type=\"heading.default\">\n\t\t\t\t<div class=\"elementor-widget-container\">\n\t\t\t\t\t<h6 class=\"elementor-heading-title elementor-size-default\">Iniciativas Legislativas<\/h6>\t\t\t\t<\/div>\n\t\t\t\t<\/div>\n\t\t\t\t<div class=\"elementor-element elementor-element-b4bb5de elementor-widget elementor-widget-text-editor\" data-id=\"b4bb5de\" data-element_type=\"widget\" data-e-type=\"widget\" data-widget_type=\"text-editor.default\">\n\t\t\t\t<div class=\"elementor-widget-container\">\n\t\t\t\t\t\t\t\t\t<ul><li><span data-olk-copy-source=\"MessageBody\">Proyecto de Ley de Movilidad Sostenible.\u00a0<\/span><a class=\"x_link-build-content\" title=\"https:\/\/go.abogacia.es\/lnk\/AWcAAIVuyOcAAc4c49YAABYpKFAAAAAA0zoAAKFjABi_EgBpHZt7DY8TGDz9RB-tGvq35NRMUAAYIRA\/3\/QddW_vilI8ZNDqFA2pbjVg\/aHR0cDovL3d3dy5zZW5hZG8uZXMvbGVnaXMxNS9wdWJsaWNhY2lvbmVzL3BkZi9zZW5hZG8vYm9jZy9CT0NHX0RfMTVfMzM3XzI5NTcuUERGP3V0bV9jYW1wYWlnbj1MZWdpc2xjaSVDMyVCM24lMjBEaWFyaWElMjAxOSUyMGRlJTIwTm92aWVtYnJlJTIwZGUlMjAyMDI1JnV0bV9tZWRpdW09ZW1haWwmdXRtX3NvdXJjZT1NYWlsamV0\" href=\"https:\/\/go.abogacia.es\/lnk\/AWcAAIVuyOcAAc4c49YAABYpKFAAAAAA0zoAAKFjABi_EgBpHZt7DY8TGDz9RB-tGvq35NRMUAAYIRA\/3\/QddW_vilI8ZNDqFA2pbjVg\/aHR0cDovL3d3dy5zZW5hZG8uZXMvbGVnaXMxNS9wdWJsaWNhY2lvbmVzL3BkZi9zZW5hZG8vYm9jZy9CT0NHX0RfMTVfMzM3XzI5NTcuUERGP3V0bV9jYW1wYWlnbj1MZWdpc2xjaSVDMyVCM24lMjBEaWFyaWElMjAxOSUyMGRlJTIwTm92aWVtYnJlJTIwZGUlMjAyMDI1JnV0bV9tZWRpdW09ZW1haWwmdXRtX3NvdXJjZT1NYWlsamV0\" target=\"_blank\" rel=\"noopener\" data-auth=\"NotApplicable\" data-linkindex=\"12\"><u>Texto aprobado por el Senado<\/u><\/a>\u00a0|\u00a0<a class=\"x_link-build-content\" title=\"https:\/\/go.abogacia.es\/lnk\/AWcAAIVuyOcAAc4c49YAABYpKFAAAAAA0zoAAKFjABi_EgBpHZt7DY8TGDz9RB-tGvq35NRMUAAYIRA\/4\/hz9rlhsHWKNb09Q5RdgZAA\/aHR0cDovL3d3dy5zZW5hZG8uZXMvbGVnaXMxNS9wdWJsaWNhY2lvbmVzL3BkZi9zZW5hZG8vYm9jZy9CT0NHX0RfMTVfMzM3XzI5NTguUERGP3V0bV9jYW1wYWlnbj1MZWdpc2xjaSVDMyVCM24lMjBEaWFyaWElMjAxOSUyMGRlJTIwTm92aWVtYnJlJTIwZGUlMjAyMDI1JnV0bV9tZWRpdW09ZW1haWwmdXRtX3NvdXJjZT1NYWlsamV0\" href=\"https:\/\/go.abogacia.es\/lnk\/AWcAAIVuyOcAAc4c49YAABYpKFAAAAAA0zoAAKFjABi_EgBpHZt7DY8TGDz9RB-tGvq35NRMUAAYIRA\/4\/hz9rlhsHWKNb09Q5RdgZAA\/aHR0cDovL3d3dy5zZW5hZG8uZXMvbGVnaXMxNS9wdWJsaWNhY2lvbmVzL3BkZi9zZW5hZG8vYm9jZy9CT0NHX0RfMTVfMzM3XzI5NTguUERGP3V0bV9jYW1wYWlnbj1MZWdpc2xjaSVDMyVCM24lMjBEaWFyaWElMjAxOSUyMGRlJTIwTm92aWVtYnJlJTIwZGUlMjAyMDI1JnV0bV9tZWRpdW09ZW1haWwmdXRtX3NvdXJjZT1NYWlsamV0\" target=\"_blank\" rel=\"noopener\" data-auth=\"NotApplicable\" data-linkindex=\"13\"><u>Enmiendas del Senado mediante mensaje motivado<\/u><\/a><\/li><li>Proposici\u00f3n de Ley Org\u00e1nica de modificaci\u00f3n de la Ley Org\u00e1nica 6\/1985, de 1 de julio, del Poder Judicial,\u00a0<a class=\"x_link-build-content\" title=\"https:\/\/go.abogacia.es\/lnk\/AUkAAIPbrN8AAc4dP3wAABYpKFAAAAAA0zoAAKFjABi_EgBpHum2mhaNAu9FRReSH7jrcTpwfAAYIRA\/4\/20iHsIenClxJdgGJiRk99g\/aHR0cDovL3d3dy5zZW5hZG8uZXMvbGVnaXMxNS9wdWJsaWNhY2lvbmVzL3BkZi9zZW5hZG8vYm9jZy9CT0NHX0RfMTVfMzM4XzI5NjYuUERGP3V0bV9jYW1wYWlnbj1MZWdpc2xjaSVDMyVCM24lMjBEaWFyaWElMjAyMCUyMGRlJTIwTm92aWVtYnJlJTIwZGUlMjAyMDI1JnV0bV9tZWRpdW09ZW1haWwmdXRtX3NvdXJjZT1NYWlsamV0\" href=\"https:\/\/go.abogacia.es\/lnk\/AUkAAIPbrN8AAc4dP3wAABYpKFAAAAAA0zoAAKFjABi_EgBpHum2mhaNAu9FRReSH7jrcTpwfAAYIRA\/4\/20iHsIenClxJdgGJiRk99g\/aHR0cDovL3d3dy5zZW5hZG8uZXMvbGVnaXMxNS9wdWJsaWNhY2lvbmVzL3BkZi9zZW5hZG8vYm9jZy9CT0NHX0RfMTVfMzM4XzI5NjYuUERGP3V0bV9jYW1wYWlnbj1MZWdpc2xjaSVDMyVCM24lMjBEaWFyaWElMjAyMCUyMGRlJTIwTm92aWVtYnJlJTIwZGUlMjAyMDI1JnV0bV9tZWRpdW09ZW1haWwmdXRtX3NvdXJjZT1NYWlsamV0\" target=\"_blank\" rel=\"noopener\" data-auth=\"NotApplicable\" data-linkindex=\"14\"><u>para el cambio del modelo de elecci\u00f3n de los vocales del Consejo General del Poder Judicial<\/u><\/a>.\u00a0<i>Texto de la proposici\u00f3n<\/i><\/li><li>Proposici\u00f3n de Ley para la\u00a0<a class=\"x_link-build-content\" title=\"https:\/\/go.abogacia.es\/lnk\/AUkAAIPbrN8AAc4dP3wAABYpKFAAAAAA0zoAAKFjABi_EgBpHum2mhaNAu9FRReSH7jrcTpwfAAYIRA\/5\/9oRea3KhbiZ4tZXb96-5NQ\/aHR0cDovL3d3dy5zZW5hZG8uZXMvbGVnaXMxNS9wdWJsaWNhY2lvbmVzL3BkZi9zZW5hZG8vYm9jZy9CT0NHX0RfMTVfMzM4XzI5NjcuUERGP3V0bV9jYW1wYWlnbj1MZWdpc2xjaSVDMyVCM24lMjBEaWFyaWElMjAyMCUyMGRlJTIwTm92aWVtYnJlJTIwZGUlMjAyMDI1JnV0bV9tZWRpdW09ZW1haWwmdXRtX3NvdXJjZT1NYWlsamV0\" href=\"https:\/\/go.abogacia.es\/lnk\/AUkAAIPbrN8AAc4dP3wAABYpKFAAAAAA0zoAAKFjABi_EgBpHum2mhaNAu9FRReSH7jrcTpwfAAYIRA\/5\/9oRea3KhbiZ4tZXb96-5NQ\/aHR0cDovL3d3dy5zZW5hZG8uZXMvbGVnaXMxNS9wdWJsaWNhY2lvbmVzL3BkZi9zZW5hZG8vYm9jZy9CT0NHX0RfMTVfMzM4XzI5NjcuUERGP3V0bV9jYW1wYWlnbj1MZWdpc2xjaSVDMyVCM24lMjBEaWFyaWElMjAyMCUyMGRlJTIwTm92aWVtYnJlJTIwZGUlMjAyMDI1JnV0bV9tZWRpdW09ZW1haWwmdXRtX3NvdXJjZT1NYWlsamV0\" target=\"_blank\" rel=\"noopener\" data-auth=\"NotApplicable\" data-linkindex=\"15\"><u>protecci\u00f3n de la dignidad de las mujeres y la seguridad ciudadana en el espacio p\u00fablico<\/u><\/a>.\u00a0<i>Texto de la proposici\u00f3n<\/i><\/li><\/ul>\t\t\t\t\t\t\t\t<\/div>\n\t\t\t\t<\/div>\n\t\t\t\t<div class=\"elementor-element elementor-element-01e2e7e elementor-widget elementor-widget-heading\" data-id=\"01e2e7e\" data-element_type=\"widget\" data-e-type=\"widget\" data-widget_type=\"heading.default\">\n\t\t\t\t<div class=\"elementor-widget-container\">\n\t\t\t\t\t<h5 class=\"elementor-heading-title elementor-size-default\">CONSEJO DE MINISTROS<\/h5>\t\t\t\t<\/div>\n\t\t\t\t<\/div>\n\t\t\t\t<div class=\"elementor-element elementor-element-9728964 elementor-widget elementor-widget-heading\" data-id=\"9728964\" data-element_type=\"widget\" data-e-type=\"widget\" data-widget_type=\"heading.default\">\n\t\t\t\t<div class=\"elementor-widget-container\">\n\t\t\t\t\t<h6 class=\"elementor-heading-title elementor-size-default\">Presidencia, Justicia y Relaciones con las Cortes<\/h6>\t\t\t\t<\/div>\n\t\t\t\t<\/div>\n\t\t\t\t<div class=\"elementor-element elementor-element-7099b1c elementor-widget elementor-widget-text-editor\" data-id=\"7099b1c\" data-element_type=\"widget\" data-e-type=\"widget\" data-widget_type=\"text-editor.default\">\n\t\t\t\t<div class=\"elementor-widget-container\">\n\t\t\t\t\t\t\t\t\t<ul><li><span data-olk-copy-source=\"MessageBody\">Acuerdo por el que\u00a0<\/span><a class=\"x_link-build-content\" title=\"https:\/\/go.abogacia.es\/lnk\/AWcAAIVuyOcAAc4c49YAABYpKFAAAAAA0zoAAKFjABi_EgBpHZt7DY8TGDz9RB-tGvq35NRMUAAYIRA\/5\/XdZxcT6xrV1NEbs3HH_N9w\/aHR0cHM6Ly93d3cubGFtb25jbG9hLmdvYi5lcy9jb25zZWpvZGVtaW5pc3Ryb3MvcmVmZXJlbmNpYXMvUGFnaW5hcy8yMDI1LzIwMjUxMTE4LXJlZmVyZW5jaWEtcnVlZGEtZGUtcHJlbnNhLW1pbmlzdHJvcy5hc3B4P3V0bV9jYW1wYWlnbj1MZWdpc2xjaSVDMyVCM24lMjBEaWFyaWElMjAxOSUyMGRlJTIwTm92aWVtYnJlJTIwZGUlMjAyMDI1JnV0bV9tZWRpdW09ZW1haWwmdXRtX3NvdXJjZT1NYWlsamV0I2luZmFuY2lh#infancia\" href=\"https:\/\/go.abogacia.es\/lnk\/AWcAAIVuyOcAAc4c49YAABYpKFAAAAAA0zoAAKFjABi_EgBpHZt7DY8TGDz9RB-tGvq35NRMUAAYIRA\/5\/XdZxcT6xrV1NEbs3HH_N9w\/aHR0cHM6Ly93d3cubGFtb25jbG9hLmdvYi5lcy9jb25zZWpvZGVtaW5pc3Ryb3MvcmVmZXJlbmNpYXMvUGFnaW5hcy8yMDI1LzIwMjUxMTE4LXJlZmVyZW5jaWEtcnVlZGEtZGUtcHJlbnNhLW1pbmlzdHJvcy5hc3B4P3V0bV9jYW1wYWlnbj1MZWdpc2xjaSVDMyVCM24lMjBEaWFyaWElMjAxOSUyMGRlJTIwTm92aWVtYnJlJTIwZGUlMjAyMDI1JnV0bV9tZWRpdW09ZW1haWwmdXRtX3NvdXJjZT1NYWlsamV0I2luZmFuY2lh#infancia\" target=\"_blank\" rel=\"noopener\" data-auth=\"NotApplicable\" data-linkindex=\"16\"><u>se aprueba la declaraci\u00f3n institucional del Gobierno de Espa\u00f1a con motivo del D\u00eda Internacional de los Derechos de la Infancia<\/u><\/a>.<\/li><\/ul>\t\t\t\t\t\t\t\t<\/div>\n\t\t\t\t<\/div>\n\t\t\t\t<div class=\"elementor-element elementor-element-a6384c8 elementor-widget elementor-widget-heading\" data-id=\"a6384c8\" data-element_type=\"widget\" data-e-type=\"widget\" data-widget_type=\"heading.default\">\n\t\t\t\t<div class=\"elementor-widget-container\">\n\t\t\t\t\t<h6 class=\"elementor-heading-title elementor-size-default\">Pol\u00edtica Territorial y Memoria Democr\u00e1tica<\/h6>\t\t\t\t<\/div>\n\t\t\t\t<\/div>\n\t\t\t\t<div class=\"elementor-element elementor-element-2c40c1f elementor-widget elementor-widget-text-editor\" data-id=\"2c40c1f\" data-element_type=\"widget\" data-e-type=\"widget\" data-widget_type=\"text-editor.default\">\n\t\t\t\t<div class=\"elementor-widget-container\">\n\t\t\t\t\t\t\t\t\t<ul><li><span data-olk-copy-source=\"MessageBody\">Real Decreto por el que\u00a0<\/span><a class=\"x_link-build-content\" title=\"https:\/\/go.abogacia.es\/lnk\/AWcAAIVuyOcAAc4c49YAABYpKFAAAAAA0zoAAKFjABi_EgBpHZt7DY8TGDz9RB-tGvq35NRMUAAYIRA\/6\/lIqGcIwWMODSjikrHzJ2cw\/aHR0cHM6Ly93d3cubGFtb25jbG9hLmdvYi5lcy9jb25zZWpvZGVtaW5pc3Ryb3MvcmVmZXJlbmNpYXMvUGFnaW5hcy8yMDI1LzIwMjUxMTE4LXJlZmVyZW5jaWEtcnVlZGEtZGUtcHJlbnNhLW1pbmlzdHJvcy5hc3B4P3V0bV9jYW1wYWlnbj1MZWdpc2xjaSVDMyVCM24lMjBEaWFyaWElMjAxOSUyMGRlJTIwTm92aWVtYnJlJTIwZGUlMjAyMDI1JnV0bV9tZWRpdW09ZW1haWwmdXRtX3NvdXJjZT1NYWlsamV0I3NpbWJvbG9z#simbolos\" href=\"https:\/\/go.abogacia.es\/lnk\/AWcAAIVuyOcAAc4c49YAABYpKFAAAAAA0zoAAKFjABi_EgBpHZt7DY8TGDz9RB-tGvq35NRMUAAYIRA\/6\/lIqGcIwWMODSjikrHzJ2cw\/aHR0cHM6Ly93d3cubGFtb25jbG9hLmdvYi5lcy9jb25zZWpvZGVtaW5pc3Ryb3MvcmVmZXJlbmNpYXMvUGFnaW5hcy8yMDI1LzIwMjUxMTE4LXJlZmVyZW5jaWEtcnVlZGEtZGUtcHJlbnNhLW1pbmlzdHJvcy5hc3B4P3V0bV9jYW1wYWlnbj1MZWdpc2xjaSVDMyVCM24lMjBEaWFyaWElMjAxOSUyMGRlJTIwTm92aWVtYnJlJTIwZGUlMjAyMDI1JnV0bV9tZWRpdW09ZW1haWwmdXRtX3NvdXJjZT1NYWlsamV0I3NpbWJvbG9z#simbolos\" target=\"_blank\" rel=\"noopener\" data-auth=\"NotApplicable\" data-linkindex=\"17\"><u>se establece el procedimiento para la confecci\u00f3n del Cat\u00e1logo de s\u00edmbolos y elementos contrarios a la memoria democr\u00e1tica y se crea la Comisi\u00f3n t\u00e9cnica sobre s\u00edmbolos y elementos contrarios a la memoria democr\u00e1tica<\/u><\/a>.<\/li><li>Informe sobre el\u00a0<a class=\"x_link-build-content\" title=\"https:\/\/go.abogacia.es\/lnk\/AWcAAIVuyOcAAc4c49YAABYpKFAAAAAA0zoAAKFjABi_EgBpHZt7DY8TGDz9RB-tGvq35NRMUAAYIRA\/7\/WPYrL2eIniCVfEn5PbVMOw\/aHR0cHM6Ly93d3cubGFtb25jbG9hLmdvYi5lcy9jb25zZWpvZGVtaW5pc3Ryb3MvcmVmZXJlbmNpYXMvUGFnaW5hcy8yMDI1LzIwMjUxMTE4LXJlZmVyZW5jaWEtcnVlZGEtZGUtcHJlbnNhLW1pbmlzdHJvcy5hc3B4P3V0bV9jYW1wYWlnbj1MZWdpc2xjaSVDMyVCM24lMjBEaWFyaWElMjAxOSUyMGRlJTIwTm92aWVtYnJlJTIwZGUlMjAyMDI1JnV0bV9tZWRpdW09ZW1haWwmdXRtX3NvdXJjZT1NYWlsamV0I2JhbGFuY2U#balance\" href=\"https:\/\/go.abogacia.es\/lnk\/AWcAAIVuyOcAAc4c49YAABYpKFAAAAAA0zoAAKFjABi_EgBpHZt7DY8TGDz9RB-tGvq35NRMUAAYIRA\/7\/WPYrL2eIniCVfEn5PbVMOw\/aHR0cHM6Ly93d3cubGFtb25jbG9hLmdvYi5lcy9jb25zZWpvZGVtaW5pc3Ryb3MvcmVmZXJlbmNpYXMvUGFnaW5hcy8yMDI1LzIwMjUxMTE4LXJlZmVyZW5jaWEtcnVlZGEtZGUtcHJlbnNhLW1pbmlzdHJvcy5hc3B4P3V0bV9jYW1wYWlnbj1MZWdpc2xjaSVDMyVCM24lMjBEaWFyaWElMjAxOSUyMGRlJTIwTm92aWVtYnJlJTIwZGUlMjAyMDI1JnV0bV9tZWRpdW09ZW1haWwmdXRtX3NvdXJjZT1NYWlsamV0I2JhbGFuY2U#balance\" target=\"_blank\" rel=\"noopener\" data-auth=\"NotApplicable\" data-linkindex=\"18\"><u>desarrollo de las pol\u00edticas de memoria democr\u00e1tica<\/u><\/a>. Balance de aplicaci\u00f3n de la Ley de Memoria Democr\u00e1tica en su tercer a\u00f1o de vigencia.<\/li><\/ul>\t\t\t\t\t\t\t\t<\/div>\n\t\t\t\t<\/div>\n\t\t\t\t<div class=\"elementor-element elementor-element-0713cf1 elementor-widget elementor-widget-heading\" data-id=\"0713cf1\" data-element_type=\"widget\" data-e-type=\"widget\" data-widget_type=\"heading.default\">\n\t\t\t\t<div class=\"elementor-widget-container\">\n\t\t\t\t\t<h6 class=\"elementor-heading-title elementor-size-default\">Econom\u00eda, Comercio y Empresa<\/h6>\t\t\t\t<\/div>\n\t\t\t\t<\/div>\n\t\t\t\t<div class=\"elementor-element elementor-element-decea3e elementor-widget elementor-widget-text-editor\" data-id=\"decea3e\" data-element_type=\"widget\" data-e-type=\"widget\" data-widget_type=\"text-editor.default\">\n\t\t\t\t<div class=\"elementor-widget-container\">\n\t\t\t\t\t\t\t\t\t<ul><li><a class=\"x_link-build-content\" title=\"https:\/\/go.abogacia.es\/lnk\/AWcAAIVuyOcAAc4c49YAABYpKFAAAAAA0zoAAKFjABi_EgBpHZt7DY8TGDz9RB-tGvq35NRMUAAYIRA\/8\/8c6Tx-pSnQqFKipbOWIq8w\/aHR0cHM6Ly93d3cubGFtb25jbG9hLmdvYi5lcy9jb25zZWpvZGVtaW5pc3Ryb3MvcmVmZXJlbmNpYXMvUGFnaW5hcy8yMDI1LzIwMjUxMTE4LXJlZmVyZW5jaWEtcnVlZGEtZGUtcHJlbnNhLW1pbmlzdHJvcy5hc3B4P3V0bV9jYW1wYWlnbj1MZWdpc2xjaSVDMyVCM24lMjBEaWFyaWElMjAxOSUyMGRlJTIwTm92aWVtYnJlJTIwZGUlMjAyMDI1JnV0bV9tZWRpdW09ZW1haWwmdXRtX3NvdXJjZT1NYWlsamV0I2luZm9ybWU#informe\" href=\"https:\/\/go.abogacia.es\/lnk\/AWcAAIVuyOcAAc4c49YAABYpKFAAAAAA0zoAAKFjABi_EgBpHZt7DY8TGDz9RB-tGvq35NRMUAAYIRA\/8\/8c6Tx-pSnQqFKipbOWIq8w\/aHR0cHM6Ly93d3cubGFtb25jbG9hLmdvYi5lcy9jb25zZWpvZGVtaW5pc3Ryb3MvcmVmZXJlbmNpYXMvUGFnaW5hcy8yMDI1LzIwMjUxMTE4LXJlZmVyZW5jaWEtcnVlZGEtZGUtcHJlbnNhLW1pbmlzdHJvcy5hc3B4P3V0bV9jYW1wYWlnbj1MZWdpc2xjaSVDMyVCM24lMjBEaWFyaWElMjAxOSUyMGRlJTIwTm92aWVtYnJlJTIwZGUlMjAyMDI1JnV0bV9tZWRpdW09ZW1haWwmdXRtX3NvdXJjZT1NYWlsamV0I2luZm9ybWU#informe\" target=\"_blank\" rel=\"noopener\" data-auth=\"NotApplicable\" data-linkindex=\"19\"><u data-olk-copy-source=\"MessageBody\">Informe de situaci\u00f3n de la econom\u00eda<\/u><\/a>\u00a0espa\u00f1ola.<\/li><\/ul>\t\t\t\t\t\t\t\t<\/div>\n\t\t\t\t<\/div>\n\t\t\t\t<div class=\"elementor-element elementor-element-9b95c3a elementor-widget elementor-widget-heading\" data-id=\"9b95c3a\" data-element_type=\"widget\" data-e-type=\"widget\" data-widget_type=\"heading.default\">\n\t\t\t\t<div class=\"elementor-widget-container\">\n\t\t\t\t\t<h6 class=\"elementor-heading-title elementor-size-default\">Juventud e Infancia<\/h6>\t\t\t\t<\/div>\n\t\t\t\t<\/div>\n\t\t\t\t<div class=\"elementor-element elementor-element-66f97a9 elementor-widget elementor-widget-text-editor\" data-id=\"66f97a9\" data-element_type=\"widget\" data-e-type=\"widget\" data-widget_type=\"text-editor.default\">\n\t\t\t\t<div class=\"elementor-widget-container\">\n\t\t\t\t\t\t\t\t\t<ul><li><span data-olk-copy-source=\"MessageBody\">Real Decreto por el que\u00a0<\/span><a class=\"x_link-build-content\" title=\"https:\/\/go.abogacia.es\/lnk\/AWcAAIVuyOcAAc4c49YAABYpKFAAAAAA0zoAAKFjABi_EgBpHZt7DY8TGDz9RB-tGvq35NRMUAAYIRA\/9\/X5G-zX8Pz4GZP0ypBSAC5g\/aHR0cHM6Ly93d3cubGFtb25jbG9hLmdvYi5lcy9jb25zZWpvZGVtaW5pc3Ryb3MvcmVmZXJlbmNpYXMvUGFnaW5hcy8yMDI1LzIwMjUxMTE4LXJlZmVyZW5jaWEtcnVlZGEtZGUtcHJlbnNhLW1pbmlzdHJvcy5hc3B4P3V0bV9jYW1wYWlnbj1MZWdpc2xjaSVDMyVCM24lMjBEaWFyaWElMjAxOSUyMGRlJTIwTm92aWVtYnJlJTIwZGUlMjAyMDI1JnV0bV9tZWRpdW09ZW1haWwmdXRtX3NvdXJjZT1NYWlsamV0I2p1dmVudHVk#juventud\" href=\"https:\/\/go.abogacia.es\/lnk\/AWcAAIVuyOcAAc4c49YAABYpKFAAAAAA0zoAAKFjABi_EgBpHZt7DY8TGDz9RB-tGvq35NRMUAAYIRA\/9\/X5G-zX8Pz4GZP0ypBSAC5g\/aHR0cHM6Ly93d3cubGFtb25jbG9hLmdvYi5lcy9jb25zZWpvZGVtaW5pc3Ryb3MvcmVmZXJlbmNpYXMvUGFnaW5hcy8yMDI1LzIwMjUxMTE4LXJlZmVyZW5jaWEtcnVlZGEtZGUtcHJlbnNhLW1pbmlzdHJvcy5hc3B4P3V0bV9jYW1wYWlnbj1MZWdpc2xjaSVDMyVCM24lMjBEaWFyaWElMjAxOSUyMGRlJTIwTm92aWVtYnJlJTIwZGUlMjAyMDI1JnV0bV9tZWRpdW09ZW1haWwmdXRtX3NvdXJjZT1NYWlsamV0I2p1dmVudHVk#juventud\" target=\"_blank\" rel=\"noopener\" data-auth=\"NotApplicable\" data-linkindex=\"20\"><u>se crea la Comisi\u00f3n Interministerial de seguimiento e impulso del Plan de Acci\u00f3n Estatal para la Implementaci\u00f3n de la Garant\u00eda Infantil Europea y se establece su composici\u00f3n y funcionamiento<\/u><\/a>.<\/li><\/ul>\t\t\t\t\t\t\t\t<\/div>\n\t\t\t\t<\/div>\n\t\t\t\t<div class=\"elementor-element elementor-element-72088d4 elementor-widget elementor-widget-heading\" data-id=\"72088d4\" data-element_type=\"widget\" data-e-type=\"widget\" data-widget_type=\"heading.default\">\n\t\t\t\t<div class=\"elementor-widget-container\">\n\t\t\t\t\t<h5 class=\"elementor-heading-title elementor-size-default\">CONSULTA P\u00daBLICA PREVIA<\/h5>\t\t\t\t<\/div>\n\t\t\t\t<\/div>\n\t\t\t\t<div class=\"elementor-element elementor-element-8e2e648 elementor-widget elementor-widget-heading\" data-id=\"8e2e648\" data-element_type=\"widget\" data-e-type=\"widget\" data-widget_type=\"heading.default\">\n\t\t\t\t<div class=\"elementor-widget-container\">\n\t\t\t\t\t<h6 class=\"elementor-heading-title elementor-size-default\">Ministerio de Econom\u00eda, Comercio y Empresa<\/h6>\t\t\t\t<\/div>\n\t\t\t\t<\/div>\n\t\t\t\t<div class=\"elementor-element elementor-element-3340455 elementor-widget elementor-widget-text-editor\" data-id=\"3340455\" data-element_type=\"widget\" data-e-type=\"widget\" data-widget_type=\"text-editor.default\">\n\t\t\t\t<div class=\"elementor-widget-container\">\n\t\t\t\t\t\t\t\t\t<ul><li><span data-olk-copy-source=\"MessageBody\">Proyecto de real decreto de\u00a0<\/span><a class=\"x_link-build-content\" title=\"https:\/\/go.abogacia.es\/lnk\/AW4AAIT8I9sAAc4dQJoAABAXVFoAAAAA0zoAAKFsABi_EgBpIEC7kNhDWce6QXiOK4eQPbJe9QAYIRA\/9\/lPglYzH3o0dG0XIiqKUQDw\/aHR0cHM6Ly9wb3J0YWwubWluZWNvLmdvYi5lcy9lcy1lcy9taW5pc3RlcmlvL3BhcnRpY2lwYWNpb25wdWJsaWNhL2NvbnN1bHRhcHVibGljYS9QYWdpbmFzL0VDT19QT0xfMjAyNTExMTRfQ1BfVW5pZmljYWNpb25fQ29sZWdpb3MuYXNweD91dG1fY2FtcGFpZ249TGVnaXNsY2klQzMlQjNuJTIwRGlhcmlhJTIwMTclMjBkZSUyME5vdmllbWJyZSUyMGRlJTIwMjAyNSZ1dG1fbWVkaXVtPWVtYWlsJnV0bV9zb3VyY2U9TWFpbGpldCZ1dG1fY2FtcGFpZ249TGVnaXNsYWNpJUMzJUIzbiUyMFNlbWFuYWwlMjAxNyUyMGElMjAyMSUyMGRlJTIwTm92aWVtYnJlJTIwZGUlMjAyMDI1JnV0bV9tZWRpdW09ZW1haWwmdXRtX3NvdXJjZT1NYWlsamV0\" href=\"https:\/\/go.abogacia.es\/lnk\/AW4AAIT8I9sAAc4dQJoAABAXVFoAAAAA0zoAAKFsABi_EgBpIEC7kNhDWce6QXiOK4eQPbJe9QAYIRA\/9\/lPglYzH3o0dG0XIiqKUQDw\/aHR0cHM6Ly9wb3J0YWwubWluZWNvLmdvYi5lcy9lcy1lcy9taW5pc3RlcmlvL3BhcnRpY2lwYWNpb25wdWJsaWNhL2NvbnN1bHRhcHVibGljYS9QYWdpbmFzL0VDT19QT0xfMjAyNTExMTRfQ1BfVW5pZmljYWNpb25fQ29sZWdpb3MuYXNweD91dG1fY2FtcGFpZ249TGVnaXNsY2klQzMlQjNuJTIwRGlhcmlhJTIwMTclMjBkZSUyME5vdmllbWJyZSUyMGRlJTIwMjAyNSZ1dG1fbWVkaXVtPWVtYWlsJnV0bV9zb3VyY2U9TWFpbGpldCZ1dG1fY2FtcGFpZ249TGVnaXNsYWNpJUMzJUIzbiUyMFNlbWFuYWwlMjAxNyUyMGElMjAyMSUyMGRlJTIwTm92aWVtYnJlJTIwZGUlMjAyMDI1JnV0bV9tZWRpdW09ZW1haWwmdXRtX3NvdXJjZT1NYWlsamV0\" target=\"_blank\" rel=\"noopener\" data-auth=\"NotApplicable\" data-linkindex=\"21\"><u>unificaci\u00f3n de los Colegios de Economistas y de Titulares Mercantiles de Madrid<\/u><\/a>.<\/li><\/ul>\t\t\t\t\t\t\t\t<\/div>\n\t\t\t\t<\/div>\n\t\t\t\t<div class=\"elementor-element elementor-element-36a3611 elementor-widget elementor-widget-heading\" data-id=\"36a3611\" data-element_type=\"widget\" data-e-type=\"widget\" data-widget_type=\"heading.default\">\n\t\t\t\t<div class=\"elementor-widget-container\">\n\t\t\t\t\t<h6 class=\"elementor-heading-title elementor-size-default\">Ministerio de Industria y Turismo<\/h6>\t\t\t\t<\/div>\n\t\t\t\t<\/div>\n\t\t\t\t<div class=\"elementor-element elementor-element-e620b7c elementor-widget elementor-widget-text-editor\" data-id=\"e620b7c\" data-element_type=\"widget\" data-e-type=\"widget\" data-widget_type=\"text-editor.default\">\n\t\t\t\t<div class=\"elementor-widget-container\">\n\t\t\t\t\t\t\t\t\t<ul><li><span data-olk-copy-source=\"MessageBody\">Consulta p\u00fablica previa de la\u00a0<\/span><a class=\"x_link-build-content\" title=\"https:\/\/go.abogacia.es\/lnk\/AWcAAIVuyOcAAc4c49YAABYpKFAAAAAA0zoAAKFjABi_EgBpHZt7DY8TGDz9RB-tGvq35NRMUAAYIRA\/13\/VhPKLk6ehtEbfL5zmI5EOQ\/aHR0cHM6Ly93d3cubWludHVyLmdvYi5lcy9lcy1lcy9QYXJ0aWNpcGFjaW9uUHVibGljYS9QYWdpbmFzL0RldGFsbGVQYXJ0aWNpcGFjaW9uUHVibGljYS5hc3B4P2s9NzQ4JnV0bV9jYW1wYWlnbj1MZWdpc2xjaSVDMyVCM24lMjBEaWFyaWElMjAxOSUyMGRlJTIwTm92aWVtYnJlJTIwZGUlMjAyMDI1JnV0bV9tZWRpdW09ZW1haWwmdXRtX3NvdXJjZT1NYWlsamV0\" href=\"https:\/\/go.abogacia.es\/lnk\/AWcAAIVuyOcAAc4c49YAABYpKFAAAAAA0zoAAKFjABi_EgBpHZt7DY8TGDz9RB-tGvq35NRMUAAYIRA\/13\/VhPKLk6ehtEbfL5zmI5EOQ\/aHR0cHM6Ly93d3cubWludHVyLmdvYi5lcy9lcy1lcy9QYXJ0aWNpcGFjaW9uUHVibGljYS9QYWdpbmFzL0RldGFsbGVQYXJ0aWNpcGFjaW9uUHVibGljYS5hc3B4P2s9NzQ4JnV0bV9jYW1wYWlnbj1MZWdpc2xjaSVDMyVCM24lMjBEaWFyaWElMjAxOSUyMGRlJTIwTm92aWVtYnJlJTIwZGUlMjAyMDI1JnV0bV9tZWRpdW09ZW1haWwmdXRtX3NvdXJjZT1NYWlsamV0\" target=\"_blank\" rel=\"noopener\" data-auth=\"NotApplicable\" data-linkindex=\"22\"><u>nueva orden de bases reguladoras para la concesi\u00f3n de subvenciones para el fomento de las solicitudes de patentes y modelos de utilidad por la Oficina de Patentes y Marcas<\/u><\/a>\u00a0O.A. (OEPM).<\/li><\/ul>\t\t\t\t\t\t\t\t<\/div>\n\t\t\t\t<\/div>\n\t\t\t\t<div class=\"elementor-element elementor-element-1353a19 elementor-widget elementor-widget-heading\" data-id=\"1353a19\" data-element_type=\"widget\" data-e-type=\"widget\" data-widget_type=\"heading.default\">\n\t\t\t\t<div class=\"elementor-widget-container\">\n\t\t\t\t\t<h5 class=\"elementor-heading-title elementor-size-default\">AUDIENCIA E INFORMACI\u00d3N P\u00daBLICA<\/h5>\t\t\t\t<\/div>\n\t\t\t\t<\/div>\n\t\t\t\t<div class=\"elementor-element elementor-element-34807d6 elementor-widget elementor-widget-heading\" data-id=\"34807d6\" data-element_type=\"widget\" data-e-type=\"widget\" data-widget_type=\"heading.default\">\n\t\t\t\t<div class=\"elementor-widget-container\">\n\t\t\t\t\t<h6 class=\"elementor-heading-title elementor-size-default\">Ministerio de Trabajo y Econom\u00eda Social<\/h6>\t\t\t\t<\/div>\n\t\t\t\t<\/div>\n\t\t\t\t<div class=\"elementor-element elementor-element-b4d1523 elementor-widget elementor-widget-text-editor\" data-id=\"b4d1523\" data-element_type=\"widget\" data-e-type=\"widget\" data-widget_type=\"text-editor.default\">\n\t\t\t\t<div class=\"elementor-widget-container\">\n\t\t\t\t\t\t\t\t\t<ul><li><span data-olk-copy-source=\"MessageBody\">Orden TES por la que se actualiza el contenido del anexo 2 del Real Decreto 713\/2010, de 28 de mayo,\u00a0<\/span><a class=\"x_link-build-content\" title=\"https:\/\/go.abogacia.es\/lnk\/AWcAAIVuyOcAAc4c49YAABYpKFAAAAAA0zoAAKFjABi_EgBpHZt7DY8TGDz9RB-tGvq35NRMUAAYIRA\/10\/pbp6oYQr9o1v512pD3kCWg\/aHR0cHM6Ly9leHBpbnRlcndlYi5taXRlcy5nb2IuZXMvcGFydGljaXBhL2xpc3RhZG8_dHJhbWl0ZT0xJmVzdGFkbz0xJnV0bV9jYW1wYWlnbj1MZWdpc2xjaSVDMyVCM24lMjBEaWFyaWElMjAxOSUyMGRlJTIwTm92aWVtYnJlJTIwZGUlMjAyMDI1JnV0bV9tZWRpdW09ZW1haWwmdXRtX3NvdXJjZT1NYWlsamV0\" href=\"https:\/\/go.abogacia.es\/lnk\/AWcAAIVuyOcAAc4c49YAABYpKFAAAAAA0zoAAKFjABi_EgBpHZt7DY8TGDz9RB-tGvq35NRMUAAYIRA\/10\/pbp6oYQr9o1v512pD3kCWg\/aHR0cHM6Ly9leHBpbnRlcndlYi5taXRlcy5nb2IuZXMvcGFydGljaXBhL2xpc3RhZG8_dHJhbWl0ZT0xJmVzdGFkbz0xJnV0bV9jYW1wYWlnbj1MZWdpc2xjaSVDMyVCM24lMjBEaWFyaWElMjAxOSUyMGRlJTIwTm92aWVtYnJlJTIwZGUlMjAyMDI1JnV0bV9tZWRpdW09ZW1haWwmdXRtX3NvdXJjZT1NYWlsamV0\" target=\"_blank\" rel=\"noopener\" data-auth=\"NotApplicable\" data-linkindex=\"23\"><u>sobre registro y dep\u00f3sito de convenios colectivos, acuerdos colectivos de trabajo y planes de igualdad<\/u><\/a>.<\/li><\/ul>\t\t\t\t\t\t\t\t<\/div>\n\t\t\t\t<\/div>\n\t\t\t\t<div class=\"elementor-element elementor-element-243ca98 elementor-widget elementor-widget-heading\" data-id=\"243ca98\" data-element_type=\"widget\" data-e-type=\"widget\" data-widget_type=\"heading.default\">\n\t\t\t\t<div class=\"elementor-widget-container\">\n\t\t\t\t\t<h6 class=\"elementor-heading-title elementor-size-default\">Ministerio de Hacienda<\/h6>\t\t\t\t<\/div>\n\t\t\t\t<\/div>\n\t\t\t\t<div class=\"elementor-element elementor-element-d8d4aa8 elementor-widget elementor-widget-text-editor\" data-id=\"d8d4aa8\" data-element_type=\"widget\" data-e-type=\"widget\" data-widget_type=\"text-editor.default\">\n\t\t\t\t<div class=\"elementor-widget-container\">\n\t\t\t\t\t\t\t\t\t<ul><li><span data-olk-copy-source=\"MessageBody\">Orden HAC\/ \/2025, de , por la que\u00a0<\/span><a class=\"x_link-build-content\" title=\"https:\/\/go.abogacia.es\/lnk\/AWcAAIVuyOcAAc4c49YAABYpKFAAAAAA0zoAAKFjABi_EgBpHZt7DY8TGDz9RB-tGvq35NRMUAAYIRA\/11\/B8kh3V9wYBZE4yzEHgaAqg\/aHR0cHM6Ly93d3cuaGFjaWVuZGEuZ29iLmVzL2VzLWVzL25vcm1hdGl2YSUyMHklMjBkb2N0cmluYS9ub3JtYXNlbnRyYW1pdGFjaW9uL3BhZ2luYXMvYXVkaWVuY2lhYWJpZXJ0YXMuYXNweD91dG1fY2FtcGFpZ249TGVnaXNsY2klQzMlQjNuJTIwRGlhcmlhJTIwMTklMjBkZSUyME5vdmllbWJyZSUyMGRlJTIwMjAyNSZ1dG1fbWVkaXVtPWVtYWlsJnV0bV9zb3VyY2U9TWFpbGpldA\" href=\"https:\/\/go.abogacia.es\/lnk\/AWcAAIVuyOcAAc4c49YAABYpKFAAAAAA0zoAAKFjABi_EgBpHZt7DY8TGDz9RB-tGvq35NRMUAAYIRA\/11\/B8kh3V9wYBZE4yzEHgaAqg\/aHR0cHM6Ly93d3cuaGFjaWVuZGEuZ29iLmVzL2VzLWVzL25vcm1hdGl2YSUyMHklMjBkb2N0cmluYS9ub3JtYXNlbnRyYW1pdGFjaW9uL3BhZ2luYXMvYXVkaWVuY2lhYWJpZXJ0YXMuYXNweD91dG1fY2FtcGFpZ249TGVnaXNsY2klQzMlQjNuJTIwRGlhcmlhJTIwMTklMjBkZSUyME5vdmllbWJyZSUyMGRlJTIwMjAyNSZ1dG1fbWVkaXVtPWVtYWlsJnV0bV9zb3VyY2U9TWFpbGpldA\" target=\"_blank\" rel=\"noopener\" data-auth=\"NotApplicable\" data-linkindex=\"24\"><u>se desarrollan para el a\u00f1o 2026 el m\u00e9todo de estimaci\u00f3n objetiva del Impuesto sobre la Renta de las Personas F\u00edsicas y el r\u00e9gimen especial simplificado del Impuesto sobre el Valor A\u00f1adido<\/u><\/a>.<\/li><\/ul>\t\t\t\t\t\t\t\t<\/div>\n\t\t\t\t<\/div>\n\t\t\t\t<div class=\"elementor-element elementor-element-b3e32c8 elementor-widget elementor-widget-heading\" data-id=\"b3e32c8\" data-element_type=\"widget\" data-e-type=\"widget\" data-widget_type=\"heading.default\">\n\t\t\t\t<div class=\"elementor-widget-container\">\n\t\t\t\t\t<h6 class=\"elementor-heading-title elementor-size-default\">Ministerio de Inclusi\u00f3n, Seguridad Social y Migraciones<\/h6>\t\t\t\t<\/div>\n\t\t\t\t<\/div>\n\t\t\t\t<div class=\"elementor-element elementor-element-6c66a82 elementor-widget elementor-widget-text-editor\" data-id=\"6c66a82\" data-element_type=\"widget\" data-e-type=\"widget\" data-widget_type=\"text-editor.default\">\n\t\t\t\t<div class=\"elementor-widget-container\">\n\t\t\t\t\t\t\t\t\t<ul><li><span data-olk-copy-source=\"MessageBody\">Proyecto de orden por la que\u00a0<\/span><a class=\"x_link-build-content\" title=\"https:\/\/go.abogacia.es\/lnk\/AWcAAIVuyOcAAc4c49YAABYpKFAAAAAA0zoAAKFjABi_EgBpHZt7DY8TGDz9RB-tGvq35NRMUAAYIRA\/12\/dK7LMb1wSpVr6bU5zerzCg\/aHR0cHM6Ly9leHBpbnRlcndlYi5pbmNsdXNpb24uZ29iLmVzL3BhcnRpY2lwYWNpb24vcGFydGljaXBhP3RyYW1pdGU9MSZ1dG1fY2FtcGFpZ249TGVnaXNsY2klQzMlQjNuJTIwRGlhcmlhJTIwMTklMjBkZSUyME5vdmllbWJyZSUyMGRlJTIwMjAyNSZ1dG1fbWVkaXVtPWVtYWlsJnV0bV9zb3VyY2U9TWFpbGpldA\" href=\"https:\/\/go.abogacia.es\/lnk\/AWcAAIVuyOcAAc4c49YAABYpKFAAAAAA0zoAAKFjABi_EgBpHZt7DY8TGDz9RB-tGvq35NRMUAAYIRA\/12\/dK7LMb1wSpVr6bU5zerzCg\/aHR0cHM6Ly9leHBpbnRlcndlYi5pbmNsdXNpb24uZ29iLmVzL3BhcnRpY2lwYWNpb24vcGFydGljaXBhP3RyYW1pdGU9MSZ1dG1fY2FtcGFpZ249TGVnaXNsY2klQzMlQjNuJTIwRGlhcmlhJTIwMTklMjBkZSUyME5vdmllbWJyZSUyMGRlJTIwMjAyNSZ1dG1fbWVkaXVtPWVtYWlsJnV0bV9zb3VyY2U9TWFpbGpldA\" target=\"_blank\" rel=\"noopener\" data-auth=\"NotApplicable\" data-linkindex=\"25\"><u>se regula la gesti\u00f3n colectiva de contrataciones en origen para 2026 y de la memoria abreviada del an\u00e1lisis de impacto normativo<\/u><\/a>.<\/li><\/ul>\t\t\t\t\t\t\t\t<\/div>\n\t\t\t\t<\/div>\n\t\t\t\t<div class=\"elementor-element elementor-element-7a8fd12 elementor-widget elementor-widget-heading\" data-id=\"7a8fd12\" data-element_type=\"widget\" data-e-type=\"widget\" data-widget_type=\"heading.default\">\n\t\t\t\t<div class=\"elementor-widget-container\">\n\t\t\t\t\t<h5 class=\"elementor-heading-title elementor-size-default\">BOLET\u00cdN OFICIAL DE LA JUNTA DE ANDALUC\u00cdA<\/h5>\t\t\t\t<\/div>\n\t\t\t\t<\/div>\n\t\t\t\t<div class=\"elementor-element elementor-element-b708a6b elementor-widget elementor-widget-heading\" data-id=\"b708a6b\" data-element_type=\"widget\" data-e-type=\"widget\" data-widget_type=\"heading.default\">\n\t\t\t\t<div class=\"elementor-widget-container\">\n\t\t\t\t\t<h6 class=\"elementor-heading-title elementor-size-default\">Otras disposiciones \/ Consejer\u00eda de Justicia, Administraci\u00f3n Local y Funci\u00f3n P\u00fablica<\/h6>\t\t\t\t<\/div>\n\t\t\t\t<\/div>\n\t\t\t\t<div class=\"elementor-element elementor-element-9ff0449 elementor-widget elementor-widget-text-editor\" data-id=\"9ff0449\" data-element_type=\"widget\" data-e-type=\"widget\" data-widget_type=\"text-editor.default\">\n\t\t\t\t<div class=\"elementor-widget-container\">\n\t\t\t\t\t\t\t\t\t<ul><li><span data-olk-copy-source=\"MessageBody\">Resoluci\u00f3n de 10 de noviembre de 2025, de la Secretar\u00eda General para la Administraci\u00f3n P\u00fablica, por la que\u00a0<\/span><a class=\"x_link-build-content\" title=\"https:\/\/go.abogacia.es\/lnk\/AUkAAIMRiGoAAc4c2gAAABAXVFoAAAAA0zoAAKFsABi_EgBpFwUWefJhTBAETv64pKIH-qK_EwAYIRA\/26\/YMk50KRkZ9sK_1GVFUka4w\/aHR0cHM6Ly93d3cuanVudGFkZWFuZGFsdWNpYS5lcy9lYm9qYS8yMDI1LzIyMC9CT0pBMjUtMjIwLTAwMDAyLTE1MjM1LTAxXzAwMzI4ODMyLnBkZj91dG1fY2FtcGFpZ249TGVnaXNsYWNpJUMzJUIzbiUyMFNlbWFuYWwlMjAxMCUyMGElMjAxNCUyMGRlJTIwTm92aWVtYnJlJTIwZGUlMjAyMDI1JnV0bV9tZWRpdW09ZW1haWwmdXRtX3NvdXJjZT1NYWlsamV0\" href=\"https:\/\/go.abogacia.es\/lnk\/AUkAAIMRiGoAAc4c2gAAABAXVFoAAAAA0zoAAKFsABi_EgBpFwUWefJhTBAETv64pKIH-qK_EwAYIRA\/26\/YMk50KRkZ9sK_1GVFUka4w\/aHR0cHM6Ly93d3cuanVudGFkZWFuZGFsdWNpYS5lcy9lYm9qYS8yMDI1LzIyMC9CT0pBMjUtMjIwLTAwMDAyLTE1MjM1LTAxXzAwMzI4ODMyLnBkZj91dG1fY2FtcGFpZ249TGVnaXNsYWNpJUMzJUIzbiUyMFNlbWFuYWwlMjAxMCUyMGElMjAxNCUyMGRlJTIwTm92aWVtYnJlJTIwZGUlMjAyMDI1JnV0bV9tZWRpdW09ZW1haWwmdXRtX3NvdXJjZT1NYWlsamV0\" target=\"_blank\" rel=\"noopener\" data-auth=\"NotApplicable\" data-linkindex=\"26\"><u>se somete al tr\u00e1mite de audiencia e informaci\u00f3n p\u00fablica, el Proyecto de Decreto por el que se establece el Sistema de Atenci\u00f3n a Quejas, Sugerencias y Agradecimientos sobre el funcionamiento de los servicios p\u00fablicos en la Junta de Andaluc\u00eda.<\/u><\/a><\/li><\/ul>\t\t\t\t\t\t\t\t<\/div>\n\t\t\t\t<\/div>\n\t\t\t\t\t<\/div>\n\t\t<\/div>\n\t\t\t\t\t<\/div>\n\t\t<\/section>\n\t\t\t\t<\/div>\n\t\t","protected":false},"excerpt":{"rendered":"<p>Legislaci\u00f3n Semanal &#8211; Del 17 al 21 de Noviembre de 2025 BOLET\u00cdN OFICIAL DEL ESTADO Disposiciones generales \/ Comunidad Aut\u00f3noma de Arag\u00f3n Ley 4\/2025, de 16 de octubre, por la que se modifica la Ley 4\/1985, de 27 de junio, reguladora del Justicia de Arag\u00f3n, a fin de\u00a0declarar oficialmente el 20 de diciembre \u00abD\u00eda del [&hellip;]<\/p>\n","protected":false},"author":1,"featured_media":0,"comment_status":"open","ping_status":"open","sticky":false,"template":"","format":"standard","meta":{"footnotes":""},"categories":[1],"tags":[],"class_list":["post-17780","post","type-post","status-publish","format-standard","hentry","category-uncategorized"],"_links":{"self":[{"href":"https:\/\/cms.icacordoba.23sd.es\/index.php\/wp-json\/wp\/v2\/posts\/17780","targetHints":{"allow":["GET"]}}],"collection":[{"href":"https:\/\/cms.icacordoba.23sd.es\/index.php\/wp-json\/wp\/v2\/posts"}],"about":[{"href":"https:\/\/cms.icacordoba.23sd.es\/index.php\/wp-json\/wp\/v2\/types\/post"}],"author":[{"embeddable":true,"href":"https:\/\/cms.icacordoba.23sd.es\/index.php\/wp-json\/wp\/v2\/users\/1"}],"replies":[{"embeddable":true,"href":"https:\/\/cms.icacordoba.23sd.es\/index.php\/wp-json\/wp\/v2\/comments?post=17780"}],"version-history":[{"count":9,"href":"https:\/\/cms.icacordoba.23sd.es\/index.php\/wp-json\/wp\/v2\/posts\/17780\/revisions"}],"predecessor-version":[{"id":17791,"href":"https:\/\/cms.icacordoba.23sd.es\/index.php\/wp-json\/wp\/v2\/posts\/17780\/revisions\/17791"}],"wp:attachment":[{"href":"https:\/\/cms.icacordoba.23sd.es\/index.php\/wp-json\/wp\/v2\/media?parent=17780"}],"wp:term":[{"taxonomy":"category","embeddable":true,"href":"https:\/\/cms.icacordoba.23sd.es\/index.php\/wp-json\/wp\/v2\/categories?post=17780"},{"taxonomy":"post_tag","embeddable":true,"href":"https:\/\/cms.icacordoba.23sd.es\/index.php\/wp-json\/wp\/v2\/tags?post=17780"}],"curies":[{"name":"wp","href":"https:\/\/api.w.org\/{rel}","templated":true}]}}