{"id":17774,"date":"2025-11-18T15:16:27","date_gmt":"2025-11-18T15:16:27","guid":{"rendered":"https:\/\/cms.icacordoba.23sd.es\/index.php\/17774\/"},"modified":"2025-11-18T15:19:42","modified_gmt":"2025-11-18T15:19:42","slug":"noticia-inauguracion-de-la-exposicion-25-anos-de-arte","status":"publish","type":"post","link":"https:\/\/cms.icacordoba.23sd.es\/index.php\/17774\/","title":{"rendered":"NOTICIA \u00bb Inauguraci\u00f3n de la Exposici\u00f3n &#8217;25 a\u00f1os de arte&#8217;"},"content":{"rendered":"\t\t<div data-elementor-type=\"wp-post\" data-elementor-id=\"17774\" class=\"elementor elementor-17774\" data-elementor-post-type=\"post\">\n\t\t\t\t\t\t<section class=\"elementor-section elementor-top-section elementor-element elementor-element-84b247d elementor-section-boxed elementor-section-height-default elementor-section-height-default\" data-id=\"84b247d\" data-element_type=\"section\" data-e-type=\"section\">\n\t\t\t\t\t\t<div class=\"elementor-container elementor-column-gap-default\">\n\t\t\t\t\t<div class=\"elementor-column elementor-col-100 elementor-top-column elementor-element elementor-element-75ea18a\" data-id=\"75ea18a\" data-element_type=\"column\" data-e-type=\"column\">\n\t\t\t<div class=\"elementor-widget-wrap elementor-element-populated\">\n\t\t\t\t\t\t<div class=\"elementor-element elementor-element-67f42e8 elementor-widget elementor-widget-image\" data-id=\"67f42e8\" data-element_type=\"widget\" data-e-type=\"widget\" data-widget_type=\"image.default\">\n\t\t\t\t<div class=\"elementor-widget-container\">\n\t\t\t\t\t\t\t\t\t\t\t\t\t\t\t\t<a href=\"https:\/\/www.sepin.es\/colectivos\/identificacion\/default.asp?cod=0010f92AB0JQ07v1ig0FG00A0G90FP2GL0%24P0Fa2JP00p\" target=\"_blank\">\n\t\t\t\t\t\t\t<img decoding=\"async\" width=\"300\" height=\"153\" src=\"https:\/\/cms.icacordoba.23sd.es\/wp-content\/uploads\/2025\/11\/Comite-de-Cultura-1400-x-715-px-300x153.png\" class=\"attachment-medium size-medium wp-image-17776\" alt=\"\" srcset=\"https:\/\/cms.icacordoba.23sd.es\/wp-content\/uploads\/2025\/11\/Comite-de-Cultura-1400-x-715-px-300x153.png 300w, https:\/\/cms.icacordoba.23sd.es\/wp-content\/uploads\/2025\/11\/Comite-de-Cultura-1400-x-715-px-1024x523.png 1024w, https:\/\/cms.icacordoba.23sd.es\/wp-content\/uploads\/2025\/11\/Comite-de-Cultura-1400-x-715-px-768x392.png 768w, https:\/\/cms.icacordoba.23sd.es\/wp-content\/uploads\/2025\/11\/Comite-de-Cultura-1400-x-715-px.png 1400w\" sizes=\"(max-width: 300px) 100vw, 300px\" \/>\t\t\t\t\t\t\t\t<\/a>\n\t\t\t\t\t\t\t\t\t\t\t\t\t\t\t<\/div>\n\t\t\t\t<\/div>\n\t\t\t\t\t<\/div>\n\t\t<\/div>\n\t\t\t\t\t<\/div>\n\t\t<\/section>\n\t\t\t\t<\/div>\n\t\t","protected":false},"excerpt":{"rendered":"","protected":false},"author":1,"featured_media":0,"comment_status":"open","ping_status":"open","sticky":false,"template":"","format":"standard","meta":{"footnotes":""},"categories":[1],"tags":[],"class_list":["post-17774","post","type-post","status-publish","format-standard","hentry","category-uncategorized"],"_links":{"self":[{"href":"https:\/\/cms.icacordoba.23sd.es\/index.php\/wp-json\/wp\/v2\/posts\/17774","targetHints":{"allow":["GET"]}}],"collection":[{"href":"https:\/\/cms.icacordoba.23sd.es\/index.php\/wp-json\/wp\/v2\/posts"}],"about":[{"href":"https:\/\/cms.icacordoba.23sd.es\/index.php\/wp-json\/wp\/v2\/types\/post"}],"author":[{"embeddable":true,"href":"https:\/\/cms.icacordoba.23sd.es\/index.php\/wp-json\/wp\/v2\/users\/1"}],"replies":[{"embeddable":true,"href":"https:\/\/cms.icacordoba.23sd.es\/index.php\/wp-json\/wp\/v2\/comments?post=17774"}],"version-history":[{"count":3,"href":"https:\/\/cms.icacordoba.23sd.es\/index.php\/wp-json\/wp\/v2\/posts\/17774\/revisions"}],"predecessor-version":[{"id":17779,"href":"https:\/\/cms.icacordoba.23sd.es\/index.php\/wp-json\/wp\/v2\/posts\/17774\/revisions\/17779"}],"wp:attachment":[{"href":"https:\/\/cms.icacordoba.23sd.es\/index.php\/wp-json\/wp\/v2\/media?parent=17774"}],"wp:term":[{"taxonomy":"category","embeddable":true,"href":"https:\/\/cms.icacordoba.23sd.es\/index.php\/wp-json\/wp\/v2\/categories?post=17774"},{"taxonomy":"post_tag","embeddable":true,"href":"https:\/\/cms.icacordoba.23sd.es\/index.php\/wp-json\/wp\/v2\/tags?post=17774"}],"curies":[{"name":"wp","href":"https:\/\/api.w.org\/{rel}","templated":true}]}}