{"id":17740,"date":"2025-11-18T08:54:38","date_gmt":"2025-11-18T08:54:38","guid":{"rendered":"https:\/\/cms.icacordoba.23sd.es\/index.php\/17740\/"},"modified":"2025-11-18T09:43:32","modified_gmt":"2025-11-18T09:43:32","slug":"noticia-convocatoria-junta-general-ordinaria","status":"publish","type":"post","link":"https:\/\/cms.icacordoba.23sd.es\/index.php\/17740\/","title":{"rendered":"NOTICIA \u00bb Convocatoria Junta General Ordinaria"},"content":{"rendered":"\t\t<div data-elementor-type=\"wp-post\" data-elementor-id=\"17740\" class=\"elementor elementor-17740\" data-elementor-post-type=\"post\">\n\t\t\t\t\t\t<section class=\"elementor-section elementor-top-section elementor-element elementor-element-af6fdac elementor-section-boxed elementor-section-height-default elementor-section-height-default\" data-id=\"af6fdac\" data-element_type=\"section\" data-e-type=\"section\">\n\t\t\t\t\t\t<div class=\"elementor-container elementor-column-gap-narrow\">\n\t\t\t\t\t<div class=\"elementor-column elementor-col-66 elementor-top-column elementor-element elementor-element-0980428\" data-id=\"0980428\" data-element_type=\"column\" data-e-type=\"column\">\n\t\t\t<div class=\"elementor-widget-wrap elementor-element-populated\">\n\t\t\t\t\t\t<div class=\"elementor-element elementor-element-c579e6c elementor-widget elementor-widget-text-editor\" data-id=\"c579e6c\" data-element_type=\"widget\" data-e-type=\"widget\" data-widget_type=\"text-editor.default\">\n\t\t\t\t<div class=\"elementor-widget-container\">\n\t\t\t\t\t\t\t\t\t<p>La Junta de Gobierno de este Ilustre Colegio de la Abogac\u00eda, en sesi\u00f3n celebrada el d\u00eda 11 de noviembre actual, de conformidad con lo establecido en los art\u00edculos 86 y 87.1 de los Estatutos Colegiales, acord\u00f3 convocar JUNTA GENERAL ORDINARIA para el pr\u00f3ximo d\u00eda <b>16 DE DICIEMBRE DE 2025, A LAS 9.30 HORAS<\/b>, a celebrar en el Sal\u00f3n de Actos del Colegio, conforme al siguiente ORDEN DEL D\u00cdA:<\/p>\n<p>1\u00ba\/ Lectura y, en su caso, aprobaci\u00f3n del acta de la Junta General Ordinaria celebrada el d\u00eda 26 de marzo de 2025.<\/p>\n<p>2\u00ba\/ Examen y votaci\u00f3n del presupuesto formado por la Junta de Gobierno para el ejercicio 2026<\/p>\n<p>3\u00ba\/ Ruegos y preguntas.<\/p>\n<p>Se adjunta con la convocatoria el acta a aprobar y el presupuesto formado para el ejercicio 2026, que ser\u00e1 objeto de debate y votaci\u00f3n en el punto 2\u00ba.<\/p>\n<p>Lo que le participo para su conocimiento y efectos.<\/p>\n<p><\/p>\n<p>C\u00f3rdoba, 17 de noviembre de 2025.<\/p>\n<p>EL SECRETARIO<\/p>\n<p>Lu\u00eds Candel Dom\u00ednguez<\/p>\t\t\t\t\t\t\t\t<\/div>\n\t\t\t\t<\/div>\n\t\t\t\t\t<\/div>\n\t\t<\/div>\n\t\t\t\t<div class=\"elementor-column elementor-col-33 elementor-top-column elementor-element elementor-element-5025a53\" data-id=\"5025a53\" data-element_type=\"column\" data-e-type=\"column\">\n\t\t\t<div class=\"elementor-widget-wrap elementor-element-populated\">\n\t\t\t\t\t\t<div class=\"elementor-element elementor-element-96ef260 elementor-widget elementor-widget-heading\" data-id=\"96ef260\" data-element_type=\"widget\" data-e-type=\"widget\" data-widget_type=\"heading.default\">\n\t\t\t\t<div class=\"elementor-widget-container\">\n\t\t\t\t\t<h6 class=\"elementor-heading-title elementor-size-default\">Documentaci\u00f3n<\/h6>\t\t\t\t<\/div>\n\t\t\t\t<\/div>\n\t\t\t\t<div class=\"elementor-element elementor-element-174ea9c elementor-widget__width-initial elementor-widget elementor-widget-text-editor\" data-id=\"174ea9c\" data-element_type=\"widget\" data-e-type=\"widget\" data-widget_type=\"text-editor.default\">\n\t\t\t\t<div class=\"elementor-widget-container\">\n\t\t\t\t\t\t\t\t\t<ul><li><a href=\"https:\/\/cms.icacordoba.23sd.es\/wp-content\/uploads\/2025\/11\/CONVOCATORIA-JUNTA-GENERAL-ORDINARIA-16-12-25.pdf\" target=\"_blank\" rel=\"noopener\">CONVOCATORIA JUNTA GENERAL ORDINARIA 16-12-25<\/a><\/li><\/ul><p>\u00a0<\/p>\t\t\t\t\t\t\t\t<\/div>\n\t\t\t\t<\/div>\n\t\t\t\t<div class=\"elementor-element elementor-element-1ca9cc5 elementor-widget__width-initial elementor-widget elementor-widget-text-editor\" data-id=\"1ca9cc5\" data-element_type=\"widget\" data-e-type=\"widget\" data-widget_type=\"text-editor.default\">\n\t\t\t\t<div class=\"elementor-widget-container\">\n\t\t\t\t\t\t\t\t\t<ul><li><a href=\"https:\/\/cms.icacordoba.23sd.es\/wp-content\/uploads\/2025\/11\/PRESUPUESTO-INGRESOS-Y-GASTOS-EJERCICIO-2026.pdf\" target=\"_blank\" rel=\"noopener\">PRESUPUESTO INGRESOS Y GASTOS EJERCICIO 2026<\/a><\/li><\/ul><p>\u00a0<\/p>\t\t\t\t\t\t\t\t<\/div>\n\t\t\t\t<\/div>\n\t\t\t\t<div class=\"elementor-element elementor-element-4d8c18a elementor-widget elementor-widget-text-editor\" data-id=\"4d8c18a\" data-element_type=\"widget\" data-e-type=\"widget\" data-widget_type=\"text-editor.default\">\n\t\t\t\t<div class=\"elementor-widget-container\">\n\t\t\t\t\t\t\t\t\t<ul><li><a href=\"https:\/\/cms.icacordoba.23sd.es\/wp-content\/uploads\/2025\/11\/ACTA-JUNTA-GENERAL-ORDINARIA-26-03-25-1.pdf\" target=\"_blank\" rel=\"noopener\">ACTA JUNTA GENERAL ORDINARIA 26-03-25<\/a><\/li><\/ul>\t\t\t\t\t\t\t\t<\/div>\n\t\t\t\t<\/div>\n\t\t\t\t\t<\/div>\n\t\t<\/div>\n\t\t\t\t\t<\/div>\n\t\t<\/section>\n\t\t\t\t<\/div>\n\t\t","protected":false},"excerpt":{"rendered":"<p>La Junta de Gobierno de este Ilustre Colegio de la Abogac\u00eda, en sesi\u00f3n celebrada el d\u00eda 11 de noviembre actual, de conformidad con lo establecido en los art\u00edculos 86 y 87.1 de los Estatutos Colegiales, acord\u00f3 convocar JUNTA GENERAL ORDINARIA para el pr\u00f3ximo d\u00eda 16 DE DICIEMBRE DE 2025, A LAS 9.30 HORAS, a celebrar [&hellip;]<\/p>\n","protected":false},"author":1,"featured_media":0,"comment_status":"open","ping_status":"open","sticky":false,"template":"","format":"standard","meta":{"footnotes":""},"categories":[1],"tags":[],"class_list":["post-17740","post","type-post","status-publish","format-standard","hentry","category-uncategorized"],"_links":{"self":[{"href":"https:\/\/cms.icacordoba.23sd.es\/index.php\/wp-json\/wp\/v2\/posts\/17740","targetHints":{"allow":["GET"]}}],"collection":[{"href":"https:\/\/cms.icacordoba.23sd.es\/index.php\/wp-json\/wp\/v2\/posts"}],"about":[{"href":"https:\/\/cms.icacordoba.23sd.es\/index.php\/wp-json\/wp\/v2\/types\/post"}],"author":[{"embeddable":true,"href":"https:\/\/cms.icacordoba.23sd.es\/index.php\/wp-json\/wp\/v2\/users\/1"}],"replies":[{"embeddable":true,"href":"https:\/\/cms.icacordoba.23sd.es\/index.php\/wp-json\/wp\/v2\/comments?post=17740"}],"version-history":[{"count":28,"href":"https:\/\/cms.icacordoba.23sd.es\/index.php\/wp-json\/wp\/v2\/posts\/17740\/revisions"}],"predecessor-version":[{"id":19609,"href":"https:\/\/cms.icacordoba.23sd.es\/index.php\/wp-json\/wp\/v2\/posts\/17740\/revisions\/19609"}],"wp:attachment":[{"href":"https:\/\/cms.icacordoba.23sd.es\/index.php\/wp-json\/wp\/v2\/media?parent=17740"}],"wp:term":[{"taxonomy":"category","embeddable":true,"href":"https:\/\/cms.icacordoba.23sd.es\/index.php\/wp-json\/wp\/v2\/categories?post=17740"},{"taxonomy":"post_tag","embeddable":true,"href":"https:\/\/cms.icacordoba.23sd.es\/index.php\/wp-json\/wp\/v2\/tags?post=17740"}],"curies":[{"name":"wp","href":"https:\/\/api.w.org\/{rel}","templated":true}]}}