{"id":17727,"date":"2025-11-17T09:16:08","date_gmt":"2025-11-17T09:16:08","guid":{"rendered":"https:\/\/cms.icacordoba.23sd.es\/index.php\/17727\/"},"modified":"2025-11-17T09:32:19","modified_gmt":"2025-11-17T09:32:19","slug":"legislacion-semanal-del-10-al-14-de-noviembre-de-2025","status":"publish","type":"post","link":"https:\/\/cms.icacordoba.23sd.es\/index.php\/17727\/","title":{"rendered":"Legislaci\u00f3n Semanal. Del 10 al 14 de Noviembre de 2025"},"content":{"rendered":"\t\t<div data-elementor-type=\"wp-post\" data-elementor-id=\"17727\" class=\"elementor elementor-17727\" data-elementor-post-type=\"post\">\n\t\t\t\t\t\t<section class=\"elementor-section elementor-top-section elementor-element elementor-element-81c66f7 elementor-section-boxed elementor-section-height-default elementor-section-height-default\" data-id=\"81c66f7\" data-element_type=\"section\" data-e-type=\"section\">\n\t\t\t\t\t\t<div class=\"elementor-container elementor-column-gap-default\">\n\t\t\t\t\t<div class=\"elementor-column elementor-col-100 elementor-top-column elementor-element elementor-element-442f546\" data-id=\"442f546\" data-element_type=\"column\" data-e-type=\"column\">\n\t\t\t<div class=\"elementor-widget-wrap elementor-element-populated\">\n\t\t\t\t\t\t<div class=\"elementor-element elementor-element-6903f75 elementor-widget elementor-widget-heading\" data-id=\"6903f75\" data-element_type=\"widget\" data-e-type=\"widget\" data-widget_type=\"heading.default\">\n\t\t\t\t<div class=\"elementor-widget-container\">\n\t\t\t\t\t<h5 class=\"elementor-heading-title elementor-size-default\">Legislaci\u00f3n Semanal - Del 10 al 14 de Noviembre de 2025<\/h5>\t\t\t\t<\/div>\n\t\t\t\t<\/div>\n\t\t\t\t\t<\/div>\n\t\t<\/div>\n\t\t\t\t\t<\/div>\n\t\t<\/section>\n\t\t\t\t<section class=\"elementor-section elementor-top-section elementor-element elementor-element-38783a1 elementor-section-boxed elementor-section-height-default elementor-section-height-default\" data-id=\"38783a1\" data-element_type=\"section\" data-e-type=\"section\">\n\t\t\t\t\t\t<div class=\"elementor-container elementor-column-gap-default\">\n\t\t\t\t\t<div class=\"elementor-column elementor-col-100 elementor-top-column elementor-element elementor-element-075876c\" data-id=\"075876c\" data-element_type=\"column\" data-e-type=\"column\">\n\t\t\t<div class=\"elementor-widget-wrap elementor-element-populated\">\n\t\t\t\t\t\t<div class=\"elementor-element elementor-element-c51de7f elementor-widget elementor-widget-heading\" data-id=\"c51de7f\" data-element_type=\"widget\" data-e-type=\"widget\" data-widget_type=\"heading.default\">\n\t\t\t\t<div class=\"elementor-widget-container\">\n\t\t\t\t\t<h5 class=\"elementor-heading-title elementor-size-default\">BOLET\u00cdN OFICIAL DEL ESTADO<\/h5>\t\t\t\t<\/div>\n\t\t\t\t<\/div>\n\t\t\t\t<div class=\"elementor-element elementor-element-c7bcec0 elementor-widget elementor-widget-heading\" data-id=\"c7bcec0\" data-element_type=\"widget\" data-e-type=\"widget\" data-widget_type=\"heading.default\">\n\t\t\t\t<div class=\"elementor-widget-container\">\n\t\t\t\t\t<h6 class=\"elementor-heading-title elementor-size-default\">Disposiciones generales \/ Ministerio de la Presidencia, Justicia y Relaciones con las Cortes<\/h6>\t\t\t\t<\/div>\n\t\t\t\t<\/div>\n\t\t\t\t<div class=\"elementor-element elementor-element-1cf5d83 elementor-widget elementor-widget-text-editor\" data-id=\"1cf5d83\" data-element_type=\"widget\" data-e-type=\"widget\" data-widget_type=\"text-editor.default\">\n\t\t\t\t<div class=\"elementor-widget-container\">\n\t\t\t\t\t\t\t\t\t<ul><li><span data-olk-copy-source=\"MessageBody\">Real Decreto 1026\/2025, de 12 de noviembre, por el que\u00a0<\/span><a class=\"x_link-build-content\" title=\"https:\/\/go.abogacia.es\/lnk\/AUkAAIMRiGoAAc4c2gAAABAXVFoAAAAA0zoAAKFsABi_EgBpFwUWefJhTBAETv64pKIH-qK_EwAYIRA\/2\/kWA4BWd6mx2XVomia5QvtQ\/aHR0cHM6Ly93d3cuYm9lLmVzL2JvZS9kaWFzLzIwMjUvMTEvMTMvcGRmcy9CT0UtQS0yMDI1LTIyOTQ3LnBkZj91dG1fY2FtcGFpZ249TGVnaXNsYWNpJUMzJUIzbiUyMFNlbWFuYWwlMjAxMCUyMGElMjAxNCUyMGRlJTIwTm92aWVtYnJlJTIwZGUlMjAyMDI1JnV0bV9tZWRpdW09ZW1haWwmdXRtX3NvdXJjZT1NYWlsamV0\" href=\"https:\/\/go.abogacia.es\/lnk\/AUkAAIMRiGoAAc4c2gAAABAXVFoAAAAA0zoAAKFsABi_EgBpFwUWefJhTBAETv64pKIH-qK_EwAYIRA\/2\/kWA4BWd6mx2XVomia5QvtQ\/aHR0cHM6Ly93d3cuYm9lLmVzL2JvZS9kaWFzLzIwMjUvMTEvMTMvcGRmcy9CT0UtQS0yMDI1LTIyOTQ3LnBkZj91dG1fY2FtcGFpZ249TGVnaXNsYWNpJUMzJUIzbiUyMFNlbWFuYWwlMjAxMCUyMGElMjAxNCUyMGRlJTIwTm92aWVtYnJlJTIwZGUlMjAyMDI1JnV0bV9tZWRpdW09ZW1haWwmdXRtX3NvdXJjZT1NYWlsamV0\" target=\"_blank\" rel=\"noopener\" data-auth=\"NotApplicable\" data-linkindex=\"2\"><u>se modifican diversas normas en materia de calidad alimentaria para productos de desayuno<\/u><\/a>.<\/li><\/ul>\t\t\t\t\t\t\t\t<\/div>\n\t\t\t\t<\/div>\n\t\t\t\t<div class=\"elementor-element elementor-element-4be0892 elementor-widget elementor-widget-heading\" data-id=\"4be0892\" data-element_type=\"widget\" data-e-type=\"widget\" data-widget_type=\"heading.default\">\n\t\t\t\t<div class=\"elementor-widget-container\">\n\t\t\t\t\t<h6 class=\"elementor-heading-title elementor-size-default\">Disposiciones generales \/ Cortes Generales<\/h6>\t\t\t\t<\/div>\n\t\t\t\t<\/div>\n\t\t\t\t<div class=\"elementor-element elementor-element-3bdac8d elementor-widget elementor-widget-text-editor\" data-id=\"3bdac8d\" data-element_type=\"widget\" data-e-type=\"widget\" data-widget_type=\"text-editor.default\">\n\t\t\t\t<div class=\"elementor-widget-container\">\n\t\t\t\t\t\t\t\t\t<ul><li><a href=\"https:\/\/www.boe.es\/boe\/dias\/2025\/11\/14\/pdfs\/BOE-A-2025-23055.pdf?utm_campaign=Legislaci%C3%B3n%20Semanal%2010%20a%2014%20de%20Noviembre%20de%202025&amp;utm_medium=email&amp;utm_source=Mailjet\" target=\"_blank\" rel=\"noopener\"><span data-olk-copy-source=\"MessageBody\">Reforma del Reglamento del Senado por la que se modifican diversos art\u00edculos.<\/span><\/a><\/li><\/ul>\t\t\t\t\t\t\t\t<\/div>\n\t\t\t\t<\/div>\n\t\t\t\t<div class=\"elementor-element elementor-element-1c2c78d elementor-widget elementor-widget-heading\" data-id=\"1c2c78d\" data-element_type=\"widget\" data-e-type=\"widget\" data-widget_type=\"heading.default\">\n\t\t\t\t<div class=\"elementor-widget-container\">\n\t\t\t\t\t<h6 class=\"elementor-heading-title elementor-size-default\">Otras disposiciones \/ Ministerio de la Presidencia, Justicia y Relaciones con las Cortes<\/h6>\t\t\t\t<\/div>\n\t\t\t\t<\/div>\n\t\t\t\t<div class=\"elementor-element elementor-element-5e3520f elementor-widget elementor-widget-text-editor\" data-id=\"5e3520f\" data-element_type=\"widget\" data-e-type=\"widget\" data-widget_type=\"text-editor.default\">\n\t\t\t\t<div class=\"elementor-widget-container\">\n\t\t\t\t\t\t\t\t\t<ul><li><span data-olk-copy-source=\"MessageBody\">Resoluci\u00f3n de 5 de marzo de 2025, de la Secretar\u00eda General para la Innovaci\u00f3n y Calidad del Servicio P\u00fablico de Justicia, por la que\u00a0<\/span><a class=\"x_link-build-content\" title=\"https:\/\/go.abogacia.es\/lnk\/AUkAAIMRiGoAAc4c2gAAABAXVFoAAAAA0zoAAKFsABi_EgBpFwUWefJhTBAETv64pKIH-qK_EwAYIRA\/5\/pgNw7rOD_2QBJWOsS8DTOw\/aHR0cHM6Ly93d3cuYm9lLmVzL2JvZS9kaWFzLzIwMjUvMTEvMTIvcGRmcy9CT0UtQS0yMDI1LTIyOTA4LnBkZj91dG1fY2FtcGFpZ249TGVnaXNsYWNpJUMzJUIzbiUyMFNlbWFuYWwlMjAxMCUyMGElMjAxNCUyMGRlJTIwTm92aWVtYnJlJTIwZGUlMjAyMDI1JnV0bV9tZWRpdW09ZW1haWwmdXRtX3NvdXJjZT1NYWlsamV0\" href=\"https:\/\/go.abogacia.es\/lnk\/AUkAAIMRiGoAAc4c2gAAABAXVFoAAAAA0zoAAKFsABi_EgBpFwUWefJhTBAETv64pKIH-qK_EwAYIRA\/5\/pgNw7rOD_2QBJWOsS8DTOw\/aHR0cHM6Ly93d3cuYm9lLmVzL2JvZS9kaWFzLzIwMjUvMTEvMTIvcGRmcy9CT0UtQS0yMDI1LTIyOTA4LnBkZj91dG1fY2FtcGFpZ249TGVnaXNsYWNpJUMzJUIzbiUyMFNlbWFuYWwlMjAxMCUyMGElMjAxNCUyMGRlJTIwTm92aWVtYnJlJTIwZGUlMjAyMDI1JnV0bV9tZWRpdW09ZW1haWwmdXRtX3NvdXJjZT1NYWlsamV0\" target=\"_blank\" rel=\"noopener\" data-auth=\"NotApplicable\" data-linkindex=\"5\"><u>se acuerda el dise\u00f1o y estructura de la Oficina Judicial para los Tribunales colegiados y Tribunales de Instancia<\/u><\/a>\u00a0conforme a las previsiones contenidas en la Ley Org\u00e1nica 1\/2025, de 2 de enero, de medidas en materia de eficiencia del Servicio P\u00fablico de Justicia.<\/li><li>\u00a0<\/li><\/ul>\t\t\t\t\t\t\t\t<\/div>\n\t\t\t\t<\/div>\n\t\t\t\t<div class=\"elementor-element elementor-element-d894d33 elementor-widget elementor-widget-heading\" data-id=\"d894d33\" data-element_type=\"widget\" data-e-type=\"widget\" data-widget_type=\"heading.default\">\n\t\t\t\t<div class=\"elementor-widget-container\">\n\t\t\t\t\t<h5 class=\"elementor-heading-title elementor-size-default\">DIARIO OFICIAL DE LA UNI\u00d3N EUROPEA<\/h5>\t\t\t\t<\/div>\n\t\t\t\t<\/div>\n\t\t\t\t<div class=\"elementor-element elementor-element-6c11ebd elementor-widget elementor-widget-heading\" data-id=\"6c11ebd\" data-element_type=\"widget\" data-e-type=\"widget\" data-widget_type=\"heading.default\">\n\t\t\t\t<div class=\"elementor-widget-container\">\n\t\t\t\t\t<h6 class=\"elementor-heading-title elementor-size-default\">Legislaci\u00f3n<\/h6>\t\t\t\t<\/div>\n\t\t\t\t<\/div>\n\t\t\t\t<div class=\"elementor-element elementor-element-d4ac80c elementor-widget elementor-widget-text-editor\" data-id=\"d4ac80c\" data-element_type=\"widget\" data-e-type=\"widget\" data-widget_type=\"text-editor.default\">\n\t\t\t\t<div class=\"elementor-widget-container\">\n\t\t\t\t\t\t\t\t\t<ul><li><span data-olk-copy-source=\"MessageBody\">Decisi\u00f3n (UE) 2025\/2307 del Consejo, de 13 de octubre de 2025, sobre la firma, en nombre de la Uni\u00f3n Europea, de la\u00a0<\/span><a class=\"x_link-build-content\" title=\"https:\/\/go.abogacia.es\/lnk\/AUkAAIMRiGoAAc4c2gAAABAXVFoAAAAA0zoAAKFsABi_EgBpFwUWefJhTBAETv64pKIH-qK_EwAYIRA\/6\/0Wd83CrR1r07z04SrFLpXA\/aHR0cHM6Ly9ldXItbGV4LmV1cm9wYS5ldS9sZWdhbC1jb250ZW50L0VTL1RYVC9QREYvP3VyaT1PSjpMXzIwMjUwMjMwNyZ1dG1fY2FtcGFpZ249TGVnaXNsYWNpJUMzJUIzbiUyMFNlbWFuYWwlMjAxMCUyMGElMjAxNCUyMGRlJTIwTm92aWVtYnJlJTIwZGUlMjAyMDI1JnV0bV9tZWRpdW09ZW1haWwmdXRtX3NvdXJjZT1NYWlsamV0\" href=\"https:\/\/go.abogacia.es\/lnk\/AUkAAIMRiGoAAc4c2gAAABAXVFoAAAAA0zoAAKFsABi_EgBpFwUWefJhTBAETv64pKIH-qK_EwAYIRA\/6\/0Wd83CrR1r07z04SrFLpXA\/aHR0cHM6Ly9ldXItbGV4LmV1cm9wYS5ldS9sZWdhbC1jb250ZW50L0VTL1RYVC9QREYvP3VyaT1PSjpMXzIwMjUwMjMwNyZ1dG1fY2FtcGFpZ249TGVnaXNsYWNpJUMzJUIzbiUyMFNlbWFuYWwlMjAxMCUyMGElMjAxNCUyMGRlJTIwTm92aWVtYnJlJTIwZGUlMjAyMDI1JnV0bV9tZWRpdW09ZW1haWwmdXRtX3NvdXJjZT1NYWlsamV0\" target=\"_blank\" rel=\"noopener\" data-auth=\"NotApplicable\" data-linkindex=\"6\"><u>Convenci\u00f3n de las Naciones Unidas contra la Ciberdelincuencia; Fortalecimiento de la Cooperaci\u00f3n Internacional para la Lucha contra Determinados Delitos Cometidos mediante Sistemas de Tecnolog\u00eda de la Informaci\u00f3n y las Comunicaciones y para la Transmisi\u00f3n de Pruebas en Forma Electr\u00f3nica de Delitos Graves<\/u><\/a>.<\/li><\/ul>\t\t\t\t\t\t\t\t<\/div>\n\t\t\t\t<\/div>\n\t\t\t\t<div class=\"elementor-element elementor-element-bfdac82 elementor-widget elementor-widget-heading\" data-id=\"bfdac82\" data-element_type=\"widget\" data-e-type=\"widget\" data-widget_type=\"heading.default\">\n\t\t\t\t<div class=\"elementor-widget-container\">\n\t\t\t\t\t<h5 class=\"elementor-heading-title elementor-size-default\">CONGRESO DE LOS DIPUTADOS<\/h5>\t\t\t\t<\/div>\n\t\t\t\t<\/div>\n\t\t\t\t<div class=\"elementor-element elementor-element-1115e8b elementor-widget elementor-widget-heading\" data-id=\"1115e8b\" data-element_type=\"widget\" data-e-type=\"widget\" data-widget_type=\"heading.default\">\n\t\t\t\t<div class=\"elementor-widget-container\">\n\t\t\t\t\t<h6 class=\"elementor-heading-title elementor-size-default\">Proyectos de ley<\/h6>\t\t\t\t<\/div>\n\t\t\t\t<\/div>\n\t\t\t\t<div class=\"elementor-element elementor-element-a7b4ac1 elementor-widget elementor-widget-text-editor\" data-id=\"a7b4ac1\" data-element_type=\"widget\" data-e-type=\"widget\" data-widget_type=\"text-editor.default\">\n\t\t\t\t<div class=\"elementor-widget-container\">\n\t\t\t\t\t\t\t\t\t<ul><li><span data-olk-copy-source=\"MessageBody\">Proyecto de Ley de Movilidad Sostenible.\u00a0<\/span><a class=\"x_link-build-content\" title=\"https:\/\/go.abogacia.es\/lnk\/AUkAAIMRiGoAAc4c2gAAABAXVFoAAAAA0zoAAKFsABi_EgBpFwUWefJhTBAETv64pKIH-qK_EwAYIRA\/7\/cu13uhgJpnd_5lllvwJ9Vw\/aHR0cHM6Ly93d3cuY29uZ3Jlc28uZXMvcHVibGljX29maWNpYWxlcy9MMTUvQ09ORy9CT0NHL0EvQk9DRy0xNS1BLTktOS5QREY_dXRtX2NhbXBhaWduPUxlZ2lzbGFjaSVDMyVCM24lMjBTZW1hbmFsJTIwMTAlMjBhJTIwMTQlMjBkZSUyME5vdmllbWJyZSUyMGRlJTIwMjAyNSZ1dG1fbWVkaXVtPWVtYWlsJnV0bV9zb3VyY2U9TWFpbGpldA\" href=\"https:\/\/go.abogacia.es\/lnk\/AUkAAIMRiGoAAc4c2gAAABAXVFoAAAAA0zoAAKFsABi_EgBpFwUWefJhTBAETv64pKIH-qK_EwAYIRA\/7\/cu13uhgJpnd_5lllvwJ9Vw\/aHR0cHM6Ly93d3cuY29uZ3Jlc28uZXMvcHVibGljX29maWNpYWxlcy9MMTUvQ09ORy9CT0NHL0EvQk9DRy0xNS1BLTktOS5QREY_dXRtX2NhbXBhaWduPUxlZ2lzbGFjaSVDMyVCM24lMjBTZW1hbmFsJTIwMTAlMjBhJTIwMTQlMjBkZSUyME5vdmllbWJyZSUyMGRlJTIwMjAyNSZ1dG1fbWVkaXVtPWVtYWlsJnV0bV9zb3VyY2U9TWFpbGpldA\" target=\"_blank\" rel=\"noopener\" data-auth=\"NotApplicable\" data-linkindex=\"7\"><u>Disconformidad del Gobierno con la tramitaci\u00f3n de determinadas enmiendas<\/u><\/a>\u00a0|\u00a0<a class=\"x_link-build-content\" title=\"https:\/\/go.abogacia.es\/lnk\/AUkAAIMRiGoAAc4c2gAAABAXVFoAAAAA0zoAAKFsABi_EgBpFwUWefJhTBAETv64pKIH-qK_EwAYIRA\/8\/73byF_LSiIWa3GAkSCM8lA\/aHR0cHM6Ly93d3cuY29uZ3Jlc28uZXMvcHVibGljX29maWNpYWxlcy9MMTUvQ09ORy9CT0NHL0EvQk9DRy0xNS1BLTktMTAuUERGP3V0bV9jYW1wYWlnbj1MZWdpc2xhY2klQzMlQjNuJTIwU2VtYW5hbCUyMDEwJTIwYSUyMDE0JTIwZGUlMjBOb3ZpZW1icmUlMjBkZSUyMDIwMjUmdXRtX21lZGl1bT1lbWFpbCZ1dG1fc291cmNlPU1haWxqZXQ\" href=\"https:\/\/go.abogacia.es\/lnk\/AUkAAIMRiGoAAc4c2gAAABAXVFoAAAAA0zoAAKFsABi_EgBpFwUWefJhTBAETv64pKIH-qK_EwAYIRA\/8\/73byF_LSiIWa3GAkSCM8lA\/aHR0cHM6Ly93d3cuY29uZ3Jlc28uZXMvcHVibGljX29maWNpYWxlcy9MMTUvQ09ORy9CT0NHL0EvQk9DRy0xNS1BLTktMTAuUERGP3V0bV9jYW1wYWlnbj1MZWdpc2xhY2klQzMlQjNuJTIwU2VtYW5hbCUyMDEwJTIwYSUyMDE0JTIwZGUlMjBOb3ZpZW1icmUlMjBkZSUyMDIwMjUmdXRtX21lZGl1bT1lbWFpbCZ1dG1fc291cmNlPU1haWxqZXQ\" target=\"_blank\" rel=\"noopener\" data-auth=\"NotApplicable\" data-linkindex=\"8\"><u>Enmiendas del Senado mediante mensaje motivado.<\/u><\/a><\/li><li>Proyecto de Ley Org\u00e1nica de\u00a0<a class=\"x_link-build-content\" title=\"https:\/\/go.abogacia.es\/lnk\/AUkAAIMRiGoAAc4c2gAAABAXVFoAAAAA0zoAAKFsABi_EgBpFwUWefJhTBAETv64pKIH-qK_EwAYIRA\/9\/isviFeUpDhhfHldRuH0rXw\/aHR0cHM6Ly93d3cuY29uZ3Jlc28uZXMvcHVibGljX29maWNpYWxlcy9MMTUvQ09ORy9CT0NHL0EvQk9DRy0xNS1BLTc0LTEuUERGP3V0bV9jYW1wYWlnbj1MZWdpc2xhY2klQzMlQjNuJTIwU2VtYW5hbCUyMDEwJTIwYSUyMDE0JTIwZGUlMjBOb3ZpZW1icmUlMjBkZSUyMDIwMjUmdXRtX21lZGl1bT1lbWFpbCZ1dG1fc291cmNlPU1haWxqZXQ\" href=\"https:\/\/go.abogacia.es\/lnk\/AUkAAIMRiGoAAc4c2gAAABAXVFoAAAAA0zoAAKFsABi_EgBpFwUWefJhTBAETv64pKIH-qK_EwAYIRA\/9\/isviFeUpDhhfHldRuH0rXw\/aHR0cHM6Ly93d3cuY29uZ3Jlc28uZXMvcHVibGljX29maWNpYWxlcy9MMTUvQ09ORy9CT0NHL0EvQk9DRy0xNS1BLTc0LTEuUERGP3V0bV9jYW1wYWlnbj1MZWdpc2xhY2klQzMlQjNuJTIwU2VtYW5hbCUyMDEwJTIwYSUyMDE0JTIwZGUlMjBOb3ZpZW1icmUlMjBkZSUyMDIwMjUmdXRtX21lZGl1bT1lbWFpbCZ1dG1fc291cmNlPU1haWxqZXQ\" target=\"_blank\" rel=\"noopener\" data-auth=\"NotApplicable\" data-linkindex=\"9\"><u>Enjuiciamiento Criminal.<\/u><\/a><\/li><\/ul>\t\t\t\t\t\t\t\t<\/div>\n\t\t\t\t<\/div>\n\t\t\t\t<div class=\"elementor-element elementor-element-634df03 elementor-widget elementor-widget-heading\" data-id=\"634df03\" data-element_type=\"widget\" data-e-type=\"widget\" data-widget_type=\"heading.default\">\n\t\t\t\t<div class=\"elementor-widget-container\">\n\t\t\t\t\t<h6 class=\"elementor-heading-title elementor-size-default\">Proposiciones de ley<\/h6>\t\t\t\t<\/div>\n\t\t\t\t<\/div>\n\t\t\t\t<div class=\"elementor-element elementor-element-903c5a3 elementor-widget elementor-widget-text-editor\" data-id=\"903c5a3\" data-element_type=\"widget\" data-e-type=\"widget\" data-widget_type=\"text-editor.default\">\n\t\t\t\t<div class=\"elementor-widget-container\">\n\t\t\t\t\t\t\t\t\t<ul><li><span data-olk-copy-source=\"MessageBody\">Proposici\u00f3n de\u00a0<\/span><a class=\"x_link-build-content\" title=\"https:\/\/go.abogacia.es\/lnk\/AUkAAIMRiGoAAc4c2gAAABAXVFoAAAAA0zoAAKFsABi_EgBpFwUWefJhTBAETv64pKIH-qK_EwAYIRA\/10\/klwo0Fq0k1GJ8i7j7pD4fw\/aHR0cHM6Ly93d3cuY29uZ3Jlc28uZXMvcHVibGljX29maWNpYWxlcy9MMTUvQ09ORy9CT0NHL0IvQk9DRy0xNS1CLTIzMy01LlBERj91dG1fY2FtcGFpZ249TGVnaXNsYWNpJUMzJUIzbiUyMFNlbWFuYWwlMjAxMCUyMGElMjAxNCUyMGRlJTIwTm92aWVtYnJlJTIwZGUlMjAyMDI1JnV0bV9tZWRpdW09ZW1haWwmdXRtX3NvdXJjZT1NYWlsamV0\" href=\"https:\/\/go.abogacia.es\/lnk\/AUkAAIMRiGoAAc4c2gAAABAXVFoAAAAA0zoAAKFsABi_EgBpFwUWefJhTBAETv64pKIH-qK_EwAYIRA\/10\/klwo0Fq0k1GJ8i7j7pD4fw\/aHR0cHM6Ly93d3cuY29uZ3Jlc28uZXMvcHVibGljX29maWNpYWxlcy9MMTUvQ09ORy9CT0NHL0IvQk9DRy0xNS1CLTIzMy01LlBERj91dG1fY2FtcGFpZ249TGVnaXNsYWNpJUMzJUIzbiUyMFNlbWFuYWwlMjAxMCUyMGElMjAxNCUyMGRlJTIwTm92aWVtYnJlJTIwZGUlMjAyMDI1JnV0bV9tZWRpdW09ZW1haWwmdXRtX3NvdXJjZT1NYWlsamV0\" target=\"_blank\" rel=\"noopener\" data-auth=\"NotApplicable\" data-linkindex=\"10\"><u>reforma del Reglamento del Congreso para incorporar un nuevo T\u00edtulo XIV para la regulaci\u00f3n de los grupos de inter\u00e9s y los incumplimientos o infracciones por parte de los diputados y grupos parlamentarios<\/u><\/a>.\u00a0<i>Enmiendas e \u00edndice de enmiendas al articulado.<\/i><\/li><li>Proposici\u00f3n de Ley relativa a la\u00a0<a class=\"x_link-build-content\" title=\"https:\/\/go.abogacia.es\/lnk\/AUkAAIMRiGoAAc4c2gAAABAXVFoAAAAA0zoAAKFsABi_EgBpFwUWefJhTBAETv64pKIH-qK_EwAYIRA\/11\/6Q_JUmKP8NRIog2L-PFsuw\/aHR0cHM6Ly93d3cuY29uZ3Jlc28uZXMvcHVibGljX29maWNpYWxlcy9MMTUvQ09ORy9CT0NHL0IvQk9DRy0xNS1CLTI3NC0xLlBERj91dG1fY2FtcGFpZ249TGVnaXNsYWNpJUMzJUIzbiUyMFNlbWFuYWwlMjAxMCUyMGElMjAxNCUyMGRlJTIwTm92aWVtYnJlJTIwZGUlMjAyMDI1JnV0bV9tZWRpdW09ZW1haWwmdXRtX3NvdXJjZT1NYWlsamV0\" href=\"https:\/\/go.abogacia.es\/lnk\/AUkAAIMRiGoAAc4c2gAAABAXVFoAAAAA0zoAAKFsABi_EgBpFwUWefJhTBAETv64pKIH-qK_EwAYIRA\/11\/6Q_JUmKP8NRIog2L-PFsuw\/aHR0cHM6Ly93d3cuY29uZ3Jlc28uZXMvcHVibGljX29maWNpYWxlcy9MMTUvQ09ORy9CT0NHL0IvQk9DRy0xNS1CLTI3NC0xLlBERj91dG1fY2FtcGFpZ249TGVnaXNsYWNpJUMzJUIzbiUyMFNlbWFuYWwlMjAxMCUyMGElMjAxNCUyMGRlJTIwTm92aWVtYnJlJTIwZGUlMjAyMDI1JnV0bV9tZWRpdW09ZW1haWwmdXRtX3NvdXJjZT1NYWlsamV0\" target=\"_blank\" rel=\"noopener\" data-auth=\"NotApplicable\" data-linkindex=\"11\"><u>obtenci\u00f3n de la nacionalidad espa\u00f1ola por residencia y la conservaci\u00f3n de la nacionalidad de origen<\/u><\/a>.\u00a0<i>Presentada por el Grupo Parlamentario Plurinacional SUMAR.<\/i><\/li><li>Proposici\u00f3n de Ley Org\u00e1nica de\u00a0<a class=\"x_link-build-content\" title=\"https:\/\/go.abogacia.es\/lnk\/AUkAAIMRiGoAAc4c2gAAABAXVFoAAAAA0zoAAKFsABi_EgBpFwUWefJhTBAETv64pKIH-qK_EwAYIRA\/12\/PeQn9xMBTYZnYJpVNB-HPA\/aHR0cHM6Ly93d3cuY29uZ3Jlc28uZXMvcHVibGljX29maWNpYWxlcy9MMTUvQ09ORy9CT0NHL0IvQk9DRy0xNS1CLTI3NS0xLlBERj91dG1fY2FtcGFpZ249TGVnaXNsYWNpJUMzJUIzbiUyMFNlbWFuYWwlMjAxMCUyMGElMjAxNCUyMGRlJTIwTm92aWVtYnJlJTIwZGUlMjAyMDI1JnV0bV9tZWRpdW09ZW1haWwmdXRtX3NvdXJjZT1NYWlsamV0\" href=\"https:\/\/go.abogacia.es\/lnk\/AUkAAIMRiGoAAc4c2gAAABAXVFoAAAAA0zoAAKFsABi_EgBpFwUWefJhTBAETv64pKIH-qK_EwAYIRA\/12\/PeQn9xMBTYZnYJpVNB-HPA\/aHR0cHM6Ly93d3cuY29uZ3Jlc28uZXMvcHVibGljX29maWNpYWxlcy9MMTUvQ09ORy9CT0NHL0IvQk9DRy0xNS1CLTI3NS0xLlBERj91dG1fY2FtcGFpZ249TGVnaXNsYWNpJUMzJUIzbiUyMFNlbWFuYWwlMjAxMCUyMGElMjAxNCUyMGRlJTIwTm92aWVtYnJlJTIwZGUlMjAyMDI1JnV0bV9tZWRpdW09ZW1haWwmdXRtX3NvdXJjZT1NYWlsamV0\" target=\"_blank\" rel=\"noopener\" data-auth=\"NotApplicable\" data-linkindex=\"12\"><u>garant\u00eda y protecci\u00f3n de los derechos fundamentales frente al acoso derivado de acciones judiciales abusivas<\/u><\/a>.\u00a0<i>Presentada por el Grupo Parlamentario Socialista.<\/i><\/li><li>Proposici\u00f3n de Ley sobre\u00a0<a class=\"x_link-build-content\" title=\"https:\/\/go.abogacia.es\/lnk\/AUkAAIMRiGoAAc4c2gAAABAXVFoAAAAA0zoAAKFsABi_EgBpFwUWefJhTBAETv64pKIH-qK_EwAYIRA\/13\/LSBbYBeApKWvraHriQF_mw\/aHR0cHM6Ly93d3cuY29uZ3Jlc28uZXMvcHVibGljX29maWNpYWxlcy9MMTUvQ09ORy9CT0NHL0IvQk9DRy0xNS1CLTI3Ny0xLlBERj91dG1fY2FtcGFpZ249TGVnaXNsYWNpJUMzJUIzbiUyMFNlbWFuYWwlMjAxMCUyMGElMjAxNCUyMGRlJTIwTm92aWVtYnJlJTIwZGUlMjAyMDI1JnV0bV9tZWRpdW09ZW1haWwmdXRtX3NvdXJjZT1NYWlsamV0\" href=\"https:\/\/go.abogacia.es\/lnk\/AUkAAIMRiGoAAc4c2gAAABAXVFoAAAAA0zoAAKFsABi_EgBpFwUWefJhTBAETv64pKIH-qK_EwAYIRA\/13\/LSBbYBeApKWvraHriQF_mw\/aHR0cHM6Ly93d3cuY29uZ3Jlc28uZXMvcHVibGljX29maWNpYWxlcy9MMTUvQ09ORy9CT0NHL0IvQk9DRy0xNS1CLTI3Ny0xLlBERj91dG1fY2FtcGFpZ249TGVnaXNsYWNpJUMzJUIzbiUyMFNlbWFuYWwlMjAxMCUyMGElMjAxNCUyMGRlJTIwTm92aWVtYnJlJTIwZGUlMjAyMDI1JnV0bV9tZWRpdW09ZW1haWwmdXRtX3NvdXJjZT1NYWlsamV0\" target=\"_blank\" rel=\"noopener\" data-auth=\"NotApplicable\" data-linkindex=\"13\"><u>programa de cribado neonatal del Sistema Nacional de Salud.<\/u><\/a>\u00a0<i>Presentada por el Grupo Parlamentario Socialista.<\/i><\/li><li>Proposici\u00f3n de Ley sobre la\u00a0<a class=\"x_link-build-content\" title=\"https:\/\/go.abogacia.es\/lnk\/AUkAAIMRiGoAAc4c2gAAABAXVFoAAAAA0zoAAKFsABi_EgBpFwUWefJhTBAETv64pKIH-qK_EwAYIRA\/14\/np98kAmJeT_0vdsAodlhUA\/aHR0cHM6Ly93d3cuY29uZ3Jlc28uZXMvcHVibGljX29maWNpYWxlcy9MMTUvQ09ORy9CT0NHL0IvQk9DRy0xNS1CLTI3OC0xLlBERj91dG1fY2FtcGFpZ249TGVnaXNsYWNpJUMzJUIzbiUyMFNlbWFuYWwlMjAxMCUyMGElMjAxNCUyMGRlJTIwTm92aWVtYnJlJTIwZGUlMjAyMDI1JnV0bV9tZWRpdW09ZW1haWwmdXRtX3NvdXJjZT1NYWlsamV0\" href=\"https:\/\/go.abogacia.es\/lnk\/AUkAAIMRiGoAAc4c2gAAABAXVFoAAAAA0zoAAKFsABi_EgBpFwUWefJhTBAETv64pKIH-qK_EwAYIRA\/14\/np98kAmJeT_0vdsAodlhUA\/aHR0cHM6Ly93d3cuY29uZ3Jlc28uZXMvcHVibGljX29maWNpYWxlcy9MMTUvQ09ORy9CT0NHL0IvQk9DRy0xNS1CLTI3OC0xLlBERj91dG1fY2FtcGFpZ249TGVnaXNsYWNpJUMzJUIzbiUyMFNlbWFuYWwlMjAxMCUyMGElMjAxNCUyMGRlJTIwTm92aWVtYnJlJTIwZGUlMjAyMDI1JnV0bV9tZWRpdW09ZW1haWwmdXRtX3NvdXJjZT1NYWlsamV0\" target=\"_blank\" rel=\"noopener\" data-auth=\"NotApplicable\" data-linkindex=\"14\"><u>evaluaci\u00f3n del impacto en el \u00e1mbito de la juventud de las pol\u00edticas p\u00fablicas<\/u><\/a>.\u00a0<i>Presentada por el Grupo Parlamentario Socialista.<\/i><\/li><li>Proposici\u00f3n de Ley para\u00a0<a class=\"x_link-build-content\" title=\"https:\/\/go.abogacia.es\/lnk\/AUkAAIMRiGoAAc4c2gAAABAXVFoAAAAA0zoAAKFsABi_EgBpFwUWefJhTBAETv64pKIH-qK_EwAYIRA\/15\/uYAX6hO8IVC7oC15boPdFA\/aHR0cHM6Ly93d3cuY29uZ3Jlc28uZXMvcHVibGljX29maWNpYWxlcy9MMTUvQ09ORy9CT0NHL0IvQk9DRy0xNS1CLTI3OS0xLlBERj91dG1fY2FtcGFpZ249TGVnaXNsYWNpJUMzJUIzbiUyMFNlbWFuYWwlMjAxMCUyMGElMjAxNCUyMGRlJTIwTm92aWVtYnJlJTIwZGUlMjAyMDI1JnV0bV9tZWRpdW09ZW1haWwmdXRtX3NvdXJjZT1NYWlsamV0\" href=\"https:\/\/go.abogacia.es\/lnk\/AUkAAIMRiGoAAc4c2gAAABAXVFoAAAAA0zoAAKFsABi_EgBpFwUWefJhTBAETv64pKIH-qK_EwAYIRA\/15\/uYAX6hO8IVC7oC15boPdFA\/aHR0cHM6Ly93d3cuY29uZ3Jlc28uZXMvcHVibGljX29maWNpYWxlcy9MMTUvQ09ORy9CT0NHL0IvQk9DRy0xNS1CLTI3OS0xLlBERj91dG1fY2FtcGFpZ249TGVnaXNsYWNpJUMzJUIzbiUyMFNlbWFuYWwlMjAxMCUyMGElMjAxNCUyMGRlJTIwTm92aWVtYnJlJTIwZGUlMjAyMDI1JnV0bV9tZWRpdW09ZW1haWwmdXRtX3NvdXJjZT1NYWlsamV0\" target=\"_blank\" rel=\"noopener\" data-auth=\"NotApplicable\" data-linkindex=\"15\"><u>garantizar el poder adquisitivo de las pensiones p\u00fablicas.<\/u><\/a>\u00a0<i>Presentada por el Grupo Parlamentario Popular en el Congreso.<\/i><\/li><\/ul>\t\t\t\t\t\t\t\t<\/div>\n\t\t\t\t<\/div>\n\t\t\t\t<div class=\"elementor-element elementor-element-7d46199 elementor-widget elementor-widget-heading\" data-id=\"7d46199\" data-element_type=\"widget\" data-e-type=\"widget\" data-widget_type=\"heading.default\">\n\t\t\t\t<div class=\"elementor-widget-container\">\n\t\t\t\t\t<h5 class=\"elementor-heading-title elementor-size-default\">SENADO<\/h5>\t\t\t\t<\/div>\n\t\t\t\t<\/div>\n\t\t\t\t<div class=\"elementor-element elementor-element-87e57eb elementor-widget elementor-widget-heading\" data-id=\"87e57eb\" data-element_type=\"widget\" data-e-type=\"widget\" data-widget_type=\"heading.default\">\n\t\t\t\t<div class=\"elementor-widget-container\">\n\t\t\t\t\t<h6 class=\"elementor-heading-title elementor-size-default\">Iniciativas Legislativas<\/h6>\t\t\t\t<\/div>\n\t\t\t\t<\/div>\n\t\t\t\t<div class=\"elementor-element elementor-element-80c302f elementor-widget elementor-widget-text-editor\" data-id=\"80c302f\" data-element_type=\"widget\" data-e-type=\"widget\" data-widget_type=\"text-editor.default\">\n\t\t\t\t<div class=\"elementor-widget-container\">\n\t\t\t\t\t\t\t\t\t<ul><li><span data-olk-copy-source=\"MessageBody\">Proposici\u00f3n de Ley Org\u00e1nica de modificaci\u00f3n de la Ley Org\u00e1nica 10\/1995, de 23 de noviembre, del\u00a0<\/span><a class=\"x_link-build-content\" title=\"https:\/\/go.abogacia.es\/lnk\/AUkAAIMRiGoAAc4c2gAAABAXVFoAAAAA0zoAAKFsABi_EgBpFwUWefJhTBAETv64pKIH-qK_EwAYIRA\/16\/WB9bJfsIgJqMOtvmv296OQ\/aHR0cDovL3d3dy5zZW5hZG8uZXMvbGVnaXMxNS9wdWJsaWNhY2lvbmVzL3BkZi9zZW5hZG8vYm9jZy9CT0NHX0RfMTVfMzM1XzI5NTYuUERGP3V0bV9jYW1wYWlnbj1MZWdpc2xhY2klQzMlQjNuJTIwU2VtYW5hbCUyMDEwJTIwYSUyMDE0JTIwZGUlMjBOb3ZpZW1icmUlMjBkZSUyMDIwMjUmdXRtX21lZGl1bT1lbWFpbCZ1dG1fc291cmNlPU1haWxqZXQ\" href=\"https:\/\/go.abogacia.es\/lnk\/AUkAAIMRiGoAAc4c2gAAABAXVFoAAAAA0zoAAKFsABi_EgBpFwUWefJhTBAETv64pKIH-qK_EwAYIRA\/16\/WB9bJfsIgJqMOtvmv296OQ\/aHR0cDovL3d3dy5zZW5hZG8uZXMvbGVnaXMxNS9wdWJsaWNhY2lvbmVzL3BkZi9zZW5hZG8vYm9jZy9CT0NHX0RfMTVfMzM1XzI5NTYuUERGP3V0bV9jYW1wYWlnbj1MZWdpc2xhY2klQzMlQjNuJTIwU2VtYW5hbCUyMDEwJTIwYSUyMDE0JTIwZGUlMjBOb3ZpZW1icmUlMjBkZSUyMDIwMjUmdXRtX21lZGl1bT1lbWFpbCZ1dG1fc291cmNlPU1haWxqZXQ\" target=\"_blank\" rel=\"noopener\" data-auth=\"NotApplicable\" data-linkindex=\"16\"><u>C\u00f3digo Penal<\/u><\/a>. (N\u00fam. exp. S. 622\/000088).\u00a0<i>Proposiciones de Ley alternativas<\/i><\/li><\/ul>\t\t\t\t\t\t\t\t<\/div>\n\t\t\t\t<\/div>\n\t\t\t\t<div class=\"elementor-element elementor-element-12ad1e2 elementor-widget elementor-widget-heading\" data-id=\"12ad1e2\" data-element_type=\"widget\" data-e-type=\"widget\" data-widget_type=\"heading.default\">\n\t\t\t\t<div class=\"elementor-widget-container\">\n\t\t\t\t\t<h5 class=\"elementor-heading-title elementor-size-default\">CONSEJO DE MINISTROS<\/h5>\t\t\t\t<\/div>\n\t\t\t\t<\/div>\n\t\t\t\t<div class=\"elementor-element elementor-element-b3cd344 elementor-widget elementor-widget-heading\" data-id=\"b3cd344\" data-element_type=\"widget\" data-e-type=\"widget\" data-widget_type=\"heading.default\">\n\t\t\t\t<div class=\"elementor-widget-container\">\n\t\t\t\t\t<h6 class=\"elementor-heading-title elementor-size-default\">Presidencia, Justicia y Relaciones con las Cortes<\/h6>\t\t\t\t<\/div>\n\t\t\t\t<\/div>\n\t\t\t\t<div class=\"elementor-element elementor-element-302e612 elementor-widget elementor-widget-text-editor\" data-id=\"302e612\" data-element_type=\"widget\" data-e-type=\"widget\" data-widget_type=\"text-editor.default\">\n\t\t\t\t<div class=\"elementor-widget-container\">\n\t\t\t\t\t\t\t\t\t<ul><li><span data-olk-copy-source=\"MessageBody\">Real Decreto por el que\u00a0<\/span><a class=\"x_link-build-content\" title=\"https:\/\/go.abogacia.es\/lnk\/AUkAAIMRiGoAAc4c2gAAABAXVFoAAAAA0zoAAKFsABi_EgBpFwUWefJhTBAETv64pKIH-qK_EwAYIRA\/17\/kQAwg0V9nTHHp2m3Alof8Q\/aHR0cHM6Ly93d3cubGFtb25jbG9hLmdvYi5lcy9jb25zZWpvZGVtaW5pc3Ryb3MvcmVmZXJlbmNpYXMvUGFnaW5hcy8yMDI1LzIwMjUxMTExLXJlZmVyZW5jaWEtcnVlZGEtZGUtcHJlbnNhLW1pbmlzdHJvcy5hc3B4P3V0bV9jYW1wYWlnbj1MZWdpc2xhY2klQzMlQjNuJTIwU2VtYW5hbCUyMDEwJTIwYSUyMDE0JTIwZGUlMjBOb3ZpZW1icmUlMjBkZSUyMDIwMjUmdXRtX21lZGl1bT1lbWFpbCZ1dG1fc291cmNlPU1haWxqZXQjZGVzYXl1bm8#desayuno\" href=\"https:\/\/go.abogacia.es\/lnk\/AUkAAIMRiGoAAc4c2gAAABAXVFoAAAAA0zoAAKFsABi_EgBpFwUWefJhTBAETv64pKIH-qK_EwAYIRA\/17\/kQAwg0V9nTHHp2m3Alof8Q\/aHR0cHM6Ly93d3cubGFtb25jbG9hLmdvYi5lcy9jb25zZWpvZGVtaW5pc3Ryb3MvcmVmZXJlbmNpYXMvUGFnaW5hcy8yMDI1LzIwMjUxMTExLXJlZmVyZW5jaWEtcnVlZGEtZGUtcHJlbnNhLW1pbmlzdHJvcy5hc3B4P3V0bV9jYW1wYWlnbj1MZWdpc2xhY2klQzMlQjNuJTIwU2VtYW5hbCUyMDEwJTIwYSUyMDE0JTIwZGUlMjBOb3ZpZW1icmUlMjBkZSUyMDIwMjUmdXRtX21lZGl1bT1lbWFpbCZ1dG1fc291cmNlPU1haWxqZXQjZGVzYXl1bm8#desayuno\" target=\"_blank\" rel=\"noopener\" data-auth=\"NotApplicable\" data-linkindex=\"17\"><u>se modifican diversas normas en materia de calidad alimentaria para productos de desayuno<\/u><\/a>.<\/li><li>Acuerdo por el que\u00a0<a class=\"x_link-build-content\" title=\"https:\/\/go.abogacia.es\/lnk\/AUkAAIMRiGoAAc4c2gAAABAXVFoAAAAA0zoAAKFsABi_EgBpFwUWefJhTBAETv64pKIH-qK_EwAYIRA\/18\/FT6OkK5LOCxC5iqIoDDm6Q\/aHR0cHM6Ly93d3cubGFtb25jbG9hLmdvYi5lcy9jb25zZWpvZGVtaW5pc3Ryb3MvcmVmZXJlbmNpYXMvUGFnaW5hcy8yMDI1LzIwMjUxMTExLXJlZmVyZW5jaWEtcnVlZGEtZGUtcHJlbnNhLW1pbmlzdHJvcy5hc3B4P3V0bV9jYW1wYWlnbj1MZWdpc2xhY2klQzMlQjNuJTIwU2VtYW5hbCUyMDEwJTIwYSUyMDE0JTIwZGUlMjBOb3ZpZW1icmUlMjBkZSUyMDIwMjUmdXRtX21lZGl1bT1lbWFpbCZ1dG1fc291cmNlPU1haWxqZXQjdHJhYmFqbw#trabajo\" href=\"https:\/\/go.abogacia.es\/lnk\/AUkAAIMRiGoAAc4c2gAAABAXVFoAAAAA0zoAAKFsABi_EgBpFwUWefJhTBAETv64pKIH-qK_EwAYIRA\/18\/FT6OkK5LOCxC5iqIoDDm6Q\/aHR0cHM6Ly93d3cubGFtb25jbG9hLmdvYi5lcy9jb25zZWpvZGVtaW5pc3Ryb3MvcmVmZXJlbmNpYXMvUGFnaW5hcy8yMDI1LzIwMjUxMTExLXJlZmVyZW5jaWEtcnVlZGEtZGUtcHJlbnNhLW1pbmlzdHJvcy5hc3B4P3V0bV9jYW1wYWlnbj1MZWdpc2xhY2klQzMlQjNuJTIwU2VtYW5hbCUyMDEwJTIwYSUyMDE0JTIwZGUlMjBOb3ZpZW1icmUlMjBkZSUyMDIwMjUmdXRtX21lZGl1bT1lbWFpbCZ1dG1fc291cmNlPU1haWxqZXQjdHJhYmFqbw#trabajo\" target=\"_blank\" rel=\"noopener\" data-auth=\"NotApplicable\" data-linkindex=\"18\"><u>se aprueba la declaraci\u00f3n institucional con motivo del trig\u00e9simo aniversario de la aprobaci\u00f3n de la Ley 31\/1995, de 8 de noviembre, y por el que se declara el a\u00f1o 2026 como \u00abA\u00f1o de la seguridad y salud en el trabajo\u00bb<\/u><\/a>.<\/li><\/ul>\t\t\t\t\t\t\t\t<\/div>\n\t\t\t\t<\/div>\n\t\t\t\t<div class=\"elementor-element elementor-element-680ac5d elementor-widget elementor-widget-heading\" data-id=\"680ac5d\" data-element_type=\"widget\" data-e-type=\"widget\" data-widget_type=\"heading.default\">\n\t\t\t\t<div class=\"elementor-widget-container\">\n\t\t\t\t\t<h6 class=\"elementor-heading-title elementor-size-default\">Educaci\u00f3n, Formaci\u00f3n Profesional y Deportes<\/h6>\t\t\t\t<\/div>\n\t\t\t\t<\/div>\n\t\t\t\t<div class=\"elementor-element elementor-element-337b3b1 elementor-widget elementor-widget-text-editor\" data-id=\"337b3b1\" data-element_type=\"widget\" data-e-type=\"widget\" data-widget_type=\"text-editor.default\">\n\t\t\t\t<div class=\"elementor-widget-container\">\n\t\t\t\t\t\t\t\t\t<ul><li><span data-olk-copy-source=\"MessageBody\">Anteproyecto de Ley por la que se modifica la Ley 4\/2019, de 7 de marzo, de\u00a0<\/span><a class=\"x_link-build-content\" title=\"https:\/\/go.abogacia.es\/lnk\/AUkAAIMRiGoAAc4c2gAAABAXVFoAAAAA0zoAAKFsABi_EgBpFwUWefJhTBAETv64pKIH-qK_EwAYIRA\/19\/rKGQUTc4V5kW8gyA7U92dg\/aHR0cHM6Ly93d3cubGFtb25jbG9hLmdvYi5lcy9jb25zZWpvZGVtaW5pc3Ryb3MvcmVmZXJlbmNpYXMvUGFnaW5hcy8yMDI1LzIwMjUxMTExLXJlZmVyZW5jaWEtcnVlZGEtZGUtcHJlbnNhLW1pbmlzdHJvcy5hc3B4P3V0bV9jYW1wYWlnbj1MZWdpc2xhY2klQzMlQjNuJTIwU2VtYW5hbCUyMDEwJTIwYSUyMDE0JTIwZGUlMjBOb3ZpZW1icmUlMjBkZSUyMDIwMjUmdXRtX21lZGl1bT1lbWFpbCZ1dG1fc291cmNlPU1haWxqZXQjcHJvZmVzb3I#profesor\" href=\"https:\/\/go.abogacia.es\/lnk\/AUkAAIMRiGoAAc4c2gAAABAXVFoAAAAA0zoAAKFsABi_EgBpFwUWefJhTBAETv64pKIH-qK_EwAYIRA\/19\/rKGQUTc4V5kW8gyA7U92dg\/aHR0cHM6Ly93d3cubGFtb25jbG9hLmdvYi5lcy9jb25zZWpvZGVtaW5pc3Ryb3MvcmVmZXJlbmNpYXMvUGFnaW5hcy8yMDI1LzIwMjUxMTExLXJlZmVyZW5jaWEtcnVlZGEtZGUtcHJlbnNhLW1pbmlzdHJvcy5hc3B4P3V0bV9jYW1wYWlnbj1MZWdpc2xhY2klQzMlQjNuJTIwU2VtYW5hbCUyMDEwJTIwYSUyMDE0JTIwZGUlMjBOb3ZpZW1icmUlMjBkZSUyMDIwMjUmdXRtX21lZGl1bT1lbWFpbCZ1dG1fc291cmNlPU1haWxqZXQjcHJvZmVzb3I#profesor\" target=\"_blank\" rel=\"noopener\" data-auth=\"NotApplicable\" data-linkindex=\"19\"><u>mejora de las condiciones para el desempe\u00f1o de la docencia y la ense\u00f1anza en el \u00e1mbito de la educaci\u00f3n no universitaria, y se adoptan otras medidas para la mejora del sistema educativo<\/u><\/a>, a los efectos previstos en el art\u00edculo 26.4 de la Ley 50\/1997, de 27 de noviembre, del Gobierno.<\/li><\/ul>\t\t\t\t\t\t\t\t<\/div>\n\t\t\t\t<\/div>\n\t\t\t\t<div class=\"elementor-element elementor-element-48332c1 elementor-widget elementor-widget-heading\" data-id=\"48332c1\" data-element_type=\"widget\" data-e-type=\"widget\" data-widget_type=\"heading.default\">\n\t\t\t\t<div class=\"elementor-widget-container\">\n\t\t\t\t\t<h6 class=\"elementor-heading-title elementor-size-default\">Igualdad<\/h6>\t\t\t\t<\/div>\n\t\t\t\t<\/div>\n\t\t\t\t<div class=\"elementor-element elementor-element-9433259 elementor-widget elementor-widget-text-editor\" data-id=\"9433259\" data-element_type=\"widget\" data-e-type=\"widget\" data-widget_type=\"text-editor.default\">\n\t\t\t\t<div class=\"elementor-widget-container\">\n\t\t\t\t\t\t\t\t\t<ul><li><span data-olk-copy-source=\"MessageBody\">Real Decreto por el que\u00a0<\/span><a class=\"x_link-build-content\" title=\"https:\/\/go.abogacia.es\/lnk\/AUkAAIMRiGoAAc4c2gAAABAXVFoAAAAA0zoAAKFsABi_EgBpFwUWefJhTBAETv64pKIH-qK_EwAYIRA\/20\/VKd0ok8Al2sMgoDUEypMKQ\/aHR0cHM6Ly93d3cubGFtb25jbG9hLmdvYi5lcy9jb25zZWpvZGVtaW5pc3Ryb3MvcmVmZXJlbmNpYXMvUGFnaW5hcy8yMDI1LzIwMjUxMTExLXJlZmVyZW5jaWEtcnVlZGEtZGUtcHJlbnNhLW1pbmlzdHJvcy5hc3B4P3V0bV9jYW1wYWlnbj1MZWdpc2xhY2klQzMlQjNuJTIwU2VtYW5hbCUyMDEwJTIwYSUyMDE0JTIwZGUlMjBOb3ZpZW1icmUlMjBkZSUyMDIwMjUmdXRtX21lZGl1bT1lbWFpbCZ1dG1fc291cmNlPU1haWxqZXQjdHJhdG8#trato\" href=\"https:\/\/go.abogacia.es\/lnk\/AUkAAIMRiGoAAc4c2gAAABAXVFoAAAAA0zoAAKFsABi_EgBpFwUWefJhTBAETv64pKIH-qK_EwAYIRA\/20\/VKd0ok8Al2sMgoDUEypMKQ\/aHR0cHM6Ly93d3cubGFtb25jbG9hLmdvYi5lcy9jb25zZWpvZGVtaW5pc3Ryb3MvcmVmZXJlbmNpYXMvUGFnaW5hcy8yMDI1LzIwMjUxMTExLXJlZmVyZW5jaWEtcnVlZGEtZGUtcHJlbnNhLW1pbmlzdHJvcy5hc3B4P3V0bV9jYW1wYWlnbj1MZWdpc2xhY2klQzMlQjNuJTIwU2VtYW5hbCUyMDEwJTIwYSUyMDE0JTIwZGUlMjBOb3ZpZW1icmUlMjBkZSUyMDIwMjUmdXRtX21lZGl1bT1lbWFpbCZ1dG1fc291cmNlPU1haWxqZXQjdHJhdG8#trato\" target=\"_blank\" rel=\"noopener\" data-auth=\"NotApplicable\" data-linkindex=\"20\"><u>se regula la concesi\u00f3n directa de subvenciones a determinadas entidades para actuaciones en el \u00e1rea de igualdad de trato y no discriminaci\u00f3n<\/u><\/a>.<\/li><\/ul>\t\t\t\t\t\t\t\t<\/div>\n\t\t\t\t<\/div>\n\t\t\t\t<div class=\"elementor-element elementor-element-4e12db6 elementor-widget elementor-widget-heading\" data-id=\"4e12db6\" data-element_type=\"widget\" data-e-type=\"widget\" data-widget_type=\"heading.default\">\n\t\t\t\t<div class=\"elementor-widget-container\">\n\t\t\t\t\t<h5 class=\"elementor-heading-title elementor-size-default\">AUDIENCIA E INFORMACI\u00d3N P\u00daBLICA<\/h5>\t\t\t\t<\/div>\n\t\t\t\t<\/div>\n\t\t\t\t<div class=\"elementor-element elementor-element-4eca5f2 elementor-widget elementor-widget-heading\" data-id=\"4eca5f2\" data-element_type=\"widget\" data-e-type=\"widget\" data-widget_type=\"heading.default\">\n\t\t\t\t<div class=\"elementor-widget-container\">\n\t\t\t\t\t<h6 class=\"elementor-heading-title elementor-size-default\">Ministerio de Igualdad<\/h6>\t\t\t\t<\/div>\n\t\t\t\t<\/div>\n\t\t\t\t<div class=\"elementor-element elementor-element-470bca8 elementor-widget elementor-widget-text-editor\" data-id=\"470bca8\" data-element_type=\"widget\" data-e-type=\"widget\" data-widget_type=\"text-editor.default\">\n\t\t\t\t<div class=\"elementor-widget-container\">\n\t\t\t\t\t\t\t\t\t<ul><li><span data-olk-copy-source=\"MessageBody\">Audiencia e informaci\u00f3n p\u00fablica del proyecto de Real Decreto por el que\u00a0<\/span><a class=\"x_link-build-content\" title=\"https:\/\/go.abogacia.es\/lnk\/AUkAAIMRiGoAAc4c2gAAABAXVFoAAAAA0zoAAKFsABi_EgBpFwUWefJhTBAETv64pKIH-qK_EwAYIRA\/24\/LR25rTQJdU4PYiUsfbIUsg\/aHR0cHM6Ly93d3cuaWd1YWxkYWQuZ29iLmVzL3NlcnZpY2lvcy9wYXJ0aWNpcGFjaW9uL2F1ZGllbmNpYXB1YmxpY2EvYXVkaWVuY2lhLWUtaW5mb3JtYWNpb24tcHVibGljYS1kZWwtcHJveWVjdG8tZGUtcmVhbC1kZWNyZXRvLXBvci1lbC1xdWUtc2UtYXBydWViYS1lbC1lc3RhdHV0by1kZS1sYS1hdXRvcmlkYWQtaW5kZXBlbmRpZW50ZS1wYXJhLWxhLWlndWFsZGFkLWRlLXRyYXRvLXktbGEtbm8tZGlzY3JpbWluYWNpb24tMi8_dXRtX2NhbXBhaWduPUxlZ2lzbGFjaSVDMyVCM24lMjBTZW1hbmFsJTIwMTAlMjBhJTIwMTQlMjBkZSUyME5vdmllbWJyZSUyMGRlJTIwMjAyNSZ1dG1fbWVkaXVtPWVtYWlsJnV0bV9zb3VyY2U9TWFpbGpldA\" href=\"https:\/\/go.abogacia.es\/lnk\/AUkAAIMRiGoAAc4c2gAAABAXVFoAAAAA0zoAAKFsABi_EgBpFwUWefJhTBAETv64pKIH-qK_EwAYIRA\/24\/LR25rTQJdU4PYiUsfbIUsg\/aHR0cHM6Ly93d3cuaWd1YWxkYWQuZ29iLmVzL3NlcnZpY2lvcy9wYXJ0aWNpcGFjaW9uL2F1ZGllbmNpYXB1YmxpY2EvYXVkaWVuY2lhLWUtaW5mb3JtYWNpb24tcHVibGljYS1kZWwtcHJveWVjdG8tZGUtcmVhbC1kZWNyZXRvLXBvci1lbC1xdWUtc2UtYXBydWViYS1lbC1lc3RhdHV0by1kZS1sYS1hdXRvcmlkYWQtaW5kZXBlbmRpZW50ZS1wYXJhLWxhLWlndWFsZGFkLWRlLXRyYXRvLXktbGEtbm8tZGlzY3JpbWluYWNpb24tMi8_dXRtX2NhbXBhaWduPUxlZ2lzbGFjaSVDMyVCM24lMjBTZW1hbmFsJTIwMTAlMjBhJTIwMTQlMjBkZSUyME5vdmllbWJyZSUyMGRlJTIwMjAyNSZ1dG1fbWVkaXVtPWVtYWlsJnV0bV9zb3VyY2U9TWFpbGpldA\" target=\"_blank\" rel=\"noopener\" data-auth=\"NotApplicable\" data-linkindex=\"24\"><u>se aprueba el Estatuto de la Autoridad Independiente para la Igualdad de Trato y la No Discriminaci\u00f3n<\/u><\/a>.<\/li><\/ul>\t\t\t\t\t\t\t\t<\/div>\n\t\t\t\t<\/div>\n\t\t\t\t<div class=\"elementor-element elementor-element-d077ffb elementor-widget elementor-widget-heading\" data-id=\"d077ffb\" data-element_type=\"widget\" data-e-type=\"widget\" data-widget_type=\"heading.default\">\n\t\t\t\t<div class=\"elementor-widget-container\">\n\t\t\t\t\t<h6 class=\"elementor-heading-title elementor-size-default\"><!--StartFragment--><span data-olk-copy-source=\"MessageBody\">Ministerio de Cultura<\/span><!--EndFragment--><\/h6>\t\t\t\t<\/div>\n\t\t\t\t<\/div>\n\t\t\t\t<div class=\"elementor-element elementor-element-c6c20ca elementor-widget elementor-widget-text-editor\" data-id=\"c6c20ca\" data-element_type=\"widget\" data-e-type=\"widget\" data-widget_type=\"text-editor.default\">\n\t\t\t\t<div class=\"elementor-widget-container\">\n\t\t\t\t\t\t\t\t\t<ul><li><span data-olk-copy-source=\"MessageBody\">Real Decreto por el que\u00a0<\/span><a class=\"x_link-build-content\" title=\"https:\/\/go.abogacia.es\/lnk\/AUkAAIMRiGoAAc4c2gAAABAXVFoAAAAA0zoAAKFsABi_EgBpFwUWefJhTBAETv64pKIH-qK_EwAYIRA\/25\/mLm5FZaWOc_drz3xPgDTaQ\/aHR0cHM6Ly93d3cuY3VsdHVyYS5nb2IuZXMvc2VydmljaW9zLWFsLWNpdWRhZGFuby9pbmZvcm1hY2lvbi1wdWJsaWNhL2F1ZGllbmNpYS1pbmZvcm1hY2lvbi1wdWJsaWNhL2FiaWVydG9zLzIwMjUvY29taXNpb24tbGlxdWlkYWRvcmEuaHRtbD91dG1fY2FtcGFpZ249TGVnaXNsYWNpJUMzJUIzbiUyMFNlbWFuYWwlMjAxMCUyMGElMjAxNCUyMGRlJTIwTm92aWVtYnJlJTIwZGUlMjAyMDI1JnV0bV9tZWRpdW09ZW1haWwmdXRtX3NvdXJjZT1NYWlsamV0\" href=\"https:\/\/go.abogacia.es\/lnk\/AUkAAIMRiGoAAc4c2gAAABAXVFoAAAAA0zoAAKFsABi_EgBpFwUWefJhTBAETv64pKIH-qK_EwAYIRA\/25\/mLm5FZaWOc_drz3xPgDTaQ\/aHR0cHM6Ly93d3cuY3VsdHVyYS5nb2IuZXMvc2VydmljaW9zLWFsLWNpdWRhZGFuby9pbmZvcm1hY2lvbi1wdWJsaWNhL2F1ZGllbmNpYS1pbmZvcm1hY2lvbi1wdWJsaWNhL2FiaWVydG9zLzIwMjUvY29taXNpb24tbGlxdWlkYWRvcmEuaHRtbD91dG1fY2FtcGFpZ249TGVnaXNsYWNpJUMzJUIzbiUyMFNlbWFuYWwlMjAxMCUyMGElMjAxNCUyMGRlJTIwTm92aWVtYnJlJTIwZGUlMjAyMDI1JnV0bV9tZWRpdW09ZW1haWwmdXRtX3NvdXJjZT1NYWlsamV0\" target=\"_blank\" rel=\"noopener\" data-auth=\"NotApplicable\" data-linkindex=\"25\"><u>se regula la Comisi\u00f3n Liquidadora de Fundaciones de competencia estatal y se establecen los criterios reguladores del procedimiento de liquidaci\u00f3n a instancias del Protectorado de Fundaciones de competencia estatal<\/u><\/a>, y se modifica el Reglamento de Fundaciones de competencia estatal aprobado por el Real Decreto 1337\/2005, de 11 de noviembre.<\/li><\/ul>\t\t\t\t\t\t\t\t<\/div>\n\t\t\t\t<\/div>\n\t\t\t\t<div class=\"elementor-element elementor-element-f27d7bc elementor-widget elementor-widget-heading\" data-id=\"f27d7bc\" data-element_type=\"widget\" data-e-type=\"widget\" data-widget_type=\"heading.default\">\n\t\t\t\t<div class=\"elementor-widget-container\">\n\t\t\t\t\t<h5 class=\"elementor-heading-title elementor-size-default\">CONSULTA P\u00daBLICA PREVIA<\/h5>\t\t\t\t<\/div>\n\t\t\t\t<\/div>\n\t\t\t\t<div class=\"elementor-element elementor-element-e7efb1a elementor-widget elementor-widget-heading\" data-id=\"e7efb1a\" data-element_type=\"widget\" data-e-type=\"widget\" data-widget_type=\"heading.default\">\n\t\t\t\t<div class=\"elementor-widget-container\">\n\t\t\t\t\t<h6 class=\"elementor-heading-title elementor-size-default\">Ministerio de Econom\u00eda, Comercio y Empresa<\/h6>\t\t\t\t<\/div>\n\t\t\t\t<\/div>\n\t\t\t\t<div class=\"elementor-element elementor-element-3b9ace5 elementor-widget elementor-widget-text-editor\" data-id=\"3b9ace5\" data-element_type=\"widget\" data-e-type=\"widget\" data-widget_type=\"text-editor.default\">\n\t\t\t\t<div class=\"elementor-widget-container\">\n\t\t\t\t\t\t\t\t\t<ul><li><span data-olk-copy-source=\"MessageBody\">Proyecto de real decreto que establecer\u00e1 el\u00a0<\/span><a class=\"x_link-build-content\" title=\"https:\/\/go.abogacia.es\/lnk\/AUkAAIMRiGoAAc4c2gAAABAXVFoAAAAA0zoAAKFsABi_EgBpFwUWefJhTBAETv64pKIH-qK_EwAYIRA\/21\/WoNiJQo4cNV5AnyfrRtR4Q\/aHR0cHM6Ly9wb3J0YWwubWluZWNvLmdvYi5lcy9lcy1lcy9taW5pc3RlcmlvL3BhcnRpY2lwYWNpb25wdWJsaWNhL2NvbnN1bHRhcHVibGljYS9QYWdpbmFzL1Byb3llY3RvLXJlYWwtZGVjcmV0by1lc3RhYmxlY2VyYS1SZWdsYW1lbnRvLXNlZ3Vyby1vYmxpZ2F0b3Jpby1yZXNwb25zYWJpbGlkYWQtY2l2aWwtdmVoaWN1bG9zLXBlcnNvbmFsZXMtbGlnZXJvcy5hc3B4P3V0bV9jYW1wYWlnbj1MZWdpc2xhY2klQzMlQjNuJTIwU2VtYW5hbCUyMDEwJTIwYSUyMDE0JTIwZGUlMjBOb3ZpZW1icmUlMjBkZSUyMDIwMjUmdXRtX21lZGl1bT1lbWFpbCZ1dG1fc291cmNlPU1haWxqZXQ\" href=\"https:\/\/go.abogacia.es\/lnk\/AUkAAIMRiGoAAc4c2gAAABAXVFoAAAAA0zoAAKFsABi_EgBpFwUWefJhTBAETv64pKIH-qK_EwAYIRA\/21\/WoNiJQo4cNV5AnyfrRtR4Q\/aHR0cHM6Ly9wb3J0YWwubWluZWNvLmdvYi5lcy9lcy1lcy9taW5pc3RlcmlvL3BhcnRpY2lwYWNpb25wdWJsaWNhL2NvbnN1bHRhcHVibGljYS9QYWdpbmFzL1Byb3llY3RvLXJlYWwtZGVjcmV0by1lc3RhYmxlY2VyYS1SZWdsYW1lbnRvLXNlZ3Vyby1vYmxpZ2F0b3Jpby1yZXNwb25zYWJpbGlkYWQtY2l2aWwtdmVoaWN1bG9zLXBlcnNvbmFsZXMtbGlnZXJvcy5hc3B4P3V0bV9jYW1wYWlnbj1MZWdpc2xhY2klQzMlQjNuJTIwU2VtYW5hbCUyMDEwJTIwYSUyMDE0JTIwZGUlMjBOb3ZpZW1icmUlMjBkZSUyMDIwMjUmdXRtX21lZGl1bT1lbWFpbCZ1dG1fc291cmNlPU1haWxqZXQ\" target=\"_blank\" rel=\"noopener\" data-auth=\"NotApplicable\" data-linkindex=\"21\"><u>Reglamento del seguro obligatorio de responsabilidad civil de los veh\u00edculos personales ligeros<\/u><\/a>.<\/li><\/ul>\t\t\t\t\t\t\t\t<\/div>\n\t\t\t\t<\/div>\n\t\t\t\t<div class=\"elementor-element elementor-element-bbd5858 elementor-widget elementor-widget-heading\" data-id=\"bbd5858\" data-element_type=\"widget\" data-e-type=\"widget\" data-widget_type=\"heading.default\">\n\t\t\t\t<div class=\"elementor-widget-container\">\n\t\t\t\t\t<h6 class=\"elementor-heading-title elementor-size-default\">Ministerio de Industria y Turismo<\/h6>\t\t\t\t<\/div>\n\t\t\t\t<\/div>\n\t\t\t\t<div class=\"elementor-element elementor-element-19adbd2 elementor-widget elementor-widget-text-editor\" data-id=\"19adbd2\" data-element_type=\"widget\" data-e-type=\"widget\" data-widget_type=\"text-editor.default\">\n\t\t\t\t<div class=\"elementor-widget-container\">\n\t\t\t\t\t\t\t\t\t<ul><li><span data-olk-copy-source=\"MessageBody\">Directiva del Consejo y Parlamento Europeo por el que se modifican las Directivas 2014\/65\/UE y (UE) 2022\/2557 en relaci\u00f3n a la\u00a0<\/span><a class=\"x_link-build-content\" title=\"https:\/\/go.abogacia.es\/lnk\/AUkAAIMRiGoAAc4c2gAAABAXVFoAAAAA0zoAAKFsABi_EgBpFwUWefJhTBAETv64pKIH-qK_EwAYIRA\/22\/EiS3pDExwg6Q2xHBIzdVpQ\/aHR0cHM6Ly9pbmR1c3RyaWEuZ29iLmVzL2VzLWVzL3BhcnRpY2lwYWNpb25fcHVibGljYS9QYWdpbmFzL0RldGFsbGVQYXJ0aWNpcGFjaW9uUHVibGljYS5hc3B4P2s9NzQ0JnV0bV9jYW1wYWlnbj1MZWdpc2xhY2klQzMlQjNuJTIwU2VtYW5hbCUyMDEwJTIwYSUyMDE0JTIwZGUlMjBOb3ZpZW1icmUlMjBkZSUyMDIwMjUmdXRtX21lZGl1bT1lbWFpbCZ1dG1fc291cmNlPU1haWxqZXQ\" href=\"https:\/\/go.abogacia.es\/lnk\/AUkAAIMRiGoAAc4c2gAAABAXVFoAAAAA0zoAAKFsABi_EgBpFwUWefJhTBAETv64pKIH-qK_EwAYIRA\/22\/EiS3pDExwg6Q2xHBIzdVpQ\/aHR0cHM6Ly9pbmR1c3RyaWEuZ29iLmVzL2VzLWVzL3BhcnRpY2lwYWNpb25fcHVibGljYS9QYWdpbmFzL0RldGFsbGVQYXJ0aWNpcGFjaW9uUHVibGljYS5hc3B4P2s9NzQ0JnV0bV9jYW1wYWlnbj1MZWdpc2xhY2klQzMlQjNuJTIwU2VtYW5hbCUyMDEwJTIwYSUyMDE0JTIwZGUlMjBOb3ZpZW1icmUlMjBkZSUyMDIwMjUmdXRtX21lZGl1bT1lbWFpbCZ1dG1fc291cmNlPU1haWxqZXQ\" target=\"_blank\" rel=\"noopener\" data-auth=\"NotApplicable\" data-linkindex=\"22\"><u>ampliaci\u00f3n de determinadas medidas de mitigaci\u00f3n disponibles para pymes a \u201csmall midcaps\u201d y futuras medidas de simplificaci\u00f3n<\/u><\/a>.<\/li><\/ul>\t\t\t\t\t\t\t\t<\/div>\n\t\t\t\t<\/div>\n\t\t\t\t<div class=\"elementor-element elementor-element-ea3d607 elementor-widget elementor-widget-heading\" data-id=\"ea3d607\" data-element_type=\"widget\" data-e-type=\"widget\" data-widget_type=\"heading.default\">\n\t\t\t\t<div class=\"elementor-widget-container\">\n\t\t\t\t\t<h6 class=\"elementor-heading-title elementor-size-default\">Ministerio de Trabajo y Econom\u00eda Social<\/h6>\t\t\t\t<\/div>\n\t\t\t\t<\/div>\n\t\t\t\t<div class=\"elementor-element elementor-element-cfee935 elementor-widget elementor-widget-text-editor\" data-id=\"cfee935\" data-element_type=\"widget\" data-e-type=\"widget\" data-widget_type=\"text-editor.default\">\n\t\t\t\t<div class=\"elementor-widget-container\">\n\t\t\t\t\t\t\t\t\t<ul><li><span data-olk-copy-source=\"MessageBody\">Consulta p\u00fablica previa a la tramitaci\u00f3n del proyecto de Real Decreto por el que\u00a0<\/span><a class=\"x_link-build-content\" title=\"https:\/\/go.abogacia.es\/lnk\/AUkAAIMRiGoAAc4c2gAAABAXVFoAAAAA0zoAAKFsABi_EgBpFwUWefJhTBAETv64pKIH-qK_EwAYIRA\/23\/4duiw2J8W5zXBTwR8LEFRA\/aHR0cHM6Ly9leHBpbnRlcndlYi5taXRlcy5nb2IuZXMvcGFydGljaXBhL2xpc3RhZG8_dHJhbWl0ZT0yJmVzdGFkbz0xJnV0bV9jYW1wYWlnbj1MZWdpc2xhY2klQzMlQjNuJTIwU2VtYW5hbCUyMDEwJTIwYSUyMDE0JTIwZGUlMjBOb3ZpZW1icmUlMjBkZSUyMDIwMjUmdXRtX21lZGl1bT1lbWFpbCZ1dG1fc291cmNlPU1haWxqZXQ\" href=\"https:\/\/go.abogacia.es\/lnk\/AUkAAIMRiGoAAc4c2gAAABAXVFoAAAAA0zoAAKFsABi_EgBpFwUWefJhTBAETv64pKIH-qK_EwAYIRA\/23\/4duiw2J8W5zXBTwR8LEFRA\/aHR0cHM6Ly9leHBpbnRlcndlYi5taXRlcy5nb2IuZXMvcGFydGljaXBhL2xpc3RhZG8_dHJhbWl0ZT0yJmVzdGFkbz0xJnV0bV9jYW1wYWlnbj1MZWdpc2xhY2klQzMlQjNuJTIwU2VtYW5hbCUyMDEwJTIwYSUyMDE0JTIwZGUlMjBOb3ZpZW1icmUlMjBkZSUyMDIwMjUmdXRtX21lZGl1bT1lbWFpbCZ1dG1fc291cmNlPU1haWxqZXQ\" target=\"_blank\" rel=\"noopener\" data-auth=\"NotApplicable\" data-linkindex=\"23\"><u>se regula la relaci\u00f3n laboral de car\u00e1cter especial de las personas con discapacidad que trabajan en centros especiales de empleo.<\/u><\/a><\/li><\/ul>\t\t\t\t\t\t\t\t<\/div>\n\t\t\t\t<\/div>\n\t\t\t\t<div class=\"elementor-element elementor-element-516c373 elementor-widget elementor-widget-heading\" data-id=\"516c373\" data-element_type=\"widget\" data-e-type=\"widget\" data-widget_type=\"heading.default\">\n\t\t\t\t<div class=\"elementor-widget-container\">\n\t\t\t\t\t<h5 class=\"elementor-heading-title elementor-size-default\">BOLET\u00cdN OFICIAL DE LA JUNTA DE ANDALUC\u00cdA<\/h5>\t\t\t\t<\/div>\n\t\t\t\t<\/div>\n\t\t\t\t<div class=\"elementor-element elementor-element-1d48191 elementor-widget elementor-widget-heading\" data-id=\"1d48191\" data-element_type=\"widget\" data-e-type=\"widget\" data-widget_type=\"heading.default\">\n\t\t\t\t<div class=\"elementor-widget-container\">\n\t\t\t\t\t<h6 class=\"elementor-heading-title elementor-size-default\">Otras disposiciones \/ Consejer\u00eda de Justicia, Administraci\u00f3n Local y Funci\u00f3n P\u00fablica<\/h6>\t\t\t\t<\/div>\n\t\t\t\t<\/div>\n\t\t\t\t<div class=\"elementor-element elementor-element-1aa8ff9 elementor-widget elementor-widget-text-editor\" data-id=\"1aa8ff9\" data-element_type=\"widget\" data-e-type=\"widget\" data-widget_type=\"text-editor.default\">\n\t\t\t\t<div class=\"elementor-widget-container\">\n\t\t\t\t\t\t\t\t\t<ul><li><span data-olk-copy-source=\"MessageBody\">Resoluci\u00f3n de 10 de noviembre de 2025, de la Secretar\u00eda General para la Administraci\u00f3n P\u00fablica, por la que\u00a0<\/span><a class=\"x_link-build-content\" title=\"https:\/\/go.abogacia.es\/lnk\/AUkAAIMRiGoAAc4c2gAAABAXVFoAAAAA0zoAAKFsABi_EgBpFwUWefJhTBAETv64pKIH-qK_EwAYIRA\/26\/YMk50KRkZ9sK_1GVFUka4w\/aHR0cHM6Ly93d3cuanVudGFkZWFuZGFsdWNpYS5lcy9lYm9qYS8yMDI1LzIyMC9CT0pBMjUtMjIwLTAwMDAyLTE1MjM1LTAxXzAwMzI4ODMyLnBkZj91dG1fY2FtcGFpZ249TGVnaXNsYWNpJUMzJUIzbiUyMFNlbWFuYWwlMjAxMCUyMGElMjAxNCUyMGRlJTIwTm92aWVtYnJlJTIwZGUlMjAyMDI1JnV0bV9tZWRpdW09ZW1haWwmdXRtX3NvdXJjZT1NYWlsamV0\" href=\"https:\/\/go.abogacia.es\/lnk\/AUkAAIMRiGoAAc4c2gAAABAXVFoAAAAA0zoAAKFsABi_EgBpFwUWefJhTBAETv64pKIH-qK_EwAYIRA\/26\/YMk50KRkZ9sK_1GVFUka4w\/aHR0cHM6Ly93d3cuanVudGFkZWFuZGFsdWNpYS5lcy9lYm9qYS8yMDI1LzIyMC9CT0pBMjUtMjIwLTAwMDAyLTE1MjM1LTAxXzAwMzI4ODMyLnBkZj91dG1fY2FtcGFpZ249TGVnaXNsYWNpJUMzJUIzbiUyMFNlbWFuYWwlMjAxMCUyMGElMjAxNCUyMGRlJTIwTm92aWVtYnJlJTIwZGUlMjAyMDI1JnV0bV9tZWRpdW09ZW1haWwmdXRtX3NvdXJjZT1NYWlsamV0\" target=\"_blank\" rel=\"noopener\" data-auth=\"NotApplicable\" data-linkindex=\"26\"><u>se somete al tr\u00e1mite de audiencia e informaci\u00f3n p\u00fablica, el Proyecto de Decreto por el que se establece el Sistema de Atenci\u00f3n a Quejas, Sugerencias y Agradecimientos sobre el funcionamiento de los servicios p\u00fablicos en la Junta de Andaluc\u00eda.<\/u><\/a><\/li><\/ul>\t\t\t\t\t\t\t\t<\/div>\n\t\t\t\t<\/div>\n\t\t\t\t\t<\/div>\n\t\t<\/div>\n\t\t\t\t\t<\/div>\n\t\t<\/section>\n\t\t\t\t<\/div>\n\t\t","protected":false},"excerpt":{"rendered":"<p>Legislaci\u00f3n Semanal &#8211; Del 10 al 14 de Noviembre de 2025 BOLET\u00cdN OFICIAL DEL ESTADO Disposiciones generales \/ Ministerio de la Presidencia, Justicia y Relaciones con las Cortes Real Decreto 1026\/2025, de 12 de noviembre, por el que\u00a0se modifican diversas normas en materia de calidad alimentaria para productos de desayuno. Disposiciones generales \/ Cortes Generales [&hellip;]<\/p>\n","protected":false},"author":1,"featured_media":0,"comment_status":"open","ping_status":"open","sticky":false,"template":"","format":"standard","meta":{"footnotes":""},"categories":[1],"tags":[],"class_list":["post-17727","post","type-post","status-publish","format-standard","hentry","category-uncategorized"],"_links":{"self":[{"href":"https:\/\/cms.icacordoba.23sd.es\/index.php\/wp-json\/wp\/v2\/posts\/17727","targetHints":{"allow":["GET"]}}],"collection":[{"href":"https:\/\/cms.icacordoba.23sd.es\/index.php\/wp-json\/wp\/v2\/posts"}],"about":[{"href":"https:\/\/cms.icacordoba.23sd.es\/index.php\/wp-json\/wp\/v2\/types\/post"}],"author":[{"embeddable":true,"href":"https:\/\/cms.icacordoba.23sd.es\/index.php\/wp-json\/wp\/v2\/users\/1"}],"replies":[{"embeddable":true,"href":"https:\/\/cms.icacordoba.23sd.es\/index.php\/wp-json\/wp\/v2\/comments?post=17727"}],"version-history":[{"count":3,"href":"https:\/\/cms.icacordoba.23sd.es\/index.php\/wp-json\/wp\/v2\/posts\/17727\/revisions"}],"predecessor-version":[{"id":17731,"href":"https:\/\/cms.icacordoba.23sd.es\/index.php\/wp-json\/wp\/v2\/posts\/17727\/revisions\/17731"}],"wp:attachment":[{"href":"https:\/\/cms.icacordoba.23sd.es\/index.php\/wp-json\/wp\/v2\/media?parent=17727"}],"wp:term":[{"taxonomy":"category","embeddable":true,"href":"https:\/\/cms.icacordoba.23sd.es\/index.php\/wp-json\/wp\/v2\/categories?post=17727"},{"taxonomy":"post_tag","embeddable":true,"href":"https:\/\/cms.icacordoba.23sd.es\/index.php\/wp-json\/wp\/v2\/tags?post=17727"}],"curies":[{"name":"wp","href":"https:\/\/api.w.org\/{rel}","templated":true}]}}