{"id":17372,"date":"2025-10-27T08:19:38","date_gmt":"2025-10-27T08:19:38","guid":{"rendered":"https:\/\/cms.icacordoba.23sd.es\/index.php\/17372\/"},"modified":"2025-10-27T08:32:48","modified_gmt":"2025-10-27T08:32:48","slug":"legislacion-semanal-20-a-24-de-octubre-de-2025","status":"publish","type":"post","link":"https:\/\/cms.icacordoba.23sd.es\/index.php\/17372\/","title":{"rendered":"Legislaci\u00f3n Semanal &#8211; 20 a 24 de octubre de 2025"},"content":{"rendered":"\t\t<div data-elementor-type=\"wp-post\" data-elementor-id=\"17372\" class=\"elementor elementor-17372\" data-elementor-post-type=\"post\">\n\t\t\t\t\t\t<section class=\"elementor-section elementor-top-section elementor-element elementor-element-d4ad05e elementor-section-boxed elementor-section-height-default elementor-section-height-default\" data-id=\"d4ad05e\" data-element_type=\"section\" data-e-type=\"section\">\n\t\t\t\t\t\t<div class=\"elementor-container elementor-column-gap-default\">\n\t\t\t\t\t<div class=\"elementor-column elementor-col-100 elementor-top-column elementor-element elementor-element-8fd3471\" data-id=\"8fd3471\" data-element_type=\"column\" data-e-type=\"column\">\n\t\t\t<div class=\"elementor-widget-wrap elementor-element-populated\">\n\t\t\t\t\t\t<div class=\"elementor-element elementor-element-dc2f750 elementor-widget elementor-widget-heading\" data-id=\"dc2f750\" data-element_type=\"widget\" data-e-type=\"widget\" data-widget_type=\"heading.default\">\n\t\t\t\t<div class=\"elementor-widget-container\">\n\t\t\t\t\t<h5 class=\"elementor-heading-title elementor-size-default\">Legislaci\u00f3n Semanal - Del 20 al 24 de Octubre de 2025<\/h5>\t\t\t\t<\/div>\n\t\t\t\t<\/div>\n\t\t\t\t\t<\/div>\n\t\t<\/div>\n\t\t\t\t\t<\/div>\n\t\t<\/section>\n\t\t\t\t<section class=\"elementor-section elementor-top-section elementor-element elementor-element-1650a9b elementor-section-boxed elementor-section-height-default elementor-section-height-default\" data-id=\"1650a9b\" data-element_type=\"section\" data-e-type=\"section\">\n\t\t\t\t\t\t<div class=\"elementor-container elementor-column-gap-default\">\n\t\t\t\t\t<div class=\"elementor-column elementor-col-100 elementor-top-column elementor-element elementor-element-63ccb0c\" data-id=\"63ccb0c\" data-element_type=\"column\" data-e-type=\"column\">\n\t\t\t<div class=\"elementor-widget-wrap elementor-element-populated\">\n\t\t\t\t\t\t<div class=\"elementor-element elementor-element-f11a3f0 elementor-widget elementor-widget-heading\" data-id=\"f11a3f0\" data-element_type=\"widget\" data-e-type=\"widget\" data-widget_type=\"heading.default\">\n\t\t\t\t<div class=\"elementor-widget-container\">\n\t\t\t\t\t<h5 class=\"elementor-heading-title elementor-size-default\">BOLET\u00cdN OFICIAL DEL ESTADO<\/h5>\t\t\t\t<\/div>\n\t\t\t\t<\/div>\n\t\t\t\t<div class=\"elementor-element elementor-element-b01cb44 elementor-widget elementor-widget-heading\" data-id=\"b01cb44\" data-element_type=\"widget\" data-e-type=\"widget\" data-widget_type=\"heading.default\">\n\t\t\t\t<div class=\"elementor-widget-container\">\n\t\t\t\t\t<h6 class=\"elementor-heading-title elementor-size-default\">Disposiciones generales \/ Jefatura Del Estado<\/h6>\t\t\t\t<\/div>\n\t\t\t\t<\/div>\n\t\t\t\t<div class=\"elementor-element elementor-element-b055abe elementor-widget elementor-widget-text-editor\" data-id=\"b055abe\" data-element_type=\"widget\" data-e-type=\"widget\" data-widget_type=\"text-editor.default\">\n\t\t\t\t<div class=\"elementor-widget-container\">\n\t\t\t\t\t\t\t\t\t<ul><li><span data-olk-copy-source=\"MessageBody\">Real Decreto-ley 11\/2025, de 21 de octubre, por el que se establecen<\/span><a class=\"x_link-build-content\" title=\"https:\/\/go.abogacia.es\/lnk\/AWsAAIH7IP8AAc4czBIAABAXVFoAAAAA0zoAAKFsABi_EgBo-ynfOIpmR6rUQlG7vEo7rGEn1QAYIRA\/2\/mOH6zHbJ5adPqUoIm-Fcmg\/aHR0cHM6Ly93d3cuYm9lLmVzL2JvZS9kaWFzLzIwMjUvMTAvMjIvcGRmcy9CT0UtQS0yMDI1LTIxMjA1LnBkZj91dG1fY2FtcGFpZ249TGVnaXNsYWNpJUMzJUIzbiUyMFNlbWFuYWwlMjAyMCUyMGElMjAyNCUyMGRlJTIwT2N0dWJyZSUyMGRlJTIwMjAyNSZ1dG1fbWVkaXVtPWVtYWlsJnV0bV9zb3VyY2U9TWFpbGpldA\" href=\"https:\/\/go.abogacia.es\/lnk\/AWsAAIH7IP8AAc4czBIAABAXVFoAAAAA0zoAAKFsABi_EgBo-ynfOIpmR6rUQlG7vEo7rGEn1QAYIRA\/2\/mOH6zHbJ5adPqUoIm-Fcmg\/aHR0cHM6Ly93d3cuYm9lLmVzL2JvZS9kaWFzLzIwMjUvMTAvMjIvcGRmcy9CT0UtQS0yMDI1LTIxMjA1LnBkZj91dG1fY2FtcGFpZ249TGVnaXNsYWNpJUMzJUIzbiUyMFNlbWFuYWwlMjAyMCUyMGElMjAyNCUyMGRlJTIwT2N0dWJyZSUyMGRlJTIwMjAyNSZ1dG1fbWVkaXVtPWVtYWlsJnV0bV9zb3VyY2U9TWFpbGpldA\" target=\"_blank\" rel=\"noopener\" data-auth=\"NotApplicable\" data-linkindex=\"2\"><u>\u00a0medidas para el fortalecimiento del Sistema para la Autonom\u00eda y Atenci\u00f3n a la Dependencia y cumplir con las obligaciones establecidas en la Ley 3\/2024, de 30 de octubre, para mejorar la calidad de vida de las personas con Esclerosis Lateral Amiotr\u00f3fica y otras enfermedades o procesos de alta complejidad<\/u><\/a>\u00a0y curso irreversible.<\/li><li>\u00a0<\/li><\/ul>\t\t\t\t\t\t\t\t<\/div>\n\t\t\t\t<\/div>\n\t\t\t\t<div class=\"elementor-element elementor-element-f1b1f3e elementor-widget elementor-widget-heading\" data-id=\"f1b1f3e\" data-element_type=\"widget\" data-e-type=\"widget\" data-widget_type=\"heading.default\">\n\t\t\t\t<div class=\"elementor-widget-container\">\n\t\t\t\t\t<h6 class=\"elementor-heading-title elementor-size-default\">Disposiciones generales \/ Ministerio de Asuntos Exteriores, Uni\u00f3n Europea y Cooperaci\u00f3n<\/h6>\t\t\t\t<\/div>\n\t\t\t\t<\/div>\n\t\t\t\t<div class=\"elementor-element elementor-element-de3a193 elementor-widget elementor-widget-text-editor\" data-id=\"de3a193\" data-element_type=\"widget\" data-e-type=\"widget\" data-widget_type=\"text-editor.default\">\n\t\t\t\t<div class=\"elementor-widget-container\">\n\t\t\t\t\t\t\t\t\t<ul><li><span data-olk-copy-source=\"MessageBody\">Acuerdo entre el Reino de Espa\u00f1a y la Corte Penal Internacional relativo a la\u00a0<\/span><a class=\"x_link-build-content\" title=\"https:\/\/go.abogacia.es\/lnk\/AWsAAIH7IP8AAc4czBIAABAXVFoAAAAA0zoAAKFsABi_EgBo-ynfOIpmR6rUQlG7vEo7rGEn1QAYIRA\/3\/lTxyenLdsC4W9JhOqyn3xw\/aHR0cHM6Ly93d3cuYm9lLmVzL2JvZS9kaWFzLzIwMjUvMTAvMjEvcGRmcy9CT0UtQS0yMDI1LTIxMTIxLnBkZj91dG1fY2FtcGFpZ249TGVnaXNsYWNpJUMzJUIzbiUyMFNlbWFuYWwlMjAyMCUyMGElMjAyNCUyMGRlJTIwT2N0dWJyZSUyMGRlJTIwMjAyNSZ1dG1fbWVkaXVtPWVtYWlsJnV0bV9zb3VyY2U9TWFpbGpldA\" href=\"https:\/\/go.abogacia.es\/lnk\/AWsAAIH7IP8AAc4czBIAABAXVFoAAAAA0zoAAKFsABi_EgBo-ynfOIpmR6rUQlG7vEo7rGEn1QAYIRA\/3\/lTxyenLdsC4W9JhOqyn3xw\/aHR0cHM6Ly93d3cuYm9lLmVzL2JvZS9kaWFzLzIwMjUvMTAvMjEvcGRmcy9CT0UtQS0yMDI1LTIxMTIxLnBkZj91dG1fY2FtcGFpZ249TGVnaXNsYWNpJUMzJUIzbiUyMFNlbWFuYWwlMjAyMCUyMGElMjAyNCUyMGRlJTIwT2N0dWJyZSUyMGRlJTIwMjAyNSZ1dG1fbWVkaXVtPWVtYWlsJnV0bV9zb3VyY2U9TWFpbGpldA\" target=\"_blank\" rel=\"noopener\" data-auth=\"NotApplicable\" data-linkindex=\"3\"><u>ejecuci\u00f3n de las penas de la Corte Penal Internacional<\/u><\/a>, hecho en La Haya el 8 de diciembre de 2022.<\/li><\/ul>\t\t\t\t\t\t\t\t<\/div>\n\t\t\t\t<\/div>\n\t\t\t\t<div class=\"elementor-element elementor-element-32beb83 elementor-widget elementor-widget-heading\" data-id=\"32beb83\" data-element_type=\"widget\" data-e-type=\"widget\" data-widget_type=\"heading.default\">\n\t\t\t\t<div class=\"elementor-widget-container\">\n\t\t\t\t\t<h6 class=\"elementor-heading-title elementor-size-default\">Disposiciones generales \/ Comunidad Aut\u00f3noma de Canarias<\/h6>\t\t\t\t<\/div>\n\t\t\t\t<\/div>\n\t\t\t\t<div class=\"elementor-element elementor-element-da95766 elementor-widget elementor-widget-text-editor\" data-id=\"da95766\" data-element_type=\"widget\" data-e-type=\"widget\" data-widget_type=\"text-editor.default\">\n\t\t\t\t<div class=\"elementor-widget-container\">\n\t\t\t\t\t\t\t\t\t<ul><li><span data-olk-copy-source=\"MessageBody\">Ley 3\/2025, de 25 de julio, de\u00a0<\/span><a class=\"x_link-build-content\" title=\"https:\/\/go.abogacia.es\/lnk\/AWsAAIH7IP8AAc4czBIAABAXVFoAAAAA0zoAAKFsABi_EgBo-ynfOIpmR6rUQlG7vEo7rGEn1QAYIRA\/4\/ky5msPWw3Zz0--MGLrvpIA\/aHR0cHM6Ly93d3cuYm9lLmVzL2JvZS9kaWFzLzIwMjUvMTAvMTgvcGRmcy9CT0UtQS0yMDI1LTIwOTAxLnBkZj91dG1fY2FtcGFpZ249TGVnaXNsYWNpJUMzJUIzbiUyMFNlbWFuYWwlMjAyMCUyMGElMjAyNCUyMGRlJTIwT2N0dWJyZSUyMGRlJTIwMjAyNSZ1dG1fbWVkaXVtPWVtYWlsJnV0bV9zb3VyY2U9TWFpbGpldA\" href=\"https:\/\/go.abogacia.es\/lnk\/AWsAAIH7IP8AAc4czBIAABAXVFoAAAAA0zoAAKFsABi_EgBo-ynfOIpmR6rUQlG7vEo7rGEn1QAYIRA\/4\/ky5msPWw3Zz0--MGLrvpIA\/aHR0cHM6Ly93d3cuYm9lLmVzL2JvZS9kaWFzLzIwMjUvMTAvMTgvcGRmcy9CT0UtQS0yMDI1LTIwOTAxLnBkZj91dG1fY2FtcGFpZ249TGVnaXNsYWNpJUMzJUIzbiUyMFNlbWFuYWwlMjAyMCUyMGElMjAyNCUyMGRlJTIwT2N0dWJyZSUyMGRlJTIwMjAyNSZ1dG1fbWVkaXVtPWVtYWlsJnV0bV9zb3VyY2U9TWFpbGpldA\" target=\"_blank\" rel=\"noopener\" data-auth=\"NotApplicable\" data-linkindex=\"4\"><u>modificaci\u00f3n de la Ley 11\/2003, de 4 de abril, sobre Consejos Sociales y Coordinaci\u00f3n del Sistema Universitario<\/u><\/a>\u00a0de Canarias.<\/li><\/ul>\t\t\t\t\t\t\t\t<\/div>\n\t\t\t\t<\/div>\n\t\t\t\t<div class=\"elementor-element elementor-element-0bf7edc elementor-widget elementor-widget-heading\" data-id=\"0bf7edc\" data-element_type=\"widget\" data-e-type=\"widget\" data-widget_type=\"heading.default\">\n\t\t\t\t<div class=\"elementor-widget-container\">\n\t\t\t\t\t<h6 class=\"elementor-heading-title elementor-size-default\">Disposiciones generales \/ Comunidad Aut\u00f3noma de Galicia<\/h6>\t\t\t\t<\/div>\n\t\t\t\t<\/div>\n\t\t\t\t<div class=\"elementor-element elementor-element-c839fe3 elementor-widget elementor-widget-text-editor\" data-id=\"c839fe3\" data-element_type=\"widget\" data-e-type=\"widget\" data-widget_type=\"text-editor.default\">\n\t\t\t\t<div class=\"elementor-widget-container\">\n\t\t\t\t\t\t\t\t\t<ul><li><span data-olk-copy-source=\"MessageBody\">Ley 2\/2025, de 2 de abril, para el\u00a0<\/span><a class=\"x_link-build-content\" title=\"https:\/\/go.abogacia.es\/lnk\/AWsAAIH7IP8AAc4czBIAABAXVFoAAAAA0zoAAKFsABi_EgBo-ynfOIpmR6rUQlG7vEo7rGEn1QAYIRA\/5\/b0oqAFzXNXIA63udBhzIgA\/aHR0cHM6Ly93d3cuYm9lLmVzL2JvZS9kaWFzLzIwMjUvMTAvMjAvcGRmcy9CT0UtQS0yMDI1LTIxMDI2LnBkZj91dG1fY2FtcGFpZ249TGVnaXNsYWNpJUMzJUIzbiUyMFNlbWFuYWwlMjAyMCUyMGElMjAyNCUyMGRlJTIwT2N0dWJyZSUyMGRlJTIwMjAyNSZ1dG1fbWVkaXVtPWVtYWlsJnV0bV9zb3VyY2U9TWFpbGpldA\" href=\"https:\/\/go.abogacia.es\/lnk\/AWsAAIH7IP8AAc4czBIAABAXVFoAAAAA0zoAAKFsABi_EgBo-ynfOIpmR6rUQlG7vEo7rGEn1QAYIRA\/5\/b0oqAFzXNXIA63udBhzIgA\/aHR0cHM6Ly93d3cuYm9lLmVzL2JvZS9kaWFzLzIwMjUvMTAvMjAvcGRmcy9CT0UtQS0yMDI1LTIxMDI2LnBkZj91dG1fY2FtcGFpZ249TGVnaXNsYWNpJUMzJUIzbiUyMFNlbWFuYWwlMjAyMCUyMGElMjAyNCUyMGRlJTIwT2N0dWJyZSUyMGRlJTIwMjAyNSZ1dG1fbWVkaXVtPWVtYWlsJnV0bV9zb3VyY2U9TWFpbGpldA\" target=\"_blank\" rel=\"noopener\" data-auth=\"NotApplicable\" data-linkindex=\"5\"><u>desarrollo e impulso de la inteligencia artificial<\/u><\/a>\u00a0en Galicia.<\/li><\/ul>\t\t\t\t\t\t\t\t<\/div>\n\t\t\t\t<\/div>\n\t\t\t\t<div class=\"elementor-element elementor-element-7bd2df7 elementor-widget elementor-widget-heading\" data-id=\"7bd2df7\" data-element_type=\"widget\" data-e-type=\"widget\" data-widget_type=\"heading.default\">\n\t\t\t\t<div class=\"elementor-widget-container\">\n\t\t\t\t\t<h6 class=\"elementor-heading-title elementor-size-default\">Otras disposiciones \/ Ministerio de Asuntos Exteriores, Uni\u00f3n Europea y Cooperaci\u00f3n<\/h6>\t\t\t\t<\/div>\n\t\t\t\t<\/div>\n\t\t\t\t<div class=\"elementor-element elementor-element-15abe94 elementor-widget elementor-widget-text-editor\" data-id=\"15abe94\" data-element_type=\"widget\" data-e-type=\"widget\" data-widget_type=\"text-editor.default\">\n\t\t\t\t<div class=\"elementor-widget-container\">\n\t\t\t\t\t\t\t\t\t<ul><li><span data-olk-copy-source=\"MessageBody\">Resoluci\u00f3n de 14 de octubre de 2025, de la Secretar\u00eda General T\u00e9cnica, por la que se publica el\u00a0<\/span><a class=\"x_link-build-content\" title=\"https:\/\/go.abogacia.es\/lnk\/AWsAAIH7IP8AAc4czBIAABAXVFoAAAAA0zoAAKFsABi_EgBo-ynfOIpmR6rUQlG7vEo7rGEn1QAYIRA\/6\/hdMubbiILagaViagBnAZaw\/aHR0cHM6Ly93d3cuYm9lLmVzL2JvZS9kaWFzLzIwMjUvMTAvMjEvcGRmcy9CT0UtQS0yMDI1LTIxMTYzLnBkZj91dG1fY2FtcGFpZ249TGVnaXNsYWNpJUMzJUIzbiUyMFNlbWFuYWwlMjAyMCUyMGElMjAyNCUyMGRlJTIwT2N0dWJyZSUyMGRlJTIwMjAyNSZ1dG1fbWVkaXVtPWVtYWlsJnV0bV9zb3VyY2U9TWFpbGpldA\" href=\"https:\/\/go.abogacia.es\/lnk\/AWsAAIH7IP8AAc4czBIAABAXVFoAAAAA0zoAAKFsABi_EgBo-ynfOIpmR6rUQlG7vEo7rGEn1QAYIRA\/6\/hdMubbiILagaViagBnAZaw\/aHR0cHM6Ly93d3cuYm9lLmVzL2JvZS9kaWFzLzIwMjUvMTAvMjEvcGRmcy9CT0UtQS0yMDI1LTIxMTYzLnBkZj91dG1fY2FtcGFpZ249TGVnaXNsYWNpJUMzJUIzbiUyMFNlbWFuYWwlMjAyMCUyMGElMjAyNCUyMGRlJTIwT2N0dWJyZSUyMGRlJTIwMjAyNSZ1dG1fbWVkaXVtPWVtYWlsJnV0bV9zb3VyY2U9TWFpbGpldA\" target=\"_blank\" rel=\"noopener\" data-auth=\"NotApplicable\" data-linkindex=\"6\"><u>Convenio con la Uni\u00f3n Internacional de Abogados, para la promoci\u00f3n conjunta de la lengua espa\u00f1ola en el mundo jur\u00eddico<\/u><\/a>.<\/li><\/ul>\t\t\t\t\t\t\t\t<\/div>\n\t\t\t\t<\/div>\n\t\t\t\t<div class=\"elementor-element elementor-element-88fb01c elementor-widget elementor-widget-heading\" data-id=\"88fb01c\" data-element_type=\"widget\" data-e-type=\"widget\" data-widget_type=\"heading.default\">\n\t\t\t\t<div class=\"elementor-widget-container\">\n\t\t\t\t\t<h6 class=\"elementor-heading-title elementor-size-default\">Otras disposiciones \/ Ministerio de Igualdad<\/h6>\t\t\t\t<\/div>\n\t\t\t\t<\/div>\n\t\t\t\t<div class=\"elementor-element elementor-element-6fe015e elementor-widget elementor-widget-text-editor\" data-id=\"6fe015e\" data-element_type=\"widget\" data-e-type=\"widget\" data-widget_type=\"text-editor.default\">\n\t\t\t\t<div class=\"elementor-widget-container\">\n\t\t\t\t\t\t\t\t\t<ul><li><span data-olk-copy-source=\"MessageBody\">Resoluci\u00f3n de 15 de octubre de 2025, de la Direcci\u00f3n General para la Igualdad real y efectiva de las personas LGTBI+, por la que se publica el\u00a0<\/span><a class=\"x_link-build-content\" title=\"https:\/\/go.abogacia.es\/lnk\/AWsAAIH7IP8AAc4czBIAABAXVFoAAAAA0zoAAKFsABi_EgBo-ynfOIpmR6rUQlG7vEo7rGEn1QAYIRA\/7\/nbDdxA9kEVVseBdmih_skQ\/aHR0cHM6Ly93d3cuYm9lLmVzL2JvZS9kaWFzLzIwMjUvMTAvMjQvcGRmcy9CT0UtQS0yMDI1LTIxNDM4LnBkZj91dG1fY2FtcGFpZ249TGVnaXNsYWNpJUMzJUIzbiUyMFNlbWFuYWwlMjAyMCUyMGElMjAyNCUyMGRlJTIwT2N0dWJyZSUyMGRlJTIwMjAyNSZ1dG1fbWVkaXVtPWVtYWlsJnV0bV9zb3VyY2U9TWFpbGpldA\" href=\"https:\/\/go.abogacia.es\/lnk\/AWsAAIH7IP8AAc4czBIAABAXVFoAAAAA0zoAAKFsABi_EgBo-ynfOIpmR6rUQlG7vEo7rGEn1QAYIRA\/7\/nbDdxA9kEVVseBdmih_skQ\/aHR0cHM6Ly93d3cuYm9lLmVzL2JvZS9kaWFzLzIwMjUvMTAvMjQvcGRmcy9CT0UtQS0yMDI1LTIxNDM4LnBkZj91dG1fY2FtcGFpZ249TGVnaXNsYWNpJUMzJUIzbiUyMFNlbWFuYWwlMjAyMCUyMGElMjAyNCUyMGRlJTIwT2N0dWJyZSUyMGRlJTIwMjAyNSZ1dG1fbWVkaXVtPWVtYWlsJnV0bV9zb3VyY2U9TWFpbGpldA\" target=\"_blank\" rel=\"noopener\" data-auth=\"NotApplicable\" data-linkindex=\"7\"><u>Convenio con la Comunidad Aut\u00f3noma del Pa\u00eds Vasco, para la prestaci\u00f3n del servicio telef\u00f3nico de informaci\u00f3n y atenci\u00f3n integral en materia de LGTBIfobia<\/u><\/a>.<\/li><\/ul>\t\t\t\t\t\t\t\t<\/div>\n\t\t\t\t<\/div>\n\t\t\t\t<div class=\"elementor-element elementor-element-30e279a elementor-widget elementor-widget-heading\" data-id=\"30e279a\" data-element_type=\"widget\" data-e-type=\"widget\" data-widget_type=\"heading.default\">\n\t\t\t\t<div class=\"elementor-widget-container\">\n\t\t\t\t\t<h5 class=\"elementor-heading-title elementor-size-default\">DIARIO OFICIAL DE LA UNI\u00d3N EUROPEA<\/h5>\t\t\t\t<\/div>\n\t\t\t\t<\/div>\n\t\t\t\t<div class=\"elementor-element elementor-element-28d610e elementor-widget elementor-widget-heading\" data-id=\"28d610e\" data-element_type=\"widget\" data-e-type=\"widget\" data-widget_type=\"heading.default\">\n\t\t\t\t<div class=\"elementor-widget-container\">\n\t\t\t\t\t<h6 class=\"elementor-heading-title elementor-size-default\">Legislaci\u00f3n<\/h6>\t\t\t\t<\/div>\n\t\t\t\t<\/div>\n\t\t\t\t<div class=\"elementor-element elementor-element-29a9fe6 elementor-widget elementor-widget-text-editor\" data-id=\"29a9fe6\" data-element_type=\"widget\" data-e-type=\"widget\" data-widget_type=\"text-editor.default\">\n\t\t\t\t<div class=\"elementor-widget-container\">\n\t\t\t\t\t\t\t\t\t<ul><li><span data-olk-copy-source=\"MessageBody\">Reglamento (UE) 2025\/2033 del Consejo de 23 de octubre de 2025 por el que<\/span><a class=\"x_link-build-content\" title=\"https:\/\/go.abogacia.es\/lnk\/AWsAAIH7IP8AAc4czBIAABAXVFoAAAAA0zoAAKFsABi_EgBo-ynfOIpmR6rUQlG7vEo7rGEn1QAYIRA\/8\/JQFUpWG4V4T4g2uC99B1Cw\/aHR0cHM6Ly9ldXItbGV4LmV1cm9wYS5ldS9sZWdhbC1jb250ZW50L0VTL1RYVC9QREYvP3VyaT1PSjpMXzIwMjUwMjAzMyZ1dG1fY2FtcGFpZ249TGVnaXNsYWNpJUMzJUIzbiUyMFNlbWFuYWwlMjAyMCUyMGElMjAyNCUyMGRlJTIwT2N0dWJyZSUyMGRlJTIwMjAyNSZ1dG1fbWVkaXVtPWVtYWlsJnV0bV9zb3VyY2U9TWFpbGpldA\" href=\"https:\/\/go.abogacia.es\/lnk\/AWsAAIH7IP8AAc4czBIAABAXVFoAAAAA0zoAAKFsABi_EgBo-ynfOIpmR6rUQlG7vEo7rGEn1QAYIRA\/8\/JQFUpWG4V4T4g2uC99B1Cw\/aHR0cHM6Ly9ldXItbGV4LmV1cm9wYS5ldS9sZWdhbC1jb250ZW50L0VTL1RYVC9QREYvP3VyaT1PSjpMXzIwMjUwMjAzMyZ1dG1fY2FtcGFpZ249TGVnaXNsYWNpJUMzJUIzbiUyMFNlbWFuYWwlMjAyMCUyMGElMjAyNCUyMGRlJTIwT2N0dWJyZSUyMGRlJTIwMjAyNSZ1dG1fbWVkaXVtPWVtYWlsJnV0bV9zb3VyY2U9TWFpbGpldA\" target=\"_blank\" rel=\"noopener\" data-auth=\"NotApplicable\" data-linkindex=\"8\"><u>\u00a0se modifica el Reglamento (UE) n.o 833\/2014 relativo a medidas restrictivas motivadas por acciones de Rusia que desestabilizan la situaci\u00f3n en Ucrania<\/u><\/a>.<\/li><\/ul>\t\t\t\t\t\t\t\t<\/div>\n\t\t\t\t<\/div>\n\t\t\t\t<div class=\"elementor-element elementor-element-d7b757a elementor-widget elementor-widget-heading\" data-id=\"d7b757a\" data-element_type=\"widget\" data-e-type=\"widget\" data-widget_type=\"heading.default\">\n\t\t\t\t<div class=\"elementor-widget-container\">\n\t\t\t\t\t<h5 class=\"elementor-heading-title elementor-size-default\">CONGRESO DE LOS DIPUTADOS<\/h5>\t\t\t\t<\/div>\n\t\t\t\t<\/div>\n\t\t\t\t<div class=\"elementor-element elementor-element-28b063a elementor-widget elementor-widget-heading\" data-id=\"28b063a\" data-element_type=\"widget\" data-e-type=\"widget\" data-widget_type=\"heading.default\">\n\t\t\t\t<div class=\"elementor-widget-container\">\n\t\t\t\t\t<h6 class=\"elementor-heading-title elementor-size-default\">Proposiciones de ley<\/h6>\t\t\t\t<\/div>\n\t\t\t\t<\/div>\n\t\t\t\t<div class=\"elementor-element elementor-element-4f3fe96 elementor-widget elementor-widget-text-editor\" data-id=\"4f3fe96\" data-element_type=\"widget\" data-e-type=\"widget\" data-widget_type=\"text-editor.default\">\n\t\t\t\t<div class=\"elementor-widget-container\">\n\t\t\t\t\t\t\t\t\t<ul><li><span data-olk-copy-source=\"MessageBody\">Proyecto de Ley de\u00a0<\/span><a class=\"x_link-build-content\" title=\"https:\/\/go.abogacia.es\/lnk\/AWsAAIH7IP8AAc4czBIAABAXVFoAAAAA0zoAAKFsABi_EgBo-ynfOIpmR6rUQlG7vEo7rGEn1QAYIRA\/9\/rAkYpRw3MTfajGhCCUjRwQ\/aHR0cHM6Ly93d3cuY29uZ3Jlc28uZXMvcHVibGljX29maWNpYWxlcy9MMTUvQ09ORy9CT0NHL0EvQk9DRy0xNS1BLTktOC5QREY_dXRtX2NhbXBhaWduPUxlZ2lzbGFjaSVDMyVCM24lMjBTZW1hbmFsJTIwMjAlMjBhJTIwMjQlMjBkZSUyME9jdHVicmUlMjBkZSUyMDIwMjUmdXRtX21lZGl1bT1lbWFpbCZ1dG1fc291cmNlPU1haWxqZXQ\" href=\"https:\/\/go.abogacia.es\/lnk\/AWsAAIH7IP8AAc4czBIAABAXVFoAAAAA0zoAAKFsABi_EgBo-ynfOIpmR6rUQlG7vEo7rGEn1QAYIRA\/9\/rAkYpRw3MTfajGhCCUjRwQ\/aHR0cHM6Ly93d3cuY29uZ3Jlc28uZXMvcHVibGljX29maWNpYWxlcy9MMTUvQ09ORy9CT0NHL0EvQk9DRy0xNS1BLTktOC5QREY_dXRtX2NhbXBhaWduPUxlZ2lzbGFjaSVDMyVCM24lMjBTZW1hbmFsJTIwMjAlMjBhJTIwMjQlMjBkZSUyME9jdHVicmUlMjBkZSUyMDIwMjUmdXRtX21lZGl1bT1lbWFpbCZ1dG1fc291cmNlPU1haWxqZXQ\" target=\"_blank\" rel=\"noopener\" data-auth=\"NotApplicable\" data-linkindex=\"9\"><u>Movilidad Sostenible<\/u><\/a>.\u00a0<i>Aprobaci\u00f3n por el Pleno<\/i><\/li><\/ul>\t\t\t\t\t\t\t\t<\/div>\n\t\t\t\t<\/div>\n\t\t\t\t<div class=\"elementor-element elementor-element-82de95c elementor-widget elementor-widget-heading\" data-id=\"82de95c\" data-element_type=\"widget\" data-e-type=\"widget\" data-widget_type=\"heading.default\">\n\t\t\t\t<div class=\"elementor-widget-container\">\n\t\t\t\t\t<h5 class=\"elementor-heading-title elementor-size-default\">SENADO<\/h5>\t\t\t\t<\/div>\n\t\t\t\t<\/div>\n\t\t\t\t<div class=\"elementor-element elementor-element-ec5b984 elementor-widget elementor-widget-heading\" data-id=\"ec5b984\" data-element_type=\"widget\" data-e-type=\"widget\" data-widget_type=\"heading.default\">\n\t\t\t\t<div class=\"elementor-widget-container\">\n\t\t\t\t\t<h6 class=\"elementor-heading-title elementor-size-default\">Proposiciones de Ley<\/h6>\t\t\t\t<\/div>\n\t\t\t\t<\/div>\n\t\t\t\t<div class=\"elementor-element elementor-element-ec049b0 elementor-widget elementor-widget-text-editor\" data-id=\"ec049b0\" data-element_type=\"widget\" data-e-type=\"widget\" data-widget_type=\"text-editor.default\">\n\t\t\t\t<div class=\"elementor-widget-container\">\n\t\t\t\t\t\t\t\t\t<ul><li><span data-olk-copy-source=\"MessageBody\">Proposici\u00f3n de Ley Org\u00e1nica para la\u00a0<\/span><a class=\"x_link-build-content\" title=\"https:\/\/go.abogacia.es\/lnk\/AWsAAIH7IP8AAc4czBIAABAXVFoAAAAA0zoAAKFsABi_EgBo-ynfOIpmR6rUQlG7vEo7rGEn1QAYIRA\/13\/-TW7EBW6BTTtYToEIvfuSA\/aHR0cHM6Ly93d3cuc2VuYWRvLmVzL2xlZ2lzMTUvcHVibGljYWNpb25lcy9wZGYvc2VuYWRvL2JvY2cvQk9DR19EXzE1XzMyM18yODUwLlBERj91dG1fY2FtcGFpZ249TGVnaXNsYWNpJUMzJUIzbiUyMFNlbWFuYWwlMjAyMCUyMGElMjAyNCUyMGRlJTIwT2N0dWJyZSUyMGRlJTIwMjAyNSZ1dG1fbWVkaXVtPWVtYWlsJnV0bV9zb3VyY2U9TWFpbGpldA\" href=\"https:\/\/go.abogacia.es\/lnk\/AWsAAIH7IP8AAc4czBIAABAXVFoAAAAA0zoAAKFsABi_EgBo-ynfOIpmR6rUQlG7vEo7rGEn1QAYIRA\/13\/-TW7EBW6BTTtYToEIvfuSA\/aHR0cHM6Ly93d3cuc2VuYWRvLmVzL2xlZ2lzMTUvcHVibGljYWNpb25lcy9wZGYvc2VuYWRvL2JvY2cvQk9DR19EXzE1XzMyM18yODUwLlBERj91dG1fY2FtcGFpZ249TGVnaXNsYWNpJUMzJUIzbiUyMFNlbWFuYWwlMjAyMCUyMGElMjAyNCUyMGRlJTIwT2N0dWJyZSUyMGRlJTIwMjAyNSZ1dG1fbWVkaXVtPWVtYWlsJnV0bV9zb3VyY2U9TWFpbGpldA\" target=\"_blank\" rel=\"noopener\" data-auth=\"NotApplicable\" data-linkindex=\"13\"><u>protecci\u00f3n de los menores tutelados en situaci\u00f3n de desamparo<\/u><\/a>.\u00a0<i>Proposiciones de ley alternativas<\/i><\/li><li>Proposici\u00f3n de Ley Org\u00e1nica relativa a la\u00a0<a class=\"x_link-build-content\" title=\"https:\/\/go.abogacia.es\/lnk\/AWsAAIH7IP8AAc4czBIAABAXVFoAAAAA0zoAAKFsABi_EgBo-ynfOIpmR6rUQlG7vEo7rGEn1QAYIRA\/14\/6CurSIGbCW60NxkCPsaYpw\/aHR0cHM6Ly93d3cuc2VuYWRvLmVzL2xlZ2lzMTUvcHVibGljYWNpb25lcy9wZGYvc2VuYWRvL2JvY2cvQk9DR19EXzE1XzMyM18yODUxLlBERj91dG1fY2FtcGFpZ249TGVnaXNsYWNpJUMzJUIzbiUyMFNlbWFuYWwlMjAyMCUyMGElMjAyNCUyMGRlJTIwT2N0dWJyZSUyMGRlJTIwMjAyNSZ1dG1fbWVkaXVtPWVtYWlsJnV0bV9zb3VyY2U9TWFpbGpldA\" href=\"https:\/\/go.abogacia.es\/lnk\/AWsAAIH7IP8AAc4czBIAABAXVFoAAAAA0zoAAKFsABi_EgBo-ynfOIpmR6rUQlG7vEo7rGEn1QAYIRA\/14\/6CurSIGbCW60NxkCPsaYpw\/aHR0cHM6Ly93d3cuc2VuYWRvLmVzL2xlZ2lzMTUvcHVibGljYWNpb25lcy9wZGYvc2VuYWRvL2JvY2cvQk9DR19EXzE1XzMyM18yODUxLlBERj91dG1fY2FtcGFpZ249TGVnaXNsYWNpJUMzJUIzbiUyMFNlbWFuYWwlMjAyMCUyMGElMjAyNCUyMGRlJTIwT2N0dWJyZSUyMGRlJTIwMjAyNSZ1dG1fbWVkaXVtPWVtYWlsJnV0bV9zb3VyY2U9TWFpbGpldA\" target=\"_blank\" rel=\"noopener\" data-auth=\"NotApplicable\" data-linkindex=\"14\"><u>escolarizaci\u00f3n del alumnado con necesidades educativas especiales<\/u><\/a>.\u00a0<i>Proposiciones de Ley alternativas<\/i><\/li><li>Proposici\u00f3n de Ley Org\u00e1nica de\u00a0<a class=\"x_link-build-content\" title=\"https:\/\/go.abogacia.es\/lnk\/AWsAAIH7IP8AAc4czBIAABAXVFoAAAAA0zoAAKFsABi_EgBo-ynfOIpmR6rUQlG7vEo7rGEn1QAYIRA\/15\/neyDFQexnO8LuUGIwuXSuw\/aHR0cHM6Ly93d3cuc2VuYWRvLmVzL2xlZ2lzMTUvcHVibGljYWNpb25lcy9wZGYvc2VuYWRvL2JvY2cvQk9DR19EXzE1XzMyNF8yODU1LlBERj91dG1fY2FtcGFpZ249TGVnaXNsYWNpJUMzJUIzbiUyMFNlbWFuYWwlMjAyMCUyMGElMjAyNCUyMGRlJTIwT2N0dWJyZSUyMGRlJTIwMjAyNSZ1dG1fbWVkaXVtPWVtYWlsJnV0bV9zb3VyY2U9TWFpbGpldA\" href=\"https:\/\/go.abogacia.es\/lnk\/AWsAAIH7IP8AAc4czBIAABAXVFoAAAAA0zoAAKFsABi_EgBo-ynfOIpmR6rUQlG7vEo7rGEn1QAYIRA\/15\/neyDFQexnO8LuUGIwuXSuw\/aHR0cHM6Ly93d3cuc2VuYWRvLmVzL2xlZ2lzMTUvcHVibGljYWNpb25lcy9wZGYvc2VuYWRvL2JvY2cvQk9DR19EXzE1XzMyNF8yODU1LlBERj91dG1fY2FtcGFpZ249TGVnaXNsYWNpJUMzJUIzbiUyMFNlbWFuYWwlMjAyMCUyMGElMjAyNCUyMGRlJTIwT2N0dWJyZSUyMGRlJTIwMjAyNSZ1dG1fbWVkaXVtPWVtYWlsJnV0bV9zb3VyY2U9TWFpbGpldA\" target=\"_blank\" rel=\"noopener\" data-auth=\"NotApplicable\" data-linkindex=\"15\"><u>modificaci\u00f3n de la Ley Org\u00e1nica 10\/1995, de 23 de noviembre, del C\u00f3digo Penal<\/u><\/a>.<i>\u00a0Texto de la proposici\u00f3n<\/i><\/li><\/ul>\t\t\t\t\t\t\t\t<\/div>\n\t\t\t\t<\/div>\n\t\t\t\t<div class=\"elementor-element elementor-element-a1cce74 elementor-widget elementor-widget-heading\" data-id=\"a1cce74\" data-element_type=\"widget\" data-e-type=\"widget\" data-widget_type=\"heading.default\">\n\t\t\t\t<div class=\"elementor-widget-container\">\n\t\t\t\t\t<h5 class=\"elementor-heading-title elementor-size-default\">CONSEJO DE MINISTROS<\/h5>\t\t\t\t<\/div>\n\t\t\t\t<\/div>\n\t\t\t\t<div class=\"elementor-element elementor-element-c1dee11 elementor-widget elementor-widget-heading\" data-id=\"c1dee11\" data-element_type=\"widget\" data-e-type=\"widget\" data-widget_type=\"heading.default\">\n\t\t\t\t<div class=\"elementor-widget-container\">\n\t\t\t\t\t<h6 class=\"elementor-heading-title elementor-size-default\">Presidencia, Justicia y Relaciones con las Cortes<\/h6>\t\t\t\t<\/div>\n\t\t\t\t<\/div>\n\t\t\t\t<div class=\"elementor-element elementor-element-cda66d5 elementor-widget elementor-widget-text-editor\" data-id=\"cda66d5\" data-element_type=\"widget\" data-e-type=\"widget\" data-widget_type=\"text-editor.default\">\n\t\t\t\t<div class=\"elementor-widget-container\">\n\t\t\t\t\t\t\t\t\t<ul><li><span data-olk-copy-source=\"MessageBody\">Proyecto de Ley Org\u00e1nica por la que se<\/span><a class=\"x_link-build-content\" title=\"https:\/\/go.abogacia.es\/lnk\/AWsAAIH7IP8AAc4czBIAABAXVFoAAAAA0zoAAKFsABi_EgBo-ynfOIpmR6rUQlG7vEo7rGEn1QAYIRA\/16\/-QwQTZ4qdrbTL05jw-DqFQ\/aHR0cHM6Ly93d3cubGFtb25jbG9hLmdvYi5lcy9jb25zZWpvZGVtaW5pc3Ryb3MvcmVmZXJlbmNpYXMvUGFnaW5hcy8yMDI1LzIwMjUxMDIxLXJlZmVyZW5jaWEtcnVlZGEtZGUtcHJlbnNhLW1pbmlzdHJvcy5hc3B4P3V0bV9jYW1wYWlnbj1MZWdpc2xhY2klQzMlQjNuJTIwU2VtYW5hbCUyMDIwJTIwYSUyMDI0JTIwZGUlMjBPY3R1YnJlJTIwZGUlMjAyMDI1JnV0bV9tZWRpdW09ZW1haWwmdXRtX3NvdXJjZT1NYWlsamV0I2NvZGlnbw#codigo\" href=\"https:\/\/go.abogacia.es\/lnk\/AWsAAIH7IP8AAc4czBIAABAXVFoAAAAA0zoAAKFsABi_EgBo-ynfOIpmR6rUQlG7vEo7rGEn1QAYIRA\/16\/-QwQTZ4qdrbTL05jw-DqFQ\/aHR0cHM6Ly93d3cubGFtb25jbG9hLmdvYi5lcy9jb25zZWpvZGVtaW5pc3Ryb3MvcmVmZXJlbmNpYXMvUGFnaW5hcy8yMDI1LzIwMjUxMDIxLXJlZmVyZW5jaWEtcnVlZGEtZGUtcHJlbnNhLW1pbmlzdHJvcy5hc3B4P3V0bV9jYW1wYWlnbj1MZWdpc2xhY2klQzMlQjNuJTIwU2VtYW5hbCUyMDIwJTIwYSUyMDI0JTIwZGUlMjBPY3R1YnJlJTIwZGUlMjAyMDI1JnV0bV9tZWRpdW09ZW1haWwmdXRtX3NvdXJjZT1NYWlsamV0I2NvZGlnbw#codigo\" target=\"_blank\" rel=\"noopener\" data-auth=\"NotApplicable\" data-linkindex=\"16\"><u>\u00a0modifica la Ley Org\u00e1nica 10\/1995, de 23 de noviembre, del C\u00f3digo Penal, para la transposici\u00f3n de la Directiva (UE) 2024\/1226 del Parlamento Europeo y del Consejo, de 24 de abril de 2024, relativa a la definici\u00f3n de los delitos y las sanciones por la vulneraci\u00f3n de las medidas restrictivas de la Uni\u00f3n<\/u><\/a>, y por la que se modifica la Directiva (UE) 2018\/1673.<\/li><li>Acuerdo por el que se autoriza la firma de la\u00a0<a class=\"x_link-build-content\" title=\"https:\/\/go.abogacia.es\/lnk\/AWsAAIH7IP8AAc4czBIAABAXVFoAAAAA0zoAAKFsABi_EgBo-ynfOIpmR6rUQlG7vEo7rGEn1QAYIRA\/17\/6hXzfygLtu-5yuaaookDiw\/aHR0cHM6Ly93d3cubGFtb25jbG9hLmdvYi5lcy9jb25zZWpvZGVtaW5pc3Ryb3MvcmVmZXJlbmNpYXMvUGFnaW5hcy8yMDI1LzIwMjUxMDIxLXJlZmVyZW5jaWEtcnVlZGEtZGUtcHJlbnNhLW1pbmlzdHJvcy5hc3B4P3V0bV9jYW1wYWlnbj1MZWdpc2xhY2klQzMlQjNuJTIwU2VtYW5hbCUyMDIwJTIwYSUyMDI0JTIwZGUlMjBPY3R1YnJlJTIwZGUlMjAyMDI1JnV0bV9tZWRpdW09ZW1haWwmdXRtX3NvdXJjZT1NYWlsamV0I2RlbGluY3VlbmNpYQ#delincuencia\" href=\"https:\/\/go.abogacia.es\/lnk\/AWsAAIH7IP8AAc4czBIAABAXVFoAAAAA0zoAAKFsABi_EgBo-ynfOIpmR6rUQlG7vEo7rGEn1QAYIRA\/17\/6hXzfygLtu-5yuaaookDiw\/aHR0cHM6Ly93d3cubGFtb25jbG9hLmdvYi5lcy9jb25zZWpvZGVtaW5pc3Ryb3MvcmVmZXJlbmNpYXMvUGFnaW5hcy8yMDI1LzIwMjUxMDIxLXJlZmVyZW5jaWEtcnVlZGEtZGUtcHJlbnNhLW1pbmlzdHJvcy5hc3B4P3V0bV9jYW1wYWlnbj1MZWdpc2xhY2klQzMlQjNuJTIwU2VtYW5hbCUyMDIwJTIwYSUyMDI0JTIwZGUlMjBPY3R1YnJlJTIwZGUlMjAyMDI1JnV0bV9tZWRpdW09ZW1haWwmdXRtX3NvdXJjZT1NYWlsamV0I2RlbGluY3VlbmNpYQ#delincuencia\" target=\"_blank\" rel=\"noopener\" data-auth=\"NotApplicable\" data-linkindex=\"17\"><u>Convenci\u00f3n de las Naciones Unidas contra la ciberdelincuencia<\/u><\/a>; fortalecimiento de la cooperaci\u00f3n internacional para la lucha contra determinados delitos cometidos mediante sistemas de tecnolog\u00eda de la informaci\u00f3n y las comunicaciones y para la transmisi\u00f3n de pruebas en forma electr\u00f3nica de delitos graves.<\/li><\/ul>\t\t\t\t\t\t\t\t<\/div>\n\t\t\t\t<\/div>\n\t\t\t\t<div class=\"elementor-element elementor-element-2779b45 elementor-widget elementor-widget-heading\" data-id=\"2779b45\" data-element_type=\"widget\" data-e-type=\"widget\" data-widget_type=\"heading.default\">\n\t\t\t\t<div class=\"elementor-widget-container\">\n\t\t\t\t\t<h5 class=\"elementor-heading-title elementor-size-default\">CONSULTA P\u00daBLICA PREVIA<\/h5>\t\t\t\t<\/div>\n\t\t\t\t<\/div>\n\t\t\t\t<div class=\"elementor-element elementor-element-67ee651 elementor-widget elementor-widget-heading\" data-id=\"67ee651\" data-element_type=\"widget\" data-e-type=\"widget\" data-widget_type=\"heading.default\">\n\t\t\t\t<div class=\"elementor-widget-container\">\n\t\t\t\t\t<h6 class=\"elementor-heading-title elementor-size-default\">Comisi\u00f3n Nacional de los Mercados y la Competencia<\/h6>\t\t\t\t<\/div>\n\t\t\t\t<\/div>\n\t\t\t\t<div class=\"elementor-element elementor-element-e7ea8d4 elementor-widget elementor-widget-text-editor\" data-id=\"e7ea8d4\" data-element_type=\"widget\" data-e-type=\"widget\" data-widget_type=\"text-editor.default\">\n\t\t\t\t<div class=\"elementor-widget-container\">\n\t\t\t\t\t\t\t\t\t<ul><li><span data-olk-copy-source=\"MessageBody\">Consulta p\u00fablica de la CNMC para la\u00a0<\/span><a class=\"x_link-build-content\" title=\"https:\/\/go.abogacia.es\/lnk\/AWsAAIH7IP8AAc4czBIAABAXVFoAAAAA0zoAAKFsABi_EgBo-ynfOIpmR6rUQlG7vEo7rGEn1QAYIRA\/18\/pVCmoXIn-EzASEsSA7R5lQ\/aHR0cHM6Ly93d3cuY25tYy5lcy9jb25zdWx0YXMtcHVibGljYXMvcHJvbW9jaW9uLWRlLWNvbXBldGVuY2lhL2NvbnN1bHRhLXB1YmxpY2Etc29icmUtdHJhbnNmb3JtYWNpb24tdXJiYW5pc3RpY2EtZGU_dXRtX2NhbXBhaWduPUxlZ2lzbGFjaSVDMyVCM24lMjBTZW1hbmFsJTIwMjAlMjBhJTIwMjQlMjBkZSUyME9jdHVicmUlMjBkZSUyMDIwMjUmdXRtX21lZGl1bT1lbWFpbCZ1dG1fc291cmNlPU1haWxqZXQ\" href=\"https:\/\/go.abogacia.es\/lnk\/AWsAAIH7IP8AAc4czBIAABAXVFoAAAAA0zoAAKFsABi_EgBo-ynfOIpmR6rUQlG7vEo7rGEn1QAYIRA\/18\/pVCmoXIn-EzASEsSA7R5lQ\/aHR0cHM6Ly93d3cuY25tYy5lcy9jb25zdWx0YXMtcHVibGljYXMvcHJvbW9jaW9uLWRlLWNvbXBldGVuY2lhL2NvbnN1bHRhLXB1YmxpY2Etc29icmUtdHJhbnNmb3JtYWNpb24tdXJiYW5pc3RpY2EtZGU_dXRtX2NhbXBhaWduPUxlZ2lzbGFjaSVDMyVCM24lMjBTZW1hbmFsJTIwMjAlMjBhJTIwMjQlMjBkZSUyME9jdHVicmUlMjBkZSUyMDIwMjUmdXRtX21lZGl1bT1lbWFpbCZ1dG1fc291cmNlPU1haWxqZXQ\" target=\"_blank\" rel=\"noopener\" data-auth=\"NotApplicable\" data-linkindex=\"18\"><u>realizaci\u00f3n de un estudio de mercado sobre la transformaci\u00f3n urban\u00edstica del suelo para vivienda<\/u><\/a>\u00a0en Espa\u00f1a.<\/li><\/ul>\t\t\t\t\t\t\t\t<\/div>\n\t\t\t\t<\/div>\n\t\t\t\t<div class=\"elementor-element elementor-element-1543972 elementor-widget elementor-widget-heading\" data-id=\"1543972\" data-element_type=\"widget\" data-e-type=\"widget\" data-widget_type=\"heading.default\">\n\t\t\t\t<div class=\"elementor-widget-container\">\n\t\t\t\t\t<h5 class=\"elementor-heading-title elementor-size-default\">AUDIENCIA E INFORMACI\u00d3N P\u00daBLICA<\/h5>\t\t\t\t<\/div>\n\t\t\t\t<\/div>\n\t\t\t\t<div class=\"elementor-element elementor-element-22e49fa elementor-widget elementor-widget-heading\" data-id=\"22e49fa\" data-element_type=\"widget\" data-e-type=\"widget\" data-widget_type=\"heading.default\">\n\t\t\t\t<div class=\"elementor-widget-container\">\n\t\t\t\t\t<h6 class=\"elementor-heading-title elementor-size-default\"><!--StartFragment--><span data-olk-copy-source=\"MessageBody\">Ministerio de Juventud e Infancia<\/span><!--EndFragment--><\/h6>\t\t\t\t<\/div>\n\t\t\t\t<\/div>\n\t\t\t\t<div class=\"elementor-element elementor-element-a9c6d73 elementor-widget elementor-widget-text-editor\" data-id=\"a9c6d73\" data-element_type=\"widget\" data-e-type=\"widget\" data-widget_type=\"text-editor.default\">\n\t\t\t\t<div class=\"elementor-widget-container\">\n\t\t\t\t\t\t\t\t\t<ul><li><span data-olk-copy-source=\"MessageBody\">Proyecto de Real Decreto sobre los\u00a0<\/span><a class=\"x_link-build-content\" title=\"https:\/\/go.abogacia.es\/lnk\/AWsAAIH7IP8AAc4czBIAABAXVFoAAAAA0zoAAKFsABi_EgBo-ynfOIpmR6rUQlG7vEo7rGEn1QAYIRA\/19\/TJEsZsyD_FWk72ATnxPuVA\/aHR0cHM6Ly93d3cuanV2ZW50dWRlaW5mYW5jaWEuZ29iLmVzL2VzL3BhcnRpY2lwYWNpb24tcHVibGljYS9hdWRpZW5jaWFzLXB1YmxpY2FzP3V0bV9jYW1wYWlnbj1MZWdpc2xhY2klQzMlQjNuJTIwU2VtYW5hbCUyMDIwJTIwYSUyMDI0JTIwZGUlMjBPY3R1YnJlJTIwZGUlMjAyMDI1JnV0bV9tZWRpdW09ZW1haWwmdXRtX3NvdXJjZT1NYWlsamV0\" href=\"https:\/\/go.abogacia.es\/lnk\/AWsAAIH7IP8AAc4czBIAABAXVFoAAAAA0zoAAKFsABi_EgBo-ynfOIpmR6rUQlG7vEo7rGEn1QAYIRA\/19\/TJEsZsyD_FWk72ATnxPuVA\/aHR0cHM6Ly93d3cuanV2ZW50dWRlaW5mYW5jaWEuZ29iLmVzL2VzL3BhcnRpY2lwYWNpb24tcHVibGljYS9hdWRpZW5jaWFzLXB1YmxpY2FzP3V0bV9jYW1wYWlnbj1MZWdpc2xhY2klQzMlQjNuJTIwU2VtYW5hbCUyMDIwJTIwYSUyMDI0JTIwZGUlMjBPY3R1YnJlJTIwZGUlMjAyMDI1JnV0bV9tZWRpdW09ZW1haWwmdXRtX3NvdXJjZT1NYWlsamV0\" target=\"_blank\" rel=\"noopener\" data-auth=\"NotApplicable\" data-linkindex=\"19\"><u>sistemas de acogimiento de ni\u00f1os, ni\u00f1as y adolescentes<\/u><\/a>.<\/li><\/ul>\t\t\t\t\t\t\t\t<\/div>\n\t\t\t\t<\/div>\n\t\t\t\t<div class=\"elementor-element elementor-element-f2e726f elementor-widget elementor-widget-heading\" data-id=\"f2e726f\" data-element_type=\"widget\" data-e-type=\"widget\" data-widget_type=\"heading.default\">\n\t\t\t\t<div class=\"elementor-widget-container\">\n\t\t\t\t\t<h6 class=\"elementor-heading-title elementor-size-default\"><!--StartFragment--><span data-olk-copy-source=\"MessageBody\">Ministerio de Vivienda y Agenda Urbana<\/span><!--EndFragment--><\/h6>\t\t\t\t<\/div>\n\t\t\t\t<\/div>\n\t\t\t\t<div class=\"elementor-element elementor-element-baf34fc elementor-widget elementor-widget-text-editor\" data-id=\"baf34fc\" data-element_type=\"widget\" data-e-type=\"widget\" data-widget_type=\"text-editor.default\">\n\t\t\t\t<div class=\"elementor-widget-container\">\n\t\t\t\t\t\t\t\t\t<ul><li><span data-olk-copy-source=\"MessageBody\">Orden por la que se aprueba el modelo informativo para cada categor\u00eda y tipo de arrendamientos sujetos al art\u00edculo 10.4 del Real Decreto 1312\/2024, de 23 de diciembre, por el que se regula el procedimiento de\u00a0<\/span><a class=\"x_link-build-content\" title=\"https:\/\/go.abogacia.es\/lnk\/AWsAAIH7IP8AAc4czBIAABAXVFoAAAAA0zoAAKFsABi_EgBo-ynfOIpmR6rUQlG7vEo7rGEn1QAYIRA\/20\/vyOZuEuB41wL7Q5i7lFz8A\/aHR0cHM6Ly93d3cuanV2ZW50dWRlaW5mYW5jaWEuZ29iLmVzL2VzL3BhcnRpY2lwYWNpb24tcHVibGljYS9hdWRpZW5jaWFzLXB1YmxpY2FzP3V0bV9jYW1wYWlnbj1MZWdpc2xhY2klQzMlQjNuJTIwU2VtYW5hbCUyMDIwJTIwYSUyMDI0JTIwZGUlMjBPY3R1YnJlJTIwZGUlMjAyMDI1JnV0bV9tZWRpdW09ZW1haWwmdXRtX3NvdXJjZT1NYWlsamV0\" href=\"https:\/\/go.abogacia.es\/lnk\/AWsAAIH7IP8AAc4czBIAABAXVFoAAAAA0zoAAKFsABi_EgBo-ynfOIpmR6rUQlG7vEo7rGEn1QAYIRA\/20\/vyOZuEuB41wL7Q5i7lFz8A\/aHR0cHM6Ly93d3cuanV2ZW50dWRlaW5mYW5jaWEuZ29iLmVzL2VzL3BhcnRpY2lwYWNpb24tcHVibGljYS9hdWRpZW5jaWFzLXB1YmxpY2FzP3V0bV9jYW1wYWlnbj1MZWdpc2xhY2klQzMlQjNuJTIwU2VtYW5hbCUyMDIwJTIwYSUyMDI0JTIwZGUlMjBPY3R1YnJlJTIwZGUlMjAyMDI1JnV0bV9tZWRpdW09ZW1haWwmdXRtX3NvdXJjZT1NYWlsamV0\" target=\"_blank\" rel=\"noopener\" data-auth=\"NotApplicable\" data-linkindex=\"20\"><u>Registro \u00danico de Arrendamientos y se crea la Ventanilla \u00danica Digital de Arrendamientos para la recogida y el intercambio de datos relativos a los servicios de alquiler de alojamientos de corta duraci\u00f3n<\/u><\/a>.<\/li><\/ul>\t\t\t\t\t\t\t\t<\/div>\n\t\t\t\t<\/div>\n\t\t\t\t<div class=\"elementor-element elementor-element-a85939f elementor-widget elementor-widget-heading\" data-id=\"a85939f\" data-element_type=\"widget\" data-e-type=\"widget\" data-widget_type=\"heading.default\">\n\t\t\t\t<div class=\"elementor-widget-container\">\n\t\t\t\t\t<h6 class=\"elementor-heading-title elementor-size-default\"><!--StartFragment--><span data-olk-copy-source=\"MessageBody\">Ministerio Transformaci\u00f3n Digital y de la Funci\u00f3n P\u00fablica<\/span><!--EndFragment--><\/h6>\t\t\t\t<\/div>\n\t\t\t\t<\/div>\n\t\t\t\t<div class=\"elementor-element elementor-element-0744d7f elementor-widget elementor-widget-text-editor\" data-id=\"0744d7f\" data-element_type=\"widget\" data-e-type=\"widget\" data-widget_type=\"text-editor.default\">\n\t\t\t\t<div class=\"elementor-widget-container\">\n\t\t\t\t\t\t\t\t\t<ul><li><span data-olk-copy-source=\"MessageBody\">Audiencia e Informaci\u00f3n P\u00fablica sobre el<\/span><a class=\"x_link-build-content\" title=\"https:\/\/go.abogacia.es\/lnk\/AWsAAIH7IP8AAc4czBIAABAXVFoAAAAA0zoAAKFsABi_EgBo-ynfOIpmR6rUQlG7vEo7rGEn1QAYIRA\/21\/HEIgq0zO4Zm0Dhh2RpacmQ\/aHR0cHM6Ly9kaWdpdGFsLmdvYi5lcy9taW5pc3RlcmlvL3BhcnRpY2lwYWNpb24tcHJveWVjdG9zLW5vcm1hdGl2b3MvaW5mb3JtYWNpb24tcHVibGljYS8yMDI1LTEwLTE0P3V0bV9jYW1wYWlnbj1MZWdpc2xhY2klQzMlQjNuJTIwU2VtYW5hbCUyMDIwJTIwYSUyMDI0JTIwZGUlMjBPY3R1YnJlJTIwZGUlMjAyMDI1JnV0bV9tZWRpdW09ZW1haWwmdXRtX3NvdXJjZT1NYWlsamV0\" href=\"https:\/\/go.abogacia.es\/lnk\/AWsAAIH7IP8AAc4czBIAABAXVFoAAAAA0zoAAKFsABi_EgBo-ynfOIpmR6rUQlG7vEo7rGEn1QAYIRA\/21\/HEIgq0zO4Zm0Dhh2RpacmQ\/aHR0cHM6Ly9kaWdpdGFsLmdvYi5lcy9taW5pc3RlcmlvL3BhcnRpY2lwYWNpb24tcHJveWVjdG9zLW5vcm1hdGl2b3MvaW5mb3JtYWNpb24tcHVibGljYS8yMDI1LTEwLTE0P3V0bV9jYW1wYWlnbj1MZWdpc2xhY2klQzMlQjNuJTIwU2VtYW5hbCUyMDIwJTIwYSUyMDI0JTIwZGUlMjBPY3R1YnJlJTIwZGUlMjAyMDI1JnV0bV9tZWRpdW09ZW1haWwmdXRtX3NvdXJjZT1NYWlsamV0\" target=\"_blank\" rel=\"noopener\" data-auth=\"NotApplicable\" data-linkindex=\"21\"><u>\u00a0anteproyecto de Ley de Administraci\u00f3n Abierta<\/u><\/a>.<\/li><\/ul>\t\t\t\t\t\t\t\t<\/div>\n\t\t\t\t<\/div>\n\t\t\t\t<div class=\"elementor-element elementor-element-976d313 elementor-widget elementor-widget-heading\" data-id=\"976d313\" data-element_type=\"widget\" data-e-type=\"widget\" data-widget_type=\"heading.default\">\n\t\t\t\t<div class=\"elementor-widget-container\">\n\t\t\t\t\t<h6 class=\"elementor-heading-title elementor-size-default\"><!--StartFragment--><span data-olk-copy-source=\"MessageBody\">Ministerio de Asuntos Exteriores, Uni\u00f3n Europea y Cooperaci\u00f3n<\/span><!--EndFragment--><\/h6>\t\t\t\t<\/div>\n\t\t\t\t<\/div>\n\t\t\t\t<div class=\"elementor-element elementor-element-4e9a97a elementor-widget elementor-widget-text-editor\" data-id=\"4e9a97a\" data-element_type=\"widget\" data-e-type=\"widget\" data-widget_type=\"text-editor.default\">\n\t\t\t\t<div class=\"elementor-widget-container\">\n\t\t\t\t\t\t\t\t\t<ul><li><span data-olk-copy-source=\"MessageBody\">Orden ministerial por la que se aprueban\u00a0<\/span><a class=\"x_link-build-content\" title=\"https:\/\/go.abogacia.es\/lnk\/AWsAAIH7IP8AAc4czBIAABAXVFoAAAAA0zoAAKFsABi_EgBo-ynfOIpmR6rUQlG7vEo7rGEn1QAYIRA\/22\/gq0QIJTRZUHzJHqBlc-OFw\/aHR0cHM6Ly93d3cuZXh0ZXJpb3Jlcy5nb2IuZXMvZXMvU2VydmljaW9zQWxDaXVkYWRhbm8vUGFydGljaXBhY2lvblB1YmxpY2EvUGFnaW5hcy9EZXRhbGxlUHJveWVjdG9Ob3JtYXRpdm8uYXNweD9ucD1PcmRlbiUyMG1pbmlzdGVyaWFsJTIwcG9yJTIwbGElMjBxdWUlMjBzZSUyMGFwcnVlYmFuJTIwbm9ybWFzJTIwZGUlMjBnZXN0aSVDMyVCM24lMjBkZWwlMjBwYWdvJTIwcG9yJTIwbWVkaW9zJTIwdGVsZW0lQzMlQTF0aWNvcyUyMGRlJTIwbGFzJTIwdGFzYXMlMjBjb25zdWxhcmVzJnV0bV9jYW1wYWlnbj1MZWdpc2xhY2klQzMlQjNuJTIwU2VtYW5hbCUyMDIwJTIwYSUyMDI0JTIwZGUlMjBPY3R1YnJlJTIwZGUlMjAyMDI1JnV0bV9tZWRpdW09ZW1haWwmdXRtX3NvdXJjZT1NYWlsamV0\" href=\"https:\/\/go.abogacia.es\/lnk\/AWsAAIH7IP8AAc4czBIAABAXVFoAAAAA0zoAAKFsABi_EgBo-ynfOIpmR6rUQlG7vEo7rGEn1QAYIRA\/22\/gq0QIJTRZUHzJHqBlc-OFw\/aHR0cHM6Ly93d3cuZXh0ZXJpb3Jlcy5nb2IuZXMvZXMvU2VydmljaW9zQWxDaXVkYWRhbm8vUGFydGljaXBhY2lvblB1YmxpY2EvUGFnaW5hcy9EZXRhbGxlUHJveWVjdG9Ob3JtYXRpdm8uYXNweD9ucD1PcmRlbiUyMG1pbmlzdGVyaWFsJTIwcG9yJTIwbGElMjBxdWUlMjBzZSUyMGFwcnVlYmFuJTIwbm9ybWFzJTIwZGUlMjBnZXN0aSVDMyVCM24lMjBkZWwlMjBwYWdvJTIwcG9yJTIwbWVkaW9zJTIwdGVsZW0lQzMlQTF0aWNvcyUyMGRlJTIwbGFzJTIwdGFzYXMlMjBjb25zdWxhcmVzJnV0bV9jYW1wYWlnbj1MZWdpc2xhY2klQzMlQjNuJTIwU2VtYW5hbCUyMDIwJTIwYSUyMDI0JTIwZGUlMjBPY3R1YnJlJTIwZGUlMjAyMDI1JnV0bV9tZWRpdW09ZW1haWwmdXRtX3NvdXJjZT1NYWlsamV0\" target=\"_blank\" rel=\"noopener\" data-auth=\"NotApplicable\" data-linkindex=\"22\"><u>normas de gesti\u00f3n del pago por medios telem\u00e1ticos de las tasas consulares<\/u><\/a>.<\/li><\/ul>\t\t\t\t\t\t\t\t<\/div>\n\t\t\t\t<\/div>\n\t\t\t\t\t<\/div>\n\t\t<\/div>\n\t\t\t\t\t<\/div>\n\t\t<\/section>\n\t\t\t\t<\/div>\n\t\t","protected":false},"excerpt":{"rendered":"<p>Legislaci\u00f3n Semanal &#8211; Del 20 al 24 de Octubre de 2025 BOLET\u00cdN OFICIAL DEL ESTADO Disposiciones generales \/ Jefatura Del Estado Real Decreto-ley 11\/2025, de 21 de octubre, por el que se establecen\u00a0medidas para el fortalecimiento del Sistema para la Autonom\u00eda y Atenci\u00f3n a la Dependencia y cumplir con las obligaciones establecidas en la Ley [&hellip;]<\/p>\n","protected":false},"author":1,"featured_media":0,"comment_status":"open","ping_status":"open","sticky":false,"template":"","format":"standard","meta":{"footnotes":""},"categories":[1],"tags":[],"class_list":["post-17372","post","type-post","status-publish","format-standard","hentry","category-uncategorized"],"_links":{"self":[{"href":"https:\/\/cms.icacordoba.23sd.es\/index.php\/wp-json\/wp\/v2\/posts\/17372","targetHints":{"allow":["GET"]}}],"collection":[{"href":"https:\/\/cms.icacordoba.23sd.es\/index.php\/wp-json\/wp\/v2\/posts"}],"about":[{"href":"https:\/\/cms.icacordoba.23sd.es\/index.php\/wp-json\/wp\/v2\/types\/post"}],"author":[{"embeddable":true,"href":"https:\/\/cms.icacordoba.23sd.es\/index.php\/wp-json\/wp\/v2\/users\/1"}],"replies":[{"embeddable":true,"href":"https:\/\/cms.icacordoba.23sd.es\/index.php\/wp-json\/wp\/v2\/comments?post=17372"}],"version-history":[{"count":6,"href":"https:\/\/cms.icacordoba.23sd.es\/index.php\/wp-json\/wp\/v2\/posts\/17372\/revisions"}],"predecessor-version":[{"id":17382,"href":"https:\/\/cms.icacordoba.23sd.es\/index.php\/wp-json\/wp\/v2\/posts\/17372\/revisions\/17382"}],"wp:attachment":[{"href":"https:\/\/cms.icacordoba.23sd.es\/index.php\/wp-json\/wp\/v2\/media?parent=17372"}],"wp:term":[{"taxonomy":"category","embeddable":true,"href":"https:\/\/cms.icacordoba.23sd.es\/index.php\/wp-json\/wp\/v2\/categories?post=17372"},{"taxonomy":"post_tag","embeddable":true,"href":"https:\/\/cms.icacordoba.23sd.es\/index.php\/wp-json\/wp\/v2\/tags?post=17372"}],"curies":[{"name":"wp","href":"https:\/\/api.w.org\/{rel}","templated":true}]}}