{"id":17310,"date":"2025-10-22T08:37:32","date_gmt":"2025-10-22T08:37:32","guid":{"rendered":"https:\/\/cms.icacordoba.23sd.es\/index.php\/17310\/"},"modified":"2026-01-21T17:24:32","modified_gmt":"2026-01-21T17:24:32","slug":"noticia-iii-jornadas-de-formacion-abogados-andaluces-en-violencia-de-genero","status":"publish","type":"post","link":"https:\/\/cms.icacordoba.23sd.es\/index.php\/17310\/","title":{"rendered":"NOTICIA \u00bb III Jornadas de Formaci\u00f3n Abogados Andaluces en Violencia de G\u00e9nero"},"content":{"rendered":"\t\t<div data-elementor-type=\"wp-post\" data-elementor-id=\"17310\" class=\"elementor elementor-17310\" data-elementor-post-type=\"post\">\n\t\t\t\t\t\t<section class=\"elementor-section elementor-top-section elementor-element elementor-element-fb142aa elementor-section-boxed elementor-section-height-default elementor-section-height-default\" data-id=\"fb142aa\" data-element_type=\"section\" data-e-type=\"section\">\n\t\t\t\t\t\t<div class=\"elementor-container elementor-column-gap-wider\">\n\t\t\t\t\t<div class=\"elementor-column elementor-col-100 elementor-top-column elementor-element elementor-element-b6d181a\" data-id=\"b6d181a\" data-element_type=\"column\" data-e-type=\"column\">\n\t\t\t<div class=\"elementor-widget-wrap elementor-element-populated\">\n\t\t\t\t\t\t<div class=\"elementor-element elementor-element-3118e3f elementor-align-center elementor-widget elementor-widget-button\" data-id=\"3118e3f\" data-element_type=\"widget\" data-e-type=\"widget\" data-widget_type=\"button.default\">\n\t\t\t\t<div class=\"elementor-widget-container\">\n\t\t\t\t\t\t\t\t\t<div class=\"elementor-button-wrapper\">\n\t\t\t\t\t<a class=\"elementor-button elementor-size-md\" role=\"button\">\n\t\t\t\t\t\t<span class=\"elementor-button-content-wrapper\">\n\t\t\t\t\t\t\t\t\t<span class=\"elementor-button-text\">NUEVA FECHA DE CELEBRACI\u00d3N: MARTES, D\u00cdA 18 DE NOVIEMBRE DE 2025 - 17 H. <\/span>\n\t\t\t\t\t<\/span>\n\t\t\t\t\t<\/a>\n\t\t\t\t<\/div>\n\t\t\t\t\t\t\t\t<\/div>\n\t\t\t\t<\/div>\n\t\t\t\t<div class=\"elementor-element elementor-element-4a1ffad elementor-widget elementor-widget-heading\" data-id=\"4a1ffad\" data-element_type=\"widget\" data-e-type=\"widget\" data-widget_type=\"heading.default\">\n\t\t\t\t<div class=\"elementor-widget-container\">\n\t\t\t\t\t<h5 class=\"elementor-heading-title elementor-size-default\">SI YA REALIZASTE TU INSCRIPCI\u00d3N, NO ES NECESARIO QUE VUELVAS A HACERLO.<\/h5>\t\t\t\t<\/div>\n\t\t\t\t<\/div>\n\t\t\t\t<div class=\"elementor-element elementor-element-c296cf7 elementor-widget elementor-widget-heading\" data-id=\"c296cf7\" data-element_type=\"widget\" data-e-type=\"widget\" data-widget_type=\"heading.default\">\n\t\t\t\t<div class=\"elementor-widget-container\">\n\t\t\t\t\t<h5 class=\"elementor-heading-title elementor-size-default\">AFORO COMPLETO PARA ASISTENCIA PRESENCIAL.<\/h5>\t\t\t\t<\/div>\n\t\t\t\t<\/div>\n\t\t\t\t<div class=\"elementor-element elementor-element-fad66f6 elementor-widget elementor-widget-text-editor\" data-id=\"fad66f6\" data-element_type=\"widget\" data-e-type=\"widget\" data-widget_type=\"text-editor.default\">\n\t\t\t\t<div class=\"elementor-widget-container\">\n\t\t\t\t\t\t\t\t\t<p>La Consejer\u00eda de Justicia, Administraci\u00f3n Local y Funci\u00f3n P\u00fablica de la Junta de Andaluc\u00eda, en colaboraci\u00f3n con la Comisi\u00f3n de Violencia, organiza las<strong> <u>III Jornadas de formaci\u00f3n de abogados andaluces en violencia de g\u00e9nero titulada \u00abLa Violencia de G\u00e9nero ante nuevos retos\u00bb<\/u><\/strong><u>,<\/u> en la que intervendr\u00e1n profesionales especialistas en la materia en los \u00e1mbitos judicial, fiscal y de la abogac\u00eda.<\/p><p>Tendr\u00e1 lugar el pr\u00f3ximo d\u00eda <strong>18\u00a0de noviembre a las 17:00 h en el sal\u00f3n de actos de la sede colegial<\/strong>, conforme al programa adjunto.<span style=\"font-size: 1rem;\">\u00a0<\/span><\/p>\t\t\t\t\t\t\t\t<\/div>\n\t\t\t\t<\/div>\n\t\t\t\t<div class=\"elementor-element elementor-element-135d6eb elementor-widget-divider--view-line elementor-widget elementor-widget-divider\" data-id=\"135d6eb\" data-element_type=\"widget\" data-e-type=\"widget\" data-widget_type=\"divider.default\">\n\t\t\t\t<div class=\"elementor-widget-container\">\n\t\t\t\t\t\t\t<div class=\"elementor-divider\">\n\t\t\t<span class=\"elementor-divider-separator\">\n\t\t\t\t\t\t<\/span>\n\t\t<\/div>\n\t\t\t\t\t\t<\/div>\n\t\t\t\t<\/div>\n\t\t\t\t<div class=\"elementor-element elementor-element-0dd273b elementor-widget elementor-widget-text-editor\" data-id=\"0dd273b\" data-element_type=\"widget\" data-e-type=\"widget\" data-widget_type=\"text-editor.default\">\n\t\t\t\t<div class=\"elementor-widget-container\">\n\t\t\t\t\t\t\t\t\t<p><strong>TURNO DE OFICIO VIOLENCIA DE G\u00c9NERO<\/strong><\/p><p class=\"text-build-content\"><strong>La asistencia a esta formaci\u00f3n es obligatoria a efectos de nueva adscripci\u00f3n y reciclaje al Turno de Oficio de Violencia de G\u00e9nero para el pr\u00f3ximo a\u00f1o 2026.<\/strong><\/p><p class=\"text-build-content\"><u>Para los colegiados de nueva adscripci\u00f3n al Turno de Violencia de G\u00e9nero, la asistencia a estas jornadas es <strong>obligatoria en modalidad presencial<\/strong><\/u><strong>.\u00a0<\/strong><\/p><p class=\"text-build-content\">Los colegiados que ya forman parte del Turno de Violencia podr\u00e1n optar por la asistencia presencial, hasta completar aforo, o bien, por la asistencia en modalidad online.\u00a0<\/p>\t\t\t\t\t\t\t\t<\/div>\n\t\t\t\t<\/div>\n\t\t\t\t\t<\/div>\n\t\t<\/div>\n\t\t\t\t\t<\/div>\n\t\t<\/section>\n\t\t\t\t<section class=\"elementor-section elementor-top-section elementor-element elementor-element-8b7a86b elementor-section-boxed elementor-section-height-default elementor-section-height-default\" data-id=\"8b7a86b\" data-element_type=\"section\" data-e-type=\"section\">\n\t\t\t\t\t\t<div class=\"elementor-container elementor-column-gap-wider\">\n\t\t\t\t\t<div class=\"elementor-column elementor-col-100 elementor-top-column elementor-element elementor-element-51ab53a\" data-id=\"51ab53a\" data-element_type=\"column\" data-e-type=\"column\" data-settings=\"{&quot;background_background&quot;:&quot;classic&quot;}\">\n\t\t\t<div class=\"elementor-widget-wrap elementor-element-populated\">\n\t\t\t\t\t\t<div class=\"elementor-element elementor-element-81330e6 elementor-widget elementor-widget-heading\" data-id=\"81330e6\" data-element_type=\"widget\" data-e-type=\"widget\" data-widget_type=\"heading.default\">\n\t\t\t\t<div class=\"elementor-widget-container\">\n\t\t\t\t\t<h5 class=\"elementor-heading-title elementor-size-default\">PROGRAMA<\/h5>\t\t\t\t<\/div>\n\t\t\t\t<\/div>\n\t\t\t\t<div class=\"elementor-element elementor-element-dfceb18 elementor-widget elementor-widget-heading\" data-id=\"dfceb18\" data-element_type=\"widget\" data-e-type=\"widget\" data-widget_type=\"heading.default\">\n\t\t\t\t<div class=\"elementor-widget-container\">\n\t\t\t\t\t<h6 class=\"elementor-heading-title elementor-size-default\">MESA 1<\/h6>\t\t\t\t<\/div>\n\t\t\t\t<\/div>\n\t\t\t\t<div class=\"elementor-element elementor-element-a724766 elementor-widget elementor-widget-text-editor\" data-id=\"a724766\" data-element_type=\"widget\" data-e-type=\"widget\" data-widget_type=\"text-editor.default\">\n\t\t\t\t<div class=\"elementor-widget-container\">\n\t\t\t\t\t\t\t\t\t<ul><li><strong>Pablo Medina D\u00edaz, <\/strong>Juez.<\/li><li><b>Luc\u00eda Chac\u00f3n Ledesma, <\/b>Fiscal.<\/li><li><strong>Concepci\u00f3n Ortega Fern\u00e1ndez<\/strong>, Abogada<\/li><\/ul>\t\t\t\t\t\t\t\t<\/div>\n\t\t\t\t<\/div>\n\t\t\t\t<div class=\"elementor-element elementor-element-9c247bc elementor-widget elementor-widget-heading\" data-id=\"9c247bc\" data-element_type=\"widget\" data-e-type=\"widget\" data-widget_type=\"heading.default\">\n\t\t\t\t<div class=\"elementor-widget-container\">\n\t\t\t\t\t<h6 class=\"elementor-heading-title elementor-size-default\">MESA 2<\/h6>\t\t\t\t<\/div>\n\t\t\t\t<\/div>\n\t\t\t\t<div class=\"elementor-element elementor-element-22b9ea3 elementor-widget elementor-widget-text-editor\" data-id=\"22b9ea3\" data-element_type=\"widget\" data-e-type=\"widget\" data-widget_type=\"text-editor.default\">\n\t\t\t\t<div class=\"elementor-widget-container\">\n\t\t\t\t\t\t\t\t\t<ul><li><strong>Silvia S\u00e1nchez Polo<\/strong>, psic\u00f3loga de la entidad ACR. Centro de Crisis de C\u00f3rdoba IAM<\/li><li><strong>Jos\u00e9 S\u00e1ez Rodr\u00edguez<\/strong> &#8211; director del Instituto de Medicina Legal y Ciencias Forenses de C\u00f3rdoba.<\/li><\/ul>\t\t\t\t\t\t\t\t<\/div>\n\t\t\t\t<\/div>\n\t\t\t\t<div class=\"elementor-element elementor-element-cc7d248 elementor-button-info elementor-align-left elementor-widget elementor-widget-button\" data-id=\"cc7d248\" data-element_type=\"widget\" data-e-type=\"widget\" data-widget_type=\"button.default\">\n\t\t\t\t<div class=\"elementor-widget-container\">\n\t\t\t\t\t\t\t\t\t<div class=\"elementor-button-wrapper\">\n\t\t\t\t\t<a class=\"elementor-button elementor-button-link elementor-size-sm\" href=\"https:\/\/cms.icacordoba.23sd.es\/wp-content\/uploads\/2025\/10\/CORDOBA_III-jornadas-formativas-en-materia-de-violencia-de-genero-y-violencia-sexual-2.pdf\" target=\"_blank\">\n\t\t\t\t\t\t<span class=\"elementor-button-content-wrapper\">\n\t\t\t\t\t\t\t\t\t<span class=\"elementor-button-text\">Descarga el programa<\/span>\n\t\t\t\t\t<\/span>\n\t\t\t\t\t<\/a>\n\t\t\t\t<\/div>\n\t\t\t\t\t\t\t\t<\/div>\n\t\t\t\t<\/div>\n\t\t\t\t\t<\/div>\n\t\t<\/div>\n\t\t\t\t\t<\/div>\n\t\t<\/section>\n\t\t\t\t<section class=\"elementor-section elementor-top-section elementor-element elementor-element-3d8dad3 elementor-section-boxed elementor-section-height-default elementor-section-height-default\" data-id=\"3d8dad3\" data-element_type=\"section\" data-e-type=\"section\">\n\t\t\t\t\t\t<div class=\"elementor-container elementor-column-gap-default\">\n\t\t\t\t\t<div class=\"elementor-column elementor-col-100 elementor-top-column elementor-element elementor-element-127e5e3\" data-id=\"127e5e3\" data-element_type=\"column\" data-e-type=\"column\">\n\t\t\t<div class=\"elementor-widget-wrap elementor-element-populated\">\n\t\t\t\t\t\t<div class=\"elementor-element elementor-element-6522cdb elementor-widget elementor-widget-image\" data-id=\"6522cdb\" data-element_type=\"widget\" data-e-type=\"widget\" data-widget_type=\"image.default\">\n\t\t\t\t<div class=\"elementor-widget-container\">\n\t\t\t\t\t\t\t\t\t\t\t\t\t\t\t<img fetchpriority=\"high\" decoding=\"async\" width=\"1584\" height=\"396\" src=\"https:\/\/cms.icacordoba.23sd.es\/wp-content\/uploads\/2025\/10\/Jornadas-Violencia-2025-Banner-nuevo-para-LinkedIn.png\" class=\"attachment-full size-full wp-image-17312\" alt=\"\" srcset=\"https:\/\/cms.icacordoba.23sd.es\/wp-content\/uploads\/2025\/10\/Jornadas-Violencia-2025-Banner-nuevo-para-LinkedIn.png 1584w, https:\/\/cms.icacordoba.23sd.es\/wp-content\/uploads\/2025\/10\/Jornadas-Violencia-2025-Banner-nuevo-para-LinkedIn-300x75.png 300w, https:\/\/cms.icacordoba.23sd.es\/wp-content\/uploads\/2025\/10\/Jornadas-Violencia-2025-Banner-nuevo-para-LinkedIn-1024x256.png 1024w, https:\/\/cms.icacordoba.23sd.es\/wp-content\/uploads\/2025\/10\/Jornadas-Violencia-2025-Banner-nuevo-para-LinkedIn-768x192.png 768w, https:\/\/cms.icacordoba.23sd.es\/wp-content\/uploads\/2025\/10\/Jornadas-Violencia-2025-Banner-nuevo-para-LinkedIn-1536x384.png 1536w\" sizes=\"(max-width: 1584px) 100vw, 1584px\" \/>\t\t\t\t\t\t\t\t\t\t\t\t\t\t\t<\/div>\n\t\t\t\t<\/div>\n\t\t\t\t\t<\/div>\n\t\t<\/div>\n\t\t\t\t\t<\/div>\n\t\t<\/section>\n\t\t\t\t<\/div>\n\t\t","protected":false},"excerpt":{"rendered":"<p>NUEVA FECHA DE CELEBRACI\u00d3N: MARTES, D\u00cdA 18 DE NOVIEMBRE DE 2025 &#8211; 17 H. SI YA REALIZASTE TU INSCRIPCI\u00d3N, NO ES NECESARIO QUE VUELVAS A HACERLO. AFORO COMPLETO PARA ASISTENCIA PRESENCIAL. La Consejer\u00eda de Justicia, Administraci\u00f3n Local y Funci\u00f3n P\u00fablica de la Junta de Andaluc\u00eda, en colaboraci\u00f3n con la Comisi\u00f3n de Violencia, organiza las III [&hellip;]<\/p>\n","protected":false},"author":1,"featured_media":0,"comment_status":"open","ping_status":"open","sticky":false,"template":"","format":"standard","meta":{"footnotes":""},"categories":[1],"tags":[],"class_list":["post-17310","post","type-post","status-publish","format-standard","hentry","category-uncategorized"],"_links":{"self":[{"href":"https:\/\/cms.icacordoba.23sd.es\/index.php\/wp-json\/wp\/v2\/posts\/17310","targetHints":{"allow":["GET"]}}],"collection":[{"href":"https:\/\/cms.icacordoba.23sd.es\/index.php\/wp-json\/wp\/v2\/posts"}],"about":[{"href":"https:\/\/cms.icacordoba.23sd.es\/index.php\/wp-json\/wp\/v2\/types\/post"}],"author":[{"embeddable":true,"href":"https:\/\/cms.icacordoba.23sd.es\/index.php\/wp-json\/wp\/v2\/users\/1"}],"replies":[{"embeddable":true,"href":"https:\/\/cms.icacordoba.23sd.es\/index.php\/wp-json\/wp\/v2\/comments?post=17310"}],"version-history":[{"count":39,"href":"https:\/\/cms.icacordoba.23sd.es\/index.php\/wp-json\/wp\/v2\/posts\/17310\/revisions"}],"predecessor-version":[{"id":18767,"href":"https:\/\/cms.icacordoba.23sd.es\/index.php\/wp-json\/wp\/v2\/posts\/17310\/revisions\/18767"}],"wp:attachment":[{"href":"https:\/\/cms.icacordoba.23sd.es\/index.php\/wp-json\/wp\/v2\/media?parent=17310"}],"wp:term":[{"taxonomy":"category","embeddable":true,"href":"https:\/\/cms.icacordoba.23sd.es\/index.php\/wp-json\/wp\/v2\/categories?post=17310"},{"taxonomy":"post_tag","embeddable":true,"href":"https:\/\/cms.icacordoba.23sd.es\/index.php\/wp-json\/wp\/v2\/tags?post=17310"}],"curies":[{"name":"wp","href":"https:\/\/api.w.org\/{rel}","templated":true}]}}