{"id":17275,"date":"2025-10-17T08:04:00","date_gmt":"2025-10-17T08:04:00","guid":{"rendered":"https:\/\/cms.icacordoba.23sd.es\/index.php\/17275\/"},"modified":"2025-10-17T09:32:41","modified_gmt":"2025-10-17T09:32:41","slug":"legislacion-semanal-13-al-17-de-octubre-de-2025","status":"publish","type":"post","link":"https:\/\/cms.icacordoba.23sd.es\/index.php\/17275\/","title":{"rendered":"Legislaci\u00f3n Semanal &#8211; 13 al 17 de Octubre de 2025"},"content":{"rendered":"\t\t<div data-elementor-type=\"wp-post\" data-elementor-id=\"17275\" class=\"elementor elementor-17275\" data-elementor-post-type=\"post\">\n\t\t\t\t\t\t<section class=\"elementor-section elementor-top-section elementor-element elementor-element-8ab5092 elementor-section-boxed elementor-section-height-default elementor-section-height-default\" data-id=\"8ab5092\" data-element_type=\"section\" data-e-type=\"section\">\n\t\t\t\t\t\t<div class=\"elementor-container elementor-column-gap-default\">\n\t\t\t\t\t<div class=\"elementor-column elementor-col-100 elementor-top-column elementor-element elementor-element-f310de8\" data-id=\"f310de8\" data-element_type=\"column\" data-e-type=\"column\">\n\t\t\t<div class=\"elementor-widget-wrap elementor-element-populated\">\n\t\t\t\t\t\t<div class=\"elementor-element elementor-element-374e609 elementor-widget elementor-widget-heading\" data-id=\"374e609\" data-element_type=\"widget\" data-e-type=\"widget\" data-widget_type=\"heading.default\">\n\t\t\t\t<div class=\"elementor-widget-container\">\n\t\t\t\t\t<h4 class=\"elementor-heading-title elementor-size-default\">Legislaci\u00f3n Semanal - Del 13 al 17 de Octubre de 2025<\/h4>\t\t\t\t<\/div>\n\t\t\t\t<\/div>\n\t\t\t\t\t<\/div>\n\t\t<\/div>\n\t\t\t\t\t<\/div>\n\t\t<\/section>\n\t\t\t\t<section class=\"elementor-section elementor-top-section elementor-element elementor-element-8b86cf8 elementor-section-boxed elementor-section-height-default elementor-section-height-default\" data-id=\"8b86cf8\" data-element_type=\"section\" data-e-type=\"section\">\n\t\t\t\t\t\t<div class=\"elementor-container elementor-column-gap-default\">\n\t\t\t\t\t<div class=\"elementor-column elementor-col-100 elementor-top-column elementor-element elementor-element-8ac474f\" data-id=\"8ac474f\" data-element_type=\"column\" data-e-type=\"column\">\n\t\t\t<div class=\"elementor-widget-wrap elementor-element-populated\">\n\t\t\t\t\t\t<div class=\"elementor-element elementor-element-b798816 elementor-widget elementor-widget-heading\" data-id=\"b798816\" data-element_type=\"widget\" data-e-type=\"widget\" data-widget_type=\"heading.default\">\n\t\t\t\t<div class=\"elementor-widget-container\">\n\t\t\t\t\t<h5 class=\"elementor-heading-title elementor-size-default\">BOLET\u00cdN OFICIAL DEL ESTADO<\/h5>\t\t\t\t<\/div>\n\t\t\t\t<\/div>\n\t\t\t\t<div class=\"elementor-element elementor-element-8a32a36 elementor-widget elementor-widget-heading\" data-id=\"8a32a36\" data-element_type=\"widget\" data-e-type=\"widget\" data-widget_type=\"heading.default\">\n\t\t\t\t<div class=\"elementor-widget-container\">\n\t\t\t\t\t<h6 class=\"elementor-heading-title elementor-size-default\">Disposiciones generales \/ Cortes Generales<\/h6>\t\t\t\t<\/div>\n\t\t\t\t<\/div>\n\t\t\t\t<div class=\"elementor-element elementor-element-9c80674 elementor-widget elementor-widget-text-editor\" data-id=\"9c80674\" data-element_type=\"widget\" data-e-type=\"widget\" data-widget_type=\"text-editor.default\">\n\t\t\t\t<div class=\"elementor-widget-container\">\n\t\t\t\t\t\t\t\t\t<ul><li><span data-olk-copy-source=\"MessageBody\">Resoluci\u00f3n de 8 de octubre de 2025, del Congreso de los Diputados, por la que se ordena la publicaci\u00f3n del\u00a0<\/span><a class=\"x_link-build-content\" title=\"https:\/\/go.abogacia.es\/lnk\/AWEAAH6y5MwAAc4cyLoAABAXVFoAAAAA0zoAAKFsABi_EgBo8gmDOOjn-RsES7-FGJwXgUxPoAAYIRA\/2\/XZSCFkPAGEl_WaevzmglxQ\/aHR0cHM6Ly93d3cuYm9lLmVzL2JvZS9kaWFzLzIwMjUvMTAvMTUvcGRmcy9CT0UtQS0yMDI1LTIwNTgyLnBkZj91dG1fY2FtcGFpZ249TGVnaXNsYWNpJUMzJUIzbiUyMFNlbWFuYWwlMjAxMyUyMGElMjAxNyUyMGRlJTIwT2N0dWJyZSUyMGRlJTIwMjAyNSZ1dG1fbWVkaXVtPWVtYWlsJnV0bV9zb3VyY2U9TWFpbGpldA\" href=\"https:\/\/go.abogacia.es\/lnk\/AWEAAH6y5MwAAc4cyLoAABAXVFoAAAAA0zoAAKFsABi_EgBo8gmDOOjn-RsES7-FGJwXgUxPoAAYIRA\/2\/XZSCFkPAGEl_WaevzmglxQ\/aHR0cHM6Ly93d3cuYm9lLmVzL2JvZS9kaWFzLzIwMjUvMTAvMTUvcGRmcy9CT0UtQS0yMDI1LTIwNTgyLnBkZj91dG1fY2FtcGFpZ249TGVnaXNsYWNpJUMzJUIzbiUyMFNlbWFuYWwlMjAxMyUyMGElMjAxNyUyMGRlJTIwT2N0dWJyZSUyMGRlJTIwMjAyNSZ1dG1fbWVkaXVtPWVtYWlsJnV0bV9zb3VyY2U9TWFpbGpldA\" target=\"_blank\" rel=\"noopener\" data-auth=\"NotApplicable\" data-linkindex=\"2\"><u>Acuerdo de convalidaci\u00f3n del Real Decreto-ley 10\/2025, de 23 de septiembre, por el que se adoptan medidas urgentes contra el genocidio en Gaza y de apoyo a la poblaci\u00f3n palestina<\/u><\/a>.<\/li><\/ul>\t\t\t\t\t\t\t\t<\/div>\n\t\t\t\t<\/div>\n\t\t\t\t<div class=\"elementor-element elementor-element-710f84c elementor-widget elementor-widget-heading\" data-id=\"710f84c\" data-element_type=\"widget\" data-e-type=\"widget\" data-widget_type=\"heading.default\">\n\t\t\t\t<div class=\"elementor-widget-container\">\n\t\t\t\t\t<h6 class=\"elementor-heading-title elementor-size-default\">Disposiciones generales \/ Ministerio de la Presidencia, Justicia y Relaciones con las Cortes<\/h6>\t\t\t\t<\/div>\n\t\t\t\t<\/div>\n\t\t\t\t<div class=\"elementor-element elementor-element-cb4b204 elementor-widget elementor-widget-text-editor\" data-id=\"cb4b204\" data-element_type=\"widget\" data-e-type=\"widget\" data-widget_type=\"text-editor.default\">\n\t\t\t\t<div class=\"elementor-widget-container\">\n\t\t\t\t\t\t\t\t\t<ul><li><span data-olk-copy-source=\"MessageBody\">Orden PJC\/1146\/2025, de 13 de octubre, por la que se crea y regula la\u00a0<\/span><a class=\"x_link-build-content\" title=\"https:\/\/go.abogacia.es\/lnk\/AWEAAH6y5MwAAc4cyLoAABAXVFoAAAAA0zoAAKFsABi_EgBo8gmDOOjn-RsES7-FGJwXgUxPoAAYIRA\/3\/r3b6tyuCYvklFKIJsItjCw\/aHR0cHM6Ly93d3cuYm9lLmVzL2JvZS9kaWFzLzIwMjUvMTAvMTYvcGRmcy9CT0UtQS0yMDI1LTIwNjkxLnBkZj91dG1fY2FtcGFpZ249TGVnaXNsYWNpJUMzJUIzbiUyMFNlbWFuYWwlMjAxMyUyMGElMjAxNyUyMGRlJTIwT2N0dWJyZSUyMGRlJTIwMjAyNSZ1dG1fbWVkaXVtPWVtYWlsJnV0bV9zb3VyY2U9TWFpbGpldA\" href=\"https:\/\/go.abogacia.es\/lnk\/AWEAAH6y5MwAAc4cyLoAABAXVFoAAAAA0zoAAKFsABi_EgBo8gmDOOjn-RsES7-FGJwXgUxPoAAYIRA\/3\/r3b6tyuCYvklFKIJsItjCw\/aHR0cHM6Ly93d3cuYm9lLmVzL2JvZS9kaWFzLzIwMjUvMTAvMTYvcGRmcy9CT0UtQS0yMDI1LTIwNjkxLnBkZj91dG1fY2FtcGFpZ249TGVnaXNsYWNpJUMzJUIzbiUyMFNlbWFuYWwlMjAxMyUyMGElMjAxNyUyMGRlJTIwT2N0dWJyZSUyMGRlJTIwMjAyNSZ1dG1fbWVkaXVtPWVtYWlsJnV0bV9zb3VyY2U9TWFpbGpldA\" target=\"_blank\" rel=\"noopener\" data-auth=\"NotApplicable\" data-linkindex=\"3\"><u>Comisi\u00f3n de Evaluaci\u00f3n sobre la concurrencia de circunstancias objetivas que justifiquen la aplicaci\u00f3n de coeficientes reductores que permitan anticipar la edad de jubilaci\u00f3n en el sistema de la Seguridad Social<\/u><\/a>.<\/li><\/ul>\t\t\t\t\t\t\t\t<\/div>\n\t\t\t\t<\/div>\n\t\t\t\t<div class=\"elementor-element elementor-element-7f40878 elementor-widget elementor-widget-heading\" data-id=\"7f40878\" data-element_type=\"widget\" data-e-type=\"widget\" data-widget_type=\"heading.default\">\n\t\t\t\t<div class=\"elementor-widget-container\">\n\t\t\t\t\t<h6 class=\"elementor-heading-title elementor-size-default\">Disposiciones generales \/ Ministerio de Agricultura, Pesca y Alimentaci\u00f3n<\/h6>\t\t\t\t<\/div>\n\t\t\t\t<\/div>\n\t\t\t\t<div class=\"elementor-element elementor-element-162a514 elementor-widget elementor-widget-text-editor\" data-id=\"162a514\" data-element_type=\"widget\" data-e-type=\"widget\" data-widget_type=\"text-editor.default\">\n\t\t\t\t<div class=\"elementor-widget-container\">\n\t\t\t\t\t\t\t\t\t<ul><li><span data-olk-copy-source=\"MessageBody\">Real Decreto 916\/2025, de 14 de octubre, por el que\u00a0<\/span><a class=\"x_link-build-content\" title=\"https:\/\/go.abogacia.es\/lnk\/AWEAAH6y5MwAAc4cyLoAABAXVFoAAAAA0zoAAKFsABi_EgBo8gmDOOjn-RsES7-FGJwXgUxPoAAYIRA\/4\/De_7aCxlXm0x5mZ1fKCAkQ\/aHR0cHM6Ly93d3cuYm9lLmVzL2JvZS9kaWFzLzIwMjUvMTAvMTUvcGRmcy9CT0UtQS0yMDI1LTIwNTgzLnBkZj91dG1fY2FtcGFpZ249TGVnaXNsYWNpJUMzJUIzbiUyMFNlbWFuYWwlMjAxMyUyMGElMjAxNyUyMGRlJTIwT2N0dWJyZSUyMGRlJTIwMjAyNSZ1dG1fbWVkaXVtPWVtYWlsJnV0bV9zb3VyY2U9TWFpbGpldA\" href=\"https:\/\/go.abogacia.es\/lnk\/AWEAAH6y5MwAAc4cyLoAABAXVFoAAAAA0zoAAKFsABi_EgBo8gmDOOjn-RsES7-FGJwXgUxPoAAYIRA\/4\/De_7aCxlXm0x5mZ1fKCAkQ\/aHR0cHM6Ly93d3cuYm9lLmVzL2JvZS9kaWFzLzIwMjUvMTAvMTUvcGRmcy9CT0UtQS0yMDI1LTIwNTgzLnBkZj91dG1fY2FtcGFpZ249TGVnaXNsYWNpJUMzJUIzbiUyMFNlbWFuYWwlMjAxMyUyMGElMjAxNyUyMGRlJTIwT2N0dWJyZSUyMGRlJTIwMjAyNSZ1dG1fbWVkaXVtPWVtYWlsJnV0bV9zb3VyY2U9TWFpbGpldA\" target=\"_blank\" rel=\"noopener\" data-auth=\"NotApplicable\" data-linkindex=\"4\"><u>se modifican diversos reales decretos en materia de Pol\u00edtica Agr\u00edcola Com\u00fan<\/u><\/a>.<\/li><\/ul>\t\t\t\t\t\t\t\t<\/div>\n\t\t\t\t<\/div>\n\t\t\t\t<div class=\"elementor-element elementor-element-d4aba57 elementor-widget elementor-widget-heading\" data-id=\"d4aba57\" data-element_type=\"widget\" data-e-type=\"widget\" data-widget_type=\"heading.default\">\n\t\t\t\t<div class=\"elementor-widget-container\">\n\t\t\t\t\t<h6 class=\"elementor-heading-title elementor-size-default\">Oposiciones y concursos \/ Ministerio de la Presidencia, Justicia y Relaciones con las Cortes<\/h6>\t\t\t\t<\/div>\n\t\t\t\t<\/div>\n\t\t\t\t<div class=\"elementor-element elementor-element-ba7558f elementor-widget elementor-widget-text-editor\" data-id=\"ba7558f\" data-element_type=\"widget\" data-e-type=\"widget\" data-widget_type=\"text-editor.default\">\n\t\t\t\t<div class=\"elementor-widget-container\">\n\t\t\t\t\t\t\t\t\t<ul><li><span data-olk-copy-source=\"MessageBody\">Orden PJC\/1113\/2025, de 10 de octubre, por la que se convoca concurso espec\u00edfico para la\u00a0<\/span><a class=\"x_link-build-content\" title=\"https:\/\/go.abogacia.es\/lnk\/AWEAAH6y5MwAAc4cyLoAABAXVFoAAAAA0zoAAKFsABi_EgBo8gmDOOjn-RsES7-FGJwXgUxPoAAYIRA\/5\/vGeVs0TKhrpiS5E0V4Kr-w\/aHR0cHM6Ly93d3cuYm9lLmVzL2JvZS9kaWFzLzIwMjUvMTAvMTEvcGRmcy9CT0UtQS0yMDI1LTIwMjkzLnBkZj91dG1fY2FtcGFpZ249TGVnaXNsYWNpJUMzJUIzbiUyMFNlbWFuYWwlMjAxMyUyMGElMjAxNyUyMGRlJTIwT2N0dWJyZSUyMGRlJTIwMjAyNSZ1dG1fbWVkaXVtPWVtYWlsJnV0bV9zb3VyY2U9TWFpbGpldA\" href=\"https:\/\/go.abogacia.es\/lnk\/AWEAAH6y5MwAAc4cyLoAABAXVFoAAAAA0zoAAKFsABi_EgBo8gmDOOjn-RsES7-FGJwXgUxPoAAYIRA\/5\/vGeVs0TKhrpiS5E0V4Kr-w\/aHR0cHM6Ly93d3cuYm9lLmVzL2JvZS9kaWFzLzIwMjUvMTAvMTEvcGRmcy9CT0UtQS0yMDI1LTIwMjkzLnBkZj91dG1fY2FtcGFpZ249TGVnaXNsYWNpJUMzJUIzbiUyMFNlbWFuYWwlMjAxMyUyMGElMjAxNyUyMGRlJTIwT2N0dWJyZSUyMGRlJTIwMjAyNSZ1dG1fbWVkaXVtPWVtYWlsJnV0bV9zb3VyY2U9TWFpbGpldA\" target=\"_blank\" rel=\"noopener\" data-auth=\"NotApplicable\" data-linkindex=\"5\"><u>provisi\u00f3n de puestos de trabajo para el cuerpo de letrados de la administraci\u00f3n de justicia<\/u><\/a>.<\/li><\/ul>\t\t\t\t\t\t\t\t<\/div>\n\t\t\t\t<\/div>\n\t\t\t\t<div class=\"elementor-element elementor-element-2e7da5a elementor-widget elementor-widget-heading\" data-id=\"2e7da5a\" data-element_type=\"widget\" data-e-type=\"widget\" data-widget_type=\"heading.default\">\n\t\t\t\t<div class=\"elementor-widget-container\">\n\t\t\t\t\t<h6 class=\"elementor-heading-title elementor-size-default\">Otras disposiciones \/ Ministerio de la Presidencia, Justicia y Relaciones con las Cortes<\/h6>\t\t\t\t<\/div>\n\t\t\t\t<\/div>\n\t\t\t\t<div class=\"elementor-element elementor-element-4915b9d elementor-widget elementor-widget-text-editor\" data-id=\"4915b9d\" data-element_type=\"widget\" data-e-type=\"widget\" data-widget_type=\"text-editor.default\">\n\t\t\t\t<div class=\"elementor-widget-container\">\n\t\t\t\t\t\t\t\t\t<ul><li><span data-olk-copy-source=\"MessageBody\">Resoluci\u00f3n de 6 de octubre de 2025, de la Subsecretar\u00eda, por la que se publica el\u00a0<\/span><a class=\"x_link-build-content\" title=\"https:\/\/go.abogacia.es\/lnk\/AWEAAH6y5MwAAc4cyLoAABAXVFoAAAAA0zoAAKFsABi_EgBo8gmDOOjn-RsES7-FGJwXgUxPoAAYIRA\/6\/HcvwAU9_wiEHVaejPtcoHw\/aHR0cHM6Ly93d3cuYm9lLmVzL2JvZS9kaWFzLzIwMjUvMTAvMTMvcGRmcy9CT0UtQS0yMDI1LTIwNDYyLnBkZj91dG1fY2FtcGFpZ249TGVnaXNsYWNpJUMzJUIzbiUyMFNlbWFuYWwlMjAxMyUyMGElMjAxNyUyMGRlJTIwT2N0dWJyZSUyMGRlJTIwMjAyNSZ1dG1fbWVkaXVtPWVtYWlsJnV0bV9zb3VyY2U9TWFpbGpldA\" href=\"https:\/\/go.abogacia.es\/lnk\/AWEAAH6y5MwAAc4cyLoAABAXVFoAAAAA0zoAAKFsABi_EgBo8gmDOOjn-RsES7-FGJwXgUxPoAAYIRA\/6\/HcvwAU9_wiEHVaejPtcoHw\/aHR0cHM6Ly93d3cuYm9lLmVzL2JvZS9kaWFzLzIwMjUvMTAvMTMvcGRmcy9CT0UtQS0yMDI1LTIwNDYyLnBkZj91dG1fY2FtcGFpZ249TGVnaXNsYWNpJUMzJUIzbiUyMFNlbWFuYWwlMjAxMyUyMGElMjAxNyUyMGRlJTIwT2N0dWJyZSUyMGRlJTIwMjAyNSZ1dG1fbWVkaXVtPWVtYWlsJnV0bV9zb3VyY2U9TWFpbGpldA\" target=\"_blank\" rel=\"noopener\" data-auth=\"NotApplicable\" data-linkindex=\"6\"><u>Convenio entre la Agencia Estatal de Administraci\u00f3n Digital y la Abogac\u00eda General del Estado, para la prestaci\u00f3n de la soluci\u00f3n de nube h\u00edbrida NubeSARA<\/u><\/a>, financiado por la Uni\u00f3n Europea, en el marco del Plan de Recuperaci\u00f3n, Transformaci\u00f3n y Resiliencia-Fondo de Recuperaci\u00f3n Next Generation EU<\/li><\/ul>\t\t\t\t\t\t\t\t<\/div>\n\t\t\t\t<\/div>\n\t\t\t\t<div class=\"elementor-element elementor-element-f8d71a0 elementor-widget elementor-widget-heading\" data-id=\"f8d71a0\" data-element_type=\"widget\" data-e-type=\"widget\" data-widget_type=\"heading.default\">\n\t\t\t\t<div class=\"elementor-widget-container\">\n\t\t\t\t\t<h6 class=\"elementor-heading-title elementor-size-default\">Otras disposiciones \/ Consejo General del Poder Judicial<\/h6>\t\t\t\t<\/div>\n\t\t\t\t<\/div>\n\t\t\t\t<div class=\"elementor-element elementor-element-0ea6016 elementor-widget elementor-widget-text-editor\" data-id=\"0ea6016\" data-element_type=\"widget\" data-e-type=\"widget\" data-widget_type=\"text-editor.default\">\n\t\t\t\t<div class=\"elementor-widget-container\">\n\t\t\t\t\t\t\t\t\t<ul><li><span data-olk-copy-source=\"MessageBody\">Acuerdo de 24 de septiembre de 2025, del Pleno del Consejo General del Poder Judicial, sobre\u00a0<\/span><a class=\"x_link-build-content\" title=\"https:\/\/go.abogacia.es\/lnk\/AWEAAH6y5MwAAc4cyLoAABAXVFoAAAAA0zoAAKFsABi_EgBo8gmDOOjn-RsES7-FGJwXgUxPoAAYIRA\/7\/HTxTUMyEpvaW55Z8LO2qGg\/aHR0cHM6Ly93d3cuYm9lLmVzL2JvZS9kaWFzLzIwMjUvMTAvMTMvcGRmcy9CT0UtQS0yMDI1LTIwNDMzLnBkZj91dG1fY2FtcGFpZ249TGVnaXNsYWNpJUMzJUIzbiUyMFNlbWFuYWwlMjAxMyUyMGElMjAxNyUyMGRlJTIwT2N0dWJyZSUyMGRlJTIwMjAyNSZ1dG1fbWVkaXVtPWVtYWlsJnV0bV9zb3VyY2U9TWFpbGpldA\" href=\"https:\/\/go.abogacia.es\/lnk\/AWEAAH6y5MwAAc4cyLoAABAXVFoAAAAA0zoAAKFsABi_EgBo8gmDOOjn-RsES7-FGJwXgUxPoAAYIRA\/7\/HTxTUMyEpvaW55Z8LO2qGg\/aHR0cHM6Ly93d3cuYm9lLmVzL2JvZS9kaWFzLzIwMjUvMTAvMTMvcGRmcy9CT0UtQS0yMDI1LTIwNDMzLnBkZj91dG1fY2FtcGFpZ249TGVnaXNsYWNpJUMzJUIzbiUyMFNlbWFuYWwlMjAxMyUyMGElMjAxNyUyMGRlJTIwT2N0dWJyZSUyMGRlJTIwMjAyNSZ1dG1fbWVkaXVtPWVtYWlsJnV0bV9zb3VyY2U9TWFpbGpldA\" target=\"_blank\" rel=\"noopener\" data-auth=\"NotApplicable\" data-linkindex=\"7\"><u>adaptaci\u00f3n de permisos contemplados en el Real Decreto Legislativo 5\/2015, de 30 de octubre, por el que se aprueba el texto refundido de la Ley del Estatuto B\u00e1sico del Empleado P\u00fablico<\/u><\/a>.<\/li><\/ul>\t\t\t\t\t\t\t\t<\/div>\n\t\t\t\t<\/div>\n\t\t\t\t<div class=\"elementor-element elementor-element-a910598 elementor-widget elementor-widget-heading\" data-id=\"a910598\" data-element_type=\"widget\" data-e-type=\"widget\" data-widget_type=\"heading.default\">\n\t\t\t\t<div class=\"elementor-widget-container\">\n\t\t\t\t\t<h5 class=\"elementor-heading-title elementor-size-default\">DIARIO OFICIAL DE LA UNI\u00d3N EUROPEA<\/h5>\t\t\t\t<\/div>\n\t\t\t\t<\/div>\n\t\t\t\t<div class=\"elementor-element elementor-element-6459552 elementor-widget elementor-widget-heading\" data-id=\"6459552\" data-element_type=\"widget\" data-e-type=\"widget\" data-widget_type=\"heading.default\">\n\t\t\t\t<div class=\"elementor-widget-container\">\n\t\t\t\t\t<h6 class=\"elementor-heading-title elementor-size-default\">Comunicaciones e informaciones<\/h6>\t\t\t\t<\/div>\n\t\t\t\t<\/div>\n\t\t\t\t<div class=\"elementor-element elementor-element-552bed2 elementor-widget elementor-widget-text-editor\" data-id=\"552bed2\" data-element_type=\"widget\" data-e-type=\"widget\" data-widget_type=\"text-editor.default\">\n\t\t\t\t<div class=\"elementor-widget-container\">\n\t\t\t\t\t\t\t\t\t<ul><li><span data-olk-copy-source=\"MessageBody\">Comunicaci\u00f3n de la Comisi\u00f3n &#8211; Orientaciones sobre la\u00a0<\/span><a class=\"x_link-build-content\" title=\"https:\/\/go.abogacia.es\/lnk\/AWEAAH6y5MwAAc4cyLoAABAXVFoAAAAA0zoAAKFsABi_EgBo8gmDOOjn-RsES7-FGJwXgUxPoAAYIRA\/8\/oi8JY0z1SdUSTdVs9Uxuug\/aHR0cHM6Ly9ldXItbGV4LmV1cm9wYS5ldS9sZWdhbC1jb250ZW50L0VTL1RYVC9QREYvP3VyaT1PSjpDXzIwMjUwNTUxMSZ1dG1fY2FtcGFpZ249TGVnaXNsYWNpJUMzJUIzbiUyMFNlbWFuYWwlMjAxMyUyMGElMjAxNyUyMGRlJTIwT2N0dWJyZSUyMGRlJTIwMjAyNSZ1dG1fbWVkaXVtPWVtYWlsJnV0bV9zb3VyY2U9TWFpbGpldA\" href=\"https:\/\/go.abogacia.es\/lnk\/AWEAAH6y5MwAAc4cyLoAABAXVFoAAAAA0zoAAKFsABi_EgBo8gmDOOjn-RsES7-FGJwXgUxPoAAYIRA\/8\/oi8JY0z1SdUSTdVs9Uxuug\/aHR0cHM6Ly9ldXItbGV4LmV1cm9wYS5ldS9sZWdhbC1jb250ZW50L0VTL1RYVC9QREYvP3VyaT1PSjpDXzIwMjUwNTUxMSZ1dG1fY2FtcGFpZ249TGVnaXNsYWNpJUMzJUIzbiUyMFNlbWFuYWwlMjAxMyUyMGElMjAxNyUyMGRlJTIwT2N0dWJyZSUyMGRlJTIwMjAyNSZ1dG1fbWVkaXVtPWVtYWlsJnV0bV9zb3VyY2U9TWFpbGpldA\" target=\"_blank\" rel=\"noopener\" data-auth=\"NotApplicable\" data-linkindex=\"8\"><u>ejecuci\u00f3n del Fondo Social para el Clima<\/u><\/a>.<\/li><\/ul>\t\t\t\t\t\t\t\t<\/div>\n\t\t\t\t<\/div>\n\t\t\t\t<div class=\"elementor-element elementor-element-a242672 elementor-widget elementor-widget-heading\" data-id=\"a242672\" data-element_type=\"widget\" data-e-type=\"widget\" data-widget_type=\"heading.default\">\n\t\t\t\t<div class=\"elementor-widget-container\">\n\t\t\t\t\t<h5 class=\"elementor-heading-title elementor-size-default\">CONGRESO DE LOS DIPUTADOS<\/h5>\t\t\t\t<\/div>\n\t\t\t\t<\/div>\n\t\t\t\t<div class=\"elementor-element elementor-element-bf719ea elementor-widget elementor-widget-heading\" data-id=\"bf719ea\" data-element_type=\"widget\" data-e-type=\"widget\" data-widget_type=\"heading.default\">\n\t\t\t\t<div class=\"elementor-widget-container\">\n\t\t\t\t\t<h6 class=\"elementor-heading-title elementor-size-default\">Proposiciones de ley<\/h6>\t\t\t\t<\/div>\n\t\t\t\t<\/div>\n\t\t\t\t<div class=\"elementor-element elementor-element-3b76a49 elementor-widget elementor-widget-text-editor\" data-id=\"3b76a49\" data-element_type=\"widget\" data-e-type=\"widget\" data-widget_type=\"text-editor.default\">\n\t\t\t\t<div class=\"elementor-widget-container\">\n\t\t\t\t\t\t\t\t\t<ul><li><span data-olk-copy-source=\"MessageBody\">Proposici\u00f3n de Ley para la derogaci\u00f3n de la Ley 18\/2013, de 12 de noviembre, para la\u00a0<\/span><a class=\"x_link-build-content\" title=\"https:\/\/go.abogacia.es\/lnk\/AWEAAH6y5MwAAc4cyLoAABAXVFoAAAAA0zoAAKFsABi_EgBo8gmDOOjn-RsES7-FGJwXgUxPoAAYIRA\/9\/tqa9juA86ZQNwIQg3DxShQ\/aHR0cHM6Ly93d3cuY29uZ3Jlc28uZXMvcHVibGljX29maWNpYWxlcy9MMTUvQ09ORy9CT0NHL0IvQk9DRy0xNS1CLTIxNC0yLlBERj91dG1fY2FtcGFpZ249TGVnaXNsYWNpJUMzJUIzbiUyMFNlbWFuYWwlMjAxMyUyMGElMjAxNyUyMGRlJTIwT2N0dWJyZSUyMGRlJTIwMjAyNSZ1dG1fbWVkaXVtPWVtYWlsJnV0bV9zb3VyY2U9TWFpbGpldA\" href=\"https:\/\/go.abogacia.es\/lnk\/AWEAAH6y5MwAAc4cyLoAABAXVFoAAAAA0zoAAKFsABi_EgBo8gmDOOjn-RsES7-FGJwXgUxPoAAYIRA\/9\/tqa9juA86ZQNwIQg3DxShQ\/aHR0cHM6Ly93d3cuY29uZ3Jlc28uZXMvcHVibGljX29maWNpYWxlcy9MMTUvQ09ORy9CT0NHL0IvQk9DRy0xNS1CLTIxNC0yLlBERj91dG1fY2FtcGFpZ249TGVnaXNsYWNpJUMzJUIzbiUyMFNlbWFuYWwlMjAxMyUyMGElMjAxNyUyMGRlJTIwT2N0dWJyZSUyMGRlJTIwMjAyNSZ1dG1fbWVkaXVtPWVtYWlsJnV0bV9zb3VyY2U9TWFpbGpldA\" target=\"_blank\" rel=\"noopener\" data-auth=\"NotApplicable\" data-linkindex=\"9\"><u>regulaci\u00f3n de la Tauromaquia como patrimonio cultural<\/u><\/a>.\u00a0<i>Rechazada<\/i><\/li><li>Proposici\u00f3n de Ley sobre control y regulaci\u00f3n de la publicidad y contrataci\u00f3n de los pisos tur\u00edsticos.\u00a0<a class=\"x_link-build-content\" title=\"https:\/\/go.abogacia.es\/lnk\/AWEAAH6y5MwAAc4cyLoAABAXVFoAAAAA0zoAAKFsABi_EgBo8gmDOOjn-RsES7-FGJwXgUxPoAAYIRA\/10\/PUPmPUnGEN5unU_alSqbbQ\/aHR0cHM6Ly93d3cuY29uZ3Jlc28uZXMvcHVibGljX29maWNpYWxlcy9MMTUvQ09ORy9CT0NHL0IvQk9DRy0xNS1CLTI1Ni0yLlBERj91dG1fY2FtcGFpZ249TGVnaXNsYWNpJUMzJUIzbiUyMFNlbWFuYWwlMjAxMyUyMGElMjAxNyUyMGRlJTIwT2N0dWJyZSUyMGRlJTIwMjAyNSZ1dG1fbWVkaXVtPWVtYWlsJnV0bV9zb3VyY2U9TWFpbGpldA\" href=\"https:\/\/go.abogacia.es\/lnk\/AWEAAH6y5MwAAc4cyLoAABAXVFoAAAAA0zoAAKFsABi_EgBo8gmDOOjn-RsES7-FGJwXgUxPoAAYIRA\/10\/PUPmPUnGEN5unU_alSqbbQ\/aHR0cHM6Ly93d3cuY29uZ3Jlc28uZXMvcHVibGljX29maWNpYWxlcy9MMTUvQ09ORy9CT0NHL0IvQk9DRy0xNS1CLTI1Ni0yLlBERj91dG1fY2FtcGFpZ249TGVnaXNsYWNpJUMzJUIzbiUyMFNlbWFuYWwlMjAxMyUyMGElMjAxNyUyMGRlJTIwT2N0dWJyZSUyMGRlJTIwMjAyNSZ1dG1fbWVkaXVtPWVtYWlsJnV0bV9zb3VyY2U9TWFpbGpldA\" target=\"_blank\" rel=\"noopener\" data-auth=\"NotApplicable\" data-linkindex=\"10\"><u>Toma en consideraci\u00f3n<\/u>\u00a0|\u00a0<\/a><a class=\"x_link-build-content\" title=\"https:\/\/go.abogacia.es\/lnk\/AWEAAH6y5MwAAc4cyLoAABAXVFoAAAAA0zoAAKFsABi_EgBo8gmDOOjn-RsES7-FGJwXgUxPoAAYIRA\/11\/TgYxTYWrCarijHprVz3Xkw\/aHR0cHM6Ly93d3cuY29uZ3Jlc28uZXMvcHVibGljX29maWNpYWxlcy9MMTUvQ09ORy9CT0NHL0IvQk9DRy0xNS1CLTI1Ni0zLlBERj91dG1fY2FtcGFpZ249TGVnaXNsYWNpJUMzJUIzbiUyMFNlbWFuYWwlMjAxMyUyMGElMjAxNyUyMGRlJTIwT2N0dWJyZSUyMGRlJTIwMjAyNSZ1dG1fbWVkaXVtPWVtYWlsJnV0bV9zb3VyY2U9TWFpbGpldA\" href=\"https:\/\/go.abogacia.es\/lnk\/AWEAAH6y5MwAAc4cyLoAABAXVFoAAAAA0zoAAKFsABi_EgBo8gmDOOjn-RsES7-FGJwXgUxPoAAYIRA\/11\/TgYxTYWrCarijHprVz3Xkw\/aHR0cHM6Ly93d3cuY29uZ3Jlc28uZXMvcHVibGljX29maWNpYWxlcy9MMTUvQ09ORy9CT0NHL0IvQk9DRy0xNS1CLTI1Ni0zLlBERj91dG1fY2FtcGFpZ249TGVnaXNsYWNpJUMzJUIzbiUyMFNlbWFuYWwlMjAxMyUyMGElMjAxNyUyMGRlJTIwT2N0dWJyZSUyMGRlJTIwMjAyNSZ1dG1fbWVkaXVtPWVtYWlsJnV0bV9zb3VyY2U9TWFpbGpldA\" target=\"_blank\" rel=\"noopener\" data-auth=\"NotApplicable\" data-linkindex=\"11\"><u>Acuerdo subsiguiente a la toma en consideraci\u00f3n<\/u><\/a><\/li><li>Proyecto de Ley por la que se adoptan\u00a0<a class=\"x_link-build-content\" title=\"https:\/\/go.abogacia.es\/lnk\/AWEAAH6y5MwAAc4cyLoAABAXVFoAAAAA0zoAAKFsABi_EgBo8gmDOOjn-RsES7-FGJwXgUxPoAAYIRA\/12\/Tev985cPm3HK0xTZWnFZiA\/aHR0cHM6Ly93d3cuY29uZ3Jlc28uZXMvcHVibGljX29maWNpYWxlcy9MMTUvQ09ORy9CT0NHL0EvQk9DRy0xNS1BLTcwLTEuUERGP3V0bV9jYW1wYWlnbj1MZWdpc2xhY2klQzMlQjNuJTIwU2VtYW5hbCUyMDEzJTIwYSUyMDE3JTIwZGUlMjBPY3R1YnJlJTIwZGUlMjAyMDI1JnV0bV9tZWRpdW09ZW1haWwmdXRtX3NvdXJjZT1NYWlsamV0\" href=\"https:\/\/go.abogacia.es\/lnk\/AWEAAH6y5MwAAc4cyLoAABAXVFoAAAAA0zoAAKFsABi_EgBo8gmDOOjn-RsES7-FGJwXgUxPoAAYIRA\/12\/Tev985cPm3HK0xTZWnFZiA\/aHR0cHM6Ly93d3cuY29uZ3Jlc28uZXMvcHVibGljX29maWNpYWxlcy9MMTUvQ09ORy9CT0NHL0EvQk9DRy0xNS1BLTcwLTEuUERGP3V0bV9jYW1wYWlnbj1MZWdpc2xhY2klQzMlQjNuJTIwU2VtYW5hbCUyMDEzJTIwYSUyMDE3JTIwZGUlMjBPY3R1YnJlJTIwZGUlMjAyMDI1JnV0bV9tZWRpdW09ZW1haWwmdXRtX3NvdXJjZT1NYWlsamV0\" target=\"_blank\" rel=\"noopener\" data-auth=\"NotApplicable\" data-linkindex=\"12\"><u>medidas urgentes contra el genocidio en Gaza y de apoyo a la poblaci\u00f3n palestina<\/u><\/a>\u00a0(procedente del Real Decreto-ley 10\/2025, de 23 de septiembre).<\/li><li>Proyecto de Ley de\u00a0<a class=\"x_link-build-content\" title=\"https:\/\/go.abogacia.es\/lnk\/AWEAAH6y5MwAAc4cyLoAABAXVFoAAAAA0zoAAKFsABi_EgBo8gmDOOjn-RsES7-FGJwXgUxPoAAYIRA\/13\/lnDpryWGaQIemFmibhfw5w\/aHR0cHM6Ly93d3cuY29uZ3Jlc28uZXMvcHVibGljX29maWNpYWxlcy9MMTUvQ09ORy9CT0NHL0EvQk9DRy0xNS1BLTcxLTEuUERGP3V0bV9jYW1wYWlnbj1MZWdpc2xhY2klQzMlQjNuJTIwU2VtYW5hbCUyMDEzJTIwYSUyMDE3JTIwZGUlMjBPY3R1YnJlJTIwZGUlMjAyMDI1JnV0bV9tZWRpdW09ZW1haWwmdXRtX3NvdXJjZT1NYWlsamV0\" href=\"https:\/\/go.abogacia.es\/lnk\/AWEAAH6y5MwAAc4cyLoAABAXVFoAAAAA0zoAAKFsABi_EgBo8gmDOOjn-RsES7-FGJwXgUxPoAAYIRA\/13\/lnDpryWGaQIemFmibhfw5w\/aHR0cHM6Ly93d3cuY29uZ3Jlc28uZXMvcHVibGljX29maWNpYWxlcy9MMTUvQ09ORy9CT0NHL0EvQk9DRy0xNS1BLTcxLTEuUERGP3V0bV9jYW1wYWlnbj1MZWdpc2xhY2klQzMlQjNuJTIwU2VtYW5hbCUyMDEzJTIwYSUyMDE3JTIwZGUlMjBPY3R1YnJlJTIwZGUlMjAyMDI1JnV0bV9tZWRpdW09ZW1haWwmdXRtX3NvdXJjZT1NYWlsamV0\" target=\"_blank\" rel=\"noopener\" data-auth=\"NotApplicable\" data-linkindex=\"13\"><u>modificaci\u00f3n parcial de la Ley 39\/2015, de 1 de octubre, del Procedimiento Administrativo Com\u00fan de las Administraciones P\u00fablicas, y de la Ley 40\/2015, de 1 de octubre, de R\u00e9gimen Jur\u00eddico del Sector P\u00fablico, en materia de responsabilidad patrimonial del Estado legislador por da\u00f1os derivados de la infracci\u00f3n del Derecho de la Uni\u00f3n Europea<\/u><\/a>.<\/li><li>Proposici\u00f3n de Ley de\u00a0<a class=\"x_link-build-content\" title=\"https:\/\/go.abogacia.es\/lnk\/AWEAAH6y5MwAAc4cyLoAABAXVFoAAAAA0zoAAKFsABi_EgBo8gmDOOjn-RsES7-FGJwXgUxPoAAYIRA\/14\/78R4k0PvHlbyeP1CH45PNA\/aHR0cHM6Ly93d3cuY29uZ3Jlc28uZXMvcHVibGljX29maWNpYWxlcy9MMTUvQ09ORy9CT0NHL0IvQk9DRy0xNS1CLTI1Mi0yLlBERj91dG1fY2FtcGFpZ249TGVnaXNsYWNpJUMzJUIzbiUyMFNlbWFuYWwlMjAxMyUyMGElMjAxNyUyMGRlJTIwT2N0dWJyZSUyMGRlJTIwMjAyNSZ1dG1fbWVkaXVtPWVtYWlsJnV0bV9zb3VyY2U9TWFpbGpldA\" href=\"https:\/\/go.abogacia.es\/lnk\/AWEAAH6y5MwAAc4cyLoAABAXVFoAAAAA0zoAAKFsABi_EgBo8gmDOOjn-RsES7-FGJwXgUxPoAAYIRA\/14\/78R4k0PvHlbyeP1CH45PNA\/aHR0cHM6Ly93d3cuY29uZ3Jlc28uZXMvcHVibGljX29maWNpYWxlcy9MMTUvQ09ORy9CT0NHL0IvQk9DRy0xNS1CLTI1Mi0yLlBERj91dG1fY2FtcGFpZ249TGVnaXNsYWNpJUMzJUIzbiUyMFNlbWFuYWwlMjAxMyUyMGElMjAxNyUyMGRlJTIwT2N0dWJyZSUyMGRlJTIwMjAyNSZ1dG1fbWVkaXVtPWVtYWlsJnV0bV9zb3VyY2U9TWFpbGpldA\" target=\"_blank\" rel=\"noopener\" data-auth=\"NotApplicable\" data-linkindex=\"14\"><u>medidas fiscales para combatir la especulaci\u00f3n inmobiliaria<\/u><\/a>.\u00a0<i>Presentada por el Grupo Parlamentario Republicano. Retirada<\/i><\/li><li>Proposici\u00f3n de Ley de\u00a0<a class=\"x_link-build-content\" title=\"https:\/\/go.abogacia.es\/lnk\/AWEAAH6y5MwAAc4cyLoAABAXVFoAAAAA0zoAAKFsABi_EgBo8gmDOOjn-RsES7-FGJwXgUxPoAAYIRA\/15\/7ROYNrGjqWl9zHpwQh5W7Q\/aHR0cHM6Ly93d3cuY29uZ3Jlc28uZXMvcHVibGljX29maWNpYWxlcy9MMTUvQ09ORy9CT0NHL0IvQk9DRy0xNS1CLTI2OS0xLlBERj91dG1fY2FtcGFpZ249TGVnaXNsYWNpJUMzJUIzbiUyMFNlbWFuYWwlMjAxMyUyMGElMjAxNyUyMGRlJTIwT2N0dWJyZSUyMGRlJTIwMjAyNSZ1dG1fbWVkaXVtPWVtYWlsJnV0bV9zb3VyY2U9TWFpbGpldA\" href=\"https:\/\/go.abogacia.es\/lnk\/AWEAAH6y5MwAAc4cyLoAABAXVFoAAAAA0zoAAKFsABi_EgBo8gmDOOjn-RsES7-FGJwXgUxPoAAYIRA\/15\/7ROYNrGjqWl9zHpwQh5W7Q\/aHR0cHM6Ly93d3cuY29uZ3Jlc28uZXMvcHVibGljX29maWNpYWxlcy9MMTUvQ09ORy9CT0NHL0IvQk9DRy0xNS1CLTI2OS0xLlBERj91dG1fY2FtcGFpZ249TGVnaXNsYWNpJUMzJUIzbiUyMFNlbWFuYWwlMjAxMyUyMGElMjAxNyUyMGRlJTIwT2N0dWJyZSUyMGRlJTIwMjAyNSZ1dG1fbWVkaXVtPWVtYWlsJnV0bV9zb3VyY2U9TWFpbGpldA\" target=\"_blank\" rel=\"noopener\" data-auth=\"NotApplicable\" data-linkindex=\"15\"><u>defensa y protecci\u00f3n de los s\u00edmbolos oficiales<\/u><\/a>.\u00a0<i>Presentada por el Grupo Parlamentario Popular en el Congreso<\/i><\/li><\/ul>\t\t\t\t\t\t\t\t<\/div>\n\t\t\t\t<\/div>\n\t\t\t\t<div class=\"elementor-element elementor-element-3a60d56 elementor-widget elementor-widget-heading\" data-id=\"3a60d56\" data-element_type=\"widget\" data-e-type=\"widget\" data-widget_type=\"heading.default\">\n\t\t\t\t<div class=\"elementor-widget-container\">\n\t\t\t\t\t<h5 class=\"elementor-heading-title elementor-size-default\">SENADO<\/h5>\t\t\t\t<\/div>\n\t\t\t\t<\/div>\n\t\t\t\t<div class=\"elementor-element elementor-element-9d4bbd2 elementor-widget elementor-widget-heading\" data-id=\"9d4bbd2\" data-element_type=\"widget\" data-e-type=\"widget\" data-widget_type=\"heading.default\">\n\t\t\t\t<div class=\"elementor-widget-container\">\n\t\t\t\t\t<h6 class=\"elementor-heading-title elementor-size-default\">Otras actividades parlamentarias<\/h6>\t\t\t\t<\/div>\n\t\t\t\t<\/div>\n\t\t\t\t<div class=\"elementor-element elementor-element-ddd550f elementor-widget elementor-widget-text-editor\" data-id=\"ddd550f\" data-element_type=\"widget\" data-e-type=\"widget\" data-widget_type=\"text-editor.default\">\n\t\t\t\t<div class=\"elementor-widget-container\">\n\t\t\t\t\t\t\t\t\t<ul><li><span data-olk-copy-source=\"MessageBody\">Propuesta de reforma del Reglamento del Senado por la que se modifican diversos art\u00edculos.<i>\u00a0<\/i><\/span><a class=\"x_link-build-content\" title=\"https:\/\/go.abogacia.es\/lnk\/AWEAAH6y5MwAAc4cyLoAABAXVFoAAAAA0zoAAKFsABi_EgBo8gmDOOjn-RsES7-FGJwXgUxPoAAYIRA\/16\/D14Mp58YOn2tQGiSxcXI0A\/aHR0cHM6Ly93d3cuc2VuYWRvLmVzL2xlZ2lzMTUvcHVibGljYWNpb25lcy9wZGYvc2VuYWRvL2JvY2cvQk9DR19EXzE1XzMxOV8yODI0LlBERj91dG1fY2FtcGFpZ249TGVnaXNsYWNpJUMzJUIzbiUyMFNlbWFuYWwlMjAxMyUyMGElMjAxNyUyMGRlJTIwT2N0dWJyZSUyMGRlJTIwMjAyNSZ1dG1fbWVkaXVtPWVtYWlsJnV0bV9zb3VyY2U9TWFpbGpldA\" href=\"https:\/\/go.abogacia.es\/lnk\/AWEAAH6y5MwAAc4cyLoAABAXVFoAAAAA0zoAAKFsABi_EgBo8gmDOOjn-RsES7-FGJwXgUxPoAAYIRA\/16\/D14Mp58YOn2tQGiSxcXI0A\/aHR0cHM6Ly93d3cuc2VuYWRvLmVzL2xlZ2lzMTUvcHVibGljYWNpb25lcy9wZGYvc2VuYWRvL2JvY2cvQk9DR19EXzE1XzMxOV8yODI0LlBERj91dG1fY2FtcGFpZ249TGVnaXNsYWNpJUMzJUIzbiUyMFNlbWFuYWwlMjAxMyUyMGElMjAxNyUyMGRlJTIwT2N0dWJyZSUyMGRlJTIwMjAyNSZ1dG1fbWVkaXVtPWVtYWlsJnV0bV9zb3VyY2U9TWFpbGpldA\" target=\"_blank\" rel=\"noopener\" data-auth=\"NotApplicable\" data-linkindex=\"16\"><u>Informe de la ponencia<\/u><\/a>\u00a0|\u00a0<a class=\"x_link-build-content\" title=\"https:\/\/go.abogacia.es\/lnk\/AWEAAH6y5MwAAc4cyLoAABAXVFoAAAAA0zoAAKFsABi_EgBo8gmDOOjn-RsES7-FGJwXgUxPoAAYIRA\/17\/JZ8ldW3Ig39O6LnJqOWkxA\/aHR0cHM6Ly93d3cuc2VuYWRvLmVzL2xlZ2lzMTUvcHVibGljYWNpb25lcy9wZGYvc2VuYWRvL2JvY2cvQk9DR19EXzE1XzMyMV8yODQzLlBERj91dG1fY2FtcGFpZ249TGVnaXNsYWNpJUMzJUIzbiUyMFNlbWFuYWwlMjAxMyUyMGElMjAxNyUyMGRlJTIwT2N0dWJyZSUyMGRlJTIwMjAyNSZ1dG1fbWVkaXVtPWVtYWlsJnV0bV9zb3VyY2U9TWFpbGpldA\" href=\"https:\/\/go.abogacia.es\/lnk\/AWEAAH6y5MwAAc4cyLoAABAXVFoAAAAA0zoAAKFsABi_EgBo8gmDOOjn-RsES7-FGJwXgUxPoAAYIRA\/17\/JZ8ldW3Ig39O6LnJqOWkxA\/aHR0cHM6Ly93d3cuc2VuYWRvLmVzL2xlZ2lzMTUvcHVibGljYWNpb25lcy9wZGYvc2VuYWRvL2JvY2cvQk9DR19EXzE1XzMyMV8yODQzLlBERj91dG1fY2FtcGFpZ249TGVnaXNsYWNpJUMzJUIzbiUyMFNlbWFuYWwlMjAxMyUyMGElMjAxNyUyMGRlJTIwT2N0dWJyZSUyMGRlJTIwMjAyNSZ1dG1fbWVkaXVtPWVtYWlsJnV0bV9zb3VyY2U9TWFpbGpldA\" target=\"_blank\" rel=\"noopener\" data-auth=\"NotApplicable\" data-linkindex=\"17\"><u>Informe de la Ponencia (Correcci\u00f3n de errores)<\/u><\/a><\/li><li>Propuesta de planteamiento de un\u00a0<a class=\"x_link-build-content\" title=\"https:\/\/go.abogacia.es\/lnk\/AWEAAH6y5MwAAc4cyLoAABAXVFoAAAAA0zoAAKFsABi_EgBo8gmDOOjn-RsES7-FGJwXgUxPoAAYIRA\/18\/VL8KvzYCGmyP3_-npDtKwQ\/aHR0cHM6Ly93d3cuc2VuYWRvLmVzL2xlZ2lzMTUvcHVibGljYWNpb25lcy9wZGYvc2VuYWRvL2JvY2cvQk9DR19EXzE1XzMxOV8yODQyLlBERj91dG1fY2FtcGFpZ249TGVnaXNsYWNpJUMzJUIzbiUyMFNlbWFuYWwlMjAxMyUyMGElMjAxNyUyMGRlJTIwT2N0dWJyZSUyMGRlJTIwMjAyNSZ1dG1fbWVkaXVtPWVtYWlsJnV0bV9zb3VyY2U9TWFpbGpldA\" href=\"https:\/\/go.abogacia.es\/lnk\/AWEAAH6y5MwAAc4cyLoAABAXVFoAAAAA0zoAAKFsABi_EgBo8gmDOOjn-RsES7-FGJwXgUxPoAAYIRA\/18\/VL8KvzYCGmyP3_-npDtKwQ\/aHR0cHM6Ly93d3cuc2VuYWRvLmVzL2xlZ2lzMTUvcHVibGljYWNpb25lcy9wZGYvc2VuYWRvL2JvY2cvQk9DR19EXzE1XzMxOV8yODQyLlBERj91dG1fY2FtcGFpZ249TGVnaXNsYWNpJUMzJUIzbiUyMFNlbWFuYWwlMjAxMyUyMGElMjAxNyUyMGRlJTIwT2N0dWJyZSUyMGRlJTIwMjAyNSZ1dG1fbWVkaXVtPWVtYWlsJnV0bV9zb3VyY2U9TWFpbGpldA\" target=\"_blank\" rel=\"noopener\" data-auth=\"NotApplicable\" data-linkindex=\"18\"><u>conflicto de atribuciones entre el Senado y el Gobierno para que, de conformidad con lo establecido en el art\u00edculo 188 del Reglamento de la C\u00e1mara, el Pleno del Senado requiera formalmente al Gobierno a que proceda a la elaboraci\u00f3n y remisi\u00f3n al Congreso de los Diputados del Proyecto de Ley de Presupuestos Generales del Estado para el a\u00f1o 2026<\/u><\/a>, en cumplimiento de la obligaci\u00f3n establecida en el art\u00edculo 134.1 y 3 de la Constituci\u00f3n.\u00a0<i>Iniciativa<\/i><\/li><li>Ponencia de estudio sobre el papel de los parlamentos iberoamericanos y espa\u00f1ol como actores de la cooperaci\u00f3n para el desarrollo en la lucha contra el hambre y la malnutrici\u00f3n con un enfoque de g\u00e9nero, constituida en el seno de la Comisi\u00f3n de Cooperaci\u00f3n Internacional al Desarrollo.\u00a0<a class=\"x_link-build-content\" title=\"https:\/\/go.abogacia.es\/lnk\/AWEAAH6y5MwAAc4cyLoAABAXVFoAAAAA0zoAAKFsABi_EgBo8gmDOOjn-RsES7-FGJwXgUxPoAAYIRA\/19\/b_eZIXXWvEGV7IjQu6KSBA\/aHR0cHM6Ly93d3cuc2VuYWRvLmVzL2xlZ2lzMTUvcHVibGljYWNpb25lcy9wZGYvc2VuYWRvL2JvY2cvQk9DR19EXzE1XzMyMV8yODMyLlBERj91dG1fY2FtcGFpZ249TGVnaXNsYWNpJUMzJUIzbiUyMFNlbWFuYWwlMjAxMyUyMGElMjAxNyUyMGRlJTIwT2N0dWJyZSUyMGRlJTIwMjAyNSZ1dG1fbWVkaXVtPWVtYWlsJnV0bV9zb3VyY2U9TWFpbGpldA\" href=\"https:\/\/go.abogacia.es\/lnk\/AWEAAH6y5MwAAc4cyLoAABAXVFoAAAAA0zoAAKFsABi_EgBo8gmDOOjn-RsES7-FGJwXgUxPoAAYIRA\/19\/b_eZIXXWvEGV7IjQu6KSBA\/aHR0cHM6Ly93d3cuc2VuYWRvLmVzL2xlZ2lzMTUvcHVibGljYWNpb25lcy9wZGYvc2VuYWRvL2JvY2cvQk9DR19EXzE1XzMyMV8yODMyLlBERj91dG1fY2FtcGFpZ249TGVnaXNsYWNpJUMzJUIzbiUyMFNlbWFuYWwlMjAxMyUyMGElMjAxNyUyMGRlJTIwT2N0dWJyZSUyMGRlJTIwMjAyNSZ1dG1fbWVkaXVtPWVtYWlsJnV0bV9zb3VyY2U9TWFpbGpldA\" target=\"_blank\" rel=\"noopener\" data-auth=\"NotApplicable\" data-linkindex=\"19\"><u>Informe de la Ponencia<\/u><\/a>\u00a0|\u00a0<a class=\"x_link-build-content\" title=\"https:\/\/go.abogacia.es\/lnk\/AWEAAH6y5MwAAc4cyLoAABAXVFoAAAAA0zoAAKFsABi_EgBo8gmDOOjn-RsES7-FGJwXgUxPoAAYIRA\/20\/p2wd0f4A75FxbvAzbP8etw\/aHR0cHM6Ly93d3cuc2VuYWRvLmVzL2xlZ2lzMTUvcHVibGljYWNpb25lcy9wZGYvc2VuYWRvL2JvY2cvQk9DR19EXzE1XzMyMV8yODMzLlBERj91dG1fY2FtcGFpZ249TGVnaXNsYWNpJUMzJUIzbiUyMFNlbWFuYWwlMjAxMyUyMGElMjAxNyUyMGRlJTIwT2N0dWJyZSUyMGRlJTIwMjAyNSZ1dG1fbWVkaXVtPWVtYWlsJnV0bV9zb3VyY2U9TWFpbGpldA\" href=\"https:\/\/go.abogacia.es\/lnk\/AWEAAH6y5MwAAc4cyLoAABAXVFoAAAAA0zoAAKFsABi_EgBo8gmDOOjn-RsES7-FGJwXgUxPoAAYIRA\/20\/p2wd0f4A75FxbvAzbP8etw\/aHR0cHM6Ly93d3cuc2VuYWRvLmVzL2xlZ2lzMTUvcHVibGljYWNpb25lcy9wZGYvc2VuYWRvL2JvY2cvQk9DR19EXzE1XzMyMV8yODMzLlBERj91dG1fY2FtcGFpZ249TGVnaXNsYWNpJUMzJUIzbiUyMFNlbWFuYWwlMjAxMyUyMGElMjAxNyUyMGRlJTIwT2N0dWJyZSUyMGRlJTIwMjAyNSZ1dG1fbWVkaXVtPWVtYWlsJnV0bV9zb3VyY2U9TWFpbGpldA\" target=\"_blank\" rel=\"noopener\" data-auth=\"NotApplicable\" data-linkindex=\"20\"><u>Acuerdo de la Comisi\u00f3n<\/u><\/a><\/li><\/ul>\t\t\t\t\t\t\t\t<\/div>\n\t\t\t\t<\/div>\n\t\t\t\t<div class=\"elementor-element elementor-element-61ca724 elementor-widget elementor-widget-heading\" data-id=\"61ca724\" data-element_type=\"widget\" data-e-type=\"widget\" data-widget_type=\"heading.default\">\n\t\t\t\t<div class=\"elementor-widget-container\">\n\t\t\t\t\t<h5 class=\"elementor-heading-title elementor-size-default\">CONSEJO DE MINISTROS<\/h5>\t\t\t\t<\/div>\n\t\t\t\t<\/div>\n\t\t\t\t<div class=\"elementor-element elementor-element-abc14e2 elementor-widget elementor-widget-heading\" data-id=\"abc14e2\" data-element_type=\"widget\" data-e-type=\"widget\" data-widget_type=\"heading.default\">\n\t\t\t\t<div class=\"elementor-widget-container\">\n\t\t\t\t\t<h6 class=\"elementor-heading-title elementor-size-default\">Presidencia, Justicia y Relaciones con las Cortes<\/h6>\t\t\t\t<\/div>\n\t\t\t\t<\/div>\n\t\t\t\t<div class=\"elementor-element elementor-element-764ced7 elementor-widget elementor-widget-text-editor\" data-id=\"764ced7\" data-element_type=\"widget\" data-e-type=\"widget\" data-widget_type=\"text-editor.default\">\n\t\t\t\t<div class=\"elementor-widget-container\">\n\t\t\t\t\t\t\t\t\t<ul><li><span data-olk-copy-source=\"MessageBody\">Acuerdo por el que se toma conocimiento del\u00a0<\/span><a class=\"x_link-build-content\" title=\"https:\/\/go.abogacia.es\/lnk\/AWEAAH6y5MwAAc4cyLoAABAXVFoAAAAA0zoAAKFsABi_EgBo8gmDOOjn-RsES7-FGJwXgUxPoAAYIRA\/21\/ktwSDJqb3fSpLfhYNBRNhw\/aHR0cHM6Ly93d3cubGFtb25jbG9hLmdvYi5lcy9jb25zZWpvZGVtaW5pc3Ryb3MvcmVmZXJlbmNpYXMvUGFnaW5hcy8yMDI1LzIwMjUxMDE0LXJlZmVyZW5jaWEtcnVlZGEtZGUtcHJlbnNhLW1pbmlzdHJvcy5hc3B4P3V0bV9jYW1wYWlnbj1MZWdpc2xhY2klQzMlQjNuJTIwU2VtYW5hbCUyMDEzJTIwYSUyMDE3JTIwZGUlMjBPY3R1YnJlJTIwZGUlMjAyMDI1JnV0bV9tZWRpdW09ZW1haWwmdXRtX3NvdXJjZT1NYWlsamV0I2Fib3J0bw#aborto\" href=\"https:\/\/go.abogacia.es\/lnk\/AWEAAH6y5MwAAc4cyLoAABAXVFoAAAAA0zoAAKFsABi_EgBo8gmDOOjn-RsES7-FGJwXgUxPoAAYIRA\/21\/ktwSDJqb3fSpLfhYNBRNhw\/aHR0cHM6Ly93d3cubGFtb25jbG9hLmdvYi5lcy9jb25zZWpvZGVtaW5pc3Ryb3MvcmVmZXJlbmNpYXMvUGFnaW5hcy8yMDI1LzIwMjUxMDE0LXJlZmVyZW5jaWEtcnVlZGEtZGUtcHJlbnNhLW1pbmlzdHJvcy5hc3B4P3V0bV9jYW1wYWlnbj1MZWdpc2xhY2klQzMlQjNuJTIwU2VtYW5hbCUyMDEzJTIwYSUyMDE3JTIwZGUlMjBPY3R1YnJlJTIwZGUlMjAyMDI1JnV0bV9tZWRpdW09ZW1haWwmdXRtX3NvdXJjZT1NYWlsamV0I2Fib3J0bw#aborto\" target=\"_blank\" rel=\"noopener\" data-auth=\"NotApplicable\" data-linkindex=\"21\"><u>Anteproyecto de reforma del art\u00edculo 43 de la Constituci\u00f3n Espa\u00f1ola<\/u><\/a>.<\/li><\/ul>\t\t\t\t\t\t\t\t<\/div>\n\t\t\t\t<\/div>\n\t\t\t\t<div class=\"elementor-element elementor-element-1e09b58 elementor-widget elementor-widget-heading\" data-id=\"1e09b58\" data-element_type=\"widget\" data-e-type=\"widget\" data-widget_type=\"heading.default\">\n\t\t\t\t<div class=\"elementor-widget-container\">\n\t\t\t\t\t<h5 class=\"elementor-heading-title elementor-size-default\">CONSULTA P\u00daBLICA PREVIA<\/h5>\t\t\t\t<\/div>\n\t\t\t\t<\/div>\n\t\t\t\t<div class=\"elementor-element elementor-element-13db60f elementor-widget elementor-widget-heading\" data-id=\"13db60f\" data-element_type=\"widget\" data-e-type=\"widget\" data-widget_type=\"heading.default\">\n\t\t\t\t<div class=\"elementor-widget-container\">\n\t\t\t\t\t<h6 class=\"elementor-heading-title elementor-size-default\">Ministerio de Trabajo y Econom\u00eda Social<\/h6>\t\t\t\t<\/div>\n\t\t\t\t<\/div>\n\t\t\t\t<div class=\"elementor-element elementor-element-6a6becc elementor-widget elementor-widget-text-editor\" data-id=\"6a6becc\" data-element_type=\"widget\" data-e-type=\"widget\" data-widget_type=\"text-editor.default\">\n\t\t\t\t<div class=\"elementor-widget-container\">\n\t\t\t\t\t\t\t\t\t<ul><li><span data-olk-copy-source=\"MessageBody\">Consulta p\u00fablica previa a la elaboraci\u00f3n de un\u00a0<\/span><a class=\"x_link-build-content\" title=\"https:\/\/go.abogacia.es\/lnk\/AWEAAH6y5MwAAc4cyLoAABAXVFoAAAAA0zoAAKFsABi_EgBo8gmDOOjn-RsES7-FGJwXgUxPoAAYIRA\/22\/3HY7TH5Oms0VekY2moQlvw\/aHR0cHM6Ly9leHBpbnRlcndlYi5taXRlcy5nb2IuZXMvcGFydGljaXBhL2xpc3RhZG8_dHJhbWl0ZT0yJmVzdGFkbz0xJnV0bV9jYW1wYWlnbj1MZWdpc2xhY2klQzMlQjNuJTIwU2VtYW5hbCUyMDEzJTIwYSUyMDE3JTIwZGUlMjBPY3R1YnJlJTIwZGUlMjAyMDI1JnV0bV9tZWRpdW09ZW1haWwmdXRtX3NvdXJjZT1NYWlsamV0\" href=\"https:\/\/go.abogacia.es\/lnk\/AWEAAH6y5MwAAc4cyLoAABAXVFoAAAAA0zoAAKFsABi_EgBo8gmDOOjn-RsES7-FGJwXgUxPoAAYIRA\/22\/3HY7TH5Oms0VekY2moQlvw\/aHR0cHM6Ly9leHBpbnRlcndlYi5taXRlcy5nb2IuZXMvcGFydGljaXBhL2xpc3RhZG8_dHJhbWl0ZT0yJmVzdGFkbz0xJnV0bV9jYW1wYWlnbj1MZWdpc2xhY2klQzMlQjNuJTIwU2VtYW5hbCUyMDEzJTIwYSUyMDE3JTIwZGUlMjBPY3R1YnJlJTIwZGUlMjAyMDI1JnV0bV9tZWRpdW09ZW1haWwmdXRtX3NvdXJjZT1NYWlsamV0\" target=\"_blank\" rel=\"noopener\" data-auth=\"NotApplicable\" data-linkindex=\"22\"><u>Anteproyecto de Ley por la que se modifica el texto refundido de la Ley del Estatuto de los Trabajadores aprobado por Real Decreto Legislativo 2\/2015, de 23 de octubre y la Ley 36\/2011 de 10 de octubre, Ley reguladora de la Jurisdicci\u00f3n Social, en materia de protecci\u00f3n frente al despido de las personas trabajadoras denunciantes de casos de corrupci\u00f3n y otras infracciones normativas<\/u><\/a>.\u00a0<\/li><\/ul>\t\t\t\t\t\t\t\t<\/div>\n\t\t\t\t<\/div>\n\t\t\t\t<div class=\"elementor-element elementor-element-56fce3a elementor-widget elementor-widget-heading\" data-id=\"56fce3a\" data-element_type=\"widget\" data-e-type=\"widget\" data-widget_type=\"heading.default\">\n\t\t\t\t<div class=\"elementor-widget-container\">\n\t\t\t\t\t<h5 class=\"elementor-heading-title elementor-size-default\">AUDIENCIA E INFORMACI\u00d3N P\u00daBLICA<\/h5>\t\t\t\t<\/div>\n\t\t\t\t<\/div>\n\t\t\t\t<div class=\"elementor-element elementor-element-e80b4bf elementor-widget elementor-widget-heading\" data-id=\"e80b4bf\" data-element_type=\"widget\" data-e-type=\"widget\" data-widget_type=\"heading.default\">\n\t\t\t\t<div class=\"elementor-widget-container\">\n\t\t\t\t\t<h6 class=\"elementor-heading-title elementor-size-default\">Ministerio de Trabajo y Econom\u00eda Social<\/h6>\t\t\t\t<\/div>\n\t\t\t\t<\/div>\n\t\t\t\t<div class=\"elementor-element elementor-element-5cf490f elementor-widget elementor-widget-text-editor\" data-id=\"5cf490f\" data-element_type=\"widget\" data-e-type=\"widget\" data-widget_type=\"text-editor.default\">\n\t\t\t\t<div class=\"elementor-widget-container\">\n\t\t\t\t\t\t\t\t\t<ul><li><span data-olk-copy-source=\"MessageBody\">Real Decreto por el que se desarrolla el\u00a0<\/span><a class=\"x_link-build-content\" title=\"https:\/\/go.abogacia.es\/lnk\/AWEAAH6y5MwAAc4cyLoAABAXVFoAAAAA0zoAAKFsABi_EgBo8gmDOOjn-RsES7-FGJwXgUxPoAAYIRA\/23\/SiHSnHV_2YIYASYGd1LsUQ\/aHR0cHM6Ly9leHBpbnRlcndlYi5taXRlcy5nb2IuZXMvcGFydGljaXBhL2xpc3RhZG8_dHJhbWl0ZT0xJmVzdGFkbz0xJnV0bV9jYW1wYWlnbj1MZWdpc2xhY2klQzMlQjNuJTIwU2VtYW5hbCUyMDEzJTIwYSUyMDE3JTIwZGUlMjBPY3R1YnJlJTIwZGUlMjAyMDI1JnV0bV9tZWRpdW09ZW1haWwmdXRtX3NvdXJjZT1NYWlsamV0\" href=\"https:\/\/go.abogacia.es\/lnk\/AWEAAH6y5MwAAc4cyLoAABAXVFoAAAAA0zoAAKFsABi_EgBo8gmDOOjn-RsES7-FGJwXgUxPoAAYIRA\/23\/SiHSnHV_2YIYASYGd1LsUQ\/aHR0cHM6Ly9leHBpbnRlcndlYi5taXRlcy5nb2IuZXMvcGFydGljaXBhL2xpc3RhZG8_dHJhbWl0ZT0xJmVzdGFkbz0xJnV0bV9jYW1wYWlnbj1MZWdpc2xhY2klQzMlQjNuJTIwU2VtYW5hbCUyMDEzJTIwYSUyMDE3JTIwZGUlMjBPY3R1YnJlJTIwZGUlMjAyMDI1JnV0bV9tZWRpdW09ZW1haWwmdXRtX3NvdXJjZT1NYWlsamV0\" target=\"_blank\" rel=\"noopener\" data-auth=\"NotApplicable\" data-linkindex=\"23\"><u>texto refundido de la Ley del Estatuto de los Trabajadores en materia de registro de jornada<\/u><\/a>.<\/li><\/ul>\t\t\t\t\t\t\t\t<\/div>\n\t\t\t\t<\/div>\n\t\t\t\t<div class=\"elementor-element elementor-element-662be5a elementor-widget elementor-widget-heading\" data-id=\"662be5a\" data-element_type=\"widget\" data-e-type=\"widget\" data-widget_type=\"heading.default\">\n\t\t\t\t<div class=\"elementor-widget-container\">\n\t\t\t\t\t<h6 class=\"elementor-heading-title elementor-size-default\">Ministerio de Econom\u00eda, Comercio y Empresa<\/h6>\t\t\t\t<\/div>\n\t\t\t\t<\/div>\n\t\t\t\t<div class=\"elementor-element elementor-element-86b9963 elementor-widget elementor-widget-text-editor\" data-id=\"86b9963\" data-element_type=\"widget\" data-e-type=\"widget\" data-widget_type=\"text-editor.default\">\n\t\t\t\t<div class=\"elementor-widget-container\">\n\t\t\t\t\t\t\t\t\t<ul><li><span data-olk-copy-source=\"MessageBody\">Orden Ministerial por la que se aprueba la\u00a0<\/span><a class=\"x_link-build-content\" title=\"https:\/\/go.abogacia.es\/lnk\/AWEAAH6y5MwAAc4cyLoAABAXVFoAAAAA0zoAAKFsABi_EgBo8gmDOOjn-RsES7-FGJwXgUxPoAAYIRA\/24\/zkmee8ha2XCn35SGaFGWZQ\/aHR0cHM6Ly9wb3J0YWwubWluZWNvLmdvYi5lcy9lcy1lcy9taW5pc3RlcmlvL3BhcnRpY2lwYWNpb25wdWJsaWNhL2F1ZGllbmNpYXB1YmxpY2EvUGFnaW5hcy9FQ09fU0VHX0FQX09NX3BvbGl0aWNhc19pbnZlcnNpb24uYXNweD91dG1fY2FtcGFpZ249TGVnaXNsYWNpJUMzJUIzbiUyMFNlbWFuYWwlMjAxMyUyMGElMjAxNyUyMGRlJTIwT2N0dWJyZSUyMGRlJTIwMjAyNSZ1dG1fbWVkaXVtPWVtYWlsJnV0bV9zb3VyY2U9TWFpbGpldA\" href=\"https:\/\/go.abogacia.es\/lnk\/AWEAAH6y5MwAAc4cyLoAABAXVFoAAAAA0zoAAKFsABi_EgBo8gmDOOjn-RsES7-FGJwXgUxPoAAYIRA\/24\/zkmee8ha2XCn35SGaFGWZQ\/aHR0cHM6Ly9wb3J0YWwubWluZWNvLmdvYi5lcy9lcy1lcy9taW5pc3RlcmlvL3BhcnRpY2lwYWNpb25wdWJsaWNhL2F1ZGllbmNpYXB1YmxpY2EvUGFnaW5hcy9FQ09fU0VHX0FQX09NX3BvbGl0aWNhc19pbnZlcnNpb24uYXNweD91dG1fY2FtcGFpZ249TGVnaXNsYWNpJUMzJUIzbiUyMFNlbWFuYWwlMjAxMyUyMGElMjAxNyUyMGRlJTIwT2N0dWJyZSUyMGRlJTIwMjAyNSZ1dG1fbWVkaXVtPWVtYWlsJnV0bV9zb3VyY2U9TWFpbGpldA\" target=\"_blank\" rel=\"noopener\" data-auth=\"NotApplicable\" data-linkindex=\"24\"><u>clasificaci\u00f3n de los Fondos de Pensiones en funci\u00f3n de su pol\u00edtica de inversi\u00f3n<\/u><\/a>.<\/li><\/ul>\t\t\t\t\t\t\t\t<\/div>\n\t\t\t\t<\/div>\n\t\t\t\t<div class=\"elementor-element elementor-element-d9366bf elementor-widget elementor-widget-heading\" data-id=\"d9366bf\" data-element_type=\"widget\" data-e-type=\"widget\" data-widget_type=\"heading.default\">\n\t\t\t\t<div class=\"elementor-widget-container\">\n\t\t\t\t\t<h5 class=\"elementor-heading-title elementor-size-default\">BOLET\u00cdN OFICIAL DE LA JUNTA DE ANDALUCIA<\/h5>\t\t\t\t<\/div>\n\t\t\t\t<\/div>\n\t\t\t\t<div class=\"elementor-element elementor-element-9f85a1e elementor-widget elementor-widget-heading\" data-id=\"9f85a1e\" data-element_type=\"widget\" data-e-type=\"widget\" data-widget_type=\"heading.default\">\n\t\t\t\t<div class=\"elementor-widget-container\">\n\t\t\t\t\t<h6 class=\"elementor-heading-title elementor-size-default\">Disposiciones generales \/ Consejer\u00eda de la Presidencia, Interior, Di\u00e1logo Social y Simplificaci\u00f3n Administrativa<\/h6>\t\t\t\t<\/div>\n\t\t\t\t<\/div>\n\t\t\t\t<div class=\"elementor-element elementor-element-2c33d93 elementor-widget elementor-widget-text-editor\" data-id=\"2c33d93\" data-element_type=\"widget\" data-e-type=\"widget\" data-widget_type=\"text-editor.default\">\n\t\t\t\t<div class=\"elementor-widget-container\">\n\t\t\t\t\t\t\t\t\t<ul><li><span data-olk-copy-source=\"MessageBody\">Orden de 15 de octubre de 2025, por la que\u00a0<\/span><a class=\"x_link-build-content\" title=\"https:\/\/go.abogacia.es\/lnk\/AWEAAH6y5MwAAc4cyLoAABAXVFoAAAAA0zoAAKFsABi_EgBo8gmDOOjn-RsES7-FGJwXgUxPoAAYIRA\/25\/EczDIrAOUbWHPYt3jW90kg\/aHR0cHM6Ly93d3cuanVudGFkZWFuZGFsdWNpYS5lcy9lYm9qYS8yMDI1LzUxMS9CT0pBMjUtNTExLTAwMDAyLTEzOTAzLTAxXzAwMzI3NDk5LnBkZj91dG1fY2FtcGFpZ249TGVnaXNsYWNpJUMzJUIzbiUyMFNlbWFuYWwlMjAxMyUyMGElMjAxNyUyMGRlJTIwT2N0dWJyZSUyMGRlJTIwMjAyNSZ1dG1fbWVkaXVtPWVtYWlsJnV0bV9zb3VyY2U9TWFpbGpldA\" href=\"https:\/\/go.abogacia.es\/lnk\/AWEAAH6y5MwAAc4cyLoAABAXVFoAAAAA0zoAAKFsABi_EgBo8gmDOOjn-RsES7-FGJwXgUxPoAAYIRA\/25\/EczDIrAOUbWHPYt3jW90kg\/aHR0cHM6Ly93d3cuanVudGFkZWFuZGFsdWNpYS5lcy9lYm9qYS8yMDI1LzUxMS9CT0pBMjUtNTExLTAwMDAyLTEzOTAzLTAxXzAwMzI3NDk5LnBkZj91dG1fY2FtcGFpZ249TGVnaXNsYWNpJUMzJUIzbiUyMFNlbWFuYWwlMjAxMyUyMGElMjAxNyUyMGRlJTIwT2N0dWJyZSUyMGRlJTIwMjAyNSZ1dG1fbWVkaXVtPWVtYWlsJnV0bV9zb3VyY2U9TWFpbGpldA\" target=\"_blank\" rel=\"noopener\" data-auth=\"NotApplicable\" data-linkindex=\"25\"><u>se ampl\u00eda la \u00e9poca de peligro alto por incendios forestales en el a\u00f1o 2025<\/u><\/a>.<\/li><\/ul>\t\t\t\t\t\t\t\t<\/div>\n\t\t\t\t<\/div>\n\t\t\t\t<div class=\"elementor-element elementor-element-1d75e41 elementor-widget elementor-widget-heading\" data-id=\"1d75e41\" data-element_type=\"widget\" data-e-type=\"widget\" data-widget_type=\"heading.default\">\n\t\t\t\t<div class=\"elementor-widget-container\">\n\t\t\t\t\t<h6 class=\"elementor-heading-title elementor-size-default\">Disposiciones generales \/ Consejer\u00eda de Fomento, Articulaci\u00f3n del Territorio y Vivienda<\/h6>\t\t\t\t<\/div>\n\t\t\t\t<\/div>\n\t\t\t\t<div class=\"elementor-element elementor-element-a62d55f elementor-widget elementor-widget-text-editor\" data-id=\"a62d55f\" data-element_type=\"widget\" data-e-type=\"widget\" data-widget_type=\"text-editor.default\">\n\t\t\t\t<div class=\"elementor-widget-container\">\n\t\t\t\t\t\t\t\t\t<ul><li><span data-olk-copy-source=\"MessageBody\">Orden de 8 de octubre de 2025, por la que se realiza la\u00a0<\/span><a class=\"x_link-build-content\" title=\"https:\/\/go.abogacia.es\/lnk\/AWEAAH6y5MwAAc4cyLoAABAXVFoAAAAA0zoAAKFsABi_EgBo8gmDOOjn-RsES7-FGJwXgUxPoAAYIRA\/26\/UopIW8-9tqJmDnL7SkcFQg\/aHR0cHM6Ly93d3cuanVudGFkZWFuZGFsdWNpYS5lcy9lYm9qYS8yMDI1LzE5OS9CT0pBMjUtMTk5LTAwMDIyLTEzNjk0LTAxXzAwMzI3MjkwLnBkZj91dG1fY2FtcGFpZ249TGVnaXNsYWNpJUMzJUIzbiUyMFNlbWFuYWwlMjAxMyUyMGElMjAxNyUyMGRlJTIwT2N0dWJyZSUyMGRlJTIwMjAyNSZ1dG1fbWVkaXVtPWVtYWlsJnV0bV9zb3VyY2U9TWFpbGpldA\" href=\"https:\/\/go.abogacia.es\/lnk\/AWEAAH6y5MwAAc4cyLoAABAXVFoAAAAA0zoAAKFsABi_EgBo8gmDOOjn-RsES7-FGJwXgUxPoAAYIRA\/26\/UopIW8-9tqJmDnL7SkcFQg\/aHR0cHM6Ly93d3cuanVudGFkZWFuZGFsdWNpYS5lcy9lYm9qYS8yMDI1LzE5OS9CT0pBMjUtMTk5LTAwMDIyLTEzNjk0LTAxXzAwMzI3MjkwLnBkZj91dG1fY2FtcGFpZ249TGVnaXNsYWNpJUMzJUIzbiUyMFNlbWFuYWwlMjAxMyUyMGElMjAxNyUyMGRlJTIwT2N0dWJyZSUyMGRlJTIwMjAyNSZ1dG1fbWVkaXVtPWVtYWlsJnV0bV9zb3VyY2U9TWFpbGpldA\" target=\"_blank\" rel=\"noopener\" data-auth=\"NotApplicable\" data-linkindex=\"26\"><u>convocatoria 2025 para la concesi\u00f3n de ayudas al alquiler, en r\u00e9gimen de concurrencia no competitiva, a las v\u00edctimas de violencia de g\u00e9nero, personas objeto de desahucio de su vivienda habitual, personas sin hogar y otras personas especialmente vulnerables<\/u><\/a>.<\/li><\/ul>\t\t\t\t\t\t\t\t<\/div>\n\t\t\t\t<\/div>\n\t\t\t\t\t<\/div>\n\t\t<\/div>\n\t\t\t\t\t<\/div>\n\t\t<\/section>\n\t\t\t\t<\/div>\n\t\t","protected":false},"excerpt":{"rendered":"<p>Legislaci\u00f3n Semanal &#8211; Del 13 al 17 de Octubre de 2025 BOLET\u00cdN OFICIAL DEL ESTADO Disposiciones generales \/ Cortes Generales Resoluci\u00f3n de 8 de octubre de 2025, del Congreso de los Diputados, por la que se ordena la publicaci\u00f3n del\u00a0Acuerdo de convalidaci\u00f3n del Real Decreto-ley 10\/2025, de 23 de septiembre, por el que se adoptan [&hellip;]<\/p>\n","protected":false},"author":1,"featured_media":0,"comment_status":"open","ping_status":"open","sticky":false,"template":"","format":"standard","meta":{"footnotes":""},"categories":[1],"tags":[],"class_list":["post-17275","post","type-post","status-publish","format-standard","hentry","category-uncategorized"],"_links":{"self":[{"href":"https:\/\/cms.icacordoba.23sd.es\/index.php\/wp-json\/wp\/v2\/posts\/17275","targetHints":{"allow":["GET"]}}],"collection":[{"href":"https:\/\/cms.icacordoba.23sd.es\/index.php\/wp-json\/wp\/v2\/posts"}],"about":[{"href":"https:\/\/cms.icacordoba.23sd.es\/index.php\/wp-json\/wp\/v2\/types\/post"}],"author":[{"embeddable":true,"href":"https:\/\/cms.icacordoba.23sd.es\/index.php\/wp-json\/wp\/v2\/users\/1"}],"replies":[{"embeddable":true,"href":"https:\/\/cms.icacordoba.23sd.es\/index.php\/wp-json\/wp\/v2\/comments?post=17275"}],"version-history":[{"count":6,"href":"https:\/\/cms.icacordoba.23sd.es\/index.php\/wp-json\/wp\/v2\/posts\/17275\/revisions"}],"predecessor-version":[{"id":17287,"href":"https:\/\/cms.icacordoba.23sd.es\/index.php\/wp-json\/wp\/v2\/posts\/17275\/revisions\/17287"}],"wp:attachment":[{"href":"https:\/\/cms.icacordoba.23sd.es\/index.php\/wp-json\/wp\/v2\/media?parent=17275"}],"wp:term":[{"taxonomy":"category","embeddable":true,"href":"https:\/\/cms.icacordoba.23sd.es\/index.php\/wp-json\/wp\/v2\/categories?post=17275"},{"taxonomy":"post_tag","embeddable":true,"href":"https:\/\/cms.icacordoba.23sd.es\/index.php\/wp-json\/wp\/v2\/tags?post=17275"}],"curies":[{"name":"wp","href":"https:\/\/api.w.org\/{rel}","templated":true}]}}