{"id":17257,"date":"2025-10-14T17:06:55","date_gmt":"2025-10-14T17:06:55","guid":{"rendered":"https:\/\/cms.icacordoba.23sd.es\/index.php\/17257\/"},"modified":"2025-10-14T17:26:22","modified_gmt":"2025-10-14T17:26:22","slug":"noticia-la-toga-teatro-representa-la-venganza-de-don-mendo-en-el-teatro-avanti","status":"publish","type":"post","link":"https:\/\/cms.icacordoba.23sd.es\/index.php\/17257\/","title":{"rendered":"NOTICIA \u00bb La Toga Teatro representa &#8216;La Venganza de Don Mendo&#8217; en el Teatro Avanti"},"content":{"rendered":"\t\t<div data-elementor-type=\"wp-post\" data-elementor-id=\"17257\" class=\"elementor elementor-17257\" data-elementor-post-type=\"post\">\n\t\t\t\t\t\t<section class=\"elementor-section elementor-top-section elementor-element elementor-element-eb74861 elementor-section-stretched elementor-section-boxed elementor-section-height-default elementor-section-height-default\" data-id=\"eb74861\" data-element_type=\"section\" data-e-type=\"section\" data-settings=\"{&quot;stretch_section&quot;:&quot;section-stretched&quot;}\">\n\t\t\t\t\t\t<div class=\"elementor-container elementor-column-gap-default\">\n\t\t\t\t\t<div class=\"elementor-column elementor-col-33 elementor-top-column elementor-element elementor-element-92db3f7\" data-id=\"92db3f7\" data-element_type=\"column\" data-e-type=\"column\">\n\t\t\t<div class=\"elementor-widget-wrap elementor-element-populated\">\n\t\t\t\t\t\t<div class=\"elementor-element elementor-element-3f6985b elementor-widget elementor-widget-image\" data-id=\"3f6985b\" data-element_type=\"widget\" data-e-type=\"widget\" data-widget_type=\"image.default\">\n\t\t\t\t<div class=\"elementor-widget-container\">\n\t\t\t\t\t\t\t\t\t\t\t\t\t\t\t<img fetchpriority=\"high\" decoding=\"async\" width=\"1323\" height=\"1890\" src=\"https:\/\/cms.icacordoba.23sd.es\/wp-content\/uploads\/2025\/10\/La-Venganza-D.-Mendo-Teatro-AVANTI-70-x-100-cm_ok.png\" class=\"attachment-full size-full wp-image-17259\" alt=\"\" srcset=\"https:\/\/cms.icacordoba.23sd.es\/wp-content\/uploads\/2025\/10\/La-Venganza-D.-Mendo-Teatro-AVANTI-70-x-100-cm_ok.png 1323w, https:\/\/cms.icacordoba.23sd.es\/wp-content\/uploads\/2025\/10\/La-Venganza-D.-Mendo-Teatro-AVANTI-70-x-100-cm_ok-210x300.png 210w, https:\/\/cms.icacordoba.23sd.es\/wp-content\/uploads\/2025\/10\/La-Venganza-D.-Mendo-Teatro-AVANTI-70-x-100-cm_ok-717x1024.png 717w, https:\/\/cms.icacordoba.23sd.es\/wp-content\/uploads\/2025\/10\/La-Venganza-D.-Mendo-Teatro-AVANTI-70-x-100-cm_ok-768x1097.png 768w, https:\/\/cms.icacordoba.23sd.es\/wp-content\/uploads\/2025\/10\/La-Venganza-D.-Mendo-Teatro-AVANTI-70-x-100-cm_ok-1075x1536.png 1075w\" sizes=\"(max-width: 1323px) 100vw, 1323px\" \/>\t\t\t\t\t\t\t\t\t\t\t\t\t\t\t<\/div>\n\t\t\t\t<\/div>\n\t\t\t\t\t<\/div>\n\t\t<\/div>\n\t\t\t\t<div class=\"elementor-column elementor-col-66 elementor-top-column elementor-element elementor-element-bf47ad2\" data-id=\"bf47ad2\" data-element_type=\"column\" data-e-type=\"column\">\n\t\t\t<div class=\"elementor-widget-wrap elementor-element-populated\">\n\t\t\t\t\t\t<div class=\"elementor-element elementor-element-ff3b5ff elementor-widget elementor-widget-text-editor\" data-id=\"ff3b5ff\" data-element_type=\"widget\" data-e-type=\"widget\" data-widget_type=\"text-editor.default\">\n\t\t\t\t<div class=\"elementor-widget-container\">\n\t\t\t\t\t\t\t\t\t<p>Nos complace anunciaros que el pr\u00f3ximo 20 de diciembre, la Toga Teatro representar\u00e1 la obra \u00abLa Venganza de Don Mendo\u00bb de Pedro Mu\u00f1oz Seca, en el Teatro Avanti, a las 19:30 h.<\/p>\t\t\t\t\t\t\t\t<\/div>\n\t\t\t\t<\/div>\n\t\t\t\t<div class=\"elementor-element elementor-element-bc3379f elementor-widget elementor-widget-text-editor\" data-id=\"bc3379f\" data-element_type=\"widget\" data-e-type=\"widget\" data-widget_type=\"text-editor.default\">\n\t\t\t\t<div class=\"elementor-widget-container\">\n\t\t\t\t\t\t\t\t\t<p>Esta representaci\u00f3n de La Toga Teatro, bajo la direcci\u00f3n de la compa\u00f1era Marina P\u00e9rez Caballero, no solo promete ser una experiencia teatral excepcional, gracias al compromiso y el talento de los actores y actrices que componen la compa\u00f1\u00eda de teatro del Colegio de la Abogac\u00eda de C\u00f3rdoba, sino que tambi\u00e9n tiene un fin ben\u00e9fico: la recaudaci\u00f3n con la venta de entradas ser\u00e1n destinados en beneficio de la Hermandad Salesiana del Prendimiento de C\u00f3rdoba<\/p>\t\t\t\t\t\t\t\t<\/div>\n\t\t\t\t<\/div>\n\t\t\t\t<div class=\"elementor-element elementor-element-9b32ffb elementor-widget-divider--view-line elementor-widget elementor-widget-divider\" data-id=\"9b32ffb\" data-element_type=\"widget\" data-e-type=\"widget\" data-widget_type=\"divider.default\">\n\t\t\t\t<div class=\"elementor-widget-container\">\n\t\t\t\t\t\t\t<div class=\"elementor-divider\">\n\t\t\t<span class=\"elementor-divider-separator\">\n\t\t\t\t\t\t<\/span>\n\t\t<\/div>\n\t\t\t\t\t\t<\/div>\n\t\t\t\t<\/div>\n\t\t\t\t<div class=\"elementor-element elementor-element-6f48229 elementor-widget elementor-widget-heading\" data-id=\"6f48229\" data-element_type=\"widget\" data-e-type=\"widget\" data-widget_type=\"heading.default\">\n\t\t\t\t<div class=\"elementor-widget-container\">\n\t\t\t\t\t<h5 class=\"elementor-heading-title elementor-size-default\">Venta de localidades<\/h5>\t\t\t\t<\/div>\n\t\t\t\t<\/div>\n\t\t\t\t<div class=\"elementor-element elementor-element-25442da elementor-widget elementor-widget-heading\" data-id=\"25442da\" data-element_type=\"widget\" data-e-type=\"widget\" data-widget_type=\"heading.default\">\n\t\t\t\t<div class=\"elementor-widget-container\">\n\t\t\t\t\t<h6 class=\"elementor-heading-title elementor-size-default\">Las entradas ya se encuentran a la venta, de forma online.<\/h6>\t\t\t\t<\/div>\n\t\t\t\t<\/div>\n\t\t\t\t<div class=\"elementor-element elementor-element-d681dd3 elementor-button-info elementor-align-left elementor-widget elementor-widget-button\" data-id=\"d681dd3\" data-element_type=\"widget\" data-e-type=\"widget\" data-widget_type=\"button.default\">\n\t\t\t\t<div class=\"elementor-widget-container\">\n\t\t\t\t\t\t\t\t\t<div class=\"elementor-button-wrapper\">\n\t\t\t\t\t<a class=\"elementor-button elementor-button-link elementor-size-md\" href=\"https:\/\/entradium.com\/events\/la-venganza-de-don-mendo-la-toga-teatro-sabado-20-abril-19-30-h-todos-los-publicos\" target=\"_blank\">\n\t\t\t\t\t\t<span class=\"elementor-button-content-wrapper\">\n\t\t\t\t\t\t\t\t\t<span class=\"elementor-button-text\">COMPRA TUS ENTRADAS<\/span>\n\t\t\t\t\t<\/span>\n\t\t\t\t\t<\/a>\n\t\t\t\t<\/div>\n\t\t\t\t\t\t\t\t<\/div>\n\t\t\t\t<\/div>\n\t\t\t\t\t<\/div>\n\t\t<\/div>\n\t\t\t\t\t<\/div>\n\t\t<\/section>\n\t\t\t\t<\/div>\n\t\t","protected":false},"excerpt":{"rendered":"<p>Nos complace anunciaros que el pr\u00f3ximo 20 de diciembre, la Toga Teatro representar\u00e1 la obra \u00abLa Venganza de Don Mendo\u00bb de Pedro Mu\u00f1oz Seca, en el Teatro Avanti, a las 19:30 h. Esta representaci\u00f3n de La Toga Teatro, bajo la direcci\u00f3n de la compa\u00f1era Marina P\u00e9rez Caballero, no solo promete ser una experiencia teatral excepcional, [&hellip;]<\/p>\n","protected":false},"author":1,"featured_media":0,"comment_status":"open","ping_status":"open","sticky":false,"template":"","format":"standard","meta":{"footnotes":""},"categories":[1],"tags":[],"class_list":["post-17257","post","type-post","status-publish","format-standard","hentry","category-uncategorized"],"_links":{"self":[{"href":"https:\/\/cms.icacordoba.23sd.es\/index.php\/wp-json\/wp\/v2\/posts\/17257","targetHints":{"allow":["GET"]}}],"collection":[{"href":"https:\/\/cms.icacordoba.23sd.es\/index.php\/wp-json\/wp\/v2\/posts"}],"about":[{"href":"https:\/\/cms.icacordoba.23sd.es\/index.php\/wp-json\/wp\/v2\/types\/post"}],"author":[{"embeddable":true,"href":"https:\/\/cms.icacordoba.23sd.es\/index.php\/wp-json\/wp\/v2\/users\/1"}],"replies":[{"embeddable":true,"href":"https:\/\/cms.icacordoba.23sd.es\/index.php\/wp-json\/wp\/v2\/comments?post=17257"}],"version-history":[{"count":6,"href":"https:\/\/cms.icacordoba.23sd.es\/index.php\/wp-json\/wp\/v2\/posts\/17257\/revisions"}],"predecessor-version":[{"id":17265,"href":"https:\/\/cms.icacordoba.23sd.es\/index.php\/wp-json\/wp\/v2\/posts\/17257\/revisions\/17265"}],"wp:attachment":[{"href":"https:\/\/cms.icacordoba.23sd.es\/index.php\/wp-json\/wp\/v2\/media?parent=17257"}],"wp:term":[{"taxonomy":"category","embeddable":true,"href":"https:\/\/cms.icacordoba.23sd.es\/index.php\/wp-json\/wp\/v2\/categories?post=17257"},{"taxonomy":"post_tag","embeddable":true,"href":"https:\/\/cms.icacordoba.23sd.es\/index.php\/wp-json\/wp\/v2\/tags?post=17257"}],"curies":[{"name":"wp","href":"https:\/\/api.w.org\/{rel}","templated":true}]}}