{"id":17208,"date":"2025-10-10T08:36:31","date_gmt":"2025-10-10T08:36:31","guid":{"rendered":"https:\/\/cms.icacordoba.23sd.es\/index.php\/17208\/"},"modified":"2025-10-10T08:46:00","modified_gmt":"2025-10-10T08:46:00","slug":"legislacion-semanal-06-a-10-de-octubre-de-2025","status":"publish","type":"post","link":"https:\/\/cms.icacordoba.23sd.es\/index.php\/17208\/","title":{"rendered":"Legislaci\u00f3n Semanal &#8211; 06 a 10 de octubre de 2025"},"content":{"rendered":"\t\t<div data-elementor-type=\"wp-post\" data-elementor-id=\"17208\" class=\"elementor elementor-17208\" data-elementor-post-type=\"post\">\n\t\t\t\t\t\t<section class=\"elementor-section elementor-top-section elementor-element elementor-element-a10dd4d elementor-section-boxed elementor-section-height-default elementor-section-height-default\" data-id=\"a10dd4d\" data-element_type=\"section\" data-e-type=\"section\">\n\t\t\t\t\t\t<div class=\"elementor-container elementor-column-gap-default\">\n\t\t\t\t\t<div class=\"elementor-column elementor-col-100 elementor-top-column elementor-element elementor-element-642b2ed\" data-id=\"642b2ed\" data-element_type=\"column\" data-e-type=\"column\">\n\t\t\t<div class=\"elementor-widget-wrap elementor-element-populated\">\n\t\t\t\t\t\t<div class=\"elementor-element elementor-element-de85163 elementor-widget elementor-widget-heading\" data-id=\"de85163\" data-element_type=\"widget\" data-e-type=\"widget\" data-widget_type=\"heading.default\">\n\t\t\t\t<div class=\"elementor-widget-container\">\n\t\t\t\t\t<h4 class=\"elementor-heading-title elementor-size-default\">Legislaci\u00f3n Semanal - Del 06 al 10 de Octubre de 2025<\/h4>\t\t\t\t<\/div>\n\t\t\t\t<\/div>\n\t\t\t\t\t<\/div>\n\t\t<\/div>\n\t\t\t\t\t<\/div>\n\t\t<\/section>\n\t\t\t\t<section class=\"elementor-section elementor-top-section elementor-element elementor-element-8dbd97b elementor-section-boxed elementor-section-height-default elementor-section-height-default\" data-id=\"8dbd97b\" data-element_type=\"section\" data-e-type=\"section\">\n\t\t\t\t\t\t<div class=\"elementor-container elementor-column-gap-default\">\n\t\t\t\t\t<div class=\"elementor-column elementor-col-100 elementor-top-column elementor-element elementor-element-588f34b\" data-id=\"588f34b\" data-element_type=\"column\" data-e-type=\"column\">\n\t\t\t<div class=\"elementor-widget-wrap elementor-element-populated\">\n\t\t\t\t\t\t<div class=\"elementor-element elementor-element-b84f84d elementor-widget elementor-widget-heading\" data-id=\"b84f84d\" data-element_type=\"widget\" data-e-type=\"widget\" data-widget_type=\"heading.default\">\n\t\t\t\t<div class=\"elementor-widget-container\">\n\t\t\t\t\t<h5 class=\"elementor-heading-title elementor-size-default\">BOLET\u00cdN OFICIAL DEL ESTADO<\/h5>\t\t\t\t<\/div>\n\t\t\t\t<\/div>\n\t\t\t\t<div class=\"elementor-element elementor-element-013e63c elementor-widget elementor-widget-heading\" data-id=\"013e63c\" data-element_type=\"widget\" data-e-type=\"widget\" data-widget_type=\"heading.default\">\n\t\t\t\t<div class=\"elementor-widget-container\">\n\t\t\t\t\t<h6 class=\"elementor-heading-title elementor-size-default\">Disposiciones generales \/Ministerio de Asuntos Exteriores, Uni\u00f3n Europea y Cooperaci\u00f3n<\/h6>\t\t\t\t<\/div>\n\t\t\t\t<\/div>\n\t\t\t\t<div class=\"elementor-element elementor-element-3877310 elementor-widget elementor-widget-text-editor\" data-id=\"3877310\" data-element_type=\"widget\" data-e-type=\"widget\" data-widget_type=\"text-editor.default\">\n\t\t\t\t<div class=\"elementor-widget-container\">\n\t\t\t\t\t\t\t\t\t<ul><li><span data-olk-copy-source=\"MessageBody\">Real Decreto 898\/2025, de 8 de octubre, por el que\u00a0<\/span><a class=\"x_link-build-content\" title=\"https:\/\/go.abogacia.es\/lnk\/AWQAAIDKmP8AAc4cwuwAABAXVFoAAAAA0zoAAKFsABi_EgBo6L1Q93Oaj2VlRWKljy7eQDYIdAAYIRA\/2\/rSslb73N1R24BYCMekrh3Q\/aHR0cHM6Ly93d3cuYm9lLmVzL2JvZS9kaWFzLzIwMjUvMTAvMTAvcGRmcy9CT0UtQS0yMDI1LTIwMjA0LnBkZj91dG1fY2FtcGFpZ249TGVnaXNsYWNpJUMzJUIzbiUyMFNlbWFuYWwlMjAwNiUyMGElMjAxMCUyMGRlJTIwT2N0dWJyZSUyMDIwMjUmdXRtX21lZGl1bT1lbWFpbCZ1dG1fc291cmNlPU1haWxqZXQ\" href=\"https:\/\/go.abogacia.es\/lnk\/AWQAAIDKmP8AAc4cwuwAABAXVFoAAAAA0zoAAKFsABi_EgBo6L1Q93Oaj2VlRWKljy7eQDYIdAAYIRA\/2\/rSslb73N1R24BYCMekrh3Q\/aHR0cHM6Ly93d3cuYm9lLmVzL2JvZS9kaWFzLzIwMjUvMTAvMTAvcGRmcy9CT0UtQS0yMDI1LTIwMjA0LnBkZj91dG1fY2FtcGFpZ249TGVnaXNsYWNpJUMzJUIzbiUyMFNlbWFuYWwlMjAwNiUyMGElMjAxMCUyMGRlJTIwT2N0dWJyZSUyMDIwMjUmdXRtX21lZGl1bT1lbWFpbCZ1dG1fc291cmNlPU1haWxqZXQ\" target=\"_blank\" rel=\"noopener\" data-auth=\"NotApplicable\" data-linkindex=\"2\"><u>se regula el Consejo Superior de Cooperaci\u00f3n para el Desarrollo Sostenible y la Solidaridad Global<\/u><\/a>.<\/li><\/ul>\t\t\t\t\t\t\t\t<\/div>\n\t\t\t\t<\/div>\n\t\t\t\t<div class=\"elementor-element elementor-element-d7c01bd elementor-widget elementor-widget-heading\" data-id=\"d7c01bd\" data-element_type=\"widget\" data-e-type=\"widget\" data-widget_type=\"heading.default\">\n\t\t\t\t<div class=\"elementor-widget-container\">\n\t\t\t\t\t<h6 class=\"elementor-heading-title elementor-size-default\">Disposiciones generales \/ Ministerio de Transportes y Movilidad Sostenible<\/h6>\t\t\t\t<\/div>\n\t\t\t\t<\/div>\n\t\t\t\t<div class=\"elementor-element elementor-element-68028d0 elementor-widget elementor-widget-text-editor\" data-id=\"68028d0\" data-element_type=\"widget\" data-e-type=\"widget\" data-widget_type=\"text-editor.default\">\n\t\t\t\t<div class=\"elementor-widget-container\">\n\t\t\t\t\t\t\t\t\t<ul><li><span data-olk-copy-source=\"MessageBody\">Real Decreto 899\/2025, de 9 de octubre, por el que se aprueba el\u00a0<\/span><a class=\"x_link-build-content\" title=\"https:\/\/go.abogacia.es\/lnk\/AWQAAIDKmP8AAc4cwuwAABAXVFoAAAAA0zoAAKFsABi_EgBo6L1Q93Oaj2VlRWKljy7eQDYIdAAYIRA\/3\/aWFY3N5XmONMpWa4HrWqEA\/aHR0cHM6Ly93d3cuYm9lLmVzL2JvZS9kaWFzLzIwMjUvMTAvMTAvcGRmcy9CT0UtQS0yMDI1LTIwMjA2LnBkZj91dG1fY2FtcGFpZ249TGVnaXNsYWNpJUMzJUIzbiUyMFNlbWFuYWwlMjAwNiUyMGElMjAxMCUyMGRlJTIwT2N0dWJyZSUyMDIwMjUmdXRtX21lZGl1bT1lbWFpbCZ1dG1fc291cmNlPU1haWxqZXQ\" href=\"https:\/\/go.abogacia.es\/lnk\/AWQAAIDKmP8AAc4cwuwAABAXVFoAAAAA0zoAAKFsABi_EgBo6L1Q93Oaj2VlRWKljy7eQDYIdAAYIRA\/3\/aWFY3N5XmONMpWa4HrWqEA\/aHR0cHM6Ly93d3cuYm9lLmVzL2JvZS9kaWFzLzIwMjUvMTAvMTAvcGRmcy9CT0UtQS0yMDI1LTIwMjA2LnBkZj91dG1fY2FtcGFpZ249TGVnaXNsYWNpJUMzJUIzbiUyMFNlbWFuYWwlMjAwNiUyMGElMjAxMCUyMGRlJTIwT2N0dWJyZSUyMDIwMjUmdXRtX21lZGl1bT1lbWFpbCZ1dG1fc291cmNlPU1haWxqZXQ\" target=\"_blank\" rel=\"noopener\" data-auth=\"NotApplicable\" data-linkindex=\"3\"><u>Reglamento General de Carreteras<\/u><\/a>.<\/li><\/ul>\t\t\t\t\t\t\t\t<\/div>\n\t\t\t\t<\/div>\n\t\t\t\t<div class=\"elementor-element elementor-element-1c24174 elementor-widget elementor-widget-heading\" data-id=\"1c24174\" data-element_type=\"widget\" data-e-type=\"widget\" data-widget_type=\"heading.default\">\n\t\t\t\t<div class=\"elementor-widget-container\">\n\t\t\t\t\t<h6 class=\"elementor-heading-title elementor-size-default\">Otras disposiciones Ministerio de la Presidencia, Justicia y Relaciones con las Cortes<\/h6>\t\t\t\t<\/div>\n\t\t\t\t<\/div>\n\t\t\t\t<div class=\"elementor-element elementor-element-99be3bd elementor-widget elementor-widget-text-editor\" data-id=\"99be3bd\" data-element_type=\"widget\" data-e-type=\"widget\" data-widget_type=\"text-editor.default\">\n\t\t\t\t<div class=\"elementor-widget-container\">\n\t\t\t\t\t\t\t\t\t<ul><li><span data-olk-copy-source=\"MessageBody\">Resoluci\u00f3n de 6 de octubre de 2025, de la Secretar\u00eda de Estado de Justicia, por la que se publica el\u00a0<\/span><a class=\"x_link-build-content\" title=\"https:\/\/go.abogacia.es\/lnk\/AWQAAIDKmP8AAc4cwuwAABAXVFoAAAAA0zoAAKFsABi_EgBo6L1Q93Oaj2VlRWKljy7eQDYIdAAYIRA\/4\/UVACffZF0yovfitRuaQcaw\/aHR0cHM6Ly93d3cuYm9lLmVzL2JvZS9kaWFzLzIwMjUvMTAvMDkvcGRmcy9CT0UtQS0yMDI1LTIwMTQ1LnBkZj91dG1fY2FtcGFpZ249TGVnaXNsYWNpJUMzJUIzbiUyMFNlbWFuYWwlMjAwNiUyMGElMjAxMCUyMGRlJTIwT2N0dWJyZSUyMDIwMjUmdXRtX21lZGl1bT1lbWFpbCZ1dG1fc291cmNlPU1haWxqZXQ\" href=\"https:\/\/go.abogacia.es\/lnk\/AWQAAIDKmP8AAc4cwuwAABAXVFoAAAAA0zoAAKFsABi_EgBo6L1Q93Oaj2VlRWKljy7eQDYIdAAYIRA\/4\/UVACffZF0yovfitRuaQcaw\/aHR0cHM6Ly93d3cuYm9lLmVzL2JvZS9kaWFzLzIwMjUvMTAvMDkvcGRmcy9CT0UtQS0yMDI1LTIwMTQ1LnBkZj91dG1fY2FtcGFpZ249TGVnaXNsYWNpJUMzJUIzbiUyMFNlbWFuYWwlMjAwNiUyMGElMjAxMCUyMGRlJTIwT2N0dWJyZSUyMDIwMjUmdXRtX21lZGl1bT1lbWFpbCZ1dG1fc291cmNlPU1haWxqZXQ\" target=\"_blank\" rel=\"noopener\" data-auth=\"NotApplicable\" data-linkindex=\"4\"><u>Convenio con el Gobierno de Andaluc\u00eda, para la creaci\u00f3n de la \u00abComisi\u00f3n Mixta de los Letrados de la Administraci\u00f3n de Justicia y la Comunidad Aut\u00f3noma de Andaluc\u00eda\u00bb<\/u><\/a>.<\/li><li>Resoluci\u00f3n de 1 de octubre de 2025, de la Subsecretar\u00eda, por la que se publica el\u00a0<a class=\"x_link-build-content\" title=\"https:\/\/go.abogacia.es\/lnk\/AWQAAIDKmP8AAc4cwuwAABAXVFoAAAAA0zoAAKFsABi_EgBo6L1Q93Oaj2VlRWKljy7eQDYIdAAYIRA\/5\/ROG1UqjReYhOg1WtP8D9lw\/aHR0cHM6Ly93d3cuYm9lLmVzL2JvZS9kaWFzLzIwMjUvMTAvMDgvcGRmcy9CT0UtQS0yMDI1LTIwMDUxLnBkZj91dG1fY2FtcGFpZ249TGVnaXNsYWNpJUMzJUIzbiUyMFNlbWFuYWwlMjAwNiUyMGElMjAxMCUyMGRlJTIwT2N0dWJyZSUyMDIwMjUmdXRtX21lZGl1bT1lbWFpbCZ1dG1fc291cmNlPU1haWxqZXQ\" href=\"https:\/\/go.abogacia.es\/lnk\/AWQAAIDKmP8AAc4cwuwAABAXVFoAAAAA0zoAAKFsABi_EgBo6L1Q93Oaj2VlRWKljy7eQDYIdAAYIRA\/5\/ROG1UqjReYhOg1WtP8D9lw\/aHR0cHM6Ly93d3cuYm9lLmVzL2JvZS9kaWFzLzIwMjUvMTAvMDgvcGRmcy9CT0UtQS0yMDI1LTIwMDUxLnBkZj91dG1fY2FtcGFpZ249TGVnaXNsYWNpJUMzJUIzbiUyMFNlbWFuYWwlMjAwNiUyMGElMjAxMCUyMGRlJTIwT2N0dWJyZSUyMDIwMjUmdXRtX21lZGl1bT1lbWFpbCZ1dG1fc291cmNlPU1haWxqZXQ\" target=\"_blank\" rel=\"noopener\" data-auth=\"NotApplicable\" data-linkindex=\"5\"><u>Convenio entre la Agencia Estatal de Administraci\u00f3n Digital y la Abogac\u00eda General del Estado, para la prestaci\u00f3n del servicio centralizado de n\u00f3mina est\u00e1ndar de la Administraci\u00f3n General del Estado y el Servicio de visualizaci\u00f3n de n\u00f3minas Servin\u00f3mina<\/u><\/a>.<\/li><\/ul>\t\t\t\t\t\t\t\t<\/div>\n\t\t\t\t<\/div>\n\t\t\t\t<div class=\"elementor-element elementor-element-03f3f10 elementor-widget elementor-widget-heading\" data-id=\"03f3f10\" data-element_type=\"widget\" data-e-type=\"widget\" data-widget_type=\"heading.default\">\n\t\t\t\t<div class=\"elementor-widget-container\">\n\t\t\t\t\t<h6 class=\"elementor-heading-title elementor-size-default\">Otras disposiciones \/ Ministerio de Interior<\/h6>\t\t\t\t<\/div>\n\t\t\t\t<\/div>\n\t\t\t\t<div class=\"elementor-element elementor-element-3793015 elementor-widget elementor-widget-text-editor\" data-id=\"3793015\" data-element_type=\"widget\" data-e-type=\"widget\" data-widget_type=\"text-editor.default\">\n\t\t\t\t<div class=\"elementor-widget-container\">\n\t\t\t\t\t\t\t\t\t<ul><li><span data-olk-copy-source=\"MessageBody\">Resoluci\u00f3n de 2 de octubre de 2025, de la Secretar\u00eda General T\u00e9cnica, por la que se publica el\u00a0<\/span><a class=\"x_link-build-content\" title=\"https:\/\/go.abogacia.es\/lnk\/AWQAAIDKmP8AAc4cwuwAABAXVFoAAAAA0zoAAKFsABi_EgBo6L1Q93Oaj2VlRWKljy7eQDYIdAAYIRA\/6\/xYWxg-U4sw8ZUL5dZVly6g\/aHR0cHM6Ly93d3cuYm9lLmVzL2JvZS9kaWFzLzIwMjUvMTAvMDkvcGRmcy9CT0UtQS0yMDI1LTIwMTY4LnBkZj91dG1fY2FtcGFpZ249TGVnaXNsYWNpJUMzJUIzbiUyMFNlbWFuYWwlMjAwNiUyMGElMjAxMCUyMGRlJTIwT2N0dWJyZSUyMDIwMjUmdXRtX21lZGl1bT1lbWFpbCZ1dG1fc291cmNlPU1haWxqZXQ\" href=\"https:\/\/go.abogacia.es\/lnk\/AWQAAIDKmP8AAc4cwuwAABAXVFoAAAAA0zoAAKFsABi_EgBo6L1Q93Oaj2VlRWKljy7eQDYIdAAYIRA\/6\/xYWxg-U4sw8ZUL5dZVly6g\/aHR0cHM6Ly93d3cuYm9lLmVzL2JvZS9kaWFzLzIwMjUvMTAvMDkvcGRmcy9CT0UtQS0yMDI1LTIwMTY4LnBkZj91dG1fY2FtcGFpZ249TGVnaXNsYWNpJUMzJUIzbiUyMFNlbWFuYWwlMjAwNiUyMGElMjAxMCUyMGRlJTIwT2N0dWJyZSUyMDIwMjUmdXRtX21lZGl1bT1lbWFpbCZ1dG1fc291cmNlPU1haWxqZXQ\" target=\"_blank\" rel=\"noopener\" data-auth=\"NotApplicable\" data-linkindex=\"6\"><u>Convenio entre la Secretar\u00eda de Estado de Seguridad y la Comunidad Aut\u00f3noma de Cantabria, para la incorporaci\u00f3n de sus unidades competentes al Sistema de Seguimiento Integral de los casos de Violencia de G\u00e9nero<\/u><\/a>.<\/li><\/ul>\t\t\t\t\t\t\t\t<\/div>\n\t\t\t\t<\/div>\n\t\t\t\t<div class=\"elementor-element elementor-element-a3d7892 elementor-widget elementor-widget-heading\" data-id=\"a3d7892\" data-element_type=\"widget\" data-e-type=\"widget\" data-widget_type=\"heading.default\">\n\t\t\t\t<div class=\"elementor-widget-container\">\n\t\t\t\t\t<h5 class=\"elementor-heading-title elementor-size-default\">DIARIO OFICIAL DE LA UNI\u00d3N EUROPEA<\/h5>\t\t\t\t<\/div>\n\t\t\t\t<\/div>\n\t\t\t\t<div class=\"elementor-element elementor-element-068bc92 elementor-widget elementor-widget-heading\" data-id=\"068bc92\" data-element_type=\"widget\" data-e-type=\"widget\" data-widget_type=\"heading.default\">\n\t\t\t\t<div class=\"elementor-widget-container\">\n\t\t\t\t\t<h6 class=\"elementor-heading-title elementor-size-default\">Legislaci\u00f3n<\/h6>\t\t\t\t<\/div>\n\t\t\t\t<\/div>\n\t\t\t\t<div class=\"elementor-element elementor-element-c1e26ac elementor-widget elementor-widget-text-editor\" data-id=\"c1e26ac\" data-element_type=\"widget\" data-e-type=\"widget\" data-widget_type=\"text-editor.default\">\n\t\t\t\t<div class=\"elementor-widget-container\">\n\t\t\t\t\t\t\t\t\t<ul><li><span data-olk-copy-source=\"MessageBody\">Reglamento de ejecuci\u00f3n (UE) 2025\/2001 de la Comisi\u00f3n de 6 de octubre de 2025 por el que se establecen disposiciones de aplicaci\u00f3n del Reglamento (UE) 2019\/1700 del Parlamento Europeo y del Consejo en lo que respecta a la\u00a0<\/span><a class=\"x_link-build-content\" title=\"https:\/\/go.abogacia.es\/lnk\/AWQAAIDKmP8AAc4cwuwAABAXVFoAAAAA0zoAAKFsABi_EgBo6L1Q93Oaj2VlRWKljy7eQDYIdAAYIRA\/7\/VhSidVz1nWPV9EeiYO_Y8g\/aHR0cHM6Ly9ldXItbGV4LmV1cm9wYS5ldS9sZWdhbC1jb250ZW50L0VTL1RYVC9QREYvP3VyaT1PSjpMXzIwMjUwMjAwMSZ1dG1fY2FtcGFpZ249TGVnaXNsYWNpJUMzJUIzbiUyMFNlbWFuYWwlMjAwNiUyMGElMjAxMCUyMGRlJTIwT2N0dWJyZSUyMDIwMjUmdXRtX21lZGl1bT1lbWFpbCZ1dG1fc291cmNlPU1haWxqZXQ\" href=\"https:\/\/go.abogacia.es\/lnk\/AWQAAIDKmP8AAc4cwuwAABAXVFoAAAAA0zoAAKFsABi_EgBo6L1Q93Oaj2VlRWKljy7eQDYIdAAYIRA\/7\/VhSidVz1nWPV9EeiYO_Y8g\/aHR0cHM6Ly9ldXItbGV4LmV1cm9wYS5ldS9sZWdhbC1jb250ZW50L0VTL1RYVC9QREYvP3VyaT1PSjpMXzIwMjUwMjAwMSZ1dG1fY2FtcGFpZ249TGVnaXNsYWNpJUMzJUIzbiUyMFNlbWFuYWwlMjAwNiUyMGElMjAxMCUyMGRlJTIwT2N0dWJyZSUyMDIwMjUmdXRtX21lZGl1bT1lbWFpbCZ1dG1fc291cmNlPU1haWxqZXQ\" target=\"_blank\" rel=\"noopener\" data-auth=\"NotApplicable\" data-linkindex=\"7\"><u>descripci\u00f3n de las variables que deben recogerse cada ocho a\u00f1os sobre \u00aborganizaci\u00f3n del trabajo y disposiciones relativas al horario laboral\u00bb y \u00abaccidentes de trabajo y problemas de salud relacionados con el trabajo\u00bb<\/u><\/a>\u00a0en el \u00e1mbito de la poblaci\u00f3n activa.<\/li><\/ul>\t\t\t\t\t\t\t\t<\/div>\n\t\t\t\t<\/div>\n\t\t\t\t<div class=\"elementor-element elementor-element-cb75641 elementor-widget elementor-widget-heading\" data-id=\"cb75641\" data-element_type=\"widget\" data-e-type=\"widget\" data-widget_type=\"heading.default\">\n\t\t\t\t<div class=\"elementor-widget-container\">\n\t\t\t\t\t<h6 class=\"elementor-heading-title elementor-size-default\">Comunicaciones e informaciones<\/h6>\t\t\t\t<\/div>\n\t\t\t\t<\/div>\n\t\t\t\t<div class=\"elementor-element elementor-element-928ed13 elementor-widget elementor-widget-text-editor\" data-id=\"928ed13\" data-element_type=\"widget\" data-e-type=\"widget\" data-widget_type=\"text-editor.default\">\n\t\t\t\t<div class=\"elementor-widget-container\">\n\t\t\t\t\t\t\t\t\t<ul><li><span data-olk-copy-source=\"MessageBody\">Comunicaci\u00f3n de la Comisi\u00f3n. Orientaciones destinadas a apoyar la aplicaci\u00f3n del\u00a0<\/span><a class=\"x_link-build-content\" title=\"https:\/\/go.abogacia.es\/lnk\/AWQAAIDKmP8AAc4cwuwAABAXVFoAAAAA0zoAAKFsABi_EgBo6L1Q93Oaj2VlRWKljy7eQDYIdAAYIRA\/8\/ihZ1Mx-iu3rclEolia4dAw\/aHR0cHM6Ly9ldXItbGV4LmV1cm9wYS5ldS9sZWdhbC1jb250ZW50L0VTL1RYVC9QREYvP3VyaT1PSjpDXzIwMjUwNTUxNCZ1dG1fY2FtcGFpZ249TGVnaXNsYWNpJUMzJUIzbiUyMFNlbWFuYWwlMjAwNiUyMGElMjAxMCUyMGRlJTIwT2N0dWJyZSUyMDIwMjUmdXRtX21lZGl1bT1lbWFpbCZ1dG1fc291cmNlPU1haWxqZXQ\" href=\"https:\/\/go.abogacia.es\/lnk\/AWQAAIDKmP8AAc4cwuwAABAXVFoAAAAA0zoAAKFsABi_EgBo6L1Q93Oaj2VlRWKljy7eQDYIdAAYIRA\/8\/ihZ1Mx-iu3rclEolia4dAw\/aHR0cHM6Ly9ldXItbGV4LmV1cm9wYS5ldS9sZWdhbC1jb250ZW50L0VTL1RYVC9QREYvP3VyaT1PSjpDXzIwMjUwNTUxNCZ1dG1fY2FtcGFpZ249TGVnaXNsYWNpJUMzJUIzbiUyMFNlbWFuYWwlMjAwNiUyMGElMjAxMCUyMGRlJTIwT2N0dWJyZSUyMDIwMjUmdXRtX21lZGl1bT1lbWFpbCZ1dG1fc291cmNlPU1haWxqZXQ\" target=\"_blank\" rel=\"noopener\" data-auth=\"NotApplicable\" data-linkindex=\"8\"><u>Reglamento (UE) 2024\/900 sobre transparencia y segmentaci\u00f3n en la publicidad pol\u00edtica<\/u><\/a>.<\/li><li>Comunicaci\u00f3n de la Comisi\u00f3n. Directrices sobre\u00a0<a class=\"x_link-build-content\" title=\"https:\/\/go.abogacia.es\/lnk\/AWQAAIDKmP8AAc4cwuwAABAXVFoAAAAA0zoAAKFsABi_EgBo6L1Q93Oaj2VlRWKljy7eQDYIdAAYIRA\/9\/4JBnZw-YBw9vectpFTTtbA\/aHR0cHM6Ly9ldXItbGV4LmV1cm9wYS5ldS9sZWdhbC1jb250ZW50L0VTL1RYVC9QREYvP3VyaT1PSjpDXzIwMjUwNTUxOSZ1dG1fY2FtcGFpZ249TGVnaXNsYWNpJUMzJUIzbiUyMFNlbWFuYWwlMjAwNiUyMGElMjAxMCUyMGRlJTIwT2N0dWJyZSUyMDIwMjUmdXRtX21lZGl1bT1lbWFpbCZ1dG1fc291cmNlPU1haWxqZXQ\" href=\"https:\/\/go.abogacia.es\/lnk\/AWQAAIDKmP8AAc4cwuwAABAXVFoAAAAA0zoAAKFsABi_EgBo6L1Q93Oaj2VlRWKljy7eQDYIdAAYIRA\/9\/4JBnZw-YBw9vectpFTTtbA\/aHR0cHM6Ly9ldXItbGV4LmV1cm9wYS5ldS9sZWdhbC1jb250ZW50L0VTL1RYVC9QREYvP3VyaT1PSjpDXzIwMjUwNTUxOSZ1dG1fY2FtcGFpZ249TGVnaXNsYWNpJUMzJUIzbiUyMFNlbWFuYWwlMjAwNiUyMGElMjAxMCUyMGRlJTIwT2N0dWJyZSUyMDIwMjUmdXRtX21lZGl1bT1lbWFpbCZ1dG1fc291cmNlPU1haWxqZXQ\" target=\"_blank\" rel=\"noopener\" data-auth=\"NotApplicable\" data-linkindex=\"9\"><u>medidas para garantizar un elevado nivel de privacidad, seguridad y protecci\u00f3n de los menores en l\u00ednea<\/u><\/a>, de conformidad con el art\u00edculo 28, apartado 4, del Reglamento (UE) 2022\/2065.<\/li><\/ul>\t\t\t\t\t\t\t\t<\/div>\n\t\t\t\t<\/div>\n\t\t\t\t<div class=\"elementor-element elementor-element-eaca816 elementor-widget elementor-widget-heading\" data-id=\"eaca816\" data-element_type=\"widget\" data-e-type=\"widget\" data-widget_type=\"heading.default\">\n\t\t\t\t<div class=\"elementor-widget-container\">\n\t\t\t\t\t<h5 class=\"elementor-heading-title elementor-size-default\">CONGRESO DE LOS DIPUTADOS<\/h5>\t\t\t\t<\/div>\n\t\t\t\t<\/div>\n\t\t\t\t<div class=\"elementor-element elementor-element-947c2dd elementor-widget elementor-widget-heading\" data-id=\"947c2dd\" data-element_type=\"widget\" data-e-type=\"widget\" data-widget_type=\"heading.default\">\n\t\t\t\t<div class=\"elementor-widget-container\">\n\t\t\t\t\t<h6 class=\"elementor-heading-title elementor-size-default\">Proyectos de ley<\/h6>\t\t\t\t<\/div>\n\t\t\t\t<\/div>\n\t\t\t\t<div class=\"elementor-element elementor-element-cb49bf6 elementor-widget elementor-widget-text-editor\" data-id=\"cb49bf6\" data-element_type=\"widget\" data-e-type=\"widget\" data-widget_type=\"text-editor.default\">\n\t\t\t\t<div class=\"elementor-widget-container\">\n\t\t\t\t\t\t\t\t\t<ul><li><span data-olk-copy-source=\"MessageBody\">Proyecto de Ley por la que\u00a0<\/span><a class=\"x_link-build-content\" title=\"https:\/\/go.abogacia.es\/lnk\/AWQAAIDKmP8AAc4cwuwAABAXVFoAAAAA0zoAAKFsABi_EgBo6L1Q93Oaj2VlRWKljy7eQDYIdAAYIRA\/10\/Nl0h0eYm0QfiZ6ztoRMOYQ\/aHR0cHM6Ly93d3cuY29uZ3Jlc28uZXMvcHVibGljX29maWNpYWxlcy9MMTUvQ09ORy9CT0NHL0EvQk9DRy0xNS1BLTYwLTIuUERGP3V0bV9jYW1wYWlnbj1MZWdpc2xhY2klQzMlQjNuJTIwU2VtYW5hbCUyMDA2JTIwYSUyMDEwJTIwZGUlMjBPY3R1YnJlJTIwMjAyNSZ1dG1fbWVkaXVtPWVtYWlsJnV0bV9zb3VyY2U9TWFpbGpldA\" href=\"https:\/\/go.abogacia.es\/lnk\/AWQAAIDKmP8AAc4cwuwAABAXVFoAAAAA0zoAAKFsABi_EgBo6L1Q93Oaj2VlRWKljy7eQDYIdAAYIRA\/10\/Nl0h0eYm0QfiZ6ztoRMOYQ\/aHR0cHM6Ly93d3cuY29uZ3Jlc28uZXMvcHVibGljX29maWNpYWxlcy9MMTUvQ09ORy9CT0NHL0EvQk9DRy0xNS1BLTYwLTIuUERGP3V0bV9jYW1wYWlnbj1MZWdpc2xhY2klQzMlQjNuJTIwU2VtYW5hbCUyMDA2JTIwYSUyMDEwJTIwZGUlMjBPY3R1YnJlJTIwMjAyNSZ1dG1fbWVkaXVtPWVtYWlsJnV0bV9zb3VyY2U9TWFpbGpldA\" target=\"_blank\" rel=\"noopener\" data-auth=\"NotApplicable\" data-linkindex=\"10\"><u>se modifican la Ley 58\/2003, de 17 de diciembre, General Tributaria, en materia de prescripci\u00f3n, recaudaci\u00f3n, asistencia mutua y obligaciones de informaci\u00f3n; la Ley 35\/2006, de 28 de noviembre, del Impuesto sobre la Renta de las Personas F\u00edsicas y de modificaci\u00f3n parcial de las leyes de los Impuestos sobre Sociedades, sobre la Renta de no Residentes y sobre el Patrimonio, y la Ley 29\/1987, de 18 de diciembre, del Impuesto sobre Sucesiones y Donaciones<\/u><\/a>.\u00a0<i>Enmienda a la totalidad<\/i><\/li><li>Proyecto de Ley de\u00a0<a class=\"x_link-build-content\" title=\"https:\/\/go.abogacia.es\/lnk\/AWQAAIDKmP8AAc4cwuwAABAXVFoAAAAA0zoAAKFsABi_EgBo6L1Q93Oaj2VlRWKljy7eQDYIdAAYIRA\/11\/IwLn9zb8oA5dv858VS8q5Q\/aHR0cHM6Ly93d3cuY29uZ3Jlc28uZXMvcHVibGljX29maWNpYWxlcy9MMTUvQ09ORy9CT0NHL0EvQk9DRy0xNS1BLTktNy5QREY_dXRtX2NhbXBhaWduPUxlZ2lzbGFjaSVDMyVCM24lMjBTZW1hbmFsJTIwMDYlMjBhJTIwMTAlMjBkZSUyME9jdHVicmUlMjAyMDI1JnV0bV9tZWRpdW09ZW1haWwmdXRtX3NvdXJjZT1NYWlsamV0\" href=\"https:\/\/go.abogacia.es\/lnk\/AWQAAIDKmP8AAc4cwuwAABAXVFoAAAAA0zoAAKFsABi_EgBo6L1Q93Oaj2VlRWKljy7eQDYIdAAYIRA\/11\/IwLn9zb8oA5dv858VS8q5Q\/aHR0cHM6Ly93d3cuY29uZ3Jlc28uZXMvcHVibGljX29maWNpYWxlcy9MMTUvQ09ORy9CT0NHL0EvQk9DRy0xNS1BLTktNy5QREY_dXRtX2NhbXBhaWduPUxlZ2lzbGFjaSVDMyVCM24lMjBTZW1hbmFsJTIwMDYlMjBhJTIwMTAlMjBkZSUyME9jdHVicmUlMjAyMDI1JnV0bV9tZWRpdW09ZW1haWwmdXRtX3NvdXJjZT1NYWlsamV0\" target=\"_blank\" rel=\"noopener\" data-auth=\"NotApplicable\" data-linkindex=\"11\"><u>Movilidad Sostenible<\/u><\/a>.<i>\u00a0Correcci\u00f3n de errores<\/i><\/li><\/ul>\t\t\t\t\t\t\t\t<\/div>\n\t\t\t\t<\/div>\n\t\t\t\t<div class=\"elementor-element elementor-element-6a4c36e elementor-widget elementor-widget-heading\" data-id=\"6a4c36e\" data-element_type=\"widget\" data-e-type=\"widget\" data-widget_type=\"heading.default\">\n\t\t\t\t<div class=\"elementor-widget-container\">\n\t\t\t\t\t<h6 class=\"elementor-heading-title elementor-size-default\">Proposiciones de ley<\/h6>\t\t\t\t<\/div>\n\t\t\t\t<\/div>\n\t\t\t\t<div class=\"elementor-element elementor-element-67162d7 elementor-widget elementor-widget-text-editor\" data-id=\"67162d7\" data-element_type=\"widget\" data-e-type=\"widget\" data-widget_type=\"text-editor.default\">\n\t\t\t\t<div class=\"elementor-widget-container\">\n\t\t\t\t\t\t\t\t\t<ul><li><span data-olk-copy-source=\"MessageBody\">Proposici\u00f3n de Ley Org\u00e1nica de\u00a0<\/span><a class=\"x_link-build-content\" title=\"https:\/\/go.abogacia.es\/lnk\/AWQAAIDKmP8AAc4cwuwAABAXVFoAAAAA0zoAAKFsABi_EgBo6L1Q93Oaj2VlRWKljy7eQDYIdAAYIRA\/12\/sr290K3GHQI1wOOrAFqVwA\/aHR0cHM6Ly93d3cuY29uZ3Jlc28uZXMvcHVibGljX29maWNpYWxlcy9MMTUvQ09ORy9CT0NHL0IvQk9DRy0xNS1CLTIyMC0zLlBERj91dG1fY2FtcGFpZ249TGVnaXNsYWNpJUMzJUIzbiUyMFNlbWFuYWwlMjAwNiUyMGElMjAxMCUyMGRlJTIwT2N0dWJyZSUyMDIwMjUmdXRtX21lZGl1bT1lbWFpbCZ1dG1fc291cmNlPU1haWxqZXQ\" href=\"https:\/\/go.abogacia.es\/lnk\/AWQAAIDKmP8AAc4cwuwAABAXVFoAAAAA0zoAAKFsABi_EgBo6L1Q93Oaj2VlRWKljy7eQDYIdAAYIRA\/12\/sr290K3GHQI1wOOrAFqVwA\/aHR0cHM6Ly93d3cuY29uZ3Jlc28uZXMvcHVibGljX29maWNpYWxlcy9MMTUvQ09ORy9CT0NHL0IvQk9DRy0xNS1CLTIyMC0zLlBERj91dG1fY2FtcGFpZ249TGVnaXNsYWNpJUMzJUIzbiUyMFNlbWFuYWwlMjAwNiUyMGElMjAxMCUyMGRlJTIwT2N0dWJyZSUyMDIwMjUmdXRtX21lZGl1bT1lbWFpbCZ1dG1fc291cmNlPU1haWxqZXQ\" target=\"_blank\" rel=\"noopener\" data-auth=\"NotApplicable\" data-linkindex=\"12\"><u>reforma de la Ley Org\u00e1nica 2\/1979, de 3 de octubre, del Tribunal Constitucional<\/u><\/a>.<i>\u00a0Acuerdo subsiguiente a la toma en consideraci\u00f3n<\/i><\/li><li>Proposici\u00f3n de Ley de modificaci\u00f3n de la Ley 35\/2006, de 28 de noviembre, del\u00a0<a class=\"x_link-build-content\" title=\"https:\/\/go.abogacia.es\/lnk\/AWQAAIDKmP8AAc4cwuwAABAXVFoAAAAA0zoAAKFsABi_EgBo6L1Q93Oaj2VlRWKljy7eQDYIdAAYIRA\/13\/q94B9k2QolsREGCBUpy2Jw\/aHR0cHM6Ly93d3cuY29uZ3Jlc28uZXMvcHVibGljX29maWNpYWxlcy9MMTUvQ09ORy9CT0NHL0IvQk9DRy0xNS1CLTI1My0yLlBERj91dG1fY2FtcGFpZ249TGVnaXNsYWNpJUMzJUIzbiUyMFNlbWFuYWwlMjAwNiUyMGElMjAxMCUyMGRlJTIwT2N0dWJyZSUyMDIwMjUmdXRtX21lZGl1bT1lbWFpbCZ1dG1fc291cmNlPU1haWxqZXQ\" href=\"https:\/\/go.abogacia.es\/lnk\/AWQAAIDKmP8AAc4cwuwAABAXVFoAAAAA0zoAAKFsABi_EgBo6L1Q93Oaj2VlRWKljy7eQDYIdAAYIRA\/13\/q94B9k2QolsREGCBUpy2Jw\/aHR0cHM6Ly93d3cuY29uZ3Jlc28uZXMvcHVibGljX29maWNpYWxlcy9MMTUvQ09ORy9CT0NHL0IvQk9DRy0xNS1CLTI1My0yLlBERj91dG1fY2FtcGFpZ249TGVnaXNsYWNpJUMzJUIzbiUyMFNlbWFuYWwlMjAwNiUyMGElMjAxMCUyMGRlJTIwT2N0dWJyZSUyMDIwMjUmdXRtX21lZGl1bT1lbWFpbCZ1dG1fc291cmNlPU1haWxqZXQ\" target=\"_blank\" rel=\"noopener\" data-auth=\"NotApplicable\" data-linkindex=\"13\"><u>Impuesto sobre la Renta de las Personas F\u00edsicas y de modificaci\u00f3n parcial de las leyes de los Impuestos sobre Sociedades, sobre la Renta de no Residentes y sobre el Patrimonio<\/u><\/a>. Presentada por la Comunidad Aut\u00f3noma del Principado de Asturias &#8211; Junta General.<i>\u00a0Disconformidad del Gobierno con su tramitaci\u00f3n<\/i><\/li><li>Proposici\u00f3n de Ley para la formalizaci\u00f3n de un\u00a0<a class=\"x_link-build-content\" title=\"https:\/\/go.abogacia.es\/lnk\/AWQAAIDKmP8AAc4cwuwAABAXVFoAAAAA0zoAAKFsABi_EgBo6L1Q93Oaj2VlRWKljy7eQDYIdAAYIRA\/14\/NT0L63FVmjRceXhcST6T5A\/aHR0cHM6Ly93d3cuY29uZ3Jlc28uZXMvcHVibGljX29maWNpYWxlcy9MMTUvQ09ORy9CT0NHL0IvQk9DRy0xNS1CLTI2NC0xLlBERj91dG1fY2FtcGFpZ249TGVnaXNsYWNpJUMzJUIzbiUyMFNlbWFuYWwlMjAwNiUyMGElMjAxMCUyMGRlJTIwT2N0dWJyZSUyMDIwMjUmdXRtX21lZGl1bT1lbWFpbCZ1dG1fc291cmNlPU1haWxqZXQ\" href=\"https:\/\/go.abogacia.es\/lnk\/AWQAAIDKmP8AAc4cwuwAABAXVFoAAAAA0zoAAKFsABi_EgBo6L1Q93Oaj2VlRWKljy7eQDYIdAAYIRA\/14\/NT0L63FVmjRceXhcST6T5A\/aHR0cHM6Ly93d3cuY29uZ3Jlc28uZXMvcHVibGljX29maWNpYWxlcy9MMTUvQ09ORy9CT0NHL0IvQk9DRy0xNS1CLTI2NC0xLlBERj91dG1fY2FtcGFpZ249TGVnaXNsYWNpJUMzJUIzbiUyMFNlbWFuYWwlMjAwNiUyMGElMjAxMCUyMGRlJTIwT2N0dWJyZSUyMDIwMjUmdXRtX21lZGl1bT1lbWFpbCZ1dG1fc291cmNlPU1haWxqZXQ\" target=\"_blank\" rel=\"noopener\" data-auth=\"NotApplicable\" data-linkindex=\"14\"><u>Protocolo de inspecci\u00f3n de buques con origen o destino a Estados sobre los que recaigan medidas judiciales, indicios o sospecha de perpetraci\u00f3n de delito de genocidio o cr\u00edmenes de guerra<\/u><\/a><i>. Presentada por el Grupo Parlamentario Plurinacional SUMAR.<\/i><\/li><li>Proposici\u00f3n de Ley para la\u00a0<a class=\"x_link-build-content\" title=\"https:\/\/go.abogacia.es\/lnk\/AWQAAIDKmP8AAc4cwuwAABAXVFoAAAAA0zoAAKFsABi_EgBo6L1Q93Oaj2VlRWKljy7eQDYIdAAYIRA\/15\/jtgOLQGMdRdJiHyv3N1NSg\/aHR0cHM6Ly93d3cuY29uZ3Jlc28uZXMvcHVibGljX29maWNpYWxlcy9MMTUvQ09ORy9CT0NHL0IvQk9DRy0xNS1CLTI2Ni0xLlBERj91dG1fY2FtcGFpZ249TGVnaXNsYWNpJUMzJUIzbiUyMFNlbWFuYWwlMjAwNiUyMGElMjAxMCUyMGRlJTIwT2N0dWJyZSUyMDIwMjUmdXRtX21lZGl1bT1lbWFpbCZ1dG1fc291cmNlPU1haWxqZXQ\" href=\"https:\/\/go.abogacia.es\/lnk\/AWQAAIDKmP8AAc4cwuwAABAXVFoAAAAA0zoAAKFsABi_EgBo6L1Q93Oaj2VlRWKljy7eQDYIdAAYIRA\/15\/jtgOLQGMdRdJiHyv3N1NSg\/aHR0cHM6Ly93d3cuY29uZ3Jlc28uZXMvcHVibGljX29maWNpYWxlcy9MMTUvQ09ORy9CT0NHL0IvQk9DRy0xNS1CLTI2Ni0xLlBERj91dG1fY2FtcGFpZ249TGVnaXNsYWNpJUMzJUIzbiUyMFNlbWFuYWwlMjAwNiUyMGElMjAxMCUyMGRlJTIwT2N0dWJyZSUyMDIwMjUmdXRtX21lZGl1bT1lbWFpbCZ1dG1fc291cmNlPU1haWxqZXQ\" target=\"_blank\" rel=\"noopener\" data-auth=\"NotApplicable\" data-linkindex=\"15\"><u>modificaci\u00f3n del art\u00edculo 92 bis de la Ley 7\/1985, de 2 de abril, Reguladora de las Bases del R\u00e9gimen Local<\/u><\/a>.<i>\u00a0Remitida por el Senado<\/i><\/li><li>Proposici\u00f3n de Ley Org\u00e1nica para la\u00a0<a class=\"x_link-build-content\" title=\"https:\/\/go.abogacia.es\/lnk\/AWQAAIDKmP8AAc4cwuwAABAXVFoAAAAA0zoAAKFsABi_EgBo6L1Q93Oaj2VlRWKljy7eQDYIdAAYIRA\/16\/tAFC0n3Ur3SDgXlvMOVtmw\/aHR0cHM6Ly93d3cuY29uZ3Jlc28uZXMvcHVibGljX29maWNpYWxlcy9MMTUvQ09ORy9CT0NHL0IvQk9DRy0xNS1CLTI2Ny0xLlBERj91dG1fY2FtcGFpZ249TGVnaXNsYWNpJUMzJUIzbiUyMFNlbWFuYWwlMjAwNiUyMGElMjAxMCUyMGRlJTIwT2N0dWJyZSUyMDIwMjUmdXRtX21lZGl1bT1lbWFpbCZ1dG1fc291cmNlPU1haWxqZXQ\" href=\"https:\/\/go.abogacia.es\/lnk\/AWQAAIDKmP8AAc4cwuwAABAXVFoAAAAA0zoAAKFsABi_EgBo6L1Q93Oaj2VlRWKljy7eQDYIdAAYIRA\/16\/tAFC0n3Ur3SDgXlvMOVtmw\/aHR0cHM6Ly93d3cuY29uZ3Jlc28uZXMvcHVibGljX29maWNpYWxlcy9MMTUvQ09ORy9CT0NHL0IvQk9DRy0xNS1CLTI2Ny0xLlBERj91dG1fY2FtcGFpZ249TGVnaXNsYWNpJUMzJUIzbiUyMFNlbWFuYWwlMjAwNiUyMGElMjAxMCUyMGRlJTIwT2N0dWJyZSUyMDIwMjUmdXRtX21lZGl1bT1lbWFpbCZ1dG1fc291cmNlPU1haWxqZXQ\" target=\"_blank\" rel=\"noopener\" data-auth=\"NotApplicable\" data-linkindex=\"16\"><u>recuperaci\u00f3n de la justicia universal<\/u><\/a>.<i>\u00a0Presentada por el Grupo Parlamentario Republicano<\/i><\/li><\/ul>\t\t\t\t\t\t\t\t<\/div>\n\t\t\t\t<\/div>\n\t\t\t\t<div class=\"elementor-element elementor-element-ca83a12 elementor-widget elementor-widget-heading\" data-id=\"ca83a12\" data-element_type=\"widget\" data-e-type=\"widget\" data-widget_type=\"heading.default\">\n\t\t\t\t<div class=\"elementor-widget-container\">\n\t\t\t\t\t<h5 class=\"elementor-heading-title elementor-size-default\">SENADO<\/h5>\t\t\t\t<\/div>\n\t\t\t\t<\/div>\n\t\t\t\t<div class=\"elementor-element elementor-element-cea2eed elementor-widget elementor-widget-heading\" data-id=\"cea2eed\" data-element_type=\"widget\" data-e-type=\"widget\" data-widget_type=\"heading.default\">\n\t\t\t\t<div class=\"elementor-widget-container\">\n\t\t\t\t\t<h6 class=\"elementor-heading-title elementor-size-default\">Proposiciones de ley<\/h6>\t\t\t\t<\/div>\n\t\t\t\t<\/div>\n\t\t\t\t<div class=\"elementor-element elementor-element-50df5fd elementor-widget elementor-widget-text-editor\" data-id=\"50df5fd\" data-element_type=\"widget\" data-e-type=\"widget\" data-widget_type=\"text-editor.default\">\n\t\t\t\t<div class=\"elementor-widget-container\">\n\t\t\t\t\t\t\t\t\t<ul><li><span data-olk-copy-source=\"MessageBody\">Proposici\u00f3n de Ley Org\u00e1nica por la que se modifica la\u00a0<\/span><a class=\"x_link-build-content\" title=\"https:\/\/go.abogacia.es\/lnk\/AWQAAIDKmP8AAc4cwuwAABAXVFoAAAAA0zoAAKFsABi_EgBo6L1Q93Oaj2VlRWKljy7eQDYIdAAYIRA\/17\/qIbRELy4dDnrDd22XeyPgQ\/aHR0cHM6Ly93d3cuc2VuYWRvLmVzL2xlZ2lzMTUvcHVibGljYWNpb25lcy9wZGYvc2VuYWRvL2JvY2cvQk9DR19EXzE1XzMxNV8yODA0LlBERj91dG1fY2FtcGFpZ249TGVnaXNsYWNpJUMzJUIzbiUyMFNlbWFuYWwlMjAwNiUyMGElMjAxMCUyMGRlJTIwT2N0dWJyZSUyMDIwMjUmdXRtX21lZGl1bT1lbWFpbCZ1dG1fc291cmNlPU1haWxqZXQ\" href=\"https:\/\/go.abogacia.es\/lnk\/AWQAAIDKmP8AAc4cwuwAABAXVFoAAAAA0zoAAKFsABi_EgBo6L1Q93Oaj2VlRWKljy7eQDYIdAAYIRA\/17\/qIbRELy4dDnrDd22XeyPgQ\/aHR0cHM6Ly93d3cuc2VuYWRvLmVzL2xlZ2lzMTUvcHVibGljYWNpb25lcy9wZGYvc2VuYWRvL2JvY2cvQk9DR19EXzE1XzMxNV8yODA0LlBERj91dG1fY2FtcGFpZ249TGVnaXNsYWNpJUMzJUIzbiUyMFNlbWFuYWwlMjAwNiUyMGElMjAxMCUyMGRlJTIwT2N0dWJyZSUyMDIwMjUmdXRtX21lZGl1bT1lbWFpbCZ1dG1fc291cmNlPU1haWxqZXQ\" target=\"_blank\" rel=\"noopener\" data-auth=\"NotApplicable\" data-linkindex=\"17\"><u>Ley Org\u00e1nica 5\/2000, de 12 de enero, reguladora de la responsabilidad penal de los menores<\/u><\/a>, para rebajar la edad penal y sancionar con m\u00e1s firmeza y eficacia los delitos cometidos por menores (622\/000079).\u00a0<i>Proposiciones de Ley alternativas<\/i><\/li><li>Proposici\u00f3n de Ley Org\u00e1nica de modificaci\u00f3n de la\u00a0<a class=\"x_link-build-content\" title=\"https:\/\/go.abogacia.es\/lnk\/AWQAAIDKmP8AAc4cwuwAABAXVFoAAAAA0zoAAKFsABi_EgBo6L1Q93Oaj2VlRWKljy7eQDYIdAAYIRA\/18\/F24L20i7ZIOACFpU518DrQ\/aHR0cHM6Ly93d3cuc2VuYWRvLmVzL2xlZ2lzMTUvcHVibGljYWNpb25lcy9wZGYvc2VuYWRvL2JvY2cvQk9DR19EXzE1XzMxNV8yODA1LlBERj91dG1fY2FtcGFpZ249TGVnaXNsYWNpJUMzJUIzbiUyMFNlbWFuYWwlMjAwNiUyMGElMjAxMCUyMGRlJTIwT2N0dWJyZSUyMDIwMjUmdXRtX21lZGl1bT1lbWFpbCZ1dG1fc291cmNlPU1haWxqZXQ\" href=\"https:\/\/go.abogacia.es\/lnk\/AWQAAIDKmP8AAc4cwuwAABAXVFoAAAAA0zoAAKFsABi_EgBo6L1Q93Oaj2VlRWKljy7eQDYIdAAYIRA\/18\/F24L20i7ZIOACFpU518DrQ\/aHR0cHM6Ly93d3cuc2VuYWRvLmVzL2xlZ2lzMTUvcHVibGljYWNpb25lcy9wZGYvc2VuYWRvL2JvY2cvQk9DR19EXzE1XzMxNV8yODA1LlBERj91dG1fY2FtcGFpZ249TGVnaXNsYWNpJUMzJUIzbiUyMFNlbWFuYWwlMjAwNiUyMGElMjAxMCUyMGRlJTIwT2N0dWJyZSUyMDIwMjUmdXRtX21lZGl1bT1lbWFpbCZ1dG1fc291cmNlPU1haWxqZXQ\" target=\"_blank\" rel=\"noopener\" data-auth=\"NotApplicable\" data-linkindex=\"18\"><u>Ley Org\u00e1nica 4\/2000, de 11 de enero, sobre derechos y libertades de los extranjeros en Espa\u00f1a y su integraci\u00f3n social<\/u><\/a>, para restringir la regularizaci\u00f3n de inmigrantes ilegales a trav\u00e9s del arraigo (622\/000080).\u00a0<i>Proposiciones de Ley alternativas.<\/i><\/li><\/ul>\t\t\t\t\t\t\t\t<\/div>\n\t\t\t\t<\/div>\n\t\t\t\t<div class=\"elementor-element elementor-element-d12083b elementor-widget elementor-widget-heading\" data-id=\"d12083b\" data-element_type=\"widget\" data-e-type=\"widget\" data-widget_type=\"heading.default\">\n\t\t\t\t<div class=\"elementor-widget-container\">\n\t\t\t\t\t<h5 class=\"elementor-heading-title elementor-size-default\">CONSEJO DE MINISTROS<\/h5>\t\t\t\t<\/div>\n\t\t\t\t<\/div>\n\t\t\t\t<div class=\"elementor-element elementor-element-f2f07fe elementor-widget elementor-widget-heading\" data-id=\"f2f07fe\" data-element_type=\"widget\" data-e-type=\"widget\" data-widget_type=\"heading.default\">\n\t\t\t\t<div class=\"elementor-widget-container\">\n\t\t\t\t\t<h6 class=\"elementor-heading-title elementor-size-default\">Presidencia, Justicia y Relaciones con las Cortes<\/h6>\t\t\t\t<\/div>\n\t\t\t\t<\/div>\n\t\t\t\t<div class=\"elementor-element elementor-element-0a55c26 elementor-widget elementor-widget-text-editor\" data-id=\"0a55c26\" data-element_type=\"widget\" data-e-type=\"widget\" data-widget_type=\"text-editor.default\">\n\t\t\t\t<div class=\"elementor-widget-container\">\n\t\t\t\t\t\t\t\t\t<ul><li><span data-olk-copy-source=\"MessageBody\">Acuerdo por el que se aprueba el\u00a0<\/span><a class=\"x_link-build-content\" title=\"https:\/\/go.abogacia.es\/lnk\/AWQAAIDKmP8AAc4cwuwAABAXVFoAAAAA0zoAAKFsABi_EgBo6L1Q93Oaj2VlRWKljy7eQDYIdAAYIRA\/19\/Qe4ECdwDFGXRE1O6i8Bxew\/aHR0cHM6Ly93d3cubGFtb25jbG9hLmdvYi5lcy9jb25zZWpvZGVtaW5pc3Ryb3MvcmVmZXJlbmNpYXMvUGFnaW5hcy8yMDI1LzIwMjUxMDA3LXJlZmVyZW5jaWEtcnVlZGEtZGUtcHJlbnNhLW1pbmlzdHJvcy5hc3B4P3V0bV9jYW1wYWlnbj1MZWdpc2xhY2klQzMlQjNuJTIwU2VtYW5hbCUyMDA2JTIwYSUyMDEwJTIwZGUlMjBPY3R1YnJlJTIwMjAyNSZ1dG1fbWVkaXVtPWVtYWlsJnV0bV9zb3VyY2U9TWFpbGpldCNwbGFu#plan\" href=\"https:\/\/go.abogacia.es\/lnk\/AWQAAIDKmP8AAc4cwuwAABAXVFoAAAAA0zoAAKFsABi_EgBo6L1Q93Oaj2VlRWKljy7eQDYIdAAYIRA\/19\/Qe4ECdwDFGXRE1O6i8Bxew\/aHR0cHM6Ly93d3cubGFtb25jbG9hLmdvYi5lcy9jb25zZWpvZGVtaW5pc3Ryb3MvcmVmZXJlbmNpYXMvUGFnaW5hcy8yMDI1LzIwMjUxMDA3LXJlZmVyZW5jaWEtcnVlZGEtZGUtcHJlbnNhLW1pbmlzdHJvcy5hc3B4P3V0bV9jYW1wYWlnbj1MZWdpc2xhY2klQzMlQjNuJTIwU2VtYW5hbCUyMDA2JTIwYSUyMDEwJTIwZGUlMjBPY3R1YnJlJTIwMjAyNSZ1dG1fbWVkaXVtPWVtYWlsJnV0bV9zb3VyY2U9TWFpbGpldCNwbGFu#plan\" target=\"_blank\" rel=\"noopener\" data-auth=\"NotApplicable\" data-linkindex=\"19\"><u>IV Plan para la igualdad de g\u00e9nero en la Administraci\u00f3n General del Estado y en los organismos p\u00fablicos vinculados o dependientes de ella<\/u><\/a>.<\/li><\/ul>\t\t\t\t\t\t\t\t<\/div>\n\t\t\t\t<\/div>\n\t\t\t\t<div class=\"elementor-element elementor-element-90ccacd elementor-widget elementor-widget-heading\" data-id=\"90ccacd\" data-element_type=\"widget\" data-e-type=\"widget\" data-widget_type=\"heading.default\">\n\t\t\t\t<div class=\"elementor-widget-container\">\n\t\t\t\t\t<h5 class=\"elementor-heading-title elementor-size-default\">FISCAL\u00cdA GENERAL DEL ESTADO<\/h5>\t\t\t\t<\/div>\n\t\t\t\t<\/div>\n\t\t\t\t<div class=\"elementor-element elementor-element-e942ece elementor-widget elementor-widget-heading\" data-id=\"e942ece\" data-element_type=\"widget\" data-e-type=\"widget\" data-widget_type=\"heading.default\">\n\t\t\t\t<div class=\"elementor-widget-container\">\n\t\t\t\t\t<h6 class=\"elementor-heading-title elementor-size-default\">Circulares, Consultas e Instrucciones<\/h6>\t\t\t\t<\/div>\n\t\t\t\t<\/div>\n\t\t\t\t<div class=\"elementor-element elementor-element-8f09b1e elementor-widget elementor-widget-text-editor\" data-id=\"8f09b1e\" data-element_type=\"widget\" data-e-type=\"widget\" data-widget_type=\"text-editor.default\">\n\t\t\t\t<div class=\"elementor-widget-container\">\n\t\t\t\t\t\t\t\t\t<ul><li><a class=\"x_link-build-content\" title=\"https:\/\/go.abogacia.es\/lnk\/AWQAAIDKmP8AAc4cwuwAABAXVFoAAAAA0zoAAKFsABi_EgBo6L1Q93Oaj2VlRWKljy7eQDYIdAAYIRA\/20\/214kfX0S7HqkD-nGL_gTJQ\/aHR0cHM6Ly9kYXRvcy5qdXN0aWNpYS5lcy9hY3RpdmlkYWQtcHJvY2VzYWwtcGVuYWw_dXRtX2NhbXBhaWduPUxlZ2lzbGFjaSVDMyVCM24lMjBTZW1hbmFsJTIwMDYlMjBhJTIwMTAlMjBkZSUyME9jdHVicmUlMjAyMDI1JnV0bV9tZWRpdW09ZW1haWwmdXRtX3NvdXJjZT1NYWlsamV0\" href=\"https:\/\/go.abogacia.es\/lnk\/AWQAAIDKmP8AAc4cwuwAABAXVFoAAAAA0zoAAKFsABi_EgBo6L1Q93Oaj2VlRWKljy7eQDYIdAAYIRA\/20\/214kfX0S7HqkD-nGL_gTJQ\/aHR0cHM6Ly9kYXRvcy5qdXN0aWNpYS5lcy9hY3RpdmlkYWQtcHJvY2VzYWwtcGVuYWw_dXRtX2NhbXBhaWduPUxlZ2lzbGFjaSVDMyVCM24lMjBTZW1hbmFsJTIwMDYlMjBhJTIwMTAlMjBkZSUyME9jdHVicmUlMjAyMDI1JnV0bV9tZWRpdW09ZW1haWwmdXRtX3NvdXJjZT1NYWlsamV0\" target=\"_blank\" rel=\"noopener\" data-auth=\"NotApplicable\" data-linkindex=\"20\"><u data-olk-copy-source=\"MessageBody\">Actividad Procesal Penal<\/u><\/a>\u00a0del Ministerio Fiscal &#8211; 2024<\/li><\/ul>\t\t\t\t\t\t\t\t<\/div>\n\t\t\t\t<\/div>\n\t\t\t\t\t<\/div>\n\t\t<\/div>\n\t\t\t\t\t<\/div>\n\t\t<\/section>\n\t\t\t\t<\/div>\n\t\t","protected":false},"excerpt":{"rendered":"<p>Legislaci\u00f3n Semanal &#8211; Del 06 al 10 de Octubre de 2025 BOLET\u00cdN OFICIAL DEL ESTADO Disposiciones generales \/Ministerio de Asuntos Exteriores, Uni\u00f3n Europea y Cooperaci\u00f3n Real Decreto 898\/2025, de 8 de octubre, por el que\u00a0se regula el Consejo Superior de Cooperaci\u00f3n para el Desarrollo Sostenible y la Solidaridad Global. Disposiciones generales \/ Ministerio de Transportes [&hellip;]<\/p>\n","protected":false},"author":1,"featured_media":0,"comment_status":"open","ping_status":"open","sticky":false,"template":"","format":"standard","meta":{"footnotes":""},"categories":[1],"tags":[],"class_list":["post-17208","post","type-post","status-publish","format-standard","hentry","category-uncategorized"],"_links":{"self":[{"href":"https:\/\/cms.icacordoba.23sd.es\/index.php\/wp-json\/wp\/v2\/posts\/17208","targetHints":{"allow":["GET"]}}],"collection":[{"href":"https:\/\/cms.icacordoba.23sd.es\/index.php\/wp-json\/wp\/v2\/posts"}],"about":[{"href":"https:\/\/cms.icacordoba.23sd.es\/index.php\/wp-json\/wp\/v2\/types\/post"}],"author":[{"embeddable":true,"href":"https:\/\/cms.icacordoba.23sd.es\/index.php\/wp-json\/wp\/v2\/users\/1"}],"replies":[{"embeddable":true,"href":"https:\/\/cms.icacordoba.23sd.es\/index.php\/wp-json\/wp\/v2\/comments?post=17208"}],"version-history":[{"count":3,"href":"https:\/\/cms.icacordoba.23sd.es\/index.php\/wp-json\/wp\/v2\/posts\/17208\/revisions"}],"predecessor-version":[{"id":17211,"href":"https:\/\/cms.icacordoba.23sd.es\/index.php\/wp-json\/wp\/v2\/posts\/17208\/revisions\/17211"}],"wp:attachment":[{"href":"https:\/\/cms.icacordoba.23sd.es\/index.php\/wp-json\/wp\/v2\/media?parent=17208"}],"wp:term":[{"taxonomy":"category","embeddable":true,"href":"https:\/\/cms.icacordoba.23sd.es\/index.php\/wp-json\/wp\/v2\/categories?post=17208"},{"taxonomy":"post_tag","embeddable":true,"href":"https:\/\/cms.icacordoba.23sd.es\/index.php\/wp-json\/wp\/v2\/tags?post=17208"}],"curies":[{"name":"wp","href":"https:\/\/api.w.org\/{rel}","templated":true}]}}