{"id":17130,"date":"2025-10-03T08:19:19","date_gmt":"2025-10-03T08:19:19","guid":{"rendered":"https:\/\/cms.icacordoba.23sd.es\/index.php\/17130\/"},"modified":"2025-10-03T08:45:47","modified_gmt":"2025-10-03T08:45:47","slug":"legislacion-semanal-29-de-septiembre-al-3-de-octubre-de-2025","status":"publish","type":"post","link":"https:\/\/cms.icacordoba.23sd.es\/index.php\/17130\/","title":{"rendered":"Legislaci\u00f3n Semanal &#8211; 29 de Septiembre al 3 de octubre de 2025"},"content":{"rendered":"\t\t<div data-elementor-type=\"wp-post\" data-elementor-id=\"17130\" class=\"elementor elementor-17130\" data-elementor-post-type=\"post\">\n\t\t\t\t\t\t<section class=\"elementor-section elementor-top-section elementor-element elementor-element-40efc7c elementor-section-boxed elementor-section-height-default elementor-section-height-default\" data-id=\"40efc7c\" data-element_type=\"section\" data-e-type=\"section\">\n\t\t\t\t\t\t<div class=\"elementor-container elementor-column-gap-default\">\n\t\t\t\t\t<div class=\"elementor-column elementor-col-100 elementor-top-column elementor-element elementor-element-dc9ff8f\" data-id=\"dc9ff8f\" data-element_type=\"column\" data-e-type=\"column\">\n\t\t\t<div class=\"elementor-widget-wrap elementor-element-populated\">\n\t\t\t\t\t\t<div class=\"elementor-element elementor-element-94e2081 elementor-widget elementor-widget-heading\" data-id=\"94e2081\" data-element_type=\"widget\" data-e-type=\"widget\" data-widget_type=\"heading.default\">\n\t\t\t\t<div class=\"elementor-widget-container\">\n\t\t\t\t\t<h4 class=\"elementor-heading-title elementor-size-default\">Legislaci\u00f3n Semanal - Del 29 de Septiembre al 3 de Octubre de 2025<\/h4>\t\t\t\t<\/div>\n\t\t\t\t<\/div>\n\t\t\t\t\t<\/div>\n\t\t<\/div>\n\t\t\t\t\t<\/div>\n\t\t<\/section>\n\t\t\t\t<section class=\"elementor-section elementor-top-section elementor-element elementor-element-cca19cb elementor-section-boxed elementor-section-height-default elementor-section-height-default\" data-id=\"cca19cb\" data-element_type=\"section\" data-e-type=\"section\">\n\t\t\t\t\t\t<div class=\"elementor-container elementor-column-gap-default\">\n\t\t\t\t\t<div class=\"elementor-column elementor-col-100 elementor-top-column elementor-element elementor-element-a0fc48d\" data-id=\"a0fc48d\" data-element_type=\"column\" data-e-type=\"column\">\n\t\t\t<div class=\"elementor-widget-wrap elementor-element-populated\">\n\t\t\t\t\t\t<div class=\"elementor-element elementor-element-672b5c1 elementor-widget elementor-widget-heading\" data-id=\"672b5c1\" data-element_type=\"widget\" data-e-type=\"widget\" data-widget_type=\"heading.default\">\n\t\t\t\t<div class=\"elementor-widget-container\">\n\t\t\t\t\t<h5 class=\"elementor-heading-title elementor-size-default\">BOLET\u00cdN OFICIAL DEL ESTADO<\/h5>\t\t\t\t<\/div>\n\t\t\t\t<\/div>\n\t\t\t\t<div class=\"elementor-element elementor-element-6dc6895 elementor-widget elementor-widget-heading\" data-id=\"6dc6895\" data-element_type=\"widget\" data-e-type=\"widget\" data-widget_type=\"heading.default\">\n\t\t\t\t<div class=\"elementor-widget-container\">\n\t\t\t\t\t<h6 class=\"elementor-heading-title elementor-size-default\">Disposiciones generales \/Jefatura del Estado<\/h6>\t\t\t\t<\/div>\n\t\t\t\t<\/div>\n\t\t\t\t<div class=\"elementor-element elementor-element-68814ac elementor-widget elementor-widget-text-editor\" data-id=\"68814ac\" data-element_type=\"widget\" data-e-type=\"widget\" data-widget_type=\"text-editor.default\">\n\t\t\t\t<div class=\"elementor-widget-container\">\n\t\t\t\t\t\t\t\t\t<ul><li><span data-olk-copy-source=\"MessageBody\">Ley 8\/2025, de 29 de septiembre, por la que\u00a0<\/span><a class=\"x_link-build-content\" title=\"https:\/\/go.abogacia.es\/lnk\/AVUAAH3G_4gAAc4ctzAAABAXVFoAAAAA0zoAAKFsABi_EgBo34E-qxKWX7HqRx2kwZaUTIJCTwAYIRA\/2\/D3gbUZSwy-Hv80iQGZTvzA\/aHR0cHM6Ly93d3cuYm9lLmVzL2JvZS9kaWFzLzIwMjUvMDkvMzAvcGRmcy9CT0UtQS0yMDI1LTE5MzM5LnBkZj91dG1fY2FtcGFpZ249TGVnaXNsYWNpJUMzJUIzbiUyMFNlbWFuYWwlMjAyOSUyMGRlJTIwU2VwdGllbWJyZSUyMGElMjAwMyUyMGRlJTIwT2N0dWJyZSUyMGRlJTIwMjAyNSZ1dG1fbWVkaXVtPWVtYWlsJnV0bV9zb3VyY2U9TWFpbGpldA\" href=\"https:\/\/go.abogacia.es\/lnk\/AVUAAH3G_4gAAc4ctzAAABAXVFoAAAAA0zoAAKFsABi_EgBo34E-qxKWX7HqRx2kwZaUTIJCTwAYIRA\/2\/D3gbUZSwy-Hv80iQGZTvzA\/aHR0cHM6Ly93d3cuYm9lLmVzL2JvZS9kaWFzLzIwMjUvMDkvMzAvcGRmcy9CT0UtQS0yMDI1LTE5MzM5LnBkZj91dG1fY2FtcGFpZ249TGVnaXNsYWNpJUMzJUIzbiUyMFNlbWFuYWwlMjAyOSUyMGRlJTIwU2VwdGllbWJyZSUyMGElMjAwMyUyMGRlJTIwT2N0dWJyZSUyMGRlJTIwMjAyNSZ1dG1fbWVkaXVtPWVtYWlsJnV0bV9zb3VyY2U9TWFpbGpldA\" target=\"_blank\" rel=\"noopener\" data-auth=\"NotApplicable\" data-linkindex=\"2\"><u>se modifican la Ley 48\/1960, de 21 de julio, sobre Navegaci\u00f3n A\u00e9rea, y la Ley 21\/2003, de 7 de julio, de Seguridad A\u00e9rea<\/u><\/a>.<\/li><\/ul>\t\t\t\t\t\t\t\t<\/div>\n\t\t\t\t<\/div>\n\t\t\t\t<div class=\"elementor-element elementor-element-597dc6b elementor-widget elementor-widget-heading\" data-id=\"597dc6b\" data-element_type=\"widget\" data-e-type=\"widget\" data-widget_type=\"heading.default\">\n\t\t\t\t<div class=\"elementor-widget-container\">\n\t\t\t\t\t<h6 class=\"elementor-heading-title elementor-size-default\">Disposiciones generales \/ Comunidad de Madrid<\/h6>\t\t\t\t<\/div>\n\t\t\t\t<\/div>\n\t\t\t\t<div class=\"elementor-element elementor-element-3a47d41 elementor-widget elementor-widget-text-editor\" data-id=\"3a47d41\" data-element_type=\"widget\" data-e-type=\"widget\" data-widget_type=\"text-editor.default\">\n\t\t\t\t<div class=\"elementor-widget-container\">\n\t\t\t\t\t\t\t\t\t<ul><li><span data-olk-copy-source=\"MessageBody\">Ley 1\/2025, de 30 de abril, de modificaci\u00f3n de la\u00a0<\/span><a class=\"x_link-build-content\" title=\"https:\/\/go.abogacia.es\/lnk\/AVUAAH3G_4gAAc4ctzAAABAXVFoAAAAA0zoAAKFsABi_EgBo34E-qxKWX7HqRx2kwZaUTIJCTwAYIRA\/3\/nHcYQkkAT2tgte-soaY91w\/aHR0cHM6Ly93d3cuYm9lLmVzL2JvZS9kaWFzLzIwMjUvMDkvMzAvcGRmcy9CT0UtQS0yMDI1LTE5MzQ0LnBkZj91dG1fY2FtcGFpZ249TGVnaXNsYWNpJUMzJUIzbiUyMFNlbWFuYWwlMjAyOSUyMGRlJTIwU2VwdGllbWJyZSUyMGElMjAwMyUyMGRlJTIwT2N0dWJyZSUyMGRlJTIwMjAyNSZ1dG1fbWVkaXVtPWVtYWlsJnV0bV9zb3VyY2U9TWFpbGpldA\" href=\"https:\/\/go.abogacia.es\/lnk\/AVUAAH3G_4gAAc4ctzAAABAXVFoAAAAA0zoAAKFsABi_EgBo34E-qxKWX7HqRx2kwZaUTIJCTwAYIRA\/3\/nHcYQkkAT2tgte-soaY91w\/aHR0cHM6Ly93d3cuYm9lLmVzL2JvZS9kaWFzLzIwMjUvMDkvMzAvcGRmcy9CT0UtQS0yMDI1LTE5MzQ0LnBkZj91dG1fY2FtcGFpZ249TGVnaXNsYWNpJUMzJUIzbiUyMFNlbWFuYWwlMjAyOSUyMGRlJTIwU2VwdGllbWJyZSUyMGElMjAwMyUyMGRlJTIwT2N0dWJyZSUyMGRlJTIwMjAyNSZ1dG1fbWVkaXVtPWVtYWlsJnV0bV9zb3VyY2U9TWFpbGpldA\" target=\"_blank\" rel=\"noopener\" data-auth=\"NotApplicable\" data-linkindex=\"3\"><u>Ley 5\/2018, de 17 de octubre, para la protecci\u00f3n, reconocimiento y memoria de las v\u00edctimas del terrorismo<\/u><\/a>\u00a0en la Comunidad de Madrid.<\/li><li>Ley 2\/2025, de 25 de junio, por la que se modifica el texto refundido de las disposiciones legales de la Comunidad de Madrid en materia de tributos cedidos por el Estado, aprobado por Decreto Legislativo 1\/2010, de 21 de octubre, del Consejo de Gobierno, para\u00a0<a class=\"x_link-build-content\" title=\"https:\/\/go.abogacia.es\/lnk\/AVUAAH3G_4gAAc4ctzAAABAXVFoAAAAA0zoAAKFsABi_EgBo34E-qxKWX7HqRx2kwZaUTIJCTwAYIRA\/4\/8PMkqEs57CPnr3uBqykY9Q\/aHR0cHM6Ly93d3cuYm9lLmVzL2JvZS9kaWFzLzIwMjUvMDkvMzAvcGRmcy9CT0UtQS0yMDI1LTE5MzQ1LnBkZj91dG1fY2FtcGFpZ249TGVnaXNsYWNpJUMzJUIzbiUyMFNlbWFuYWwlMjAyOSUyMGRlJTIwU2VwdGllbWJyZSUyMGElMjAwMyUyMGRlJTIwT2N0dWJyZSUyMGRlJTIwMjAyNSZ1dG1fbWVkaXVtPWVtYWlsJnV0bV9zb3VyY2U9TWFpbGpldA\" href=\"https:\/\/go.abogacia.es\/lnk\/AVUAAH3G_4gAAc4ctzAAABAXVFoAAAAA0zoAAKFsABi_EgBo34E-qxKWX7HqRx2kwZaUTIJCTwAYIRA\/4\/8PMkqEs57CPnr3uBqykY9Q\/aHR0cHM6Ly93d3cuYm9lLmVzL2JvZS9kaWFzLzIwMjUvMDkvMzAvcGRmcy9CT0UtQS0yMDI1LTE5MzQ1LnBkZj91dG1fY2FtcGFpZ249TGVnaXNsYWNpJUMzJUIzbiUyMFNlbWFuYWwlMjAyOSUyMGRlJTIwU2VwdGllbWJyZSUyMGElMjAwMyUyMGRlJTIwT2N0dWJyZSUyMGRlJTIwMjAyNSZ1dG1fbWVkaXVtPWVtYWlsJnV0bV9zb3VyY2U9TWFpbGpldA\" target=\"_blank\" rel=\"noopener\" data-auth=\"NotApplicable\" data-linkindex=\"4\"><u>incrementar la bonificaci\u00f3n aplicable a los parientes incluidos en el Grupo III de parentesco en el Impuesto sobre Sucesiones y Donaciones y simplificar los requisitos de acceso a los beneficios fiscales en el Impuesto sobre Donaciones<\/u><\/a>.<\/li><\/ul>\t\t\t\t\t\t\t\t<\/div>\n\t\t\t\t<\/div>\n\t\t\t\t<div class=\"elementor-element elementor-element-a510d18 elementor-widget elementor-widget-heading\" data-id=\"a510d18\" data-element_type=\"widget\" data-e-type=\"widget\" data-widget_type=\"heading.default\">\n\t\t\t\t<div class=\"elementor-widget-container\">\n\t\t\t\t\t<h6 class=\"elementor-heading-title elementor-size-default\">Otras disposiciones \/ Consejo General del Poder Judicial<\/h6>\t\t\t\t<\/div>\n\t\t\t\t<\/div>\n\t\t\t\t<div class=\"elementor-element elementor-element-aab4646 elementor-widget elementor-widget-text-editor\" data-id=\"aab4646\" data-element_type=\"widget\" data-e-type=\"widget\" data-widget_type=\"text-editor.default\">\n\t\t\t\t<div class=\"elementor-widget-container\">\n\t\t\t\t\t\t\t\t\t<ul><li><span data-olk-copy-source=\"MessageBody\">Acuerdo de 24 de septiembre de 2025, del Pleno del Consejo General del Poder Judicial, por el que\u00a0<\/span><a class=\"x_link-build-content\" title=\"https:\/\/go.abogacia.es\/lnk\/AVUAAH3G_4gAAc4ctzAAABAXVFoAAAAA0zoAAKFsABi_EgBo34E-qxKWX7HqRx2kwZaUTIJCTwAYIRA\/5\/-199j3Vgk7wesOouQwzWGQ\/aHR0cHM6Ly93d3cuYm9lLmVzL2JvZS9kaWFzLzIwMjUvMDkvMjkvcGRmcy9CT0UtQS0yMDI1LTE5MjY4LnBkZj91dG1fY2FtcGFpZ249TGVnaXNsYWNpJUMzJUIzbiUyMFNlbWFuYWwlMjAyOSUyMGRlJTIwU2VwdGllbWJyZSUyMGElMjAwMyUyMGRlJTIwT2N0dWJyZSUyMGRlJTIwMjAyNSZ1dG1fbWVkaXVtPWVtYWlsJnV0bV9zb3VyY2U9TWFpbGpldA\" href=\"https:\/\/go.abogacia.es\/lnk\/AVUAAH3G_4gAAc4ctzAAABAXVFoAAAAA0zoAAKFsABi_EgBo34E-qxKWX7HqRx2kwZaUTIJCTwAYIRA\/5\/-199j3Vgk7wesOouQwzWGQ\/aHR0cHM6Ly93d3cuYm9lLmVzL2JvZS9kaWFzLzIwMjUvMDkvMjkvcGRmcy9CT0UtQS0yMDI1LTE5MjY4LnBkZj91dG1fY2FtcGFpZ249TGVnaXNsYWNpJUMzJUIzbiUyMFNlbWFuYWwlMjAyOSUyMGRlJTIwU2VwdGllbWJyZSUyMGElMjAwMyUyMGRlJTIwT2N0dWJyZSUyMGRlJTIwMjAyNSZ1dG1fbWVkaXVtPWVtYWlsJnV0bV9zb3VyY2U9TWFpbGpldA\" target=\"_blank\" rel=\"noopener\" data-auth=\"NotApplicable\" data-linkindex=\"5\"><u>se reglamenta la formaci\u00f3n especializada en las materias de familia, infancia y capacidad y de violencia contra la infancia y la adolescencia<\/u><\/a>.<\/li><\/ul>\t\t\t\t\t\t\t\t<\/div>\n\t\t\t\t<\/div>\n\t\t\t\t<div class=\"elementor-element elementor-element-cb37658 elementor-widget elementor-widget-heading\" data-id=\"cb37658\" data-element_type=\"widget\" data-e-type=\"widget\" data-widget_type=\"heading.default\">\n\t\t\t\t<div class=\"elementor-widget-container\">\n\t\t\t\t\t<h6 class=\"elementor-heading-title elementor-size-default\">Otras disposiciones \/ Ministerio de Hacienda<\/h6>\t\t\t\t<\/div>\n\t\t\t\t<\/div>\n\t\t\t\t<div class=\"elementor-element elementor-element-757d602 elementor-widget elementor-widget-text-editor\" data-id=\"757d602\" data-element_type=\"widget\" data-e-type=\"widget\" data-widget_type=\"text-editor.default\">\n\t\t\t\t<div class=\"elementor-widget-container\">\n\t\t\t\t\t\t\t\t\t<ul><li><span data-olk-copy-source=\"MessageBody\">Resoluci\u00f3n de 22 de septiembre de 2025, de la Direcci\u00f3n del Servicio de Planificaci\u00f3n y Relaciones Institucionales de la Agencia Estatal de Administraci\u00f3n Tributaria, por la que se publica la\u00a0<\/span><a class=\"x_link-build-content\" title=\"https:\/\/go.abogacia.es\/lnk\/AVUAAH3G_4gAAc4ctzAAABAXVFoAAAAA0zoAAKFsABi_EgBo34E-qxKWX7HqRx2kwZaUTIJCTwAYIRA\/6\/6f0277uC94dfjFoirqMgYQ\/aHR0cHM6Ly93d3cuYm9lLmVzL2JvZS9kaWFzLzIwMjUvMTAvMDMvcGRmcy9CT0UtQS0yMDI1LTE5NjQ2LnBkZj91dG1fY2FtcGFpZ249TGVnaXNsYWNpJUMzJUIzbiUyMFNlbWFuYWwlMjAyOSUyMGRlJTIwU2VwdGllbWJyZSUyMGElMjAwMyUyMGRlJTIwT2N0dWJyZSUyMGRlJTIwMjAyNSZ1dG1fbWVkaXVtPWVtYWlsJnV0bV9zb3VyY2U9TWFpbGpldA\" href=\"https:\/\/go.abogacia.es\/lnk\/AVUAAH3G_4gAAc4ctzAAABAXVFoAAAAA0zoAAKFsABi_EgBo34E-qxKWX7HqRx2kwZaUTIJCTwAYIRA\/6\/6f0277uC94dfjFoirqMgYQ\/aHR0cHM6Ly93d3cuYm9lLmVzL2JvZS9kaWFzLzIwMjUvMTAvMDMvcGRmcy9CT0UtQS0yMDI1LTE5NjQ2LnBkZj91dG1fY2FtcGFpZ249TGVnaXNsYWNpJUMzJUIzbiUyMFNlbWFuYWwlMjAyOSUyMGRlJTIwU2VwdGllbWJyZSUyMGElMjAwMyUyMGRlJTIwT2N0dWJyZSUyMGRlJTIwMjAyNSZ1dG1fbWVkaXVtPWVtYWlsJnV0bV9zb3VyY2U9TWFpbGpldA\" target=\"_blank\" rel=\"noopener\" data-auth=\"NotApplicable\" data-linkindex=\"6\"><u>Adenda de modificaci\u00f3n y pr\u00f3rroga al Convenio con el Colegio de Registradores de la Propiedad, Mercantiles y de Bienes Muebles de Espa\u00f1a, para la transmisi\u00f3n de informaci\u00f3n registral de car\u00e1cter censal, la mejora de las comunicaciones electr\u00f3nicas y el acceso a trav\u00e9s de internet a la informaci\u00f3n de los registros de la propiedad y mercantiles<\/u><\/a>.<\/li><li>\u00a0<\/li><\/ul>\t\t\t\t\t\t\t\t<\/div>\n\t\t\t\t<\/div>\n\t\t\t\t<div class=\"elementor-element elementor-element-b2a6161 elementor-widget elementor-widget-heading\" data-id=\"b2a6161\" data-element_type=\"widget\" data-e-type=\"widget\" data-widget_type=\"heading.default\">\n\t\t\t\t<div class=\"elementor-widget-container\">\n\t\t\t\t\t<h5 class=\"elementor-heading-title elementor-size-default\">CONGRESO DE LOS DIPUTADOS<\/h5>\t\t\t\t<\/div>\n\t\t\t\t<\/div>\n\t\t\t\t<div class=\"elementor-element elementor-element-a2b136c elementor-widget elementor-widget-heading\" data-id=\"a2b136c\" data-element_type=\"widget\" data-e-type=\"widget\" data-widget_type=\"heading.default\">\n\t\t\t\t<div class=\"elementor-widget-container\">\n\t\t\t\t\t<h6 class=\"elementor-heading-title elementor-size-default\">Proyectos de Ley<\/h6>\t\t\t\t<\/div>\n\t\t\t\t<\/div>\n\t\t\t\t<div class=\"elementor-element elementor-element-df6c1d9 elementor-widget elementor-widget-text-editor\" data-id=\"df6c1d9\" data-element_type=\"widget\" data-e-type=\"widget\" data-widget_type=\"text-editor.default\">\n\t\t\t\t<div class=\"elementor-widget-container\">\n\t\t\t\t\t\t\t\t\t<ul><li><span data-olk-copy-source=\"MessageBody\">Proyecto de Ley de\u00a0<\/span><a class=\"x_link-build-content\" title=\"https:\/\/go.abogacia.es\/lnk\/AVUAAH3G_4gAAc4ctzAAABAXVFoAAAAA0zoAAKFsABi_EgBo34E-qxKWX7HqRx2kwZaUTIJCTwAYIRA\/7\/R8a_8L07qu9xPAXsEpiIBw\/aHR0cHM6Ly93d3cuY29uZ3Jlc28uZXMvcHVibGljX29maWNpYWxlcy9MMTUvQ09ORy9CT0NHL0EvQk9DRy0xNS1BLTktNi5QREY_dXRtX2NhbXBhaWduPUxlZ2lzbGFjaSVDMyVCM24lMjBTZW1hbmFsJTIwMjklMjBkZSUyMFNlcHRpZW1icmUlMjBhJTIwMDMlMjBkZSUyME9jdHVicmUlMjBkZSUyMDIwMjUmdXRtX21lZGl1bT1lbWFpbCZ1dG1fc291cmNlPU1haWxqZXQ\" href=\"https:\/\/go.abogacia.es\/lnk\/AVUAAH3G_4gAAc4ctzAAABAXVFoAAAAA0zoAAKFsABi_EgBo34E-qxKWX7HqRx2kwZaUTIJCTwAYIRA\/7\/R8a_8L07qu9xPAXsEpiIBw\/aHR0cHM6Ly93d3cuY29uZ3Jlc28uZXMvcHVibGljX29maWNpYWxlcy9MMTUvQ09ORy9CT0NHL0EvQk9DRy0xNS1BLTktNi5QREY_dXRtX2NhbXBhaWduPUxlZ2lzbGFjaSVDMyVCM24lMjBTZW1hbmFsJTIwMjklMjBkZSUyMFNlcHRpZW1icmUlMjBhJTIwMDMlMjBkZSUyME9jdHVicmUlMjBkZSUyMDIwMjUmdXRtX21lZGl1bT1lbWFpbCZ1dG1fc291cmNlPU1haWxqZXQ\" target=\"_blank\" rel=\"noopener\" data-auth=\"NotApplicable\" data-linkindex=\"7\"><u>Movilidad Sostenible<\/u><\/a>.\u00a0<i>Dictamen de la comisi\u00f3n, escritos de mantenimiento de enmiendas para su defensa ante el pleno y voto particular.<\/i><\/li><\/ul>\t\t\t\t\t\t\t\t<\/div>\n\t\t\t\t<\/div>\n\t\t\t\t<div class=\"elementor-element elementor-element-e67ee33 elementor-widget elementor-widget-heading\" data-id=\"e67ee33\" data-element_type=\"widget\" data-e-type=\"widget\" data-widget_type=\"heading.default\">\n\t\t\t\t<div class=\"elementor-widget-container\">\n\t\t\t\t\t<h6 class=\"elementor-heading-title elementor-size-default\">Proposiciones de Ley<\/h6>\t\t\t\t<\/div>\n\t\t\t\t<\/div>\n\t\t\t\t<div class=\"elementor-element elementor-element-c7543bf elementor-widget elementor-widget-text-editor\" data-id=\"c7543bf\" data-element_type=\"widget\" data-e-type=\"widget\" data-widget_type=\"text-editor.default\">\n\t\t\t\t<div class=\"elementor-widget-container\">\n\t\t\t\t\t\t\t\t\t<ul><li><span data-olk-copy-source=\"MessageBody\">Proposici\u00f3n de Ley Org\u00e1nica de\u00a0<\/span><a class=\"x_link-build-content\" title=\"https:\/\/go.abogacia.es\/lnk\/AVUAAH3G_4gAAc4ctzAAABAXVFoAAAAA0zoAAKFsABi_EgBo34E-qxKWX7HqRx2kwZaUTIJCTwAYIRA\/8\/5Ir3sixdjy0-vCRztgK7jg\/aHR0cHM6Ly93d3cuY29uZ3Jlc28uZXMvcHVibGljX29maWNpYWxlcy9MMTUvQ09ORy9CT0NHL0IvQk9DRy0xNS1CLTIyMC0yLlBERj91dG1fY2FtcGFpZ249TGVnaXNsYWNpJUMzJUIzbiUyMFNlbWFuYWwlMjAyOSUyMGRlJTIwU2VwdGllbWJyZSUyMGElMjAwMyUyMGRlJTIwT2N0dWJyZSUyMGRlJTIwMjAyNSZ1dG1fbWVkaXVtPWVtYWlsJnV0bV9zb3VyY2U9TWFpbGpldA\" href=\"https:\/\/go.abogacia.es\/lnk\/AVUAAH3G_4gAAc4ctzAAABAXVFoAAAAA0zoAAKFsABi_EgBo34E-qxKWX7HqRx2kwZaUTIJCTwAYIRA\/8\/5Ir3sixdjy0-vCRztgK7jg\/aHR0cHM6Ly93d3cuY29uZ3Jlc28uZXMvcHVibGljX29maWNpYWxlcy9MMTUvQ09ORy9CT0NHL0IvQk9DRy0xNS1CLTIyMC0yLlBERj91dG1fY2FtcGFpZ249TGVnaXNsYWNpJUMzJUIzbiUyMFNlbWFuYWwlMjAyOSUyMGRlJTIwU2VwdGllbWJyZSUyMGElMjAwMyUyMGRlJTIwT2N0dWJyZSUyMGRlJTIwMjAyNSZ1dG1fbWVkaXVtPWVtYWlsJnV0bV9zb3VyY2U9TWFpbGpldA\" target=\"_blank\" rel=\"noopener\" data-auth=\"NotApplicable\" data-linkindex=\"8\"><u>reforma de la Ley Org\u00e1nica 2\/1979, de 3 de octubre, del Tribunal Constitucional<\/u><\/a>.\u00a0<i>Toma en consideraci\u00f3n<\/i><\/li><li>Proposici\u00f3n de\u00a0<a class=\"x_link-build-content\" title=\"https:\/\/go.abogacia.es\/lnk\/AVUAAH3G_4gAAc4ctzAAABAXVFoAAAAA0zoAAKFsABi_EgBo34E-qxKWX7HqRx2kwZaUTIJCTwAYIRA\/9\/H88CXUqlO6NY8iKeP49yKg\/aHR0cHM6Ly93d3cuY29uZ3Jlc28uZXMvcHVibGljX29maWNpYWxlcy9MMTUvQ09ORy9CT0NHL0IvQk9DRy0xNS1CLTIzMy00LlBERj91dG1fY2FtcGFpZ249TGVnaXNsYWNpJUMzJUIzbiUyMFNlbWFuYWwlMjAyOSUyMGRlJTIwU2VwdGllbWJyZSUyMGElMjAwMyUyMGRlJTIwT2N0dWJyZSUyMGRlJTIwMjAyNSZ1dG1fbWVkaXVtPWVtYWlsJnV0bV9zb3VyY2U9TWFpbGpldA\" href=\"https:\/\/go.abogacia.es\/lnk\/AVUAAH3G_4gAAc4ctzAAABAXVFoAAAAA0zoAAKFsABi_EgBo34E-qxKWX7HqRx2kwZaUTIJCTwAYIRA\/9\/H88CXUqlO6NY8iKeP49yKg\/aHR0cHM6Ly93d3cuY29uZ3Jlc28uZXMvcHVibGljX29maWNpYWxlcy9MMTUvQ09ORy9CT0NHL0IvQk9DRy0xNS1CLTIzMy00LlBERj91dG1fY2FtcGFpZ249TGVnaXNsYWNpJUMzJUIzbiUyMFNlbWFuYWwlMjAyOSUyMGRlJTIwU2VwdGllbWJyZSUyMGElMjAwMyUyMGRlJTIwT2N0dWJyZSUyMGRlJTIwMjAyNSZ1dG1fbWVkaXVtPWVtYWlsJnV0bV9zb3VyY2U9TWFpbGpldA\" target=\"_blank\" rel=\"noopener\" data-auth=\"NotApplicable\" data-linkindex=\"9\"><u>reforma del Reglamento del Congreso<\/u><\/a>\u00a0para incorporar un nuevo T\u00edtulo XIV para la regulaci\u00f3n de los grupos de inter\u00e9s y los incumplimientos o infracciones por parte de los diputados y grupos parlamentarios<i>. Enmienda a la totalidad<\/i><\/li><li>Proposici\u00f3n de\u00a0<a class=\"x_link-build-content\" title=\"https:\/\/go.abogacia.es\/lnk\/AVUAAH3G_4gAAc4ctzAAABAXVFoAAAAA0zoAAKFsABi_EgBo34E-qxKWX7HqRx2kwZaUTIJCTwAYIRA\/10\/dxOvYBEQnIEWb4NQuVWoKQ\/aHR0cHM6Ly93d3cuY29uZ3Jlc28uZXMvcHVibGljX29maWNpYWxlcy9MMTUvQ09ORy9CT0NHL0IvQk9DRy0xNS1CLTE2Mi02LlBERj91dG1fY2FtcGFpZ249TGVnaXNsYWNpJUMzJUIzbiUyMFNlbWFuYWwlMjAyOSUyMGRlJTIwU2VwdGllbWJyZSUyMGElMjAwMyUyMGRlJTIwT2N0dWJyZSUyMGRlJTIwMjAyNSZ1dG1fbWVkaXVtPWVtYWlsJnV0bV9zb3VyY2U9TWFpbGpldA\" href=\"https:\/\/go.abogacia.es\/lnk\/AVUAAH3G_4gAAc4ctzAAABAXVFoAAAAA0zoAAKFsABi_EgBo34E-qxKWX7HqRx2kwZaUTIJCTwAYIRA\/10\/dxOvYBEQnIEWb4NQuVWoKQ\/aHR0cHM6Ly93d3cuY29uZ3Jlc28uZXMvcHVibGljX29maWNpYWxlcy9MMTUvQ09ORy9CT0NHL0IvQk9DRy0xNS1CLTE2Mi02LlBERj91dG1fY2FtcGFpZ249TGVnaXNsYWNpJUMzJUIzbiUyMFNlbWFuYWwlMjAyOSUyMGRlJTIwU2VwdGllbWJyZSUyMGElMjAwMyUyMGRlJTIwT2N0dWJyZSUyMGRlJTIwMjAyNSZ1dG1fbWVkaXVtPWVtYWlsJnV0bV9zb3VyY2U9TWFpbGpldA\" target=\"_blank\" rel=\"noopener\" data-auth=\"NotApplicable\" data-linkindex=\"10\"><u>Ley de modificaci\u00f3n del Real Decreto Legislativo 8\/2015, de 30 de octubre, por el que se aprueba el texto refundido de la Ley General de la Seguridad Social<\/u><\/a>\u00a0en relaci\u00f3n con las mutualidades alternativas reguladas en sus disposiciones adicionales 18.\u00aa y 19.\u00aa.<i>\u00a0Enmiendas e \u00edndice de enmiendas al articulado<\/i><\/li><\/ul>\t\t\t\t\t\t\t\t<\/div>\n\t\t\t\t<\/div>\n\t\t\t\t<div class=\"elementor-element elementor-element-e9c03b9 elementor-widget elementor-widget-heading\" data-id=\"e9c03b9\" data-element_type=\"widget\" data-e-type=\"widget\" data-widget_type=\"heading.default\">\n\t\t\t\t<div class=\"elementor-widget-container\">\n\t\t\t\t\t<h5 class=\"elementor-heading-title elementor-size-default\">SENADO<\/h5>\t\t\t\t<\/div>\n\t\t\t\t<\/div>\n\t\t\t\t<div class=\"elementor-element elementor-element-b0dc3d3 elementor-widget elementor-widget-heading\" data-id=\"b0dc3d3\" data-element_type=\"widget\" data-e-type=\"widget\" data-widget_type=\"heading.default\">\n\t\t\t\t<div class=\"elementor-widget-container\">\n\t\t\t\t\t<h6 class=\"elementor-heading-title elementor-size-default\">Proposiciones de ley<\/h6>\t\t\t\t<\/div>\n\t\t\t\t<\/div>\n\t\t\t\t<div class=\"elementor-element elementor-element-8e1f37a elementor-widget elementor-widget-text-editor\" data-id=\"8e1f37a\" data-element_type=\"widget\" data-e-type=\"widget\" data-widget_type=\"text-editor.default\">\n\t\t\t\t<div class=\"elementor-widget-container\">\n\t\t\t\t\t\t\t\t\t<ul><li><span data-olk-copy-source=\"MessageBody\">Proposici\u00f3n de Ley Org\u00e1nica de modificaci\u00f3n de la\u00a0<\/span><a class=\"x_link-build-content\" title=\"https:\/\/go.abogacia.es\/lnk\/AVUAAH3G_4gAAc4ctzAAABAXVFoAAAAA0zoAAKFsABi_EgBo34E-qxKWX7HqRx2kwZaUTIJCTwAYIRA\/11\/BSOq9tcLlvBwacJqstxcOA\/aHR0cHM6Ly93d3cuc2VuYWRvLmVzL2xlZ2lzMTUvcHVibGljYWNpb25lcy9wZGYvc2VuYWRvL2JvY2cvQk9DR19EXzE1XzMxMV8yNzU4LlBERj91dG1fY2FtcGFpZ249TGVnaXNsYWNpJUMzJUIzbiUyMFNlbWFuYWwlMjAyOSUyMGRlJTIwU2VwdGllbWJyZSUyMGElMjAwMyUyMGRlJTIwT2N0dWJyZSUyMGRlJTIwMjAyNSZ1dG1fbWVkaXVtPWVtYWlsJnV0bV9zb3VyY2U9TWFpbGpldA\" href=\"https:\/\/go.abogacia.es\/lnk\/AVUAAH3G_4gAAc4ctzAAABAXVFoAAAAA0zoAAKFsABi_EgBo34E-qxKWX7HqRx2kwZaUTIJCTwAYIRA\/11\/BSOq9tcLlvBwacJqstxcOA\/aHR0cHM6Ly93d3cuc2VuYWRvLmVzL2xlZ2lzMTUvcHVibGljYWNpb25lcy9wZGYvc2VuYWRvL2JvY2cvQk9DR19EXzE1XzMxMV8yNzU4LlBERj91dG1fY2FtcGFpZ249TGVnaXNsYWNpJUMzJUIzbiUyMFNlbWFuYWwlMjAyOSUyMGRlJTIwU2VwdGllbWJyZSUyMGElMjAwMyUyMGRlJTIwT2N0dWJyZSUyMGRlJTIwMjAyNSZ1dG1fbWVkaXVtPWVtYWlsJnV0bV9zb3VyY2U9TWFpbGpldA\" target=\"_blank\" rel=\"noopener\" data-auth=\"NotApplicable\" data-linkindex=\"11\"><u>Ley Org\u00e1nica 10\/1995, de 23 de noviembre, del C\u00f3digo Penal<\/u><\/a>, en materia de sedici\u00f3n.\u00a0<i>Retirada<\/i><\/li><\/ul>\t\t\t\t\t\t\t\t<\/div>\n\t\t\t\t<\/div>\n\t\t\t\t<div class=\"elementor-element elementor-element-7f6eb08 elementor-widget elementor-widget-heading\" data-id=\"7f6eb08\" data-element_type=\"widget\" data-e-type=\"widget\" data-widget_type=\"heading.default\">\n\t\t\t\t<div class=\"elementor-widget-container\">\n\t\t\t\t\t<h5 class=\"elementor-heading-title elementor-size-default\">CONSEJO DE MINISTROS<\/h5>\t\t\t\t<\/div>\n\t\t\t\t<\/div>\n\t\t\t\t<div class=\"elementor-element elementor-element-0a0b33f elementor-widget elementor-widget-heading\" data-id=\"0a0b33f\" data-element_type=\"widget\" data-e-type=\"widget\" data-widget_type=\"heading.default\">\n\t\t\t\t<div class=\"elementor-widget-container\">\n\t\t\t\t\t<h6 class=\"elementor-heading-title elementor-size-default\">Presidencia, Justicia y Relaciones con las Cortes<\/h6>\t\t\t\t<\/div>\n\t\t\t\t<\/div>\n\t\t\t\t<div class=\"elementor-element elementor-element-814b47e elementor-widget elementor-widget-text-editor\" data-id=\"814b47e\" data-element_type=\"widget\" data-e-type=\"widget\" data-widget_type=\"text-editor.default\">\n\t\t\t\t<div class=\"elementor-widget-container\">\n\t\t\t\t\t\t\t\t\t<ul><li><a class=\"x_link-build-content\" title=\"https:\/\/go.abogacia.es\/lnk\/AVUAAH3G_4gAAc4ctzAAABAXVFoAAAAA0zoAAKFsABi_EgBo34E-qxKWX7HqRx2kwZaUTIJCTwAYIRA\/12\/g_Z4dPJ-MR8-30CoQxzPbQ\/aHR0cHM6Ly93d3cubGFtb25jbG9hLmdvYi5lcy9jb25zZWpvZGVtaW5pc3Ryb3MvcmVmZXJlbmNpYXMvUGFnaW5hcy8yMDI1LzIwMjUwOTMwLXJlZmVyZW5jaWEtcnVlZGEtZGUtcHJlbnNhLW1pbmlzdHJvcy5hc3B4P3V0bV9jYW1wYWlnbj1MZWdpc2xhY2klQzMlQjNuJTIwU2VtYW5hbCUyMDI5JTIwZGUlMjBTZXB0aWVtYnJlJTIwYSUyMDAzJTIwZGUlMjBPY3R1YnJlJTIwZGUlMjAyMDI1JnV0bV9tZWRpdW09ZW1haWwmdXRtX3NvdXJjZT1NYWlsamV0I3ZpY2FyaWE#vicaria\" href=\"https:\/\/go.abogacia.es\/lnk\/AVUAAH3G_4gAAc4ctzAAABAXVFoAAAAA0zoAAKFsABi_EgBo34E-qxKWX7HqRx2kwZaUTIJCTwAYIRA\/12\/g_Z4dPJ-MR8-30CoQxzPbQ\/aHR0cHM6Ly93d3cubGFtb25jbG9hLmdvYi5lcy9jb25zZWpvZGVtaW5pc3Ryb3MvcmVmZXJlbmNpYXMvUGFnaW5hcy8yMDI1LzIwMjUwOTMwLXJlZmVyZW5jaWEtcnVlZGEtZGUtcHJlbnNhLW1pbmlzdHJvcy5hc3B4P3V0bV9jYW1wYWlnbj1MZWdpc2xhY2klQzMlQjNuJTIwU2VtYW5hbCUyMDI5JTIwZGUlMjBTZXB0aWVtYnJlJTIwYSUyMDAzJTIwZGUlMjBPY3R1YnJlJTIwZGUlMjAyMDI1JnV0bV9tZWRpdW09ZW1haWwmdXRtX3NvdXJjZT1NYWlsamV0I3ZpY2FyaWE#vicaria\" target=\"_blank\" rel=\"noopener\" data-auth=\"NotApplicable\" data-linkindex=\"12\"><u data-olk-copy-source=\"MessageBody\">Anteproyecto de Ley Org\u00e1nica de medidas en materia de violencia vicaria<\/u><\/a>, a los efectos previstos en el art\u00edculo 26.4 de la Ley 50\/1997, de 27 de noviembre, del Gobierno.<\/li><\/ul><p>\u00a0<\/p>\t\t\t\t\t\t\t\t<\/div>\n\t\t\t\t<\/div>\n\t\t\t\t<div class=\"elementor-element elementor-element-ce6b4c8 elementor-widget elementor-widget-heading\" data-id=\"ce6b4c8\" data-element_type=\"widget\" data-e-type=\"widget\" data-widget_type=\"heading.default\">\n\t\t\t\t<div class=\"elementor-widget-container\">\n\t\t\t\t\t<h5 class=\"elementor-heading-title elementor-size-default\">FISCAL\u00cdA GENERAL DEL ESTADO<\/h5>\t\t\t\t<\/div>\n\t\t\t\t<\/div>\n\t\t\t\t<div class=\"elementor-element elementor-element-b23f762 elementor-widget elementor-widget-heading\" data-id=\"b23f762\" data-element_type=\"widget\" data-e-type=\"widget\" data-widget_type=\"heading.default\">\n\t\t\t\t<div class=\"elementor-widget-container\">\n\t\t\t\t\t<h6 class=\"elementor-heading-title elementor-size-default\">Informes<\/h6>\t\t\t\t<\/div>\n\t\t\t\t<\/div>\n\t\t\t\t<div class=\"elementor-element elementor-element-7d72cff elementor-widget elementor-widget-text-editor\" data-id=\"7d72cff\" data-element_type=\"widget\" data-e-type=\"widget\" data-widget_type=\"text-editor.default\">\n\t\t\t\t<div class=\"elementor-widget-container\">\n\t\t\t\t\t\t\t\t\t<ul><li><span data-olk-copy-source=\"MessageBody\">Informe del Consejo Fiscal al\u00a0<\/span><a class=\"x_link-build-content\" title=\"https:\/\/go.abogacia.es\/lnk\/AVUAAH3G_4gAAc4ctzAAABAXVFoAAAAA0zoAAKFsABi_EgBo34E-qxKWX7HqRx2kwZaUTIJCTwAYIRA\/13\/0xtJ0FAo7bBy9mYW3bZu7A\/aHR0cHM6Ly93d3cuZmlzY2FsLmVzL2RvY3VtZW50cy8yMDE0Mi8yOTA3ODkvSU5GT1JNRStDRistK1BSRCtSRUdMQU1FTlRPKzItMjAxMStGT1JNQUNJT04rWStFU1BFQ0lBTElaQUNJT04rVklPTEVOQ0lBK1NPQlJFK01VSkVSX2Zpcm1hZG8ucGRmLzYzMjIxZjAyLTg1MTUtNDc2My1hZWIwLTUwMjAxNGNjMDYwNj90PTE3NTkzMjAwNDQ4MzEmdXRtX2NhbXBhaWduPUxlZ2lzbGFjaSVDMyVCM24lMjBTZW1hbmFsJTIwMjklMjBkZSUyMFNlcHRpZW1icmUlMjBhJTIwMDMlMjBkZSUyME9jdHVicmUlMjBkZSUyMDIwMjUmdXRtX21lZGl1bT1lbWFpbCZ1dG1fc291cmNlPU1haWxqZXQ\" href=\"https:\/\/go.abogacia.es\/lnk\/AVUAAH3G_4gAAc4ctzAAABAXVFoAAAAA0zoAAKFsABi_EgBo34E-qxKWX7HqRx2kwZaUTIJCTwAYIRA\/13\/0xtJ0FAo7bBy9mYW3bZu7A\/aHR0cHM6Ly93d3cuZmlzY2FsLmVzL2RvY3VtZW50cy8yMDE0Mi8yOTA3ODkvSU5GT1JNRStDRistK1BSRCtSRUdMQU1FTlRPKzItMjAxMStGT1JNQUNJT04rWStFU1BFQ0lBTElaQUNJT04rVklPTEVOQ0lBK1NPQlJFK01VSkVSX2Zpcm1hZG8ucGRmLzYzMjIxZjAyLTg1MTUtNDc2My1hZWIwLTUwMjAxNGNjMDYwNj90PTE3NTkzMjAwNDQ4MzEmdXRtX2NhbXBhaWduPUxlZ2lzbGFjaSVDMyVCM24lMjBTZW1hbmFsJTIwMjklMjBkZSUyMFNlcHRpZW1icmUlMjBhJTIwMDMlMjBkZSUyME9jdHVicmUlMjBkZSUyMDIwMjUmdXRtX21lZGl1bT1lbWFpbCZ1dG1fc291cmNlPU1haWxqZXQ\" target=\"_blank\" rel=\"noopener\" data-auth=\"NotApplicable\" data-linkindex=\"13\"><u>Proyecto de modificaci\u00f3n del Reglamento 2\/2011, de 28 de abril, de la Carrera Judicial para la efectiva formaci\u00f3n y especializaci\u00f3n en materia de violencia sobre la mujer de los y las profesionales que trabajan en dicho \u00e1mbito<\/u><\/a>.<\/li><li>Informe del Consejo Fiscal al\u00a0<a class=\"x_link-build-content\" title=\"https:\/\/go.abogacia.es\/lnk\/AVUAAH3G_4gAAc4ctzAAABAXVFoAAAAA0zoAAKFsABi_EgBo34E-qxKWX7HqRx2kwZaUTIJCTwAYIRA\/14\/GgGI048aaO0oM7vJUo6jUA\/aHR0cHM6Ly93d3cuZmlzY2FsLmVzL2RvY3VtZW50cy8yMDE0Mi8yOTA3ODkvSU5GT1JNRStDRistK1BSRCtFU1RBVFVUTytDRUpfZmlybWFkby5wZGYvYTFmODg3NjAtNWE4ZC00Yjc1LTQ4MTUtYjhlYzk0YmRlNDVjP3Q9MTc1OTMxNzU5MTc3MSZ1dG1fY2FtcGFpZ249TGVnaXNsYWNpJUMzJUIzbiUyMFNlbWFuYWwlMjAyOSUyMGRlJTIwU2VwdGllbWJyZSUyMGElMjAwMyUyMGRlJTIwT2N0dWJyZSUyMGRlJTIwMjAyNSZ1dG1fbWVkaXVtPWVtYWlsJnV0bV9zb3VyY2U9TWFpbGpldA\" href=\"https:\/\/go.abogacia.es\/lnk\/AVUAAH3G_4gAAc4ctzAAABAXVFoAAAAA0zoAAKFsABi_EgBo34E-qxKWX7HqRx2kwZaUTIJCTwAYIRA\/14\/GgGI048aaO0oM7vJUo6jUA\/aHR0cHM6Ly93d3cuZmlzY2FsLmVzL2RvY3VtZW50cy8yMDE0Mi8yOTA3ODkvSU5GT1JNRStDRistK1BSRCtFU1RBVFVUTytDRUpfZmlybWFkby5wZGYvYTFmODg3NjAtNWE4ZC00Yjc1LTQ4MTUtYjhlYzk0YmRlNDVjP3Q9MTc1OTMxNzU5MTc3MSZ1dG1fY2FtcGFpZ249TGVnaXNsYWNpJUMzJUIzbiUyMFNlbWFuYWwlMjAyOSUyMGRlJTIwU2VwdGllbWJyZSUyMGElMjAwMyUyMGRlJTIwT2N0dWJyZSUyMGRlJTIwMjAyNSZ1dG1fbWVkaXVtPWVtYWlsJnV0bV9zb3VyY2U9TWFpbGpldA\" target=\"_blank\" rel=\"noopener\" data-auth=\"NotApplicable\" data-linkindex=\"14\"><u>Proyecto de Real Decreto por el que se modifica el Real Decreto 312\/2019, de 26 de abril, por el que se aprueba Estatuto del Organismo Aut\u00f3nomo Centro de Estudios Jur\u00eddicos<\/u><\/a>.<\/li><\/ul>\t\t\t\t\t\t\t\t<\/div>\n\t\t\t\t<\/div>\n\t\t\t\t<div class=\"elementor-element elementor-element-5c454ae elementor-widget elementor-widget-heading\" data-id=\"5c454ae\" data-element_type=\"widget\" data-e-type=\"widget\" data-widget_type=\"heading.default\">\n\t\t\t\t<div class=\"elementor-widget-container\">\n\t\t\t\t\t<h5 class=\"elementor-heading-title elementor-size-default\">COMISI\u00d3N NACIONAL DEL MERCADO DE VALORES<\/h5>\t\t\t\t<\/div>\n\t\t\t\t<\/div>\n\t\t\t\t<div class=\"elementor-element elementor-element-2a6ba42 elementor-widget elementor-widget-heading\" data-id=\"2a6ba42\" data-element_type=\"widget\" data-e-type=\"widget\" data-widget_type=\"heading.default\">\n\t\t\t\t<div class=\"elementor-widget-container\">\n\t\t\t\t\t<h6 class=\"elementor-heading-title elementor-size-default\">Comunicaciones p\u00fablicas<\/h6>\t\t\t\t<\/div>\n\t\t\t\t<\/div>\n\t\t\t\t<div class=\"elementor-element elementor-element-a95e857 elementor-widget elementor-widget-text-editor\" data-id=\"a95e857\" data-element_type=\"widget\" data-e-type=\"widget\" data-widget_type=\"text-editor.default\">\n\t\t\t\t<div class=\"elementor-widget-container\">\n\t\t\t\t\t\t\t\t\t<ul><li><span data-olk-copy-source=\"MessageBody\">La CNMV informa sobre algunos aspectos de la\u00a0<\/span><a class=\"x_link-build-content\" title=\"https:\/\/go.abogacia.es\/lnk\/AVUAAH3G_4gAAc4ctzAAABAXVFoAAAAA0zoAAKFsABi_EgBo34E-qxKWX7HqRx2kwZaUTIJCTwAYIRA\/15\/y8ga6A2ubr9Q3tmq4hTpXg\/aHR0cHM6Ly93d3cuY25tdi5lcy9kb2Nwb3J0YWwvTGVnaXNsYWNpb24vRkFRL1FBX0xPX1BhcmlkYWRfLnBkZj91dG1fY2FtcGFpZ249TGVnaXNsYWNpJUMzJUIzbiUyMFNlbWFuYWwlMjAyOSUyMGRlJTIwU2VwdGllbWJyZSUyMGElMjAwMyUyMGRlJTIwT2N0dWJyZSUyMGRlJTIwMjAyNSZ1dG1fbWVkaXVtPWVtYWlsJnV0bV9zb3VyY2U9TWFpbGpldA\" href=\"https:\/\/go.abogacia.es\/lnk\/AVUAAH3G_4gAAc4ctzAAABAXVFoAAAAA0zoAAKFsABi_EgBo34E-qxKWX7HqRx2kwZaUTIJCTwAYIRA\/15\/y8ga6A2ubr9Q3tmq4hTpXg\/aHR0cHM6Ly93d3cuY25tdi5lcy9kb2Nwb3J0YWwvTGVnaXNsYWNpb24vRkFRL1FBX0xPX1BhcmlkYWRfLnBkZj91dG1fY2FtcGFpZ249TGVnaXNsYWNpJUMzJUIzbiUyMFNlbWFuYWwlMjAyOSUyMGRlJTIwU2VwdGllbWJyZSUyMGElMjAwMyUyMGRlJTIwT2N0dWJyZSUyMGRlJTIwMjAyNSZ1dG1fbWVkaXVtPWVtYWlsJnV0bV9zb3VyY2U9TWFpbGpldA\" target=\"_blank\" rel=\"noopener\" data-auth=\"NotApplicable\" data-linkindex=\"15\"><u>Ley org\u00e1nica de representaci\u00f3n paritaria y presencia equilibrada de mujeres y hombres<\/u><\/a>.<\/li><\/ul>\t\t\t\t\t\t\t\t<\/div>\n\t\t\t\t<\/div>\n\t\t\t\t<div class=\"elementor-element elementor-element-8e79c8c elementor-widget elementor-widget-heading\" data-id=\"8e79c8c\" data-element_type=\"widget\" data-e-type=\"widget\" data-widget_type=\"heading.default\">\n\t\t\t\t<div class=\"elementor-widget-container\">\n\t\t\t\t\t<h5 class=\"elementor-heading-title elementor-size-default\">CONSULTA P\u00daBLICA PREVIA<\/h5>\t\t\t\t<\/div>\n\t\t\t\t<\/div>\n\t\t\t\t<div class=\"elementor-element elementor-element-4b3cf60 elementor-widget elementor-widget-heading\" data-id=\"4b3cf60\" data-element_type=\"widget\" data-e-type=\"widget\" data-widget_type=\"heading.default\">\n\t\t\t\t<div class=\"elementor-widget-container\">\n\t\t\t\t\t<h6 class=\"elementor-heading-title elementor-size-default\">Ministerio de Econom\u00eda, Comercio y Empresa<\/h6>\t\t\t\t<\/div>\n\t\t\t\t<\/div>\n\t\t\t\t<div class=\"elementor-element elementor-element-45e4acc elementor-widget elementor-widget-text-editor\" data-id=\"45e4acc\" data-element_type=\"widget\" data-e-type=\"widget\" data-widget_type=\"text-editor.default\">\n\t\t\t\t<div class=\"elementor-widget-container\">\n\t\t\t\t\t\t\t\t\t<ul><li><span data-olk-copy-source=\"MessageBody\">Anteproyecto de Ley por el que se modifica el Texto Refundido de la Ley de\u00a0<\/span><a class=\"x_link-build-content\" title=\"https:\/\/go.abogacia.es\/lnk\/AVUAAH3G_4gAAc4ctzAAABAXVFoAAAAA0zoAAKFsABi_EgBo34E-qxKWX7HqRx2kwZaUTIJCTwAYIRA\/16\/BYAZ-h5PyPGuj5-kQGBjRw\/aHR0cHM6Ly9wb3J0YWwubWluZWNvLmdvYi5lcy9lcy1lcy9taW5pc3RlcmlvL3BhcnRpY2lwYWNpb25wdWJsaWNhL2NvbnN1bHRhcHVibGljYS9QYWdpbmFzL0FudGVwcm95ZWN0by1MZXktbW9kaWZpY2EtVGV4dG8tUmVmdW5kaWRvLUxleS1SZWd1bGFjaW9uLVBsYW5lcy1Gb25kb3MtUGVuc2lvbmVzLWFwcm9iYWRvLmFzcHg_dXRtX2NhbXBhaWduPUxlZ2lzbGFjaSVDMyVCM24lMjBTZW1hbmFsJTIwMjklMjBkZSUyMFNlcHRpZW1icmUlMjBhJTIwMDMlMjBkZSUyME9jdHVicmUlMjBkZSUyMDIwMjUmdXRtX21lZGl1bT1lbWFpbCZ1dG1fc291cmNlPU1haWxqZXQ\" href=\"https:\/\/go.abogacia.es\/lnk\/AVUAAH3G_4gAAc4ctzAAABAXVFoAAAAA0zoAAKFsABi_EgBo34E-qxKWX7HqRx2kwZaUTIJCTwAYIRA\/16\/BYAZ-h5PyPGuj5-kQGBjRw\/aHR0cHM6Ly9wb3J0YWwubWluZWNvLmdvYi5lcy9lcy1lcy9taW5pc3RlcmlvL3BhcnRpY2lwYWNpb25wdWJsaWNhL2NvbnN1bHRhcHVibGljYS9QYWdpbmFzL0FudGVwcm95ZWN0by1MZXktbW9kaWZpY2EtVGV4dG8tUmVmdW5kaWRvLUxleS1SZWd1bGFjaW9uLVBsYW5lcy1Gb25kb3MtUGVuc2lvbmVzLWFwcm9iYWRvLmFzcHg_dXRtX2NhbXBhaWduPUxlZ2lzbGFjaSVDMyVCM24lMjBTZW1hbmFsJTIwMjklMjBkZSUyMFNlcHRpZW1icmUlMjBhJTIwMDMlMjBkZSUyME9jdHVicmUlMjBkZSUyMDIwMjUmdXRtX21lZGl1bT1lbWFpbCZ1dG1fc291cmNlPU1haWxqZXQ\" target=\"_blank\" rel=\"noopener\" data-auth=\"NotApplicable\" data-linkindex=\"16\"><u>Regulaci\u00f3n de los Planes y Fondos de Pensiones<\/u><\/a>\u00a0aprobado por el Real Decreto Legislativo 1\/2002, de 29 de noviembre.<\/li><\/ul>\t\t\t\t\t\t\t\t<\/div>\n\t\t\t\t<\/div>\n\t\t\t\t<div class=\"elementor-element elementor-element-2fc0a63 elementor-widget elementor-widget-heading\" data-id=\"2fc0a63\" data-element_type=\"widget\" data-e-type=\"widget\" data-widget_type=\"heading.default\">\n\t\t\t\t<div class=\"elementor-widget-container\">\n\t\t\t\t\t<h6 class=\"elementor-heading-title elementor-size-default\">Ministerio de Interior<\/h6>\t\t\t\t<\/div>\n\t\t\t\t<\/div>\n\t\t\t\t<div class=\"elementor-element elementor-element-d5ba430 elementor-widget elementor-widget-text-editor\" data-id=\"d5ba430\" data-element_type=\"widget\" data-e-type=\"widget\" data-widget_type=\"text-editor.default\">\n\t\t\t\t<div class=\"elementor-widget-container\">\n\t\t\t\t\t\t\t\t\t<ul><li><span data-olk-copy-source=\"MessageBody\">Consulta p\u00fablica previa del proyecto de\u00a0<\/span><a class=\"x_link-build-content\" title=\"https:\/\/go.abogacia.es\/lnk\/AVUAAH3G_4gAAc4ctzAAABAXVFoAAAAA0zoAAKFsABi_EgBo34E-qxKWX7HqRx2kwZaUTIJCTwAYIRA\/17\/CqURkQ-G5bxWyRcPwnju7A\/aHR0cHM6Ly93d3cuaW50ZXJpb3IuZ29iLmVzL29wZW5jbXMvcGRmL3NlcnZpY2lvcy1hbC1jaXVkYWRhbm8vcGFydGljaXBhY2lvbi1jaXVkYWRhbmEvUGFydGljaXBhY2lvbi1wdWJsaWNhLWVuLXByb3llY3Rvcy1ub3JtYXRpdm9zL0NvbnN1bHRhLXB1YmxpY2EtcHJldmlhLzA2XzIwMjVfY29uc3VsdGFfcHVibGljYV9MZXlfdGFmaWNvLnBkZj91dG1fY2FtcGFpZ249TGVnaXNsYWNpJUMzJUIzbiUyMFNlbWFuYWwlMjAyOSUyMGRlJTIwU2VwdGllbWJyZSUyMGElMjAwMyUyMGRlJTIwT2N0dWJyZSUyMGRlJTIwMjAyNSZ1dG1fbWVkaXVtPWVtYWlsJnV0bV9zb3VyY2U9TWFpbGpldA\" href=\"https:\/\/go.abogacia.es\/lnk\/AVUAAH3G_4gAAc4ctzAAABAXVFoAAAAA0zoAAKFsABi_EgBo34E-qxKWX7HqRx2kwZaUTIJCTwAYIRA\/17\/CqURkQ-G5bxWyRcPwnju7A\/aHR0cHM6Ly93d3cuaW50ZXJpb3IuZ29iLmVzL29wZW5jbXMvcGRmL3NlcnZpY2lvcy1hbC1jaXVkYWRhbm8vcGFydGljaXBhY2lvbi1jaXVkYWRhbmEvUGFydGljaXBhY2lvbi1wdWJsaWNhLWVuLXByb3llY3Rvcy1ub3JtYXRpdm9zL0NvbnN1bHRhLXB1YmxpY2EtcHJldmlhLzA2XzIwMjVfY29uc3VsdGFfcHVibGljYV9MZXlfdGFmaWNvLnBkZj91dG1fY2FtcGFpZ249TGVnaXNsYWNpJUMzJUIzbiUyMFNlbWFuYWwlMjAyOSUyMGRlJTIwU2VwdGllbWJyZSUyMGElMjAwMyUyMGRlJTIwT2N0dWJyZSUyMGRlJTIwMjAyNSZ1dG1fbWVkaXVtPWVtYWlsJnV0bV9zb3VyY2U9TWFpbGpldA\" target=\"_blank\" rel=\"noopener\" data-auth=\"NotApplicable\" data-linkindex=\"17\"><u>modificaci\u00f3n del texto refundido de la Ley sobre el Tr\u00e1fico, Circulaci\u00f3n de Veh\u00edculos a Motor y Seguridad Vial<\/u><\/a>\u00a0aprobado por Real Decreto Legislativo 6\/2015, de 30 de octubre.<\/li><\/ul>\t\t\t\t\t\t\t\t<\/div>\n\t\t\t\t<\/div>\n\t\t\t\t<div class=\"elementor-element elementor-element-c3a6da7 elementor-widget elementor-widget-heading\" data-id=\"c3a6da7\" data-element_type=\"widget\" data-e-type=\"widget\" data-widget_type=\"heading.default\">\n\t\t\t\t<div class=\"elementor-widget-container\">\n\t\t\t\t\t<h5 class=\"elementor-heading-title elementor-size-default\">AUDIENCIA E INFORMACI\u00d3N P\u00daBLICA<\/h5>\t\t\t\t<\/div>\n\t\t\t\t<\/div>\n\t\t\t\t<div class=\"elementor-element elementor-element-1d21981 elementor-widget elementor-widget-heading\" data-id=\"1d21981\" data-element_type=\"widget\" data-e-type=\"widget\" data-widget_type=\"heading.default\">\n\t\t\t\t<div class=\"elementor-widget-container\">\n\t\t\t\t\t<h6 class=\"elementor-heading-title elementor-size-default\">Ministerio de Igualdad<\/h6>\t\t\t\t<\/div>\n\t\t\t\t<\/div>\n\t\t\t\t<div class=\"elementor-element elementor-element-e510de7 elementor-widget elementor-widget-text-editor\" data-id=\"e510de7\" data-element_type=\"widget\" data-e-type=\"widget\" data-widget_type=\"text-editor.default\">\n\t\t\t\t<div class=\"elementor-widget-container\">\n\t\t\t\t\t\t\t\t\t<ul><li><span data-olk-copy-source=\"MessageBody\">Anteproyecto de\u00a0<\/span><a class=\"x_link-build-content\" title=\"https:\/\/go.abogacia.es\/lnk\/AVUAAH3G_4gAAc4ctzAAABAXVFoAAAAA0zoAAKFsABi_EgBo34E-qxKWX7HqRx2kwZaUTIJCTwAYIRA\/18\/KK5dRLC-8awbCqAsTBCPfA\/aHR0cHM6Ly93d3cuaWd1YWxkYWQuZ29iLmVzL3NlcnZpY2lvcy9wYXJ0aWNpcGFjaW9uL2F1ZGllbmNpYXB1YmxpY2EvYXVkaWVuY2lhLWUtaW5mb3JtYWNpb24tcHVibGljYS1kZWwtYW50ZXByb3llY3RvLWRlLWxleS1vcmdhbmljYS1kZS1tZWRpZGFzLWVuLW1hdGVyaWEtZGUtdmlvbGVuY2lhLXZpY2FyaWEvP3V0bV9jYW1wYWlnbj1MZWdpc2xhY2klQzMlQjNuJTIwU2VtYW5hbCUyMDI5JTIwZGUlMjBTZXB0aWVtYnJlJTIwYSUyMDAzJTIwZGUlMjBPY3R1YnJlJTIwZGUlMjAyMDI1JnV0bV9tZWRpdW09ZW1haWwmdXRtX3NvdXJjZT1NYWlsamV0\" href=\"https:\/\/go.abogacia.es\/lnk\/AVUAAH3G_4gAAc4ctzAAABAXVFoAAAAA0zoAAKFsABi_EgBo34E-qxKWX7HqRx2kwZaUTIJCTwAYIRA\/18\/KK5dRLC-8awbCqAsTBCPfA\/aHR0cHM6Ly93d3cuaWd1YWxkYWQuZ29iLmVzL3NlcnZpY2lvcy9wYXJ0aWNpcGFjaW9uL2F1ZGllbmNpYXB1YmxpY2EvYXVkaWVuY2lhLWUtaW5mb3JtYWNpb24tcHVibGljYS1kZWwtYW50ZXByb3llY3RvLWRlLWxleS1vcmdhbmljYS1kZS1tZWRpZGFzLWVuLW1hdGVyaWEtZGUtdmlvbGVuY2lhLXZpY2FyaWEvP3V0bV9jYW1wYWlnbj1MZWdpc2xhY2klQzMlQjNuJTIwU2VtYW5hbCUyMDI5JTIwZGUlMjBTZXB0aWVtYnJlJTIwYSUyMDAzJTIwZGUlMjBPY3R1YnJlJTIwZGUlMjAyMDI1JnV0bV9tZWRpdW09ZW1haWwmdXRtX3NvdXJjZT1NYWlsamV0\" target=\"_blank\" rel=\"noopener\" data-auth=\"NotApplicable\" data-linkindex=\"18\"><u>Ley Org\u00e1nica de medidas en materia de violencia vicaria<\/u><\/a>.<\/li><\/ul>\t\t\t\t\t\t\t\t<\/div>\n\t\t\t\t<\/div>\n\t\t\t\t<div class=\"elementor-element elementor-element-3d77793 elementor-widget elementor-widget-heading\" data-id=\"3d77793\" data-element_type=\"widget\" data-e-type=\"widget\" data-widget_type=\"heading.default\">\n\t\t\t\t<div class=\"elementor-widget-container\">\n\t\t\t\t\t<h6 class=\"elementor-heading-title elementor-size-default\">Ministerio de Hacienda<\/h6>\t\t\t\t<\/div>\n\t\t\t\t<\/div>\n\t\t\t\t<div class=\"elementor-element elementor-element-f5a57b9 elementor-widget elementor-widget-text-editor\" data-id=\"f5a57b9\" data-element_type=\"widget\" data-e-type=\"widget\" data-widget_type=\"text-editor.default\">\n\t\t\t\t<div class=\"elementor-widget-container\">\n\t\t\t\t\t\t\t\t\t<ul><li><span data-olk-copy-source=\"MessageBody\">Proyecto de Orden por la que se modifica la Orden HAC\/532\/2025, de 26 de mayo, por la que se aprueba el\u00a0<\/span><a class=\"x_link-build-content\" title=\"https:\/\/go.abogacia.es\/lnk\/AVUAAH3G_4gAAc4ctzAAABAXVFoAAAAA0zoAAKFsABi_EgBo34E-qxKWX7HqRx2kwZaUTIJCTwAYIRA\/19\/8bYbvkKTQNTNWJq2pgmLYw\/aHR0cHM6Ly93d3cuaGFjaWVuZGEuZ29iLmVzL1NHVC9Ob3JtYXRpdmFEb2N0cmluYS9Qcm95ZWN0b3MvMzAwOTIwMjUtUHJveWVjdG8tT00tSW1wdWVzdG8tYmFuY2FyaW8ucGRmP3V0bV9jYW1wYWlnbj1MZWdpc2xhY2klQzMlQjNuJTIwU2VtYW5hbCUyMDI5JTIwZGUlMjBTZXB0aWVtYnJlJTIwYSUyMDAzJTIwZGUlMjBPY3R1YnJlJTIwZGUlMjAyMDI1JnV0bV9tZWRpdW09ZW1haWwmdXRtX3NvdXJjZT1NYWlsamV0\" href=\"https:\/\/go.abogacia.es\/lnk\/AVUAAH3G_4gAAc4ctzAAABAXVFoAAAAA0zoAAKFsABi_EgBo34E-qxKWX7HqRx2kwZaUTIJCTwAYIRA\/19\/8bYbvkKTQNTNWJq2pgmLYw\/aHR0cHM6Ly93d3cuaGFjaWVuZGEuZ29iLmVzL1NHVC9Ob3JtYXRpdmFEb2N0cmluYS9Qcm95ZWN0b3MvMzAwOTIwMjUtUHJveWVjdG8tT00tSW1wdWVzdG8tYmFuY2FyaW8ucGRmP3V0bV9jYW1wYWlnbj1MZWdpc2xhY2klQzMlQjNuJTIwU2VtYW5hbCUyMDI5JTIwZGUlMjBTZXB0aWVtYnJlJTIwYSUyMDAzJTIwZGUlMjBPY3R1YnJlJTIwZGUlMjAyMDI1JnV0bV9tZWRpdW09ZW1haWwmdXRtX3NvdXJjZT1NYWlsamV0\" target=\"_blank\" rel=\"noopener\" data-auth=\"NotApplicable\" data-linkindex=\"19\"><u>modelo 780 \u00abImpuesto sobre el margen de intereses y comisiones de determinadas entidades financieras. Autoliquidaci\u00f3n\u00bb y el modelo 781 \u00abImpuesto sobre el margen de intereses y comisiones de determinadas entidades financieras. Pago fraccionado\u00bb<\/u><\/a>\u00a0y se establecen las condiciones y el procedimiento para su presentaci\u00f3n.<\/li><\/ul>\t\t\t\t\t\t\t\t<\/div>\n\t\t\t\t<\/div>\n\t\t\t\t\t<\/div>\n\t\t<\/div>\n\t\t\t\t\t<\/div>\n\t\t<\/section>\n\t\t\t\t<\/div>\n\t\t","protected":false},"excerpt":{"rendered":"<p>Legislaci\u00f3n Semanal &#8211; Del 29 de Septiembre al 3 de Octubre de 2025 BOLET\u00cdN OFICIAL DEL ESTADO Disposiciones generales \/Jefatura del Estado Ley 8\/2025, de 29 de septiembre, por la que\u00a0se modifican la Ley 48\/1960, de 21 de julio, sobre Navegaci\u00f3n A\u00e9rea, y la Ley 21\/2003, de 7 de julio, de Seguridad A\u00e9rea. Disposiciones generales [&hellip;]<\/p>\n","protected":false},"author":1,"featured_media":0,"comment_status":"open","ping_status":"open","sticky":false,"template":"","format":"standard","meta":{"footnotes":""},"categories":[1],"tags":[],"class_list":["post-17130","post","type-post","status-publish","format-standard","hentry","category-uncategorized"],"_links":{"self":[{"href":"https:\/\/cms.icacordoba.23sd.es\/index.php\/wp-json\/wp\/v2\/posts\/17130","targetHints":{"allow":["GET"]}}],"collection":[{"href":"https:\/\/cms.icacordoba.23sd.es\/index.php\/wp-json\/wp\/v2\/posts"}],"about":[{"href":"https:\/\/cms.icacordoba.23sd.es\/index.php\/wp-json\/wp\/v2\/types\/post"}],"author":[{"embeddable":true,"href":"https:\/\/cms.icacordoba.23sd.es\/index.php\/wp-json\/wp\/v2\/users\/1"}],"replies":[{"embeddable":true,"href":"https:\/\/cms.icacordoba.23sd.es\/index.php\/wp-json\/wp\/v2\/comments?post=17130"}],"version-history":[{"count":9,"href":"https:\/\/cms.icacordoba.23sd.es\/index.php\/wp-json\/wp\/v2\/posts\/17130\/revisions"}],"predecessor-version":[{"id":17141,"href":"https:\/\/cms.icacordoba.23sd.es\/index.php\/wp-json\/wp\/v2\/posts\/17130\/revisions\/17141"}],"wp:attachment":[{"href":"https:\/\/cms.icacordoba.23sd.es\/index.php\/wp-json\/wp\/v2\/media?parent=17130"}],"wp:term":[{"taxonomy":"category","embeddable":true,"href":"https:\/\/cms.icacordoba.23sd.es\/index.php\/wp-json\/wp\/v2\/categories?post=17130"},{"taxonomy":"post_tag","embeddable":true,"href":"https:\/\/cms.icacordoba.23sd.es\/index.php\/wp-json\/wp\/v2\/tags?post=17130"}],"curies":[{"name":"wp","href":"https:\/\/api.w.org\/{rel}","templated":true}]}}