{"id":16963,"date":"2025-09-26T08:38:12","date_gmt":"2025-09-26T08:38:12","guid":{"rendered":"https:\/\/cms.icacordoba.23sd.es\/index.php\/16963\/"},"modified":"2025-09-26T10:04:11","modified_gmt":"2025-09-26T10:04:11","slug":"legislacion-semanal-22-al-26-de-septiembre-de-2025","status":"publish","type":"post","link":"https:\/\/cms.icacordoba.23sd.es\/index.php\/16963\/","title":{"rendered":"Legislaci\u00f3n Semanal. 22 al 26 de septiembre de 2025"},"content":{"rendered":"\t\t<div data-elementor-type=\"wp-post\" data-elementor-id=\"16963\" class=\"elementor elementor-16963\" data-elementor-post-type=\"post\">\n\t\t\t\t\t\t<section class=\"elementor-section elementor-top-section elementor-element elementor-element-4cfc83c elementor-section-boxed elementor-section-height-default elementor-section-height-default\" data-id=\"4cfc83c\" data-element_type=\"section\" data-e-type=\"section\">\n\t\t\t\t\t\t<div class=\"elementor-container elementor-column-gap-default\">\n\t\t\t\t\t<div class=\"elementor-column elementor-col-100 elementor-top-column elementor-element elementor-element-d866a51\" data-id=\"d866a51\" data-element_type=\"column\" data-e-type=\"column\">\n\t\t\t<div class=\"elementor-widget-wrap elementor-element-populated\">\n\t\t\t\t\t\t<div class=\"elementor-element elementor-element-0915af3 elementor-widget elementor-widget-heading\" data-id=\"0915af3\" data-element_type=\"widget\" data-e-type=\"widget\" data-widget_type=\"heading.default\">\n\t\t\t\t<div class=\"elementor-widget-container\">\n\t\t\t\t\t<h4 class=\"elementor-heading-title elementor-size-default\">Legislaci\u00f3n Semanal - Del 22 al 26 de Septiembre de 2025<\/h4>\t\t\t\t<\/div>\n\t\t\t\t<\/div>\n\t\t\t\t\t<\/div>\n\t\t<\/div>\n\t\t\t\t\t<\/div>\n\t\t<\/section>\n\t\t\t\t<section class=\"elementor-section elementor-top-section elementor-element elementor-element-dce7178 elementor-section-boxed elementor-section-height-default elementor-section-height-default\" data-id=\"dce7178\" data-element_type=\"section\" data-e-type=\"section\">\n\t\t\t\t\t\t<div class=\"elementor-container elementor-column-gap-default\">\n\t\t\t\t\t<div class=\"elementor-column elementor-col-100 elementor-top-column elementor-element elementor-element-afe648c\" data-id=\"afe648c\" data-element_type=\"column\" data-e-type=\"column\">\n\t\t\t<div class=\"elementor-widget-wrap elementor-element-populated\">\n\t\t\t\t\t\t<div class=\"elementor-element elementor-element-c5139b6 elementor-widget elementor-widget-heading\" data-id=\"c5139b6\" data-element_type=\"widget\" data-e-type=\"widget\" data-widget_type=\"heading.default\">\n\t\t\t\t<div class=\"elementor-widget-container\">\n\t\t\t\t\t<h5 class=\"elementor-heading-title elementor-size-default\">BOLET\u00cdN OFICIAL DEL ESTADO<\/h5>\t\t\t\t<\/div>\n\t\t\t\t<\/div>\n\t\t\t\t<div class=\"elementor-element elementor-element-1e78d0e elementor-widget elementor-widget-heading\" data-id=\"1e78d0e\" data-element_type=\"widget\" data-e-type=\"widget\" data-widget_type=\"heading.default\">\n\t\t\t\t<div class=\"elementor-widget-container\">\n\t\t\t\t\t<h6 class=\"elementor-heading-title elementor-size-default\">Disposiciones generales \/Jefatura del Estado<\/h6>\t\t\t\t<\/div>\n\t\t\t\t<\/div>\n\t\t\t\t<div class=\"elementor-element elementor-element-ee083a6 elementor-widget elementor-widget-text-editor\" data-id=\"ee083a6\" data-element_type=\"widget\" data-e-type=\"widget\" data-widget_type=\"text-editor.default\">\n\t\t\t\t<div class=\"elementor-widget-container\">\n\t\t\t\t\t\t\t\t\t<ul><li>Real Decreto-ley 10\/2025, de 23 de septiembre, por el que se adoptan <a href=\"https:\/\/go.abogacia.es\/lnk\/AWgAAH88I7UAAc4crLQAABAXVFoAAAAA0zoAAKFsABi_EgBo1ljAX3PbZldIT0GLzflqu7rhSwAYIRA\/2\/1dXPyWGnythlPZF0xJt8SQ\/aHR0cHM6Ly93d3cuYm9lLmVzL2JvZS9kaWFzLzIwMjUvMDkvMjQvcGRmcy9CT0UtQS0yMDI1LTE4ODMxLnBkZj91dG1fY2FtcGFpZ249TGVnaXNsYWNpJUMzJUIzbiUyMFNlbWFuYWwlMjAyMiUyMGElMjAyNiUyMGRlJTIwU2VwdGllbWJyZSUyMGRlJTIwMjAyNSZ1dG1fbWVkaXVtPWVtYWlsJnV0bV9zb3VyY2U9TWFpbGpldA\" target=\"_blank\" rel=\"noopener\">medidas urgentes contra el genocidio en Gaza y de apoyo a la poblaci\u00f3n palestina<\/a>.<\/li><\/ul>\t\t\t\t\t\t\t\t<\/div>\n\t\t\t\t<\/div>\n\t\t\t\t<div class=\"elementor-element elementor-element-39b69f9 elementor-widget elementor-widget-heading\" data-id=\"39b69f9\" data-element_type=\"widget\" data-e-type=\"widget\" data-widget_type=\"heading.default\">\n\t\t\t\t<div class=\"elementor-widget-container\">\n\t\t\t\t\t<h6 class=\"elementor-heading-title elementor-size-default\">Disposiciones generales \/ Comunidad Aut\u00f3noma de Castilla-La Mancha<\/h6>\t\t\t\t<\/div>\n\t\t\t\t<\/div>\n\t\t\t\t<div class=\"elementor-element elementor-element-9583868 elementor-widget elementor-widget-text-editor\" data-id=\"9583868\" data-element_type=\"widget\" data-e-type=\"widget\" data-widget_type=\"text-editor.default\">\n\t\t\t\t<div class=\"elementor-widget-container\">\n\t\t\t\t\t\t\t\t\t<ul><li>Ley 4\/2025, de 11 de julio, de <a href=\"https:\/\/go.abogacia.es\/lnk\/AWgAAH88I7UAAc4crLQAABAXVFoAAAAA0zoAAKFsABi_EgBo1ljAX3PbZldIT0GLzflqu7rhSwAYIRA\/3\/sNG08U9ixwE9RPV5LnghGw\/aHR0cHM6Ly93d3cuYm9lLmVzL2JvZS9kaWFzLzIwMjUvMDkvMjUvcGRmcy9CT0UtQS0yMDI1LTE4OTY2LnBkZj91dG1fY2FtcGFpZ249TGVnaXNsYWNpJUMzJUIzbiUyMFNlbWFuYWwlMjAyMiUyMGElMjAyNiUyMGRlJTIwU2VwdGllbWJyZSUyMGRlJTIwMjAyNSZ1dG1fbWVkaXVtPWVtYWlsJnV0bV9zb3VyY2U9TWFpbGpldA\" target=\"_blank\" rel=\"noopener\">Simplificaci\u00f3n, Agilizaci\u00f3n y Digitalizaci\u00f3n Administrativa<\/a>.<\/li><\/ul>\t\t\t\t\t\t\t\t<\/div>\n\t\t\t\t<\/div>\n\t\t\t\t<div class=\"elementor-element elementor-element-8985704 elementor-widget elementor-widget-heading\" data-id=\"8985704\" data-element_type=\"widget\" data-e-type=\"widget\" data-widget_type=\"heading.default\">\n\t\t\t\t<div class=\"elementor-widget-container\">\n\t\t\t\t\t<h6 class=\"elementor-heading-title elementor-size-default\">Otras disposiciones \/ Ministerio de la Presidencia, Justicia y Relaciones con las Cortes<\/h6>\t\t\t\t<\/div>\n\t\t\t\t<\/div>\n\t\t\t\t<div class=\"elementor-element elementor-element-48fe5aa elementor-widget elementor-widget-text-editor\" data-id=\"48fe5aa\" data-element_type=\"widget\" data-e-type=\"widget\" data-widget_type=\"text-editor.default\">\n\t\t\t\t<div class=\"elementor-widget-container\">\n\t\t\t\t\t\t\t\t\t<ul><li>Orden PJC\/1028\/2025, de 10 de septiembre, por la que se publica el <a href=\"https:\/\/go.abogacia.es\/lnk\/AU8AAHvgmOYAAc4cn_gAABAXVFoAAAAA0zoAAKFsABi_EgBozR16tw1wtovUSV2Zo-qa3POgMAAYIRA\/4\/VJSBtzoKgIVM1qSvQlF7aA\/aHR0cHM6Ly93d3cuYm9lLmVzL2JvZS9kaWFzLzIwMjUvMDkvMTkvcGRmcy9CT0UtQS0yMDI1LTE4NTc2LnBkZj91dG1fY2FtcGFpZ249TGVnaXNsYWNpJUMzJUIzbiUyMFNlbWFuYWwlMjAxNSUyMGElMjAxOSUyMGRlJTIwU2VwdGllbWJyZSUyMDIwMjUmdXRtX21lZGl1bT1lbWFpbCZ1dG1fc291cmNlPU1haWxqZXQ\" target=\"_blank\" rel=\"noopener\">Acuerdo del Consejo de Ministros de 26 de agosto de 2025, por el que se aprueba el Plan Nacional contra la Financiaci\u00f3n de la Proliferaci\u00f3n de Armas de Destrucci\u00f3n Masiva<\/a>.<\/li><\/ul>\t\t\t\t\t\t\t\t<\/div>\n\t\t\t\t<\/div>\n\t\t\t\t<div class=\"elementor-element elementor-element-b0740c5 elementor-widget elementor-widget-heading\" data-id=\"b0740c5\" data-element_type=\"widget\" data-e-type=\"widget\" data-widget_type=\"heading.default\">\n\t\t\t\t<div class=\"elementor-widget-container\">\n\t\t\t\t\t<h6 class=\"elementor-heading-title elementor-size-default\">Otras disposiciones \/ Comunidad Foral de Navarra<\/h6>\t\t\t\t<\/div>\n\t\t\t\t<\/div>\n\t\t\t\t<div class=\"elementor-element elementor-element-0191aaa elementor-widget elementor-widget-text-editor\" data-id=\"0191aaa\" data-element_type=\"widget\" data-e-type=\"widget\" data-widget_type=\"text-editor.default\">\n\t\t\t\t<div class=\"elementor-widget-container\">\n\t\t\t\t\t\t\t\t\t<ul><li>Resoluci\u00f3n 195\/2025, de 22 de mayo, de la Direcci\u00f3n General de Justicia, del Departamento de Interior, Funci\u00f3n P\u00fablica y Justicia, por la que <a href=\"https:\/\/go.abogacia.es\/lnk\/AWgAAH88I7UAAc4crLQAABAXVFoAAAAA0zoAAKFsABi_EgBo1ljAX3PbZldIT0GLzflqu7rhSwAYIRA\/4\/NPeBcfjirL2TaKY7Kf_qmg\/aHR0cHM6Ly93d3cuYm9lLmVzL2JvZS9kaWFzLzIwMjUvMDkvMjIvcGRmcy9CT0UtQS0yMDI1LTE4NzM5LnBkZj91dG1fY2FtcGFpZ249TGVnaXNsYWNpJUMzJUIzbiUyMFNlbWFuYWwlMjAyMiUyMGElMjAyNiUyMGRlJTIwU2VwdGllbWJyZSUyMGRlJTIwMjAyNSZ1dG1fbWVkaXVtPWVtYWlsJnV0bV9zb3VyY2U9TWFpbGpldA\" target=\"_blank\" rel=\"noopener\">se corrigen errores en la Resoluci\u00f3n 139\/2025, de 15 de abril, por la que se acuerda el dise\u00f1o y estructura de las Oficinas de Justicia en los municipios y sus Agrupaciones<\/a>, conforme a las previsiones contenidas en la Ley Org\u00e1nica 1\/2025, de 2 de enero, de medidas en materia de eficiencia del Servicio P\u00fablico de Justicia, en la Comunidad Foral de Navarra.<\/li><\/ul>\t\t\t\t\t\t\t\t<\/div>\n\t\t\t\t<\/div>\n\t\t\t\t<div class=\"elementor-element elementor-element-a12819a elementor-widget elementor-widget-heading\" data-id=\"a12819a\" data-element_type=\"widget\" data-e-type=\"widget\" data-widget_type=\"heading.default\">\n\t\t\t\t<div class=\"elementor-widget-container\">\n\t\t\t\t\t<h5 class=\"elementor-heading-title elementor-size-default\">CONGRESO DE LOS DIPUTADOS<\/h5>\t\t\t\t<\/div>\n\t\t\t\t<\/div>\n\t\t\t\t<div class=\"elementor-element elementor-element-eb8fa9d elementor-widget elementor-widget-heading\" data-id=\"eb8fa9d\" data-element_type=\"widget\" data-e-type=\"widget\" data-widget_type=\"heading.default\">\n\t\t\t\t<div class=\"elementor-widget-container\">\n\t\t\t\t\t<h6 class=\"elementor-heading-title elementor-size-default\">Proyectos de Ley<\/h6>\t\t\t\t<\/div>\n\t\t\t\t<\/div>\n\t\t\t\t<div class=\"elementor-element elementor-element-58e3bc2 elementor-widget elementor-widget-text-editor\" data-id=\"58e3bc2\" data-element_type=\"widget\" data-e-type=\"widget\" data-widget_type=\"text-editor.default\">\n\t\t\t\t<div class=\"elementor-widget-container\">\n\t\t\t\t\t\t\t\t\t<ul><li>Proyecto de Ley de <a href=\"https:\/\/go.abogacia.es\/lnk\/AWgAAH88I7UAAc4crLQAABAXVFoAAAAA0zoAAKFsABi_EgBo1ljAX3PbZldIT0GLzflqu7rhSwAYIRA\/5\/tspZunyt-87NKEH9ftbtJQ\/aHR0cHM6Ly93d3cuY29uZ3Jlc28uZXMvcHVibGljX29maWNpYWxlcy9MMTUvQ09ORy9CT0NHL0EvQk9DRy0xNS1BLTQ2LTMuUERGP3V0bV9jYW1wYWlnbj1MZWdpc2xhY2klQzMlQjNuJTIwU2VtYW5hbCUyMDIyJTIwYSUyMDI2JTIwZGUlMjBTZXB0aWVtYnJlJTIwZGUlMjAyMDI1JnV0bV9tZWRpdW09ZW1haWwmdXRtX3NvdXJjZT1NYWlsamV0\" target=\"_blank\" rel=\"noopener\">transparencia e integridad de las actividades de los grupos de inter\u00e9s<\/a>. <em>Enmiendas e \u00edndice de enmiendas al articulado<\/em><\/li><li>Proyecto de Ley por la que <a href=\"https:\/\/go.abogacia.es\/lnk\/AWgAAH88I7UAAc4crLQAABAXVFoAAAAA0zoAAKFsABi_EgBo1ljAX3PbZldIT0GLzflqu7rhSwAYIRA\/6\/S3Sjr7uNaNegTR8c2iEYpA\/aHR0cHM6Ly93d3cuY29uZ3Jlc28uZXMvcHVibGljX29maWNpYWxlcy9MMTUvQ09ORy9CT0NHL0EvQk9DRy0xNS1BLTIwLTEwLlBERj91dG1fY2FtcGFpZ249TGVnaXNsYWNpJUMzJUIzbiUyMFNlbWFuYWwlMjAyMiUyMGElMjAyNiUyMGRlJTIwU2VwdGllbWJyZSUyMGRlJTIwMjAyNSZ1dG1fbWVkaXVtPWVtYWlsJnV0bV9zb3VyY2U9TWFpbGpldA\" target=\"_blank\" rel=\"noopener\">se modifican la Ley 48\/1960, de 21 de julio, sobre Navegaci\u00f3n A\u00e9rea, y la Ley 21\/2003, de 7 de julio, de Seguridad A\u00e9rea<\/a>. <em>Aprobaci\u00f3n definitiva<\/em><\/li><\/ul>\t\t\t\t\t\t\t\t<\/div>\n\t\t\t\t<\/div>\n\t\t\t\t<div class=\"elementor-element elementor-element-5f7923d elementor-widget elementor-widget-heading\" data-id=\"5f7923d\" data-element_type=\"widget\" data-e-type=\"widget\" data-widget_type=\"heading.default\">\n\t\t\t\t<div class=\"elementor-widget-container\">\n\t\t\t\t\t<h6 class=\"elementor-heading-title elementor-size-default\">Proposiciones de Ley<\/h6>\t\t\t\t<\/div>\n\t\t\t\t<\/div>\n\t\t\t\t<div class=\"elementor-element elementor-element-3755004 elementor-widget elementor-widget-text-editor\" data-id=\"3755004\" data-element_type=\"widget\" data-e-type=\"widget\" data-widget_type=\"text-editor.default\">\n\t\t\t\t<div class=\"elementor-widget-container\">\n\t\t\t\t\t\t\t\t\t<ul><li>Proposici\u00f3n de Ley de <a href=\"https:\/\/go.abogacia.es\/lnk\/AWgAAH88I7UAAc4crLQAABAXVFoAAAAA0zoAAKFsABi_EgBo1ljAX3PbZldIT0GLzflqu7rhSwAYIRA\/7\/8riPAHcUo1b8shehEIVzqQ\/aHR0cHM6Ly93d3cuY29uZ3Jlc28uZXMvcHVibGljX29maWNpYWxlcy9MMTUvQ09ORy9CT0NHL0IvQk9DRy0xNS1CLTk5LTIuUERGP3V0bV9jYW1wYWlnbj1MZWdpc2xhY2klQzMlQjNuJTIwU2VtYW5hbCUyMDIyJTIwYSUyMDI2JTIwZGUlMjBTZXB0aWVtYnJlJTIwZGUlMjAyMDI1JnV0bV9tZWRpdW09ZW1haWwmdXRtX3NvdXJjZT1NYWlsamV0\" target=\"_blank\" rel=\"noopener\">creaci\u00f3n de la Oficina de prevenci\u00f3n de la corrupci\u00f3n<\/a>.<\/li><li>Proposici\u00f3n de Ley Org\u00e1nica de <a href=\"https:\/\/go.abogacia.es\/lnk\/AWgAAH88I7UAAc4crLQAABAXVFoAAAAA0zoAAKFsABi_EgBo1ljAX3PbZldIT0GLzflqu7rhSwAYIRA\/8\/CvWuMcjnQMGmAQqyDmQJmQ\/aHR0cHM6Ly93d3cuY29uZ3Jlc28uZXMvcHVibGljX29maWNpYWxlcy9MMTUvQ09ORy9CT0NHL0IvQk9DRy0xNS1CLTIyNC0yLlBERj91dG1fY2FtcGFpZ249TGVnaXNsYWNpJUMzJUIzbiUyMFNlbWFuYWwlMjAyMiUyMGElMjAyNiUyMGRlJTIwU2VwdGllbWJyZSUyMGRlJTIwMjAyNSZ1dG1fbWVkaXVtPWVtYWlsJnV0bV9zb3VyY2U9TWFpbGpldA\" target=\"_blank\" rel=\"noopener\">modificaci\u00f3n de la Ley Org\u00e1nica 4\/2000, de 11 de enero, sobre derechos y libertades de los extranjeros en Espa\u00f1a y su integraci\u00f3n social, para restringir la regularizaci\u00f3n de inmigrantes ilegales a trav\u00e9s del arraigo<\/a>.<\/li><li>Proposici\u00f3n de Ley Org\u00e1nica por la que <a href=\"https:\/\/go.abogacia.es\/lnk\/AWgAAH88I7UAAc4crLQAABAXVFoAAAAA0zoAAKFsABi_EgBo1ljAX3PbZldIT0GLzflqu7rhSwAYIRA\/9\/MIOMm-h-bjiKLunR7DKz7g\/aHR0cHM6Ly93d3cuY29uZ3Jlc28uZXMvcHVibGljX29maWNpYWxlcy9MMTUvQ09ORy9CT0NHL0IvQk9DRy0xNS1CLTIzOS0yLlBERj91dG1fY2FtcGFpZ249TGVnaXNsYWNpJUMzJUIzbiUyMFNlbWFuYWwlMjAyMiUyMGElMjAyNiUyMGRlJTIwU2VwdGllbWJyZSUyMGRlJTIwMjAyNSZ1dG1fbWVkaXVtPWVtYWlsJnV0bV9zb3VyY2U9TWFpbGpldA\" target=\"_blank\" rel=\"noopener\">se modifica la Ley Org\u00e1nica 5\/1985, de 19 de junio, del R\u00e9gimen Electoral General<\/a>. Presentada por el Grupo Parlamentario VOX. <em>Disconformidad del gobierno con su tramitaci\u00f3n<\/em><\/li><li>Proposici\u00f3n de Ley Org\u00e1nica de <a href=\"https:\/\/go.abogacia.es\/lnk\/AWgAAH88I7UAAc4crLQAABAXVFoAAAAA0zoAAKFsABi_EgBo1ljAX3PbZldIT0GLzflqu7rhSwAYIRA\/10\/SQaT6up_3TtYm5rDkQyaCg\/aHR0cHM6Ly93d3cuY29uZ3Jlc28uZXMvcHVibGljX29maWNpYWxlcy9MMTUvQ09ORy9CT0NHL0IvQk9DRy0xNS1CLTI2MS0xLlBERj91dG1fY2FtcGFpZ249TGVnaXNsYWNpJUMzJUIzbiUyMFNlbWFuYWwlMjAyMiUyMGElMjAyNiUyMGRlJTIwU2VwdGllbWJyZSUyMGRlJTIwMjAyNSZ1dG1fbWVkaXVtPWVtYWlsJnV0bV9zb3VyY2U9TWFpbGpldA\" target=\"_blank\" rel=\"noopener\">modificaci\u00f3n del art\u00edculo 578 de la Ley Org\u00e1nica 10\/1995, de 23 de noviembre, del C\u00f3digo Penal<\/a>.<em> Remitida por el Senado<\/em><\/li><li>Proposici\u00f3n de Ley por la que se habilita la delegaci\u00f3n de <a href=\"https:\/\/go.abogacia.es\/lnk\/AWgAAH88I7UAAc4crLQAABAXVFoAAAAA0zoAAKFsABi_EgBo1ljAX3PbZldIT0GLzflqu7rhSwAYIRA\/11\/V6NK4mqKy66d9hgHZj4Cww\/aHR0cHM6Ly93d3cuY29uZ3Jlc28uZXMvcHVibGljX29maWNpYWxlcy9MMTUvQ09ORy9CT0NHL0IvQk9DRy0xNS1CLTI2Mi0xLlBERj91dG1fY2FtcGFpZ249TGVnaXNsYWNpJUMzJUIzbiUyMFNlbWFuYWwlMjAyMiUyMGElMjAyNiUyMGRlJTIwU2VwdGllbWJyZSUyMGRlJTIwMjAyNSZ1dG1fbWVkaXVtPWVtYWlsJnV0bV9zb3VyY2U9TWFpbGpldA\" target=\"_blank\" rel=\"noopener\">competencias en materia de gesti\u00f3n del Impuesto sobre la Renta de las Personas F\u00edsicas<\/a>. <em>Presentada por el Grupo Parlamentario Republicano<\/em><\/li><\/ul>\t\t\t\t\t\t\t\t<\/div>\n\t\t\t\t<\/div>\n\t\t\t\t<div class=\"elementor-element elementor-element-ea882cb elementor-widget elementor-widget-heading\" data-id=\"ea882cb\" data-element_type=\"widget\" data-e-type=\"widget\" data-widget_type=\"heading.default\">\n\t\t\t\t<div class=\"elementor-widget-container\">\n\t\t\t\t\t<h5 class=\"elementor-heading-title elementor-size-default\">SENADO<\/h5>\t\t\t\t<\/div>\n\t\t\t\t<\/div>\n\t\t\t\t<div class=\"elementor-element elementor-element-c41a5c5 elementor-widget elementor-widget-heading\" data-id=\"c41a5c5\" data-element_type=\"widget\" data-e-type=\"widget\" data-widget_type=\"heading.default\">\n\t\t\t\t<div class=\"elementor-widget-container\">\n\t\t\t\t\t<h6 class=\"elementor-heading-title elementor-size-default\">Iniciativas Legislativas<\/h6>\t\t\t\t<\/div>\n\t\t\t\t<\/div>\n\t\t\t\t<div class=\"elementor-element elementor-element-cf995af elementor-widget elementor-widget-text-editor\" data-id=\"cf995af\" data-element_type=\"widget\" data-e-type=\"widget\" data-widget_type=\"text-editor.default\">\n\t\t\t\t<div class=\"elementor-widget-container\">\n\t\t\t\t\t\t\t\t\t<ul><li>Propuesta de reforma del Reglamento del Senado por la que se modifican diversos art\u00edculos (626\/000010). <a href=\"https:\/\/go.abogacia.es\/lnk\/AWgAAH88I7UAAc4crLQAABAXVFoAAAAA0zoAAKFsABi_EgBo1ljAX3PbZldIT0GLzflqu7rhSwAYIRA\/12\/w2VjjMjiF4b4eiFGtjAYZQ\/aHR0cHM6Ly93d3cuc2VuYWRvLmVzL2xlZ2lzMTUvcHVibGljYWNpb25lcy9wZGYvc2VuYWRvL2JvY2cvQk9DR19EXzE1XzMwN18yNjE3LlBERj91dG1fY2FtcGFpZ249TGVnaXNsYWNpJUMzJUIzbiUyMFNlbWFuYWwlMjAyMiUyMGElMjAyNiUyMGRlJTIwU2VwdGllbWJyZSUyMGRlJTIwMjAyNSZ1dG1fbWVkaXVtPWVtYWlsJnV0bV9zb3VyY2U9TWFpbGpldA\" target=\"_blank\" rel=\"noopener\">Enmiendas<\/a> | <a href=\"https:\/\/go.abogacia.es\/lnk\/AWgAAH88I7UAAc4crLQAABAXVFoAAAAA0zoAAKFsABi_EgBo1ljAX3PbZldIT0GLzflqu7rhSwAYIRA\/13\/Ebk7uqbVVLurggj0JLew-A\/aHR0cHM6Ly93d3cuc2VuYWRvLmVzL2xlZ2lzMTUvcHVibGljYWNpb25lcy9wZGYvc2VuYWRvL2JvY2cvQk9DR19EXzE1XzMwN18yNzE0LlBERj91dG1fY2FtcGFpZ249TGVnaXNsYWNpJUMzJUIzbiUyMFNlbWFuYWwlMjAyMiUyMGElMjAyNiUyMGRlJTIwU2VwdGllbWJyZSUyMGRlJTIwMjAyNSZ1dG1fbWVkaXVtPWVtYWlsJnV0bV9zb3VyY2U9TWFpbGpldA\" target=\"_blank\" rel=\"noopener\">\u00cdndice de enmiendas<\/a><\/li><\/ul>\t\t\t\t\t\t\t\t<\/div>\n\t\t\t\t<\/div>\n\t\t\t\t<div class=\"elementor-element elementor-element-b078e44 elementor-widget elementor-widget-heading\" data-id=\"b078e44\" data-element_type=\"widget\" data-e-type=\"widget\" data-widget_type=\"heading.default\">\n\t\t\t\t<div class=\"elementor-widget-container\">\n\t\t\t\t\t<h5 class=\"elementor-heading-title elementor-size-default\">CONSEJO DE MINISTROS<\/h5>\t\t\t\t<\/div>\n\t\t\t\t<\/div>\n\t\t\t\t<div class=\"elementor-element elementor-element-ac5deb4 elementor-widget elementor-widget-heading\" data-id=\"ac5deb4\" data-element_type=\"widget\" data-e-type=\"widget\" data-widget_type=\"heading.default\">\n\t\t\t\t<div class=\"elementor-widget-container\">\n\t\t\t\t\t<h6 class=\"elementor-heading-title elementor-size-default\">Presidencia, Justicia y Relaciones con las Cortes<\/h6>\t\t\t\t<\/div>\n\t\t\t\t<\/div>\n\t\t\t\t<div class=\"elementor-element elementor-element-87b39df elementor-widget elementor-widget-text-editor\" data-id=\"87b39df\" data-element_type=\"widget\" data-e-type=\"widget\" data-widget_type=\"text-editor.default\">\n\t\t\t\t<div class=\"elementor-widget-container\">\n\t\t\t\t\t\t\t\t\t<ul><li>Declaraci\u00f3n Institucional con Motivo del <a href=\"https:\/\/go.abogacia.es\/lnk\/AWgAAH88I7UAAc4crLQAABAXVFoAAAAA0zoAAKFsABi_EgBo1ljAX3PbZldIT0GLzflqu7rhSwAYIRA\/14\/3ymDX65UrM_9Cx50LfLXLA\/aHR0cHM6Ly93d3cubGFtb25jbG9hLmdvYi5lcy9jb25zZWpvZGVtaW5pc3Ryb3MvcmVmZXJlbmNpYXMvUGFnaW5hcy8yMDI1LzIwMjUwOTIzLXJlZmVyZW5jaWEtcnVlZGEtZGUtcHJlbnNhLW1pbmlzdHJvcy5hc3B4P3V0bV9jYW1wYWlnbj1MZWdpc2xhY2klQzMlQjNuJTIwU2VtYW5hbCUyMDIyJTIwYSUyMDI2JTIwZGUlMjBTZXB0aWVtYnJlJTIwZGUlMjAyMDI1JnV0bV9tZWRpdW09ZW1haWwmdXRtX3NvdXJjZT1NYWlsamV0I25pJUMzJUIxYXM#ni%C3%B1as\" target=\"_blank\" rel=\"noopener\">D\u00eda Internacional contra la Explotaci\u00f3n Sexual y la Trata de Mujeres, Ni\u00f1as y Ni\u00f1os.<\/a><\/li><\/ul>\t\t\t\t\t\t\t\t<\/div>\n\t\t\t\t<\/div>\n\t\t\t\t<div class=\"elementor-element elementor-element-b1fc050 elementor-widget elementor-widget-heading\" data-id=\"b1fc050\" data-element_type=\"widget\" data-e-type=\"widget\" data-widget_type=\"heading.default\">\n\t\t\t\t<div class=\"elementor-widget-container\">\n\t\t\t\t\t<h5 class=\"elementor-heading-title elementor-size-default\">CONSULTA P\u00daBLICA PREVIA<\/h5>\t\t\t\t<\/div>\n\t\t\t\t<\/div>\n\t\t\t\t<div class=\"elementor-element elementor-element-83ac056 elementor-widget elementor-widget-heading\" data-id=\"83ac056\" data-element_type=\"widget\" data-e-type=\"widget\" data-widget_type=\"heading.default\">\n\t\t\t\t<div class=\"elementor-widget-container\">\n\t\t\t\t\t<h6 class=\"elementor-heading-title elementor-size-default\">Ministerio de Sanidad<\/h6>\t\t\t\t<\/div>\n\t\t\t\t<\/div>\n\t\t\t\t<div class=\"elementor-element elementor-element-c80f23f elementor-widget elementor-widget-text-editor\" data-id=\"c80f23f\" data-element_type=\"widget\" data-e-type=\"widget\" data-widget_type=\"text-editor.default\">\n\t\t\t\t<div class=\"elementor-widget-container\">\n\t\t\t\t\t\t\t\t\t<ul><li>Anteproyecto de Ley de Salud Digital por el que se adapta al ordenamiento nacional el Reglamento (UE) 2025\/327 del Parlamento Europeo y del Consejo, de 11 de febrero de 2025, relativo al Espacio Europeo de Datos de Salud, y por el que <a href=\"https:\/\/go.abogacia.es\/lnk\/AWgAAH88I7UAAc4crLQAABAXVFoAAAAA0zoAAKFsABi_EgBo1ljAX3PbZldIT0GLzflqu7rhSwAYIRA\/15\/-v8WhBS5km4PdHZNAfXaQQ\/aHR0cHM6Ly93d3cuc2FuaWRhZC5nb2IuZXMvbm9ybWF0aXZhL2RvY3MvMjAyNS4wOS4yMl9DUFBfQ1BQX0FQTF9TYWx1ZF9EaWdpdGFsMV8ucGRmP3V0bV9jYW1wYWlnbj1MZWdpc2xhY2klQzMlQjNuJTIwU2VtYW5hbCUyMDIyJTIwYSUyMDI2JTIwZGUlMjBTZXB0aWVtYnJlJTIwZGUlMjAyMDI1JnV0bV9tZWRpdW09ZW1haWwmdXRtX3NvdXJjZT1NYWlsamV0\" target=\"_blank\" rel=\"noopener\">se modifican la Directiva 2011\/24\/UE y el Reglamento (UE) 2024\/284 y se regula la historia cl\u00ednica digital interoperable nacional y el uso de tecnolog\u00edas digitales en la asistencia sanitaria<\/a>.<\/li><\/ul>\t\t\t\t\t\t\t\t<\/div>\n\t\t\t\t<\/div>\n\t\t\t\t<div class=\"elementor-element elementor-element-4f35dee elementor-widget elementor-widget-heading\" data-id=\"4f35dee\" data-element_type=\"widget\" data-e-type=\"widget\" data-widget_type=\"heading.default\">\n\t\t\t\t<div class=\"elementor-widget-container\">\n\t\t\t\t\t<h6 class=\"elementor-heading-title elementor-size-default\">Ministerio de Agricultura, Pesca y Alimentaci\u00f3n<\/h6>\t\t\t\t<\/div>\n\t\t\t\t<\/div>\n\t\t\t\t<div class=\"elementor-element elementor-element-f96a30e elementor-widget elementor-widget-text-editor\" data-id=\"f96a30e\" data-element_type=\"widget\" data-e-type=\"widget\" data-widget_type=\"text-editor.default\">\n\t\t\t\t<div class=\"elementor-widget-container\">\n\t\t\t\t\t\t\t\t\t<ul><li>Proyecto de Real Decreto por el que se regula la concesi\u00f3n directa de <a href=\"https:\/\/go.abogacia.es\/lnk\/AWgAAH88I7UAAc4crLQAABAXVFoAAAAA0zoAAKFsABi_EgBo1ljAX3PbZldIT0GLzflqu7rhSwAYIRA\/16\/qo_6NMOCG1UtVZvh5jKkFg\/aHR0cHM6Ly93d3cubWFwYS5nb2IuZXMvZXMvbWluaXN0ZXJpby9zZXJ2aWNpb3MvcGFydGljaXBhY2lvbi1wdWJsaWNhL2RldGFsbGUvcHJkLWF5dWRhcy1pbmNlbmRpb3M_dXRtX2NhbXBhaWduPUxlZ2lzbGFjaSVDMyVCM24lMjBTZW1hbmFsJTIwMjIlMjBhJTIwMjYlMjBkZSUyMFNlcHRpZW1icmUlMjBkZSUyMDIwMjUmdXRtX21lZGl1bT1lbWFpbCZ1dG1fc291cmNlPU1haWxqZXQ\" target=\"_blank\" rel=\"noopener\">ayudas para compensar los da\u00f1os producidos sobre la actividad agraria por los incendios acaecidos durante el verano de 2025<\/a>.<\/li><\/ul>\t\t\t\t\t\t\t\t<\/div>\n\t\t\t\t<\/div>\n\t\t\t\t<div class=\"elementor-element elementor-element-5655043 elementor-widget elementor-widget-heading\" data-id=\"5655043\" data-element_type=\"widget\" data-e-type=\"widget\" data-widget_type=\"heading.default\">\n\t\t\t\t<div class=\"elementor-widget-container\">\n\t\t\t\t\t<h5 class=\"elementor-heading-title elementor-size-default\">AUDIENCIA E INFORMACI\u00d3N P\u00daBLICA<\/h5>\t\t\t\t<\/div>\n\t\t\t\t<\/div>\n\t\t\t\t<div class=\"elementor-element elementor-element-b606885 elementor-widget elementor-widget-heading\" data-id=\"b606885\" data-element_type=\"widget\" data-e-type=\"widget\" data-widget_type=\"heading.default\">\n\t\t\t\t<div class=\"elementor-widget-container\">\n\t\t\t\t\t<h6 class=\"elementor-heading-title elementor-size-default\">Ministerio de Sanidad<\/h6>\t\t\t\t<\/div>\n\t\t\t\t<\/div>\n\t\t\t\t<div class=\"elementor-element elementor-element-47a8d14 elementor-widget elementor-widget-text-editor\" data-id=\"47a8d14\" data-element_type=\"widget\" data-e-type=\"widget\" data-widget_type=\"text-editor.default\">\n\t\t\t\t<div class=\"elementor-widget-container\">\n\t\t\t\t\t\t\t\t\t<ul><li>Proyecto de Real Decreto por el que se regula el <a href=\"https:\/\/go.abogacia.es\/lnk\/AWgAAH88I7UAAc4crLQAABAXVFoAAAAA0zoAAKFsABi_EgBo1ljAX3PbZldIT0GLzflqu7rhSwAYIRA\/17\/nz8CnP8Qz71jsRFjRTuPYw\/aHR0cHM6Ly93d3cuc2FuaWRhZC5nb2IuZXMvbm9ybWF0aXZhL2F1ZGllbmNpYS9kb2NzLzIwMjUuMDkuMjZfVGV4dG9feV9NQUlOX0lQX1RBX1BSRF9BU05TLnBkZj91dG1fY2FtcGFpZ249TGVnaXNsYWNpJUMzJUIzbiUyMFNlbWFuYWwlMjAyMiUyMGElMjAyNiUyMGRlJTIwU2VwdGllbWJyZSUyMGRlJTIwMjAyNSZ1dG1fbWVkaXVtPWVtYWlsJnV0bV9zb3VyY2U9TWFpbGpldA\" target=\"_blank\" rel=\"noopener\">reconocimiento y control del derecho a la protecci\u00f3n de la salud y a la atenci\u00f3n sanitaria con cargo a fondos p\u00fablicos en los supuestos previstos en el art\u00edculo 3 ter de la Ley 16\/2003, de 28 de mayo, de cohesi\u00f3n y calidad del Sistema Nacional de Salud<\/a>.<\/li><\/ul>\t\t\t\t\t\t\t\t<\/div>\n\t\t\t\t<\/div>\n\t\t\t\t\t<\/div>\n\t\t<\/div>\n\t\t\t\t\t<\/div>\n\t\t<\/section>\n\t\t\t\t<\/div>\n\t\t","protected":false},"excerpt":{"rendered":"<p>Legislaci\u00f3n Semanal &#8211; Del 22 al 26 de Septiembre de 2025 BOLET\u00cdN OFICIAL DEL ESTADO Disposiciones generales \/Jefatura del Estado Real Decreto-ley 10\/2025, de 23 de septiembre, por el que se adoptan medidas urgentes contra el genocidio en Gaza y de apoyo a la poblaci\u00f3n palestina. Disposiciones generales \/ Comunidad Aut\u00f3noma de Castilla-La Mancha Ley [&hellip;]<\/p>\n","protected":false},"author":1,"featured_media":0,"comment_status":"open","ping_status":"open","sticky":false,"template":"","format":"standard","meta":{"footnotes":""},"categories":[1],"tags":[],"class_list":["post-16963","post","type-post","status-publish","format-standard","hentry","category-uncategorized"],"_links":{"self":[{"href":"https:\/\/cms.icacordoba.23sd.es\/index.php\/wp-json\/wp\/v2\/posts\/16963","targetHints":{"allow":["GET"]}}],"collection":[{"href":"https:\/\/cms.icacordoba.23sd.es\/index.php\/wp-json\/wp\/v2\/posts"}],"about":[{"href":"https:\/\/cms.icacordoba.23sd.es\/index.php\/wp-json\/wp\/v2\/types\/post"}],"author":[{"embeddable":true,"href":"https:\/\/cms.icacordoba.23sd.es\/index.php\/wp-json\/wp\/v2\/users\/1"}],"replies":[{"embeddable":true,"href":"https:\/\/cms.icacordoba.23sd.es\/index.php\/wp-json\/wp\/v2\/comments?post=16963"}],"version-history":[{"count":3,"href":"https:\/\/cms.icacordoba.23sd.es\/index.php\/wp-json\/wp\/v2\/posts\/16963\/revisions"}],"predecessor-version":[{"id":16967,"href":"https:\/\/cms.icacordoba.23sd.es\/index.php\/wp-json\/wp\/v2\/posts\/16963\/revisions\/16967"}],"wp:attachment":[{"href":"https:\/\/cms.icacordoba.23sd.es\/index.php\/wp-json\/wp\/v2\/media?parent=16963"}],"wp:term":[{"taxonomy":"category","embeddable":true,"href":"https:\/\/cms.icacordoba.23sd.es\/index.php\/wp-json\/wp\/v2\/categories?post=16963"},{"taxonomy":"post_tag","embeddable":true,"href":"https:\/\/cms.icacordoba.23sd.es\/index.php\/wp-json\/wp\/v2\/tags?post=16963"}],"curies":[{"name":"wp","href":"https:\/\/api.w.org\/{rel}","templated":true}]}}