{"id":16907,"date":"2025-09-19T07:22:52","date_gmt":"2025-09-19T07:22:52","guid":{"rendered":"https:\/\/cms.icacordoba.23sd.es\/index.php\/16907\/"},"modified":"2025-09-19T09:23:36","modified_gmt":"2025-09-19T09:23:36","slug":"legislacion-semanal-15-al-19-de-septiembre-de-2025","status":"publish","type":"post","link":"https:\/\/cms.icacordoba.23sd.es\/index.php\/16907\/","title":{"rendered":"Legislaci\u00f3n Semanal. 15 al 19 de septiembre de 2025"},"content":{"rendered":"\t\t<div data-elementor-type=\"wp-post\" data-elementor-id=\"16907\" class=\"elementor elementor-16907\" data-elementor-post-type=\"post\">\n\t\t\t\t\t\t<section class=\"elementor-section elementor-top-section elementor-element elementor-element-4a7818b elementor-section-boxed elementor-section-height-default elementor-section-height-default\" data-id=\"4a7818b\" data-element_type=\"section\" data-e-type=\"section\">\n\t\t\t\t\t\t<div class=\"elementor-container elementor-column-gap-default\">\n\t\t\t\t\t<div class=\"elementor-column elementor-col-100 elementor-top-column elementor-element elementor-element-31c458a\" data-id=\"31c458a\" data-element_type=\"column\" data-e-type=\"column\">\n\t\t\t<div class=\"elementor-widget-wrap elementor-element-populated\">\n\t\t\t\t\t\t<div class=\"elementor-element elementor-element-396a088 elementor-widget elementor-widget-heading\" data-id=\"396a088\" data-element_type=\"widget\" data-e-type=\"widget\" data-widget_type=\"heading.default\">\n\t\t\t\t<div class=\"elementor-widget-container\">\n\t\t\t\t\t<h4 class=\"elementor-heading-title elementor-size-default\">Legislaci\u00f3n Semanal - Del 15 al 19 de Septiembre de 2025<\/h4>\t\t\t\t<\/div>\n\t\t\t\t<\/div>\n\t\t\t\t\t<\/div>\n\t\t<\/div>\n\t\t\t\t\t<\/div>\n\t\t<\/section>\n\t\t\t\t<section class=\"elementor-section elementor-top-section elementor-element elementor-element-a984aab elementor-section-boxed elementor-section-height-default elementor-section-height-default\" data-id=\"a984aab\" data-element_type=\"section\" data-e-type=\"section\">\n\t\t\t\t\t\t<div class=\"elementor-container elementor-column-gap-default\">\n\t\t\t\t\t<div class=\"elementor-column elementor-col-100 elementor-top-column elementor-element elementor-element-e9a2791\" data-id=\"e9a2791\" data-element_type=\"column\" data-e-type=\"column\">\n\t\t\t<div class=\"elementor-widget-wrap elementor-element-populated\">\n\t\t\t\t\t\t<div class=\"elementor-element elementor-element-fb46a77 elementor-widget elementor-widget-heading\" data-id=\"fb46a77\" data-element_type=\"widget\" data-e-type=\"widget\" data-widget_type=\"heading.default\">\n\t\t\t\t<div class=\"elementor-widget-container\">\n\t\t\t\t\t<h5 class=\"elementor-heading-title elementor-size-default\">BOLET\u00cdN OFICIAL DEL ESTADO<\/h5>\t\t\t\t<\/div>\n\t\t\t\t<\/div>\n\t\t\t\t<div class=\"elementor-element elementor-element-ad29df7 elementor-widget elementor-widget-heading\" data-id=\"ad29df7\" data-element_type=\"widget\" data-e-type=\"widget\" data-widget_type=\"heading.default\">\n\t\t\t\t<div class=\"elementor-widget-container\">\n\t\t\t\t\t<h6 class=\"elementor-heading-title elementor-size-default\">Disposiciones generales \/Ministerio de la Presidencia, Justicia y Relaciones con las Cortes<\/h6>\t\t\t\t<\/div>\n\t\t\t\t<\/div>\n\t\t\t\t<div class=\"elementor-element elementor-element-caef313 elementor-widget elementor-widget-text-editor\" data-id=\"caef313\" data-element_type=\"widget\" data-e-type=\"widget\" data-widget_type=\"text-editor.default\">\n\t\t\t\t<div class=\"elementor-widget-container\">\n\t\t\t\t\t\t\t\t\t<ul><li>Real Decreto 810\/2025, de 16 de septiembre, por el que se aprueba el <a href=\"https:\/\/go.abogacia.es\/lnk\/AU8AAHvgmOYAAc4cn_gAABAXVFoAAAAA0zoAAKFsABi_EgBozR16tw1wtovUSV2Zo-qa3POgMAAYIRA\/2\/4EOjnfwJ9Nvpq6RdVioz0g\/aHR0cHM6Ly93d3cuYm9lLmVzL2JvZS9kaWFzLzIwMjUvMDkvMTcvcGRmcy9CT0UtQS0yMDI1LTE4MzQyLnBkZj91dG1fY2FtcGFpZ249TGVnaXNsYWNpJUMzJUIzbiUyMFNlbWFuYWwlMjAxNSUyMGElMjAxOSUyMGRlJTIwU2VwdGllbWJyZSUyMDIwMjUmdXRtX21lZGl1bT1lbWFpbCZ1dG1fc291cmNlPU1haWxqZXQ\" target=\"_blank\" rel=\"noopener\">Reglamento del Fondo Espa\u00f1ol de Desarrollo Sostenible<\/a> (FEDES, F.C.P.J.)<\/li><\/ul>\t\t\t\t\t\t\t\t<\/div>\n\t\t\t\t<\/div>\n\t\t\t\t<div class=\"elementor-element elementor-element-69fab41 elementor-widget elementor-widget-heading\" data-id=\"69fab41\" data-element_type=\"widget\" data-e-type=\"widget\" data-widget_type=\"heading.default\">\n\t\t\t\t<div class=\"elementor-widget-container\">\n\t\t\t\t\t<h6 class=\"elementor-heading-title elementor-size-default\">Disposiciones generales \/ Comunidad Aut\u00f3noma de La Rioja<\/h6>\t\t\t\t<\/div>\n\t\t\t\t<\/div>\n\t\t\t\t<div class=\"elementor-element elementor-element-d67f64e elementor-widget elementor-widget-text-editor\" data-id=\"d67f64e\" data-element_type=\"widget\" data-e-type=\"widget\" data-widget_type=\"text-editor.default\">\n\t\t\t\t<div class=\"elementor-widget-container\">\n\t\t\t\t\t\t\t\t\t<ul><li>Ley 7\/2025, de 9 de septiembre, de <a href=\"https:\/\/go.abogacia.es\/lnk\/AU8AAHvgmOYAAc4cn_gAABAXVFoAAAAA0zoAAKFsABi_EgBozR16tw1wtovUSV2Zo-qa3POgMAAYIRA\/3\/aDXdIbnULB_iquEMTfzppw\/aHR0cHM6Ly93d3cuYm9lLmVzL2JvZS9kaWFzLzIwMjUvMDkvMTkvcGRmcy9CT0UtQS0yMDI1LTE4NTIyLnBkZj91dG1fY2FtcGFpZ249TGVnaXNsYWNpJUMzJUIzbiUyMFNlbWFuYWwlMjAxNSUyMGElMjAxOSUyMGRlJTIwU2VwdGllbWJyZSUyMDIwMjUmdXRtX21lZGl1bT1lbWFpbCZ1dG1fc291cmNlPU1haWxqZXQ\" target=\"_blank\" rel=\"noopener\">atenci\u00f3n y ordenaci\u00f3n farmac\u00e9utica de la Comunidad Aut\u00f3noma de La Rioja<\/a>.<\/li><\/ul>\t\t\t\t\t\t\t\t<\/div>\n\t\t\t\t<\/div>\n\t\t\t\t<div class=\"elementor-element elementor-element-a5683a3 elementor-widget elementor-widget-heading\" data-id=\"a5683a3\" data-element_type=\"widget\" data-e-type=\"widget\" data-widget_type=\"heading.default\">\n\t\t\t\t<div class=\"elementor-widget-container\">\n\t\t\t\t\t<h6 class=\"elementor-heading-title elementor-size-default\">Otras disposiciones \/ Ministerio de la Presidencia, Justicia y Relaciones con las Cortes<\/h6>\t\t\t\t<\/div>\n\t\t\t\t<\/div>\n\t\t\t\t<div class=\"elementor-element elementor-element-67c5fa2 elementor-widget elementor-widget-text-editor\" data-id=\"67c5fa2\" data-element_type=\"widget\" data-e-type=\"widget\" data-widget_type=\"text-editor.default\">\n\t\t\t\t<div class=\"elementor-widget-container\">\n\t\t\t\t\t\t\t\t\t<ul><li>Orden PJC\/1028\/2025, de 10 de septiembre, por la que se publica el <a href=\"https:\/\/go.abogacia.es\/lnk\/AU8AAHvgmOYAAc4cn_gAABAXVFoAAAAA0zoAAKFsABi_EgBozR16tw1wtovUSV2Zo-qa3POgMAAYIRA\/4\/VJSBtzoKgIVM1qSvQlF7aA\/aHR0cHM6Ly93d3cuYm9lLmVzL2JvZS9kaWFzLzIwMjUvMDkvMTkvcGRmcy9CT0UtQS0yMDI1LTE4NTc2LnBkZj91dG1fY2FtcGFpZ249TGVnaXNsYWNpJUMzJUIzbiUyMFNlbWFuYWwlMjAxNSUyMGElMjAxOSUyMGRlJTIwU2VwdGllbWJyZSUyMDIwMjUmdXRtX21lZGl1bT1lbWFpbCZ1dG1fc291cmNlPU1haWxqZXQ\" target=\"_blank\" rel=\"noopener\">Acuerdo del Consejo de Ministros de 26 de agosto de 2025, por el que se aprueba el Plan Nacional contra la Financiaci\u00f3n de la Proliferaci\u00f3n de Armas de Destrucci\u00f3n Masiva<\/a>.<\/li><\/ul>\t\t\t\t\t\t\t\t<\/div>\n\t\t\t\t<\/div>\n\t\t\t\t<div class=\"elementor-element elementor-element-7c378b8 elementor-widget elementor-widget-heading\" data-id=\"7c378b8\" data-element_type=\"widget\" data-e-type=\"widget\" data-widget_type=\"heading.default\">\n\t\t\t\t<div class=\"elementor-widget-container\">\n\t\t\t\t\t<h6 class=\"elementor-heading-title elementor-size-default\">Otras disposiciones \/ Comunidad Aut\u00f3noma del Pa\u00eds Vasco<\/h6>\t\t\t\t<\/div>\n\t\t\t\t<\/div>\n\t\t\t\t<div class=\"elementor-element elementor-element-2612de4 elementor-widget elementor-widget-text-editor\" data-id=\"2612de4\" data-element_type=\"widget\" data-e-type=\"widget\" data-widget_type=\"text-editor.default\">\n\t\t\t\t<div class=\"elementor-widget-container\">\n\t\t\t\t\t\t\t\t\t<ul><li>Orden de 2 de julio de 2025, del Departamento de Justicia y Derechos Humanos, por la que se acuerda el <a href=\"https:\/\/go.abogacia.es\/lnk\/AU8AAHvgmOYAAc4cn_gAABAXVFoAAAAA0zoAAKFsABi_EgBozR16tw1wtovUSV2Zo-qa3POgMAAYIRA\/5\/0QkePOTCw8Z0eJrk5gllBg\/aHR0cHM6Ly93d3cuYm9lLmVzL2JvZS9kaWFzLzIwMjUvMDkvMTgvcGRmcy9CT0UtQS0yMDI1LTE4NTEzLnBkZj91dG1fY2FtcGFpZ249TGVnaXNsYWNpJUMzJUIzbiUyMFNlbWFuYWwlMjAxNSUyMGElMjAxOSUyMGRlJTIwU2VwdGllbWJyZSUyMDIwMjUmdXRtX21lZGl1bT1lbWFpbCZ1dG1fc291cmNlPU1haWxqZXQ\" target=\"_blank\" rel=\"noopener\">dise\u00f1o y estructura de la Oficina judicial para los Tribunales de Instancia que deben constituirse el 1 de julio de 2025<\/a>, conforme a las previsiones contenidas en la Ley Org\u00e1nica 1\/2025, de 2 de enero, de medidas en materia de eficiencia del Servicio P\u00fablico de Justicia<\/li><\/ul>\t\t\t\t\t\t\t\t<\/div>\n\t\t\t\t<\/div>\n\t\t\t\t<div class=\"elementor-element elementor-element-2eed348 elementor-widget elementor-widget-heading\" data-id=\"2eed348\" data-element_type=\"widget\" data-e-type=\"widget\" data-widget_type=\"heading.default\">\n\t\t\t\t<div class=\"elementor-widget-container\">\n\t\t\t\t\t<h6 class=\"elementor-heading-title elementor-size-default\">Otras disposiciones \/ Comunidad Foral de Navarra<\/h6>\t\t\t\t<\/div>\n\t\t\t\t<\/div>\n\t\t\t\t<div class=\"elementor-element elementor-element-9d00769 elementor-widget elementor-widget-text-editor\" data-id=\"9d00769\" data-element_type=\"widget\" data-e-type=\"widget\" data-widget_type=\"text-editor.default\">\n\t\t\t\t<div class=\"elementor-widget-container\">\n\t\t\t\t\t\t\t\t\t<p>Resoluci\u00f3n 139\/2025, de 15 de abril, de la Direcci\u00f3n General de Justicia, del Departamento de Interior, Funci\u00f3n P\u00fablica y Justicia, por la que se acuerda el <a href=\"https:\/\/go.abogacia.es\/lnk\/AU8AAHvgmOYAAc4cn_gAABAXVFoAAAAA0zoAAKFsABi_EgBozR16tw1wtovUSV2Zo-qa3POgMAAYIRA\/6\/2W2BpKv2hAfy-767JQw7zA\/aHR0cHM6Ly93d3cuYm9lLmVzL2JvZS9kaWFzLzIwMjUvMDkvMTgvcGRmcy9CT0UtQS0yMDI1LTE4NTE0LnBkZj91dG1fY2FtcGFpZ249TGVnaXNsYWNpJUMzJUIzbiUyMFNlbWFuYWwlMjAxNSUyMGElMjAxOSUyMGRlJTIwU2VwdGllbWJyZSUyMDIwMjUmdXRtX21lZGl1bT1lbWFpbCZ1dG1fc291cmNlPU1haWxqZXQ\" target=\"_blank\" rel=\"noopener\">dise\u00f1o y estructura de las Oficinas de Justicia en los municipios y sus Agrupaciones<\/a>, conforme a las previsiones contenidas en la Ley Org\u00e1nica 1\/2025, de 2 de enero, de medidas en materia de eficiencia del Servicio P\u00fablico de Justicia, en la Comunidad Foral de Navarra.<\/p>\t\t\t\t\t\t\t\t<\/div>\n\t\t\t\t<\/div>\n\t\t\t\t<div class=\"elementor-element elementor-element-925ee2a elementor-widget elementor-widget-heading\" data-id=\"925ee2a\" data-element_type=\"widget\" data-e-type=\"widget\" data-widget_type=\"heading.default\">\n\t\t\t\t<div class=\"elementor-widget-container\">\n\t\t\t\t\t<h5 class=\"elementor-heading-title elementor-size-default\">DIARIO OFICIAL DE LA UNI\u00d3N EUROPEA<\/h5>\t\t\t\t<\/div>\n\t\t\t\t<\/div>\n\t\t\t\t<div class=\"elementor-element elementor-element-6e7a18d elementor-widget elementor-widget-text-editor\" data-id=\"6e7a18d\" data-element_type=\"widget\" data-e-type=\"widget\" data-widget_type=\"text-editor.default\">\n\t\t\t\t<div class=\"elementor-widget-container\">\n\t\t\t\t\t\t\t\t\t<p>Comunicaci\u00f3n de la Comisi\u00f3n \u2014 Directrices para la aplicaci\u00f3n del <a href=\"https:\/\/go.abogacia.es\/lnk\/AU8AAHvgmOYAAc4cn_gAABAXVFoAAAAA0zoAAKFsABi_EgBozR16tw1wtovUSV2Zo-qa3POgMAAYIRA\/7\/TAdI08401soD_vApOKQj2w\/aHR0cHM6Ly9ldXItbGV4LmV1cm9wYS5ldS9sZWdhbC1jb250ZW50L0VTL1RYVC8_dXJpPU9KOkNfMjAyNTA1MDEzJnV0bV9jYW1wYWlnbj1MZWdpc2xhY2klQzMlQjNuJTIwU2VtYW5hbCUyMDE1JTIwYSUyMDE5JTIwZGUlMjBTZXB0aWVtYnJlJTIwMjAyNSZ1dG1fbWVkaXVtPWVtYWlsJnV0bV9zb3VyY2U9TWFpbGpldA\" target=\"_blank\" rel=\"noopener\">programa de trabajo de 2025-2026 del Reglamento sobre la pasarela digital \u00fanica<\/a>.<\/p>\t\t\t\t\t\t\t\t<\/div>\n\t\t\t\t<\/div>\n\t\t\t\t<div class=\"elementor-element elementor-element-421ae5a elementor-widget elementor-widget-heading\" data-id=\"421ae5a\" data-element_type=\"widget\" data-e-type=\"widget\" data-widget_type=\"heading.default\">\n\t\t\t\t<div class=\"elementor-widget-container\">\n\t\t\t\t\t<h5 class=\"elementor-heading-title elementor-size-default\">CONGRESO DE LOS DIPUTADOS<\/h5>\t\t\t\t<\/div>\n\t\t\t\t<\/div>\n\t\t\t\t<div class=\"elementor-element elementor-element-11c5e73 elementor-widget elementor-widget-heading\" data-id=\"11c5e73\" data-element_type=\"widget\" data-e-type=\"widget\" data-widget_type=\"heading.default\">\n\t\t\t\t<div class=\"elementor-widget-container\">\n\t\t\t\t\t<h6 class=\"elementor-heading-title elementor-size-default\">Proyectos de Ley<\/h6>\t\t\t\t<\/div>\n\t\t\t\t<\/div>\n\t\t\t\t<div class=\"elementor-element elementor-element-3d7bc5f elementor-widget elementor-widget-text-editor\" data-id=\"3d7bc5f\" data-element_type=\"widget\" data-e-type=\"widget\" data-widget_type=\"text-editor.default\">\n\t\t\t\t<div class=\"elementor-widget-container\">\n\t\t\t\t\t\t\t\t\t<ul><li>Proyecto de Ley para la <a href=\"https:\/\/go.abogacia.es\/lnk\/AU8AAHvgmOYAAc4cn_gAABAXVFoAAAAA0zoAAKFsABi_EgBozR16tw1wtovUSV2Zo-qa3POgMAAYIRA\/8\/EZYCFHaqbspudKXWzWcqRA\/aHR0cHM6Ly93d3cuY29uZ3Jlc28uZXMvcHVibGljX29maWNpYWxlcy9MMTUvQ09ORy9CT0NHL0EvQk9DRy0xNS1BLTU4LTMuUERGP3V0bV9jYW1wYWlnbj1MZWdpc2xhY2klQzMlQjNuJTIwU2VtYW5hbCUyMDE1JTIwYSUyMDE5JTIwZGUlMjBTZXB0aWVtYnJlJTIwMjAyNSZ1dG1fbWVkaXVtPWVtYWlsJnV0bV9zb3VyY2U9TWFpbGpldA\" target=\"_blank\" rel=\"noopener\">reducci\u00f3n de la duraci\u00f3n m\u00e1xima de la jornada ordinaria de trabajo y la garant\u00eda del registro de jornada y el derecho a la desconexi\u00f3n<\/a>. <em>Aprobaci\u00f3n por el Pleno de las enmiendas a la totalidad de devoluci\u00f3n.<\/em><\/li><li>Proyecto de Ley por la que se modifican la Ley 48\/1960, de 21 de julio, sobre Navegaci\u00f3n A\u00e9rea, y la Ley 21\/2003, de 7 de julio, de Seguridad A\u00e9rea. <a href=\"https:\/\/go.abogacia.es\/lnk\/AU8AAHvgmOYAAc4cn_gAABAXVFoAAAAA0zoAAKFsABi_EgBozR16tw1wtovUSV2Zo-qa3POgMAAYIRA\/9\/pHL0VJf8PloV481nYVdqpQ\/aHR0cHM6Ly93d3cuY29uZ3Jlc28uZXMvcHVibGljX29maWNpYWxlcy9MMTUvQ09ORy9CT0NHL0EvQk9DRy0xNS1BLTIwLTguUERGP3V0bV9jYW1wYWlnbj1MZWdpc2xhY2klQzMlQjNuJTIwU2VtYW5hbCUyMDE1JTIwYSUyMDE5JTIwZGUlMjBTZXB0aWVtYnJlJTIwMjAyNSZ1dG1fbWVkaXVtPWVtYWlsJnV0bV9zb3VyY2U9TWFpbGpldA\" target=\"_blank\" rel=\"noopener\">Disconformidad del Gobierno con la tramitaci\u00f3n de determinadas enmiendas<\/a> | <a href=\"https:\/\/go.abogacia.es\/lnk\/AU8AAHvgmOYAAc4cn_gAABAXVFoAAAAA0zoAAKFsABi_EgBozR16tw1wtovUSV2Zo-qa3POgMAAYIRA\/10\/Cpvbum91hi1EjNoPcvC6VQ\/aHR0cHM6Ly93d3cuY29uZ3Jlc28uZXMvcHVibGljX29maWNpYWxlcy9MMTUvQ09ORy9CT0NHL0EvQk9DRy0xNS1BLTIwLTkuUERGP3V0bV9jYW1wYWlnbj1MZWdpc2xhY2klQzMlQjNuJTIwU2VtYW5hbCUyMDE1JTIwYSUyMDE5JTIwZGUlMjBTZXB0aWVtYnJlJTIwMjAyNSZ1dG1fbWVkaXVtPWVtYWlsJnV0bV9zb3VyY2U9TWFpbGpldA\">Enmiendas del Senado mediante mensaje motivado.\u00a0<\/a><\/li><li>Proyecto de Ley <a href=\"https:\/\/go.abogacia.es\/lnk\/AU8AAHvgmOYAAc4cn_gAABAXVFoAAAAA0zoAAKFsABi_EgBozR16tw1wtovUSV2Zo-qa3POgMAAYIRA\/11\/Y6NfU8cskHnL5QDkAhAJwA\/aHR0cHM6Ly93d3cuY29uZ3Jlc28uZXMvcHVibGljX29maWNpYWxlcy9MMTUvQ09ORy9CT0NHL0EvQk9DRy0xNS1BLTY5LTEuUERGP3V0bV9jYW1wYWlnbj1MZWdpc2xhY2klQzMlQjNuJTIwU2VtYW5hbCUyMDE1JTIwYSUyMDE5JTIwZGUlMjBTZXB0aWVtYnJlJTIwMjAyNSZ1dG1fbWVkaXVtPWVtYWlsJnV0bV9zb3VyY2U9TWFpbGpldA\" target=\"_blank\" rel=\"noopener\">por la que se ampl\u00eda el permiso de nacimiento y cuidado<\/a>, mediante la modificaci\u00f3n del texto refundido de la Ley del Estatuto de los Trabajadores, aprobado por el Real Decreto Legislativo 2\/2015, de 23 de octubre, el texto refundido de la Ley del Estatuto B\u00e1sico del Empleado P\u00fablico, aprobado por el Real Decreto Legislativo 5\/2015, de 30 de octubre, y el texto refundido de la Ley General de la Seguridad Social, aprobado por el Real Decreto Legislativo 8\/2015, de 30 de octubre, para completar la transposici\u00f3n de la Directiva (UE) 2019\/1158 del Parlamento Europeo y del Consejo, de 20 de junio de 2019, relativa a la conciliaci\u00f3n de la vida familiar y la vida profesional de los progenitores y los cuidadores, y por la que se deroga la Directiva 2010\/18\/UE del Consejo (procedente del Real Decreto-ley 9\/2025, de 29 de julio).<\/li><\/ul>\t\t\t\t\t\t\t\t<\/div>\n\t\t\t\t<\/div>\n\t\t\t\t<div class=\"elementor-element elementor-element-fdcb270 elementor-widget elementor-widget-heading\" data-id=\"fdcb270\" data-element_type=\"widget\" data-e-type=\"widget\" data-widget_type=\"heading.default\">\n\t\t\t\t<div class=\"elementor-widget-container\">\n\t\t\t\t\t<h5 class=\"elementor-heading-title elementor-size-default\">SENADO<\/h5>\t\t\t\t<\/div>\n\t\t\t\t<\/div>\n\t\t\t\t<div class=\"elementor-element elementor-element-42cb3f0 elementor-widget elementor-widget-heading\" data-id=\"42cb3f0\" data-element_type=\"widget\" data-e-type=\"widget\" data-widget_type=\"heading.default\">\n\t\t\t\t<div class=\"elementor-widget-container\">\n\t\t\t\t\t<h6 class=\"elementor-heading-title elementor-size-default\">Proposiciones de Ley<\/h6>\t\t\t\t<\/div>\n\t\t\t\t<\/div>\n\t\t\t\t<div class=\"elementor-element elementor-element-1c86414 elementor-widget elementor-widget-text-editor\" data-id=\"1c86414\" data-element_type=\"widget\" data-e-type=\"widget\" data-widget_type=\"text-editor.default\">\n\t\t\t\t<div class=\"elementor-widget-container\">\n\t\t\t\t\t\t\t\t\t<ul><li>Proposici\u00f3n de Ley Org\u00e1nica por la que se modifica la Ley Org\u00e1nica 5\/2000, de 12 de enero, reguladora de la <a href=\"https:\/\/go.abogacia.es\/lnk\/AU8AAHvgmOYAAc4cn_gAABAXVFoAAAAA0zoAAKFsABi_EgBozR16tw1wtovUSV2Zo-qa3POgMAAYIRA\/12\/3mNd84aEwFLfWWmA57AOsQ\/aHR0cHM6Ly93d3cuc2VuYWRvLmVzL2xlZ2lzMTUvcHVibGljYWNpb25lcy9wZGYvc2VuYWRvL2JvY2cvQk9DR19EXzE1XzMwNV8yNjk3LlBERj91dG1fY2FtcGFpZ249TGVnaXNsYWNpJUMzJUIzbiUyMFNlbWFuYWwlMjAxNSUyMGElMjAxOSUyMGRlJTIwU2VwdGllbWJyZSUyMDIwMjUmdXRtX21lZGl1bT1lbWFpbCZ1dG1fc291cmNlPU1haWxqZXQ\" target=\"_blank\" rel=\"noopener\">responsabilidad penal de los menores, para rebajar la edad penal y sancionar con m\u00e1s firmeza y eficacia los delitos cometidos por menores<\/a>. <em>Texto de la proposici\u00f3n.<\/em><\/li><li>Proposici\u00f3n de Ley Org\u00e1nica de <a href=\"https:\/\/go.abogacia.es\/lnk\/AU8AAHvgmOYAAc4cn_gAABAXVFoAAAAA0zoAAKFsABi_EgBozR16tw1wtovUSV2Zo-qa3POgMAAYIRA\/13\/rcadC0N4p-QHd8_Kezyyeg\/aHR0cHM6Ly93d3cuc2VuYWRvLmVzL2xlZ2lzMTUvcHVibGljYWNpb25lcy9wZGYvc2VuYWRvL2JvY2cvQk9DR19EXzE1XzMwNV8yNjk4LlBERj91dG1fY2FtcGFpZ249TGVnaXNsYWNpJUMzJUIzbiUyMFNlbWFuYWwlMjAxNSUyMGElMjAxOSUyMGRlJTIwU2VwdGllbWJyZSUyMDIwMjUmdXRtX21lZGl1bT1lbWFpbCZ1dG1fc291cmNlPU1haWxqZXQ\" target=\"_blank\" rel=\"noopener\">modificaci\u00f3n de la Ley Org\u00e1nica 4\/2000, de 11 de enero, sobre derechos y libertades de los extranjeros en Espa\u00f1a y su integraci\u00f3n social, para restringir la regularizaci\u00f3n de inmigrantes ilegales a trav\u00e9s del arraigo<\/a>. <em>Texto de la proposici\u00f3n<\/em><\/li><li>Proposici\u00f3n de Ley Org\u00e1nica de <a href=\"https:\/\/go.abogacia.es\/lnk\/AU8AAHvgmOYAAc4cn_gAABAXVFoAAAAA0zoAAKFsABi_EgBozR16tw1wtovUSV2Zo-qa3POgMAAYIRA\/14\/00a8uqrF9oYcwE2TuXVX5Q\/aHR0cHM6Ly93d3cuc2VuYWRvLmVzL2xlZ2lzMTUvcHVibGljYWNpb25lcy9wZGYvc2VuYWRvL2JvY2cvQk9DR19EXzE1XzMwNl8yNzA0LlBERj91dG1fY2FtcGFpZ249TGVnaXNsYWNpJUMzJUIzbiUyMFNlbWFuYWwlMjAxNSUyMGElMjAxOSUyMGRlJTIwU2VwdGllbWJyZSUyMDIwMjUmdXRtX21lZGl1bT1lbWFpbCZ1dG1fc291cmNlPU1haWxqZXQ\" target=\"_blank\" rel=\"noopener\">modificaci\u00f3n del art\u00edculo 578 de la Ley Org\u00e1nica 10\/1995, de 23 de noviembre, del C\u00f3digo Penal<\/a>. <em>Toma en consideraci\u00f3n<\/em><\/li><\/ul>\t\t\t\t\t\t\t\t<\/div>\n\t\t\t\t<\/div>\n\t\t\t\t<div class=\"elementor-element elementor-element-78f8917 elementor-widget elementor-widget-heading\" data-id=\"78f8917\" data-element_type=\"widget\" data-e-type=\"widget\" data-widget_type=\"heading.default\">\n\t\t\t\t<div class=\"elementor-widget-container\">\n\t\t\t\t\t<h5 class=\"elementor-heading-title elementor-size-default\">MINISTERIO FISCAL<\/h5>\t\t\t\t<\/div>\n\t\t\t\t<\/div>\n\t\t\t\t<div class=\"elementor-element elementor-element-50c9800 elementor-widget elementor-widget-text-editor\" data-id=\"50c9800\" data-element_type=\"widget\" data-e-type=\"widget\" data-widget_type=\"text-editor.default\">\n\t\t\t\t<div class=\"elementor-widget-container\">\n\t\t\t\t\t\t\t\t\t<ul><li>Actualizaci\u00f3n del <a href=\"https:\/\/go.abogacia.es\/lnk\/AU8AAHvgmOYAAc4cn_gAABAXVFoAAAAA0zoAAKFsABi_EgBozR16tw1wtovUSV2Zo-qa3POgMAAYIRA\/15\/vtnOSQuJ1mOLAoOPiW4hQg\/aHR0cHM6Ly93d3cuZmlzY2FsLmVzL2RvY3VtZW50cy8yMDE0Mi8xMzQwMDY5OS9BY3R1YWxpemFjaSVDMyVCM24rZGVsK0NvbnZlbmlvK2RlK0NvbGFib3JhY2klQzMlQjNuK2VudHJlK2VsK0NvbnNlam8rR2VuZXJhbCtkZWwrTm90YXJpYWRvK3krbGErRmlzY2FsJUMzJUFEYStHZW5lcmFsK2RlbCtFc3RhZG8rZGUrMjYrZGUranVsaW8rZGUrMjAxNi5wZGYvZTI4NzhjMmYtNjdhMi1iNTQwLWQ1N2ItNzVhYTc1OTJlYmU5P3Q9MTc1ODE4NDE2MTU5NyZ1dG1fY2FtcGFpZ249TGVnaXNsYWNpJUMzJUIzbiUyMFNlbWFuYWwlMjAxNSUyMGElMjAxOSUyMGRlJTIwU2VwdGllbWJyZSUyMDIwMjUmdXRtX21lZGl1bT1lbWFpbCZ1dG1fc291cmNlPU1haWxqZXQ\" target=\"_blank\" rel=\"noopener\">Convenio de Colaboraci\u00f3n entre el Consejo General del Notariado y la Fiscal\u00eda General del Estado<\/a> de 26 de julio de 2016.<\/li><\/ul>\t\t\t\t\t\t\t\t<\/div>\n\t\t\t\t<\/div>\n\t\t\t\t<div class=\"elementor-element elementor-element-96abe7d elementor-widget elementor-widget-heading\" data-id=\"96abe7d\" data-element_type=\"widget\" data-e-type=\"widget\" data-widget_type=\"heading.default\">\n\t\t\t\t<div class=\"elementor-widget-container\">\n\t\t\t\t\t<h5 class=\"elementor-heading-title elementor-size-default\">CONSULTA P\u00daBLICA PREVIA<\/h5>\t\t\t\t<\/div>\n\t\t\t\t<\/div>\n\t\t\t\t<div class=\"elementor-element elementor-element-8b6fa89 elementor-widget elementor-widget-heading\" data-id=\"8b6fa89\" data-element_type=\"widget\" data-e-type=\"widget\" data-widget_type=\"heading.default\">\n\t\t\t\t<div class=\"elementor-widget-container\">\n\t\t\t\t\t<h6 class=\"elementor-heading-title elementor-size-default\">Ministerio de Igualdad<\/h6>\t\t\t\t<\/div>\n\t\t\t\t<\/div>\n\t\t\t\t<div class=\"elementor-element elementor-element-f2598fd elementor-widget elementor-widget-text-editor\" data-id=\"f2598fd\" data-element_type=\"widget\" data-e-type=\"widget\" data-widget_type=\"text-editor.default\">\n\t\t\t\t<div class=\"elementor-widget-container\">\n\t\t\t\t\t\t\t\t\t<ul><li>Consulta p\u00fablica previa sobre la propuesta de <a href=\"https:\/\/go.abogacia.es\/lnk\/AU8AAHvgmOYAAc4cn_gAABAXVFoAAAAA0zoAAKFsABi_EgBozR16tw1wtovUSV2Zo-qa3POgMAAYIRA\/16\/RviReX74QD3UYQ51np3qkQ\/aHR0cHM6Ly93d3cuaWd1YWxkYWQuZ29iLmVzL3NlcnZpY2lvcy9wYXJ0aWNpcGFjaW9uL2NvbnN1bHRhcHVibGljYS9jb25zdWx0YS1wdWJsaWNhLXByZXZpYS1zb2JyZS1sYS1wcm9wdWVzdGEtZGUtbGV5LXBvci1sYS1xdWUtc2UtcmVndWxhLWVsLWVqZXJjaWNpby1kZS1sYS1wcm9mZXNpb24tZGUtYWdlbnRlLWRlLWlndWFsZGFkLz91dG1fY2FtcGFpZ249TGVnaXNsYWNpJUMzJUIzbiUyMFNlbWFuYWwlMjAxNSUyMGElMjAxOSUyMGRlJTIwU2VwdGllbWJyZSUyMDIwMjUmdXRtX21lZGl1bT1lbWFpbCZ1dG1fc291cmNlPU1haWxqZXQ\" target=\"_blank\" rel=\"noopener\">Ley por la que se regula el ejercicio de la profesi\u00f3n de Agente de Igualdad<\/a>.<\/li><\/ul>\t\t\t\t\t\t\t\t<\/div>\n\t\t\t\t<\/div>\n\t\t\t\t<div class=\"elementor-element elementor-element-86db3e5 elementor-widget elementor-widget-heading\" data-id=\"86db3e5\" data-element_type=\"widget\" data-e-type=\"widget\" data-widget_type=\"heading.default\">\n\t\t\t\t<div class=\"elementor-widget-container\">\n\t\t\t\t\t<h5 class=\"elementor-heading-title elementor-size-default\">AUDIENCIA E INFORMACI\u00d3N P\u00daBLICA<\/h5>\t\t\t\t<\/div>\n\t\t\t\t<\/div>\n\t\t\t\t<div class=\"elementor-element elementor-element-86dd4f0 elementor-widget elementor-widget-heading\" data-id=\"86dd4f0\" data-element_type=\"widget\" data-e-type=\"widget\" data-widget_type=\"heading.default\">\n\t\t\t\t<div class=\"elementor-widget-container\">\n\t\t\t\t\t<h6 class=\"elementor-heading-title elementor-size-default\">Ministerio de Sanidad<\/h6>\t\t\t\t<\/div>\n\t\t\t\t<\/div>\n\t\t\t\t<div class=\"elementor-element elementor-element-7ef24ed elementor-widget elementor-widget-text-editor\" data-id=\"7ef24ed\" data-element_type=\"widget\" data-e-type=\"widget\" data-widget_type=\"text-editor.default\">\n\t\t\t\t<div class=\"elementor-widget-container\">\n\t\t\t\t\t\t\t\t\t<ul><li>Proyecto de Real Decreto por el que se aprueba el <a href=\"https:\/\/go.abogacia.es\/lnk\/AU8AAHvgmOYAAc4cn_gAABAXVFoAAAAA0zoAAKFsABi_EgBozR16tw1wtovUSV2Zo-qa3POgMAAYIRA\/17\/-xVpUptzoGuNdCjBJ8vzGg\/aHR0cHM6Ly93d3cuc2FuaWRhZC5nb2IuZXMvbm9ybWF0aXZhL2F1ZGllbmNpYS9kb2NzLzIwMjUuMDkuMTVfUFJEUEVQUl9UZXh0b195X01BSU5fcGFyYV9JUF9UQS5wZGY_dXRtX2NhbXBhaWduPUxlZ2lzbGFjaSVDMyVCM24lMjBTZW1hbmFsJTIwMTUlMjBhJTIwMTklMjBkZSUyMFNlcHRpZW1icmUlMjAyMDI1JnV0bV9tZWRpdW09ZW1haWwmdXRtX3NvdXJjZT1NYWlsamV0\" target=\"_blank\" rel=\"noopener\">Plan Estatal de preparaci\u00f3n y respuesta frente a amenazas graves para la salud<\/a>.<\/li><\/ul>\t\t\t\t\t\t\t\t<\/div>\n\t\t\t\t<\/div>\n\t\t\t\t\t<\/div>\n\t\t<\/div>\n\t\t\t\t\t<\/div>\n\t\t<\/section>\n\t\t\t\t<\/div>\n\t\t","protected":false},"excerpt":{"rendered":"<p>Legislaci\u00f3n Semanal &#8211; Del 15 al 19 de Septiembre de 2025 BOLET\u00cdN OFICIAL DEL ESTADO Disposiciones generales \/Ministerio de la Presidencia, Justicia y Relaciones con las Cortes Real Decreto 810\/2025, de 16 de septiembre, por el que se aprueba el Reglamento del Fondo Espa\u00f1ol de Desarrollo Sostenible (FEDES, F.C.P.J.) Disposiciones generales \/ Comunidad Aut\u00f3noma de [&hellip;]<\/p>\n","protected":false},"author":1,"featured_media":0,"comment_status":"open","ping_status":"open","sticky":false,"template":"","format":"standard","meta":{"footnotes":""},"categories":[1],"tags":[],"class_list":["post-16907","post","type-post","status-publish","format-standard","hentry","category-uncategorized"],"_links":{"self":[{"href":"https:\/\/cms.icacordoba.23sd.es\/index.php\/wp-json\/wp\/v2\/posts\/16907","targetHints":{"allow":["GET"]}}],"collection":[{"href":"https:\/\/cms.icacordoba.23sd.es\/index.php\/wp-json\/wp\/v2\/posts"}],"about":[{"href":"https:\/\/cms.icacordoba.23sd.es\/index.php\/wp-json\/wp\/v2\/types\/post"}],"author":[{"embeddable":true,"href":"https:\/\/cms.icacordoba.23sd.es\/index.php\/wp-json\/wp\/v2\/users\/1"}],"replies":[{"embeddable":true,"href":"https:\/\/cms.icacordoba.23sd.es\/index.php\/wp-json\/wp\/v2\/comments?post=16907"}],"version-history":[{"count":6,"href":"https:\/\/cms.icacordoba.23sd.es\/index.php\/wp-json\/wp\/v2\/posts\/16907\/revisions"}],"predecessor-version":[{"id":16922,"href":"https:\/\/cms.icacordoba.23sd.es\/index.php\/wp-json\/wp\/v2\/posts\/16907\/revisions\/16922"}],"wp:attachment":[{"href":"https:\/\/cms.icacordoba.23sd.es\/index.php\/wp-json\/wp\/v2\/media?parent=16907"}],"wp:term":[{"taxonomy":"category","embeddable":true,"href":"https:\/\/cms.icacordoba.23sd.es\/index.php\/wp-json\/wp\/v2\/categories?post=16907"},{"taxonomy":"post_tag","embeddable":true,"href":"https:\/\/cms.icacordoba.23sd.es\/index.php\/wp-json\/wp\/v2\/tags?post=16907"}],"curies":[{"name":"wp","href":"https:\/\/api.w.org\/{rel}","templated":true}]}}