{"id":16759,"date":"2025-09-09T19:28:58","date_gmt":"2025-09-09T19:28:58","guid":{"rendered":"https:\/\/cms.icacordoba.23sd.es\/index.php\/16759\/"},"modified":"2025-09-12T09:34:51","modified_gmt":"2025-09-12T09:34:51","slug":"legislacion-semanal-8-al-12-de-septiembre-de-2025","status":"publish","type":"post","link":"https:\/\/cms.icacordoba.23sd.es\/index.php\/16759\/","title":{"rendered":"Legislaci\u00f3n Semanal. 8 al 12 de septiembre de 2025"},"content":{"rendered":"\t\t<div data-elementor-type=\"wp-post\" data-elementor-id=\"16759\" class=\"elementor elementor-16759\" data-elementor-post-type=\"post\">\n\t\t\t\t\t\t<section class=\"elementor-section elementor-top-section elementor-element elementor-element-9fc9503 elementor-section-boxed elementor-section-height-default elementor-section-height-default\" data-id=\"9fc9503\" data-element_type=\"section\" data-e-type=\"section\">\n\t\t\t\t\t\t<div class=\"elementor-container elementor-column-gap-default\">\n\t\t\t\t\t<div class=\"elementor-column elementor-col-100 elementor-top-column elementor-element elementor-element-79bbccb\" data-id=\"79bbccb\" data-element_type=\"column\" data-e-type=\"column\">\n\t\t\t<div class=\"elementor-widget-wrap elementor-element-populated\">\n\t\t\t\t\t\t<div class=\"elementor-element elementor-element-4c82f35 elementor-widget elementor-widget-heading\" data-id=\"4c82f35\" data-element_type=\"widget\" data-e-type=\"widget\" data-widget_type=\"heading.default\">\n\t\t\t\t<div class=\"elementor-widget-container\">\n\t\t\t\t\t<h4 class=\"elementor-heading-title elementor-size-default\">Legislaci\u00f3n Semanal - Del 8 al 12 de Septiembre de 2025<\/h4>\t\t\t\t<\/div>\n\t\t\t\t<\/div>\n\t\t\t\t\t<\/div>\n\t\t<\/div>\n\t\t\t\t\t<\/div>\n\t\t<\/section>\n\t\t\t\t<section class=\"elementor-section elementor-top-section elementor-element elementor-element-8038daa elementor-section-boxed elementor-section-height-default elementor-section-height-default\" data-id=\"8038daa\" data-element_type=\"section\" data-e-type=\"section\">\n\t\t\t\t\t\t<div class=\"elementor-container elementor-column-gap-default\">\n\t\t\t\t\t<div class=\"elementor-column elementor-col-100 elementor-top-column elementor-element elementor-element-b004bf6\" data-id=\"b004bf6\" data-element_type=\"column\" data-e-type=\"column\">\n\t\t\t<div class=\"elementor-widget-wrap elementor-element-populated\">\n\t\t\t\t\t\t<div class=\"elementor-element elementor-element-4ca958c elementor-widget elementor-widget-heading\" data-id=\"4ca958c\" data-element_type=\"widget\" data-e-type=\"widget\" data-widget_type=\"heading.default\">\n\t\t\t\t<div class=\"elementor-widget-container\">\n\t\t\t\t\t<h5 class=\"elementor-heading-title elementor-size-default\">BOLET\u00cdN OFICIAL DEL ESTADO<\/h5>\t\t\t\t<\/div>\n\t\t\t\t<\/div>\n\t\t\t\t<div class=\"elementor-element elementor-element-4708712 elementor-widget elementor-widget-heading\" data-id=\"4708712\" data-element_type=\"widget\" data-e-type=\"widget\" data-widget_type=\"heading.default\">\n\t\t\t\t<div class=\"elementor-widget-container\">\n\t\t\t\t\t<h6 class=\"elementor-heading-title elementor-size-default\">Disposiciones generales \/Cortes Generales<\/h6>\t\t\t\t<\/div>\n\t\t\t\t<\/div>\n\t\t\t\t<div class=\"elementor-element elementor-element-f42f99f elementor-widget elementor-widget-text-editor\" data-id=\"f42f99f\" data-element_type=\"widget\" data-e-type=\"widget\" data-widget_type=\"text-editor.default\">\n\t\t\t\t<div class=\"elementor-widget-container\">\n\t\t\t\t\t\t\t\t\t<ul><li>Resoluci\u00f3n de 9 de septiembre de 2025, del Congreso de los Diputados, por la que se ordena la <a href=\"https:\/\/go.abogacia.es\/lnk\/AXEAAHxIbm8AAc4cjRwAABAXVFoAAAAA0zoAAKFsABi_EgBow9PpkoGWFsHZQvSXcM4KCO1i3QAYIRA\/2\/N87If8sTi7OlYaqGSp5XfA\/aHR0cHM6Ly93d3cuYm9lLmVzL2JvZS9kaWFzLzIwMjUvMDkvMTEvcGRmcy9CT0UtQS0yMDI1LTE3OTk5LnBkZj91dG1fY2FtcGFpZ249TGVnaXNsYWNpJUMzJUIzbiUyMFNlbWFuYWwlMjAwOCUyMGElMjAxMiUyMGRlJTIwU2VwdGllbWJyZSUyMGRlJTIwMjAyNSZ1dG1fbWVkaXVtPWVtYWlsJnV0bV9zb3VyY2U9TWFpbGpldA\" target=\"_blank\" rel=\"noopener\">publicaci\u00f3n del Acuerdo de convalidaci\u00f3n del Real Decreto-ley 9\/2025, de 29 de julio, por el que se ampl\u00eda el permiso de nacimiento y cuidado, mediante la modificaci\u00f3n del texto refundido de la Ley del Estatuto de los Trabajadores<\/a>, aprobado por el Real Decreto Legislativo 2\/2015, de 23 de octubre, el texto refundido de la Ley del Estatuto B\u00e1sico del Empleado P\u00fablico, aprobado por el Real Decreto Legislativo 5\/2015, de 30 de octubre, y el texto refundido de la Ley General de la Seguridad Social, aprobado por el Real Decreto Legislativo 8\/2015, de 30 de octubre, para completar la transposici\u00f3n de la Directiva (UE) 2019\/1158 del Parlamento Europeo y del Consejo, de 20 de junio de 2019, relativa a la conciliaci\u00f3n de la vida familiar y la vida profesional de los progenitores y los cuidadores, y por la que se deroga la Directiva 2010\/18\/UE del Consejo.<\/li><\/ul>\t\t\t\t\t\t\t\t<\/div>\n\t\t\t\t<\/div>\n\t\t\t\t<div class=\"elementor-element elementor-element-d6ea00c elementor-widget elementor-widget-heading\" data-id=\"d6ea00c\" data-element_type=\"widget\" data-e-type=\"widget\" data-widget_type=\"heading.default\">\n\t\t\t\t<div class=\"elementor-widget-container\">\n\t\t\t\t\t<h6 class=\"elementor-heading-title elementor-size-default\">Disposiciones generales \/ Ministerio de Trabajo y Econom\u00eda Social<\/h6>\t\t\t\t<\/div>\n\t\t\t\t<\/div>\n\t\t\t\t<div class=\"elementor-element elementor-element-53be94e elementor-widget elementor-widget-text-editor\" data-id=\"53be94e\" data-element_type=\"widget\" data-e-type=\"widget\" data-widget_type=\"text-editor.default\">\n\t\t\t\t<div class=\"elementor-widget-container\">\n\t\t\t\t\t\t\t\t\t<ul><li>Resoluci\u00f3n de 8 de septiembre de 2025, de la Secretar\u00eda de Estado de Trabajo, por la que se publica el <a href=\"https:\/\/go.abogacia.es\/lnk\/AXEAAHxIbm8AAc4cjRwAABAXVFoAAAAA0zoAAKFsABi_EgBow9PpkoGWFsHZQvSXcM4KCO1i3QAYIRA\/3\/jcYSZYRt0sCBmwJLKyJjwg\/aHR0cHM6Ly93d3cuYm9lLmVzL2JvZS9kaWFzLzIwMjUvMDkvMTIvcGRmcy9CT0UtQS0yMDI1LTE4MDc4LnBkZj91dG1fY2FtcGFpZ249TGVnaXNsYWNpJUMzJUIzbiUyMFNlbWFuYWwlMjAwOCUyMGElMjAxMiUyMGRlJTIwU2VwdGllbWJyZSUyMGRlJTIwMjAyNSZ1dG1fbWVkaXVtPWVtYWlsJnV0bV9zb3VyY2U9TWFpbGpldA\" target=\"_blank\" rel=\"noopener\">Acuerdo de Consejo de Ministros de 26 de agosto de 2025, por el que se aprueba el Plan Estrat\u00e9gico de la Inspecci\u00f3n de Trabajo y Seguridad Social 2025-2027<\/a>.<\/li><\/ul>\t\t\t\t\t\t\t\t<\/div>\n\t\t\t\t<\/div>\n\t\t\t\t<div class=\"elementor-element elementor-element-a4473e0 elementor-widget elementor-widget-heading\" data-id=\"a4473e0\" data-element_type=\"widget\" data-e-type=\"widget\" data-widget_type=\"heading.default\">\n\t\t\t\t<div class=\"elementor-widget-container\">\n\t\t\t\t\t<h6 class=\"elementor-heading-title elementor-size-default\">Otras disposiciones \/ Comunidad Aut\u00f3noma de Arag\u00f3n<\/h6>\t\t\t\t<\/div>\n\t\t\t\t<\/div>\n\t\t\t\t<div class=\"elementor-element elementor-element-62c0f2a elementor-widget elementor-widget-text-editor\" data-id=\"62c0f2a\" data-element_type=\"widget\" data-e-type=\"widget\" data-widget_type=\"text-editor.default\">\n\t\t\t\t<div class=\"elementor-widget-container\">\n\t\t\t\t\t\t\t\t\t<ul><li>Decreto 96\/2025, de 3 de septiembre, del Gobierno de Arag\u00f3n, por el que se acuerda el <a href=\"https:\/\/go.abogacia.es\/lnk\/AXEAAHxIbm8AAc4cjRwAABAXVFoAAAAA0zoAAKFsABi_EgBow9PpkoGWFsHZQvSXcM4KCO1i3QAYIRA\/4\/0BTNJKMmftPaIUJUnWH2dQ\/aHR0cHM6Ly93d3cuYm9lLmVzL2JvZS9kaWFzLzIwMjUvMDkvMDgvcGRmcy9CT0UtQS0yMDI1LTE3ODU1LnBkZj91dG1fY2FtcGFpZ249TGVnaXNsYWNpJUMzJUIzbiUyMFNlbWFuYWwlMjAwOCUyMGElMjAxMiUyMGRlJTIwU2VwdGllbWJyZSUyMGRlJTIwMjAyNSZ1dG1fbWVkaXVtPWVtYWlsJnV0bV9zb3VyY2U9TWFpbGpldA\" target=\"_blank\" rel=\"noopener\">dise\u00f1o y estructura de la Oficina Judicial para los Tribunales de Instancia que han de constituirse con fecha 31 de diciembre de 2025 en la Comunidad Aut\u00f3noma de Arag\u00f3n, conforme a las previsiones de la Ley Org\u00e1nica 1\/2025<\/a>, de 2 de enero, de medidas en materia de Eficiencia del Servicio P\u00fablico de Justicia.<\/li><\/ul>\t\t\t\t\t\t\t\t<\/div>\n\t\t\t\t<\/div>\n\t\t\t\t<div class=\"elementor-element elementor-element-e63f4cc elementor-widget elementor-widget-heading\" data-id=\"e63f4cc\" data-element_type=\"widget\" data-e-type=\"widget\" data-widget_type=\"heading.default\">\n\t\t\t\t<div class=\"elementor-widget-container\">\n\t\t\t\t\t<h5 class=\"elementor-heading-title elementor-size-default\">DIARIO OFICIAL DE LA UNI\u00d3N EUROPEA<\/h5>\t\t\t\t<\/div>\n\t\t\t\t<\/div>\n\t\t\t\t<div class=\"elementor-element elementor-element-d2b51ac elementor-widget elementor-widget-heading\" data-id=\"d2b51ac\" data-element_type=\"widget\" data-e-type=\"widget\" data-widget_type=\"heading.default\">\n\t\t\t\t<div class=\"elementor-widget-container\">\n\t\t\t\t\t<h6 class=\"elementor-heading-title elementor-size-default\">Actos preparatorios \/ Parlamento Europeo<\/h6>\t\t\t\t<\/div>\n\t\t\t\t<\/div>\n\t\t\t\t<div class=\"elementor-element elementor-element-a345b32 elementor-widget elementor-widget-text-editor\" data-id=\"a345b32\" data-element_type=\"widget\" data-e-type=\"widget\" data-widget_type=\"text-editor.default\">\n\t\t\t\t<div class=\"elementor-widget-container\">\n\t\t\t\t\t\t\t\t\t<ul><li>Resoluci\u00f3n del Parlamento Europeo, de 2 de abril de 2025, sobre <a href=\"https:\/\/go.abogacia.es\/lnk\/AXEAAHxIbm8AAc4cjRwAABAXVFoAAAAA0zoAAKFsABi_EgBow9PpkoGWFsHZQvSXcM4KCO1i3QAYIRA\/5\/3tSdfDOIjt4Jy86B0qB6jQ\/aHR0cHM6Ly9ldXItbGV4LmV1cm9wYS5ldS9sZWdhbC1jb250ZW50L0VTL1RYVC9QREYvP3VyaT1PSjpDXzIwMjUwNDM5MCZ1dG1fY2FtcGFpZ249TGVnaXNsYWNpJUMzJUIzbiUyMFNlbWFuYWwlMjAwOCUyMGElMjAxMiUyMGRlJTIwU2VwdGllbWJyZSUyMGRlJTIwMjAyNSZ1dG1fbWVkaXVtPWVtYWlsJnV0bV9zb3VyY2U9TWFpbGpldA\" target=\"_blank\" rel=\"noopener\">los derechos humanos y la democracia en el mundo y la pol\u00edtica de la Uni\u00f3n Europea al respecto: informe anual 2024<\/a> (2024\/2081(INI)).<\/li><\/ul>\t\t\t\t\t\t\t\t<\/div>\n\t\t\t\t<\/div>\n\t\t\t\t<div class=\"elementor-element elementor-element-eebf3d5 elementor-widget elementor-widget-heading\" data-id=\"eebf3d5\" data-element_type=\"widget\" data-e-type=\"widget\" data-widget_type=\"heading.default\">\n\t\t\t\t<div class=\"elementor-widget-container\">\n\t\t\t\t\t<h6 class=\"elementor-heading-title elementor-size-default\">Actos legislativos \/ Directivas<\/h6>\t\t\t\t<\/div>\n\t\t\t\t<\/div>\n\t\t\t\t<div class=\"elementor-element elementor-element-bde9d8f elementor-widget elementor-widget-text-editor\" data-id=\"bde9d8f\" data-element_type=\"widget\" data-e-type=\"widget\" data-widget_type=\"text-editor.default\">\n\t\t\t\t<div class=\"elementor-widget-container\">\n\t\t\t\t\t\t\t\t\t<ul><li>Directiva (UE) 2025\/1788 del Consejo, de 24 de junio de 2025, por la que se fijan las <a href=\"https:\/\/go.abogacia.es\/lnk\/AXEAAHxIbm8AAc4cjRwAABAXVFoAAAAA0zoAAKFsABi_EgBow9PpkoGWFsHZQvSXcM4KCO1i3QAYIRA\/6\/zil5q2J1E7uNPRqarl42Lg\/aHR0cHM6Ly9ldXItbGV4LmV1cm9wYS5ldS9sZWdhbC1jb250ZW50L0VTL1RYVC9QREYvP3VyaT1PSjpMXzIwMjUwMTc4OCZ1dG1fY2FtcGFpZ249TGVnaXNsYWNpJUMzJUIzbiUyMFNlbWFuYWwlMjAwOCUyMGElMjAxMiUyMGRlJTIwU2VwdGllbWJyZSUyMGRlJTIwMjAyNSZ1dG1fbWVkaXVtPWVtYWlsJnV0bV9zb3VyY2U9TWFpbGpldA\" target=\"_blank\" rel=\"noopener\">modalidades de ejercicio del derecho de sufragio activo y pasivo en las elecciones al Parlamento Europeo por parte de los ciudadanos de la Uni\u00f3n residentes en un Estado miembro del que no sean nacionales<\/a>, (versi\u00f3n refundida).<\/li><\/ul>\t\t\t\t\t\t\t\t<\/div>\n\t\t\t\t<\/div>\n\t\t\t\t<div class=\"elementor-element elementor-element-548f8c4 elementor-widget elementor-widget-heading\" data-id=\"548f8c4\" data-element_type=\"widget\" data-e-type=\"widget\" data-widget_type=\"heading.default\">\n\t\t\t\t<div class=\"elementor-widget-container\">\n\t\t\t\t\t<h5 class=\"elementor-heading-title elementor-size-default\">CONGRESO DE LOS DIPUTADOS<\/h5>\t\t\t\t<\/div>\n\t\t\t\t<\/div>\n\t\t\t\t<div class=\"elementor-element elementor-element-4ce39db elementor-widget elementor-widget-text-editor\" data-id=\"4ce39db\" data-element_type=\"widget\" data-e-type=\"widget\" data-widget_type=\"text-editor.default\">\n\t\t\t\t<div class=\"elementor-widget-container\">\n\t\t\t\t\t\t\t\t\t<ul><li><a href=\"https:\/\/go.abogacia.es\/lnk\/AXEAAHxIbm8AAc4cjRwAABAXVFoAAAAA0zoAAKFsABi_EgBow9PpkoGWFsHZQvSXcM4KCO1i3QAYIRA\/7\/P4VGhf_k_mRxrOmGrV4plQ\/aHR0cHM6Ly93d3cuY29uZ3Jlc28uZXMvcHVibGljX29maWNpYWxlcy9MMTUvQ09ORy9CT0NHL0QvQk9DRy0xNS1ELTM4OC5QREY_dXRtX2NhbXBhaWduPUxlZ2lzbGFjaSVDMyVCM24lMjBTZW1hbmFsJTIwMDglMjBhJTIwMTIlMjBkZSUyMFNlcHRpZW1icmUlMjBkZSUyMDIwMjUmdXRtX21lZGl1bT1lbWFpbCZ1dG1fc291cmNlPU1haWxqZXQ\" target=\"_blank\" rel=\"noopener\">Reglamento del Congreso<\/a> y normas complementarias<\/li><\/ul>\t\t\t\t\t\t\t\t<\/div>\n\t\t\t\t<\/div>\n\t\t\t\t<div class=\"elementor-element elementor-element-bd89f04 elementor-widget elementor-widget-heading\" data-id=\"bd89f04\" data-element_type=\"widget\" data-e-type=\"widget\" data-widget_type=\"heading.default\">\n\t\t\t\t<div class=\"elementor-widget-container\">\n\t\t\t\t\t<h5 class=\"elementor-heading-title elementor-size-default\">CONSULA P\u00daBLICA PREVIA<\/h5>\t\t\t\t<\/div>\n\t\t\t\t<\/div>\n\t\t\t\t<div class=\"elementor-element elementor-element-4229690 elementor-widget elementor-widget-heading\" data-id=\"4229690\" data-element_type=\"widget\" data-e-type=\"widget\" data-widget_type=\"heading.default\">\n\t\t\t\t<div class=\"elementor-widget-container\">\n\t\t\t\t\t<h6 class=\"elementor-heading-title elementor-size-default\">Ministerio de Trabajo y Econom\u00eda Social<\/h6>\t\t\t\t<\/div>\n\t\t\t\t<\/div>\n\t\t\t\t<div class=\"elementor-element elementor-element-ee9a54d elementor-widget elementor-widget-text-editor\" data-id=\"ee9a54d\" data-element_type=\"widget\" data-e-type=\"widget\" data-widget_type=\"text-editor.default\">\n\t\t\t\t<div class=\"elementor-widget-container\">\n\t\t\t\t\t\t\t\t\t<ul><li>Proyecto de Real Decreto por el que se desarrolla el <a href=\"https:\/\/go.abogacia.es\/lnk\/AXEAAHxIbm8AAc4cjRwAABAXVFoAAAAA0zoAAKFsABi_EgBow9PpkoGWFsHZQvSXcM4KCO1i3QAYIRA\/8\/L9yPF6SnmLxzuTF4FX6OJg\/aHR0cHM6Ly9leHBpbnRlcndlYi5taXRlcy5nb2IuZXMvcGFydGljaXBhL2xpc3RhZG8_dHJhbWl0ZT0yJmVzdGFkbz0xJnV0bV9jYW1wYWlnbj1MZWdpc2xhY2klQzMlQjNuJTIwU2VtYW5hbCUyMDA4JTIwYSUyMDEyJTIwZGUlMjBTZXB0aWVtYnJlJTIwZGUlMjAyMDI1JnV0bV9tZWRpdW09ZW1haWwmdXRtX3NvdXJjZT1NYWlsamV0\" target=\"_blank\" rel=\"noopener\">Texto Refundido de la Ley del Estatuto De los Trabajadores en materia de registro de jornada<\/a>.<\/li><\/ul>\t\t\t\t\t\t\t\t<\/div>\n\t\t\t\t<\/div>\n\t\t\t\t<div class=\"elementor-element elementor-element-e7b00b7 elementor-widget elementor-widget-heading\" data-id=\"e7b00b7\" data-element_type=\"widget\" data-e-type=\"widget\" data-widget_type=\"heading.default\">\n\t\t\t\t<div class=\"elementor-widget-container\">\n\t\t\t\t\t<h6 class=\"elementor-heading-title elementor-size-default\">Ministerio de Hacienda<\/h6>\t\t\t\t<\/div>\n\t\t\t\t<\/div>\n\t\t\t\t<div class=\"elementor-element elementor-element-f47fbff elementor-widget elementor-widget-text-editor\" data-id=\"f47fbff\" data-element_type=\"widget\" data-e-type=\"widget\" data-widget_type=\"text-editor.default\">\n\t\t\t\t<div class=\"elementor-widget-container\">\n\t\t\t\t\t\t\t\t\t<ul><li>Consulta p\u00fablica previa del <a href=\"https:\/\/go.abogacia.es\/lnk\/AXEAAHxIbm8AAc4cjRwAABAXVFoAAAAA0zoAAKFsABi_EgBow9PpkoGWFsHZQvSXcM4KCO1i3QAYIRA\/9\/da7n2ZcS97_l711ssWGZ-g\/aHR0cHM6Ly93d3cuaGFjaWVuZGEuZ29iLmVzL1NHVC9Ob3JtYXRpdmFEb2N0cmluYS9Qcm95ZWN0b3MvMDkwOTIwMjUtQVBMTy1sdWNoYS1jb250cmEtY29ycnVwY2lvbi5wZGY_dXRtX2NhbXBhaWduPUxlZ2lzbGFjaSVDMyVCM24lMjBTZW1hbmFsJTIwMDglMjBhJTIwMTIlMjBkZSUyMFNlcHRpZW1icmUlMjBkZSUyMDIwMjUmdXRtX21lZGl1bT1lbWFpbCZ1dG1fc291cmNlPU1haWxqZXQ\" target=\"_blank\" rel=\"noopener\">anteproyecto de Ley Org\u00e1nica de implementaci\u00f3n del Plan Estatal de Lucha contra la Corrupci\u00f3n<\/a>.<\/li><\/ul>\t\t\t\t\t\t\t\t<\/div>\n\t\t\t\t<\/div>\n\t\t\t\t<div class=\"elementor-element elementor-element-992a90a elementor-widget elementor-widget-heading\" data-id=\"992a90a\" data-element_type=\"widget\" data-e-type=\"widget\" data-widget_type=\"heading.default\">\n\t\t\t\t<div class=\"elementor-widget-container\">\n\t\t\t\t\t<h6 class=\"elementor-heading-title elementor-size-default\">Ministerio de Sanidad<\/h6>\t\t\t\t<\/div>\n\t\t\t\t<\/div>\n\t\t\t\t<div class=\"elementor-element elementor-element-c995a6c elementor-widget elementor-widget-text-editor\" data-id=\"c995a6c\" data-element_type=\"widget\" data-e-type=\"widget\" data-widget_type=\"text-editor.default\">\n\t\t\t\t<div class=\"elementor-widget-container\">\n\t\t\t\t\t\t\t\t\t<ul><li><a href=\"https:\/\/go.abogacia.es\/lnk\/AXEAAHxIbm8AAc4cjRwAABAXVFoAAAAA0zoAAKFsABi_EgBow9PpkoGWFsHZQvSXcM4KCO1i3QAYIRA\/10\/AmF2vVb62KyLiibwcY8bbg\/aHR0cHM6Ly93d3cuc2FuaWRhZC5nb2IuZXMvbm9ybWF0aXZhL2NvbnN1bHRhcy9ob21lLmh0bT91dG1fY2FtcGFpZ249TGVnaXNsYWNpJUMzJUIzbiUyMFNlbWFuYWwlMjAwOCUyMGElMjAxMiUyMGRlJTIwU2VwdGllbWJyZSUyMGRlJTIwMjAyNSZ1dG1fbWVkaXVtPWVtYWlsJnV0bV9zb3VyY2U9TWFpbGpldA\" target=\"_blank\" rel=\"noopener\">Anteproyecto de Ley de Organizaciones de Pacientes<\/a>.<\/li><\/ul>\t\t\t\t\t\t\t\t<\/div>\n\t\t\t\t<\/div>\n\t\t\t\t<div class=\"elementor-element elementor-element-2c93f18 elementor-widget elementor-widget-heading\" data-id=\"2c93f18\" data-element_type=\"widget\" data-e-type=\"widget\" data-widget_type=\"heading.default\">\n\t\t\t\t<div class=\"elementor-widget-container\">\n\t\t\t\t\t<h5 class=\"elementor-heading-title elementor-size-default\">AUDIENCIA E INFORMACI\u00d3N P\u00daBLICA<\/h5>\t\t\t\t<\/div>\n\t\t\t\t<\/div>\n\t\t\t\t<div class=\"elementor-element elementor-element-b6b6540 elementor-widget elementor-widget-heading\" data-id=\"b6b6540\" data-element_type=\"widget\" data-e-type=\"widget\" data-widget_type=\"heading.default\">\n\t\t\t\t<div class=\"elementor-widget-container\">\n\t\t\t\t\t<h6 class=\"elementor-heading-title elementor-size-default\">Ministerio de la Presidencia, Justicia y Relaciones con las Cortes<\/h6>\t\t\t\t<\/div>\n\t\t\t\t<\/div>\n\t\t\t\t<div class=\"elementor-element elementor-element-74eaac2 elementor-widget elementor-widget-text-editor\" data-id=\"74eaac2\" data-element_type=\"widget\" data-e-type=\"widget\" data-widget_type=\"text-editor.default\">\n\t\t\t\t<div class=\"elementor-widget-container\">\n\t\t\t\t\t\t\t\t\t<ul><li>Anteproyecto de Ley Org\u00e1nica reguladora del <a href=\"https:\/\/go.abogacia.es\/lnk\/AXEAAHxIbm8AAc4cjRwAABAXVFoAAAAA0zoAAKFsABi_EgBow9PpkoGWFsHZQvSXcM4KCO1i3QAYIRA\/11\/TbIusPmAVJ8FhgnUOJLnow\/aHR0cHM6Ly93d3cubXByLmdvYi5lcy9zZXJ2aWNpb3MvcGFydGljaXBhY2lvbi9hdWRpZW5jaWFwdWJsaWNhL1BhZ2luYXMvMjAyNS8yMDI1LTAzOTcgQVBMTyBzZWNyZXRvIHByb2Zlc2lvbmFsIHBlcmlvZGlzdGFzL2FudGVwcm95ZWN0by1kZS1sZXktb3JnLW5pY2EtcmVndWxhZG9yYS1kZWwtZGVyZWNoLmFzcHg_dXRtX2NhbXBhaWduPUxlZ2lzbGFjaSVDMyVCM24lMjBTZW1hbmFsJTIwMDglMjBhJTIwMTIlMjBkZSUyMFNlcHRpZW1icmUlMjBkZSUyMDIwMjUmdXRtX21lZGl1bT1lbWFpbCZ1dG1fc291cmNlPU1haWxqZXQ\" target=\"_blank\" rel=\"noopener\">derecho al secreto profesional de los periodistas<\/a>.<\/li><\/ul>\t\t\t\t\t\t\t\t<\/div>\n\t\t\t\t<\/div>\n\t\t\t\t<div class=\"elementor-element elementor-element-3c0aa7a elementor-widget elementor-widget-heading\" data-id=\"3c0aa7a\" data-element_type=\"widget\" data-e-type=\"widget\" data-widget_type=\"heading.default\">\n\t\t\t\t<div class=\"elementor-widget-container\">\n\t\t\t\t\t<h5 class=\"elementor-heading-title elementor-size-default\">BOLETINES OFICIALES<\/h5>\t\t\t\t<\/div>\n\t\t\t\t<\/div>\n\t\t\t\t<div class=\"elementor-element elementor-element-ded7c86 elementor-widget elementor-widget-heading\" data-id=\"ded7c86\" data-element_type=\"widget\" data-e-type=\"widget\" data-widget_type=\"heading.default\">\n\t\t\t\t<div class=\"elementor-widget-container\">\n\t\t\t\t\t<h6 class=\"elementor-heading-title elementor-size-default\">CANARIAS: Disposiciones generales \/ Consejer\u00eda de Presidencia, Administraciones P\u00fablicas, Justicia y Seguridad<\/h6>\t\t\t\t<\/div>\n\t\t\t\t<\/div>\n\t\t\t\t<div class=\"elementor-element elementor-element-64d7aa0 elementor-widget elementor-widget-text-editor\" data-id=\"64d7aa0\" data-element_type=\"widget\" data-e-type=\"widget\" data-widget_type=\"text-editor.default\">\n\t\t\t\t<div class=\"elementor-widget-container\">\n\t\t\t\t\t\t\t\t\t<ul><li>Orden de 25 de agosto de 2025, por la que se modifica la Orden de 17 de mayo de 2019, que aprueba los <a href=\"https:\/\/go.abogacia.es\/lnk\/AXEAAHxIbm8AAc4cjRwAABAXVFoAAAAA0zoAAKFsABi_EgBow9PpkoGWFsHZQvSXcM4KCO1i3QAYIRA\/12\/e5ehOcSSoobOOGCT0TeokQ\/aHR0cHM6Ly93d3cuZ29iaWVybm9kZWNhbmFyaWFzLm9yZy9ib2MvMjAyNS8xNzkvMzE5OS5odG1sP3V0bV9jYW1wYWlnbj1MZWdpc2xhY2klQzMlQjNuJTIwU2VtYW5hbCUyMDA4JTIwYSUyMDEyJTIwZGUlMjBTZXB0aWVtYnJlJTIwZGUlMjAyMDI1JnV0bV9tZWRpdW09ZW1haWwmdXRtX3NvdXJjZT1NYWlsamV0\" target=\"_blank\" rel=\"noopener\">m\u00f3dulos y bases de compensaci\u00f3n econ\u00f3mica de los servicios de asistencia jur\u00eddica gratuita de las personas profesionales de la abogac\u00eda y procuradur\u00eda<\/a>.<\/li><\/ul>\t\t\t\t\t\t\t\t<\/div>\n\t\t\t\t<\/div>\n\t\t\t\t<div class=\"elementor-element elementor-element-27ba2b0 elementor-widget elementor-widget-heading\" data-id=\"27ba2b0\" data-element_type=\"widget\" data-e-type=\"widget\" data-widget_type=\"heading.default\">\n\t\t\t\t<div class=\"elementor-widget-container\">\n\t\t\t\t\t<h6 class=\"elementor-heading-title elementor-size-default\">CANTABRIA: Disposiciones generales \/ Consejer\u00eda de Inclusi\u00f3n Social, Juventud, Familias e Igualdad<\/h6>\t\t\t\t<\/div>\n\t\t\t\t<\/div>\n\t\t\t\t<div class=\"elementor-element elementor-element-6c1bc00 elementor-widget elementor-widget-text-editor\" data-id=\"6c1bc00\" data-element_type=\"widget\" data-e-type=\"widget\" data-widget_type=\"text-editor.default\">\n\t\t\t\t<div class=\"elementor-widget-container\">\n\t\t\t\t\t\t\t\t\t<ul><li>Orden ISO\/19\/2025, por la que se aprueba el <a href=\"https:\/\/go.abogacia.es\/lnk\/AXEAAHxIbm8AAc4cjRwAABAXVFoAAAAA0zoAAKFsABi_EgBow9PpkoGWFsHZQvSXcM4KCO1i3QAYIRA\/13\/l7b7z05fkESdRz4FWFxC5Q\/aHR0cHM6Ly9ib2MuY2FudGFicmlhLmVzL2JvY2VzL3ZlckFudW5jaW9BY3Rpb24uZG8_aWRBbnVCbG9iPTQyNDM2NCZ1dG1fY2FtcGFpZ249TGVnaXNsYWNpJUMzJUIzbiUyMFNlbWFuYWwlMjAwOCUyMGElMjAxMiUyMGRlJTIwU2VwdGllbWJyZSUyMGRlJTIwMjAyNSZ1dG1fbWVkaXVtPWVtYWlsJnV0bV9zb3VyY2U9TWFpbGpldA\" target=\"_blank\" rel=\"noopener\">protocolo de actuaci\u00f3n frente a la violencia hacia la infancia y adolescencia en el \u00e1mbito del ocio y tiempo libre en Cantabria<\/a>.<\/li><\/ul>\t\t\t\t\t\t\t\t<\/div>\n\t\t\t\t<\/div>\n\t\t\t\t<div class=\"elementor-element elementor-element-2d4e675 elementor-widget elementor-widget-heading\" data-id=\"2d4e675\" data-element_type=\"widget\" data-e-type=\"widget\" data-widget_type=\"heading.default\">\n\t\t\t\t<div class=\"elementor-widget-container\">\n\t\t\t\t\t<h6 class=\"elementor-heading-title elementor-size-default\">LA RIOJA: Disposiciones generales \/ Presidencia<\/h6>\t\t\t\t<\/div>\n\t\t\t\t<\/div>\n\t\t\t\t<div class=\"elementor-element elementor-element-cdea888 elementor-widget elementor-widget-text-editor\" data-id=\"cdea888\" data-element_type=\"widget\" data-e-type=\"widget\" data-widget_type=\"text-editor.default\">\n\t\t\t\t<div class=\"elementor-widget-container\">\n\t\t\t\t\t\t\t\t\t<ul><li>Ley 7\/2025, de 9 de septiembre, de <a href=\"https:\/\/go.abogacia.es\/lnk\/AXEAAHxIbm8AAc4cjRwAABAXVFoAAAAA0zoAAKFsABi_EgBow9PpkoGWFsHZQvSXcM4KCO1i3QAYIRA\/14\/7oFj00kQ5HQ4L5liJpoE4Q\/aHR0cHM6Ly9pYXMxLmxhcmlvamEub3JnL2JvbGV0aW4vQm9yX0JvbGV0aW5fdmlzb3JfU2VydmxldD9yZWZlcmVuY2lhPTM2NDU2NTYyLTEtUERGLTU3MTkxOCZ1dG1fY2FtcGFpZ249TGVnaXNsYWNpJUMzJUIzbiUyMFNlbWFuYWwlMjAwOCUyMGElMjAxMiUyMGRlJTIwU2VwdGllbWJyZSUyMGRlJTIwMjAyNSZ1dG1fbWVkaXVtPWVtYWlsJnV0bV9zb3VyY2U9TWFpbGpldA\" target=\"_blank\" rel=\"noopener\">atenci\u00f3n y ordenaci\u00f3n farmac\u00e9utica<\/a> de la Comunidad Aut\u00f3noma de La Rioja.<\/li><\/ul>\t\t\t\t\t\t\t\t<\/div>\n\t\t\t\t<\/div>\n\t\t\t\t\t<\/div>\n\t\t<\/div>\n\t\t\t\t\t<\/div>\n\t\t<\/section>\n\t\t\t\t<\/div>\n\t\t","protected":false},"excerpt":{"rendered":"<p>Legislaci\u00f3n Semanal &#8211; Del 8 al 12 de Septiembre de 2025 BOLET\u00cdN OFICIAL DEL ESTADO Disposiciones generales \/Cortes Generales Resoluci\u00f3n de 9 de septiembre de 2025, del Congreso de los Diputados, por la que se ordena la publicaci\u00f3n del Acuerdo de convalidaci\u00f3n del Real Decreto-ley 9\/2025, de 29 de julio, por el que se ampl\u00eda [&hellip;]<\/p>\n","protected":false},"author":1,"featured_media":0,"comment_status":"open","ping_status":"open","sticky":false,"template":"","format":"standard","meta":{"footnotes":""},"categories":[1],"tags":[],"class_list":["post-16759","post","type-post","status-publish","format-standard","hentry","category-uncategorized"],"_links":{"self":[{"href":"https:\/\/cms.icacordoba.23sd.es\/index.php\/wp-json\/wp\/v2\/posts\/16759","targetHints":{"allow":["GET"]}}],"collection":[{"href":"https:\/\/cms.icacordoba.23sd.es\/index.php\/wp-json\/wp\/v2\/posts"}],"about":[{"href":"https:\/\/cms.icacordoba.23sd.es\/index.php\/wp-json\/wp\/v2\/types\/post"}],"author":[{"embeddable":true,"href":"https:\/\/cms.icacordoba.23sd.es\/index.php\/wp-json\/wp\/v2\/users\/1"}],"replies":[{"embeddable":true,"href":"https:\/\/cms.icacordoba.23sd.es\/index.php\/wp-json\/wp\/v2\/comments?post=16759"}],"version-history":[{"count":18,"href":"https:\/\/cms.icacordoba.23sd.es\/index.php\/wp-json\/wp\/v2\/posts\/16759\/revisions"}],"predecessor-version":[{"id":16846,"href":"https:\/\/cms.icacordoba.23sd.es\/index.php\/wp-json\/wp\/v2\/posts\/16759\/revisions\/16846"}],"wp:attachment":[{"href":"https:\/\/cms.icacordoba.23sd.es\/index.php\/wp-json\/wp\/v2\/media?parent=16759"}],"wp:term":[{"taxonomy":"category","embeddable":true,"href":"https:\/\/cms.icacordoba.23sd.es\/index.php\/wp-json\/wp\/v2\/categories?post=16759"},{"taxonomy":"post_tag","embeddable":true,"href":"https:\/\/cms.icacordoba.23sd.es\/index.php\/wp-json\/wp\/v2\/tags?post=16759"}],"curies":[{"name":"wp","href":"https:\/\/api.w.org\/{rel}","templated":true}]}}