{"id":16720,"date":"2025-09-09T16:10:23","date_gmt":"2025-09-09T16:10:23","guid":{"rendered":"https:\/\/cms.icacordoba.23sd.es\/index.php\/16720\/"},"modified":"2025-09-10T07:02:44","modified_gmt":"2025-09-10T07:02:44","slug":"legislacion-semanal-1-al-5-de-septiembre-de-2025","status":"publish","type":"post","link":"https:\/\/cms.icacordoba.23sd.es\/index.php\/16720\/","title":{"rendered":"Legislaci\u00f3n Semanal. 1 al 5 de septiembre de 2025"},"content":{"rendered":"\t\t<div data-elementor-type=\"wp-post\" data-elementor-id=\"16720\" class=\"elementor elementor-16720\" data-elementor-post-type=\"post\">\n\t\t\t\t\t\t<section class=\"elementor-section elementor-top-section elementor-element elementor-element-cf3d1ba elementor-section-boxed elementor-section-height-default elementor-section-height-default\" data-id=\"cf3d1ba\" data-element_type=\"section\" data-e-type=\"section\">\n\t\t\t\t\t\t<div class=\"elementor-container elementor-column-gap-default\">\n\t\t\t\t\t<div class=\"elementor-column elementor-col-100 elementor-top-column elementor-element elementor-element-de4648c\" data-id=\"de4648c\" data-element_type=\"column\" data-e-type=\"column\">\n\t\t\t<div class=\"elementor-widget-wrap elementor-element-populated\">\n\t\t\t\t\t\t<div class=\"elementor-element elementor-element-11093ea elementor-widget elementor-widget-heading\" data-id=\"11093ea\" data-element_type=\"widget\" data-e-type=\"widget\" data-widget_type=\"heading.default\">\n\t\t\t\t<div class=\"elementor-widget-container\">\n\t\t\t\t\t<h4 class=\"elementor-heading-title elementor-size-default\">Legislaci\u00f3n Semanal - Del 1 al 5 de Septiembre de 2025<\/h4>\t\t\t\t<\/div>\n\t\t\t\t<\/div>\n\t\t\t\t<div class=\"elementor-element elementor-element-1abf718 elementor-widget elementor-widget-heading\" data-id=\"1abf718\" data-element_type=\"widget\" data-e-type=\"widget\" data-widget_type=\"heading.default\">\n\t\t\t\t<div class=\"elementor-widget-container\">\n\t\t\t\t\t<h5 class=\"elementor-heading-title elementor-size-default\">CONGRESO DE LOS DIPUTADOS<\/h5>\t\t\t\t<\/div>\n\t\t\t\t<\/div>\n\t\t\t\t<div class=\"elementor-element elementor-element-60f018e elementor-widget elementor-widget-heading\" data-id=\"60f018e\" data-element_type=\"widget\" data-e-type=\"widget\" data-widget_type=\"heading.default\">\n\t\t\t\t<div class=\"elementor-widget-container\">\n\t\t\t\t\t<h6 class=\"elementor-heading-title elementor-size-default\">Proyectos de Ley<\/h6>\t\t\t\t<\/div>\n\t\t\t\t<\/div>\n\t\t\t\t<div class=\"elementor-element elementor-element-cfa61a0 elementor-widget elementor-widget-text-editor\" data-id=\"cfa61a0\" data-element_type=\"widget\" data-e-type=\"widget\" data-widget_type=\"text-editor.default\">\n\t\t\t\t<div class=\"elementor-widget-container\">\n\t\t\t\t\t\t\t\t\t<ul><li>Proyecto de Ley de <a href=\"https:\/\/go.abogacia.es\/lnk\/AV8AAHmTQa8AAc4cd3YAABAXVFoAAAAA0zoAAKFsABi_EgBourGyzJ-BbP16RNeKZkf49AOKLgAYIRA\/2\/0_vWiSIpqmcD8MBy-sNXTQ\/aHR0cHM6Ly93d3cuY29uZ3Jlc28uZXMvcHVibGljX29maWNpYWxlcy9MMTUvQ09ORy9CT0NHL0EvQk9DRy0xNS1BLTY1LTEuUERGP3V0bV9jYW1wYWlnbj1MZWdpc2xhY2klQzMlQjNuJTIwU2VtYW5hbCUyMDAxJTIwYSUyMDA1JTIwZGUlMjBTZXB0aWVtYnJlJTIwZGUlMjAyMDI1JnV0bV9tZWRpdW09ZW1haWwmdXRtX3NvdXJjZT1NYWlsamV0\" target=\"_blank\" rel=\"noopener\">Informaci\u00f3n Clasificada<\/a>.<\/li><li>Proyecto de Ley por la que se modifican diversas disposiciones legales para la <a href=\"https:\/\/go.abogacia.es\/lnk\/AV8AAHmTQa8AAc4cd3YAABAXVFoAAAAA0zoAAKFsABi_EgBourGyzJ-BbP16RNeKZkf49AOKLgAYIRA\/3\/vn_CrrJOzNK2ejAv_JFBSw\/aHR0cHM6Ly93d3cuY29uZ3Jlc28uZXMvcHVibGljX29maWNpYWxlcy9MMTUvQ09ORy9CT0NHL0EvQk9DRy0xNS1BLTY2LTEuUERGP3V0bV9jYW1wYWlnbj1MZWdpc2xhY2klQzMlQjNuJTIwU2VtYW5hbCUyMDAxJTIwYSUyMDA1JTIwZGUlMjBTZXB0aWVtYnJlJTIwZGUlMjAyMDI1JnV0bV9tZWRpdW09ZW1haWwmdXRtX3NvdXJjZT1NYWlsamV0\" target=\"_blank\" rel=\"noopener\">mejora de la gobernanza democr\u00e1tica en servicios digitales y ordenaci\u00f3n de los medios de comunicaci\u00f3n<\/a>.<\/li><li>Proyecto de Ley por la que se adoptan medidas relativas a los recursos de los <a href=\"https:\/\/go.abogacia.es\/lnk\/AV8AAHmTQa8AAc4cd3YAABAXVFoAAAAA0zoAAKFsABi_EgBourGyzJ-BbP16RNeKZkf49AOKLgAYIRA\/4\/DuuPqAqa5EO-IXeblaBa6g\/aHR0cHM6Ly93d3cuY29uZ3Jlc28uZXMvcHVibGljX29maWNpYWxlcy9MMTUvQ09ORy9CT0NHL0IvQk9DRy0xNS1CLTI1Ny0xLlBERj91dG1fY2FtcGFpZ249TGVnaXNsYWNpJUMzJUIzbiUyMFNlbWFuYWwlMjAwMSUyMGElMjAwNSUyMGRlJTIwU2VwdGllbWJyZSUyMGRlJTIwMjAyNSZ1dG1fbWVkaXVtPWVtYWlsJnV0bV9zb3VyY2U9TWFpbGpldA\" target=\"_blank\" rel=\"noopener\">sistemas de financiaci\u00f3n territorial<\/a> (procedente del Real Decreto-ley 6\/2025, de 17 de junio).<\/li><\/ul>\t\t\t\t\t\t\t\t<\/div>\n\t\t\t\t<\/div>\n\t\t\t\t<div class=\"elementor-element elementor-element-39106f7 elementor-widget elementor-widget-heading\" data-id=\"39106f7\" data-element_type=\"widget\" data-e-type=\"widget\" data-widget_type=\"heading.default\">\n\t\t\t\t<div class=\"elementor-widget-container\">\n\t\t\t\t\t<h6 class=\"elementor-heading-title elementor-size-default\">Proposiciones de Ley<\/h6>\t\t\t\t<\/div>\n\t\t\t\t<\/div>\n\t\t\t\t<div class=\"elementor-element elementor-element-2eb6562 elementor-widget elementor-widget-text-editor\" data-id=\"2eb6562\" data-element_type=\"widget\" data-e-type=\"widget\" data-widget_type=\"text-editor.default\">\n\t\t\t\t<div class=\"elementor-widget-container\">\n\t\t\t\t\t\t\t\t\t<ul><li>Proposici\u00f3n de Ley para el <a href=\"https:\/\/go.abogacia.es\/lnk\/AV8AAHmTQa8AAc4cd3YAABAXVFoAAAAA0zoAAKFsABi_EgBourGyzJ-BbP16RNeKZkf49AOKLgAYIRA\/5\/FKm5DWxnQiaWFUlzuEsO1w\/aHR0cHM6Ly93d3cuY29uZ3Jlc28uZXMvcHVibGljX29maWNpYWxlcy9MMTUvQ09ORy9CT0NHL0IvQk9DRy0xNS1CLTI1Ny0xLlBERj91dG1fY2FtcGFpZ249TGVnaXNsYWNpJUMzJUIzbiUyMFNlbWFuYWwlMjAwMSUyMGElMjAwNSUyMGRlJTIwU2VwdGllbWJyZSUyMGRlJTIwMjAyNSZ1dG1fbWVkaXVtPWVtYWlsJnV0bV9zb3VyY2U9TWFpbGpldA\" target=\"_blank\" rel=\"noopener\">impulso de la inclusi\u00f3n laboral de las personas con discapacidad a trav\u00e9s de la cuota de reserva de empleo en las empresas<\/a>. <em>Presentada por el Grupo Parlamentario Socialista.<\/em><\/li><\/ul>\t\t\t\t\t\t\t\t<\/div>\n\t\t\t\t<\/div>\n\t\t\t\t<div class=\"elementor-element elementor-element-f44947d elementor-widget elementor-widget-heading\" data-id=\"f44947d\" data-element_type=\"widget\" data-e-type=\"widget\" data-widget_type=\"heading.default\">\n\t\t\t\t<div class=\"elementor-widget-container\">\n\t\t\t\t\t<h5 class=\"elementor-heading-title elementor-size-default\">CONSULTA P\u00daBLICA<\/h5>\t\t\t\t<\/div>\n\t\t\t\t<\/div>\n\t\t\t\t<div class=\"elementor-element elementor-element-8094cf2 elementor-widget elementor-widget-heading\" data-id=\"8094cf2\" data-element_type=\"widget\" data-e-type=\"widget\" data-widget_type=\"heading.default\">\n\t\t\t\t<div class=\"elementor-widget-container\">\n\t\t\t\t\t<h6 class=\"elementor-heading-title elementor-size-default\">Para la Transici\u00f3n Ecol\u00f3gica y el Reto Demogr\u00e1fico<\/h6>\t\t\t\t<\/div>\n\t\t\t\t<\/div>\n\t\t\t\t<div class=\"elementor-element elementor-element-16a3a91 elementor-widget elementor-widget-text-editor\" data-id=\"16a3a91\" data-element_type=\"widget\" data-e-type=\"widget\" data-widget_type=\"text-editor.default\">\n\t\t\t\t<div class=\"elementor-widget-container\">\n\t\t\t\t\t\t\t\t\t<ul><li>Informe sobre la propuesta del Gobierno para el <a href=\"https:\/\/go.abogacia.es\/lnk\/AV8AAHmTQa8AAc4cd3YAABAXVFoAAAAA0zoAAKFsABi_EgBourGyzJ-BbP16RNeKZkf49AOKLgAYIRA\/6\/G8hkj9TZFtMhFk7miUKocg\/aHR0cHM6Ly93d3cubGFtb25jbG9hLmdvYi5lcy9jb25zZWpvZGVtaW5pc3Ryb3MvcmVmZXJlbmNpYXMvUGFnaW5hcy8yMDI1LzIwMjUwOTAyLXJlZmVyZW5jaWEtcnVlZGEtZGUtcHJlbnNhLW1pbmlzdHJvcy5hc3B4P3V0bV9jYW1wYWlnbj1MZWdpc2xhY2klQzMlQjNuJTIwU2VtYW5hbCUyMDAxJTIwYSUyMDA1JTIwZGUlMjBTZXB0aWVtYnJlJTIwZGUlMjAyMDI1JnV0bV9tZWRpdW09ZW1haWwmdXRtX3NvdXJjZT1NYWlsamV0I3BhY3Rv#pacto\" target=\"_blank\" rel=\"noopener\">pacto de Estado frente a la emergencia clim\u00e1tica y su hoja de ruta<\/a>.<\/li><\/ul>\t\t\t\t\t\t\t\t<\/div>\n\t\t\t\t<\/div>\n\t\t\t\t<div class=\"elementor-element elementor-element-f23b09c elementor-widget elementor-widget-heading\" data-id=\"f23b09c\" data-element_type=\"widget\" data-e-type=\"widget\" data-widget_type=\"heading.default\">\n\t\t\t\t<div class=\"elementor-widget-container\">\n\t\t\t\t\t<h5 class=\"elementor-heading-title elementor-size-default\">CONSULTA P\u00daBLICA<\/h5>\t\t\t\t<\/div>\n\t\t\t\t<\/div>\n\t\t\t\t<div class=\"elementor-element elementor-element-2ac8139 elementor-widget elementor-widget-heading\" data-id=\"2ac8139\" data-element_type=\"widget\" data-e-type=\"widget\" data-widget_type=\"heading.default\">\n\t\t\t\t<div class=\"elementor-widget-container\">\n\t\t\t\t\t<h6 class=\"elementor-heading-title elementor-size-default\">Ministerio de Inclusi\u00f3n, Seguridad Social y Migraciones<\/h6>\t\t\t\t<\/div>\n\t\t\t\t<\/div>\n\t\t\t\t<div class=\"elementor-element elementor-element-c7583c1 elementor-widget elementor-widget-text-editor\" data-id=\"c7583c1\" data-element_type=\"widget\" data-e-type=\"widget\" data-widget_type=\"text-editor.default\">\n\t\t\t\t<div class=\"elementor-widget-container\">\n\t\t\t\t\t\t\t\t\t<ul><li>Consulta p\u00fablica previa a la aprobaci\u00f3n de la Orden Ministerial por la que se <a href=\"https:\/\/go.abogacia.es\/lnk\/AV8AAHmTQa8AAc4cd3YAABAXVFoAAAAA0zoAAKFsABi_EgBourGyzJ-BbP16RNeKZkf49AOKLgAYIRA\/7\/OildQFRdfsPQe-a7J9IOeg\/aHR0cHM6Ly9leHBpbnRlcndlYi5pbmNsdXNpb24uZ29iLmVzL3BhcnRpY2lwYWNpb24vcGFydGljaXBhP3RyYW1pdGU9MiZ1dG1fY2FtcGFpZ249TGVnaXNsYWNpJUMzJUIzbiUyMFNlbWFuYWwlMjAwMSUyMGElMjAwNSUyMGRlJTIwU2VwdGllbWJyZSUyMGRlJTIwMjAyNSZ1dG1fbWVkaXVtPWVtYWlsJnV0bV9zb3VyY2U9TWFpbGpldA\" target=\"_blank\" rel=\"noopener\">crea y se regula el registro electr\u00f3nico de colaboradores de extranjer\u00eda<\/a>.<\/li><\/ul>\t\t\t\t\t\t\t\t<\/div>\n\t\t\t\t<\/div>\n\t\t\t\t\t<\/div>\n\t\t<\/div>\n\t\t\t\t\t<\/div>\n\t\t<\/section>\n\t\t\t\t<section class=\"elementor-section elementor-top-section elementor-element elementor-element-c2a0c79 elementor-section-boxed elementor-section-height-default elementor-section-height-default\" data-id=\"c2a0c79\" data-element_type=\"section\" data-e-type=\"section\">\n\t\t\t\t\t\t<div class=\"elementor-container elementor-column-gap-default\">\n\t\t\t\t\t<div class=\"elementor-column elementor-col-100 elementor-top-column elementor-element elementor-element-5053062\" data-id=\"5053062\" data-element_type=\"column\" data-e-type=\"column\">\n\t\t\t<div class=\"elementor-widget-wrap\">\n\t\t\t\t\t\t\t<\/div>\n\t\t<\/div>\n\t\t\t\t\t<\/div>\n\t\t<\/section>\n\t\t\t\t<section class=\"elementor-section elementor-top-section elementor-element elementor-element-bbbf5ab elementor-section-boxed elementor-section-height-default elementor-section-height-default\" data-id=\"bbbf5ab\" data-element_type=\"section\" data-e-type=\"section\">\n\t\t\t\t\t\t<div class=\"elementor-container elementor-column-gap-default\">\n\t\t\t\t\t<div class=\"elementor-column elementor-col-100 elementor-top-column elementor-element elementor-element-7431925\" data-id=\"7431925\" data-element_type=\"column\" data-e-type=\"column\">\n\t\t\t<div class=\"elementor-widget-wrap\">\n\t\t\t\t\t\t\t<\/div>\n\t\t<\/div>\n\t\t\t\t\t<\/div>\n\t\t<\/section>\n\t\t\t\t<\/div>\n\t\t","protected":false},"excerpt":{"rendered":"<p>Legislaci\u00f3n Semanal &#8211; Del 1 al 5 de Septiembre de 2025 CONGRESO DE LOS DIPUTADOS Proyectos de Ley Proyecto de Ley de Informaci\u00f3n Clasificada. Proyecto de Ley por la que se modifican diversas disposiciones legales para la mejora de la gobernanza democr\u00e1tica en servicios digitales y ordenaci\u00f3n de los medios de comunicaci\u00f3n. Proyecto de Ley [&hellip;]<\/p>\n","protected":false},"author":1,"featured_media":0,"comment_status":"open","ping_status":"open","sticky":false,"template":"","format":"standard","meta":{"footnotes":""},"categories":[1],"tags":[],"class_list":["post-16720","post","type-post","status-publish","format-standard","hentry","category-uncategorized"],"_links":{"self":[{"href":"https:\/\/cms.icacordoba.23sd.es\/index.php\/wp-json\/wp\/v2\/posts\/16720","targetHints":{"allow":["GET"]}}],"collection":[{"href":"https:\/\/cms.icacordoba.23sd.es\/index.php\/wp-json\/wp\/v2\/posts"}],"about":[{"href":"https:\/\/cms.icacordoba.23sd.es\/index.php\/wp-json\/wp\/v2\/types\/post"}],"author":[{"embeddable":true,"href":"https:\/\/cms.icacordoba.23sd.es\/index.php\/wp-json\/wp\/v2\/users\/1"}],"replies":[{"embeddable":true,"href":"https:\/\/cms.icacordoba.23sd.es\/index.php\/wp-json\/wp\/v2\/comments?post=16720"}],"version-history":[{"count":15,"href":"https:\/\/cms.icacordoba.23sd.es\/index.php\/wp-json\/wp\/v2\/posts\/16720\/revisions"}],"predecessor-version":[{"id":16792,"href":"https:\/\/cms.icacordoba.23sd.es\/index.php\/wp-json\/wp\/v2\/posts\/16720\/revisions\/16792"}],"wp:attachment":[{"href":"https:\/\/cms.icacordoba.23sd.es\/index.php\/wp-json\/wp\/v2\/media?parent=16720"}],"wp:term":[{"taxonomy":"category","embeddable":true,"href":"https:\/\/cms.icacordoba.23sd.es\/index.php\/wp-json\/wp\/v2\/categories?post=16720"},{"taxonomy":"post_tag","embeddable":true,"href":"https:\/\/cms.icacordoba.23sd.es\/index.php\/wp-json\/wp\/v2\/tags?post=16720"}],"curies":[{"name":"wp","href":"https:\/\/api.w.org\/{rel}","templated":true}]}}