{"id":16628,"date":"2025-07-30T11:12:54","date_gmt":"2025-07-30T11:12:54","guid":{"rendered":"https:\/\/cms.icacordoba.23sd.es\/index.php\/16628\/"},"modified":"2025-07-30T11:54:53","modified_gmt":"2025-07-30T11:54:53","slug":"noticia-visita-del-presidente-de-la-audiencia-provincial-de-cordoba","status":"publish","type":"post","link":"https:\/\/cms.icacordoba.23sd.es\/index.php\/16628\/","title":{"rendered":"NOTICIA \u00bb Visita del Presidente de la Audiencia Provincial de C\u00f3rdoba"},"content":{"rendered":"\t\t<div data-elementor-type=\"wp-post\" data-elementor-id=\"16628\" class=\"elementor elementor-16628\" data-elementor-post-type=\"post\">\n\t\t\t\t\t\t<section class=\"elementor-section elementor-top-section elementor-element elementor-element-f7cd2fb elementor-section-full_width elementor-section-height-default elementor-section-height-default\" data-id=\"f7cd2fb\" data-element_type=\"section\" data-e-type=\"section\">\n\t\t\t\t\t\t<div class=\"elementor-container elementor-column-gap-default\">\n\t\t\t\t\t<div class=\"elementor-column elementor-col-100 elementor-top-column elementor-element elementor-element-8990221\" data-id=\"8990221\" data-element_type=\"column\" data-e-type=\"column\">\n\t\t\t<div class=\"elementor-widget-wrap elementor-element-populated\">\n\t\t\t\t\t\t<div class=\"elementor-element elementor-element-7760b45 elementor-widget elementor-widget-text-editor\" data-id=\"7760b45\" data-element_type=\"widget\" data-e-type=\"widget\" data-widget_type=\"text-editor.default\">\n\t\t\t\t<div class=\"elementor-widget-container\">\n\t\t\t\t\t\t\t\t\t<p data-start=\"241\" data-end=\"487\">El Decano, Carlos Arias, acompa\u00f1ado de los miembros de la Junta de Gobierno, ha recibido en la sede colegial la visita del Presidente de la Audiencia Provincial de C\u00f3rdoba,\u00a0<strong data-start=\"255\" data-end=\"278\">Miguel \u00c1ngel Pareja<\/strong> tras su reciente nombramiento.<\/p><p data-start=\"489\" data-end=\"953\">Durante el encuentro institucional, se han intercambiado impresiones sobre el funcionamiento de la <strong data-start=\"603\" data-end=\"649\">Administraci\u00f3n de Justicia en la provincia<\/strong>, abordando diversos aspectos de inter\u00e9s com\u00fan para ambas instituciones. Asimismo, se ha puesto de manifiesto la voluntad compartida de <strong data-start=\"785\" data-end=\"833\">mantener una colaboraci\u00f3n fluida y constante<\/strong>, orientada a reforzar el servicio p\u00fablico de justicia en beneficio de la ciudadan\u00eda, as\u00ed como para promover una mayor coordinaci\u00f3n entre los operadores jur\u00eddicos.<\/p><p data-start=\"955\" data-end=\"1212\">El Decano Carlos Arias ha trasladado al presidente de la Audiencia el reconocimiento por su nombramiento y los mejores deseos en esta nueva etapa profesional, reiterando el compromiso de la abogac\u00eda cordobesa con una justicia accesible, eficiente y de calidad.<\/p>\t\t\t\t\t\t\t\t<\/div>\n\t\t\t\t<\/div>\n\t\t\t\t\t<\/div>\n\t\t<\/div>\n\t\t\t\t\t<\/div>\n\t\t<\/section>\n\t\t\t\t<section class=\"elementor-section elementor-top-section elementor-element elementor-element-9e5658e elementor-section-full_width elementor-section-height-default elementor-section-height-default\" data-id=\"9e5658e\" data-element_type=\"section\" data-e-type=\"section\">\n\t\t\t\t\t\t<div class=\"elementor-container elementor-column-gap-default\">\n\t\t\t\t\t<div class=\"elementor-column elementor-col-33 elementor-top-column elementor-element elementor-element-498f6f1\" data-id=\"498f6f1\" data-element_type=\"column\" data-e-type=\"column\">\n\t\t\t<div class=\"elementor-widget-wrap elementor-element-populated\">\n\t\t\t\t\t\t<div class=\"elementor-element elementor-element-17014d3 elementor-widget elementor-widget-image\" data-id=\"17014d3\" data-element_type=\"widget\" data-e-type=\"widget\" data-widget_type=\"image.default\">\n\t\t\t\t<div class=\"elementor-widget-container\">\n\t\t\t\t\t\t\t\t\t\t\t\t\t\t\t<img fetchpriority=\"high\" decoding=\"async\" width=\"2560\" height=\"1437\" src=\"https:\/\/cms.icacordoba.23sd.es\/wp-content\/uploads\/2025\/07\/IMG_1660-scaled.jpg\" class=\"attachment-full size-full wp-image-16645\" alt=\"\" srcset=\"https:\/\/cms.icacordoba.23sd.es\/wp-content\/uploads\/2025\/07\/IMG_1660-scaled.jpg 2560w, https:\/\/cms.icacordoba.23sd.es\/wp-content\/uploads\/2025\/07\/IMG_1660-300x168.jpg 300w, https:\/\/cms.icacordoba.23sd.es\/wp-content\/uploads\/2025\/07\/IMG_1660-1024x575.jpg 1024w, https:\/\/cms.icacordoba.23sd.es\/wp-content\/uploads\/2025\/07\/IMG_1660-768x431.jpg 768w, https:\/\/cms.icacordoba.23sd.es\/wp-content\/uploads\/2025\/07\/IMG_1660-1536x862.jpg 1536w, https:\/\/cms.icacordoba.23sd.es\/wp-content\/uploads\/2025\/07\/IMG_1660-2048x1150.jpg 2048w\" sizes=\"(max-width: 2560px) 100vw, 2560px\" \/>\t\t\t\t\t\t\t\t\t\t\t\t\t\t\t<\/div>\n\t\t\t\t<\/div>\n\t\t\t\t\t<\/div>\n\t\t<\/div>\n\t\t\t\t<div class=\"elementor-column elementor-col-33 elementor-top-column elementor-element elementor-element-c75d9ea\" data-id=\"c75d9ea\" data-element_type=\"column\" data-e-type=\"column\">\n\t\t\t<div class=\"elementor-widget-wrap elementor-element-populated\">\n\t\t\t\t\t\t<div class=\"elementor-element elementor-element-c16fb86 elementor-widget elementor-widget-image\" data-id=\"c16fb86\" data-element_type=\"widget\" data-e-type=\"widget\" data-widget_type=\"image.default\">\n\t\t\t\t<div class=\"elementor-widget-container\">\n\t\t\t\t\t\t\t\t\t\t\t\t\t\t\t<img decoding=\"async\" width=\"2560\" height=\"1437\" src=\"https:\/\/cms.icacordoba.23sd.es\/wp-content\/uploads\/2025\/07\/IMG_1791-scaled.jpg\" class=\"attachment-full size-full wp-image-16635\" alt=\"\" srcset=\"https:\/\/cms.icacordoba.23sd.es\/wp-content\/uploads\/2025\/07\/IMG_1791-scaled.jpg 2560w, https:\/\/cms.icacordoba.23sd.es\/wp-content\/uploads\/2025\/07\/IMG_1791-300x168.jpg 300w, https:\/\/cms.icacordoba.23sd.es\/wp-content\/uploads\/2025\/07\/IMG_1791-1024x575.jpg 1024w, https:\/\/cms.icacordoba.23sd.es\/wp-content\/uploads\/2025\/07\/IMG_1791-768x431.jpg 768w, https:\/\/cms.icacordoba.23sd.es\/wp-content\/uploads\/2025\/07\/IMG_1791-1536x862.jpg 1536w, https:\/\/cms.icacordoba.23sd.es\/wp-content\/uploads\/2025\/07\/IMG_1791-2048x1150.jpg 2048w\" sizes=\"(max-width: 2560px) 100vw, 2560px\" \/>\t\t\t\t\t\t\t\t\t\t\t\t\t\t\t<\/div>\n\t\t\t\t<\/div>\n\t\t\t\t\t<\/div>\n\t\t<\/div>\n\t\t\t\t<div class=\"elementor-column elementor-col-33 elementor-top-column elementor-element elementor-element-b7c7eb5\" data-id=\"b7c7eb5\" data-element_type=\"column\" data-e-type=\"column\">\n\t\t\t<div class=\"elementor-widget-wrap elementor-element-populated\">\n\t\t\t\t\t\t<div class=\"elementor-element elementor-element-30c98a9 elementor-widget elementor-widget-image\" data-id=\"30c98a9\" data-element_type=\"widget\" data-e-type=\"widget\" data-widget_type=\"image.default\">\n\t\t\t\t<div class=\"elementor-widget-container\">\n\t\t\t\t\t\t\t\t\t\t\t\t\t\t\t<img decoding=\"async\" width=\"2560\" height=\"1437\" src=\"https:\/\/cms.icacordoba.23sd.es\/wp-content\/uploads\/2025\/07\/IMG_1656-scaled.jpg\" class=\"attachment-full size-full wp-image-16638\" alt=\"\" srcset=\"https:\/\/cms.icacordoba.23sd.es\/wp-content\/uploads\/2025\/07\/IMG_1656-scaled.jpg 2560w, https:\/\/cms.icacordoba.23sd.es\/wp-content\/uploads\/2025\/07\/IMG_1656-300x168.jpg 300w, https:\/\/cms.icacordoba.23sd.es\/wp-content\/uploads\/2025\/07\/IMG_1656-1024x575.jpg 1024w, https:\/\/cms.icacordoba.23sd.es\/wp-content\/uploads\/2025\/07\/IMG_1656-768x431.jpg 768w, https:\/\/cms.icacordoba.23sd.es\/wp-content\/uploads\/2025\/07\/IMG_1656-1536x862.jpg 1536w, https:\/\/cms.icacordoba.23sd.es\/wp-content\/uploads\/2025\/07\/IMG_1656-2048x1150.jpg 2048w\" sizes=\"(max-width: 2560px) 100vw, 2560px\" \/>\t\t\t\t\t\t\t\t\t\t\t\t\t\t\t<\/div>\n\t\t\t\t<\/div>\n\t\t\t\t\t<\/div>\n\t\t<\/div>\n\t\t\t\t\t<\/div>\n\t\t<\/section>\n\t\t\t\t<\/div>\n\t\t","protected":false},"excerpt":{"rendered":"<p>El Decano, Carlos Arias, acompa\u00f1ado de los miembros de la Junta de Gobierno, ha recibido en la sede colegial la visita del Presidente de la Audiencia Provincial de C\u00f3rdoba,\u00a0Miguel \u00c1ngel Pareja tras su reciente nombramiento. Durante el encuentro institucional, se han intercambiado impresiones sobre el funcionamiento de la Administraci\u00f3n de Justicia en la provincia, abordando [&hellip;]<\/p>\n","protected":false},"author":1,"featured_media":0,"comment_status":"open","ping_status":"open","sticky":false,"template":"","format":"standard","meta":{"footnotes":""},"categories":[1],"tags":[],"class_list":["post-16628","post","type-post","status-publish","format-standard","hentry","category-uncategorized"],"_links":{"self":[{"href":"https:\/\/cms.icacordoba.23sd.es\/index.php\/wp-json\/wp\/v2\/posts\/16628","targetHints":{"allow":["GET"]}}],"collection":[{"href":"https:\/\/cms.icacordoba.23sd.es\/index.php\/wp-json\/wp\/v2\/posts"}],"about":[{"href":"https:\/\/cms.icacordoba.23sd.es\/index.php\/wp-json\/wp\/v2\/types\/post"}],"author":[{"embeddable":true,"href":"https:\/\/cms.icacordoba.23sd.es\/index.php\/wp-json\/wp\/v2\/users\/1"}],"replies":[{"embeddable":true,"href":"https:\/\/cms.icacordoba.23sd.es\/index.php\/wp-json\/wp\/v2\/comments?post=16628"}],"version-history":[{"count":12,"href":"https:\/\/cms.icacordoba.23sd.es\/index.php\/wp-json\/wp\/v2\/posts\/16628\/revisions"}],"predecessor-version":[{"id":16648,"href":"https:\/\/cms.icacordoba.23sd.es\/index.php\/wp-json\/wp\/v2\/posts\/16628\/revisions\/16648"}],"wp:attachment":[{"href":"https:\/\/cms.icacordoba.23sd.es\/index.php\/wp-json\/wp\/v2\/media?parent=16628"}],"wp:term":[{"taxonomy":"category","embeddable":true,"href":"https:\/\/cms.icacordoba.23sd.es\/index.php\/wp-json\/wp\/v2\/categories?post=16628"},{"taxonomy":"post_tag","embeddable":true,"href":"https:\/\/cms.icacordoba.23sd.es\/index.php\/wp-json\/wp\/v2\/tags?post=16628"}],"curies":[{"name":"wp","href":"https:\/\/api.w.org\/{rel}","templated":true}]}}