{"id":165,"date":"2022-09-22T10:23:12","date_gmt":"2022-09-22T10:23:12","guid":{"rendered":"https:\/\/cms.icacordoba.23sd.es\/index.php\/165\/"},"modified":"2025-07-24T10:23:47","modified_gmt":"2025-07-24T10:23:47","slug":"master-abogacia","status":"publish","type":"post","link":"https:\/\/cms.icacordoba.23sd.es\/index.php\/165\/","title":{"rendered":"MASTER ABOGAC\u00cdA"},"content":{"rendered":"\t\t<div data-elementor-type=\"wp-post\" data-elementor-id=\"165\" class=\"elementor elementor-165\" data-elementor-post-type=\"post\">\n\t\t\t\t\t\t<section class=\"elementor-section elementor-top-section elementor-element elementor-element-31fb2ab elementor-section-full_width elementor-section-height-default elementor-section-height-default\" data-id=\"31fb2ab\" data-element_type=\"section\" data-e-type=\"section\">\n\t\t\t\t\t\t<div class=\"elementor-container elementor-column-gap-wider\">\n\t\t\t\t\t<div class=\"elementor-column elementor-col-33 elementor-top-column elementor-element elementor-element-207bfc5\" data-id=\"207bfc5\" data-element_type=\"column\" data-e-type=\"column\">\n\t\t\t<div class=\"elementor-widget-wrap elementor-element-populated\">\n\t\t\t\t\t\t<div class=\"elementor-element elementor-element-d43cc11 elementor-widget elementor-widget-heading\" data-id=\"d43cc11\" data-element_type=\"widget\" data-e-type=\"widget\" data-widget_type=\"heading.default\">\n\t\t\t\t<div class=\"elementor-widget-container\">\n\t\t\t\t\t<h2 class=\"elementor-heading-title elementor-size-default\">M\u00e1ster Universitario<br>en Abogac\u00eda<\/h2>\t\t\t\t<\/div>\n\t\t\t\t<\/div>\n\t\t\t\t\t<\/div>\n\t\t<\/div>\n\t\t\t\t<div class=\"elementor-column elementor-col-33 elementor-top-column elementor-element elementor-element-5d29fa8\" data-id=\"5d29fa8\" data-element_type=\"column\" data-e-type=\"column\">\n\t\t\t<div class=\"elementor-widget-wrap\">\n\t\t\t\t\t\t\t<\/div>\n\t\t<\/div>\n\t\t\t\t<div class=\"elementor-column elementor-col-33 elementor-top-column elementor-element elementor-element-c679518\" data-id=\"c679518\" data-element_type=\"column\" data-e-type=\"column\">\n\t\t\t<div class=\"elementor-widget-wrap\">\n\t\t\t\t\t\t\t<\/div>\n\t\t<\/div>\n\t\t\t\t\t<\/div>\n\t\t<\/section>\n\t\t\t\t<section class=\"elementor-section elementor-top-section elementor-element elementor-element-4d8f1c5 elementor-section-full_width elementor-section-height-default elementor-section-height-default\" data-id=\"4d8f1c5\" data-element_type=\"section\" data-e-type=\"section\">\n\t\t\t\t\t\t<div class=\"elementor-container elementor-column-gap-wider\">\n\t\t\t\t\t<div class=\"elementor-column elementor-col-33 elementor-top-column elementor-element elementor-element-5f5dc09\" data-id=\"5f5dc09\" data-element_type=\"column\" data-e-type=\"column\">\n\t\t\t<div class=\"elementor-widget-wrap elementor-element-populated\">\n\t\t\t\t\t\t<div class=\"elementor-element elementor-element-6a98733 elementor-widget elementor-widget-text-editor\" data-id=\"6a98733\" data-element_type=\"widget\" data-e-type=\"widget\" data-widget_type=\"text-editor.default\">\n\t\t\t\t<div class=\"elementor-widget-container\">\n\t\t\t\t\t\t\t\t\t<p>Organizado conjuntamente entre la Escuela de Pr\u00e1ctica Jur\u00eddica \u00abRafael Yllescas Melendo\u00bb del Colegio de la Abogac\u00eda de C\u00f3rdoba y la Universidad de C\u00f3rdoba, este M\u00e1ster responde al curso de capacitaci\u00f3n para la profesi\u00f3n de Abogado, previo al especial sistema de evaluaci\u00f3n se\u00f1alado. El presente m\u00e1ster se imparte al amparo de la Ley 34\/2006 y del RD 775\/2011.<\/p><p>Para su impartici\u00f3n, la UCO y el Ica C\u00f3rdoba, han firmado el correspondiente convenio, habiendo optado por la v\u00eda de marcada por el art. 4.1.c) del RD 775\/2011, convenio de fecha 17 febrero 2012.<\/p><p>La docencia es impartida por Profesores de la Universidad de C\u00f3rdoba y por Letrados Profesores de la Escuela de Pr\u00e1ctica Jur\u00eddica de la Universidad de C\u00f3rdoba. Igualmente imparten docencia otros operadores jur\u00eddicos especialistas en sus respectivas materias: Jueces, Magistrados, Notarios, profesores de la Escuela de Pr\u00e1ctica Jur\u00eddica.<\/p>\t\t\t\t\t\t\t\t<\/div>\n\t\t\t\t<\/div>\n\t\t\t\t\t<\/div>\n\t\t<\/div>\n\t\t\t\t<div class=\"elementor-column elementor-col-33 elementor-top-column elementor-element elementor-element-49c54eb\" data-id=\"49c54eb\" data-element_type=\"column\" data-e-type=\"column\">\n\t\t\t<div class=\"elementor-widget-wrap elementor-element-populated\">\n\t\t\t\t\t\t<div class=\"elementor-element elementor-element-32ee1d9 elementor-widget elementor-widget-heading\" data-id=\"32ee1d9\" data-element_type=\"widget\" data-e-type=\"widget\" data-widget_type=\"heading.default\">\n\t\t\t\t<div class=\"elementor-widget-container\">\n\t\t\t\t\t<h5 class=\"elementor-heading-title elementor-size-default\">M\u00c1STER UNIVERSITARIO EN ABOGAC\u00cdA<\/h5>\t\t\t\t<\/div>\n\t\t\t\t<\/div>\n\t\t\t\t<div class=\"elementor-element elementor-element-e9a4d5f elementor-widget elementor-widget-heading\" data-id=\"e9a4d5f\" data-element_type=\"widget\" data-e-type=\"widget\" data-widget_type=\"heading.default\">\n\t\t\t\t<div class=\"elementor-widget-container\">\n\t\t\t\t\t<h5 class=\"elementor-heading-title elementor-size-default\">Cr\u00e9ditos<\/h5>\t\t\t\t<\/div>\n\t\t\t\t<\/div>\n\t\t\t\t<div class=\"elementor-element elementor-element-0c49bfc elementor-widget elementor-widget-text-editor\" data-id=\"0c49bfc\" data-element_type=\"widget\" data-e-type=\"widget\" data-widget_type=\"text-editor.default\">\n\t\t\t\t<div class=\"elementor-widget-container\">\n\t\t\t\t\t\t\t\t\t<h5><strong style=\"color: var( --e-global-color-text ); font-family: var( --e-global-typography-text-font-family ); font-size: 1rem;\">90<\/strong><\/h5><p>Se imparten en dos anualidades: En la primera se cursan 60 cr\u00e9ditos (54 de docencia y 6 cr\u00e9ditos de Pr\u00e1cticas Externas I).\u00a0<\/p><p>En la segunda anualidad, primer cuatrimestre, se cursan 30 cr\u00e9ditos (24 de Pr\u00e1cticas Externas II y se realiza y defiende el Trabajo Fin de M\u00e1ster).<\/p>\t\t\t\t\t\t\t\t<\/div>\n\t\t\t\t<\/div>\n\t\t\t\t<div class=\"elementor-element elementor-element-90f1e96 elementor-widget-divider--view-line elementor-widget elementor-widget-divider\" data-id=\"90f1e96\" data-element_type=\"widget\" data-e-type=\"widget\" data-widget_type=\"divider.default\">\n\t\t\t\t<div class=\"elementor-widget-container\">\n\t\t\t\t\t\t\t<div class=\"elementor-divider\">\n\t\t\t<span class=\"elementor-divider-separator\">\n\t\t\t\t\t\t<\/span>\n\t\t<\/div>\n\t\t\t\t\t\t<\/div>\n\t\t\t\t<\/div>\n\t\t\t\t<div class=\"elementor-element elementor-element-e97028b elementor-widget elementor-widget-heading\" data-id=\"e97028b\" data-element_type=\"widget\" data-e-type=\"widget\" data-widget_type=\"heading.default\">\n\t\t\t\t<div class=\"elementor-widget-container\">\n\t\t\t\t\t<h5 class=\"elementor-heading-title elementor-size-default\">Modalidad<\/h5>\t\t\t\t<\/div>\n\t\t\t\t<\/div>\n\t\t\t\t<div class=\"elementor-element elementor-element-530b5a4 elementor-widget elementor-widget-text-editor\" data-id=\"530b5a4\" data-element_type=\"widget\" data-e-type=\"widget\" data-widget_type=\"text-editor.default\">\n\t\t\t\t<div class=\"elementor-widget-container\">\n\t\t\t\t\t\t\t\t\t<h5 style=\"font-family: Roboto; color: #7a7a7a;\"><strong style=\"color: var( --e-global-color-text ); font-family: var( --e-global-typography-text-font-family ); font-size: 1rem;\">Presencial<\/strong><\/h5>\t\t\t\t\t\t\t\t<\/div>\n\t\t\t\t<\/div>\n\t\t\t\t<div class=\"elementor-element elementor-element-c8861b6 elementor-widget-divider--view-line elementor-widget elementor-widget-divider\" data-id=\"c8861b6\" data-element_type=\"widget\" data-e-type=\"widget\" data-widget_type=\"divider.default\">\n\t\t\t\t<div class=\"elementor-widget-container\">\n\t\t\t\t\t\t\t<div class=\"elementor-divider\">\n\t\t\t<span class=\"elementor-divider-separator\">\n\t\t\t\t\t\t<\/span>\n\t\t<\/div>\n\t\t\t\t\t\t<\/div>\n\t\t\t\t<\/div>\n\t\t\t\t<div class=\"elementor-element elementor-element-f0ba16d elementor-widget elementor-widget-heading\" data-id=\"f0ba16d\" data-element_type=\"widget\" data-e-type=\"widget\" data-widget_type=\"heading.default\">\n\t\t\t\t<div class=\"elementor-widget-container\">\n\t\t\t\t\t<h5 class=\"elementor-heading-title elementor-size-default\">EX\u00c1MENES CONVOCATORIA SEPTIEMBRE 2025<\/h5>\t\t\t\t<\/div>\n\t\t\t\t<\/div>\n\t\t\t\t<div class=\"elementor-element elementor-element-2cb161f elementor-widget elementor-widget-text-editor\" data-id=\"2cb161f\" data-element_type=\"widget\" data-e-type=\"widget\" data-widget_type=\"text-editor.default\">\n\t\t\t\t<div class=\"elementor-widget-container\">\n\t\t\t\t\t\t\t\t\t<p><a href=\"https:\/\/cms.icacordoba.23sd.es\/wp-content\/uploads\/2025\/07\/Examenes-SEP_2025_MAB-2.pdf\" target=\"_blank\" rel=\"noopener\">Curso 2024\/2025 &#8211; Fechas ex\u00e1menes convocatoria Septiembre 2025<\/a><\/p>\t\t\t\t\t\t\t\t<\/div>\n\t\t\t\t<\/div>\n\t\t\t\t\t<\/div>\n\t\t<\/div>\n\t\t\t\t<div class=\"elementor-column elementor-col-33 elementor-top-column elementor-element elementor-element-e6b3057\" data-id=\"e6b3057\" data-element_type=\"column\" data-e-type=\"column\">\n\t\t\t<div class=\"elementor-widget-wrap elementor-element-populated\">\n\t\t\t\t\t\t<div class=\"elementor-element elementor-element-d233b0d elementor-widget elementor-widget-heading\" data-id=\"d233b0d\" data-element_type=\"widget\" data-e-type=\"widget\" data-widget_type=\"heading.default\">\n\t\t\t\t<div class=\"elementor-widget-container\">\n\t\t\t\t\t<h5 class=\"elementor-heading-title elementor-size-default\">INFORMACI\u00d3N<\/h5>\t\t\t\t<\/div>\n\t\t\t\t<\/div>\n\t\t\t\t<div class=\"elementor-element elementor-element-6e1cb03 elementor-widget elementor-widget-text-editor\" data-id=\"6e1cb03\" data-element_type=\"widget\" data-e-type=\"widget\" data-widget_type=\"text-editor.default\">\n\t\t\t\t<div class=\"elementor-widget-container\">\n\t\t\t\t\t\t\t\t\t<p><a href=\"https:\/\/www.uco.es\/idep\/abogacia\" target=\"_blank\" rel=\"noopener\">Sobre el m\u00e1ster UCO &#8211; ICAC\u00f3rdoba<\/a><\/p><p><a href=\"https:\/\/www.uco.es\/idep\/idep-masteres\" target=\"_blank\" rel=\"noopener\">Accede a nuestro m\u00e1ster<\/a><\/p>\t\t\t\t\t\t\t\t<\/div>\n\t\t\t\t<\/div>\n\t\t\t\t<div class=\"elementor-element elementor-element-66ed7ef elementor-widget-divider--view-line elementor-widget elementor-widget-divider\" data-id=\"66ed7ef\" data-element_type=\"widget\" data-e-type=\"widget\" data-widget_type=\"divider.default\">\n\t\t\t\t<div class=\"elementor-widget-container\">\n\t\t\t\t\t\t\t<div class=\"elementor-divider\">\n\t\t\t<span class=\"elementor-divider-separator\">\n\t\t\t\t\t\t<\/span>\n\t\t<\/div>\n\t\t\t\t\t\t<\/div>\n\t\t\t\t<\/div>\n\t\t\t\t<div class=\"elementor-element elementor-element-843c30d elementor-widget elementor-widget-heading\" data-id=\"843c30d\" data-element_type=\"widget\" data-e-type=\"widget\" data-widget_type=\"heading.default\">\n\t\t\t\t<div class=\"elementor-widget-container\">\n\t\t\t\t\t<h5 class=\"elementor-heading-title elementor-size-default\">CURSO 2023-2024<\/h5>\t\t\t\t<\/div>\n\t\t\t\t<\/div>\n\t\t\t\t<div class=\"elementor-element elementor-element-7337c92 elementor-widget elementor-widget-text-editor\" data-id=\"7337c92\" data-element_type=\"widget\" data-e-type=\"widget\" data-widget_type=\"text-editor.default\">\n\t\t\t\t<div class=\"elementor-widget-container\">\n\t\t\t\t\t\t\t\t\t<p><a href=\"https:\/\/www.juntadeandalucia.es\/economiaconocimientoempresasyuniversidad\/sguit\/?q=masteres&amp;d=mo_calendario.php\" target=\"_blank\" rel=\"noopener\">Fechas m\u00e1s relevantes<\/a><\/p>\t\t\t\t\t\t\t\t<\/div>\n\t\t\t\t<\/div>\n\t\t\t\t<div class=\"elementor-element elementor-element-5a026d3 elementor-widget-divider--view-line elementor-widget elementor-widget-divider\" data-id=\"5a026d3\" data-element_type=\"widget\" data-e-type=\"widget\" data-widget_type=\"divider.default\">\n\t\t\t\t<div class=\"elementor-widget-container\">\n\t\t\t\t\t\t\t<div class=\"elementor-divider\">\n\t\t\t<span class=\"elementor-divider-separator\">\n\t\t\t\t\t\t<\/span>\n\t\t<\/div>\n\t\t\t\t\t\t<\/div>\n\t\t\t\t<\/div>\n\t\t\t\t\t<\/div>\n\t\t<\/div>\n\t\t\t\t\t<\/div>\n\t\t<\/section>\n\t\t\t\t<\/div>\n\t\t","protected":false},"excerpt":{"rendered":"<p>M\u00e1ster Universitarioen Abogac\u00eda Organizado conjuntamente entre la Escuela de Pr\u00e1ctica Jur\u00eddica \u00abRafael Yllescas Melendo\u00bb del Colegio de la Abogac\u00eda de C\u00f3rdoba y la Universidad de C\u00f3rdoba, este M\u00e1ster responde al curso de capacitaci\u00f3n para la profesi\u00f3n de Abogado, previo al especial sistema de evaluaci\u00f3n se\u00f1alado. El presente m\u00e1ster se imparte al amparo de la Ley [&hellip;]<\/p>\n","protected":false},"author":1,"featured_media":0,"comment_status":"open","ping_status":"open","sticky":false,"template":"","format":"standard","meta":{"footnotes":""},"categories":[1],"tags":[],"class_list":["post-165","post","type-post","status-publish","format-standard","hentry","category-uncategorized"],"_links":{"self":[{"href":"https:\/\/cms.icacordoba.23sd.es\/index.php\/wp-json\/wp\/v2\/posts\/165","targetHints":{"allow":["GET"]}}],"collection":[{"href":"https:\/\/cms.icacordoba.23sd.es\/index.php\/wp-json\/wp\/v2\/posts"}],"about":[{"href":"https:\/\/cms.icacordoba.23sd.es\/index.php\/wp-json\/wp\/v2\/types\/post"}],"author":[{"embeddable":true,"href":"https:\/\/cms.icacordoba.23sd.es\/index.php\/wp-json\/wp\/v2\/users\/1"}],"replies":[{"embeddable":true,"href":"https:\/\/cms.icacordoba.23sd.es\/index.php\/wp-json\/wp\/v2\/comments?post=165"}],"version-history":[{"count":48,"href":"https:\/\/cms.icacordoba.23sd.es\/index.php\/wp-json\/wp\/v2\/posts\/165\/revisions"}],"predecessor-version":[{"id":16532,"href":"https:\/\/cms.icacordoba.23sd.es\/index.php\/wp-json\/wp\/v2\/posts\/165\/revisions\/16532"}],"wp:attachment":[{"href":"https:\/\/cms.icacordoba.23sd.es\/index.php\/wp-json\/wp\/v2\/media?parent=165"}],"wp:term":[{"taxonomy":"category","embeddable":true,"href":"https:\/\/cms.icacordoba.23sd.es\/index.php\/wp-json\/wp\/v2\/categories?post=165"},{"taxonomy":"post_tag","embeddable":true,"href":"https:\/\/cms.icacordoba.23sd.es\/index.php\/wp-json\/wp\/v2\/tags?post=165"}],"curies":[{"name":"wp","href":"https:\/\/api.w.org\/{rel}","templated":true}]}}