{"id":16450,"date":"2025-07-23T07:42:40","date_gmt":"2025-07-23T07:42:40","guid":{"rendered":"https:\/\/cms.icacordoba.23sd.es\/index.php\/16450\/"},"modified":"2025-07-23T08:44:15","modified_gmt":"2025-07-23T08:44:15","slug":"noticia-i-congreso-andaluz-de-segunda-oportunidad-en-granada","status":"publish","type":"post","link":"https:\/\/cms.icacordoba.23sd.es\/index.php\/16450\/","title":{"rendered":"NOTICIA \u00bb I Congreso Andaluz de Segunda Oportunidad en Granada"},"content":{"rendered":"\t\t<div data-elementor-type=\"wp-post\" data-elementor-id=\"16450\" class=\"elementor elementor-16450\" data-elementor-post-type=\"post\">\n\t\t\t\t\t\t<section class=\"elementor-section elementor-top-section elementor-element elementor-element-8ac226d elementor-section-full_width elementor-section-height-default elementor-section-height-default\" data-id=\"8ac226d\" data-element_type=\"section\" data-e-type=\"section\">\n\t\t\t\t\t\t<div class=\"elementor-container elementor-column-gap-default\">\n\t\t\t\t\t<div class=\"elementor-column elementor-col-100 elementor-top-column elementor-element elementor-element-5e7b6b2\" data-id=\"5e7b6b2\" data-element_type=\"column\" data-e-type=\"column\">\n\t\t\t<div class=\"elementor-widget-wrap elementor-element-populated\">\n\t\t\t\t\t\t<div class=\"elementor-element elementor-element-dc65b6c elementor-widget elementor-widget-text-editor\" data-id=\"dc65b6c\" data-element_type=\"widget\" data-e-type=\"widget\" data-widget_type=\"text-editor.default\">\n\t\t\t\t<div class=\"elementor-widget-container\">\n\t\t\t\t\t\t\t\t\t<p>Los Colegios de Abogados de Andaluc\u00eda organizan el I Congreso Andaluz de Segunda Oportunidad, con sede en Granada. Tendr\u00e1 lugar los d\u00edas 23 y 24 de octubre.<\/p><p>Contaremos con la participaci\u00f3n de destacados ponentes, entre ellos Magistrados y compa\u00f1eros abogados de las ocho provincias andaluzas, con quienes abordaremos el an\u00e1lisis pr\u00e1ctico y doctrinal de los distintos criterios jurisprudenciales que se est\u00e1n adoptando en esta materia. Nuestro objetivo es promover un foro de intercambio que contribuya, en la medida de lo posible, a la armonizaci\u00f3n de interpretaciones y a la consolidaci\u00f3n de una mayor seguridad jur\u00eddica en el ejercicio profesional.<\/p><p>Como colof\u00f3n y cierre de este I Congreso andaluz de Segunda Oportunidad, contaremos con la presencia de Do\u00f1a Nuria Orellana Cano, Magistrada de la Sala Primera de lo civil del Tribunal Supremo , especialista en Derecho Mercantil.<\/p>\t\t\t\t\t\t\t\t<\/div>\n\t\t\t\t<\/div>\n\t\t\t\t<div class=\"elementor-element elementor-element-443fc2c elementor-align-left elementor-widget elementor-widget-button\" data-id=\"443fc2c\" data-element_type=\"widget\" data-e-type=\"widget\" data-widget_type=\"button.default\">\n\t\t\t\t<div class=\"elementor-widget-container\">\n\t\t\t\t\t\t\t\t\t<div class=\"elementor-button-wrapper\">\n\t\t\t\t\t<a class=\"elementor-button elementor-button-link elementor-size-sm\" href=\"https:\/\/segundaoportunidad.icagr.es\/home\/#lgx-schedule\" target=\"_blank\">\n\t\t\t\t\t\t<span class=\"elementor-button-content-wrapper\">\n\t\t\t\t\t\t\t\t\t<span class=\"elementor-button-text\">CONSULTA EL PROGRAMA<\/span>\n\t\t\t\t\t<\/span>\n\t\t\t\t\t<\/a>\n\t\t\t\t<\/div>\n\t\t\t\t\t\t\t\t<\/div>\n\t\t\t\t<\/div>\n\t\t\t\t<div class=\"elementor-element elementor-element-2980326 elementor-widget-divider--view-line elementor-widget elementor-widget-divider\" data-id=\"2980326\" data-element_type=\"widget\" data-e-type=\"widget\" data-widget_type=\"divider.default\">\n\t\t\t\t<div class=\"elementor-widget-container\">\n\t\t\t\t\t\t\t<div class=\"elementor-divider\">\n\t\t\t<span class=\"elementor-divider-separator\">\n\t\t\t\t\t\t<\/span>\n\t\t<\/div>\n\t\t\t\t\t\t<\/div>\n\t\t\t\t<\/div>\n\t\t\t\t\t<\/div>\n\t\t<\/div>\n\t\t\t\t\t<\/div>\n\t\t<\/section>\n\t\t\t\t<section class=\"elementor-section elementor-top-section elementor-element elementor-element-5669f7f elementor-section-full_width elementor-section-height-default elementor-section-height-default\" data-id=\"5669f7f\" data-element_type=\"section\" data-e-type=\"section\">\n\t\t\t\t\t\t<div class=\"elementor-container elementor-column-gap-default\">\n\t\t\t\t\t<div class=\"elementor-column elementor-col-100 elementor-top-column elementor-element elementor-element-f4435c2\" data-id=\"f4435c2\" data-element_type=\"column\" data-e-type=\"column\">\n\t\t\t<div class=\"elementor-widget-wrap elementor-element-populated\">\n\t\t\t\t\t\t<div class=\"elementor-element elementor-element-2e5ced5 elementor-widget elementor-widget-heading\" data-id=\"2e5ced5\" data-element_type=\"widget\" data-e-type=\"widget\" data-widget_type=\"heading.default\">\n\t\t\t\t<div class=\"elementor-widget-container\">\n\t\t\t\t\t<h6 class=\"elementor-heading-title elementor-size-default\">INSCRIPCI\u00d3N<\/h6>\t\t\t\t<\/div>\n\t\t\t\t<\/div>\n\t\t\t\t<div class=\"elementor-element elementor-element-ebcc244 elementor-widget elementor-widget-text-editor\" data-id=\"ebcc244\" data-element_type=\"widget\" data-e-type=\"widget\" data-widget_type=\"text-editor.default\">\n\t\t\t\t<div class=\"elementor-widget-container\">\n\t\t\t\t\t\t\t\t\t<p>Asistencia en modalidad presencial y online.<\/p><p>El plazo de inscripci\u00f3n est\u00e1 abierto hasta el pr\u00f3ximo 17 de octubre.\u00a0<\/p><p><a style=\"background-color: #ffffff; font-size: 1rem;\" href=\"https:\/\/segundaoportunidad.icagr.es\/home\/#lgx-register\" target=\"_blank\" rel=\"noopener\">Toda la informaci\u00f3n sobre el procedimiento de inscripci\u00f3n aqu\u00ed<\/a><\/p>\t\t\t\t\t\t\t\t<\/div>\n\t\t\t\t<\/div>\n\t\t\t\t<div class=\"elementor-element elementor-element-4ccd49c elementor-widget__width-initial elementor-widget elementor-widget-image\" data-id=\"4ccd49c\" data-element_type=\"widget\" data-e-type=\"widget\" data-widget_type=\"image.default\">\n\t\t\t\t<div class=\"elementor-widget-container\">\n\t\t\t\t\t\t\t\t\t\t\t\t\t\t\t\t<a href=\"https:\/\/segundaoportunidad.icagr.es\/home\/#lgx-register\" target=\"_blank\">\n\t\t\t\t\t\t\t<img fetchpriority=\"high\" decoding=\"async\" width=\"768\" height=\"580\" src=\"https:\/\/cms.icacordoba.23sd.es\/wp-content\/uploads\/2025\/07\/inscripcion-granada-768x580.jpg\" class=\"attachment-medium_large size-medium_large wp-image-16452\" alt=\"\" srcset=\"https:\/\/cms.icacordoba.23sd.es\/wp-content\/uploads\/2025\/07\/inscripcion-granada-768x580.jpg 768w, https:\/\/cms.icacordoba.23sd.es\/wp-content\/uploads\/2025\/07\/inscripcion-granada-300x227.jpg 300w, https:\/\/cms.icacordoba.23sd.es\/wp-content\/uploads\/2025\/07\/inscripcion-granada.jpg 945w\" sizes=\"(max-width: 768px) 100vw, 768px\" \/>\t\t\t\t\t\t\t\t<\/a>\n\t\t\t\t\t\t\t\t\t\t\t\t\t\t\t<\/div>\n\t\t\t\t<\/div>\n\t\t\t\t\t<\/div>\n\t\t<\/div>\n\t\t\t\t\t<\/div>\n\t\t<\/section>\n\t\t\t\t<\/div>\n\t\t","protected":false},"excerpt":{"rendered":"<p>Los Colegios de Abogados de Andaluc\u00eda organizan el I Congreso Andaluz de Segunda Oportunidad, con sede en Granada. Tendr\u00e1 lugar los d\u00edas 23 y 24 de octubre. Contaremos con la participaci\u00f3n de destacados ponentes, entre ellos Magistrados y compa\u00f1eros abogados de las ocho provincias andaluzas, con quienes abordaremos el an\u00e1lisis pr\u00e1ctico y doctrinal de los [&hellip;]<\/p>\n","protected":false},"author":1,"featured_media":0,"comment_status":"open","ping_status":"open","sticky":false,"template":"","format":"standard","meta":{"footnotes":""},"categories":[1],"tags":[],"class_list":["post-16450","post","type-post","status-publish","format-standard","hentry","category-uncategorized"],"_links":{"self":[{"href":"https:\/\/cms.icacordoba.23sd.es\/index.php\/wp-json\/wp\/v2\/posts\/16450","targetHints":{"allow":["GET"]}}],"collection":[{"href":"https:\/\/cms.icacordoba.23sd.es\/index.php\/wp-json\/wp\/v2\/posts"}],"about":[{"href":"https:\/\/cms.icacordoba.23sd.es\/index.php\/wp-json\/wp\/v2\/types\/post"}],"author":[{"embeddable":true,"href":"https:\/\/cms.icacordoba.23sd.es\/index.php\/wp-json\/wp\/v2\/users\/1"}],"replies":[{"embeddable":true,"href":"https:\/\/cms.icacordoba.23sd.es\/index.php\/wp-json\/wp\/v2\/comments?post=16450"}],"version-history":[{"count":51,"href":"https:\/\/cms.icacordoba.23sd.es\/index.php\/wp-json\/wp\/v2\/posts\/16450\/revisions"}],"predecessor-version":[{"id":16504,"href":"https:\/\/cms.icacordoba.23sd.es\/index.php\/wp-json\/wp\/v2\/posts\/16450\/revisions\/16504"}],"wp:attachment":[{"href":"https:\/\/cms.icacordoba.23sd.es\/index.php\/wp-json\/wp\/v2\/media?parent=16450"}],"wp:term":[{"taxonomy":"category","embeddable":true,"href":"https:\/\/cms.icacordoba.23sd.es\/index.php\/wp-json\/wp\/v2\/categories?post=16450"},{"taxonomy":"post_tag","embeddable":true,"href":"https:\/\/cms.icacordoba.23sd.es\/index.php\/wp-json\/wp\/v2\/tags?post=16450"}],"curies":[{"name":"wp","href":"https:\/\/api.w.org\/{rel}","templated":true}]}}