{"id":16369,"date":"2025-07-11T10:09:36","date_gmt":"2025-07-11T10:09:36","guid":{"rendered":"https:\/\/cms.icacordoba.23sd.es\/index.php\/16369\/"},"modified":"2025-07-11T10:21:09","modified_gmt":"2025-07-11T10:21:09","slug":"noticia-homenaje-a-la-labor-esencial-de-la-abogacia-de-oficio-en-el-dia-de-la-justicia-gratuita","status":"publish","type":"post","link":"https:\/\/cms.icacordoba.23sd.es\/index.php\/16369\/","title":{"rendered":"NOTICIA \u00bb Homenaje a la labor esencial de la Abogac\u00eda de Oficio en el D\u00eda de la Justicia Gratuita"},"content":{"rendered":"\t\t<div data-elementor-type=\"wp-post\" data-elementor-id=\"16369\" class=\"elementor elementor-16369\" data-elementor-post-type=\"post\">\n\t\t\t\t\t\t<section class=\"elementor-section elementor-top-section elementor-element elementor-element-66320e2 elementor-section-full_width elementor-section-height-default elementor-section-height-default\" data-id=\"66320e2\" data-element_type=\"section\" data-e-type=\"section\">\n\t\t\t\t\t\t<div class=\"elementor-container elementor-column-gap-default\">\n\t\t\t\t\t<div class=\"elementor-column elementor-col-100 elementor-top-column elementor-element elementor-element-a07fcf5\" data-id=\"a07fcf5\" data-element_type=\"column\" data-e-type=\"column\">\n\t\t\t<div class=\"elementor-widget-wrap elementor-element-populated\">\n\t\t\t\t\t\t<div class=\"elementor-element elementor-element-2e0dcef elementor-widget elementor-widget-text-editor\" data-id=\"2e0dcef\" data-element_type=\"widget\" data-e-type=\"widget\" data-widget_type=\"text-editor.default\">\n\t\t\t\t<div class=\"elementor-widget-container\">\n\t\t\t\t\t\t\t\t\t<p><strong>C\u00f3rdoba, 11 de julio de 2025<\/strong> \u2013 El Colegio de la Abogac\u00eda de C\u00f3rdoba ha conmemorado este viernes el <em>D\u00eda de la Justicia Gratuita y del Turno de Oficio<\/em> con un acto institucional cargado de reconocimiento, memoria y reivindicaci\u00f3n. La jornada ha servido para visibilizar el compromiso diario de los abogados y abogadas que, con vocaci\u00f3n y entrega, garantizan el acceso a la justicia a las personas m\u00e1s vulnerables.<\/p>\n<p>La vicedecana del Colegio, <strong>Concepci\u00f3n Ortega<\/strong>, ha abierto el acto destacando que \u201cla Abogac\u00eda de Oficio sostiene el Estado de Derecho\u201d y ha subrayado que, a pesar de las reivindicaciones a\u00fan pendientes, \u201chay mucho que agradecer y celebrar\u201d. Ortega ha puesto en valor la funci\u00f3n social de los letrados y letradas del Turno de Oficio, quienes prestan un servicio p\u00fablico imprescindible las 24 horas del d\u00eda, los 365 d\u00edas del a\u00f1o.<\/p>\n<p>Por su parte, <strong>Sof\u00eda Fuentes<\/strong>, diputada responsable de la Comisi\u00f3n de Turno de Oficio y Asistencia Jur\u00eddica Gratuita, ha ofrecido algunos datos destacados sobre la actividad durante el a\u00f1o 2024. \u201cEste servicio p\u00fablico esencial que es la Justicia Gratuita ha estado cubierto por 686 profesionales, quienes, durante los 365 d\u00edas del a\u00f1o, han garantizado el acceso a la defensa y a la tutela judicial efectiva de las personas m\u00e1s vulnerables\u201d, ha explicado.<\/p>\n<p>El n\u00famero de solicitudes de Justicia Gratuita registrado por el Colegio \u201cascendi\u00f3 a 15.552, lo que supone un leve descenso frente a 2023, cuando se recibieron 15.695. Se confirma as\u00ed, que se mantiene la demanda de este servicio a\u00f1o tras a\u00f1o\u201d, ha a\u00f1adido Fuentes.<\/p>\n<p>En este mismo periodo, se turnaron 10.193 asuntos, en su mayor\u00eda referentes a la jurisdicci\u00f3n penal, y se realizaron 11.888 asistencias en turno de guardia, en su mayor\u00eda relativas a asistencia al detenido.<\/p>\n<p>Fuentes ha alertado de la preocupante disminuci\u00f3n de profesionales adscritos al Turno de Oficio en los \u00faltimos a\u00f1os, y ha insistido en que \u201cla baja remuneraci\u00f3n y la falta de reconocimiento institucional est\u00e1n poniendo en riesgo la sostenibilidad del sistema\u201d. Asimismo, ha reclamado una actualizaci\u00f3n urgente de los baremos, el pago de todas las actuaciones y una nueva Ley de Asistencia Jur\u00eddica Gratuita \u201cque responda a las necesidades actuales y dignifique esta labor\u201d.<\/p>\n<p>Durante el acto se ha rendido homenaje a <strong>ocho letrados y letradas<\/strong> que han cumplido <strong>25 a\u00f1os de servicio<\/strong> en el Turno de Oficio, reconociendo su trayectoria con la entrega de los <em>Diplomas de la Justicia Gratuita<\/em>. Los profesionales homenajeados han sido:<\/p>\n<ul>\n<li>Antonio Jes\u00fas Serrano Castro<\/li>\n<li>I\u00f1igo Crespo Quesada<\/li>\n<li>David Garc\u00eda Urbano<\/li>\n<li>Marina P\u00e9rez Caballero<\/li>\n<li>Jer\u00f3nimo Dom\u00ednguez Luque<\/li>\n<li>Carmen Calvo Di\u00e9guez<\/li>\n<li>Juli\u00e1n Velasco Madrid<\/li>\n<li>Francisco Jos\u00e9 Bellido Roche<\/li><\/ul>\t\t\t\t\t\t\t\t<\/div>\n\t\t\t\t<\/div>\n\t\t\t\t\t<\/div>\n\t\t<\/div>\n\t\t\t\t\t<\/div>\n\t\t<\/section>\n\t\t\t\t<section class=\"elementor-section elementor-top-section elementor-element elementor-element-9178c17 elementor-section-full_width elementor-section-height-default elementor-section-height-default\" data-id=\"9178c17\" data-element_type=\"section\" data-e-type=\"section\">\n\t\t\t\t\t\t<div class=\"elementor-container elementor-column-gap-default\">\n\t\t\t\t\t<div class=\"elementor-column elementor-col-25 elementor-top-column elementor-element elementor-element-810c0ad\" data-id=\"810c0ad\" data-element_type=\"column\" data-e-type=\"column\">\n\t\t\t<div class=\"elementor-widget-wrap elementor-element-populated\">\n\t\t\t\t\t\t<div class=\"elementor-element elementor-element-5ce9862 elementor-widget elementor-widget-image\" data-id=\"5ce9862\" data-element_type=\"widget\" data-e-type=\"widget\" data-widget_type=\"image.default\">\n\t\t\t\t<div class=\"elementor-widget-container\">\n\t\t\t\t\t\t\t\t\t\t\t\t\t\t\t<img fetchpriority=\"high\" decoding=\"async\" width=\"300\" height=\"168\" src=\"https:\/\/cms.icacordoba.23sd.es\/wp-content\/uploads\/2025\/07\/IMG_1145-300x168.jpg\" class=\"attachment-medium size-medium wp-image-16379\" alt=\"\" srcset=\"https:\/\/cms.icacordoba.23sd.es\/wp-content\/uploads\/2025\/07\/IMG_1145-300x168.jpg 300w, https:\/\/cms.icacordoba.23sd.es\/wp-content\/uploads\/2025\/07\/IMG_1145-1024x575.jpg 1024w, https:\/\/cms.icacordoba.23sd.es\/wp-content\/uploads\/2025\/07\/IMG_1145-768x431.jpg 768w, https:\/\/cms.icacordoba.23sd.es\/wp-content\/uploads\/2025\/07\/IMG_1145-1536x862.jpg 1536w, https:\/\/cms.icacordoba.23sd.es\/wp-content\/uploads\/2025\/07\/IMG_1145-2048x1150.jpg 2048w\" sizes=\"(max-width: 300px) 100vw, 300px\" \/>\t\t\t\t\t\t\t\t\t\t\t\t\t\t\t<\/div>\n\t\t\t\t<\/div>\n\t\t\t\t\t<\/div>\n\t\t<\/div>\n\t\t\t\t<div class=\"elementor-column elementor-col-25 elementor-top-column elementor-element elementor-element-0c1b54e\" data-id=\"0c1b54e\" data-element_type=\"column\" data-e-type=\"column\">\n\t\t\t<div class=\"elementor-widget-wrap elementor-element-populated\">\n\t\t\t\t\t\t<div class=\"elementor-element elementor-element-8fe8e71 elementor-widget elementor-widget-image\" data-id=\"8fe8e71\" data-element_type=\"widget\" data-e-type=\"widget\" data-widget_type=\"image.default\">\n\t\t\t\t<div class=\"elementor-widget-container\">\n\t\t\t\t\t\t\t\t\t\t\t\t\t\t\t<img decoding=\"async\" width=\"300\" height=\"168\" src=\"https:\/\/cms.icacordoba.23sd.es\/wp-content\/uploads\/2025\/07\/IMG_1171-300x168.jpg\" class=\"attachment-medium size-medium wp-image-16381\" alt=\"\" srcset=\"https:\/\/cms.icacordoba.23sd.es\/wp-content\/uploads\/2025\/07\/IMG_1171-300x168.jpg 300w, https:\/\/cms.icacordoba.23sd.es\/wp-content\/uploads\/2025\/07\/IMG_1171-1024x575.jpg 1024w, https:\/\/cms.icacordoba.23sd.es\/wp-content\/uploads\/2025\/07\/IMG_1171-768x431.jpg 768w, https:\/\/cms.icacordoba.23sd.es\/wp-content\/uploads\/2025\/07\/IMG_1171-1536x862.jpg 1536w, https:\/\/cms.icacordoba.23sd.es\/wp-content\/uploads\/2025\/07\/IMG_1171-2048x1150.jpg 2048w\" sizes=\"(max-width: 300px) 100vw, 300px\" \/>\t\t\t\t\t\t\t\t\t\t\t\t\t\t\t<\/div>\n\t\t\t\t<\/div>\n\t\t\t\t\t<\/div>\n\t\t<\/div>\n\t\t\t\t<div class=\"elementor-column elementor-col-25 elementor-top-column elementor-element elementor-element-7e65008\" data-id=\"7e65008\" data-element_type=\"column\" data-e-type=\"column\">\n\t\t\t<div class=\"elementor-widget-wrap elementor-element-populated\">\n\t\t\t\t\t\t<div class=\"elementor-element elementor-element-a3e8782 elementor-widget elementor-widget-image\" data-id=\"a3e8782\" data-element_type=\"widget\" data-e-type=\"widget\" data-widget_type=\"image.default\">\n\t\t\t\t<div class=\"elementor-widget-container\">\n\t\t\t\t\t\t\t\t\t\t\t\t\t\t\t<img decoding=\"async\" width=\"300\" height=\"168\" src=\"https:\/\/cms.icacordoba.23sd.es\/wp-content\/uploads\/2025\/07\/IMG_1189-300x168.jpg\" class=\"attachment-medium size-medium wp-image-16382\" alt=\"\" srcset=\"https:\/\/cms.icacordoba.23sd.es\/wp-content\/uploads\/2025\/07\/IMG_1189-300x168.jpg 300w, https:\/\/cms.icacordoba.23sd.es\/wp-content\/uploads\/2025\/07\/IMG_1189-1024x575.jpg 1024w, https:\/\/cms.icacordoba.23sd.es\/wp-content\/uploads\/2025\/07\/IMG_1189-768x431.jpg 768w, https:\/\/cms.icacordoba.23sd.es\/wp-content\/uploads\/2025\/07\/IMG_1189-1536x862.jpg 1536w, https:\/\/cms.icacordoba.23sd.es\/wp-content\/uploads\/2025\/07\/IMG_1189-2048x1150.jpg 2048w\" sizes=\"(max-width: 300px) 100vw, 300px\" \/>\t\t\t\t\t\t\t\t\t\t\t\t\t\t\t<\/div>\n\t\t\t\t<\/div>\n\t\t\t\t\t<\/div>\n\t\t<\/div>\n\t\t\t\t<div class=\"elementor-column elementor-col-25 elementor-top-column elementor-element elementor-element-656ce8e\" data-id=\"656ce8e\" data-element_type=\"column\" data-e-type=\"column\">\n\t\t\t<div class=\"elementor-widget-wrap elementor-element-populated\">\n\t\t\t\t\t\t<div class=\"elementor-element elementor-element-34cd781 elementor-widget elementor-widget-image\" data-id=\"34cd781\" data-element_type=\"widget\" data-e-type=\"widget\" data-widget_type=\"image.default\">\n\t\t\t\t<div class=\"elementor-widget-container\">\n\t\t\t\t\t\t\t\t\t\t\t\t\t\t\t<img loading=\"lazy\" decoding=\"async\" width=\"300\" height=\"168\" src=\"https:\/\/cms.icacordoba.23sd.es\/wp-content\/uploads\/2025\/07\/IMG_1209-300x168.jpg\" class=\"attachment-medium size-medium wp-image-16383\" alt=\"\" srcset=\"https:\/\/cms.icacordoba.23sd.es\/wp-content\/uploads\/2025\/07\/IMG_1209-300x168.jpg 300w, https:\/\/cms.icacordoba.23sd.es\/wp-content\/uploads\/2025\/07\/IMG_1209-1024x575.jpg 1024w, https:\/\/cms.icacordoba.23sd.es\/wp-content\/uploads\/2025\/07\/IMG_1209-768x431.jpg 768w, https:\/\/cms.icacordoba.23sd.es\/wp-content\/uploads\/2025\/07\/IMG_1209-1536x862.jpg 1536w, https:\/\/cms.icacordoba.23sd.es\/wp-content\/uploads\/2025\/07\/IMG_1209-2048x1150.jpg 2048w\" sizes=\"(max-width: 300px) 100vw, 300px\" \/>\t\t\t\t\t\t\t\t\t\t\t\t\t\t\t<\/div>\n\t\t\t\t<\/div>\n\t\t\t\t\t<\/div>\n\t\t<\/div>\n\t\t\t\t\t<\/div>\n\t\t<\/section>\n\t\t\t\t<section class=\"elementor-section elementor-top-section elementor-element elementor-element-9c73a11 elementor-section-full_width elementor-section-height-default elementor-section-height-default\" data-id=\"9c73a11\" data-element_type=\"section\" data-e-type=\"section\">\n\t\t\t\t\t\t<div class=\"elementor-container elementor-column-gap-default\">\n\t\t\t\t\t<div class=\"elementor-column elementor-col-25 elementor-top-column elementor-element elementor-element-b5cefbe\" data-id=\"b5cefbe\" data-element_type=\"column\" data-e-type=\"column\">\n\t\t\t<div class=\"elementor-widget-wrap elementor-element-populated\">\n\t\t\t\t\t\t<div class=\"elementor-element elementor-element-c66b97d elementor-widget elementor-widget-image\" data-id=\"c66b97d\" data-element_type=\"widget\" data-e-type=\"widget\" data-widget_type=\"image.default\">\n\t\t\t\t<div class=\"elementor-widget-container\">\n\t\t\t\t\t\t\t\t\t\t\t\t\t\t\t<img loading=\"lazy\" decoding=\"async\" width=\"300\" height=\"168\" src=\"https:\/\/cms.icacordoba.23sd.es\/wp-content\/uploads\/2025\/07\/IMG_1237-300x168.jpg\" class=\"attachment-medium size-medium wp-image-16384\" alt=\"\" srcset=\"https:\/\/cms.icacordoba.23sd.es\/wp-content\/uploads\/2025\/07\/IMG_1237-300x168.jpg 300w, https:\/\/cms.icacordoba.23sd.es\/wp-content\/uploads\/2025\/07\/IMG_1237-1024x575.jpg 1024w, https:\/\/cms.icacordoba.23sd.es\/wp-content\/uploads\/2025\/07\/IMG_1237-768x431.jpg 768w, https:\/\/cms.icacordoba.23sd.es\/wp-content\/uploads\/2025\/07\/IMG_1237-1536x862.jpg 1536w, https:\/\/cms.icacordoba.23sd.es\/wp-content\/uploads\/2025\/07\/IMG_1237-2048x1150.jpg 2048w\" sizes=\"(max-width: 300px) 100vw, 300px\" \/>\t\t\t\t\t\t\t\t\t\t\t\t\t\t\t<\/div>\n\t\t\t\t<\/div>\n\t\t\t\t\t<\/div>\n\t\t<\/div>\n\t\t\t\t<div class=\"elementor-column elementor-col-25 elementor-top-column elementor-element elementor-element-56420a4\" data-id=\"56420a4\" data-element_type=\"column\" data-e-type=\"column\">\n\t\t\t<div class=\"elementor-widget-wrap elementor-element-populated\">\n\t\t\t\t\t\t<div class=\"elementor-element elementor-element-789ff7d elementor-widget elementor-widget-image\" data-id=\"789ff7d\" data-element_type=\"widget\" data-e-type=\"widget\" data-widget_type=\"image.default\">\n\t\t\t\t<div class=\"elementor-widget-container\">\n\t\t\t\t\t\t\t\t\t\t\t\t\t\t\t<img loading=\"lazy\" decoding=\"async\" width=\"300\" height=\"168\" src=\"https:\/\/cms.icacordoba.23sd.es\/wp-content\/uploads\/2025\/07\/IMG_1259-300x168.jpg\" class=\"attachment-medium size-medium wp-image-16385\" alt=\"\" srcset=\"https:\/\/cms.icacordoba.23sd.es\/wp-content\/uploads\/2025\/07\/IMG_1259-300x168.jpg 300w, https:\/\/cms.icacordoba.23sd.es\/wp-content\/uploads\/2025\/07\/IMG_1259-1024x575.jpg 1024w, https:\/\/cms.icacordoba.23sd.es\/wp-content\/uploads\/2025\/07\/IMG_1259-768x431.jpg 768w, https:\/\/cms.icacordoba.23sd.es\/wp-content\/uploads\/2025\/07\/IMG_1259-1536x862.jpg 1536w, https:\/\/cms.icacordoba.23sd.es\/wp-content\/uploads\/2025\/07\/IMG_1259-2048x1150.jpg 2048w\" sizes=\"(max-width: 300px) 100vw, 300px\" \/>\t\t\t\t\t\t\t\t\t\t\t\t\t\t\t<\/div>\n\t\t\t\t<\/div>\n\t\t\t\t\t<\/div>\n\t\t<\/div>\n\t\t\t\t<div class=\"elementor-column elementor-col-25 elementor-top-column elementor-element elementor-element-8238935\" data-id=\"8238935\" data-element_type=\"column\" data-e-type=\"column\">\n\t\t\t<div class=\"elementor-widget-wrap elementor-element-populated\">\n\t\t\t\t\t\t<div class=\"elementor-element elementor-element-bd83ae8 elementor-widget elementor-widget-image\" data-id=\"bd83ae8\" data-element_type=\"widget\" data-e-type=\"widget\" data-widget_type=\"image.default\">\n\t\t\t\t<div class=\"elementor-widget-container\">\n\t\t\t\t\t\t\t\t\t\t\t\t\t\t\t<img loading=\"lazy\" decoding=\"async\" width=\"300\" height=\"168\" src=\"https:\/\/cms.icacordoba.23sd.es\/wp-content\/uploads\/2025\/07\/IMG_1268-300x168.jpg\" class=\"attachment-medium size-medium wp-image-16386\" alt=\"\" srcset=\"https:\/\/cms.icacordoba.23sd.es\/wp-content\/uploads\/2025\/07\/IMG_1268-300x168.jpg 300w, https:\/\/cms.icacordoba.23sd.es\/wp-content\/uploads\/2025\/07\/IMG_1268-1024x575.jpg 1024w, https:\/\/cms.icacordoba.23sd.es\/wp-content\/uploads\/2025\/07\/IMG_1268-768x431.jpg 768w, https:\/\/cms.icacordoba.23sd.es\/wp-content\/uploads\/2025\/07\/IMG_1268-1536x862.jpg 1536w, https:\/\/cms.icacordoba.23sd.es\/wp-content\/uploads\/2025\/07\/IMG_1268-2048x1150.jpg 2048w\" sizes=\"(max-width: 300px) 100vw, 300px\" \/>\t\t\t\t\t\t\t\t\t\t\t\t\t\t\t<\/div>\n\t\t\t\t<\/div>\n\t\t\t\t\t<\/div>\n\t\t<\/div>\n\t\t\t\t<div class=\"elementor-column elementor-col-25 elementor-top-column elementor-element elementor-element-0881d06\" data-id=\"0881d06\" data-element_type=\"column\" data-e-type=\"column\">\n\t\t\t<div class=\"elementor-widget-wrap elementor-element-populated\">\n\t\t\t\t\t\t<div class=\"elementor-element elementor-element-7cce839 elementor-widget elementor-widget-image\" data-id=\"7cce839\" data-element_type=\"widget\" data-e-type=\"widget\" data-widget_type=\"image.default\">\n\t\t\t\t<div class=\"elementor-widget-container\">\n\t\t\t\t\t\t\t\t\t\t\t\t\t\t\t<img loading=\"lazy\" decoding=\"async\" width=\"300\" height=\"168\" src=\"https:\/\/cms.icacordoba.23sd.es\/wp-content\/uploads\/2025\/07\/IMG_1291-300x168.jpg\" class=\"attachment-medium size-medium wp-image-16387\" alt=\"\" srcset=\"https:\/\/cms.icacordoba.23sd.es\/wp-content\/uploads\/2025\/07\/IMG_1291-300x168.jpg 300w, https:\/\/cms.icacordoba.23sd.es\/wp-content\/uploads\/2025\/07\/IMG_1291-1024x575.jpg 1024w, https:\/\/cms.icacordoba.23sd.es\/wp-content\/uploads\/2025\/07\/IMG_1291-768x431.jpg 768w, https:\/\/cms.icacordoba.23sd.es\/wp-content\/uploads\/2025\/07\/IMG_1291-1536x862.jpg 1536w, https:\/\/cms.icacordoba.23sd.es\/wp-content\/uploads\/2025\/07\/IMG_1291-2048x1150.jpg 2048w\" sizes=\"(max-width: 300px) 100vw, 300px\" \/>\t\t\t\t\t\t\t\t\t\t\t\t\t\t\t<\/div>\n\t\t\t\t<\/div>\n\t\t\t\t\t<\/div>\n\t\t<\/div>\n\t\t\t\t\t<\/div>\n\t\t<\/section>\n\t\t\t\t<section class=\"elementor-section elementor-top-section elementor-element elementor-element-73f3a6f elementor-section-full_width elementor-section-height-default elementor-section-height-default\" data-id=\"73f3a6f\" data-element_type=\"section\" data-e-type=\"section\">\n\t\t\t\t\t\t<div class=\"elementor-container elementor-column-gap-default\">\n\t\t\t\t\t<div class=\"elementor-column elementor-col-33 elementor-top-column elementor-element elementor-element-c1912b0\" data-id=\"c1912b0\" data-element_type=\"column\" data-e-type=\"column\">\n\t\t\t<div class=\"elementor-widget-wrap elementor-element-populated\">\n\t\t\t\t\t\t<div class=\"elementor-element elementor-element-7b13679 elementor-widget elementor-widget-text-editor\" data-id=\"7b13679\" data-element_type=\"widget\" data-e-type=\"widget\" data-widget_type=\"text-editor.default\">\n\t\t\t\t<div class=\"elementor-widget-container\">\n\t\t\t\t\t\t\t\t\t<p><span style=\"font-size: 1rem;\">Uno de los momentos m\u00e1s emotivos de la jornada ha sido la entrega de una <\/span><strong style=\"font-size: 1rem;\">Menci\u00f3n Honor\u00edfica a t\u00edtulo p\u00f3stumo<\/strong><span style=\"font-size: 1rem;\"> a la letrada <\/span><strong style=\"font-size: 1rem;\">M\u00aa del Carmen Fern\u00e1ndez Ben\u00edtez<\/strong><span style=\"font-size: 1rem;\">, fallecida recientemente, y quien dedic\u00f3 su vida profesional a la abogac\u00eda de oficio. El reconocimiento fue recogido por su hija y acompa\u00f1ado de unas palabras de homenaje de su compa\u00f1ero Juan Jos\u00e9 Guerrero.<\/span><\/p>\t\t\t\t\t\t\t\t<\/div>\n\t\t\t\t<\/div>\n\t\t\t\t\t<\/div>\n\t\t<\/div>\n\t\t\t\t<div class=\"elementor-column elementor-col-33 elementor-top-column elementor-element elementor-element-11c7fee\" data-id=\"11c7fee\" data-element_type=\"column\" data-e-type=\"column\">\n\t\t\t<div class=\"elementor-widget-wrap elementor-element-populated\">\n\t\t\t\t\t\t<div class=\"elementor-element elementor-element-2b773db elementor-widget elementor-widget-image\" data-id=\"2b773db\" data-element_type=\"widget\" data-e-type=\"widget\" data-widget_type=\"image.default\">\n\t\t\t\t<div class=\"elementor-widget-container\">\n\t\t\t\t\t\t\t\t\t\t\t\t\t\t\t<img loading=\"lazy\" decoding=\"async\" width=\"2560\" height=\"1437\" src=\"https:\/\/cms.icacordoba.23sd.es\/wp-content\/uploads\/2025\/07\/IMG_1326-scaled.jpg\" class=\"attachment-full size-full wp-image-16389\" alt=\"\" srcset=\"https:\/\/cms.icacordoba.23sd.es\/wp-content\/uploads\/2025\/07\/IMG_1326-scaled.jpg 2560w, https:\/\/cms.icacordoba.23sd.es\/wp-content\/uploads\/2025\/07\/IMG_1326-300x168.jpg 300w, https:\/\/cms.icacordoba.23sd.es\/wp-content\/uploads\/2025\/07\/IMG_1326-1024x575.jpg 1024w, https:\/\/cms.icacordoba.23sd.es\/wp-content\/uploads\/2025\/07\/IMG_1326-768x431.jpg 768w, https:\/\/cms.icacordoba.23sd.es\/wp-content\/uploads\/2025\/07\/IMG_1326-1536x862.jpg 1536w, https:\/\/cms.icacordoba.23sd.es\/wp-content\/uploads\/2025\/07\/IMG_1326-2048x1150.jpg 2048w\" sizes=\"(max-width: 2560px) 100vw, 2560px\" \/>\t\t\t\t\t\t\t\t\t\t\t\t\t\t\t<\/div>\n\t\t\t\t<\/div>\n\t\t\t\t\t<\/div>\n\t\t<\/div>\n\t\t\t\t<div class=\"elementor-column elementor-col-33 elementor-top-column elementor-element elementor-element-ca90f4f\" data-id=\"ca90f4f\" data-element_type=\"column\" data-e-type=\"column\">\n\t\t\t<div class=\"elementor-widget-wrap elementor-element-populated\">\n\t\t\t\t\t\t<div class=\"elementor-element elementor-element-daed226 elementor-widget elementor-widget-image\" data-id=\"daed226\" data-element_type=\"widget\" data-e-type=\"widget\" data-widget_type=\"image.default\">\n\t\t\t\t<div class=\"elementor-widget-container\">\n\t\t\t\t\t\t\t\t\t\t\t\t\t\t\t<img loading=\"lazy\" decoding=\"async\" width=\"2560\" height=\"1437\" src=\"https:\/\/cms.icacordoba.23sd.es\/wp-content\/uploads\/2025\/07\/IMG_1339-scaled.jpg\" class=\"attachment-full size-full wp-image-16388\" alt=\"\" srcset=\"https:\/\/cms.icacordoba.23sd.es\/wp-content\/uploads\/2025\/07\/IMG_1339-scaled.jpg 2560w, https:\/\/cms.icacordoba.23sd.es\/wp-content\/uploads\/2025\/07\/IMG_1339-300x168.jpg 300w, https:\/\/cms.icacordoba.23sd.es\/wp-content\/uploads\/2025\/07\/IMG_1339-1024x575.jpg 1024w, https:\/\/cms.icacordoba.23sd.es\/wp-content\/uploads\/2025\/07\/IMG_1339-768x431.jpg 768w, https:\/\/cms.icacordoba.23sd.es\/wp-content\/uploads\/2025\/07\/IMG_1339-1536x862.jpg 1536w, https:\/\/cms.icacordoba.23sd.es\/wp-content\/uploads\/2025\/07\/IMG_1339-2048x1150.jpg 2048w\" sizes=\"(max-width: 2560px) 100vw, 2560px\" \/>\t\t\t\t\t\t\t\t\t\t\t\t\t\t\t<\/div>\n\t\t\t\t<\/div>\n\t\t\t\t\t<\/div>\n\t\t<\/div>\n\t\t\t\t\t<\/div>\n\t\t<\/section>\n\t\t\t\t<section class=\"elementor-section elementor-top-section elementor-element elementor-element-050399f elementor-section-full_width elementor-section-height-default elementor-section-height-default\" data-id=\"050399f\" data-element_type=\"section\" data-e-type=\"section\">\n\t\t\t\t\t\t<div class=\"elementor-container elementor-column-gap-default\">\n\t\t\t\t\t<div class=\"elementor-column elementor-col-100 elementor-top-column elementor-element elementor-element-52b4428\" data-id=\"52b4428\" data-element_type=\"column\" data-e-type=\"column\">\n\t\t\t<div class=\"elementor-widget-wrap elementor-element-populated\">\n\t\t\t\t\t\t<div class=\"elementor-element elementor-element-f789584 elementor-widget elementor-widget-text-editor\" data-id=\"f789584\" data-element_type=\"widget\" data-e-type=\"widget\" data-widget_type=\"text-editor.default\">\n\t\t\t\t<div class=\"elementor-widget-container\">\n\t\t\t\t\t\t\t\t\t<p><span style=\"font-size: 1rem;\">En la clausura del acto, Sof\u00eda Fuentes ha hecho un llamamiento a las instituciones para avanzar en el reconocimiento real de la Justicia Gratuita y ha recordado que \u201ceste servicio no puede seguir dependiendo exclusivamente de la vocaci\u00f3n de quienes lo ejercen\u201d. \u201cEl Turno de Oficio no es una soluci\u00f3n de segunda, ni un servicio residual: es la garant\u00eda de que nadie queda fuera del sistema por no tener recursos\u201d, ha afirmado.<\/span><\/p><p>El Colegio ha reiterado su compromiso con este modelo de justicia y ha reclamado m\u00e1s recursos, nuevos turnos especializados \u2014como el de infancia y adolescencia\u2014 y la mejora urgente de las condiciones laborales de los profesionales. \u201cDignificar a la abogac\u00eda de oficio es fortalecer todo el sistema judicial\u201d, ha concluido la diputada.<\/p>\t\t\t\t\t\t\t\t<\/div>\n\t\t\t\t<\/div>\n\t\t\t\t\t<\/div>\n\t\t<\/div>\n\t\t\t\t\t<\/div>\n\t\t<\/section>\n\t\t\t\t<\/div>\n\t\t","protected":false},"excerpt":{"rendered":"<p>C\u00f3rdoba, 11 de julio de 2025 \u2013 El Colegio de la Abogac\u00eda de C\u00f3rdoba ha conmemorado este viernes el D\u00eda de la Justicia Gratuita y del Turno de Oficio con un acto institucional cargado de reconocimiento, memoria y reivindicaci\u00f3n. La jornada ha servido para visibilizar el compromiso diario de los abogados y abogadas que, con [&hellip;]<\/p>\n","protected":false},"author":1,"featured_media":0,"comment_status":"open","ping_status":"open","sticky":false,"template":"","format":"standard","meta":{"footnotes":""},"categories":[1],"tags":[],"class_list":["post-16369","post","type-post","status-publish","format-standard","hentry","category-uncategorized"],"_links":{"self":[{"href":"https:\/\/cms.icacordoba.23sd.es\/index.php\/wp-json\/wp\/v2\/posts\/16369","targetHints":{"allow":["GET"]}}],"collection":[{"href":"https:\/\/cms.icacordoba.23sd.es\/index.php\/wp-json\/wp\/v2\/posts"}],"about":[{"href":"https:\/\/cms.icacordoba.23sd.es\/index.php\/wp-json\/wp\/v2\/types\/post"}],"author":[{"embeddable":true,"href":"https:\/\/cms.icacordoba.23sd.es\/index.php\/wp-json\/wp\/v2\/users\/1"}],"replies":[{"embeddable":true,"href":"https:\/\/cms.icacordoba.23sd.es\/index.php\/wp-json\/wp\/v2\/comments?post=16369"}],"version-history":[{"count":18,"href":"https:\/\/cms.icacordoba.23sd.es\/index.php\/wp-json\/wp\/v2\/posts\/16369\/revisions"}],"predecessor-version":[{"id":16398,"href":"https:\/\/cms.icacordoba.23sd.es\/index.php\/wp-json\/wp\/v2\/posts\/16369\/revisions\/16398"}],"wp:attachment":[{"href":"https:\/\/cms.icacordoba.23sd.es\/index.php\/wp-json\/wp\/v2\/media?parent=16369"}],"wp:term":[{"taxonomy":"category","embeddable":true,"href":"https:\/\/cms.icacordoba.23sd.es\/index.php\/wp-json\/wp\/v2\/categories?post=16369"},{"taxonomy":"post_tag","embeddable":true,"href":"https:\/\/cms.icacordoba.23sd.es\/index.php\/wp-json\/wp\/v2\/tags?post=16369"}],"curies":[{"name":"wp","href":"https:\/\/api.w.org\/{rel}","templated":true}]}}