{"id":16328,"date":"2025-07-08T07:20:36","date_gmt":"2025-07-08T07:20:36","guid":{"rendered":"https:\/\/cms.icacordoba.23sd.es\/index.php\/16328\/"},"modified":"2025-07-08T09:58:04","modified_gmt":"2025-07-08T09:58:04","slug":"noticia-dia-de-la-justicia-gratuita-y-del-turno-de-oficio-3","status":"publish","type":"post","link":"https:\/\/cms.icacordoba.23sd.es\/index.php\/16328\/","title":{"rendered":"NOTICIA \u00bb D\u00eda de la Justicia Gratuita y del Turno de Oficio"},"content":{"rendered":"\t\t<div data-elementor-type=\"wp-post\" data-elementor-id=\"16328\" class=\"elementor elementor-16328\" data-elementor-post-type=\"post\">\n\t\t\t\t\t\t<section class=\"elementor-section elementor-top-section elementor-element elementor-element-6af0f50 elementor-section-boxed elementor-section-height-default elementor-section-height-default\" data-id=\"6af0f50\" data-element_type=\"section\" data-e-type=\"section\">\n\t\t\t\t\t\t<div class=\"elementor-container elementor-column-gap-default\">\n\t\t\t\t\t<div class=\"elementor-column elementor-col-100 elementor-top-column elementor-element elementor-element-f046daf\" data-id=\"f046daf\" data-element_type=\"column\" data-e-type=\"column\">\n\t\t\t<div class=\"elementor-widget-wrap elementor-element-populated\">\n\t\t\t\t\t\t<div class=\"elementor-element elementor-element-e2d6692 elementor-widget elementor-widget-heading\" data-id=\"e2d6692\" data-element_type=\"widget\" data-e-type=\"widget\" data-widget_type=\"heading.default\">\n\t\t\t\t<div class=\"elementor-widget-container\">\n\t\t\t\t\t<h5 class=\"elementor-heading-title elementor-size-default\">Presentaci\u00f3n de los datos provinciales de Asistencia Jur\u00eddica Gratuita<\/h5>\t\t\t\t<\/div>\n\t\t\t\t<\/div>\n\t\t\t\t<div class=\"elementor-element elementor-element-5ed51a6 elementor-widget elementor-widget-text-editor\" data-id=\"5ed51a6\" data-element_type=\"widget\" data-e-type=\"widget\" data-widget_type=\"text-editor.default\">\n\t\t\t\t<div class=\"elementor-widget-container\">\n\t\t\t\t\t\t\t\t\t<p>El decano del Colegio de Abogados de C\u00f3rdoba, Carlos Arias, junto a la diputada y responsable de la Comisi\u00f3n de Asistencia Jur\u00eddica Gratuita, Sof\u00eda Fuentes, presentar\u00e1n los \u00faltimos datos relativos al servicio de Asistencia Jur\u00eddica Gratuita en la provincia de C\u00f3rdoba.\u00a0<\/p><p>Adem\u00e1s, se dar\u00e1 lectura del Manifiesto de la Justicia Gratuita y del Turno de Oficio 2025.<\/p><p>E<b>l acto tendr\u00e1 lugar el viernes, d\u00eda 11 de julio, a las 11:00 horas, en el sal\u00f3n de actos de la sede colegial (Morer\u00eda, 5).\u00a0<\/b><\/p>\t\t\t\t\t\t\t\t<\/div>\n\t\t\t\t<\/div>\n\t\t\t\t<div class=\"elementor-element elementor-element-933b3b8 elementor-widget elementor-widget-heading\" data-id=\"933b3b8\" data-element_type=\"widget\" data-e-type=\"widget\" data-widget_type=\"heading.default\">\n\t\t\t\t<div class=\"elementor-widget-container\">\n\t\t\t\t\t<h5 class=\"elementor-heading-title elementor-size-default\">Entrega de los Diplomas de la Justicia Gratuita 2025<\/h5>\t\t\t\t<\/div>\n\t\t\t\t<\/div>\n\t\t\t\t<div class=\"elementor-element elementor-element-e540d39 elementor-widget elementor-widget-text-editor\" data-id=\"e540d39\" data-element_type=\"widget\" data-e-type=\"widget\" data-widget_type=\"text-editor.default\">\n\t\t\t\t<div class=\"elementor-widget-container\">\n\t\t\t\t\t\t\t\t\t<p><span style=\"font-size: 1rem;\">Este a\u00f1o se conmemora el D\u00eda de la Justicia Gratuita con la entrega de los Diplomas de la Justicia Gratuita, concedidos por el Consejo General de la Abogac\u00eda Espa\u00f1ola a solicitud de la Junta de Gobierno del Colegio de C\u00f3rdoba,\u00a0 en reconocimiento a la labor que desarrollan los compa\u00f1eros y compa\u00f1eras que prestan sus servicios profesionales los 365 d\u00edas del a\u00f1o para garantizar el acceso a la defensa y a la tutela judicial efectiva de las personas m\u00e1s desfavorecidas. <\/span><\/p><p><span style=\"font-size: 1rem;\">Gracias a la vocaci\u00f3n de servicio que demuestra la Abogac\u00eda de Oficio es posible garantizar el adecuado funcionamiento de la Justicia Gratuita y, por tanto, que cualquier ciudadano pueda contar con la asistencia de un profesional de la Abogac\u00eda.<\/span><\/p>\t\t\t\t\t\t\t\t<\/div>\n\t\t\t\t<\/div>\n\t\t\t\t<div class=\"elementor-element elementor-element-fbf0376 elementor-widget elementor-widget-heading\" data-id=\"fbf0376\" data-element_type=\"widget\" data-e-type=\"widget\" data-widget_type=\"heading.default\">\n\t\t\t\t<div class=\"elementor-widget-container\">\n\t\t\t\t\t<h6 class=\"elementor-heading-title elementor-size-default\">Profesionales de la Abogac\u00eda homenajeados con el Diploma de la Justicia Gratuita<\/h6>\t\t\t\t<\/div>\n\t\t\t\t<\/div>\n\t\t\t\t<div class=\"elementor-element elementor-element-7f5e657 elementor-widget elementor-widget-text-editor\" data-id=\"7f5e657\" data-element_type=\"widget\" data-e-type=\"widget\" data-widget_type=\"text-editor.default\">\n\t\t\t\t<div class=\"elementor-widget-container\">\n\t\t\t\t\t\t\t\t\t<p><span style=\"font-weight: bold;\">Menci\u00f3n Honor\u00edfica a T\u00edtulo P\u00f3stumo:<\/span>\u00a0M\u00aa del Carmen Fern\u00e1ndez Ben\u00edtez.<\/p>\t\t\t\t\t\t\t\t<\/div>\n\t\t\t\t<\/div>\n\t\t\t\t<section class=\"elementor-section elementor-inner-section elementor-element elementor-element-883d669 elementor-section-boxed elementor-section-height-default elementor-section-height-default\" data-id=\"883d669\" data-element_type=\"section\" data-e-type=\"section\">\n\t\t\t\t\t\t<div class=\"elementor-container elementor-column-gap-default\">\n\t\t\t\t\t<div class=\"elementor-column elementor-col-50 elementor-inner-column elementor-element elementor-element-d1cb11b\" data-id=\"d1cb11b\" data-element_type=\"column\" data-e-type=\"column\">\n\t\t\t<div class=\"elementor-widget-wrap elementor-element-populated\">\n\t\t\t\t\t\t<div class=\"elementor-element elementor-element-fd677e9 elementor-widget elementor-widget-text-editor\" data-id=\"fd677e9\" data-element_type=\"widget\" data-e-type=\"widget\" data-widget_type=\"text-editor.default\">\n\t\t\t\t<div class=\"elementor-widget-container\">\n\t\t\t\t\t\t\t\t\t<ul><li><span style=\"background-color: transparent;\">Antonio Jes\u00fas Serrano Castro<\/span><\/li><li>\u00cd\u00f1igo Crespo Quesada<\/li><li>David Garc\u00eda Urbano<\/li><li>Marina P\u00e9rez Caballero<\/li><li style=\"font-size: 16px;\">Jer\u00f3nimo Dom\u00ednguez Luque<\/li><\/ul>\t\t\t\t\t\t\t\t<\/div>\n\t\t\t\t<\/div>\n\t\t\t\t\t<\/div>\n\t\t<\/div>\n\t\t\t\t<div class=\"elementor-column elementor-col-50 elementor-inner-column elementor-element elementor-element-4bce645\" data-id=\"4bce645\" data-element_type=\"column\" data-e-type=\"column\">\n\t\t\t<div class=\"elementor-widget-wrap elementor-element-populated\">\n\t\t\t\t\t\t<div class=\"elementor-element elementor-element-68a2d2e elementor-widget elementor-widget-text-editor\" data-id=\"68a2d2e\" data-element_type=\"widget\" data-e-type=\"widget\" data-widget_type=\"text-editor.default\">\n\t\t\t\t<div class=\"elementor-widget-container\">\n\t\t\t\t\t\t\t\t\t<ul><li>Carmen Calvo Di\u00e9guez<\/li><li>Juli\u00e1n Velasco Madrid<\/li><li>Inmaculada Madrid-Salvador Ram\u00edrez<\/li><li>Gema L\u00f3pez Esteban<\/li><li>Francisco Jos\u00e9 Bellido Roche<\/li><li>Mar\u00eda Montijano Fuentes<\/li><\/ul>\t\t\t\t\t\t\t\t<\/div>\n\t\t\t\t<\/div>\n\t\t\t\t\t<\/div>\n\t\t<\/div>\n\t\t\t\t\t<\/div>\n\t\t<\/section>\n\t\t\t\t\t<\/div>\n\t\t<\/div>\n\t\t\t\t\t<\/div>\n\t\t<\/section>\n\t\t\t\t<section class=\"elementor-section elementor-top-section elementor-element elementor-element-cb7b522 elementor-section-boxed elementor-section-height-default elementor-section-height-default\" data-id=\"cb7b522\" data-element_type=\"section\" data-e-type=\"section\">\n\t\t\t\t\t\t<div class=\"elementor-container elementor-column-gap-default\">\n\t\t\t\t\t<div class=\"elementor-column elementor-col-100 elementor-top-column elementor-element elementor-element-4fe945c\" data-id=\"4fe945c\" data-element_type=\"column\" data-e-type=\"column\">\n\t\t\t<div class=\"elementor-widget-wrap elementor-element-populated\">\n\t\t\t\t\t\t<div class=\"elementor-element elementor-element-b98925c elementor-align-center elementor-widget elementor-widget-button\" data-id=\"b98925c\" data-element_type=\"widget\" data-e-type=\"widget\" data-widget_type=\"button.default\">\n\t\t\t\t<div class=\"elementor-widget-container\">\n\t\t\t\t\t\t\t\t\t<div class=\"elementor-button-wrapper\">\n\t\t\t\t\t<a class=\"elementor-button elementor-button-link elementor-size-sm\" href=\"https:\/\/cms.icacordoba.23sd.es\/wp-content\/uploads\/2025\/07\/3.manifiestodiajusticiagratuitaydelturnodeoficio2025.pdf\" target=\"_blank\">\n\t\t\t\t\t\t<span class=\"elementor-button-content-wrapper\">\n\t\t\t\t\t\t\t\t\t<span class=\"elementor-button-text\">MANIFIESTO DE LA JUSTICIA GRATUITA Y DEL TURNO DE OFICIO 2025<\/span>\n\t\t\t\t\t<\/span>\n\t\t\t\t\t<\/a>\n\t\t\t\t<\/div>\n\t\t\t\t\t\t\t\t<\/div>\n\t\t\t\t<\/div>\n\t\t\t\t<div class=\"elementor-element elementor-element-dfd290c elementor-widget elementor-widget-video\" data-id=\"dfd290c\" data-element_type=\"widget\" data-e-type=\"widget\" data-settings=\"{&quot;youtube_url&quot;:&quot;https:\\\/\\\/www.youtube.com\\\/watch?v=u1X7O7USsDw&amp;embeds_referring_euri=https%3A%2F%2Fwww.abogacia.es%2F&amp;embeds_referring_origin=https%3A%2F%2Fwww.abogacia.es&amp;source_ve_path=OTY3MTQ&quot;,&quot;video_type&quot;:&quot;youtube&quot;,&quot;controls&quot;:&quot;yes&quot;}\" data-widget_type=\"video.default\">\n\t\t\t\t<div class=\"elementor-widget-container\">\n\t\t\t\t\t\t\t<div class=\"elementor-wrapper elementor-open-inline\">\n\t\t\t<div class=\"elementor-video\"><\/div>\t\t<\/div>\n\t\t\t\t\t\t<\/div>\n\t\t\t\t<\/div>\n\t\t\t\t\t<\/div>\n\t\t<\/div>\n\t\t\t\t\t<\/div>\n\t\t<\/section>\n\t\t\t\t<\/div>\n\t\t","protected":false},"excerpt":{"rendered":"<p>Presentaci\u00f3n de los datos provinciales de Asistencia Jur\u00eddica Gratuita El decano del Colegio de Abogados de C\u00f3rdoba, Carlos Arias, junto a la diputada y responsable de la Comisi\u00f3n de Asistencia Jur\u00eddica Gratuita, Sof\u00eda Fuentes, presentar\u00e1n los \u00faltimos datos relativos al servicio de Asistencia Jur\u00eddica Gratuita en la provincia de C\u00f3rdoba.\u00a0 Adem\u00e1s, se dar\u00e1 lectura del [&hellip;]<\/p>\n","protected":false},"author":1,"featured_media":0,"comment_status":"open","ping_status":"open","sticky":false,"template":"","format":"standard","meta":{"footnotes":""},"categories":[1],"tags":[],"class_list":["post-16328","post","type-post","status-publish","format-standard","hentry","category-uncategorized"],"_links":{"self":[{"href":"https:\/\/cms.icacordoba.23sd.es\/index.php\/wp-json\/wp\/v2\/posts\/16328","targetHints":{"allow":["GET"]}}],"collection":[{"href":"https:\/\/cms.icacordoba.23sd.es\/index.php\/wp-json\/wp\/v2\/posts"}],"about":[{"href":"https:\/\/cms.icacordoba.23sd.es\/index.php\/wp-json\/wp\/v2\/types\/post"}],"author":[{"embeddable":true,"href":"https:\/\/cms.icacordoba.23sd.es\/index.php\/wp-json\/wp\/v2\/users\/1"}],"replies":[{"embeddable":true,"href":"https:\/\/cms.icacordoba.23sd.es\/index.php\/wp-json\/wp\/v2\/comments?post=16328"}],"version-history":[{"count":34,"href":"https:\/\/cms.icacordoba.23sd.es\/index.php\/wp-json\/wp\/v2\/posts\/16328\/revisions"}],"predecessor-version":[{"id":16368,"href":"https:\/\/cms.icacordoba.23sd.es\/index.php\/wp-json\/wp\/v2\/posts\/16328\/revisions\/16368"}],"wp:attachment":[{"href":"https:\/\/cms.icacordoba.23sd.es\/index.php\/wp-json\/wp\/v2\/media?parent=16328"}],"wp:term":[{"taxonomy":"category","embeddable":true,"href":"https:\/\/cms.icacordoba.23sd.es\/index.php\/wp-json\/wp\/v2\/categories?post=16328"},{"taxonomy":"post_tag","embeddable":true,"href":"https:\/\/cms.icacordoba.23sd.es\/index.php\/wp-json\/wp\/v2\/tags?post=16328"}],"curies":[{"name":"wp","href":"https:\/\/api.w.org\/{rel}","templated":true}]}}