{"id":16257,"date":"2025-06-25T08:55:21","date_gmt":"2025-06-25T08:55:21","guid":{"rendered":"https:\/\/cms.icacordoba.23sd.es\/index.php\/16257\/"},"modified":"2025-06-25T10:01:21","modified_gmt":"2025-06-25T10:01:21","slug":"noticia-coctel-de-clausura-del-ano-judicial-2024-25-agrupacion-jovenes-abogados","status":"publish","type":"post","link":"https:\/\/cms.icacordoba.23sd.es\/index.php\/16257\/","title":{"rendered":"NOTICIA \u00bb Coctel de Clausura del A\u00f1o Judicial 2024-25 Agrupaci\u00f3n J\u00f3venes Abogados"},"content":{"rendered":"\t\t<div data-elementor-type=\"wp-post\" data-elementor-id=\"16257\" class=\"elementor elementor-16257\" data-elementor-post-type=\"post\">\n\t\t\t\t\t\t<section class=\"elementor-section elementor-top-section elementor-element elementor-element-4690778 elementor-section-full_width elementor-section-height-default elementor-section-height-default\" data-id=\"4690778\" data-element_type=\"section\" data-e-type=\"section\">\n\t\t\t\t\t\t<div class=\"elementor-container elementor-column-gap-default\">\n\t\t\t\t\t<div class=\"elementor-column elementor-col-66 elementor-top-column elementor-element elementor-element-fa889df\" data-id=\"fa889df\" data-element_type=\"column\" data-e-type=\"column\">\n\t\t\t<div class=\"elementor-widget-wrap elementor-element-populated\">\n\t\t\t\t\t\t<div class=\"elementor-element elementor-element-5b8233c elementor-widget__width-initial elementor-widget elementor-widget-text-editor\" data-id=\"5b8233c\" data-element_type=\"widget\" data-e-type=\"widget\" data-widget_type=\"text-editor.default\">\n\t\t\t\t<div class=\"elementor-widget-container\">\n\t\t\t\t\t\t\t\t\t<p>La Agrupaci\u00f3n de J\u00f3venes Abogados de C\u00f3rdoba celebra un a\u00f1o m\u00e1s, el C\u00f3ctel de Clausura del A\u00f1o Judicial 2024-2025. Tendr\u00e1 lugar en pr\u00f3ximo 17 de junio, a partir de las 21:30 h, en Los Jardines de Sansue\u00f1a (Avda. de San Jos\u00e9 de Calasanz,2).<\/p><p>Como es tradici\u00f3n, la Agrupaci\u00f3n har\u00e1 entrega de los PREMIOS VINO Y VINAGRE,\u00a0<span style=\"font-size: 1rem;\">concedidos a profesionales de la Administraci\u00f3n Justicia valorando el trato y la relaci\u00f3n que han mantenido con la abogac\u00eda de en este \u00faltimo periodo judicial, que estamos muy pr\u00f3ximos a cerrar.<\/span><\/p><p>En concreto, el Premio Vino, se otorga al profesional de la Administraci\u00f3n de Justicia que haya tenido un trato cercano con los profesionales de la Abogac\u00eda, siendo accesible y facilitando nuestra labor profesional.<\/p><p>El Premio Vinagre se concede a quien no haya sido tan accesible o no haya facilitado del todo nuestra labor. Recordar que no es un premio agrio, sino una v\u00eda para intentar mejorar y facilitar nuestras relaciones profesionales, de cara a que este Premio Vinagre pueda convertirse en Premio Vino en futuras ediciones.<\/p><p>La elecci\u00f3n de los premiados se realizar\u00e1 seg\u00fan el resultado de las propuestas realizadas por todos aquellos compa\u00f1eros que quieran participar. La participaci\u00f3n, totalmente an\u00f3nima, est\u00e1 abierta hasta el pr\u00f3ximo d\u00eda 10 de julio, a trav\u00e9s del formulario que os indicamos a continuaci\u00f3n:<\/p>\t\t\t\t\t\t\t\t<\/div>\n\t\t\t\t<\/div>\n\t\t\t\t<div class=\"elementor-element elementor-element-b0c2cd9 elementor-button-info elementor-align-left elementor-widget elementor-widget-button\" data-id=\"b0c2cd9\" data-element_type=\"widget\" data-e-type=\"widget\" data-widget_type=\"button.default\">\n\t\t\t\t<div class=\"elementor-widget-container\">\n\t\t\t\t\t\t\t\t\t<div class=\"elementor-button-wrapper\">\n\t\t\t\t\t<a class=\"elementor-button elementor-button-link elementor-size-sm\" href=\"https:\/\/forms.office.com\/e\/QJL4Bs8Tgu\" target=\"_blank\">\n\t\t\t\t\t\t<span class=\"elementor-button-content-wrapper\">\n\t\t\t\t\t\t\t\t\t<span class=\"elementor-button-text\">VOTA LOS PREMIOS VINO Y VINAGRE 2025<\/span>\n\t\t\t\t\t<\/span>\n\t\t\t\t\t<\/a>\n\t\t\t\t<\/div>\n\t\t\t\t\t\t\t\t<\/div>\n\t\t\t\t<\/div>\n\t\t\t\t<div class=\"elementor-element elementor-element-5cdcc9f elementor-widget__width-initial elementor-widget-divider--view-line elementor-widget elementor-widget-divider\" data-id=\"5cdcc9f\" data-element_type=\"widget\" data-e-type=\"widget\" data-widget_type=\"divider.default\">\n\t\t\t\t<div class=\"elementor-widget-container\">\n\t\t\t\t\t\t\t<div class=\"elementor-divider\">\n\t\t\t<span class=\"elementor-divider-separator\">\n\t\t\t\t\t\t<\/span>\n\t\t<\/div>\n\t\t\t\t\t\t<\/div>\n\t\t\t\t<\/div>\n\t\t\t\t<div class=\"elementor-element elementor-element-a81b735 elementor-widget elementor-widget-heading\" data-id=\"a81b735\" data-element_type=\"widget\" data-e-type=\"widget\" data-widget_type=\"heading.default\">\n\t\t\t\t<div class=\"elementor-widget-container\">\n\t\t\t\t\t<h5 class=\"elementor-heading-title elementor-size-default\">VENTA DE ENTRADAS<\/h5>\t\t\t\t<\/div>\n\t\t\t\t<\/div>\n\t\t\t\t<div class=\"elementor-element elementor-element-e95e683 elementor-widget__width-initial elementor-widget elementor-widget-text-editor\" data-id=\"e95e683\" data-element_type=\"widget\" data-e-type=\"widget\" data-widget_type=\"text-editor.default\">\n\t\t\t\t<div class=\"elementor-widget-container\">\n\t\t\t\t\t\t\t\t\t<p>Las tarjetas para asistir al C\u00f3ctel de Clausura estar\u00e1n a la venta en la sede colegial a partir del lunes, d\u00eda 30 de junio. En la Sala de Togas podr\u00e1n ser retiradas a partir del martes, d\u00eda 1 de junio.<\/p><p>La venta anticipada se cierra el d\u00eda 15 de julio.<\/p><p>Precios:<\/p><ul><li>30 \u20ac AGRUPADOS.<\/li><li>40 \u20ac COLEGIADOS ICA-C\u00f3rdoba.<\/li><li>35 \u20ac ALUMNOS DEL M\u00c1STER.<\/li><li>55 \u20ac NO COLEGIADOS O COMPRAS DE ENTRADAS EL MISMO D\u00cdA DEL EVENTO.\u00a0<\/li><\/ul><div>\u00a0<\/div>\t\t\t\t\t\t\t\t<\/div>\n\t\t\t\t<\/div>\n\t\t\t\t<div class=\"elementor-element elementor-element-8a43e22 elementor-widget__width-initial elementor-widget elementor-widget-text-editor\" data-id=\"8a43e22\" data-element_type=\"widget\" data-e-type=\"widget\" data-widget_type=\"text-editor.default\">\n\t\t\t\t<div class=\"elementor-widget-container\">\n\t\t\t\t\t\t\t\t\t<p>En la sede colegial se podr\u00e1 realizar el pago en efectivo o con tarjeta bancaria. En la Sala de Togas \u00fanicamente se podr\u00e1 abonar el importe en efectivo.<\/p><p>Adem\u00e1s, existe la posibilidad de efectuar el pago mediante transferencia o ingreso bancario en el n\u00ba de cuenta del Colegio: ES06-0030-4001-99-0003627271.<\/p><p>Tras realizar el ingreso se deber\u00e1 remitir el justificante al siguiente correo electr\u00f3nico:\u00a0<a href=\"mailto:contabilidad@icacordoba.es.\" target=\"_blank\" rel=\"noopener\">contabilidad@icacordoba.es<\/a>\u00a0En caso de optar por este medio de pago se deber\u00e1 presentar el justificante bancario de la transferencia para retirar las entradas en la sede del Colegio.<\/p><p>En caso de realizar la compra de la entrada en el acceso al c\u00f3ctel el MISMO D\u00cdA DEL EVENTO, ser\u00e1 necesario realizar\u00e1 el abono de la CANTIDAD EXACTA EN EFECTIVO puesto que no se dispondr\u00e1 de cambio.<\/p>\t\t\t\t\t\t\t\t<\/div>\n\t\t\t\t<\/div>\n\t\t\t\t<div class=\"elementor-element elementor-element-90deaba elementor-widget__width-initial elementor-widget-divider--view-line elementor-widget elementor-widget-divider\" data-id=\"90deaba\" data-element_type=\"widget\" data-e-type=\"widget\" data-widget_type=\"divider.default\">\n\t\t\t\t<div class=\"elementor-widget-container\">\n\t\t\t\t\t\t\t<div class=\"elementor-divider\">\n\t\t\t<span class=\"elementor-divider-separator\">\n\t\t\t\t\t\t<\/span>\n\t\t<\/div>\n\t\t\t\t\t\t<\/div>\n\t\t\t\t<\/div>\n\t\t\t\t\t<\/div>\n\t\t<\/div>\n\t\t\t\t<div class=\"elementor-column elementor-col-33 elementor-top-column elementor-element elementor-element-f913e72\" data-id=\"f913e72\" data-element_type=\"column\" data-e-type=\"column\">\n\t\t\t<div class=\"elementor-widget-wrap elementor-element-populated\">\n\t\t\t\t\t\t<div class=\"elementor-element elementor-element-8fd4055 elementor-widget elementor-widget-image\" data-id=\"8fd4055\" data-element_type=\"widget\" data-e-type=\"widget\" data-widget_type=\"image.default\">\n\t\t\t\t<div class=\"elementor-widget-container\">\n\t\t\t\t\t\t\t\t\t\t\t\t\t\t\t<img fetchpriority=\"high\" decoding=\"async\" width=\"1080\" height=\"1350\" src=\"https:\/\/cms.icacordoba.23sd.es\/wp-content\/uploads\/2025\/06\/clausura-del-ano-judicial-2024-2025-Post-de-Instagram-45.png\" class=\"attachment-full size-full wp-image-16267\" alt=\"\" srcset=\"https:\/\/cms.icacordoba.23sd.es\/wp-content\/uploads\/2025\/06\/clausura-del-ano-judicial-2024-2025-Post-de-Instagram-45.png 1080w, https:\/\/cms.icacordoba.23sd.es\/wp-content\/uploads\/2025\/06\/clausura-del-ano-judicial-2024-2025-Post-de-Instagram-45-240x300.png 240w, https:\/\/cms.icacordoba.23sd.es\/wp-content\/uploads\/2025\/06\/clausura-del-ano-judicial-2024-2025-Post-de-Instagram-45-819x1024.png 819w, https:\/\/cms.icacordoba.23sd.es\/wp-content\/uploads\/2025\/06\/clausura-del-ano-judicial-2024-2025-Post-de-Instagram-45-768x960.png 768w\" sizes=\"(max-width: 1080px) 100vw, 1080px\" \/>\t\t\t\t\t\t\t\t\t\t\t\t\t\t\t<\/div>\n\t\t\t\t<\/div>\n\t\t\t\t\t<\/div>\n\t\t<\/div>\n\t\t\t\t\t<\/div>\n\t\t<\/section>\n\t\t\t\t<\/div>\n\t\t","protected":false},"excerpt":{"rendered":"<p>La Agrupaci\u00f3n de J\u00f3venes Abogados de C\u00f3rdoba celebra un a\u00f1o m\u00e1s, el C\u00f3ctel de Clausura del A\u00f1o Judicial 2024-2025. Tendr\u00e1 lugar en pr\u00f3ximo 17 de junio, a partir de las 21:30 h, en Los Jardines de Sansue\u00f1a (Avda. de San Jos\u00e9 de Calasanz,2). Como es tradici\u00f3n, la Agrupaci\u00f3n har\u00e1 entrega de los PREMIOS VINO Y [&hellip;]<\/p>\n","protected":false},"author":1,"featured_media":0,"comment_status":"open","ping_status":"open","sticky":false,"template":"","format":"standard","meta":{"footnotes":""},"categories":[1],"tags":[],"class_list":["post-16257","post","type-post","status-publish","format-standard","hentry","category-uncategorized"],"_links":{"self":[{"href":"https:\/\/cms.icacordoba.23sd.es\/index.php\/wp-json\/wp\/v2\/posts\/16257","targetHints":{"allow":["GET"]}}],"collection":[{"href":"https:\/\/cms.icacordoba.23sd.es\/index.php\/wp-json\/wp\/v2\/posts"}],"about":[{"href":"https:\/\/cms.icacordoba.23sd.es\/index.php\/wp-json\/wp\/v2\/types\/post"}],"author":[{"embeddable":true,"href":"https:\/\/cms.icacordoba.23sd.es\/index.php\/wp-json\/wp\/v2\/users\/1"}],"replies":[{"embeddable":true,"href":"https:\/\/cms.icacordoba.23sd.es\/index.php\/wp-json\/wp\/v2\/comments?post=16257"}],"version-history":[{"count":9,"href":"https:\/\/cms.icacordoba.23sd.es\/index.php\/wp-json\/wp\/v2\/posts\/16257\/revisions"}],"predecessor-version":[{"id":16270,"href":"https:\/\/cms.icacordoba.23sd.es\/index.php\/wp-json\/wp\/v2\/posts\/16257\/revisions\/16270"}],"wp:attachment":[{"href":"https:\/\/cms.icacordoba.23sd.es\/index.php\/wp-json\/wp\/v2\/media?parent=16257"}],"wp:term":[{"taxonomy":"category","embeddable":true,"href":"https:\/\/cms.icacordoba.23sd.es\/index.php\/wp-json\/wp\/v2\/categories?post=16257"},{"taxonomy":"post_tag","embeddable":true,"href":"https:\/\/cms.icacordoba.23sd.es\/index.php\/wp-json\/wp\/v2\/tags?post=16257"}],"curies":[{"name":"wp","href":"https:\/\/api.w.org\/{rel}","templated":true}]}}