{"id":16227,"date":"2025-06-25T07:32:22","date_gmt":"2025-06-25T07:32:22","guid":{"rendered":"https:\/\/cms.icacordoba.23sd.es\/index.php\/16227\/"},"modified":"2025-06-25T07:59:58","modified_gmt":"2025-06-25T07:59:58","slug":"noticia-francisco-de-paula-sanchez-zamorano-visita-la-sede-colegial","status":"publish","type":"post","link":"https:\/\/cms.icacordoba.23sd.es\/index.php\/16227\/","title":{"rendered":"NOTICIA \u00bb Francisco de Paula S\u00e1nchez Zamorano visita la sede colegial"},"content":{"rendered":"\t\t<div data-elementor-type=\"wp-post\" data-elementor-id=\"16227\" class=\"elementor elementor-16227\" data-elementor-post-type=\"post\">\n\t\t\t\t\t\t<section class=\"elementor-section elementor-top-section elementor-element elementor-element-91cd520 elementor-section-full_width elementor-section-height-default elementor-section-height-default\" data-id=\"91cd520\" data-element_type=\"section\" data-e-type=\"section\">\n\t\t\t\t\t\t<div class=\"elementor-container elementor-column-gap-default\">\n\t\t\t\t\t<div class=\"elementor-column elementor-col-100 elementor-top-column elementor-element elementor-element-c98916e\" data-id=\"c98916e\" data-element_type=\"column\" data-e-type=\"column\">\n\t\t\t<div class=\"elementor-widget-wrap elementor-element-populated\">\n\t\t\t\t\t\t<div class=\"elementor-element elementor-element-f6a8cde elementor-widget elementor-widget-text-editor\" data-id=\"f6a8cde\" data-element_type=\"widget\" data-e-type=\"widget\" data-widget_type=\"text-editor.default\">\n\t\t\t\t<div class=\"elementor-widget-container\">\n\t\t\t\t\t\t\t\t\t<p>Francisco de Paula S\u00e1nchez Zamorano visit\u00f3 la sede colegial el pasado 24 de junio y mantuvo una reuni\u00f3n con el Decano Carlos Arias para despedirse oficialmente como Presidente de la Audiencia Provincial de C\u00f3rdoba tras el nombramiento de su sucesor.<\/p><p>Durante el encuentro, al que han asistido tambi\u00e9n la vicedecana Concepci\u00f3n Ortega y el diputado Rafael Reina, Decano y Presidente se han agradecido mutualmente la cordialidad y colaboraci\u00f3n que ha caracterizado la relaci\u00f3n entre ambas instituciones durante su mandato.<\/p><p>Tras casi once a\u00f1os en el cargo, Francisco S\u00e1nchez Zamorano ser\u00e1 relevado como presidente de la Audiencia Provincial por el magistrado Miguel \u00c1ngel Pareja.\u00a0<\/p>\t\t\t\t\t\t\t\t<\/div>\n\t\t\t\t<\/div>\n\t\t\t\t\t<\/div>\n\t\t<\/div>\n\t\t\t\t\t<\/div>\n\t\t<\/section>\n\t\t\t\t<section class=\"elementor-section elementor-top-section elementor-element elementor-element-94b984b elementor-section-full_width elementor-section-height-default elementor-section-height-default\" data-id=\"94b984b\" data-element_type=\"section\" data-e-type=\"section\">\n\t\t\t\t\t\t<div class=\"elementor-container elementor-column-gap-default\">\n\t\t\t\t\t<div class=\"elementor-column elementor-col-33 elementor-top-column elementor-element elementor-element-4166cd9\" data-id=\"4166cd9\" data-element_type=\"column\" data-e-type=\"column\">\n\t\t\t<div class=\"elementor-widget-wrap elementor-element-populated\">\n\t\t\t\t\t\t<div class=\"elementor-element elementor-element-f0a7a5c elementor-widget elementor-widget-image\" data-id=\"f0a7a5c\" data-element_type=\"widget\" data-e-type=\"widget\" data-settings=\"{&quot;_animation&quot;:&quot;none&quot;}\" data-widget_type=\"image.default\">\n\t\t\t\t<div class=\"elementor-widget-container\">\n\t\t\t\t\t\t\t\t\t\t\t\t\t\t\t<img fetchpriority=\"high\" decoding=\"async\" width=\"2560\" height=\"1437\" src=\"https:\/\/cms.icacordoba.23sd.es\/wp-content\/uploads\/2025\/06\/IMG_0914-scaled.jpg\" class=\"attachment-full size-full wp-image-16229\" alt=\"\" srcset=\"https:\/\/cms.icacordoba.23sd.es\/wp-content\/uploads\/2025\/06\/IMG_0914-scaled.jpg 2560w, https:\/\/cms.icacordoba.23sd.es\/wp-content\/uploads\/2025\/06\/IMG_0914-300x168.jpg 300w, https:\/\/cms.icacordoba.23sd.es\/wp-content\/uploads\/2025\/06\/IMG_0914-1024x575.jpg 1024w, https:\/\/cms.icacordoba.23sd.es\/wp-content\/uploads\/2025\/06\/IMG_0914-768x431.jpg 768w, https:\/\/cms.icacordoba.23sd.es\/wp-content\/uploads\/2025\/06\/IMG_0914-1536x862.jpg 1536w, https:\/\/cms.icacordoba.23sd.es\/wp-content\/uploads\/2025\/06\/IMG_0914-2048x1150.jpg 2048w\" sizes=\"(max-width: 2560px) 100vw, 2560px\" \/>\t\t\t\t\t\t\t\t\t\t\t\t\t\t\t<\/div>\n\t\t\t\t<\/div>\n\t\t\t\t\t<\/div>\n\t\t<\/div>\n\t\t\t\t<div class=\"elementor-column elementor-col-33 elementor-top-column elementor-element elementor-element-cbb6be0\" data-id=\"cbb6be0\" data-element_type=\"column\" data-e-type=\"column\">\n\t\t\t<div class=\"elementor-widget-wrap elementor-element-populated\">\n\t\t\t\t\t\t<div class=\"elementor-element elementor-element-f4b3193 elementor-widget elementor-widget-image\" data-id=\"f4b3193\" data-element_type=\"widget\" data-e-type=\"widget\" data-widget_type=\"image.default\">\n\t\t\t\t<div class=\"elementor-widget-container\">\n\t\t\t\t\t\t\t\t\t\t\t\t\t\t\t<img decoding=\"async\" width=\"2560\" height=\"1437\" src=\"https:\/\/cms.icacordoba.23sd.es\/wp-content\/uploads\/2025\/06\/IMG_0923-scaled.jpg\" class=\"attachment-full size-full wp-image-16230\" alt=\"\" srcset=\"https:\/\/cms.icacordoba.23sd.es\/wp-content\/uploads\/2025\/06\/IMG_0923-scaled.jpg 2560w, https:\/\/cms.icacordoba.23sd.es\/wp-content\/uploads\/2025\/06\/IMG_0923-300x168.jpg 300w, https:\/\/cms.icacordoba.23sd.es\/wp-content\/uploads\/2025\/06\/IMG_0923-1024x575.jpg 1024w, https:\/\/cms.icacordoba.23sd.es\/wp-content\/uploads\/2025\/06\/IMG_0923-768x431.jpg 768w, https:\/\/cms.icacordoba.23sd.es\/wp-content\/uploads\/2025\/06\/IMG_0923-1536x862.jpg 1536w, https:\/\/cms.icacordoba.23sd.es\/wp-content\/uploads\/2025\/06\/IMG_0923-2048x1150.jpg 2048w\" sizes=\"(max-width: 2560px) 100vw, 2560px\" \/>\t\t\t\t\t\t\t\t\t\t\t\t\t\t\t<\/div>\n\t\t\t\t<\/div>\n\t\t\t\t\t<\/div>\n\t\t<\/div>\n\t\t\t\t<div class=\"elementor-column elementor-col-33 elementor-top-column elementor-element elementor-element-5980dca\" data-id=\"5980dca\" data-element_type=\"column\" data-e-type=\"column\">\n\t\t\t<div class=\"elementor-widget-wrap elementor-element-populated\">\n\t\t\t\t\t\t<div class=\"elementor-element elementor-element-623813a elementor-widget elementor-widget-image\" data-id=\"623813a\" data-element_type=\"widget\" data-e-type=\"widget\" data-widget_type=\"image.default\">\n\t\t\t\t<div class=\"elementor-widget-container\">\n\t\t\t\t\t\t\t\t\t\t\t\t\t\t\t<img decoding=\"async\" width=\"2560\" height=\"1437\" src=\"https:\/\/cms.icacordoba.23sd.es\/wp-content\/uploads\/2025\/06\/IMG_0895-scaled.jpg\" class=\"attachment-full size-full wp-image-16231\" alt=\"\" srcset=\"https:\/\/cms.icacordoba.23sd.es\/wp-content\/uploads\/2025\/06\/IMG_0895-scaled.jpg 2560w, https:\/\/cms.icacordoba.23sd.es\/wp-content\/uploads\/2025\/06\/IMG_0895-300x168.jpg 300w, https:\/\/cms.icacordoba.23sd.es\/wp-content\/uploads\/2025\/06\/IMG_0895-1024x575.jpg 1024w, https:\/\/cms.icacordoba.23sd.es\/wp-content\/uploads\/2025\/06\/IMG_0895-768x431.jpg 768w, https:\/\/cms.icacordoba.23sd.es\/wp-content\/uploads\/2025\/06\/IMG_0895-1536x862.jpg 1536w, https:\/\/cms.icacordoba.23sd.es\/wp-content\/uploads\/2025\/06\/IMG_0895-2048x1150.jpg 2048w\" sizes=\"(max-width: 2560px) 100vw, 2560px\" \/>\t\t\t\t\t\t\t\t\t\t\t\t\t\t\t<\/div>\n\t\t\t\t<\/div>\n\t\t\t\t\t<\/div>\n\t\t<\/div>\n\t\t\t\t\t<\/div>\n\t\t<\/section>\n\t\t\t\t<\/div>\n\t\t","protected":false},"excerpt":{"rendered":"<p>Francisco de Paula S\u00e1nchez Zamorano visit\u00f3 la sede colegial el pasado 24 de junio y mantuvo una reuni\u00f3n con el Decano Carlos Arias para despedirse oficialmente como Presidente de la Audiencia Provincial de C\u00f3rdoba tras el nombramiento de su sucesor. Durante el encuentro, al que han asistido tambi\u00e9n la vicedecana Concepci\u00f3n Ortega y el diputado [&hellip;]<\/p>\n","protected":false},"author":1,"featured_media":0,"comment_status":"open","ping_status":"open","sticky":false,"template":"","format":"standard","meta":{"footnotes":""},"categories":[1],"tags":[],"class_list":["post-16227","post","type-post","status-publish","format-standard","hentry","category-uncategorized"],"_links":{"self":[{"href":"https:\/\/cms.icacordoba.23sd.es\/index.php\/wp-json\/wp\/v2\/posts\/16227","targetHints":{"allow":["GET"]}}],"collection":[{"href":"https:\/\/cms.icacordoba.23sd.es\/index.php\/wp-json\/wp\/v2\/posts"}],"about":[{"href":"https:\/\/cms.icacordoba.23sd.es\/index.php\/wp-json\/wp\/v2\/types\/post"}],"author":[{"embeddable":true,"href":"https:\/\/cms.icacordoba.23sd.es\/index.php\/wp-json\/wp\/v2\/users\/1"}],"replies":[{"embeddable":true,"href":"https:\/\/cms.icacordoba.23sd.es\/index.php\/wp-json\/wp\/v2\/comments?post=16227"}],"version-history":[{"count":24,"href":"https:\/\/cms.icacordoba.23sd.es\/index.php\/wp-json\/wp\/v2\/posts\/16227\/revisions"}],"predecessor-version":[{"id":16256,"href":"https:\/\/cms.icacordoba.23sd.es\/index.php\/wp-json\/wp\/v2\/posts\/16227\/revisions\/16256"}],"wp:attachment":[{"href":"https:\/\/cms.icacordoba.23sd.es\/index.php\/wp-json\/wp\/v2\/media?parent=16227"}],"wp:term":[{"taxonomy":"category","embeddable":true,"href":"https:\/\/cms.icacordoba.23sd.es\/index.php\/wp-json\/wp\/v2\/categories?post=16227"},{"taxonomy":"post_tag","embeddable":true,"href":"https:\/\/cms.icacordoba.23sd.es\/index.php\/wp-json\/wp\/v2\/tags?post=16227"}],"curies":[{"name":"wp","href":"https:\/\/api.w.org\/{rel}","templated":true}]}}