{"id":16125,"date":"2025-06-18T07:39:17","date_gmt":"2025-06-18T07:39:17","guid":{"rendered":"https:\/\/cms.icacordoba.23sd.es\/index.php\/16125\/"},"modified":"2025-06-18T10:13:33","modified_gmt":"2025-06-18T10:13:33","slug":"noticia-jornadas-tecnicas-resolviendo-con-ia-consumo-y-arbitraje-del-futuro","status":"publish","type":"post","link":"https:\/\/cms.icacordoba.23sd.es\/index.php\/16125\/","title":{"rendered":"NOTICIA \u00bb Jornadas T\u00e9cnicas Resolviendo con IA: Consumo y Arbitraje del Futuro"},"content":{"rendered":"\t\t<div data-elementor-type=\"wp-post\" data-elementor-id=\"16125\" class=\"elementor elementor-16125\" data-elementor-post-type=\"post\">\n\t\t\t\t\t\t<section class=\"elementor-section elementor-top-section elementor-element elementor-element-a1036c7 elementor-section-full_width elementor-section-height-default elementor-section-height-default\" data-id=\"a1036c7\" data-element_type=\"section\" data-e-type=\"section\">\n\t\t\t\t\t\t<div class=\"elementor-container elementor-column-gap-default\">\n\t\t\t\t\t<div class=\"elementor-column elementor-col-66 elementor-top-column elementor-element elementor-element-72626cd\" data-id=\"72626cd\" data-element_type=\"column\" data-e-type=\"column\">\n\t\t\t<div class=\"elementor-widget-wrap elementor-element-populated\">\n\t\t\t\t\t\t<div class=\"elementor-element elementor-element-c209cc2 elementor-widget__width-initial elementor-widget elementor-widget-text-editor\" data-id=\"c209cc2\" data-element_type=\"widget\" data-e-type=\"widget\" data-widget_type=\"text-editor.default\">\n\t\t\t\t<div class=\"elementor-widget-container\">\n\t\t\t\t\t\t\t\t\t<p>La Delegaci\u00f3n de Presidencia, Gobierno Interior y Vivienda de la Diputaci\u00f3n de C\u00f3rdoba organiza una jornada t\u00e9cnica titulada &#8216;Resolviendo con IA: Consumo y Arbitraje del Futuro&#8217; que tendr\u00e1 lugar el 24 de junio.<\/p>\n<p>Esta jornada permite acercar a la ciudadan\u00eda el debate sobre el uso de la inteligencia artificial en el arbitraje de consumo, prestando especial atenci\u00f3n a la protecci\u00f3n de las personas consumidoras vulnerables.<\/p>\n<p>Contar\u00e1 con la participaci\u00f3n de especialistas en consumo, tecnolog\u00eda, derecho y \u00e9tica, que compartir\u00e1n conocimientos y experiencias de forma clara y comprensible.&nbsp;<\/p><p><br><\/p>\t\t\t\t\t\t\t\t<\/div>\n\t\t\t\t<\/div>\n\t\t\t\t<div class=\"elementor-element elementor-element-321f6d0 elementor-widget__width-initial elementor-widget-divider--view-line elementor-widget elementor-widget-divider\" data-id=\"321f6d0\" data-element_type=\"widget\" data-e-type=\"widget\" data-widget_type=\"divider.default\">\n\t\t\t\t<div class=\"elementor-widget-container\">\n\t\t\t\t\t\t\t<div class=\"elementor-divider\">\n\t\t\t<span class=\"elementor-divider-separator\">\n\t\t\t\t\t\t<\/span>\n\t\t<\/div>\n\t\t\t\t\t\t<\/div>\n\t\t\t\t<\/div>\n\t\t\t\t<div class=\"elementor-element elementor-element-99f46e9 elementor-widget__width-initial elementor-widget elementor-widget-text-editor\" data-id=\"99f46e9\" data-element_type=\"widget\" data-e-type=\"widget\" data-widget_type=\"text-editor.default\">\n\t\t\t\t<div class=\"elementor-widget-container\">\n\t\t\t\t\t\t\t\t\t<p><a href=\"https:\/\/cms.icacordoba.23sd.es\/wp-content\/uploads\/2025\/06\/programa.pdf\" target=\"_blank\" rel=\"noopener\"><span style=\"font-size: 1rem;\">Pod\u00e9is acceder al programa aqu\u00ed.<\/span><\/a><\/p><p>Para m\u00e1s informaci\u00f3n, pod\u00e9is visitar la web del evento: <a href=\"https:\/\/jtconsumo.wordpress.com\/\" target=\"_blank\" rel=\"noopener\">https:\/\/jtconsumo.wordpress.com\/<\/a><\/p>\t\t\t\t\t\t\t\t<\/div>\n\t\t\t\t<\/div>\n\t\t\t\t<div class=\"elementor-element elementor-element-82c039f elementor-widget__width-initial elementor-widget-divider--view-line elementor-widget elementor-widget-divider\" data-id=\"82c039f\" data-element_type=\"widget\" data-e-type=\"widget\" data-widget_type=\"divider.default\">\n\t\t\t\t<div class=\"elementor-widget-container\">\n\t\t\t\t\t\t\t<div class=\"elementor-divider\">\n\t\t\t<span class=\"elementor-divider-separator\">\n\t\t\t\t\t\t<\/span>\n\t\t<\/div>\n\t\t\t\t\t\t<\/div>\n\t\t\t\t<\/div>\n\t\t\t\t<div class=\"elementor-element elementor-element-011daa3 elementor-button-info elementor-align-left elementor-widget elementor-widget-button\" data-id=\"011daa3\" data-element_type=\"widget\" data-e-type=\"widget\" data-widget_type=\"button.default\">\n\t\t\t\t<div class=\"elementor-widget-container\">\n\t\t\t\t\t\t\t\t\t<div class=\"elementor-button-wrapper\">\n\t\t\t\t\t<a class=\"elementor-button elementor-button-link elementor-size-sm\" href=\"https:\/\/form.jotform.com\/251051913006343\" target=\"_blank\">\n\t\t\t\t\t\t<span class=\"elementor-button-content-wrapper\">\n\t\t\t\t\t\t\t\t\t<span class=\"elementor-button-text\">INSCRIPCI\u00d3N AQU\u00cd<\/span>\n\t\t\t\t\t<\/span>\n\t\t\t\t\t<\/a>\n\t\t\t\t<\/div>\n\t\t\t\t\t\t\t\t<\/div>\n\t\t\t\t<\/div>\n\t\t\t\t\t<\/div>\n\t\t<\/div>\n\t\t\t\t<div class=\"elementor-column elementor-col-33 elementor-top-column elementor-element elementor-element-1d20bb3\" data-id=\"1d20bb3\" data-element_type=\"column\" data-e-type=\"column\">\n\t\t\t<div class=\"elementor-widget-wrap elementor-element-populated\">\n\t\t\t\t\t\t<div class=\"elementor-element elementor-element-d511d59 elementor-widget elementor-widget-image\" data-id=\"d511d59\" data-element_type=\"widget\" data-e-type=\"widget\" data-widget_type=\"image.default\">\n\t\t\t\t<div class=\"elementor-widget-container\">\n\t\t\t\t\t\t\t\t\t\t\t\t\t\t\t\t<a href=\"https:\/\/jtconsumo.wordpress.com\/\" target=\"_blank\">\n\t\t\t\t\t\t\t<img fetchpriority=\"high\" decoding=\"async\" width=\"2560\" height=\"2560\" src=\"https:\/\/cms.icacordoba.23sd.es\/wp-content\/uploads\/2025\/06\/post-scaled.jpg\" class=\"attachment-full size-full wp-image-16126\" alt=\"\" srcset=\"https:\/\/cms.icacordoba.23sd.es\/wp-content\/uploads\/2025\/06\/post-scaled.jpg 2560w, https:\/\/cms.icacordoba.23sd.es\/wp-content\/uploads\/2025\/06\/post-300x300.jpg 300w, https:\/\/cms.icacordoba.23sd.es\/wp-content\/uploads\/2025\/06\/post-1024x1024.jpg 1024w, https:\/\/cms.icacordoba.23sd.es\/wp-content\/uploads\/2025\/06\/post-150x150.jpg 150w, https:\/\/cms.icacordoba.23sd.es\/wp-content\/uploads\/2025\/06\/post-768x768.jpg 768w, https:\/\/cms.icacordoba.23sd.es\/wp-content\/uploads\/2025\/06\/post-1536x1536.jpg 1536w, https:\/\/cms.icacordoba.23sd.es\/wp-content\/uploads\/2025\/06\/post-2048x2048.jpg 2048w\" sizes=\"(max-width: 2560px) 100vw, 2560px\" \/>\t\t\t\t\t\t\t\t<\/a>\n\t\t\t\t\t\t\t\t\t\t\t\t\t\t\t<\/div>\n\t\t\t\t<\/div>\n\t\t\t\t\t<\/div>\n\t\t<\/div>\n\t\t\t\t\t<\/div>\n\t\t<\/section>\n\t\t\t\t<\/div>\n\t\t","protected":false},"excerpt":{"rendered":"<p>La Delegaci\u00f3n de Presidencia, Gobierno Interior y Vivienda de la Diputaci\u00f3n de C\u00f3rdoba organiza una jornada t\u00e9cnica titulada &#8216;Resolviendo con IA: Consumo y Arbitraje del Futuro&#8217; que tendr\u00e1 lugar el 24 de junio. Esta jornada permite acercar a la ciudadan\u00eda el debate sobre el uso de la inteligencia artificial en el arbitraje de consumo, prestando [&hellip;]<\/p>\n","protected":false},"author":1,"featured_media":0,"comment_status":"open","ping_status":"open","sticky":false,"template":"","format":"standard","meta":{"footnotes":""},"categories":[1],"tags":[],"class_list":["post-16125","post","type-post","status-publish","format-standard","hentry","category-uncategorized"],"_links":{"self":[{"href":"https:\/\/cms.icacordoba.23sd.es\/index.php\/wp-json\/wp\/v2\/posts\/16125","targetHints":{"allow":["GET"]}}],"collection":[{"href":"https:\/\/cms.icacordoba.23sd.es\/index.php\/wp-json\/wp\/v2\/posts"}],"about":[{"href":"https:\/\/cms.icacordoba.23sd.es\/index.php\/wp-json\/wp\/v2\/types\/post"}],"author":[{"embeddable":true,"href":"https:\/\/cms.icacordoba.23sd.es\/index.php\/wp-json\/wp\/v2\/users\/1"}],"replies":[{"embeddable":true,"href":"https:\/\/cms.icacordoba.23sd.es\/index.php\/wp-json\/wp\/v2\/comments?post=16125"}],"version-history":[{"count":9,"href":"https:\/\/cms.icacordoba.23sd.es\/index.php\/wp-json\/wp\/v2\/posts\/16125\/revisions"}],"predecessor-version":[{"id":16138,"href":"https:\/\/cms.icacordoba.23sd.es\/index.php\/wp-json\/wp\/v2\/posts\/16125\/revisions\/16138"}],"wp:attachment":[{"href":"https:\/\/cms.icacordoba.23sd.es\/index.php\/wp-json\/wp\/v2\/media?parent=16125"}],"wp:term":[{"taxonomy":"category","embeddable":true,"href":"https:\/\/cms.icacordoba.23sd.es\/index.php\/wp-json\/wp\/v2\/categories?post=16125"},{"taxonomy":"post_tag","embeddable":true,"href":"https:\/\/cms.icacordoba.23sd.es\/index.php\/wp-json\/wp\/v2\/tags?post=16125"}],"curies":[{"name":"wp","href":"https:\/\/api.w.org\/{rel}","templated":true}]}}