{"id":16045,"date":"2025-06-13T07:41:30","date_gmt":"2025-06-13T07:41:30","guid":{"rendered":"https:\/\/cms.icacordoba.23sd.es\/index.php\/16045\/"},"modified":"2025-06-16T07:28:59","modified_gmt":"2025-06-16T07:28:59","slug":"noticia-pasion-andaluza-recital-de-la-toga-teatro-y-el-coro-carmen-blanco","status":"publish","type":"post","link":"https:\/\/cms.icacordoba.23sd.es\/index.php\/16045\/","title":{"rendered":"NOTICIA \u00bb Pasi\u00f3n Andaluza. Recital de La Toga Teatro y el Coro &#8216;Carmen Blanco&#8217;"},"content":{"rendered":"\t\t<div data-elementor-type=\"wp-post\" data-elementor-id=\"16045\" class=\"elementor elementor-16045\" data-elementor-post-type=\"post\">\n\t\t\t\t\t\t<section class=\"elementor-section elementor-top-section elementor-element elementor-element-842a57f elementor-section-full_width elementor-section-height-default elementor-section-height-default\" data-id=\"842a57f\" data-element_type=\"section\" data-e-type=\"section\">\n\t\t\t\t\t\t<div class=\"elementor-container elementor-column-gap-default\">\n\t\t\t\t\t<div class=\"elementor-column elementor-col-50 elementor-top-column elementor-element elementor-element-a9664fe\" data-id=\"a9664fe\" data-element_type=\"column\" data-e-type=\"column\">\n\t\t\t<div class=\"elementor-widget-wrap elementor-element-populated\">\n\t\t\t\t\t\t<div class=\"elementor-element elementor-element-42a7785 elementor-widget elementor-widget-text-editor\" data-id=\"42a7785\" data-element_type=\"widget\" data-e-type=\"widget\" data-widget_type=\"text-editor.default\">\n\t\t\t\t<div class=\"elementor-widget-container\">\n\t\t\t\t\t\t\t\t\t<p>El Palacio de Viana acoger\u00e1 un recital de poes\u00eda titulado &#8216;Pasi\u00f3n Andaluza&#8217; en homenaje a los poetas Rafael de Le\u00f3n, Antonio Gala, Manuel Ben\u00edtez Carrasco y Federico Garc\u00eda Lorca, protagonizado por La Toga Teatro y el Coro &#8216;Carmen Blanco&#8217;.<\/p>\n<p>Dirigido por Marina P\u00e9rez, directora de La Toga Teatro, y Antonio Manzzini, director musical del Coro &#8216;Carmen Blanco&#8217;.<\/p>\n<p><span style=\"text-decoration: underline;\">Ser\u00e1 el 25 de junio, a las 21 horas.<\/span><\/p>\n<p>El recital tiene un fin ben\u00e9fico y toda la recaudaci\u00f3n obtenido con la venta de entradas ser\u00e1 destinado a la <u>Asociaci\u00f3n Autismo C\u00f3rdoba.<\/u><\/p>\n<p>El precio de la entrada es de 5 \u20ac.&nbsp;<\/p>\n<p>Ya est\u00e1n a la venta en la sede colegial.<\/p>\t\t\t\t\t\t\t\t<\/div>\n\t\t\t\t<\/div>\n\t\t\t\t<div class=\"elementor-element elementor-element-e210836 elementor-align-left elementor-widget elementor-widget-button\" data-id=\"e210836\" data-element_type=\"widget\" data-e-type=\"widget\" data-widget_type=\"button.default\">\n\t\t\t\t<div class=\"elementor-widget-container\">\n\t\t\t\t\t\t\t\t\t<div class=\"elementor-button-wrapper\">\n\t\t\t\t\t<a class=\"elementor-button elementor-button-link elementor-size-sm\" href=\"https:\/\/cms.icacordoba.23sd.es\/wp-content\/uploads\/2025\/06\/Paginas-desdeDIPTICO-MONTADO-2.pdf\" target=\"_blank\">\n\t\t\t\t\t\t<span class=\"elementor-button-content-wrapper\">\n\t\t\t\t\t\t\t\t\t<span class=\"elementor-button-text\">Programa Recital Pasi\u00f3n Andaluza<\/span>\n\t\t\t\t\t<\/span>\n\t\t\t\t\t<\/a>\n\t\t\t\t<\/div>\n\t\t\t\t\t\t\t\t<\/div>\n\t\t\t\t<\/div>\n\t\t\t\t\t<\/div>\n\t\t<\/div>\n\t\t\t\t<div class=\"elementor-column elementor-col-50 elementor-top-column elementor-element elementor-element-8a79794\" data-id=\"8a79794\" data-element_type=\"column\" data-e-type=\"column\">\n\t\t\t<div class=\"elementor-widget-wrap elementor-element-populated\">\n\t\t\t\t\t\t<div class=\"elementor-element elementor-element-4866184 elementor-widget__width-initial elementor-widget elementor-widget-image\" data-id=\"4866184\" data-element_type=\"widget\" data-e-type=\"widget\" data-widget_type=\"image.default\">\n\t\t\t\t<div class=\"elementor-widget-container\">\n\t\t\t\t\t\t\t\t\t\t\t\t\t\t\t\t<a href=\"https:\/\/cms.icacordoba.23sd.es\/wp-content\/uploads\/2025\/06\/Paginas-desdeDIPTICO-MONTADO-2.pdf\" target=\"_blank\">\n\t\t\t\t\t\t\t<img fetchpriority=\"high\" decoding=\"async\" width=\"940\" height=\"788\" src=\"https:\/\/cms.icacordoba.23sd.es\/wp-content\/uploads\/2025\/06\/Recital-poesia-48-x-68-cm-Post-de-Facebook.png\" class=\"attachment-full size-full wp-image-16072\" alt=\"\" srcset=\"https:\/\/cms.icacordoba.23sd.es\/wp-content\/uploads\/2025\/06\/Recital-poesia-48-x-68-cm-Post-de-Facebook.png 940w, https:\/\/cms.icacordoba.23sd.es\/wp-content\/uploads\/2025\/06\/Recital-poesia-48-x-68-cm-Post-de-Facebook-300x251.png 300w, https:\/\/cms.icacordoba.23sd.es\/wp-content\/uploads\/2025\/06\/Recital-poesia-48-x-68-cm-Post-de-Facebook-768x644.png 768w\" sizes=\"(max-width: 940px) 100vw, 940px\" \/>\t\t\t\t\t\t\t\t<\/a>\n\t\t\t\t\t\t\t\t\t\t\t\t\t\t\t<\/div>\n\t\t\t\t<\/div>\n\t\t\t\t\t<\/div>\n\t\t<\/div>\n\t\t\t\t\t<\/div>\n\t\t<\/section>\n\t\t\t\t<\/div>\n\t\t","protected":false},"excerpt":{"rendered":"<p>El Palacio de Viana acoger\u00e1 un recital de poes\u00eda titulado &#8216;Pasi\u00f3n Andaluza&#8217; en homenaje a los poetas Rafael de Le\u00f3n, Antonio Gala, Manuel Ben\u00edtez Carrasco y Federico Garc\u00eda Lorca, protagonizado por La Toga Teatro y el Coro &#8216;Carmen Blanco&#8217;. Dirigido por Marina P\u00e9rez, directora de La Toga Teatro, y Antonio Manzzini, director musical del Coro [&hellip;]<\/p>\n","protected":false},"author":1,"featured_media":0,"comment_status":"open","ping_status":"open","sticky":false,"template":"","format":"standard","meta":{"footnotes":""},"categories":[1],"tags":[],"class_list":["post-16045","post","type-post","status-publish","format-standard","hentry","category-uncategorized"],"_links":{"self":[{"href":"https:\/\/cms.icacordoba.23sd.es\/index.php\/wp-json\/wp\/v2\/posts\/16045","targetHints":{"allow":["GET"]}}],"collection":[{"href":"https:\/\/cms.icacordoba.23sd.es\/index.php\/wp-json\/wp\/v2\/posts"}],"about":[{"href":"https:\/\/cms.icacordoba.23sd.es\/index.php\/wp-json\/wp\/v2\/types\/post"}],"author":[{"embeddable":true,"href":"https:\/\/cms.icacordoba.23sd.es\/index.php\/wp-json\/wp\/v2\/users\/1"}],"replies":[{"embeddable":true,"href":"https:\/\/cms.icacordoba.23sd.es\/index.php\/wp-json\/wp\/v2\/comments?post=16045"}],"version-history":[{"count":42,"href":"https:\/\/cms.icacordoba.23sd.es\/index.php\/wp-json\/wp\/v2\/posts\/16045\/revisions"}],"predecessor-version":[{"id":16100,"href":"https:\/\/cms.icacordoba.23sd.es\/index.php\/wp-json\/wp\/v2\/posts\/16045\/revisions\/16100"}],"wp:attachment":[{"href":"https:\/\/cms.icacordoba.23sd.es\/index.php\/wp-json\/wp\/v2\/media?parent=16045"}],"wp:term":[{"taxonomy":"category","embeddable":true,"href":"https:\/\/cms.icacordoba.23sd.es\/index.php\/wp-json\/wp\/v2\/categories?post=16045"},{"taxonomy":"post_tag","embeddable":true,"href":"https:\/\/cms.icacordoba.23sd.es\/index.php\/wp-json\/wp\/v2\/tags?post=16045"}],"curies":[{"name":"wp","href":"https:\/\/api.w.org\/{rel}","templated":true}]}}