{"id":16019,"date":"2025-06-11T11:41:27","date_gmt":"2025-06-11T11:41:27","guid":{"rendered":"https:\/\/cms.icacordoba.23sd.es\/index.php\/16019\/"},"modified":"2025-06-12T11:25:44","modified_gmt":"2025-06-12T11:25:44","slug":"noticia-exposicion-amatea-7-genios-pintando","status":"publish","type":"post","link":"https:\/\/cms.icacordoba.23sd.es\/index.php\/16019\/","title":{"rendered":"NOTICIA \u00bb EXPOSICI\u00d3N AmaTEA 7 Genios Pintando"},"content":{"rendered":"\t\t<div data-elementor-type=\"wp-post\" data-elementor-id=\"16019\" class=\"elementor elementor-16019\" data-elementor-post-type=\"post\">\n\t\t\t\t\t\t<section class=\"elementor-section elementor-top-section elementor-element elementor-element-066e767 elementor-section-full_width elementor-section-height-default elementor-section-height-default\" data-id=\"066e767\" data-element_type=\"section\" data-e-type=\"section\">\n\t\t\t\t\t\t<div class=\"elementor-container elementor-column-gap-extended\">\n\t\t\t\t\t<div class=\"elementor-column elementor-col-50 elementor-top-column elementor-element elementor-element-6c77333\" data-id=\"6c77333\" data-element_type=\"column\" data-e-type=\"column\">\n\t\t\t<div class=\"elementor-widget-wrap elementor-element-populated\">\n\t\t\t\t\t\t<div class=\"elementor-element elementor-element-b58cb62 elementor-widget elementor-widget-text-editor\" data-id=\"b58cb62\" data-element_type=\"widget\" data-e-type=\"widget\" data-widget_type=\"text-editor.default\">\n\t\t\t\t<div class=\"elementor-widget-container\">\n\t\t\t\t\t\t\t\t\t<p class=\"text-build-content\">El pr\u00f3ximo&nbsp;<b><u>jueves, d\u00eda 19 de junio, a las 20 h<\/u><\/b><u>,<\/u>&nbsp;inauguramos en la sala de la sede colegial la exposici\u00f3n de pintura&nbsp;<b>&#8216;AmaTEA 7 Genios Pintando&#8217;&nbsp;<\/b><\/p>\n<p class=\"text-build-content\">La exposici\u00f3n es el resultado de un proyecto educativo protagonizado por los alumnos del&nbsp;<b>Aula Espec\u00edfica para alumnado con Trastornos del Espectro Autista del CEIP Torre Malmuerta<\/b>, impulsado por su tutora,&nbsp;<b>Ver\u00f3nica Garc\u00eda<\/b>, con la colaboraci\u00f3n del pintor cordob\u00e9s&nbsp;<b>Pepe Amate.<\/b><\/p>\n<p class=\"text-build-content\">La exposici\u00f3n estar\u00e1 abierta al p\u00fablico&nbsp;<b>hasta el pr\u00f3ximo 18 de julio.<\/b><\/p>\n<p class=\"text-build-content\">A lo largo de los dos meses que ha durado el proyecto educativo, el alumnado se ha acercado a la figura de Pepe Amate y sus creaciones, compartiendo con \u00e9l el proceso de creaci\u00f3n y aprendizaje. La exposici\u00f3n est\u00e1 compuesta por las distintas interpretaciones de las obras del pintor a trav\u00e9s de las miradas de los alumnos, as\u00ed como una obra conjunta que ocupar\u00e1 un espacio destacado en nuestra sala colegial.<\/p>\t\t\t\t\t\t\t\t<\/div>\n\t\t\t\t<\/div>\n\t\t\t\t\t<\/div>\n\t\t<\/div>\n\t\t\t\t<div class=\"elementor-column elementor-col-50 elementor-top-column elementor-element elementor-element-06ffd25\" data-id=\"06ffd25\" data-element_type=\"column\" data-e-type=\"column\">\n\t\t\t<div class=\"elementor-widget-wrap elementor-element-populated\">\n\t\t\t\t\t\t<div class=\"elementor-element elementor-element-6795276 elementor-widget elementor-widget-image\" data-id=\"6795276\" data-element_type=\"widget\" data-e-type=\"widget\" data-widget_type=\"image.default\">\n\t\t\t\t<div class=\"elementor-widget-container\">\n\t\t\t\t\t\t\t\t\t\t\t\t\t\t\t<img fetchpriority=\"high\" decoding=\"async\" width=\"508\" height=\"575\" src=\"https:\/\/cms.icacordoba.23sd.es\/wp-content\/uploads\/2025\/06\/Copia-de-CARTEL-exposicion-clara-508-x-575-px.png\" class=\"attachment-full size-full wp-image-16035\" alt=\"\" srcset=\"https:\/\/cms.icacordoba.23sd.es\/wp-content\/uploads\/2025\/06\/Copia-de-CARTEL-exposicion-clara-508-x-575-px.png 508w, https:\/\/cms.icacordoba.23sd.es\/wp-content\/uploads\/2025\/06\/Copia-de-CARTEL-exposicion-clara-508-x-575-px-265x300.png 265w\" sizes=\"(max-width: 508px) 100vw, 508px\" \/>\t\t\t\t\t\t\t\t\t\t\t\t\t\t\t<\/div>\n\t\t\t\t<\/div>\n\t\t\t\t\t<\/div>\n\t\t<\/div>\n\t\t\t\t\t<\/div>\n\t\t<\/section>\n\t\t\t\t<\/div>\n\t\t","protected":false},"excerpt":{"rendered":"<p>El pr\u00f3ximo&nbsp;jueves, d\u00eda 19 de junio, a las 20 h,&nbsp;inauguramos en la sala de la sede colegial la exposici\u00f3n de pintura&nbsp;&#8216;AmaTEA 7 Genios Pintando&#8217;&nbsp; La exposici\u00f3n es el resultado de un proyecto educativo protagonizado por los alumnos del&nbsp;Aula Espec\u00edfica para alumnado con Trastornos del Espectro Autista del CEIP Torre Malmuerta, impulsado por su tutora,&nbsp;Ver\u00f3nica Garc\u00eda, [&hellip;]<\/p>\n","protected":false},"author":1,"featured_media":0,"comment_status":"open","ping_status":"open","sticky":false,"template":"","format":"standard","meta":{"footnotes":""},"categories":[1],"tags":[],"class_list":["post-16019","post","type-post","status-publish","format-standard","hentry","category-uncategorized"],"_links":{"self":[{"href":"https:\/\/cms.icacordoba.23sd.es\/index.php\/wp-json\/wp\/v2\/posts\/16019","targetHints":{"allow":["GET"]}}],"collection":[{"href":"https:\/\/cms.icacordoba.23sd.es\/index.php\/wp-json\/wp\/v2\/posts"}],"about":[{"href":"https:\/\/cms.icacordoba.23sd.es\/index.php\/wp-json\/wp\/v2\/types\/post"}],"author":[{"embeddable":true,"href":"https:\/\/cms.icacordoba.23sd.es\/index.php\/wp-json\/wp\/v2\/users\/1"}],"replies":[{"embeddable":true,"href":"https:\/\/cms.icacordoba.23sd.es\/index.php\/wp-json\/wp\/v2\/comments?post=16019"}],"version-history":[{"count":15,"href":"https:\/\/cms.icacordoba.23sd.es\/index.php\/wp-json\/wp\/v2\/posts\/16019\/revisions"}],"predecessor-version":[{"id":16041,"href":"https:\/\/cms.icacordoba.23sd.es\/index.php\/wp-json\/wp\/v2\/posts\/16019\/revisions\/16041"}],"wp:attachment":[{"href":"https:\/\/cms.icacordoba.23sd.es\/index.php\/wp-json\/wp\/v2\/media?parent=16019"}],"wp:term":[{"taxonomy":"category","embeddable":true,"href":"https:\/\/cms.icacordoba.23sd.es\/index.php\/wp-json\/wp\/v2\/categories?post=16019"},{"taxonomy":"post_tag","embeddable":true,"href":"https:\/\/cms.icacordoba.23sd.es\/index.php\/wp-json\/wp\/v2\/tags?post=16019"}],"curies":[{"name":"wp","href":"https:\/\/api.w.org\/{rel}","templated":true}]}}